{"id":23914,"date":"2018-08-14T20:44:55","date_gmt":"2018-08-14T18:44:55","guid":{"rendered":"http:\/\/dicodusport.fr\/blog\/?p=23914"},"modified":"2018-08-14T21:04:06","modified_gmt":"2018-08-14T19:04:06","slug":"championnats-deurope-de-natation-handisport-6eme-place-pour-nathan-maillet-sur-le-200m-nage-libre","status":"publish","type":"post","link":"https:\/\/dicodusport.fr\/blog\/championnats-deurope-de-natation-handisport-6eme-place-pour-nathan-maillet-sur-le-200m-nage-libre\/","title":{"rendered":"Championnats d&rsquo;Europe de natation handisport : 6\u00e8me place pour Nathan Maillet sur le 200m nage libre"},"content":{"rendered":"<p style=\"text-align: justify;\"><em><strong>Dublin 2018 &#8211; Le jeune nageur tricolore Nathan Maillet a pris la 6\u00e8me du 200m nage libre dans la cat\u00e9gorie S14 (D\u00e9ficience intellectuelle).<\/strong><\/em><\/p>\n<p style=\"text-align: justify;\">Pas de m\u00e9daille pour le nageur loudunais sur le 200m nage libre. En argent sur la distance lors des Mondiaux de Mexico en 2017, Nathan Maillet a termin\u00e9 \u00e0 la 6\u00e8me place du 200m nage libre. Une course durant laquelle le Britannique Thomas Hamer, grand favori, a remport\u00e9 la m\u00e9daille d&rsquo;or en am\u00e9liorant son propre record du monde. C&rsquo;est un doubl\u00e9 pour la Grande-Bretagne, puisque Jordan Catchpole prend la m\u00e9daille d&rsquo;argent, devant le N\u00e9erlandais Michiel Jorink.<\/p>\n<p style=\"text-align: justify;\">Le nageur de la F\u00e9d\u00e9ration Fran\u00e7aise de Sport Adapt\u00e9 aura l&rsquo;occasion de se rattraper sur les autres distances (100m et 100m dos), courses sur lesquelles il est le champion du monde en titre.<\/p>\n<p><strong><em>Flo Ostermann<\/em><\/strong><strong><br \/>\n<\/strong><em><strong><a href=\"https:\/\/www.facebook.com\/florent.ostermann\"><img loading=\"lazy\" decoding=\"async\" class=\"alignnone wp-image-2909\" src=\"http:\/\/dicodusport.fr\/blog\/wp-content\/uploads\/2017\/07\/logo-facebook-150x150.png\" sizes=\"auto, (max-width: 40px) 100vw, 40px\" srcset=\"https:\/\/dicodusport.fr\/blog\/wp-content\/uploads\/2017\/07\/logo-facebook-150x150.png 150w, https:\/\/dicodusport.fr\/blog\/wp-content\/uploads\/2017\/07\/logo-facebook-300x300.png 300w, https:\/\/dicodusport.fr\/blog\/wp-content\/uploads\/2017\/07\/logo-facebook.png 400w\" alt=\"\" width=\"40\" height=\"40\" \/><\/a><a href=\"https:\/\/twitter.com\/SportInsideMag\"><img loading=\"lazy\" decoding=\"async\" class=\"alignnone wp-image-2908\" src=\"http:\/\/dicodusport.fr\/blog\/wp-content\/uploads\/2017\/07\/logo-twitter-150x150.png\" alt=\"\" width=\"39\" height=\"39\" \/><\/a><\/strong><\/em><\/p>\n","protected":false},"excerpt":{"rendered":"<p>Dublin 2018 &#8211; Le jeune nageur tricolore Nathan Maillet a pris la 6\u00e8me du 200m nage libre dans la cat\u00e9gorie S14 (D\u00e9ficience intellectuelle).<\/p>\n","protected":false},"author":4,"featured_media":23896,"comment_status":"open","ping_status":"closed","sticky":false,"template":"","format":"standard","meta":{"_acf_changed":false,"_daextam_enable_autolinks":"","footnotes":""},"categories":[5753,2306,2315],"tags":[5631,1265,69],"class_list":["post-23914","post","type-post","status-publish","format-standard","has-post-thumbnail","hentry","category-handisport","category-natation","category-sports-aquatiques","tag-championnats-deurope-de-natation","tag-handisport","tag-natation"],"acf":[],"yoast_head":"<!-- This site is optimized with the Yoast SEO Premium plugin v26.7 (Yoast SEO v26.7) - https:\/\/yoast.com\/wordpress\/plugins\/seo\/ -->\n<title>Championnats d&#039;Europe de natation handisport : 6\u00e8me place pour Nathan Maillet sur le 200m nage libre<\/title>\n<meta name=\"description\" content=\"Dublin 2018 - Le jeune nageur tricolore Nathan Maillet a pris la 6\u00e8me du 200m nage libre dans la cat\u00e9gorie S14 (D\u00e9ficience intellectuelle).\" \/>\n<meta name=\"robots\" content=\"index, follow, max-snippet:-1, max-image-preview:large, max-video-preview:-1\" \/>\n<link rel=\"canonical\" href=\"https:\/\/dicodusport.fr\/blog\/championnats-deurope-de-natation-handisport-6eme-place-pour-nathan-maillet-sur-le-200m-nage-libre\/\" \/>\n<meta property=\"og:locale\" content=\"fr_FR\" \/>\n<meta property=\"og:type\" content=\"article\" \/>\n<meta property=\"og:title\" content=\"Championnats d&#039;Europe de natation handisport : 6\u00e8me place pour Nathan Maillet sur le 200m nage libre\" \/>\n<meta property=\"og:description\" content=\"Dublin 2018 - Le jeune nageur tricolore Nathan Maillet a pris la 6\u00e8me du 200m nage libre dans la cat\u00e9gorie S14 (D\u00e9ficience intellectuelle).\" \/>\n<meta property=\"og:url\" content=\"https:\/\/dicodusport.fr\/blog\/championnats-deurope-de-natation-handisport-6eme-place-pour-nathan-maillet-sur-le-200m-nage-libre\/\" \/>\n<meta property=\"og:site_name\" content=\"Dicodusport\" \/>\n<meta property=\"article:publisher\" content=\"https:\/\/www.facebook.com\/dicodusport\" \/>\n<meta property=\"article:author\" content=\"https:\/\/www.facebook.com\/florent.ostermann\" \/>\n<meta property=\"article:published_time\" content=\"2018-08-14T18:44:55+00:00\" \/>\n<meta property=\"article:modified_time\" content=\"2018-08-14T19:04:06+00:00\" \/>\n<meta property=\"og:image\" content=\"https:\/\/dicodusport.fr\/blog\/wp-content\/uploads\/2018\/08\/Nathan-Maillet-Natation-Dublin-2018.png\" \/>\n\t<meta property=\"og:image:width\" content=\"800\" \/>\n\t<meta property=\"og:image:height\" content=\"445\" \/>\n\t<meta property=\"og:image:type\" content=\"image\/png\" \/>\n<meta name=\"author\" content=\"Flo Ostermann\" \/>\n<meta name=\"twitter:card\" content=\"summary_large_image\" \/>\n<meta name=\"twitter:creator\" content=\"@https:\/\/twitter.com\/FlOstermann\" \/>\n<meta name=\"twitter:site\" content=\"@dicodusport\" \/>\n<script type=\"application\/ld+json\" class=\"yoast-schema-graph\">{\"@context\":\"https:\/\/schema.org\",\"@graph\":[{\"@type\":\"NewsArticle\",\"@id\":\"https:\/\/dicodusport.fr\/blog\/championnats-deurope-de-natation-handisport-6eme-place-pour-nathan-maillet-sur-le-200m-nage-libre\/#article\",\"isPartOf\":{\"@id\":\"https:\/\/dicodusport.fr\/blog\/championnats-deurope-de-natation-handisport-6eme-place-pour-nathan-maillet-sur-le-200m-nage-libre\/\"},\"author\":{\"name\":\"Flo Ostermann\",\"@id\":\"https:\/\/dicodusport.fr\/blog\/#\/schema\/person\/cb02af4c173ce4a653b55e9baf388d4a\"},\"headline\":\"Championnats d&rsquo;Europe de natation handisport : 6\u00e8me place pour Nathan Maillet sur le 200m nage libre\",\"datePublished\":\"2018-08-14T18:44:55+00:00\",\"dateModified\":\"2018-08-14T19:04:06+00:00\",\"mainEntityOfPage\":{\"@id\":\"https:\/\/dicodusport.fr\/blog\/championnats-deurope-de-natation-handisport-6eme-place-pour-nathan-maillet-sur-le-200m-nage-libre\/\"},\"wordCount\":161,\"commentCount\":0,\"publisher\":{\"@id\":\"https:\/\/dicodusport.fr\/blog\/#organization\"},\"image\":{\"@id\":\"https:\/\/dicodusport.fr\/blog\/championnats-deurope-de-natation-handisport-6eme-place-pour-nathan-maillet-sur-le-200m-nage-libre\/#primaryimage\"},\"thumbnailUrl\":\"https:\/\/dicodusport.fr\/blog\/wp-content\/uploads\/2018\/08\/Nathan-Maillet-Natation-Dublin-2018.png\",\"keywords\":[\"Championnats d'Europe de natation\",\"handisport\",\"natation\"],\"articleSection\":[\"Handisport\",\"Natation\",\"Sports aquatiques\"],\"inLanguage\":\"fr-FR\",\"potentialAction\":[{\"@type\":\"CommentAction\",\"name\":\"Comment\",\"target\":[\"https:\/\/dicodusport.fr\/blog\/championnats-deurope-de-natation-handisport-6eme-place-pour-nathan-maillet-sur-le-200m-nage-libre\/#respond\"]}],\"copyrightYear\":\"2018\",\"copyrightHolder\":{\"@id\":\"https:\/\/dicodusport.fr\/blog\/#organization\"}},{\"@type\":\"WebPage\",\"@id\":\"https:\/\/dicodusport.fr\/blog\/championnats-deurope-de-natation-handisport-6eme-place-pour-nathan-maillet-sur-le-200m-nage-libre\/\",\"url\":\"https:\/\/dicodusport.fr\/blog\/championnats-deurope-de-natation-handisport-6eme-place-pour-nathan-maillet-sur-le-200m-nage-libre\/\",\"name\":\"Championnats d'Europe de natation handisport : 6\u00e8me place pour Nathan Maillet sur le 200m nage libre\",\"isPartOf\":{\"@id\":\"https:\/\/dicodusport.fr\/blog\/#website\"},\"primaryImageOfPage\":{\"@id\":\"https:\/\/dicodusport.fr\/blog\/championnats-deurope-de-natation-handisport-6eme-place-pour-nathan-maillet-sur-le-200m-nage-libre\/#primaryimage\"},\"image\":{\"@id\":\"https:\/\/dicodusport.fr\/blog\/championnats-deurope-de-natation-handisport-6eme-place-pour-nathan-maillet-sur-le-200m-nage-libre\/#primaryimage\"},\"thumbnailUrl\":\"https:\/\/dicodusport.fr\/blog\/wp-content\/uploads\/2018\/08\/Nathan-Maillet-Natation-Dublin-2018.png\",\"datePublished\":\"2018-08-14T18:44:55+00:00\",\"dateModified\":\"2018-08-14T19:04:06+00:00\",\"description\":\"Dublin 2018 - Le jeune nageur tricolore Nathan Maillet a pris la 6\u00e8me du 200m nage libre dans la cat\u00e9gorie S14 (D\u00e9ficience intellectuelle).\",\"breadcrumb\":{\"@id\":\"https:\/\/dicodusport.fr\/blog\/championnats-deurope-de-natation-handisport-6eme-place-pour-nathan-maillet-sur-le-200m-nage-libre\/#breadcrumb\"},\"inLanguage\":\"fr-FR\",\"potentialAction\":[{\"@type\":\"ReadAction\",\"target\":[\"https:\/\/dicodusport.fr\/blog\/championnats-deurope-de-natation-handisport-6eme-place-pour-nathan-maillet-sur-le-200m-nage-libre\/\"]}]},{\"@type\":\"ImageObject\",\"inLanguage\":\"fr-FR\",\"@id\":\"https:\/\/dicodusport.fr\/blog\/championnats-deurope-de-natation-handisport-6eme-place-pour-nathan-maillet-sur-le-200m-nage-libre\/#primaryimage\",\"url\":\"https:\/\/dicodusport.fr\/blog\/wp-content\/uploads\/2018\/08\/Nathan-Maillet-Natation-Dublin-2018.png\",\"contentUrl\":\"https:\/\/dicodusport.fr\/blog\/wp-content\/uploads\/2018\/08\/Nathan-Maillet-Natation-Dublin-2018.png\",\"width\":800,\"height\":445},{\"@type\":\"BreadcrumbList\",\"@id\":\"https:\/\/dicodusport.fr\/blog\/championnats-deurope-de-natation-handisport-6eme-place-pour-nathan-maillet-sur-le-200m-nage-libre\/#breadcrumb\",\"itemListElement\":[{\"@type\":\"ListItem\",\"position\":1,\"name\":\"Accueil\",\"item\":\"https:\/\/dicodusport.fr\/blog\/\"},{\"@type\":\"ListItem\",\"position\":2,\"name\":\"Championnats d&rsquo;Europe de natation handisport : 6\u00e8me place pour Nathan Maillet sur le 200m nage libre\"}]},{\"@type\":\"WebSite\",\"@id\":\"https:\/\/dicodusport.fr\/blog\/#website\",\"url\":\"https:\/\/dicodusport.fr\/blog\/\",\"name\":\"Dicodusport\",\"description\":\"L&#039;encyclop\u00e9die de l&#039;actualit\u00e9 sportive\",\"publisher\":{\"@id\":\"https:\/\/dicodusport.fr\/blog\/#organization\"},\"potentialAction\":[{\"@type\":\"SearchAction\",\"target\":{\"@type\":\"EntryPoint\",\"urlTemplate\":\"https:\/\/dicodusport.fr\/blog\/?s={search_term_string}\"},\"query-input\":{\"@type\":\"PropertyValueSpecification\",\"valueRequired\":true,\"valueName\":\"search_term_string\"}}],\"inLanguage\":\"fr-FR\"},{\"@type\":\"NewsMediaOrganization\",\"@id\":\"https:\/\/dicodusport.fr\/blog\/#organization\",\"name\":\"Dicodusport\",\"url\":\"https:\/\/dicodusport.fr\/blog\/\",\"logo\":{\"@type\":\"ImageObject\",\"inLanguage\":\"fr-FR\",\"@id\":\"https:\/\/dicodusport.fr\/blog\/#\/schema\/logo\/image\/\",\"url\":\"https:\/\/dicodusport.fr\/blog\/wp-content\/uploads\/2020\/06\/cropped-LOGO-DICODUSPORT-2020-SANS-FOND-SANS-TEXTE.png\",\"contentUrl\":\"https:\/\/dicodusport.fr\/blog\/wp-content\/uploads\/2020\/06\/cropped-LOGO-DICODUSPORT-2020-SANS-FOND-SANS-TEXTE.png\",\"width\":512,\"height\":512,\"caption\":\"Dicodusport\"},\"image\":{\"@id\":\"https:\/\/dicodusport.fr\/blog\/#\/schema\/logo\/image\/\"},\"sameAs\":[\"https:\/\/www.facebook.com\/dicodusport\",\"https:\/\/x.com\/dicodusport\",\"https:\/\/www.instagram.com\/dicodusport\/\",\"https:\/\/www.youtube.com\/channel\/UC7V2KZ5sd3htJivAbA4ZG3w\"],\"description\":\"Dicodusport est l'encyclop\u00e9die de l'actualit\u00e9 sportive.\",\"email\":\"bonjour@dicodusport.fr\",\"legalName\":\"DICODUSPORT\",\"foundingDate\":\"2018-01-14\",\"vatID\":\"FR71834470973\",\"taxID\":\"83447097300043\",\"numberOfEmployees\":{\"@type\":\"QuantitativeValue\",\"minValue\":\"1\",\"maxValue\":\"10\"}},{\"@type\":\"Person\",\"@id\":\"https:\/\/dicodusport.fr\/blog\/#\/schema\/person\/cb02af4c173ce4a653b55e9baf388d4a\",\"name\":\"Flo Ostermann\",\"image\":{\"@type\":\"ImageObject\",\"inLanguage\":\"fr-FR\",\"@id\":\"https:\/\/dicodusport.fr\/blog\/#\/schema\/person\/image\/\",\"url\":\"https:\/\/dicodusport.fr\/blog\/wp-content\/uploads\/2021\/05\/Flo-Ostermann-150x150.jpg\",\"contentUrl\":\"https:\/\/dicodusport.fr\/blog\/wp-content\/uploads\/2021\/05\/Flo-Ostermann-150x150.jpg\",\"caption\":\"Flo Ostermann\"},\"description\":\"Journaliste\/R\u00e9dacteur depuis septembre 2015 - Mes premiers souvenirs dans le sport ? Les envol\u00e9es du Stade Toulousain et les duels Villeneuve-Schumacher et H\u00e4kkinen-Schumacher \u00e0 la fin des ann\u00e9es 90, la Coupe du monde de football en 1998, l\u2019exploit du XV de France face aux All Blacks en 1999, mais aussi Richard C\u0153ur de Lion qui vole sur les montagnes du Tour de France. Bien parti pour devenir professeur d\u2019EPS, les \u00e9v\u00e9nements de la vie (et la flemme d\u2019animer des s\u00e9ances de 3x500 m\u00e8tres toute ma vie) m\u2019ont conduit \u00e0 revoir mes plans. Me voil\u00e0 depuis fin 2017 sur Dicodusport, m\u00e9dia gr\u00e2ce (et pour) lequel je partage ma passion : le sport dans tous ses \u00e9tats. Le tout accompagn\u00e9 par les fous furieux et folles furieuses cit\u00e9s sur cette page !\",\"sameAs\":[\"https:\/\/www.facebook.com\/florent.ostermann\",\"https:\/\/x.com\/https:\/\/twitter.com\/FlOstermann\",\"admin\"],\"url\":\"https:\/\/dicodusport.fr\/blog\/author\/flo\/\"}]}<\/script>\n<!-- \/ Yoast SEO Premium plugin. -->","yoast_head_json":{"title":"Championnats d'Europe de natation handisport : 6\u00e8me place pour Nathan Maillet sur le 200m nage libre","description":"Dublin 2018 - Le jeune nageur tricolore Nathan Maillet a pris la 6\u00e8me du 200m nage libre dans la cat\u00e9gorie S14 (D\u00e9ficience intellectuelle).","robots":{"index":"index","follow":"follow","max-snippet":"max-snippet:-1","max-image-preview":"max-image-preview:large","max-video-preview":"max-video-preview:-1"},"canonical":"https:\/\/dicodusport.fr\/blog\/championnats-deurope-de-natation-handisport-6eme-place-pour-nathan-maillet-sur-le-200m-nage-libre\/","og_locale":"fr_FR","og_type":"article","og_title":"Championnats d'Europe de natation handisport : 6\u00e8me place pour Nathan Maillet sur le 200m nage libre","og_description":"Dublin 2018 - Le jeune nageur tricolore Nathan Maillet a pris la 6\u00e8me du 200m nage libre dans la cat\u00e9gorie S14 (D\u00e9ficience intellectuelle).","og_url":"https:\/\/dicodusport.fr\/blog\/championnats-deurope-de-natation-handisport-6eme-place-pour-nathan-maillet-sur-le-200m-nage-libre\/","og_site_name":"Dicodusport","article_publisher":"https:\/\/www.facebook.com\/dicodusport","article_author":"https:\/\/www.facebook.com\/florent.ostermann","article_published_time":"2018-08-14T18:44:55+00:00","article_modified_time":"2018-08-14T19:04:06+00:00","og_image":[{"width":800,"height":445,"url":"https:\/\/dicodusport.fr\/blog\/wp-content\/uploads\/2018\/08\/Nathan-Maillet-Natation-Dublin-2018.png","type":"image\/png"}],"author":"Flo Ostermann","twitter_card":"summary_large_image","twitter_creator":"@https:\/\/twitter.com\/FlOstermann","twitter_site":"@dicodusport","schema":{"@context":"https:\/\/schema.org","@graph":[{"@type":"NewsArticle","@id":"https:\/\/dicodusport.fr\/blog\/championnats-deurope-de-natation-handisport-6eme-place-pour-nathan-maillet-sur-le-200m-nage-libre\/#article","isPartOf":{"@id":"https:\/\/dicodusport.fr\/blog\/championnats-deurope-de-natation-handisport-6eme-place-pour-nathan-maillet-sur-le-200m-nage-libre\/"},"author":{"name":"Flo Ostermann","@id":"https:\/\/dicodusport.fr\/blog\/#\/schema\/person\/cb02af4c173ce4a653b55e9baf388d4a"},"headline":"Championnats d&rsquo;Europe de natation handisport : 6\u00e8me place pour Nathan Maillet sur le 200m nage libre","datePublished":"2018-08-14T18:44:55+00:00","dateModified":"2018-08-14T19:04:06+00:00","mainEntityOfPage":{"@id":"https:\/\/dicodusport.fr\/blog\/championnats-deurope-de-natation-handisport-6eme-place-pour-nathan-maillet-sur-le-200m-nage-libre\/"},"wordCount":161,"commentCount":0,"publisher":{"@id":"https:\/\/dicodusport.fr\/blog\/#organization"},"image":{"@id":"https:\/\/dicodusport.fr\/blog\/championnats-deurope-de-natation-handisport-6eme-place-pour-nathan-maillet-sur-le-200m-nage-libre\/#primaryimage"},"thumbnailUrl":"https:\/\/dicodusport.fr\/blog\/wp-content\/uploads\/2018\/08\/Nathan-Maillet-Natation-Dublin-2018.png","keywords":["Championnats d'Europe de natation","handisport","natation"],"articleSection":["Handisport","Natation","Sports aquatiques"],"inLanguage":"fr-FR","potentialAction":[{"@type":"CommentAction","name":"Comment","target":["https:\/\/dicodusport.fr\/blog\/championnats-deurope-de-natation-handisport-6eme-place-pour-nathan-maillet-sur-le-200m-nage-libre\/#respond"]}],"copyrightYear":"2018","copyrightHolder":{"@id":"https:\/\/dicodusport.fr\/blog\/#organization"}},{"@type":"WebPage","@id":"https:\/\/dicodusport.fr\/blog\/championnats-deurope-de-natation-handisport-6eme-place-pour-nathan-maillet-sur-le-200m-nage-libre\/","url":"https:\/\/dicodusport.fr\/blog\/championnats-deurope-de-natation-handisport-6eme-place-pour-nathan-maillet-sur-le-200m-nage-libre\/","name":"Championnats d'Europe de natation handisport : 6\u00e8me place pour Nathan Maillet sur le 200m nage libre","isPartOf":{"@id":"https:\/\/dicodusport.fr\/blog\/#website"},"primaryImageOfPage":{"@id":"https:\/\/dicodusport.fr\/blog\/championnats-deurope-de-natation-handisport-6eme-place-pour-nathan-maillet-sur-le-200m-nage-libre\/#primaryimage"},"image":{"@id":"https:\/\/dicodusport.fr\/blog\/championnats-deurope-de-natation-handisport-6eme-place-pour-nathan-maillet-sur-le-200m-nage-libre\/#primaryimage"},"thumbnailUrl":"https:\/\/dicodusport.fr\/blog\/wp-content\/uploads\/2018\/08\/Nathan-Maillet-Natation-Dublin-2018.png","datePublished":"2018-08-14T18:44:55+00:00","dateModified":"2018-08-14T19:04:06+00:00","description":"Dublin 2018 - Le jeune nageur tricolore Nathan Maillet a pris la 6\u00e8me du 200m nage libre dans la cat\u00e9gorie S14 (D\u00e9ficience intellectuelle).","breadcrumb":{"@id":"https:\/\/dicodusport.fr\/blog\/championnats-deurope-de-natation-handisport-6eme-place-pour-nathan-maillet-sur-le-200m-nage-libre\/#breadcrumb"},"inLanguage":"fr-FR","potentialAction":[{"@type":"ReadAction","target":["https:\/\/dicodusport.fr\/blog\/championnats-deurope-de-natation-handisport-6eme-place-pour-nathan-maillet-sur-le-200m-nage-libre\/"]}]},{"@type":"ImageObject","inLanguage":"fr-FR","@id":"https:\/\/dicodusport.fr\/blog\/championnats-deurope-de-natation-handisport-6eme-place-pour-nathan-maillet-sur-le-200m-nage-libre\/#primaryimage","url":"https:\/\/dicodusport.fr\/blog\/wp-content\/uploads\/2018\/08\/Nathan-Maillet-Natation-Dublin-2018.png","contentUrl":"https:\/\/dicodusport.fr\/blog\/wp-content\/uploads\/2018\/08\/Nathan-Maillet-Natation-Dublin-2018.png","width":800,"height":445},{"@type":"BreadcrumbList","@id":"https:\/\/dicodusport.fr\/blog\/championnats-deurope-de-natation-handisport-6eme-place-pour-nathan-maillet-sur-le-200m-nage-libre\/#breadcrumb","itemListElement":[{"@type":"ListItem","position":1,"name":"Accueil","item":"https:\/\/dicodusport.fr\/blog\/"},{"@type":"ListItem","position":2,"name":"Championnats d&rsquo;Europe de natation handisport : 6\u00e8me place pour Nathan Maillet sur le 200m nage libre"}]},{"@type":"WebSite","@id":"https:\/\/dicodusport.fr\/blog\/#website","url":"https:\/\/dicodusport.fr\/blog\/","name":"Dicodusport","description":"L&#039;encyclop\u00e9die de l&#039;actualit\u00e9 sportive","publisher":{"@id":"https:\/\/dicodusport.fr\/blog\/#organization"},"potentialAction":[{"@type":"SearchAction","target":{"@type":"EntryPoint","urlTemplate":"https:\/\/dicodusport.fr\/blog\/?s={search_term_string}"},"query-input":{"@type":"PropertyValueSpecification","valueRequired":true,"valueName":"search_term_string"}}],"inLanguage":"fr-FR"},{"@type":"NewsMediaOrganization","@id":"https:\/\/dicodusport.fr\/blog\/#organization","name":"Dicodusport","url":"https:\/\/dicodusport.fr\/blog\/","logo":{"@type":"ImageObject","inLanguage":"fr-FR","@id":"https:\/\/dicodusport.fr\/blog\/#\/schema\/logo\/image\/","url":"https:\/\/dicodusport.fr\/blog\/wp-content\/uploads\/2020\/06\/cropped-LOGO-DICODUSPORT-2020-SANS-FOND-SANS-TEXTE.png","contentUrl":"https:\/\/dicodusport.fr\/blog\/wp-content\/uploads\/2020\/06\/cropped-LOGO-DICODUSPORT-2020-SANS-FOND-SANS-TEXTE.png","width":512,"height":512,"caption":"Dicodusport"},"image":{"@id":"https:\/\/dicodusport.fr\/blog\/#\/schema\/logo\/image\/"},"sameAs":["https:\/\/www.facebook.com\/dicodusport","https:\/\/x.com\/dicodusport","https:\/\/www.instagram.com\/dicodusport\/","https:\/\/www.youtube.com\/channel\/UC7V2KZ5sd3htJivAbA4ZG3w"],"description":"Dicodusport est l'encyclop\u00e9die de l'actualit\u00e9 sportive.","email":"bonjour@dicodusport.fr","legalName":"DICODUSPORT","foundingDate":"2018-01-14","vatID":"FR71834470973","taxID":"83447097300043","numberOfEmployees":{"@type":"QuantitativeValue","minValue":"1","maxValue":"10"}},{"@type":"Person","@id":"https:\/\/dicodusport.fr\/blog\/#\/schema\/person\/cb02af4c173ce4a653b55e9baf388d4a","name":"Flo Ostermann","image":{"@type":"ImageObject","inLanguage":"fr-FR","@id":"https:\/\/dicodusport.fr\/blog\/#\/schema\/person\/image\/","url":"https:\/\/dicodusport.fr\/blog\/wp-content\/uploads\/2021\/05\/Flo-Ostermann-150x150.jpg","contentUrl":"https:\/\/dicodusport.fr\/blog\/wp-content\/uploads\/2021\/05\/Flo-Ostermann-150x150.jpg","caption":"Flo Ostermann"},"description":"Journaliste\/R\u00e9dacteur depuis septembre 2015 - Mes premiers souvenirs dans le sport ? Les envol\u00e9es du Stade Toulousain et les duels Villeneuve-Schumacher et H\u00e4kkinen-Schumacher \u00e0 la fin des ann\u00e9es 90, la Coupe du monde de football en 1998, l\u2019exploit du XV de France face aux All Blacks en 1999, mais aussi Richard C\u0153ur de Lion qui vole sur les montagnes du Tour de France. Bien parti pour devenir professeur d\u2019EPS, les \u00e9v\u00e9nements de la vie (et la flemme d\u2019animer des s\u00e9ances de 3x500 m\u00e8tres toute ma vie) m\u2019ont conduit \u00e0 revoir mes plans. Me voil\u00e0 depuis fin 2017 sur Dicodusport, m\u00e9dia gr\u00e2ce (et pour) lequel je partage ma passion : le sport dans tous ses \u00e9tats. Le tout accompagn\u00e9 par les fous furieux et folles furieuses cit\u00e9s sur cette page !","sameAs":["https:\/\/www.facebook.com\/florent.ostermann","https:\/\/x.com\/https:\/\/twitter.com\/FlOstermann","admin"],"url":"https:\/\/dicodusport.fr\/blog\/author\/flo\/"}]}},"_links":{"self":[{"href":"https:\/\/dicodusport.fr\/blog\/wp-json\/wp\/v2\/posts\/23914","targetHints":{"allow":["GET"]}}],"collection":[{"href":"https:\/\/dicodusport.fr\/blog\/wp-json\/wp\/v2\/posts"}],"about":[{"href":"https:\/\/dicodusport.fr\/blog\/wp-json\/wp\/v2\/types\/post"}],"author":[{"embeddable":true,"href":"https:\/\/dicodusport.fr\/blog\/wp-json\/wp\/v2\/users\/4"}],"replies":[{"embeddable":true,"href":"https:\/\/dicodusport.fr\/blog\/wp-json\/wp\/v2\/comments?post=23914"}],"version-history":[{"count":0,"href":"https:\/\/dicodusport.fr\/blog\/wp-json\/wp\/v2\/posts\/23914\/revisions"}],"wp:featuredmedia":[{"embeddable":true,"href":"https:\/\/dicodusport.fr\/blog\/wp-json\/wp\/v2\/media\/23896"}],"wp:attachment":[{"href":"https:\/\/dicodusport.fr\/blog\/wp-json\/wp\/v2\/media?parent=23914"}],"wp:term":[{"taxonomy":"category","embeddable":true,"href":"https:\/\/dicodusport.fr\/blog\/wp-json\/wp\/v2\/categories?post=23914"},{"taxonomy":"post_tag","embeddable":true,"href":"https:\/\/dicodusport.fr\/blog\/wp-json\/wp\/v2\/tags?post=23914"}],"curies":[{"name":"wp","href":"https:\/\/api.w.org\/{rel}","templated":true}]}}