{"id":239174,"date":"2022-07-01T21:57:20","date_gmt":"2022-07-01T19:57:20","guid":{"rendered":"https:\/\/dicodusport.fr\/blog\/?p=239174&#038;preview=true&#038;preview_id=239174"},"modified":"2022-07-01T22:23:37","modified_gmt":"2022-07-01T20:23:37","slug":"christophe-laporte-jai-fait-une-erreur-cest-de-ma-faute","status":"publish","type":"post","link":"https:\/\/dicodusport.fr\/blog\/christophe-laporte-jai-fait-une-erreur-cest-de-ma-faute\/","title":{"rendered":"Christophe Laporte : \u00ab\u00a0J&rsquo;ai fait une erreur, c&rsquo;est de ma faute\u00a0\u00bb"},"content":{"rendered":"<p style=\"text-align: justify;\"><i><b><a href=\"https:\/\/dicodusport.fr\/blog\/actualites\/cyclisme\/cyclisme-sur-route-2022\/tour-de-france-2022\/\">TOUR DE FRANCE 2022<\/a> &#8211; Alors qu&rsquo;il \u00e9tait en t\u00eate au premier interm\u00e9diaire, Christophe Laporte (Jumbo-Visma) a chut\u00e9 et a perdu tout espoir de victoire sur la premi\u00e8re \u00e9tape, <a href=\"https:\/\/dicodusport.fr\/blog\/classement-1ere-etape-tour-de-france-2022\/\">le chrono dans les rues de Copenhague remport\u00e9 par Yves Lampaert<\/a>.<\/b><\/i><\/p>\n<p style=\"text-align: justify;\">Dans les rues de <strong>Copenhague<\/strong>, <strong>Christophe Laporte<\/strong> semblait parti pour aller d\u00e9loger son co\u00e9quipier <strong>Wout Van Aert<\/strong>. Alors qu&rsquo;il r\u00e9alisait un d\u00e9but de contre-la-montre parfait, il a chut\u00e9 mais \u00e0 l&rsquo;arriv\u00e9e, il assumait ses responsabilit\u00e9s dans des propos repris par <em>Eurosport<\/em>.<\/p>\n<blockquote>\n<p style=\"text-align: justify;\"><span style=\"text-align: justify;\">Par l&rsquo;oreillette, j&rsquo;ai su que j&rsquo;avais le meilleur temps interm\u00e9diaire. Je ne pensais pas vraiment prendre des risques, mais je me suis fait surprendre par ce goudron \u00e0 l&rsquo;arriv\u00e9e dans le parc. J&rsquo;ai p\u00e9dal\u00e9 un peu trop t\u00f4t, j&rsquo;ai fait une erreur c&rsquo;est de ma faute. Quand on tombe, on a toujours des regrets, on se dit qu&rsquo;on aurait pu faire autrement\u2026 Mais c&rsquo;est comme \u00e7a, on ne peut pas changer les choses.<\/span><\/p>\n<\/blockquote>\n<p style=\"text-align: justify;\"><strong>Christophe Laporte<\/strong> a tout de m\u00eame pris la 25\u00e8me place \u00e0 26 secondes du vainqueur du jour, <strong>Yves Lampaert<\/strong>. Mais il aura forc\u00e9ment des regrets, car le jaune lui tendait les bras.<\/p>\n<blockquote class=\"twitter-tweet\">\n<p dir=\"ltr\" lang=\"fr\">&#x1f614; C&rsquo;est cruel pour Christophe Laporte&#8230; Meilleur temps provisoire au premier pointage interm\u00e9diaire, le Fran\u00e7ais a chut\u00e9. Il termine finalement \u00e0 31 secondes de Van Aert. <a href=\"https:\/\/twitter.com\/hashtag\/TDF2022?src=hash&amp;ref_src=twsrc%5Etfw\">#TDF2022<\/a><\/p>\n<p>&#x1f534; Le DIRECT : <a href=\"https:\/\/t.co\/BDPPtWFh3N\">https:\/\/t.co\/BDPPtWFh3N<\/a> <a href=\"https:\/\/t.co\/WZGDk9dctD\">pic.twitter.com\/WZGDk9dctD<\/a><\/p>\n<p>\u2014 francetvsport (@francetvsport) <a href=\"https:\/\/twitter.com\/francetvsport\/status\/1542897704870739968?ref_src=twsrc%5Etfw\">July 1, 2022<\/a><\/p><\/blockquote>\n<p style=\"text-align: justify;\"><script async src=\"https:\/\/platform.twitter.com\/widgets.js\" charset=\"utf-8\"><\/script><\/p>\n<h2 style=\"text-align: justify;\"><strong>\u00c0 lire aussi<\/strong><\/h2>\n<ul style=\"text-align: justify;\">\n<li><a href=\"https:\/\/dicodusport.fr\/blog\/toute-lactualite-du-tour-de-france-2022\/\" target=\"_blank\" rel=\"noopener\"><strong>Toute l\u2019actualit\u00e9 du Tour de France 2022<\/strong><\/a><\/li>\n<li><a href=\"https:\/\/dicodusport.fr\/blog\/classement-general-tour-de-france-2022-maillot-jaune\/\" target=\"_blank\" rel=\"noopener\"><strong>Classement g\u00e9n\u00e9ral Tour de France 2022 \u2013 Maillot jaune<\/strong><\/a><\/li>\n<\/ul>\n","protected":false},"excerpt":{"rendered":"<p>TOUR DE FRANCE 2022 &#8211; Alors qu&rsquo;il \u00e9tait en t\u00eate au premier interm\u00e9diaire, Christophe Laporte (Jumbo-Visma) a chut\u00e9 et a perdu tout espoir de victoire sur la premi\u00e8re \u00e9tape, le chrono dans les rues de Copenhague remport\u00e9 par Yves Lampaert.<\/p>\n","protected":false},"author":1,"featured_media":239180,"comment_status":"open","ping_status":"closed","sticky":false,"template":"","format":"standard","meta":{"_acf_changed":false,"_daextam_enable_autolinks":"","footnotes":""},"categories":[46995],"tags":[5172,5601],"class_list":["post-239174","post","type-post","status-publish","format-standard","has-post-thumbnail","hentry","category-tour-de-france","tag-christophe-laporte","tag-laporte"],"acf":[],"yoast_head":"<!-- This site is optimized with the Yoast SEO Premium plugin v26.7 (Yoast SEO v26.7) - https:\/\/yoast.com\/wordpress\/plugins\/seo\/ -->\n<title>Christophe Laporte : &quot;J&#039;ai fait une erreur, c&#039;est de ma faute&quot;<\/title>\n<meta name=\"description\" content=\"TOUR DE FRANCE 2022 - Alors qu&#039;il \u00e9tait en t\u00eate au premier interm\u00e9diaire, Christophe Laporte a chut\u00e9 et a perdu tout espoir de victoire sur la 1\u00e8re\u00a0\u00e9tape.\u00a0\" \/>\n<meta name=\"robots\" content=\"index, follow, max-snippet:-1, max-image-preview:large, max-video-preview:-1\" \/>\n<link rel=\"canonical\" href=\"https:\/\/dicodusport.fr\/blog\/christophe-laporte-jai-fait-une-erreur-cest-de-ma-faute\/\" \/>\n<meta property=\"og:locale\" content=\"fr_FR\" \/>\n<meta property=\"og:type\" content=\"article\" \/>\n<meta property=\"og:title\" content=\"Christophe Laporte : &quot;J&#039;ai fait une erreur, c&#039;est de ma faute&quot;\" \/>\n<meta property=\"og:description\" content=\"TOUR DE FRANCE 2022 - Alors qu&#039;il \u00e9tait en t\u00eate au premier interm\u00e9diaire, Christophe Laporte a chut\u00e9 et a perdu tout espoir de victoire sur la 1\u00e8re\u00a0\u00e9tape.\u00a0\" \/>\n<meta property=\"og:url\" content=\"https:\/\/dicodusport.fr\/blog\/christophe-laporte-jai-fait-une-erreur-cest-de-ma-faute\/\" \/>\n<meta property=\"og:site_name\" content=\"Dicodusport\" \/>\n<meta property=\"article:publisher\" content=\"https:\/\/www.facebook.com\/dicodusport\" \/>\n<meta property=\"article:author\" content=\"https:\/\/www.facebook.com\/dicodusport\" \/>\n<meta property=\"article:published_time\" content=\"2022-07-01T19:57:20+00:00\" \/>\n<meta property=\"article:modified_time\" content=\"2022-07-01T20:23:37+00:00\" \/>\n<meta property=\"og:image\" content=\"https:\/\/dicodusport.fr\/blog\/wp-content\/uploads\/2022\/07\/Christophe-Laporte-Jai-fait-une-erreur-cest-de-ma-faute.png\" \/>\n\t<meta property=\"og:image:width\" content=\"800\" \/>\n\t<meta property=\"og:image:height\" content=\"445\" \/>\n\t<meta property=\"og:image:type\" content=\"image\/png\" \/>\n<meta name=\"author\" content=\"Nicolas Jacquemard\" \/>\n<meta name=\"twitter:card\" content=\"summary_large_image\" \/>\n<meta name=\"twitter:title\" content=\"Christophe Laporte : &quot;J&#039;ai fait une erreur, c&#039;est de ma faute&quot;\" \/>\n<meta name=\"twitter:creator\" content=\"@https:\/\/twitter.com\/Nico_Jacquemard\" \/>\n<meta name=\"twitter:site\" content=\"@dicodusport\" \/>\n<script type=\"application\/ld+json\" class=\"yoast-schema-graph\">{\"@context\":\"https:\/\/schema.org\",\"@graph\":[{\"@type\":\"NewsArticle\",\"@id\":\"https:\/\/dicodusport.fr\/blog\/christophe-laporte-jai-fait-une-erreur-cest-de-ma-faute\/#article\",\"isPartOf\":{\"@id\":\"https:\/\/dicodusport.fr\/blog\/christophe-laporte-jai-fait-une-erreur-cest-de-ma-faute\/\"},\"author\":{\"name\":\"Nicolas Jacquemard\",\"@id\":\"https:\/\/dicodusport.fr\/blog\/#\/schema\/person\/55dcb50ad410894e431ed812bbb70191\"},\"headline\":\"Christophe Laporte : \u00ab\u00a0J&rsquo;ai fait une erreur, c&rsquo;est de ma faute\u00a0\u00bb\",\"datePublished\":\"2022-07-01T19:57:20+00:00\",\"dateModified\":\"2022-07-01T20:23:37+00:00\",\"mainEntityOfPage\":{\"@id\":\"https:\/\/dicodusport.fr\/blog\/christophe-laporte-jai-fait-une-erreur-cest-de-ma-faute\/\"},\"wordCount\":284,\"commentCount\":0,\"publisher\":{\"@id\":\"https:\/\/dicodusport.fr\/blog\/#organization\"},\"image\":{\"@id\":\"https:\/\/dicodusport.fr\/blog\/christophe-laporte-jai-fait-une-erreur-cest-de-ma-faute\/#primaryimage\"},\"thumbnailUrl\":\"https:\/\/dicodusport.fr\/blog\/wp-content\/uploads\/2022\/07\/Christophe-Laporte-Jai-fait-une-erreur-cest-de-ma-faute.png\",\"keywords\":[\"Christophe Laporte\",\"Laporte\"],\"articleSection\":[\"Tour de France\"],\"inLanguage\":\"fr-FR\",\"potentialAction\":[{\"@type\":\"CommentAction\",\"name\":\"Comment\",\"target\":[\"https:\/\/dicodusport.fr\/blog\/christophe-laporte-jai-fait-une-erreur-cest-de-ma-faute\/#respond\"]}],\"copyrightYear\":\"2022\",\"copyrightHolder\":{\"@id\":\"https:\/\/dicodusport.fr\/blog\/#organization\"}},{\"@type\":\"WebPage\",\"@id\":\"https:\/\/dicodusport.fr\/blog\/christophe-laporte-jai-fait-une-erreur-cest-de-ma-faute\/\",\"url\":\"https:\/\/dicodusport.fr\/blog\/christophe-laporte-jai-fait-une-erreur-cest-de-ma-faute\/\",\"name\":\"Christophe Laporte : \\\"J'ai fait une erreur, c'est de ma faute\\\"\",\"isPartOf\":{\"@id\":\"https:\/\/dicodusport.fr\/blog\/#website\"},\"primaryImageOfPage\":{\"@id\":\"https:\/\/dicodusport.fr\/blog\/christophe-laporte-jai-fait-une-erreur-cest-de-ma-faute\/#primaryimage\"},\"image\":{\"@id\":\"https:\/\/dicodusport.fr\/blog\/christophe-laporte-jai-fait-une-erreur-cest-de-ma-faute\/#primaryimage\"},\"thumbnailUrl\":\"https:\/\/dicodusport.fr\/blog\/wp-content\/uploads\/2022\/07\/Christophe-Laporte-Jai-fait-une-erreur-cest-de-ma-faute.png\",\"datePublished\":\"2022-07-01T19:57:20+00:00\",\"dateModified\":\"2022-07-01T20:23:37+00:00\",\"description\":\"TOUR DE FRANCE 2022 - Alors qu'il \u00e9tait en t\u00eate au premier interm\u00e9diaire, Christophe Laporte a chut\u00e9 et a perdu tout espoir de victoire sur la 1\u00e8re\u00a0\u00e9tape.\u00a0\",\"breadcrumb\":{\"@id\":\"https:\/\/dicodusport.fr\/blog\/christophe-laporte-jai-fait-une-erreur-cest-de-ma-faute\/#breadcrumb\"},\"inLanguage\":\"fr-FR\",\"potentialAction\":[{\"@type\":\"ReadAction\",\"target\":[\"https:\/\/dicodusport.fr\/blog\/christophe-laporte-jai-fait-une-erreur-cest-de-ma-faute\/\"]}]},{\"@type\":\"ImageObject\",\"inLanguage\":\"fr-FR\",\"@id\":\"https:\/\/dicodusport.fr\/blog\/christophe-laporte-jai-fait-une-erreur-cest-de-ma-faute\/#primaryimage\",\"url\":\"https:\/\/dicodusport.fr\/blog\/wp-content\/uploads\/2022\/07\/Christophe-Laporte-Jai-fait-une-erreur-cest-de-ma-faute.png\",\"contentUrl\":\"https:\/\/dicodusport.fr\/blog\/wp-content\/uploads\/2022\/07\/Christophe-Laporte-Jai-fait-une-erreur-cest-de-ma-faute.png\",\"width\":800,\"height\":445},{\"@type\":\"BreadcrumbList\",\"@id\":\"https:\/\/dicodusport.fr\/blog\/christophe-laporte-jai-fait-une-erreur-cest-de-ma-faute\/#breadcrumb\",\"itemListElement\":[{\"@type\":\"ListItem\",\"position\":1,\"name\":\"Accueil\",\"item\":\"https:\/\/dicodusport.fr\/blog\/\"},{\"@type\":\"ListItem\",\"position\":2,\"name\":\"Christophe Laporte : \u00ab\u00a0J&rsquo;ai fait une erreur, c&rsquo;est de ma faute\u00a0\u00bb\"}]},{\"@type\":\"WebSite\",\"@id\":\"https:\/\/dicodusport.fr\/blog\/#website\",\"url\":\"https:\/\/dicodusport.fr\/blog\/\",\"name\":\"Dicodusport\",\"description\":\"L&#039;encyclop\u00e9die de l&#039;actualit\u00e9 sportive\",\"publisher\":{\"@id\":\"https:\/\/dicodusport.fr\/blog\/#organization\"},\"potentialAction\":[{\"@type\":\"SearchAction\",\"target\":{\"@type\":\"EntryPoint\",\"urlTemplate\":\"https:\/\/dicodusport.fr\/blog\/?s={search_term_string}\"},\"query-input\":{\"@type\":\"PropertyValueSpecification\",\"valueRequired\":true,\"valueName\":\"search_term_string\"}}],\"inLanguage\":\"fr-FR\"},{\"@type\":\"NewsMediaOrganization\",\"@id\":\"https:\/\/dicodusport.fr\/blog\/#organization\",\"name\":\"Dicodusport\",\"url\":\"https:\/\/dicodusport.fr\/blog\/\",\"logo\":{\"@type\":\"ImageObject\",\"inLanguage\":\"fr-FR\",\"@id\":\"https:\/\/dicodusport.fr\/blog\/#\/schema\/logo\/image\/\",\"url\":\"https:\/\/dicodusport.fr\/blog\/wp-content\/uploads\/2020\/06\/cropped-LOGO-DICODUSPORT-2020-SANS-FOND-SANS-TEXTE.png\",\"contentUrl\":\"https:\/\/dicodusport.fr\/blog\/wp-content\/uploads\/2020\/06\/cropped-LOGO-DICODUSPORT-2020-SANS-FOND-SANS-TEXTE.png\",\"width\":512,\"height\":512,\"caption\":\"Dicodusport\"},\"image\":{\"@id\":\"https:\/\/dicodusport.fr\/blog\/#\/schema\/logo\/image\/\"},\"sameAs\":[\"https:\/\/www.facebook.com\/dicodusport\",\"https:\/\/x.com\/dicodusport\",\"https:\/\/www.instagram.com\/dicodusport\/\",\"https:\/\/www.youtube.com\/channel\/UC7V2KZ5sd3htJivAbA4ZG3w\"],\"description\":\"Dicodusport est l'encyclop\u00e9die de l'actualit\u00e9 sportive.\",\"email\":\"bonjour@dicodusport.fr\",\"legalName\":\"DICODUSPORT\",\"foundingDate\":\"2018-01-14\",\"vatID\":\"FR71834470973\",\"taxID\":\"83447097300043\",\"numberOfEmployees\":{\"@type\":\"QuantitativeValue\",\"minValue\":\"1\",\"maxValue\":\"10\"}},{\"@type\":\"Person\",\"@id\":\"https:\/\/dicodusport.fr\/blog\/#\/schema\/person\/55dcb50ad410894e431ed812bbb70191\",\"name\":\"Nicolas Jacquemard\",\"image\":{\"@type\":\"ImageObject\",\"inLanguage\":\"fr-FR\",\"@id\":\"https:\/\/dicodusport.fr\/blog\/#\/schema\/person\/image\/\",\"url\":\"https:\/\/dicodusport.fr\/blog\/wp-content\/uploads\/2021\/05\/Nicolas-Jacquemard-150x150.jpeg\",\"contentUrl\":\"https:\/\/dicodusport.fr\/blog\/wp-content\/uploads\/2021\/05\/Nicolas-Jacquemard-150x150.jpeg\",\"caption\":\"Nicolas Jacquemard\"},\"description\":\"Passionn\u00e9 de sport et entrepreneur depuis mes 18 ans, la cr\u00e9ation de Dicodusport m'a sembl\u00e9 \u00e9vidente pour participer \u00e0 la m\u00e9diatisation d'un plus grand nombre de sports. Le chemin est long mais avec une \u00e9quipe des plus motiv\u00e9es et les Jeux Olympiques de Paris 2024 en point de mire, nous y arriverons ! Journaliste dans le monde du sport depuis plus de 5 ans, je traite aussi bien de football, de rugby, de biathlon que de cyclisme.\",\"sameAs\":[\"https:\/\/www.facebook.com\/dicodusport\",\"https:\/\/x.com\/https:\/\/twitter.com\/Nico_Jacquemard\"],\"url\":\"https:\/\/dicodusport.fr\/blog\/author\/dicodusport\/\"}]}<\/script>\n<!-- \/ Yoast SEO Premium plugin. -->","yoast_head_json":{"title":"Christophe Laporte : \"J'ai fait une erreur, c'est de ma faute\"","description":"TOUR DE FRANCE 2022 - Alors qu'il \u00e9tait en t\u00eate au premier interm\u00e9diaire, Christophe Laporte a chut\u00e9 et a perdu tout espoir de victoire sur la 1\u00e8re\u00a0\u00e9tape.\u00a0","robots":{"index":"index","follow":"follow","max-snippet":"max-snippet:-1","max-image-preview":"max-image-preview:large","max-video-preview":"max-video-preview:-1"},"canonical":"https:\/\/dicodusport.fr\/blog\/christophe-laporte-jai-fait-une-erreur-cest-de-ma-faute\/","og_locale":"fr_FR","og_type":"article","og_title":"Christophe Laporte : \"J'ai fait une erreur, c'est de ma faute\"","og_description":"TOUR DE FRANCE 2022 - Alors qu'il \u00e9tait en t\u00eate au premier interm\u00e9diaire, Christophe Laporte a chut\u00e9 et a perdu tout espoir de victoire sur la 1\u00e8re\u00a0\u00e9tape.\u00a0","og_url":"https:\/\/dicodusport.fr\/blog\/christophe-laporte-jai-fait-une-erreur-cest-de-ma-faute\/","og_site_name":"Dicodusport","article_publisher":"https:\/\/www.facebook.com\/dicodusport","article_author":"https:\/\/www.facebook.com\/dicodusport","article_published_time":"2022-07-01T19:57:20+00:00","article_modified_time":"2022-07-01T20:23:37+00:00","og_image":[{"width":800,"height":445,"url":"https:\/\/dicodusport.fr\/blog\/wp-content\/uploads\/2022\/07\/Christophe-Laporte-Jai-fait-une-erreur-cest-de-ma-faute.png","type":"image\/png"}],"author":"Nicolas Jacquemard","twitter_card":"summary_large_image","twitter_title":"Christophe Laporte : \"J'ai fait une erreur, c'est de ma faute\"","twitter_creator":"@https:\/\/twitter.com\/Nico_Jacquemard","twitter_site":"@dicodusport","schema":{"@context":"https:\/\/schema.org","@graph":[{"@type":"NewsArticle","@id":"https:\/\/dicodusport.fr\/blog\/christophe-laporte-jai-fait-une-erreur-cest-de-ma-faute\/#article","isPartOf":{"@id":"https:\/\/dicodusport.fr\/blog\/christophe-laporte-jai-fait-une-erreur-cest-de-ma-faute\/"},"author":{"name":"Nicolas Jacquemard","@id":"https:\/\/dicodusport.fr\/blog\/#\/schema\/person\/55dcb50ad410894e431ed812bbb70191"},"headline":"Christophe Laporte : \u00ab\u00a0J&rsquo;ai fait une erreur, c&rsquo;est de ma faute\u00a0\u00bb","datePublished":"2022-07-01T19:57:20+00:00","dateModified":"2022-07-01T20:23:37+00:00","mainEntityOfPage":{"@id":"https:\/\/dicodusport.fr\/blog\/christophe-laporte-jai-fait-une-erreur-cest-de-ma-faute\/"},"wordCount":284,"commentCount":0,"publisher":{"@id":"https:\/\/dicodusport.fr\/blog\/#organization"},"image":{"@id":"https:\/\/dicodusport.fr\/blog\/christophe-laporte-jai-fait-une-erreur-cest-de-ma-faute\/#primaryimage"},"thumbnailUrl":"https:\/\/dicodusport.fr\/blog\/wp-content\/uploads\/2022\/07\/Christophe-Laporte-Jai-fait-une-erreur-cest-de-ma-faute.png","keywords":["Christophe Laporte","Laporte"],"articleSection":["Tour de France"],"inLanguage":"fr-FR","potentialAction":[{"@type":"CommentAction","name":"Comment","target":["https:\/\/dicodusport.fr\/blog\/christophe-laporte-jai-fait-une-erreur-cest-de-ma-faute\/#respond"]}],"copyrightYear":"2022","copyrightHolder":{"@id":"https:\/\/dicodusport.fr\/blog\/#organization"}},{"@type":"WebPage","@id":"https:\/\/dicodusport.fr\/blog\/christophe-laporte-jai-fait-une-erreur-cest-de-ma-faute\/","url":"https:\/\/dicodusport.fr\/blog\/christophe-laporte-jai-fait-une-erreur-cest-de-ma-faute\/","name":"Christophe Laporte : \"J'ai fait une erreur, c'est de ma faute\"","isPartOf":{"@id":"https:\/\/dicodusport.fr\/blog\/#website"},"primaryImageOfPage":{"@id":"https:\/\/dicodusport.fr\/blog\/christophe-laporte-jai-fait-une-erreur-cest-de-ma-faute\/#primaryimage"},"image":{"@id":"https:\/\/dicodusport.fr\/blog\/christophe-laporte-jai-fait-une-erreur-cest-de-ma-faute\/#primaryimage"},"thumbnailUrl":"https:\/\/dicodusport.fr\/blog\/wp-content\/uploads\/2022\/07\/Christophe-Laporte-Jai-fait-une-erreur-cest-de-ma-faute.png","datePublished":"2022-07-01T19:57:20+00:00","dateModified":"2022-07-01T20:23:37+00:00","description":"TOUR DE FRANCE 2022 - Alors qu'il \u00e9tait en t\u00eate au premier interm\u00e9diaire, Christophe Laporte a chut\u00e9 et a perdu tout espoir de victoire sur la 1\u00e8re\u00a0\u00e9tape.\u00a0","breadcrumb":{"@id":"https:\/\/dicodusport.fr\/blog\/christophe-laporte-jai-fait-une-erreur-cest-de-ma-faute\/#breadcrumb"},"inLanguage":"fr-FR","potentialAction":[{"@type":"ReadAction","target":["https:\/\/dicodusport.fr\/blog\/christophe-laporte-jai-fait-une-erreur-cest-de-ma-faute\/"]}]},{"@type":"ImageObject","inLanguage":"fr-FR","@id":"https:\/\/dicodusport.fr\/blog\/christophe-laporte-jai-fait-une-erreur-cest-de-ma-faute\/#primaryimage","url":"https:\/\/dicodusport.fr\/blog\/wp-content\/uploads\/2022\/07\/Christophe-Laporte-Jai-fait-une-erreur-cest-de-ma-faute.png","contentUrl":"https:\/\/dicodusport.fr\/blog\/wp-content\/uploads\/2022\/07\/Christophe-Laporte-Jai-fait-une-erreur-cest-de-ma-faute.png","width":800,"height":445},{"@type":"BreadcrumbList","@id":"https:\/\/dicodusport.fr\/blog\/christophe-laporte-jai-fait-une-erreur-cest-de-ma-faute\/#breadcrumb","itemListElement":[{"@type":"ListItem","position":1,"name":"Accueil","item":"https:\/\/dicodusport.fr\/blog\/"},{"@type":"ListItem","position":2,"name":"Christophe Laporte : \u00ab\u00a0J&rsquo;ai fait une erreur, c&rsquo;est de ma faute\u00a0\u00bb"}]},{"@type":"WebSite","@id":"https:\/\/dicodusport.fr\/blog\/#website","url":"https:\/\/dicodusport.fr\/blog\/","name":"Dicodusport","description":"L&#039;encyclop\u00e9die de l&#039;actualit\u00e9 sportive","publisher":{"@id":"https:\/\/dicodusport.fr\/blog\/#organization"},"potentialAction":[{"@type":"SearchAction","target":{"@type":"EntryPoint","urlTemplate":"https:\/\/dicodusport.fr\/blog\/?s={search_term_string}"},"query-input":{"@type":"PropertyValueSpecification","valueRequired":true,"valueName":"search_term_string"}}],"inLanguage":"fr-FR"},{"@type":"NewsMediaOrganization","@id":"https:\/\/dicodusport.fr\/blog\/#organization","name":"Dicodusport","url":"https:\/\/dicodusport.fr\/blog\/","logo":{"@type":"ImageObject","inLanguage":"fr-FR","@id":"https:\/\/dicodusport.fr\/blog\/#\/schema\/logo\/image\/","url":"https:\/\/dicodusport.fr\/blog\/wp-content\/uploads\/2020\/06\/cropped-LOGO-DICODUSPORT-2020-SANS-FOND-SANS-TEXTE.png","contentUrl":"https:\/\/dicodusport.fr\/blog\/wp-content\/uploads\/2020\/06\/cropped-LOGO-DICODUSPORT-2020-SANS-FOND-SANS-TEXTE.png","width":512,"height":512,"caption":"Dicodusport"},"image":{"@id":"https:\/\/dicodusport.fr\/blog\/#\/schema\/logo\/image\/"},"sameAs":["https:\/\/www.facebook.com\/dicodusport","https:\/\/x.com\/dicodusport","https:\/\/www.instagram.com\/dicodusport\/","https:\/\/www.youtube.com\/channel\/UC7V2KZ5sd3htJivAbA4ZG3w"],"description":"Dicodusport est l'encyclop\u00e9die de l'actualit\u00e9 sportive.","email":"bonjour@dicodusport.fr","legalName":"DICODUSPORT","foundingDate":"2018-01-14","vatID":"FR71834470973","taxID":"83447097300043","numberOfEmployees":{"@type":"QuantitativeValue","minValue":"1","maxValue":"10"}},{"@type":"Person","@id":"https:\/\/dicodusport.fr\/blog\/#\/schema\/person\/55dcb50ad410894e431ed812bbb70191","name":"Nicolas Jacquemard","image":{"@type":"ImageObject","inLanguage":"fr-FR","@id":"https:\/\/dicodusport.fr\/blog\/#\/schema\/person\/image\/","url":"https:\/\/dicodusport.fr\/blog\/wp-content\/uploads\/2021\/05\/Nicolas-Jacquemard-150x150.jpeg","contentUrl":"https:\/\/dicodusport.fr\/blog\/wp-content\/uploads\/2021\/05\/Nicolas-Jacquemard-150x150.jpeg","caption":"Nicolas Jacquemard"},"description":"Passionn\u00e9 de sport et entrepreneur depuis mes 18 ans, la cr\u00e9ation de Dicodusport m'a sembl\u00e9 \u00e9vidente pour participer \u00e0 la m\u00e9diatisation d'un plus grand nombre de sports. Le chemin est long mais avec une \u00e9quipe des plus motiv\u00e9es et les Jeux Olympiques de Paris 2024 en point de mire, nous y arriverons ! Journaliste dans le monde du sport depuis plus de 5 ans, je traite aussi bien de football, de rugby, de biathlon que de cyclisme.","sameAs":["https:\/\/www.facebook.com\/dicodusport","https:\/\/x.com\/https:\/\/twitter.com\/Nico_Jacquemard"],"url":"https:\/\/dicodusport.fr\/blog\/author\/dicodusport\/"}]}},"_links":{"self":[{"href":"https:\/\/dicodusport.fr\/blog\/wp-json\/wp\/v2\/posts\/239174","targetHints":{"allow":["GET"]}}],"collection":[{"href":"https:\/\/dicodusport.fr\/blog\/wp-json\/wp\/v2\/posts"}],"about":[{"href":"https:\/\/dicodusport.fr\/blog\/wp-json\/wp\/v2\/types\/post"}],"author":[{"embeddable":true,"href":"https:\/\/dicodusport.fr\/blog\/wp-json\/wp\/v2\/users\/1"}],"replies":[{"embeddable":true,"href":"https:\/\/dicodusport.fr\/blog\/wp-json\/wp\/v2\/comments?post=239174"}],"version-history":[{"count":0,"href":"https:\/\/dicodusport.fr\/blog\/wp-json\/wp\/v2\/posts\/239174\/revisions"}],"wp:featuredmedia":[{"embeddable":true,"href":"https:\/\/dicodusport.fr\/blog\/wp-json\/wp\/v2\/media\/239180"}],"wp:attachment":[{"href":"https:\/\/dicodusport.fr\/blog\/wp-json\/wp\/v2\/media?parent=239174"}],"wp:term":[{"taxonomy":"category","embeddable":true,"href":"https:\/\/dicodusport.fr\/blog\/wp-json\/wp\/v2\/categories?post=239174"},{"taxonomy":"post_tag","embeddable":true,"href":"https:\/\/dicodusport.fr\/blog\/wp-json\/wp\/v2\/tags?post=239174"}],"curies":[{"name":"wp","href":"https:\/\/api.w.org\/{rel}","templated":true}]}}