{"id":23927,"date":"2018-08-15T14:00:34","date_gmt":"2018-08-15T12:00:34","guid":{"rendered":"http:\/\/dicodusport.fr\/blog\/?p=23927"},"modified":"2020-11-10T19:55:20","modified_gmt":"2020-11-10T18:55:20","slug":"fernando-alonso-en-10-chiffres","status":"publish","type":"post","link":"https:\/\/dicodusport.fr\/blog\/fernando-alonso-en-10-chiffres\/","title":{"rendered":"Fernando Alonso en 10 chiffres"},"content":{"rendered":"<p style=\"text-align: justify;\"><em><strong>Le pilote espagnol l&rsquo;a annonc\u00e9 via un message vid\u00e9o, il arr\u00eatera la F1 en fin de saison. Voici sa carri\u00e8re r\u00e9sum\u00e9e en 10 chiffres.<br \/>\n<\/strong><\/em><\/p>\n<p style=\"text-align: justify;\"><strong>2<\/strong> &#8211; le nombre de titres de champion du monde qu&rsquo;il a remport\u00e9, et quels titres ! En battant le grand Michael Schumacher, Jean Todt et la Sudderia Ferrari.<\/p>\n<p style=\"text-align: justify;\"><strong>5<\/strong> &#8211; le nombre d&rsquo;\u00e9curies pour lesquelles il a couru (Minardi, Renault, Mercedes, Ferrari, McLaren)<\/p>\n<p style=\"text-align: justify;\"><strong>10<\/strong> &#8211; le nombre d&rsquo;ann\u00e9es s\u00e9parant son premier succ\u00e8s en 2003 en Hongrie et son dernier en 2013 en Espagne.<\/p>\n<p style=\"text-align: justify;\"><strong>17<\/strong>&#8211; le nombre de saisons qu&rsquo;il aura pass\u00e9 en F1, 2001 puis de 2003 \u00e0 2018.<\/p>\n<p style=\"text-align: justify;\"><strong>17<\/strong> &#8211; le nombre de Grand Prix diff\u00e9rents sur lesquels il a triomph\u00e9 (Singapour, Saint-Marin, Monaco, Malaisie, Japon, Italie, Hongrie, Grande-Bretagne, France, Europe, Espagne, Cor\u00e9e du Sud, Chine, Canada,\u00a0Bahre\u00efn, Australie et Allemagne)<\/p>\n<p style=\"text-align: justify;\"><strong>22<\/strong> &#8211; le nombre de pole positions en Formule 1<\/p>\n<p style=\"text-align: justify;\"><strong>32<\/strong>&#8211; le nombre de victoires en Formule 1<\/p>\n<p style=\"text-align: justify;\"><strong>63<\/strong> &#8211; le nombre d&rsquo;abandons en Formule 1<\/p>\n<p style=\"text-align: justify;\"><strong>97<\/strong> &#8211; le nombre de podiums en Formule 1<\/p>\n<p style=\"text-align: justify;\"><strong>312<\/strong> &#8211; le nombre de Grand Prix de Formule 1 qu&rsquo;il aura disput\u00e9 au moment de prendre sa retraite<\/p>\n<p style=\"text-align: justify;\"><em><strong>M\u00eame si son d\u00e9but de carri\u00e8re laissait pr\u00e9sager des chiffres encore plus impressionnants, le pilote espagnol laisse une trace ind\u00e9l\u00e9bile dans l&rsquo;histoire de son sport. Vamos Fernando !<br \/>\n<\/strong><\/em><\/p>\n<p><em>A noter, ces chiffres ont \u00e9t\u00e9 relev\u00e9s le 15\/08\/2018 et certains sont amen\u00e9s \u00e0 changer d&rsquo;ici la fin de sa derni\u00e8re saison.\u00a0<\/em><\/p>\n<p style=\"text-align: justify;\"><em><strong>Nicolas Jacquemard<br \/>\n<\/strong><\/em><a style=\"color: #000000;\" href=\"https:\/\/twitter.com\/Nico_Jacquemard\" target=\"_blank\" rel=\"noopener noreferrer\"><img loading=\"lazy\" decoding=\"async\" class=\"alignnone wp-image-2908\" src=\"http:\/\/dicodusport.fr\/blog\/wp-content\/uploads\/2017\/07\/logo-twitter-150x150.png\" alt=\"\" width=\"39\" height=\"39\" \/><\/a><a style=\"color: #000000;\" href=\"https:\/\/www.facebook.com\/dicodusport\/\" target=\"_blank\" rel=\"noopener noreferrer\"><img loading=\"lazy\" decoding=\"async\" class=\"alignnone wp-image-2909\" src=\"http:\/\/dicodusport.fr\/blog\/wp-content\/uploads\/2017\/07\/logo-facebook-150x150.png\" alt=\"\" width=\"40\" height=\"40\" \/><\/a><\/p>\n","protected":false},"excerpt":{"rendered":"<p>Le pilote espagnol l&rsquo;a annonc\u00e9 via un message vid\u00e9o, il arr\u00eatera la F1 en fin de saison. Voici sa carri\u00e8re r\u00e9sum\u00e9e en 10 chiffres. <\/p>\n","protected":false},"author":1,"featured_media":23971,"comment_status":"open","ping_status":"closed","sticky":false,"template":"","format":"standard","meta":{"_acf_changed":false,"_daextam_enable_autolinks":"","footnotes":""},"categories":[2,8653,2312],"tags":[4767,3166,4766,2065,5762,5761],"class_list":["post-23927","post","type-post","status-publish","format-standard","has-post-thumbnail","hentry","category-actualites","category-formule-1","category-sports-mecaniques","tag-alonso","tag-f1","tag-fernando-alonso","tag-formule-1","tag-mclaren","tag-renault"],"acf":[],"yoast_head":"<!-- This site is optimized with the Yoast SEO Premium plugin v26.7 (Yoast SEO v26.7) - https:\/\/yoast.com\/wordpress\/plugins\/seo\/ -->\n<title>Fernando Alonso en 10 chiffres<\/title>\n<meta name=\"description\" content=\"Le pilote espagnol l&#039;a annonc\u00e9 via un message vid\u00e9o, il arr\u00eatera la F1 en fin de saison. Voici sa carri\u00e8re r\u00e9sum\u00e9e en 10 chiffres.\" \/>\n<meta name=\"robots\" content=\"index, follow, max-snippet:-1, max-image-preview:large, max-video-preview:-1\" \/>\n<link rel=\"canonical\" href=\"https:\/\/dicodusport.fr\/blog\/fernando-alonso-en-10-chiffres\/\" \/>\n<meta property=\"og:locale\" content=\"fr_FR\" \/>\n<meta property=\"og:type\" content=\"article\" \/>\n<meta property=\"og:title\" content=\"Fernando Alonso en 10 chiffres\" \/>\n<meta property=\"og:description\" content=\"Le pilote espagnol l&#039;a annonc\u00e9 via un message vid\u00e9o, il arr\u00eatera la F1 en fin de saison. Voici sa carri\u00e8re r\u00e9sum\u00e9e en 10 chiffres.\" \/>\n<meta property=\"og:url\" content=\"https:\/\/dicodusport.fr\/blog\/fernando-alonso-en-10-chiffres\/\" \/>\n<meta property=\"og:site_name\" content=\"Dicodusport\" \/>\n<meta property=\"article:publisher\" content=\"https:\/\/www.facebook.com\/dicodusport\" \/>\n<meta property=\"article:author\" content=\"https:\/\/www.facebook.com\/dicodusport\" \/>\n<meta property=\"article:published_time\" content=\"2018-08-15T12:00:34+00:00\" \/>\n<meta property=\"article:modified_time\" content=\"2020-11-10T18:55:20+00:00\" \/>\n<meta property=\"og:image\" content=\"https:\/\/dicodusport.fr\/blog\/wp-content\/uploads\/2018\/08\/Fernando-Alonso-Retraite.png\" \/>\n\t<meta property=\"og:image:width\" content=\"1200\" \/>\n\t<meta property=\"og:image:height\" content=\"670\" \/>\n\t<meta property=\"og:image:type\" content=\"image\/png\" \/>\n<meta name=\"author\" content=\"Nicolas Jacquemard\" \/>\n<meta name=\"twitter:card\" content=\"summary_large_image\" \/>\n<meta name=\"twitter:creator\" content=\"@https:\/\/twitter.com\/Nico_Jacquemard\" \/>\n<meta name=\"twitter:site\" content=\"@dicodusport\" \/>\n<script type=\"application\/ld+json\" class=\"yoast-schema-graph\">{\"@context\":\"https:\/\/schema.org\",\"@graph\":[{\"@type\":\"NewsArticle\",\"@id\":\"https:\/\/dicodusport.fr\/blog\/fernando-alonso-en-10-chiffres\/#article\",\"isPartOf\":{\"@id\":\"https:\/\/dicodusport.fr\/blog\/fernando-alonso-en-10-chiffres\/\"},\"author\":{\"name\":\"Nicolas Jacquemard\",\"@id\":\"https:\/\/dicodusport.fr\/blog\/#\/schema\/person\/55dcb50ad410894e431ed812bbb70191\"},\"headline\":\"Fernando Alonso en 10 chiffres\",\"datePublished\":\"2018-08-15T12:00:34+00:00\",\"dateModified\":\"2020-11-10T18:55:20+00:00\",\"mainEntityOfPage\":{\"@id\":\"https:\/\/dicodusport.fr\/blog\/fernando-alonso-en-10-chiffres\/\"},\"wordCount\":252,\"commentCount\":0,\"publisher\":{\"@id\":\"https:\/\/dicodusport.fr\/blog\/#organization\"},\"image\":{\"@id\":\"https:\/\/dicodusport.fr\/blog\/fernando-alonso-en-10-chiffres\/#primaryimage\"},\"thumbnailUrl\":\"https:\/\/dicodusport.fr\/blog\/wp-content\/uploads\/2018\/08\/Fernando-Alonso-Retraite.png\",\"keywords\":[\"Alonso\",\"F1\",\"Fernando Alonso\",\"Formule 1\",\"McLaren\",\"Renault\"],\"articleSection\":[\"Actualit\u00e9s\",\"Formule 1\",\"Sports m\u00e9caniques\"],\"inLanguage\":\"fr-FR\",\"potentialAction\":[{\"@type\":\"CommentAction\",\"name\":\"Comment\",\"target\":[\"https:\/\/dicodusport.fr\/blog\/fernando-alonso-en-10-chiffres\/#respond\"]}],\"copyrightYear\":\"2018\",\"copyrightHolder\":{\"@id\":\"https:\/\/dicodusport.fr\/blog\/#organization\"}},{\"@type\":\"WebPage\",\"@id\":\"https:\/\/dicodusport.fr\/blog\/fernando-alonso-en-10-chiffres\/\",\"url\":\"https:\/\/dicodusport.fr\/blog\/fernando-alonso-en-10-chiffres\/\",\"name\":\"Fernando Alonso en 10 chiffres\",\"isPartOf\":{\"@id\":\"https:\/\/dicodusport.fr\/blog\/#website\"},\"primaryImageOfPage\":{\"@id\":\"https:\/\/dicodusport.fr\/blog\/fernando-alonso-en-10-chiffres\/#primaryimage\"},\"image\":{\"@id\":\"https:\/\/dicodusport.fr\/blog\/fernando-alonso-en-10-chiffres\/#primaryimage\"},\"thumbnailUrl\":\"https:\/\/dicodusport.fr\/blog\/wp-content\/uploads\/2018\/08\/Fernando-Alonso-Retraite.png\",\"datePublished\":\"2018-08-15T12:00:34+00:00\",\"dateModified\":\"2020-11-10T18:55:20+00:00\",\"description\":\"Le pilote espagnol l'a annonc\u00e9 via un message vid\u00e9o, il arr\u00eatera la F1 en fin de saison. Voici sa carri\u00e8re r\u00e9sum\u00e9e en 10 chiffres.\",\"breadcrumb\":{\"@id\":\"https:\/\/dicodusport.fr\/blog\/fernando-alonso-en-10-chiffres\/#breadcrumb\"},\"inLanguage\":\"fr-FR\",\"potentialAction\":[{\"@type\":\"ReadAction\",\"target\":[\"https:\/\/dicodusport.fr\/blog\/fernando-alonso-en-10-chiffres\/\"]}]},{\"@type\":\"ImageObject\",\"inLanguage\":\"fr-FR\",\"@id\":\"https:\/\/dicodusport.fr\/blog\/fernando-alonso-en-10-chiffres\/#primaryimage\",\"url\":\"https:\/\/dicodusport.fr\/blog\/wp-content\/uploads\/2018\/08\/Fernando-Alonso-Retraite.png\",\"contentUrl\":\"https:\/\/dicodusport.fr\/blog\/wp-content\/uploads\/2018\/08\/Fernando-Alonso-Retraite.png\",\"width\":1200,\"height\":670},{\"@type\":\"BreadcrumbList\",\"@id\":\"https:\/\/dicodusport.fr\/blog\/fernando-alonso-en-10-chiffres\/#breadcrumb\",\"itemListElement\":[{\"@type\":\"ListItem\",\"position\":1,\"name\":\"Accueil\",\"item\":\"https:\/\/dicodusport.fr\/blog\/\"},{\"@type\":\"ListItem\",\"position\":2,\"name\":\"Fernando Alonso en 10 chiffres\"}]},{\"@type\":\"WebSite\",\"@id\":\"https:\/\/dicodusport.fr\/blog\/#website\",\"url\":\"https:\/\/dicodusport.fr\/blog\/\",\"name\":\"Dicodusport\",\"description\":\"L&#039;encyclop\u00e9die de l&#039;actualit\u00e9 sportive\",\"publisher\":{\"@id\":\"https:\/\/dicodusport.fr\/blog\/#organization\"},\"potentialAction\":[{\"@type\":\"SearchAction\",\"target\":{\"@type\":\"EntryPoint\",\"urlTemplate\":\"https:\/\/dicodusport.fr\/blog\/?s={search_term_string}\"},\"query-input\":{\"@type\":\"PropertyValueSpecification\",\"valueRequired\":true,\"valueName\":\"search_term_string\"}}],\"inLanguage\":\"fr-FR\"},{\"@type\":\"NewsMediaOrganization\",\"@id\":\"https:\/\/dicodusport.fr\/blog\/#organization\",\"name\":\"Dicodusport\",\"url\":\"https:\/\/dicodusport.fr\/blog\/\",\"logo\":{\"@type\":\"ImageObject\",\"inLanguage\":\"fr-FR\",\"@id\":\"https:\/\/dicodusport.fr\/blog\/#\/schema\/logo\/image\/\",\"url\":\"https:\/\/dicodusport.fr\/blog\/wp-content\/uploads\/2020\/06\/cropped-LOGO-DICODUSPORT-2020-SANS-FOND-SANS-TEXTE.png\",\"contentUrl\":\"https:\/\/dicodusport.fr\/blog\/wp-content\/uploads\/2020\/06\/cropped-LOGO-DICODUSPORT-2020-SANS-FOND-SANS-TEXTE.png\",\"width\":512,\"height\":512,\"caption\":\"Dicodusport\"},\"image\":{\"@id\":\"https:\/\/dicodusport.fr\/blog\/#\/schema\/logo\/image\/\"},\"sameAs\":[\"https:\/\/www.facebook.com\/dicodusport\",\"https:\/\/x.com\/dicodusport\",\"https:\/\/www.instagram.com\/dicodusport\/\",\"https:\/\/www.youtube.com\/channel\/UC7V2KZ5sd3htJivAbA4ZG3w\"],\"description\":\"Dicodusport est l'encyclop\u00e9die de l'actualit\u00e9 sportive.\",\"email\":\"bonjour@dicodusport.fr\",\"legalName\":\"DICODUSPORT\",\"foundingDate\":\"2018-01-14\",\"vatID\":\"FR71834470973\",\"taxID\":\"83447097300043\",\"numberOfEmployees\":{\"@type\":\"QuantitativeValue\",\"minValue\":\"1\",\"maxValue\":\"10\"}},{\"@type\":\"Person\",\"@id\":\"https:\/\/dicodusport.fr\/blog\/#\/schema\/person\/55dcb50ad410894e431ed812bbb70191\",\"name\":\"Nicolas Jacquemard\",\"image\":{\"@type\":\"ImageObject\",\"inLanguage\":\"fr-FR\",\"@id\":\"https:\/\/dicodusport.fr\/blog\/#\/schema\/person\/image\/\",\"url\":\"https:\/\/dicodusport.fr\/blog\/wp-content\/uploads\/2021\/05\/Nicolas-Jacquemard-150x150.jpeg\",\"contentUrl\":\"https:\/\/dicodusport.fr\/blog\/wp-content\/uploads\/2021\/05\/Nicolas-Jacquemard-150x150.jpeg\",\"caption\":\"Nicolas Jacquemard\"},\"description\":\"Passionn\u00e9 de sport et entrepreneur depuis mes 18 ans, la cr\u00e9ation de Dicodusport m'a sembl\u00e9 \u00e9vidente pour participer \u00e0 la m\u00e9diatisation d'un plus grand nombre de sports. Le chemin est long mais avec une \u00e9quipe des plus motiv\u00e9es et les Jeux Olympiques de Paris 2024 en point de mire, nous y arriverons ! Journaliste dans le monde du sport depuis plus de 5 ans, je traite aussi bien de football, de rugby, de biathlon que de cyclisme.\",\"sameAs\":[\"https:\/\/www.facebook.com\/dicodusport\",\"https:\/\/x.com\/https:\/\/twitter.com\/Nico_Jacquemard\"],\"url\":\"https:\/\/dicodusport.fr\/blog\/author\/dicodusport\/\"}]}<\/script>\n<!-- \/ Yoast SEO Premium plugin. -->","yoast_head_json":{"title":"Fernando Alonso en 10 chiffres","description":"Le pilote espagnol l'a annonc\u00e9 via un message vid\u00e9o, il arr\u00eatera la F1 en fin de saison. Voici sa carri\u00e8re r\u00e9sum\u00e9e en 10 chiffres.","robots":{"index":"index","follow":"follow","max-snippet":"max-snippet:-1","max-image-preview":"max-image-preview:large","max-video-preview":"max-video-preview:-1"},"canonical":"https:\/\/dicodusport.fr\/blog\/fernando-alonso-en-10-chiffres\/","og_locale":"fr_FR","og_type":"article","og_title":"Fernando Alonso en 10 chiffres","og_description":"Le pilote espagnol l'a annonc\u00e9 via un message vid\u00e9o, il arr\u00eatera la F1 en fin de saison. Voici sa carri\u00e8re r\u00e9sum\u00e9e en 10 chiffres.","og_url":"https:\/\/dicodusport.fr\/blog\/fernando-alonso-en-10-chiffres\/","og_site_name":"Dicodusport","article_publisher":"https:\/\/www.facebook.com\/dicodusport","article_author":"https:\/\/www.facebook.com\/dicodusport","article_published_time":"2018-08-15T12:00:34+00:00","article_modified_time":"2020-11-10T18:55:20+00:00","og_image":[{"width":1200,"height":670,"url":"https:\/\/dicodusport.fr\/blog\/wp-content\/uploads\/2018\/08\/Fernando-Alonso-Retraite.png","type":"image\/png"}],"author":"Nicolas Jacquemard","twitter_card":"summary_large_image","twitter_creator":"@https:\/\/twitter.com\/Nico_Jacquemard","twitter_site":"@dicodusport","schema":{"@context":"https:\/\/schema.org","@graph":[{"@type":"NewsArticle","@id":"https:\/\/dicodusport.fr\/blog\/fernando-alonso-en-10-chiffres\/#article","isPartOf":{"@id":"https:\/\/dicodusport.fr\/blog\/fernando-alonso-en-10-chiffres\/"},"author":{"name":"Nicolas Jacquemard","@id":"https:\/\/dicodusport.fr\/blog\/#\/schema\/person\/55dcb50ad410894e431ed812bbb70191"},"headline":"Fernando Alonso en 10 chiffres","datePublished":"2018-08-15T12:00:34+00:00","dateModified":"2020-11-10T18:55:20+00:00","mainEntityOfPage":{"@id":"https:\/\/dicodusport.fr\/blog\/fernando-alonso-en-10-chiffres\/"},"wordCount":252,"commentCount":0,"publisher":{"@id":"https:\/\/dicodusport.fr\/blog\/#organization"},"image":{"@id":"https:\/\/dicodusport.fr\/blog\/fernando-alonso-en-10-chiffres\/#primaryimage"},"thumbnailUrl":"https:\/\/dicodusport.fr\/blog\/wp-content\/uploads\/2018\/08\/Fernando-Alonso-Retraite.png","keywords":["Alonso","F1","Fernando Alonso","Formule 1","McLaren","Renault"],"articleSection":["Actualit\u00e9s","Formule 1","Sports m\u00e9caniques"],"inLanguage":"fr-FR","potentialAction":[{"@type":"CommentAction","name":"Comment","target":["https:\/\/dicodusport.fr\/blog\/fernando-alonso-en-10-chiffres\/#respond"]}],"copyrightYear":"2018","copyrightHolder":{"@id":"https:\/\/dicodusport.fr\/blog\/#organization"}},{"@type":"WebPage","@id":"https:\/\/dicodusport.fr\/blog\/fernando-alonso-en-10-chiffres\/","url":"https:\/\/dicodusport.fr\/blog\/fernando-alonso-en-10-chiffres\/","name":"Fernando Alonso en 10 chiffres","isPartOf":{"@id":"https:\/\/dicodusport.fr\/blog\/#website"},"primaryImageOfPage":{"@id":"https:\/\/dicodusport.fr\/blog\/fernando-alonso-en-10-chiffres\/#primaryimage"},"image":{"@id":"https:\/\/dicodusport.fr\/blog\/fernando-alonso-en-10-chiffres\/#primaryimage"},"thumbnailUrl":"https:\/\/dicodusport.fr\/blog\/wp-content\/uploads\/2018\/08\/Fernando-Alonso-Retraite.png","datePublished":"2018-08-15T12:00:34+00:00","dateModified":"2020-11-10T18:55:20+00:00","description":"Le pilote espagnol l'a annonc\u00e9 via un message vid\u00e9o, il arr\u00eatera la F1 en fin de saison. Voici sa carri\u00e8re r\u00e9sum\u00e9e en 10 chiffres.","breadcrumb":{"@id":"https:\/\/dicodusport.fr\/blog\/fernando-alonso-en-10-chiffres\/#breadcrumb"},"inLanguage":"fr-FR","potentialAction":[{"@type":"ReadAction","target":["https:\/\/dicodusport.fr\/blog\/fernando-alonso-en-10-chiffres\/"]}]},{"@type":"ImageObject","inLanguage":"fr-FR","@id":"https:\/\/dicodusport.fr\/blog\/fernando-alonso-en-10-chiffres\/#primaryimage","url":"https:\/\/dicodusport.fr\/blog\/wp-content\/uploads\/2018\/08\/Fernando-Alonso-Retraite.png","contentUrl":"https:\/\/dicodusport.fr\/blog\/wp-content\/uploads\/2018\/08\/Fernando-Alonso-Retraite.png","width":1200,"height":670},{"@type":"BreadcrumbList","@id":"https:\/\/dicodusport.fr\/blog\/fernando-alonso-en-10-chiffres\/#breadcrumb","itemListElement":[{"@type":"ListItem","position":1,"name":"Accueil","item":"https:\/\/dicodusport.fr\/blog\/"},{"@type":"ListItem","position":2,"name":"Fernando Alonso en 10 chiffres"}]},{"@type":"WebSite","@id":"https:\/\/dicodusport.fr\/blog\/#website","url":"https:\/\/dicodusport.fr\/blog\/","name":"Dicodusport","description":"L&#039;encyclop\u00e9die de l&#039;actualit\u00e9 sportive","publisher":{"@id":"https:\/\/dicodusport.fr\/blog\/#organization"},"potentialAction":[{"@type":"SearchAction","target":{"@type":"EntryPoint","urlTemplate":"https:\/\/dicodusport.fr\/blog\/?s={search_term_string}"},"query-input":{"@type":"PropertyValueSpecification","valueRequired":true,"valueName":"search_term_string"}}],"inLanguage":"fr-FR"},{"@type":"NewsMediaOrganization","@id":"https:\/\/dicodusport.fr\/blog\/#organization","name":"Dicodusport","url":"https:\/\/dicodusport.fr\/blog\/","logo":{"@type":"ImageObject","inLanguage":"fr-FR","@id":"https:\/\/dicodusport.fr\/blog\/#\/schema\/logo\/image\/","url":"https:\/\/dicodusport.fr\/blog\/wp-content\/uploads\/2020\/06\/cropped-LOGO-DICODUSPORT-2020-SANS-FOND-SANS-TEXTE.png","contentUrl":"https:\/\/dicodusport.fr\/blog\/wp-content\/uploads\/2020\/06\/cropped-LOGO-DICODUSPORT-2020-SANS-FOND-SANS-TEXTE.png","width":512,"height":512,"caption":"Dicodusport"},"image":{"@id":"https:\/\/dicodusport.fr\/blog\/#\/schema\/logo\/image\/"},"sameAs":["https:\/\/www.facebook.com\/dicodusport","https:\/\/x.com\/dicodusport","https:\/\/www.instagram.com\/dicodusport\/","https:\/\/www.youtube.com\/channel\/UC7V2KZ5sd3htJivAbA4ZG3w"],"description":"Dicodusport est l'encyclop\u00e9die de l'actualit\u00e9 sportive.","email":"bonjour@dicodusport.fr","legalName":"DICODUSPORT","foundingDate":"2018-01-14","vatID":"FR71834470973","taxID":"83447097300043","numberOfEmployees":{"@type":"QuantitativeValue","minValue":"1","maxValue":"10"}},{"@type":"Person","@id":"https:\/\/dicodusport.fr\/blog\/#\/schema\/person\/55dcb50ad410894e431ed812bbb70191","name":"Nicolas Jacquemard","image":{"@type":"ImageObject","inLanguage":"fr-FR","@id":"https:\/\/dicodusport.fr\/blog\/#\/schema\/person\/image\/","url":"https:\/\/dicodusport.fr\/blog\/wp-content\/uploads\/2021\/05\/Nicolas-Jacquemard-150x150.jpeg","contentUrl":"https:\/\/dicodusport.fr\/blog\/wp-content\/uploads\/2021\/05\/Nicolas-Jacquemard-150x150.jpeg","caption":"Nicolas Jacquemard"},"description":"Passionn\u00e9 de sport et entrepreneur depuis mes 18 ans, la cr\u00e9ation de Dicodusport m'a sembl\u00e9 \u00e9vidente pour participer \u00e0 la m\u00e9diatisation d'un plus grand nombre de sports. Le chemin est long mais avec une \u00e9quipe des plus motiv\u00e9es et les Jeux Olympiques de Paris 2024 en point de mire, nous y arriverons ! Journaliste dans le monde du sport depuis plus de 5 ans, je traite aussi bien de football, de rugby, de biathlon que de cyclisme.","sameAs":["https:\/\/www.facebook.com\/dicodusport","https:\/\/x.com\/https:\/\/twitter.com\/Nico_Jacquemard"],"url":"https:\/\/dicodusport.fr\/blog\/author\/dicodusport\/"}]}},"_links":{"self":[{"href":"https:\/\/dicodusport.fr\/blog\/wp-json\/wp\/v2\/posts\/23927","targetHints":{"allow":["GET"]}}],"collection":[{"href":"https:\/\/dicodusport.fr\/blog\/wp-json\/wp\/v2\/posts"}],"about":[{"href":"https:\/\/dicodusport.fr\/blog\/wp-json\/wp\/v2\/types\/post"}],"author":[{"embeddable":true,"href":"https:\/\/dicodusport.fr\/blog\/wp-json\/wp\/v2\/users\/1"}],"replies":[{"embeddable":true,"href":"https:\/\/dicodusport.fr\/blog\/wp-json\/wp\/v2\/comments?post=23927"}],"version-history":[{"count":0,"href":"https:\/\/dicodusport.fr\/blog\/wp-json\/wp\/v2\/posts\/23927\/revisions"}],"wp:featuredmedia":[{"embeddable":true,"href":"https:\/\/dicodusport.fr\/blog\/wp-json\/wp\/v2\/media\/23971"}],"wp:attachment":[{"href":"https:\/\/dicodusport.fr\/blog\/wp-json\/wp\/v2\/media?parent=23927"}],"wp:term":[{"taxonomy":"category","embeddable":true,"href":"https:\/\/dicodusport.fr\/blog\/wp-json\/wp\/v2\/categories?post=23927"},{"taxonomy":"post_tag","embeddable":true,"href":"https:\/\/dicodusport.fr\/blog\/wp-json\/wp\/v2\/tags?post=23927"}],"curies":[{"name":"wp","href":"https:\/\/api.w.org\/{rel}","templated":true}]}}