{"id":239380,"date":"2022-07-02T15:20:32","date_gmt":"2022-07-02T13:20:32","guid":{"rendered":"https:\/\/dicodusport.fr\/blog\/?p=239380&#038;preview=true&#038;preview_id=239380"},"modified":"2022-07-02T15:35:00","modified_gmt":"2022-07-02T13:35:00","slug":"las-monaco-va-soffrir-andrea-belotti","status":"publish","type":"post","link":"https:\/\/dicodusport.fr\/blog\/las-monaco-va-soffrir-andrea-belotti\/","title":{"rendered":"L&rsquo;AS Monaco va s&rsquo;offrir Andrea Belotti"},"content":{"rendered":"<p style=\"text-align: justify;\"><b><i>LIGUE 1 2022-2023 &#8211; Selon plusieurs sources, l&rsquo;AS Monaco va signer l&rsquo;international italien, Andrea Belotti.<\/i><\/b><\/p>\n<p style=\"text-align: justify;\">Alors que l&rsquo;Olympique Lyonnais a r\u00e9alis\u00e9 des gros coups avec <a href=\"https:\/\/dicodusport.fr\/blog\/ol-un-onze-de-depart-solide-pour-retrouver-les-sommets-de-la-ligue-1\/\">les retours de <strong>Corentin Tolisso<\/strong> et <strong>Alexandre Lacazette<\/strong><\/a>, l&rsquo;AS Monaco ne devrait pas \u00eatre en reste. Apr\u00e8s la signature de Takumi Minamino en provenance de Liverpool, le club de la principaut\u00e9 serait tout proche de signer l&rsquo;international italien <strong>Andrea Belotti<\/strong>. \u00c0 28 ans, l&rsquo;attaquant est libre de s&rsquo;engager avec le club qu&rsquo;il souhaite depuis son d\u00e9part du Torino, o\u00f9 il a pass\u00e9 sept saisons. Il reste sur une saison compliqu\u00e9e, mais a tout de m\u00eame marqu\u00e9 100 buts en 232 matchs de <strong>Serie A<\/strong> lors de son passage avec le club de Turin. L&rsquo;<strong>AS Monaco<\/strong> tient un attaquant au profil atypique pour tenter de passer le barrage de la prochaine Ligue des Champions.<\/p>\n<blockquote class=\"twitter-tweet\">\n<p dir=\"ltr\" lang=\"fr\">Monaco est tout proche de boucler le dossier !<a href=\"https:\/\/t.co\/zXVewpTT4Z\">https:\/\/t.co\/zXVewpTT4Z<\/a><\/p>\n<p>\u2014 Foot Mercato (@footmercato) <a href=\"https:\/\/twitter.com\/footmercato\/status\/1543174243067858944?ref_src=twsrc%5Etfw\">July 2, 2022<\/a><\/p><\/blockquote>\n<p><script async src=\"https:\/\/platform.twitter.com\/widgets.js\" charset=\"utf-8\"><\/script><\/p>\n","protected":false},"excerpt":{"rendered":"<p>LIGUE 1 2022-2023 &#8211; Selon plusieurs sources, l&rsquo;AS Monaco va signer l&rsquo;international italien, Andrea Belotti.<\/p>\n","protected":false},"author":1,"featured_media":239381,"comment_status":"open","ping_status":"closed","sticky":false,"template":"","format":"standard","meta":{"_acf_changed":false,"_daextam_enable_autolinks":"","footnotes":""},"categories":[2301,47045],"tags":[1691,75,1555],"class_list":["post-239380","post","type-post","status-publish","format-standard","has-post-thumbnail","hentry","category-football","category-ligue-1","tag-as-monaco","tag-football","tag-mercato"],"acf":[],"yoast_head":"<!-- This site is optimized with the Yoast SEO Premium plugin v26.7 (Yoast SEO v26.7) - https:\/\/yoast.com\/wordpress\/plugins\/seo\/ -->\n<title>L&#039;AS Monaco va s&#039;offrir Andrea Belotti<\/title>\n<meta name=\"description\" content=\"LIGUE 1 2022-2023 - Selon plusieurs sources, l&#039;AS Monaco va signer l&#039;international italien, Andrea Belotti.\" \/>\n<meta name=\"robots\" content=\"index, follow, max-snippet:-1, max-image-preview:large, max-video-preview:-1\" \/>\n<link rel=\"canonical\" href=\"https:\/\/dicodusport.fr\/blog\/las-monaco-va-soffrir-andrea-belotti\/\" \/>\n<meta property=\"og:locale\" content=\"fr_FR\" \/>\n<meta property=\"og:type\" content=\"article\" \/>\n<meta property=\"og:title\" content=\"L&#039;AS Monaco va s&#039;offrir Andrea Belotti\" \/>\n<meta property=\"og:description\" content=\"LIGUE 1 2022-2023 - Selon plusieurs sources, l&#039;AS Monaco va signer l&#039;international italien, Andrea Belotti.\" \/>\n<meta property=\"og:url\" content=\"https:\/\/dicodusport.fr\/blog\/las-monaco-va-soffrir-andrea-belotti\/\" \/>\n<meta property=\"og:site_name\" content=\"Dicodusport\" \/>\n<meta property=\"article:publisher\" content=\"https:\/\/www.facebook.com\/dicodusport\" \/>\n<meta property=\"article:author\" content=\"https:\/\/www.facebook.com\/dicodusport\" \/>\n<meta property=\"article:published_time\" content=\"2022-07-02T13:20:32+00:00\" \/>\n<meta property=\"article:modified_time\" content=\"2022-07-02T13:35:00+00:00\" \/>\n<meta property=\"og:image\" content=\"https:\/\/dicodusport.fr\/blog\/wp-content\/uploads\/2022\/07\/LAS-Monaco-va-soffrir-Andrea-Belotti.png\" \/>\n\t<meta property=\"og:image:width\" content=\"800\" \/>\n\t<meta property=\"og:image:height\" content=\"445\" \/>\n\t<meta property=\"og:image:type\" content=\"image\/png\" \/>\n<meta name=\"author\" content=\"Nicolas Jacquemard\" \/>\n<meta name=\"twitter:card\" content=\"summary_large_image\" \/>\n<meta name=\"twitter:title\" content=\"L&#039;AS Monaco va s&#039;offrir Andrea Belotti\" \/>\n<meta name=\"twitter:creator\" content=\"@https:\/\/twitter.com\/Nico_Jacquemard\" \/>\n<meta name=\"twitter:site\" content=\"@dicodusport\" \/>\n<script type=\"application\/ld+json\" class=\"yoast-schema-graph\">{\"@context\":\"https:\/\/schema.org\",\"@graph\":[{\"@type\":\"NewsArticle\",\"@id\":\"https:\/\/dicodusport.fr\/blog\/las-monaco-va-soffrir-andrea-belotti\/#article\",\"isPartOf\":{\"@id\":\"https:\/\/dicodusport.fr\/blog\/las-monaco-va-soffrir-andrea-belotti\/\"},\"author\":{\"name\":\"Nicolas Jacquemard\",\"@id\":\"https:\/\/dicodusport.fr\/blog\/#\/schema\/person\/55dcb50ad410894e431ed812bbb70191\"},\"headline\":\"L&rsquo;AS Monaco va s&rsquo;offrir Andrea Belotti\",\"datePublished\":\"2022-07-02T13:20:32+00:00\",\"dateModified\":\"2022-07-02T13:35:00+00:00\",\"mainEntityOfPage\":{\"@id\":\"https:\/\/dicodusport.fr\/blog\/las-monaco-va-soffrir-andrea-belotti\/\"},\"wordCount\":172,\"commentCount\":0,\"publisher\":{\"@id\":\"https:\/\/dicodusport.fr\/blog\/#organization\"},\"image\":{\"@id\":\"https:\/\/dicodusport.fr\/blog\/las-monaco-va-soffrir-andrea-belotti\/#primaryimage\"},\"thumbnailUrl\":\"https:\/\/dicodusport.fr\/blog\/wp-content\/uploads\/2022\/07\/LAS-Monaco-va-soffrir-Andrea-Belotti.png\",\"keywords\":[\"AS Monaco\",\"Football\",\"Mercato\"],\"articleSection\":[\"Football\",\"Ligue 1\"],\"inLanguage\":\"fr-FR\",\"potentialAction\":[{\"@type\":\"CommentAction\",\"name\":\"Comment\",\"target\":[\"https:\/\/dicodusport.fr\/blog\/las-monaco-va-soffrir-andrea-belotti\/#respond\"]}],\"copyrightYear\":\"2022\",\"copyrightHolder\":{\"@id\":\"https:\/\/dicodusport.fr\/blog\/#organization\"}},{\"@type\":\"WebPage\",\"@id\":\"https:\/\/dicodusport.fr\/blog\/las-monaco-va-soffrir-andrea-belotti\/\",\"url\":\"https:\/\/dicodusport.fr\/blog\/las-monaco-va-soffrir-andrea-belotti\/\",\"name\":\"L'AS Monaco va s'offrir Andrea Belotti\",\"isPartOf\":{\"@id\":\"https:\/\/dicodusport.fr\/blog\/#website\"},\"primaryImageOfPage\":{\"@id\":\"https:\/\/dicodusport.fr\/blog\/las-monaco-va-soffrir-andrea-belotti\/#primaryimage\"},\"image\":{\"@id\":\"https:\/\/dicodusport.fr\/blog\/las-monaco-va-soffrir-andrea-belotti\/#primaryimage\"},\"thumbnailUrl\":\"https:\/\/dicodusport.fr\/blog\/wp-content\/uploads\/2022\/07\/LAS-Monaco-va-soffrir-Andrea-Belotti.png\",\"datePublished\":\"2022-07-02T13:20:32+00:00\",\"dateModified\":\"2022-07-02T13:35:00+00:00\",\"description\":\"LIGUE 1 2022-2023 - Selon plusieurs sources, l'AS Monaco va signer l'international italien, Andrea Belotti.\",\"breadcrumb\":{\"@id\":\"https:\/\/dicodusport.fr\/blog\/las-monaco-va-soffrir-andrea-belotti\/#breadcrumb\"},\"inLanguage\":\"fr-FR\",\"potentialAction\":[{\"@type\":\"ReadAction\",\"target\":[\"https:\/\/dicodusport.fr\/blog\/las-monaco-va-soffrir-andrea-belotti\/\"]}]},{\"@type\":\"ImageObject\",\"inLanguage\":\"fr-FR\",\"@id\":\"https:\/\/dicodusport.fr\/blog\/las-monaco-va-soffrir-andrea-belotti\/#primaryimage\",\"url\":\"https:\/\/dicodusport.fr\/blog\/wp-content\/uploads\/2022\/07\/LAS-Monaco-va-soffrir-Andrea-Belotti.png\",\"contentUrl\":\"https:\/\/dicodusport.fr\/blog\/wp-content\/uploads\/2022\/07\/LAS-Monaco-va-soffrir-Andrea-Belotti.png\",\"width\":800,\"height\":445},{\"@type\":\"BreadcrumbList\",\"@id\":\"https:\/\/dicodusport.fr\/blog\/las-monaco-va-soffrir-andrea-belotti\/#breadcrumb\",\"itemListElement\":[{\"@type\":\"ListItem\",\"position\":1,\"name\":\"Accueil\",\"item\":\"https:\/\/dicodusport.fr\/blog\/\"},{\"@type\":\"ListItem\",\"position\":2,\"name\":\"L&rsquo;AS Monaco va s&rsquo;offrir Andrea Belotti\"}]},{\"@type\":\"WebSite\",\"@id\":\"https:\/\/dicodusport.fr\/blog\/#website\",\"url\":\"https:\/\/dicodusport.fr\/blog\/\",\"name\":\"Dicodusport\",\"description\":\"L&#039;encyclop\u00e9die de l&#039;actualit\u00e9 sportive\",\"publisher\":{\"@id\":\"https:\/\/dicodusport.fr\/blog\/#organization\"},\"potentialAction\":[{\"@type\":\"SearchAction\",\"target\":{\"@type\":\"EntryPoint\",\"urlTemplate\":\"https:\/\/dicodusport.fr\/blog\/?s={search_term_string}\"},\"query-input\":{\"@type\":\"PropertyValueSpecification\",\"valueRequired\":true,\"valueName\":\"search_term_string\"}}],\"inLanguage\":\"fr-FR\"},{\"@type\":\"NewsMediaOrganization\",\"@id\":\"https:\/\/dicodusport.fr\/blog\/#organization\",\"name\":\"Dicodusport\",\"url\":\"https:\/\/dicodusport.fr\/blog\/\",\"logo\":{\"@type\":\"ImageObject\",\"inLanguage\":\"fr-FR\",\"@id\":\"https:\/\/dicodusport.fr\/blog\/#\/schema\/logo\/image\/\",\"url\":\"https:\/\/dicodusport.fr\/blog\/wp-content\/uploads\/2020\/06\/cropped-LOGO-DICODUSPORT-2020-SANS-FOND-SANS-TEXTE.png\",\"contentUrl\":\"https:\/\/dicodusport.fr\/blog\/wp-content\/uploads\/2020\/06\/cropped-LOGO-DICODUSPORT-2020-SANS-FOND-SANS-TEXTE.png\",\"width\":512,\"height\":512,\"caption\":\"Dicodusport\"},\"image\":{\"@id\":\"https:\/\/dicodusport.fr\/blog\/#\/schema\/logo\/image\/\"},\"sameAs\":[\"https:\/\/www.facebook.com\/dicodusport\",\"https:\/\/x.com\/dicodusport\",\"https:\/\/www.instagram.com\/dicodusport\/\",\"https:\/\/www.youtube.com\/channel\/UC7V2KZ5sd3htJivAbA4ZG3w\"],\"description\":\"Dicodusport est l'encyclop\u00e9die de l'actualit\u00e9 sportive.\",\"email\":\"bonjour@dicodusport.fr\",\"legalName\":\"DICODUSPORT\",\"foundingDate\":\"2018-01-14\",\"vatID\":\"FR71834470973\",\"taxID\":\"83447097300043\",\"numberOfEmployees\":{\"@type\":\"QuantitativeValue\",\"minValue\":\"1\",\"maxValue\":\"10\"}},{\"@type\":\"Person\",\"@id\":\"https:\/\/dicodusport.fr\/blog\/#\/schema\/person\/55dcb50ad410894e431ed812bbb70191\",\"name\":\"Nicolas Jacquemard\",\"image\":{\"@type\":\"ImageObject\",\"inLanguage\":\"fr-FR\",\"@id\":\"https:\/\/dicodusport.fr\/blog\/#\/schema\/person\/image\/\",\"url\":\"https:\/\/dicodusport.fr\/blog\/wp-content\/uploads\/2021\/05\/Nicolas-Jacquemard-150x150.jpeg\",\"contentUrl\":\"https:\/\/dicodusport.fr\/blog\/wp-content\/uploads\/2021\/05\/Nicolas-Jacquemard-150x150.jpeg\",\"caption\":\"Nicolas Jacquemard\"},\"description\":\"Passionn\u00e9 de sport et entrepreneur depuis mes 18 ans, la cr\u00e9ation de Dicodusport m'a sembl\u00e9 \u00e9vidente pour participer \u00e0 la m\u00e9diatisation d'un plus grand nombre de sports. Le chemin est long mais avec une \u00e9quipe des plus motiv\u00e9es et les Jeux Olympiques de Paris 2024 en point de mire, nous y arriverons ! Journaliste dans le monde du sport depuis plus de 5 ans, je traite aussi bien de football, de rugby, de biathlon que de cyclisme.\",\"sameAs\":[\"https:\/\/www.facebook.com\/dicodusport\",\"https:\/\/x.com\/https:\/\/twitter.com\/Nico_Jacquemard\"],\"url\":\"https:\/\/dicodusport.fr\/blog\/author\/dicodusport\/\"}]}<\/script>\n<!-- \/ Yoast SEO Premium plugin. -->","yoast_head_json":{"title":"L'AS Monaco va s'offrir Andrea Belotti","description":"LIGUE 1 2022-2023 - Selon plusieurs sources, l'AS Monaco va signer l'international italien, Andrea Belotti.","robots":{"index":"index","follow":"follow","max-snippet":"max-snippet:-1","max-image-preview":"max-image-preview:large","max-video-preview":"max-video-preview:-1"},"canonical":"https:\/\/dicodusport.fr\/blog\/las-monaco-va-soffrir-andrea-belotti\/","og_locale":"fr_FR","og_type":"article","og_title":"L'AS Monaco va s'offrir Andrea Belotti","og_description":"LIGUE 1 2022-2023 - Selon plusieurs sources, l'AS Monaco va signer l'international italien, Andrea Belotti.","og_url":"https:\/\/dicodusport.fr\/blog\/las-monaco-va-soffrir-andrea-belotti\/","og_site_name":"Dicodusport","article_publisher":"https:\/\/www.facebook.com\/dicodusport","article_author":"https:\/\/www.facebook.com\/dicodusport","article_published_time":"2022-07-02T13:20:32+00:00","article_modified_time":"2022-07-02T13:35:00+00:00","og_image":[{"width":800,"height":445,"url":"https:\/\/dicodusport.fr\/blog\/wp-content\/uploads\/2022\/07\/LAS-Monaco-va-soffrir-Andrea-Belotti.png","type":"image\/png"}],"author":"Nicolas Jacquemard","twitter_card":"summary_large_image","twitter_title":"L'AS Monaco va s'offrir Andrea Belotti","twitter_creator":"@https:\/\/twitter.com\/Nico_Jacquemard","twitter_site":"@dicodusport","schema":{"@context":"https:\/\/schema.org","@graph":[{"@type":"NewsArticle","@id":"https:\/\/dicodusport.fr\/blog\/las-monaco-va-soffrir-andrea-belotti\/#article","isPartOf":{"@id":"https:\/\/dicodusport.fr\/blog\/las-monaco-va-soffrir-andrea-belotti\/"},"author":{"name":"Nicolas Jacquemard","@id":"https:\/\/dicodusport.fr\/blog\/#\/schema\/person\/55dcb50ad410894e431ed812bbb70191"},"headline":"L&rsquo;AS Monaco va s&rsquo;offrir Andrea Belotti","datePublished":"2022-07-02T13:20:32+00:00","dateModified":"2022-07-02T13:35:00+00:00","mainEntityOfPage":{"@id":"https:\/\/dicodusport.fr\/blog\/las-monaco-va-soffrir-andrea-belotti\/"},"wordCount":172,"commentCount":0,"publisher":{"@id":"https:\/\/dicodusport.fr\/blog\/#organization"},"image":{"@id":"https:\/\/dicodusport.fr\/blog\/las-monaco-va-soffrir-andrea-belotti\/#primaryimage"},"thumbnailUrl":"https:\/\/dicodusport.fr\/blog\/wp-content\/uploads\/2022\/07\/LAS-Monaco-va-soffrir-Andrea-Belotti.png","keywords":["AS Monaco","Football","Mercato"],"articleSection":["Football","Ligue 1"],"inLanguage":"fr-FR","potentialAction":[{"@type":"CommentAction","name":"Comment","target":["https:\/\/dicodusport.fr\/blog\/las-monaco-va-soffrir-andrea-belotti\/#respond"]}],"copyrightYear":"2022","copyrightHolder":{"@id":"https:\/\/dicodusport.fr\/blog\/#organization"}},{"@type":"WebPage","@id":"https:\/\/dicodusport.fr\/blog\/las-monaco-va-soffrir-andrea-belotti\/","url":"https:\/\/dicodusport.fr\/blog\/las-monaco-va-soffrir-andrea-belotti\/","name":"L'AS Monaco va s'offrir Andrea Belotti","isPartOf":{"@id":"https:\/\/dicodusport.fr\/blog\/#website"},"primaryImageOfPage":{"@id":"https:\/\/dicodusport.fr\/blog\/las-monaco-va-soffrir-andrea-belotti\/#primaryimage"},"image":{"@id":"https:\/\/dicodusport.fr\/blog\/las-monaco-va-soffrir-andrea-belotti\/#primaryimage"},"thumbnailUrl":"https:\/\/dicodusport.fr\/blog\/wp-content\/uploads\/2022\/07\/LAS-Monaco-va-soffrir-Andrea-Belotti.png","datePublished":"2022-07-02T13:20:32+00:00","dateModified":"2022-07-02T13:35:00+00:00","description":"LIGUE 1 2022-2023 - Selon plusieurs sources, l'AS Monaco va signer l'international italien, Andrea Belotti.","breadcrumb":{"@id":"https:\/\/dicodusport.fr\/blog\/las-monaco-va-soffrir-andrea-belotti\/#breadcrumb"},"inLanguage":"fr-FR","potentialAction":[{"@type":"ReadAction","target":["https:\/\/dicodusport.fr\/blog\/las-monaco-va-soffrir-andrea-belotti\/"]}]},{"@type":"ImageObject","inLanguage":"fr-FR","@id":"https:\/\/dicodusport.fr\/blog\/las-monaco-va-soffrir-andrea-belotti\/#primaryimage","url":"https:\/\/dicodusport.fr\/blog\/wp-content\/uploads\/2022\/07\/LAS-Monaco-va-soffrir-Andrea-Belotti.png","contentUrl":"https:\/\/dicodusport.fr\/blog\/wp-content\/uploads\/2022\/07\/LAS-Monaco-va-soffrir-Andrea-Belotti.png","width":800,"height":445},{"@type":"BreadcrumbList","@id":"https:\/\/dicodusport.fr\/blog\/las-monaco-va-soffrir-andrea-belotti\/#breadcrumb","itemListElement":[{"@type":"ListItem","position":1,"name":"Accueil","item":"https:\/\/dicodusport.fr\/blog\/"},{"@type":"ListItem","position":2,"name":"L&rsquo;AS Monaco va s&rsquo;offrir Andrea Belotti"}]},{"@type":"WebSite","@id":"https:\/\/dicodusport.fr\/blog\/#website","url":"https:\/\/dicodusport.fr\/blog\/","name":"Dicodusport","description":"L&#039;encyclop\u00e9die de l&#039;actualit\u00e9 sportive","publisher":{"@id":"https:\/\/dicodusport.fr\/blog\/#organization"},"potentialAction":[{"@type":"SearchAction","target":{"@type":"EntryPoint","urlTemplate":"https:\/\/dicodusport.fr\/blog\/?s={search_term_string}"},"query-input":{"@type":"PropertyValueSpecification","valueRequired":true,"valueName":"search_term_string"}}],"inLanguage":"fr-FR"},{"@type":"NewsMediaOrganization","@id":"https:\/\/dicodusport.fr\/blog\/#organization","name":"Dicodusport","url":"https:\/\/dicodusport.fr\/blog\/","logo":{"@type":"ImageObject","inLanguage":"fr-FR","@id":"https:\/\/dicodusport.fr\/blog\/#\/schema\/logo\/image\/","url":"https:\/\/dicodusport.fr\/blog\/wp-content\/uploads\/2020\/06\/cropped-LOGO-DICODUSPORT-2020-SANS-FOND-SANS-TEXTE.png","contentUrl":"https:\/\/dicodusport.fr\/blog\/wp-content\/uploads\/2020\/06\/cropped-LOGO-DICODUSPORT-2020-SANS-FOND-SANS-TEXTE.png","width":512,"height":512,"caption":"Dicodusport"},"image":{"@id":"https:\/\/dicodusport.fr\/blog\/#\/schema\/logo\/image\/"},"sameAs":["https:\/\/www.facebook.com\/dicodusport","https:\/\/x.com\/dicodusport","https:\/\/www.instagram.com\/dicodusport\/","https:\/\/www.youtube.com\/channel\/UC7V2KZ5sd3htJivAbA4ZG3w"],"description":"Dicodusport est l'encyclop\u00e9die de l'actualit\u00e9 sportive.","email":"bonjour@dicodusport.fr","legalName":"DICODUSPORT","foundingDate":"2018-01-14","vatID":"FR71834470973","taxID":"83447097300043","numberOfEmployees":{"@type":"QuantitativeValue","minValue":"1","maxValue":"10"}},{"@type":"Person","@id":"https:\/\/dicodusport.fr\/blog\/#\/schema\/person\/55dcb50ad410894e431ed812bbb70191","name":"Nicolas Jacquemard","image":{"@type":"ImageObject","inLanguage":"fr-FR","@id":"https:\/\/dicodusport.fr\/blog\/#\/schema\/person\/image\/","url":"https:\/\/dicodusport.fr\/blog\/wp-content\/uploads\/2021\/05\/Nicolas-Jacquemard-150x150.jpeg","contentUrl":"https:\/\/dicodusport.fr\/blog\/wp-content\/uploads\/2021\/05\/Nicolas-Jacquemard-150x150.jpeg","caption":"Nicolas Jacquemard"},"description":"Passionn\u00e9 de sport et entrepreneur depuis mes 18 ans, la cr\u00e9ation de Dicodusport m'a sembl\u00e9 \u00e9vidente pour participer \u00e0 la m\u00e9diatisation d'un plus grand nombre de sports. Le chemin est long mais avec une \u00e9quipe des plus motiv\u00e9es et les Jeux Olympiques de Paris 2024 en point de mire, nous y arriverons ! Journaliste dans le monde du sport depuis plus de 5 ans, je traite aussi bien de football, de rugby, de biathlon que de cyclisme.","sameAs":["https:\/\/www.facebook.com\/dicodusport","https:\/\/x.com\/https:\/\/twitter.com\/Nico_Jacquemard"],"url":"https:\/\/dicodusport.fr\/blog\/author\/dicodusport\/"}]}},"_links":{"self":[{"href":"https:\/\/dicodusport.fr\/blog\/wp-json\/wp\/v2\/posts\/239380","targetHints":{"allow":["GET"]}}],"collection":[{"href":"https:\/\/dicodusport.fr\/blog\/wp-json\/wp\/v2\/posts"}],"about":[{"href":"https:\/\/dicodusport.fr\/blog\/wp-json\/wp\/v2\/types\/post"}],"author":[{"embeddable":true,"href":"https:\/\/dicodusport.fr\/blog\/wp-json\/wp\/v2\/users\/1"}],"replies":[{"embeddable":true,"href":"https:\/\/dicodusport.fr\/blog\/wp-json\/wp\/v2\/comments?post=239380"}],"version-history":[{"count":0,"href":"https:\/\/dicodusport.fr\/blog\/wp-json\/wp\/v2\/posts\/239380\/revisions"}],"wp:featuredmedia":[{"embeddable":true,"href":"https:\/\/dicodusport.fr\/blog\/wp-json\/wp\/v2\/media\/239381"}],"wp:attachment":[{"href":"https:\/\/dicodusport.fr\/blog\/wp-json\/wp\/v2\/media?parent=239380"}],"wp:term":[{"taxonomy":"category","embeddable":true,"href":"https:\/\/dicodusport.fr\/blog\/wp-json\/wp\/v2\/categories?post=239380"},{"taxonomy":"post_tag","embeddable":true,"href":"https:\/\/dicodusport.fr\/blog\/wp-json\/wp\/v2\/tags?post=239380"}],"curies":[{"name":"wp","href":"https:\/\/api.w.org\/{rel}","templated":true}]}}