{"id":23951,"date":"2018-08-15T12:00:57","date_gmt":"2018-08-15T10:00:57","guid":{"rendered":"http:\/\/dicodusport.fr\/blog\/?p=23951"},"modified":"2018-08-16T08:28:20","modified_gmt":"2018-08-16T06:28:20","slug":"ligue-1-mbappe-et-maintenant","status":"publish","type":"post","link":"https:\/\/dicodusport.fr\/blog\/ligue-1-mbappe-et-maintenant\/","title":{"rendered":"Ligue 1 : Mbapp\u00e9, et maintenant\u00a0?"},"content":{"rendered":"<p style=\"text-align: justify;\"><em><strong>Si la nouvelle saison de Ligue 1 a d\u00e9marr\u00e9 pour le PSG avec une victoire face \u00e0 Caen, Kylian Mbapp\u00e9 lui n\u2019a pas encore gout\u00e9 au terrain sous les ordres de Thomas Tuchel. Le meilleur jeune de la Coupe du Monde 2018 se sait attendu mais continue de travailler en toute humilit\u00e9 et maturit\u00e9, sa marque de fabrique.<\/strong><\/em><\/p>\n<h4 style=\"text-align: justify;\">Star de nos c\u0153urs<\/h4>\n<p style=\"text-align: justify;\">La question \u00e9vidente que se posent les amateurs de football, la twittosph\u00e8re ou encore les supporters du PSG\u00a0: qui est la \u00ab\u00a0star\u00a0\u00bb du Paris Saint-Germain\u00a0? Entre Neymar et Mbapp\u00e9, il peut y avoir d\u00e9bat, en th\u00e9orie. En pratique, c\u2019est clair et net dans l\u2019esprit de tous, et surtout du jeune tricolore. La vraie star, c\u2019est le Br\u00e9silien. Si le statut du natif de Bondy ne fait qu\u2019\u00e9voluer par ses performances et son statut de champion du monde, Mbapp\u00e9 n\u2019a que 19 ans. L\u2019\u00e2ge ne lui enl\u00e8ve rien, mais comme il l\u2019a signifi\u00e9 pendant la Coupe du monde en Russie, son r\u00f4le reste pour l\u2019instant celui du co\u00e9quipier mod\u00e8le. Forc\u00e9ment, pour nous, il est plus que cela. Mais patience, son tour viendra de mani\u00e8re naturelle. Son passage du num\u00e9ro 29 au num\u00e9ro 7 n\u2019est pas anodin\u00a0: Mbapp\u00e9 comprend comment plaire et n\u2019a pas peur du risque, sur un num\u00e9ro qui donne de l\u2019ambition par son c\u00f4t\u00e9 historique.<\/p>\n<p style=\"text-align: justify;\">De plus, Kylian Mbapp\u00e9 doit continuer son travail face aux m\u00e9dias. Son innocence, sa v\u00e9rit\u00e9, sa r\u00e9flexion sont encore les \u00e9l\u00e9ments constitutifs de son image, ceux qui r\u00e9ussissent et favorisent son d\u00e9veloppement.<\/p>\n<div id=\"attachment_23954\" style=\"width: 740px\" class=\"wp-caption aligncenter\"><img loading=\"lazy\" decoding=\"async\" aria-describedby=\"caption-attachment-23954\" class=\"wp-image-23954 \" src=\"http:\/\/dicodusport.fr\/blog\/wp-content\/uploads\/2018\/08\/Mbapp\u00e9-et-neymar.jpg\" alt=\"\" width=\"730\" height=\"412\" srcset=\"https:\/\/dicodusport.fr\/blog\/wp-content\/uploads\/2018\/08\/Mbapp\u00e9-et-neymar.jpg 1260w, https:\/\/dicodusport.fr\/blog\/wp-content\/uploads\/2018\/08\/Mbapp\u00e9-et-neymar-300x170.jpg 300w, https:\/\/dicodusport.fr\/blog\/wp-content\/uploads\/2018\/08\/Mbapp\u00e9-et-neymar-768x434.jpg 768w, https:\/\/dicodusport.fr\/blog\/wp-content\/uploads\/2018\/08\/Mbapp\u00e9-et-neymar-1024x579.jpg 1024w\" sizes=\"auto, (max-width: 730px) 100vw, 730px\" \/><p id=\"caption-attachment-23954\" class=\"wp-caption-text\">Mbapp\u00e9 et Neymar, la compl\u00e9mentarit\u00e9 avant tout &#8211; AFP<\/p><\/div>\n<h4 style=\"text-align: justify;\">Encore progresser et gagner\u00a0!<\/h4>\n<p style=\"text-align: justify;\">L\u2019arriv\u00e9e de Thomas Tuchel ne peut \u00eatre que b\u00e9n\u00e9fique pour Kylian. Une exp\u00e9rience suppl\u00e9mentaire d\u2019un coach qui va lui apporter une nouvelle vision du football, un nouveau contenu et de la r\u00e9flexion sur son jeu. Le coach allemand lui n\u2019attend qu\u2019une seule chose\u00a0: faire briller son trident offensif, la \u00ab\u00a0MCN\u00a0\u00bb, en les rendant davantage compl\u00e9mentaires. Pour cela, il s\u2019agira de continuer de \u00ab\u00a0polir\u00a0\u00bb Mbapp\u00e9. Aujourd\u2019hui, il n\u2019y a pas forc\u00e9ment de points sur le terrain o\u00f9 le tricolore doit \u00e9voluer, notamment sur ses qualit\u00e9s intrins\u00e8ques. C\u2019est surtout sur son habilit\u00e9 \u00e0 se fondre dans un collectif, \u00e0 faire jouer les autres.<\/p>\n<p style=\"text-align: justify;\">L\u2019aspect tactique d\u00e9pend forc\u00e9ment de sa compr\u00e9hension du jeu, mais surtout de comment Tuchel va le mettre dans les meilleures dispositions pour faire de lui le compl\u00e9ment id\u00e9al des autres. Mais aussi le propulser vers les sommets, encore plus. En 44 matches la saison pass\u00e9e, Mbapp\u00e9 a marqu\u00e9 21 buts pour 15 passes d\u00e9cisives r\u00e9alis\u00e9es. Une premi\u00e8re bonne saison au PSG, qui a pourtant sembl\u00e9 parfois poussive. Pour cela, l\u2019objectif est clair\u00a0: confirmer encore en Ligue 1 et \u00e9blouir l\u2019Europe par la Ligue des Champions. S\u2019il a d\u00e9j\u00e0 tout gagn\u00e9 en France, la voie europ\u00e9enne ne fait qu\u2019accentuer la progression mais aussi son statut aux yeux du monde entier. Pour finalement un seul et unique objectif\u00a0: le Ballon d\u2019Or.<\/p>\n<div id=\"attachment_23956\" style=\"width: 710px\" class=\"wp-caption aligncenter\"><img loading=\"lazy\" decoding=\"async\" aria-describedby=\"caption-attachment-23956\" class=\" wp-image-23956\" src=\"http:\/\/dicodusport.fr\/blog\/wp-content\/uploads\/2018\/08\/Mbapp\u00e9-LDC.jpg\" alt=\"\" width=\"700\" height=\"466\" srcset=\"https:\/\/dicodusport.fr\/blog\/wp-content\/uploads\/2018\/08\/Mbapp\u00e9-LDC.jpg 1000w, https:\/\/dicodusport.fr\/blog\/wp-content\/uploads\/2018\/08\/Mbapp\u00e9-LDC-300x200.jpg 300w, https:\/\/dicodusport.fr\/blog\/wp-content\/uploads\/2018\/08\/Mbapp\u00e9-LDC-768x511.jpg 768w\" sizes=\"auto, (max-width: 700px) 100vw, 700px\" \/><p id=\"caption-attachment-23956\" class=\"wp-caption-text\">Performer en Ligue des Champions avec le PSG &#8211; AFP<\/p><\/div>\n<p><em><strong>Romain Delanis<br \/>\n<a href=\"https:\/\/twitter.com\/RDelanis\" target=\"_blank\" rel=\"noopener noreferrer\"><img loading=\"lazy\" decoding=\"async\" class=\"alignnone wp-image-2908\" src=\"http:\/\/dicodusport.fr\/blog\/wp-content\/uploads\/2017\/07\/logo-twitter-150x150.png\" alt=\"\" width=\"39\" height=\"39\" \/><\/a><\/strong><\/em><\/p>\n","protected":false},"excerpt":{"rendered":"<p>Kylian Mbapp\u00e9 n&rsquo;a pas encore d\u00e9marr\u00e9 sa saison avec le PSG. Que faut-il attendre de la nouvelle star du football fran\u00e7ais ? <\/p>\n","protected":false},"author":14,"featured_media":23962,"comment_status":"open","ping_status":"closed","sticky":false,"template":"","format":"standard","meta":{"_acf_changed":false,"_daextam_enable_autolinks":"","footnotes":""},"categories":[2,2301],"tags":[199,75,2236,4883,910],"class_list":["post-23951","post","type-post","status-publish","format-standard","has-post-thumbnail","hentry","category-actualites","category-football","tag-equipe-de-france","tag-football","tag-kylian-mbappe","tag-ligue-1-conforama","tag-psg"],"acf":[],"yoast_head":"<!-- This site is optimized with the Yoast SEO Premium plugin v26.7 (Yoast SEO v26.7) - https:\/\/yoast.com\/wordpress\/plugins\/seo\/ -->\n<title>Ligue 1 : Mbapp\u00e9, et maintenant\u00a0?<\/title>\n<meta name=\"description\" content=\"Kylian Mbapp\u00e9 n&#039;a pas encore d\u00e9marr\u00e9 sa saison avec le PSG. Que faut-il attendre de la nouvelle star du football fran\u00e7ais ?\" \/>\n<meta name=\"robots\" content=\"index, follow, max-snippet:-1, max-image-preview:large, max-video-preview:-1\" \/>\n<link rel=\"canonical\" href=\"https:\/\/dicodusport.fr\/blog\/ligue-1-mbappe-et-maintenant\/\" \/>\n<meta property=\"og:locale\" content=\"fr_FR\" \/>\n<meta property=\"og:type\" content=\"article\" \/>\n<meta property=\"og:title\" content=\"Ligue 1 : Mbapp\u00e9, et maintenant\u00a0?\" \/>\n<meta property=\"og:description\" content=\"Kylian Mbapp\u00e9 n&#039;a pas encore d\u00e9marr\u00e9 sa saison avec le PSG. Que faut-il attendre de la nouvelle star du football fran\u00e7ais ?\" \/>\n<meta property=\"og:url\" content=\"https:\/\/dicodusport.fr\/blog\/ligue-1-mbappe-et-maintenant\/\" \/>\n<meta property=\"og:site_name\" content=\"Dicodusport\" \/>\n<meta property=\"article:publisher\" content=\"https:\/\/www.facebook.com\/dicodusport\" \/>\n<meta property=\"article:published_time\" content=\"2018-08-15T10:00:57+00:00\" \/>\n<meta property=\"article:modified_time\" content=\"2018-08-16T06:28:20+00:00\" \/>\n<meta property=\"og:image\" content=\"https:\/\/dicodusport.fr\/blog\/wp-content\/uploads\/2018\/08\/Kylian-Mbapp\u00e9.png\" \/>\n\t<meta property=\"og:image:width\" content=\"800\" \/>\n\t<meta property=\"og:image:height\" content=\"445\" \/>\n\t<meta property=\"og:image:type\" content=\"image\/png\" \/>\n<meta name=\"author\" content=\"Romain Delanis\" \/>\n<meta name=\"twitter:card\" content=\"summary_large_image\" \/>\n<meta name=\"twitter:creator\" content=\"@https:\/\/twitter.com\/RDelanis\" \/>\n<meta name=\"twitter:site\" content=\"@dicodusport\" \/>\n<script type=\"application\/ld+json\" class=\"yoast-schema-graph\">{\"@context\":\"https:\/\/schema.org\",\"@graph\":[{\"@type\":\"NewsArticle\",\"@id\":\"https:\/\/dicodusport.fr\/blog\/ligue-1-mbappe-et-maintenant\/#article\",\"isPartOf\":{\"@id\":\"https:\/\/dicodusport.fr\/blog\/ligue-1-mbappe-et-maintenant\/\"},\"author\":{\"name\":\"Romain Delanis\",\"@id\":\"https:\/\/dicodusport.fr\/blog\/#\/schema\/person\/8c78730a59f8a1e617f7a19026ebc14a\"},\"headline\":\"Ligue 1 : Mbapp\u00e9, et maintenant\u00a0?\",\"datePublished\":\"2018-08-15T10:00:57+00:00\",\"dateModified\":\"2018-08-16T06:28:20+00:00\",\"mainEntityOfPage\":{\"@id\":\"https:\/\/dicodusport.fr\/blog\/ligue-1-mbappe-et-maintenant\/\"},\"wordCount\":572,\"commentCount\":0,\"publisher\":{\"@id\":\"https:\/\/dicodusport.fr\/blog\/#organization\"},\"image\":{\"@id\":\"https:\/\/dicodusport.fr\/blog\/ligue-1-mbappe-et-maintenant\/#primaryimage\"},\"thumbnailUrl\":\"https:\/\/dicodusport.fr\/blog\/wp-content\/uploads\/2018\/08\/Kylian-Mbapp\u00e9.png\",\"keywords\":[\"\u00c9quipe de France\",\"Football\",\"Kylian Mbapp\u00e9\",\"Ligue 1 Conforama\",\"PSG\"],\"articleSection\":[\"Actualit\u00e9s\",\"Football\"],\"inLanguage\":\"fr-FR\",\"potentialAction\":[{\"@type\":\"CommentAction\",\"name\":\"Comment\",\"target\":[\"https:\/\/dicodusport.fr\/blog\/ligue-1-mbappe-et-maintenant\/#respond\"]}],\"copyrightYear\":\"2018\",\"copyrightHolder\":{\"@id\":\"https:\/\/dicodusport.fr\/blog\/#organization\"}},{\"@type\":\"WebPage\",\"@id\":\"https:\/\/dicodusport.fr\/blog\/ligue-1-mbappe-et-maintenant\/\",\"url\":\"https:\/\/dicodusport.fr\/blog\/ligue-1-mbappe-et-maintenant\/\",\"name\":\"Ligue 1 : Mbapp\u00e9, et maintenant\u00a0?\",\"isPartOf\":{\"@id\":\"https:\/\/dicodusport.fr\/blog\/#website\"},\"primaryImageOfPage\":{\"@id\":\"https:\/\/dicodusport.fr\/blog\/ligue-1-mbappe-et-maintenant\/#primaryimage\"},\"image\":{\"@id\":\"https:\/\/dicodusport.fr\/blog\/ligue-1-mbappe-et-maintenant\/#primaryimage\"},\"thumbnailUrl\":\"https:\/\/dicodusport.fr\/blog\/wp-content\/uploads\/2018\/08\/Kylian-Mbapp\u00e9.png\",\"datePublished\":\"2018-08-15T10:00:57+00:00\",\"dateModified\":\"2018-08-16T06:28:20+00:00\",\"description\":\"Kylian Mbapp\u00e9 n'a pas encore d\u00e9marr\u00e9 sa saison avec le PSG. Que faut-il attendre de la nouvelle star du football fran\u00e7ais ?\",\"breadcrumb\":{\"@id\":\"https:\/\/dicodusport.fr\/blog\/ligue-1-mbappe-et-maintenant\/#breadcrumb\"},\"inLanguage\":\"fr-FR\",\"potentialAction\":[{\"@type\":\"ReadAction\",\"target\":[\"https:\/\/dicodusport.fr\/blog\/ligue-1-mbappe-et-maintenant\/\"]}]},{\"@type\":\"ImageObject\",\"inLanguage\":\"fr-FR\",\"@id\":\"https:\/\/dicodusport.fr\/blog\/ligue-1-mbappe-et-maintenant\/#primaryimage\",\"url\":\"https:\/\/dicodusport.fr\/blog\/wp-content\/uploads\/2018\/08\/Kylian-Mbapp\u00e9.png\",\"contentUrl\":\"https:\/\/dicodusport.fr\/blog\/wp-content\/uploads\/2018\/08\/Kylian-Mbapp\u00e9.png\",\"width\":800,\"height\":445},{\"@type\":\"BreadcrumbList\",\"@id\":\"https:\/\/dicodusport.fr\/blog\/ligue-1-mbappe-et-maintenant\/#breadcrumb\",\"itemListElement\":[{\"@type\":\"ListItem\",\"position\":1,\"name\":\"Accueil\",\"item\":\"https:\/\/dicodusport.fr\/blog\/\"},{\"@type\":\"ListItem\",\"position\":2,\"name\":\"Ligue 1 : Mbapp\u00e9, et maintenant\u00a0?\"}]},{\"@type\":\"WebSite\",\"@id\":\"https:\/\/dicodusport.fr\/blog\/#website\",\"url\":\"https:\/\/dicodusport.fr\/blog\/\",\"name\":\"Dicodusport\",\"description\":\"L&#039;encyclop\u00e9die de l&#039;actualit\u00e9 sportive\",\"publisher\":{\"@id\":\"https:\/\/dicodusport.fr\/blog\/#organization\"},\"potentialAction\":[{\"@type\":\"SearchAction\",\"target\":{\"@type\":\"EntryPoint\",\"urlTemplate\":\"https:\/\/dicodusport.fr\/blog\/?s={search_term_string}\"},\"query-input\":{\"@type\":\"PropertyValueSpecification\",\"valueRequired\":true,\"valueName\":\"search_term_string\"}}],\"inLanguage\":\"fr-FR\"},{\"@type\":\"NewsMediaOrganization\",\"@id\":\"https:\/\/dicodusport.fr\/blog\/#organization\",\"name\":\"Dicodusport\",\"url\":\"https:\/\/dicodusport.fr\/blog\/\",\"logo\":{\"@type\":\"ImageObject\",\"inLanguage\":\"fr-FR\",\"@id\":\"https:\/\/dicodusport.fr\/blog\/#\/schema\/logo\/image\/\",\"url\":\"https:\/\/dicodusport.fr\/blog\/wp-content\/uploads\/2020\/06\/cropped-LOGO-DICODUSPORT-2020-SANS-FOND-SANS-TEXTE.png\",\"contentUrl\":\"https:\/\/dicodusport.fr\/blog\/wp-content\/uploads\/2020\/06\/cropped-LOGO-DICODUSPORT-2020-SANS-FOND-SANS-TEXTE.png\",\"width\":512,\"height\":512,\"caption\":\"Dicodusport\"},\"image\":{\"@id\":\"https:\/\/dicodusport.fr\/blog\/#\/schema\/logo\/image\/\"},\"sameAs\":[\"https:\/\/www.facebook.com\/dicodusport\",\"https:\/\/x.com\/dicodusport\",\"https:\/\/www.instagram.com\/dicodusport\/\",\"https:\/\/www.youtube.com\/channel\/UC7V2KZ5sd3htJivAbA4ZG3w\"],\"description\":\"Dicodusport est l'encyclop\u00e9die de l'actualit\u00e9 sportive.\",\"email\":\"bonjour@dicodusport.fr\",\"legalName\":\"DICODUSPORT\",\"foundingDate\":\"2018-01-14\",\"vatID\":\"FR71834470973\",\"taxID\":\"83447097300043\",\"numberOfEmployees\":{\"@type\":\"QuantitativeValue\",\"minValue\":\"1\",\"maxValue\":\"10\"}},{\"@type\":\"Person\",\"@id\":\"https:\/\/dicodusport.fr\/blog\/#\/schema\/person\/8c78730a59f8a1e617f7a19026ebc14a\",\"name\":\"Romain Delanis\",\"image\":{\"@type\":\"ImageObject\",\"inLanguage\":\"fr-FR\",\"@id\":\"https:\/\/dicodusport.fr\/blog\/#\/schema\/person\/image\/\",\"url\":\"https:\/\/dicodusport.fr\/blog\/wp-content\/uploads\/2021\/05\/Romain-Delanis-150x150.jpg\",\"contentUrl\":\"https:\/\/dicodusport.fr\/blog\/wp-content\/uploads\/2021\/05\/Romain-Delanis-150x150.jpg\",\"caption\":\"Romain Delanis\"},\"description\":\"Journaliste\/R\u00e9dacteur depuis novembre 2015 - Capable de passer un samedi apr\u00e8s-midi devant la Ligue 2 puis le biathlon sans oublier la finale de l\u2019ATP Rotterdam, j\u2019aime aussi mettre mon r\u00e9veil pour me faire un Pistons\/Bulls qui rappelle de bons souvenirs. Tout cela, j\u2019ai choisi il y a maintenant quelques temps de vous le raconter avec Dicodusport, pour vous faire vivre ma passion parfois inconsid\u00e9r\u00e9e pour le sport en g\u00e9n\u00e9ral (mais surtout le foot faut se l\u2019avouer).\",\"sameAs\":[\"https:\/\/x.com\/https:\/\/twitter.com\/RDelanis\"],\"url\":\"https:\/\/dicodusport.fr\/blog\/author\/romain\/\"}]}<\/script>\n<!-- \/ Yoast SEO Premium plugin. -->","yoast_head_json":{"title":"Ligue 1 : Mbapp\u00e9, et maintenant\u00a0?","description":"Kylian Mbapp\u00e9 n'a pas encore d\u00e9marr\u00e9 sa saison avec le PSG. Que faut-il attendre de la nouvelle star du football fran\u00e7ais ?","robots":{"index":"index","follow":"follow","max-snippet":"max-snippet:-1","max-image-preview":"max-image-preview:large","max-video-preview":"max-video-preview:-1"},"canonical":"https:\/\/dicodusport.fr\/blog\/ligue-1-mbappe-et-maintenant\/","og_locale":"fr_FR","og_type":"article","og_title":"Ligue 1 : Mbapp\u00e9, et maintenant\u00a0?","og_description":"Kylian Mbapp\u00e9 n'a pas encore d\u00e9marr\u00e9 sa saison avec le PSG. Que faut-il attendre de la nouvelle star du football fran\u00e7ais ?","og_url":"https:\/\/dicodusport.fr\/blog\/ligue-1-mbappe-et-maintenant\/","og_site_name":"Dicodusport","article_publisher":"https:\/\/www.facebook.com\/dicodusport","article_published_time":"2018-08-15T10:00:57+00:00","article_modified_time":"2018-08-16T06:28:20+00:00","og_image":[{"width":800,"height":445,"url":"https:\/\/dicodusport.fr\/blog\/wp-content\/uploads\/2018\/08\/Kylian-Mbapp\u00e9.png","type":"image\/png"}],"author":"Romain Delanis","twitter_card":"summary_large_image","twitter_creator":"@https:\/\/twitter.com\/RDelanis","twitter_site":"@dicodusport","schema":{"@context":"https:\/\/schema.org","@graph":[{"@type":"NewsArticle","@id":"https:\/\/dicodusport.fr\/blog\/ligue-1-mbappe-et-maintenant\/#article","isPartOf":{"@id":"https:\/\/dicodusport.fr\/blog\/ligue-1-mbappe-et-maintenant\/"},"author":{"name":"Romain Delanis","@id":"https:\/\/dicodusport.fr\/blog\/#\/schema\/person\/8c78730a59f8a1e617f7a19026ebc14a"},"headline":"Ligue 1 : Mbapp\u00e9, et maintenant\u00a0?","datePublished":"2018-08-15T10:00:57+00:00","dateModified":"2018-08-16T06:28:20+00:00","mainEntityOfPage":{"@id":"https:\/\/dicodusport.fr\/blog\/ligue-1-mbappe-et-maintenant\/"},"wordCount":572,"commentCount":0,"publisher":{"@id":"https:\/\/dicodusport.fr\/blog\/#organization"},"image":{"@id":"https:\/\/dicodusport.fr\/blog\/ligue-1-mbappe-et-maintenant\/#primaryimage"},"thumbnailUrl":"https:\/\/dicodusport.fr\/blog\/wp-content\/uploads\/2018\/08\/Kylian-Mbapp\u00e9.png","keywords":["\u00c9quipe de France","Football","Kylian Mbapp\u00e9","Ligue 1 Conforama","PSG"],"articleSection":["Actualit\u00e9s","Football"],"inLanguage":"fr-FR","potentialAction":[{"@type":"CommentAction","name":"Comment","target":["https:\/\/dicodusport.fr\/blog\/ligue-1-mbappe-et-maintenant\/#respond"]}],"copyrightYear":"2018","copyrightHolder":{"@id":"https:\/\/dicodusport.fr\/blog\/#organization"}},{"@type":"WebPage","@id":"https:\/\/dicodusport.fr\/blog\/ligue-1-mbappe-et-maintenant\/","url":"https:\/\/dicodusport.fr\/blog\/ligue-1-mbappe-et-maintenant\/","name":"Ligue 1 : Mbapp\u00e9, et maintenant\u00a0?","isPartOf":{"@id":"https:\/\/dicodusport.fr\/blog\/#website"},"primaryImageOfPage":{"@id":"https:\/\/dicodusport.fr\/blog\/ligue-1-mbappe-et-maintenant\/#primaryimage"},"image":{"@id":"https:\/\/dicodusport.fr\/blog\/ligue-1-mbappe-et-maintenant\/#primaryimage"},"thumbnailUrl":"https:\/\/dicodusport.fr\/blog\/wp-content\/uploads\/2018\/08\/Kylian-Mbapp\u00e9.png","datePublished":"2018-08-15T10:00:57+00:00","dateModified":"2018-08-16T06:28:20+00:00","description":"Kylian Mbapp\u00e9 n'a pas encore d\u00e9marr\u00e9 sa saison avec le PSG. Que faut-il attendre de la nouvelle star du football fran\u00e7ais ?","breadcrumb":{"@id":"https:\/\/dicodusport.fr\/blog\/ligue-1-mbappe-et-maintenant\/#breadcrumb"},"inLanguage":"fr-FR","potentialAction":[{"@type":"ReadAction","target":["https:\/\/dicodusport.fr\/blog\/ligue-1-mbappe-et-maintenant\/"]}]},{"@type":"ImageObject","inLanguage":"fr-FR","@id":"https:\/\/dicodusport.fr\/blog\/ligue-1-mbappe-et-maintenant\/#primaryimage","url":"https:\/\/dicodusport.fr\/blog\/wp-content\/uploads\/2018\/08\/Kylian-Mbapp\u00e9.png","contentUrl":"https:\/\/dicodusport.fr\/blog\/wp-content\/uploads\/2018\/08\/Kylian-Mbapp\u00e9.png","width":800,"height":445},{"@type":"BreadcrumbList","@id":"https:\/\/dicodusport.fr\/blog\/ligue-1-mbappe-et-maintenant\/#breadcrumb","itemListElement":[{"@type":"ListItem","position":1,"name":"Accueil","item":"https:\/\/dicodusport.fr\/blog\/"},{"@type":"ListItem","position":2,"name":"Ligue 1 : Mbapp\u00e9, et maintenant\u00a0?"}]},{"@type":"WebSite","@id":"https:\/\/dicodusport.fr\/blog\/#website","url":"https:\/\/dicodusport.fr\/blog\/","name":"Dicodusport","description":"L&#039;encyclop\u00e9die de l&#039;actualit\u00e9 sportive","publisher":{"@id":"https:\/\/dicodusport.fr\/blog\/#organization"},"potentialAction":[{"@type":"SearchAction","target":{"@type":"EntryPoint","urlTemplate":"https:\/\/dicodusport.fr\/blog\/?s={search_term_string}"},"query-input":{"@type":"PropertyValueSpecification","valueRequired":true,"valueName":"search_term_string"}}],"inLanguage":"fr-FR"},{"@type":"NewsMediaOrganization","@id":"https:\/\/dicodusport.fr\/blog\/#organization","name":"Dicodusport","url":"https:\/\/dicodusport.fr\/blog\/","logo":{"@type":"ImageObject","inLanguage":"fr-FR","@id":"https:\/\/dicodusport.fr\/blog\/#\/schema\/logo\/image\/","url":"https:\/\/dicodusport.fr\/blog\/wp-content\/uploads\/2020\/06\/cropped-LOGO-DICODUSPORT-2020-SANS-FOND-SANS-TEXTE.png","contentUrl":"https:\/\/dicodusport.fr\/blog\/wp-content\/uploads\/2020\/06\/cropped-LOGO-DICODUSPORT-2020-SANS-FOND-SANS-TEXTE.png","width":512,"height":512,"caption":"Dicodusport"},"image":{"@id":"https:\/\/dicodusport.fr\/blog\/#\/schema\/logo\/image\/"},"sameAs":["https:\/\/www.facebook.com\/dicodusport","https:\/\/x.com\/dicodusport","https:\/\/www.instagram.com\/dicodusport\/","https:\/\/www.youtube.com\/channel\/UC7V2KZ5sd3htJivAbA4ZG3w"],"description":"Dicodusport est l'encyclop\u00e9die de l'actualit\u00e9 sportive.","email":"bonjour@dicodusport.fr","legalName":"DICODUSPORT","foundingDate":"2018-01-14","vatID":"FR71834470973","taxID":"83447097300043","numberOfEmployees":{"@type":"QuantitativeValue","minValue":"1","maxValue":"10"}},{"@type":"Person","@id":"https:\/\/dicodusport.fr\/blog\/#\/schema\/person\/8c78730a59f8a1e617f7a19026ebc14a","name":"Romain Delanis","image":{"@type":"ImageObject","inLanguage":"fr-FR","@id":"https:\/\/dicodusport.fr\/blog\/#\/schema\/person\/image\/","url":"https:\/\/dicodusport.fr\/blog\/wp-content\/uploads\/2021\/05\/Romain-Delanis-150x150.jpg","contentUrl":"https:\/\/dicodusport.fr\/blog\/wp-content\/uploads\/2021\/05\/Romain-Delanis-150x150.jpg","caption":"Romain Delanis"},"description":"Journaliste\/R\u00e9dacteur depuis novembre 2015 - Capable de passer un samedi apr\u00e8s-midi devant la Ligue 2 puis le biathlon sans oublier la finale de l\u2019ATP Rotterdam, j\u2019aime aussi mettre mon r\u00e9veil pour me faire un Pistons\/Bulls qui rappelle de bons souvenirs. Tout cela, j\u2019ai choisi il y a maintenant quelques temps de vous le raconter avec Dicodusport, pour vous faire vivre ma passion parfois inconsid\u00e9r\u00e9e pour le sport en g\u00e9n\u00e9ral (mais surtout le foot faut se l\u2019avouer).","sameAs":["https:\/\/x.com\/https:\/\/twitter.com\/RDelanis"],"url":"https:\/\/dicodusport.fr\/blog\/author\/romain\/"}]}},"_links":{"self":[{"href":"https:\/\/dicodusport.fr\/blog\/wp-json\/wp\/v2\/posts\/23951","targetHints":{"allow":["GET"]}}],"collection":[{"href":"https:\/\/dicodusport.fr\/blog\/wp-json\/wp\/v2\/posts"}],"about":[{"href":"https:\/\/dicodusport.fr\/blog\/wp-json\/wp\/v2\/types\/post"}],"author":[{"embeddable":true,"href":"https:\/\/dicodusport.fr\/blog\/wp-json\/wp\/v2\/users\/14"}],"replies":[{"embeddable":true,"href":"https:\/\/dicodusport.fr\/blog\/wp-json\/wp\/v2\/comments?post=23951"}],"version-history":[{"count":0,"href":"https:\/\/dicodusport.fr\/blog\/wp-json\/wp\/v2\/posts\/23951\/revisions"}],"wp:featuredmedia":[{"embeddable":true,"href":"https:\/\/dicodusport.fr\/blog\/wp-json\/wp\/v2\/media\/23962"}],"wp:attachment":[{"href":"https:\/\/dicodusport.fr\/blog\/wp-json\/wp\/v2\/media?parent=23951"}],"wp:term":[{"taxonomy":"category","embeddable":true,"href":"https:\/\/dicodusport.fr\/blog\/wp-json\/wp\/v2\/categories?post=23951"},{"taxonomy":"post_tag","embeddable":true,"href":"https:\/\/dicodusport.fr\/blog\/wp-json\/wp\/v2\/tags?post=23951"}],"curies":[{"name":"wp","href":"https:\/\/api.w.org\/{rel}","templated":true}]}}