{"id":239661,"date":"2022-07-03T12:25:23","date_gmt":"2022-07-03T10:25:23","guid":{"rendered":"https:\/\/dicodusport.fr\/blog\/?p=239661&#038;preview=true&#038;preview_id=239661"},"modified":"2022-07-03T13:31:39","modified_gmt":"2022-07-03T11:31:39","slug":"f2-grande-bretagne-theo-pourchaire-termine-deuxieme-derriere-logan-sargeant","status":"publish","type":"post","link":"https:\/\/dicodusport.fr\/blog\/f2-grande-bretagne-theo-pourchaire-termine-deuxieme-derriere-logan-sargeant\/","title":{"rendered":"F2 Grande-Bretagne : Th\u00e9o Pourchaire termine deuxi\u00e8me derri\u00e8re Logan Sargeant"},"content":{"rendered":"<p style=\"text-align: justify;\"><strong><em><a href=\"https:\/\/dicodusport.fr\/blog\/actualites\/sports-mecaniques\/formule-2\/\">FORMULE 2<\/a> \u2013 Apr\u00e8s sa deuxi\u00e8me place \u00e0 Monaco, le Fran\u00e7ais Th\u00e9o Pourchaire (ART Grand Prix), a r\u00e9it\u00e9r\u00e9 cette performance lors de la course principale \u00e0 Silverstone. Le pilote de 18 ans, originaire de Grasse, a \u00e9t\u00e9 devanc\u00e9 par l&rsquo;Am\u00e9ricain Logan Sargeant (Carlin) qui n\u2019a commis aucune erreur pour sa premi\u00e8re victoire en carri\u00e8re. Son co\u00e9quipier Liam Lawson (Carlin) compl\u00e8te le podium. L\u2019autre Fran\u00e7ais, Cl\u00e9ment Novalak (MP Motorsport), a termin\u00e9 13\u00e8me.<\/em><\/strong><\/p>\n<p style=\"text-align: justify;\"><strong>Th\u00e9o Pourchaire<\/strong>\u00a0(ART Grand Prix) partait en deuxi\u00e8me ligne, de la 4<sup>\u00e8me<\/sup> position, et a r\u00e9alis\u00e9 un super d\u00e9part. L\u2019Am\u00e9ricain <strong>Logan Sargeant<\/strong> (Carlin) s\u2019\u00e9lan\u00e7ait de la pole position et l\u2019a conserv\u00e9e juste devant le Fran\u00e7ais. C\u2019est alors qu\u2019un accident impressionnant s\u2019est produit, impliquant <strong>Dennis Hauger<\/strong> (Prema Racing) et <strong>Roy Nissany<\/strong> (Dams).<\/p>\n<p style=\"text-align: justify;\">La relance n\u2019a pas chang\u00e9 les positions principales et les premiers pilotes se sont arr\u00eat\u00e9s au stand d\u00e8s le 12<sup>\u00e8me<\/sup> tour pour chausser des pneus durs. Les autres ont attendu les cinq derniers tours pour une strat\u00e9gie d\u00e9cal\u00e9e.<\/p>\n<blockquote class=\"twitter-tweet\">\n<p dir=\"ltr\" lang=\"fr\">Le crash extr\u00eamement spectaculaire entre Dennis Hauger et Roy Nissany &#x1f633;<\/p>\n<p>Les deux pilotes sont sortis de leur voiture par leurs propres moyens, merci le halo &#x1f64f;<a href=\"https:\/\/twitter.com\/hashtag\/F2?src=hash&amp;ref_src=twsrc%5Etfw\">#F2<\/a> <a href=\"https:\/\/twitter.com\/hashtag\/BritishGP?src=hash&amp;ref_src=twsrc%5Etfw\">#BritishGP<\/a> | &#x25b6;&#xfe0f; <a href=\"https:\/\/t.co\/t7uFs3yVeh\">https:\/\/t.co\/t7uFs3yVeh<\/a> <a href=\"https:\/\/t.co\/XzZkHk5xOL\">pic.twitter.com\/XzZkHk5xOL<\/a><\/p>\n<p>\u2014 CANAL+ F1\u00ae (@CanalplusF1) <a href=\"https:\/\/twitter.com\/CanalplusF1\/status\/1543524629918220353?ref_src=twsrc%5Etfw\">July 3, 2022<\/a><\/p><\/blockquote>\n<p><script async src=\"https:\/\/platform.twitter.com\/widgets.js\" charset=\"utf-8\"><\/script><\/p>\n<h2 style=\"text-align: justify;\">Pourchaire solide derri\u00e8re un Sargeant intouchable<\/h2>\n<p style=\"text-align: justify;\">Parti en pole position, l\u2019Am\u00e9ricain\u00a0<strong>Logan Sargeant <\/strong>(Carlin)\u00a0n\u2019a commis aucune erreur et s\u2019est brillamment impos\u00e9 \u00e0 Silverstone. C\u2019est sa toute premi\u00e8re victoire\u00a0en Formule 2\u00a0! Le Fran\u00e7ais <strong>Th\u00e9o Pourchaire<\/strong> (ART Grand Prix) termine en deuxi\u00e8me position et r\u00e9cup\u00e8re quelques petits points au championnat face au leader <strong>Felipe Drugovich<\/strong> (MP Motorsport). <strong>Liam Lawson<\/strong> (Carlin) a bien lutt\u00e9 pour garder sa troisi\u00e8me position et monter sur le podium. L&rsquo;autre Fran\u00e7ais de la grille, Cl\u00e9ment Novalak (MP Motorsport), a franchi la ligne d&rsquo;arriv\u00e9e en 13\u00e8me position.<\/p>\n<blockquote class=\"twitter-tweet\">\n<p dir=\"ltr\" lang=\"fr\">Logan Sargeant s&rsquo;impose devant Th\u00e9o Pourchaire en F2 &#x1f3c6;<a href=\"https:\/\/twitter.com\/hashtag\/BritishGP?src=hash&amp;ref_src=twsrc%5Etfw\">#BritishGP<\/a> | &#x25b6;&#xfe0f; <a href=\"https:\/\/t.co\/t7uFs3yVeh\">https:\/\/t.co\/t7uFs3yVeh<\/a> <a href=\"https:\/\/t.co\/LsbGzf5uDn\">pic.twitter.com\/LsbGzf5uDn<\/a><\/p>\n<p>\u2014 CANAL+ F1\u00ae (@CanalplusF1) <a href=\"https:\/\/twitter.com\/CanalplusF1\/status\/1543536406110273536?ref_src=twsrc%5Etfw\">July 3, 2022<\/a><\/p><\/blockquote>\n<p><script async src=\"https:\/\/platform.twitter.com\/widgets.js\" charset=\"utf-8\"><\/script><\/p>\n","protected":false},"excerpt":{"rendered":"<p>FORMULE 2 \u2013 Apr\u00e8s sa deuxi\u00e8me place \u00e0 Monaco, le Fran\u00e7ais Th\u00e9o Pourchaire (ART Grand Prix), a r\u00e9it\u00e9r\u00e9 cette performance lors de la course principale \u00e0 Silverstone. Le pilote de 18 ans, originaire de Grasse, a \u00e9t\u00e9 devanc\u00e9 par l&rsquo;Am\u00e9ricain Logan Sargeant (Carlin) qui n\u2019a commis aucune erreur pour sa premi\u00e8re victoire en carri\u00e8re. Son co\u00e9quipier Liam Lawson (Carlin) compl\u00e8te le podium. L\u2019autre Fran\u00e7ais, Cl\u00e9ment Novalak (MP Motorsport), a termin\u00e9 13\u00e8me.<\/p>\n","protected":false},"author":54,"featured_media":239667,"comment_status":"open","ping_status":"closed","sticky":false,"template":"","format":"standard","meta":{"_acf_changed":false,"_daextam_enable_autolinks":"","footnotes":""},"categories":[47086],"tags":[12085,11090],"class_list":["post-239661","post","type-post","status-publish","format-standard","has-post-thumbnail","hentry","category-formules-de-promotion","tag-formule-2","tag-theo-pourchaire"],"acf":[],"yoast_head":"<!-- This site is optimized with the Yoast SEO Premium plugin v26.7 (Yoast SEO v26.7) - https:\/\/yoast.com\/wordpress\/plugins\/seo\/ -->\n<title>F2 Grande-Bretagne : Th\u00e9o Pourchaire termine deuxi\u00e8me derri\u00e8re Logan Sargeant<\/title>\n<meta name=\"description\" content=\"FORMULE 2 \u2013 Le pilote fran\u00e7ais Th\u00e9o Pourchaire (ART Grand Prix) a termin\u00e9 deuxi\u00e8me \u00e0 Silverstone derri\u00e8re Logan Sargeant (Carlin).\" \/>\n<meta name=\"robots\" content=\"index, follow, max-snippet:-1, max-image-preview:large, max-video-preview:-1\" \/>\n<link rel=\"canonical\" href=\"https:\/\/dicodusport.fr\/blog\/f2-grande-bretagne-theo-pourchaire-termine-deuxieme-derriere-logan-sargeant\/\" \/>\n<meta property=\"og:locale\" content=\"fr_FR\" \/>\n<meta property=\"og:type\" content=\"article\" \/>\n<meta property=\"og:title\" content=\"F2 Grande-Bretagne : Th\u00e9o Pourchaire termine deuxi\u00e8me derri\u00e8re Logan Sargeant\" \/>\n<meta property=\"og:description\" content=\"FORMULE 2 \u2013 Le pilote fran\u00e7ais Th\u00e9o Pourchaire (ART Grand Prix) a termin\u00e9 deuxi\u00e8me \u00e0 Silverstone derri\u00e8re Logan Sargeant (Carlin).\" \/>\n<meta property=\"og:url\" content=\"https:\/\/dicodusport.fr\/blog\/f2-grande-bretagne-theo-pourchaire-termine-deuxieme-derriere-logan-sargeant\/\" \/>\n<meta property=\"og:site_name\" content=\"Dicodusport\" \/>\n<meta property=\"article:publisher\" content=\"https:\/\/www.facebook.com\/dicodusport\" \/>\n<meta property=\"article:author\" content=\"https:\/\/www.facebook.com\/roxane.lecacher\" \/>\n<meta property=\"article:published_time\" content=\"2022-07-03T10:25:23+00:00\" \/>\n<meta property=\"article:modified_time\" content=\"2022-07-03T11:31:39+00:00\" \/>\n<meta property=\"og:image\" content=\"https:\/\/dicodusport.fr\/blog\/wp-content\/uploads\/2022\/07\/F2-Grande-Bretagne-Theo-Pourchaire-termine-deuxieme-derriere-Logan-Sargeant.png\" \/>\n\t<meta property=\"og:image:width\" content=\"800\" \/>\n\t<meta property=\"og:image:height\" content=\"445\" \/>\n\t<meta property=\"og:image:type\" content=\"image\/png\" \/>\n<meta name=\"author\" content=\"Roxane Lecacher\" \/>\n<meta name=\"twitter:card\" content=\"summary_large_image\" \/>\n<meta name=\"twitter:title\" content=\"F2 Grande-Bretagne : Th\u00e9o Pourchaire termine deuxi\u00e8me derri\u00e8re Logan Sargeant\" \/>\n<meta name=\"twitter:creator\" content=\"@dicodusport\" \/>\n<meta name=\"twitter:site\" content=\"@dicodusport\" \/>\n<script type=\"application\/ld+json\" class=\"yoast-schema-graph\">{\"@context\":\"https:\/\/schema.org\",\"@graph\":[{\"@type\":\"NewsArticle\",\"@id\":\"https:\/\/dicodusport.fr\/blog\/f2-grande-bretagne-theo-pourchaire-termine-deuxieme-derriere-logan-sargeant\/#article\",\"isPartOf\":{\"@id\":\"https:\/\/dicodusport.fr\/blog\/f2-grande-bretagne-theo-pourchaire-termine-deuxieme-derriere-logan-sargeant\/\"},\"author\":{\"name\":\"Roxane Lecacher\",\"@id\":\"https:\/\/dicodusport.fr\/blog\/#\/schema\/person\/819fb2545dd2715bd7c0580d6d4b411a\"},\"headline\":\"F2 Grande-Bretagne : Th\u00e9o Pourchaire termine deuxi\u00e8me derri\u00e8re Logan Sargeant\",\"datePublished\":\"2022-07-03T10:25:23+00:00\",\"dateModified\":\"2022-07-03T11:31:39+00:00\",\"mainEntityOfPage\":{\"@id\":\"https:\/\/dicodusport.fr\/blog\/f2-grande-bretagne-theo-pourchaire-termine-deuxieme-derriere-logan-sargeant\/\"},\"wordCount\":395,\"commentCount\":0,\"publisher\":{\"@id\":\"https:\/\/dicodusport.fr\/blog\/#organization\"},\"image\":{\"@id\":\"https:\/\/dicodusport.fr\/blog\/f2-grande-bretagne-theo-pourchaire-termine-deuxieme-derriere-logan-sargeant\/#primaryimage\"},\"thumbnailUrl\":\"https:\/\/dicodusport.fr\/blog\/wp-content\/uploads\/2022\/07\/F2-Grande-Bretagne-Theo-Pourchaire-termine-deuxieme-derriere-Logan-Sargeant.png\",\"keywords\":[\"Formule 2\",\"Th\u00e9o Pourchaire\"],\"articleSection\":[\"Formules de promotion\"],\"inLanguage\":\"fr-FR\",\"potentialAction\":[{\"@type\":\"CommentAction\",\"name\":\"Comment\",\"target\":[\"https:\/\/dicodusport.fr\/blog\/f2-grande-bretagne-theo-pourchaire-termine-deuxieme-derriere-logan-sargeant\/#respond\"]}],\"copyrightYear\":\"2022\",\"copyrightHolder\":{\"@id\":\"https:\/\/dicodusport.fr\/blog\/#organization\"}},{\"@type\":\"WebPage\",\"@id\":\"https:\/\/dicodusport.fr\/blog\/f2-grande-bretagne-theo-pourchaire-termine-deuxieme-derriere-logan-sargeant\/\",\"url\":\"https:\/\/dicodusport.fr\/blog\/f2-grande-bretagne-theo-pourchaire-termine-deuxieme-derriere-logan-sargeant\/\",\"name\":\"F2 Grande-Bretagne : Th\u00e9o Pourchaire termine deuxi\u00e8me derri\u00e8re Logan Sargeant\",\"isPartOf\":{\"@id\":\"https:\/\/dicodusport.fr\/blog\/#website\"},\"primaryImageOfPage\":{\"@id\":\"https:\/\/dicodusport.fr\/blog\/f2-grande-bretagne-theo-pourchaire-termine-deuxieme-derriere-logan-sargeant\/#primaryimage\"},\"image\":{\"@id\":\"https:\/\/dicodusport.fr\/blog\/f2-grande-bretagne-theo-pourchaire-termine-deuxieme-derriere-logan-sargeant\/#primaryimage\"},\"thumbnailUrl\":\"https:\/\/dicodusport.fr\/blog\/wp-content\/uploads\/2022\/07\/F2-Grande-Bretagne-Theo-Pourchaire-termine-deuxieme-derriere-Logan-Sargeant.png\",\"datePublished\":\"2022-07-03T10:25:23+00:00\",\"dateModified\":\"2022-07-03T11:31:39+00:00\",\"description\":\"FORMULE 2 \u2013 Le pilote fran\u00e7ais Th\u00e9o Pourchaire (ART Grand Prix) a termin\u00e9 deuxi\u00e8me \u00e0 Silverstone derri\u00e8re Logan Sargeant (Carlin).\",\"breadcrumb\":{\"@id\":\"https:\/\/dicodusport.fr\/blog\/f2-grande-bretagne-theo-pourchaire-termine-deuxieme-derriere-logan-sargeant\/#breadcrumb\"},\"inLanguage\":\"fr-FR\",\"potentialAction\":[{\"@type\":\"ReadAction\",\"target\":[\"https:\/\/dicodusport.fr\/blog\/f2-grande-bretagne-theo-pourchaire-termine-deuxieme-derriere-logan-sargeant\/\"]}]},{\"@type\":\"ImageObject\",\"inLanguage\":\"fr-FR\",\"@id\":\"https:\/\/dicodusport.fr\/blog\/f2-grande-bretagne-theo-pourchaire-termine-deuxieme-derriere-logan-sargeant\/#primaryimage\",\"url\":\"https:\/\/dicodusport.fr\/blog\/wp-content\/uploads\/2022\/07\/F2-Grande-Bretagne-Theo-Pourchaire-termine-deuxieme-derriere-Logan-Sargeant.png\",\"contentUrl\":\"https:\/\/dicodusport.fr\/blog\/wp-content\/uploads\/2022\/07\/F2-Grande-Bretagne-Theo-Pourchaire-termine-deuxieme-derriere-Logan-Sargeant.png\",\"width\":800,\"height\":445,\"caption\":\"F2 Grande-Bretagne Th\u00e9o Pourchaire termine deuxi\u00e8me derri\u00e8re Logan Sargeant\"},{\"@type\":\"BreadcrumbList\",\"@id\":\"https:\/\/dicodusport.fr\/blog\/f2-grande-bretagne-theo-pourchaire-termine-deuxieme-derriere-logan-sargeant\/#breadcrumb\",\"itemListElement\":[{\"@type\":\"ListItem\",\"position\":1,\"name\":\"Accueil\",\"item\":\"https:\/\/dicodusport.fr\/blog\/\"},{\"@type\":\"ListItem\",\"position\":2,\"name\":\"F2 Grande-Bretagne : Th\u00e9o Pourchaire termine deuxi\u00e8me derri\u00e8re Logan Sargeant\"}]},{\"@type\":\"WebSite\",\"@id\":\"https:\/\/dicodusport.fr\/blog\/#website\",\"url\":\"https:\/\/dicodusport.fr\/blog\/\",\"name\":\"Dicodusport\",\"description\":\"L&#039;encyclop\u00e9die de l&#039;actualit\u00e9 sportive\",\"publisher\":{\"@id\":\"https:\/\/dicodusport.fr\/blog\/#organization\"},\"potentialAction\":[{\"@type\":\"SearchAction\",\"target\":{\"@type\":\"EntryPoint\",\"urlTemplate\":\"https:\/\/dicodusport.fr\/blog\/?s={search_term_string}\"},\"query-input\":{\"@type\":\"PropertyValueSpecification\",\"valueRequired\":true,\"valueName\":\"search_term_string\"}}],\"inLanguage\":\"fr-FR\"},{\"@type\":\"NewsMediaOrganization\",\"@id\":\"https:\/\/dicodusport.fr\/blog\/#organization\",\"name\":\"Dicodusport\",\"url\":\"https:\/\/dicodusport.fr\/blog\/\",\"logo\":{\"@type\":\"ImageObject\",\"inLanguage\":\"fr-FR\",\"@id\":\"https:\/\/dicodusport.fr\/blog\/#\/schema\/logo\/image\/\",\"url\":\"https:\/\/dicodusport.fr\/blog\/wp-content\/uploads\/2020\/06\/cropped-LOGO-DICODUSPORT-2020-SANS-FOND-SANS-TEXTE.png\",\"contentUrl\":\"https:\/\/dicodusport.fr\/blog\/wp-content\/uploads\/2020\/06\/cropped-LOGO-DICODUSPORT-2020-SANS-FOND-SANS-TEXTE.png\",\"width\":512,\"height\":512,\"caption\":\"Dicodusport\"},\"image\":{\"@id\":\"https:\/\/dicodusport.fr\/blog\/#\/schema\/logo\/image\/\"},\"sameAs\":[\"https:\/\/www.facebook.com\/dicodusport\",\"https:\/\/x.com\/dicodusport\",\"https:\/\/www.instagram.com\/dicodusport\/\",\"https:\/\/www.youtube.com\/channel\/UC7V2KZ5sd3htJivAbA4ZG3w\"],\"description\":\"Dicodusport est l'encyclop\u00e9die de l'actualit\u00e9 sportive.\",\"email\":\"bonjour@dicodusport.fr\",\"legalName\":\"DICODUSPORT\",\"foundingDate\":\"2018-01-14\",\"vatID\":\"FR71834470973\",\"taxID\":\"83447097300043\",\"numberOfEmployees\":{\"@type\":\"QuantitativeValue\",\"minValue\":\"1\",\"maxValue\":\"10\"}},{\"@type\":\"Person\",\"@id\":\"https:\/\/dicodusport.fr\/blog\/#\/schema\/person\/819fb2545dd2715bd7c0580d6d4b411a\",\"name\":\"Roxane Lecacher\",\"image\":{\"@type\":\"ImageObject\",\"inLanguage\":\"fr-FR\",\"@id\":\"https:\/\/dicodusport.fr\/blog\/#\/schema\/person\/image\/\",\"url\":\"https:\/\/dicodusport.fr\/blog\/wp-content\/uploads\/2021\/05\/Roxane-Lecacher-150x150.jpg\",\"contentUrl\":\"https:\/\/dicodusport.fr\/blog\/wp-content\/uploads\/2021\/05\/Roxane-Lecacher-150x150.jpg\",\"caption\":\"Roxane Lecacher\"},\"description\":\"Journaliste\/r\u00e9dactrice depuis janvier 2021 - N\u00e9e quelques jours avant la premi\u00e8re \u00e9toile des Bleus, je baigne dans une famille tr\u00e8s sportive. Je n\u2019ai eu d\u2019autres choix que de me passionner pour le sujet. Pratiquante de l\u2019athl\u00e9tisme depuis toute petite, j\u2019ai aussi un attrait tout particulier pour la Formule 1, le biathlon et le foot. Pendant les grands \u00e9v\u00e9nements, il est impossible de d\u00e9crocher de ma t\u00e9l\u00e9. C\u2019est \u00e0 travers Dicodusport que j\u2019aime d\u00e9sormais vous transmettre mes \u00e9motions et ma passion.\",\"sameAs\":[\"https:\/\/www.facebook.com\/roxane.lecacher\",\"https:\/\/fr.linkedin.com\/in\/roxane-lecacher-23368313b\"],\"url\":\"https:\/\/dicodusport.fr\/blog\/author\/roxanel\/\"}]}<\/script>\n<!-- \/ Yoast SEO Premium plugin. -->","yoast_head_json":{"title":"F2 Grande-Bretagne : Th\u00e9o Pourchaire termine deuxi\u00e8me derri\u00e8re Logan Sargeant","description":"FORMULE 2 \u2013 Le pilote fran\u00e7ais Th\u00e9o Pourchaire (ART Grand Prix) a termin\u00e9 deuxi\u00e8me \u00e0 Silverstone derri\u00e8re Logan Sargeant (Carlin).","robots":{"index":"index","follow":"follow","max-snippet":"max-snippet:-1","max-image-preview":"max-image-preview:large","max-video-preview":"max-video-preview:-1"},"canonical":"https:\/\/dicodusport.fr\/blog\/f2-grande-bretagne-theo-pourchaire-termine-deuxieme-derriere-logan-sargeant\/","og_locale":"fr_FR","og_type":"article","og_title":"F2 Grande-Bretagne : Th\u00e9o Pourchaire termine deuxi\u00e8me derri\u00e8re Logan Sargeant","og_description":"FORMULE 2 \u2013 Le pilote fran\u00e7ais Th\u00e9o Pourchaire (ART Grand Prix) a termin\u00e9 deuxi\u00e8me \u00e0 Silverstone derri\u00e8re Logan Sargeant (Carlin).","og_url":"https:\/\/dicodusport.fr\/blog\/f2-grande-bretagne-theo-pourchaire-termine-deuxieme-derriere-logan-sargeant\/","og_site_name":"Dicodusport","article_publisher":"https:\/\/www.facebook.com\/dicodusport","article_author":"https:\/\/www.facebook.com\/roxane.lecacher","article_published_time":"2022-07-03T10:25:23+00:00","article_modified_time":"2022-07-03T11:31:39+00:00","og_image":[{"width":800,"height":445,"url":"https:\/\/dicodusport.fr\/blog\/wp-content\/uploads\/2022\/07\/F2-Grande-Bretagne-Theo-Pourchaire-termine-deuxieme-derriere-Logan-Sargeant.png","type":"image\/png"}],"author":"Roxane Lecacher","twitter_card":"summary_large_image","twitter_title":"F2 Grande-Bretagne : Th\u00e9o Pourchaire termine deuxi\u00e8me derri\u00e8re Logan Sargeant","twitter_creator":"@dicodusport","twitter_site":"@dicodusport","schema":{"@context":"https:\/\/schema.org","@graph":[{"@type":"NewsArticle","@id":"https:\/\/dicodusport.fr\/blog\/f2-grande-bretagne-theo-pourchaire-termine-deuxieme-derriere-logan-sargeant\/#article","isPartOf":{"@id":"https:\/\/dicodusport.fr\/blog\/f2-grande-bretagne-theo-pourchaire-termine-deuxieme-derriere-logan-sargeant\/"},"author":{"name":"Roxane Lecacher","@id":"https:\/\/dicodusport.fr\/blog\/#\/schema\/person\/819fb2545dd2715bd7c0580d6d4b411a"},"headline":"F2 Grande-Bretagne : Th\u00e9o Pourchaire termine deuxi\u00e8me derri\u00e8re Logan Sargeant","datePublished":"2022-07-03T10:25:23+00:00","dateModified":"2022-07-03T11:31:39+00:00","mainEntityOfPage":{"@id":"https:\/\/dicodusport.fr\/blog\/f2-grande-bretagne-theo-pourchaire-termine-deuxieme-derriere-logan-sargeant\/"},"wordCount":395,"commentCount":0,"publisher":{"@id":"https:\/\/dicodusport.fr\/blog\/#organization"},"image":{"@id":"https:\/\/dicodusport.fr\/blog\/f2-grande-bretagne-theo-pourchaire-termine-deuxieme-derriere-logan-sargeant\/#primaryimage"},"thumbnailUrl":"https:\/\/dicodusport.fr\/blog\/wp-content\/uploads\/2022\/07\/F2-Grande-Bretagne-Theo-Pourchaire-termine-deuxieme-derriere-Logan-Sargeant.png","keywords":["Formule 2","Th\u00e9o Pourchaire"],"articleSection":["Formules de promotion"],"inLanguage":"fr-FR","potentialAction":[{"@type":"CommentAction","name":"Comment","target":["https:\/\/dicodusport.fr\/blog\/f2-grande-bretagne-theo-pourchaire-termine-deuxieme-derriere-logan-sargeant\/#respond"]}],"copyrightYear":"2022","copyrightHolder":{"@id":"https:\/\/dicodusport.fr\/blog\/#organization"}},{"@type":"WebPage","@id":"https:\/\/dicodusport.fr\/blog\/f2-grande-bretagne-theo-pourchaire-termine-deuxieme-derriere-logan-sargeant\/","url":"https:\/\/dicodusport.fr\/blog\/f2-grande-bretagne-theo-pourchaire-termine-deuxieme-derriere-logan-sargeant\/","name":"F2 Grande-Bretagne : Th\u00e9o Pourchaire termine deuxi\u00e8me derri\u00e8re Logan Sargeant","isPartOf":{"@id":"https:\/\/dicodusport.fr\/blog\/#website"},"primaryImageOfPage":{"@id":"https:\/\/dicodusport.fr\/blog\/f2-grande-bretagne-theo-pourchaire-termine-deuxieme-derriere-logan-sargeant\/#primaryimage"},"image":{"@id":"https:\/\/dicodusport.fr\/blog\/f2-grande-bretagne-theo-pourchaire-termine-deuxieme-derriere-logan-sargeant\/#primaryimage"},"thumbnailUrl":"https:\/\/dicodusport.fr\/blog\/wp-content\/uploads\/2022\/07\/F2-Grande-Bretagne-Theo-Pourchaire-termine-deuxieme-derriere-Logan-Sargeant.png","datePublished":"2022-07-03T10:25:23+00:00","dateModified":"2022-07-03T11:31:39+00:00","description":"FORMULE 2 \u2013 Le pilote fran\u00e7ais Th\u00e9o Pourchaire (ART Grand Prix) a termin\u00e9 deuxi\u00e8me \u00e0 Silverstone derri\u00e8re Logan Sargeant (Carlin).","breadcrumb":{"@id":"https:\/\/dicodusport.fr\/blog\/f2-grande-bretagne-theo-pourchaire-termine-deuxieme-derriere-logan-sargeant\/#breadcrumb"},"inLanguage":"fr-FR","potentialAction":[{"@type":"ReadAction","target":["https:\/\/dicodusport.fr\/blog\/f2-grande-bretagne-theo-pourchaire-termine-deuxieme-derriere-logan-sargeant\/"]}]},{"@type":"ImageObject","inLanguage":"fr-FR","@id":"https:\/\/dicodusport.fr\/blog\/f2-grande-bretagne-theo-pourchaire-termine-deuxieme-derriere-logan-sargeant\/#primaryimage","url":"https:\/\/dicodusport.fr\/blog\/wp-content\/uploads\/2022\/07\/F2-Grande-Bretagne-Theo-Pourchaire-termine-deuxieme-derriere-Logan-Sargeant.png","contentUrl":"https:\/\/dicodusport.fr\/blog\/wp-content\/uploads\/2022\/07\/F2-Grande-Bretagne-Theo-Pourchaire-termine-deuxieme-derriere-Logan-Sargeant.png","width":800,"height":445,"caption":"F2 Grande-Bretagne Th\u00e9o Pourchaire termine deuxi\u00e8me derri\u00e8re Logan Sargeant"},{"@type":"BreadcrumbList","@id":"https:\/\/dicodusport.fr\/blog\/f2-grande-bretagne-theo-pourchaire-termine-deuxieme-derriere-logan-sargeant\/#breadcrumb","itemListElement":[{"@type":"ListItem","position":1,"name":"Accueil","item":"https:\/\/dicodusport.fr\/blog\/"},{"@type":"ListItem","position":2,"name":"F2 Grande-Bretagne : Th\u00e9o Pourchaire termine deuxi\u00e8me derri\u00e8re Logan Sargeant"}]},{"@type":"WebSite","@id":"https:\/\/dicodusport.fr\/blog\/#website","url":"https:\/\/dicodusport.fr\/blog\/","name":"Dicodusport","description":"L&#039;encyclop\u00e9die de l&#039;actualit\u00e9 sportive","publisher":{"@id":"https:\/\/dicodusport.fr\/blog\/#organization"},"potentialAction":[{"@type":"SearchAction","target":{"@type":"EntryPoint","urlTemplate":"https:\/\/dicodusport.fr\/blog\/?s={search_term_string}"},"query-input":{"@type":"PropertyValueSpecification","valueRequired":true,"valueName":"search_term_string"}}],"inLanguage":"fr-FR"},{"@type":"NewsMediaOrganization","@id":"https:\/\/dicodusport.fr\/blog\/#organization","name":"Dicodusport","url":"https:\/\/dicodusport.fr\/blog\/","logo":{"@type":"ImageObject","inLanguage":"fr-FR","@id":"https:\/\/dicodusport.fr\/blog\/#\/schema\/logo\/image\/","url":"https:\/\/dicodusport.fr\/blog\/wp-content\/uploads\/2020\/06\/cropped-LOGO-DICODUSPORT-2020-SANS-FOND-SANS-TEXTE.png","contentUrl":"https:\/\/dicodusport.fr\/blog\/wp-content\/uploads\/2020\/06\/cropped-LOGO-DICODUSPORT-2020-SANS-FOND-SANS-TEXTE.png","width":512,"height":512,"caption":"Dicodusport"},"image":{"@id":"https:\/\/dicodusport.fr\/blog\/#\/schema\/logo\/image\/"},"sameAs":["https:\/\/www.facebook.com\/dicodusport","https:\/\/x.com\/dicodusport","https:\/\/www.instagram.com\/dicodusport\/","https:\/\/www.youtube.com\/channel\/UC7V2KZ5sd3htJivAbA4ZG3w"],"description":"Dicodusport est l'encyclop\u00e9die de l'actualit\u00e9 sportive.","email":"bonjour@dicodusport.fr","legalName":"DICODUSPORT","foundingDate":"2018-01-14","vatID":"FR71834470973","taxID":"83447097300043","numberOfEmployees":{"@type":"QuantitativeValue","minValue":"1","maxValue":"10"}},{"@type":"Person","@id":"https:\/\/dicodusport.fr\/blog\/#\/schema\/person\/819fb2545dd2715bd7c0580d6d4b411a","name":"Roxane Lecacher","image":{"@type":"ImageObject","inLanguage":"fr-FR","@id":"https:\/\/dicodusport.fr\/blog\/#\/schema\/person\/image\/","url":"https:\/\/dicodusport.fr\/blog\/wp-content\/uploads\/2021\/05\/Roxane-Lecacher-150x150.jpg","contentUrl":"https:\/\/dicodusport.fr\/blog\/wp-content\/uploads\/2021\/05\/Roxane-Lecacher-150x150.jpg","caption":"Roxane Lecacher"},"description":"Journaliste\/r\u00e9dactrice depuis janvier 2021 - N\u00e9e quelques jours avant la premi\u00e8re \u00e9toile des Bleus, je baigne dans une famille tr\u00e8s sportive. Je n\u2019ai eu d\u2019autres choix que de me passionner pour le sujet. Pratiquante de l\u2019athl\u00e9tisme depuis toute petite, j\u2019ai aussi un attrait tout particulier pour la Formule 1, le biathlon et le foot. Pendant les grands \u00e9v\u00e9nements, il est impossible de d\u00e9crocher de ma t\u00e9l\u00e9. C\u2019est \u00e0 travers Dicodusport que j\u2019aime d\u00e9sormais vous transmettre mes \u00e9motions et ma passion.","sameAs":["https:\/\/www.facebook.com\/roxane.lecacher","https:\/\/fr.linkedin.com\/in\/roxane-lecacher-23368313b"],"url":"https:\/\/dicodusport.fr\/blog\/author\/roxanel\/"}]}},"_links":{"self":[{"href":"https:\/\/dicodusport.fr\/blog\/wp-json\/wp\/v2\/posts\/239661","targetHints":{"allow":["GET"]}}],"collection":[{"href":"https:\/\/dicodusport.fr\/blog\/wp-json\/wp\/v2\/posts"}],"about":[{"href":"https:\/\/dicodusport.fr\/blog\/wp-json\/wp\/v2\/types\/post"}],"author":[{"embeddable":true,"href":"https:\/\/dicodusport.fr\/blog\/wp-json\/wp\/v2\/users\/54"}],"replies":[{"embeddable":true,"href":"https:\/\/dicodusport.fr\/blog\/wp-json\/wp\/v2\/comments?post=239661"}],"version-history":[{"count":0,"href":"https:\/\/dicodusport.fr\/blog\/wp-json\/wp\/v2\/posts\/239661\/revisions"}],"wp:featuredmedia":[{"embeddable":true,"href":"https:\/\/dicodusport.fr\/blog\/wp-json\/wp\/v2\/media\/239667"}],"wp:attachment":[{"href":"https:\/\/dicodusport.fr\/blog\/wp-json\/wp\/v2\/media?parent=239661"}],"wp:term":[{"taxonomy":"category","embeddable":true,"href":"https:\/\/dicodusport.fr\/blog\/wp-json\/wp\/v2\/categories?post=239661"},{"taxonomy":"post_tag","embeddable":true,"href":"https:\/\/dicodusport.fr\/blog\/wp-json\/wp\/v2\/tags?post=239661"}],"curies":[{"name":"wp","href":"https:\/\/api.w.org\/{rel}","templated":true}]}}