{"id":239726,"date":"2022-07-03T17:06:23","date_gmt":"2022-07-03T15:06:23","guid":{"rendered":"https:\/\/dicodusport.fr\/blog\/?p=239726&#038;preview=true&#038;preview_id=239726"},"modified":"2022-07-03T17:18:06","modified_gmt":"2022-07-03T15:18:06","slug":"circuit-itf-un-titre-pour-terence-atmane-manon-leonard-et-ugo-blanchet","status":"publish","type":"post","link":"https:\/\/dicodusport.fr\/blog\/circuit-itf-un-titre-pour-terence-atmane-manon-leonard-et-ugo-blanchet\/","title":{"rendered":"Circuit ITF : Un titre pour Terence Atmane, Manon L\u00e9onard et Ugo Blanchet"},"content":{"rendered":"<p style=\"text-align: justify;\"><strong><em><a href=\"https:\/\/dicodusport.fr\/blog\/tag\/circuit-itf\/\">TENNIS &#8211; CIRCUIT ITF<\/a> &#8211; Pour la deuxi\u00e8me semaine cons\u00e9cutive, les Fran\u00e7ais d\u00e9crochent trois titres sur le circuit ITF gr\u00e2ce \u00e0 Terence Atmane, Manon L\u00e9onard et Ugo Blanchet. Et il reste deux finales \u00e0 venir en soir\u00e9e.\u00a0<\/em><\/strong><\/p>\n<p style=\"text-align: justify;\"><a href=\"https:\/\/dicodusport.fr\/blog\/circuit-itf-trois-titres-pour-les-francais-ce-dimanche\/\">Comme la semaine derni\u00e8re<\/a>, deux finales franco-fran\u00e7aises avaient lieu sur le circuit ITF. Et comme la semaine derni\u00e8re, l&rsquo;une de ces finales opposait <strong>Terence Atmane<\/strong> \u00e0 <strong>Cyril Vandermeersch <\/strong>sur la terre battue de Monastir (Tunisie). Pour le m\u00eame r\u00e9sultat, puisque le premier nomm\u00e9 l&rsquo;a de nouveau emport\u00e9, mais cette fois bien plus facilement, <strong>6-2, 6-2<\/strong>.\u00a0 Second titre donc pour <strong>Terence Atmane,<\/strong> qui va atteindre la 430\u00e8me place mondiale, son meilleur classement en carri\u00e8re.<\/p>\n<blockquote class=\"twitter-tweet\">\n<p dir=\"ltr\" lang=\"fr\">[<a href=\"https:\/\/twitter.com\/hashtag\/ITF?src=hash&amp;ref_src=twsrc%5Etfw\">#ITF<\/a>] Ce dimanche, Terence <a href=\"https:\/\/twitter.com\/hashtag\/Atmane?src=hash&amp;ref_src=twsrc%5Etfw\">#Atmane<\/a> (n\u00b0522) &#x1f1eb;&#x1f1f7; s&rsquo;impose \u00e0 <a href=\"https:\/\/twitter.com\/hashtag\/Monastir?src=hash&amp;ref_src=twsrc%5Etfw\">#Monastir<\/a> (Tunisie, M15, dur ext\u00e9rieur) ! T\u00eate de s\u00e9rie n\u00b03, il a battu Cyril <a href=\"https:\/\/twitter.com\/hashtag\/Vandermeersch?src=hash&amp;ref_src=twsrc%5Etfw\">#Vandermeersch<\/a> (n\u00b01290) &#x1f1eb;&#x1f1f7; en deux sets 6-2, 6-2. C&rsquo;est l\u00e0 son deuxi\u00e8me troph\u00e9e &#x1f3c6; professionnel, le deuxi\u00e8me d&rsquo;affil\u00e9e.<\/p>\n<p>&#x1f4f8; : Terence Atmane IG <a href=\"https:\/\/t.co\/GxCWUp9p30\">pic.twitter.com\/GxCWUp9p30<\/a><\/p>\n<p>\u2014 Jeu, Set Et Match (@jeu_set_etmatch) <a href=\"https:\/\/twitter.com\/jeu_set_etmatch\/status\/1543594056042909697?ref_src=twsrc%5Etfw\">July 3, 2022<\/a><\/p><\/blockquote>\n<p><script async src=\"https:\/\/platform.twitter.com\/widgets.js\" charset=\"utf-8\"><\/script><\/p>\n<h2 style=\"text-align: justify;\">Manon L\u00e9onard ouvre son compteur<\/h2>\n<p style=\"text-align: justify;\">La France a donc r\u00e9gn\u00e9 \u00e0 Monastir puisque <strong>Manon L\u00e9onard<\/strong> a remport\u00e9 le titre lors du W15 f\u00e9minin. A 21 ans, elle est lanc\u00e9e \u00e0 plein temps sur le circuit ITF. Nantie d&rsquo;un bilan de <strong>20-9<\/strong> cette saison, elle remporte son premier troph\u00e9e en disposant en finale de sa compatriote <strong>Yasmine Mansouri, 6-2, 6-2.<\/strong> Une victoire solide qui en appellera s\u00fbrement d&rsquo;autres.<\/p>\n<blockquote class=\"twitter-tweet\">\n<p dir=\"ltr\" lang=\"ht\">ITF M15\/W15 Monastir &#8211; Hard (Final)<br \/>\nManon Leonard (FRA) def. Yasmine Mansouri (FRA)<br \/>\n6-2 6-2<\/p>\n<p>\u2014 TENIPO &#8211; Tennis Livescore (@TENIPOcom) <a href=\"https:\/\/twitter.com\/TENIPOcom\/status\/1543538570283171841?ref_src=twsrc%5Etfw\">July 3, 2022<\/a><\/p><\/blockquote>\n<p><script async src=\"https:\/\/platform.twitter.com\/widgets.js\" charset=\"utf-8\"><\/script><\/p>\n<p style=\"text-align: justify;\">Les Bleus ont rajout\u00e9 un troisi\u00e8me titre gr\u00e2ce \u00e0 <strong>Ugo Blanchet<\/strong>. A Bourg-En-Bresse, le Tricolore a r\u00e9alis\u00e9 une belle semaine, ponctu\u00e9e par un succ\u00e8s en finale <strong>6-4, 7-6<\/strong> sur la t\u00eate de s\u00e9rie n\u00b01, l&rsquo;Am\u00e9ricain <strong>Oliver Crawford<\/strong>. Troisi\u00e8me titre en carri\u00e8re pour lui, le deuxi\u00e8me de la saison apr\u00e8s celui de Manacor en janvier. Gr\u00e2ce \u00e0 ce succ\u00e8s, il int\u00e8gre le top 400 pour la premi\u00e8re fois. Restent deux finales en soir\u00e9e, toutes deux en Espagne. Pour <strong>Constant Lestienne,<\/strong> ce sera au Challenger de Malaga, alors que pour <strong>Jessika Ponchet,<\/strong> ce sera au W25 de Palma Del Rio. Peut-\u00eatre encore plus de\u00a0 titres pour le tennis tricolore.<\/p>\n<blockquote class=\"twitter-tweet\">\n<p dir=\"ltr\" lang=\"en\">ITF M25 Bourg-en-Bresse &#8211; Clay (Final)<br \/>\nUgo Blanchet (FRA) def. Oliver Crawford (USA)<br \/>\n6-4 7-6(4)<\/p>\n<p>\u2014 TENIPO &#8211; Tennis Livescore (@TENIPOcom) <a href=\"https:\/\/twitter.com\/TENIPOcom\/status\/1543608712509759489?ref_src=twsrc%5Etfw\">July 3, 2022<\/a><\/p><\/blockquote>\n<p><script async src=\"https:\/\/platform.twitter.com\/widgets.js\" charset=\"utf-8\"><\/script><\/p>\n","protected":false},"excerpt":{"rendered":"<p>TENNIS &#8211; CIRCUIT ITF &#8211; Pour la deuxi\u00e8me semaine cons\u00e9cutive, les Fran\u00e7ais d\u00e9crochent trois titres sur le circuit ITF gr\u00e2ce \u00e0 Terence Atmane, Manon L\u00e9onard et Ugo Blanchet. Et il reste deux finales \u00e0 venir en soir\u00e9e.\u00a0<\/p>\n","protected":false},"author":59,"featured_media":239789,"comment_status":"open","ping_status":"closed","sticky":false,"template":"","format":"standard","meta":{"_acf_changed":false,"_daextam_enable_autolinks":"","footnotes":""},"categories":[2302],"tags":[4792,24579],"class_list":["post-239726","post","type-post","status-publish","format-standard","has-post-thumbnail","hentry","category-tennis","tag-tennis-francais","tag-terence-atmane"],"acf":[],"yoast_head":"<!-- This site is optimized with the Yoast SEO Premium plugin v26.7 (Yoast SEO v26.7) - https:\/\/yoast.com\/wordpress\/plugins\/seo\/ -->\n<title>Circuit ITF : Un titre pour Terence Atmane, Manon L\u00e9onard et Ugo Blanchet<\/title>\n<meta name=\"description\" content=\"TENNIS - CIRCUIT ITF - Les Fran\u00e7ais d\u00e9crochent trois titres sur le circuit ITF gr\u00e2ce \u00e0 Terence Atmane, Manon L\u00e9onard et Ugo Blanchet. \u00a0\" \/>\n<meta name=\"robots\" content=\"index, follow, max-snippet:-1, max-image-preview:large, max-video-preview:-1\" \/>\n<link rel=\"canonical\" href=\"https:\/\/dicodusport.fr\/blog\/circuit-itf-un-titre-pour-terence-atmane-manon-leonard-et-ugo-blanchet\/\" \/>\n<meta property=\"og:locale\" content=\"fr_FR\" \/>\n<meta property=\"og:type\" content=\"article\" \/>\n<meta property=\"og:title\" content=\"Circuit ITF : Un titre pour Terence Atmane, Manon L\u00e9onard et Ugo Blanchet\" \/>\n<meta property=\"og:description\" content=\"TENNIS - CIRCUIT ITF - Les Fran\u00e7ais d\u00e9crochent trois titres sur le circuit ITF gr\u00e2ce \u00e0 Terence Atmane, Manon L\u00e9onard et Ugo Blanchet. \u00a0\" \/>\n<meta property=\"og:url\" content=\"https:\/\/dicodusport.fr\/blog\/circuit-itf-un-titre-pour-terence-atmane-manon-leonard-et-ugo-blanchet\/\" \/>\n<meta property=\"og:site_name\" content=\"Dicodusport\" \/>\n<meta property=\"article:publisher\" content=\"https:\/\/www.facebook.com\/dicodusport\" \/>\n<meta property=\"article:author\" content=\"https:\/\/www.facebook.com\/sebastien.gente\/\" \/>\n<meta property=\"article:published_time\" content=\"2022-07-03T15:06:23+00:00\" \/>\n<meta property=\"article:modified_time\" content=\"2022-07-03T15:18:06+00:00\" \/>\n<meta property=\"og:image\" content=\"https:\/\/dicodusport.fr\/blog\/wp-content\/uploads\/2022\/07\/Circuit-ITF-Un-titre-pour-Terence-Atmane-Manon-Leonard-et-Ugo-Blanchet.png\" \/>\n\t<meta property=\"og:image:width\" content=\"800\" \/>\n\t<meta property=\"og:image:height\" content=\"445\" \/>\n\t<meta property=\"og:image:type\" content=\"image\/png\" \/>\n<meta name=\"author\" content=\"S\u00e9bastien Gente\" \/>\n<meta name=\"twitter:card\" content=\"summary_large_image\" \/>\n<meta name=\"twitter:title\" content=\"Circuit ITF : Un titre pour Terence Atmane, Manon L\u00e9onard et Ugo Blanchet\" \/>\n<meta name=\"twitter:creator\" content=\"@https:\/\/twitter.com\/globulo24\" \/>\n<meta name=\"twitter:site\" content=\"@dicodusport\" \/>\n<script type=\"application\/ld+json\" class=\"yoast-schema-graph\">{\"@context\":\"https:\/\/schema.org\",\"@graph\":[{\"@type\":\"NewsArticle\",\"@id\":\"https:\/\/dicodusport.fr\/blog\/circuit-itf-un-titre-pour-terence-atmane-manon-leonard-et-ugo-blanchet\/#article\",\"isPartOf\":{\"@id\":\"https:\/\/dicodusport.fr\/blog\/circuit-itf-un-titre-pour-terence-atmane-manon-leonard-et-ugo-blanchet\/\"},\"author\":{\"name\":\"S\u00e9bastien Gente\",\"@id\":\"https:\/\/dicodusport.fr\/blog\/#\/schema\/person\/627966a6cde45dbd8c5e36ac85d783da\"},\"headline\":\"Circuit ITF : Un titre pour Terence Atmane, Manon L\u00e9onard et Ugo Blanchet\",\"datePublished\":\"2022-07-03T15:06:23+00:00\",\"dateModified\":\"2022-07-03T15:18:06+00:00\",\"mainEntityOfPage\":{\"@id\":\"https:\/\/dicodusport.fr\/blog\/circuit-itf-un-titre-pour-terence-atmane-manon-leonard-et-ugo-blanchet\/\"},\"wordCount\":454,\"commentCount\":0,\"publisher\":{\"@id\":\"https:\/\/dicodusport.fr\/blog\/#organization\"},\"image\":{\"@id\":\"https:\/\/dicodusport.fr\/blog\/circuit-itf-un-titre-pour-terence-atmane-manon-leonard-et-ugo-blanchet\/#primaryimage\"},\"thumbnailUrl\":\"https:\/\/dicodusport.fr\/blog\/wp-content\/uploads\/2022\/07\/Circuit-ITF-Un-titre-pour-Terence-Atmane-Manon-Leonard-et-Ugo-Blanchet.png\",\"keywords\":[\"Tennis fran\u00e7ais\",\"Terence Atmane\"],\"articleSection\":[\"Tennis\"],\"inLanguage\":\"fr-FR\",\"potentialAction\":[{\"@type\":\"CommentAction\",\"name\":\"Comment\",\"target\":[\"https:\/\/dicodusport.fr\/blog\/circuit-itf-un-titre-pour-terence-atmane-manon-leonard-et-ugo-blanchet\/#respond\"]}],\"copyrightYear\":\"2022\",\"copyrightHolder\":{\"@id\":\"https:\/\/dicodusport.fr\/blog\/#organization\"}},{\"@type\":\"WebPage\",\"@id\":\"https:\/\/dicodusport.fr\/blog\/circuit-itf-un-titre-pour-terence-atmane-manon-leonard-et-ugo-blanchet\/\",\"url\":\"https:\/\/dicodusport.fr\/blog\/circuit-itf-un-titre-pour-terence-atmane-manon-leonard-et-ugo-blanchet\/\",\"name\":\"Circuit ITF : Un titre pour Terence Atmane, Manon L\u00e9onard et Ugo Blanchet\",\"isPartOf\":{\"@id\":\"https:\/\/dicodusport.fr\/blog\/#website\"},\"primaryImageOfPage\":{\"@id\":\"https:\/\/dicodusport.fr\/blog\/circuit-itf-un-titre-pour-terence-atmane-manon-leonard-et-ugo-blanchet\/#primaryimage\"},\"image\":{\"@id\":\"https:\/\/dicodusport.fr\/blog\/circuit-itf-un-titre-pour-terence-atmane-manon-leonard-et-ugo-blanchet\/#primaryimage\"},\"thumbnailUrl\":\"https:\/\/dicodusport.fr\/blog\/wp-content\/uploads\/2022\/07\/Circuit-ITF-Un-titre-pour-Terence-Atmane-Manon-Leonard-et-Ugo-Blanchet.png\",\"datePublished\":\"2022-07-03T15:06:23+00:00\",\"dateModified\":\"2022-07-03T15:18:06+00:00\",\"description\":\"TENNIS - CIRCUIT ITF - Les Fran\u00e7ais d\u00e9crochent trois titres sur le circuit ITF gr\u00e2ce \u00e0 Terence Atmane, Manon L\u00e9onard et Ugo Blanchet. \u00a0\",\"breadcrumb\":{\"@id\":\"https:\/\/dicodusport.fr\/blog\/circuit-itf-un-titre-pour-terence-atmane-manon-leonard-et-ugo-blanchet\/#breadcrumb\"},\"inLanguage\":\"fr-FR\",\"potentialAction\":[{\"@type\":\"ReadAction\",\"target\":[\"https:\/\/dicodusport.fr\/blog\/circuit-itf-un-titre-pour-terence-atmane-manon-leonard-et-ugo-blanchet\/\"]}]},{\"@type\":\"ImageObject\",\"inLanguage\":\"fr-FR\",\"@id\":\"https:\/\/dicodusport.fr\/blog\/circuit-itf-un-titre-pour-terence-atmane-manon-leonard-et-ugo-blanchet\/#primaryimage\",\"url\":\"https:\/\/dicodusport.fr\/blog\/wp-content\/uploads\/2022\/07\/Circuit-ITF-Un-titre-pour-Terence-Atmane-Manon-Leonard-et-Ugo-Blanchet.png\",\"contentUrl\":\"https:\/\/dicodusport.fr\/blog\/wp-content\/uploads\/2022\/07\/Circuit-ITF-Un-titre-pour-Terence-Atmane-Manon-Leonard-et-Ugo-Blanchet.png\",\"width\":800,\"height\":445,\"caption\":\"Circuit ITF Manon L\u00e9onard et Constantin Bittoun titr\u00e9s \u00e0 Monastir\"},{\"@type\":\"BreadcrumbList\",\"@id\":\"https:\/\/dicodusport.fr\/blog\/circuit-itf-un-titre-pour-terence-atmane-manon-leonard-et-ugo-blanchet\/#breadcrumb\",\"itemListElement\":[{\"@type\":\"ListItem\",\"position\":1,\"name\":\"Accueil\",\"item\":\"https:\/\/dicodusport.fr\/blog\/\"},{\"@type\":\"ListItem\",\"position\":2,\"name\":\"Circuit ITF : Un titre pour Terence Atmane, Manon L\u00e9onard et Ugo Blanchet\"}]},{\"@type\":\"WebSite\",\"@id\":\"https:\/\/dicodusport.fr\/blog\/#website\",\"url\":\"https:\/\/dicodusport.fr\/blog\/\",\"name\":\"Dicodusport\",\"description\":\"L&#039;encyclop\u00e9die de l&#039;actualit\u00e9 sportive\",\"publisher\":{\"@id\":\"https:\/\/dicodusport.fr\/blog\/#organization\"},\"potentialAction\":[{\"@type\":\"SearchAction\",\"target\":{\"@type\":\"EntryPoint\",\"urlTemplate\":\"https:\/\/dicodusport.fr\/blog\/?s={search_term_string}\"},\"query-input\":{\"@type\":\"PropertyValueSpecification\",\"valueRequired\":true,\"valueName\":\"search_term_string\"}}],\"inLanguage\":\"fr-FR\"},{\"@type\":\"NewsMediaOrganization\",\"@id\":\"https:\/\/dicodusport.fr\/blog\/#organization\",\"name\":\"Dicodusport\",\"url\":\"https:\/\/dicodusport.fr\/blog\/\",\"logo\":{\"@type\":\"ImageObject\",\"inLanguage\":\"fr-FR\",\"@id\":\"https:\/\/dicodusport.fr\/blog\/#\/schema\/logo\/image\/\",\"url\":\"https:\/\/dicodusport.fr\/blog\/wp-content\/uploads\/2020\/06\/cropped-LOGO-DICODUSPORT-2020-SANS-FOND-SANS-TEXTE.png\",\"contentUrl\":\"https:\/\/dicodusport.fr\/blog\/wp-content\/uploads\/2020\/06\/cropped-LOGO-DICODUSPORT-2020-SANS-FOND-SANS-TEXTE.png\",\"width\":512,\"height\":512,\"caption\":\"Dicodusport\"},\"image\":{\"@id\":\"https:\/\/dicodusport.fr\/blog\/#\/schema\/logo\/image\/\"},\"sameAs\":[\"https:\/\/www.facebook.com\/dicodusport\",\"https:\/\/x.com\/dicodusport\",\"https:\/\/www.instagram.com\/dicodusport\/\",\"https:\/\/www.youtube.com\/channel\/UC7V2KZ5sd3htJivAbA4ZG3w\"],\"description\":\"Dicodusport est l'encyclop\u00e9die de l'actualit\u00e9 sportive.\",\"email\":\"bonjour@dicodusport.fr\",\"legalName\":\"DICODUSPORT\",\"foundingDate\":\"2018-01-14\",\"vatID\":\"FR71834470973\",\"taxID\":\"83447097300043\",\"numberOfEmployees\":{\"@type\":\"QuantitativeValue\",\"minValue\":\"1\",\"maxValue\":\"10\"}},{\"@type\":\"Person\",\"@id\":\"https:\/\/dicodusport.fr\/blog\/#\/schema\/person\/627966a6cde45dbd8c5e36ac85d783da\",\"name\":\"S\u00e9bastien Gente\",\"image\":{\"@type\":\"ImageObject\",\"inLanguage\":\"fr-FR\",\"@id\":\"https:\/\/dicodusport.fr\/blog\/#\/schema\/person\/image\/\",\"url\":\"https:\/\/dicodusport.fr\/blog\/wp-content\/uploads\/2021\/09\/1510990_10205810251400683_4124423575079401707_n-150x150.jpg\",\"contentUrl\":\"https:\/\/dicodusport.fr\/blog\/wp-content\/uploads\/2021\/09\/1510990_10205810251400683_4124423575079401707_n-150x150.jpg\",\"caption\":\"S\u00e9bastien Gente\"},\"description\":\"John Stockton, Gianni Bugno, Zinedine Zidane, Steffi Graf, Frode Andresen, St\u00e9phane Stoecklin, Davis Kamoga, Primoz Peterka, Werner Schlager et Aur\u00e9lien Rougerie. Point commun entre ces sportifs? Ils m'ont fait r\u00eaver et ont berc\u00e9 mon adolescence. Je suis un fondu de sports et j'essaie de retranscrire ma passion \u00e0 travers mes articles. Originaire du P\u00e9rigord, ma passion pour les Girondins, les Jaunards et les Jazzmen transpire dans mes \u00e9crits. \u00c0 Dicodusport depuis 2021, je d\u00e9niche les sports m\u00e9connus dans lesquels la France brille, et il y en a !\",\"sameAs\":[\"https:\/\/www.facebook.com\/sebastien.gente\/\",\"https:\/\/www.instagram.com\/sebgente\/\",\"https:\/\/www.linkedin.com\/in\/sbastien-gente-a29583169\/\",\"https:\/\/x.com\/https:\/\/twitter.com\/globulo24\",\"SebastienGente\"],\"worksFor\":\"S\u00e9bastien GENTE\",\"url\":\"https:\/\/dicodusport.fr\/blog\/author\/sebastiengente\/\"}]}<\/script>\n<!-- \/ Yoast SEO Premium plugin. -->","yoast_head_json":{"title":"Circuit ITF : Un titre pour Terence Atmane, Manon L\u00e9onard et Ugo Blanchet","description":"TENNIS - CIRCUIT ITF - Les Fran\u00e7ais d\u00e9crochent trois titres sur le circuit ITF gr\u00e2ce \u00e0 Terence Atmane, Manon L\u00e9onard et Ugo Blanchet. \u00a0","robots":{"index":"index","follow":"follow","max-snippet":"max-snippet:-1","max-image-preview":"max-image-preview:large","max-video-preview":"max-video-preview:-1"},"canonical":"https:\/\/dicodusport.fr\/blog\/circuit-itf-un-titre-pour-terence-atmane-manon-leonard-et-ugo-blanchet\/","og_locale":"fr_FR","og_type":"article","og_title":"Circuit ITF : Un titre pour Terence Atmane, Manon L\u00e9onard et Ugo Blanchet","og_description":"TENNIS - CIRCUIT ITF - Les Fran\u00e7ais d\u00e9crochent trois titres sur le circuit ITF gr\u00e2ce \u00e0 Terence Atmane, Manon L\u00e9onard et Ugo Blanchet. \u00a0","og_url":"https:\/\/dicodusport.fr\/blog\/circuit-itf-un-titre-pour-terence-atmane-manon-leonard-et-ugo-blanchet\/","og_site_name":"Dicodusport","article_publisher":"https:\/\/www.facebook.com\/dicodusport","article_author":"https:\/\/www.facebook.com\/sebastien.gente\/","article_published_time":"2022-07-03T15:06:23+00:00","article_modified_time":"2022-07-03T15:18:06+00:00","og_image":[{"width":800,"height":445,"url":"https:\/\/dicodusport.fr\/blog\/wp-content\/uploads\/2022\/07\/Circuit-ITF-Un-titre-pour-Terence-Atmane-Manon-Leonard-et-Ugo-Blanchet.png","type":"image\/png"}],"author":"S\u00e9bastien Gente","twitter_card":"summary_large_image","twitter_title":"Circuit ITF : Un titre pour Terence Atmane, Manon L\u00e9onard et Ugo Blanchet","twitter_creator":"@https:\/\/twitter.com\/globulo24","twitter_site":"@dicodusport","schema":{"@context":"https:\/\/schema.org","@graph":[{"@type":"NewsArticle","@id":"https:\/\/dicodusport.fr\/blog\/circuit-itf-un-titre-pour-terence-atmane-manon-leonard-et-ugo-blanchet\/#article","isPartOf":{"@id":"https:\/\/dicodusport.fr\/blog\/circuit-itf-un-titre-pour-terence-atmane-manon-leonard-et-ugo-blanchet\/"},"author":{"name":"S\u00e9bastien Gente","@id":"https:\/\/dicodusport.fr\/blog\/#\/schema\/person\/627966a6cde45dbd8c5e36ac85d783da"},"headline":"Circuit ITF : Un titre pour Terence Atmane, Manon L\u00e9onard et Ugo Blanchet","datePublished":"2022-07-03T15:06:23+00:00","dateModified":"2022-07-03T15:18:06+00:00","mainEntityOfPage":{"@id":"https:\/\/dicodusport.fr\/blog\/circuit-itf-un-titre-pour-terence-atmane-manon-leonard-et-ugo-blanchet\/"},"wordCount":454,"commentCount":0,"publisher":{"@id":"https:\/\/dicodusport.fr\/blog\/#organization"},"image":{"@id":"https:\/\/dicodusport.fr\/blog\/circuit-itf-un-titre-pour-terence-atmane-manon-leonard-et-ugo-blanchet\/#primaryimage"},"thumbnailUrl":"https:\/\/dicodusport.fr\/blog\/wp-content\/uploads\/2022\/07\/Circuit-ITF-Un-titre-pour-Terence-Atmane-Manon-Leonard-et-Ugo-Blanchet.png","keywords":["Tennis fran\u00e7ais","Terence Atmane"],"articleSection":["Tennis"],"inLanguage":"fr-FR","potentialAction":[{"@type":"CommentAction","name":"Comment","target":["https:\/\/dicodusport.fr\/blog\/circuit-itf-un-titre-pour-terence-atmane-manon-leonard-et-ugo-blanchet\/#respond"]}],"copyrightYear":"2022","copyrightHolder":{"@id":"https:\/\/dicodusport.fr\/blog\/#organization"}},{"@type":"WebPage","@id":"https:\/\/dicodusport.fr\/blog\/circuit-itf-un-titre-pour-terence-atmane-manon-leonard-et-ugo-blanchet\/","url":"https:\/\/dicodusport.fr\/blog\/circuit-itf-un-titre-pour-terence-atmane-manon-leonard-et-ugo-blanchet\/","name":"Circuit ITF : Un titre pour Terence Atmane, Manon L\u00e9onard et Ugo Blanchet","isPartOf":{"@id":"https:\/\/dicodusport.fr\/blog\/#website"},"primaryImageOfPage":{"@id":"https:\/\/dicodusport.fr\/blog\/circuit-itf-un-titre-pour-terence-atmane-manon-leonard-et-ugo-blanchet\/#primaryimage"},"image":{"@id":"https:\/\/dicodusport.fr\/blog\/circuit-itf-un-titre-pour-terence-atmane-manon-leonard-et-ugo-blanchet\/#primaryimage"},"thumbnailUrl":"https:\/\/dicodusport.fr\/blog\/wp-content\/uploads\/2022\/07\/Circuit-ITF-Un-titre-pour-Terence-Atmane-Manon-Leonard-et-Ugo-Blanchet.png","datePublished":"2022-07-03T15:06:23+00:00","dateModified":"2022-07-03T15:18:06+00:00","description":"TENNIS - CIRCUIT ITF - Les Fran\u00e7ais d\u00e9crochent trois titres sur le circuit ITF gr\u00e2ce \u00e0 Terence Atmane, Manon L\u00e9onard et Ugo Blanchet. \u00a0","breadcrumb":{"@id":"https:\/\/dicodusport.fr\/blog\/circuit-itf-un-titre-pour-terence-atmane-manon-leonard-et-ugo-blanchet\/#breadcrumb"},"inLanguage":"fr-FR","potentialAction":[{"@type":"ReadAction","target":["https:\/\/dicodusport.fr\/blog\/circuit-itf-un-titre-pour-terence-atmane-manon-leonard-et-ugo-blanchet\/"]}]},{"@type":"ImageObject","inLanguage":"fr-FR","@id":"https:\/\/dicodusport.fr\/blog\/circuit-itf-un-titre-pour-terence-atmane-manon-leonard-et-ugo-blanchet\/#primaryimage","url":"https:\/\/dicodusport.fr\/blog\/wp-content\/uploads\/2022\/07\/Circuit-ITF-Un-titre-pour-Terence-Atmane-Manon-Leonard-et-Ugo-Blanchet.png","contentUrl":"https:\/\/dicodusport.fr\/blog\/wp-content\/uploads\/2022\/07\/Circuit-ITF-Un-titre-pour-Terence-Atmane-Manon-Leonard-et-Ugo-Blanchet.png","width":800,"height":445,"caption":"Circuit ITF Manon L\u00e9onard et Constantin Bittoun titr\u00e9s \u00e0 Monastir"},{"@type":"BreadcrumbList","@id":"https:\/\/dicodusport.fr\/blog\/circuit-itf-un-titre-pour-terence-atmane-manon-leonard-et-ugo-blanchet\/#breadcrumb","itemListElement":[{"@type":"ListItem","position":1,"name":"Accueil","item":"https:\/\/dicodusport.fr\/blog\/"},{"@type":"ListItem","position":2,"name":"Circuit ITF : Un titre pour Terence Atmane, Manon L\u00e9onard et Ugo Blanchet"}]},{"@type":"WebSite","@id":"https:\/\/dicodusport.fr\/blog\/#website","url":"https:\/\/dicodusport.fr\/blog\/","name":"Dicodusport","description":"L&#039;encyclop\u00e9die de l&#039;actualit\u00e9 sportive","publisher":{"@id":"https:\/\/dicodusport.fr\/blog\/#organization"},"potentialAction":[{"@type":"SearchAction","target":{"@type":"EntryPoint","urlTemplate":"https:\/\/dicodusport.fr\/blog\/?s={search_term_string}"},"query-input":{"@type":"PropertyValueSpecification","valueRequired":true,"valueName":"search_term_string"}}],"inLanguage":"fr-FR"},{"@type":"NewsMediaOrganization","@id":"https:\/\/dicodusport.fr\/blog\/#organization","name":"Dicodusport","url":"https:\/\/dicodusport.fr\/blog\/","logo":{"@type":"ImageObject","inLanguage":"fr-FR","@id":"https:\/\/dicodusport.fr\/blog\/#\/schema\/logo\/image\/","url":"https:\/\/dicodusport.fr\/blog\/wp-content\/uploads\/2020\/06\/cropped-LOGO-DICODUSPORT-2020-SANS-FOND-SANS-TEXTE.png","contentUrl":"https:\/\/dicodusport.fr\/blog\/wp-content\/uploads\/2020\/06\/cropped-LOGO-DICODUSPORT-2020-SANS-FOND-SANS-TEXTE.png","width":512,"height":512,"caption":"Dicodusport"},"image":{"@id":"https:\/\/dicodusport.fr\/blog\/#\/schema\/logo\/image\/"},"sameAs":["https:\/\/www.facebook.com\/dicodusport","https:\/\/x.com\/dicodusport","https:\/\/www.instagram.com\/dicodusport\/","https:\/\/www.youtube.com\/channel\/UC7V2KZ5sd3htJivAbA4ZG3w"],"description":"Dicodusport est l'encyclop\u00e9die de l'actualit\u00e9 sportive.","email":"bonjour@dicodusport.fr","legalName":"DICODUSPORT","foundingDate":"2018-01-14","vatID":"FR71834470973","taxID":"83447097300043","numberOfEmployees":{"@type":"QuantitativeValue","minValue":"1","maxValue":"10"}},{"@type":"Person","@id":"https:\/\/dicodusport.fr\/blog\/#\/schema\/person\/627966a6cde45dbd8c5e36ac85d783da","name":"S\u00e9bastien Gente","image":{"@type":"ImageObject","inLanguage":"fr-FR","@id":"https:\/\/dicodusport.fr\/blog\/#\/schema\/person\/image\/","url":"https:\/\/dicodusport.fr\/blog\/wp-content\/uploads\/2021\/09\/1510990_10205810251400683_4124423575079401707_n-150x150.jpg","contentUrl":"https:\/\/dicodusport.fr\/blog\/wp-content\/uploads\/2021\/09\/1510990_10205810251400683_4124423575079401707_n-150x150.jpg","caption":"S\u00e9bastien Gente"},"description":"John Stockton, Gianni Bugno, Zinedine Zidane, Steffi Graf, Frode Andresen, St\u00e9phane Stoecklin, Davis Kamoga, Primoz Peterka, Werner Schlager et Aur\u00e9lien Rougerie. Point commun entre ces sportifs? Ils m'ont fait r\u00eaver et ont berc\u00e9 mon adolescence. Je suis un fondu de sports et j'essaie de retranscrire ma passion \u00e0 travers mes articles. Originaire du P\u00e9rigord, ma passion pour les Girondins, les Jaunards et les Jazzmen transpire dans mes \u00e9crits. \u00c0 Dicodusport depuis 2021, je d\u00e9niche les sports m\u00e9connus dans lesquels la France brille, et il y en a !","sameAs":["https:\/\/www.facebook.com\/sebastien.gente\/","https:\/\/www.instagram.com\/sebgente\/","https:\/\/www.linkedin.com\/in\/sbastien-gente-a29583169\/","https:\/\/x.com\/https:\/\/twitter.com\/globulo24","SebastienGente"],"worksFor":"S\u00e9bastien GENTE","url":"https:\/\/dicodusport.fr\/blog\/author\/sebastiengente\/"}]}},"_links":{"self":[{"href":"https:\/\/dicodusport.fr\/blog\/wp-json\/wp\/v2\/posts\/239726","targetHints":{"allow":["GET"]}}],"collection":[{"href":"https:\/\/dicodusport.fr\/blog\/wp-json\/wp\/v2\/posts"}],"about":[{"href":"https:\/\/dicodusport.fr\/blog\/wp-json\/wp\/v2\/types\/post"}],"author":[{"embeddable":true,"href":"https:\/\/dicodusport.fr\/blog\/wp-json\/wp\/v2\/users\/59"}],"replies":[{"embeddable":true,"href":"https:\/\/dicodusport.fr\/blog\/wp-json\/wp\/v2\/comments?post=239726"}],"version-history":[{"count":0,"href":"https:\/\/dicodusport.fr\/blog\/wp-json\/wp\/v2\/posts\/239726\/revisions"}],"wp:featuredmedia":[{"embeddable":true,"href":"https:\/\/dicodusport.fr\/blog\/wp-json\/wp\/v2\/media\/239789"}],"wp:attachment":[{"href":"https:\/\/dicodusport.fr\/blog\/wp-json\/wp\/v2\/media?parent=239726"}],"wp:term":[{"taxonomy":"category","embeddable":true,"href":"https:\/\/dicodusport.fr\/blog\/wp-json\/wp\/v2\/categories?post=239726"},{"taxonomy":"post_tag","embeddable":true,"href":"https:\/\/dicodusport.fr\/blog\/wp-json\/wp\/v2\/tags?post=239726"}],"curies":[{"name":"wp","href":"https:\/\/api.w.org\/{rel}","templated":true}]}}