{"id":239727,"date":"2022-07-03T15:34:08","date_gmt":"2022-07-03T13:34:08","guid":{"rendered":"https:\/\/dicodusport.fr\/blog\/?p=239727&#038;preview=true&#038;preview_id=239727"},"modified":"2022-07-03T16:08:44","modified_gmt":"2022-07-03T14:08:44","slug":"le-psg-veut-faire-revenir-adrien-rabiot","status":"publish","type":"post","link":"https:\/\/dicodusport.fr\/blog\/le-psg-veut-faire-revenir-adrien-rabiot\/","title":{"rendered":"Le PSG veut faire revenir Adrien Rabiot"},"content":{"rendered":"<p style=\"text-align: justify;\"><b><i>LIGUE 1 2022-2023 &#8211; Selon Il Corriere dello Sport, le PSG envisage de faire revenir au club Adrien Rabiot pour renforcer son milieu de terrain.\u00a0<\/i><\/b><\/p>\n<p style=\"text-align: justify;\"><strong>Adrien Rabiot<\/strong> est ind\u00e9sirable \u00e0 la Juventus, et on sait depuis plusieurs semaines que le club italien aimerait s&rsquo;en s\u00e9parer. Si l&rsquo;Angleterre a \u00e9t\u00e9 \u00e9voqu\u00e9e comme possible destination, le <strong>PSG<\/strong> serait aussi sur le coup selon la presse italienne. <strong>Vitinha<\/strong> est d\u00e9j\u00e0 arriv\u00e9 au milieu de terrain, mais le club de la capitale ne veut pas s&rsquo;arr\u00eater l\u00e0. La Juventus aimerait recruter <strong>Leandro Paredes<\/strong>\u00a0et pourrait inclure <strong>Adrien Rabiot<\/strong> dans la transaction pour faire baisser le prix du transfert.<\/p>\n<p style=\"text-align: justify;\"><strong>Adrien Rabiot<\/strong> a-t-il envie de revenir en France sachant que <strong>Manchester United<\/strong> et <strong>Chelsea<\/strong> lui font les yeux doux ? Rien n&rsquo;est moins s\u00fbr, mais ce dossier devrait prochainement se d\u00e9canter.<\/p>\n<blockquote class=\"twitter-tweet\">\n<p dir=\"ltr\" lang=\"fr\">Le PSG pense \u00e0 un \u00e9tonnant come-back !<a href=\"https:\/\/t.co\/cXspY4CSIv\">https:\/\/t.co\/cXspY4CSIv<\/a><\/p>\n<p>\u2014 Foot Mercato (@footmercato) <a href=\"https:\/\/twitter.com\/footmercato\/status\/1543575248989487104?ref_src=twsrc%5Etfw\">July 3, 2022<\/a><\/p><\/blockquote>\n<p style=\"text-align: justify;\"><script async src=\"https:\/\/platform.twitter.com\/widgets.js\" charset=\"utf-8\"><\/script><\/p>\n<p style=\"text-align: justify;\">\n","protected":false},"excerpt":{"rendered":"<p>LIGUE 1 2022-2023 &#8211; Selon Il Corriere dello Sport, le PSG envisage de faire revenir au club Adrien Rabiot pour renforcer son milieu de terrain.\u00a0<\/p>\n","protected":false},"author":1,"featured_media":239739,"comment_status":"open","ping_status":"closed","sticky":false,"template":"","format":"standard","meta":{"_acf_changed":false,"_daextam_enable_autolinks":"","footnotes":""},"categories":[2301,47045],"tags":[4927,75,2454,910,4928],"class_list":["post-239727","post","type-post","status-publish","format-standard","has-post-thumbnail","hentry","category-football","category-ligue-1","tag-adrien-rabiot","tag-football","tag-juventus","tag-psg","tag-rabiot"],"acf":[],"yoast_head":"<!-- This site is optimized with the Yoast SEO Premium plugin v26.7 (Yoast SEO v26.7) - https:\/\/yoast.com\/wordpress\/plugins\/seo\/ -->\n<title>Le PSG veut faire revenir Adrien Rabiot<\/title>\n<meta name=\"description\" content=\"LIGUE 1 2022-2023 - Selon Il Corriere dello Sport, le PSG envisage de faire revenir au club Adrien Rabiot pour renforcer son milieu de terrain.\u00a0\" \/>\n<meta name=\"robots\" content=\"index, follow, max-snippet:-1, max-image-preview:large, max-video-preview:-1\" \/>\n<link rel=\"canonical\" href=\"https:\/\/dicodusport.fr\/blog\/le-psg-veut-faire-revenir-adrien-rabiot\/\" \/>\n<meta property=\"og:locale\" content=\"fr_FR\" \/>\n<meta property=\"og:type\" content=\"article\" \/>\n<meta property=\"og:title\" content=\"Le PSG veut faire revenir Adrien Rabiot\" \/>\n<meta property=\"og:description\" content=\"LIGUE 1 2022-2023 - Selon Il Corriere dello Sport, le PSG envisage de faire revenir au club Adrien Rabiot pour renforcer son milieu de terrain.\u00a0\" \/>\n<meta property=\"og:url\" content=\"https:\/\/dicodusport.fr\/blog\/le-psg-veut-faire-revenir-adrien-rabiot\/\" \/>\n<meta property=\"og:site_name\" content=\"Dicodusport\" \/>\n<meta property=\"article:publisher\" content=\"https:\/\/www.facebook.com\/dicodusport\" \/>\n<meta property=\"article:author\" content=\"https:\/\/www.facebook.com\/dicodusport\" \/>\n<meta property=\"article:published_time\" content=\"2022-07-03T13:34:08+00:00\" \/>\n<meta property=\"article:modified_time\" content=\"2022-07-03T14:08:44+00:00\" \/>\n<meta property=\"og:image\" content=\"https:\/\/dicodusport.fr\/blog\/wp-content\/uploads\/2022\/07\/Le-PSG-veut-faire-revenir-Adrien-Rabiot.png\" \/>\n\t<meta property=\"og:image:width\" content=\"800\" \/>\n\t<meta property=\"og:image:height\" content=\"445\" \/>\n\t<meta property=\"og:image:type\" content=\"image\/png\" \/>\n<meta name=\"author\" content=\"Nicolas Jacquemard\" \/>\n<meta name=\"twitter:card\" content=\"summary_large_image\" \/>\n<meta name=\"twitter:title\" content=\"Le PSG veut faire revenir Adrien Rabiot\" \/>\n<meta name=\"twitter:creator\" content=\"@https:\/\/twitter.com\/Nico_Jacquemard\" \/>\n<meta name=\"twitter:site\" content=\"@dicodusport\" \/>\n<script type=\"application\/ld+json\" class=\"yoast-schema-graph\">{\"@context\":\"https:\/\/schema.org\",\"@graph\":[{\"@type\":\"NewsArticle\",\"@id\":\"https:\/\/dicodusport.fr\/blog\/le-psg-veut-faire-revenir-adrien-rabiot\/#article\",\"isPartOf\":{\"@id\":\"https:\/\/dicodusport.fr\/blog\/le-psg-veut-faire-revenir-adrien-rabiot\/\"},\"author\":{\"name\":\"Nicolas Jacquemard\",\"@id\":\"https:\/\/dicodusport.fr\/blog\/#\/schema\/person\/55dcb50ad410894e431ed812bbb70191\"},\"headline\":\"Le PSG veut faire revenir Adrien Rabiot\",\"datePublished\":\"2022-07-03T13:34:08+00:00\",\"dateModified\":\"2022-07-03T14:08:44+00:00\",\"mainEntityOfPage\":{\"@id\":\"https:\/\/dicodusport.fr\/blog\/le-psg-veut-faire-revenir-adrien-rabiot\/\"},\"wordCount\":165,\"commentCount\":0,\"publisher\":{\"@id\":\"https:\/\/dicodusport.fr\/blog\/#organization\"},\"image\":{\"@id\":\"https:\/\/dicodusport.fr\/blog\/le-psg-veut-faire-revenir-adrien-rabiot\/#primaryimage\"},\"thumbnailUrl\":\"https:\/\/dicodusport.fr\/blog\/wp-content\/uploads\/2022\/07\/Le-PSG-veut-faire-revenir-Adrien-Rabiot.png\",\"keywords\":[\"Adrien Rabiot\",\"Football\",\"juventus\",\"PSG\",\"Rabiot\"],\"articleSection\":[\"Football\",\"Ligue 1\"],\"inLanguage\":\"fr-FR\",\"potentialAction\":[{\"@type\":\"CommentAction\",\"name\":\"Comment\",\"target\":[\"https:\/\/dicodusport.fr\/blog\/le-psg-veut-faire-revenir-adrien-rabiot\/#respond\"]}],\"copyrightYear\":\"2022\",\"copyrightHolder\":{\"@id\":\"https:\/\/dicodusport.fr\/blog\/#organization\"}},{\"@type\":\"WebPage\",\"@id\":\"https:\/\/dicodusport.fr\/blog\/le-psg-veut-faire-revenir-adrien-rabiot\/\",\"url\":\"https:\/\/dicodusport.fr\/blog\/le-psg-veut-faire-revenir-adrien-rabiot\/\",\"name\":\"Le PSG veut faire revenir Adrien Rabiot\",\"isPartOf\":{\"@id\":\"https:\/\/dicodusport.fr\/blog\/#website\"},\"primaryImageOfPage\":{\"@id\":\"https:\/\/dicodusport.fr\/blog\/le-psg-veut-faire-revenir-adrien-rabiot\/#primaryimage\"},\"image\":{\"@id\":\"https:\/\/dicodusport.fr\/blog\/le-psg-veut-faire-revenir-adrien-rabiot\/#primaryimage\"},\"thumbnailUrl\":\"https:\/\/dicodusport.fr\/blog\/wp-content\/uploads\/2022\/07\/Le-PSG-veut-faire-revenir-Adrien-Rabiot.png\",\"datePublished\":\"2022-07-03T13:34:08+00:00\",\"dateModified\":\"2022-07-03T14:08:44+00:00\",\"description\":\"LIGUE 1 2022-2023 - Selon Il Corriere dello Sport, le PSG envisage de faire revenir au club Adrien Rabiot pour renforcer son milieu de terrain.\u00a0\",\"breadcrumb\":{\"@id\":\"https:\/\/dicodusport.fr\/blog\/le-psg-veut-faire-revenir-adrien-rabiot\/#breadcrumb\"},\"inLanguage\":\"fr-FR\",\"potentialAction\":[{\"@type\":\"ReadAction\",\"target\":[\"https:\/\/dicodusport.fr\/blog\/le-psg-veut-faire-revenir-adrien-rabiot\/\"]}]},{\"@type\":\"ImageObject\",\"inLanguage\":\"fr-FR\",\"@id\":\"https:\/\/dicodusport.fr\/blog\/le-psg-veut-faire-revenir-adrien-rabiot\/#primaryimage\",\"url\":\"https:\/\/dicodusport.fr\/blog\/wp-content\/uploads\/2022\/07\/Le-PSG-veut-faire-revenir-Adrien-Rabiot.png\",\"contentUrl\":\"https:\/\/dicodusport.fr\/blog\/wp-content\/uploads\/2022\/07\/Le-PSG-veut-faire-revenir-Adrien-Rabiot.png\",\"width\":800,\"height\":445},{\"@type\":\"BreadcrumbList\",\"@id\":\"https:\/\/dicodusport.fr\/blog\/le-psg-veut-faire-revenir-adrien-rabiot\/#breadcrumb\",\"itemListElement\":[{\"@type\":\"ListItem\",\"position\":1,\"name\":\"Accueil\",\"item\":\"https:\/\/dicodusport.fr\/blog\/\"},{\"@type\":\"ListItem\",\"position\":2,\"name\":\"Le PSG veut faire revenir Adrien Rabiot\"}]},{\"@type\":\"WebSite\",\"@id\":\"https:\/\/dicodusport.fr\/blog\/#website\",\"url\":\"https:\/\/dicodusport.fr\/blog\/\",\"name\":\"Dicodusport\",\"description\":\"L&#039;encyclop\u00e9die de l&#039;actualit\u00e9 sportive\",\"publisher\":{\"@id\":\"https:\/\/dicodusport.fr\/blog\/#organization\"},\"potentialAction\":[{\"@type\":\"SearchAction\",\"target\":{\"@type\":\"EntryPoint\",\"urlTemplate\":\"https:\/\/dicodusport.fr\/blog\/?s={search_term_string}\"},\"query-input\":{\"@type\":\"PropertyValueSpecification\",\"valueRequired\":true,\"valueName\":\"search_term_string\"}}],\"inLanguage\":\"fr-FR\"},{\"@type\":\"NewsMediaOrganization\",\"@id\":\"https:\/\/dicodusport.fr\/blog\/#organization\",\"name\":\"Dicodusport\",\"url\":\"https:\/\/dicodusport.fr\/blog\/\",\"logo\":{\"@type\":\"ImageObject\",\"inLanguage\":\"fr-FR\",\"@id\":\"https:\/\/dicodusport.fr\/blog\/#\/schema\/logo\/image\/\",\"url\":\"https:\/\/dicodusport.fr\/blog\/wp-content\/uploads\/2020\/06\/cropped-LOGO-DICODUSPORT-2020-SANS-FOND-SANS-TEXTE.png\",\"contentUrl\":\"https:\/\/dicodusport.fr\/blog\/wp-content\/uploads\/2020\/06\/cropped-LOGO-DICODUSPORT-2020-SANS-FOND-SANS-TEXTE.png\",\"width\":512,\"height\":512,\"caption\":\"Dicodusport\"},\"image\":{\"@id\":\"https:\/\/dicodusport.fr\/blog\/#\/schema\/logo\/image\/\"},\"sameAs\":[\"https:\/\/www.facebook.com\/dicodusport\",\"https:\/\/x.com\/dicodusport\",\"https:\/\/www.instagram.com\/dicodusport\/\",\"https:\/\/www.youtube.com\/channel\/UC7V2KZ5sd3htJivAbA4ZG3w\"],\"description\":\"Dicodusport est l'encyclop\u00e9die de l'actualit\u00e9 sportive.\",\"email\":\"bonjour@dicodusport.fr\",\"legalName\":\"DICODUSPORT\",\"foundingDate\":\"2018-01-14\",\"vatID\":\"FR71834470973\",\"taxID\":\"83447097300043\",\"numberOfEmployees\":{\"@type\":\"QuantitativeValue\",\"minValue\":\"1\",\"maxValue\":\"10\"}},{\"@type\":\"Person\",\"@id\":\"https:\/\/dicodusport.fr\/blog\/#\/schema\/person\/55dcb50ad410894e431ed812bbb70191\",\"name\":\"Nicolas Jacquemard\",\"image\":{\"@type\":\"ImageObject\",\"inLanguage\":\"fr-FR\",\"@id\":\"https:\/\/dicodusport.fr\/blog\/#\/schema\/person\/image\/\",\"url\":\"https:\/\/dicodusport.fr\/blog\/wp-content\/uploads\/2021\/05\/Nicolas-Jacquemard-150x150.jpeg\",\"contentUrl\":\"https:\/\/dicodusport.fr\/blog\/wp-content\/uploads\/2021\/05\/Nicolas-Jacquemard-150x150.jpeg\",\"caption\":\"Nicolas Jacquemard\"},\"description\":\"Passionn\u00e9 de sport et entrepreneur depuis mes 18 ans, la cr\u00e9ation de Dicodusport m'a sembl\u00e9 \u00e9vidente pour participer \u00e0 la m\u00e9diatisation d'un plus grand nombre de sports. Le chemin est long mais avec une \u00e9quipe des plus motiv\u00e9es et les Jeux Olympiques de Paris 2024 en point de mire, nous y arriverons ! Journaliste dans le monde du sport depuis plus de 5 ans, je traite aussi bien de football, de rugby, de biathlon que de cyclisme.\",\"sameAs\":[\"https:\/\/www.facebook.com\/dicodusport\",\"https:\/\/x.com\/https:\/\/twitter.com\/Nico_Jacquemard\"],\"url\":\"https:\/\/dicodusport.fr\/blog\/author\/dicodusport\/\"}]}<\/script>\n<!-- \/ Yoast SEO Premium plugin. -->","yoast_head_json":{"title":"Le PSG veut faire revenir Adrien Rabiot","description":"LIGUE 1 2022-2023 - Selon Il Corriere dello Sport, le PSG envisage de faire revenir au club Adrien Rabiot pour renforcer son milieu de terrain.\u00a0","robots":{"index":"index","follow":"follow","max-snippet":"max-snippet:-1","max-image-preview":"max-image-preview:large","max-video-preview":"max-video-preview:-1"},"canonical":"https:\/\/dicodusport.fr\/blog\/le-psg-veut-faire-revenir-adrien-rabiot\/","og_locale":"fr_FR","og_type":"article","og_title":"Le PSG veut faire revenir Adrien Rabiot","og_description":"LIGUE 1 2022-2023 - Selon Il Corriere dello Sport, le PSG envisage de faire revenir au club Adrien Rabiot pour renforcer son milieu de terrain.\u00a0","og_url":"https:\/\/dicodusport.fr\/blog\/le-psg-veut-faire-revenir-adrien-rabiot\/","og_site_name":"Dicodusport","article_publisher":"https:\/\/www.facebook.com\/dicodusport","article_author":"https:\/\/www.facebook.com\/dicodusport","article_published_time":"2022-07-03T13:34:08+00:00","article_modified_time":"2022-07-03T14:08:44+00:00","og_image":[{"width":800,"height":445,"url":"https:\/\/dicodusport.fr\/blog\/wp-content\/uploads\/2022\/07\/Le-PSG-veut-faire-revenir-Adrien-Rabiot.png","type":"image\/png"}],"author":"Nicolas Jacquemard","twitter_card":"summary_large_image","twitter_title":"Le PSG veut faire revenir Adrien Rabiot","twitter_creator":"@https:\/\/twitter.com\/Nico_Jacquemard","twitter_site":"@dicodusport","schema":{"@context":"https:\/\/schema.org","@graph":[{"@type":"NewsArticle","@id":"https:\/\/dicodusport.fr\/blog\/le-psg-veut-faire-revenir-adrien-rabiot\/#article","isPartOf":{"@id":"https:\/\/dicodusport.fr\/blog\/le-psg-veut-faire-revenir-adrien-rabiot\/"},"author":{"name":"Nicolas Jacquemard","@id":"https:\/\/dicodusport.fr\/blog\/#\/schema\/person\/55dcb50ad410894e431ed812bbb70191"},"headline":"Le PSG veut faire revenir Adrien Rabiot","datePublished":"2022-07-03T13:34:08+00:00","dateModified":"2022-07-03T14:08:44+00:00","mainEntityOfPage":{"@id":"https:\/\/dicodusport.fr\/blog\/le-psg-veut-faire-revenir-adrien-rabiot\/"},"wordCount":165,"commentCount":0,"publisher":{"@id":"https:\/\/dicodusport.fr\/blog\/#organization"},"image":{"@id":"https:\/\/dicodusport.fr\/blog\/le-psg-veut-faire-revenir-adrien-rabiot\/#primaryimage"},"thumbnailUrl":"https:\/\/dicodusport.fr\/blog\/wp-content\/uploads\/2022\/07\/Le-PSG-veut-faire-revenir-Adrien-Rabiot.png","keywords":["Adrien Rabiot","Football","juventus","PSG","Rabiot"],"articleSection":["Football","Ligue 1"],"inLanguage":"fr-FR","potentialAction":[{"@type":"CommentAction","name":"Comment","target":["https:\/\/dicodusport.fr\/blog\/le-psg-veut-faire-revenir-adrien-rabiot\/#respond"]}],"copyrightYear":"2022","copyrightHolder":{"@id":"https:\/\/dicodusport.fr\/blog\/#organization"}},{"@type":"WebPage","@id":"https:\/\/dicodusport.fr\/blog\/le-psg-veut-faire-revenir-adrien-rabiot\/","url":"https:\/\/dicodusport.fr\/blog\/le-psg-veut-faire-revenir-adrien-rabiot\/","name":"Le PSG veut faire revenir Adrien Rabiot","isPartOf":{"@id":"https:\/\/dicodusport.fr\/blog\/#website"},"primaryImageOfPage":{"@id":"https:\/\/dicodusport.fr\/blog\/le-psg-veut-faire-revenir-adrien-rabiot\/#primaryimage"},"image":{"@id":"https:\/\/dicodusport.fr\/blog\/le-psg-veut-faire-revenir-adrien-rabiot\/#primaryimage"},"thumbnailUrl":"https:\/\/dicodusport.fr\/blog\/wp-content\/uploads\/2022\/07\/Le-PSG-veut-faire-revenir-Adrien-Rabiot.png","datePublished":"2022-07-03T13:34:08+00:00","dateModified":"2022-07-03T14:08:44+00:00","description":"LIGUE 1 2022-2023 - Selon Il Corriere dello Sport, le PSG envisage de faire revenir au club Adrien Rabiot pour renforcer son milieu de terrain.\u00a0","breadcrumb":{"@id":"https:\/\/dicodusport.fr\/blog\/le-psg-veut-faire-revenir-adrien-rabiot\/#breadcrumb"},"inLanguage":"fr-FR","potentialAction":[{"@type":"ReadAction","target":["https:\/\/dicodusport.fr\/blog\/le-psg-veut-faire-revenir-adrien-rabiot\/"]}]},{"@type":"ImageObject","inLanguage":"fr-FR","@id":"https:\/\/dicodusport.fr\/blog\/le-psg-veut-faire-revenir-adrien-rabiot\/#primaryimage","url":"https:\/\/dicodusport.fr\/blog\/wp-content\/uploads\/2022\/07\/Le-PSG-veut-faire-revenir-Adrien-Rabiot.png","contentUrl":"https:\/\/dicodusport.fr\/blog\/wp-content\/uploads\/2022\/07\/Le-PSG-veut-faire-revenir-Adrien-Rabiot.png","width":800,"height":445},{"@type":"BreadcrumbList","@id":"https:\/\/dicodusport.fr\/blog\/le-psg-veut-faire-revenir-adrien-rabiot\/#breadcrumb","itemListElement":[{"@type":"ListItem","position":1,"name":"Accueil","item":"https:\/\/dicodusport.fr\/blog\/"},{"@type":"ListItem","position":2,"name":"Le PSG veut faire revenir Adrien Rabiot"}]},{"@type":"WebSite","@id":"https:\/\/dicodusport.fr\/blog\/#website","url":"https:\/\/dicodusport.fr\/blog\/","name":"Dicodusport","description":"L&#039;encyclop\u00e9die de l&#039;actualit\u00e9 sportive","publisher":{"@id":"https:\/\/dicodusport.fr\/blog\/#organization"},"potentialAction":[{"@type":"SearchAction","target":{"@type":"EntryPoint","urlTemplate":"https:\/\/dicodusport.fr\/blog\/?s={search_term_string}"},"query-input":{"@type":"PropertyValueSpecification","valueRequired":true,"valueName":"search_term_string"}}],"inLanguage":"fr-FR"},{"@type":"NewsMediaOrganization","@id":"https:\/\/dicodusport.fr\/blog\/#organization","name":"Dicodusport","url":"https:\/\/dicodusport.fr\/blog\/","logo":{"@type":"ImageObject","inLanguage":"fr-FR","@id":"https:\/\/dicodusport.fr\/blog\/#\/schema\/logo\/image\/","url":"https:\/\/dicodusport.fr\/blog\/wp-content\/uploads\/2020\/06\/cropped-LOGO-DICODUSPORT-2020-SANS-FOND-SANS-TEXTE.png","contentUrl":"https:\/\/dicodusport.fr\/blog\/wp-content\/uploads\/2020\/06\/cropped-LOGO-DICODUSPORT-2020-SANS-FOND-SANS-TEXTE.png","width":512,"height":512,"caption":"Dicodusport"},"image":{"@id":"https:\/\/dicodusport.fr\/blog\/#\/schema\/logo\/image\/"},"sameAs":["https:\/\/www.facebook.com\/dicodusport","https:\/\/x.com\/dicodusport","https:\/\/www.instagram.com\/dicodusport\/","https:\/\/www.youtube.com\/channel\/UC7V2KZ5sd3htJivAbA4ZG3w"],"description":"Dicodusport est l'encyclop\u00e9die de l'actualit\u00e9 sportive.","email":"bonjour@dicodusport.fr","legalName":"DICODUSPORT","foundingDate":"2018-01-14","vatID":"FR71834470973","taxID":"83447097300043","numberOfEmployees":{"@type":"QuantitativeValue","minValue":"1","maxValue":"10"}},{"@type":"Person","@id":"https:\/\/dicodusport.fr\/blog\/#\/schema\/person\/55dcb50ad410894e431ed812bbb70191","name":"Nicolas Jacquemard","image":{"@type":"ImageObject","inLanguage":"fr-FR","@id":"https:\/\/dicodusport.fr\/blog\/#\/schema\/person\/image\/","url":"https:\/\/dicodusport.fr\/blog\/wp-content\/uploads\/2021\/05\/Nicolas-Jacquemard-150x150.jpeg","contentUrl":"https:\/\/dicodusport.fr\/blog\/wp-content\/uploads\/2021\/05\/Nicolas-Jacquemard-150x150.jpeg","caption":"Nicolas Jacquemard"},"description":"Passionn\u00e9 de sport et entrepreneur depuis mes 18 ans, la cr\u00e9ation de Dicodusport m'a sembl\u00e9 \u00e9vidente pour participer \u00e0 la m\u00e9diatisation d'un plus grand nombre de sports. Le chemin est long mais avec une \u00e9quipe des plus motiv\u00e9es et les Jeux Olympiques de Paris 2024 en point de mire, nous y arriverons ! Journaliste dans le monde du sport depuis plus de 5 ans, je traite aussi bien de football, de rugby, de biathlon que de cyclisme.","sameAs":["https:\/\/www.facebook.com\/dicodusport","https:\/\/x.com\/https:\/\/twitter.com\/Nico_Jacquemard"],"url":"https:\/\/dicodusport.fr\/blog\/author\/dicodusport\/"}]}},"_links":{"self":[{"href":"https:\/\/dicodusport.fr\/blog\/wp-json\/wp\/v2\/posts\/239727","targetHints":{"allow":["GET"]}}],"collection":[{"href":"https:\/\/dicodusport.fr\/blog\/wp-json\/wp\/v2\/posts"}],"about":[{"href":"https:\/\/dicodusport.fr\/blog\/wp-json\/wp\/v2\/types\/post"}],"author":[{"embeddable":true,"href":"https:\/\/dicodusport.fr\/blog\/wp-json\/wp\/v2\/users\/1"}],"replies":[{"embeddable":true,"href":"https:\/\/dicodusport.fr\/blog\/wp-json\/wp\/v2\/comments?post=239727"}],"version-history":[{"count":0,"href":"https:\/\/dicodusport.fr\/blog\/wp-json\/wp\/v2\/posts\/239727\/revisions"}],"wp:featuredmedia":[{"embeddable":true,"href":"https:\/\/dicodusport.fr\/blog\/wp-json\/wp\/v2\/media\/239739"}],"wp:attachment":[{"href":"https:\/\/dicodusport.fr\/blog\/wp-json\/wp\/v2\/media?parent=239727"}],"wp:term":[{"taxonomy":"category","embeddable":true,"href":"https:\/\/dicodusport.fr\/blog\/wp-json\/wp\/v2\/categories?post=239727"},{"taxonomy":"post_tag","embeddable":true,"href":"https:\/\/dicodusport.fr\/blog\/wp-json\/wp\/v2\/tags?post=239727"}],"curies":[{"name":"wp","href":"https:\/\/api.w.org\/{rel}","templated":true}]}}