{"id":240305,"date":"2022-07-05T17:38:46","date_gmt":"2022-07-05T15:38:46","guid":{"rendered":"https:\/\/dicodusport.fr\/blog\/?p=240305&#038;preview=true&#038;preview_id=240305"},"modified":"2022-07-05T18:10:15","modified_gmt":"2022-07-05T16:10:15","slug":"tour-de-france-2022-wout-van-aert-soffre-la-4eme-etape-en-solitaire","status":"publish","type":"post","link":"https:\/\/dicodusport.fr\/blog\/tour-de-france-2022-wout-van-aert-soffre-la-4eme-etape-en-solitaire\/","title":{"rendered":"Tour de France 2022 : Wout Van Aert s&rsquo;offre la 4\u00e8me \u00e9tape en solitaire"},"content":{"rendered":"<p style=\"text-align: justify;\"><em><strong><a href=\"https:\/\/dicodusport.fr\/blog\/actualites\/cyclisme\/cyclisme-sur-route-2022\/tour-de-france-2022\/\" target=\"_blank\" rel=\"noopener\">TOUR DE FRANCE 2022<\/a> &#8211; Parti seul dans la derni\u00e8re ascension du jour, Wout Van Aert (Jumbo-Visma) a remport\u00e9 la 4\u00e8me \u00e9tape du Tour de France 2022 \u00e0 <span class=\"red\">Calais<\/span>, ce mardi. Il a devanc\u00e9 Jasper Philipsen (Alpecin-Deceuninck) et Christophe Laporte (Jumbo-Visma). Avec ce 7e succ\u00e8s d&rsquo;\u00e9tape sur la Grande Boucle, Wout Van Aert a consolid\u00e9 le maillot jaune.<br \/>\n<\/strong><\/em><\/p>\n<p style=\"text-align: justify;\">D&rsquo;abord, seuls deux coureurs ont trouv\u00e9 le courage de se porter \u00e0 l&rsquo;avant de la course : <strong>Anthony Perez<\/strong> (Cofidis) et <strong>Magnus Cort Nielsen<\/strong> (EF Education-EasyPost). L&rsquo;\u00e9quipe Quick-Step-Alpha Vinyl s&rsquo;est alors port\u00e9e \u00e0 l&rsquo;avant du peloton pour imposer le tempo. Le coureur danois \u00e9tait \u00e0 l&rsquo;avant de la course pour la troisi\u00e8me fois en quatre \u00e9tapes.<\/p>\n<h2 style=\"text-align: justify;\">Magnus Cort Nielsen, encore devant !<\/h2>\n<p style=\"text-align: justify;\">Puis, dans la C\u00f4te de Cassel, <strong>Magnus Cort Nielsen<\/strong> est pass\u00e9 en t\u00eate au sommet malgr\u00e9 une tentative de <strong>Perez<\/strong> de lui disputer le sprint, alors que le peloton s&rsquo;est scind\u00e9 en deux lors d&rsquo;une acc\u00e9l\u00e9ration du peloton. Mais la situation est revenue rapidement \u00e0 la normale. Lors du sprint interm\u00e9diaire de Lumbres, <strong>Anthony Perez<\/strong> est pass\u00e9 en t\u00eate devant <strong>Magnus Cort Nielsen<\/strong>. Le peloton a accus\u00e9 6 minutes et 40 secondes de retard \u00e0 ce moment-l\u00e0 de la course. <strong>Fabio Jakobsen<\/strong> a pris la troisi\u00e8me place du sprint interm\u00e9diaire devant<strong> Wout Van Aert, Michael Morkov, Peter Sagan<\/strong> et <strong>Christophe Laporte<\/strong>.<\/p>\n<p style=\"text-align: justify;\">Ensuite, dans la C\u00f4te de Remilly-Wirquin, <strong>Magnus Cort Nielsen<\/strong> a franchi en t\u00eate le sommet alors que le peloton a laiss\u00e9 jusqu&rsquo;\u00e0 7 minutes et 20 secondes d&rsquo;avance aux deux fuyards \u00e0 la mi-course. Puis, <strong>Cort Nielsen<\/strong> a \u00e9t\u00e9 cherch\u00e9 un nouveau point au sommet de la C\u00f4te de Nieles-l\u00e8s-Bl\u00e9quin alors que l&rsquo;\u00e9cart est descendu sous les 5 minutes. De nouvelles \u00e9quipes ont pris en main la poursuite comme Lotto-Soudal, Alpecin-Deceuninck et Trek Segafredo.<\/p>\n<p style=\"text-align: justify;\"><strong>Magnus Cort Nielsen<\/strong> a bascul\u00e9 en t\u00eate la C\u00f4te de Harlettes en premier mais le peloton s&rsquo;est fortement rapproch\u00e9 \u00e0 2 minutes 30 gr\u00e2ce au travail de Giulio Ciccone dans les reliefs du Boulonnais. Son leader <strong>Mads Pedersen<\/strong> (Trek Segafredo) a subi une crevaison mais il est rapidement revenu au sein du peloton. Avec 11 points, <strong>Cort Nielsen<\/strong> a confort\u00e9 son maillot \u00e0 pois.<\/p>\n<h2 style=\"text-align: justify;\">Le coup de force de Wout Van Aert !<\/h2>\n<p style=\"text-align: justify;\">Ensuite, le peloton a r\u00e9duit l&rsquo;\u00e9cart sous la minute 20 au sommet de la C\u00f4te du Ventus o\u00f9 Magnus Cort Nielsen a pris un nouveau point au sommet. Anthony Perez s&rsquo;est alors isol\u00e9 en t\u00eate de la course \u00e0 44 kilom\u00e8tres de l&rsquo;arriv\u00e9e, mais il a \u00e9t\u00e9 repris au pied du Cap Blanc-Nez. Dans cette derni\u00e8re difficult\u00e9, la Jumbo-Visma a fait exploser le peloton. <strong>Wout Van Aert<\/strong> est parti seul dans les derniers m\u00e8tres de la mont\u00e9e. <strong>Adam Yates<\/strong> (INEOS Grenadiers) a \u00e9t\u00e9 le dernier \u00e0 pouvoir suivre le rythme du maillot jaune, avec dans son sillage<strong> Jonas Vingegaard<\/strong>.<\/p>\n<p style=\"text-align: justify;\">Derri\u00e8re, sur la partie plate en direction de Calais, la Trek Segafredo a roul\u00e9 en t\u00eate d&rsquo;un premier peloton \u00e0 plus de 20 secondes. Finalement,<strong> Wout Van Aert<\/strong> (Jumbo-Visma) a conserv\u00e9 8 secondes d&rsquo;avance sur la ligne d&rsquo;arriv\u00e9e. Pensant gagner l&rsquo;\u00e9tape, <strong>Jasper Philipsen<\/strong> (Alpecin-Deceuninck) a r\u00e9gl\u00e9 le peloton devant <strong>Christophe Laporte<\/strong> (Jumbo-Visma) et <strong>Alexander Kristoff<\/strong> (Intermarch\u00e9 Wanty Gobert).<\/p>\n<blockquote class=\"twitter-tweet\">\n<p dir=\"ltr\" lang=\"fr\">Le r\u00e9cital de Wout van Aert !! Parti en solitaire \u00e0 10km de l&rsquo;arriv\u00e9e, le maillot jaune s&rsquo;impose \u00e0 Calais et conforte sa place de leader. Quelle fin de course ! &#x1f680; <a href=\"https:\/\/twitter.com\/hashtag\/LesRP?src=hash&amp;ref_src=twsrc%5Etfw\">#LesRP<\/a> <a href=\"https:\/\/twitter.com\/hashtag\/TourDeFrance?src=hash&amp;ref_src=twsrc%5Etfw\">#TourDeFrance<\/a> <a href=\"https:\/\/t.co\/hO6MjVPkWw\">pic.twitter.com\/hO6MjVPkWw<\/a><\/p>\n<p>\u2014 Eurosport France (@Eurosport_FR) <a href=\"https:\/\/twitter.com\/Eurosport_FR\/status\/1544343786595450880?ref_src=twsrc%5Etfw\">July 5, 2022<\/a><\/p><\/blockquote>\n<p><script async src=\"https:\/\/platform.twitter.com\/widgets.js\" charset=\"utf-8\"><\/script><\/p>\n<p style=\"text-align: justify;\">Au classement g\u00e9n\u00e9ral, <strong>Wout Van Aert<\/strong> compte 25 secondes d&rsquo;avance sur <strong>Yves Lampaert<\/strong> et 32 secondes sur <strong>Tadej Pogacar<\/strong>. Demain, place \u00e0 l&rsquo;\u00e9tape des pav\u00e9s vers Wallers-Arenberg.<\/p>\n<h2 style=\"text-align: justify;\"><strong>\u00c0 lire aussi<\/strong><\/h2>\n<ul>\n<li style=\"text-align: justify;\"><a href=\"https:\/\/dicodusport.fr\/blog\/tour-de-france-2022-classement-4eme-etape\/\"><strong>Le classement de la 4\u00e8me du Tour de France 2022<\/strong><\/a><\/li>\n<li style=\"text-align: justify;\"><a href=\"https:\/\/dicodusport.fr\/blog\/classement-general-tour-de-france-2022-maillot-jaune\/\"><strong>Le classement g\u00e9n\u00e9ral du Tour de France<\/strong><\/a><\/li>\n<\/ul>\n","protected":false},"excerpt":{"rendered":"<p>TOUR DE FRANCE 2022 &#8211; Parti seul dans la derni\u00e8re ascension du jour, Wout Van Aert (Jumbo-Visma) a remport\u00e9 la 4\u00e8me \u00e9tape du Tour de France 2022 \u00e0 Calais, ce mardi. Il a devanc\u00e9 Jasper Philipsen (Alpecin-Deceuninck) et Christophe Laporte (Jumbo-Visma). Avec ce 7e succ\u00e8s d&rsquo;\u00e9tape sur la Grande Boucle, Wout Van Aert a consolid\u00e9 le maillot jaune.<\/p>\n","protected":false},"author":48,"featured_media":240357,"comment_status":"open","ping_status":"closed","sticky":false,"template":"","format":"standard","meta":{"_acf_changed":false,"_daextam_enable_autolinks":"","footnotes":""},"categories":[46995],"tags":[3119,24],"class_list":["post-240305","post","type-post","status-publish","format-standard","has-post-thumbnail","hentry","category-tour-de-france","tag-actualite-cyclisme","tag-sport"],"acf":[],"yoast_head":"<!-- This site is optimized with the Yoast SEO Premium plugin v26.7 (Yoast SEO v26.7) - https:\/\/yoast.com\/wordpress\/plugins\/seo\/ -->\n<title>Tour de France 2022 : Wout Van Aert s&#039;offre la 4\u00e8me \u00e9tape en solitaire<\/title>\n<meta name=\"description\" content=\"TOUR DE FRANCE 2022 - Parti seul dans la derni\u00e8re ascension, Wout Van Aert (Jumbo-Visma) a remport\u00e9 la 4\u00e8me \u00e9tape du Tour de France 2022.\" \/>\n<meta name=\"robots\" content=\"index, follow, max-snippet:-1, max-image-preview:large, max-video-preview:-1\" \/>\n<link rel=\"canonical\" href=\"https:\/\/dicodusport.fr\/blog\/tour-de-france-2022-wout-van-aert-soffre-la-4eme-etape-en-solitaire\/\" \/>\n<meta property=\"og:locale\" content=\"fr_FR\" \/>\n<meta property=\"og:type\" content=\"article\" \/>\n<meta property=\"og:title\" content=\"Tour de France 2022 : Wout Van Aert s&#039;offre la 4\u00e8me \u00e9tape en solitaire\" \/>\n<meta property=\"og:description\" content=\"TOUR DE FRANCE 2022 - Parti seul dans la derni\u00e8re ascension, Wout Van Aert (Jumbo-Visma) a remport\u00e9 la 4\u00e8me \u00e9tape du Tour de France 2022.\" \/>\n<meta property=\"og:url\" content=\"https:\/\/dicodusport.fr\/blog\/tour-de-france-2022-wout-van-aert-soffre-la-4eme-etape-en-solitaire\/\" \/>\n<meta property=\"og:site_name\" content=\"Dicodusport\" \/>\n<meta property=\"article:publisher\" content=\"https:\/\/www.facebook.com\/dicodusport\" \/>\n<meta property=\"article:author\" content=\"https:\/\/www.facebook.com\/groups\/LesRoisDuPeloton\" \/>\n<meta property=\"article:published_time\" content=\"2022-07-05T15:38:46+00:00\" \/>\n<meta property=\"article:modified_time\" content=\"2022-07-05T16:10:15+00:00\" \/>\n<meta property=\"og:image\" content=\"https:\/\/dicodusport.fr\/blog\/wp-content\/uploads\/2022\/07\/Tour-de-France-2022-Wout-Van-Aert-soffre-la-4eme-etape-en-solitaire-1.png\" \/>\n\t<meta property=\"og:image:width\" content=\"800\" \/>\n\t<meta property=\"og:image:height\" content=\"445\" \/>\n\t<meta property=\"og:image:type\" content=\"image\/png\" \/>\n<meta name=\"author\" content=\"Emilien Descampiaux\" \/>\n<meta name=\"twitter:card\" content=\"summary_large_image\" \/>\n<meta name=\"twitter:title\" content=\"Tour de France 2022 : Wout Van Aert s&#039;offre la 4\u00e8me \u00e9tape en solitaire\" \/>\n<meta name=\"twitter:creator\" content=\"@https:\/\/twitter.com\/LRoisDuPeloton\" \/>\n<meta name=\"twitter:site\" content=\"@dicodusport\" \/>\n<script type=\"application\/ld+json\" class=\"yoast-schema-graph\">{\"@context\":\"https:\/\/schema.org\",\"@graph\":[{\"@type\":\"NewsArticle\",\"@id\":\"https:\/\/dicodusport.fr\/blog\/tour-de-france-2022-wout-van-aert-soffre-la-4eme-etape-en-solitaire\/#article\",\"isPartOf\":{\"@id\":\"https:\/\/dicodusport.fr\/blog\/tour-de-france-2022-wout-van-aert-soffre-la-4eme-etape-en-solitaire\/\"},\"author\":{\"name\":\"Emilien Descampiaux\",\"@id\":\"https:\/\/dicodusport.fr\/blog\/#\/schema\/person\/6db4bae06b171592211be385b32876a7\"},\"headline\":\"Tour de France 2022 : Wout Van Aert s&rsquo;offre la 4\u00e8me \u00e9tape en solitaire\",\"datePublished\":\"2022-07-05T15:38:46+00:00\",\"dateModified\":\"2022-07-05T16:10:15+00:00\",\"mainEntityOfPage\":{\"@id\":\"https:\/\/dicodusport.fr\/blog\/tour-de-france-2022-wout-van-aert-soffre-la-4eme-etape-en-solitaire\/\"},\"wordCount\":654,\"commentCount\":0,\"publisher\":{\"@id\":\"https:\/\/dicodusport.fr\/blog\/#organization\"},\"image\":{\"@id\":\"https:\/\/dicodusport.fr\/blog\/tour-de-france-2022-wout-van-aert-soffre-la-4eme-etape-en-solitaire\/#primaryimage\"},\"thumbnailUrl\":\"https:\/\/dicodusport.fr\/blog\/wp-content\/uploads\/2022\/07\/Tour-de-France-2022-Wout-Van-Aert-soffre-la-4eme-etape-en-solitaire-1.png\",\"keywords\":[\"Actualit\u00e9 Cyclisme\",\"sport\"],\"articleSection\":[\"Tour de France\"],\"inLanguage\":\"fr-FR\",\"potentialAction\":[{\"@type\":\"CommentAction\",\"name\":\"Comment\",\"target\":[\"https:\/\/dicodusport.fr\/blog\/tour-de-france-2022-wout-van-aert-soffre-la-4eme-etape-en-solitaire\/#respond\"]}],\"copyrightYear\":\"2022\",\"copyrightHolder\":{\"@id\":\"https:\/\/dicodusport.fr\/blog\/#organization\"}},{\"@type\":\"WebPage\",\"@id\":\"https:\/\/dicodusport.fr\/blog\/tour-de-france-2022-wout-van-aert-soffre-la-4eme-etape-en-solitaire\/\",\"url\":\"https:\/\/dicodusport.fr\/blog\/tour-de-france-2022-wout-van-aert-soffre-la-4eme-etape-en-solitaire\/\",\"name\":\"Tour de France 2022 : Wout Van Aert s'offre la 4\u00e8me \u00e9tape en solitaire\",\"isPartOf\":{\"@id\":\"https:\/\/dicodusport.fr\/blog\/#website\"},\"primaryImageOfPage\":{\"@id\":\"https:\/\/dicodusport.fr\/blog\/tour-de-france-2022-wout-van-aert-soffre-la-4eme-etape-en-solitaire\/#primaryimage\"},\"image\":{\"@id\":\"https:\/\/dicodusport.fr\/blog\/tour-de-france-2022-wout-van-aert-soffre-la-4eme-etape-en-solitaire\/#primaryimage\"},\"thumbnailUrl\":\"https:\/\/dicodusport.fr\/blog\/wp-content\/uploads\/2022\/07\/Tour-de-France-2022-Wout-Van-Aert-soffre-la-4eme-etape-en-solitaire-1.png\",\"datePublished\":\"2022-07-05T15:38:46+00:00\",\"dateModified\":\"2022-07-05T16:10:15+00:00\",\"description\":\"TOUR DE FRANCE 2022 - Parti seul dans la derni\u00e8re ascension, Wout Van Aert (Jumbo-Visma) a remport\u00e9 la 4\u00e8me \u00e9tape du Tour de France 2022.\",\"breadcrumb\":{\"@id\":\"https:\/\/dicodusport.fr\/blog\/tour-de-france-2022-wout-van-aert-soffre-la-4eme-etape-en-solitaire\/#breadcrumb\"},\"inLanguage\":\"fr-FR\",\"potentialAction\":[{\"@type\":\"ReadAction\",\"target\":[\"https:\/\/dicodusport.fr\/blog\/tour-de-france-2022-wout-van-aert-soffre-la-4eme-etape-en-solitaire\/\"]}]},{\"@type\":\"ImageObject\",\"inLanguage\":\"fr-FR\",\"@id\":\"https:\/\/dicodusport.fr\/blog\/tour-de-france-2022-wout-van-aert-soffre-la-4eme-etape-en-solitaire\/#primaryimage\",\"url\":\"https:\/\/dicodusport.fr\/blog\/wp-content\/uploads\/2022\/07\/Tour-de-France-2022-Wout-Van-Aert-soffre-la-4eme-etape-en-solitaire-1.png\",\"contentUrl\":\"https:\/\/dicodusport.fr\/blog\/wp-content\/uploads\/2022\/07\/Tour-de-France-2022-Wout-Van-Aert-soffre-la-4eme-etape-en-solitaire-1.png\",\"width\":800,\"height\":445,\"caption\":\"Tour de France 2022 Wout Van Aert s'offre la 4\u00e8me \u00e9tape en solitaire (1)\"},{\"@type\":\"BreadcrumbList\",\"@id\":\"https:\/\/dicodusport.fr\/blog\/tour-de-france-2022-wout-van-aert-soffre-la-4eme-etape-en-solitaire\/#breadcrumb\",\"itemListElement\":[{\"@type\":\"ListItem\",\"position\":1,\"name\":\"Accueil\",\"item\":\"https:\/\/dicodusport.fr\/blog\/\"},{\"@type\":\"ListItem\",\"position\":2,\"name\":\"Tour de France 2022 : Wout Van Aert s&rsquo;offre la 4\u00e8me \u00e9tape en solitaire\"}]},{\"@type\":\"WebSite\",\"@id\":\"https:\/\/dicodusport.fr\/blog\/#website\",\"url\":\"https:\/\/dicodusport.fr\/blog\/\",\"name\":\"Dicodusport\",\"description\":\"L&#039;encyclop\u00e9die de l&#039;actualit\u00e9 sportive\",\"publisher\":{\"@id\":\"https:\/\/dicodusport.fr\/blog\/#organization\"},\"potentialAction\":[{\"@type\":\"SearchAction\",\"target\":{\"@type\":\"EntryPoint\",\"urlTemplate\":\"https:\/\/dicodusport.fr\/blog\/?s={search_term_string}\"},\"query-input\":{\"@type\":\"PropertyValueSpecification\",\"valueRequired\":true,\"valueName\":\"search_term_string\"}}],\"inLanguage\":\"fr-FR\"},{\"@type\":\"NewsMediaOrganization\",\"@id\":\"https:\/\/dicodusport.fr\/blog\/#organization\",\"name\":\"Dicodusport\",\"url\":\"https:\/\/dicodusport.fr\/blog\/\",\"logo\":{\"@type\":\"ImageObject\",\"inLanguage\":\"fr-FR\",\"@id\":\"https:\/\/dicodusport.fr\/blog\/#\/schema\/logo\/image\/\",\"url\":\"https:\/\/dicodusport.fr\/blog\/wp-content\/uploads\/2020\/06\/cropped-LOGO-DICODUSPORT-2020-SANS-FOND-SANS-TEXTE.png\",\"contentUrl\":\"https:\/\/dicodusport.fr\/blog\/wp-content\/uploads\/2020\/06\/cropped-LOGO-DICODUSPORT-2020-SANS-FOND-SANS-TEXTE.png\",\"width\":512,\"height\":512,\"caption\":\"Dicodusport\"},\"image\":{\"@id\":\"https:\/\/dicodusport.fr\/blog\/#\/schema\/logo\/image\/\"},\"sameAs\":[\"https:\/\/www.facebook.com\/dicodusport\",\"https:\/\/x.com\/dicodusport\",\"https:\/\/www.instagram.com\/dicodusport\/\",\"https:\/\/www.youtube.com\/channel\/UC7V2KZ5sd3htJivAbA4ZG3w\"],\"description\":\"Dicodusport est l'encyclop\u00e9die de l'actualit\u00e9 sportive.\",\"email\":\"bonjour@dicodusport.fr\",\"legalName\":\"DICODUSPORT\",\"foundingDate\":\"2018-01-14\",\"vatID\":\"FR71834470973\",\"taxID\":\"83447097300043\",\"numberOfEmployees\":{\"@type\":\"QuantitativeValue\",\"minValue\":\"1\",\"maxValue\":\"10\"}},{\"@type\":\"Person\",\"@id\":\"https:\/\/dicodusport.fr\/blog\/#\/schema\/person\/6db4bae06b171592211be385b32876a7\",\"name\":\"Emilien Descampiaux\",\"image\":{\"@type\":\"ImageObject\",\"inLanguage\":\"fr-FR\",\"@id\":\"https:\/\/dicodusport.fr\/blog\/#\/schema\/person\/image\/\",\"url\":\"https:\/\/dicodusport.fr\/blog\/wp-content\/uploads\/2021\/05\/Emilien-Descampiaux-150x150.jpg\",\"contentUrl\":\"https:\/\/dicodusport.fr\/blog\/wp-content\/uploads\/2021\/05\/Emilien-Descampiaux-150x150.jpg\",\"caption\":\"Emilien Descampiaux\"},\"description\":\"Journaliste\/r\u00e9dacteur depuis 2014 - Fan de la classe de Frank Vandenbroucke, je vis cyclisme (et de ses paysages) depuis plus de 20 ans. Je suis tr\u00e8s impliqu\u00e9 sur mes diff\u00e9rents r\u00e9seaux sociaux pour partager ma passion sur le monde et l'Histoire de la bicyclette avec ma voix sur les images en noir et blanc du succ\u00e8s de Rik Van Steenbergen lors du Ronde sur le V\u00e9lodrome de Gand.\",\"sameAs\":[\"https:\/\/www.facebook.com\/groups\/LesRoisDuPeloton\",\"https:\/\/x.com\/https:\/\/twitter.com\/LRoisDuPeloton\"],\"url\":\"https:\/\/dicodusport.fr\/blog\/author\/emiliend\/\"}]}<\/script>\n<!-- \/ Yoast SEO Premium plugin. -->","yoast_head_json":{"title":"Tour de France 2022 : Wout Van Aert s'offre la 4\u00e8me \u00e9tape en solitaire","description":"TOUR DE FRANCE 2022 - Parti seul dans la derni\u00e8re ascension, Wout Van Aert (Jumbo-Visma) a remport\u00e9 la 4\u00e8me \u00e9tape du Tour de France 2022.","robots":{"index":"index","follow":"follow","max-snippet":"max-snippet:-1","max-image-preview":"max-image-preview:large","max-video-preview":"max-video-preview:-1"},"canonical":"https:\/\/dicodusport.fr\/blog\/tour-de-france-2022-wout-van-aert-soffre-la-4eme-etape-en-solitaire\/","og_locale":"fr_FR","og_type":"article","og_title":"Tour de France 2022 : Wout Van Aert s'offre la 4\u00e8me \u00e9tape en solitaire","og_description":"TOUR DE FRANCE 2022 - Parti seul dans la derni\u00e8re ascension, Wout Van Aert (Jumbo-Visma) a remport\u00e9 la 4\u00e8me \u00e9tape du Tour de France 2022.","og_url":"https:\/\/dicodusport.fr\/blog\/tour-de-france-2022-wout-van-aert-soffre-la-4eme-etape-en-solitaire\/","og_site_name":"Dicodusport","article_publisher":"https:\/\/www.facebook.com\/dicodusport","article_author":"https:\/\/www.facebook.com\/groups\/LesRoisDuPeloton","article_published_time":"2022-07-05T15:38:46+00:00","article_modified_time":"2022-07-05T16:10:15+00:00","og_image":[{"width":800,"height":445,"url":"https:\/\/dicodusport.fr\/blog\/wp-content\/uploads\/2022\/07\/Tour-de-France-2022-Wout-Van-Aert-soffre-la-4eme-etape-en-solitaire-1.png","type":"image\/png"}],"author":"Emilien Descampiaux","twitter_card":"summary_large_image","twitter_title":"Tour de France 2022 : Wout Van Aert s'offre la 4\u00e8me \u00e9tape en solitaire","twitter_creator":"@https:\/\/twitter.com\/LRoisDuPeloton","twitter_site":"@dicodusport","schema":{"@context":"https:\/\/schema.org","@graph":[{"@type":"NewsArticle","@id":"https:\/\/dicodusport.fr\/blog\/tour-de-france-2022-wout-van-aert-soffre-la-4eme-etape-en-solitaire\/#article","isPartOf":{"@id":"https:\/\/dicodusport.fr\/blog\/tour-de-france-2022-wout-van-aert-soffre-la-4eme-etape-en-solitaire\/"},"author":{"name":"Emilien Descampiaux","@id":"https:\/\/dicodusport.fr\/blog\/#\/schema\/person\/6db4bae06b171592211be385b32876a7"},"headline":"Tour de France 2022 : Wout Van Aert s&rsquo;offre la 4\u00e8me \u00e9tape en solitaire","datePublished":"2022-07-05T15:38:46+00:00","dateModified":"2022-07-05T16:10:15+00:00","mainEntityOfPage":{"@id":"https:\/\/dicodusport.fr\/blog\/tour-de-france-2022-wout-van-aert-soffre-la-4eme-etape-en-solitaire\/"},"wordCount":654,"commentCount":0,"publisher":{"@id":"https:\/\/dicodusport.fr\/blog\/#organization"},"image":{"@id":"https:\/\/dicodusport.fr\/blog\/tour-de-france-2022-wout-van-aert-soffre-la-4eme-etape-en-solitaire\/#primaryimage"},"thumbnailUrl":"https:\/\/dicodusport.fr\/blog\/wp-content\/uploads\/2022\/07\/Tour-de-France-2022-Wout-Van-Aert-soffre-la-4eme-etape-en-solitaire-1.png","keywords":["Actualit\u00e9 Cyclisme","sport"],"articleSection":["Tour de France"],"inLanguage":"fr-FR","potentialAction":[{"@type":"CommentAction","name":"Comment","target":["https:\/\/dicodusport.fr\/blog\/tour-de-france-2022-wout-van-aert-soffre-la-4eme-etape-en-solitaire\/#respond"]}],"copyrightYear":"2022","copyrightHolder":{"@id":"https:\/\/dicodusport.fr\/blog\/#organization"}},{"@type":"WebPage","@id":"https:\/\/dicodusport.fr\/blog\/tour-de-france-2022-wout-van-aert-soffre-la-4eme-etape-en-solitaire\/","url":"https:\/\/dicodusport.fr\/blog\/tour-de-france-2022-wout-van-aert-soffre-la-4eme-etape-en-solitaire\/","name":"Tour de France 2022 : Wout Van Aert s'offre la 4\u00e8me \u00e9tape en solitaire","isPartOf":{"@id":"https:\/\/dicodusport.fr\/blog\/#website"},"primaryImageOfPage":{"@id":"https:\/\/dicodusport.fr\/blog\/tour-de-france-2022-wout-van-aert-soffre-la-4eme-etape-en-solitaire\/#primaryimage"},"image":{"@id":"https:\/\/dicodusport.fr\/blog\/tour-de-france-2022-wout-van-aert-soffre-la-4eme-etape-en-solitaire\/#primaryimage"},"thumbnailUrl":"https:\/\/dicodusport.fr\/blog\/wp-content\/uploads\/2022\/07\/Tour-de-France-2022-Wout-Van-Aert-soffre-la-4eme-etape-en-solitaire-1.png","datePublished":"2022-07-05T15:38:46+00:00","dateModified":"2022-07-05T16:10:15+00:00","description":"TOUR DE FRANCE 2022 - Parti seul dans la derni\u00e8re ascension, Wout Van Aert (Jumbo-Visma) a remport\u00e9 la 4\u00e8me \u00e9tape du Tour de France 2022.","breadcrumb":{"@id":"https:\/\/dicodusport.fr\/blog\/tour-de-france-2022-wout-van-aert-soffre-la-4eme-etape-en-solitaire\/#breadcrumb"},"inLanguage":"fr-FR","potentialAction":[{"@type":"ReadAction","target":["https:\/\/dicodusport.fr\/blog\/tour-de-france-2022-wout-van-aert-soffre-la-4eme-etape-en-solitaire\/"]}]},{"@type":"ImageObject","inLanguage":"fr-FR","@id":"https:\/\/dicodusport.fr\/blog\/tour-de-france-2022-wout-van-aert-soffre-la-4eme-etape-en-solitaire\/#primaryimage","url":"https:\/\/dicodusport.fr\/blog\/wp-content\/uploads\/2022\/07\/Tour-de-France-2022-Wout-Van-Aert-soffre-la-4eme-etape-en-solitaire-1.png","contentUrl":"https:\/\/dicodusport.fr\/blog\/wp-content\/uploads\/2022\/07\/Tour-de-France-2022-Wout-Van-Aert-soffre-la-4eme-etape-en-solitaire-1.png","width":800,"height":445,"caption":"Tour de France 2022 Wout Van Aert s'offre la 4\u00e8me \u00e9tape en solitaire (1)"},{"@type":"BreadcrumbList","@id":"https:\/\/dicodusport.fr\/blog\/tour-de-france-2022-wout-van-aert-soffre-la-4eme-etape-en-solitaire\/#breadcrumb","itemListElement":[{"@type":"ListItem","position":1,"name":"Accueil","item":"https:\/\/dicodusport.fr\/blog\/"},{"@type":"ListItem","position":2,"name":"Tour de France 2022 : Wout Van Aert s&rsquo;offre la 4\u00e8me \u00e9tape en solitaire"}]},{"@type":"WebSite","@id":"https:\/\/dicodusport.fr\/blog\/#website","url":"https:\/\/dicodusport.fr\/blog\/","name":"Dicodusport","description":"L&#039;encyclop\u00e9die de l&#039;actualit\u00e9 sportive","publisher":{"@id":"https:\/\/dicodusport.fr\/blog\/#organization"},"potentialAction":[{"@type":"SearchAction","target":{"@type":"EntryPoint","urlTemplate":"https:\/\/dicodusport.fr\/blog\/?s={search_term_string}"},"query-input":{"@type":"PropertyValueSpecification","valueRequired":true,"valueName":"search_term_string"}}],"inLanguage":"fr-FR"},{"@type":"NewsMediaOrganization","@id":"https:\/\/dicodusport.fr\/blog\/#organization","name":"Dicodusport","url":"https:\/\/dicodusport.fr\/blog\/","logo":{"@type":"ImageObject","inLanguage":"fr-FR","@id":"https:\/\/dicodusport.fr\/blog\/#\/schema\/logo\/image\/","url":"https:\/\/dicodusport.fr\/blog\/wp-content\/uploads\/2020\/06\/cropped-LOGO-DICODUSPORT-2020-SANS-FOND-SANS-TEXTE.png","contentUrl":"https:\/\/dicodusport.fr\/blog\/wp-content\/uploads\/2020\/06\/cropped-LOGO-DICODUSPORT-2020-SANS-FOND-SANS-TEXTE.png","width":512,"height":512,"caption":"Dicodusport"},"image":{"@id":"https:\/\/dicodusport.fr\/blog\/#\/schema\/logo\/image\/"},"sameAs":["https:\/\/www.facebook.com\/dicodusport","https:\/\/x.com\/dicodusport","https:\/\/www.instagram.com\/dicodusport\/","https:\/\/www.youtube.com\/channel\/UC7V2KZ5sd3htJivAbA4ZG3w"],"description":"Dicodusport est l'encyclop\u00e9die de l'actualit\u00e9 sportive.","email":"bonjour@dicodusport.fr","legalName":"DICODUSPORT","foundingDate":"2018-01-14","vatID":"FR71834470973","taxID":"83447097300043","numberOfEmployees":{"@type":"QuantitativeValue","minValue":"1","maxValue":"10"}},{"@type":"Person","@id":"https:\/\/dicodusport.fr\/blog\/#\/schema\/person\/6db4bae06b171592211be385b32876a7","name":"Emilien Descampiaux","image":{"@type":"ImageObject","inLanguage":"fr-FR","@id":"https:\/\/dicodusport.fr\/blog\/#\/schema\/person\/image\/","url":"https:\/\/dicodusport.fr\/blog\/wp-content\/uploads\/2021\/05\/Emilien-Descampiaux-150x150.jpg","contentUrl":"https:\/\/dicodusport.fr\/blog\/wp-content\/uploads\/2021\/05\/Emilien-Descampiaux-150x150.jpg","caption":"Emilien Descampiaux"},"description":"Journaliste\/r\u00e9dacteur depuis 2014 - Fan de la classe de Frank Vandenbroucke, je vis cyclisme (et de ses paysages) depuis plus de 20 ans. Je suis tr\u00e8s impliqu\u00e9 sur mes diff\u00e9rents r\u00e9seaux sociaux pour partager ma passion sur le monde et l'Histoire de la bicyclette avec ma voix sur les images en noir et blanc du succ\u00e8s de Rik Van Steenbergen lors du Ronde sur le V\u00e9lodrome de Gand.","sameAs":["https:\/\/www.facebook.com\/groups\/LesRoisDuPeloton","https:\/\/x.com\/https:\/\/twitter.com\/LRoisDuPeloton"],"url":"https:\/\/dicodusport.fr\/blog\/author\/emiliend\/"}]}},"_links":{"self":[{"href":"https:\/\/dicodusport.fr\/blog\/wp-json\/wp\/v2\/posts\/240305","targetHints":{"allow":["GET"]}}],"collection":[{"href":"https:\/\/dicodusport.fr\/blog\/wp-json\/wp\/v2\/posts"}],"about":[{"href":"https:\/\/dicodusport.fr\/blog\/wp-json\/wp\/v2\/types\/post"}],"author":[{"embeddable":true,"href":"https:\/\/dicodusport.fr\/blog\/wp-json\/wp\/v2\/users\/48"}],"replies":[{"embeddable":true,"href":"https:\/\/dicodusport.fr\/blog\/wp-json\/wp\/v2\/comments?post=240305"}],"version-history":[{"count":0,"href":"https:\/\/dicodusport.fr\/blog\/wp-json\/wp\/v2\/posts\/240305\/revisions"}],"wp:featuredmedia":[{"embeddable":true,"href":"https:\/\/dicodusport.fr\/blog\/wp-json\/wp\/v2\/media\/240357"}],"wp:attachment":[{"href":"https:\/\/dicodusport.fr\/blog\/wp-json\/wp\/v2\/media?parent=240305"}],"wp:term":[{"taxonomy":"category","embeddable":true,"href":"https:\/\/dicodusport.fr\/blog\/wp-json\/wp\/v2\/categories?post=240305"},{"taxonomy":"post_tag","embeddable":true,"href":"https:\/\/dicodusport.fr\/blog\/wp-json\/wp\/v2\/tags?post=240305"}],"curies":[{"name":"wp","href":"https:\/\/api.w.org\/{rel}","templated":true}]}}