{"id":240739,"date":"2022-07-06T23:12:01","date_gmt":"2022-07-06T21:12:01","guid":{"rendered":"https:\/\/dicodusport.fr\/blog\/?p=240739&#038;preview=true&#038;preview_id=240739"},"modified":"2022-07-08T12:27:39","modified_gmt":"2022-07-08T10:27:39","slug":"profil-et-pourcentages-de-la-super-planche-des-belles-filles","status":"publish","type":"post","link":"https:\/\/dicodusport.fr\/blog\/profil-et-pourcentages-de-la-super-planche-des-belles-filles\/","title":{"rendered":"Profil et pourcentages de la Super Planche des Belles Filles"},"content":{"rendered":"<p style=\"text-align: justify;\"><em><strong><a href=\"https:\/\/dicodusport.fr\/blog\/actualites\/cyclisme\/cyclisme-sur-route-2022\/tour-de-france-2022\/\">TOUR DE FRANCE 2022<\/a> &#8211; Pour la 6\u00e8me fois en 10 ans, le peloton du Tour de France va se mesurer aux pentes de la Planche des Belles Filles. Profil et pourcentages.<\/strong><\/em><\/p>\n<p style=\"text-align: justify;\">Et pour la deuxi\u00e8me fois apr\u00e8s 2019, c&rsquo;est au sommet de la <strong>Super Planche des Belles Filles<\/strong> que sera jug\u00e9e l&rsquo;arriv\u00e9e d&rsquo;une \u00e9tape du Tour de France. Il y a trois ans, <strong>Dylan Teuns<\/strong> (Bahrain Merida) s&rsquo;\u00e9tait impos\u00e9, devant <strong>Giulio Ciccone<\/strong> (Trek-Segafredo). Ce dernier avait alors pris le maillot jaune de leader \u00e0 un certain <strong>Julian Alaphilippe<\/strong> (Deceuninck &#8211; Quick-Step).<\/p>\n<h2 style=\"text-align: justify;\">Profil et pourcentages de la Super Planche des Belles Filles<\/h2>\n<p style=\"text-align: justify;\">La mont\u00e9e de la <strong>Super Planche des Belles Filles<\/strong>, ce sont 7 km \u00e0 8,7 % de pente moyenne. Le premier kilom\u00e8tre, en ligne droite, pr\u00e9sente un pourcentage moyen de 13 %, avec un pic \u00e0 17 % avant la premier virage. Vient ensuite un kilom\u00e8tre plus facile, \u00e0 pr\u00e8s de 7 % de moyenne, avant deux bornes \u00e0 pr\u00e8s de 9,5 % de moyenne et des passages \u00e0 11 %.<\/p>\n<p style=\"text-align: justify;\">Puis, les deux kilom\u00e8tres suivants seront un peu moins pentus, avec des pentes moyennes \u00e0 8,5 %. Avant le mur \u00e0 20 % de la ligne droite finale sur laquelle est jug\u00e9e l&rsquo;arriv\u00e9e traditionnelle, un petit moment de r\u00e9pit sera accord\u00e9 aux coureurs, 250 m\u00e8tres plats ou presque. Enfin, le dernier kilom\u00e8tre s&rsquo;effectuera sur une pente \u00e0 9,5 % de moyenne. Seulement, les 750 derniers m\u00e8tres proposeront un rev\u00eatement type gravel, avec un passage \u00e0 24 % \u00e0 250 m\u00e8tre de la ligne d&rsquo;arriv\u00e9e.<\/p>\n<p style=\"text-align: center;\"><iframe loading=\"lazy\" src=\"\/\/www.youtube.com\/embed\/NPNIw5huOwU\" width=\"560\" height=\"314\" allowfullscreen=\"allowfullscreen\"><\/iframe><\/p>\n<h2 style=\"text-align: justify;\">\u00c0 lire aussi<\/h2>\n<p><span class=\"pDjxVTK7aQhFO3v5XbiZsGC0fJ4rsZNi0uglrRPM1Y9wBNBuDod4aqp7FLmdQzW1yWUtXtbv\"><\/p>\n<blockquote class=\"wp-embedded-content\" data-secret=\"xzbrqkSsQn\"><p><a href=\"https:\/\/dicodusport.fr\/blog\/tour-de-france-2022-parcours-et-profil-7eme-etape\/\">Tour de France 2022 &#8211; Parcours et profil de la 7\u00e8me \u00e9tape<\/a><\/p><\/blockquote>\n<p><iframe loading=\"lazy\" class=\"wp-embedded-content\" sandbox=\"allow-scripts\" security=\"restricted\" style=\"position: absolute; clip: rect(1px, 1px, 1px, 1px);\" title=\"\u00ab\u00a0Tour de France 2022 &#8211; Parcours et profil de la 7\u00e8me \u00e9tape\u00a0\u00bb &#8212; Dicodusport\" src=\"https:\/\/dicodusport.fr\/blog\/tour-de-france-2022-parcours-et-profil-7eme-etape\/embed\/#?secret=53vCNDH0Z6#?secret=xzbrqkSsQn\" data-secret=\"xzbrqkSsQn\" width=\"600\" height=\"338\" frameborder=\"0\" marginwidth=\"0\" marginheight=\"0\" scrolling=\"no\"><\/iframe><\/span><\/p>\n<ul>\n<li style=\"text-align: justify;\"><a href=\"https:\/\/dicodusport.fr\/blog\/classement-general-tour-de-france-2022-maillot-jaune\/\"><strong>Classement g\u00e9n\u00e9ral du Tour de France 2022<\/strong><\/a><\/li>\n<li style=\"text-align: justify;\"><a href=\"https:\/\/dicodusport.fr\/blog\/toute-lactualite-du-tour-de-france-2022\/\"><strong>Toute l\u2019actualit\u00e9 du Tour de France 2022<\/strong><\/a><\/li>\n<\/ul>\n","protected":false},"excerpt":{"rendered":"<p>TOUR DE FRANCE 2022 &#8211; Pour la 6\u00e8me fois en 10 ans, le peloton du Tour de France va se mesurer aux pentes de la Planche des Belles Filles. Profil et pourcentages.<\/p>\n","protected":false},"author":4,"featured_media":240750,"comment_status":"open","ping_status":"closed","sticky":false,"template":"","format":"standard","meta":{"_acf_changed":false,"_daextam_enable_autolinks":"","footnotes":""},"categories":[46995],"tags":[],"class_list":["post-240739","post","type-post","status-publish","format-standard","has-post-thumbnail","hentry","category-tour-de-france"],"acf":[],"yoast_head":"<!-- This site is optimized with the Yoast SEO Premium plugin v26.7 (Yoast SEO v26.7) - https:\/\/yoast.com\/wordpress\/plugins\/seo\/ -->\n<title>Profil et pourcentages de la Super Planche des Belles Filles<\/title>\n<meta name=\"description\" content=\"TOUR DE FRANCE 2022 - Pour la 6\u00e8me fois en 10 ans, le peloton du Tour va se mesurer \u00e0 la Planche des Belles Filles. Profil et pourcentages.\" \/>\n<meta name=\"robots\" content=\"index, follow, max-snippet:-1, max-image-preview:large, max-video-preview:-1\" \/>\n<link rel=\"canonical\" href=\"https:\/\/dicodusport.fr\/blog\/profil-et-pourcentages-de-la-super-planche-des-belles-filles\/\" \/>\n<meta property=\"og:locale\" content=\"fr_FR\" \/>\n<meta property=\"og:type\" content=\"article\" \/>\n<meta property=\"og:title\" content=\"Profil et pourcentages de la Super Planche des Belles Filles\" \/>\n<meta property=\"og:description\" content=\"TOUR DE FRANCE 2022 - Pour la 6\u00e8me fois en 10 ans, le peloton du Tour va se mesurer \u00e0 la Planche des Belles Filles. Profil et pourcentages.\" \/>\n<meta property=\"og:url\" content=\"https:\/\/dicodusport.fr\/blog\/profil-et-pourcentages-de-la-super-planche-des-belles-filles\/\" \/>\n<meta property=\"og:site_name\" content=\"Dicodusport\" \/>\n<meta property=\"article:publisher\" content=\"https:\/\/www.facebook.com\/dicodusport\" \/>\n<meta property=\"article:author\" content=\"https:\/\/www.facebook.com\/florent.ostermann\" \/>\n<meta property=\"article:published_time\" content=\"2022-07-06T21:12:01+00:00\" \/>\n<meta property=\"article:modified_time\" content=\"2022-07-08T10:27:39+00:00\" \/>\n<meta property=\"og:image\" content=\"https:\/\/dicodusport.fr\/blog\/wp-content\/uploads\/2022\/07\/Profil-et-pourcentages-de-la-Super-Planche-des-Belles-Filles.png\" \/>\n\t<meta property=\"og:image:width\" content=\"800\" \/>\n\t<meta property=\"og:image:height\" content=\"445\" \/>\n\t<meta property=\"og:image:type\" content=\"image\/png\" \/>\n<meta name=\"author\" content=\"Flo Ostermann\" \/>\n<meta name=\"twitter:card\" content=\"summary_large_image\" \/>\n<meta name=\"twitter:title\" content=\"Profil et pourcentages de la Super Planche des Belles Filles\" \/>\n<meta name=\"twitter:creator\" content=\"@https:\/\/twitter.com\/FlOstermann\" \/>\n<meta name=\"twitter:site\" content=\"@dicodusport\" \/>\n<script type=\"application\/ld+json\" class=\"yoast-schema-graph\">{\"@context\":\"https:\/\/schema.org\",\"@graph\":[{\"@type\":\"NewsArticle\",\"@id\":\"https:\/\/dicodusport.fr\/blog\/profil-et-pourcentages-de-la-super-planche-des-belles-filles\/#article\",\"isPartOf\":{\"@id\":\"https:\/\/dicodusport.fr\/blog\/profil-et-pourcentages-de-la-super-planche-des-belles-filles\/\"},\"author\":{\"name\":\"Flo Ostermann\",\"@id\":\"https:\/\/dicodusport.fr\/blog\/#\/schema\/person\/cb02af4c173ce4a653b55e9baf388d4a\"},\"headline\":\"Profil et pourcentages de la Super Planche des Belles Filles\",\"datePublished\":\"2022-07-06T21:12:01+00:00\",\"dateModified\":\"2022-07-08T10:27:39+00:00\",\"mainEntityOfPage\":{\"@id\":\"https:\/\/dicodusport.fr\/blog\/profil-et-pourcentages-de-la-super-planche-des-belles-filles\/\"},\"wordCount\":282,\"commentCount\":0,\"publisher\":{\"@id\":\"https:\/\/dicodusport.fr\/blog\/#organization\"},\"image\":{\"@id\":\"https:\/\/dicodusport.fr\/blog\/profil-et-pourcentages-de-la-super-planche-des-belles-filles\/#primaryimage\"},\"thumbnailUrl\":\"https:\/\/dicodusport.fr\/blog\/wp-content\/uploads\/2022\/07\/Profil-et-pourcentages-de-la-Super-Planche-des-Belles-Filles.png\",\"articleSection\":[\"Tour de France\"],\"inLanguage\":\"fr-FR\",\"potentialAction\":[{\"@type\":\"CommentAction\",\"name\":\"Comment\",\"target\":[\"https:\/\/dicodusport.fr\/blog\/profil-et-pourcentages-de-la-super-planche-des-belles-filles\/#respond\"]}],\"copyrightYear\":\"2022\",\"copyrightHolder\":{\"@id\":\"https:\/\/dicodusport.fr\/blog\/#organization\"}},{\"@type\":\"WebPage\",\"@id\":\"https:\/\/dicodusport.fr\/blog\/profil-et-pourcentages-de-la-super-planche-des-belles-filles\/\",\"url\":\"https:\/\/dicodusport.fr\/blog\/profil-et-pourcentages-de-la-super-planche-des-belles-filles\/\",\"name\":\"Profil et pourcentages de la Super Planche des Belles Filles\",\"isPartOf\":{\"@id\":\"https:\/\/dicodusport.fr\/blog\/#website\"},\"primaryImageOfPage\":{\"@id\":\"https:\/\/dicodusport.fr\/blog\/profil-et-pourcentages-de-la-super-planche-des-belles-filles\/#primaryimage\"},\"image\":{\"@id\":\"https:\/\/dicodusport.fr\/blog\/profil-et-pourcentages-de-la-super-planche-des-belles-filles\/#primaryimage\"},\"thumbnailUrl\":\"https:\/\/dicodusport.fr\/blog\/wp-content\/uploads\/2022\/07\/Profil-et-pourcentages-de-la-Super-Planche-des-Belles-Filles.png\",\"datePublished\":\"2022-07-06T21:12:01+00:00\",\"dateModified\":\"2022-07-08T10:27:39+00:00\",\"description\":\"TOUR DE FRANCE 2022 - Pour la 6\u00e8me fois en 10 ans, le peloton du Tour va se mesurer \u00e0 la Planche des Belles Filles. Profil et pourcentages.\",\"breadcrumb\":{\"@id\":\"https:\/\/dicodusport.fr\/blog\/profil-et-pourcentages-de-la-super-planche-des-belles-filles\/#breadcrumb\"},\"inLanguage\":\"fr-FR\",\"potentialAction\":[{\"@type\":\"ReadAction\",\"target\":[\"https:\/\/dicodusport.fr\/blog\/profil-et-pourcentages-de-la-super-planche-des-belles-filles\/\"]}]},{\"@type\":\"ImageObject\",\"inLanguage\":\"fr-FR\",\"@id\":\"https:\/\/dicodusport.fr\/blog\/profil-et-pourcentages-de-la-super-planche-des-belles-filles\/#primaryimage\",\"url\":\"https:\/\/dicodusport.fr\/blog\/wp-content\/uploads\/2022\/07\/Profil-et-pourcentages-de-la-Super-Planche-des-Belles-Filles.png\",\"contentUrl\":\"https:\/\/dicodusport.fr\/blog\/wp-content\/uploads\/2022\/07\/Profil-et-pourcentages-de-la-Super-Planche-des-Belles-Filles.png\",\"width\":800,\"height\":445,\"caption\":\"Profil et pourcentages de la Super Planche des Belles Filles\"},{\"@type\":\"BreadcrumbList\",\"@id\":\"https:\/\/dicodusport.fr\/blog\/profil-et-pourcentages-de-la-super-planche-des-belles-filles\/#breadcrumb\",\"itemListElement\":[{\"@type\":\"ListItem\",\"position\":1,\"name\":\"Accueil\",\"item\":\"https:\/\/dicodusport.fr\/blog\/\"},{\"@type\":\"ListItem\",\"position\":2,\"name\":\"Profil et pourcentages de la Super Planche des Belles Filles\"}]},{\"@type\":\"WebSite\",\"@id\":\"https:\/\/dicodusport.fr\/blog\/#website\",\"url\":\"https:\/\/dicodusport.fr\/blog\/\",\"name\":\"Dicodusport\",\"description\":\"L&#039;encyclop\u00e9die de l&#039;actualit\u00e9 sportive\",\"publisher\":{\"@id\":\"https:\/\/dicodusport.fr\/blog\/#organization\"},\"potentialAction\":[{\"@type\":\"SearchAction\",\"target\":{\"@type\":\"EntryPoint\",\"urlTemplate\":\"https:\/\/dicodusport.fr\/blog\/?s={search_term_string}\"},\"query-input\":{\"@type\":\"PropertyValueSpecification\",\"valueRequired\":true,\"valueName\":\"search_term_string\"}}],\"inLanguage\":\"fr-FR\"},{\"@type\":\"NewsMediaOrganization\",\"@id\":\"https:\/\/dicodusport.fr\/blog\/#organization\",\"name\":\"Dicodusport\",\"url\":\"https:\/\/dicodusport.fr\/blog\/\",\"logo\":{\"@type\":\"ImageObject\",\"inLanguage\":\"fr-FR\",\"@id\":\"https:\/\/dicodusport.fr\/blog\/#\/schema\/logo\/image\/\",\"url\":\"https:\/\/dicodusport.fr\/blog\/wp-content\/uploads\/2020\/06\/cropped-LOGO-DICODUSPORT-2020-SANS-FOND-SANS-TEXTE.png\",\"contentUrl\":\"https:\/\/dicodusport.fr\/blog\/wp-content\/uploads\/2020\/06\/cropped-LOGO-DICODUSPORT-2020-SANS-FOND-SANS-TEXTE.png\",\"width\":512,\"height\":512,\"caption\":\"Dicodusport\"},\"image\":{\"@id\":\"https:\/\/dicodusport.fr\/blog\/#\/schema\/logo\/image\/\"},\"sameAs\":[\"https:\/\/www.facebook.com\/dicodusport\",\"https:\/\/x.com\/dicodusport\",\"https:\/\/www.instagram.com\/dicodusport\/\",\"https:\/\/www.youtube.com\/channel\/UC7V2KZ5sd3htJivAbA4ZG3w\"],\"description\":\"Dicodusport est l'encyclop\u00e9die de l'actualit\u00e9 sportive.\",\"email\":\"bonjour@dicodusport.fr\",\"legalName\":\"DICODUSPORT\",\"foundingDate\":\"2018-01-14\",\"vatID\":\"FR71834470973\",\"taxID\":\"83447097300043\",\"numberOfEmployees\":{\"@type\":\"QuantitativeValue\",\"minValue\":\"1\",\"maxValue\":\"10\"}},{\"@type\":\"Person\",\"@id\":\"https:\/\/dicodusport.fr\/blog\/#\/schema\/person\/cb02af4c173ce4a653b55e9baf388d4a\",\"name\":\"Flo Ostermann\",\"image\":{\"@type\":\"ImageObject\",\"inLanguage\":\"fr-FR\",\"@id\":\"https:\/\/dicodusport.fr\/blog\/#\/schema\/person\/image\/\",\"url\":\"https:\/\/dicodusport.fr\/blog\/wp-content\/uploads\/2021\/05\/Flo-Ostermann-150x150.jpg\",\"contentUrl\":\"https:\/\/dicodusport.fr\/blog\/wp-content\/uploads\/2021\/05\/Flo-Ostermann-150x150.jpg\",\"caption\":\"Flo Ostermann\"},\"description\":\"Journaliste\/R\u00e9dacteur depuis septembre 2015 - Mes premiers souvenirs dans le sport ? Les envol\u00e9es du Stade Toulousain et les duels Villeneuve-Schumacher et H\u00e4kkinen-Schumacher \u00e0 la fin des ann\u00e9es 90, la Coupe du monde de football en 1998, l\u2019exploit du XV de France face aux All Blacks en 1999, mais aussi Richard C\u0153ur de Lion qui vole sur les montagnes du Tour de France. Bien parti pour devenir professeur d\u2019EPS, les \u00e9v\u00e9nements de la vie (et la flemme d\u2019animer des s\u00e9ances de 3x500 m\u00e8tres toute ma vie) m\u2019ont conduit \u00e0 revoir mes plans. Me voil\u00e0 depuis fin 2017 sur Dicodusport, m\u00e9dia gr\u00e2ce (et pour) lequel je partage ma passion : le sport dans tous ses \u00e9tats. Le tout accompagn\u00e9 par les fous furieux et folles furieuses cit\u00e9s sur cette page !\",\"sameAs\":[\"https:\/\/www.facebook.com\/florent.ostermann\",\"https:\/\/x.com\/https:\/\/twitter.com\/FlOstermann\",\"admin\"],\"url\":\"https:\/\/dicodusport.fr\/blog\/author\/flo\/\"}]}<\/script>\n<!-- \/ Yoast SEO Premium plugin. -->","yoast_head_json":{"title":"Profil et pourcentages de la Super Planche des Belles Filles","description":"TOUR DE FRANCE 2022 - Pour la 6\u00e8me fois en 10 ans, le peloton du Tour va se mesurer \u00e0 la Planche des Belles Filles. Profil et pourcentages.","robots":{"index":"index","follow":"follow","max-snippet":"max-snippet:-1","max-image-preview":"max-image-preview:large","max-video-preview":"max-video-preview:-1"},"canonical":"https:\/\/dicodusport.fr\/blog\/profil-et-pourcentages-de-la-super-planche-des-belles-filles\/","og_locale":"fr_FR","og_type":"article","og_title":"Profil et pourcentages de la Super Planche des Belles Filles","og_description":"TOUR DE FRANCE 2022 - Pour la 6\u00e8me fois en 10 ans, le peloton du Tour va se mesurer \u00e0 la Planche des Belles Filles. Profil et pourcentages.","og_url":"https:\/\/dicodusport.fr\/blog\/profil-et-pourcentages-de-la-super-planche-des-belles-filles\/","og_site_name":"Dicodusport","article_publisher":"https:\/\/www.facebook.com\/dicodusport","article_author":"https:\/\/www.facebook.com\/florent.ostermann","article_published_time":"2022-07-06T21:12:01+00:00","article_modified_time":"2022-07-08T10:27:39+00:00","og_image":[{"width":800,"height":445,"url":"https:\/\/dicodusport.fr\/blog\/wp-content\/uploads\/2022\/07\/Profil-et-pourcentages-de-la-Super-Planche-des-Belles-Filles.png","type":"image\/png"}],"author":"Flo Ostermann","twitter_card":"summary_large_image","twitter_title":"Profil et pourcentages de la Super Planche des Belles Filles","twitter_creator":"@https:\/\/twitter.com\/FlOstermann","twitter_site":"@dicodusport","schema":{"@context":"https:\/\/schema.org","@graph":[{"@type":"NewsArticle","@id":"https:\/\/dicodusport.fr\/blog\/profil-et-pourcentages-de-la-super-planche-des-belles-filles\/#article","isPartOf":{"@id":"https:\/\/dicodusport.fr\/blog\/profil-et-pourcentages-de-la-super-planche-des-belles-filles\/"},"author":{"name":"Flo Ostermann","@id":"https:\/\/dicodusport.fr\/blog\/#\/schema\/person\/cb02af4c173ce4a653b55e9baf388d4a"},"headline":"Profil et pourcentages de la Super Planche des Belles Filles","datePublished":"2022-07-06T21:12:01+00:00","dateModified":"2022-07-08T10:27:39+00:00","mainEntityOfPage":{"@id":"https:\/\/dicodusport.fr\/blog\/profil-et-pourcentages-de-la-super-planche-des-belles-filles\/"},"wordCount":282,"commentCount":0,"publisher":{"@id":"https:\/\/dicodusport.fr\/blog\/#organization"},"image":{"@id":"https:\/\/dicodusport.fr\/blog\/profil-et-pourcentages-de-la-super-planche-des-belles-filles\/#primaryimage"},"thumbnailUrl":"https:\/\/dicodusport.fr\/blog\/wp-content\/uploads\/2022\/07\/Profil-et-pourcentages-de-la-Super-Planche-des-Belles-Filles.png","articleSection":["Tour de France"],"inLanguage":"fr-FR","potentialAction":[{"@type":"CommentAction","name":"Comment","target":["https:\/\/dicodusport.fr\/blog\/profil-et-pourcentages-de-la-super-planche-des-belles-filles\/#respond"]}],"copyrightYear":"2022","copyrightHolder":{"@id":"https:\/\/dicodusport.fr\/blog\/#organization"}},{"@type":"WebPage","@id":"https:\/\/dicodusport.fr\/blog\/profil-et-pourcentages-de-la-super-planche-des-belles-filles\/","url":"https:\/\/dicodusport.fr\/blog\/profil-et-pourcentages-de-la-super-planche-des-belles-filles\/","name":"Profil et pourcentages de la Super Planche des Belles Filles","isPartOf":{"@id":"https:\/\/dicodusport.fr\/blog\/#website"},"primaryImageOfPage":{"@id":"https:\/\/dicodusport.fr\/blog\/profil-et-pourcentages-de-la-super-planche-des-belles-filles\/#primaryimage"},"image":{"@id":"https:\/\/dicodusport.fr\/blog\/profil-et-pourcentages-de-la-super-planche-des-belles-filles\/#primaryimage"},"thumbnailUrl":"https:\/\/dicodusport.fr\/blog\/wp-content\/uploads\/2022\/07\/Profil-et-pourcentages-de-la-Super-Planche-des-Belles-Filles.png","datePublished":"2022-07-06T21:12:01+00:00","dateModified":"2022-07-08T10:27:39+00:00","description":"TOUR DE FRANCE 2022 - Pour la 6\u00e8me fois en 10 ans, le peloton du Tour va se mesurer \u00e0 la Planche des Belles Filles. Profil et pourcentages.","breadcrumb":{"@id":"https:\/\/dicodusport.fr\/blog\/profil-et-pourcentages-de-la-super-planche-des-belles-filles\/#breadcrumb"},"inLanguage":"fr-FR","potentialAction":[{"@type":"ReadAction","target":["https:\/\/dicodusport.fr\/blog\/profil-et-pourcentages-de-la-super-planche-des-belles-filles\/"]}]},{"@type":"ImageObject","inLanguage":"fr-FR","@id":"https:\/\/dicodusport.fr\/blog\/profil-et-pourcentages-de-la-super-planche-des-belles-filles\/#primaryimage","url":"https:\/\/dicodusport.fr\/blog\/wp-content\/uploads\/2022\/07\/Profil-et-pourcentages-de-la-Super-Planche-des-Belles-Filles.png","contentUrl":"https:\/\/dicodusport.fr\/blog\/wp-content\/uploads\/2022\/07\/Profil-et-pourcentages-de-la-Super-Planche-des-Belles-Filles.png","width":800,"height":445,"caption":"Profil et pourcentages de la Super Planche des Belles Filles"},{"@type":"BreadcrumbList","@id":"https:\/\/dicodusport.fr\/blog\/profil-et-pourcentages-de-la-super-planche-des-belles-filles\/#breadcrumb","itemListElement":[{"@type":"ListItem","position":1,"name":"Accueil","item":"https:\/\/dicodusport.fr\/blog\/"},{"@type":"ListItem","position":2,"name":"Profil et pourcentages de la Super Planche des Belles Filles"}]},{"@type":"WebSite","@id":"https:\/\/dicodusport.fr\/blog\/#website","url":"https:\/\/dicodusport.fr\/blog\/","name":"Dicodusport","description":"L&#039;encyclop\u00e9die de l&#039;actualit\u00e9 sportive","publisher":{"@id":"https:\/\/dicodusport.fr\/blog\/#organization"},"potentialAction":[{"@type":"SearchAction","target":{"@type":"EntryPoint","urlTemplate":"https:\/\/dicodusport.fr\/blog\/?s={search_term_string}"},"query-input":{"@type":"PropertyValueSpecification","valueRequired":true,"valueName":"search_term_string"}}],"inLanguage":"fr-FR"},{"@type":"NewsMediaOrganization","@id":"https:\/\/dicodusport.fr\/blog\/#organization","name":"Dicodusport","url":"https:\/\/dicodusport.fr\/blog\/","logo":{"@type":"ImageObject","inLanguage":"fr-FR","@id":"https:\/\/dicodusport.fr\/blog\/#\/schema\/logo\/image\/","url":"https:\/\/dicodusport.fr\/blog\/wp-content\/uploads\/2020\/06\/cropped-LOGO-DICODUSPORT-2020-SANS-FOND-SANS-TEXTE.png","contentUrl":"https:\/\/dicodusport.fr\/blog\/wp-content\/uploads\/2020\/06\/cropped-LOGO-DICODUSPORT-2020-SANS-FOND-SANS-TEXTE.png","width":512,"height":512,"caption":"Dicodusport"},"image":{"@id":"https:\/\/dicodusport.fr\/blog\/#\/schema\/logo\/image\/"},"sameAs":["https:\/\/www.facebook.com\/dicodusport","https:\/\/x.com\/dicodusport","https:\/\/www.instagram.com\/dicodusport\/","https:\/\/www.youtube.com\/channel\/UC7V2KZ5sd3htJivAbA4ZG3w"],"description":"Dicodusport est l'encyclop\u00e9die de l'actualit\u00e9 sportive.","email":"bonjour@dicodusport.fr","legalName":"DICODUSPORT","foundingDate":"2018-01-14","vatID":"FR71834470973","taxID":"83447097300043","numberOfEmployees":{"@type":"QuantitativeValue","minValue":"1","maxValue":"10"}},{"@type":"Person","@id":"https:\/\/dicodusport.fr\/blog\/#\/schema\/person\/cb02af4c173ce4a653b55e9baf388d4a","name":"Flo Ostermann","image":{"@type":"ImageObject","inLanguage":"fr-FR","@id":"https:\/\/dicodusport.fr\/blog\/#\/schema\/person\/image\/","url":"https:\/\/dicodusport.fr\/blog\/wp-content\/uploads\/2021\/05\/Flo-Ostermann-150x150.jpg","contentUrl":"https:\/\/dicodusport.fr\/blog\/wp-content\/uploads\/2021\/05\/Flo-Ostermann-150x150.jpg","caption":"Flo Ostermann"},"description":"Journaliste\/R\u00e9dacteur depuis septembre 2015 - Mes premiers souvenirs dans le sport ? Les envol\u00e9es du Stade Toulousain et les duels Villeneuve-Schumacher et H\u00e4kkinen-Schumacher \u00e0 la fin des ann\u00e9es 90, la Coupe du monde de football en 1998, l\u2019exploit du XV de France face aux All Blacks en 1999, mais aussi Richard C\u0153ur de Lion qui vole sur les montagnes du Tour de France. Bien parti pour devenir professeur d\u2019EPS, les \u00e9v\u00e9nements de la vie (et la flemme d\u2019animer des s\u00e9ances de 3x500 m\u00e8tres toute ma vie) m\u2019ont conduit \u00e0 revoir mes plans. Me voil\u00e0 depuis fin 2017 sur Dicodusport, m\u00e9dia gr\u00e2ce (et pour) lequel je partage ma passion : le sport dans tous ses \u00e9tats. Le tout accompagn\u00e9 par les fous furieux et folles furieuses cit\u00e9s sur cette page !","sameAs":["https:\/\/www.facebook.com\/florent.ostermann","https:\/\/x.com\/https:\/\/twitter.com\/FlOstermann","admin"],"url":"https:\/\/dicodusport.fr\/blog\/author\/flo\/"}]}},"_links":{"self":[{"href":"https:\/\/dicodusport.fr\/blog\/wp-json\/wp\/v2\/posts\/240739","targetHints":{"allow":["GET"]}}],"collection":[{"href":"https:\/\/dicodusport.fr\/blog\/wp-json\/wp\/v2\/posts"}],"about":[{"href":"https:\/\/dicodusport.fr\/blog\/wp-json\/wp\/v2\/types\/post"}],"author":[{"embeddable":true,"href":"https:\/\/dicodusport.fr\/blog\/wp-json\/wp\/v2\/users\/4"}],"replies":[{"embeddable":true,"href":"https:\/\/dicodusport.fr\/blog\/wp-json\/wp\/v2\/comments?post=240739"}],"version-history":[{"count":0,"href":"https:\/\/dicodusport.fr\/blog\/wp-json\/wp\/v2\/posts\/240739\/revisions"}],"wp:featuredmedia":[{"embeddable":true,"href":"https:\/\/dicodusport.fr\/blog\/wp-json\/wp\/v2\/media\/240750"}],"wp:attachment":[{"href":"https:\/\/dicodusport.fr\/blog\/wp-json\/wp\/v2\/media?parent=240739"}],"wp:term":[{"taxonomy":"category","embeddable":true,"href":"https:\/\/dicodusport.fr\/blog\/wp-json\/wp\/v2\/categories?post=240739"},{"taxonomy":"post_tag","embeddable":true,"href":"https:\/\/dicodusport.fr\/blog\/wp-json\/wp\/v2\/tags?post=240739"}],"curies":[{"name":"wp","href":"https:\/\/api.w.org\/{rel}","templated":true}]}}