{"id":240779,"date":"2022-07-07T09:05:42","date_gmt":"2022-07-07T07:05:42","guid":{"rendered":"https:\/\/dicodusport.fr\/blog\/?p=240779&#038;preview=true&#038;preview_id=240779"},"modified":"2022-07-07T09:17:35","modified_gmt":"2022-07-07T07:17:35","slug":"clement-champoussin-va-quitter-ag2r-citroen-pour-une-autre-equipe-francaise","status":"publish","type":"post","link":"https:\/\/dicodusport.fr\/blog\/clement-champoussin-va-quitter-ag2r-citroen-pour-une-autre-equipe-francaise\/","title":{"rendered":"Cl\u00e9ment Champoussin va quitter AG2R Citro\u00ebn pour une autre \u00e9quipe fran\u00e7aise"},"content":{"rendered":"<p style=\"text-align: justify;\"><i><b><a href=\"https:\/\/dicodusport.fr\/blog\/actualites\/cyclisme\/cyclisme-sur-route-2022\/\">CYCLISME SUR ROUTE 2022<\/a> &#8211; Selon nos confr\u00e8res de L&rsquo;\u00c9quipe, Cl\u00e9ment Champoussin va quitter AG2R Citro\u00ebn pour rejoindre Ark\u00e9a-Samsic.<\/b><\/i><\/p>\n<p style=\"text-align: justify;\">Alors que l&rsquo;avenir de <strong>Nairo Quintana<\/strong> et <strong>Warren Barguil<\/strong> n&rsquo;est toujours pas scell\u00e9, la formation bretonne <strong>Ark\u00e9a-Samsic<\/strong> tiendrait sa premi\u00e8re recrue pour la saison 2023. Le tr\u00e8s prometteur <strong>Cl\u00e9ment Champoussin<\/strong> devrait s&rsquo;engager pour les deux prochaines saisons, soit jusqu&rsquo;\u00e0 la fin de l&rsquo;ann\u00e9e 2024 avec la <strong>Team Ark\u00e9a-Samsic<\/strong>. \u00c0 seulement 24 ans, il a d\u00e9j\u00e0 remport\u00e9 une magnifique \u00e9tape sur le Tour d&rsquo;Espagne en 2021, mais a aussi termin\u00e9 deuxi\u00e8me de la Classic de l&rsquo;Ard\u00e8che la m\u00eame ann\u00e9e. <strong>Cl\u00e9ment Champoussin<\/strong> avait re\u00e7u le V\u00e9lo d&rsquo;Or espoirs en 2018 et 2019.<\/p>\n<blockquote class=\"twitter-tweet\">\n<p dir=\"ltr\" lang=\"fr\">CYCLISME<br \/>\nTransfert : l\u2019\u00e9quipe Ark\u00e9a-Samsic tient sa premi\u00e8re recrue pour 2023. Il s\u2019agit du grimpeur Cl\u00e9ment Champoussin (AG2R-Citro\u00ebn)<a href=\"https:\/\/t.co\/72STEv100u\">https:\/\/t.co\/72STEv100u<\/a><\/p>\n<p>\u2014 Le T\u00e9l\u00e9gramme Sport (@TelegrammeSport) <a href=\"https:\/\/twitter.com\/TelegrammeSport\/status\/1544920836028735495?ref_src=twsrc%5Etfw\">July 7, 2022<\/a><\/p><\/blockquote>\n<p><script async src=\"https:\/\/platform.twitter.com\/widgets.js\" charset=\"utf-8\"><\/script><\/p>\n<ul>\n<li style=\"text-align: justify;\"><strong>\u00c0 lire aussi &#8211; <a href=\"https:\/\/dicodusport.fr\/blog\/cyclisme-transferts-2022-2023-tableau-du-mercato\/\">Le tableau du mercato cyclisme 2022-2023<\/a><\/strong><\/li>\n<\/ul>\n<p>&nbsp;<\/p>\n","protected":false},"excerpt":{"rendered":"<p>CYCLISME SUR ROUTE 2022 &#8211; Selon nos confr\u00e8res de L&rsquo;\u00c9quipe, Cl\u00e9ment Champoussin va quitter AG2R Citro\u00ebn pour rejoindre Ark\u00e9a-Samsic.<\/p>\n","protected":false},"author":1,"featured_media":240786,"comment_status":"open","ping_status":"closed","sticky":false,"template":"","format":"standard","meta":{"_acf_changed":false,"_daextam_enable_autolinks":"","footnotes":""},"categories":[46994],"tags":[7045,8386],"class_list":["post-240779","post","type-post","status-publish","format-standard","has-post-thumbnail","hentry","category-cyclisme-sur-route","tag-arkea-samsic","tag-mercato-cyclisme"],"acf":[],"yoast_head":"<!-- This site is optimized with the Yoast SEO Premium plugin v26.7 (Yoast SEO v26.7) - https:\/\/yoast.com\/wordpress\/plugins\/seo\/ -->\n<title>Cl\u00e9ment Champoussin va quitter AG2R Citro\u00ebn pour une autre \u00e9quipe fran\u00e7aise<\/title>\n<meta name=\"description\" content=\"CYCLISME SUR ROUTE 2022 - Selon nos confr\u00e8res de L&#039;\u00c9quipe, Cl\u00e9ment Champoussin va quitter AG2R Citro\u00ebn pour rejoindre Ark\u00e9a-Samsic.\" \/>\n<meta name=\"robots\" content=\"index, follow, max-snippet:-1, max-image-preview:large, max-video-preview:-1\" \/>\n<link rel=\"canonical\" href=\"https:\/\/dicodusport.fr\/blog\/clement-champoussin-va-quitter-ag2r-citroen-pour-une-autre-equipe-francaise\/\" \/>\n<meta property=\"og:locale\" content=\"fr_FR\" \/>\n<meta property=\"og:type\" content=\"article\" \/>\n<meta property=\"og:title\" content=\"Cl\u00e9ment Champoussin va quitter AG2R Citro\u00ebn pour une autre \u00e9quipe fran\u00e7aise\" \/>\n<meta property=\"og:description\" content=\"CYCLISME SUR ROUTE 2022 - Selon nos confr\u00e8res de L&#039;\u00c9quipe, Cl\u00e9ment Champoussin va quitter AG2R Citro\u00ebn pour rejoindre Ark\u00e9a-Samsic.\" \/>\n<meta property=\"og:url\" content=\"https:\/\/dicodusport.fr\/blog\/clement-champoussin-va-quitter-ag2r-citroen-pour-une-autre-equipe-francaise\/\" \/>\n<meta property=\"og:site_name\" content=\"Dicodusport\" \/>\n<meta property=\"article:publisher\" content=\"https:\/\/www.facebook.com\/dicodusport\" \/>\n<meta property=\"article:author\" content=\"https:\/\/www.facebook.com\/dicodusport\" \/>\n<meta property=\"article:published_time\" content=\"2022-07-07T07:05:42+00:00\" \/>\n<meta property=\"article:modified_time\" content=\"2022-07-07T07:17:35+00:00\" \/>\n<meta property=\"og:image\" content=\"https:\/\/dicodusport.fr\/blog\/wp-content\/uploads\/2022\/07\/Cle\u0301ment-Champoussin-va-quitter-AG2R-Citroe\u0308n-pour-une-autre-e\u0301quipe-franc\u0327aise.png\" \/>\n\t<meta property=\"og:image:width\" content=\"800\" \/>\n\t<meta property=\"og:image:height\" content=\"445\" \/>\n\t<meta property=\"og:image:type\" content=\"image\/png\" \/>\n<meta name=\"author\" content=\"Nicolas Jacquemard\" \/>\n<meta name=\"twitter:card\" content=\"summary_large_image\" \/>\n<meta name=\"twitter:title\" content=\"Cl\u00e9ment Champoussin va quitter AG2R Citro\u00ebn pour une autre \u00e9quipe fran\u00e7aise\" \/>\n<meta name=\"twitter:creator\" content=\"@https:\/\/twitter.com\/Nico_Jacquemard\" \/>\n<meta name=\"twitter:site\" content=\"@dicodusport\" \/>\n<script type=\"application\/ld+json\" class=\"yoast-schema-graph\">{\"@context\":\"https:\/\/schema.org\",\"@graph\":[{\"@type\":\"NewsArticle\",\"@id\":\"https:\/\/dicodusport.fr\/blog\/clement-champoussin-va-quitter-ag2r-citroen-pour-une-autre-equipe-francaise\/#article\",\"isPartOf\":{\"@id\":\"https:\/\/dicodusport.fr\/blog\/clement-champoussin-va-quitter-ag2r-citroen-pour-une-autre-equipe-francaise\/\"},\"author\":{\"name\":\"Nicolas Jacquemard\",\"@id\":\"https:\/\/dicodusport.fr\/blog\/#\/schema\/person\/55dcb50ad410894e431ed812bbb70191\"},\"headline\":\"Cl\u00e9ment Champoussin va quitter AG2R Citro\u00ebn pour une autre \u00e9quipe fran\u00e7aise\",\"datePublished\":\"2022-07-07T07:05:42+00:00\",\"dateModified\":\"2022-07-07T07:17:35+00:00\",\"mainEntityOfPage\":{\"@id\":\"https:\/\/dicodusport.fr\/blog\/clement-champoussin-va-quitter-ag2r-citroen-pour-une-autre-equipe-francaise\/\"},\"wordCount\":188,\"commentCount\":0,\"publisher\":{\"@id\":\"https:\/\/dicodusport.fr\/blog\/#organization\"},\"image\":{\"@id\":\"https:\/\/dicodusport.fr\/blog\/clement-champoussin-va-quitter-ag2r-citroen-pour-une-autre-equipe-francaise\/#primaryimage\"},\"thumbnailUrl\":\"https:\/\/dicodusport.fr\/blog\/wp-content\/uploads\/2022\/07\/Cle\u0301ment-Champoussin-va-quitter-AG2R-Citroe\u0308n-pour-une-autre-e\u0301quipe-franc\u0327aise.png\",\"keywords\":[\"Arkea-Samsic\",\"Mercato Cyclisme\"],\"articleSection\":[\"Cyclisme sur route\"],\"inLanguage\":\"fr-FR\",\"potentialAction\":[{\"@type\":\"CommentAction\",\"name\":\"Comment\",\"target\":[\"https:\/\/dicodusport.fr\/blog\/clement-champoussin-va-quitter-ag2r-citroen-pour-une-autre-equipe-francaise\/#respond\"]}],\"copyrightYear\":\"2022\",\"copyrightHolder\":{\"@id\":\"https:\/\/dicodusport.fr\/blog\/#organization\"}},{\"@type\":\"WebPage\",\"@id\":\"https:\/\/dicodusport.fr\/blog\/clement-champoussin-va-quitter-ag2r-citroen-pour-une-autre-equipe-francaise\/\",\"url\":\"https:\/\/dicodusport.fr\/blog\/clement-champoussin-va-quitter-ag2r-citroen-pour-une-autre-equipe-francaise\/\",\"name\":\"Cl\u00e9ment Champoussin va quitter AG2R Citro\u00ebn pour une autre \u00e9quipe fran\u00e7aise\",\"isPartOf\":{\"@id\":\"https:\/\/dicodusport.fr\/blog\/#website\"},\"primaryImageOfPage\":{\"@id\":\"https:\/\/dicodusport.fr\/blog\/clement-champoussin-va-quitter-ag2r-citroen-pour-une-autre-equipe-francaise\/#primaryimage\"},\"image\":{\"@id\":\"https:\/\/dicodusport.fr\/blog\/clement-champoussin-va-quitter-ag2r-citroen-pour-une-autre-equipe-francaise\/#primaryimage\"},\"thumbnailUrl\":\"https:\/\/dicodusport.fr\/blog\/wp-content\/uploads\/2022\/07\/Cle\u0301ment-Champoussin-va-quitter-AG2R-Citroe\u0308n-pour-une-autre-e\u0301quipe-franc\u0327aise.png\",\"datePublished\":\"2022-07-07T07:05:42+00:00\",\"dateModified\":\"2022-07-07T07:17:35+00:00\",\"description\":\"CYCLISME SUR ROUTE 2022 - Selon nos confr\u00e8res de L'\u00c9quipe, Cl\u00e9ment Champoussin va quitter AG2R Citro\u00ebn pour rejoindre Ark\u00e9a-Samsic.\",\"breadcrumb\":{\"@id\":\"https:\/\/dicodusport.fr\/blog\/clement-champoussin-va-quitter-ag2r-citroen-pour-une-autre-equipe-francaise\/#breadcrumb\"},\"inLanguage\":\"fr-FR\",\"potentialAction\":[{\"@type\":\"ReadAction\",\"target\":[\"https:\/\/dicodusport.fr\/blog\/clement-champoussin-va-quitter-ag2r-citroen-pour-une-autre-equipe-francaise\/\"]}]},{\"@type\":\"ImageObject\",\"inLanguage\":\"fr-FR\",\"@id\":\"https:\/\/dicodusport.fr\/blog\/clement-champoussin-va-quitter-ag2r-citroen-pour-une-autre-equipe-francaise\/#primaryimage\",\"url\":\"https:\/\/dicodusport.fr\/blog\/wp-content\/uploads\/2022\/07\/Cle\u0301ment-Champoussin-va-quitter-AG2R-Citroe\u0308n-pour-une-autre-e\u0301quipe-franc\u0327aise.png\",\"contentUrl\":\"https:\/\/dicodusport.fr\/blog\/wp-content\/uploads\/2022\/07\/Cle\u0301ment-Champoussin-va-quitter-AG2R-Citroe\u0308n-pour-une-autre-e\u0301quipe-franc\u0327aise.png\",\"width\":800,\"height\":445},{\"@type\":\"BreadcrumbList\",\"@id\":\"https:\/\/dicodusport.fr\/blog\/clement-champoussin-va-quitter-ag2r-citroen-pour-une-autre-equipe-francaise\/#breadcrumb\",\"itemListElement\":[{\"@type\":\"ListItem\",\"position\":1,\"name\":\"Accueil\",\"item\":\"https:\/\/dicodusport.fr\/blog\/\"},{\"@type\":\"ListItem\",\"position\":2,\"name\":\"Cl\u00e9ment Champoussin va quitter AG2R Citro\u00ebn pour une autre \u00e9quipe fran\u00e7aise\"}]},{\"@type\":\"WebSite\",\"@id\":\"https:\/\/dicodusport.fr\/blog\/#website\",\"url\":\"https:\/\/dicodusport.fr\/blog\/\",\"name\":\"Dicodusport\",\"description\":\"L&#039;encyclop\u00e9die de l&#039;actualit\u00e9 sportive\",\"publisher\":{\"@id\":\"https:\/\/dicodusport.fr\/blog\/#organization\"},\"potentialAction\":[{\"@type\":\"SearchAction\",\"target\":{\"@type\":\"EntryPoint\",\"urlTemplate\":\"https:\/\/dicodusport.fr\/blog\/?s={search_term_string}\"},\"query-input\":{\"@type\":\"PropertyValueSpecification\",\"valueRequired\":true,\"valueName\":\"search_term_string\"}}],\"inLanguage\":\"fr-FR\"},{\"@type\":\"NewsMediaOrganization\",\"@id\":\"https:\/\/dicodusport.fr\/blog\/#organization\",\"name\":\"Dicodusport\",\"url\":\"https:\/\/dicodusport.fr\/blog\/\",\"logo\":{\"@type\":\"ImageObject\",\"inLanguage\":\"fr-FR\",\"@id\":\"https:\/\/dicodusport.fr\/blog\/#\/schema\/logo\/image\/\",\"url\":\"https:\/\/dicodusport.fr\/blog\/wp-content\/uploads\/2020\/06\/cropped-LOGO-DICODUSPORT-2020-SANS-FOND-SANS-TEXTE.png\",\"contentUrl\":\"https:\/\/dicodusport.fr\/blog\/wp-content\/uploads\/2020\/06\/cropped-LOGO-DICODUSPORT-2020-SANS-FOND-SANS-TEXTE.png\",\"width\":512,\"height\":512,\"caption\":\"Dicodusport\"},\"image\":{\"@id\":\"https:\/\/dicodusport.fr\/blog\/#\/schema\/logo\/image\/\"},\"sameAs\":[\"https:\/\/www.facebook.com\/dicodusport\",\"https:\/\/x.com\/dicodusport\",\"https:\/\/www.instagram.com\/dicodusport\/\",\"https:\/\/www.youtube.com\/channel\/UC7V2KZ5sd3htJivAbA4ZG3w\"],\"description\":\"Dicodusport est l'encyclop\u00e9die de l'actualit\u00e9 sportive.\",\"email\":\"bonjour@dicodusport.fr\",\"legalName\":\"DICODUSPORT\",\"foundingDate\":\"2018-01-14\",\"vatID\":\"FR71834470973\",\"taxID\":\"83447097300043\",\"numberOfEmployees\":{\"@type\":\"QuantitativeValue\",\"minValue\":\"1\",\"maxValue\":\"10\"}},{\"@type\":\"Person\",\"@id\":\"https:\/\/dicodusport.fr\/blog\/#\/schema\/person\/55dcb50ad410894e431ed812bbb70191\",\"name\":\"Nicolas Jacquemard\",\"image\":{\"@type\":\"ImageObject\",\"inLanguage\":\"fr-FR\",\"@id\":\"https:\/\/dicodusport.fr\/blog\/#\/schema\/person\/image\/\",\"url\":\"https:\/\/dicodusport.fr\/blog\/wp-content\/uploads\/2021\/05\/Nicolas-Jacquemard-150x150.jpeg\",\"contentUrl\":\"https:\/\/dicodusport.fr\/blog\/wp-content\/uploads\/2021\/05\/Nicolas-Jacquemard-150x150.jpeg\",\"caption\":\"Nicolas Jacquemard\"},\"description\":\"Passionn\u00e9 de sport et entrepreneur depuis mes 18 ans, la cr\u00e9ation de Dicodusport m'a sembl\u00e9 \u00e9vidente pour participer \u00e0 la m\u00e9diatisation d'un plus grand nombre de sports. Le chemin est long mais avec une \u00e9quipe des plus motiv\u00e9es et les Jeux Olympiques de Paris 2024 en point de mire, nous y arriverons ! Journaliste dans le monde du sport depuis plus de 5 ans, je traite aussi bien de football, de rugby, de biathlon que de cyclisme.\",\"sameAs\":[\"https:\/\/www.facebook.com\/dicodusport\",\"https:\/\/x.com\/https:\/\/twitter.com\/Nico_Jacquemard\"],\"url\":\"https:\/\/dicodusport.fr\/blog\/author\/dicodusport\/\"}]}<\/script>\n<!-- \/ Yoast SEO Premium plugin. -->","yoast_head_json":{"title":"Cl\u00e9ment Champoussin va quitter AG2R Citro\u00ebn pour une autre \u00e9quipe fran\u00e7aise","description":"CYCLISME SUR ROUTE 2022 - Selon nos confr\u00e8res de L'\u00c9quipe, Cl\u00e9ment Champoussin va quitter AG2R Citro\u00ebn pour rejoindre Ark\u00e9a-Samsic.","robots":{"index":"index","follow":"follow","max-snippet":"max-snippet:-1","max-image-preview":"max-image-preview:large","max-video-preview":"max-video-preview:-1"},"canonical":"https:\/\/dicodusport.fr\/blog\/clement-champoussin-va-quitter-ag2r-citroen-pour-une-autre-equipe-francaise\/","og_locale":"fr_FR","og_type":"article","og_title":"Cl\u00e9ment Champoussin va quitter AG2R Citro\u00ebn pour une autre \u00e9quipe fran\u00e7aise","og_description":"CYCLISME SUR ROUTE 2022 - Selon nos confr\u00e8res de L'\u00c9quipe, Cl\u00e9ment Champoussin va quitter AG2R Citro\u00ebn pour rejoindre Ark\u00e9a-Samsic.","og_url":"https:\/\/dicodusport.fr\/blog\/clement-champoussin-va-quitter-ag2r-citroen-pour-une-autre-equipe-francaise\/","og_site_name":"Dicodusport","article_publisher":"https:\/\/www.facebook.com\/dicodusport","article_author":"https:\/\/www.facebook.com\/dicodusport","article_published_time":"2022-07-07T07:05:42+00:00","article_modified_time":"2022-07-07T07:17:35+00:00","og_image":[{"width":800,"height":445,"url":"https:\/\/dicodusport.fr\/blog\/wp-content\/uploads\/2022\/07\/Cle\u0301ment-Champoussin-va-quitter-AG2R-Citroe\u0308n-pour-une-autre-e\u0301quipe-franc\u0327aise.png","type":"image\/png"}],"author":"Nicolas Jacquemard","twitter_card":"summary_large_image","twitter_title":"Cl\u00e9ment Champoussin va quitter AG2R Citro\u00ebn pour une autre \u00e9quipe fran\u00e7aise","twitter_creator":"@https:\/\/twitter.com\/Nico_Jacquemard","twitter_site":"@dicodusport","schema":{"@context":"https:\/\/schema.org","@graph":[{"@type":"NewsArticle","@id":"https:\/\/dicodusport.fr\/blog\/clement-champoussin-va-quitter-ag2r-citroen-pour-une-autre-equipe-francaise\/#article","isPartOf":{"@id":"https:\/\/dicodusport.fr\/blog\/clement-champoussin-va-quitter-ag2r-citroen-pour-une-autre-equipe-francaise\/"},"author":{"name":"Nicolas Jacquemard","@id":"https:\/\/dicodusport.fr\/blog\/#\/schema\/person\/55dcb50ad410894e431ed812bbb70191"},"headline":"Cl\u00e9ment Champoussin va quitter AG2R Citro\u00ebn pour une autre \u00e9quipe fran\u00e7aise","datePublished":"2022-07-07T07:05:42+00:00","dateModified":"2022-07-07T07:17:35+00:00","mainEntityOfPage":{"@id":"https:\/\/dicodusport.fr\/blog\/clement-champoussin-va-quitter-ag2r-citroen-pour-une-autre-equipe-francaise\/"},"wordCount":188,"commentCount":0,"publisher":{"@id":"https:\/\/dicodusport.fr\/blog\/#organization"},"image":{"@id":"https:\/\/dicodusport.fr\/blog\/clement-champoussin-va-quitter-ag2r-citroen-pour-une-autre-equipe-francaise\/#primaryimage"},"thumbnailUrl":"https:\/\/dicodusport.fr\/blog\/wp-content\/uploads\/2022\/07\/Cle\u0301ment-Champoussin-va-quitter-AG2R-Citroe\u0308n-pour-une-autre-e\u0301quipe-franc\u0327aise.png","keywords":["Arkea-Samsic","Mercato Cyclisme"],"articleSection":["Cyclisme sur route"],"inLanguage":"fr-FR","potentialAction":[{"@type":"CommentAction","name":"Comment","target":["https:\/\/dicodusport.fr\/blog\/clement-champoussin-va-quitter-ag2r-citroen-pour-une-autre-equipe-francaise\/#respond"]}],"copyrightYear":"2022","copyrightHolder":{"@id":"https:\/\/dicodusport.fr\/blog\/#organization"}},{"@type":"WebPage","@id":"https:\/\/dicodusport.fr\/blog\/clement-champoussin-va-quitter-ag2r-citroen-pour-une-autre-equipe-francaise\/","url":"https:\/\/dicodusport.fr\/blog\/clement-champoussin-va-quitter-ag2r-citroen-pour-une-autre-equipe-francaise\/","name":"Cl\u00e9ment Champoussin va quitter AG2R Citro\u00ebn pour une autre \u00e9quipe fran\u00e7aise","isPartOf":{"@id":"https:\/\/dicodusport.fr\/blog\/#website"},"primaryImageOfPage":{"@id":"https:\/\/dicodusport.fr\/blog\/clement-champoussin-va-quitter-ag2r-citroen-pour-une-autre-equipe-francaise\/#primaryimage"},"image":{"@id":"https:\/\/dicodusport.fr\/blog\/clement-champoussin-va-quitter-ag2r-citroen-pour-une-autre-equipe-francaise\/#primaryimage"},"thumbnailUrl":"https:\/\/dicodusport.fr\/blog\/wp-content\/uploads\/2022\/07\/Cle\u0301ment-Champoussin-va-quitter-AG2R-Citroe\u0308n-pour-une-autre-e\u0301quipe-franc\u0327aise.png","datePublished":"2022-07-07T07:05:42+00:00","dateModified":"2022-07-07T07:17:35+00:00","description":"CYCLISME SUR ROUTE 2022 - Selon nos confr\u00e8res de L'\u00c9quipe, Cl\u00e9ment Champoussin va quitter AG2R Citro\u00ebn pour rejoindre Ark\u00e9a-Samsic.","breadcrumb":{"@id":"https:\/\/dicodusport.fr\/blog\/clement-champoussin-va-quitter-ag2r-citroen-pour-une-autre-equipe-francaise\/#breadcrumb"},"inLanguage":"fr-FR","potentialAction":[{"@type":"ReadAction","target":["https:\/\/dicodusport.fr\/blog\/clement-champoussin-va-quitter-ag2r-citroen-pour-une-autre-equipe-francaise\/"]}]},{"@type":"ImageObject","inLanguage":"fr-FR","@id":"https:\/\/dicodusport.fr\/blog\/clement-champoussin-va-quitter-ag2r-citroen-pour-une-autre-equipe-francaise\/#primaryimage","url":"https:\/\/dicodusport.fr\/blog\/wp-content\/uploads\/2022\/07\/Cle\u0301ment-Champoussin-va-quitter-AG2R-Citroe\u0308n-pour-une-autre-e\u0301quipe-franc\u0327aise.png","contentUrl":"https:\/\/dicodusport.fr\/blog\/wp-content\/uploads\/2022\/07\/Cle\u0301ment-Champoussin-va-quitter-AG2R-Citroe\u0308n-pour-une-autre-e\u0301quipe-franc\u0327aise.png","width":800,"height":445},{"@type":"BreadcrumbList","@id":"https:\/\/dicodusport.fr\/blog\/clement-champoussin-va-quitter-ag2r-citroen-pour-une-autre-equipe-francaise\/#breadcrumb","itemListElement":[{"@type":"ListItem","position":1,"name":"Accueil","item":"https:\/\/dicodusport.fr\/blog\/"},{"@type":"ListItem","position":2,"name":"Cl\u00e9ment Champoussin va quitter AG2R Citro\u00ebn pour une autre \u00e9quipe fran\u00e7aise"}]},{"@type":"WebSite","@id":"https:\/\/dicodusport.fr\/blog\/#website","url":"https:\/\/dicodusport.fr\/blog\/","name":"Dicodusport","description":"L&#039;encyclop\u00e9die de l&#039;actualit\u00e9 sportive","publisher":{"@id":"https:\/\/dicodusport.fr\/blog\/#organization"},"potentialAction":[{"@type":"SearchAction","target":{"@type":"EntryPoint","urlTemplate":"https:\/\/dicodusport.fr\/blog\/?s={search_term_string}"},"query-input":{"@type":"PropertyValueSpecification","valueRequired":true,"valueName":"search_term_string"}}],"inLanguage":"fr-FR"},{"@type":"NewsMediaOrganization","@id":"https:\/\/dicodusport.fr\/blog\/#organization","name":"Dicodusport","url":"https:\/\/dicodusport.fr\/blog\/","logo":{"@type":"ImageObject","inLanguage":"fr-FR","@id":"https:\/\/dicodusport.fr\/blog\/#\/schema\/logo\/image\/","url":"https:\/\/dicodusport.fr\/blog\/wp-content\/uploads\/2020\/06\/cropped-LOGO-DICODUSPORT-2020-SANS-FOND-SANS-TEXTE.png","contentUrl":"https:\/\/dicodusport.fr\/blog\/wp-content\/uploads\/2020\/06\/cropped-LOGO-DICODUSPORT-2020-SANS-FOND-SANS-TEXTE.png","width":512,"height":512,"caption":"Dicodusport"},"image":{"@id":"https:\/\/dicodusport.fr\/blog\/#\/schema\/logo\/image\/"},"sameAs":["https:\/\/www.facebook.com\/dicodusport","https:\/\/x.com\/dicodusport","https:\/\/www.instagram.com\/dicodusport\/","https:\/\/www.youtube.com\/channel\/UC7V2KZ5sd3htJivAbA4ZG3w"],"description":"Dicodusport est l'encyclop\u00e9die de l'actualit\u00e9 sportive.","email":"bonjour@dicodusport.fr","legalName":"DICODUSPORT","foundingDate":"2018-01-14","vatID":"FR71834470973","taxID":"83447097300043","numberOfEmployees":{"@type":"QuantitativeValue","minValue":"1","maxValue":"10"}},{"@type":"Person","@id":"https:\/\/dicodusport.fr\/blog\/#\/schema\/person\/55dcb50ad410894e431ed812bbb70191","name":"Nicolas Jacquemard","image":{"@type":"ImageObject","inLanguage":"fr-FR","@id":"https:\/\/dicodusport.fr\/blog\/#\/schema\/person\/image\/","url":"https:\/\/dicodusport.fr\/blog\/wp-content\/uploads\/2021\/05\/Nicolas-Jacquemard-150x150.jpeg","contentUrl":"https:\/\/dicodusport.fr\/blog\/wp-content\/uploads\/2021\/05\/Nicolas-Jacquemard-150x150.jpeg","caption":"Nicolas Jacquemard"},"description":"Passionn\u00e9 de sport et entrepreneur depuis mes 18 ans, la cr\u00e9ation de Dicodusport m'a sembl\u00e9 \u00e9vidente pour participer \u00e0 la m\u00e9diatisation d'un plus grand nombre de sports. Le chemin est long mais avec une \u00e9quipe des plus motiv\u00e9es et les Jeux Olympiques de Paris 2024 en point de mire, nous y arriverons ! Journaliste dans le monde du sport depuis plus de 5 ans, je traite aussi bien de football, de rugby, de biathlon que de cyclisme.","sameAs":["https:\/\/www.facebook.com\/dicodusport","https:\/\/x.com\/https:\/\/twitter.com\/Nico_Jacquemard"],"url":"https:\/\/dicodusport.fr\/blog\/author\/dicodusport\/"}]}},"_links":{"self":[{"href":"https:\/\/dicodusport.fr\/blog\/wp-json\/wp\/v2\/posts\/240779","targetHints":{"allow":["GET"]}}],"collection":[{"href":"https:\/\/dicodusport.fr\/blog\/wp-json\/wp\/v2\/posts"}],"about":[{"href":"https:\/\/dicodusport.fr\/blog\/wp-json\/wp\/v2\/types\/post"}],"author":[{"embeddable":true,"href":"https:\/\/dicodusport.fr\/blog\/wp-json\/wp\/v2\/users\/1"}],"replies":[{"embeddable":true,"href":"https:\/\/dicodusport.fr\/blog\/wp-json\/wp\/v2\/comments?post=240779"}],"version-history":[{"count":0,"href":"https:\/\/dicodusport.fr\/blog\/wp-json\/wp\/v2\/posts\/240779\/revisions"}],"wp:featuredmedia":[{"embeddable":true,"href":"https:\/\/dicodusport.fr\/blog\/wp-json\/wp\/v2\/media\/240786"}],"wp:attachment":[{"href":"https:\/\/dicodusport.fr\/blog\/wp-json\/wp\/v2\/media?parent=240779"}],"wp:term":[{"taxonomy":"category","embeddable":true,"href":"https:\/\/dicodusport.fr\/blog\/wp-json\/wp\/v2\/categories?post=240779"},{"taxonomy":"post_tag","embeddable":true,"href":"https:\/\/dicodusport.fr\/blog\/wp-json\/wp\/v2\/tags?post=240779"}],"curies":[{"name":"wp","href":"https:\/\/api.w.org\/{rel}","templated":true}]}}