{"id":241102,"date":"2022-07-07T20:23:10","date_gmt":"2022-07-07T18:23:10","guid":{"rendered":"https:\/\/dicodusport.fr\/blog\/?p=241102&#038;preview=true&#038;preview_id=241102"},"modified":"2022-07-07T20:55:30","modified_gmt":"2022-07-07T18:55:30","slug":"wimbledon-2022-rafael-nadal-forfait-pour-sa-demi-finale","status":"publish","type":"post","link":"https:\/\/dicodusport.fr\/blog\/wimbledon-2022-rafael-nadal-forfait-pour-sa-demi-finale\/","title":{"rendered":"Wimbledon 2022 : Rafael Nadal forfait pour sa demi-finale !"},"content":{"rendered":"<p style=\"text-align: justify;\"><i><b><a href=\"https:\/\/dicodusport.fr\/blog\/wimbledon-2022-le-tableau-de-simple-hommes\/\">SIMPLE HOMMES WIMBLEDON 2022<\/a> &#8211; Rafael Nadal ne disputera pas sa demi-finale contre Nick Kyrgios demain apr\u00e8s midi. L&rsquo;Espagnol avait annonc\u00e9 souffrir d&rsquo;une blessure aux abdominaux apr\u00e8s son succ\u00e8s sur Taylor Fritz en quarts de finale.\u00a0<\/b><\/i><\/p>\n<p style=\"text-align: justify;\">Apr\u00e8s un succ\u00e8s au bout de l&rsquo;effort sur <strong>Taylor Fritz<\/strong> (lors du super tie-break), l&rsquo;inqui\u00e9tude \u00e9tait de mise chez <strong>Rafael Nadal.<\/strong> L&rsquo;Espagnol avait en effet paru diminu\u00e9 physiquement durant la rencontre. Puis, \u00e0 l&rsquo;issue de celle-ci, il avait \u00e9t\u00e9 d\u00e9clar\u00e9 qu&rsquo;il souffrait d&rsquo;une d\u00e9chirure aux abdominaux. Visiblement, le mal \u00e9tait profond, puisque le roi de la terre battue vient de d\u00e9clarer forfait pour sa demi-finale pr\u00e9vue demain apr\u00e8s-midi contre<strong> Nick Kyrgios<\/strong>. L&rsquo;Australien acc\u00e8de donc directement en finale, pour la premi\u00e8re fois de sa carri\u00e8re en Grand Chelem. <strong>Rafael Nadal,<\/strong> lui, voit s&rsquo;envoler ses r\u00eaves de Grand Chelem calendaire, qui n&rsquo;a plus \u00e9t\u00e9 r\u00e9alis\u00e9 depuis 1969 (par <strong>Rod Laver<\/strong>). Reste \u00e0 savoir les cons\u00e9quences sur la suite de sa saison.<\/p>\n<blockquote class=\"twitter-tweet\">\n<p dir=\"ltr\" lang=\"fr\">5. C&rsquo;\u00e9tait pressenti, c&rsquo;est d\u00e9sormais officiel : pour la 5\u00e8me fois de sa carri\u00e8re, <a href=\"https:\/\/twitter.com\/RafaelNadal?ref_src=twsrc%5Etfw\">@RafaelNadal<\/a> est contraint de se retirer en cours de Grand Chelem et ne disputera pas sa 1\/2 finale.<br \/>\n&#x1f1e6;&#x1f1fa; 2010 : 1\/4 (Ab)<br \/>\n&#x1f1eb;&#x1f1f7; 2016 : 1\/16 (WO)<br \/>\n&#x1f1e6;&#x1f1fa; 2018 : 1\/4 (Ab)<br \/>\n&#x1f1fa;&#x1f1f8; 2018 : 1\/2 (Ab)<br \/>\n&#x1f1ec;&#x1f1e7; 2022 : 1\/2 (WO) <a href=\"https:\/\/t.co\/wz6zkTiPwL\">pic.twitter.com\/wz6zkTiPwL<\/a><\/p>\n<p>\u2014 Jeu, Set et Maths (@JeuSetMaths) <a href=\"https:\/\/twitter.com\/JeuSetMaths\/status\/1545110527768231949?ref_src=twsrc%5Etfw\">July 7, 2022<\/a><\/p><\/blockquote>\n<p><script async src=\"https:\/\/platform.twitter.com\/widgets.js\" charset=\"utf-8\"><\/script><\/p>\n","protected":false},"excerpt":{"rendered":"<p>SIMPLE HOMMES WIMBLEDON 2022 &#8211; Rafael Nadal ne disputera pas sa demi-finale contre Nick Kyrgios demain apr\u00e8s midi. L&rsquo;Espagnol avait annonc\u00e9 souffrir d&rsquo;une blessure aux abdominaux apr\u00e8s son succ\u00e8s sur Taylor Fritz en quarts de finale.\u00a0<\/p>\n","protected":false},"author":59,"featured_media":241105,"comment_status":"open","ping_status":"closed","sticky":false,"template":"","format":"standard","meta":{"_acf_changed":false,"_daextam_enable_autolinks":"","footnotes":""},"categories":[47092],"tags":[24],"class_list":["post-241102","post","type-post","status-publish","format-standard","has-post-thumbnail","hentry","category-wimbledon","tag-sport"],"acf":[],"yoast_head":"<!-- This site is optimized with the Yoast SEO Premium plugin v26.7 (Yoast SEO v26.7) - https:\/\/yoast.com\/wordpress\/plugins\/seo\/ -->\n<title>Wimbledon 2022 : Rafael Nadal forfait pour sa demi-finale !<\/title>\n<meta name=\"description\" content=\"SIMPLE HOMMES WIMBLEDON 2022 - Rafael Nadal ne disputera pas sa demi-finale contre Nick Kyrgios demain apr\u00e8s midi.\" \/>\n<meta name=\"robots\" content=\"index, follow, max-snippet:-1, max-image-preview:large, max-video-preview:-1\" \/>\n<link rel=\"canonical\" href=\"https:\/\/dicodusport.fr\/blog\/wimbledon-2022-rafael-nadal-forfait-pour-sa-demi-finale\/\" \/>\n<meta property=\"og:locale\" content=\"fr_FR\" \/>\n<meta property=\"og:type\" content=\"article\" \/>\n<meta property=\"og:title\" content=\"Wimbledon 2022 : Rafael Nadal forfait pour sa demi-finale !\" \/>\n<meta property=\"og:description\" content=\"SIMPLE HOMMES WIMBLEDON 2022 - Rafael Nadal ne disputera pas sa demi-finale contre Nick Kyrgios demain apr\u00e8s midi.\" \/>\n<meta property=\"og:url\" content=\"https:\/\/dicodusport.fr\/blog\/wimbledon-2022-rafael-nadal-forfait-pour-sa-demi-finale\/\" \/>\n<meta property=\"og:site_name\" content=\"Dicodusport\" \/>\n<meta property=\"article:publisher\" content=\"https:\/\/www.facebook.com\/dicodusport\" \/>\n<meta property=\"article:author\" content=\"https:\/\/www.facebook.com\/sebastien.gente\/\" \/>\n<meta property=\"article:published_time\" content=\"2022-07-07T18:23:10+00:00\" \/>\n<meta property=\"article:modified_time\" content=\"2022-07-07T18:55:30+00:00\" \/>\n<meta property=\"og:image\" content=\"https:\/\/dicodusport.fr\/blog\/wp-content\/uploads\/2022\/07\/Wimbledon-2022-Rafael-Nadal-forfait-pour-sa-demi-finale-.png\" \/>\n\t<meta property=\"og:image:width\" content=\"800\" \/>\n\t<meta property=\"og:image:height\" content=\"445\" \/>\n\t<meta property=\"og:image:type\" content=\"image\/png\" \/>\n<meta name=\"author\" content=\"S\u00e9bastien Gente\" \/>\n<meta name=\"twitter:card\" content=\"summary_large_image\" \/>\n<meta name=\"twitter:title\" content=\"Wimbledon 2022 : Rafael Nadal forfait pour sa demi-finale !\" \/>\n<meta name=\"twitter:creator\" content=\"@https:\/\/twitter.com\/globulo24\" \/>\n<meta name=\"twitter:site\" content=\"@dicodusport\" \/>\n<script type=\"application\/ld+json\" class=\"yoast-schema-graph\">{\"@context\":\"https:\/\/schema.org\",\"@graph\":[{\"@type\":\"NewsArticle\",\"@id\":\"https:\/\/dicodusport.fr\/blog\/wimbledon-2022-rafael-nadal-forfait-pour-sa-demi-finale\/#article\",\"isPartOf\":{\"@id\":\"https:\/\/dicodusport.fr\/blog\/wimbledon-2022-rafael-nadal-forfait-pour-sa-demi-finale\/\"},\"author\":{\"name\":\"S\u00e9bastien Gente\",\"@id\":\"https:\/\/dicodusport.fr\/blog\/#\/schema\/person\/627966a6cde45dbd8c5e36ac85d783da\"},\"headline\":\"Wimbledon 2022 : Rafael Nadal forfait pour sa demi-finale !\",\"datePublished\":\"2022-07-07T18:23:10+00:00\",\"dateModified\":\"2022-07-07T18:55:30+00:00\",\"mainEntityOfPage\":{\"@id\":\"https:\/\/dicodusport.fr\/blog\/wimbledon-2022-rafael-nadal-forfait-pour-sa-demi-finale\/\"},\"wordCount\":265,\"commentCount\":0,\"publisher\":{\"@id\":\"https:\/\/dicodusport.fr\/blog\/#organization\"},\"image\":{\"@id\":\"https:\/\/dicodusport.fr\/blog\/wimbledon-2022-rafael-nadal-forfait-pour-sa-demi-finale\/#primaryimage\"},\"thumbnailUrl\":\"https:\/\/dicodusport.fr\/blog\/wp-content\/uploads\/2022\/07\/Wimbledon-2022-Rafael-Nadal-forfait-pour-sa-demi-finale-.png\",\"keywords\":[\"sport\"],\"articleSection\":[\"Wimbledon\"],\"inLanguage\":\"fr-FR\",\"potentialAction\":[{\"@type\":\"CommentAction\",\"name\":\"Comment\",\"target\":[\"https:\/\/dicodusport.fr\/blog\/wimbledon-2022-rafael-nadal-forfait-pour-sa-demi-finale\/#respond\"]}],\"copyrightYear\":\"2022\",\"copyrightHolder\":{\"@id\":\"https:\/\/dicodusport.fr\/blog\/#organization\"}},{\"@type\":\"WebPage\",\"@id\":\"https:\/\/dicodusport.fr\/blog\/wimbledon-2022-rafael-nadal-forfait-pour-sa-demi-finale\/\",\"url\":\"https:\/\/dicodusport.fr\/blog\/wimbledon-2022-rafael-nadal-forfait-pour-sa-demi-finale\/\",\"name\":\"Wimbledon 2022 : Rafael Nadal forfait pour sa demi-finale !\",\"isPartOf\":{\"@id\":\"https:\/\/dicodusport.fr\/blog\/#website\"},\"primaryImageOfPage\":{\"@id\":\"https:\/\/dicodusport.fr\/blog\/wimbledon-2022-rafael-nadal-forfait-pour-sa-demi-finale\/#primaryimage\"},\"image\":{\"@id\":\"https:\/\/dicodusport.fr\/blog\/wimbledon-2022-rafael-nadal-forfait-pour-sa-demi-finale\/#primaryimage\"},\"thumbnailUrl\":\"https:\/\/dicodusport.fr\/blog\/wp-content\/uploads\/2022\/07\/Wimbledon-2022-Rafael-Nadal-forfait-pour-sa-demi-finale-.png\",\"datePublished\":\"2022-07-07T18:23:10+00:00\",\"dateModified\":\"2022-07-07T18:55:30+00:00\",\"description\":\"SIMPLE HOMMES WIMBLEDON 2022 - Rafael Nadal ne disputera pas sa demi-finale contre Nick Kyrgios demain apr\u00e8s midi.\",\"breadcrumb\":{\"@id\":\"https:\/\/dicodusport.fr\/blog\/wimbledon-2022-rafael-nadal-forfait-pour-sa-demi-finale\/#breadcrumb\"},\"inLanguage\":\"fr-FR\",\"potentialAction\":[{\"@type\":\"ReadAction\",\"target\":[\"https:\/\/dicodusport.fr\/blog\/wimbledon-2022-rafael-nadal-forfait-pour-sa-demi-finale\/\"]}]},{\"@type\":\"ImageObject\",\"inLanguage\":\"fr-FR\",\"@id\":\"https:\/\/dicodusport.fr\/blog\/wimbledon-2022-rafael-nadal-forfait-pour-sa-demi-finale\/#primaryimage\",\"url\":\"https:\/\/dicodusport.fr\/blog\/wp-content\/uploads\/2022\/07\/Wimbledon-2022-Rafael-Nadal-forfait-pour-sa-demi-finale-.png\",\"contentUrl\":\"https:\/\/dicodusport.fr\/blog\/wp-content\/uploads\/2022\/07\/Wimbledon-2022-Rafael-Nadal-forfait-pour-sa-demi-finale-.png\",\"width\":800,\"height\":445,\"caption\":\"Wimbledon 2022 Rafael Nadal forfait pour sa demi-finale !\"},{\"@type\":\"BreadcrumbList\",\"@id\":\"https:\/\/dicodusport.fr\/blog\/wimbledon-2022-rafael-nadal-forfait-pour-sa-demi-finale\/#breadcrumb\",\"itemListElement\":[{\"@type\":\"ListItem\",\"position\":1,\"name\":\"Accueil\",\"item\":\"https:\/\/dicodusport.fr\/blog\/\"},{\"@type\":\"ListItem\",\"position\":2,\"name\":\"Wimbledon 2022 : Rafael Nadal forfait pour sa demi-finale !\"}]},{\"@type\":\"WebSite\",\"@id\":\"https:\/\/dicodusport.fr\/blog\/#website\",\"url\":\"https:\/\/dicodusport.fr\/blog\/\",\"name\":\"Dicodusport\",\"description\":\"L&#039;encyclop\u00e9die de l&#039;actualit\u00e9 sportive\",\"publisher\":{\"@id\":\"https:\/\/dicodusport.fr\/blog\/#organization\"},\"potentialAction\":[{\"@type\":\"SearchAction\",\"target\":{\"@type\":\"EntryPoint\",\"urlTemplate\":\"https:\/\/dicodusport.fr\/blog\/?s={search_term_string}\"},\"query-input\":{\"@type\":\"PropertyValueSpecification\",\"valueRequired\":true,\"valueName\":\"search_term_string\"}}],\"inLanguage\":\"fr-FR\"},{\"@type\":\"NewsMediaOrganization\",\"@id\":\"https:\/\/dicodusport.fr\/blog\/#organization\",\"name\":\"Dicodusport\",\"url\":\"https:\/\/dicodusport.fr\/blog\/\",\"logo\":{\"@type\":\"ImageObject\",\"inLanguage\":\"fr-FR\",\"@id\":\"https:\/\/dicodusport.fr\/blog\/#\/schema\/logo\/image\/\",\"url\":\"https:\/\/dicodusport.fr\/blog\/wp-content\/uploads\/2020\/06\/cropped-LOGO-DICODUSPORT-2020-SANS-FOND-SANS-TEXTE.png\",\"contentUrl\":\"https:\/\/dicodusport.fr\/blog\/wp-content\/uploads\/2020\/06\/cropped-LOGO-DICODUSPORT-2020-SANS-FOND-SANS-TEXTE.png\",\"width\":512,\"height\":512,\"caption\":\"Dicodusport\"},\"image\":{\"@id\":\"https:\/\/dicodusport.fr\/blog\/#\/schema\/logo\/image\/\"},\"sameAs\":[\"https:\/\/www.facebook.com\/dicodusport\",\"https:\/\/x.com\/dicodusport\",\"https:\/\/www.instagram.com\/dicodusport\/\",\"https:\/\/www.youtube.com\/channel\/UC7V2KZ5sd3htJivAbA4ZG3w\"],\"description\":\"Dicodusport est l'encyclop\u00e9die de l'actualit\u00e9 sportive.\",\"email\":\"bonjour@dicodusport.fr\",\"legalName\":\"DICODUSPORT\",\"foundingDate\":\"2018-01-14\",\"vatID\":\"FR71834470973\",\"taxID\":\"83447097300043\",\"numberOfEmployees\":{\"@type\":\"QuantitativeValue\",\"minValue\":\"1\",\"maxValue\":\"10\"}},{\"@type\":\"Person\",\"@id\":\"https:\/\/dicodusport.fr\/blog\/#\/schema\/person\/627966a6cde45dbd8c5e36ac85d783da\",\"name\":\"S\u00e9bastien Gente\",\"image\":{\"@type\":\"ImageObject\",\"inLanguage\":\"fr-FR\",\"@id\":\"https:\/\/dicodusport.fr\/blog\/#\/schema\/person\/image\/\",\"url\":\"https:\/\/dicodusport.fr\/blog\/wp-content\/uploads\/2021\/09\/1510990_10205810251400683_4124423575079401707_n-150x150.jpg\",\"contentUrl\":\"https:\/\/dicodusport.fr\/blog\/wp-content\/uploads\/2021\/09\/1510990_10205810251400683_4124423575079401707_n-150x150.jpg\",\"caption\":\"S\u00e9bastien Gente\"},\"description\":\"John Stockton, Gianni Bugno, Zinedine Zidane, Steffi Graf, Frode Andresen, St\u00e9phane Stoecklin, Davis Kamoga, Primoz Peterka, Werner Schlager et Aur\u00e9lien Rougerie. Point commun entre ces sportifs? Ils m'ont fait r\u00eaver et ont berc\u00e9 mon adolescence. Je suis un fondu de sports et j'essaie de retranscrire ma passion \u00e0 travers mes articles. Originaire du P\u00e9rigord, ma passion pour les Girondins, les Jaunards et les Jazzmen transpire dans mes \u00e9crits. \u00c0 Dicodusport depuis 2021, je d\u00e9niche les sports m\u00e9connus dans lesquels la France brille, et il y en a !\",\"sameAs\":[\"https:\/\/www.facebook.com\/sebastien.gente\/\",\"https:\/\/www.instagram.com\/sebgente\/\",\"https:\/\/www.linkedin.com\/in\/sbastien-gente-a29583169\/\",\"https:\/\/x.com\/https:\/\/twitter.com\/globulo24\",\"SebastienGente\"],\"worksFor\":\"S\u00e9bastien GENTE\",\"url\":\"https:\/\/dicodusport.fr\/blog\/author\/sebastiengente\/\"}]}<\/script>\n<!-- \/ Yoast SEO Premium plugin. -->","yoast_head_json":{"title":"Wimbledon 2022 : Rafael Nadal forfait pour sa demi-finale !","description":"SIMPLE HOMMES WIMBLEDON 2022 - Rafael Nadal ne disputera pas sa demi-finale contre Nick Kyrgios demain apr\u00e8s midi.","robots":{"index":"index","follow":"follow","max-snippet":"max-snippet:-1","max-image-preview":"max-image-preview:large","max-video-preview":"max-video-preview:-1"},"canonical":"https:\/\/dicodusport.fr\/blog\/wimbledon-2022-rafael-nadal-forfait-pour-sa-demi-finale\/","og_locale":"fr_FR","og_type":"article","og_title":"Wimbledon 2022 : Rafael Nadal forfait pour sa demi-finale !","og_description":"SIMPLE HOMMES WIMBLEDON 2022 - Rafael Nadal ne disputera pas sa demi-finale contre Nick Kyrgios demain apr\u00e8s midi.","og_url":"https:\/\/dicodusport.fr\/blog\/wimbledon-2022-rafael-nadal-forfait-pour-sa-demi-finale\/","og_site_name":"Dicodusport","article_publisher":"https:\/\/www.facebook.com\/dicodusport","article_author":"https:\/\/www.facebook.com\/sebastien.gente\/","article_published_time":"2022-07-07T18:23:10+00:00","article_modified_time":"2022-07-07T18:55:30+00:00","og_image":[{"width":800,"height":445,"url":"https:\/\/dicodusport.fr\/blog\/wp-content\/uploads\/2022\/07\/Wimbledon-2022-Rafael-Nadal-forfait-pour-sa-demi-finale-.png","type":"image\/png"}],"author":"S\u00e9bastien Gente","twitter_card":"summary_large_image","twitter_title":"Wimbledon 2022 : Rafael Nadal forfait pour sa demi-finale !","twitter_creator":"@https:\/\/twitter.com\/globulo24","twitter_site":"@dicodusport","schema":{"@context":"https:\/\/schema.org","@graph":[{"@type":"NewsArticle","@id":"https:\/\/dicodusport.fr\/blog\/wimbledon-2022-rafael-nadal-forfait-pour-sa-demi-finale\/#article","isPartOf":{"@id":"https:\/\/dicodusport.fr\/blog\/wimbledon-2022-rafael-nadal-forfait-pour-sa-demi-finale\/"},"author":{"name":"S\u00e9bastien Gente","@id":"https:\/\/dicodusport.fr\/blog\/#\/schema\/person\/627966a6cde45dbd8c5e36ac85d783da"},"headline":"Wimbledon 2022 : Rafael Nadal forfait pour sa demi-finale !","datePublished":"2022-07-07T18:23:10+00:00","dateModified":"2022-07-07T18:55:30+00:00","mainEntityOfPage":{"@id":"https:\/\/dicodusport.fr\/blog\/wimbledon-2022-rafael-nadal-forfait-pour-sa-demi-finale\/"},"wordCount":265,"commentCount":0,"publisher":{"@id":"https:\/\/dicodusport.fr\/blog\/#organization"},"image":{"@id":"https:\/\/dicodusport.fr\/blog\/wimbledon-2022-rafael-nadal-forfait-pour-sa-demi-finale\/#primaryimage"},"thumbnailUrl":"https:\/\/dicodusport.fr\/blog\/wp-content\/uploads\/2022\/07\/Wimbledon-2022-Rafael-Nadal-forfait-pour-sa-demi-finale-.png","keywords":["sport"],"articleSection":["Wimbledon"],"inLanguage":"fr-FR","potentialAction":[{"@type":"CommentAction","name":"Comment","target":["https:\/\/dicodusport.fr\/blog\/wimbledon-2022-rafael-nadal-forfait-pour-sa-demi-finale\/#respond"]}],"copyrightYear":"2022","copyrightHolder":{"@id":"https:\/\/dicodusport.fr\/blog\/#organization"}},{"@type":"WebPage","@id":"https:\/\/dicodusport.fr\/blog\/wimbledon-2022-rafael-nadal-forfait-pour-sa-demi-finale\/","url":"https:\/\/dicodusport.fr\/blog\/wimbledon-2022-rafael-nadal-forfait-pour-sa-demi-finale\/","name":"Wimbledon 2022 : Rafael Nadal forfait pour sa demi-finale !","isPartOf":{"@id":"https:\/\/dicodusport.fr\/blog\/#website"},"primaryImageOfPage":{"@id":"https:\/\/dicodusport.fr\/blog\/wimbledon-2022-rafael-nadal-forfait-pour-sa-demi-finale\/#primaryimage"},"image":{"@id":"https:\/\/dicodusport.fr\/blog\/wimbledon-2022-rafael-nadal-forfait-pour-sa-demi-finale\/#primaryimage"},"thumbnailUrl":"https:\/\/dicodusport.fr\/blog\/wp-content\/uploads\/2022\/07\/Wimbledon-2022-Rafael-Nadal-forfait-pour-sa-demi-finale-.png","datePublished":"2022-07-07T18:23:10+00:00","dateModified":"2022-07-07T18:55:30+00:00","description":"SIMPLE HOMMES WIMBLEDON 2022 - Rafael Nadal ne disputera pas sa demi-finale contre Nick Kyrgios demain apr\u00e8s midi.","breadcrumb":{"@id":"https:\/\/dicodusport.fr\/blog\/wimbledon-2022-rafael-nadal-forfait-pour-sa-demi-finale\/#breadcrumb"},"inLanguage":"fr-FR","potentialAction":[{"@type":"ReadAction","target":["https:\/\/dicodusport.fr\/blog\/wimbledon-2022-rafael-nadal-forfait-pour-sa-demi-finale\/"]}]},{"@type":"ImageObject","inLanguage":"fr-FR","@id":"https:\/\/dicodusport.fr\/blog\/wimbledon-2022-rafael-nadal-forfait-pour-sa-demi-finale\/#primaryimage","url":"https:\/\/dicodusport.fr\/blog\/wp-content\/uploads\/2022\/07\/Wimbledon-2022-Rafael-Nadal-forfait-pour-sa-demi-finale-.png","contentUrl":"https:\/\/dicodusport.fr\/blog\/wp-content\/uploads\/2022\/07\/Wimbledon-2022-Rafael-Nadal-forfait-pour-sa-demi-finale-.png","width":800,"height":445,"caption":"Wimbledon 2022 Rafael Nadal forfait pour sa demi-finale !"},{"@type":"BreadcrumbList","@id":"https:\/\/dicodusport.fr\/blog\/wimbledon-2022-rafael-nadal-forfait-pour-sa-demi-finale\/#breadcrumb","itemListElement":[{"@type":"ListItem","position":1,"name":"Accueil","item":"https:\/\/dicodusport.fr\/blog\/"},{"@type":"ListItem","position":2,"name":"Wimbledon 2022 : Rafael Nadal forfait pour sa demi-finale !"}]},{"@type":"WebSite","@id":"https:\/\/dicodusport.fr\/blog\/#website","url":"https:\/\/dicodusport.fr\/blog\/","name":"Dicodusport","description":"L&#039;encyclop\u00e9die de l&#039;actualit\u00e9 sportive","publisher":{"@id":"https:\/\/dicodusport.fr\/blog\/#organization"},"potentialAction":[{"@type":"SearchAction","target":{"@type":"EntryPoint","urlTemplate":"https:\/\/dicodusport.fr\/blog\/?s={search_term_string}"},"query-input":{"@type":"PropertyValueSpecification","valueRequired":true,"valueName":"search_term_string"}}],"inLanguage":"fr-FR"},{"@type":"NewsMediaOrganization","@id":"https:\/\/dicodusport.fr\/blog\/#organization","name":"Dicodusport","url":"https:\/\/dicodusport.fr\/blog\/","logo":{"@type":"ImageObject","inLanguage":"fr-FR","@id":"https:\/\/dicodusport.fr\/blog\/#\/schema\/logo\/image\/","url":"https:\/\/dicodusport.fr\/blog\/wp-content\/uploads\/2020\/06\/cropped-LOGO-DICODUSPORT-2020-SANS-FOND-SANS-TEXTE.png","contentUrl":"https:\/\/dicodusport.fr\/blog\/wp-content\/uploads\/2020\/06\/cropped-LOGO-DICODUSPORT-2020-SANS-FOND-SANS-TEXTE.png","width":512,"height":512,"caption":"Dicodusport"},"image":{"@id":"https:\/\/dicodusport.fr\/blog\/#\/schema\/logo\/image\/"},"sameAs":["https:\/\/www.facebook.com\/dicodusport","https:\/\/x.com\/dicodusport","https:\/\/www.instagram.com\/dicodusport\/","https:\/\/www.youtube.com\/channel\/UC7V2KZ5sd3htJivAbA4ZG3w"],"description":"Dicodusport est l'encyclop\u00e9die de l'actualit\u00e9 sportive.","email":"bonjour@dicodusport.fr","legalName":"DICODUSPORT","foundingDate":"2018-01-14","vatID":"FR71834470973","taxID":"83447097300043","numberOfEmployees":{"@type":"QuantitativeValue","minValue":"1","maxValue":"10"}},{"@type":"Person","@id":"https:\/\/dicodusport.fr\/blog\/#\/schema\/person\/627966a6cde45dbd8c5e36ac85d783da","name":"S\u00e9bastien Gente","image":{"@type":"ImageObject","inLanguage":"fr-FR","@id":"https:\/\/dicodusport.fr\/blog\/#\/schema\/person\/image\/","url":"https:\/\/dicodusport.fr\/blog\/wp-content\/uploads\/2021\/09\/1510990_10205810251400683_4124423575079401707_n-150x150.jpg","contentUrl":"https:\/\/dicodusport.fr\/blog\/wp-content\/uploads\/2021\/09\/1510990_10205810251400683_4124423575079401707_n-150x150.jpg","caption":"S\u00e9bastien Gente"},"description":"John Stockton, Gianni Bugno, Zinedine Zidane, Steffi Graf, Frode Andresen, St\u00e9phane Stoecklin, Davis Kamoga, Primoz Peterka, Werner Schlager et Aur\u00e9lien Rougerie. Point commun entre ces sportifs? Ils m'ont fait r\u00eaver et ont berc\u00e9 mon adolescence. Je suis un fondu de sports et j'essaie de retranscrire ma passion \u00e0 travers mes articles. Originaire du P\u00e9rigord, ma passion pour les Girondins, les Jaunards et les Jazzmen transpire dans mes \u00e9crits. \u00c0 Dicodusport depuis 2021, je d\u00e9niche les sports m\u00e9connus dans lesquels la France brille, et il y en a !","sameAs":["https:\/\/www.facebook.com\/sebastien.gente\/","https:\/\/www.instagram.com\/sebgente\/","https:\/\/www.linkedin.com\/in\/sbastien-gente-a29583169\/","https:\/\/x.com\/https:\/\/twitter.com\/globulo24","SebastienGente"],"worksFor":"S\u00e9bastien GENTE","url":"https:\/\/dicodusport.fr\/blog\/author\/sebastiengente\/"}]}},"_links":{"self":[{"href":"https:\/\/dicodusport.fr\/blog\/wp-json\/wp\/v2\/posts\/241102","targetHints":{"allow":["GET"]}}],"collection":[{"href":"https:\/\/dicodusport.fr\/blog\/wp-json\/wp\/v2\/posts"}],"about":[{"href":"https:\/\/dicodusport.fr\/blog\/wp-json\/wp\/v2\/types\/post"}],"author":[{"embeddable":true,"href":"https:\/\/dicodusport.fr\/blog\/wp-json\/wp\/v2\/users\/59"}],"replies":[{"embeddable":true,"href":"https:\/\/dicodusport.fr\/blog\/wp-json\/wp\/v2\/comments?post=241102"}],"version-history":[{"count":0,"href":"https:\/\/dicodusport.fr\/blog\/wp-json\/wp\/v2\/posts\/241102\/revisions"}],"wp:featuredmedia":[{"embeddable":true,"href":"https:\/\/dicodusport.fr\/blog\/wp-json\/wp\/v2\/media\/241105"}],"wp:attachment":[{"href":"https:\/\/dicodusport.fr\/blog\/wp-json\/wp\/v2\/media?parent=241102"}],"wp:term":[{"taxonomy":"category","embeddable":true,"href":"https:\/\/dicodusport.fr\/blog\/wp-json\/wp\/v2\/categories?post=241102"},{"taxonomy":"post_tag","embeddable":true,"href":"https:\/\/dicodusport.fr\/blog\/wp-json\/wp\/v2\/tags?post=241102"}],"curies":[{"name":"wp","href":"https:\/\/api.w.org\/{rel}","templated":true}]}}