{"id":241230,"date":"2022-07-08T13:50:15","date_gmt":"2022-07-08T11:50:15","guid":{"rendered":"https:\/\/dicodusport.fr\/blog\/?p=241230&#038;preview=true&#038;preview_id=241230"},"modified":"2022-07-08T15:10:49","modified_gmt":"2022-07-08T13:10:49","slug":"thibaut-pinot-cest-peut-etre-la-derniere-planche-de-ma-carriere","status":"publish","type":"post","link":"https:\/\/dicodusport.fr\/blog\/thibaut-pinot-cest-peut-etre-la-derniere-planche-de-ma-carriere\/","title":{"rendered":"Thibaut Pinot : \u00ab\u00a0C&rsquo;est peut-\u00eatre la derni\u00e8re Planche des Belles Filles de ma carri\u00e8re\u00a0\u00bb"},"content":{"rendered":"<p style=\"text-align: justify;\"><b><i><a href=\"https:\/\/dicodusport.fr\/blog\/actualites\/cyclisme\/cyclisme-sur-route-2022\/tour-de-france-2022\/\">TOUR DE FRANCE 2022<\/a> &#8211; Thibaut Pinot (Groupama-FDJ) s&rsquo;est exprim\u00e9 pour France T\u00e9l\u00e9visions sur la <a href=\"https:\/\/dicodusport.fr\/blog\/profil-et-pourcentages-de-la-super-planche-des-belles-filles\/\" target=\"_blank\" rel=\"noopener\">Super Planche des Belles Filles<\/a>, final de la 7\u00e8me \u00e9tape du Tour de France.\u00a0<\/i><\/b><\/p>\n<p style=\"text-align: justify;\">Tout le monde le sait, <strong>Thibaut Pinot<\/strong> est \u00e0 domicile sur la Planche des Belles Filles, et sa mont\u00e9e lors de la septi\u00e8me \u00e9tape du <strong>Tour de France 2022<\/strong> pourrait avoir une saveur particuli\u00e8re. Le grimpeur de la <strong>Groupama-FDJ<\/strong> a expliqu\u00e9 que cela pourrait \u00eatre la derni\u00e8re fois qu&rsquo;il la monte en course.<\/p>\n<blockquote>\n<p style=\"text-align: justify;\">J&rsquo;ai conscience que c&rsquo;est peut-\u00eatre la derni\u00e8re Planche de ma carri\u00e8re. Je ne sais pas, je n&rsquo;y pense pas vraiment pour l&rsquo;instant, je suis dans ma course. Et m\u00eame si la Planche, c&rsquo;est toujours particulier, ce n&rsquo;est pas la mont\u00e9e qui me correspond le mieux, donc je ne me mets pas trop la pression de viser la victoire.<\/p>\n<\/blockquote>\n<p style=\"text-align: justify;\">\u00c0 noter que la <strong>Super Blanche des Belles Filles<\/strong> sera aussi au programme du <strong>Tour de France f\u00e9minin,<\/strong> puisque l&rsquo;arriv\u00e9e de la derni\u00e8re \u00e9tape sera jug\u00e9e au sommet.<\/p>\n<blockquote class=\"twitter-tweet\">\n<p dir=\"ltr\" lang=\"fr\">Thibaut Pinot au micro de France T\u00e9l\u00e9 : \u00ab\u00a0J&rsquo;ai conscience que c&rsquo;est peut-\u00eatre la derni\u00e8re Planche de ma carri\u00e8re\u00a0\u00bb.<\/p>\n<p>J&rsquo;ai envie de mourir<a href=\"https:\/\/twitter.com\/hashtag\/TDF2022?src=hash&amp;ref_src=twsrc%5Etfw\">#TDF2022<\/a><\/p>\n<p>\u2014 Etienne Goursaud (@EtienneGoursaud) <a href=\"https:\/\/twitter.com\/EtienneGoursaud\/status\/1545362933739315202?ref_src=twsrc%5Etfw\">July 8, 2022<\/a><\/p><\/blockquote>\n<p><script async src=\"https:\/\/platform.twitter.com\/widgets.js\" charset=\"utf-8\"><\/script><\/p>\n<h2 style=\"text-align: justify;\">\u00c0 lire aussi<\/h2>\n<ul>\n<li style=\"text-align: justify;\"><strong><a href=\"https:\/\/dicodusport.fr\/blog\/tour-de-france-2022-nos-favoris-pour-la-7eme-etape\/\">Nos favoris pour la 7\u00e8me \u00e9tape<\/a>\u00a0<\/strong><\/li>\n<li><strong><a href=\"https:\/\/dicodusport.fr\/blog\/tour-de-france-2022-parcours-et-profil-7eme-etape\/\" target=\"_top\" rel=\"noopener\">Tour de France 2022 \u2013 Parcours et profil de la 7\u00e8me \u00e9tape<\/a><\/strong><\/li>\n<li><a href=\"https:\/\/dicodusport.fr\/blog\/tour-de-france-2022-heure-et-chaine-de-la-7eme-etape\/\" target=\"_blank\" rel=\"noopener\"><strong>Tour de France 2022 : Heure et cha\u00eene de la 7\u00e8me \u00e9tape<\/strong><\/a><\/li>\n<\/ul>\n","protected":false},"excerpt":{"rendered":"<p>TOUR DE FRANCE 2022 &#8211; Thibaut Pinot (Groupama-FDJ) s&rsquo;est exprim\u00e9 pour France T\u00e9l\u00e9visions sur la Super Planche des Belles Filles, final de la 7\u00e8me \u00e9tape du Tour de France.\u00a0<\/p>\n","protected":false},"author":1,"featured_media":241235,"comment_status":"open","ping_status":"closed","sticky":false,"template":"","format":"standard","meta":{"_acf_changed":false,"_daextam_enable_autolinks":"","footnotes":""},"categories":[46995],"tags":[3596,4839],"class_list":["post-241230","post","type-post","status-publish","format-standard","has-post-thumbnail","hentry","category-tour-de-france","tag-pinot","tag-thibaut-pinot"],"acf":[],"yoast_head":"<!-- This site is optimized with the Yoast SEO Premium plugin v26.7 (Yoast SEO v26.7) - https:\/\/yoast.com\/wordpress\/plugins\/seo\/ -->\n<title>Thibaut Pinot : &quot;C&#039;est peut-\u00eatre la derni\u00e8re Planche des Belles Filles de ma carri\u00e8re&quot;<\/title>\n<meta name=\"description\" content=\"Thibaut Pinot s&#039;est exprim\u00e9 pour France T\u00e9l\u00e9visions sur la Super Planche des Belles Filles, final de la 7\u00e8me \u00e9tape du Tour de France.\u00a0\" \/>\n<meta name=\"robots\" content=\"index, follow, max-snippet:-1, max-image-preview:large, max-video-preview:-1\" \/>\n<link rel=\"canonical\" href=\"https:\/\/dicodusport.fr\/blog\/thibaut-pinot-cest-peut-etre-la-derniere-planche-de-ma-carriere\/\" \/>\n<meta property=\"og:locale\" content=\"fr_FR\" \/>\n<meta property=\"og:type\" content=\"article\" \/>\n<meta property=\"og:title\" content=\"Thibaut Pinot : &quot;C&#039;est peut-\u00eatre la derni\u00e8re Planche des Belles Filles de ma carri\u00e8re&quot;\" \/>\n<meta property=\"og:description\" content=\"Thibaut Pinot s&#039;est exprim\u00e9 pour France T\u00e9l\u00e9visions sur la Super Planche des Belles Filles, final de la 7\u00e8me \u00e9tape du Tour de France.\u00a0\" \/>\n<meta property=\"og:url\" content=\"https:\/\/dicodusport.fr\/blog\/thibaut-pinot-cest-peut-etre-la-derniere-planche-de-ma-carriere\/\" \/>\n<meta property=\"og:site_name\" content=\"Dicodusport\" \/>\n<meta property=\"article:publisher\" content=\"https:\/\/www.facebook.com\/dicodusport\" \/>\n<meta property=\"article:author\" content=\"https:\/\/www.facebook.com\/dicodusport\" \/>\n<meta property=\"article:published_time\" content=\"2022-07-08T11:50:15+00:00\" \/>\n<meta property=\"article:modified_time\" content=\"2022-07-08T13:10:49+00:00\" \/>\n<meta property=\"og:image\" content=\"https:\/\/dicodusport.fr\/blog\/wp-content\/uploads\/2022\/07\/Thibaut-Pinot-Cest-peut-e\u0302tre-la-dernie\u0300re-Planche-de-ma-carrie\u0300re.png\" \/>\n\t<meta property=\"og:image:width\" content=\"800\" \/>\n\t<meta property=\"og:image:height\" content=\"445\" \/>\n\t<meta property=\"og:image:type\" content=\"image\/png\" \/>\n<meta name=\"author\" content=\"Nicolas Jacquemard\" \/>\n<meta name=\"twitter:card\" content=\"summary_large_image\" \/>\n<meta name=\"twitter:title\" content=\"Thibaut Pinot : &quot;C&#039;est peut-\u00eatre la derni\u00e8re Planche des Belles Filles de ma carri\u00e8re&quot;\" \/>\n<meta name=\"twitter:creator\" content=\"@https:\/\/twitter.com\/Nico_Jacquemard\" \/>\n<meta name=\"twitter:site\" content=\"@dicodusport\" \/>\n<script type=\"application\/ld+json\" class=\"yoast-schema-graph\">{\"@context\":\"https:\/\/schema.org\",\"@graph\":[{\"@type\":\"NewsArticle\",\"@id\":\"https:\/\/dicodusport.fr\/blog\/thibaut-pinot-cest-peut-etre-la-derniere-planche-de-ma-carriere\/#article\",\"isPartOf\":{\"@id\":\"https:\/\/dicodusport.fr\/blog\/thibaut-pinot-cest-peut-etre-la-derniere-planche-de-ma-carriere\/\"},\"author\":{\"name\":\"Nicolas Jacquemard\",\"@id\":\"https:\/\/dicodusport.fr\/blog\/#\/schema\/person\/55dcb50ad410894e431ed812bbb70191\"},\"headline\":\"Thibaut Pinot : \u00ab\u00a0C&rsquo;est peut-\u00eatre la derni\u00e8re Planche des Belles Filles de ma carri\u00e8re\u00a0\u00bb\",\"datePublished\":\"2022-07-08T11:50:15+00:00\",\"dateModified\":\"2022-07-08T13:10:49+00:00\",\"mainEntityOfPage\":{\"@id\":\"https:\/\/dicodusport.fr\/blog\/thibaut-pinot-cest-peut-etre-la-derniere-planche-de-ma-carriere\/\"},\"wordCount\":268,\"commentCount\":0,\"publisher\":{\"@id\":\"https:\/\/dicodusport.fr\/blog\/#organization\"},\"image\":{\"@id\":\"https:\/\/dicodusport.fr\/blog\/thibaut-pinot-cest-peut-etre-la-derniere-planche-de-ma-carriere\/#primaryimage\"},\"thumbnailUrl\":\"https:\/\/dicodusport.fr\/blog\/wp-content\/uploads\/2022\/07\/Thibaut-Pinot-Cest-peut-e\u0302tre-la-dernie\u0300re-Planche-de-ma-carrie\u0300re.png\",\"keywords\":[\"Pinot\",\"Thibaut Pinot\"],\"articleSection\":[\"Tour de France\"],\"inLanguage\":\"fr-FR\",\"potentialAction\":[{\"@type\":\"CommentAction\",\"name\":\"Comment\",\"target\":[\"https:\/\/dicodusport.fr\/blog\/thibaut-pinot-cest-peut-etre-la-derniere-planche-de-ma-carriere\/#respond\"]}],\"copyrightYear\":\"2022\",\"copyrightHolder\":{\"@id\":\"https:\/\/dicodusport.fr\/blog\/#organization\"}},{\"@type\":\"WebPage\",\"@id\":\"https:\/\/dicodusport.fr\/blog\/thibaut-pinot-cest-peut-etre-la-derniere-planche-de-ma-carriere\/\",\"url\":\"https:\/\/dicodusport.fr\/blog\/thibaut-pinot-cest-peut-etre-la-derniere-planche-de-ma-carriere\/\",\"name\":\"Thibaut Pinot : \\\"C'est peut-\u00eatre la derni\u00e8re Planche des Belles Filles de ma carri\u00e8re\\\"\",\"isPartOf\":{\"@id\":\"https:\/\/dicodusport.fr\/blog\/#website\"},\"primaryImageOfPage\":{\"@id\":\"https:\/\/dicodusport.fr\/blog\/thibaut-pinot-cest-peut-etre-la-derniere-planche-de-ma-carriere\/#primaryimage\"},\"image\":{\"@id\":\"https:\/\/dicodusport.fr\/blog\/thibaut-pinot-cest-peut-etre-la-derniere-planche-de-ma-carriere\/#primaryimage\"},\"thumbnailUrl\":\"https:\/\/dicodusport.fr\/blog\/wp-content\/uploads\/2022\/07\/Thibaut-Pinot-Cest-peut-e\u0302tre-la-dernie\u0300re-Planche-de-ma-carrie\u0300re.png\",\"datePublished\":\"2022-07-08T11:50:15+00:00\",\"dateModified\":\"2022-07-08T13:10:49+00:00\",\"description\":\"Thibaut Pinot s'est exprim\u00e9 pour France T\u00e9l\u00e9visions sur la Super Planche des Belles Filles, final de la 7\u00e8me \u00e9tape du Tour de France.\u00a0\",\"breadcrumb\":{\"@id\":\"https:\/\/dicodusport.fr\/blog\/thibaut-pinot-cest-peut-etre-la-derniere-planche-de-ma-carriere\/#breadcrumb\"},\"inLanguage\":\"fr-FR\",\"potentialAction\":[{\"@type\":\"ReadAction\",\"target\":[\"https:\/\/dicodusport.fr\/blog\/thibaut-pinot-cest-peut-etre-la-derniere-planche-de-ma-carriere\/\"]}]},{\"@type\":\"ImageObject\",\"inLanguage\":\"fr-FR\",\"@id\":\"https:\/\/dicodusport.fr\/blog\/thibaut-pinot-cest-peut-etre-la-derniere-planche-de-ma-carriere\/#primaryimage\",\"url\":\"https:\/\/dicodusport.fr\/blog\/wp-content\/uploads\/2022\/07\/Thibaut-Pinot-Cest-peut-e\u0302tre-la-dernie\u0300re-Planche-de-ma-carrie\u0300re.png\",\"contentUrl\":\"https:\/\/dicodusport.fr\/blog\/wp-content\/uploads\/2022\/07\/Thibaut-Pinot-Cest-peut-e\u0302tre-la-dernie\u0300re-Planche-de-ma-carrie\u0300re.png\",\"width\":800,\"height\":445},{\"@type\":\"BreadcrumbList\",\"@id\":\"https:\/\/dicodusport.fr\/blog\/thibaut-pinot-cest-peut-etre-la-derniere-planche-de-ma-carriere\/#breadcrumb\",\"itemListElement\":[{\"@type\":\"ListItem\",\"position\":1,\"name\":\"Accueil\",\"item\":\"https:\/\/dicodusport.fr\/blog\/\"},{\"@type\":\"ListItem\",\"position\":2,\"name\":\"Thibaut Pinot : \u00ab\u00a0C&rsquo;est peut-\u00eatre la derni\u00e8re Planche des Belles Filles de ma carri\u00e8re\u00a0\u00bb\"}]},{\"@type\":\"WebSite\",\"@id\":\"https:\/\/dicodusport.fr\/blog\/#website\",\"url\":\"https:\/\/dicodusport.fr\/blog\/\",\"name\":\"Dicodusport\",\"description\":\"L&#039;encyclop\u00e9die de l&#039;actualit\u00e9 sportive\",\"publisher\":{\"@id\":\"https:\/\/dicodusport.fr\/blog\/#organization\"},\"potentialAction\":[{\"@type\":\"SearchAction\",\"target\":{\"@type\":\"EntryPoint\",\"urlTemplate\":\"https:\/\/dicodusport.fr\/blog\/?s={search_term_string}\"},\"query-input\":{\"@type\":\"PropertyValueSpecification\",\"valueRequired\":true,\"valueName\":\"search_term_string\"}}],\"inLanguage\":\"fr-FR\"},{\"@type\":\"NewsMediaOrganization\",\"@id\":\"https:\/\/dicodusport.fr\/blog\/#organization\",\"name\":\"Dicodusport\",\"url\":\"https:\/\/dicodusport.fr\/blog\/\",\"logo\":{\"@type\":\"ImageObject\",\"inLanguage\":\"fr-FR\",\"@id\":\"https:\/\/dicodusport.fr\/blog\/#\/schema\/logo\/image\/\",\"url\":\"https:\/\/dicodusport.fr\/blog\/wp-content\/uploads\/2020\/06\/cropped-LOGO-DICODUSPORT-2020-SANS-FOND-SANS-TEXTE.png\",\"contentUrl\":\"https:\/\/dicodusport.fr\/blog\/wp-content\/uploads\/2020\/06\/cropped-LOGO-DICODUSPORT-2020-SANS-FOND-SANS-TEXTE.png\",\"width\":512,\"height\":512,\"caption\":\"Dicodusport\"},\"image\":{\"@id\":\"https:\/\/dicodusport.fr\/blog\/#\/schema\/logo\/image\/\"},\"sameAs\":[\"https:\/\/www.facebook.com\/dicodusport\",\"https:\/\/x.com\/dicodusport\",\"https:\/\/www.instagram.com\/dicodusport\/\",\"https:\/\/www.youtube.com\/channel\/UC7V2KZ5sd3htJivAbA4ZG3w\"],\"description\":\"Dicodusport est l'encyclop\u00e9die de l'actualit\u00e9 sportive.\",\"email\":\"bonjour@dicodusport.fr\",\"legalName\":\"DICODUSPORT\",\"foundingDate\":\"2018-01-14\",\"vatID\":\"FR71834470973\",\"taxID\":\"83447097300043\",\"numberOfEmployees\":{\"@type\":\"QuantitativeValue\",\"minValue\":\"1\",\"maxValue\":\"10\"}},{\"@type\":\"Person\",\"@id\":\"https:\/\/dicodusport.fr\/blog\/#\/schema\/person\/55dcb50ad410894e431ed812bbb70191\",\"name\":\"Nicolas Jacquemard\",\"image\":{\"@type\":\"ImageObject\",\"inLanguage\":\"fr-FR\",\"@id\":\"https:\/\/dicodusport.fr\/blog\/#\/schema\/person\/image\/\",\"url\":\"https:\/\/dicodusport.fr\/blog\/wp-content\/uploads\/2021\/05\/Nicolas-Jacquemard-150x150.jpeg\",\"contentUrl\":\"https:\/\/dicodusport.fr\/blog\/wp-content\/uploads\/2021\/05\/Nicolas-Jacquemard-150x150.jpeg\",\"caption\":\"Nicolas Jacquemard\"},\"description\":\"Passionn\u00e9 de sport et entrepreneur depuis mes 18 ans, la cr\u00e9ation de Dicodusport m'a sembl\u00e9 \u00e9vidente pour participer \u00e0 la m\u00e9diatisation d'un plus grand nombre de sports. Le chemin est long mais avec une \u00e9quipe des plus motiv\u00e9es et les Jeux Olympiques de Paris 2024 en point de mire, nous y arriverons ! Journaliste dans le monde du sport depuis plus de 5 ans, je traite aussi bien de football, de rugby, de biathlon que de cyclisme.\",\"sameAs\":[\"https:\/\/www.facebook.com\/dicodusport\",\"https:\/\/x.com\/https:\/\/twitter.com\/Nico_Jacquemard\"],\"url\":\"https:\/\/dicodusport.fr\/blog\/author\/dicodusport\/\"}]}<\/script>\n<!-- \/ Yoast SEO Premium plugin. -->","yoast_head_json":{"title":"Thibaut Pinot : \"C'est peut-\u00eatre la derni\u00e8re Planche des Belles Filles de ma carri\u00e8re\"","description":"Thibaut Pinot s'est exprim\u00e9 pour France T\u00e9l\u00e9visions sur la Super Planche des Belles Filles, final de la 7\u00e8me \u00e9tape du Tour de France.\u00a0","robots":{"index":"index","follow":"follow","max-snippet":"max-snippet:-1","max-image-preview":"max-image-preview:large","max-video-preview":"max-video-preview:-1"},"canonical":"https:\/\/dicodusport.fr\/blog\/thibaut-pinot-cest-peut-etre-la-derniere-planche-de-ma-carriere\/","og_locale":"fr_FR","og_type":"article","og_title":"Thibaut Pinot : \"C'est peut-\u00eatre la derni\u00e8re Planche des Belles Filles de ma carri\u00e8re\"","og_description":"Thibaut Pinot s'est exprim\u00e9 pour France T\u00e9l\u00e9visions sur la Super Planche des Belles Filles, final de la 7\u00e8me \u00e9tape du Tour de France.\u00a0","og_url":"https:\/\/dicodusport.fr\/blog\/thibaut-pinot-cest-peut-etre-la-derniere-planche-de-ma-carriere\/","og_site_name":"Dicodusport","article_publisher":"https:\/\/www.facebook.com\/dicodusport","article_author":"https:\/\/www.facebook.com\/dicodusport","article_published_time":"2022-07-08T11:50:15+00:00","article_modified_time":"2022-07-08T13:10:49+00:00","og_image":[{"width":800,"height":445,"url":"https:\/\/dicodusport.fr\/blog\/wp-content\/uploads\/2022\/07\/Thibaut-Pinot-Cest-peut-e\u0302tre-la-dernie\u0300re-Planche-de-ma-carrie\u0300re.png","type":"image\/png"}],"author":"Nicolas Jacquemard","twitter_card":"summary_large_image","twitter_title":"Thibaut Pinot : \"C'est peut-\u00eatre la derni\u00e8re Planche des Belles Filles de ma carri\u00e8re\"","twitter_creator":"@https:\/\/twitter.com\/Nico_Jacquemard","twitter_site":"@dicodusport","schema":{"@context":"https:\/\/schema.org","@graph":[{"@type":"NewsArticle","@id":"https:\/\/dicodusport.fr\/blog\/thibaut-pinot-cest-peut-etre-la-derniere-planche-de-ma-carriere\/#article","isPartOf":{"@id":"https:\/\/dicodusport.fr\/blog\/thibaut-pinot-cest-peut-etre-la-derniere-planche-de-ma-carriere\/"},"author":{"name":"Nicolas Jacquemard","@id":"https:\/\/dicodusport.fr\/blog\/#\/schema\/person\/55dcb50ad410894e431ed812bbb70191"},"headline":"Thibaut Pinot : \u00ab\u00a0C&rsquo;est peut-\u00eatre la derni\u00e8re Planche des Belles Filles de ma carri\u00e8re\u00a0\u00bb","datePublished":"2022-07-08T11:50:15+00:00","dateModified":"2022-07-08T13:10:49+00:00","mainEntityOfPage":{"@id":"https:\/\/dicodusport.fr\/blog\/thibaut-pinot-cest-peut-etre-la-derniere-planche-de-ma-carriere\/"},"wordCount":268,"commentCount":0,"publisher":{"@id":"https:\/\/dicodusport.fr\/blog\/#organization"},"image":{"@id":"https:\/\/dicodusport.fr\/blog\/thibaut-pinot-cest-peut-etre-la-derniere-planche-de-ma-carriere\/#primaryimage"},"thumbnailUrl":"https:\/\/dicodusport.fr\/blog\/wp-content\/uploads\/2022\/07\/Thibaut-Pinot-Cest-peut-e\u0302tre-la-dernie\u0300re-Planche-de-ma-carrie\u0300re.png","keywords":["Pinot","Thibaut Pinot"],"articleSection":["Tour de France"],"inLanguage":"fr-FR","potentialAction":[{"@type":"CommentAction","name":"Comment","target":["https:\/\/dicodusport.fr\/blog\/thibaut-pinot-cest-peut-etre-la-derniere-planche-de-ma-carriere\/#respond"]}],"copyrightYear":"2022","copyrightHolder":{"@id":"https:\/\/dicodusport.fr\/blog\/#organization"}},{"@type":"WebPage","@id":"https:\/\/dicodusport.fr\/blog\/thibaut-pinot-cest-peut-etre-la-derniere-planche-de-ma-carriere\/","url":"https:\/\/dicodusport.fr\/blog\/thibaut-pinot-cest-peut-etre-la-derniere-planche-de-ma-carriere\/","name":"Thibaut Pinot : \"C'est peut-\u00eatre la derni\u00e8re Planche des Belles Filles de ma carri\u00e8re\"","isPartOf":{"@id":"https:\/\/dicodusport.fr\/blog\/#website"},"primaryImageOfPage":{"@id":"https:\/\/dicodusport.fr\/blog\/thibaut-pinot-cest-peut-etre-la-derniere-planche-de-ma-carriere\/#primaryimage"},"image":{"@id":"https:\/\/dicodusport.fr\/blog\/thibaut-pinot-cest-peut-etre-la-derniere-planche-de-ma-carriere\/#primaryimage"},"thumbnailUrl":"https:\/\/dicodusport.fr\/blog\/wp-content\/uploads\/2022\/07\/Thibaut-Pinot-Cest-peut-e\u0302tre-la-dernie\u0300re-Planche-de-ma-carrie\u0300re.png","datePublished":"2022-07-08T11:50:15+00:00","dateModified":"2022-07-08T13:10:49+00:00","description":"Thibaut Pinot s'est exprim\u00e9 pour France T\u00e9l\u00e9visions sur la Super Planche des Belles Filles, final de la 7\u00e8me \u00e9tape du Tour de France.\u00a0","breadcrumb":{"@id":"https:\/\/dicodusport.fr\/blog\/thibaut-pinot-cest-peut-etre-la-derniere-planche-de-ma-carriere\/#breadcrumb"},"inLanguage":"fr-FR","potentialAction":[{"@type":"ReadAction","target":["https:\/\/dicodusport.fr\/blog\/thibaut-pinot-cest-peut-etre-la-derniere-planche-de-ma-carriere\/"]}]},{"@type":"ImageObject","inLanguage":"fr-FR","@id":"https:\/\/dicodusport.fr\/blog\/thibaut-pinot-cest-peut-etre-la-derniere-planche-de-ma-carriere\/#primaryimage","url":"https:\/\/dicodusport.fr\/blog\/wp-content\/uploads\/2022\/07\/Thibaut-Pinot-Cest-peut-e\u0302tre-la-dernie\u0300re-Planche-de-ma-carrie\u0300re.png","contentUrl":"https:\/\/dicodusport.fr\/blog\/wp-content\/uploads\/2022\/07\/Thibaut-Pinot-Cest-peut-e\u0302tre-la-dernie\u0300re-Planche-de-ma-carrie\u0300re.png","width":800,"height":445},{"@type":"BreadcrumbList","@id":"https:\/\/dicodusport.fr\/blog\/thibaut-pinot-cest-peut-etre-la-derniere-planche-de-ma-carriere\/#breadcrumb","itemListElement":[{"@type":"ListItem","position":1,"name":"Accueil","item":"https:\/\/dicodusport.fr\/blog\/"},{"@type":"ListItem","position":2,"name":"Thibaut Pinot : \u00ab\u00a0C&rsquo;est peut-\u00eatre la derni\u00e8re Planche des Belles Filles de ma carri\u00e8re\u00a0\u00bb"}]},{"@type":"WebSite","@id":"https:\/\/dicodusport.fr\/blog\/#website","url":"https:\/\/dicodusport.fr\/blog\/","name":"Dicodusport","description":"L&#039;encyclop\u00e9die de l&#039;actualit\u00e9 sportive","publisher":{"@id":"https:\/\/dicodusport.fr\/blog\/#organization"},"potentialAction":[{"@type":"SearchAction","target":{"@type":"EntryPoint","urlTemplate":"https:\/\/dicodusport.fr\/blog\/?s={search_term_string}"},"query-input":{"@type":"PropertyValueSpecification","valueRequired":true,"valueName":"search_term_string"}}],"inLanguage":"fr-FR"},{"@type":"NewsMediaOrganization","@id":"https:\/\/dicodusport.fr\/blog\/#organization","name":"Dicodusport","url":"https:\/\/dicodusport.fr\/blog\/","logo":{"@type":"ImageObject","inLanguage":"fr-FR","@id":"https:\/\/dicodusport.fr\/blog\/#\/schema\/logo\/image\/","url":"https:\/\/dicodusport.fr\/blog\/wp-content\/uploads\/2020\/06\/cropped-LOGO-DICODUSPORT-2020-SANS-FOND-SANS-TEXTE.png","contentUrl":"https:\/\/dicodusport.fr\/blog\/wp-content\/uploads\/2020\/06\/cropped-LOGO-DICODUSPORT-2020-SANS-FOND-SANS-TEXTE.png","width":512,"height":512,"caption":"Dicodusport"},"image":{"@id":"https:\/\/dicodusport.fr\/blog\/#\/schema\/logo\/image\/"},"sameAs":["https:\/\/www.facebook.com\/dicodusport","https:\/\/x.com\/dicodusport","https:\/\/www.instagram.com\/dicodusport\/","https:\/\/www.youtube.com\/channel\/UC7V2KZ5sd3htJivAbA4ZG3w"],"description":"Dicodusport est l'encyclop\u00e9die de l'actualit\u00e9 sportive.","email":"bonjour@dicodusport.fr","legalName":"DICODUSPORT","foundingDate":"2018-01-14","vatID":"FR71834470973","taxID":"83447097300043","numberOfEmployees":{"@type":"QuantitativeValue","minValue":"1","maxValue":"10"}},{"@type":"Person","@id":"https:\/\/dicodusport.fr\/blog\/#\/schema\/person\/55dcb50ad410894e431ed812bbb70191","name":"Nicolas Jacquemard","image":{"@type":"ImageObject","inLanguage":"fr-FR","@id":"https:\/\/dicodusport.fr\/blog\/#\/schema\/person\/image\/","url":"https:\/\/dicodusport.fr\/blog\/wp-content\/uploads\/2021\/05\/Nicolas-Jacquemard-150x150.jpeg","contentUrl":"https:\/\/dicodusport.fr\/blog\/wp-content\/uploads\/2021\/05\/Nicolas-Jacquemard-150x150.jpeg","caption":"Nicolas Jacquemard"},"description":"Passionn\u00e9 de sport et entrepreneur depuis mes 18 ans, la cr\u00e9ation de Dicodusport m'a sembl\u00e9 \u00e9vidente pour participer \u00e0 la m\u00e9diatisation d'un plus grand nombre de sports. Le chemin est long mais avec une \u00e9quipe des plus motiv\u00e9es et les Jeux Olympiques de Paris 2024 en point de mire, nous y arriverons ! Journaliste dans le monde du sport depuis plus de 5 ans, je traite aussi bien de football, de rugby, de biathlon que de cyclisme.","sameAs":["https:\/\/www.facebook.com\/dicodusport","https:\/\/x.com\/https:\/\/twitter.com\/Nico_Jacquemard"],"url":"https:\/\/dicodusport.fr\/blog\/author\/dicodusport\/"}]}},"_links":{"self":[{"href":"https:\/\/dicodusport.fr\/blog\/wp-json\/wp\/v2\/posts\/241230","targetHints":{"allow":["GET"]}}],"collection":[{"href":"https:\/\/dicodusport.fr\/blog\/wp-json\/wp\/v2\/posts"}],"about":[{"href":"https:\/\/dicodusport.fr\/blog\/wp-json\/wp\/v2\/types\/post"}],"author":[{"embeddable":true,"href":"https:\/\/dicodusport.fr\/blog\/wp-json\/wp\/v2\/users\/1"}],"replies":[{"embeddable":true,"href":"https:\/\/dicodusport.fr\/blog\/wp-json\/wp\/v2\/comments?post=241230"}],"version-history":[{"count":0,"href":"https:\/\/dicodusport.fr\/blog\/wp-json\/wp\/v2\/posts\/241230\/revisions"}],"wp:featuredmedia":[{"embeddable":true,"href":"https:\/\/dicodusport.fr\/blog\/wp-json\/wp\/v2\/media\/241235"}],"wp:attachment":[{"href":"https:\/\/dicodusport.fr\/blog\/wp-json\/wp\/v2\/media?parent=241230"}],"wp:term":[{"taxonomy":"category","embeddable":true,"href":"https:\/\/dicodusport.fr\/blog\/wp-json\/wp\/v2\/categories?post=241230"},{"taxonomy":"post_tag","embeddable":true,"href":"https:\/\/dicodusport.fr\/blog\/wp-json\/wp\/v2\/tags?post=241230"}],"curies":[{"name":"wp","href":"https:\/\/api.w.org\/{rel}","templated":true}]}}