{"id":241351,"date":"2022-07-08T18:11:53","date_gmt":"2022-07-08T16:11:53","guid":{"rendered":"https:\/\/dicodusport.fr\/blog\/?p=241351&#038;preview=true&#038;preview_id=241351"},"modified":"2022-07-08T18:11:53","modified_gmt":"2022-07-08T16:11:53","slug":"plongeon-rupture-du-tendon-dachille-pour-alexis-jandard","status":"publish","type":"post","link":"https:\/\/dicodusport.fr\/blog\/plongeon-rupture-du-tendon-dachille-pour-alexis-jandard\/","title":{"rendered":"Plongeon : Rupture du tendon d&rsquo;Achille pour Alexis Jandard"},"content":{"rendered":"<p style=\"text-align: justify;\"><strong><em>PLONGEON &#8211; R\u00e9cent vice-champion du monde, Alexis Jandard se voit contraint de mettre un terme \u00e0 sa saison \u00e0 cause d&rsquo;une rupture du tendon d&rsquo;Achille.<\/em><\/strong><\/p>\n<p style=\"text-align: justify;\">Associ\u00e9 \u00e0<strong> Jade Gillet, Alexis Jandard<\/strong> avait \u00e9merveill\u00e9 en d\u00e9crochant <a href=\"https:\/\/dicodusport.fr\/blog\/mondiaux-de-plongeon-jade-gillet-et-alexis-jandard-vice-champions-du-monde\/\">la m\u00e9daille d&rsquo;argent au plongeon par \u00e9quipes mixtes<\/a> lors des r\u00e9cents championnats du monde. Devanc\u00e9s seulement par une paire chinoise, tous les espoirs \u00e9taient permis pour les prochains championnats d&rsquo;Europe \u00e0 Rome (11-21 ao\u00fbt). Malheureusement, le Tricolore vient d&rsquo;annoncer sur son compte Instagram qu&rsquo;il souffre d&rsquo;une rupture du tendon d&rsquo;Achille. Une blessure contract\u00e9e lors d&rsquo;un entrainement, sur une r\u00e9ception apr\u00e8s un saut. Le Fran\u00e7ais est bien \u00e9videmment forfait pour le reste de la saison. Une belle chance de m\u00e9daille qui s&rsquo;envole donc pour l&rsquo;\u00e9quipe de France de natation. Le Tricolore, lui, se fera op\u00e9rer la semaine prochaine.<\/p>\n<blockquote class=\"twitter-tweet\">\n<p dir=\"ltr\" lang=\"fr\">PLONGEON &#8211; R\u00e9cent vive-champion du Monde du Team Event, <a href=\"https:\/\/twitter.com\/AlexisJandard?ref_src=twsrc%5Etfw\">@AlexisJandard<\/a> vient d\u2019annoncer sur Instagram s\u2019\u00eatre rompu le tendon d\u2019Achille. Il sera donc forfait pour les championnats d\u2019Europe en ao\u00fbt \u00e0 Rome  Bon r\u00e9tablissement Alexis  <a href=\"https:\/\/t.co\/nrxBAaItVi\">pic.twitter.com\/nrxBAaItVi<\/a><\/p>\n<p>\u2014 _ (@REMS_NADEUGE) <a href=\"https:\/\/twitter.com\/REMS_NADEUGE\/status\/1545431872263577600?ref_src=twsrc%5Etfw\">July 8, 2022<\/a><\/p><\/blockquote>\n<p style=\"text-align: justify;\"><script async src=\"https:\/\/platform.twitter.com\/widgets.js\" charset=\"utf-8\"><\/script><\/p>\n","protected":false},"excerpt":{"rendered":"<p>PLONGEON &#8211; R\u00e9cent vice-champion du monde, Alexis Jandard se voit contraint de mettre un terme \u00e0 sa saison \u00e0 cause d&rsquo;une rupture du tendon d&rsquo;Achille.<\/p>\n","protected":false},"author":59,"featured_media":241356,"comment_status":"open","ping_status":"closed","sticky":false,"template":"","format":"standard","meta":{"_acf_changed":false,"_daextam_enable_autolinks":"","footnotes":""},"categories":[2306],"tags":[24920,1008],"class_list":["post-241351","post","type-post","status-publish","format-standard","has-post-thumbnail","hentry","category-natation","tag-alexis-jandard","tag-plongeon"],"acf":[],"yoast_head":"<!-- This site is optimized with the Yoast SEO Premium plugin v26.7 (Yoast SEO v26.7) - https:\/\/yoast.com\/wordpress\/plugins\/seo\/ -->\n<title>Plongeon : Rupture du tendon d&#039;Achille pour Alexis Jandard<\/title>\n<meta name=\"description\" content=\"PLONGEON-R\u00e9cent vice-champion du monde, Alexis Jandard est contraint de mettre un terme \u00e0 sa saison \u00e0 cause d&#039;une rupture du tendon d&#039;Achille\" \/>\n<meta name=\"robots\" content=\"index, follow, max-snippet:-1, max-image-preview:large, max-video-preview:-1\" \/>\n<link rel=\"canonical\" href=\"https:\/\/dicodusport.fr\/blog\/plongeon-rupture-du-tendon-dachille-pour-alexis-jandard\/\" \/>\n<meta property=\"og:locale\" content=\"fr_FR\" \/>\n<meta property=\"og:type\" content=\"article\" \/>\n<meta property=\"og:title\" content=\"Plongeon : Rupture du tendon d&#039;Achille pour Alexis Jandard\" \/>\n<meta property=\"og:description\" content=\"PLONGEON-R\u00e9cent vice-champion du monde, Alexis Jandard est contraint de mettre un terme \u00e0 sa saison \u00e0 cause d&#039;une rupture du tendon d&#039;Achille\" \/>\n<meta property=\"og:url\" content=\"https:\/\/dicodusport.fr\/blog\/plongeon-rupture-du-tendon-dachille-pour-alexis-jandard\/\" \/>\n<meta property=\"og:site_name\" content=\"Dicodusport\" \/>\n<meta property=\"article:publisher\" content=\"https:\/\/www.facebook.com\/dicodusport\" \/>\n<meta property=\"article:author\" content=\"https:\/\/www.facebook.com\/sebastien.gente\/\" \/>\n<meta property=\"article:published_time\" content=\"2022-07-08T16:11:53+00:00\" \/>\n<meta property=\"og:image\" content=\"https:\/\/dicodusport.fr\/blog\/wp-content\/uploads\/2022\/07\/Plongeon-Rupture-du-tendon-dAchille-pour-Alexis-Jandard.png\" \/>\n\t<meta property=\"og:image:width\" content=\"800\" \/>\n\t<meta property=\"og:image:height\" content=\"445\" \/>\n\t<meta property=\"og:image:type\" content=\"image\/png\" \/>\n<meta name=\"author\" content=\"S\u00e9bastien Gente\" \/>\n<meta name=\"twitter:card\" content=\"summary_large_image\" \/>\n<meta name=\"twitter:title\" content=\"Plongeon : Rupture du tendon d&#039;Achille pour Alexis Jandard\" \/>\n<meta name=\"twitter:creator\" content=\"@https:\/\/twitter.com\/globulo24\" \/>\n<meta name=\"twitter:site\" content=\"@dicodusport\" \/>\n<script type=\"application\/ld+json\" class=\"yoast-schema-graph\">{\"@context\":\"https:\/\/schema.org\",\"@graph\":[{\"@type\":\"NewsArticle\",\"@id\":\"https:\/\/dicodusport.fr\/blog\/plongeon-rupture-du-tendon-dachille-pour-alexis-jandard\/#article\",\"isPartOf\":{\"@id\":\"https:\/\/dicodusport.fr\/blog\/plongeon-rupture-du-tendon-dachille-pour-alexis-jandard\/\"},\"author\":{\"name\":\"S\u00e9bastien Gente\",\"@id\":\"https:\/\/dicodusport.fr\/blog\/#\/schema\/person\/627966a6cde45dbd8c5e36ac85d783da\"},\"headline\":\"Plongeon : Rupture du tendon d&rsquo;Achille pour Alexis Jandard\",\"datePublished\":\"2022-07-08T16:11:53+00:00\",\"mainEntityOfPage\":{\"@id\":\"https:\/\/dicodusport.fr\/blog\/plongeon-rupture-du-tendon-dachille-pour-alexis-jandard\/\"},\"wordCount\":207,\"commentCount\":0,\"publisher\":{\"@id\":\"https:\/\/dicodusport.fr\/blog\/#organization\"},\"image\":{\"@id\":\"https:\/\/dicodusport.fr\/blog\/plongeon-rupture-du-tendon-dachille-pour-alexis-jandard\/#primaryimage\"},\"thumbnailUrl\":\"https:\/\/dicodusport.fr\/blog\/wp-content\/uploads\/2022\/07\/Plongeon-Rupture-du-tendon-dAchille-pour-Alexis-Jandard.png\",\"keywords\":[\"Alexis jandard\",\"plongeon\"],\"articleSection\":[\"Natation\"],\"inLanguage\":\"fr-FR\",\"potentialAction\":[{\"@type\":\"CommentAction\",\"name\":\"Comment\",\"target\":[\"https:\/\/dicodusport.fr\/blog\/plongeon-rupture-du-tendon-dachille-pour-alexis-jandard\/#respond\"]}],\"copyrightYear\":\"2022\",\"copyrightHolder\":{\"@id\":\"https:\/\/dicodusport.fr\/blog\/#organization\"}},{\"@type\":\"WebPage\",\"@id\":\"https:\/\/dicodusport.fr\/blog\/plongeon-rupture-du-tendon-dachille-pour-alexis-jandard\/\",\"url\":\"https:\/\/dicodusport.fr\/blog\/plongeon-rupture-du-tendon-dachille-pour-alexis-jandard\/\",\"name\":\"Plongeon : Rupture du tendon d'Achille pour Alexis Jandard\",\"isPartOf\":{\"@id\":\"https:\/\/dicodusport.fr\/blog\/#website\"},\"primaryImageOfPage\":{\"@id\":\"https:\/\/dicodusport.fr\/blog\/plongeon-rupture-du-tendon-dachille-pour-alexis-jandard\/#primaryimage\"},\"image\":{\"@id\":\"https:\/\/dicodusport.fr\/blog\/plongeon-rupture-du-tendon-dachille-pour-alexis-jandard\/#primaryimage\"},\"thumbnailUrl\":\"https:\/\/dicodusport.fr\/blog\/wp-content\/uploads\/2022\/07\/Plongeon-Rupture-du-tendon-dAchille-pour-Alexis-Jandard.png\",\"datePublished\":\"2022-07-08T16:11:53+00:00\",\"description\":\"PLONGEON-R\u00e9cent vice-champion du monde, Alexis Jandard est contraint de mettre un terme \u00e0 sa saison \u00e0 cause d'une rupture du tendon d'Achille\",\"breadcrumb\":{\"@id\":\"https:\/\/dicodusport.fr\/blog\/plongeon-rupture-du-tendon-dachille-pour-alexis-jandard\/#breadcrumb\"},\"inLanguage\":\"fr-FR\",\"potentialAction\":[{\"@type\":\"ReadAction\",\"target\":[\"https:\/\/dicodusport.fr\/blog\/plongeon-rupture-du-tendon-dachille-pour-alexis-jandard\/\"]}]},{\"@type\":\"ImageObject\",\"inLanguage\":\"fr-FR\",\"@id\":\"https:\/\/dicodusport.fr\/blog\/plongeon-rupture-du-tendon-dachille-pour-alexis-jandard\/#primaryimage\",\"url\":\"https:\/\/dicodusport.fr\/blog\/wp-content\/uploads\/2022\/07\/Plongeon-Rupture-du-tendon-dAchille-pour-Alexis-Jandard.png\",\"contentUrl\":\"https:\/\/dicodusport.fr\/blog\/wp-content\/uploads\/2022\/07\/Plongeon-Rupture-du-tendon-dAchille-pour-Alexis-Jandard.png\",\"width\":800,\"height\":445,\"caption\":\"Plongeon Rupture du tendon d'Achille pour Alexis Jandard\"},{\"@type\":\"BreadcrumbList\",\"@id\":\"https:\/\/dicodusport.fr\/blog\/plongeon-rupture-du-tendon-dachille-pour-alexis-jandard\/#breadcrumb\",\"itemListElement\":[{\"@type\":\"ListItem\",\"position\":1,\"name\":\"Accueil\",\"item\":\"https:\/\/dicodusport.fr\/blog\/\"},{\"@type\":\"ListItem\",\"position\":2,\"name\":\"Plongeon : Rupture du tendon d&rsquo;Achille pour Alexis Jandard\"}]},{\"@type\":\"WebSite\",\"@id\":\"https:\/\/dicodusport.fr\/blog\/#website\",\"url\":\"https:\/\/dicodusport.fr\/blog\/\",\"name\":\"Dicodusport\",\"description\":\"L&#039;encyclop\u00e9die de l&#039;actualit\u00e9 sportive\",\"publisher\":{\"@id\":\"https:\/\/dicodusport.fr\/blog\/#organization\"},\"potentialAction\":[{\"@type\":\"SearchAction\",\"target\":{\"@type\":\"EntryPoint\",\"urlTemplate\":\"https:\/\/dicodusport.fr\/blog\/?s={search_term_string}\"},\"query-input\":{\"@type\":\"PropertyValueSpecification\",\"valueRequired\":true,\"valueName\":\"search_term_string\"}}],\"inLanguage\":\"fr-FR\"},{\"@type\":\"NewsMediaOrganization\",\"@id\":\"https:\/\/dicodusport.fr\/blog\/#organization\",\"name\":\"Dicodusport\",\"url\":\"https:\/\/dicodusport.fr\/blog\/\",\"logo\":{\"@type\":\"ImageObject\",\"inLanguage\":\"fr-FR\",\"@id\":\"https:\/\/dicodusport.fr\/blog\/#\/schema\/logo\/image\/\",\"url\":\"https:\/\/dicodusport.fr\/blog\/wp-content\/uploads\/2020\/06\/cropped-LOGO-DICODUSPORT-2020-SANS-FOND-SANS-TEXTE.png\",\"contentUrl\":\"https:\/\/dicodusport.fr\/blog\/wp-content\/uploads\/2020\/06\/cropped-LOGO-DICODUSPORT-2020-SANS-FOND-SANS-TEXTE.png\",\"width\":512,\"height\":512,\"caption\":\"Dicodusport\"},\"image\":{\"@id\":\"https:\/\/dicodusport.fr\/blog\/#\/schema\/logo\/image\/\"},\"sameAs\":[\"https:\/\/www.facebook.com\/dicodusport\",\"https:\/\/x.com\/dicodusport\",\"https:\/\/www.instagram.com\/dicodusport\/\",\"https:\/\/www.youtube.com\/channel\/UC7V2KZ5sd3htJivAbA4ZG3w\"],\"description\":\"Dicodusport est l'encyclop\u00e9die de l'actualit\u00e9 sportive.\",\"email\":\"bonjour@dicodusport.fr\",\"legalName\":\"DICODUSPORT\",\"foundingDate\":\"2018-01-14\",\"vatID\":\"FR71834470973\",\"taxID\":\"83447097300043\",\"numberOfEmployees\":{\"@type\":\"QuantitativeValue\",\"minValue\":\"1\",\"maxValue\":\"10\"}},{\"@type\":\"Person\",\"@id\":\"https:\/\/dicodusport.fr\/blog\/#\/schema\/person\/627966a6cde45dbd8c5e36ac85d783da\",\"name\":\"S\u00e9bastien Gente\",\"image\":{\"@type\":\"ImageObject\",\"inLanguage\":\"fr-FR\",\"@id\":\"https:\/\/dicodusport.fr\/blog\/#\/schema\/person\/image\/\",\"url\":\"https:\/\/dicodusport.fr\/blog\/wp-content\/uploads\/2021\/09\/1510990_10205810251400683_4124423575079401707_n-150x150.jpg\",\"contentUrl\":\"https:\/\/dicodusport.fr\/blog\/wp-content\/uploads\/2021\/09\/1510990_10205810251400683_4124423575079401707_n-150x150.jpg\",\"caption\":\"S\u00e9bastien Gente\"},\"description\":\"John Stockton, Gianni Bugno, Zinedine Zidane, Steffi Graf, Frode Andresen, St\u00e9phane Stoecklin, Davis Kamoga, Primoz Peterka, Werner Schlager et Aur\u00e9lien Rougerie. Point commun entre ces sportifs? Ils m'ont fait r\u00eaver et ont berc\u00e9 mon adolescence. Je suis un fondu de sports et j'essaie de retranscrire ma passion \u00e0 travers mes articles. Originaire du P\u00e9rigord, ma passion pour les Girondins, les Jaunards et les Jazzmen transpire dans mes \u00e9crits. \u00c0 Dicodusport depuis 2021, je d\u00e9niche les sports m\u00e9connus dans lesquels la France brille, et il y en a !\",\"sameAs\":[\"https:\/\/www.facebook.com\/sebastien.gente\/\",\"https:\/\/www.instagram.com\/sebgente\/\",\"https:\/\/www.linkedin.com\/in\/sbastien-gente-a29583169\/\",\"https:\/\/x.com\/https:\/\/twitter.com\/globulo24\",\"SebastienGente\"],\"worksFor\":\"S\u00e9bastien GENTE\",\"url\":\"https:\/\/dicodusport.fr\/blog\/author\/sebastiengente\/\"}]}<\/script>\n<!-- \/ Yoast SEO Premium plugin. -->","yoast_head_json":{"title":"Plongeon : Rupture du tendon d'Achille pour Alexis Jandard","description":"PLONGEON-R\u00e9cent vice-champion du monde, Alexis Jandard est contraint de mettre un terme \u00e0 sa saison \u00e0 cause d'une rupture du tendon d'Achille","robots":{"index":"index","follow":"follow","max-snippet":"max-snippet:-1","max-image-preview":"max-image-preview:large","max-video-preview":"max-video-preview:-1"},"canonical":"https:\/\/dicodusport.fr\/blog\/plongeon-rupture-du-tendon-dachille-pour-alexis-jandard\/","og_locale":"fr_FR","og_type":"article","og_title":"Plongeon : Rupture du tendon d'Achille pour Alexis Jandard","og_description":"PLONGEON-R\u00e9cent vice-champion du monde, Alexis Jandard est contraint de mettre un terme \u00e0 sa saison \u00e0 cause d'une rupture du tendon d'Achille","og_url":"https:\/\/dicodusport.fr\/blog\/plongeon-rupture-du-tendon-dachille-pour-alexis-jandard\/","og_site_name":"Dicodusport","article_publisher":"https:\/\/www.facebook.com\/dicodusport","article_author":"https:\/\/www.facebook.com\/sebastien.gente\/","article_published_time":"2022-07-08T16:11:53+00:00","og_image":[{"width":800,"height":445,"url":"https:\/\/dicodusport.fr\/blog\/wp-content\/uploads\/2022\/07\/Plongeon-Rupture-du-tendon-dAchille-pour-Alexis-Jandard.png","type":"image\/png"}],"author":"S\u00e9bastien Gente","twitter_card":"summary_large_image","twitter_title":"Plongeon : Rupture du tendon d'Achille pour Alexis Jandard","twitter_creator":"@https:\/\/twitter.com\/globulo24","twitter_site":"@dicodusport","schema":{"@context":"https:\/\/schema.org","@graph":[{"@type":"NewsArticle","@id":"https:\/\/dicodusport.fr\/blog\/plongeon-rupture-du-tendon-dachille-pour-alexis-jandard\/#article","isPartOf":{"@id":"https:\/\/dicodusport.fr\/blog\/plongeon-rupture-du-tendon-dachille-pour-alexis-jandard\/"},"author":{"name":"S\u00e9bastien Gente","@id":"https:\/\/dicodusport.fr\/blog\/#\/schema\/person\/627966a6cde45dbd8c5e36ac85d783da"},"headline":"Plongeon : Rupture du tendon d&rsquo;Achille pour Alexis Jandard","datePublished":"2022-07-08T16:11:53+00:00","mainEntityOfPage":{"@id":"https:\/\/dicodusport.fr\/blog\/plongeon-rupture-du-tendon-dachille-pour-alexis-jandard\/"},"wordCount":207,"commentCount":0,"publisher":{"@id":"https:\/\/dicodusport.fr\/blog\/#organization"},"image":{"@id":"https:\/\/dicodusport.fr\/blog\/plongeon-rupture-du-tendon-dachille-pour-alexis-jandard\/#primaryimage"},"thumbnailUrl":"https:\/\/dicodusport.fr\/blog\/wp-content\/uploads\/2022\/07\/Plongeon-Rupture-du-tendon-dAchille-pour-Alexis-Jandard.png","keywords":["Alexis jandard","plongeon"],"articleSection":["Natation"],"inLanguage":"fr-FR","potentialAction":[{"@type":"CommentAction","name":"Comment","target":["https:\/\/dicodusport.fr\/blog\/plongeon-rupture-du-tendon-dachille-pour-alexis-jandard\/#respond"]}],"copyrightYear":"2022","copyrightHolder":{"@id":"https:\/\/dicodusport.fr\/blog\/#organization"}},{"@type":"WebPage","@id":"https:\/\/dicodusport.fr\/blog\/plongeon-rupture-du-tendon-dachille-pour-alexis-jandard\/","url":"https:\/\/dicodusport.fr\/blog\/plongeon-rupture-du-tendon-dachille-pour-alexis-jandard\/","name":"Plongeon : Rupture du tendon d'Achille pour Alexis Jandard","isPartOf":{"@id":"https:\/\/dicodusport.fr\/blog\/#website"},"primaryImageOfPage":{"@id":"https:\/\/dicodusport.fr\/blog\/plongeon-rupture-du-tendon-dachille-pour-alexis-jandard\/#primaryimage"},"image":{"@id":"https:\/\/dicodusport.fr\/blog\/plongeon-rupture-du-tendon-dachille-pour-alexis-jandard\/#primaryimage"},"thumbnailUrl":"https:\/\/dicodusport.fr\/blog\/wp-content\/uploads\/2022\/07\/Plongeon-Rupture-du-tendon-dAchille-pour-Alexis-Jandard.png","datePublished":"2022-07-08T16:11:53+00:00","description":"PLONGEON-R\u00e9cent vice-champion du monde, Alexis Jandard est contraint de mettre un terme \u00e0 sa saison \u00e0 cause d'une rupture du tendon d'Achille","breadcrumb":{"@id":"https:\/\/dicodusport.fr\/blog\/plongeon-rupture-du-tendon-dachille-pour-alexis-jandard\/#breadcrumb"},"inLanguage":"fr-FR","potentialAction":[{"@type":"ReadAction","target":["https:\/\/dicodusport.fr\/blog\/plongeon-rupture-du-tendon-dachille-pour-alexis-jandard\/"]}]},{"@type":"ImageObject","inLanguage":"fr-FR","@id":"https:\/\/dicodusport.fr\/blog\/plongeon-rupture-du-tendon-dachille-pour-alexis-jandard\/#primaryimage","url":"https:\/\/dicodusport.fr\/blog\/wp-content\/uploads\/2022\/07\/Plongeon-Rupture-du-tendon-dAchille-pour-Alexis-Jandard.png","contentUrl":"https:\/\/dicodusport.fr\/blog\/wp-content\/uploads\/2022\/07\/Plongeon-Rupture-du-tendon-dAchille-pour-Alexis-Jandard.png","width":800,"height":445,"caption":"Plongeon Rupture du tendon d'Achille pour Alexis Jandard"},{"@type":"BreadcrumbList","@id":"https:\/\/dicodusport.fr\/blog\/plongeon-rupture-du-tendon-dachille-pour-alexis-jandard\/#breadcrumb","itemListElement":[{"@type":"ListItem","position":1,"name":"Accueil","item":"https:\/\/dicodusport.fr\/blog\/"},{"@type":"ListItem","position":2,"name":"Plongeon : Rupture du tendon d&rsquo;Achille pour Alexis Jandard"}]},{"@type":"WebSite","@id":"https:\/\/dicodusport.fr\/blog\/#website","url":"https:\/\/dicodusport.fr\/blog\/","name":"Dicodusport","description":"L&#039;encyclop\u00e9die de l&#039;actualit\u00e9 sportive","publisher":{"@id":"https:\/\/dicodusport.fr\/blog\/#organization"},"potentialAction":[{"@type":"SearchAction","target":{"@type":"EntryPoint","urlTemplate":"https:\/\/dicodusport.fr\/blog\/?s={search_term_string}"},"query-input":{"@type":"PropertyValueSpecification","valueRequired":true,"valueName":"search_term_string"}}],"inLanguage":"fr-FR"},{"@type":"NewsMediaOrganization","@id":"https:\/\/dicodusport.fr\/blog\/#organization","name":"Dicodusport","url":"https:\/\/dicodusport.fr\/blog\/","logo":{"@type":"ImageObject","inLanguage":"fr-FR","@id":"https:\/\/dicodusport.fr\/blog\/#\/schema\/logo\/image\/","url":"https:\/\/dicodusport.fr\/blog\/wp-content\/uploads\/2020\/06\/cropped-LOGO-DICODUSPORT-2020-SANS-FOND-SANS-TEXTE.png","contentUrl":"https:\/\/dicodusport.fr\/blog\/wp-content\/uploads\/2020\/06\/cropped-LOGO-DICODUSPORT-2020-SANS-FOND-SANS-TEXTE.png","width":512,"height":512,"caption":"Dicodusport"},"image":{"@id":"https:\/\/dicodusport.fr\/blog\/#\/schema\/logo\/image\/"},"sameAs":["https:\/\/www.facebook.com\/dicodusport","https:\/\/x.com\/dicodusport","https:\/\/www.instagram.com\/dicodusport\/","https:\/\/www.youtube.com\/channel\/UC7V2KZ5sd3htJivAbA4ZG3w"],"description":"Dicodusport est l'encyclop\u00e9die de l'actualit\u00e9 sportive.","email":"bonjour@dicodusport.fr","legalName":"DICODUSPORT","foundingDate":"2018-01-14","vatID":"FR71834470973","taxID":"83447097300043","numberOfEmployees":{"@type":"QuantitativeValue","minValue":"1","maxValue":"10"}},{"@type":"Person","@id":"https:\/\/dicodusport.fr\/blog\/#\/schema\/person\/627966a6cde45dbd8c5e36ac85d783da","name":"S\u00e9bastien Gente","image":{"@type":"ImageObject","inLanguage":"fr-FR","@id":"https:\/\/dicodusport.fr\/blog\/#\/schema\/person\/image\/","url":"https:\/\/dicodusport.fr\/blog\/wp-content\/uploads\/2021\/09\/1510990_10205810251400683_4124423575079401707_n-150x150.jpg","contentUrl":"https:\/\/dicodusport.fr\/blog\/wp-content\/uploads\/2021\/09\/1510990_10205810251400683_4124423575079401707_n-150x150.jpg","caption":"S\u00e9bastien Gente"},"description":"John Stockton, Gianni Bugno, Zinedine Zidane, Steffi Graf, Frode Andresen, St\u00e9phane Stoecklin, Davis Kamoga, Primoz Peterka, Werner Schlager et Aur\u00e9lien Rougerie. Point commun entre ces sportifs? Ils m'ont fait r\u00eaver et ont berc\u00e9 mon adolescence. Je suis un fondu de sports et j'essaie de retranscrire ma passion \u00e0 travers mes articles. Originaire du P\u00e9rigord, ma passion pour les Girondins, les Jaunards et les Jazzmen transpire dans mes \u00e9crits. \u00c0 Dicodusport depuis 2021, je d\u00e9niche les sports m\u00e9connus dans lesquels la France brille, et il y en a !","sameAs":["https:\/\/www.facebook.com\/sebastien.gente\/","https:\/\/www.instagram.com\/sebgente\/","https:\/\/www.linkedin.com\/in\/sbastien-gente-a29583169\/","https:\/\/x.com\/https:\/\/twitter.com\/globulo24","SebastienGente"],"worksFor":"S\u00e9bastien GENTE","url":"https:\/\/dicodusport.fr\/blog\/author\/sebastiengente\/"}]}},"_links":{"self":[{"href":"https:\/\/dicodusport.fr\/blog\/wp-json\/wp\/v2\/posts\/241351","targetHints":{"allow":["GET"]}}],"collection":[{"href":"https:\/\/dicodusport.fr\/blog\/wp-json\/wp\/v2\/posts"}],"about":[{"href":"https:\/\/dicodusport.fr\/blog\/wp-json\/wp\/v2\/types\/post"}],"author":[{"embeddable":true,"href":"https:\/\/dicodusport.fr\/blog\/wp-json\/wp\/v2\/users\/59"}],"replies":[{"embeddable":true,"href":"https:\/\/dicodusport.fr\/blog\/wp-json\/wp\/v2\/comments?post=241351"}],"version-history":[{"count":0,"href":"https:\/\/dicodusport.fr\/blog\/wp-json\/wp\/v2\/posts\/241351\/revisions"}],"wp:featuredmedia":[{"embeddable":true,"href":"https:\/\/dicodusport.fr\/blog\/wp-json\/wp\/v2\/media\/241356"}],"wp:attachment":[{"href":"https:\/\/dicodusport.fr\/blog\/wp-json\/wp\/v2\/media?parent=241351"}],"wp:term":[{"taxonomy":"category","embeddable":true,"href":"https:\/\/dicodusport.fr\/blog\/wp-json\/wp\/v2\/categories?post=241351"},{"taxonomy":"post_tag","embeddable":true,"href":"https:\/\/dicodusport.fr\/blog\/wp-json\/wp\/v2\/tags?post=241351"}],"curies":[{"name":"wp","href":"https:\/\/api.w.org\/{rel}","templated":true}]}}