{"id":241360,"date":"2022-07-08T19:10:17","date_gmt":"2022-07-08T17:10:17","guid":{"rendered":"https:\/\/dicodusport.fr\/blog\/?p=241360&#038;preview=true&#038;preview_id=241360"},"modified":"2022-07-08T19:14:15","modified_gmt":"2022-07-08T17:14:15","slug":"vtt-xcc-lenzerheide-filippo-colombo-en-patron-devant-son-public","status":"publish","type":"post","link":"https:\/\/dicodusport.fr\/blog\/vtt-xcc-lenzerheide-filippo-colombo-en-patron-devant-son-public\/","title":{"rendered":"VTT XCC Lenzerheide : Filippo Colombo en patron devant son public"},"content":{"rendered":"<p style=\"text-align: justify;\"><b><i><a href=\"https:\/\/dicodusport.fr\/blog\/actualites\/cyclisme\/vtt\/coupe-du-monde-vtt-2022\/\">COUPE DU MONDE VTT 2022<\/a> &#8211; VTT XCC Lenzerheide &#8211; Victoire suisse \u00e0 Lenzerheide. Filippo Colombo remporte sa premi\u00e8re victoire sur le format court en devan\u00e7ant son compatriote Mathias Fl\u00fcckiger et Alan Hatherly. Titouan Carod termine 6e.<\/i><\/b><\/p>\n<p style=\"text-align: justify;\">Apr\u00e8s <a href=\"https:\/\/dicodusport.fr\/blog\/vtt-xcc-lenzerheide-jenny-rissveds-remporte-la-course-les-francaises-top-5\/\">la victoire de\u00a0<strong>Jenny Rissveds<\/strong> chez les dames<\/a>, au tour des hommes d&rsquo;entrer en piste \u00e0 Lenzerheide. Dans la station suisse,\u00a0<strong>Henrique Avancini<\/strong> peut r\u00eaver du m\u00eame d\u00e9nouement que pour la Su\u00e9doise. Le Br\u00e9silien, vainqueur en 2021 sur la course courte, a les moyens de r\u00e9cidiver un an apr\u00e8s. Mais la concurrence est f\u00e9roce, avec tellement de vainqueurs potentiels.<\/p>\n<h2 style=\"text-align: justify;\">Les Suisses se mettent en avant<\/h2>\n<p style=\"text-align: justify;\"><strong>Vlad Dascalu<\/strong> tente d&rsquo;acc\u00e9l\u00e9rer d\u00e8s le premier des dix tours. Son attaque a le m\u00e9rite d&rsquo;\u00e9tirer un peu ce peloton. Trois Fran\u00e7ais sont dans le bon paquet pour le moment :\u00a0<strong>Jordan Sarrou, Maxime Marotte<\/strong> et\u00a0<strong>Titouan Carod.\u00a0<\/strong>A mi-course, les athl\u00e8tes se suivent toujours en file indienne. Comme lors de la course f\u00e9minine, les hommes attendent les derni\u00e8res boucles pour faire exploser cette XCC. Tous les favoris sont alors aux avant-postes.<\/p>\n<p style=\"text-align: justify;\">Victorieux sur le m\u00eame format \u00e0 Petropolis cette saison,\u00a0<strong>Alan Hatherly\u00a0<\/strong>d\u00e9clenche en premier alors qu&rsquo;il ne reste plus que deux tours. Ils sont huit \u00e0 se d\u00e9tacher en t\u00eate de la course, le vainqueur se trouve alors parmi eux. C&rsquo;est au tour de <strong>Mathias Fl\u00fcckiger<\/strong> d&rsquo;appuyer fort sur les p\u00e9dales, deux attaques coup sur coup lui permettent d&rsquo;entamer la derni\u00e8re boucle en t\u00eate. Devant leur public, les Suisses rayonnent. C&rsquo;est un doubl\u00e9 helv\u00e8te, la victoire revient \u00e0 <strong>Filippo Colombo\u00a0<\/strong>devant <strong>Fl\u00fcckiger\u00a0<\/strong>et\u00a0<strong>Hatherly<\/strong>.\u00a0<strong>Titouan Carod<\/strong> est le premier Fran\u00e7ais, sixi\u00e8me place \u00e0 Lenzerheide. La course longue aura lieu dimanche \u00e0 partir de 14 heures.<\/p>\n<p>&nbsp;<\/p>\n","protected":false},"excerpt":{"rendered":"<p>COUPE DU MONDE VTT 2022 &#8211; VTT XCC Lenzerheide &#8211; Victoire suisse \u00e0 Lenzerheide. Filippo Colombo remporte sa premi\u00e8re victoire sur le format court en devan\u00e7ant son compatriote Mathias Fl\u00fcckiger et Alan Hatherly. Titouan Carod termine 6e.<\/p>\n","protected":false},"author":61,"featured_media":241399,"comment_status":"open","ping_status":"closed","sticky":false,"template":"","format":"standard","meta":{"_acf_changed":false,"_daextam_enable_autolinks":"","footnotes":""},"categories":[10279],"tags":[6740,2646,692,19044,22840],"class_list":["post-241360","post","type-post","status-publish","format-standard","has-post-thumbnail","hentry","category-vtt","tag-lenzerheide","tag-short-track","tag-vtt","tag-vtt-lenzerheide","tag-xcc"],"acf":[],"yoast_head":"<!-- This site is optimized with the Yoast SEO Premium plugin v26.7 (Yoast SEO v26.7) - https:\/\/yoast.com\/wordpress\/plugins\/seo\/ -->\n<title>VTT XCC Lenzerheide : Filippo Colombo en patron devant son public<\/title>\n<meta name=\"description\" content=\"Filippo Colombo remporte sa premi\u00e8re victoire sur le format court en devan\u00e7ant son compatriote Mathias Fl\u00fcckiger et Alan Hatherly.\" \/>\n<meta name=\"robots\" content=\"index, follow, max-snippet:-1, max-image-preview:large, max-video-preview:-1\" \/>\n<link rel=\"canonical\" href=\"https:\/\/dicodusport.fr\/blog\/vtt-xcc-lenzerheide-filippo-colombo-en-patron-devant-son-public\/\" \/>\n<meta property=\"og:locale\" content=\"fr_FR\" \/>\n<meta property=\"og:type\" content=\"article\" \/>\n<meta property=\"og:title\" content=\"VTT XCC Lenzerheide : Filippo Colombo en patron devant son public\" \/>\n<meta property=\"og:description\" content=\"Filippo Colombo remporte sa premi\u00e8re victoire sur le format court en devan\u00e7ant son compatriote Mathias Fl\u00fcckiger et Alan Hatherly.\" \/>\n<meta property=\"og:url\" content=\"https:\/\/dicodusport.fr\/blog\/vtt-xcc-lenzerheide-filippo-colombo-en-patron-devant-son-public\/\" \/>\n<meta property=\"og:site_name\" content=\"Dicodusport\" \/>\n<meta property=\"article:publisher\" content=\"https:\/\/www.facebook.com\/dicodusport\" \/>\n<meta property=\"article:published_time\" content=\"2022-07-08T17:10:17+00:00\" \/>\n<meta property=\"article:modified_time\" content=\"2022-07-08T17:14:15+00:00\" \/>\n<meta property=\"og:image\" content=\"https:\/\/dicodusport.fr\/blog\/wp-content\/uploads\/2022\/07\/VTT-XCC-Lenzerheide-Filippo-Colombo-en-patron-devant-son-public.png\" \/>\n\t<meta property=\"og:image:width\" content=\"800\" \/>\n\t<meta property=\"og:image:height\" content=\"445\" \/>\n\t<meta property=\"og:image:type\" content=\"image\/png\" \/>\n<meta name=\"author\" content=\"Pierre Gorce\" \/>\n<meta name=\"twitter:card\" content=\"summary_large_image\" \/>\n<meta name=\"twitter:title\" content=\"VTT XCC Lenzerheide : Filippo Colombo en patron devant son public\" \/>\n<meta name=\"twitter:creator\" content=\"@https:\/\/twitter.com\/pierregorce12\" \/>\n<meta name=\"twitter:site\" content=\"@dicodusport\" \/>\n<script type=\"application\/ld+json\" class=\"yoast-schema-graph\">{\"@context\":\"https:\/\/schema.org\",\"@graph\":[{\"@type\":\"NewsArticle\",\"@id\":\"https:\/\/dicodusport.fr\/blog\/vtt-xcc-lenzerheide-filippo-colombo-en-patron-devant-son-public\/#article\",\"isPartOf\":{\"@id\":\"https:\/\/dicodusport.fr\/blog\/vtt-xcc-lenzerheide-filippo-colombo-en-patron-devant-son-public\/\"},\"author\":{\"name\":\"Pierre Gorce\",\"@id\":\"https:\/\/dicodusport.fr\/blog\/#\/schema\/person\/0eaf70b33d703a1a66b1155ac1bda018\"},\"headline\":\"VTT XCC Lenzerheide : Filippo Colombo en patron devant son public\",\"datePublished\":\"2022-07-08T17:10:17+00:00\",\"dateModified\":\"2022-07-08T17:14:15+00:00\",\"mainEntityOfPage\":{\"@id\":\"https:\/\/dicodusport.fr\/blog\/vtt-xcc-lenzerheide-filippo-colombo-en-patron-devant-son-public\/\"},\"wordCount\":320,\"commentCount\":0,\"publisher\":{\"@id\":\"https:\/\/dicodusport.fr\/blog\/#organization\"},\"image\":{\"@id\":\"https:\/\/dicodusport.fr\/blog\/vtt-xcc-lenzerheide-filippo-colombo-en-patron-devant-son-public\/#primaryimage\"},\"thumbnailUrl\":\"https:\/\/dicodusport.fr\/blog\/wp-content\/uploads\/2022\/07\/VTT-XCC-Lenzerheide-Filippo-Colombo-en-patron-devant-son-public.png\",\"keywords\":[\"Lenzerheide\",\"short track\",\"VTT\",\"VTT Lenzerheide\",\"XCC\"],\"articleSection\":[\"VTT\"],\"inLanguage\":\"fr-FR\",\"potentialAction\":[{\"@type\":\"CommentAction\",\"name\":\"Comment\",\"target\":[\"https:\/\/dicodusport.fr\/blog\/vtt-xcc-lenzerheide-filippo-colombo-en-patron-devant-son-public\/#respond\"]}],\"copyrightYear\":\"2022\",\"copyrightHolder\":{\"@id\":\"https:\/\/dicodusport.fr\/blog\/#organization\"}},{\"@type\":\"WebPage\",\"@id\":\"https:\/\/dicodusport.fr\/blog\/vtt-xcc-lenzerheide-filippo-colombo-en-patron-devant-son-public\/\",\"url\":\"https:\/\/dicodusport.fr\/blog\/vtt-xcc-lenzerheide-filippo-colombo-en-patron-devant-son-public\/\",\"name\":\"VTT XCC Lenzerheide : Filippo Colombo en patron devant son public\",\"isPartOf\":{\"@id\":\"https:\/\/dicodusport.fr\/blog\/#website\"},\"primaryImageOfPage\":{\"@id\":\"https:\/\/dicodusport.fr\/blog\/vtt-xcc-lenzerheide-filippo-colombo-en-patron-devant-son-public\/#primaryimage\"},\"image\":{\"@id\":\"https:\/\/dicodusport.fr\/blog\/vtt-xcc-lenzerheide-filippo-colombo-en-patron-devant-son-public\/#primaryimage\"},\"thumbnailUrl\":\"https:\/\/dicodusport.fr\/blog\/wp-content\/uploads\/2022\/07\/VTT-XCC-Lenzerheide-Filippo-Colombo-en-patron-devant-son-public.png\",\"datePublished\":\"2022-07-08T17:10:17+00:00\",\"dateModified\":\"2022-07-08T17:14:15+00:00\",\"description\":\"Filippo Colombo remporte sa premi\u00e8re victoire sur le format court en devan\u00e7ant son compatriote Mathias Fl\u00fcckiger et Alan Hatherly.\",\"breadcrumb\":{\"@id\":\"https:\/\/dicodusport.fr\/blog\/vtt-xcc-lenzerheide-filippo-colombo-en-patron-devant-son-public\/#breadcrumb\"},\"inLanguage\":\"fr-FR\",\"potentialAction\":[{\"@type\":\"ReadAction\",\"target\":[\"https:\/\/dicodusport.fr\/blog\/vtt-xcc-lenzerheide-filippo-colombo-en-patron-devant-son-public\/\"]}]},{\"@type\":\"ImageObject\",\"inLanguage\":\"fr-FR\",\"@id\":\"https:\/\/dicodusport.fr\/blog\/vtt-xcc-lenzerheide-filippo-colombo-en-patron-devant-son-public\/#primaryimage\",\"url\":\"https:\/\/dicodusport.fr\/blog\/wp-content\/uploads\/2022\/07\/VTT-XCC-Lenzerheide-Filippo-Colombo-en-patron-devant-son-public.png\",\"contentUrl\":\"https:\/\/dicodusport.fr\/blog\/wp-content\/uploads\/2022\/07\/VTT-XCC-Lenzerheide-Filippo-Colombo-en-patron-devant-son-public.png\",\"width\":800,\"height\":445,\"caption\":\"VTT XCC Lenzerheide Filippo Colombo en patron devant son public\"},{\"@type\":\"BreadcrumbList\",\"@id\":\"https:\/\/dicodusport.fr\/blog\/vtt-xcc-lenzerheide-filippo-colombo-en-patron-devant-son-public\/#breadcrumb\",\"itemListElement\":[{\"@type\":\"ListItem\",\"position\":1,\"name\":\"Accueil\",\"item\":\"https:\/\/dicodusport.fr\/blog\/\"},{\"@type\":\"ListItem\",\"position\":2,\"name\":\"VTT XCC Lenzerheide : Filippo Colombo en patron devant son public\"}]},{\"@type\":\"WebSite\",\"@id\":\"https:\/\/dicodusport.fr\/blog\/#website\",\"url\":\"https:\/\/dicodusport.fr\/blog\/\",\"name\":\"Dicodusport\",\"description\":\"L&#039;encyclop\u00e9die de l&#039;actualit\u00e9 sportive\",\"publisher\":{\"@id\":\"https:\/\/dicodusport.fr\/blog\/#organization\"},\"potentialAction\":[{\"@type\":\"SearchAction\",\"target\":{\"@type\":\"EntryPoint\",\"urlTemplate\":\"https:\/\/dicodusport.fr\/blog\/?s={search_term_string}\"},\"query-input\":{\"@type\":\"PropertyValueSpecification\",\"valueRequired\":true,\"valueName\":\"search_term_string\"}}],\"inLanguage\":\"fr-FR\"},{\"@type\":\"NewsMediaOrganization\",\"@id\":\"https:\/\/dicodusport.fr\/blog\/#organization\",\"name\":\"Dicodusport\",\"url\":\"https:\/\/dicodusport.fr\/blog\/\",\"logo\":{\"@type\":\"ImageObject\",\"inLanguage\":\"fr-FR\",\"@id\":\"https:\/\/dicodusport.fr\/blog\/#\/schema\/logo\/image\/\",\"url\":\"https:\/\/dicodusport.fr\/blog\/wp-content\/uploads\/2020\/06\/cropped-LOGO-DICODUSPORT-2020-SANS-FOND-SANS-TEXTE.png\",\"contentUrl\":\"https:\/\/dicodusport.fr\/blog\/wp-content\/uploads\/2020\/06\/cropped-LOGO-DICODUSPORT-2020-SANS-FOND-SANS-TEXTE.png\",\"width\":512,\"height\":512,\"caption\":\"Dicodusport\"},\"image\":{\"@id\":\"https:\/\/dicodusport.fr\/blog\/#\/schema\/logo\/image\/\"},\"sameAs\":[\"https:\/\/www.facebook.com\/dicodusport\",\"https:\/\/x.com\/dicodusport\",\"https:\/\/www.instagram.com\/dicodusport\/\",\"https:\/\/www.youtube.com\/channel\/UC7V2KZ5sd3htJivAbA4ZG3w\"],\"description\":\"Dicodusport est l'encyclop\u00e9die de l'actualit\u00e9 sportive.\",\"email\":\"bonjour@dicodusport.fr\",\"legalName\":\"DICODUSPORT\",\"foundingDate\":\"2018-01-14\",\"vatID\":\"FR71834470973\",\"taxID\":\"83447097300043\",\"numberOfEmployees\":{\"@type\":\"QuantitativeValue\",\"minValue\":\"1\",\"maxValue\":\"10\"}},{\"@type\":\"Person\",\"@id\":\"https:\/\/dicodusport.fr\/blog\/#\/schema\/person\/0eaf70b33d703a1a66b1155ac1bda018\",\"name\":\"Pierre Gorce\",\"image\":{\"@type\":\"ImageObject\",\"inLanguage\":\"fr-FR\",\"@id\":\"https:\/\/dicodusport.fr\/blog\/#\/schema\/person\/image\/\",\"url\":\"https:\/\/dicodusport.fr\/blog\/wp-content\/uploads\/2022\/03\/IMG_20211214_233053_722-150x150.jpg\",\"contentUrl\":\"https:\/\/dicodusport.fr\/blog\/wp-content\/uploads\/2022\/03\/IMG_20211214_233053_722-150x150.jpg\",\"caption\":\"Pierre Gorce\"},\"description\":\"Couteau suisse venant tout droit de Haute-Savoie. Habitu\u00e9 \u00e0 regarder du sport depuis petit, j'en ai maintenant fait mon m\u00e9tier. Des sports d'hiver au surf, en passant par le tennis, la F1, le handball et l'athl\u00e9tisme, j'essaie d'avoir mes yeux sur l'enti\u00e8ret\u00e9 de l'actualit\u00e9. Jeune homme berc\u00e9 par les exploits de Jean-Baptiste Grange, Sebastian Vettel et des Experts. Membre de la g\u00e9n\u00e9ration 1999 comme Luka Doncic, Sydney McLaughlin, Lando Norris et Loana Lecomte, mais avec beaucoup moins de talent qu'eux.\",\"sameAs\":[\"https:\/\/x.com\/https:\/\/twitter.com\/pierregorce12\"],\"birthDate\":\"1999-08-29\",\"url\":\"https:\/\/dicodusport.fr\/blog\/author\/pierreg\/\"}]}<\/script>\n<!-- \/ Yoast SEO Premium plugin. -->","yoast_head_json":{"title":"VTT XCC Lenzerheide : Filippo Colombo en patron devant son public","description":"Filippo Colombo remporte sa premi\u00e8re victoire sur le format court en devan\u00e7ant son compatriote Mathias Fl\u00fcckiger et Alan Hatherly.","robots":{"index":"index","follow":"follow","max-snippet":"max-snippet:-1","max-image-preview":"max-image-preview:large","max-video-preview":"max-video-preview:-1"},"canonical":"https:\/\/dicodusport.fr\/blog\/vtt-xcc-lenzerheide-filippo-colombo-en-patron-devant-son-public\/","og_locale":"fr_FR","og_type":"article","og_title":"VTT XCC Lenzerheide : Filippo Colombo en patron devant son public","og_description":"Filippo Colombo remporte sa premi\u00e8re victoire sur le format court en devan\u00e7ant son compatriote Mathias Fl\u00fcckiger et Alan Hatherly.","og_url":"https:\/\/dicodusport.fr\/blog\/vtt-xcc-lenzerheide-filippo-colombo-en-patron-devant-son-public\/","og_site_name":"Dicodusport","article_publisher":"https:\/\/www.facebook.com\/dicodusport","article_published_time":"2022-07-08T17:10:17+00:00","article_modified_time":"2022-07-08T17:14:15+00:00","og_image":[{"width":800,"height":445,"url":"https:\/\/dicodusport.fr\/blog\/wp-content\/uploads\/2022\/07\/VTT-XCC-Lenzerheide-Filippo-Colombo-en-patron-devant-son-public.png","type":"image\/png"}],"author":"Pierre Gorce","twitter_card":"summary_large_image","twitter_title":"VTT XCC Lenzerheide : Filippo Colombo en patron devant son public","twitter_creator":"@https:\/\/twitter.com\/pierregorce12","twitter_site":"@dicodusport","schema":{"@context":"https:\/\/schema.org","@graph":[{"@type":"NewsArticle","@id":"https:\/\/dicodusport.fr\/blog\/vtt-xcc-lenzerheide-filippo-colombo-en-patron-devant-son-public\/#article","isPartOf":{"@id":"https:\/\/dicodusport.fr\/blog\/vtt-xcc-lenzerheide-filippo-colombo-en-patron-devant-son-public\/"},"author":{"name":"Pierre Gorce","@id":"https:\/\/dicodusport.fr\/blog\/#\/schema\/person\/0eaf70b33d703a1a66b1155ac1bda018"},"headline":"VTT XCC Lenzerheide : Filippo Colombo en patron devant son public","datePublished":"2022-07-08T17:10:17+00:00","dateModified":"2022-07-08T17:14:15+00:00","mainEntityOfPage":{"@id":"https:\/\/dicodusport.fr\/blog\/vtt-xcc-lenzerheide-filippo-colombo-en-patron-devant-son-public\/"},"wordCount":320,"commentCount":0,"publisher":{"@id":"https:\/\/dicodusport.fr\/blog\/#organization"},"image":{"@id":"https:\/\/dicodusport.fr\/blog\/vtt-xcc-lenzerheide-filippo-colombo-en-patron-devant-son-public\/#primaryimage"},"thumbnailUrl":"https:\/\/dicodusport.fr\/blog\/wp-content\/uploads\/2022\/07\/VTT-XCC-Lenzerheide-Filippo-Colombo-en-patron-devant-son-public.png","keywords":["Lenzerheide","short track","VTT","VTT Lenzerheide","XCC"],"articleSection":["VTT"],"inLanguage":"fr-FR","potentialAction":[{"@type":"CommentAction","name":"Comment","target":["https:\/\/dicodusport.fr\/blog\/vtt-xcc-lenzerheide-filippo-colombo-en-patron-devant-son-public\/#respond"]}],"copyrightYear":"2022","copyrightHolder":{"@id":"https:\/\/dicodusport.fr\/blog\/#organization"}},{"@type":"WebPage","@id":"https:\/\/dicodusport.fr\/blog\/vtt-xcc-lenzerheide-filippo-colombo-en-patron-devant-son-public\/","url":"https:\/\/dicodusport.fr\/blog\/vtt-xcc-lenzerheide-filippo-colombo-en-patron-devant-son-public\/","name":"VTT XCC Lenzerheide : Filippo Colombo en patron devant son public","isPartOf":{"@id":"https:\/\/dicodusport.fr\/blog\/#website"},"primaryImageOfPage":{"@id":"https:\/\/dicodusport.fr\/blog\/vtt-xcc-lenzerheide-filippo-colombo-en-patron-devant-son-public\/#primaryimage"},"image":{"@id":"https:\/\/dicodusport.fr\/blog\/vtt-xcc-lenzerheide-filippo-colombo-en-patron-devant-son-public\/#primaryimage"},"thumbnailUrl":"https:\/\/dicodusport.fr\/blog\/wp-content\/uploads\/2022\/07\/VTT-XCC-Lenzerheide-Filippo-Colombo-en-patron-devant-son-public.png","datePublished":"2022-07-08T17:10:17+00:00","dateModified":"2022-07-08T17:14:15+00:00","description":"Filippo Colombo remporte sa premi\u00e8re victoire sur le format court en devan\u00e7ant son compatriote Mathias Fl\u00fcckiger et Alan Hatherly.","breadcrumb":{"@id":"https:\/\/dicodusport.fr\/blog\/vtt-xcc-lenzerheide-filippo-colombo-en-patron-devant-son-public\/#breadcrumb"},"inLanguage":"fr-FR","potentialAction":[{"@type":"ReadAction","target":["https:\/\/dicodusport.fr\/blog\/vtt-xcc-lenzerheide-filippo-colombo-en-patron-devant-son-public\/"]}]},{"@type":"ImageObject","inLanguage":"fr-FR","@id":"https:\/\/dicodusport.fr\/blog\/vtt-xcc-lenzerheide-filippo-colombo-en-patron-devant-son-public\/#primaryimage","url":"https:\/\/dicodusport.fr\/blog\/wp-content\/uploads\/2022\/07\/VTT-XCC-Lenzerheide-Filippo-Colombo-en-patron-devant-son-public.png","contentUrl":"https:\/\/dicodusport.fr\/blog\/wp-content\/uploads\/2022\/07\/VTT-XCC-Lenzerheide-Filippo-Colombo-en-patron-devant-son-public.png","width":800,"height":445,"caption":"VTT XCC Lenzerheide Filippo Colombo en patron devant son public"},{"@type":"BreadcrumbList","@id":"https:\/\/dicodusport.fr\/blog\/vtt-xcc-lenzerheide-filippo-colombo-en-patron-devant-son-public\/#breadcrumb","itemListElement":[{"@type":"ListItem","position":1,"name":"Accueil","item":"https:\/\/dicodusport.fr\/blog\/"},{"@type":"ListItem","position":2,"name":"VTT XCC Lenzerheide : Filippo Colombo en patron devant son public"}]},{"@type":"WebSite","@id":"https:\/\/dicodusport.fr\/blog\/#website","url":"https:\/\/dicodusport.fr\/blog\/","name":"Dicodusport","description":"L&#039;encyclop\u00e9die de l&#039;actualit\u00e9 sportive","publisher":{"@id":"https:\/\/dicodusport.fr\/blog\/#organization"},"potentialAction":[{"@type":"SearchAction","target":{"@type":"EntryPoint","urlTemplate":"https:\/\/dicodusport.fr\/blog\/?s={search_term_string}"},"query-input":{"@type":"PropertyValueSpecification","valueRequired":true,"valueName":"search_term_string"}}],"inLanguage":"fr-FR"},{"@type":"NewsMediaOrganization","@id":"https:\/\/dicodusport.fr\/blog\/#organization","name":"Dicodusport","url":"https:\/\/dicodusport.fr\/blog\/","logo":{"@type":"ImageObject","inLanguage":"fr-FR","@id":"https:\/\/dicodusport.fr\/blog\/#\/schema\/logo\/image\/","url":"https:\/\/dicodusport.fr\/blog\/wp-content\/uploads\/2020\/06\/cropped-LOGO-DICODUSPORT-2020-SANS-FOND-SANS-TEXTE.png","contentUrl":"https:\/\/dicodusport.fr\/blog\/wp-content\/uploads\/2020\/06\/cropped-LOGO-DICODUSPORT-2020-SANS-FOND-SANS-TEXTE.png","width":512,"height":512,"caption":"Dicodusport"},"image":{"@id":"https:\/\/dicodusport.fr\/blog\/#\/schema\/logo\/image\/"},"sameAs":["https:\/\/www.facebook.com\/dicodusport","https:\/\/x.com\/dicodusport","https:\/\/www.instagram.com\/dicodusport\/","https:\/\/www.youtube.com\/channel\/UC7V2KZ5sd3htJivAbA4ZG3w"],"description":"Dicodusport est l'encyclop\u00e9die de l'actualit\u00e9 sportive.","email":"bonjour@dicodusport.fr","legalName":"DICODUSPORT","foundingDate":"2018-01-14","vatID":"FR71834470973","taxID":"83447097300043","numberOfEmployees":{"@type":"QuantitativeValue","minValue":"1","maxValue":"10"}},{"@type":"Person","@id":"https:\/\/dicodusport.fr\/blog\/#\/schema\/person\/0eaf70b33d703a1a66b1155ac1bda018","name":"Pierre Gorce","image":{"@type":"ImageObject","inLanguage":"fr-FR","@id":"https:\/\/dicodusport.fr\/blog\/#\/schema\/person\/image\/","url":"https:\/\/dicodusport.fr\/blog\/wp-content\/uploads\/2022\/03\/IMG_20211214_233053_722-150x150.jpg","contentUrl":"https:\/\/dicodusport.fr\/blog\/wp-content\/uploads\/2022\/03\/IMG_20211214_233053_722-150x150.jpg","caption":"Pierre Gorce"},"description":"Couteau suisse venant tout droit de Haute-Savoie. Habitu\u00e9 \u00e0 regarder du sport depuis petit, j'en ai maintenant fait mon m\u00e9tier. Des sports d'hiver au surf, en passant par le tennis, la F1, le handball et l'athl\u00e9tisme, j'essaie d'avoir mes yeux sur l'enti\u00e8ret\u00e9 de l'actualit\u00e9. Jeune homme berc\u00e9 par les exploits de Jean-Baptiste Grange, Sebastian Vettel et des Experts. Membre de la g\u00e9n\u00e9ration 1999 comme Luka Doncic, Sydney McLaughlin, Lando Norris et Loana Lecomte, mais avec beaucoup moins de talent qu'eux.","sameAs":["https:\/\/x.com\/https:\/\/twitter.com\/pierregorce12"],"birthDate":"1999-08-29","url":"https:\/\/dicodusport.fr\/blog\/author\/pierreg\/"}]}},"_links":{"self":[{"href":"https:\/\/dicodusport.fr\/blog\/wp-json\/wp\/v2\/posts\/241360","targetHints":{"allow":["GET"]}}],"collection":[{"href":"https:\/\/dicodusport.fr\/blog\/wp-json\/wp\/v2\/posts"}],"about":[{"href":"https:\/\/dicodusport.fr\/blog\/wp-json\/wp\/v2\/types\/post"}],"author":[{"embeddable":true,"href":"https:\/\/dicodusport.fr\/blog\/wp-json\/wp\/v2\/users\/61"}],"replies":[{"embeddable":true,"href":"https:\/\/dicodusport.fr\/blog\/wp-json\/wp\/v2\/comments?post=241360"}],"version-history":[{"count":0,"href":"https:\/\/dicodusport.fr\/blog\/wp-json\/wp\/v2\/posts\/241360\/revisions"}],"wp:featuredmedia":[{"embeddable":true,"href":"https:\/\/dicodusport.fr\/blog\/wp-json\/wp\/v2\/media\/241399"}],"wp:attachment":[{"href":"https:\/\/dicodusport.fr\/blog\/wp-json\/wp\/v2\/media?parent=241360"}],"wp:term":[{"taxonomy":"category","embeddable":true,"href":"https:\/\/dicodusport.fr\/blog\/wp-json\/wp\/v2\/categories?post=241360"},{"taxonomy":"post_tag","embeddable":true,"href":"https:\/\/dicodusport.fr\/blog\/wp-json\/wp\/v2\/tags?post=241360"}],"curies":[{"name":"wp","href":"https:\/\/api.w.org\/{rel}","templated":true}]}}