{"id":241634,"date":"2022-07-09T16:01:29","date_gmt":"2022-07-09T14:01:29","guid":{"rendered":"https:\/\/dicodusport.fr\/blog\/?p=241634&#038;preview=true&#038;preview_id=241634"},"modified":"2022-07-09T19:27:30","modified_gmt":"2022-07-09T17:27:30","slug":"tour-de-france-2022-heure-et-chaine-de-la-9eme-etape","status":"publish","type":"post","link":"https:\/\/dicodusport.fr\/blog\/tour-de-france-2022-heure-et-chaine-de-la-9eme-etape\/","title":{"rendered":"Tour de France 2022 : Heure et cha\u00eene de la 9\u00e8me \u00e9tape"},"content":{"rendered":"<p style=\"text-align: justify;\"><em><a style=\"font-weight: bold;\" href=\"https:\/\/dicodusport.fr\/blog\/actualites\/cyclisme\/cyclisme-sur-route-2022\/tour-de-france-2022\/\">TOUR DE FRANCE 2022<\/a><b> &#8211; La neuvi\u00e8me \u00e9tape du Tour de France sera la premi\u00e8re dans les Alpes mais pas la plus dure. D\u00e9couvrez le programme TV.<\/b><\/em><\/p>\n<p style=\"text-align: justify;\">Premi\u00e8re \u00e9tape <strong>alpestre<\/strong> avec notamment deux cols de <strong>premi\u00e8re cat\u00e9gorie<\/strong> en fin de parcours mais une arriv\u00e9e apr\u00e8s une descente et une mont\u00e9e courte. Pas sur que ce soit un terrain de jeu pour voir des grandes manoeuvres entre les favoris. Une \u00e9chapp\u00e9e pourrait se jouer la gagne \u00e0 <strong>Ch\u00e2tel<\/strong>.<\/p>\n<h2 style=\"text-align: justify;\">Tour de France 2022 &#8211; Le programme TV de la 9\u00e8me \u00e9tape<\/h2>\n<h3 style=\"text-align: justify;\">Dimanche 10 juillet 2022 : \u00c9tape 9<\/h3>\n<p style=\"text-align: justify;\">12h55 : France 3<br \/>\n15h00 : France 2<br \/>\n12h45 : Eurosport 1<\/p>\n<p><span class=\"zH9RfSwG3A5Y\"><\/p>\n<blockquote class=\"wp-embedded-content\" data-secret=\"XdxSpxglPP\"><p><a href=\"https:\/\/dicodusport.fr\/blog\/tour-de-france-2022-parcours-et-profil-de-la-9eme-etape\/\">Tour de France 2022 &#8211; Parcours et profil de la 9\u00e8me \u00e9tape<\/a><\/p><\/blockquote>\n<p><iframe loading=\"lazy\" class=\"wp-embedded-content\" sandbox=\"allow-scripts\" security=\"restricted\" style=\"position: absolute; clip: rect(1px, 1px, 1px, 1px);\" title=\"\u00ab\u00a0Tour de France 2022 &#8211; Parcours et profil de la 9\u00e8me \u00e9tape\u00a0\u00bb &#8212; Dicodusport\" src=\"https:\/\/dicodusport.fr\/blog\/tour-de-france-2022-parcours-et-profil-de-la-9eme-etape\/embed\/#?secret=gthAzfoiX9#?secret=XdxSpxglPP\" data-secret=\"XdxSpxglPP\" width=\"600\" height=\"338\" frameborder=\"0\" marginwidth=\"0\" marginheight=\"0\" scrolling=\"no\"><\/iframe><\/span><\/p>\n<h2 style=\"text-align: justify;\">\u00c0 lire aussi<\/h2>\n<ul>\n<li style=\"text-align: justify;\"><strong><a href=\"https:\/\/dicodusport.fr\/blog\/tour-de-france-2022-nos-favoris-pour-la-9eme-etape\/\">Nos favoris pour la 9\u00e8me \u00e9tape<\/a>\u00a0<\/strong><\/li>\n<li style=\"text-align: justify;\"><a href=\"https:\/\/dicodusport.fr\/blog\/classement-general-tour-de-france-2022-maillot-jaune\/\"><strong>Classement g\u00e9n\u00e9ral du Tour de France 2022<\/strong><\/a><\/li>\n<li style=\"text-align: justify;\"><a href=\"https:\/\/dicodusport.fr\/blog\/toute-lactualite-du-tour-de-france-2022\/\" target=\"_blank\" rel=\"noopener\"><strong>Toute l\u2019actualit\u00e9 du Tour de France 2022<\/strong><\/a><\/li>\n<\/ul>\n","protected":false},"excerpt":{"rendered":"<p>TOUR DE FRANCE 2022 &#8211; La neuvi\u00e8me \u00e9tape du Tour de France sera la premi\u00e8re dans les Alpes mais pas la plus dure. D\u00e9couvrez le programme TV.<\/p>\n","protected":false},"author":1,"featured_media":241639,"comment_status":"open","ping_status":"closed","sticky":false,"template":"","format":"standard","meta":{"_acf_changed":false,"_daextam_enable_autolinks":"","footnotes":""},"categories":[46995],"tags":[17213,21872,21768,8799],"class_list":["post-241634","post","type-post","status-publish","format-standard","has-post-thumbnail","hentry","category-tour-de-france","tag-chaine","tag-heure","tag-horaire","tag-programme-tv"],"acf":[],"yoast_head":"<!-- This site is optimized with the Yoast SEO Premium plugin v26.7 (Yoast SEO v26.7) - https:\/\/yoast.com\/wordpress\/plugins\/seo\/ -->\n<title>Tour de France 2022 : Heure et cha\u00eene de la 9\u00e8me \u00e9tape<\/title>\n<meta name=\"description\" content=\"TOUR DE FRANCE 2022 - La neuvi\u00e8me \u00e9tape du Tour de France sera la premi\u00e8re dans les Alpes mais pas la plus dure. D\u00e9couvrez le programme TV.\" \/>\n<meta name=\"robots\" content=\"index, follow, max-snippet:-1, max-image-preview:large, max-video-preview:-1\" \/>\n<link rel=\"canonical\" href=\"https:\/\/dicodusport.fr\/blog\/tour-de-france-2022-heure-et-chaine-de-la-9eme-etape\/\" \/>\n<meta property=\"og:locale\" content=\"fr_FR\" \/>\n<meta property=\"og:type\" content=\"article\" \/>\n<meta property=\"og:title\" content=\"Tour de France 2022 : Heure et cha\u00eene de la 9\u00e8me \u00e9tape\" \/>\n<meta property=\"og:description\" content=\"TOUR DE FRANCE 2022 - La neuvi\u00e8me \u00e9tape du Tour de France sera la premi\u00e8re dans les Alpes mais pas la plus dure. D\u00e9couvrez le programme TV.\" \/>\n<meta property=\"og:url\" content=\"https:\/\/dicodusport.fr\/blog\/tour-de-france-2022-heure-et-chaine-de-la-9eme-etape\/\" \/>\n<meta property=\"og:site_name\" content=\"Dicodusport\" \/>\n<meta property=\"article:publisher\" content=\"https:\/\/www.facebook.com\/dicodusport\" \/>\n<meta property=\"article:author\" content=\"https:\/\/www.facebook.com\/dicodusport\" \/>\n<meta property=\"article:published_time\" content=\"2022-07-09T14:01:29+00:00\" \/>\n<meta property=\"article:modified_time\" content=\"2022-07-09T17:27:30+00:00\" \/>\n<meta property=\"og:image\" content=\"https:\/\/dicodusport.fr\/blog\/wp-content\/uploads\/2022\/07\/Tour-de-France-2022-Heure-et-chai\u0302ne-de-la-9e\u0300me-e\u0301tape.png\" \/>\n\t<meta property=\"og:image:width\" content=\"800\" \/>\n\t<meta property=\"og:image:height\" content=\"445\" \/>\n\t<meta property=\"og:image:type\" content=\"image\/png\" \/>\n<meta name=\"author\" content=\"Nicolas Jacquemard\" \/>\n<meta name=\"twitter:card\" content=\"summary_large_image\" \/>\n<meta name=\"twitter:title\" content=\"Tour de France 2022 : Heure et cha\u00eene de la 9\u00e8me \u00e9tape\" \/>\n<meta name=\"twitter:creator\" content=\"@https:\/\/twitter.com\/Nico_Jacquemard\" \/>\n<meta name=\"twitter:site\" content=\"@dicodusport\" \/>\n<script type=\"application\/ld+json\" class=\"yoast-schema-graph\">{\"@context\":\"https:\/\/schema.org\",\"@graph\":[{\"@type\":\"NewsArticle\",\"@id\":\"https:\/\/dicodusport.fr\/blog\/tour-de-france-2022-heure-et-chaine-de-la-9eme-etape\/#article\",\"isPartOf\":{\"@id\":\"https:\/\/dicodusport.fr\/blog\/tour-de-france-2022-heure-et-chaine-de-la-9eme-etape\/\"},\"author\":{\"name\":\"Nicolas Jacquemard\",\"@id\":\"https:\/\/dicodusport.fr\/blog\/#\/schema\/person\/55dcb50ad410894e431ed812bbb70191\"},\"headline\":\"Tour de France 2022 : Heure et cha\u00eene de la 9\u00e8me \u00e9tape\",\"datePublished\":\"2022-07-09T14:01:29+00:00\",\"dateModified\":\"2022-07-09T17:27:30+00:00\",\"mainEntityOfPage\":{\"@id\":\"https:\/\/dicodusport.fr\/blog\/tour-de-france-2022-heure-et-chaine-de-la-9eme-etape\/\"},\"wordCount\":147,\"commentCount\":0,\"publisher\":{\"@id\":\"https:\/\/dicodusport.fr\/blog\/#organization\"},\"image\":{\"@id\":\"https:\/\/dicodusport.fr\/blog\/tour-de-france-2022-heure-et-chaine-de-la-9eme-etape\/#primaryimage\"},\"thumbnailUrl\":\"https:\/\/dicodusport.fr\/blog\/wp-content\/uploads\/2022\/07\/Tour-de-France-2022-Heure-et-chai\u0302ne-de-la-9e\u0300me-e\u0301tape.png\",\"keywords\":[\"Cha\u00eene\",\"Heure\",\"Horaire\",\"Programme TV\"],\"articleSection\":[\"Tour de France\"],\"inLanguage\":\"fr-FR\",\"potentialAction\":[{\"@type\":\"CommentAction\",\"name\":\"Comment\",\"target\":[\"https:\/\/dicodusport.fr\/blog\/tour-de-france-2022-heure-et-chaine-de-la-9eme-etape\/#respond\"]}],\"copyrightYear\":\"2022\",\"copyrightHolder\":{\"@id\":\"https:\/\/dicodusport.fr\/blog\/#organization\"}},{\"@type\":\"WebPage\",\"@id\":\"https:\/\/dicodusport.fr\/blog\/tour-de-france-2022-heure-et-chaine-de-la-9eme-etape\/\",\"url\":\"https:\/\/dicodusport.fr\/blog\/tour-de-france-2022-heure-et-chaine-de-la-9eme-etape\/\",\"name\":\"Tour de France 2022 : Heure et cha\u00eene de la 9\u00e8me \u00e9tape\",\"isPartOf\":{\"@id\":\"https:\/\/dicodusport.fr\/blog\/#website\"},\"primaryImageOfPage\":{\"@id\":\"https:\/\/dicodusport.fr\/blog\/tour-de-france-2022-heure-et-chaine-de-la-9eme-etape\/#primaryimage\"},\"image\":{\"@id\":\"https:\/\/dicodusport.fr\/blog\/tour-de-france-2022-heure-et-chaine-de-la-9eme-etape\/#primaryimage\"},\"thumbnailUrl\":\"https:\/\/dicodusport.fr\/blog\/wp-content\/uploads\/2022\/07\/Tour-de-France-2022-Heure-et-chai\u0302ne-de-la-9e\u0300me-e\u0301tape.png\",\"datePublished\":\"2022-07-09T14:01:29+00:00\",\"dateModified\":\"2022-07-09T17:27:30+00:00\",\"description\":\"TOUR DE FRANCE 2022 - La neuvi\u00e8me \u00e9tape du Tour de France sera la premi\u00e8re dans les Alpes mais pas la plus dure. D\u00e9couvrez le programme TV.\",\"breadcrumb\":{\"@id\":\"https:\/\/dicodusport.fr\/blog\/tour-de-france-2022-heure-et-chaine-de-la-9eme-etape\/#breadcrumb\"},\"inLanguage\":\"fr-FR\",\"potentialAction\":[{\"@type\":\"ReadAction\",\"target\":[\"https:\/\/dicodusport.fr\/blog\/tour-de-france-2022-heure-et-chaine-de-la-9eme-etape\/\"]}]},{\"@type\":\"ImageObject\",\"inLanguage\":\"fr-FR\",\"@id\":\"https:\/\/dicodusport.fr\/blog\/tour-de-france-2022-heure-et-chaine-de-la-9eme-etape\/#primaryimage\",\"url\":\"https:\/\/dicodusport.fr\/blog\/wp-content\/uploads\/2022\/07\/Tour-de-France-2022-Heure-et-chai\u0302ne-de-la-9e\u0300me-e\u0301tape.png\",\"contentUrl\":\"https:\/\/dicodusport.fr\/blog\/wp-content\/uploads\/2022\/07\/Tour-de-France-2022-Heure-et-chai\u0302ne-de-la-9e\u0300me-e\u0301tape.png\",\"width\":800,\"height\":445},{\"@type\":\"BreadcrumbList\",\"@id\":\"https:\/\/dicodusport.fr\/blog\/tour-de-france-2022-heure-et-chaine-de-la-9eme-etape\/#breadcrumb\",\"itemListElement\":[{\"@type\":\"ListItem\",\"position\":1,\"name\":\"Accueil\",\"item\":\"https:\/\/dicodusport.fr\/blog\/\"},{\"@type\":\"ListItem\",\"position\":2,\"name\":\"Tour de France 2022 : Heure et cha\u00eene de la 9\u00e8me \u00e9tape\"}]},{\"@type\":\"WebSite\",\"@id\":\"https:\/\/dicodusport.fr\/blog\/#website\",\"url\":\"https:\/\/dicodusport.fr\/blog\/\",\"name\":\"Dicodusport\",\"description\":\"L&#039;encyclop\u00e9die de l&#039;actualit\u00e9 sportive\",\"publisher\":{\"@id\":\"https:\/\/dicodusport.fr\/blog\/#organization\"},\"potentialAction\":[{\"@type\":\"SearchAction\",\"target\":{\"@type\":\"EntryPoint\",\"urlTemplate\":\"https:\/\/dicodusport.fr\/blog\/?s={search_term_string}\"},\"query-input\":{\"@type\":\"PropertyValueSpecification\",\"valueRequired\":true,\"valueName\":\"search_term_string\"}}],\"inLanguage\":\"fr-FR\"},{\"@type\":\"NewsMediaOrganization\",\"@id\":\"https:\/\/dicodusport.fr\/blog\/#organization\",\"name\":\"Dicodusport\",\"url\":\"https:\/\/dicodusport.fr\/blog\/\",\"logo\":{\"@type\":\"ImageObject\",\"inLanguage\":\"fr-FR\",\"@id\":\"https:\/\/dicodusport.fr\/blog\/#\/schema\/logo\/image\/\",\"url\":\"https:\/\/dicodusport.fr\/blog\/wp-content\/uploads\/2020\/06\/cropped-LOGO-DICODUSPORT-2020-SANS-FOND-SANS-TEXTE.png\",\"contentUrl\":\"https:\/\/dicodusport.fr\/blog\/wp-content\/uploads\/2020\/06\/cropped-LOGO-DICODUSPORT-2020-SANS-FOND-SANS-TEXTE.png\",\"width\":512,\"height\":512,\"caption\":\"Dicodusport\"},\"image\":{\"@id\":\"https:\/\/dicodusport.fr\/blog\/#\/schema\/logo\/image\/\"},\"sameAs\":[\"https:\/\/www.facebook.com\/dicodusport\",\"https:\/\/x.com\/dicodusport\",\"https:\/\/www.instagram.com\/dicodusport\/\",\"https:\/\/www.youtube.com\/channel\/UC7V2KZ5sd3htJivAbA4ZG3w\"],\"description\":\"Dicodusport est l'encyclop\u00e9die de l'actualit\u00e9 sportive.\",\"email\":\"bonjour@dicodusport.fr\",\"legalName\":\"DICODUSPORT\",\"foundingDate\":\"2018-01-14\",\"vatID\":\"FR71834470973\",\"taxID\":\"83447097300043\",\"numberOfEmployees\":{\"@type\":\"QuantitativeValue\",\"minValue\":\"1\",\"maxValue\":\"10\"}},{\"@type\":\"Person\",\"@id\":\"https:\/\/dicodusport.fr\/blog\/#\/schema\/person\/55dcb50ad410894e431ed812bbb70191\",\"name\":\"Nicolas Jacquemard\",\"image\":{\"@type\":\"ImageObject\",\"inLanguage\":\"fr-FR\",\"@id\":\"https:\/\/dicodusport.fr\/blog\/#\/schema\/person\/image\/\",\"url\":\"https:\/\/dicodusport.fr\/blog\/wp-content\/uploads\/2021\/05\/Nicolas-Jacquemard-150x150.jpeg\",\"contentUrl\":\"https:\/\/dicodusport.fr\/blog\/wp-content\/uploads\/2021\/05\/Nicolas-Jacquemard-150x150.jpeg\",\"caption\":\"Nicolas Jacquemard\"},\"description\":\"Passionn\u00e9 de sport et entrepreneur depuis mes 18 ans, la cr\u00e9ation de Dicodusport m'a sembl\u00e9 \u00e9vidente pour participer \u00e0 la m\u00e9diatisation d'un plus grand nombre de sports. Le chemin est long mais avec une \u00e9quipe des plus motiv\u00e9es et les Jeux Olympiques de Paris 2024 en point de mire, nous y arriverons ! Journaliste dans le monde du sport depuis plus de 5 ans, je traite aussi bien de football, de rugby, de biathlon que de cyclisme.\",\"sameAs\":[\"https:\/\/www.facebook.com\/dicodusport\",\"https:\/\/x.com\/https:\/\/twitter.com\/Nico_Jacquemard\"],\"url\":\"https:\/\/dicodusport.fr\/blog\/author\/dicodusport\/\"}]}<\/script>\n<!-- \/ Yoast SEO Premium plugin. -->","yoast_head_json":{"title":"Tour de France 2022 : Heure et cha\u00eene de la 9\u00e8me \u00e9tape","description":"TOUR DE FRANCE 2022 - La neuvi\u00e8me \u00e9tape du Tour de France sera la premi\u00e8re dans les Alpes mais pas la plus dure. D\u00e9couvrez le programme TV.","robots":{"index":"index","follow":"follow","max-snippet":"max-snippet:-1","max-image-preview":"max-image-preview:large","max-video-preview":"max-video-preview:-1"},"canonical":"https:\/\/dicodusport.fr\/blog\/tour-de-france-2022-heure-et-chaine-de-la-9eme-etape\/","og_locale":"fr_FR","og_type":"article","og_title":"Tour de France 2022 : Heure et cha\u00eene de la 9\u00e8me \u00e9tape","og_description":"TOUR DE FRANCE 2022 - La neuvi\u00e8me \u00e9tape du Tour de France sera la premi\u00e8re dans les Alpes mais pas la plus dure. D\u00e9couvrez le programme TV.","og_url":"https:\/\/dicodusport.fr\/blog\/tour-de-france-2022-heure-et-chaine-de-la-9eme-etape\/","og_site_name":"Dicodusport","article_publisher":"https:\/\/www.facebook.com\/dicodusport","article_author":"https:\/\/www.facebook.com\/dicodusport","article_published_time":"2022-07-09T14:01:29+00:00","article_modified_time":"2022-07-09T17:27:30+00:00","og_image":[{"width":800,"height":445,"url":"https:\/\/dicodusport.fr\/blog\/wp-content\/uploads\/2022\/07\/Tour-de-France-2022-Heure-et-chai\u0302ne-de-la-9e\u0300me-e\u0301tape.png","type":"image\/png"}],"author":"Nicolas Jacquemard","twitter_card":"summary_large_image","twitter_title":"Tour de France 2022 : Heure et cha\u00eene de la 9\u00e8me \u00e9tape","twitter_creator":"@https:\/\/twitter.com\/Nico_Jacquemard","twitter_site":"@dicodusport","schema":{"@context":"https:\/\/schema.org","@graph":[{"@type":"NewsArticle","@id":"https:\/\/dicodusport.fr\/blog\/tour-de-france-2022-heure-et-chaine-de-la-9eme-etape\/#article","isPartOf":{"@id":"https:\/\/dicodusport.fr\/blog\/tour-de-france-2022-heure-et-chaine-de-la-9eme-etape\/"},"author":{"name":"Nicolas Jacquemard","@id":"https:\/\/dicodusport.fr\/blog\/#\/schema\/person\/55dcb50ad410894e431ed812bbb70191"},"headline":"Tour de France 2022 : Heure et cha\u00eene de la 9\u00e8me \u00e9tape","datePublished":"2022-07-09T14:01:29+00:00","dateModified":"2022-07-09T17:27:30+00:00","mainEntityOfPage":{"@id":"https:\/\/dicodusport.fr\/blog\/tour-de-france-2022-heure-et-chaine-de-la-9eme-etape\/"},"wordCount":147,"commentCount":0,"publisher":{"@id":"https:\/\/dicodusport.fr\/blog\/#organization"},"image":{"@id":"https:\/\/dicodusport.fr\/blog\/tour-de-france-2022-heure-et-chaine-de-la-9eme-etape\/#primaryimage"},"thumbnailUrl":"https:\/\/dicodusport.fr\/blog\/wp-content\/uploads\/2022\/07\/Tour-de-France-2022-Heure-et-chai\u0302ne-de-la-9e\u0300me-e\u0301tape.png","keywords":["Cha\u00eene","Heure","Horaire","Programme TV"],"articleSection":["Tour de France"],"inLanguage":"fr-FR","potentialAction":[{"@type":"CommentAction","name":"Comment","target":["https:\/\/dicodusport.fr\/blog\/tour-de-france-2022-heure-et-chaine-de-la-9eme-etape\/#respond"]}],"copyrightYear":"2022","copyrightHolder":{"@id":"https:\/\/dicodusport.fr\/blog\/#organization"}},{"@type":"WebPage","@id":"https:\/\/dicodusport.fr\/blog\/tour-de-france-2022-heure-et-chaine-de-la-9eme-etape\/","url":"https:\/\/dicodusport.fr\/blog\/tour-de-france-2022-heure-et-chaine-de-la-9eme-etape\/","name":"Tour de France 2022 : Heure et cha\u00eene de la 9\u00e8me \u00e9tape","isPartOf":{"@id":"https:\/\/dicodusport.fr\/blog\/#website"},"primaryImageOfPage":{"@id":"https:\/\/dicodusport.fr\/blog\/tour-de-france-2022-heure-et-chaine-de-la-9eme-etape\/#primaryimage"},"image":{"@id":"https:\/\/dicodusport.fr\/blog\/tour-de-france-2022-heure-et-chaine-de-la-9eme-etape\/#primaryimage"},"thumbnailUrl":"https:\/\/dicodusport.fr\/blog\/wp-content\/uploads\/2022\/07\/Tour-de-France-2022-Heure-et-chai\u0302ne-de-la-9e\u0300me-e\u0301tape.png","datePublished":"2022-07-09T14:01:29+00:00","dateModified":"2022-07-09T17:27:30+00:00","description":"TOUR DE FRANCE 2022 - La neuvi\u00e8me \u00e9tape du Tour de France sera la premi\u00e8re dans les Alpes mais pas la plus dure. D\u00e9couvrez le programme TV.","breadcrumb":{"@id":"https:\/\/dicodusport.fr\/blog\/tour-de-france-2022-heure-et-chaine-de-la-9eme-etape\/#breadcrumb"},"inLanguage":"fr-FR","potentialAction":[{"@type":"ReadAction","target":["https:\/\/dicodusport.fr\/blog\/tour-de-france-2022-heure-et-chaine-de-la-9eme-etape\/"]}]},{"@type":"ImageObject","inLanguage":"fr-FR","@id":"https:\/\/dicodusport.fr\/blog\/tour-de-france-2022-heure-et-chaine-de-la-9eme-etape\/#primaryimage","url":"https:\/\/dicodusport.fr\/blog\/wp-content\/uploads\/2022\/07\/Tour-de-France-2022-Heure-et-chai\u0302ne-de-la-9e\u0300me-e\u0301tape.png","contentUrl":"https:\/\/dicodusport.fr\/blog\/wp-content\/uploads\/2022\/07\/Tour-de-France-2022-Heure-et-chai\u0302ne-de-la-9e\u0300me-e\u0301tape.png","width":800,"height":445},{"@type":"BreadcrumbList","@id":"https:\/\/dicodusport.fr\/blog\/tour-de-france-2022-heure-et-chaine-de-la-9eme-etape\/#breadcrumb","itemListElement":[{"@type":"ListItem","position":1,"name":"Accueil","item":"https:\/\/dicodusport.fr\/blog\/"},{"@type":"ListItem","position":2,"name":"Tour de France 2022 : Heure et cha\u00eene de la 9\u00e8me \u00e9tape"}]},{"@type":"WebSite","@id":"https:\/\/dicodusport.fr\/blog\/#website","url":"https:\/\/dicodusport.fr\/blog\/","name":"Dicodusport","description":"L&#039;encyclop\u00e9die de l&#039;actualit\u00e9 sportive","publisher":{"@id":"https:\/\/dicodusport.fr\/blog\/#organization"},"potentialAction":[{"@type":"SearchAction","target":{"@type":"EntryPoint","urlTemplate":"https:\/\/dicodusport.fr\/blog\/?s={search_term_string}"},"query-input":{"@type":"PropertyValueSpecification","valueRequired":true,"valueName":"search_term_string"}}],"inLanguage":"fr-FR"},{"@type":"NewsMediaOrganization","@id":"https:\/\/dicodusport.fr\/blog\/#organization","name":"Dicodusport","url":"https:\/\/dicodusport.fr\/blog\/","logo":{"@type":"ImageObject","inLanguage":"fr-FR","@id":"https:\/\/dicodusport.fr\/blog\/#\/schema\/logo\/image\/","url":"https:\/\/dicodusport.fr\/blog\/wp-content\/uploads\/2020\/06\/cropped-LOGO-DICODUSPORT-2020-SANS-FOND-SANS-TEXTE.png","contentUrl":"https:\/\/dicodusport.fr\/blog\/wp-content\/uploads\/2020\/06\/cropped-LOGO-DICODUSPORT-2020-SANS-FOND-SANS-TEXTE.png","width":512,"height":512,"caption":"Dicodusport"},"image":{"@id":"https:\/\/dicodusport.fr\/blog\/#\/schema\/logo\/image\/"},"sameAs":["https:\/\/www.facebook.com\/dicodusport","https:\/\/x.com\/dicodusport","https:\/\/www.instagram.com\/dicodusport\/","https:\/\/www.youtube.com\/channel\/UC7V2KZ5sd3htJivAbA4ZG3w"],"description":"Dicodusport est l'encyclop\u00e9die de l'actualit\u00e9 sportive.","email":"bonjour@dicodusport.fr","legalName":"DICODUSPORT","foundingDate":"2018-01-14","vatID":"FR71834470973","taxID":"83447097300043","numberOfEmployees":{"@type":"QuantitativeValue","minValue":"1","maxValue":"10"}},{"@type":"Person","@id":"https:\/\/dicodusport.fr\/blog\/#\/schema\/person\/55dcb50ad410894e431ed812bbb70191","name":"Nicolas Jacquemard","image":{"@type":"ImageObject","inLanguage":"fr-FR","@id":"https:\/\/dicodusport.fr\/blog\/#\/schema\/person\/image\/","url":"https:\/\/dicodusport.fr\/blog\/wp-content\/uploads\/2021\/05\/Nicolas-Jacquemard-150x150.jpeg","contentUrl":"https:\/\/dicodusport.fr\/blog\/wp-content\/uploads\/2021\/05\/Nicolas-Jacquemard-150x150.jpeg","caption":"Nicolas Jacquemard"},"description":"Passionn\u00e9 de sport et entrepreneur depuis mes 18 ans, la cr\u00e9ation de Dicodusport m'a sembl\u00e9 \u00e9vidente pour participer \u00e0 la m\u00e9diatisation d'un plus grand nombre de sports. Le chemin est long mais avec une \u00e9quipe des plus motiv\u00e9es et les Jeux Olympiques de Paris 2024 en point de mire, nous y arriverons ! Journaliste dans le monde du sport depuis plus de 5 ans, je traite aussi bien de football, de rugby, de biathlon que de cyclisme.","sameAs":["https:\/\/www.facebook.com\/dicodusport","https:\/\/x.com\/https:\/\/twitter.com\/Nico_Jacquemard"],"url":"https:\/\/dicodusport.fr\/blog\/author\/dicodusport\/"}]}},"_links":{"self":[{"href":"https:\/\/dicodusport.fr\/blog\/wp-json\/wp\/v2\/posts\/241634","targetHints":{"allow":["GET"]}}],"collection":[{"href":"https:\/\/dicodusport.fr\/blog\/wp-json\/wp\/v2\/posts"}],"about":[{"href":"https:\/\/dicodusport.fr\/blog\/wp-json\/wp\/v2\/types\/post"}],"author":[{"embeddable":true,"href":"https:\/\/dicodusport.fr\/blog\/wp-json\/wp\/v2\/users\/1"}],"replies":[{"embeddable":true,"href":"https:\/\/dicodusport.fr\/blog\/wp-json\/wp\/v2\/comments?post=241634"}],"version-history":[{"count":0,"href":"https:\/\/dicodusport.fr\/blog\/wp-json\/wp\/v2\/posts\/241634\/revisions"}],"wp:featuredmedia":[{"embeddable":true,"href":"https:\/\/dicodusport.fr\/blog\/wp-json\/wp\/v2\/media\/241639"}],"wp:attachment":[{"href":"https:\/\/dicodusport.fr\/blog\/wp-json\/wp\/v2\/media?parent=241634"}],"wp:term":[{"taxonomy":"category","embeddable":true,"href":"https:\/\/dicodusport.fr\/blog\/wp-json\/wp\/v2\/categories?post=241634"},{"taxonomy":"post_tag","embeddable":true,"href":"https:\/\/dicodusport.fr\/blog\/wp-json\/wp\/v2\/tags?post=241634"}],"curies":[{"name":"wp","href":"https:\/\/api.w.org\/{rel}","templated":true}]}}