{"id":241800,"date":"2022-07-09T23:16:17","date_gmt":"2022-07-09T21:16:17","guid":{"rendered":"https:\/\/dicodusport.fr\/blog\/?p=241800"},"modified":"2022-07-09T23:21:36","modified_gmt":"2022-07-09T21:21:36","slug":"coupe-du-monde-de-basket-u17-les-bleuets-sinclinent-en-demi-finale-face-a-lespagne","status":"publish","type":"post","link":"https:\/\/dicodusport.fr\/blog\/coupe-du-monde-de-basket-u17-les-bleuets-sinclinent-en-demi-finale-face-a-lespagne\/","title":{"rendered":"Coupe du monde de basket U17 : Les Bleuets s&rsquo;inclinent en demi-finale face \u00e0 l&rsquo;Espagne"},"content":{"rendered":"<p style=\"text-align: justify;\"><em><strong><a title=\"Calendrier et r\u00e9sultats Coupe du monde masculine de basket U17\" href=\"https:\/\/dicodusport.fr\/blog\/calendrier-et-resultats-coupe-du-monde-masculine-de-basket-u17\/\" target=\"_blank\" rel=\"noopener\">COUPE DU MONDE U17 MASCULINE<\/a> &#8211; Une des plus grandes rivalit\u00e9s du basket FIBA \u00e9tait \u00e0 l&rsquo;honneur ce soir. Depuis les affrontements entre la g\u00e9n\u00e9ration de Tony Parker et celle des fr\u00e8res Gasol, la France et l&rsquo;Espagne sont deux ennemies jur\u00e9es en basketball. Et m\u00eame s&rsquo;il ne s&rsquo;agissait ici que des jeunes de moins de 17 ans, un tel affrontement est forc\u00e9ment tr\u00e8s attendu.<\/strong><\/em><\/p>\n<p style=\"text-align: justify;\">Nos Bleuets ont \u00e9t\u00e9 tr\u00e8s forts depuis le d\u00e9but de ce tournoi. A aucun moment, ils n&rsquo;ont sembl\u00e9 \u00eatre r\u00e9ellement inqui\u00e9t\u00e9s par leurs adversaires, si ce n&rsquo;est peut-\u00eatre au d\u00e9but du match contre la Slov\u00e9nie. Cependant, c&rsquo;\u00e9tait un adversaire bien plus coriace qui se pr\u00e9sentait face \u00e0 nos Bleuets en demi-finale : l&rsquo;<strong>Espagne<\/strong>, triomphante de l&rsquo;Australie en quarts.<\/p>\n<h2 style=\"text-align: justify;\">Difficult\u00e9s dans la raquette<\/h2>\n<p style=\"text-align: justify;\">Les premi\u00e8res minutes du match sont domin\u00e9es par les Fran\u00e7ais. Gr\u00e2ce \u00e0 une d\u00e9fense \u00e9touffante, ils m\u00e8nent rapidement 8-1. Cependant, le pivot <strong>Wilson Jacques,<\/strong> auteur d&rsquo;une belle entame, se retrouve vite emb\u00eat\u00e9 par les fautes, et est oblig\u00e9 de sortir en plein milieu du premier quart. Il ne reviendra pas de la mi-temps sur le terrain. Cela va \u00eatre l&rsquo;occasion pour le pivot rempla\u00e7ant adverse, <strong>Aday Mara<\/strong>, de profiter de sa taille. Pourtant, <strong>Alexandre Sarr<\/strong> se bat et ne fait pas un mauvais match, mais il semble d\u00e9pass\u00e9 face \u00e0 ce <strong>g\u00e9ant de 2m20<\/strong>.<\/p>\n<p style=\"text-align: justify;\">L&rsquo;entame du deuxi\u00e8me quart est d&rsquo;ailleurs catastrophique pour les Bleus. Alors que le premier quart restait une p\u00e9riode de domination fran\u00e7aise, l&rsquo;\u00e9quipe va prendre un <strong>run de 7-0<\/strong>. L&rsquo;Espagne prend alors la t\u00eate pour la premi\u00e8re fois du match. A ce moment, toute l&rsquo;agressivit\u00e9 que <strong>Malwaya<\/strong> avait sur l&rsquo;entame, la grosse d\u00e9fense collective et <strong>les coups d&rsquo;\u00e9clats de Pietrus ou Sarr disparaissent.<\/strong> Les replis d\u00e9fensifs sur jeu rapide sont d&rsquo;ailleurs le principal probl\u00e8me des Bleus. D&rsquo;autant que de l&rsquo;autre c\u00f4t\u00e9, un petit passage en zone a suffi \u00e0 fortement les d\u00e9stabiliser. Pourtant, l&rsquo;\u00e9quipe finit par s&rsquo;en sortir, notamment gr\u00e2ce \u00e0 un super passage de <strong>Noah Penda<\/strong> en sortie de banc.<\/p>\n<h2 style=\"text-align: justify;\">Une adresse en berne<\/h2>\n<p style=\"text-align: justify;\">A la mi-temps rien n&rsquo;est jou\u00e9. L&rsquo;Espagne m\u00e8ne de deux points, mais Mara va devoir faire face \u00e0 Jacques. Sa deuxi\u00e8me mi-temps est par cons\u00e9quent moins bonne, puisque <strong>11 de ses 16 points sont scor\u00e9s avant la pause<\/strong>. Le troisi\u00e8me quart-temps est ainsi \u00e0 l&rsquo;avantage des Bleus, qui enchainent les bonnes p\u00e9n\u00e9trations, \u00e0 d\u00e9faut d&rsquo;arriver \u00e0 mettre dedans de loin. Et c&rsquo;est d&rsquo;ailleurs peut-\u00eatre le point central de ce match : l&rsquo;adresse des deux \u00e9quipes. Seulement 2 tirs \u00e0 trois-points marqu\u00e9s par \u00e9quipe. Le probl\u00e8me \u00e9tant que la France va en tenter 19, contre 11 pour les Espagnols. En r\u00e9sulte un bon nombre de possessions g\u00e2ch\u00e9es par une tactique \u00e0 base de \u00ab\u00a0continuez de tirer jusqu&rsquo;\u00e0 ce que \u00e7a rentre\u00a0\u00bb propos\u00e9e par le coach bleu.<\/p>\n<p style=\"text-align: justify;\">Le dernier quart-temps est finalement une catastrophe industrielle pour les Fran\u00e7ais. Ils n&rsquo;arrivent tout simplement plus \u00e0 rentrer le moindre tir. Le drame est tel, que le score final de cette p\u00e9riode est de 22-5 en faveur de l&rsquo;Espagne,<strong> qui remporte le match 68-53<\/strong>.<\/p>\n<p style=\"text-align: justify;\">A croire qu&rsquo;\u00e0 force de rouler sur leurs adversaires, les jeunes Bleus ne savaient pas comment g\u00e9rer une fin de match serr\u00e9e. Certains leaders de ce jeune groupe ont malheureusement \u00e9t\u00e9 trop discrets ce soir. C&rsquo;est le cas par exemple de <strong>Diawara<\/strong>, qui n&rsquo;a marqu\u00e9 qu&rsquo;un seul petit point, ou encore de<strong> Zacharie Risacher<\/strong> qui avait pourtant cartonn\u00e9 en phase finale.<\/p>\n<blockquote class=\"twitter-tweet\">\n<p dir=\"ltr\" lang=\"en\">SPAIN ARE <a href=\"https:\/\/twitter.com\/hashtag\/FIBAU17?src=hash&amp;ref_src=twsrc%5Etfw\">#FIBAU17<\/a> FINALS BOUND!<\/p>\n<p>&#x1f1ea;&#x1f1f8;&#x1f1ea;&#x1f1f8;&#x1f1ea;&#x1f1f8; <a href=\"https:\/\/t.co\/kore4nRWKf\">pic.twitter.com\/kore4nRWKf<\/a><\/p>\n<p>\u2014 NextGen Hoops (@NextGenHoops) <a href=\"https:\/\/twitter.com\/NextGenHoops\/status\/1545872200309374976?ref_src=twsrc%5Etfw\">July 9, 2022<\/a><\/p><\/blockquote>\n<p><script async src=\"https:\/\/platform.twitter.com\/widgets.js\" charset=\"utf-8\"><\/script><\/p>\n<p style=\"text-align: justify;\"><em><strong>Une fin am\u00e8re pour les Bleuets, tant on avait l&rsquo;impression que ce groupe pouvait aller plus loin. Le parcours a cependant \u00e9t\u00e9 tr\u00e8s beau d\u00e8s le d\u00e9but. On attendra de voir ce que donnera le match pour la 3e place contre la Lituanie, mais ce qui est s\u00fbr, c&rsquo;est que ce groupe a beaucoup appris ce soir.<\/strong><\/em><\/p>\n","protected":false},"excerpt":{"rendered":"<p>COUPE DU MONDE U17 MASCULINE &#8211; Une des plus grandes rivalit\u00e9s du basket FIBA \u00e9tait \u00e0 l&rsquo;honneur ce soir. Depuis les affrontements entre la g\u00e9n\u00e9ration de Tony Parker et celle des fr\u00e8res Gasol, la France et l&rsquo;Espagne sont deux ennemies jur\u00e9es en basketball. Et m\u00eame s&rsquo;il ne s&rsquo;agissait ici que des jeunes de moins de 17 ans, un tel affrontement est forc\u00e9ment tr\u00e8s attendu.<\/p>\n","protected":false},"author":58,"featured_media":241824,"comment_status":"open","ping_status":"closed","sticky":false,"template":"","format":"standard","meta":{"_acf_changed":false,"_daextam_enable_autolinks":"","footnotes":""},"categories":[2305],"tags":[],"class_list":["post-241800","post","type-post","status-publish","format-standard","has-post-thumbnail","hentry","category-basket-ball"],"acf":[],"yoast_head":"<!-- This site is optimized with the Yoast SEO Premium plugin v26.7 (Yoast SEO v26.7) - https:\/\/yoast.com\/wordpress\/plugins\/seo\/ -->\n<title>Coupe du monde de basket U17 : Les Bleuets s&#039;inclinent en demi-finale face \u00e0 l&#039;Espagne<\/title>\n<meta name=\"description\" content=\"Les Fran\u00e7ais se sont malheureusement inclin\u00e9s 68-53 face \u00e0 l&#039;Espagne en demi-finale du mondial U17 masculin \u00e0 Malaga.\" \/>\n<meta name=\"robots\" content=\"index, follow, max-snippet:-1, max-image-preview:large, max-video-preview:-1\" \/>\n<link rel=\"canonical\" href=\"https:\/\/dicodusport.fr\/blog\/coupe-du-monde-de-basket-u17-les-bleuets-sinclinent-en-demi-finale-face-a-lespagne\/\" \/>\n<meta property=\"og:locale\" content=\"fr_FR\" \/>\n<meta property=\"og:type\" content=\"article\" \/>\n<meta property=\"og:title\" content=\"Coupe du monde de basket U17 : Les Bleuets s&#039;inclinent en demi-finale face \u00e0 l&#039;Espagne\" \/>\n<meta property=\"og:description\" content=\"Les Fran\u00e7ais se sont malheureusement inclin\u00e9s 68-53 face \u00e0 l&#039;Espagne en demi-finale du mondial U17 masculin \u00e0 Malaga.\" \/>\n<meta property=\"og:url\" content=\"https:\/\/dicodusport.fr\/blog\/coupe-du-monde-de-basket-u17-les-bleuets-sinclinent-en-demi-finale-face-a-lespagne\/\" \/>\n<meta property=\"og:site_name\" content=\"Dicodusport\" \/>\n<meta property=\"article:publisher\" content=\"https:\/\/www.facebook.com\/dicodusport\" \/>\n<meta property=\"article:published_time\" content=\"2022-07-09T21:16:17+00:00\" \/>\n<meta property=\"article:modified_time\" content=\"2022-07-09T21:21:36+00:00\" \/>\n<meta property=\"og:image\" content=\"https:\/\/dicodusport.fr\/blog\/wp-content\/uploads\/2022\/07\/Coupe-du-monde-de-basket-U17-\u2013-Les-bleuets-sinclinent-en-demi-finale-face-a-lEspagne.jpg\" \/>\n\t<meta property=\"og:image:width\" content=\"800\" \/>\n\t<meta property=\"og:image:height\" content=\"445\" \/>\n\t<meta property=\"og:image:type\" content=\"image\/jpeg\" \/>\n<meta name=\"author\" content=\"Joris Schamberger\" \/>\n<meta name=\"twitter:card\" content=\"summary_large_image\" \/>\n<meta name=\"twitter:title\" content=\"Coupe du monde de basket U17 : Les Bleuets s&#039;inclinent en demi-finale face \u00e0 l&#039;Espagne\" \/>\n<meta name=\"twitter:creator\" content=\"@https:\/\/twitter.com\/nortallis\" \/>\n<meta name=\"twitter:site\" content=\"@dicodusport\" \/>\n<script type=\"application\/ld+json\" class=\"yoast-schema-graph\">{\"@context\":\"https:\/\/schema.org\",\"@graph\":[{\"@type\":\"NewsArticle\",\"@id\":\"https:\/\/dicodusport.fr\/blog\/coupe-du-monde-de-basket-u17-les-bleuets-sinclinent-en-demi-finale-face-a-lespagne\/#article\",\"isPartOf\":{\"@id\":\"https:\/\/dicodusport.fr\/blog\/coupe-du-monde-de-basket-u17-les-bleuets-sinclinent-en-demi-finale-face-a-lespagne\/\"},\"author\":{\"name\":\"Joris Schamberger\",\"@id\":\"https:\/\/dicodusport.fr\/blog\/#\/schema\/person\/0224f8580e06682bac703a13ee76c673\"},\"headline\":\"Coupe du monde de basket U17 : Les Bleuets s&rsquo;inclinent en demi-finale face \u00e0 l&rsquo;Espagne\",\"datePublished\":\"2022-07-09T21:16:17+00:00\",\"dateModified\":\"2022-07-09T21:21:36+00:00\",\"mainEntityOfPage\":{\"@id\":\"https:\/\/dicodusport.fr\/blog\/coupe-du-monde-de-basket-u17-les-bleuets-sinclinent-en-demi-finale-face-a-lespagne\/\"},\"wordCount\":747,\"commentCount\":0,\"publisher\":{\"@id\":\"https:\/\/dicodusport.fr\/blog\/#organization\"},\"image\":{\"@id\":\"https:\/\/dicodusport.fr\/blog\/coupe-du-monde-de-basket-u17-les-bleuets-sinclinent-en-demi-finale-face-a-lespagne\/#primaryimage\"},\"thumbnailUrl\":\"https:\/\/dicodusport.fr\/blog\/wp-content\/uploads\/2022\/07\/Coupe-du-monde-de-basket-U17-\u2013-Les-bleuets-sinclinent-en-demi-finale-face-a-lEspagne.jpg\",\"articleSection\":[\"Basket-ball\"],\"inLanguage\":\"fr-FR\",\"potentialAction\":[{\"@type\":\"CommentAction\",\"name\":\"Comment\",\"target\":[\"https:\/\/dicodusport.fr\/blog\/coupe-du-monde-de-basket-u17-les-bleuets-sinclinent-en-demi-finale-face-a-lespagne\/#respond\"]}],\"copyrightYear\":\"2022\",\"copyrightHolder\":{\"@id\":\"https:\/\/dicodusport.fr\/blog\/#organization\"}},{\"@type\":\"WebPage\",\"@id\":\"https:\/\/dicodusport.fr\/blog\/coupe-du-monde-de-basket-u17-les-bleuets-sinclinent-en-demi-finale-face-a-lespagne\/\",\"url\":\"https:\/\/dicodusport.fr\/blog\/coupe-du-monde-de-basket-u17-les-bleuets-sinclinent-en-demi-finale-face-a-lespagne\/\",\"name\":\"Coupe du monde de basket U17 : Les Bleuets s'inclinent en demi-finale face \u00e0 l'Espagne\",\"isPartOf\":{\"@id\":\"https:\/\/dicodusport.fr\/blog\/#website\"},\"primaryImageOfPage\":{\"@id\":\"https:\/\/dicodusport.fr\/blog\/coupe-du-monde-de-basket-u17-les-bleuets-sinclinent-en-demi-finale-face-a-lespagne\/#primaryimage\"},\"image\":{\"@id\":\"https:\/\/dicodusport.fr\/blog\/coupe-du-monde-de-basket-u17-les-bleuets-sinclinent-en-demi-finale-face-a-lespagne\/#primaryimage\"},\"thumbnailUrl\":\"https:\/\/dicodusport.fr\/blog\/wp-content\/uploads\/2022\/07\/Coupe-du-monde-de-basket-U17-\u2013-Les-bleuets-sinclinent-en-demi-finale-face-a-lEspagne.jpg\",\"datePublished\":\"2022-07-09T21:16:17+00:00\",\"dateModified\":\"2022-07-09T21:21:36+00:00\",\"description\":\"Les Fran\u00e7ais se sont malheureusement inclin\u00e9s 68-53 face \u00e0 l'Espagne en demi-finale du mondial U17 masculin \u00e0 Malaga.\",\"breadcrumb\":{\"@id\":\"https:\/\/dicodusport.fr\/blog\/coupe-du-monde-de-basket-u17-les-bleuets-sinclinent-en-demi-finale-face-a-lespagne\/#breadcrumb\"},\"inLanguage\":\"fr-FR\",\"potentialAction\":[{\"@type\":\"ReadAction\",\"target\":[\"https:\/\/dicodusport.fr\/blog\/coupe-du-monde-de-basket-u17-les-bleuets-sinclinent-en-demi-finale-face-a-lespagne\/\"]}]},{\"@type\":\"ImageObject\",\"inLanguage\":\"fr-FR\",\"@id\":\"https:\/\/dicodusport.fr\/blog\/coupe-du-monde-de-basket-u17-les-bleuets-sinclinent-en-demi-finale-face-a-lespagne\/#primaryimage\",\"url\":\"https:\/\/dicodusport.fr\/blog\/wp-content\/uploads\/2022\/07\/Coupe-du-monde-de-basket-U17-\u2013-Les-bleuets-sinclinent-en-demi-finale-face-a-lEspagne.jpg\",\"contentUrl\":\"https:\/\/dicodusport.fr\/blog\/wp-content\/uploads\/2022\/07\/Coupe-du-monde-de-basket-U17-\u2013-Les-bleuets-sinclinent-en-demi-finale-face-a-lEspagne.jpg\",\"width\":800,\"height\":445,\"caption\":\"Coupe du monde de basket U17 \u2013 Les bleuets s\u2019inclinent en demi-finale face \u00e0 l\u2019Espagne\"},{\"@type\":\"BreadcrumbList\",\"@id\":\"https:\/\/dicodusport.fr\/blog\/coupe-du-monde-de-basket-u17-les-bleuets-sinclinent-en-demi-finale-face-a-lespagne\/#breadcrumb\",\"itemListElement\":[{\"@type\":\"ListItem\",\"position\":1,\"name\":\"Accueil\",\"item\":\"https:\/\/dicodusport.fr\/blog\/\"},{\"@type\":\"ListItem\",\"position\":2,\"name\":\"Coupe du monde de basket U17 : Les Bleuets s&rsquo;inclinent en demi-finale face \u00e0 l&rsquo;Espagne\"}]},{\"@type\":\"WebSite\",\"@id\":\"https:\/\/dicodusport.fr\/blog\/#website\",\"url\":\"https:\/\/dicodusport.fr\/blog\/\",\"name\":\"Dicodusport\",\"description\":\"L&#039;encyclop\u00e9die de l&#039;actualit\u00e9 sportive\",\"publisher\":{\"@id\":\"https:\/\/dicodusport.fr\/blog\/#organization\"},\"potentialAction\":[{\"@type\":\"SearchAction\",\"target\":{\"@type\":\"EntryPoint\",\"urlTemplate\":\"https:\/\/dicodusport.fr\/blog\/?s={search_term_string}\"},\"query-input\":{\"@type\":\"PropertyValueSpecification\",\"valueRequired\":true,\"valueName\":\"search_term_string\"}}],\"inLanguage\":\"fr-FR\"},{\"@type\":\"NewsMediaOrganization\",\"@id\":\"https:\/\/dicodusport.fr\/blog\/#organization\",\"name\":\"Dicodusport\",\"url\":\"https:\/\/dicodusport.fr\/blog\/\",\"logo\":{\"@type\":\"ImageObject\",\"inLanguage\":\"fr-FR\",\"@id\":\"https:\/\/dicodusport.fr\/blog\/#\/schema\/logo\/image\/\",\"url\":\"https:\/\/dicodusport.fr\/blog\/wp-content\/uploads\/2020\/06\/cropped-LOGO-DICODUSPORT-2020-SANS-FOND-SANS-TEXTE.png\",\"contentUrl\":\"https:\/\/dicodusport.fr\/blog\/wp-content\/uploads\/2020\/06\/cropped-LOGO-DICODUSPORT-2020-SANS-FOND-SANS-TEXTE.png\",\"width\":512,\"height\":512,\"caption\":\"Dicodusport\"},\"image\":{\"@id\":\"https:\/\/dicodusport.fr\/blog\/#\/schema\/logo\/image\/\"},\"sameAs\":[\"https:\/\/www.facebook.com\/dicodusport\",\"https:\/\/x.com\/dicodusport\",\"https:\/\/www.instagram.com\/dicodusport\/\",\"https:\/\/www.youtube.com\/channel\/UC7V2KZ5sd3htJivAbA4ZG3w\"],\"description\":\"Dicodusport est l'encyclop\u00e9die de l'actualit\u00e9 sportive.\",\"email\":\"bonjour@dicodusport.fr\",\"legalName\":\"DICODUSPORT\",\"foundingDate\":\"2018-01-14\",\"vatID\":\"FR71834470973\",\"taxID\":\"83447097300043\",\"numberOfEmployees\":{\"@type\":\"QuantitativeValue\",\"minValue\":\"1\",\"maxValue\":\"10\"}},{\"@type\":\"Person\",\"@id\":\"https:\/\/dicodusport.fr\/blog\/#\/schema\/person\/0224f8580e06682bac703a13ee76c673\",\"name\":\"Joris Schamberger\",\"image\":{\"@type\":\"ImageObject\",\"inLanguage\":\"fr-FR\",\"@id\":\"https:\/\/dicodusport.fr\/blog\/#\/schema\/person\/image\/\",\"url\":\"https:\/\/dicodusport.fr\/blog\/wp-content\/uploads\/2021\/10\/Maillot-Jojo-Dicodusport-150x150.png\",\"contentUrl\":\"https:\/\/dicodusport.fr\/blog\/wp-content\/uploads\/2021\/10\/Maillot-Jojo-Dicodusport-150x150.png\",\"caption\":\"Joris Schamberger\"},\"description\":\"R\u00e9dacteur depuis juin 2021 - Sp\u00e9cialis\u00e9 dans le basket am\u00e9ricain, et amoureux des Cleveland Cavaliers. Celui qui ne s'est pas lev\u00e9 \u00e0 2h du matin pour un Cavs-Knicks ne connait pas la vraie fatigue.\",\"sameAs\":[\"https:\/\/twitter.com\/Nortallis\",\"https:\/\/x.com\/https:\/\/twitter.com\/nortallis\"],\"url\":\"https:\/\/dicodusport.fr\/blog\/author\/joriss\/\"}]}<\/script>\n<!-- \/ Yoast SEO Premium plugin. -->","yoast_head_json":{"title":"Coupe du monde de basket U17 : Les Bleuets s'inclinent en demi-finale face \u00e0 l'Espagne","description":"Les Fran\u00e7ais se sont malheureusement inclin\u00e9s 68-53 face \u00e0 l'Espagne en demi-finale du mondial U17 masculin \u00e0 Malaga.","robots":{"index":"index","follow":"follow","max-snippet":"max-snippet:-1","max-image-preview":"max-image-preview:large","max-video-preview":"max-video-preview:-1"},"canonical":"https:\/\/dicodusport.fr\/blog\/coupe-du-monde-de-basket-u17-les-bleuets-sinclinent-en-demi-finale-face-a-lespagne\/","og_locale":"fr_FR","og_type":"article","og_title":"Coupe du monde de basket U17 : Les Bleuets s'inclinent en demi-finale face \u00e0 l'Espagne","og_description":"Les Fran\u00e7ais se sont malheureusement inclin\u00e9s 68-53 face \u00e0 l'Espagne en demi-finale du mondial U17 masculin \u00e0 Malaga.","og_url":"https:\/\/dicodusport.fr\/blog\/coupe-du-monde-de-basket-u17-les-bleuets-sinclinent-en-demi-finale-face-a-lespagne\/","og_site_name":"Dicodusport","article_publisher":"https:\/\/www.facebook.com\/dicodusport","article_published_time":"2022-07-09T21:16:17+00:00","article_modified_time":"2022-07-09T21:21:36+00:00","og_image":[{"width":800,"height":445,"url":"https:\/\/dicodusport.fr\/blog\/wp-content\/uploads\/2022\/07\/Coupe-du-monde-de-basket-U17-\u2013-Les-bleuets-sinclinent-en-demi-finale-face-a-lEspagne.jpg","type":"image\/jpeg"}],"author":"Joris Schamberger","twitter_card":"summary_large_image","twitter_title":"Coupe du monde de basket U17 : Les Bleuets s'inclinent en demi-finale face \u00e0 l'Espagne","twitter_creator":"@https:\/\/twitter.com\/nortallis","twitter_site":"@dicodusport","schema":{"@context":"https:\/\/schema.org","@graph":[{"@type":"NewsArticle","@id":"https:\/\/dicodusport.fr\/blog\/coupe-du-monde-de-basket-u17-les-bleuets-sinclinent-en-demi-finale-face-a-lespagne\/#article","isPartOf":{"@id":"https:\/\/dicodusport.fr\/blog\/coupe-du-monde-de-basket-u17-les-bleuets-sinclinent-en-demi-finale-face-a-lespagne\/"},"author":{"name":"Joris Schamberger","@id":"https:\/\/dicodusport.fr\/blog\/#\/schema\/person\/0224f8580e06682bac703a13ee76c673"},"headline":"Coupe du monde de basket U17 : Les Bleuets s&rsquo;inclinent en demi-finale face \u00e0 l&rsquo;Espagne","datePublished":"2022-07-09T21:16:17+00:00","dateModified":"2022-07-09T21:21:36+00:00","mainEntityOfPage":{"@id":"https:\/\/dicodusport.fr\/blog\/coupe-du-monde-de-basket-u17-les-bleuets-sinclinent-en-demi-finale-face-a-lespagne\/"},"wordCount":747,"commentCount":0,"publisher":{"@id":"https:\/\/dicodusport.fr\/blog\/#organization"},"image":{"@id":"https:\/\/dicodusport.fr\/blog\/coupe-du-monde-de-basket-u17-les-bleuets-sinclinent-en-demi-finale-face-a-lespagne\/#primaryimage"},"thumbnailUrl":"https:\/\/dicodusport.fr\/blog\/wp-content\/uploads\/2022\/07\/Coupe-du-monde-de-basket-U17-\u2013-Les-bleuets-sinclinent-en-demi-finale-face-a-lEspagne.jpg","articleSection":["Basket-ball"],"inLanguage":"fr-FR","potentialAction":[{"@type":"CommentAction","name":"Comment","target":["https:\/\/dicodusport.fr\/blog\/coupe-du-monde-de-basket-u17-les-bleuets-sinclinent-en-demi-finale-face-a-lespagne\/#respond"]}],"copyrightYear":"2022","copyrightHolder":{"@id":"https:\/\/dicodusport.fr\/blog\/#organization"}},{"@type":"WebPage","@id":"https:\/\/dicodusport.fr\/blog\/coupe-du-monde-de-basket-u17-les-bleuets-sinclinent-en-demi-finale-face-a-lespagne\/","url":"https:\/\/dicodusport.fr\/blog\/coupe-du-monde-de-basket-u17-les-bleuets-sinclinent-en-demi-finale-face-a-lespagne\/","name":"Coupe du monde de basket U17 : Les Bleuets s'inclinent en demi-finale face \u00e0 l'Espagne","isPartOf":{"@id":"https:\/\/dicodusport.fr\/blog\/#website"},"primaryImageOfPage":{"@id":"https:\/\/dicodusport.fr\/blog\/coupe-du-monde-de-basket-u17-les-bleuets-sinclinent-en-demi-finale-face-a-lespagne\/#primaryimage"},"image":{"@id":"https:\/\/dicodusport.fr\/blog\/coupe-du-monde-de-basket-u17-les-bleuets-sinclinent-en-demi-finale-face-a-lespagne\/#primaryimage"},"thumbnailUrl":"https:\/\/dicodusport.fr\/blog\/wp-content\/uploads\/2022\/07\/Coupe-du-monde-de-basket-U17-\u2013-Les-bleuets-sinclinent-en-demi-finale-face-a-lEspagne.jpg","datePublished":"2022-07-09T21:16:17+00:00","dateModified":"2022-07-09T21:21:36+00:00","description":"Les Fran\u00e7ais se sont malheureusement inclin\u00e9s 68-53 face \u00e0 l'Espagne en demi-finale du mondial U17 masculin \u00e0 Malaga.","breadcrumb":{"@id":"https:\/\/dicodusport.fr\/blog\/coupe-du-monde-de-basket-u17-les-bleuets-sinclinent-en-demi-finale-face-a-lespagne\/#breadcrumb"},"inLanguage":"fr-FR","potentialAction":[{"@type":"ReadAction","target":["https:\/\/dicodusport.fr\/blog\/coupe-du-monde-de-basket-u17-les-bleuets-sinclinent-en-demi-finale-face-a-lespagne\/"]}]},{"@type":"ImageObject","inLanguage":"fr-FR","@id":"https:\/\/dicodusport.fr\/blog\/coupe-du-monde-de-basket-u17-les-bleuets-sinclinent-en-demi-finale-face-a-lespagne\/#primaryimage","url":"https:\/\/dicodusport.fr\/blog\/wp-content\/uploads\/2022\/07\/Coupe-du-monde-de-basket-U17-\u2013-Les-bleuets-sinclinent-en-demi-finale-face-a-lEspagne.jpg","contentUrl":"https:\/\/dicodusport.fr\/blog\/wp-content\/uploads\/2022\/07\/Coupe-du-monde-de-basket-U17-\u2013-Les-bleuets-sinclinent-en-demi-finale-face-a-lEspagne.jpg","width":800,"height":445,"caption":"Coupe du monde de basket U17 \u2013 Les bleuets s\u2019inclinent en demi-finale face \u00e0 l\u2019Espagne"},{"@type":"BreadcrumbList","@id":"https:\/\/dicodusport.fr\/blog\/coupe-du-monde-de-basket-u17-les-bleuets-sinclinent-en-demi-finale-face-a-lespagne\/#breadcrumb","itemListElement":[{"@type":"ListItem","position":1,"name":"Accueil","item":"https:\/\/dicodusport.fr\/blog\/"},{"@type":"ListItem","position":2,"name":"Coupe du monde de basket U17 : Les Bleuets s&rsquo;inclinent en demi-finale face \u00e0 l&rsquo;Espagne"}]},{"@type":"WebSite","@id":"https:\/\/dicodusport.fr\/blog\/#website","url":"https:\/\/dicodusport.fr\/blog\/","name":"Dicodusport","description":"L&#039;encyclop\u00e9die de l&#039;actualit\u00e9 sportive","publisher":{"@id":"https:\/\/dicodusport.fr\/blog\/#organization"},"potentialAction":[{"@type":"SearchAction","target":{"@type":"EntryPoint","urlTemplate":"https:\/\/dicodusport.fr\/blog\/?s={search_term_string}"},"query-input":{"@type":"PropertyValueSpecification","valueRequired":true,"valueName":"search_term_string"}}],"inLanguage":"fr-FR"},{"@type":"NewsMediaOrganization","@id":"https:\/\/dicodusport.fr\/blog\/#organization","name":"Dicodusport","url":"https:\/\/dicodusport.fr\/blog\/","logo":{"@type":"ImageObject","inLanguage":"fr-FR","@id":"https:\/\/dicodusport.fr\/blog\/#\/schema\/logo\/image\/","url":"https:\/\/dicodusport.fr\/blog\/wp-content\/uploads\/2020\/06\/cropped-LOGO-DICODUSPORT-2020-SANS-FOND-SANS-TEXTE.png","contentUrl":"https:\/\/dicodusport.fr\/blog\/wp-content\/uploads\/2020\/06\/cropped-LOGO-DICODUSPORT-2020-SANS-FOND-SANS-TEXTE.png","width":512,"height":512,"caption":"Dicodusport"},"image":{"@id":"https:\/\/dicodusport.fr\/blog\/#\/schema\/logo\/image\/"},"sameAs":["https:\/\/www.facebook.com\/dicodusport","https:\/\/x.com\/dicodusport","https:\/\/www.instagram.com\/dicodusport\/","https:\/\/www.youtube.com\/channel\/UC7V2KZ5sd3htJivAbA4ZG3w"],"description":"Dicodusport est l'encyclop\u00e9die de l'actualit\u00e9 sportive.","email":"bonjour@dicodusport.fr","legalName":"DICODUSPORT","foundingDate":"2018-01-14","vatID":"FR71834470973","taxID":"83447097300043","numberOfEmployees":{"@type":"QuantitativeValue","minValue":"1","maxValue":"10"}},{"@type":"Person","@id":"https:\/\/dicodusport.fr\/blog\/#\/schema\/person\/0224f8580e06682bac703a13ee76c673","name":"Joris Schamberger","image":{"@type":"ImageObject","inLanguage":"fr-FR","@id":"https:\/\/dicodusport.fr\/blog\/#\/schema\/person\/image\/","url":"https:\/\/dicodusport.fr\/blog\/wp-content\/uploads\/2021\/10\/Maillot-Jojo-Dicodusport-150x150.png","contentUrl":"https:\/\/dicodusport.fr\/blog\/wp-content\/uploads\/2021\/10\/Maillot-Jojo-Dicodusport-150x150.png","caption":"Joris Schamberger"},"description":"R\u00e9dacteur depuis juin 2021 - Sp\u00e9cialis\u00e9 dans le basket am\u00e9ricain, et amoureux des Cleveland Cavaliers. Celui qui ne s'est pas lev\u00e9 \u00e0 2h du matin pour un Cavs-Knicks ne connait pas la vraie fatigue.","sameAs":["https:\/\/twitter.com\/Nortallis","https:\/\/x.com\/https:\/\/twitter.com\/nortallis"],"url":"https:\/\/dicodusport.fr\/blog\/author\/joriss\/"}]}},"_links":{"self":[{"href":"https:\/\/dicodusport.fr\/blog\/wp-json\/wp\/v2\/posts\/241800","targetHints":{"allow":["GET"]}}],"collection":[{"href":"https:\/\/dicodusport.fr\/blog\/wp-json\/wp\/v2\/posts"}],"about":[{"href":"https:\/\/dicodusport.fr\/blog\/wp-json\/wp\/v2\/types\/post"}],"author":[{"embeddable":true,"href":"https:\/\/dicodusport.fr\/blog\/wp-json\/wp\/v2\/users\/58"}],"replies":[{"embeddable":true,"href":"https:\/\/dicodusport.fr\/blog\/wp-json\/wp\/v2\/comments?post=241800"}],"version-history":[{"count":0,"href":"https:\/\/dicodusport.fr\/blog\/wp-json\/wp\/v2\/posts\/241800\/revisions"}],"wp:featuredmedia":[{"embeddable":true,"href":"https:\/\/dicodusport.fr\/blog\/wp-json\/wp\/v2\/media\/241824"}],"wp:attachment":[{"href":"https:\/\/dicodusport.fr\/blog\/wp-json\/wp\/v2\/media?parent=241800"}],"wp:term":[{"taxonomy":"category","embeddable":true,"href":"https:\/\/dicodusport.fr\/blog\/wp-json\/wp\/v2\/categories?post=241800"},{"taxonomy":"post_tag","embeddable":true,"href":"https:\/\/dicodusport.fr\/blog\/wp-json\/wp\/v2\/tags?post=241800"}],"curies":[{"name":"wp","href":"https:\/\/api.w.org\/{rel}","templated":true}]}}