{"id":241869,"date":"2022-07-10T10:06:27","date_gmt":"2022-07-10T08:06:27","guid":{"rendered":"https:\/\/dicodusport.fr\/blog\/?p=241869&#038;preview=true&#038;preview_id=241869"},"modified":"2022-07-10T10:35:58","modified_gmt":"2022-07-10T08:35:58","slug":"f3-autriche-double-francais-a-spielberg-isack-hadjar-en-patron","status":"publish","type":"post","link":"https:\/\/dicodusport.fr\/blog\/f3-autriche-double-francais-a-spielberg-isack-hadjar-en-patron\/","title":{"rendered":"F3 Autriche : Doubl\u00e9 fran\u00e7ais \u00e0 Spielberg, Isack Hadjar en patron"},"content":{"rendered":"<p style=\"text-align: justify;\"><b><i>FORMULE 3 AUTRICHE &#8211; Sous la pluie, les Fran\u00e7ais ont ma\u00eetris\u00e9 la course. Isack Hadjar s&rsquo;est impos\u00e9 sans contestation possible devant son compatriote Victor Martins. Les deux pilotes occupent \u00e9galement les deux premi\u00e8res positions au championnat du monde de Formule 3.<\/i><\/b><\/p>\n<p style=\"text-align: justify;\">La performance est parfaite. <a href=\"https:\/\/dicodusport.fr\/blog\/formule-3-double-francais-lors-de-la-premiere-course-a-silverstone\/\"><strong>Isack Hadjar<\/strong><\/a> a r\u00e9alis\u00e9 un Grand Chelem ce dimanche \u00e0 Spielberg. Pole position, victoire, meilleur tour, et il n&rsquo;a jamais laiss\u00e9 la premi\u00e8re place de la course. Le pilote estampill\u00e9 Red Bull a fait le show sous la pluie autrichienne, laissant son compatriote <strong>Victor Martins<\/strong> \u00e0 distance respectable. Jamais en danger, <strong>Hadjar<\/strong> est le premier pilote avec trois victoires cette saison.<\/p>\n<h2 style=\"text-align: justify;\">Martins devant Hadjar au championnat<\/h2>\n<p style=\"text-align: justify;\">Cette\u00a0<em>Feature Race<\/em> a \u00e9t\u00e9 marqu\u00e9e par plusieurs accrochages. Deux Charouz se percutent, <strong>Caio Collet<\/strong> envoie un adversaire au tapis, <strong>Kaylen Frederick<\/strong> cr\u00e8ve alors qu&rsquo;il est en cinqui\u00e8me position. La voiture de s\u00e9curit\u00e9 est sortie \u00e0 quelques reprises, mais les deux Tricolores n&rsquo;ont jamais \u00e9t\u00e9 press\u00e9s par leurs poursuivants. La bataille fut rude pour la derni\u00e8re place sur le podium. <strong>Ollie Bearman<\/strong> r\u00e9ussit \u00e0 garder sa position face \u00e0 son co\u00e9quipier chez Prema, <strong>Arthur Leclerc<\/strong>.<\/p>\n<blockquote class=\"twitter-tweet\">\n<p dir=\"ltr\" lang=\"fr\">Encore un doubl\u00e9 Fran\u00e7ais en Formule 3 ! &#x1f1eb;&#x1f1f7;<\/p>\n<p>&#x1f947; Isack Hadjar s&rsquo;impose avec la mani\u00e8re sur ce Red Bull Ring et se rapproche au classement de Victor Martins, 2e de cette course &#x1f44f;<a href=\"https:\/\/twitter.com\/hashtag\/AustrianGP?src=hash&amp;ref_src=twsrc%5Etfw\">#AustrianGP<\/a> &#x1f1e6;&#x1f1f9; | &#x25b6;&#xfe0f; <a href=\"https:\/\/t.co\/t7uFs3yVeh\">https:\/\/t.co\/t7uFs3yVeh<\/a> <a href=\"https:\/\/t.co\/PsxQyOVD13\">pic.twitter.com\/PsxQyOVD13<\/a><\/p>\n<p>\u2014 CANAL+ F1\u00ae (@CanalplusF1) <a href=\"https:\/\/twitter.com\/CanalplusF1\/status\/1546034971315511298?ref_src=twsrc%5Etfw\">July 10, 2022<\/a><\/p><\/blockquote>\n<p><script async src=\"https:\/\/platform.twitter.com\/widgets.js\" charset=\"utf-8\"><\/script><\/p>\n<p style=\"text-align: justify;\">Nouvelle Marseillaise, la cinqui\u00e8me cette saison en Formule 3, du bleu-blanc-rouge en t\u00eate du championnat du monde \u00e9galement.<strong> Victor Martins<\/strong> devance toujours le rookie<strong> Isack Hadjar<\/strong>, mais il n&rsquo;y a plus qu&rsquo;un point d&rsquo;\u00e9cart entre les deux jeunes hommes (98 contre 97). C&rsquo;est Arthur Leclerc qui suit avec 91 unit\u00e9s \u00e0 son compteur apr\u00e8s 6 week-ends dans la cat\u00e9gorie.<\/p>\n","protected":false},"excerpt":{"rendered":"<p>FORMULE 3 AUTRICHE &#8211; Sous la pluie, les Fran\u00e7ais ont ma\u00eetris\u00e9 la course. Isack Hadjar s&rsquo;est impos\u00e9 sans contestation possible devant son compatriote Victor Martins. Les deux pilotes occupent \u00e9galement les deux premi\u00e8res positions au championnat du monde de Formule 3.<\/p>\n","protected":false},"author":61,"featured_media":241890,"comment_status":"open","ping_status":"closed","sticky":false,"template":"","format":"standard","meta":{"_acf_changed":false,"_daextam_enable_autolinks":"","footnotes":""},"categories":[47086],"tags":[6271,21233,18462,8473,24,15465],"class_list":["post-241869","post","type-post","status-publish","format-standard","has-post-thumbnail","hentry","category-formules-de-promotion","tag-formule-3","tag-isack-hadjar","tag-red-bull-ring","tag-spielberg","tag-sport","tag-victor-martins"],"acf":[],"yoast_head":"<!-- This site is optimized with the Yoast SEO Premium plugin v26.7 (Yoast SEO v26.7) - https:\/\/yoast.com\/wordpress\/plugins\/seo\/ -->\n<title>F3 Autriche : Doubl\u00e9 fran\u00e7ais \u00e0 Spielberg, Isack Hadjar en patron<\/title>\n<meta name=\"description\" content=\"F3 AUTRICHE - Sous la pluie, les Fran\u00e7ais ont ma\u00eetris\u00e9 la course. Isack Hadjar s&#039;est impos\u00e9 devant son compatriote Victor Martins.\" \/>\n<meta name=\"robots\" content=\"index, follow, max-snippet:-1, max-image-preview:large, max-video-preview:-1\" \/>\n<link rel=\"canonical\" href=\"https:\/\/dicodusport.fr\/blog\/f3-autriche-double-francais-a-spielberg-isack-hadjar-en-patron\/\" \/>\n<meta property=\"og:locale\" content=\"fr_FR\" \/>\n<meta property=\"og:type\" content=\"article\" \/>\n<meta property=\"og:title\" content=\"F3 Autriche : Doubl\u00e9 fran\u00e7ais \u00e0 Spielberg, Isack Hadjar en patron\" \/>\n<meta property=\"og:description\" content=\"F3 AUTRICHE - Sous la pluie, les Fran\u00e7ais ont ma\u00eetris\u00e9 la course. Isack Hadjar s&#039;est impos\u00e9 devant son compatriote Victor Martins.\" \/>\n<meta property=\"og:url\" content=\"https:\/\/dicodusport.fr\/blog\/f3-autriche-double-francais-a-spielberg-isack-hadjar-en-patron\/\" \/>\n<meta property=\"og:site_name\" content=\"Dicodusport\" \/>\n<meta property=\"article:publisher\" content=\"https:\/\/www.facebook.com\/dicodusport\" \/>\n<meta property=\"article:published_time\" content=\"2022-07-10T08:06:27+00:00\" \/>\n<meta property=\"article:modified_time\" content=\"2022-07-10T08:35:58+00:00\" \/>\n<meta property=\"og:image\" content=\"https:\/\/dicodusport.fr\/blog\/wp-content\/uploads\/2022\/07\/F3-Autriche-Double-francais-a-Spielberg-Isack-Hadjar-en-patron.png\" \/>\n\t<meta property=\"og:image:width\" content=\"800\" \/>\n\t<meta property=\"og:image:height\" content=\"445\" \/>\n\t<meta property=\"og:image:type\" content=\"image\/png\" \/>\n<meta name=\"author\" content=\"Pierre Gorce\" \/>\n<meta name=\"twitter:card\" content=\"summary_large_image\" \/>\n<meta name=\"twitter:title\" content=\"F3 Autriche : Doubl\u00e9 fran\u00e7ais \u00e0 Spielberg, Isack Hadjar en patron\" \/>\n<meta name=\"twitter:creator\" content=\"@https:\/\/twitter.com\/pierregorce12\" \/>\n<meta name=\"twitter:site\" content=\"@dicodusport\" \/>\n<script type=\"application\/ld+json\" class=\"yoast-schema-graph\">{\"@context\":\"https:\/\/schema.org\",\"@graph\":[{\"@type\":\"NewsArticle\",\"@id\":\"https:\/\/dicodusport.fr\/blog\/f3-autriche-double-francais-a-spielberg-isack-hadjar-en-patron\/#article\",\"isPartOf\":{\"@id\":\"https:\/\/dicodusport.fr\/blog\/f3-autriche-double-francais-a-spielberg-isack-hadjar-en-patron\/\"},\"author\":{\"name\":\"Pierre Gorce\",\"@id\":\"https:\/\/dicodusport.fr\/blog\/#\/schema\/person\/0eaf70b33d703a1a66b1155ac1bda018\"},\"headline\":\"F3 Autriche : Doubl\u00e9 fran\u00e7ais \u00e0 Spielberg, Isack Hadjar en patron\",\"datePublished\":\"2022-07-10T08:06:27+00:00\",\"dateModified\":\"2022-07-10T08:35:58+00:00\",\"mainEntityOfPage\":{\"@id\":\"https:\/\/dicodusport.fr\/blog\/f3-autriche-double-francais-a-spielberg-isack-hadjar-en-patron\/\"},\"wordCount\":336,\"commentCount\":0,\"publisher\":{\"@id\":\"https:\/\/dicodusport.fr\/blog\/#organization\"},\"image\":{\"@id\":\"https:\/\/dicodusport.fr\/blog\/f3-autriche-double-francais-a-spielberg-isack-hadjar-en-patron\/#primaryimage\"},\"thumbnailUrl\":\"https:\/\/dicodusport.fr\/blog\/wp-content\/uploads\/2022\/07\/F3-Autriche-Double-francais-a-Spielberg-Isack-Hadjar-en-patron.png\",\"keywords\":[\"Formule 3\",\"Isack Hadjar\",\"Red Bull Ring\",\"Spielberg\",\"sport\",\"Victor Martins\"],\"articleSection\":[\"Formules de promotion\"],\"inLanguage\":\"fr-FR\",\"potentialAction\":[{\"@type\":\"CommentAction\",\"name\":\"Comment\",\"target\":[\"https:\/\/dicodusport.fr\/blog\/f3-autriche-double-francais-a-spielberg-isack-hadjar-en-patron\/#respond\"]}],\"copyrightYear\":\"2022\",\"copyrightHolder\":{\"@id\":\"https:\/\/dicodusport.fr\/blog\/#organization\"}},{\"@type\":\"WebPage\",\"@id\":\"https:\/\/dicodusport.fr\/blog\/f3-autriche-double-francais-a-spielberg-isack-hadjar-en-patron\/\",\"url\":\"https:\/\/dicodusport.fr\/blog\/f3-autriche-double-francais-a-spielberg-isack-hadjar-en-patron\/\",\"name\":\"F3 Autriche : Doubl\u00e9 fran\u00e7ais \u00e0 Spielberg, Isack Hadjar en patron\",\"isPartOf\":{\"@id\":\"https:\/\/dicodusport.fr\/blog\/#website\"},\"primaryImageOfPage\":{\"@id\":\"https:\/\/dicodusport.fr\/blog\/f3-autriche-double-francais-a-spielberg-isack-hadjar-en-patron\/#primaryimage\"},\"image\":{\"@id\":\"https:\/\/dicodusport.fr\/blog\/f3-autriche-double-francais-a-spielberg-isack-hadjar-en-patron\/#primaryimage\"},\"thumbnailUrl\":\"https:\/\/dicodusport.fr\/blog\/wp-content\/uploads\/2022\/07\/F3-Autriche-Double-francais-a-Spielberg-Isack-Hadjar-en-patron.png\",\"datePublished\":\"2022-07-10T08:06:27+00:00\",\"dateModified\":\"2022-07-10T08:35:58+00:00\",\"description\":\"F3 AUTRICHE - Sous la pluie, les Fran\u00e7ais ont ma\u00eetris\u00e9 la course. Isack Hadjar s'est impos\u00e9 devant son compatriote Victor Martins.\",\"breadcrumb\":{\"@id\":\"https:\/\/dicodusport.fr\/blog\/f3-autriche-double-francais-a-spielberg-isack-hadjar-en-patron\/#breadcrumb\"},\"inLanguage\":\"fr-FR\",\"potentialAction\":[{\"@type\":\"ReadAction\",\"target\":[\"https:\/\/dicodusport.fr\/blog\/f3-autriche-double-francais-a-spielberg-isack-hadjar-en-patron\/\"]}]},{\"@type\":\"ImageObject\",\"inLanguage\":\"fr-FR\",\"@id\":\"https:\/\/dicodusport.fr\/blog\/f3-autriche-double-francais-a-spielberg-isack-hadjar-en-patron\/#primaryimage\",\"url\":\"https:\/\/dicodusport.fr\/blog\/wp-content\/uploads\/2022\/07\/F3-Autriche-Double-francais-a-Spielberg-Isack-Hadjar-en-patron.png\",\"contentUrl\":\"https:\/\/dicodusport.fr\/blog\/wp-content\/uploads\/2022\/07\/F3-Autriche-Double-francais-a-Spielberg-Isack-Hadjar-en-patron.png\",\"width\":800,\"height\":445,\"caption\":\"F3 Autriche Doubl\u00e9 fran\u00e7ais \u00e0 Spielberg, Isack Hadjar en patron\"},{\"@type\":\"BreadcrumbList\",\"@id\":\"https:\/\/dicodusport.fr\/blog\/f3-autriche-double-francais-a-spielberg-isack-hadjar-en-patron\/#breadcrumb\",\"itemListElement\":[{\"@type\":\"ListItem\",\"position\":1,\"name\":\"Accueil\",\"item\":\"https:\/\/dicodusport.fr\/blog\/\"},{\"@type\":\"ListItem\",\"position\":2,\"name\":\"F3 Autriche : Doubl\u00e9 fran\u00e7ais \u00e0 Spielberg, Isack Hadjar en patron\"}]},{\"@type\":\"WebSite\",\"@id\":\"https:\/\/dicodusport.fr\/blog\/#website\",\"url\":\"https:\/\/dicodusport.fr\/blog\/\",\"name\":\"Dicodusport\",\"description\":\"L&#039;encyclop\u00e9die de l&#039;actualit\u00e9 sportive\",\"publisher\":{\"@id\":\"https:\/\/dicodusport.fr\/blog\/#organization\"},\"potentialAction\":[{\"@type\":\"SearchAction\",\"target\":{\"@type\":\"EntryPoint\",\"urlTemplate\":\"https:\/\/dicodusport.fr\/blog\/?s={search_term_string}\"},\"query-input\":{\"@type\":\"PropertyValueSpecification\",\"valueRequired\":true,\"valueName\":\"search_term_string\"}}],\"inLanguage\":\"fr-FR\"},{\"@type\":\"NewsMediaOrganization\",\"@id\":\"https:\/\/dicodusport.fr\/blog\/#organization\",\"name\":\"Dicodusport\",\"url\":\"https:\/\/dicodusport.fr\/blog\/\",\"logo\":{\"@type\":\"ImageObject\",\"inLanguage\":\"fr-FR\",\"@id\":\"https:\/\/dicodusport.fr\/blog\/#\/schema\/logo\/image\/\",\"url\":\"https:\/\/dicodusport.fr\/blog\/wp-content\/uploads\/2020\/06\/cropped-LOGO-DICODUSPORT-2020-SANS-FOND-SANS-TEXTE.png\",\"contentUrl\":\"https:\/\/dicodusport.fr\/blog\/wp-content\/uploads\/2020\/06\/cropped-LOGO-DICODUSPORT-2020-SANS-FOND-SANS-TEXTE.png\",\"width\":512,\"height\":512,\"caption\":\"Dicodusport\"},\"image\":{\"@id\":\"https:\/\/dicodusport.fr\/blog\/#\/schema\/logo\/image\/\"},\"sameAs\":[\"https:\/\/www.facebook.com\/dicodusport\",\"https:\/\/x.com\/dicodusport\",\"https:\/\/www.instagram.com\/dicodusport\/\",\"https:\/\/www.youtube.com\/channel\/UC7V2KZ5sd3htJivAbA4ZG3w\"],\"description\":\"Dicodusport est l'encyclop\u00e9die de l'actualit\u00e9 sportive.\",\"email\":\"bonjour@dicodusport.fr\",\"legalName\":\"DICODUSPORT\",\"foundingDate\":\"2018-01-14\",\"vatID\":\"FR71834470973\",\"taxID\":\"83447097300043\",\"numberOfEmployees\":{\"@type\":\"QuantitativeValue\",\"minValue\":\"1\",\"maxValue\":\"10\"}},{\"@type\":\"Person\",\"@id\":\"https:\/\/dicodusport.fr\/blog\/#\/schema\/person\/0eaf70b33d703a1a66b1155ac1bda018\",\"name\":\"Pierre Gorce\",\"image\":{\"@type\":\"ImageObject\",\"inLanguage\":\"fr-FR\",\"@id\":\"https:\/\/dicodusport.fr\/blog\/#\/schema\/person\/image\/\",\"url\":\"https:\/\/dicodusport.fr\/blog\/wp-content\/uploads\/2022\/03\/IMG_20211214_233053_722-150x150.jpg\",\"contentUrl\":\"https:\/\/dicodusport.fr\/blog\/wp-content\/uploads\/2022\/03\/IMG_20211214_233053_722-150x150.jpg\",\"caption\":\"Pierre Gorce\"},\"description\":\"Couteau suisse venant tout droit de Haute-Savoie. Habitu\u00e9 \u00e0 regarder du sport depuis petit, j'en ai maintenant fait mon m\u00e9tier. Des sports d'hiver au surf, en passant par le tennis, la F1, le handball et l'athl\u00e9tisme, j'essaie d'avoir mes yeux sur l'enti\u00e8ret\u00e9 de l'actualit\u00e9. Jeune homme berc\u00e9 par les exploits de Jean-Baptiste Grange, Sebastian Vettel et des Experts. Membre de la g\u00e9n\u00e9ration 1999 comme Luka Doncic, Sydney McLaughlin, Lando Norris et Loana Lecomte, mais avec beaucoup moins de talent qu'eux.\",\"sameAs\":[\"https:\/\/x.com\/https:\/\/twitter.com\/pierregorce12\"],\"birthDate\":\"1999-08-29\",\"url\":\"https:\/\/dicodusport.fr\/blog\/author\/pierreg\/\"}]}<\/script>\n<!-- \/ Yoast SEO Premium plugin. -->","yoast_head_json":{"title":"F3 Autriche : Doubl\u00e9 fran\u00e7ais \u00e0 Spielberg, Isack Hadjar en patron","description":"F3 AUTRICHE - Sous la pluie, les Fran\u00e7ais ont ma\u00eetris\u00e9 la course. Isack Hadjar s'est impos\u00e9 devant son compatriote Victor Martins.","robots":{"index":"index","follow":"follow","max-snippet":"max-snippet:-1","max-image-preview":"max-image-preview:large","max-video-preview":"max-video-preview:-1"},"canonical":"https:\/\/dicodusport.fr\/blog\/f3-autriche-double-francais-a-spielberg-isack-hadjar-en-patron\/","og_locale":"fr_FR","og_type":"article","og_title":"F3 Autriche : Doubl\u00e9 fran\u00e7ais \u00e0 Spielberg, Isack Hadjar en patron","og_description":"F3 AUTRICHE - Sous la pluie, les Fran\u00e7ais ont ma\u00eetris\u00e9 la course. Isack Hadjar s'est impos\u00e9 devant son compatriote Victor Martins.","og_url":"https:\/\/dicodusport.fr\/blog\/f3-autriche-double-francais-a-spielberg-isack-hadjar-en-patron\/","og_site_name":"Dicodusport","article_publisher":"https:\/\/www.facebook.com\/dicodusport","article_published_time":"2022-07-10T08:06:27+00:00","article_modified_time":"2022-07-10T08:35:58+00:00","og_image":[{"width":800,"height":445,"url":"https:\/\/dicodusport.fr\/blog\/wp-content\/uploads\/2022\/07\/F3-Autriche-Double-francais-a-Spielberg-Isack-Hadjar-en-patron.png","type":"image\/png"}],"author":"Pierre Gorce","twitter_card":"summary_large_image","twitter_title":"F3 Autriche : Doubl\u00e9 fran\u00e7ais \u00e0 Spielberg, Isack Hadjar en patron","twitter_creator":"@https:\/\/twitter.com\/pierregorce12","twitter_site":"@dicodusport","schema":{"@context":"https:\/\/schema.org","@graph":[{"@type":"NewsArticle","@id":"https:\/\/dicodusport.fr\/blog\/f3-autriche-double-francais-a-spielberg-isack-hadjar-en-patron\/#article","isPartOf":{"@id":"https:\/\/dicodusport.fr\/blog\/f3-autriche-double-francais-a-spielberg-isack-hadjar-en-patron\/"},"author":{"name":"Pierre Gorce","@id":"https:\/\/dicodusport.fr\/blog\/#\/schema\/person\/0eaf70b33d703a1a66b1155ac1bda018"},"headline":"F3 Autriche : Doubl\u00e9 fran\u00e7ais \u00e0 Spielberg, Isack Hadjar en patron","datePublished":"2022-07-10T08:06:27+00:00","dateModified":"2022-07-10T08:35:58+00:00","mainEntityOfPage":{"@id":"https:\/\/dicodusport.fr\/blog\/f3-autriche-double-francais-a-spielberg-isack-hadjar-en-patron\/"},"wordCount":336,"commentCount":0,"publisher":{"@id":"https:\/\/dicodusport.fr\/blog\/#organization"},"image":{"@id":"https:\/\/dicodusport.fr\/blog\/f3-autriche-double-francais-a-spielberg-isack-hadjar-en-patron\/#primaryimage"},"thumbnailUrl":"https:\/\/dicodusport.fr\/blog\/wp-content\/uploads\/2022\/07\/F3-Autriche-Double-francais-a-Spielberg-Isack-Hadjar-en-patron.png","keywords":["Formule 3","Isack Hadjar","Red Bull Ring","Spielberg","sport","Victor Martins"],"articleSection":["Formules de promotion"],"inLanguage":"fr-FR","potentialAction":[{"@type":"CommentAction","name":"Comment","target":["https:\/\/dicodusport.fr\/blog\/f3-autriche-double-francais-a-spielberg-isack-hadjar-en-patron\/#respond"]}],"copyrightYear":"2022","copyrightHolder":{"@id":"https:\/\/dicodusport.fr\/blog\/#organization"}},{"@type":"WebPage","@id":"https:\/\/dicodusport.fr\/blog\/f3-autriche-double-francais-a-spielberg-isack-hadjar-en-patron\/","url":"https:\/\/dicodusport.fr\/blog\/f3-autriche-double-francais-a-spielberg-isack-hadjar-en-patron\/","name":"F3 Autriche : Doubl\u00e9 fran\u00e7ais \u00e0 Spielberg, Isack Hadjar en patron","isPartOf":{"@id":"https:\/\/dicodusport.fr\/blog\/#website"},"primaryImageOfPage":{"@id":"https:\/\/dicodusport.fr\/blog\/f3-autriche-double-francais-a-spielberg-isack-hadjar-en-patron\/#primaryimage"},"image":{"@id":"https:\/\/dicodusport.fr\/blog\/f3-autriche-double-francais-a-spielberg-isack-hadjar-en-patron\/#primaryimage"},"thumbnailUrl":"https:\/\/dicodusport.fr\/blog\/wp-content\/uploads\/2022\/07\/F3-Autriche-Double-francais-a-Spielberg-Isack-Hadjar-en-patron.png","datePublished":"2022-07-10T08:06:27+00:00","dateModified":"2022-07-10T08:35:58+00:00","description":"F3 AUTRICHE - Sous la pluie, les Fran\u00e7ais ont ma\u00eetris\u00e9 la course. Isack Hadjar s'est impos\u00e9 devant son compatriote Victor Martins.","breadcrumb":{"@id":"https:\/\/dicodusport.fr\/blog\/f3-autriche-double-francais-a-spielberg-isack-hadjar-en-patron\/#breadcrumb"},"inLanguage":"fr-FR","potentialAction":[{"@type":"ReadAction","target":["https:\/\/dicodusport.fr\/blog\/f3-autriche-double-francais-a-spielberg-isack-hadjar-en-patron\/"]}]},{"@type":"ImageObject","inLanguage":"fr-FR","@id":"https:\/\/dicodusport.fr\/blog\/f3-autriche-double-francais-a-spielberg-isack-hadjar-en-patron\/#primaryimage","url":"https:\/\/dicodusport.fr\/blog\/wp-content\/uploads\/2022\/07\/F3-Autriche-Double-francais-a-Spielberg-Isack-Hadjar-en-patron.png","contentUrl":"https:\/\/dicodusport.fr\/blog\/wp-content\/uploads\/2022\/07\/F3-Autriche-Double-francais-a-Spielberg-Isack-Hadjar-en-patron.png","width":800,"height":445,"caption":"F3 Autriche Doubl\u00e9 fran\u00e7ais \u00e0 Spielberg, Isack Hadjar en patron"},{"@type":"BreadcrumbList","@id":"https:\/\/dicodusport.fr\/blog\/f3-autriche-double-francais-a-spielberg-isack-hadjar-en-patron\/#breadcrumb","itemListElement":[{"@type":"ListItem","position":1,"name":"Accueil","item":"https:\/\/dicodusport.fr\/blog\/"},{"@type":"ListItem","position":2,"name":"F3 Autriche : Doubl\u00e9 fran\u00e7ais \u00e0 Spielberg, Isack Hadjar en patron"}]},{"@type":"WebSite","@id":"https:\/\/dicodusport.fr\/blog\/#website","url":"https:\/\/dicodusport.fr\/blog\/","name":"Dicodusport","description":"L&#039;encyclop\u00e9die de l&#039;actualit\u00e9 sportive","publisher":{"@id":"https:\/\/dicodusport.fr\/blog\/#organization"},"potentialAction":[{"@type":"SearchAction","target":{"@type":"EntryPoint","urlTemplate":"https:\/\/dicodusport.fr\/blog\/?s={search_term_string}"},"query-input":{"@type":"PropertyValueSpecification","valueRequired":true,"valueName":"search_term_string"}}],"inLanguage":"fr-FR"},{"@type":"NewsMediaOrganization","@id":"https:\/\/dicodusport.fr\/blog\/#organization","name":"Dicodusport","url":"https:\/\/dicodusport.fr\/blog\/","logo":{"@type":"ImageObject","inLanguage":"fr-FR","@id":"https:\/\/dicodusport.fr\/blog\/#\/schema\/logo\/image\/","url":"https:\/\/dicodusport.fr\/blog\/wp-content\/uploads\/2020\/06\/cropped-LOGO-DICODUSPORT-2020-SANS-FOND-SANS-TEXTE.png","contentUrl":"https:\/\/dicodusport.fr\/blog\/wp-content\/uploads\/2020\/06\/cropped-LOGO-DICODUSPORT-2020-SANS-FOND-SANS-TEXTE.png","width":512,"height":512,"caption":"Dicodusport"},"image":{"@id":"https:\/\/dicodusport.fr\/blog\/#\/schema\/logo\/image\/"},"sameAs":["https:\/\/www.facebook.com\/dicodusport","https:\/\/x.com\/dicodusport","https:\/\/www.instagram.com\/dicodusport\/","https:\/\/www.youtube.com\/channel\/UC7V2KZ5sd3htJivAbA4ZG3w"],"description":"Dicodusport est l'encyclop\u00e9die de l'actualit\u00e9 sportive.","email":"bonjour@dicodusport.fr","legalName":"DICODUSPORT","foundingDate":"2018-01-14","vatID":"FR71834470973","taxID":"83447097300043","numberOfEmployees":{"@type":"QuantitativeValue","minValue":"1","maxValue":"10"}},{"@type":"Person","@id":"https:\/\/dicodusport.fr\/blog\/#\/schema\/person\/0eaf70b33d703a1a66b1155ac1bda018","name":"Pierre Gorce","image":{"@type":"ImageObject","inLanguage":"fr-FR","@id":"https:\/\/dicodusport.fr\/blog\/#\/schema\/person\/image\/","url":"https:\/\/dicodusport.fr\/blog\/wp-content\/uploads\/2022\/03\/IMG_20211214_233053_722-150x150.jpg","contentUrl":"https:\/\/dicodusport.fr\/blog\/wp-content\/uploads\/2022\/03\/IMG_20211214_233053_722-150x150.jpg","caption":"Pierre Gorce"},"description":"Couteau suisse venant tout droit de Haute-Savoie. Habitu\u00e9 \u00e0 regarder du sport depuis petit, j'en ai maintenant fait mon m\u00e9tier. Des sports d'hiver au surf, en passant par le tennis, la F1, le handball et l'athl\u00e9tisme, j'essaie d'avoir mes yeux sur l'enti\u00e8ret\u00e9 de l'actualit\u00e9. Jeune homme berc\u00e9 par les exploits de Jean-Baptiste Grange, Sebastian Vettel et des Experts. Membre de la g\u00e9n\u00e9ration 1999 comme Luka Doncic, Sydney McLaughlin, Lando Norris et Loana Lecomte, mais avec beaucoup moins de talent qu'eux.","sameAs":["https:\/\/x.com\/https:\/\/twitter.com\/pierregorce12"],"birthDate":"1999-08-29","url":"https:\/\/dicodusport.fr\/blog\/author\/pierreg\/"}]}},"_links":{"self":[{"href":"https:\/\/dicodusport.fr\/blog\/wp-json\/wp\/v2\/posts\/241869","targetHints":{"allow":["GET"]}}],"collection":[{"href":"https:\/\/dicodusport.fr\/blog\/wp-json\/wp\/v2\/posts"}],"about":[{"href":"https:\/\/dicodusport.fr\/blog\/wp-json\/wp\/v2\/types\/post"}],"author":[{"embeddable":true,"href":"https:\/\/dicodusport.fr\/blog\/wp-json\/wp\/v2\/users\/61"}],"replies":[{"embeddable":true,"href":"https:\/\/dicodusport.fr\/blog\/wp-json\/wp\/v2\/comments?post=241869"}],"version-history":[{"count":0,"href":"https:\/\/dicodusport.fr\/blog\/wp-json\/wp\/v2\/posts\/241869\/revisions"}],"wp:featuredmedia":[{"embeddable":true,"href":"https:\/\/dicodusport.fr\/blog\/wp-json\/wp\/v2\/media\/241890"}],"wp:attachment":[{"href":"https:\/\/dicodusport.fr\/blog\/wp-json\/wp\/v2\/media?parent=241869"}],"wp:term":[{"taxonomy":"category","embeddable":true,"href":"https:\/\/dicodusport.fr\/blog\/wp-json\/wp\/v2\/categories?post=241869"},{"taxonomy":"post_tag","embeddable":true,"href":"https:\/\/dicodusport.fr\/blog\/wp-json\/wp\/v2\/tags?post=241869"}],"curies":[{"name":"wp","href":"https:\/\/api.w.org\/{rel}","templated":true}]}}