{"id":241895,"date":"2022-07-10T11:01:03","date_gmt":"2022-07-10T09:01:03","guid":{"rendered":"https:\/\/dicodusport.fr\/blog\/?p=241895&#038;preview=true&#038;preview_id=241895"},"modified":"2022-07-10T11:28:50","modified_gmt":"2022-07-10T09:28:50","slug":"groupama-fdj-stefan-kung-sur-le-depart-avant-la-fin-de-son-contrat","status":"publish","type":"post","link":"https:\/\/dicodusport.fr\/blog\/groupama-fdj-stefan-kung-sur-le-depart-avant-la-fin-de-son-contrat\/","title":{"rendered":"Groupama-FDJ : Stefan K\u00fcng sur le d\u00e9part avant la fin de son contrat ?"},"content":{"rendered":"<p style=\"text-align: justify;\"><b><i><a href=\"https:\/\/dicodusport.fr\/blog\/actualites\/cyclisme\/cyclisme-sur-route-2022\/\">CYCLISME SUR ROUTE 2022<\/a> &#8211; Selon nos confr\u00e8res de L&rsquo;\u00c9quipe, Stefan K\u00fcng pourrait quitter la Groupama-FDJ \u00e0 la fin de la saison 2022.\u00a0<\/i><\/b><\/p>\n<p style=\"text-align: justify;\">Bien que sous contrat jusqu&rsquo;\u00e0 la fin de la saison 2023, le rouleur suisse <strong>Stefan K\u00fcng<\/strong> aurait des envies de d\u00e9part pr\u00e9matur\u00e9. Un d\u00e9saccord avec la direction de la Groupama-FDJ est \u00e9voqu\u00e9 par nos confr\u00e8res, qui reprennent ce qu&rsquo;il se dit dans l&rsquo;entourage du coureur helv\u00e8te. <strong>Stefan K\u00fcng<\/strong> aurait-il la volont\u00e9 d&rsquo;avoir le statut de leader sur des courses d&rsquo;une semaine ou m\u00eame des Grands Tours ? Au regard de son dernier r\u00e9sultat lors du Tour de Suisse, une cinqui\u00e8me place au classement g\u00e9n\u00e9ral, cela semble une ambition cr\u00e9dible. Mais la <strong>Groupama-FDJ<\/strong> a d\u00e9j\u00e0 plusieurs coureurs capables de jouer mes CG, avec en plus deux p\u00e9pites qui arrivent, <strong>Lenny Martinez<\/strong> et <strong>Romain Gr\u00e9goire<\/strong>.<\/p>\n<p style=\"text-align: justify;\">Rien n&rsquo;est encore act\u00e9, mais le d\u00e9part d&rsquo;un des meilleurs rouleurs du monde n&rsquo;est pas \u00e0 exclure pour l&rsquo;\u00e9quipe fran\u00e7aise dirig\u00e9e par <strong>Marc Madiot<\/strong>, \u00e0 la fin de la saison 2022, ou dans le meilleur des cas un an plus tard.<\/p>\n<blockquote class=\"twitter-tweet\">\n<p dir=\"ltr\" lang=\"fr\"><a href=\"https:\/\/twitter.com\/hashtag\/TDF2022?src=hash&amp;ref_src=twsrc%5Etfw\">#TDF2022<\/a> \/ <a href=\"https:\/\/twitter.com\/hashtag\/Mercato?src=hash&amp;ref_src=twsrc%5Etfw\">#Mercato<\/a> &#x270d;&#x1f3fb;<br \/>\nLes habituelles rumeurs de transferts dans le jour \u00e0 <a href=\"https:\/\/twitter.com\/lequipe?ref_src=twsrc%5Etfw\">@lequipe<\/a> durant le Tour de France : celle-ci, on ne s\u2019y attendait pas : &#x1f1e8;&#x1f1ed; Stefan K\u00fcng serait pr\u00eat \u00e0 casser son contrat avec Groupama FDJ a la fin de la saison. <a href=\"https:\/\/t.co\/Vng4B6mKad\">pic.twitter.com\/Vng4B6mKad<\/a><\/p>\n<p>\u2014 Renaud Breban (@RenaudB31) <a href=\"https:\/\/twitter.com\/RenaudB31\/status\/1546034265426739201?ref_src=twsrc%5Etfw\">July 10, 2022<\/a><\/p><\/blockquote>\n<p><script async src=\"https:\/\/platform.twitter.com\/widgets.js\" charset=\"utf-8\"><\/script><\/p>\n<p>&nbsp;<\/p>\n<p>&nbsp;<\/p>\n","protected":false},"excerpt":{"rendered":"<p>CYCLISME &#8211; Selon nos confr\u00e8res de L&rsquo;\u00c9quipe, Stefan K\u00fcng pourrait quitter la Groupama-FDJ \u00e0 la fin de la saison 2022.\u00a0<\/p>\n","protected":false},"author":1,"featured_media":241901,"comment_status":"open","ping_status":"closed","sticky":false,"template":"","format":"standard","meta":{"_acf_changed":false,"_daextam_enable_autolinks":"","footnotes":""},"categories":[46994],"tags":[3279,17860],"class_list":["post-241895","post","type-post","status-publish","format-standard","has-post-thumbnail","hentry","category-cyclisme-sur-route","tag-groupama-fdj","tag-stefan-kung"],"acf":[],"yoast_head":"<!-- This site is optimized with the Yoast SEO Premium plugin v26.7 (Yoast SEO v26.7) - https:\/\/yoast.com\/wordpress\/plugins\/seo\/ -->\n<title>Groupama-FDJ : Stefan K\u00fcng sur le d\u00e9part avant la fin de son contrat ?<\/title>\n<meta name=\"description\" content=\"CYCLISME - Selon nos confr\u00e8res de L&#039;\u00c9quipe, Stefan K\u00fcng pourrait quitter la Groupama-FDJ \u00e0 la fin de la saison 2022.\u00a0\" \/>\n<meta name=\"robots\" content=\"index, follow, max-snippet:-1, max-image-preview:large, max-video-preview:-1\" \/>\n<link rel=\"canonical\" href=\"https:\/\/dicodusport.fr\/blog\/groupama-fdj-stefan-kung-sur-le-depart-avant-la-fin-de-son-contrat\/\" \/>\n<meta property=\"og:locale\" content=\"fr_FR\" \/>\n<meta property=\"og:type\" content=\"article\" \/>\n<meta property=\"og:title\" content=\"Groupama-FDJ : Stefan K\u00fcng sur le d\u00e9part avant la fin de son contrat ?\" \/>\n<meta property=\"og:description\" content=\"CYCLISME - Selon nos confr\u00e8res de L&#039;\u00c9quipe, Stefan K\u00fcng pourrait quitter la Groupama-FDJ \u00e0 la fin de la saison 2022.\u00a0\" \/>\n<meta property=\"og:url\" content=\"https:\/\/dicodusport.fr\/blog\/groupama-fdj-stefan-kung-sur-le-depart-avant-la-fin-de-son-contrat\/\" \/>\n<meta property=\"og:site_name\" content=\"Dicodusport\" \/>\n<meta property=\"article:publisher\" content=\"https:\/\/www.facebook.com\/dicodusport\" \/>\n<meta property=\"article:author\" content=\"https:\/\/www.facebook.com\/dicodusport\" \/>\n<meta property=\"article:published_time\" content=\"2022-07-10T09:01:03+00:00\" \/>\n<meta property=\"article:modified_time\" content=\"2022-07-10T09:28:50+00:00\" \/>\n<meta property=\"og:image\" content=\"https:\/\/dicodusport.fr\/blog\/wp-content\/uploads\/2022\/07\/Groupama-FDJ-Stefan-Ku\u0308ng-sur-le-de\u0301part-avant-la-fin-de-son-contrat-.png\" \/>\n\t<meta property=\"og:image:width\" content=\"800\" \/>\n\t<meta property=\"og:image:height\" content=\"445\" \/>\n\t<meta property=\"og:image:type\" content=\"image\/png\" \/>\n<meta name=\"author\" content=\"Nicolas Jacquemard\" \/>\n<meta name=\"twitter:card\" content=\"summary_large_image\" \/>\n<meta name=\"twitter:title\" content=\"Groupama-FDJ : Stefan K\u00fcng sur le d\u00e9part avant la fin de son contrat ?\" \/>\n<meta name=\"twitter:creator\" content=\"@https:\/\/twitter.com\/Nico_Jacquemard\" \/>\n<meta name=\"twitter:site\" content=\"@dicodusport\" \/>\n<script type=\"application\/ld+json\" class=\"yoast-schema-graph\">{\"@context\":\"https:\/\/schema.org\",\"@graph\":[{\"@type\":\"NewsArticle\",\"@id\":\"https:\/\/dicodusport.fr\/blog\/groupama-fdj-stefan-kung-sur-le-depart-avant-la-fin-de-son-contrat\/#article\",\"isPartOf\":{\"@id\":\"https:\/\/dicodusport.fr\/blog\/groupama-fdj-stefan-kung-sur-le-depart-avant-la-fin-de-son-contrat\/\"},\"author\":{\"name\":\"Nicolas Jacquemard\",\"@id\":\"https:\/\/dicodusport.fr\/blog\/#\/schema\/person\/55dcb50ad410894e431ed812bbb70191\"},\"headline\":\"Groupama-FDJ : Stefan K\u00fcng sur le d\u00e9part avant la fin de son contrat ?\",\"datePublished\":\"2022-07-10T09:01:03+00:00\",\"dateModified\":\"2022-07-10T09:28:50+00:00\",\"mainEntityOfPage\":{\"@id\":\"https:\/\/dicodusport.fr\/blog\/groupama-fdj-stefan-kung-sur-le-depart-avant-la-fin-de-son-contrat\/\"},\"wordCount\":277,\"commentCount\":0,\"publisher\":{\"@id\":\"https:\/\/dicodusport.fr\/blog\/#organization\"},\"image\":{\"@id\":\"https:\/\/dicodusport.fr\/blog\/groupama-fdj-stefan-kung-sur-le-depart-avant-la-fin-de-son-contrat\/#primaryimage\"},\"thumbnailUrl\":\"https:\/\/dicodusport.fr\/blog\/wp-content\/uploads\/2022\/07\/Groupama-FDJ-Stefan-Ku\u0308ng-sur-le-de\u0301part-avant-la-fin-de-son-contrat-.png\",\"keywords\":[\"Groupama FDJ\",\"Stefan Kung\"],\"articleSection\":[\"Cyclisme sur route\"],\"inLanguage\":\"fr-FR\",\"potentialAction\":[{\"@type\":\"CommentAction\",\"name\":\"Comment\",\"target\":[\"https:\/\/dicodusport.fr\/blog\/groupama-fdj-stefan-kung-sur-le-depart-avant-la-fin-de-son-contrat\/#respond\"]}],\"copyrightYear\":\"2022\",\"copyrightHolder\":{\"@id\":\"https:\/\/dicodusport.fr\/blog\/#organization\"}},{\"@type\":\"WebPage\",\"@id\":\"https:\/\/dicodusport.fr\/blog\/groupama-fdj-stefan-kung-sur-le-depart-avant-la-fin-de-son-contrat\/\",\"url\":\"https:\/\/dicodusport.fr\/blog\/groupama-fdj-stefan-kung-sur-le-depart-avant-la-fin-de-son-contrat\/\",\"name\":\"Groupama-FDJ : Stefan K\u00fcng sur le d\u00e9part avant la fin de son contrat ?\",\"isPartOf\":{\"@id\":\"https:\/\/dicodusport.fr\/blog\/#website\"},\"primaryImageOfPage\":{\"@id\":\"https:\/\/dicodusport.fr\/blog\/groupama-fdj-stefan-kung-sur-le-depart-avant-la-fin-de-son-contrat\/#primaryimage\"},\"image\":{\"@id\":\"https:\/\/dicodusport.fr\/blog\/groupama-fdj-stefan-kung-sur-le-depart-avant-la-fin-de-son-contrat\/#primaryimage\"},\"thumbnailUrl\":\"https:\/\/dicodusport.fr\/blog\/wp-content\/uploads\/2022\/07\/Groupama-FDJ-Stefan-Ku\u0308ng-sur-le-de\u0301part-avant-la-fin-de-son-contrat-.png\",\"datePublished\":\"2022-07-10T09:01:03+00:00\",\"dateModified\":\"2022-07-10T09:28:50+00:00\",\"description\":\"CYCLISME - Selon nos confr\u00e8res de L'\u00c9quipe, Stefan K\u00fcng pourrait quitter la Groupama-FDJ \u00e0 la fin de la saison 2022.\u00a0\",\"breadcrumb\":{\"@id\":\"https:\/\/dicodusport.fr\/blog\/groupama-fdj-stefan-kung-sur-le-depart-avant-la-fin-de-son-contrat\/#breadcrumb\"},\"inLanguage\":\"fr-FR\",\"potentialAction\":[{\"@type\":\"ReadAction\",\"target\":[\"https:\/\/dicodusport.fr\/blog\/groupama-fdj-stefan-kung-sur-le-depart-avant-la-fin-de-son-contrat\/\"]}]},{\"@type\":\"ImageObject\",\"inLanguage\":\"fr-FR\",\"@id\":\"https:\/\/dicodusport.fr\/blog\/groupama-fdj-stefan-kung-sur-le-depart-avant-la-fin-de-son-contrat\/#primaryimage\",\"url\":\"https:\/\/dicodusport.fr\/blog\/wp-content\/uploads\/2022\/07\/Groupama-FDJ-Stefan-Ku\u0308ng-sur-le-de\u0301part-avant-la-fin-de-son-contrat-.png\",\"contentUrl\":\"https:\/\/dicodusport.fr\/blog\/wp-content\/uploads\/2022\/07\/Groupama-FDJ-Stefan-Ku\u0308ng-sur-le-de\u0301part-avant-la-fin-de-son-contrat-.png\",\"width\":800,\"height\":445},{\"@type\":\"BreadcrumbList\",\"@id\":\"https:\/\/dicodusport.fr\/blog\/groupama-fdj-stefan-kung-sur-le-depart-avant-la-fin-de-son-contrat\/#breadcrumb\",\"itemListElement\":[{\"@type\":\"ListItem\",\"position\":1,\"name\":\"Accueil\",\"item\":\"https:\/\/dicodusport.fr\/blog\/\"},{\"@type\":\"ListItem\",\"position\":2,\"name\":\"Groupama-FDJ : Stefan K\u00fcng sur le d\u00e9part avant la fin de son contrat ?\"}]},{\"@type\":\"WebSite\",\"@id\":\"https:\/\/dicodusport.fr\/blog\/#website\",\"url\":\"https:\/\/dicodusport.fr\/blog\/\",\"name\":\"Dicodusport\",\"description\":\"L&#039;encyclop\u00e9die de l&#039;actualit\u00e9 sportive\",\"publisher\":{\"@id\":\"https:\/\/dicodusport.fr\/blog\/#organization\"},\"potentialAction\":[{\"@type\":\"SearchAction\",\"target\":{\"@type\":\"EntryPoint\",\"urlTemplate\":\"https:\/\/dicodusport.fr\/blog\/?s={search_term_string}\"},\"query-input\":{\"@type\":\"PropertyValueSpecification\",\"valueRequired\":true,\"valueName\":\"search_term_string\"}}],\"inLanguage\":\"fr-FR\"},{\"@type\":\"NewsMediaOrganization\",\"@id\":\"https:\/\/dicodusport.fr\/blog\/#organization\",\"name\":\"Dicodusport\",\"url\":\"https:\/\/dicodusport.fr\/blog\/\",\"logo\":{\"@type\":\"ImageObject\",\"inLanguage\":\"fr-FR\",\"@id\":\"https:\/\/dicodusport.fr\/blog\/#\/schema\/logo\/image\/\",\"url\":\"https:\/\/dicodusport.fr\/blog\/wp-content\/uploads\/2020\/06\/cropped-LOGO-DICODUSPORT-2020-SANS-FOND-SANS-TEXTE.png\",\"contentUrl\":\"https:\/\/dicodusport.fr\/blog\/wp-content\/uploads\/2020\/06\/cropped-LOGO-DICODUSPORT-2020-SANS-FOND-SANS-TEXTE.png\",\"width\":512,\"height\":512,\"caption\":\"Dicodusport\"},\"image\":{\"@id\":\"https:\/\/dicodusport.fr\/blog\/#\/schema\/logo\/image\/\"},\"sameAs\":[\"https:\/\/www.facebook.com\/dicodusport\",\"https:\/\/x.com\/dicodusport\",\"https:\/\/www.instagram.com\/dicodusport\/\",\"https:\/\/www.youtube.com\/channel\/UC7V2KZ5sd3htJivAbA4ZG3w\"],\"description\":\"Dicodusport est l'encyclop\u00e9die de l'actualit\u00e9 sportive.\",\"email\":\"bonjour@dicodusport.fr\",\"legalName\":\"DICODUSPORT\",\"foundingDate\":\"2018-01-14\",\"vatID\":\"FR71834470973\",\"taxID\":\"83447097300043\",\"numberOfEmployees\":{\"@type\":\"QuantitativeValue\",\"minValue\":\"1\",\"maxValue\":\"10\"}},{\"@type\":\"Person\",\"@id\":\"https:\/\/dicodusport.fr\/blog\/#\/schema\/person\/55dcb50ad410894e431ed812bbb70191\",\"name\":\"Nicolas Jacquemard\",\"image\":{\"@type\":\"ImageObject\",\"inLanguage\":\"fr-FR\",\"@id\":\"https:\/\/dicodusport.fr\/blog\/#\/schema\/person\/image\/\",\"url\":\"https:\/\/dicodusport.fr\/blog\/wp-content\/uploads\/2021\/05\/Nicolas-Jacquemard-150x150.jpeg\",\"contentUrl\":\"https:\/\/dicodusport.fr\/blog\/wp-content\/uploads\/2021\/05\/Nicolas-Jacquemard-150x150.jpeg\",\"caption\":\"Nicolas Jacquemard\"},\"description\":\"Passionn\u00e9 de sport et entrepreneur depuis mes 18 ans, la cr\u00e9ation de Dicodusport m'a sembl\u00e9 \u00e9vidente pour participer \u00e0 la m\u00e9diatisation d'un plus grand nombre de sports. Le chemin est long mais avec une \u00e9quipe des plus motiv\u00e9es et les Jeux Olympiques de Paris 2024 en point de mire, nous y arriverons ! Journaliste dans le monde du sport depuis plus de 5 ans, je traite aussi bien de football, de rugby, de biathlon que de cyclisme.\",\"sameAs\":[\"https:\/\/www.facebook.com\/dicodusport\",\"https:\/\/x.com\/https:\/\/twitter.com\/Nico_Jacquemard\"],\"url\":\"https:\/\/dicodusport.fr\/blog\/author\/dicodusport\/\"}]}<\/script>\n<!-- \/ Yoast SEO Premium plugin. -->","yoast_head_json":{"title":"Groupama-FDJ : Stefan K\u00fcng sur le d\u00e9part avant la fin de son contrat ?","description":"CYCLISME - Selon nos confr\u00e8res de L'\u00c9quipe, Stefan K\u00fcng pourrait quitter la Groupama-FDJ \u00e0 la fin de la saison 2022.\u00a0","robots":{"index":"index","follow":"follow","max-snippet":"max-snippet:-1","max-image-preview":"max-image-preview:large","max-video-preview":"max-video-preview:-1"},"canonical":"https:\/\/dicodusport.fr\/blog\/groupama-fdj-stefan-kung-sur-le-depart-avant-la-fin-de-son-contrat\/","og_locale":"fr_FR","og_type":"article","og_title":"Groupama-FDJ : Stefan K\u00fcng sur le d\u00e9part avant la fin de son contrat ?","og_description":"CYCLISME - Selon nos confr\u00e8res de L'\u00c9quipe, Stefan K\u00fcng pourrait quitter la Groupama-FDJ \u00e0 la fin de la saison 2022.\u00a0","og_url":"https:\/\/dicodusport.fr\/blog\/groupama-fdj-stefan-kung-sur-le-depart-avant-la-fin-de-son-contrat\/","og_site_name":"Dicodusport","article_publisher":"https:\/\/www.facebook.com\/dicodusport","article_author":"https:\/\/www.facebook.com\/dicodusport","article_published_time":"2022-07-10T09:01:03+00:00","article_modified_time":"2022-07-10T09:28:50+00:00","og_image":[{"width":800,"height":445,"url":"https:\/\/dicodusport.fr\/blog\/wp-content\/uploads\/2022\/07\/Groupama-FDJ-Stefan-Ku\u0308ng-sur-le-de\u0301part-avant-la-fin-de-son-contrat-.png","type":"image\/png"}],"author":"Nicolas Jacquemard","twitter_card":"summary_large_image","twitter_title":"Groupama-FDJ : Stefan K\u00fcng sur le d\u00e9part avant la fin de son contrat ?","twitter_creator":"@https:\/\/twitter.com\/Nico_Jacquemard","twitter_site":"@dicodusport","schema":{"@context":"https:\/\/schema.org","@graph":[{"@type":"NewsArticle","@id":"https:\/\/dicodusport.fr\/blog\/groupama-fdj-stefan-kung-sur-le-depart-avant-la-fin-de-son-contrat\/#article","isPartOf":{"@id":"https:\/\/dicodusport.fr\/blog\/groupama-fdj-stefan-kung-sur-le-depart-avant-la-fin-de-son-contrat\/"},"author":{"name":"Nicolas Jacquemard","@id":"https:\/\/dicodusport.fr\/blog\/#\/schema\/person\/55dcb50ad410894e431ed812bbb70191"},"headline":"Groupama-FDJ : Stefan K\u00fcng sur le d\u00e9part avant la fin de son contrat ?","datePublished":"2022-07-10T09:01:03+00:00","dateModified":"2022-07-10T09:28:50+00:00","mainEntityOfPage":{"@id":"https:\/\/dicodusport.fr\/blog\/groupama-fdj-stefan-kung-sur-le-depart-avant-la-fin-de-son-contrat\/"},"wordCount":277,"commentCount":0,"publisher":{"@id":"https:\/\/dicodusport.fr\/blog\/#organization"},"image":{"@id":"https:\/\/dicodusport.fr\/blog\/groupama-fdj-stefan-kung-sur-le-depart-avant-la-fin-de-son-contrat\/#primaryimage"},"thumbnailUrl":"https:\/\/dicodusport.fr\/blog\/wp-content\/uploads\/2022\/07\/Groupama-FDJ-Stefan-Ku\u0308ng-sur-le-de\u0301part-avant-la-fin-de-son-contrat-.png","keywords":["Groupama FDJ","Stefan Kung"],"articleSection":["Cyclisme sur route"],"inLanguage":"fr-FR","potentialAction":[{"@type":"CommentAction","name":"Comment","target":["https:\/\/dicodusport.fr\/blog\/groupama-fdj-stefan-kung-sur-le-depart-avant-la-fin-de-son-contrat\/#respond"]}],"copyrightYear":"2022","copyrightHolder":{"@id":"https:\/\/dicodusport.fr\/blog\/#organization"}},{"@type":"WebPage","@id":"https:\/\/dicodusport.fr\/blog\/groupama-fdj-stefan-kung-sur-le-depart-avant-la-fin-de-son-contrat\/","url":"https:\/\/dicodusport.fr\/blog\/groupama-fdj-stefan-kung-sur-le-depart-avant-la-fin-de-son-contrat\/","name":"Groupama-FDJ : Stefan K\u00fcng sur le d\u00e9part avant la fin de son contrat ?","isPartOf":{"@id":"https:\/\/dicodusport.fr\/blog\/#website"},"primaryImageOfPage":{"@id":"https:\/\/dicodusport.fr\/blog\/groupama-fdj-stefan-kung-sur-le-depart-avant-la-fin-de-son-contrat\/#primaryimage"},"image":{"@id":"https:\/\/dicodusport.fr\/blog\/groupama-fdj-stefan-kung-sur-le-depart-avant-la-fin-de-son-contrat\/#primaryimage"},"thumbnailUrl":"https:\/\/dicodusport.fr\/blog\/wp-content\/uploads\/2022\/07\/Groupama-FDJ-Stefan-Ku\u0308ng-sur-le-de\u0301part-avant-la-fin-de-son-contrat-.png","datePublished":"2022-07-10T09:01:03+00:00","dateModified":"2022-07-10T09:28:50+00:00","description":"CYCLISME - Selon nos confr\u00e8res de L'\u00c9quipe, Stefan K\u00fcng pourrait quitter la Groupama-FDJ \u00e0 la fin de la saison 2022.\u00a0","breadcrumb":{"@id":"https:\/\/dicodusport.fr\/blog\/groupama-fdj-stefan-kung-sur-le-depart-avant-la-fin-de-son-contrat\/#breadcrumb"},"inLanguage":"fr-FR","potentialAction":[{"@type":"ReadAction","target":["https:\/\/dicodusport.fr\/blog\/groupama-fdj-stefan-kung-sur-le-depart-avant-la-fin-de-son-contrat\/"]}]},{"@type":"ImageObject","inLanguage":"fr-FR","@id":"https:\/\/dicodusport.fr\/blog\/groupama-fdj-stefan-kung-sur-le-depart-avant-la-fin-de-son-contrat\/#primaryimage","url":"https:\/\/dicodusport.fr\/blog\/wp-content\/uploads\/2022\/07\/Groupama-FDJ-Stefan-Ku\u0308ng-sur-le-de\u0301part-avant-la-fin-de-son-contrat-.png","contentUrl":"https:\/\/dicodusport.fr\/blog\/wp-content\/uploads\/2022\/07\/Groupama-FDJ-Stefan-Ku\u0308ng-sur-le-de\u0301part-avant-la-fin-de-son-contrat-.png","width":800,"height":445},{"@type":"BreadcrumbList","@id":"https:\/\/dicodusport.fr\/blog\/groupama-fdj-stefan-kung-sur-le-depart-avant-la-fin-de-son-contrat\/#breadcrumb","itemListElement":[{"@type":"ListItem","position":1,"name":"Accueil","item":"https:\/\/dicodusport.fr\/blog\/"},{"@type":"ListItem","position":2,"name":"Groupama-FDJ : Stefan K\u00fcng sur le d\u00e9part avant la fin de son contrat ?"}]},{"@type":"WebSite","@id":"https:\/\/dicodusport.fr\/blog\/#website","url":"https:\/\/dicodusport.fr\/blog\/","name":"Dicodusport","description":"L&#039;encyclop\u00e9die de l&#039;actualit\u00e9 sportive","publisher":{"@id":"https:\/\/dicodusport.fr\/blog\/#organization"},"potentialAction":[{"@type":"SearchAction","target":{"@type":"EntryPoint","urlTemplate":"https:\/\/dicodusport.fr\/blog\/?s={search_term_string}"},"query-input":{"@type":"PropertyValueSpecification","valueRequired":true,"valueName":"search_term_string"}}],"inLanguage":"fr-FR"},{"@type":"NewsMediaOrganization","@id":"https:\/\/dicodusport.fr\/blog\/#organization","name":"Dicodusport","url":"https:\/\/dicodusport.fr\/blog\/","logo":{"@type":"ImageObject","inLanguage":"fr-FR","@id":"https:\/\/dicodusport.fr\/blog\/#\/schema\/logo\/image\/","url":"https:\/\/dicodusport.fr\/blog\/wp-content\/uploads\/2020\/06\/cropped-LOGO-DICODUSPORT-2020-SANS-FOND-SANS-TEXTE.png","contentUrl":"https:\/\/dicodusport.fr\/blog\/wp-content\/uploads\/2020\/06\/cropped-LOGO-DICODUSPORT-2020-SANS-FOND-SANS-TEXTE.png","width":512,"height":512,"caption":"Dicodusport"},"image":{"@id":"https:\/\/dicodusport.fr\/blog\/#\/schema\/logo\/image\/"},"sameAs":["https:\/\/www.facebook.com\/dicodusport","https:\/\/x.com\/dicodusport","https:\/\/www.instagram.com\/dicodusport\/","https:\/\/www.youtube.com\/channel\/UC7V2KZ5sd3htJivAbA4ZG3w"],"description":"Dicodusport est l'encyclop\u00e9die de l'actualit\u00e9 sportive.","email":"bonjour@dicodusport.fr","legalName":"DICODUSPORT","foundingDate":"2018-01-14","vatID":"FR71834470973","taxID":"83447097300043","numberOfEmployees":{"@type":"QuantitativeValue","minValue":"1","maxValue":"10"}},{"@type":"Person","@id":"https:\/\/dicodusport.fr\/blog\/#\/schema\/person\/55dcb50ad410894e431ed812bbb70191","name":"Nicolas Jacquemard","image":{"@type":"ImageObject","inLanguage":"fr-FR","@id":"https:\/\/dicodusport.fr\/blog\/#\/schema\/person\/image\/","url":"https:\/\/dicodusport.fr\/blog\/wp-content\/uploads\/2021\/05\/Nicolas-Jacquemard-150x150.jpeg","contentUrl":"https:\/\/dicodusport.fr\/blog\/wp-content\/uploads\/2021\/05\/Nicolas-Jacquemard-150x150.jpeg","caption":"Nicolas Jacquemard"},"description":"Passionn\u00e9 de sport et entrepreneur depuis mes 18 ans, la cr\u00e9ation de Dicodusport m'a sembl\u00e9 \u00e9vidente pour participer \u00e0 la m\u00e9diatisation d'un plus grand nombre de sports. Le chemin est long mais avec une \u00e9quipe des plus motiv\u00e9es et les Jeux Olympiques de Paris 2024 en point de mire, nous y arriverons ! Journaliste dans le monde du sport depuis plus de 5 ans, je traite aussi bien de football, de rugby, de biathlon que de cyclisme.","sameAs":["https:\/\/www.facebook.com\/dicodusport","https:\/\/x.com\/https:\/\/twitter.com\/Nico_Jacquemard"],"url":"https:\/\/dicodusport.fr\/blog\/author\/dicodusport\/"}]}},"_links":{"self":[{"href":"https:\/\/dicodusport.fr\/blog\/wp-json\/wp\/v2\/posts\/241895","targetHints":{"allow":["GET"]}}],"collection":[{"href":"https:\/\/dicodusport.fr\/blog\/wp-json\/wp\/v2\/posts"}],"about":[{"href":"https:\/\/dicodusport.fr\/blog\/wp-json\/wp\/v2\/types\/post"}],"author":[{"embeddable":true,"href":"https:\/\/dicodusport.fr\/blog\/wp-json\/wp\/v2\/users\/1"}],"replies":[{"embeddable":true,"href":"https:\/\/dicodusport.fr\/blog\/wp-json\/wp\/v2\/comments?post=241895"}],"version-history":[{"count":0,"href":"https:\/\/dicodusport.fr\/blog\/wp-json\/wp\/v2\/posts\/241895\/revisions"}],"wp:featuredmedia":[{"embeddable":true,"href":"https:\/\/dicodusport.fr\/blog\/wp-json\/wp\/v2\/media\/241901"}],"wp:attachment":[{"href":"https:\/\/dicodusport.fr\/blog\/wp-json\/wp\/v2\/media?parent=241895"}],"wp:term":[{"taxonomy":"category","embeddable":true,"href":"https:\/\/dicodusport.fr\/blog\/wp-json\/wp\/v2\/categories?post=241895"},{"taxonomy":"post_tag","embeddable":true,"href":"https:\/\/dicodusport.fr\/blog\/wp-json\/wp\/v2\/tags?post=241895"}],"curies":[{"name":"wp","href":"https:\/\/api.w.org\/{rel}","templated":true}]}}