{"id":241909,"date":"2022-07-10T12:27:06","date_gmt":"2022-07-10T10:27:06","guid":{"rendered":"https:\/\/dicodusport.fr\/blog\/?p=241909&#038;preview=true&#038;preview_id=241909"},"modified":"2022-07-10T16:33:35","modified_gmt":"2022-07-10T14:33:35","slug":"vtt-xco-lenzerheide-loana-lecomte-s-impose-pauline-ferrand-prevot-4eme","status":"publish","type":"post","link":"https:\/\/dicodusport.fr\/blog\/vtt-xco-lenzerheide-loana-lecomte-s-impose-pauline-ferrand-prevot-4eme\/","title":{"rendered":"VTT XCO Lenzerheide : Loana Lecomte s&rsquo;impose, Pauline Ferrand-Pr\u00e9vot 4\u00e8me"},"content":{"rendered":"<p style=\"text-align: justify;\"><b><i>COUPE DU MONDE DE VTT 2022 &#8211; VTT XCO Lenzerheide &#8211; \u00c9tincelante, Loana Lecomte (Canyon CLLCTV) a remport\u00e9 ce dimanche la Coupe du monde de Lenzerheide (Suisse). La Fran\u00e7aise devance Jenny Rissveds (Team 31 IBIS Cycles) et Alessandra Keller (Th\u00f6mus Maxon). Pauline Ferrand-Pr\u00e9vot (BMC MTB Racing) se classe quant \u00e0 elle 4\u00e8me, et monte sur le podium de cette course.<\/i><\/b><\/p>\n<p style=\"text-align: justify;\">Intenable <strong>Loana Lecomte<\/strong> ! La native d&rsquo;Annecy a une nouvelle fois prouv\u00e9 qu&rsquo;elle \u00e9tait sans doute la meilleure pilote du monde actuellement. <a href=\"https:\/\/dicodusport.fr\/blog\/vtt-xco-leogang-loana-lecomte-s-impose-en-patronne\/\">Apr\u00e8s son doubl\u00e9 XCC-XCO il y a un mois \u00e0 Leogang (Autriche)<\/a>, <a href=\"https:\/\/dicodusport.fr\/blog\/vtt-championnats-de-france-loana-lecomte-conserve-son-titre-en-xco\/\">Lecomte avait conserv\u00e9 sont titre national XCO le week-end dernier<\/a>, en Bretagne. Ce dimanche, la v\u00e9t\u00e9tiste du team Canyon CLLCTV a montr\u00e9 une autre corde \u00e0 son arc pour s&rsquo;imposer, et d\u00e9croch\u00e9 un 7\u00e8me succ\u00e8s en Coupe du monde XCO.<\/p>\n<h2 style=\"text-align: justify;\">Loana Lecomte, patience et pers\u00e9v\u00e9rance<\/h2>\n<p style=\"text-align: justify;\">En effet, la Tricolore, habitu\u00e9e \u00e0 remporter ses courses en partant en solitaire d\u00e8s le premier tour, a d\u00fb cette fois faire preuve de patience. Sur son porte-bagages durant trois tours, la Su\u00e9doise <strong>Jenny Rissveds<\/strong>, laur\u00e9ate de la short-track vendredi, et la championne de Suisse <strong>Alessandra Keller<\/strong>. Les deux concurrentes ont donn\u00e9 du fil \u00e0 retordre \u00e0 la Fran\u00e7aise. Mais cette derni\u00e8re a r\u00e9ussi \u00e0 faire une premi\u00e8re diff\u00e9rence \u00e0 l&rsquo;entame de l&rsquo;avant-derni\u00e8re boucle.<\/p>\n<p style=\"text-align: justify;\">Derri\u00e8re, <strong>Rissveds<\/strong> r\u00e9sistait, \u00e0 une dizaine de secondes de <strong>Lecomte<\/strong>. <strong>Keller<\/strong>, elle, \u00e9tait quelques m\u00e8tres derri\u00e8re. Mais dans le dernier tour, <strong>Loana Lecomte<\/strong> a de nouveau acc\u00e9l\u00e9r\u00e9. <strong>Rissveds<\/strong>, un temps rattrap\u00e9e par la Suissesse, tentait \u00e0 nouveau de faire son retour sur la championne de France. En vain. Cette derni\u00e8re s&rsquo;impose avec 8 secondes d&rsquo;avance sur la Su\u00e9doise. <strong>Keller<\/strong> compl\u00e8te le podium. Quatri\u00e8me, <strong>Pauline Ferrand-Pr\u00e9vot<\/strong> monte \u00e9galement sur la bo\u00eete, \u00e0 2&rsquo;06 de sa compatriote, mais avec des sensations qui s&rsquo;am\u00e9liorent. <strong>Loana Lecomte<\/strong> fait m\u00eame coup double, en prenant les commandes du classement g\u00e9n\u00e9ral de la Coupe du monde, la leader australienne <strong>Rebecca McConnell<\/strong> marquant le pas, avec une 14\u00e8me place ce dimanche. Rendez-vous d\u00e9sormais le week-end prochain, \u00e0 Vallnord (Andorre), sur un parcours bien plus montagneux.<\/p>\n<blockquote class=\"twitter-tweet\">\n<p dir=\"ltr\" lang=\"fr\">&#x1f1eb;&#x1f1f7; Exceptionnelle Loana Lecomte qui s&rsquo;impose sur le cross-country de Lenzerheide et marque encore un peu plus l&rsquo;histoire du VTT fran\u00e7ais !<\/p>\n<p>Au sprint, Pauline Ferrand-Pr\u00e9vot s&#8217;empare de la 4e place <a href=\"https:\/\/twitter.com\/hashtag\/lequipeVELO?src=hash&amp;ref_src=twsrc%5Etfw\">#lequipeVELO<\/a> <a href=\"https:\/\/t.co\/EtdAJLaH4F\">pic.twitter.com\/EtdAJLaH4F<\/a><\/p>\n<p>\u2014 L&rsquo;\u00c9QUIPE (@lequipe) <a href=\"https:\/\/twitter.com\/lequipe\/status\/1546079228067778562?ref_src=twsrc%5Etfw\">July 10, 2022<\/a><\/p><\/blockquote>\n<p><script async src=\"https:\/\/platform.twitter.com\/widgets.js\" charset=\"utf-8\"><\/script><\/p>\n<ul>\n<li style=\"text-align: justify;\"><strong>\u00c0 lire aussi &#8211; <a href=\"https:\/\/dicodusport.fr\/blog\/classement-course-femmes-vtt-xco-lenzerheide\/\">Le classement de la course femmes XCO \u00e0 Lenzerheide<\/a><\/strong><\/li>\n<\/ul>\n","protected":false},"excerpt":{"rendered":"<p>COUPE DU MONDE DE VTT 2022 &#8211; VTT XCO Lenzerheide &#8211; \u00c9tincelante, Loana Lecomte (Canyon CLLCTV) a remport\u00e9 ce dimanche la Coupe du monde de Lenzerheide (Suisse). La Fran\u00e7aise devance Jenny Rissveds (Team 31 IBIS Cycles) et Alessandra Keller (Th\u00f6mus Maxon). Pauline Ferrand-Pr\u00e9vot (BMC MTB Racing) se classe quant \u00e0 elle 4\u00e8me, et monte sur le podium de cette course.<\/p>\n","protected":false},"author":4,"featured_media":241927,"comment_status":"open","ping_status":"closed","sticky":false,"template":"","format":"standard","meta":{"_acf_changed":false,"_daextam_enable_autolinks":"","footnotes":""},"categories":[10279],"tags":[6740,24,692,19044,19045],"class_list":["post-241909","post","type-post","status-publish","format-standard","has-post-thumbnail","hentry","category-vtt","tag-lenzerheide","tag-sport","tag-vtt","tag-vtt-lenzerheide","tag-vtt-xco-lenzerheide"],"acf":[],"yoast_head":"<!-- This site is optimized with the Yoast SEO Premium plugin v26.7 (Yoast SEO v26.7) - https:\/\/yoast.com\/wordpress\/plugins\/seo\/ -->\n<title>VTT XCO Lenzerheide : Loana Lecomte s&#039;impose, Pauline Ferrand-Pr\u00e9vot 4\u00e8me<\/title>\n<meta name=\"description\" content=\"COUPE DU MONDE VTT XCO Lenzerheide - \u00c9tincelante, Loana Lecomte (Canyon CLLCTV) a remport\u00e9 ce dimanche la Coupe du monde de Lenzerheide.\" \/>\n<meta name=\"robots\" content=\"index, follow, max-snippet:-1, max-image-preview:large, max-video-preview:-1\" \/>\n<link rel=\"canonical\" href=\"https:\/\/dicodusport.fr\/blog\/vtt-xco-lenzerheide-loana-lecomte-s-impose-pauline-ferrand-prevot-4eme\/\" \/>\n<meta property=\"og:locale\" content=\"fr_FR\" \/>\n<meta property=\"og:type\" content=\"article\" \/>\n<meta property=\"og:title\" content=\"VTT XCO Lenzerheide : Loana Lecomte s&#039;impose, Pauline Ferrand-Pr\u00e9vot 4\u00e8me\" \/>\n<meta property=\"og:description\" content=\"COUPE DU MONDE VTT XCO Lenzerheide - \u00c9tincelante, Loana Lecomte (Canyon CLLCTV) a remport\u00e9 ce dimanche la Coupe du monde de Lenzerheide.\" \/>\n<meta property=\"og:url\" content=\"https:\/\/dicodusport.fr\/blog\/vtt-xco-lenzerheide-loana-lecomte-s-impose-pauline-ferrand-prevot-4eme\/\" \/>\n<meta property=\"og:site_name\" content=\"Dicodusport\" \/>\n<meta property=\"article:publisher\" content=\"https:\/\/www.facebook.com\/dicodusport\" \/>\n<meta property=\"article:author\" content=\"https:\/\/www.facebook.com\/florent.ostermann\" \/>\n<meta property=\"article:published_time\" content=\"2022-07-10T10:27:06+00:00\" \/>\n<meta property=\"article:modified_time\" content=\"2022-07-10T14:33:35+00:00\" \/>\n<meta property=\"og:image\" content=\"https:\/\/dicodusport.fr\/blog\/wp-content\/uploads\/2022\/07\/VTT-XCO-Lenzerheide-Loana-Lecomte-simpose-Pauline-Ferrand-Prevot-4eme.png\" \/>\n\t<meta property=\"og:image:width\" content=\"800\" \/>\n\t<meta property=\"og:image:height\" content=\"445\" \/>\n\t<meta property=\"og:image:type\" content=\"image\/png\" \/>\n<meta name=\"author\" content=\"Flo Ostermann\" \/>\n<meta name=\"twitter:card\" content=\"summary_large_image\" \/>\n<meta name=\"twitter:title\" content=\"VTT XCO Lenzerheide : Loana Lecomte s&#039;impose, Pauline Ferrand-Pr\u00e9vot 4\u00e8me\" \/>\n<meta name=\"twitter:creator\" content=\"@https:\/\/twitter.com\/FlOstermann\" \/>\n<meta name=\"twitter:site\" content=\"@dicodusport\" \/>\n<script type=\"application\/ld+json\" class=\"yoast-schema-graph\">{\"@context\":\"https:\/\/schema.org\",\"@graph\":[{\"@type\":\"NewsArticle\",\"@id\":\"https:\/\/dicodusport.fr\/blog\/vtt-xco-lenzerheide-loana-lecomte-s-impose-pauline-ferrand-prevot-4eme\/#article\",\"isPartOf\":{\"@id\":\"https:\/\/dicodusport.fr\/blog\/vtt-xco-lenzerheide-loana-lecomte-s-impose-pauline-ferrand-prevot-4eme\/\"},\"author\":{\"name\":\"Flo Ostermann\",\"@id\":\"https:\/\/dicodusport.fr\/blog\/#\/schema\/person\/cb02af4c173ce4a653b55e9baf388d4a\"},\"headline\":\"VTT XCO Lenzerheide : Loana Lecomte s&rsquo;impose, Pauline Ferrand-Pr\u00e9vot 4\u00e8me\",\"datePublished\":\"2022-07-10T10:27:06+00:00\",\"dateModified\":\"2022-07-10T14:33:35+00:00\",\"mainEntityOfPage\":{\"@id\":\"https:\/\/dicodusport.fr\/blog\/vtt-xco-lenzerheide-loana-lecomte-s-impose-pauline-ferrand-prevot-4eme\/\"},\"wordCount\":441,\"commentCount\":0,\"publisher\":{\"@id\":\"https:\/\/dicodusport.fr\/blog\/#organization\"},\"image\":{\"@id\":\"https:\/\/dicodusport.fr\/blog\/vtt-xco-lenzerheide-loana-lecomte-s-impose-pauline-ferrand-prevot-4eme\/#primaryimage\"},\"thumbnailUrl\":\"https:\/\/dicodusport.fr\/blog\/wp-content\/uploads\/2022\/07\/VTT-XCO-Lenzerheide-Loana-Lecomte-simpose-Pauline-Ferrand-Prevot-4eme.png\",\"keywords\":[\"Lenzerheide\",\"sport\",\"VTT\",\"VTT Lenzerheide\",\"VTT XCO Lenzerheide\"],\"articleSection\":[\"VTT\"],\"inLanguage\":\"fr-FR\",\"potentialAction\":[{\"@type\":\"CommentAction\",\"name\":\"Comment\",\"target\":[\"https:\/\/dicodusport.fr\/blog\/vtt-xco-lenzerheide-loana-lecomte-s-impose-pauline-ferrand-prevot-4eme\/#respond\"]}],\"copyrightYear\":\"2022\",\"copyrightHolder\":{\"@id\":\"https:\/\/dicodusport.fr\/blog\/#organization\"}},{\"@type\":\"WebPage\",\"@id\":\"https:\/\/dicodusport.fr\/blog\/vtt-xco-lenzerheide-loana-lecomte-s-impose-pauline-ferrand-prevot-4eme\/\",\"url\":\"https:\/\/dicodusport.fr\/blog\/vtt-xco-lenzerheide-loana-lecomte-s-impose-pauline-ferrand-prevot-4eme\/\",\"name\":\"VTT XCO Lenzerheide : Loana Lecomte s'impose, Pauline Ferrand-Pr\u00e9vot 4\u00e8me\",\"isPartOf\":{\"@id\":\"https:\/\/dicodusport.fr\/blog\/#website\"},\"primaryImageOfPage\":{\"@id\":\"https:\/\/dicodusport.fr\/blog\/vtt-xco-lenzerheide-loana-lecomte-s-impose-pauline-ferrand-prevot-4eme\/#primaryimage\"},\"image\":{\"@id\":\"https:\/\/dicodusport.fr\/blog\/vtt-xco-lenzerheide-loana-lecomte-s-impose-pauline-ferrand-prevot-4eme\/#primaryimage\"},\"thumbnailUrl\":\"https:\/\/dicodusport.fr\/blog\/wp-content\/uploads\/2022\/07\/VTT-XCO-Lenzerheide-Loana-Lecomte-simpose-Pauline-Ferrand-Prevot-4eme.png\",\"datePublished\":\"2022-07-10T10:27:06+00:00\",\"dateModified\":\"2022-07-10T14:33:35+00:00\",\"description\":\"COUPE DU MONDE VTT XCO Lenzerheide - \u00c9tincelante, Loana Lecomte (Canyon CLLCTV) a remport\u00e9 ce dimanche la Coupe du monde de Lenzerheide.\",\"breadcrumb\":{\"@id\":\"https:\/\/dicodusport.fr\/blog\/vtt-xco-lenzerheide-loana-lecomte-s-impose-pauline-ferrand-prevot-4eme\/#breadcrumb\"},\"inLanguage\":\"fr-FR\",\"potentialAction\":[{\"@type\":\"ReadAction\",\"target\":[\"https:\/\/dicodusport.fr\/blog\/vtt-xco-lenzerheide-loana-lecomte-s-impose-pauline-ferrand-prevot-4eme\/\"]}]},{\"@type\":\"ImageObject\",\"inLanguage\":\"fr-FR\",\"@id\":\"https:\/\/dicodusport.fr\/blog\/vtt-xco-lenzerheide-loana-lecomte-s-impose-pauline-ferrand-prevot-4eme\/#primaryimage\",\"url\":\"https:\/\/dicodusport.fr\/blog\/wp-content\/uploads\/2022\/07\/VTT-XCO-Lenzerheide-Loana-Lecomte-simpose-Pauline-Ferrand-Prevot-4eme.png\",\"contentUrl\":\"https:\/\/dicodusport.fr\/blog\/wp-content\/uploads\/2022\/07\/VTT-XCO-Lenzerheide-Loana-Lecomte-simpose-Pauline-Ferrand-Prevot-4eme.png\",\"width\":800,\"height\":445,\"caption\":\"VTT XCO Lenzerheide Loana Lecomte s'impose, Pauline Ferrand-Pr\u00e9vot 4\u00e8me\"},{\"@type\":\"BreadcrumbList\",\"@id\":\"https:\/\/dicodusport.fr\/blog\/vtt-xco-lenzerheide-loana-lecomte-s-impose-pauline-ferrand-prevot-4eme\/#breadcrumb\",\"itemListElement\":[{\"@type\":\"ListItem\",\"position\":1,\"name\":\"Accueil\",\"item\":\"https:\/\/dicodusport.fr\/blog\/\"},{\"@type\":\"ListItem\",\"position\":2,\"name\":\"VTT XCO Lenzerheide : Loana Lecomte s&rsquo;impose, Pauline Ferrand-Pr\u00e9vot 4\u00e8me\"}]},{\"@type\":\"WebSite\",\"@id\":\"https:\/\/dicodusport.fr\/blog\/#website\",\"url\":\"https:\/\/dicodusport.fr\/blog\/\",\"name\":\"Dicodusport\",\"description\":\"L&#039;encyclop\u00e9die de l&#039;actualit\u00e9 sportive\",\"publisher\":{\"@id\":\"https:\/\/dicodusport.fr\/blog\/#organization\"},\"potentialAction\":[{\"@type\":\"SearchAction\",\"target\":{\"@type\":\"EntryPoint\",\"urlTemplate\":\"https:\/\/dicodusport.fr\/blog\/?s={search_term_string}\"},\"query-input\":{\"@type\":\"PropertyValueSpecification\",\"valueRequired\":true,\"valueName\":\"search_term_string\"}}],\"inLanguage\":\"fr-FR\"},{\"@type\":\"NewsMediaOrganization\",\"@id\":\"https:\/\/dicodusport.fr\/blog\/#organization\",\"name\":\"Dicodusport\",\"url\":\"https:\/\/dicodusport.fr\/blog\/\",\"logo\":{\"@type\":\"ImageObject\",\"inLanguage\":\"fr-FR\",\"@id\":\"https:\/\/dicodusport.fr\/blog\/#\/schema\/logo\/image\/\",\"url\":\"https:\/\/dicodusport.fr\/blog\/wp-content\/uploads\/2020\/06\/cropped-LOGO-DICODUSPORT-2020-SANS-FOND-SANS-TEXTE.png\",\"contentUrl\":\"https:\/\/dicodusport.fr\/blog\/wp-content\/uploads\/2020\/06\/cropped-LOGO-DICODUSPORT-2020-SANS-FOND-SANS-TEXTE.png\",\"width\":512,\"height\":512,\"caption\":\"Dicodusport\"},\"image\":{\"@id\":\"https:\/\/dicodusport.fr\/blog\/#\/schema\/logo\/image\/\"},\"sameAs\":[\"https:\/\/www.facebook.com\/dicodusport\",\"https:\/\/x.com\/dicodusport\",\"https:\/\/www.instagram.com\/dicodusport\/\",\"https:\/\/www.youtube.com\/channel\/UC7V2KZ5sd3htJivAbA4ZG3w\"],\"description\":\"Dicodusport est l'encyclop\u00e9die de l'actualit\u00e9 sportive.\",\"email\":\"bonjour@dicodusport.fr\",\"legalName\":\"DICODUSPORT\",\"foundingDate\":\"2018-01-14\",\"vatID\":\"FR71834470973\",\"taxID\":\"83447097300043\",\"numberOfEmployees\":{\"@type\":\"QuantitativeValue\",\"minValue\":\"1\",\"maxValue\":\"10\"}},{\"@type\":\"Person\",\"@id\":\"https:\/\/dicodusport.fr\/blog\/#\/schema\/person\/cb02af4c173ce4a653b55e9baf388d4a\",\"name\":\"Flo Ostermann\",\"image\":{\"@type\":\"ImageObject\",\"inLanguage\":\"fr-FR\",\"@id\":\"https:\/\/dicodusport.fr\/blog\/#\/schema\/person\/image\/\",\"url\":\"https:\/\/dicodusport.fr\/blog\/wp-content\/uploads\/2021\/05\/Flo-Ostermann-150x150.jpg\",\"contentUrl\":\"https:\/\/dicodusport.fr\/blog\/wp-content\/uploads\/2021\/05\/Flo-Ostermann-150x150.jpg\",\"caption\":\"Flo Ostermann\"},\"description\":\"Journaliste\/R\u00e9dacteur depuis septembre 2015 - Mes premiers souvenirs dans le sport ? Les envol\u00e9es du Stade Toulousain et les duels Villeneuve-Schumacher et H\u00e4kkinen-Schumacher \u00e0 la fin des ann\u00e9es 90, la Coupe du monde de football en 1998, l\u2019exploit du XV de France face aux All Blacks en 1999, mais aussi Richard C\u0153ur de Lion qui vole sur les montagnes du Tour de France. Bien parti pour devenir professeur d\u2019EPS, les \u00e9v\u00e9nements de la vie (et la flemme d\u2019animer des s\u00e9ances de 3x500 m\u00e8tres toute ma vie) m\u2019ont conduit \u00e0 revoir mes plans. Me voil\u00e0 depuis fin 2017 sur Dicodusport, m\u00e9dia gr\u00e2ce (et pour) lequel je partage ma passion : le sport dans tous ses \u00e9tats. Le tout accompagn\u00e9 par les fous furieux et folles furieuses cit\u00e9s sur cette page !\",\"sameAs\":[\"https:\/\/www.facebook.com\/florent.ostermann\",\"https:\/\/x.com\/https:\/\/twitter.com\/FlOstermann\",\"admin\"],\"url\":\"https:\/\/dicodusport.fr\/blog\/author\/flo\/\"}]}<\/script>\n<!-- \/ Yoast SEO Premium plugin. -->","yoast_head_json":{"title":"VTT XCO Lenzerheide : Loana Lecomte s'impose, Pauline Ferrand-Pr\u00e9vot 4\u00e8me","description":"COUPE DU MONDE VTT XCO Lenzerheide - \u00c9tincelante, Loana Lecomte (Canyon CLLCTV) a remport\u00e9 ce dimanche la Coupe du monde de Lenzerheide.","robots":{"index":"index","follow":"follow","max-snippet":"max-snippet:-1","max-image-preview":"max-image-preview:large","max-video-preview":"max-video-preview:-1"},"canonical":"https:\/\/dicodusport.fr\/blog\/vtt-xco-lenzerheide-loana-lecomte-s-impose-pauline-ferrand-prevot-4eme\/","og_locale":"fr_FR","og_type":"article","og_title":"VTT XCO Lenzerheide : Loana Lecomte s'impose, Pauline Ferrand-Pr\u00e9vot 4\u00e8me","og_description":"COUPE DU MONDE VTT XCO Lenzerheide - \u00c9tincelante, Loana Lecomte (Canyon CLLCTV) a remport\u00e9 ce dimanche la Coupe du monde de Lenzerheide.","og_url":"https:\/\/dicodusport.fr\/blog\/vtt-xco-lenzerheide-loana-lecomte-s-impose-pauline-ferrand-prevot-4eme\/","og_site_name":"Dicodusport","article_publisher":"https:\/\/www.facebook.com\/dicodusport","article_author":"https:\/\/www.facebook.com\/florent.ostermann","article_published_time":"2022-07-10T10:27:06+00:00","article_modified_time":"2022-07-10T14:33:35+00:00","og_image":[{"width":800,"height":445,"url":"https:\/\/dicodusport.fr\/blog\/wp-content\/uploads\/2022\/07\/VTT-XCO-Lenzerheide-Loana-Lecomte-simpose-Pauline-Ferrand-Prevot-4eme.png","type":"image\/png"}],"author":"Flo Ostermann","twitter_card":"summary_large_image","twitter_title":"VTT XCO Lenzerheide : Loana Lecomte s'impose, Pauline Ferrand-Pr\u00e9vot 4\u00e8me","twitter_creator":"@https:\/\/twitter.com\/FlOstermann","twitter_site":"@dicodusport","schema":{"@context":"https:\/\/schema.org","@graph":[{"@type":"NewsArticle","@id":"https:\/\/dicodusport.fr\/blog\/vtt-xco-lenzerheide-loana-lecomte-s-impose-pauline-ferrand-prevot-4eme\/#article","isPartOf":{"@id":"https:\/\/dicodusport.fr\/blog\/vtt-xco-lenzerheide-loana-lecomte-s-impose-pauline-ferrand-prevot-4eme\/"},"author":{"name":"Flo Ostermann","@id":"https:\/\/dicodusport.fr\/blog\/#\/schema\/person\/cb02af4c173ce4a653b55e9baf388d4a"},"headline":"VTT XCO Lenzerheide : Loana Lecomte s&rsquo;impose, Pauline Ferrand-Pr\u00e9vot 4\u00e8me","datePublished":"2022-07-10T10:27:06+00:00","dateModified":"2022-07-10T14:33:35+00:00","mainEntityOfPage":{"@id":"https:\/\/dicodusport.fr\/blog\/vtt-xco-lenzerheide-loana-lecomte-s-impose-pauline-ferrand-prevot-4eme\/"},"wordCount":441,"commentCount":0,"publisher":{"@id":"https:\/\/dicodusport.fr\/blog\/#organization"},"image":{"@id":"https:\/\/dicodusport.fr\/blog\/vtt-xco-lenzerheide-loana-lecomte-s-impose-pauline-ferrand-prevot-4eme\/#primaryimage"},"thumbnailUrl":"https:\/\/dicodusport.fr\/blog\/wp-content\/uploads\/2022\/07\/VTT-XCO-Lenzerheide-Loana-Lecomte-simpose-Pauline-Ferrand-Prevot-4eme.png","keywords":["Lenzerheide","sport","VTT","VTT Lenzerheide","VTT XCO Lenzerheide"],"articleSection":["VTT"],"inLanguage":"fr-FR","potentialAction":[{"@type":"CommentAction","name":"Comment","target":["https:\/\/dicodusport.fr\/blog\/vtt-xco-lenzerheide-loana-lecomte-s-impose-pauline-ferrand-prevot-4eme\/#respond"]}],"copyrightYear":"2022","copyrightHolder":{"@id":"https:\/\/dicodusport.fr\/blog\/#organization"}},{"@type":"WebPage","@id":"https:\/\/dicodusport.fr\/blog\/vtt-xco-lenzerheide-loana-lecomte-s-impose-pauline-ferrand-prevot-4eme\/","url":"https:\/\/dicodusport.fr\/blog\/vtt-xco-lenzerheide-loana-lecomte-s-impose-pauline-ferrand-prevot-4eme\/","name":"VTT XCO Lenzerheide : Loana Lecomte s'impose, Pauline Ferrand-Pr\u00e9vot 4\u00e8me","isPartOf":{"@id":"https:\/\/dicodusport.fr\/blog\/#website"},"primaryImageOfPage":{"@id":"https:\/\/dicodusport.fr\/blog\/vtt-xco-lenzerheide-loana-lecomte-s-impose-pauline-ferrand-prevot-4eme\/#primaryimage"},"image":{"@id":"https:\/\/dicodusport.fr\/blog\/vtt-xco-lenzerheide-loana-lecomte-s-impose-pauline-ferrand-prevot-4eme\/#primaryimage"},"thumbnailUrl":"https:\/\/dicodusport.fr\/blog\/wp-content\/uploads\/2022\/07\/VTT-XCO-Lenzerheide-Loana-Lecomte-simpose-Pauline-Ferrand-Prevot-4eme.png","datePublished":"2022-07-10T10:27:06+00:00","dateModified":"2022-07-10T14:33:35+00:00","description":"COUPE DU MONDE VTT XCO Lenzerheide - \u00c9tincelante, Loana Lecomte (Canyon CLLCTV) a remport\u00e9 ce dimanche la Coupe du monde de Lenzerheide.","breadcrumb":{"@id":"https:\/\/dicodusport.fr\/blog\/vtt-xco-lenzerheide-loana-lecomte-s-impose-pauline-ferrand-prevot-4eme\/#breadcrumb"},"inLanguage":"fr-FR","potentialAction":[{"@type":"ReadAction","target":["https:\/\/dicodusport.fr\/blog\/vtt-xco-lenzerheide-loana-lecomte-s-impose-pauline-ferrand-prevot-4eme\/"]}]},{"@type":"ImageObject","inLanguage":"fr-FR","@id":"https:\/\/dicodusport.fr\/blog\/vtt-xco-lenzerheide-loana-lecomte-s-impose-pauline-ferrand-prevot-4eme\/#primaryimage","url":"https:\/\/dicodusport.fr\/blog\/wp-content\/uploads\/2022\/07\/VTT-XCO-Lenzerheide-Loana-Lecomte-simpose-Pauline-Ferrand-Prevot-4eme.png","contentUrl":"https:\/\/dicodusport.fr\/blog\/wp-content\/uploads\/2022\/07\/VTT-XCO-Lenzerheide-Loana-Lecomte-simpose-Pauline-Ferrand-Prevot-4eme.png","width":800,"height":445,"caption":"VTT XCO Lenzerheide Loana Lecomte s'impose, Pauline Ferrand-Pr\u00e9vot 4\u00e8me"},{"@type":"BreadcrumbList","@id":"https:\/\/dicodusport.fr\/blog\/vtt-xco-lenzerheide-loana-lecomte-s-impose-pauline-ferrand-prevot-4eme\/#breadcrumb","itemListElement":[{"@type":"ListItem","position":1,"name":"Accueil","item":"https:\/\/dicodusport.fr\/blog\/"},{"@type":"ListItem","position":2,"name":"VTT XCO Lenzerheide : Loana Lecomte s&rsquo;impose, Pauline Ferrand-Pr\u00e9vot 4\u00e8me"}]},{"@type":"WebSite","@id":"https:\/\/dicodusport.fr\/blog\/#website","url":"https:\/\/dicodusport.fr\/blog\/","name":"Dicodusport","description":"L&#039;encyclop\u00e9die de l&#039;actualit\u00e9 sportive","publisher":{"@id":"https:\/\/dicodusport.fr\/blog\/#organization"},"potentialAction":[{"@type":"SearchAction","target":{"@type":"EntryPoint","urlTemplate":"https:\/\/dicodusport.fr\/blog\/?s={search_term_string}"},"query-input":{"@type":"PropertyValueSpecification","valueRequired":true,"valueName":"search_term_string"}}],"inLanguage":"fr-FR"},{"@type":"NewsMediaOrganization","@id":"https:\/\/dicodusport.fr\/blog\/#organization","name":"Dicodusport","url":"https:\/\/dicodusport.fr\/blog\/","logo":{"@type":"ImageObject","inLanguage":"fr-FR","@id":"https:\/\/dicodusport.fr\/blog\/#\/schema\/logo\/image\/","url":"https:\/\/dicodusport.fr\/blog\/wp-content\/uploads\/2020\/06\/cropped-LOGO-DICODUSPORT-2020-SANS-FOND-SANS-TEXTE.png","contentUrl":"https:\/\/dicodusport.fr\/blog\/wp-content\/uploads\/2020\/06\/cropped-LOGO-DICODUSPORT-2020-SANS-FOND-SANS-TEXTE.png","width":512,"height":512,"caption":"Dicodusport"},"image":{"@id":"https:\/\/dicodusport.fr\/blog\/#\/schema\/logo\/image\/"},"sameAs":["https:\/\/www.facebook.com\/dicodusport","https:\/\/x.com\/dicodusport","https:\/\/www.instagram.com\/dicodusport\/","https:\/\/www.youtube.com\/channel\/UC7V2KZ5sd3htJivAbA4ZG3w"],"description":"Dicodusport est l'encyclop\u00e9die de l'actualit\u00e9 sportive.","email":"bonjour@dicodusport.fr","legalName":"DICODUSPORT","foundingDate":"2018-01-14","vatID":"FR71834470973","taxID":"83447097300043","numberOfEmployees":{"@type":"QuantitativeValue","minValue":"1","maxValue":"10"}},{"@type":"Person","@id":"https:\/\/dicodusport.fr\/blog\/#\/schema\/person\/cb02af4c173ce4a653b55e9baf388d4a","name":"Flo Ostermann","image":{"@type":"ImageObject","inLanguage":"fr-FR","@id":"https:\/\/dicodusport.fr\/blog\/#\/schema\/person\/image\/","url":"https:\/\/dicodusport.fr\/blog\/wp-content\/uploads\/2021\/05\/Flo-Ostermann-150x150.jpg","contentUrl":"https:\/\/dicodusport.fr\/blog\/wp-content\/uploads\/2021\/05\/Flo-Ostermann-150x150.jpg","caption":"Flo Ostermann"},"description":"Journaliste\/R\u00e9dacteur depuis septembre 2015 - Mes premiers souvenirs dans le sport ? Les envol\u00e9es du Stade Toulousain et les duels Villeneuve-Schumacher et H\u00e4kkinen-Schumacher \u00e0 la fin des ann\u00e9es 90, la Coupe du monde de football en 1998, l\u2019exploit du XV de France face aux All Blacks en 1999, mais aussi Richard C\u0153ur de Lion qui vole sur les montagnes du Tour de France. Bien parti pour devenir professeur d\u2019EPS, les \u00e9v\u00e9nements de la vie (et la flemme d\u2019animer des s\u00e9ances de 3x500 m\u00e8tres toute ma vie) m\u2019ont conduit \u00e0 revoir mes plans. Me voil\u00e0 depuis fin 2017 sur Dicodusport, m\u00e9dia gr\u00e2ce (et pour) lequel je partage ma passion : le sport dans tous ses \u00e9tats. Le tout accompagn\u00e9 par les fous furieux et folles furieuses cit\u00e9s sur cette page !","sameAs":["https:\/\/www.facebook.com\/florent.ostermann","https:\/\/x.com\/https:\/\/twitter.com\/FlOstermann","admin"],"url":"https:\/\/dicodusport.fr\/blog\/author\/flo\/"}]}},"_links":{"self":[{"href":"https:\/\/dicodusport.fr\/blog\/wp-json\/wp\/v2\/posts\/241909","targetHints":{"allow":["GET"]}}],"collection":[{"href":"https:\/\/dicodusport.fr\/blog\/wp-json\/wp\/v2\/posts"}],"about":[{"href":"https:\/\/dicodusport.fr\/blog\/wp-json\/wp\/v2\/types\/post"}],"author":[{"embeddable":true,"href":"https:\/\/dicodusport.fr\/blog\/wp-json\/wp\/v2\/users\/4"}],"replies":[{"embeddable":true,"href":"https:\/\/dicodusport.fr\/blog\/wp-json\/wp\/v2\/comments?post=241909"}],"version-history":[{"count":0,"href":"https:\/\/dicodusport.fr\/blog\/wp-json\/wp\/v2\/posts\/241909\/revisions"}],"wp:featuredmedia":[{"embeddable":true,"href":"https:\/\/dicodusport.fr\/blog\/wp-json\/wp\/v2\/media\/241927"}],"wp:attachment":[{"href":"https:\/\/dicodusport.fr\/blog\/wp-json\/wp\/v2\/media?parent=241909"}],"wp:term":[{"taxonomy":"category","embeddable":true,"href":"https:\/\/dicodusport.fr\/blog\/wp-json\/wp\/v2\/categories?post=241909"},{"taxonomy":"post_tag","embeddable":true,"href":"https:\/\/dicodusport.fr\/blog\/wp-json\/wp\/v2\/tags?post=241909"}],"curies":[{"name":"wp","href":"https:\/\/api.w.org\/{rel}","templated":true}]}}