{"id":24223,"date":"2018-08-20T10:04:48","date_gmt":"2018-08-20T08:04:48","guid":{"rendered":"http:\/\/dicodusport.fr\/blog\/?p=24223"},"modified":"2018-08-20T10:17:06","modified_gmt":"2018-08-20T08:17:06","slug":"ligue-1-conforama-2eme-journee-promus-en-folie","status":"publish","type":"post","link":"https:\/\/dicodusport.fr\/blog\/ligue-1-conforama-2eme-journee-promus-en-folie\/","title":{"rendered":"Ligue 1 Conforama &#8211; 2\u00e8me journ\u00e9e : promus en folie !"},"content":{"rendered":"<p style=\"text-align: justify;\"><strong><em>\u00catre promu en Ligue 1 donne des ailes, le retour de Mbapp\u00e9 aussi&#8230; Le championnat de Ligue 1 continue de surprendre m\u00eame si les rencontres ont \u00e9t\u00e9 moins prolifiques que la 1\u00e8re journ\u00e9e (22 buts).<\/em><\/strong><\/p>\n<h4 style=\"text-align: justify;\">N\u00eemes et Reims font le plein contre les gros<\/h4>\n<p style=\"text-align: justify;\">Avec leurs d\u00e9buts de championnat respectifs, personne ne voyait les deux promus prendre les 6 point en deux rencontres. Apr\u00e8s\u00a0leur victoire surprenante \u00e0 Nice (0-1), les R\u00e9mois accueillaient l&rsquo;Olympique Lyonnais vendredi au stade Auguste Delaune. Un duel d\u00e9s\u00e9quilibr\u00e9 sur le papier mais qui va rapidement tourner \u00e0 l&rsquo;avantage des joueurs de David Guion. Avec ce but de la t\u00eate de Chavarria \u00e0 la 32\u00e8me minute, le champion de Ligue 2 prendra l&rsquo;avantage et le gardera jusqu&rsquo;\u00e0 la fin, face \u00e0 des Lyonnais sans inspiration et cr\u00e9ativit\u00e9.<\/p>\n<p style=\"text-align: justify;\">Dans la m\u00eame id\u00e9e, N\u00eemes accueillait un autre Olympique, le voisin marseillais. Pour\u00a0leur retour aux Costi\u00e8res en Ligue 1, 25 ans apr\u00e8s\u00a0leur derni\u00e8re apparition, les \u00ab\u00a0Crocos\u00a0\u00bb n&rsquo;ont pas fait dans la demi-mesure. Un stade chauff\u00e9 \u00e0 blanc pour ce derby qui tombait \u00e0 pic pour montrer \u00e0 la France enti\u00e8re ce que les N\u00eemois \u00e9taient capables de faire. De bout en bout, N\u00eemes a domin\u00e9 l&rsquo;OM par son envie, sa solidit\u00e9 d\u00e9fensive et son agressivit\u00e9. Une victoire 3-1 avec des buts de Bouanga, Thioub et Ripart contre un but de Thauvin pour l&rsquo;OM. Une belle histoire pour les promus, de quoi en faire le tube de l&rsquo;\u00e9t\u00e9&#8230;<\/p>\n<div id=\"attachment_24238\" style=\"width: 733px\" class=\"wp-caption aligncenter\"><img loading=\"lazy\" decoding=\"async\" aria-describedby=\"caption-attachment-24238\" class=\" wp-image-24238\" src=\"http:\/\/dicodusport.fr\/blog\/wp-content\/uploads\/2018\/08\/Chavarria-Reims.jpg\" alt=\"\" width=\"723\" height=\"460\" srcset=\"https:\/\/dicodusport.fr\/blog\/wp-content\/uploads\/2018\/08\/Chavarria-Reims.jpg 880w, https:\/\/dicodusport.fr\/blog\/wp-content\/uploads\/2018\/08\/Chavarria-Reims-300x191.jpg 300w, https:\/\/dicodusport.fr\/blog\/wp-content\/uploads\/2018\/08\/Chavarria-Reims-768x489.jpg 768w\" sizes=\"auto, (max-width: 723px) 100vw, 723px\" \/><p id=\"caption-attachment-24238\" class=\"wp-caption-text\">L&rsquo;unique buteur de la rencontre contre Lyon, Pablo Chavarria &#8211; AFP<\/p><\/div>\n<h4 style=\"text-align: justify;\">Nantes et Miguel Cardoso demandent du temps<\/h4>\n<p style=\"text-align: justify;\">2 matches, 2 d\u00e9faites, et Nantes se retrouve d\u00e9j\u00e0 dans une position d\u00e9licate. Si le match perdu \u00e0 la Beaujoire face \u00e0 Monaco (1-3) en ouverture du championnat laissait un go\u00fbt amer aux Nantais, notamment par la qualit\u00e9 de jeu produit par les Canaris, la d\u00e9faite samedi \u00e0 Dijon ne souffre d&rsquo;aucune contestation. Le jeu propos\u00e9 par Rongier et ses co\u00e9quipiers ne paye pas, m\u00eame si le nouvel entra\u00eeneur portugais, Miguel Cardoso, se veut patient avec ses joueurs. Les rumeurs d&rsquo;un vestiaire qui ne suivrait d\u00e9j\u00e0 plus son coach ont \u00e9t\u00e9 rapidement \u00e9teintes.<\/p>\n<p style=\"text-align: justify;\">Mais le climat n&rsquo;est pas le plus serein aujourd&rsquo;hui \u00e0 Nantes. Avec un recrutement plut\u00f4t int\u00e9ressant (Waris, Boschillia, Miazga et bient\u00f4t Limbomb\u00e9?), Nantes doit encore progresser pour mettre en place ce jeu dont r\u00eave son entra\u00eeneur. Mais l&rsquo;effectif poss\u00e8de-t-il les moyens de d\u00e9velopper ce jeu attrayant ? La suite contre Caen, match d\u00e9j\u00e0 tr\u00e8s important lors de la prochaine journ\u00e9e.<\/p>\n<div id=\"attachment_24239\" style=\"width: 766px\" class=\"wp-caption aligncenter\"><img loading=\"lazy\" decoding=\"async\" aria-describedby=\"caption-attachment-24239\" class=\" wp-image-24239\" src=\"http:\/\/dicodusport.fr\/blog\/wp-content\/uploads\/2018\/08\/Miguel-Cardoso.jpg\" alt=\"\" width=\"756\" height=\"504\" srcset=\"https:\/\/dicodusport.fr\/blog\/wp-content\/uploads\/2018\/08\/Miguel-Cardoso.jpg 1000w, https:\/\/dicodusport.fr\/blog\/wp-content\/uploads\/2018\/08\/Miguel-Cardoso-300x200.jpg 300w, https:\/\/dicodusport.fr\/blog\/wp-content\/uploads\/2018\/08\/Miguel-Cardoso-768x512.jpg 768w\" sizes=\"auto, (max-width: 756px) 100vw, 756px\" \/><p id=\"caption-attachment-24239\" class=\"wp-caption-text\">Miguel Cardoso d\u00e9j\u00e0 en difficult\u00e9 \u00e0 Nantes &#8211; Icon Sport<\/p><\/div>\n<h4 style=\"text-align: justify;\">Le joueur : Pour Kylian Mbapp\u00e9, rien n&rsquo;a chang\u00e9, bien au contraire<\/h4>\n<p style=\"text-align: justify;\">Le Paris Saint-Germain a mis une mi-temps \u00e0 rentrer dans son match. Malmen\u00e9 \u00e0 Guingamp, qui menait m\u00eame 1-0 \u00e0 la pause, il a fallu une modification tactique de Tuchel et surtout la rentr\u00e9e de Kylian Mbapp\u00e9 en pointe pour r\u00e9veiller Paris. D\u00e8s ses premiers ballons, le r\u00e9cent champion du monde a tout de suite mont\u00e9 le niveau de l&rsquo;\u00e9quipe parisienne, provoquant, virevoltant et rendant folle l&rsquo;arri\u00e8re-garde bretonne. Avec un doubl\u00e9 et d\u00e9j\u00e0 bien en jambes, Mbapp\u00e9 a bien lanc\u00e9 sa saison.<\/p>\n<p><span class=\"vZN94Ai0mTWlHX\"><\/p>\n<blockquote class=\"twitter-tweet\" data-width=\"550\" data-dnt=\"true\">\n<p lang=\"fr\" dir=\"ltr\">\ud83d\udde8\ufe0f &quot;Il n&#39;y a plus de superlatifs pour <a href=\"https:\/\/twitter.com\/KMbappe?ref_src=twsrc%5Etfw\">@KMbappe<\/a>&#8230; Il est vraiment au dessus du lot&quot; \ud83d\udd1d <a href=\"https:\/\/twitter.com\/BeyeHabib?ref_src=twsrc%5Etfw\">@BeyeHabib<\/a> dans le <a href=\"https:\/\/twitter.com\/hashtag\/CFC?src=hash&amp;ref_src=twsrc%5Etfw\">#CFC<\/a> <a href=\"https:\/\/twitter.com\/hashtag\/EAGPSG?src=hash&amp;ref_src=twsrc%5Etfw\">#EAGPSG<\/a> <a href=\"https:\/\/t.co\/FHl9Spy9SL\">pic.twitter.com\/FHl9Spy9SL<\/a><\/p>\n<p>&mdash; CANAL+ Foot (@CanalplusFoot) <a href=\"https:\/\/twitter.com\/CanalplusFoot\/status\/1031238016113823744?ref_src=twsrc%5Etfw\">August 19, 2018<\/a><\/p><\/blockquote>\n<p><script async src=\"https:\/\/platform.twitter.com\/widgets.js\" charset=\"utf-8\"><\/script><\/span><\/p>\n<h4 style=\"text-align: justify;\">Pour les parieurs, le coup qu&rsquo;il fallait tenter : Lille est m\u00e9tamorphos\u00e9 (0-0 \u00e0 Monaco)<\/h4>\n<p style=\"text-align: justify;\">Une saison ne fait pas l&rsquo;autre. Au bord du gouffre sportivement et financi\u00e8rement, Lille semble s&rsquo;\u00eatre relanc\u00e9 cette saison. Apr\u00e8s une victoire en ouverture \u00e0 Rennes, les Lillois ont fait le job \u00e0 Monaco, \u00e9tant aussi proches de s&rsquo;imposer \u00e0 Louis II.<\/p>\n<h4>Les r\u00e9sultats\u00a0:<\/h4>\n<div class=\"su-table su-table-alternate\">\n<table style=\"width: 800px;border-collapse: collapse\" border=\"1\">\n<tbody>\n<tr style=\"height: 22px\">\n<td style=\"width: 340px;height: 22px;text-align: center;border-color: #e6e6e6\"><span style=\"color: #000000\"><strong>Reims<\/strong><\/span><\/td>\n<td style=\"width: 140px;height: 22px;text-align: center;border-color: #e6e6e6\"><span style=\"color: #000000\">1-0<\/span><\/td>\n<td style=\"width: 320px;height: 22px;text-align: center;border-color: #e6e6e6\"><span style=\"color: #000000\">Lyon<\/span><\/td>\n<\/tr>\n<tr style=\"height: 22px\">\n<td style=\"width: 340px;height: 22px;text-align: center;border-color: #e6e6e6\"><span style=\"color: #000000\">Guingamp<\/span><\/td>\n<td style=\"width: 140px;height: 22px;text-align: center;border-color: #e6e6e6\"><span style=\"color: #000000\">1-3<\/span><\/td>\n<td style=\"width: 320px;height: 22px;text-align: center;border-color: #e6e6e6\"><span style=\"color: #000000\"><strong>PSG<\/strong><\/span><\/td>\n<\/tr>\n<tr style=\"height: 22px\">\n<td style=\"width: 340px;height: 22px;text-align: center;border-color: #e6e6e6\"><strong><span style=\"color: #000000\">Rennes<\/span><\/strong><\/td>\n<td style=\"width: 140px;height: 22px;text-align: center;border-color: #e6e6e6\"><span style=\"color: #000000\">1-0<\/span><\/td>\n<td style=\"width: 320px;height: 22px;text-align: center;border-color: #e6e6e6\"><span style=\"color: #000000\">Angers<\/span><\/td>\n<\/tr>\n<tr style=\"height: 22px\">\n<td style=\"width: 340px;height: 22px;text-align: center;border-color: #e6e6e6\"><span style=\"color: #000000\">Amiens<\/span><\/td>\n<td style=\"width: 140px;height: 22px;text-align: center;border-color: #e6e6e6\"><span style=\"color: #000000\">1-2<\/span><\/td>\n<td style=\"width: 320px;height: 22px;text-align: center;border-color: #e6e6e6\"><span style=\"color: #000000\"><strong>Montpellier<\/strong><\/span><\/td>\n<\/tr>\n<tr style=\"height: 22px\">\n<td style=\"width: 340px;height: 22px;text-align: center;border-color: #e6e6e6\"><span style=\"color: #000000\"><strong>Dijon<\/strong><\/span><\/td>\n<td style=\"width: 140px;height: 22px;text-align: center;border-color: #e6e6e6\"><span style=\"color: #000000\">2-0<\/span><\/td>\n<td style=\"width: 320px;height: 22px;text-align: center;border-color: #e6e6e6\"><span style=\"color: #000000\">Nantes<\/span><\/td>\n<\/tr>\n<tr style=\"height: 22px\">\n<td style=\"width: 340px;height: 22px;text-align: center;border-color: #e6e6e6\"><span style=\"color: #000000\">Monaco<\/span><\/td>\n<td style=\"width: 140px;height: 22px;text-align: center;border-color: #e6e6e6\"><span style=\"color: #000000\">0-0<\/span><\/td>\n<td style=\"width: 320px;height: 22px;text-align: center;border-color: #e6e6e6\"><span style=\"color: #000000\">Lille<\/span><\/td>\n<\/tr>\n<tr style=\"height: 22px\">\n<td style=\"width: 340px;height: 22px;text-align: center;border-color: #e6e6e6\"><span style=\"color: #000000\">Caen<\/span><\/td>\n<td style=\"width: 140px;height: 22px;text-align: center;border-color: #e6e6e6\"><span style=\"color: #000000\">1-1<\/span><\/td>\n<td style=\"width: 320px;height: 22px;text-align: center;border-color: #e6e6e6\"><span style=\"color: #000000\">Nice<\/span><\/td>\n<\/tr>\n<tr style=\"height: 22px\">\n<td style=\"width: 340px;height: 22px;text-align: center;border-color: #e6e6e6\"><span style=\"color: #000000\">Strasbourg<\/span><\/td>\n<td style=\"width: 140px;height: 22px;text-align: center;border-color: #e6e6e6\"><span style=\"color: #000000\">1-1<\/span><\/td>\n<td style=\"width: 320px;height: 22px;text-align: center;border-color: #e6e6e6\"><span style=\"color: #000000\">Saint-Etienne<\/span><\/td>\n<\/tr>\n<tr style=\"height: 22px\">\n<td style=\"width: 340px;height: 22px;text-align: center;border-color: #e6e6e6\"><strong><span style=\"color: #000000\">Toulouse<\/span><\/strong><\/td>\n<td style=\"width: 140px;height: 22px;text-align: center;border-color: #e6e6e6\"><span style=\"color: #000000\">2-1<\/span><\/td>\n<td style=\"width: 320px;height: 22px;text-align: center;border-color: #e6e6e6\"><span style=\"color: #000000\">Bordeaux<\/span><\/td>\n<\/tr>\n<tr style=\"height: 22px\">\n<td style=\"width: 340px;height: 22px;text-align: center;border-color: #e6e6e6\"><span style=\"color: #000000\"><strong>N\u00eemes<\/strong><\/span><\/td>\n<td style=\"width: 140px;height: 22px;text-align: center;border-color: #e6e6e6\"><span style=\"color: #000000\">3-1<\/span><\/td>\n<td style=\"width: 320px;height: 22px;text-align: center;border-color: #e6e6e6\"><span style=\"color: #000000\">Marseille<\/span><\/td>\n<\/tr>\n<\/tbody>\n<\/table>\n<\/div>\n<h4 style=\"text-align: justify;\">Le classement :<\/h4>\n<div id=\"attachment_24234\" style=\"width: 555px\" class=\"wp-caption aligncenter\"><img loading=\"lazy\" decoding=\"async\" aria-describedby=\"caption-attachment-24234\" class=\"size-full wp-image-24234\" src=\"http:\/\/dicodusport.fr\/blog\/wp-content\/uploads\/2018\/08\/Classement-Ligue-1-J2.png\" alt=\"\" width=\"545\" height=\"540\" srcset=\"https:\/\/dicodusport.fr\/blog\/wp-content\/uploads\/2018\/08\/Classement-Ligue-1-J2.png 545w, https:\/\/dicodusport.fr\/blog\/wp-content\/uploads\/2018\/08\/Classement-Ligue-1-J2-150x150.png 150w, https:\/\/dicodusport.fr\/blog\/wp-content\/uploads\/2018\/08\/Classement-Ligue-1-J2-300x297.png 300w\" sizes=\"auto, (max-width: 545px) 100vw, 545px\" \/><p id=\"caption-attachment-24234\" class=\"wp-caption-text\">Classement de la 2\u00e8me journ\u00e9e &#8211; LFP<\/p><\/div>\n<h4>La prochaine journ\u00e9e :<\/h4>\n<p style=\"text-align: center;\"><em><strong>Vendredi 24 ao\u00fbt :<\/strong><\/em><\/p>\n<p style=\"text-align: center;\">OL &#8211; Strasbourg<\/p>\n<p style=\"text-align: center;\"><em><strong>Samedi 25 ao\u00fbt :\u00a0<\/strong><\/em><\/p>\n<p style=\"text-align: center;\">PSG &#8211; Angers<\/p>\n<p style=\"text-align: center;\">Amiens &#8211; Reims<\/p>\n<p style=\"text-align: center;\">Montpellier &#8211; Saint Etienne<\/p>\n<p style=\"text-align: center;\">Nantes &#8211; Caen<\/p>\n<p style=\"text-align: center;\">Nice &#8211; Dijon<\/p>\n<p style=\"text-align: center;\">Toulouse &#8211; N\u00eemes<\/p>\n<p style=\"text-align: center;\"><em><strong>Dimanche 19 ao\u00fbt :\u00a0<\/strong><\/em><\/p>\n<p style=\"text-align: center;\">Lille &#8211; Guingamp<\/p>\n<p style=\"text-align: center;\">Bordeaux &#8211; Monaco<\/p>\n<p style=\"text-align: center;\">OM &#8211; Rennes<\/p>\n<p><em><strong>Romain Delanis<br \/>\n<a href=\"https:\/\/twitter.com\/RDelanis\" target=\"_blank\" rel=\"noopener noreferrer\"><img loading=\"lazy\" decoding=\"async\" class=\"alignnone wp-image-2908\" src=\"http:\/\/dicodusport.fr\/blog\/wp-content\/uploads\/2017\/07\/logo-twitter-150x150.png\" alt=\"\" width=\"39\" height=\"39\" \/><\/a><\/strong><\/em><\/p>\n","protected":false},"excerpt":{"rendered":"<p>La 2\u00e8me journ\u00e9e de Ligue 1 marqu\u00e9e par les victoires des promus et le retour en force de Kylian Mbapp\u00e9, qui a r\u00e9veill\u00e9 Paris face \u00e0 Guingamp. <\/p>\n","protected":false},"author":14,"featured_media":24246,"comment_status":"open","ping_status":"closed","sticky":false,"template":"","format":"standard","meta":{"_acf_changed":false,"_daextam_enable_autolinks":"","footnotes":""},"categories":[2,2301],"tags":[5766,75,2236,4883,451,449,446,1678,1272,4335,429,4334],"class_list":["post-24223","post","type-post","status-publish","format-standard","has-post-thumbnail","hentry","category-actualites","category-football","tag-dijon","tag-football","tag-kylian-mbappe","tag-ligue-1-conforama","tag-lille","tag-lyon","tag-marseille","tag-monaco","tag-nantes","tag-nimes","tag-paris","tag-reims"],"acf":[],"yoast_head":"<!-- This site is optimized with the Yoast SEO Premium plugin v26.7 (Yoast SEO v26.7) - https:\/\/yoast.com\/wordpress\/plugins\/seo\/ -->\n<title>Ligue 1 Conforama - 2\u00e8me journ\u00e9e : promus en folie !<\/title>\n<meta name=\"description\" content=\"La 2\u00e8me journ\u00e9e de Ligue 1 marqu\u00e9e par les victoires des promus et le retour en force de Kylian Mbapp\u00e9, qui a r\u00e9veill\u00e9 Paris face \u00e0 Guingamp.\" \/>\n<meta name=\"robots\" content=\"index, follow, max-snippet:-1, max-image-preview:large, max-video-preview:-1\" \/>\n<link rel=\"canonical\" href=\"https:\/\/dicodusport.fr\/blog\/ligue-1-conforama-2eme-journee-promus-en-folie\/\" \/>\n<meta property=\"og:locale\" content=\"fr_FR\" \/>\n<meta property=\"og:type\" content=\"article\" \/>\n<meta property=\"og:title\" content=\"Ligue 1 Conforama - 2\u00e8me journ\u00e9e : promus en folie !\" \/>\n<meta property=\"og:description\" content=\"La 2\u00e8me journ\u00e9e de Ligue 1 marqu\u00e9e par les victoires des promus et le retour en force de Kylian Mbapp\u00e9, qui a r\u00e9veill\u00e9 Paris face \u00e0 Guingamp.\" \/>\n<meta property=\"og:url\" content=\"https:\/\/dicodusport.fr\/blog\/ligue-1-conforama-2eme-journee-promus-en-folie\/\" \/>\n<meta property=\"og:site_name\" content=\"Dicodusport\" \/>\n<meta property=\"article:publisher\" content=\"https:\/\/www.facebook.com\/dicodusport\" \/>\n<meta property=\"article:published_time\" content=\"2018-08-20T08:04:48+00:00\" \/>\n<meta property=\"article:modified_time\" content=\"2018-08-20T08:17:06+00:00\" \/>\n<meta property=\"og:image\" content=\"https:\/\/dicodusport.fr\/blog\/wp-content\/uploads\/2018\/08\/N\u00eemes-OM-2\u00e8me-journ\u00e9e-L1.png\" \/>\n\t<meta property=\"og:image:width\" content=\"800\" \/>\n\t<meta property=\"og:image:height\" content=\"445\" \/>\n\t<meta property=\"og:image:type\" content=\"image\/png\" \/>\n<meta name=\"author\" content=\"Romain Delanis\" \/>\n<meta name=\"twitter:card\" content=\"summary_large_image\" \/>\n<meta name=\"twitter:creator\" content=\"@https:\/\/twitter.com\/RDelanis\" \/>\n<meta name=\"twitter:site\" content=\"@dicodusport\" \/>\n<script type=\"application\/ld+json\" class=\"yoast-schema-graph\">{\"@context\":\"https:\/\/schema.org\",\"@graph\":[{\"@type\":\"NewsArticle\",\"@id\":\"https:\/\/dicodusport.fr\/blog\/ligue-1-conforama-2eme-journee-promus-en-folie\/#article\",\"isPartOf\":{\"@id\":\"https:\/\/dicodusport.fr\/blog\/ligue-1-conforama-2eme-journee-promus-en-folie\/\"},\"author\":{\"name\":\"Romain Delanis\",\"@id\":\"https:\/\/dicodusport.fr\/blog\/#\/schema\/person\/8c78730a59f8a1e617f7a19026ebc14a\"},\"headline\":\"Ligue 1 Conforama &#8211; 2\u00e8me journ\u00e9e : promus en folie !\",\"datePublished\":\"2018-08-20T08:04:48+00:00\",\"dateModified\":\"2018-08-20T08:17:06+00:00\",\"mainEntityOfPage\":{\"@id\":\"https:\/\/dicodusport.fr\/blog\/ligue-1-conforama-2eme-journee-promus-en-folie\/\"},\"wordCount\":743,\"commentCount\":0,\"publisher\":{\"@id\":\"https:\/\/dicodusport.fr\/blog\/#organization\"},\"image\":{\"@id\":\"https:\/\/dicodusport.fr\/blog\/ligue-1-conforama-2eme-journee-promus-en-folie\/#primaryimage\"},\"thumbnailUrl\":\"https:\/\/dicodusport.fr\/blog\/wp-content\/uploads\/2018\/08\/N\u00eemes-OM-2\u00e8me-journ\u00e9e-L1.png\",\"keywords\":[\"Dijon\",\"Football\",\"Kylian Mbapp\u00e9\",\"Ligue 1 Conforama\",\"Lille\",\"Lyon\",\"Marseille\",\"Monaco\",\"nantes\",\"N\u00eemes\",\"Paris\",\"Reims\"],\"articleSection\":[\"Actualit\u00e9s\",\"Football\"],\"inLanguage\":\"fr-FR\",\"potentialAction\":[{\"@type\":\"CommentAction\",\"name\":\"Comment\",\"target\":[\"https:\/\/dicodusport.fr\/blog\/ligue-1-conforama-2eme-journee-promus-en-folie\/#respond\"]}],\"copyrightYear\":\"2018\",\"copyrightHolder\":{\"@id\":\"https:\/\/dicodusport.fr\/blog\/#organization\"}},{\"@type\":\"WebPage\",\"@id\":\"https:\/\/dicodusport.fr\/blog\/ligue-1-conforama-2eme-journee-promus-en-folie\/\",\"url\":\"https:\/\/dicodusport.fr\/blog\/ligue-1-conforama-2eme-journee-promus-en-folie\/\",\"name\":\"Ligue 1 Conforama - 2\u00e8me journ\u00e9e : promus en folie !\",\"isPartOf\":{\"@id\":\"https:\/\/dicodusport.fr\/blog\/#website\"},\"primaryImageOfPage\":{\"@id\":\"https:\/\/dicodusport.fr\/blog\/ligue-1-conforama-2eme-journee-promus-en-folie\/#primaryimage\"},\"image\":{\"@id\":\"https:\/\/dicodusport.fr\/blog\/ligue-1-conforama-2eme-journee-promus-en-folie\/#primaryimage\"},\"thumbnailUrl\":\"https:\/\/dicodusport.fr\/blog\/wp-content\/uploads\/2018\/08\/N\u00eemes-OM-2\u00e8me-journ\u00e9e-L1.png\",\"datePublished\":\"2018-08-20T08:04:48+00:00\",\"dateModified\":\"2018-08-20T08:17:06+00:00\",\"description\":\"La 2\u00e8me journ\u00e9e de Ligue 1 marqu\u00e9e par les victoires des promus et le retour en force de Kylian Mbapp\u00e9, qui a r\u00e9veill\u00e9 Paris face \u00e0 Guingamp.\",\"breadcrumb\":{\"@id\":\"https:\/\/dicodusport.fr\/blog\/ligue-1-conforama-2eme-journee-promus-en-folie\/#breadcrumb\"},\"inLanguage\":\"fr-FR\",\"potentialAction\":[{\"@type\":\"ReadAction\",\"target\":[\"https:\/\/dicodusport.fr\/blog\/ligue-1-conforama-2eme-journee-promus-en-folie\/\"]}]},{\"@type\":\"ImageObject\",\"inLanguage\":\"fr-FR\",\"@id\":\"https:\/\/dicodusport.fr\/blog\/ligue-1-conforama-2eme-journee-promus-en-folie\/#primaryimage\",\"url\":\"https:\/\/dicodusport.fr\/blog\/wp-content\/uploads\/2018\/08\/N\u00eemes-OM-2\u00e8me-journ\u00e9e-L1.png\",\"contentUrl\":\"https:\/\/dicodusport.fr\/blog\/wp-content\/uploads\/2018\/08\/N\u00eemes-OM-2\u00e8me-journ\u00e9e-L1.png\",\"width\":800,\"height\":445},{\"@type\":\"BreadcrumbList\",\"@id\":\"https:\/\/dicodusport.fr\/blog\/ligue-1-conforama-2eme-journee-promus-en-folie\/#breadcrumb\",\"itemListElement\":[{\"@type\":\"ListItem\",\"position\":1,\"name\":\"Accueil\",\"item\":\"https:\/\/dicodusport.fr\/blog\/\"},{\"@type\":\"ListItem\",\"position\":2,\"name\":\"Ligue 1 Conforama &#8211; 2\u00e8me journ\u00e9e : promus en folie !\"}]},{\"@type\":\"WebSite\",\"@id\":\"https:\/\/dicodusport.fr\/blog\/#website\",\"url\":\"https:\/\/dicodusport.fr\/blog\/\",\"name\":\"Dicodusport\",\"description\":\"L&#039;encyclop\u00e9die de l&#039;actualit\u00e9 sportive\",\"publisher\":{\"@id\":\"https:\/\/dicodusport.fr\/blog\/#organization\"},\"potentialAction\":[{\"@type\":\"SearchAction\",\"target\":{\"@type\":\"EntryPoint\",\"urlTemplate\":\"https:\/\/dicodusport.fr\/blog\/?s={search_term_string}\"},\"query-input\":{\"@type\":\"PropertyValueSpecification\",\"valueRequired\":true,\"valueName\":\"search_term_string\"}}],\"inLanguage\":\"fr-FR\"},{\"@type\":\"NewsMediaOrganization\",\"@id\":\"https:\/\/dicodusport.fr\/blog\/#organization\",\"name\":\"Dicodusport\",\"url\":\"https:\/\/dicodusport.fr\/blog\/\",\"logo\":{\"@type\":\"ImageObject\",\"inLanguage\":\"fr-FR\",\"@id\":\"https:\/\/dicodusport.fr\/blog\/#\/schema\/logo\/image\/\",\"url\":\"https:\/\/dicodusport.fr\/blog\/wp-content\/uploads\/2020\/06\/cropped-LOGO-DICODUSPORT-2020-SANS-FOND-SANS-TEXTE.png\",\"contentUrl\":\"https:\/\/dicodusport.fr\/blog\/wp-content\/uploads\/2020\/06\/cropped-LOGO-DICODUSPORT-2020-SANS-FOND-SANS-TEXTE.png\",\"width\":512,\"height\":512,\"caption\":\"Dicodusport\"},\"image\":{\"@id\":\"https:\/\/dicodusport.fr\/blog\/#\/schema\/logo\/image\/\"},\"sameAs\":[\"https:\/\/www.facebook.com\/dicodusport\",\"https:\/\/x.com\/dicodusport\",\"https:\/\/www.instagram.com\/dicodusport\/\",\"https:\/\/www.youtube.com\/channel\/UC7V2KZ5sd3htJivAbA4ZG3w\"],\"description\":\"Dicodusport est l'encyclop\u00e9die de l'actualit\u00e9 sportive.\",\"email\":\"bonjour@dicodusport.fr\",\"legalName\":\"DICODUSPORT\",\"foundingDate\":\"2018-01-14\",\"vatID\":\"FR71834470973\",\"taxID\":\"83447097300043\",\"numberOfEmployees\":{\"@type\":\"QuantitativeValue\",\"minValue\":\"1\",\"maxValue\":\"10\"}},{\"@type\":\"Person\",\"@id\":\"https:\/\/dicodusport.fr\/blog\/#\/schema\/person\/8c78730a59f8a1e617f7a19026ebc14a\",\"name\":\"Romain Delanis\",\"image\":{\"@type\":\"ImageObject\",\"inLanguage\":\"fr-FR\",\"@id\":\"https:\/\/dicodusport.fr\/blog\/#\/schema\/person\/image\/\",\"url\":\"https:\/\/dicodusport.fr\/blog\/wp-content\/uploads\/2021\/05\/Romain-Delanis-150x150.jpg\",\"contentUrl\":\"https:\/\/dicodusport.fr\/blog\/wp-content\/uploads\/2021\/05\/Romain-Delanis-150x150.jpg\",\"caption\":\"Romain Delanis\"},\"description\":\"Journaliste\/R\u00e9dacteur depuis novembre 2015 - Capable de passer un samedi apr\u00e8s-midi devant la Ligue 2 puis le biathlon sans oublier la finale de l\u2019ATP Rotterdam, j\u2019aime aussi mettre mon r\u00e9veil pour me faire un Pistons\/Bulls qui rappelle de bons souvenirs. Tout cela, j\u2019ai choisi il y a maintenant quelques temps de vous le raconter avec Dicodusport, pour vous faire vivre ma passion parfois inconsid\u00e9r\u00e9e pour le sport en g\u00e9n\u00e9ral (mais surtout le foot faut se l\u2019avouer).\",\"sameAs\":[\"https:\/\/x.com\/https:\/\/twitter.com\/RDelanis\"],\"url\":\"https:\/\/dicodusport.fr\/blog\/author\/romain\/\"}]}<\/script>\n<!-- \/ Yoast SEO Premium plugin. -->","yoast_head_json":{"title":"Ligue 1 Conforama - 2\u00e8me journ\u00e9e : promus en folie !","description":"La 2\u00e8me journ\u00e9e de Ligue 1 marqu\u00e9e par les victoires des promus et le retour en force de Kylian Mbapp\u00e9, qui a r\u00e9veill\u00e9 Paris face \u00e0 Guingamp.","robots":{"index":"index","follow":"follow","max-snippet":"max-snippet:-1","max-image-preview":"max-image-preview:large","max-video-preview":"max-video-preview:-1"},"canonical":"https:\/\/dicodusport.fr\/blog\/ligue-1-conforama-2eme-journee-promus-en-folie\/","og_locale":"fr_FR","og_type":"article","og_title":"Ligue 1 Conforama - 2\u00e8me journ\u00e9e : promus en folie !","og_description":"La 2\u00e8me journ\u00e9e de Ligue 1 marqu\u00e9e par les victoires des promus et le retour en force de Kylian Mbapp\u00e9, qui a r\u00e9veill\u00e9 Paris face \u00e0 Guingamp.","og_url":"https:\/\/dicodusport.fr\/blog\/ligue-1-conforama-2eme-journee-promus-en-folie\/","og_site_name":"Dicodusport","article_publisher":"https:\/\/www.facebook.com\/dicodusport","article_published_time":"2018-08-20T08:04:48+00:00","article_modified_time":"2018-08-20T08:17:06+00:00","og_image":[{"width":800,"height":445,"url":"https:\/\/dicodusport.fr\/blog\/wp-content\/uploads\/2018\/08\/N\u00eemes-OM-2\u00e8me-journ\u00e9e-L1.png","type":"image\/png"}],"author":"Romain Delanis","twitter_card":"summary_large_image","twitter_creator":"@https:\/\/twitter.com\/RDelanis","twitter_site":"@dicodusport","schema":{"@context":"https:\/\/schema.org","@graph":[{"@type":"NewsArticle","@id":"https:\/\/dicodusport.fr\/blog\/ligue-1-conforama-2eme-journee-promus-en-folie\/#article","isPartOf":{"@id":"https:\/\/dicodusport.fr\/blog\/ligue-1-conforama-2eme-journee-promus-en-folie\/"},"author":{"name":"Romain Delanis","@id":"https:\/\/dicodusport.fr\/blog\/#\/schema\/person\/8c78730a59f8a1e617f7a19026ebc14a"},"headline":"Ligue 1 Conforama &#8211; 2\u00e8me journ\u00e9e : promus en folie !","datePublished":"2018-08-20T08:04:48+00:00","dateModified":"2018-08-20T08:17:06+00:00","mainEntityOfPage":{"@id":"https:\/\/dicodusport.fr\/blog\/ligue-1-conforama-2eme-journee-promus-en-folie\/"},"wordCount":743,"commentCount":0,"publisher":{"@id":"https:\/\/dicodusport.fr\/blog\/#organization"},"image":{"@id":"https:\/\/dicodusport.fr\/blog\/ligue-1-conforama-2eme-journee-promus-en-folie\/#primaryimage"},"thumbnailUrl":"https:\/\/dicodusport.fr\/blog\/wp-content\/uploads\/2018\/08\/N\u00eemes-OM-2\u00e8me-journ\u00e9e-L1.png","keywords":["Dijon","Football","Kylian Mbapp\u00e9","Ligue 1 Conforama","Lille","Lyon","Marseille","Monaco","nantes","N\u00eemes","Paris","Reims"],"articleSection":["Actualit\u00e9s","Football"],"inLanguage":"fr-FR","potentialAction":[{"@type":"CommentAction","name":"Comment","target":["https:\/\/dicodusport.fr\/blog\/ligue-1-conforama-2eme-journee-promus-en-folie\/#respond"]}],"copyrightYear":"2018","copyrightHolder":{"@id":"https:\/\/dicodusport.fr\/blog\/#organization"}},{"@type":"WebPage","@id":"https:\/\/dicodusport.fr\/blog\/ligue-1-conforama-2eme-journee-promus-en-folie\/","url":"https:\/\/dicodusport.fr\/blog\/ligue-1-conforama-2eme-journee-promus-en-folie\/","name":"Ligue 1 Conforama - 2\u00e8me journ\u00e9e : promus en folie !","isPartOf":{"@id":"https:\/\/dicodusport.fr\/blog\/#website"},"primaryImageOfPage":{"@id":"https:\/\/dicodusport.fr\/blog\/ligue-1-conforama-2eme-journee-promus-en-folie\/#primaryimage"},"image":{"@id":"https:\/\/dicodusport.fr\/blog\/ligue-1-conforama-2eme-journee-promus-en-folie\/#primaryimage"},"thumbnailUrl":"https:\/\/dicodusport.fr\/blog\/wp-content\/uploads\/2018\/08\/N\u00eemes-OM-2\u00e8me-journ\u00e9e-L1.png","datePublished":"2018-08-20T08:04:48+00:00","dateModified":"2018-08-20T08:17:06+00:00","description":"La 2\u00e8me journ\u00e9e de Ligue 1 marqu\u00e9e par les victoires des promus et le retour en force de Kylian Mbapp\u00e9, qui a r\u00e9veill\u00e9 Paris face \u00e0 Guingamp.","breadcrumb":{"@id":"https:\/\/dicodusport.fr\/blog\/ligue-1-conforama-2eme-journee-promus-en-folie\/#breadcrumb"},"inLanguage":"fr-FR","potentialAction":[{"@type":"ReadAction","target":["https:\/\/dicodusport.fr\/blog\/ligue-1-conforama-2eme-journee-promus-en-folie\/"]}]},{"@type":"ImageObject","inLanguage":"fr-FR","@id":"https:\/\/dicodusport.fr\/blog\/ligue-1-conforama-2eme-journee-promus-en-folie\/#primaryimage","url":"https:\/\/dicodusport.fr\/blog\/wp-content\/uploads\/2018\/08\/N\u00eemes-OM-2\u00e8me-journ\u00e9e-L1.png","contentUrl":"https:\/\/dicodusport.fr\/blog\/wp-content\/uploads\/2018\/08\/N\u00eemes-OM-2\u00e8me-journ\u00e9e-L1.png","width":800,"height":445},{"@type":"BreadcrumbList","@id":"https:\/\/dicodusport.fr\/blog\/ligue-1-conforama-2eme-journee-promus-en-folie\/#breadcrumb","itemListElement":[{"@type":"ListItem","position":1,"name":"Accueil","item":"https:\/\/dicodusport.fr\/blog\/"},{"@type":"ListItem","position":2,"name":"Ligue 1 Conforama &#8211; 2\u00e8me journ\u00e9e : promus en folie !"}]},{"@type":"WebSite","@id":"https:\/\/dicodusport.fr\/blog\/#website","url":"https:\/\/dicodusport.fr\/blog\/","name":"Dicodusport","description":"L&#039;encyclop\u00e9die de l&#039;actualit\u00e9 sportive","publisher":{"@id":"https:\/\/dicodusport.fr\/blog\/#organization"},"potentialAction":[{"@type":"SearchAction","target":{"@type":"EntryPoint","urlTemplate":"https:\/\/dicodusport.fr\/blog\/?s={search_term_string}"},"query-input":{"@type":"PropertyValueSpecification","valueRequired":true,"valueName":"search_term_string"}}],"inLanguage":"fr-FR"},{"@type":"NewsMediaOrganization","@id":"https:\/\/dicodusport.fr\/blog\/#organization","name":"Dicodusport","url":"https:\/\/dicodusport.fr\/blog\/","logo":{"@type":"ImageObject","inLanguage":"fr-FR","@id":"https:\/\/dicodusport.fr\/blog\/#\/schema\/logo\/image\/","url":"https:\/\/dicodusport.fr\/blog\/wp-content\/uploads\/2020\/06\/cropped-LOGO-DICODUSPORT-2020-SANS-FOND-SANS-TEXTE.png","contentUrl":"https:\/\/dicodusport.fr\/blog\/wp-content\/uploads\/2020\/06\/cropped-LOGO-DICODUSPORT-2020-SANS-FOND-SANS-TEXTE.png","width":512,"height":512,"caption":"Dicodusport"},"image":{"@id":"https:\/\/dicodusport.fr\/blog\/#\/schema\/logo\/image\/"},"sameAs":["https:\/\/www.facebook.com\/dicodusport","https:\/\/x.com\/dicodusport","https:\/\/www.instagram.com\/dicodusport\/","https:\/\/www.youtube.com\/channel\/UC7V2KZ5sd3htJivAbA4ZG3w"],"description":"Dicodusport est l'encyclop\u00e9die de l'actualit\u00e9 sportive.","email":"bonjour@dicodusport.fr","legalName":"DICODUSPORT","foundingDate":"2018-01-14","vatID":"FR71834470973","taxID":"83447097300043","numberOfEmployees":{"@type":"QuantitativeValue","minValue":"1","maxValue":"10"}},{"@type":"Person","@id":"https:\/\/dicodusport.fr\/blog\/#\/schema\/person\/8c78730a59f8a1e617f7a19026ebc14a","name":"Romain Delanis","image":{"@type":"ImageObject","inLanguage":"fr-FR","@id":"https:\/\/dicodusport.fr\/blog\/#\/schema\/person\/image\/","url":"https:\/\/dicodusport.fr\/blog\/wp-content\/uploads\/2021\/05\/Romain-Delanis-150x150.jpg","contentUrl":"https:\/\/dicodusport.fr\/blog\/wp-content\/uploads\/2021\/05\/Romain-Delanis-150x150.jpg","caption":"Romain Delanis"},"description":"Journaliste\/R\u00e9dacteur depuis novembre 2015 - Capable de passer un samedi apr\u00e8s-midi devant la Ligue 2 puis le biathlon sans oublier la finale de l\u2019ATP Rotterdam, j\u2019aime aussi mettre mon r\u00e9veil pour me faire un Pistons\/Bulls qui rappelle de bons souvenirs. Tout cela, j\u2019ai choisi il y a maintenant quelques temps de vous le raconter avec Dicodusport, pour vous faire vivre ma passion parfois inconsid\u00e9r\u00e9e pour le sport en g\u00e9n\u00e9ral (mais surtout le foot faut se l\u2019avouer).","sameAs":["https:\/\/x.com\/https:\/\/twitter.com\/RDelanis"],"url":"https:\/\/dicodusport.fr\/blog\/author\/romain\/"}]}},"_links":{"self":[{"href":"https:\/\/dicodusport.fr\/blog\/wp-json\/wp\/v2\/posts\/24223","targetHints":{"allow":["GET"]}}],"collection":[{"href":"https:\/\/dicodusport.fr\/blog\/wp-json\/wp\/v2\/posts"}],"about":[{"href":"https:\/\/dicodusport.fr\/blog\/wp-json\/wp\/v2\/types\/post"}],"author":[{"embeddable":true,"href":"https:\/\/dicodusport.fr\/blog\/wp-json\/wp\/v2\/users\/14"}],"replies":[{"embeddable":true,"href":"https:\/\/dicodusport.fr\/blog\/wp-json\/wp\/v2\/comments?post=24223"}],"version-history":[{"count":0,"href":"https:\/\/dicodusport.fr\/blog\/wp-json\/wp\/v2\/posts\/24223\/revisions"}],"wp:featuredmedia":[{"embeddable":true,"href":"https:\/\/dicodusport.fr\/blog\/wp-json\/wp\/v2\/media\/24246"}],"wp:attachment":[{"href":"https:\/\/dicodusport.fr\/blog\/wp-json\/wp\/v2\/media?parent=24223"}],"wp:term":[{"taxonomy":"category","embeddable":true,"href":"https:\/\/dicodusport.fr\/blog\/wp-json\/wp\/v2\/categories?post=24223"},{"taxonomy":"post_tag","embeddable":true,"href":"https:\/\/dicodusport.fr\/blog\/wp-json\/wp\/v2\/tags?post=24223"}],"curies":[{"name":"wp","href":"https:\/\/api.w.org\/{rel}","templated":true}]}}