{"id":242341,"date":"2022-08-31T12:01:06","date_gmt":"2022-08-31T10:01:06","guid":{"rendered":"https:\/\/dicodusport.fr\/blog\/?p=242341&#038;preview=true&#038;preview_id=242341"},"modified":"2022-08-31T12:01:24","modified_gmt":"2022-08-31T10:01:24","slug":"mercato-om-tableau-des-transferts-2022-2023","status":"publish","type":"post","link":"https:\/\/dicodusport.fr\/blog\/mercato-om-tableau-des-transferts-2022-2023\/","title":{"rendered":"Mercato OM : Tableau des transferts 2022-2023"},"content":{"rendered":"<p style=\"text-align: justify;\"><strong><em>TRANSFERTS OM &#8211; Le mercato estival bat son plein, voici le tableau des transferts de l&rsquo;Olympique de Marseille pour la <a href=\"https:\/\/dicodusport.fr\/blog\/actualites\/football\/ligue-1-2022-2023\/\">Ligue 1 saison 2022-2023<\/a>.<\/em><\/strong><\/p>\n<p style=\"text-align: justify;\">En fin de contrat \u00e0 Porto, le d\u00e9fenseur central congolais <strong>Chancel Mbemba<\/strong> rejoint l&rsquo;<strong>Olympique de Marseille\u00a0<\/strong>pour les trois prochaines saisons. L&rsquo;attaquant colombien <strong>Luis Suarez<\/strong> d\u00e9barque \u00e0 l&rsquo;OM contre 10 millions d&rsquo;euros. <strong>Jonathan Clauss<\/strong> d\u00e9barque \u00e0 Marseille en provenance du RC Lens.<\/p>\n<p style=\"text-align: justify;\"><span style=\"font-size: 14px;\"><strong><em>Tableau mis \u00e0 jour le 31 ao\u00fbt \u00e0 12h01.<\/em><\/strong><\/span><\/p>\n<div class=\"su-table su-table-alternate\">\n<table style=\"width: 800px;border-collapse: collapse\">\n<tbody>\n<tr>\n<td style=\"text-align: center;vertical-align: middle;width: 400px\" colspan=\"2\"><strong><img loading=\"lazy\" decoding=\"async\" class=\"alignnone wp-image-45011 \" src=\"https:\/\/dicodusport.fr\/blog\/wp-content\/uploads\/2019\/08\/691px-Logo_Olympique_de_Marseille-236x300.png\" alt=\"\" width=\"79\" height=\"100\" srcset=\"https:\/\/dicodusport.fr\/blog\/wp-content\/uploads\/2019\/08\/691px-Logo_Olympique_de_Marseille-236x300.png 236w, https:\/\/dicodusport.fr\/blog\/wp-content\/uploads\/2019\/08\/691px-Logo_Olympique_de_Marseille.png 691w\" sizes=\"auto, (max-width: 79px) 100vw, 79px\" \/><br \/>\nOLYMPIQUE DE MARSEILLE<\/strong><\/td>\n<\/tr>\n<tr>\n<td style=\"text-align: center;vertical-align: middle;width: 400px\"><span style=\"color: #000000;font-size: 0.9em\"><strong><span style=\"color: #008000\">\u25bc<\/span> ARRIV\u00c9ES<\/strong><\/span><\/td>\n<td style=\"text-align: center;vertical-align: middle;width: 400px\"><span style=\"color: #000000;font-size: 0.9em\"><strong><span style=\"color: #ff0000\">\u25b2<\/span> <span style=\"color: #000000\">D\u00c9PARTS<\/span><\/strong><\/span><\/td>\n<\/tr>\n<tr>\n<td style=\"vertical-align: middle;text-align: justify;width: 400px\"><span style=\"font-size: 0.9em\"><strong>P. LOPEZ<\/strong> \u2192 AS Roma (12,00 M)<br \/>\n<strong>M. GUENDOUZI<\/strong>\u00a0\u2192 Arsenal (11,00 M)<br \/>\n<strong>J. VERETOUT<\/strong> \u2192 AS Roma (11,00 M)<br \/>\n<strong>L. SUAREZ<\/strong> \u2192 FC Granada (10,00 M)<br \/>\n<strong>C. UNDER <\/strong>\u2192 AS Roma (8,40 M)<br \/>\n<strong>A. MILIK<\/strong> \u2192 Naples (8,00 M)<br \/>\n<strong>J. CLAUSS<\/strong> \u2192 RC Lens (7,50 M)<br \/>\n<strong>I. TOUR\u00c9<\/strong> \u2192 Le Havre (5,50 M)<br \/>\n<strong>E. BAILLY<\/strong> (p.) \u2192 Manchester United (2,00 M)<strong><br \/>\nC. MBEMBA<\/strong> \u2192 FC Porto (Libre)<br \/>\n<b>A. SANCHEZ <\/b>\u2192 Inter Milan (Libre)<br \/>\n<strong>N. TAVARES<\/strong> (p.) \u2192 Arsenal<br \/>\n<strong>I. KABOR\u00c9<\/strong> (p.) \u2192 Manchester City<br \/>\n<strong>R. BLANCO<\/strong> (p.) \u2192 Celta Vigo<strong><br \/>\n<\/strong><\/span><span style=\"font-size: 0.9em\"><strong>S. GIGOT<\/strong> (r.p.) \u2192 Spartak Moscou<br \/>\n<strong>J. AMAVI <\/strong>(r.p.) \u2192 OGC Nice<br \/>\n<strong>L. PERRIN<\/strong> (r.p.) \u2192 Strasbourg<strong><br \/>\n<\/strong><\/span><span style=\"font-size: 0.9em\"><strong>N. RADONJIC<\/strong>\u00a0(r.p.) \u2192 Benfica<\/span><br \/>\n<span style=\"font-size: 0.9em\"><strong>K. STROOTMAN<\/strong> (r.p.) \u2192 Cagliari<br \/>\n<\/span><\/td>\n<td style=\"vertical-align: middle;text-align: justify;width: 400px\"><span style=\"font-size: 0.9em\"><strong>L. PERES<\/strong> \u2192 Fenerbahce (5,23 M)<br \/>\n<strong>L. PERRIN<\/strong> \u2192 Strasbourg (1,5 M)<br \/>\n<strong>A. MILIK<\/strong> (p.) \u2192 Juventus Turin (900 K)<br \/>\n<strong>B. KAMARA<\/strong> \u2192 Aston Villa (Libre)<br \/>\n<strong>A. GONZALEZ<\/strong> \u2192 Al-Nassr FC (Libre)<strong><br \/>\n<\/strong><strong>S. MANDANDA<\/strong>\u00a0\u2192 Rennes (Libre)<br \/>\n<strong>P. LIROLA<\/strong> (p.) \u2192 Elche<br \/>\n<strong>K. DE LA FUENTE<\/strong>\u00a0(p.) \u2192 Olympiakos<br \/>\n<strong>L. HENRIQUE<\/strong> (p.) \u2192 Botafogo<br \/>\n<strong>N. RADONJIC<\/strong> (p.) \u2192 Torino<br \/>\n<strong>K. STROOTMAN<\/strong> (r.p.) \u2192 Genoa<br \/>\n<strong>O. TARGHALLINE\u00a0<\/strong> (p.) \u2192 Alanyaspor<strong><br \/>\n<\/strong><strong>W. SALIBA<\/strong> (f.p.) \u2192 Arsenal<br \/>\n<strong>M. GUENDOUZI<\/strong> (f.p.) \u2192 Arsenal<br \/>\n<strong>C. UNDER <\/strong>(f.p.) \u2192 AS Roma<br \/>\n<strong>A. MILIK<\/strong> (f.p.) \u2192 Naples<br \/>\n<strong>P. LOPEZ<\/strong> (f.p.) \u2192 AS Roma<br \/>\n<strong>A. HARIT<\/strong> (f.p.) \u2192 Schalke<br \/>\n<\/span><\/td>\n<\/tr>\n<\/tbody>\n<\/table>\n<\/div>\n<p><span style=\"font-size: 14px;\"><em>Source : <a href=\"https:\/\/www.transfermarkt.fr\/\" target=\"_blank\" rel=\"noopener\">Transfermarkt<\/a><\/em><\/span><\/p>\n","protected":false},"excerpt":{"rendered":"<p>TRANSFERTS OM &#8211; Le mercato estival bat son plein, voici le tableau des transferts de l&rsquo;Olympique de Marseille pour la Ligue 1 saison 2022-2023.<\/p>\n","protected":false},"author":2,"featured_media":242356,"comment_status":"open","ping_status":"closed","sticky":false,"template":"","format":"standard","meta":{"_acf_changed":false,"_daextam_enable_autolinks":"","footnotes":""},"categories":[47045],"tags":[1554,446,1555,17054,2924,1889,18275,2832],"class_list":["post-242341","post","type-post","status-publish","format-standard","has-post-thumbnail","hentry","category-ligue-1","tag-ligue-1","tag-marseille","tag-mercato","tag-mercato-om","tag-olympique-de-marseille","tag-om","tag-tableau-des-transferts","tag-transferts"],"acf":[],"yoast_head":"<!-- This site is optimized with the Yoast SEO Premium plugin v26.7 (Yoast SEO v26.7) - https:\/\/yoast.com\/wordpress\/plugins\/seo\/ -->\n<title>Mercato OM : Tableau des transferts 2022-2023<\/title>\n<meta name=\"description\" content=\"TRANSFERTS OM - Le mercato estival bat son plein, voici le tableau des transferts de l&#039;Olympique de Marseille pour la Ligue 1 saison 2022-2023.\" \/>\n<meta name=\"robots\" content=\"index, follow, max-snippet:-1, max-image-preview:large, max-video-preview:-1\" \/>\n<link rel=\"canonical\" href=\"https:\/\/dicodusport.fr\/blog\/mercato-om-tableau-des-transferts-2022-2023\/\" \/>\n<meta property=\"og:locale\" content=\"fr_FR\" \/>\n<meta property=\"og:type\" content=\"article\" \/>\n<meta property=\"og:title\" content=\"Mercato OM : Tableau des transferts 2022-2023\" \/>\n<meta property=\"og:description\" content=\"TRANSFERTS OM - Le mercato estival bat son plein, voici le tableau des transferts de l&#039;Olympique de Marseille pour la Ligue 1 saison 2022-2023.\" \/>\n<meta property=\"og:url\" content=\"https:\/\/dicodusport.fr\/blog\/mercato-om-tableau-des-transferts-2022-2023\/\" \/>\n<meta property=\"og:site_name\" content=\"Dicodusport\" \/>\n<meta property=\"article:publisher\" content=\"https:\/\/www.facebook.com\/dicodusport\" \/>\n<meta property=\"article:published_time\" content=\"2022-08-31T10:01:06+00:00\" \/>\n<meta property=\"article:modified_time\" content=\"2022-08-31T10:01:24+00:00\" \/>\n<meta property=\"og:image\" content=\"https:\/\/dicodusport.fr\/blog\/wp-content\/uploads\/2022\/07\/Mercato-OM-Tableau-des-transferts-2022-2023.png\" \/>\n\t<meta property=\"og:image:width\" content=\"800\" \/>\n\t<meta property=\"og:image:height\" content=\"445\" \/>\n\t<meta property=\"og:image:type\" content=\"image\/png\" \/>\n<meta name=\"author\" content=\"Benjamin Cots\" \/>\n<meta name=\"twitter:card\" content=\"summary_large_image\" \/>\n<meta name=\"twitter:title\" content=\"Mercato OM : Tableau des transferts 2022-2023\" \/>\n<meta name=\"twitter:creator\" content=\"@https:\/\/twitter.com\/BenjaminCots\" \/>\n<meta name=\"twitter:site\" content=\"@dicodusport\" \/>\n<script type=\"application\/ld+json\" class=\"yoast-schema-graph\">{\"@context\":\"https:\/\/schema.org\",\"@graph\":[{\"@type\":\"NewsArticle\",\"@id\":\"https:\/\/dicodusport.fr\/blog\/mercato-om-tableau-des-transferts-2022-2023\/#article\",\"isPartOf\":{\"@id\":\"https:\/\/dicodusport.fr\/blog\/mercato-om-tableau-des-transferts-2022-2023\/\"},\"author\":{\"name\":\"Benjamin Cots\",\"@id\":\"https:\/\/dicodusport.fr\/blog\/#\/schema\/person\/0c141de963d8493840348bb7df193da4\"},\"headline\":\"Mercato OM : Tableau des transferts 2022-2023\",\"datePublished\":\"2022-08-31T10:01:06+00:00\",\"dateModified\":\"2022-08-31T10:01:24+00:00\",\"mainEntityOfPage\":{\"@id\":\"https:\/\/dicodusport.fr\/blog\/mercato-om-tableau-des-transferts-2022-2023\/\"},\"wordCount\":277,\"commentCount\":1,\"publisher\":{\"@id\":\"https:\/\/dicodusport.fr\/blog\/#organization\"},\"image\":{\"@id\":\"https:\/\/dicodusport.fr\/blog\/mercato-om-tableau-des-transferts-2022-2023\/#primaryimage\"},\"thumbnailUrl\":\"https:\/\/dicodusport.fr\/blog\/wp-content\/uploads\/2022\/07\/Mercato-OM-Tableau-des-transferts-2022-2023.png\",\"keywords\":[\"Ligue 1\",\"Marseille\",\"Mercato\",\"Mercato OM\",\"Olympique de Marseille\",\"OM\",\"Tableau des transferts\",\"transferts\"],\"articleSection\":[\"Ligue 1\"],\"inLanguage\":\"fr-FR\",\"potentialAction\":[{\"@type\":\"CommentAction\",\"name\":\"Comment\",\"target\":[\"https:\/\/dicodusport.fr\/blog\/mercato-om-tableau-des-transferts-2022-2023\/#respond\"]}],\"copyrightYear\":\"2022\",\"copyrightHolder\":{\"@id\":\"https:\/\/dicodusport.fr\/blog\/#organization\"}},{\"@type\":\"WebPage\",\"@id\":\"https:\/\/dicodusport.fr\/blog\/mercato-om-tableau-des-transferts-2022-2023\/\",\"url\":\"https:\/\/dicodusport.fr\/blog\/mercato-om-tableau-des-transferts-2022-2023\/\",\"name\":\"Mercato OM : Tableau des transferts 2022-2023\",\"isPartOf\":{\"@id\":\"https:\/\/dicodusport.fr\/blog\/#website\"},\"primaryImageOfPage\":{\"@id\":\"https:\/\/dicodusport.fr\/blog\/mercato-om-tableau-des-transferts-2022-2023\/#primaryimage\"},\"image\":{\"@id\":\"https:\/\/dicodusport.fr\/blog\/mercato-om-tableau-des-transferts-2022-2023\/#primaryimage\"},\"thumbnailUrl\":\"https:\/\/dicodusport.fr\/blog\/wp-content\/uploads\/2022\/07\/Mercato-OM-Tableau-des-transferts-2022-2023.png\",\"datePublished\":\"2022-08-31T10:01:06+00:00\",\"dateModified\":\"2022-08-31T10:01:24+00:00\",\"description\":\"TRANSFERTS OM - Le mercato estival bat son plein, voici le tableau des transferts de l'Olympique de Marseille pour la Ligue 1 saison 2022-2023.\",\"breadcrumb\":{\"@id\":\"https:\/\/dicodusport.fr\/blog\/mercato-om-tableau-des-transferts-2022-2023\/#breadcrumb\"},\"inLanguage\":\"fr-FR\",\"potentialAction\":[{\"@type\":\"ReadAction\",\"target\":[\"https:\/\/dicodusport.fr\/blog\/mercato-om-tableau-des-transferts-2022-2023\/\"]}]},{\"@type\":\"ImageObject\",\"inLanguage\":\"fr-FR\",\"@id\":\"https:\/\/dicodusport.fr\/blog\/mercato-om-tableau-des-transferts-2022-2023\/#primaryimage\",\"url\":\"https:\/\/dicodusport.fr\/blog\/wp-content\/uploads\/2022\/07\/Mercato-OM-Tableau-des-transferts-2022-2023.png\",\"contentUrl\":\"https:\/\/dicodusport.fr\/blog\/wp-content\/uploads\/2022\/07\/Mercato-OM-Tableau-des-transferts-2022-2023.png\",\"width\":800,\"height\":445,\"caption\":\"Mercato OM Tableau des transferts 2022-2023\"},{\"@type\":\"BreadcrumbList\",\"@id\":\"https:\/\/dicodusport.fr\/blog\/mercato-om-tableau-des-transferts-2022-2023\/#breadcrumb\",\"itemListElement\":[{\"@type\":\"ListItem\",\"position\":1,\"name\":\"Accueil\",\"item\":\"https:\/\/dicodusport.fr\/blog\/\"},{\"@type\":\"ListItem\",\"position\":2,\"name\":\"Mercato OM : Tableau des transferts 2022-2023\"}]},{\"@type\":\"WebSite\",\"@id\":\"https:\/\/dicodusport.fr\/blog\/#website\",\"url\":\"https:\/\/dicodusport.fr\/blog\/\",\"name\":\"Dicodusport\",\"description\":\"L&#039;encyclop\u00e9die de l&#039;actualit\u00e9 sportive\",\"publisher\":{\"@id\":\"https:\/\/dicodusport.fr\/blog\/#organization\"},\"potentialAction\":[{\"@type\":\"SearchAction\",\"target\":{\"@type\":\"EntryPoint\",\"urlTemplate\":\"https:\/\/dicodusport.fr\/blog\/?s={search_term_string}\"},\"query-input\":{\"@type\":\"PropertyValueSpecification\",\"valueRequired\":true,\"valueName\":\"search_term_string\"}}],\"inLanguage\":\"fr-FR\"},{\"@type\":\"NewsMediaOrganization\",\"@id\":\"https:\/\/dicodusport.fr\/blog\/#organization\",\"name\":\"Dicodusport\",\"url\":\"https:\/\/dicodusport.fr\/blog\/\",\"logo\":{\"@type\":\"ImageObject\",\"inLanguage\":\"fr-FR\",\"@id\":\"https:\/\/dicodusport.fr\/blog\/#\/schema\/logo\/image\/\",\"url\":\"https:\/\/dicodusport.fr\/blog\/wp-content\/uploads\/2020\/06\/cropped-LOGO-DICODUSPORT-2020-SANS-FOND-SANS-TEXTE.png\",\"contentUrl\":\"https:\/\/dicodusport.fr\/blog\/wp-content\/uploads\/2020\/06\/cropped-LOGO-DICODUSPORT-2020-SANS-FOND-SANS-TEXTE.png\",\"width\":512,\"height\":512,\"caption\":\"Dicodusport\"},\"image\":{\"@id\":\"https:\/\/dicodusport.fr\/blog\/#\/schema\/logo\/image\/\"},\"sameAs\":[\"https:\/\/www.facebook.com\/dicodusport\",\"https:\/\/x.com\/dicodusport\",\"https:\/\/www.instagram.com\/dicodusport\/\",\"https:\/\/www.youtube.com\/channel\/UC7V2KZ5sd3htJivAbA4ZG3w\"],\"description\":\"Dicodusport est l'encyclop\u00e9die de l'actualit\u00e9 sportive.\",\"email\":\"bonjour@dicodusport.fr\",\"legalName\":\"DICODUSPORT\",\"foundingDate\":\"2018-01-14\",\"vatID\":\"FR71834470973\",\"taxID\":\"83447097300043\",\"numberOfEmployees\":{\"@type\":\"QuantitativeValue\",\"minValue\":\"1\",\"maxValue\":\"10\"}},{\"@type\":\"Person\",\"@id\":\"https:\/\/dicodusport.fr\/blog\/#\/schema\/person\/0c141de963d8493840348bb7df193da4\",\"name\":\"Benjamin Cots\",\"image\":{\"@type\":\"ImageObject\",\"inLanguage\":\"fr-FR\",\"@id\":\"https:\/\/dicodusport.fr\/blog\/#\/schema\/person\/image\/\",\"url\":\"https:\/\/dicodusport.fr\/blog\/wp-content\/uploads\/2021\/04\/Maillot-Benji-Dicodusport-150x150.png\",\"contentUrl\":\"https:\/\/dicodusport.fr\/blog\/wp-content\/uploads\/2021\/04\/Maillot-Benji-Dicodusport-150x150.png\",\"caption\":\"Benjamin Cots\"},\"description\":\"Footballeur et fan des Girondins de Bordeaux depuis mon plus jeune \u00e2ge, le foot et le sport en g\u00e9n\u00e9ral ont rythm\u00e9 ma vie. Apr\u00e8s des \u00e9tudes en informatique, la cr\u00e9ation de Dicodusport \u00e9tait le parfait m\u00e9lange pour allier mes deux passions.\",\"sameAs\":[\"https:\/\/x.com\/https:\/\/twitter.com\/BenjaminCots\"],\"url\":\"https:\/\/dicodusport.fr\/blog\/author\/admin\/\"}]}<\/script>\n<!-- \/ Yoast SEO Premium plugin. -->","yoast_head_json":{"title":"Mercato OM : Tableau des transferts 2022-2023","description":"TRANSFERTS OM - Le mercato estival bat son plein, voici le tableau des transferts de l'Olympique de Marseille pour la Ligue 1 saison 2022-2023.","robots":{"index":"index","follow":"follow","max-snippet":"max-snippet:-1","max-image-preview":"max-image-preview:large","max-video-preview":"max-video-preview:-1"},"canonical":"https:\/\/dicodusport.fr\/blog\/mercato-om-tableau-des-transferts-2022-2023\/","og_locale":"fr_FR","og_type":"article","og_title":"Mercato OM : Tableau des transferts 2022-2023","og_description":"TRANSFERTS OM - Le mercato estival bat son plein, voici le tableau des transferts de l'Olympique de Marseille pour la Ligue 1 saison 2022-2023.","og_url":"https:\/\/dicodusport.fr\/blog\/mercato-om-tableau-des-transferts-2022-2023\/","og_site_name":"Dicodusport","article_publisher":"https:\/\/www.facebook.com\/dicodusport","article_published_time":"2022-08-31T10:01:06+00:00","article_modified_time":"2022-08-31T10:01:24+00:00","og_image":[{"width":800,"height":445,"url":"https:\/\/dicodusport.fr\/blog\/wp-content\/uploads\/2022\/07\/Mercato-OM-Tableau-des-transferts-2022-2023.png","type":"image\/png"}],"author":"Benjamin Cots","twitter_card":"summary_large_image","twitter_title":"Mercato OM : Tableau des transferts 2022-2023","twitter_creator":"@https:\/\/twitter.com\/BenjaminCots","twitter_site":"@dicodusport","schema":{"@context":"https:\/\/schema.org","@graph":[{"@type":"NewsArticle","@id":"https:\/\/dicodusport.fr\/blog\/mercato-om-tableau-des-transferts-2022-2023\/#article","isPartOf":{"@id":"https:\/\/dicodusport.fr\/blog\/mercato-om-tableau-des-transferts-2022-2023\/"},"author":{"name":"Benjamin Cots","@id":"https:\/\/dicodusport.fr\/blog\/#\/schema\/person\/0c141de963d8493840348bb7df193da4"},"headline":"Mercato OM : Tableau des transferts 2022-2023","datePublished":"2022-08-31T10:01:06+00:00","dateModified":"2022-08-31T10:01:24+00:00","mainEntityOfPage":{"@id":"https:\/\/dicodusport.fr\/blog\/mercato-om-tableau-des-transferts-2022-2023\/"},"wordCount":277,"commentCount":1,"publisher":{"@id":"https:\/\/dicodusport.fr\/blog\/#organization"},"image":{"@id":"https:\/\/dicodusport.fr\/blog\/mercato-om-tableau-des-transferts-2022-2023\/#primaryimage"},"thumbnailUrl":"https:\/\/dicodusport.fr\/blog\/wp-content\/uploads\/2022\/07\/Mercato-OM-Tableau-des-transferts-2022-2023.png","keywords":["Ligue 1","Marseille","Mercato","Mercato OM","Olympique de Marseille","OM","Tableau des transferts","transferts"],"articleSection":["Ligue 1"],"inLanguage":"fr-FR","potentialAction":[{"@type":"CommentAction","name":"Comment","target":["https:\/\/dicodusport.fr\/blog\/mercato-om-tableau-des-transferts-2022-2023\/#respond"]}],"copyrightYear":"2022","copyrightHolder":{"@id":"https:\/\/dicodusport.fr\/blog\/#organization"}},{"@type":"WebPage","@id":"https:\/\/dicodusport.fr\/blog\/mercato-om-tableau-des-transferts-2022-2023\/","url":"https:\/\/dicodusport.fr\/blog\/mercato-om-tableau-des-transferts-2022-2023\/","name":"Mercato OM : Tableau des transferts 2022-2023","isPartOf":{"@id":"https:\/\/dicodusport.fr\/blog\/#website"},"primaryImageOfPage":{"@id":"https:\/\/dicodusport.fr\/blog\/mercato-om-tableau-des-transferts-2022-2023\/#primaryimage"},"image":{"@id":"https:\/\/dicodusport.fr\/blog\/mercato-om-tableau-des-transferts-2022-2023\/#primaryimage"},"thumbnailUrl":"https:\/\/dicodusport.fr\/blog\/wp-content\/uploads\/2022\/07\/Mercato-OM-Tableau-des-transferts-2022-2023.png","datePublished":"2022-08-31T10:01:06+00:00","dateModified":"2022-08-31T10:01:24+00:00","description":"TRANSFERTS OM - Le mercato estival bat son plein, voici le tableau des transferts de l'Olympique de Marseille pour la Ligue 1 saison 2022-2023.","breadcrumb":{"@id":"https:\/\/dicodusport.fr\/blog\/mercato-om-tableau-des-transferts-2022-2023\/#breadcrumb"},"inLanguage":"fr-FR","potentialAction":[{"@type":"ReadAction","target":["https:\/\/dicodusport.fr\/blog\/mercato-om-tableau-des-transferts-2022-2023\/"]}]},{"@type":"ImageObject","inLanguage":"fr-FR","@id":"https:\/\/dicodusport.fr\/blog\/mercato-om-tableau-des-transferts-2022-2023\/#primaryimage","url":"https:\/\/dicodusport.fr\/blog\/wp-content\/uploads\/2022\/07\/Mercato-OM-Tableau-des-transferts-2022-2023.png","contentUrl":"https:\/\/dicodusport.fr\/blog\/wp-content\/uploads\/2022\/07\/Mercato-OM-Tableau-des-transferts-2022-2023.png","width":800,"height":445,"caption":"Mercato OM Tableau des transferts 2022-2023"},{"@type":"BreadcrumbList","@id":"https:\/\/dicodusport.fr\/blog\/mercato-om-tableau-des-transferts-2022-2023\/#breadcrumb","itemListElement":[{"@type":"ListItem","position":1,"name":"Accueil","item":"https:\/\/dicodusport.fr\/blog\/"},{"@type":"ListItem","position":2,"name":"Mercato OM : Tableau des transferts 2022-2023"}]},{"@type":"WebSite","@id":"https:\/\/dicodusport.fr\/blog\/#website","url":"https:\/\/dicodusport.fr\/blog\/","name":"Dicodusport","description":"L&#039;encyclop\u00e9die de l&#039;actualit\u00e9 sportive","publisher":{"@id":"https:\/\/dicodusport.fr\/blog\/#organization"},"potentialAction":[{"@type":"SearchAction","target":{"@type":"EntryPoint","urlTemplate":"https:\/\/dicodusport.fr\/blog\/?s={search_term_string}"},"query-input":{"@type":"PropertyValueSpecification","valueRequired":true,"valueName":"search_term_string"}}],"inLanguage":"fr-FR"},{"@type":"NewsMediaOrganization","@id":"https:\/\/dicodusport.fr\/blog\/#organization","name":"Dicodusport","url":"https:\/\/dicodusport.fr\/blog\/","logo":{"@type":"ImageObject","inLanguage":"fr-FR","@id":"https:\/\/dicodusport.fr\/blog\/#\/schema\/logo\/image\/","url":"https:\/\/dicodusport.fr\/blog\/wp-content\/uploads\/2020\/06\/cropped-LOGO-DICODUSPORT-2020-SANS-FOND-SANS-TEXTE.png","contentUrl":"https:\/\/dicodusport.fr\/blog\/wp-content\/uploads\/2020\/06\/cropped-LOGO-DICODUSPORT-2020-SANS-FOND-SANS-TEXTE.png","width":512,"height":512,"caption":"Dicodusport"},"image":{"@id":"https:\/\/dicodusport.fr\/blog\/#\/schema\/logo\/image\/"},"sameAs":["https:\/\/www.facebook.com\/dicodusport","https:\/\/x.com\/dicodusport","https:\/\/www.instagram.com\/dicodusport\/","https:\/\/www.youtube.com\/channel\/UC7V2KZ5sd3htJivAbA4ZG3w"],"description":"Dicodusport est l'encyclop\u00e9die de l'actualit\u00e9 sportive.","email":"bonjour@dicodusport.fr","legalName":"DICODUSPORT","foundingDate":"2018-01-14","vatID":"FR71834470973","taxID":"83447097300043","numberOfEmployees":{"@type":"QuantitativeValue","minValue":"1","maxValue":"10"}},{"@type":"Person","@id":"https:\/\/dicodusport.fr\/blog\/#\/schema\/person\/0c141de963d8493840348bb7df193da4","name":"Benjamin Cots","image":{"@type":"ImageObject","inLanguage":"fr-FR","@id":"https:\/\/dicodusport.fr\/blog\/#\/schema\/person\/image\/","url":"https:\/\/dicodusport.fr\/blog\/wp-content\/uploads\/2021\/04\/Maillot-Benji-Dicodusport-150x150.png","contentUrl":"https:\/\/dicodusport.fr\/blog\/wp-content\/uploads\/2021\/04\/Maillot-Benji-Dicodusport-150x150.png","caption":"Benjamin Cots"},"description":"Footballeur et fan des Girondins de Bordeaux depuis mon plus jeune \u00e2ge, le foot et le sport en g\u00e9n\u00e9ral ont rythm\u00e9 ma vie. Apr\u00e8s des \u00e9tudes en informatique, la cr\u00e9ation de Dicodusport \u00e9tait le parfait m\u00e9lange pour allier mes deux passions.","sameAs":["https:\/\/x.com\/https:\/\/twitter.com\/BenjaminCots"],"url":"https:\/\/dicodusport.fr\/blog\/author\/admin\/"}]}},"_links":{"self":[{"href":"https:\/\/dicodusport.fr\/blog\/wp-json\/wp\/v2\/posts\/242341","targetHints":{"allow":["GET"]}}],"collection":[{"href":"https:\/\/dicodusport.fr\/blog\/wp-json\/wp\/v2\/posts"}],"about":[{"href":"https:\/\/dicodusport.fr\/blog\/wp-json\/wp\/v2\/types\/post"}],"author":[{"embeddable":true,"href":"https:\/\/dicodusport.fr\/blog\/wp-json\/wp\/v2\/users\/2"}],"replies":[{"embeddable":true,"href":"https:\/\/dicodusport.fr\/blog\/wp-json\/wp\/v2\/comments?post=242341"}],"version-history":[{"count":0,"href":"https:\/\/dicodusport.fr\/blog\/wp-json\/wp\/v2\/posts\/242341\/revisions"}],"wp:featuredmedia":[{"embeddable":true,"href":"https:\/\/dicodusport.fr\/blog\/wp-json\/wp\/v2\/media\/242356"}],"wp:attachment":[{"href":"https:\/\/dicodusport.fr\/blog\/wp-json\/wp\/v2\/media?parent=242341"}],"wp:term":[{"taxonomy":"category","embeddable":true,"href":"https:\/\/dicodusport.fr\/blog\/wp-json\/wp\/v2\/categories?post=242341"},{"taxonomy":"post_tag","embeddable":true,"href":"https:\/\/dicodusport.fr\/blog\/wp-json\/wp\/v2\/tags?post=242341"}],"curies":[{"name":"wp","href":"https:\/\/api.w.org\/{rel}","templated":true}]}}