{"id":242381,"date":"2022-07-11T18:07:31","date_gmt":"2022-07-11T16:07:31","guid":{"rendered":"https:\/\/dicodusport.fr\/blog\/?p=242381&#038;preview=true&#038;preview_id=242381"},"modified":"2022-07-11T18:07:31","modified_gmt":"2022-07-11T16:07:31","slug":"guillaume-martin-prolonge-avec-cofidis","status":"publish","type":"post","link":"https:\/\/dicodusport.fr\/blog\/guillaume-martin-prolonge-avec-cofidis\/","title":{"rendered":"Guillaume Martin prolonge avec Cofidis"},"content":{"rendered":"<p style=\"text-align: justify;\"><b><i><a href=\"https:\/\/dicodusport.fr\/blog\/actualites\/cyclisme\/cyclisme-sur-route-2022\/\">CYCLISME SUR ROUTE 2022<\/a> &#8211; En fin de contrat \u00e0 l&rsquo;issue de la saison en cours, Guillaume Martin va prolonger l&rsquo;aventure au sein de la formation Cofidis pour deux ann\u00e9es suppl\u00e9mentaires. Le coureur de 29 ans est d\u00e9sormais li\u00e9 \u00e0 la formation fran\u00e7aise jusqu&rsquo;en 2024.<\/i><\/b><\/p>\n<p style=\"text-align: justify;\">Le timing est particulier, mais montre \u00e9galement toute la confiance qui r\u00e8gne entre les deux camps. <a href=\"https:\/\/dicodusport.fr\/blog\/tour-de-france-la-folle-serie-de-guillaume-martin-prend-fin\/\">Au lendemain de son abandon sur le Tour de France en raison du Covid<\/a>, <strong>Guillaume Martin<\/strong> a \u00e9t\u00e9 prolong\u00e9 par l&rsquo;\u00e9quipe <strong>Cofidis<\/strong>. Courtis\u00e9 par d&rsquo;autres formation dont Ark\u00e9a-Samsic, le coureur normand a rempil\u00e9 pour deux saisons suppl\u00e9mentaires, et est donc li\u00e9 \u00e0 son \u00e9quipe jusqu&rsquo;en 2024.<\/p>\n<p style=\"text-align: justify;\">D\u00e9barqu\u00e9 au sein de la formation dirig\u00e9e par <strong>C\u00e9dric Vasseur<\/strong> en d\u00e9but d&rsquo;ann\u00e9e 2020, l&rsquo;ancien coureur de la Wanty-Groupe Gobert b\u00e9n\u00e9ficie du statut de leader sur l&rsquo;essentiel des courses qu&rsquo;il dispute. En trois ans, il a remport\u00e9 <strong>le classement de la montagne sur la Vuelta en 2020<\/strong>, est mont\u00e9 sur le podium du Dauphin\u00e9 (3e en 2020) et a d\u00e9croch\u00e9 <strong>deux Tops 10 sur des Grands Tours<\/strong> (8e du Tour de France 2021, 9e du Tour d&rsquo;Espagne 2021). Souvent plac\u00e9 mais rarement gagnant, le coureur normand n&rsquo;a lev\u00e9 qu&rsquo;\u00e0 une seule reprise les bras \u00e0 l&rsquo;arriv\u00e9e d&rsquo;une course, lors du <strong>Mercan&rsquo;Tour Classic<\/strong> en 2021.<\/p>\n<p style=\"text-align: justify;\">Toujours tr\u00e8s offensif, le coureur de 29 ans est dans ses meilleures ann\u00e9es, et poss\u00e8de clairement la capacit\u00e9 de d\u00e9crocher des victoires prestigieuses. La <strong>Cofidis<\/strong> lui a donc en toute logique maintenu sa confiance afin d&rsquo;\u00eatre son chef de file en montagne. De plus, rappelons qu&rsquo;avant son abandon forc\u00e9 sur la Grande Boucle ce weekend, Guillaume Martin n&rsquo;avait plus abandonn\u00e9 sur une \u00e9preuve en&#8230;362 jours de course !<\/p>\n<blockquote class=\"twitter-tweet\">\n<p dir=\"ltr\" lang=\"fr\" style=\"text-align: justify;\">Nous avons une bonne nouvelle \u00e0 vous annoncer : <a href=\"https:\/\/twitter.com\/GuilmMartin?ref_src=twsrc%5Etfw\">@GuilmMartin<\/a> continuera l&rsquo;aventure avec Cofidis en 2023 et 2024 !<\/p>\n<p>Plus d&rsquo;informations ici &#x2935;<a href=\"https:\/\/t.co\/WB9Kiq9kY3\">https:\/\/t.co\/WB9Kiq9kY3<\/a> <a href=\"https:\/\/t.co\/KlfbydM1pU\">pic.twitter.com\/KlfbydM1pU<\/a><\/p>\n<p>\u2014 Team Cofidis (@TeamCOFIDIS) <a href=\"https:\/\/twitter.com\/TeamCOFIDIS\/status\/1546489828052705281?ref_src=twsrc%5Etfw\">July 11, 2022<\/a><\/p><\/blockquote>\n<p><script async src=\"https:\/\/platform.twitter.com\/widgets.js\" charset=\"utf-8\"><\/script><\/p>\n<p>&nbsp;<\/p>\n","protected":false},"excerpt":{"rendered":"<p>CYCLISME SUR ROUTE 2022 &#8211; En fin de contrat \u00e0 l&rsquo;issue de la saison en cours, Guillaume Martin va prolonger l&rsquo;aventure au sein de la formation Cofidis pour deux ann\u00e9es suppl\u00e9mentaires. Le coureur de 29 ans est d\u00e9sormais li\u00e9 \u00e0 la formation fran\u00e7aise jusqu&rsquo;en 2024.<\/p>\n","protected":false},"author":55,"featured_media":241913,"comment_status":"open","ping_status":"closed","sticky":false,"template":"","format":"standard","meta":{"_acf_changed":false,"_daextam_enable_autolinks":"","footnotes":""},"categories":[46994],"tags":[1186,574,5357,1262],"class_list":["post-242381","post","type-post","status-publish","format-standard","has-post-thumbnail","hentry","category-cyclisme-sur-route","tag-cofidis","tag-cyclisme","tag-guillaume-martin","tag-tour-de-france"],"acf":[],"yoast_head":"<!-- This site is optimized with the Yoast SEO Premium plugin v26.7 (Yoast SEO v26.7) - https:\/\/yoast.com\/wordpress\/plugins\/seo\/ -->\n<title>Guillaume Martin prolonge avec Cofidis<\/title>\n<meta name=\"description\" content=\"Guillaume Martin a prolong\u00e9 son contrat avec la formation Cofidis pour deux saisons suppl\u00e9mentaires, jusqu&#039;en 2024.\" \/>\n<meta name=\"robots\" content=\"index, follow, max-snippet:-1, max-image-preview:large, max-video-preview:-1\" \/>\n<link rel=\"canonical\" href=\"https:\/\/dicodusport.fr\/blog\/guillaume-martin-prolonge-avec-cofidis\/\" \/>\n<meta property=\"og:locale\" content=\"fr_FR\" \/>\n<meta property=\"og:type\" content=\"article\" \/>\n<meta property=\"og:title\" content=\"Guillaume Martin prolonge avec Cofidis\" \/>\n<meta property=\"og:description\" content=\"Guillaume Martin a prolong\u00e9 son contrat avec la formation Cofidis pour deux saisons suppl\u00e9mentaires, jusqu&#039;en 2024.\" \/>\n<meta property=\"og:url\" content=\"https:\/\/dicodusport.fr\/blog\/guillaume-martin-prolonge-avec-cofidis\/\" \/>\n<meta property=\"og:site_name\" content=\"Dicodusport\" \/>\n<meta property=\"article:publisher\" content=\"https:\/\/www.facebook.com\/dicodusport\" \/>\n<meta property=\"article:published_time\" content=\"2022-07-11T16:07:31+00:00\" \/>\n<meta property=\"og:image\" content=\"https:\/\/dicodusport.fr\/blog\/wp-content\/uploads\/2022\/07\/Tour-de-France-La-folle-se\u0301rie-de-Guillaume-Martin-prend-fin.png\" \/>\n\t<meta property=\"og:image:width\" content=\"800\" \/>\n\t<meta property=\"og:image:height\" content=\"445\" \/>\n\t<meta property=\"og:image:type\" content=\"image\/png\" \/>\n<meta name=\"author\" content=\"Maxime Cazenave\" \/>\n<meta name=\"twitter:card\" content=\"summary_large_image\" \/>\n<meta name=\"twitter:title\" content=\"Guillaume Martin prolonge avec Cofidis\" \/>\n<meta name=\"twitter:creator\" content=\"@https:\/\/twitter.com\/Maxime_Caze\" \/>\n<meta name=\"twitter:site\" content=\"@dicodusport\" \/>\n<script type=\"application\/ld+json\" class=\"yoast-schema-graph\">{\"@context\":\"https:\/\/schema.org\",\"@graph\":[{\"@type\":\"NewsArticle\",\"@id\":\"https:\/\/dicodusport.fr\/blog\/guillaume-martin-prolonge-avec-cofidis\/#article\",\"isPartOf\":{\"@id\":\"https:\/\/dicodusport.fr\/blog\/guillaume-martin-prolonge-avec-cofidis\/\"},\"author\":{\"name\":\"Maxime Cazenave\",\"@id\":\"https:\/\/dicodusport.fr\/blog\/#\/schema\/person\/37def232098a7a5cbab3974a3690abb0\"},\"headline\":\"Guillaume Martin prolonge avec Cofidis\",\"datePublished\":\"2022-07-11T16:07:31+00:00\",\"mainEntityOfPage\":{\"@id\":\"https:\/\/dicodusport.fr\/blog\/guillaume-martin-prolonge-avec-cofidis\/\"},\"wordCount\":341,\"commentCount\":0,\"publisher\":{\"@id\":\"https:\/\/dicodusport.fr\/blog\/#organization\"},\"image\":{\"@id\":\"https:\/\/dicodusport.fr\/blog\/guillaume-martin-prolonge-avec-cofidis\/#primaryimage\"},\"thumbnailUrl\":\"https:\/\/dicodusport.fr\/blog\/wp-content\/uploads\/2022\/07\/Tour-de-France-La-folle-se\u0301rie-de-Guillaume-Martin-prend-fin.png\",\"keywords\":[\"cofidis\",\"Cyclisme\",\"Guillaume Martin\",\"Tour de France\"],\"articleSection\":[\"Cyclisme sur route\"],\"inLanguage\":\"fr-FR\",\"potentialAction\":[{\"@type\":\"CommentAction\",\"name\":\"Comment\",\"target\":[\"https:\/\/dicodusport.fr\/blog\/guillaume-martin-prolonge-avec-cofidis\/#respond\"]}],\"copyrightYear\":\"2022\",\"copyrightHolder\":{\"@id\":\"https:\/\/dicodusport.fr\/blog\/#organization\"}},{\"@type\":\"WebPage\",\"@id\":\"https:\/\/dicodusport.fr\/blog\/guillaume-martin-prolonge-avec-cofidis\/\",\"url\":\"https:\/\/dicodusport.fr\/blog\/guillaume-martin-prolonge-avec-cofidis\/\",\"name\":\"Guillaume Martin prolonge avec Cofidis\",\"isPartOf\":{\"@id\":\"https:\/\/dicodusport.fr\/blog\/#website\"},\"primaryImageOfPage\":{\"@id\":\"https:\/\/dicodusport.fr\/blog\/guillaume-martin-prolonge-avec-cofidis\/#primaryimage\"},\"image\":{\"@id\":\"https:\/\/dicodusport.fr\/blog\/guillaume-martin-prolonge-avec-cofidis\/#primaryimage\"},\"thumbnailUrl\":\"https:\/\/dicodusport.fr\/blog\/wp-content\/uploads\/2022\/07\/Tour-de-France-La-folle-se\u0301rie-de-Guillaume-Martin-prend-fin.png\",\"datePublished\":\"2022-07-11T16:07:31+00:00\",\"description\":\"Guillaume Martin a prolong\u00e9 son contrat avec la formation Cofidis pour deux saisons suppl\u00e9mentaires, jusqu'en 2024.\",\"breadcrumb\":{\"@id\":\"https:\/\/dicodusport.fr\/blog\/guillaume-martin-prolonge-avec-cofidis\/#breadcrumb\"},\"inLanguage\":\"fr-FR\",\"potentialAction\":[{\"@type\":\"ReadAction\",\"target\":[\"https:\/\/dicodusport.fr\/blog\/guillaume-martin-prolonge-avec-cofidis\/\"]}]},{\"@type\":\"ImageObject\",\"inLanguage\":\"fr-FR\",\"@id\":\"https:\/\/dicodusport.fr\/blog\/guillaume-martin-prolonge-avec-cofidis\/#primaryimage\",\"url\":\"https:\/\/dicodusport.fr\/blog\/wp-content\/uploads\/2022\/07\/Tour-de-France-La-folle-se\u0301rie-de-Guillaume-Martin-prend-fin.png\",\"contentUrl\":\"https:\/\/dicodusport.fr\/blog\/wp-content\/uploads\/2022\/07\/Tour-de-France-La-folle-se\u0301rie-de-Guillaume-Martin-prend-fin.png\",\"width\":800,\"height\":445},{\"@type\":\"BreadcrumbList\",\"@id\":\"https:\/\/dicodusport.fr\/blog\/guillaume-martin-prolonge-avec-cofidis\/#breadcrumb\",\"itemListElement\":[{\"@type\":\"ListItem\",\"position\":1,\"name\":\"Accueil\",\"item\":\"https:\/\/dicodusport.fr\/blog\/\"},{\"@type\":\"ListItem\",\"position\":2,\"name\":\"Guillaume Martin prolonge avec Cofidis\"}]},{\"@type\":\"WebSite\",\"@id\":\"https:\/\/dicodusport.fr\/blog\/#website\",\"url\":\"https:\/\/dicodusport.fr\/blog\/\",\"name\":\"Dicodusport\",\"description\":\"L&#039;encyclop\u00e9die de l&#039;actualit\u00e9 sportive\",\"publisher\":{\"@id\":\"https:\/\/dicodusport.fr\/blog\/#organization\"},\"potentialAction\":[{\"@type\":\"SearchAction\",\"target\":{\"@type\":\"EntryPoint\",\"urlTemplate\":\"https:\/\/dicodusport.fr\/blog\/?s={search_term_string}\"},\"query-input\":{\"@type\":\"PropertyValueSpecification\",\"valueRequired\":true,\"valueName\":\"search_term_string\"}}],\"inLanguage\":\"fr-FR\"},{\"@type\":\"NewsMediaOrganization\",\"@id\":\"https:\/\/dicodusport.fr\/blog\/#organization\",\"name\":\"Dicodusport\",\"url\":\"https:\/\/dicodusport.fr\/blog\/\",\"logo\":{\"@type\":\"ImageObject\",\"inLanguage\":\"fr-FR\",\"@id\":\"https:\/\/dicodusport.fr\/blog\/#\/schema\/logo\/image\/\",\"url\":\"https:\/\/dicodusport.fr\/blog\/wp-content\/uploads\/2020\/06\/cropped-LOGO-DICODUSPORT-2020-SANS-FOND-SANS-TEXTE.png\",\"contentUrl\":\"https:\/\/dicodusport.fr\/blog\/wp-content\/uploads\/2020\/06\/cropped-LOGO-DICODUSPORT-2020-SANS-FOND-SANS-TEXTE.png\",\"width\":512,\"height\":512,\"caption\":\"Dicodusport\"},\"image\":{\"@id\":\"https:\/\/dicodusport.fr\/blog\/#\/schema\/logo\/image\/\"},\"sameAs\":[\"https:\/\/www.facebook.com\/dicodusport\",\"https:\/\/x.com\/dicodusport\",\"https:\/\/www.instagram.com\/dicodusport\/\",\"https:\/\/www.youtube.com\/channel\/UC7V2KZ5sd3htJivAbA4ZG3w\"],\"description\":\"Dicodusport est l'encyclop\u00e9die de l'actualit\u00e9 sportive.\",\"email\":\"bonjour@dicodusport.fr\",\"legalName\":\"DICODUSPORT\",\"foundingDate\":\"2018-01-14\",\"vatID\":\"FR71834470973\",\"taxID\":\"83447097300043\",\"numberOfEmployees\":{\"@type\":\"QuantitativeValue\",\"minValue\":\"1\",\"maxValue\":\"10\"}},{\"@type\":\"Person\",\"@id\":\"https:\/\/dicodusport.fr\/blog\/#\/schema\/person\/37def232098a7a5cbab3974a3690abb0\",\"name\":\"Maxime Cazenave\",\"image\":{\"@type\":\"ImageObject\",\"inLanguage\":\"fr-FR\",\"@id\":\"https:\/\/dicodusport.fr\/blog\/#\/schema\/person\/image\/\",\"url\":\"https:\/\/dicodusport.fr\/blog\/wp-content\/uploads\/2021\/05\/Maxime-Cazenave-150x150.jpg\",\"contentUrl\":\"https:\/\/dicodusport.fr\/blog\/wp-content\/uploads\/2021\/05\/Maxime-Cazenave-150x150.jpg\",\"caption\":\"Maxime Cazenave\"},\"description\":\"Journaliste\/R\u00e9dacteur depuis 2012 - Berc\u00e9 par l\u2019amour des Girondins de Bordeaux, les \u00e9checs de Christophe Moreau sur le Tour de France sous l'\u00e8re Lance Armstrong et le fade-away l\u00e9tal de Dirk Nowitzki, ma passion d\u00e9vorante pour le sport a toujours \u00e9t\u00e9 un pan incontournable de ma vie. Transmettre ma passion \u00e0 l\u2019\u00e9crit a \u00e9t\u00e9 une transition naturelle. Suiveur assidu de basket et de hockey sur glace, je garde toujours un peu de place pour suivre le cyclisme, le football et le maximum de performances fran\u00e7aises.\",\"sameAs\":[\"https:\/\/x.com\/https:\/\/twitter.com\/Maxime_Caze\"],\"url\":\"https:\/\/dicodusport.fr\/blog\/author\/maximec\/\"}]}<\/script>\n<!-- \/ Yoast SEO Premium plugin. -->","yoast_head_json":{"title":"Guillaume Martin prolonge avec Cofidis","description":"Guillaume Martin a prolong\u00e9 son contrat avec la formation Cofidis pour deux saisons suppl\u00e9mentaires, jusqu'en 2024.","robots":{"index":"index","follow":"follow","max-snippet":"max-snippet:-1","max-image-preview":"max-image-preview:large","max-video-preview":"max-video-preview:-1"},"canonical":"https:\/\/dicodusport.fr\/blog\/guillaume-martin-prolonge-avec-cofidis\/","og_locale":"fr_FR","og_type":"article","og_title":"Guillaume Martin prolonge avec Cofidis","og_description":"Guillaume Martin a prolong\u00e9 son contrat avec la formation Cofidis pour deux saisons suppl\u00e9mentaires, jusqu'en 2024.","og_url":"https:\/\/dicodusport.fr\/blog\/guillaume-martin-prolonge-avec-cofidis\/","og_site_name":"Dicodusport","article_publisher":"https:\/\/www.facebook.com\/dicodusport","article_published_time":"2022-07-11T16:07:31+00:00","og_image":[{"width":800,"height":445,"url":"https:\/\/dicodusport.fr\/blog\/wp-content\/uploads\/2022\/07\/Tour-de-France-La-folle-se\u0301rie-de-Guillaume-Martin-prend-fin.png","type":"image\/png"}],"author":"Maxime Cazenave","twitter_card":"summary_large_image","twitter_title":"Guillaume Martin prolonge avec Cofidis","twitter_creator":"@https:\/\/twitter.com\/Maxime_Caze","twitter_site":"@dicodusport","schema":{"@context":"https:\/\/schema.org","@graph":[{"@type":"NewsArticle","@id":"https:\/\/dicodusport.fr\/blog\/guillaume-martin-prolonge-avec-cofidis\/#article","isPartOf":{"@id":"https:\/\/dicodusport.fr\/blog\/guillaume-martin-prolonge-avec-cofidis\/"},"author":{"name":"Maxime Cazenave","@id":"https:\/\/dicodusport.fr\/blog\/#\/schema\/person\/37def232098a7a5cbab3974a3690abb0"},"headline":"Guillaume Martin prolonge avec Cofidis","datePublished":"2022-07-11T16:07:31+00:00","mainEntityOfPage":{"@id":"https:\/\/dicodusport.fr\/blog\/guillaume-martin-prolonge-avec-cofidis\/"},"wordCount":341,"commentCount":0,"publisher":{"@id":"https:\/\/dicodusport.fr\/blog\/#organization"},"image":{"@id":"https:\/\/dicodusport.fr\/blog\/guillaume-martin-prolonge-avec-cofidis\/#primaryimage"},"thumbnailUrl":"https:\/\/dicodusport.fr\/blog\/wp-content\/uploads\/2022\/07\/Tour-de-France-La-folle-se\u0301rie-de-Guillaume-Martin-prend-fin.png","keywords":["cofidis","Cyclisme","Guillaume Martin","Tour de France"],"articleSection":["Cyclisme sur route"],"inLanguage":"fr-FR","potentialAction":[{"@type":"CommentAction","name":"Comment","target":["https:\/\/dicodusport.fr\/blog\/guillaume-martin-prolonge-avec-cofidis\/#respond"]}],"copyrightYear":"2022","copyrightHolder":{"@id":"https:\/\/dicodusport.fr\/blog\/#organization"}},{"@type":"WebPage","@id":"https:\/\/dicodusport.fr\/blog\/guillaume-martin-prolonge-avec-cofidis\/","url":"https:\/\/dicodusport.fr\/blog\/guillaume-martin-prolonge-avec-cofidis\/","name":"Guillaume Martin prolonge avec Cofidis","isPartOf":{"@id":"https:\/\/dicodusport.fr\/blog\/#website"},"primaryImageOfPage":{"@id":"https:\/\/dicodusport.fr\/blog\/guillaume-martin-prolonge-avec-cofidis\/#primaryimage"},"image":{"@id":"https:\/\/dicodusport.fr\/blog\/guillaume-martin-prolonge-avec-cofidis\/#primaryimage"},"thumbnailUrl":"https:\/\/dicodusport.fr\/blog\/wp-content\/uploads\/2022\/07\/Tour-de-France-La-folle-se\u0301rie-de-Guillaume-Martin-prend-fin.png","datePublished":"2022-07-11T16:07:31+00:00","description":"Guillaume Martin a prolong\u00e9 son contrat avec la formation Cofidis pour deux saisons suppl\u00e9mentaires, jusqu'en 2024.","breadcrumb":{"@id":"https:\/\/dicodusport.fr\/blog\/guillaume-martin-prolonge-avec-cofidis\/#breadcrumb"},"inLanguage":"fr-FR","potentialAction":[{"@type":"ReadAction","target":["https:\/\/dicodusport.fr\/blog\/guillaume-martin-prolonge-avec-cofidis\/"]}]},{"@type":"ImageObject","inLanguage":"fr-FR","@id":"https:\/\/dicodusport.fr\/blog\/guillaume-martin-prolonge-avec-cofidis\/#primaryimage","url":"https:\/\/dicodusport.fr\/blog\/wp-content\/uploads\/2022\/07\/Tour-de-France-La-folle-se\u0301rie-de-Guillaume-Martin-prend-fin.png","contentUrl":"https:\/\/dicodusport.fr\/blog\/wp-content\/uploads\/2022\/07\/Tour-de-France-La-folle-se\u0301rie-de-Guillaume-Martin-prend-fin.png","width":800,"height":445},{"@type":"BreadcrumbList","@id":"https:\/\/dicodusport.fr\/blog\/guillaume-martin-prolonge-avec-cofidis\/#breadcrumb","itemListElement":[{"@type":"ListItem","position":1,"name":"Accueil","item":"https:\/\/dicodusport.fr\/blog\/"},{"@type":"ListItem","position":2,"name":"Guillaume Martin prolonge avec Cofidis"}]},{"@type":"WebSite","@id":"https:\/\/dicodusport.fr\/blog\/#website","url":"https:\/\/dicodusport.fr\/blog\/","name":"Dicodusport","description":"L&#039;encyclop\u00e9die de l&#039;actualit\u00e9 sportive","publisher":{"@id":"https:\/\/dicodusport.fr\/blog\/#organization"},"potentialAction":[{"@type":"SearchAction","target":{"@type":"EntryPoint","urlTemplate":"https:\/\/dicodusport.fr\/blog\/?s={search_term_string}"},"query-input":{"@type":"PropertyValueSpecification","valueRequired":true,"valueName":"search_term_string"}}],"inLanguage":"fr-FR"},{"@type":"NewsMediaOrganization","@id":"https:\/\/dicodusport.fr\/blog\/#organization","name":"Dicodusport","url":"https:\/\/dicodusport.fr\/blog\/","logo":{"@type":"ImageObject","inLanguage":"fr-FR","@id":"https:\/\/dicodusport.fr\/blog\/#\/schema\/logo\/image\/","url":"https:\/\/dicodusport.fr\/blog\/wp-content\/uploads\/2020\/06\/cropped-LOGO-DICODUSPORT-2020-SANS-FOND-SANS-TEXTE.png","contentUrl":"https:\/\/dicodusport.fr\/blog\/wp-content\/uploads\/2020\/06\/cropped-LOGO-DICODUSPORT-2020-SANS-FOND-SANS-TEXTE.png","width":512,"height":512,"caption":"Dicodusport"},"image":{"@id":"https:\/\/dicodusport.fr\/blog\/#\/schema\/logo\/image\/"},"sameAs":["https:\/\/www.facebook.com\/dicodusport","https:\/\/x.com\/dicodusport","https:\/\/www.instagram.com\/dicodusport\/","https:\/\/www.youtube.com\/channel\/UC7V2KZ5sd3htJivAbA4ZG3w"],"description":"Dicodusport est l'encyclop\u00e9die de l'actualit\u00e9 sportive.","email":"bonjour@dicodusport.fr","legalName":"DICODUSPORT","foundingDate":"2018-01-14","vatID":"FR71834470973","taxID":"83447097300043","numberOfEmployees":{"@type":"QuantitativeValue","minValue":"1","maxValue":"10"}},{"@type":"Person","@id":"https:\/\/dicodusport.fr\/blog\/#\/schema\/person\/37def232098a7a5cbab3974a3690abb0","name":"Maxime Cazenave","image":{"@type":"ImageObject","inLanguage":"fr-FR","@id":"https:\/\/dicodusport.fr\/blog\/#\/schema\/person\/image\/","url":"https:\/\/dicodusport.fr\/blog\/wp-content\/uploads\/2021\/05\/Maxime-Cazenave-150x150.jpg","contentUrl":"https:\/\/dicodusport.fr\/blog\/wp-content\/uploads\/2021\/05\/Maxime-Cazenave-150x150.jpg","caption":"Maxime Cazenave"},"description":"Journaliste\/R\u00e9dacteur depuis 2012 - Berc\u00e9 par l\u2019amour des Girondins de Bordeaux, les \u00e9checs de Christophe Moreau sur le Tour de France sous l'\u00e8re Lance Armstrong et le fade-away l\u00e9tal de Dirk Nowitzki, ma passion d\u00e9vorante pour le sport a toujours \u00e9t\u00e9 un pan incontournable de ma vie. Transmettre ma passion \u00e0 l\u2019\u00e9crit a \u00e9t\u00e9 une transition naturelle. Suiveur assidu de basket et de hockey sur glace, je garde toujours un peu de place pour suivre le cyclisme, le football et le maximum de performances fran\u00e7aises.","sameAs":["https:\/\/x.com\/https:\/\/twitter.com\/Maxime_Caze"],"url":"https:\/\/dicodusport.fr\/blog\/author\/maximec\/"}]}},"_links":{"self":[{"href":"https:\/\/dicodusport.fr\/blog\/wp-json\/wp\/v2\/posts\/242381","targetHints":{"allow":["GET"]}}],"collection":[{"href":"https:\/\/dicodusport.fr\/blog\/wp-json\/wp\/v2\/posts"}],"about":[{"href":"https:\/\/dicodusport.fr\/blog\/wp-json\/wp\/v2\/types\/post"}],"author":[{"embeddable":true,"href":"https:\/\/dicodusport.fr\/blog\/wp-json\/wp\/v2\/users\/55"}],"replies":[{"embeddable":true,"href":"https:\/\/dicodusport.fr\/blog\/wp-json\/wp\/v2\/comments?post=242381"}],"version-history":[{"count":0,"href":"https:\/\/dicodusport.fr\/blog\/wp-json\/wp\/v2\/posts\/242381\/revisions"}],"wp:featuredmedia":[{"embeddable":true,"href":"https:\/\/dicodusport.fr\/blog\/wp-json\/wp\/v2\/media\/241913"}],"wp:attachment":[{"href":"https:\/\/dicodusport.fr\/blog\/wp-json\/wp\/v2\/media?parent=242381"}],"wp:term":[{"taxonomy":"category","embeddable":true,"href":"https:\/\/dicodusport.fr\/blog\/wp-json\/wp\/v2\/categories?post=242381"},{"taxonomy":"post_tag","embeddable":true,"href":"https:\/\/dicodusport.fr\/blog\/wp-json\/wp\/v2\/tags?post=242381"}],"curies":[{"name":"wp","href":"https:\/\/api.w.org\/{rel}","templated":true}]}}