{"id":242412,"date":"2022-07-11T20:54:42","date_gmt":"2022-07-11T18:54:42","guid":{"rendered":"https:\/\/dicodusport.fr\/blog\/?p=242412&#038;preview=true&#038;preview_id=242412"},"modified":"2022-07-12T07:30:09","modified_gmt":"2022-07-12T05:30:09","slug":"gabriel-debru-integre-a-plein-temps-le-circuit-professionnel","status":"publish","type":"post","link":"https:\/\/dicodusport.fr\/blog\/gabriel-debru-integre-a-plein-temps-le-circuit-professionnel\/","title":{"rendered":"Gabriel Debru int\u00e8gre \u00e0 plein temps le circuit professionnel"},"content":{"rendered":"<p style=\"text-align: justify;\"><b><i>TENNIS &#8211; N\u00b01 mondial juniors, Gabriel Debru a annonc\u00e9 qu&rsquo;il ne jouerait plus dans cette cat\u00e9gorie d&rsquo;\u00e2ge, afin de se lancer \u00e0 plein temps sur le circuit professionnel.<\/i><\/b><\/p>\n<p style=\"text-align: justify;\"><a href=\"https:\/\/dicodusport.fr\/blog\/roland-garros-2022-gabriel-debru-remporte-le-tournoi-juniors\/\">Vainqueur du dernier Roland-Garros juniors,<\/a> <strong>Gabriel Debru<\/strong> n&rsquo;a pas connu la m\u00eame r\u00e9ussite en simples \u00e0 Wimbledon. T\u00eate de s\u00e9rie n\u00b01, il a chut\u00e9 d\u00e8s les 16\u00e8mes de finale. <a href=\"https:\/\/dicodusport.fr\/blog\/wimbledon-2022-la-paire-debru-inchauspe-echoue-en-finale-chez-les-juniors\/\">Mais il a tout de m\u00eame atteint la finale du double<\/a>, associ\u00e9 \u00e0<strong> Paul Inchausp\u00e9<\/strong>. Ainsi, \u00e0 cause du gel des points, il a atteint la place de n\u00b01 mondial dans cette cat\u00e9gorie. Et il en a profit\u00e9 pour annoncer qu&rsquo;il mettait un terme \u00e0 sa carri\u00e8re chez les juniors. Il va se consacrer \u00e0 plein temps au circuit professionnel, \u00e0 commencer par le M25 d&rsquo;Uriage cette semaine. C&rsquo;\u00e9tait dans l&rsquo;air apr\u00e8s son succ\u00e8s \u00e0 Paris, c&rsquo;est d\u00e9sormais une r\u00e9alit\u00e9. Il va arpenter les courts du circuit ITF, puis du circuit Challenger. Le but final \u00e9tant bien \u00e9videmment d&rsquo;entamer une ascension qui lui permettra peut-\u00eatre de concourir sur le circuit ATP \u00e0 plein temps. Un objectif r\u00e9alisable pour un tennisman plein de talent.<\/p>\n<blockquote class=\"twitter-tweet\">\n<p dir=\"ltr\" lang=\"fr\">Debru en full time j&rsquo;ai les pros, on va suivre \u00e7a de pr\u00e8s <a href=\"https:\/\/t.co\/e2CmiZLhtQ\">pic.twitter.com\/e2CmiZLhtQ<\/a><\/p>\n<p>\u2014 Remli &#x1f3be; (@RemeliTNS) <a href=\"https:\/\/twitter.com\/RemeliTNS\/status\/1546496883199205376?ref_src=twsrc%5Etfw\">July 11, 2022<\/a><\/p><\/blockquote>\n<p><script async src=\"https:\/\/platform.twitter.com\/widgets.js\" charset=\"utf-8\"><\/script><\/p>\n","protected":false},"excerpt":{"rendered":"<p>TENNIS &#8211; N\u00b01 mondial juniors, Gabriel Debru a annonc\u00e9 qu&rsquo;il ne jouerait plus dans cette cat\u00e9gorie d&rsquo;\u00e2ge, afin de se lancer \u00e0 plein temps sur le circuit professionnel.<\/p>\n","protected":false},"author":59,"featured_media":242416,"comment_status":"open","ping_status":"closed","sticky":false,"template":"","format":"standard","meta":{"_acf_changed":false,"_daextam_enable_autolinks":"","footnotes":""},"categories":[2302],"tags":[23548,4792],"class_list":["post-242412","post","type-post","status-publish","format-standard","has-post-thumbnail","hentry","category-tennis","tag-gabriel-debru","tag-tennis-francais"],"acf":[],"yoast_head":"<!-- This site is optimized with the Yoast SEO Premium plugin v26.7 (Yoast SEO v26.7) - https:\/\/yoast.com\/wordpress\/plugins\/seo\/ -->\n<title>Gabriel Debru int\u00e8gre \u00e0 plein temps le circuit professionnel<\/title>\n<meta name=\"description\" content=\"TENNIS - Gabriel Debru a annonc\u00e9 qu&#039;il ne jouerait plus chez les juniors, afin de se lancer \u00e0 plein temps sur le circuit professionnel.\" \/>\n<meta name=\"robots\" content=\"index, follow, max-snippet:-1, max-image-preview:large, max-video-preview:-1\" \/>\n<link rel=\"canonical\" href=\"https:\/\/dicodusport.fr\/blog\/gabriel-debru-integre-a-plein-temps-le-circuit-professionnel\/\" \/>\n<meta property=\"og:locale\" content=\"fr_FR\" \/>\n<meta property=\"og:type\" content=\"article\" \/>\n<meta property=\"og:title\" content=\"Gabriel Debru int\u00e8gre \u00e0 plein temps le circuit professionnel\" \/>\n<meta property=\"og:description\" content=\"TENNIS - Gabriel Debru a annonc\u00e9 qu&#039;il ne jouerait plus chez les juniors, afin de se lancer \u00e0 plein temps sur le circuit professionnel.\" \/>\n<meta property=\"og:url\" content=\"https:\/\/dicodusport.fr\/blog\/gabriel-debru-integre-a-plein-temps-le-circuit-professionnel\/\" \/>\n<meta property=\"og:site_name\" content=\"Dicodusport\" \/>\n<meta property=\"article:publisher\" content=\"https:\/\/www.facebook.com\/dicodusport\" \/>\n<meta property=\"article:author\" content=\"https:\/\/www.facebook.com\/sebastien.gente\/\" \/>\n<meta property=\"article:published_time\" content=\"2022-07-11T18:54:42+00:00\" \/>\n<meta property=\"article:modified_time\" content=\"2022-07-12T05:30:09+00:00\" \/>\n<meta property=\"og:image\" content=\"https:\/\/dicodusport.fr\/blog\/wp-content\/uploads\/2022\/07\/Gabriel-Debru-integre-a-plein-temps-le-circuit-professionnel.png\" \/>\n\t<meta property=\"og:image:width\" content=\"800\" \/>\n\t<meta property=\"og:image:height\" content=\"445\" \/>\n\t<meta property=\"og:image:type\" content=\"image\/png\" \/>\n<meta name=\"author\" content=\"S\u00e9bastien Gente\" \/>\n<meta name=\"twitter:card\" content=\"summary_large_image\" \/>\n<meta name=\"twitter:title\" content=\"Gabriel Debru int\u00e8gre \u00e0 plein temps le circuit professionnel\" \/>\n<meta name=\"twitter:creator\" content=\"@https:\/\/twitter.com\/globulo24\" \/>\n<meta name=\"twitter:site\" content=\"@dicodusport\" \/>\n<script type=\"application\/ld+json\" class=\"yoast-schema-graph\">{\"@context\":\"https:\/\/schema.org\",\"@graph\":[{\"@type\":\"NewsArticle\",\"@id\":\"https:\/\/dicodusport.fr\/blog\/gabriel-debru-integre-a-plein-temps-le-circuit-professionnel\/#article\",\"isPartOf\":{\"@id\":\"https:\/\/dicodusport.fr\/blog\/gabriel-debru-integre-a-plein-temps-le-circuit-professionnel\/\"},\"author\":{\"name\":\"S\u00e9bastien Gente\",\"@id\":\"https:\/\/dicodusport.fr\/blog\/#\/schema\/person\/627966a6cde45dbd8c5e36ac85d783da\"},\"headline\":\"Gabriel Debru int\u00e8gre \u00e0 plein temps le circuit professionnel\",\"datePublished\":\"2022-07-11T18:54:42+00:00\",\"dateModified\":\"2022-07-12T05:30:09+00:00\",\"mainEntityOfPage\":{\"@id\":\"https:\/\/dicodusport.fr\/blog\/gabriel-debru-integre-a-plein-temps-le-circuit-professionnel\/\"},\"wordCount\":230,\"commentCount\":0,\"publisher\":{\"@id\":\"https:\/\/dicodusport.fr\/blog\/#organization\"},\"image\":{\"@id\":\"https:\/\/dicodusport.fr\/blog\/gabriel-debru-integre-a-plein-temps-le-circuit-professionnel\/#primaryimage\"},\"thumbnailUrl\":\"https:\/\/dicodusport.fr\/blog\/wp-content\/uploads\/2022\/07\/Gabriel-Debru-integre-a-plein-temps-le-circuit-professionnel.png\",\"keywords\":[\"Gabriel Debru\",\"Tennis fran\u00e7ais\"],\"articleSection\":[\"Tennis\"],\"inLanguage\":\"fr-FR\",\"potentialAction\":[{\"@type\":\"CommentAction\",\"name\":\"Comment\",\"target\":[\"https:\/\/dicodusport.fr\/blog\/gabriel-debru-integre-a-plein-temps-le-circuit-professionnel\/#respond\"]}],\"copyrightYear\":\"2022\",\"copyrightHolder\":{\"@id\":\"https:\/\/dicodusport.fr\/blog\/#organization\"}},{\"@type\":\"WebPage\",\"@id\":\"https:\/\/dicodusport.fr\/blog\/gabriel-debru-integre-a-plein-temps-le-circuit-professionnel\/\",\"url\":\"https:\/\/dicodusport.fr\/blog\/gabriel-debru-integre-a-plein-temps-le-circuit-professionnel\/\",\"name\":\"Gabriel Debru int\u00e8gre \u00e0 plein temps le circuit professionnel\",\"isPartOf\":{\"@id\":\"https:\/\/dicodusport.fr\/blog\/#website\"},\"primaryImageOfPage\":{\"@id\":\"https:\/\/dicodusport.fr\/blog\/gabriel-debru-integre-a-plein-temps-le-circuit-professionnel\/#primaryimage\"},\"image\":{\"@id\":\"https:\/\/dicodusport.fr\/blog\/gabriel-debru-integre-a-plein-temps-le-circuit-professionnel\/#primaryimage\"},\"thumbnailUrl\":\"https:\/\/dicodusport.fr\/blog\/wp-content\/uploads\/2022\/07\/Gabriel-Debru-integre-a-plein-temps-le-circuit-professionnel.png\",\"datePublished\":\"2022-07-11T18:54:42+00:00\",\"dateModified\":\"2022-07-12T05:30:09+00:00\",\"description\":\"TENNIS - Gabriel Debru a annonc\u00e9 qu'il ne jouerait plus chez les juniors, afin de se lancer \u00e0 plein temps sur le circuit professionnel.\",\"breadcrumb\":{\"@id\":\"https:\/\/dicodusport.fr\/blog\/gabriel-debru-integre-a-plein-temps-le-circuit-professionnel\/#breadcrumb\"},\"inLanguage\":\"fr-FR\",\"potentialAction\":[{\"@type\":\"ReadAction\",\"target\":[\"https:\/\/dicodusport.fr\/blog\/gabriel-debru-integre-a-plein-temps-le-circuit-professionnel\/\"]}]},{\"@type\":\"ImageObject\",\"inLanguage\":\"fr-FR\",\"@id\":\"https:\/\/dicodusport.fr\/blog\/gabriel-debru-integre-a-plein-temps-le-circuit-professionnel\/#primaryimage\",\"url\":\"https:\/\/dicodusport.fr\/blog\/wp-content\/uploads\/2022\/07\/Gabriel-Debru-integre-a-plein-temps-le-circuit-professionnel.png\",\"contentUrl\":\"https:\/\/dicodusport.fr\/blog\/wp-content\/uploads\/2022\/07\/Gabriel-Debru-integre-a-plein-temps-le-circuit-professionnel.png\",\"width\":800,\"height\":445,\"caption\":\"Gabriel Debru int\u00e8gre \u00e0 plein temps le circuit professionnel\"},{\"@type\":\"BreadcrumbList\",\"@id\":\"https:\/\/dicodusport.fr\/blog\/gabriel-debru-integre-a-plein-temps-le-circuit-professionnel\/#breadcrumb\",\"itemListElement\":[{\"@type\":\"ListItem\",\"position\":1,\"name\":\"Accueil\",\"item\":\"https:\/\/dicodusport.fr\/blog\/\"},{\"@type\":\"ListItem\",\"position\":2,\"name\":\"Gabriel Debru int\u00e8gre \u00e0 plein temps le circuit professionnel\"}]},{\"@type\":\"WebSite\",\"@id\":\"https:\/\/dicodusport.fr\/blog\/#website\",\"url\":\"https:\/\/dicodusport.fr\/blog\/\",\"name\":\"Dicodusport\",\"description\":\"L&#039;encyclop\u00e9die de l&#039;actualit\u00e9 sportive\",\"publisher\":{\"@id\":\"https:\/\/dicodusport.fr\/blog\/#organization\"},\"potentialAction\":[{\"@type\":\"SearchAction\",\"target\":{\"@type\":\"EntryPoint\",\"urlTemplate\":\"https:\/\/dicodusport.fr\/blog\/?s={search_term_string}\"},\"query-input\":{\"@type\":\"PropertyValueSpecification\",\"valueRequired\":true,\"valueName\":\"search_term_string\"}}],\"inLanguage\":\"fr-FR\"},{\"@type\":\"NewsMediaOrganization\",\"@id\":\"https:\/\/dicodusport.fr\/blog\/#organization\",\"name\":\"Dicodusport\",\"url\":\"https:\/\/dicodusport.fr\/blog\/\",\"logo\":{\"@type\":\"ImageObject\",\"inLanguage\":\"fr-FR\",\"@id\":\"https:\/\/dicodusport.fr\/blog\/#\/schema\/logo\/image\/\",\"url\":\"https:\/\/dicodusport.fr\/blog\/wp-content\/uploads\/2020\/06\/cropped-LOGO-DICODUSPORT-2020-SANS-FOND-SANS-TEXTE.png\",\"contentUrl\":\"https:\/\/dicodusport.fr\/blog\/wp-content\/uploads\/2020\/06\/cropped-LOGO-DICODUSPORT-2020-SANS-FOND-SANS-TEXTE.png\",\"width\":512,\"height\":512,\"caption\":\"Dicodusport\"},\"image\":{\"@id\":\"https:\/\/dicodusport.fr\/blog\/#\/schema\/logo\/image\/\"},\"sameAs\":[\"https:\/\/www.facebook.com\/dicodusport\",\"https:\/\/x.com\/dicodusport\",\"https:\/\/www.instagram.com\/dicodusport\/\",\"https:\/\/www.youtube.com\/channel\/UC7V2KZ5sd3htJivAbA4ZG3w\"],\"description\":\"Dicodusport est l'encyclop\u00e9die de l'actualit\u00e9 sportive.\",\"email\":\"bonjour@dicodusport.fr\",\"legalName\":\"DICODUSPORT\",\"foundingDate\":\"2018-01-14\",\"vatID\":\"FR71834470973\",\"taxID\":\"83447097300043\",\"numberOfEmployees\":{\"@type\":\"QuantitativeValue\",\"minValue\":\"1\",\"maxValue\":\"10\"}},{\"@type\":\"Person\",\"@id\":\"https:\/\/dicodusport.fr\/blog\/#\/schema\/person\/627966a6cde45dbd8c5e36ac85d783da\",\"name\":\"S\u00e9bastien Gente\",\"image\":{\"@type\":\"ImageObject\",\"inLanguage\":\"fr-FR\",\"@id\":\"https:\/\/dicodusport.fr\/blog\/#\/schema\/person\/image\/\",\"url\":\"https:\/\/dicodusport.fr\/blog\/wp-content\/uploads\/2021\/09\/1510990_10205810251400683_4124423575079401707_n-150x150.jpg\",\"contentUrl\":\"https:\/\/dicodusport.fr\/blog\/wp-content\/uploads\/2021\/09\/1510990_10205810251400683_4124423575079401707_n-150x150.jpg\",\"caption\":\"S\u00e9bastien Gente\"},\"description\":\"John Stockton, Gianni Bugno, Zinedine Zidane, Steffi Graf, Frode Andresen, St\u00e9phane Stoecklin, Davis Kamoga, Primoz Peterka, Werner Schlager et Aur\u00e9lien Rougerie. Point commun entre ces sportifs? Ils m'ont fait r\u00eaver et ont berc\u00e9 mon adolescence. Je suis un fondu de sports et j'essaie de retranscrire ma passion \u00e0 travers mes articles. Originaire du P\u00e9rigord, ma passion pour les Girondins, les Jaunards et les Jazzmen transpire dans mes \u00e9crits. \u00c0 Dicodusport depuis 2021, je d\u00e9niche les sports m\u00e9connus dans lesquels la France brille, et il y en a !\",\"sameAs\":[\"https:\/\/www.facebook.com\/sebastien.gente\/\",\"https:\/\/www.instagram.com\/sebgente\/\",\"https:\/\/www.linkedin.com\/in\/sbastien-gente-a29583169\/\",\"https:\/\/x.com\/https:\/\/twitter.com\/globulo24\",\"SebastienGente\"],\"worksFor\":\"S\u00e9bastien GENTE\",\"url\":\"https:\/\/dicodusport.fr\/blog\/author\/sebastiengente\/\"}]}<\/script>\n<!-- \/ Yoast SEO Premium plugin. -->","yoast_head_json":{"title":"Gabriel Debru int\u00e8gre \u00e0 plein temps le circuit professionnel","description":"TENNIS - Gabriel Debru a annonc\u00e9 qu'il ne jouerait plus chez les juniors, afin de se lancer \u00e0 plein temps sur le circuit professionnel.","robots":{"index":"index","follow":"follow","max-snippet":"max-snippet:-1","max-image-preview":"max-image-preview:large","max-video-preview":"max-video-preview:-1"},"canonical":"https:\/\/dicodusport.fr\/blog\/gabriel-debru-integre-a-plein-temps-le-circuit-professionnel\/","og_locale":"fr_FR","og_type":"article","og_title":"Gabriel Debru int\u00e8gre \u00e0 plein temps le circuit professionnel","og_description":"TENNIS - Gabriel Debru a annonc\u00e9 qu'il ne jouerait plus chez les juniors, afin de se lancer \u00e0 plein temps sur le circuit professionnel.","og_url":"https:\/\/dicodusport.fr\/blog\/gabriel-debru-integre-a-plein-temps-le-circuit-professionnel\/","og_site_name":"Dicodusport","article_publisher":"https:\/\/www.facebook.com\/dicodusport","article_author":"https:\/\/www.facebook.com\/sebastien.gente\/","article_published_time":"2022-07-11T18:54:42+00:00","article_modified_time":"2022-07-12T05:30:09+00:00","og_image":[{"width":800,"height":445,"url":"https:\/\/dicodusport.fr\/blog\/wp-content\/uploads\/2022\/07\/Gabriel-Debru-integre-a-plein-temps-le-circuit-professionnel.png","type":"image\/png"}],"author":"S\u00e9bastien Gente","twitter_card":"summary_large_image","twitter_title":"Gabriel Debru int\u00e8gre \u00e0 plein temps le circuit professionnel","twitter_creator":"@https:\/\/twitter.com\/globulo24","twitter_site":"@dicodusport","schema":{"@context":"https:\/\/schema.org","@graph":[{"@type":"NewsArticle","@id":"https:\/\/dicodusport.fr\/blog\/gabriel-debru-integre-a-plein-temps-le-circuit-professionnel\/#article","isPartOf":{"@id":"https:\/\/dicodusport.fr\/blog\/gabriel-debru-integre-a-plein-temps-le-circuit-professionnel\/"},"author":{"name":"S\u00e9bastien Gente","@id":"https:\/\/dicodusport.fr\/blog\/#\/schema\/person\/627966a6cde45dbd8c5e36ac85d783da"},"headline":"Gabriel Debru int\u00e8gre \u00e0 plein temps le circuit professionnel","datePublished":"2022-07-11T18:54:42+00:00","dateModified":"2022-07-12T05:30:09+00:00","mainEntityOfPage":{"@id":"https:\/\/dicodusport.fr\/blog\/gabriel-debru-integre-a-plein-temps-le-circuit-professionnel\/"},"wordCount":230,"commentCount":0,"publisher":{"@id":"https:\/\/dicodusport.fr\/blog\/#organization"},"image":{"@id":"https:\/\/dicodusport.fr\/blog\/gabriel-debru-integre-a-plein-temps-le-circuit-professionnel\/#primaryimage"},"thumbnailUrl":"https:\/\/dicodusport.fr\/blog\/wp-content\/uploads\/2022\/07\/Gabriel-Debru-integre-a-plein-temps-le-circuit-professionnel.png","keywords":["Gabriel Debru","Tennis fran\u00e7ais"],"articleSection":["Tennis"],"inLanguage":"fr-FR","potentialAction":[{"@type":"CommentAction","name":"Comment","target":["https:\/\/dicodusport.fr\/blog\/gabriel-debru-integre-a-plein-temps-le-circuit-professionnel\/#respond"]}],"copyrightYear":"2022","copyrightHolder":{"@id":"https:\/\/dicodusport.fr\/blog\/#organization"}},{"@type":"WebPage","@id":"https:\/\/dicodusport.fr\/blog\/gabriel-debru-integre-a-plein-temps-le-circuit-professionnel\/","url":"https:\/\/dicodusport.fr\/blog\/gabriel-debru-integre-a-plein-temps-le-circuit-professionnel\/","name":"Gabriel Debru int\u00e8gre \u00e0 plein temps le circuit professionnel","isPartOf":{"@id":"https:\/\/dicodusport.fr\/blog\/#website"},"primaryImageOfPage":{"@id":"https:\/\/dicodusport.fr\/blog\/gabriel-debru-integre-a-plein-temps-le-circuit-professionnel\/#primaryimage"},"image":{"@id":"https:\/\/dicodusport.fr\/blog\/gabriel-debru-integre-a-plein-temps-le-circuit-professionnel\/#primaryimage"},"thumbnailUrl":"https:\/\/dicodusport.fr\/blog\/wp-content\/uploads\/2022\/07\/Gabriel-Debru-integre-a-plein-temps-le-circuit-professionnel.png","datePublished":"2022-07-11T18:54:42+00:00","dateModified":"2022-07-12T05:30:09+00:00","description":"TENNIS - Gabriel Debru a annonc\u00e9 qu'il ne jouerait plus chez les juniors, afin de se lancer \u00e0 plein temps sur le circuit professionnel.","breadcrumb":{"@id":"https:\/\/dicodusport.fr\/blog\/gabriel-debru-integre-a-plein-temps-le-circuit-professionnel\/#breadcrumb"},"inLanguage":"fr-FR","potentialAction":[{"@type":"ReadAction","target":["https:\/\/dicodusport.fr\/blog\/gabriel-debru-integre-a-plein-temps-le-circuit-professionnel\/"]}]},{"@type":"ImageObject","inLanguage":"fr-FR","@id":"https:\/\/dicodusport.fr\/blog\/gabriel-debru-integre-a-plein-temps-le-circuit-professionnel\/#primaryimage","url":"https:\/\/dicodusport.fr\/blog\/wp-content\/uploads\/2022\/07\/Gabriel-Debru-integre-a-plein-temps-le-circuit-professionnel.png","contentUrl":"https:\/\/dicodusport.fr\/blog\/wp-content\/uploads\/2022\/07\/Gabriel-Debru-integre-a-plein-temps-le-circuit-professionnel.png","width":800,"height":445,"caption":"Gabriel Debru int\u00e8gre \u00e0 plein temps le circuit professionnel"},{"@type":"BreadcrumbList","@id":"https:\/\/dicodusport.fr\/blog\/gabriel-debru-integre-a-plein-temps-le-circuit-professionnel\/#breadcrumb","itemListElement":[{"@type":"ListItem","position":1,"name":"Accueil","item":"https:\/\/dicodusport.fr\/blog\/"},{"@type":"ListItem","position":2,"name":"Gabriel Debru int\u00e8gre \u00e0 plein temps le circuit professionnel"}]},{"@type":"WebSite","@id":"https:\/\/dicodusport.fr\/blog\/#website","url":"https:\/\/dicodusport.fr\/blog\/","name":"Dicodusport","description":"L&#039;encyclop\u00e9die de l&#039;actualit\u00e9 sportive","publisher":{"@id":"https:\/\/dicodusport.fr\/blog\/#organization"},"potentialAction":[{"@type":"SearchAction","target":{"@type":"EntryPoint","urlTemplate":"https:\/\/dicodusport.fr\/blog\/?s={search_term_string}"},"query-input":{"@type":"PropertyValueSpecification","valueRequired":true,"valueName":"search_term_string"}}],"inLanguage":"fr-FR"},{"@type":"NewsMediaOrganization","@id":"https:\/\/dicodusport.fr\/blog\/#organization","name":"Dicodusport","url":"https:\/\/dicodusport.fr\/blog\/","logo":{"@type":"ImageObject","inLanguage":"fr-FR","@id":"https:\/\/dicodusport.fr\/blog\/#\/schema\/logo\/image\/","url":"https:\/\/dicodusport.fr\/blog\/wp-content\/uploads\/2020\/06\/cropped-LOGO-DICODUSPORT-2020-SANS-FOND-SANS-TEXTE.png","contentUrl":"https:\/\/dicodusport.fr\/blog\/wp-content\/uploads\/2020\/06\/cropped-LOGO-DICODUSPORT-2020-SANS-FOND-SANS-TEXTE.png","width":512,"height":512,"caption":"Dicodusport"},"image":{"@id":"https:\/\/dicodusport.fr\/blog\/#\/schema\/logo\/image\/"},"sameAs":["https:\/\/www.facebook.com\/dicodusport","https:\/\/x.com\/dicodusport","https:\/\/www.instagram.com\/dicodusport\/","https:\/\/www.youtube.com\/channel\/UC7V2KZ5sd3htJivAbA4ZG3w"],"description":"Dicodusport est l'encyclop\u00e9die de l'actualit\u00e9 sportive.","email":"bonjour@dicodusport.fr","legalName":"DICODUSPORT","foundingDate":"2018-01-14","vatID":"FR71834470973","taxID":"83447097300043","numberOfEmployees":{"@type":"QuantitativeValue","minValue":"1","maxValue":"10"}},{"@type":"Person","@id":"https:\/\/dicodusport.fr\/blog\/#\/schema\/person\/627966a6cde45dbd8c5e36ac85d783da","name":"S\u00e9bastien Gente","image":{"@type":"ImageObject","inLanguage":"fr-FR","@id":"https:\/\/dicodusport.fr\/blog\/#\/schema\/person\/image\/","url":"https:\/\/dicodusport.fr\/blog\/wp-content\/uploads\/2021\/09\/1510990_10205810251400683_4124423575079401707_n-150x150.jpg","contentUrl":"https:\/\/dicodusport.fr\/blog\/wp-content\/uploads\/2021\/09\/1510990_10205810251400683_4124423575079401707_n-150x150.jpg","caption":"S\u00e9bastien Gente"},"description":"John Stockton, Gianni Bugno, Zinedine Zidane, Steffi Graf, Frode Andresen, St\u00e9phane Stoecklin, Davis Kamoga, Primoz Peterka, Werner Schlager et Aur\u00e9lien Rougerie. Point commun entre ces sportifs? Ils m'ont fait r\u00eaver et ont berc\u00e9 mon adolescence. Je suis un fondu de sports et j'essaie de retranscrire ma passion \u00e0 travers mes articles. Originaire du P\u00e9rigord, ma passion pour les Girondins, les Jaunards et les Jazzmen transpire dans mes \u00e9crits. \u00c0 Dicodusport depuis 2021, je d\u00e9niche les sports m\u00e9connus dans lesquels la France brille, et il y en a !","sameAs":["https:\/\/www.facebook.com\/sebastien.gente\/","https:\/\/www.instagram.com\/sebgente\/","https:\/\/www.linkedin.com\/in\/sbastien-gente-a29583169\/","https:\/\/x.com\/https:\/\/twitter.com\/globulo24","SebastienGente"],"worksFor":"S\u00e9bastien GENTE","url":"https:\/\/dicodusport.fr\/blog\/author\/sebastiengente\/"}]}},"_links":{"self":[{"href":"https:\/\/dicodusport.fr\/blog\/wp-json\/wp\/v2\/posts\/242412","targetHints":{"allow":["GET"]}}],"collection":[{"href":"https:\/\/dicodusport.fr\/blog\/wp-json\/wp\/v2\/posts"}],"about":[{"href":"https:\/\/dicodusport.fr\/blog\/wp-json\/wp\/v2\/types\/post"}],"author":[{"embeddable":true,"href":"https:\/\/dicodusport.fr\/blog\/wp-json\/wp\/v2\/users\/59"}],"replies":[{"embeddable":true,"href":"https:\/\/dicodusport.fr\/blog\/wp-json\/wp\/v2\/comments?post=242412"}],"version-history":[{"count":0,"href":"https:\/\/dicodusport.fr\/blog\/wp-json\/wp\/v2\/posts\/242412\/revisions"}],"wp:featuredmedia":[{"embeddable":true,"href":"https:\/\/dicodusport.fr\/blog\/wp-json\/wp\/v2\/media\/242416"}],"wp:attachment":[{"href":"https:\/\/dicodusport.fr\/blog\/wp-json\/wp\/v2\/media?parent=242412"}],"wp:term":[{"taxonomy":"category","embeddable":true,"href":"https:\/\/dicodusport.fr\/blog\/wp-json\/wp\/v2\/categories?post=242412"},{"taxonomy":"post_tag","embeddable":true,"href":"https:\/\/dicodusport.fr\/blog\/wp-json\/wp\/v2\/tags?post=242412"}],"curies":[{"name":"wp","href":"https:\/\/api.w.org\/{rel}","templated":true}]}}