{"id":242504,"date":"2022-07-12T13:02:57","date_gmt":"2022-07-12T11:02:57","guid":{"rendered":"https:\/\/dicodusport.fr\/blog\/?p=242504"},"modified":"2022-07-12T15:01:40","modified_gmt":"2022-07-12T13:01:40","slug":"mercato-stade-rennais-apres-mandanda-deux-pistes-enfin-conclues-en-defense-centrale","status":"publish","type":"post","link":"https:\/\/dicodusport.fr\/blog\/mercato-stade-rennais-apres-mandanda-deux-pistes-enfin-conclues-en-defense-centrale\/","title":{"rendered":"Mercato Stade Rennais : Apr\u00e8s Mandanda, deux pistes enfin conclues en d\u00e9fense centrale ?"},"content":{"rendered":"<p style=\"text-align: justify;\"><i><b>LIGUE 1 2022-2023 \u2013 Malgr\u00e9 <a title=\"OM : Steve Mandanda se rapproche du Stade Rennais\" href=\"https:\/\/dicodusport.fr\/blog\/om-steve-mandanda-se-rapproche-du-stade-rennais\/\" rel=\"\">la signature de Steve Mandanda<\/a>, le mercato rennais a progress\u00e9 au ralenti ces derni\u00e8res semaines. Florian Maurice, le directeur technique du Stade Rennais, s&#8217;emploie activement pour enfin trouver du renfort en d\u00e9fense centrale.<br \/>\n<\/b><\/i><\/p>\n<p style=\"text-align: justify;\">De nombreuses rumeurs de transfert circulent actuellement autour du Stade Rennais et notamment au niveau de la <strong>charni\u00e8re centrale, grande priorit\u00e9 du club breton sur ce mercato<\/strong>. Pourtant, rien n&rsquo;a encore \u00e9t\u00e9 act\u00e9 \u00e0 l&rsquo;heure qu&rsquo;il est et les supporters rennais commencent \u00e0 s&rsquo;inqui\u00e9ter. On fait le point sur les diff\u00e9rents dossiers en cours \u00e0 Rennes.<strong><em><br \/>\n<\/em><\/strong><\/p>\n<h2 style=\"text-align: justify;\">Les arriv\u00e9es<\/h2>\n<blockquote class=\"twitter-tweet\">\n<p dir=\"ltr\" lang=\"fr\">[<a href=\"https:\/\/twitter.com\/hashtag\/MercatoSRFC?src=hash&amp;ref_src=twsrc%5Etfw\">#MercatoSRFC<\/a>]<a href=\"https:\/\/twitter.com\/SteveMandanda?ref_src=twsrc%5Etfw\">@SteveMandanda<\/a> ! &#x270d;<\/p>\n<p>Le gardien aux 695 matchs professionnels et 34 s\u00e9lections avec l\u2019<a href=\"https:\/\/twitter.com\/equipedefrance?ref_src=twsrc%5Etfw\">@equipedefrance<\/a> a paraph\u00e9 un contrat de 2&#x20e3; ans avec le Stade Rennais F.C.<\/p>\n<p>\u2014 Stade Rennais F.C. (@staderennais) <a href=\"https:\/\/twitter.com\/staderennais\/status\/1544751402999844864?ref_src=twsrc%5Etfw\">July 6, 2022<\/a><\/p><\/blockquote>\n<p><script async src=\"https:\/\/platform.twitter.com\/widgets.js\" charset=\"utf-8\"><\/script><\/p>\n<p style=\"text-align: justify;\">C&rsquo;est un des transferts majeurs de ce d\u00e9but de mercato en Ligue 1 : <strong>Steve Mandanda<\/strong> a quitt\u00e9 l&rsquo;OM pour rejoindre l&rsquo;effectif de Bruno Genesio. Un d\u00e9saveu clair du staff rennais envers son titulaire <strong>Alfred Gomis<\/strong>, qui n&rsquo;a fait que d\u00e9cevoir depuis son arriv\u00e9e au club il y a deux ans. Le S\u00e9n\u00e9galais avait m\u00eame \u00e9t\u00e9 mis \u00e0 mal par l\u2019\u00e9mergence du jeune portier turc <strong>Do\u011fan Alemdar<\/strong>, qui a d\u00e9pann\u00e9 pendant l&rsquo;absence sur blessure de Gomis au cours de la saison. L&rsquo;arriv\u00e9e de Mandanda va donc permettre d&rsquo;amener des garanties et de l&rsquo;exp\u00e9rience dans un groupe qui va disputer une nouvelle fois une comp\u00e9tition europ\u00e9enne cette saison, cette fois en <strong>Europa League<\/strong>. L&rsquo;occasion aussi pour Alemdar d&rsquo;apprendre aupr\u00e8s d&rsquo;un gardien \u00e0 l&rsquo;exp\u00e9rience internationale et d&rsquo;\u00eatre pr\u00eat pour prendre le relais en 2024 ?<\/p>\n<p style=\"text-align: justify;\">Autre arriv\u00e9e importante \u00e0 noter, c&rsquo;est celle de <strong>Matthis Abline<\/strong>. L&rsquo;ancien Havrais a fait ses preuves en Normandie et revient de pr\u00eat avec 6 buts et 3 passes d\u00e9cisives en 16 apparitions sous le maillot du HAC. Le poste d&rsquo;avant-centre est pour l&rsquo;instant bouch\u00e9 avec <strong>Ga\u00ebtan Laborde<\/strong> et <strong>Serhou Guirassy<\/strong> comme deux premiers choix, mais un d\u00e9part de ce dernier est possible et l&rsquo;horizon n&rsquo;est pas si bouch\u00e9 que cela pour Abline. La progression de ce dernier sera donc int\u00e9ressante \u00e0 suivre cette saison, \u00e0 Rennes ou en pr\u00eat ailleurs.<\/p>\n<h2 style=\"text-align: justify;\">Les pistes chaudes<\/h2>\n<p style=\"text-align: justify;\">Apr\u00e8s le <strong>d\u00e9part de Nayef Aguerd<\/strong>, parti dans un transfert record \u00e0 West Ham, <strong>Warmed Omari<\/strong> s&rsquo;est fait op\u00e9rer et manquera le premier tiers de la saison. La charni\u00e8re centrale titulaire de l&rsquo;an dernier sur le carreau, il ne reste que Lo\u00efc Bad\u00e9, gu\u00e8re rassurant l&rsquo;an dernier, comme d\u00e9fenseur central de m\u00e9tier. La priorit\u00e9 du mercato rennais consiste donc \u00e0 recruter 2 joueurs \u00e0 ce poste, ce qui fait que les rumeurs vont bon train.<\/p>\n<blockquote class=\"twitter-tweet\">\n<p dir=\"ltr\" lang=\"en\">Rennes are set to leave negotiations for Samuel Umtiti, as they want to sign Morato from Benfica &#8211; been told it\u2019s close. &#x1f6a8;&#x1f534; <a href=\"https:\/\/twitter.com\/hashtag\/transfers?src=hash&amp;ref_src=twsrc%5Etfw\">#transfers<\/a><\/p>\n<p>Barcelona still pushing to sell Umtiti after Lengl\u00e9t and Manaj.<\/p>\n<p>Next outgoing: Trinc\u00e3o to Sporting, \u20ac10m for 50% &#8211; as per <a href=\"https:\/\/twitter.com\/MatteMoretto?ref_src=twsrc%5Etfw\">@MatteMoretto<\/a>.<\/p>\n<p>\u2014 Fabrizio Romano (@FabrizioRomano) <a href=\"https:\/\/twitter.com\/FabrizioRomano\/status\/1545700008435105794?ref_src=twsrc%5Etfw\">July 9, 2022<\/a><\/p><\/blockquote>\n<p><script async src=\"https:\/\/platform.twitter.com\/widgets.js\" charset=\"utf-8\"><\/script><\/p>\n<p style=\"text-align: justify;\"><strong>Samuel Umtiti<\/strong> et <strong>Felipe Morato<\/strong> sont deux noms qui ont beaucoup circul\u00e9 depuis plusieurs semaines dans les coulisses du club breton. La piste Umtiti \u00e9tait prioritaire, notamment aux yeux de <strong>Bruno Genesio<\/strong>, mais les <strong>probl\u00e8mes physiques du champion du monde 2018 <\/strong>semblent avoir mis un terme aux n\u00e9gociations avec le FC Barcelone. En revanche pour <span class=\"css-901oao css-16my406 r-poiln3 r-bcqeeo r-qvutc0\"><strong> Felipe Morato<\/strong>, le d\u00e9fenseur central de Benfica, les Rouge et Noir auraient fait une offre de <strong>10 millions d&rsquo;euros + 3 millions de bonus<\/strong>. <\/span><span class=\"css-901oao css-16my406 r-poiln3 r-bcqeeo r-qvutc0\">Pour le Br\u00e9silien de 21 ans, le deal serait proche d&rsquo;\u00eatre conclu selon l&rsquo;insider Fabrizio Romano.<\/span><\/p>\n<p style=\"text-align: justify;\">Autre piste qui semble bien avanc\u00e9e, celle du <span class=\"css-901oao css-16my406 r-poiln3 r-bcqeeo r-qvutc0\">d\u00e9fenseur central cor\u00e9en <strong>Kim Min-Jae<\/strong>. Le joueur de Fenerbahce a notamment \u00e9volu\u00e9 sous les ordres de Bruno Genesio au <\/span><strong>Beijing Guoan<\/strong> pendant un an. Ce lundi en conf\u00e9rence de presse, Florian Maurice n&rsquo;a rien confirm\u00e9 mais les n\u00e9gociations semblent en bonne voie, avec une offre rennaise qui se situerait autour de 18 millions d&rsquo;euros, montant de la clause lib\u00e9ratoire du joueur. Un d\u00e9saccord se situerait apparemment autour des modalit\u00e9s de paiement de cette clause, le club rennais voudrait payer en plusieurs fois alors que le club turc souhaiterait un seul r\u00e8glement.<\/p>\n<blockquote class=\"twitter-tweet\">\n<p dir=\"ltr\" lang=\"fr\">&#x1f534;&#x26ab;&#xfe0f; L&rsquo;arriv\u00e9e au Stade Rennais du d\u00e9fenseur central Kim Min-Jae (Fenerbah\u00e7e) serait en bonne voie selon Bruno Genesio via Ouest-France. <a href=\"https:\/\/twitter.com\/hashtag\/RMercato?src=hash&amp;ref_src=twsrc%5Etfw\">#RMercato<\/a> <a href=\"https:\/\/t.co\/4nrY43tnlG\">https:\/\/t.co\/4nrY43tnlG<\/a><\/p>\n<p>\u2014 ROUGEm\u00e9moire &#x1f534;&#x26ab; SRFC (@ROUGEmemoire) <a href=\"https:\/\/twitter.com\/ROUGEmemoire\/status\/1545138217753743362?ref_src=twsrc%5Etfw\">July 7, 2022<\/a><\/p><\/blockquote>\n<p><script async src=\"https:\/\/platform.twitter.com\/widgets.js\" charset=\"utf-8\"><\/script><\/p>\n<h2>Leur avenir est incertain<\/h2>\n<p style=\"text-align: justify;\"><strong>Alfred Gomis est sur le d\u00e9part<\/strong>, cela a bien \u00e9t\u00e9 confirm\u00e9 par <strong>Florian Maurice<\/strong> ce lundi en conf\u00e9rence de presse. Le directeur technique \u00ab\u00a0<em>a bon espoir<\/em>\u00a0\u00bb de trouver une porte de sortie au portier s\u00e9n\u00e9galais. <strong>Benjamin Bourigeaud<\/strong>, en fin contrat \u00e0 l&rsquo;\u00e9t\u00e9 2023, fait l&rsquo;objet d&rsquo;attentions de plusieurs clubs europ\u00e9ens, la Roma, le Betis Seville et Leicester \u00e9tant clairement identifi\u00e9s. L&rsquo;id\u00e9al pour le club rennais serait de r\u00e9ussir \u00e0 trouver un accord pour prolonger l&rsquo;ancien Lensois, indispensable dans l&rsquo;effectif rouge et noir. Le m\u00eame cas de figure se pr\u00e9sente pour <strong>Hamari Traor\u00e9<\/strong>, arriv\u00e9 en m\u00eame temps que Bourigeaud au club et se retrouvant donc dans la m\u00eame situation. Les deux dossiers sont en \u00ab\u00a0<em>stand-by<\/em>\u00a0\u00bb selon Florian Maurice.<\/p>\n<p style=\"text-align: justify;\">Concernant les jeunes joueurs du club, le plus convoit\u00e9 reste <strong>Mathys Tel<\/strong>. Celui qui a d\u00e9j\u00e0 battu de nombreux records de pr\u00e9cocit\u00e9 avec le Stade Rennais a fait l&rsquo;objet <strong>d&rsquo;une offre du Bayern Munich<\/strong>, tr\u00e8s int\u00e9ress\u00e9 par le jeune prodige. Le club breton souhaite \u00e9videmment conserver son attaquant de 17 ans, qui est d\u00e9j\u00e0 apparu \u00e0 10 reprises l&rsquo;an dernier sous les couleurs rennaises. Enfin, si <strong>Junior Kadile<\/strong> a \u00e9t\u00e9 pr\u00eat\u00e9 au Portugal \u00e0 Famalic\u00e3o, d&rsquo;autres jeunes pousses pourraient aller gagner de l&rsquo;exp\u00e9rience ailleurs. <strong>Andy Diouf<\/strong>, <strong>Franck Rivollier<\/strong> ou encore<strong> Loum Tchaouna<\/strong> n&rsquo;auront sans doute suffisamment pas de temps de jeu cette saison et seront sans doute propos\u00e9s en pr\u00eat dans d&rsquo;autres clubs.<\/p>\n","protected":false},"excerpt":{"rendered":"<p>LIGUE 1 2022-2023 \u2013 Malgr\u00e9 la signature de Steve Mandanda, le mercato rennais a progress\u00e9 au ralenti ces derni\u00e8res semaines. Florian Maurice, le directeur technique du Stade Rennais, s&#8217;emploie activement pour enfin trouver du renfort en d\u00e9fense centrale.<\/p>\n","protected":false},"author":21,"featured_media":242550,"comment_status":"open","ping_status":"closed","sticky":false,"template":"","format":"standard","meta":{"_acf_changed":false,"_daextam_enable_autolinks":"","footnotes":""},"categories":[2301,47045],"tags":[5895,75,7871,1865,8992],"class_list":["post-242504","post","type-post","status-publish","format-standard","has-post-thumbnail","hentry","category-football","category-ligue-1","tag-bruno-genesio","tag-football","tag-mercato-rennes","tag-stade-rennais","tag-steve-mandanda"],"acf":[],"yoast_head":"<!-- This site is optimized with the Yoast SEO Premium plugin v26.7 (Yoast SEO v26.7) - https:\/\/yoast.com\/wordpress\/plugins\/seo\/ -->\n<title>Mercato Stade Rennais : Apr\u00e8s Mandanda, deux pistes enfin conclues en d\u00e9fense centrale ?<\/title>\n<meta name=\"description\" content=\"LIGUE 1 2022-2023 \u2013 Le mercato du Stade Rennais semble enfin progresser, avec du renfort bient\u00f4t attendu en d\u00e9fense centrale.\" \/>\n<meta name=\"robots\" content=\"index, follow, max-snippet:-1, max-image-preview:large, max-video-preview:-1\" \/>\n<link rel=\"canonical\" href=\"https:\/\/dicodusport.fr\/blog\/mercato-stade-rennais-apres-mandanda-deux-pistes-enfin-conclues-en-defense-centrale\/\" \/>\n<meta property=\"og:locale\" content=\"fr_FR\" \/>\n<meta property=\"og:type\" content=\"article\" \/>\n<meta property=\"og:title\" content=\"Mercato Stade Rennais : Apr\u00e8s Mandanda, deux pistes enfin conclues en d\u00e9fense centrale ?\" \/>\n<meta property=\"og:description\" content=\"LIGUE 1 2022-2023 \u2013 Le mercato du Stade Rennais semble enfin progresser, avec du renfort bient\u00f4t attendu en d\u00e9fense centrale.\" \/>\n<meta property=\"og:url\" content=\"https:\/\/dicodusport.fr\/blog\/mercato-stade-rennais-apres-mandanda-deux-pistes-enfin-conclues-en-defense-centrale\/\" \/>\n<meta property=\"og:site_name\" content=\"Dicodusport\" \/>\n<meta property=\"article:publisher\" content=\"https:\/\/www.facebook.com\/dicodusport\" \/>\n<meta property=\"article:published_time\" content=\"2022-07-12T11:02:57+00:00\" \/>\n<meta property=\"article:modified_time\" content=\"2022-07-12T13:01:40+00:00\" \/>\n<meta property=\"og:image\" content=\"https:\/\/dicodusport.fr\/blog\/wp-content\/uploads\/2022\/07\/Mercato-Stade-Rennais-Apres-Mandanda-deux-pistes-enfin-conclues-en-defense-centrale-.png\" \/>\n\t<meta property=\"og:image:width\" content=\"800\" \/>\n\t<meta property=\"og:image:height\" content=\"445\" \/>\n\t<meta property=\"og:image:type\" content=\"image\/png\" \/>\n<meta name=\"author\" content=\"Mathieu Veillon\" \/>\n<meta name=\"twitter:card\" content=\"summary_large_image\" \/>\n<meta name=\"twitter:title\" content=\"Mercato Stade Rennais : Apr\u00e8s Mandanda, deux pistes enfin conclues en d\u00e9fense centrale ?\" \/>\n<meta name=\"twitter:creator\" content=\"@https:\/\/twitter.com\/MathieuVeillon\" \/>\n<meta name=\"twitter:site\" content=\"@dicodusport\" \/>\n<script type=\"application\/ld+json\" class=\"yoast-schema-graph\">{\"@context\":\"https:\/\/schema.org\",\"@graph\":[{\"@type\":\"NewsArticle\",\"@id\":\"https:\/\/dicodusport.fr\/blog\/mercato-stade-rennais-apres-mandanda-deux-pistes-enfin-conclues-en-defense-centrale\/#article\",\"isPartOf\":{\"@id\":\"https:\/\/dicodusport.fr\/blog\/mercato-stade-rennais-apres-mandanda-deux-pistes-enfin-conclues-en-defense-centrale\/\"},\"author\":{\"name\":\"Mathieu Veillon\",\"@id\":\"https:\/\/dicodusport.fr\/blog\/#\/schema\/person\/9731cdc747db1ceb457a2bfa9180a806\"},\"headline\":\"Mercato Stade Rennais : Apr\u00e8s Mandanda, deux pistes enfin conclues en d\u00e9fense centrale ?\",\"datePublished\":\"2022-07-12T11:02:57+00:00\",\"dateModified\":\"2022-07-12T13:01:40+00:00\",\"mainEntityOfPage\":{\"@id\":\"https:\/\/dicodusport.fr\/blog\/mercato-stade-rennais-apres-mandanda-deux-pistes-enfin-conclues-en-defense-centrale\/\"},\"wordCount\":1058,\"commentCount\":0,\"publisher\":{\"@id\":\"https:\/\/dicodusport.fr\/blog\/#organization\"},\"image\":{\"@id\":\"https:\/\/dicodusport.fr\/blog\/mercato-stade-rennais-apres-mandanda-deux-pistes-enfin-conclues-en-defense-centrale\/#primaryimage\"},\"thumbnailUrl\":\"https:\/\/dicodusport.fr\/blog\/wp-content\/uploads\/2022\/07\/Mercato-Stade-Rennais-Apres-Mandanda-deux-pistes-enfin-conclues-en-defense-centrale-.png\",\"keywords\":[\"Bruno Genesio\",\"Football\",\"Mercato Rennes\",\"Stade rennais\",\"Steve Mandanda\"],\"articleSection\":[\"Football\",\"Ligue 1\"],\"inLanguage\":\"fr-FR\",\"potentialAction\":[{\"@type\":\"CommentAction\",\"name\":\"Comment\",\"target\":[\"https:\/\/dicodusport.fr\/blog\/mercato-stade-rennais-apres-mandanda-deux-pistes-enfin-conclues-en-defense-centrale\/#respond\"]}],\"copyrightYear\":\"2022\",\"copyrightHolder\":{\"@id\":\"https:\/\/dicodusport.fr\/blog\/#organization\"}},{\"@type\":\"WebPage\",\"@id\":\"https:\/\/dicodusport.fr\/blog\/mercato-stade-rennais-apres-mandanda-deux-pistes-enfin-conclues-en-defense-centrale\/\",\"url\":\"https:\/\/dicodusport.fr\/blog\/mercato-stade-rennais-apres-mandanda-deux-pistes-enfin-conclues-en-defense-centrale\/\",\"name\":\"Mercato Stade Rennais : Apr\u00e8s Mandanda, deux pistes enfin conclues en d\u00e9fense centrale ?\",\"isPartOf\":{\"@id\":\"https:\/\/dicodusport.fr\/blog\/#website\"},\"primaryImageOfPage\":{\"@id\":\"https:\/\/dicodusport.fr\/blog\/mercato-stade-rennais-apres-mandanda-deux-pistes-enfin-conclues-en-defense-centrale\/#primaryimage\"},\"image\":{\"@id\":\"https:\/\/dicodusport.fr\/blog\/mercato-stade-rennais-apres-mandanda-deux-pistes-enfin-conclues-en-defense-centrale\/#primaryimage\"},\"thumbnailUrl\":\"https:\/\/dicodusport.fr\/blog\/wp-content\/uploads\/2022\/07\/Mercato-Stade-Rennais-Apres-Mandanda-deux-pistes-enfin-conclues-en-defense-centrale-.png\",\"datePublished\":\"2022-07-12T11:02:57+00:00\",\"dateModified\":\"2022-07-12T13:01:40+00:00\",\"description\":\"LIGUE 1 2022-2023 \u2013 Le mercato du Stade Rennais semble enfin progresser, avec du renfort bient\u00f4t attendu en d\u00e9fense centrale.\",\"breadcrumb\":{\"@id\":\"https:\/\/dicodusport.fr\/blog\/mercato-stade-rennais-apres-mandanda-deux-pistes-enfin-conclues-en-defense-centrale\/#breadcrumb\"},\"inLanguage\":\"fr-FR\",\"potentialAction\":[{\"@type\":\"ReadAction\",\"target\":[\"https:\/\/dicodusport.fr\/blog\/mercato-stade-rennais-apres-mandanda-deux-pistes-enfin-conclues-en-defense-centrale\/\"]}]},{\"@type\":\"ImageObject\",\"inLanguage\":\"fr-FR\",\"@id\":\"https:\/\/dicodusport.fr\/blog\/mercato-stade-rennais-apres-mandanda-deux-pistes-enfin-conclues-en-defense-centrale\/#primaryimage\",\"url\":\"https:\/\/dicodusport.fr\/blog\/wp-content\/uploads\/2022\/07\/Mercato-Stade-Rennais-Apres-Mandanda-deux-pistes-enfin-conclues-en-defense-centrale-.png\",\"contentUrl\":\"https:\/\/dicodusport.fr\/blog\/wp-content\/uploads\/2022\/07\/Mercato-Stade-Rennais-Apres-Mandanda-deux-pistes-enfin-conclues-en-defense-centrale-.png\",\"width\":800,\"height\":445,\"caption\":\"Mercato Stade Rennais Apr\u00e8s Mandanda, deux pistes enfin conclues en d\u00e9fense centrale\"},{\"@type\":\"BreadcrumbList\",\"@id\":\"https:\/\/dicodusport.fr\/blog\/mercato-stade-rennais-apres-mandanda-deux-pistes-enfin-conclues-en-defense-centrale\/#breadcrumb\",\"itemListElement\":[{\"@type\":\"ListItem\",\"position\":1,\"name\":\"Accueil\",\"item\":\"https:\/\/dicodusport.fr\/blog\/\"},{\"@type\":\"ListItem\",\"position\":2,\"name\":\"Mercato Stade Rennais : Apr\u00e8s Mandanda, deux pistes enfin conclues en d\u00e9fense centrale ?\"}]},{\"@type\":\"WebSite\",\"@id\":\"https:\/\/dicodusport.fr\/blog\/#website\",\"url\":\"https:\/\/dicodusport.fr\/blog\/\",\"name\":\"Dicodusport\",\"description\":\"L&#039;encyclop\u00e9die de l&#039;actualit\u00e9 sportive\",\"publisher\":{\"@id\":\"https:\/\/dicodusport.fr\/blog\/#organization\"},\"potentialAction\":[{\"@type\":\"SearchAction\",\"target\":{\"@type\":\"EntryPoint\",\"urlTemplate\":\"https:\/\/dicodusport.fr\/blog\/?s={search_term_string}\"},\"query-input\":{\"@type\":\"PropertyValueSpecification\",\"valueRequired\":true,\"valueName\":\"search_term_string\"}}],\"inLanguage\":\"fr-FR\"},{\"@type\":\"NewsMediaOrganization\",\"@id\":\"https:\/\/dicodusport.fr\/blog\/#organization\",\"name\":\"Dicodusport\",\"url\":\"https:\/\/dicodusport.fr\/blog\/\",\"logo\":{\"@type\":\"ImageObject\",\"inLanguage\":\"fr-FR\",\"@id\":\"https:\/\/dicodusport.fr\/blog\/#\/schema\/logo\/image\/\",\"url\":\"https:\/\/dicodusport.fr\/blog\/wp-content\/uploads\/2020\/06\/cropped-LOGO-DICODUSPORT-2020-SANS-FOND-SANS-TEXTE.png\",\"contentUrl\":\"https:\/\/dicodusport.fr\/blog\/wp-content\/uploads\/2020\/06\/cropped-LOGO-DICODUSPORT-2020-SANS-FOND-SANS-TEXTE.png\",\"width\":512,\"height\":512,\"caption\":\"Dicodusport\"},\"image\":{\"@id\":\"https:\/\/dicodusport.fr\/blog\/#\/schema\/logo\/image\/\"},\"sameAs\":[\"https:\/\/www.facebook.com\/dicodusport\",\"https:\/\/x.com\/dicodusport\",\"https:\/\/www.instagram.com\/dicodusport\/\",\"https:\/\/www.youtube.com\/channel\/UC7V2KZ5sd3htJivAbA4ZG3w\"],\"description\":\"Dicodusport est l'encyclop\u00e9die de l'actualit\u00e9 sportive.\",\"email\":\"bonjour@dicodusport.fr\",\"legalName\":\"DICODUSPORT\",\"foundingDate\":\"2018-01-14\",\"vatID\":\"FR71834470973\",\"taxID\":\"83447097300043\",\"numberOfEmployees\":{\"@type\":\"QuantitativeValue\",\"minValue\":\"1\",\"maxValue\":\"10\"}},{\"@type\":\"Person\",\"@id\":\"https:\/\/dicodusport.fr\/blog\/#\/schema\/person\/9731cdc747db1ceb457a2bfa9180a806\",\"name\":\"Mathieu Veillon\",\"image\":{\"@type\":\"ImageObject\",\"inLanguage\":\"fr-FR\",\"@id\":\"https:\/\/dicodusport.fr\/blog\/#\/schema\/person\/image\/\",\"url\":\"https:\/\/dicodusport.fr\/blog\/wp-content\/uploads\/2021\/05\/Mathieu-Veillon-150x150.jpg\",\"contentUrl\":\"https:\/\/dicodusport.fr\/blog\/wp-content\/uploads\/2021\/05\/Mathieu-Veillon-150x150.jpg\",\"caption\":\"Mathieu Veillon\"},\"description\":\"Journaliste\/r\u00e9dacteur depuis septembre 2015 - Ma d\u00e9finition du bonheur ? Une galette-saucisse au Roazhon Park ou un caf\u00e9 devant un Lakers\/Celtics au petit matin. Fid\u00e8le membre de la team insomniaque de la r\u00e9dac, j\u2019ai le pouvoir de rester \u00e9veill\u00e9 jusqu\u2019\u00e0 l\u2019aube pour faire vivre aux lecteurs ma passion du sport. Ainsi, j\u2019\u00e9cris principalement sur la NBA, le biathlon, le cyclisme ou encore la F1. Comptez dans mes exploits sportifs le fait d\u2019avoir fait gagner le Tour de France 2018 \u00e0 Tony Gallopin sur Pro Cycling Manager, ou encore d\u2019avoir men\u00e9 l\u2019\u00e9quipe nationale de Bretagne en finale de Coupe du monde sur Football Manager.\",\"sameAs\":[\"https:\/\/x.com\/https:\/\/twitter.com\/MathieuVeillon\"],\"url\":\"https:\/\/dicodusport.fr\/blog\/author\/mathieu\/\"}]}<\/script>\n<!-- \/ Yoast SEO Premium plugin. -->","yoast_head_json":{"title":"Mercato Stade Rennais : Apr\u00e8s Mandanda, deux pistes enfin conclues en d\u00e9fense centrale ?","description":"LIGUE 1 2022-2023 \u2013 Le mercato du Stade Rennais semble enfin progresser, avec du renfort bient\u00f4t attendu en d\u00e9fense centrale.","robots":{"index":"index","follow":"follow","max-snippet":"max-snippet:-1","max-image-preview":"max-image-preview:large","max-video-preview":"max-video-preview:-1"},"canonical":"https:\/\/dicodusport.fr\/blog\/mercato-stade-rennais-apres-mandanda-deux-pistes-enfin-conclues-en-defense-centrale\/","og_locale":"fr_FR","og_type":"article","og_title":"Mercato Stade Rennais : Apr\u00e8s Mandanda, deux pistes enfin conclues en d\u00e9fense centrale ?","og_description":"LIGUE 1 2022-2023 \u2013 Le mercato du Stade Rennais semble enfin progresser, avec du renfort bient\u00f4t attendu en d\u00e9fense centrale.","og_url":"https:\/\/dicodusport.fr\/blog\/mercato-stade-rennais-apres-mandanda-deux-pistes-enfin-conclues-en-defense-centrale\/","og_site_name":"Dicodusport","article_publisher":"https:\/\/www.facebook.com\/dicodusport","article_published_time":"2022-07-12T11:02:57+00:00","article_modified_time":"2022-07-12T13:01:40+00:00","og_image":[{"width":800,"height":445,"url":"https:\/\/dicodusport.fr\/blog\/wp-content\/uploads\/2022\/07\/Mercato-Stade-Rennais-Apres-Mandanda-deux-pistes-enfin-conclues-en-defense-centrale-.png","type":"image\/png"}],"author":"Mathieu Veillon","twitter_card":"summary_large_image","twitter_title":"Mercato Stade Rennais : Apr\u00e8s Mandanda, deux pistes enfin conclues en d\u00e9fense centrale ?","twitter_creator":"@https:\/\/twitter.com\/MathieuVeillon","twitter_site":"@dicodusport","schema":{"@context":"https:\/\/schema.org","@graph":[{"@type":"NewsArticle","@id":"https:\/\/dicodusport.fr\/blog\/mercato-stade-rennais-apres-mandanda-deux-pistes-enfin-conclues-en-defense-centrale\/#article","isPartOf":{"@id":"https:\/\/dicodusport.fr\/blog\/mercato-stade-rennais-apres-mandanda-deux-pistes-enfin-conclues-en-defense-centrale\/"},"author":{"name":"Mathieu Veillon","@id":"https:\/\/dicodusport.fr\/blog\/#\/schema\/person\/9731cdc747db1ceb457a2bfa9180a806"},"headline":"Mercato Stade Rennais : Apr\u00e8s Mandanda, deux pistes enfin conclues en d\u00e9fense centrale ?","datePublished":"2022-07-12T11:02:57+00:00","dateModified":"2022-07-12T13:01:40+00:00","mainEntityOfPage":{"@id":"https:\/\/dicodusport.fr\/blog\/mercato-stade-rennais-apres-mandanda-deux-pistes-enfin-conclues-en-defense-centrale\/"},"wordCount":1058,"commentCount":0,"publisher":{"@id":"https:\/\/dicodusport.fr\/blog\/#organization"},"image":{"@id":"https:\/\/dicodusport.fr\/blog\/mercato-stade-rennais-apres-mandanda-deux-pistes-enfin-conclues-en-defense-centrale\/#primaryimage"},"thumbnailUrl":"https:\/\/dicodusport.fr\/blog\/wp-content\/uploads\/2022\/07\/Mercato-Stade-Rennais-Apres-Mandanda-deux-pistes-enfin-conclues-en-defense-centrale-.png","keywords":["Bruno Genesio","Football","Mercato Rennes","Stade rennais","Steve Mandanda"],"articleSection":["Football","Ligue 1"],"inLanguage":"fr-FR","potentialAction":[{"@type":"CommentAction","name":"Comment","target":["https:\/\/dicodusport.fr\/blog\/mercato-stade-rennais-apres-mandanda-deux-pistes-enfin-conclues-en-defense-centrale\/#respond"]}],"copyrightYear":"2022","copyrightHolder":{"@id":"https:\/\/dicodusport.fr\/blog\/#organization"}},{"@type":"WebPage","@id":"https:\/\/dicodusport.fr\/blog\/mercato-stade-rennais-apres-mandanda-deux-pistes-enfin-conclues-en-defense-centrale\/","url":"https:\/\/dicodusport.fr\/blog\/mercato-stade-rennais-apres-mandanda-deux-pistes-enfin-conclues-en-defense-centrale\/","name":"Mercato Stade Rennais : Apr\u00e8s Mandanda, deux pistes enfin conclues en d\u00e9fense centrale ?","isPartOf":{"@id":"https:\/\/dicodusport.fr\/blog\/#website"},"primaryImageOfPage":{"@id":"https:\/\/dicodusport.fr\/blog\/mercato-stade-rennais-apres-mandanda-deux-pistes-enfin-conclues-en-defense-centrale\/#primaryimage"},"image":{"@id":"https:\/\/dicodusport.fr\/blog\/mercato-stade-rennais-apres-mandanda-deux-pistes-enfin-conclues-en-defense-centrale\/#primaryimage"},"thumbnailUrl":"https:\/\/dicodusport.fr\/blog\/wp-content\/uploads\/2022\/07\/Mercato-Stade-Rennais-Apres-Mandanda-deux-pistes-enfin-conclues-en-defense-centrale-.png","datePublished":"2022-07-12T11:02:57+00:00","dateModified":"2022-07-12T13:01:40+00:00","description":"LIGUE 1 2022-2023 \u2013 Le mercato du Stade Rennais semble enfin progresser, avec du renfort bient\u00f4t attendu en d\u00e9fense centrale.","breadcrumb":{"@id":"https:\/\/dicodusport.fr\/blog\/mercato-stade-rennais-apres-mandanda-deux-pistes-enfin-conclues-en-defense-centrale\/#breadcrumb"},"inLanguage":"fr-FR","potentialAction":[{"@type":"ReadAction","target":["https:\/\/dicodusport.fr\/blog\/mercato-stade-rennais-apres-mandanda-deux-pistes-enfin-conclues-en-defense-centrale\/"]}]},{"@type":"ImageObject","inLanguage":"fr-FR","@id":"https:\/\/dicodusport.fr\/blog\/mercato-stade-rennais-apres-mandanda-deux-pistes-enfin-conclues-en-defense-centrale\/#primaryimage","url":"https:\/\/dicodusport.fr\/blog\/wp-content\/uploads\/2022\/07\/Mercato-Stade-Rennais-Apres-Mandanda-deux-pistes-enfin-conclues-en-defense-centrale-.png","contentUrl":"https:\/\/dicodusport.fr\/blog\/wp-content\/uploads\/2022\/07\/Mercato-Stade-Rennais-Apres-Mandanda-deux-pistes-enfin-conclues-en-defense-centrale-.png","width":800,"height":445,"caption":"Mercato Stade Rennais Apr\u00e8s Mandanda, deux pistes enfin conclues en d\u00e9fense centrale"},{"@type":"BreadcrumbList","@id":"https:\/\/dicodusport.fr\/blog\/mercato-stade-rennais-apres-mandanda-deux-pistes-enfin-conclues-en-defense-centrale\/#breadcrumb","itemListElement":[{"@type":"ListItem","position":1,"name":"Accueil","item":"https:\/\/dicodusport.fr\/blog\/"},{"@type":"ListItem","position":2,"name":"Mercato Stade Rennais : Apr\u00e8s Mandanda, deux pistes enfin conclues en d\u00e9fense centrale ?"}]},{"@type":"WebSite","@id":"https:\/\/dicodusport.fr\/blog\/#website","url":"https:\/\/dicodusport.fr\/blog\/","name":"Dicodusport","description":"L&#039;encyclop\u00e9die de l&#039;actualit\u00e9 sportive","publisher":{"@id":"https:\/\/dicodusport.fr\/blog\/#organization"},"potentialAction":[{"@type":"SearchAction","target":{"@type":"EntryPoint","urlTemplate":"https:\/\/dicodusport.fr\/blog\/?s={search_term_string}"},"query-input":{"@type":"PropertyValueSpecification","valueRequired":true,"valueName":"search_term_string"}}],"inLanguage":"fr-FR"},{"@type":"NewsMediaOrganization","@id":"https:\/\/dicodusport.fr\/blog\/#organization","name":"Dicodusport","url":"https:\/\/dicodusport.fr\/blog\/","logo":{"@type":"ImageObject","inLanguage":"fr-FR","@id":"https:\/\/dicodusport.fr\/blog\/#\/schema\/logo\/image\/","url":"https:\/\/dicodusport.fr\/blog\/wp-content\/uploads\/2020\/06\/cropped-LOGO-DICODUSPORT-2020-SANS-FOND-SANS-TEXTE.png","contentUrl":"https:\/\/dicodusport.fr\/blog\/wp-content\/uploads\/2020\/06\/cropped-LOGO-DICODUSPORT-2020-SANS-FOND-SANS-TEXTE.png","width":512,"height":512,"caption":"Dicodusport"},"image":{"@id":"https:\/\/dicodusport.fr\/blog\/#\/schema\/logo\/image\/"},"sameAs":["https:\/\/www.facebook.com\/dicodusport","https:\/\/x.com\/dicodusport","https:\/\/www.instagram.com\/dicodusport\/","https:\/\/www.youtube.com\/channel\/UC7V2KZ5sd3htJivAbA4ZG3w"],"description":"Dicodusport est l'encyclop\u00e9die de l'actualit\u00e9 sportive.","email":"bonjour@dicodusport.fr","legalName":"DICODUSPORT","foundingDate":"2018-01-14","vatID":"FR71834470973","taxID":"83447097300043","numberOfEmployees":{"@type":"QuantitativeValue","minValue":"1","maxValue":"10"}},{"@type":"Person","@id":"https:\/\/dicodusport.fr\/blog\/#\/schema\/person\/9731cdc747db1ceb457a2bfa9180a806","name":"Mathieu Veillon","image":{"@type":"ImageObject","inLanguage":"fr-FR","@id":"https:\/\/dicodusport.fr\/blog\/#\/schema\/person\/image\/","url":"https:\/\/dicodusport.fr\/blog\/wp-content\/uploads\/2021\/05\/Mathieu-Veillon-150x150.jpg","contentUrl":"https:\/\/dicodusport.fr\/blog\/wp-content\/uploads\/2021\/05\/Mathieu-Veillon-150x150.jpg","caption":"Mathieu Veillon"},"description":"Journaliste\/r\u00e9dacteur depuis septembre 2015 - Ma d\u00e9finition du bonheur ? Une galette-saucisse au Roazhon Park ou un caf\u00e9 devant un Lakers\/Celtics au petit matin. Fid\u00e8le membre de la team insomniaque de la r\u00e9dac, j\u2019ai le pouvoir de rester \u00e9veill\u00e9 jusqu\u2019\u00e0 l\u2019aube pour faire vivre aux lecteurs ma passion du sport. Ainsi, j\u2019\u00e9cris principalement sur la NBA, le biathlon, le cyclisme ou encore la F1. Comptez dans mes exploits sportifs le fait d\u2019avoir fait gagner le Tour de France 2018 \u00e0 Tony Gallopin sur Pro Cycling Manager, ou encore d\u2019avoir men\u00e9 l\u2019\u00e9quipe nationale de Bretagne en finale de Coupe du monde sur Football Manager.","sameAs":["https:\/\/x.com\/https:\/\/twitter.com\/MathieuVeillon"],"url":"https:\/\/dicodusport.fr\/blog\/author\/mathieu\/"}]}},"_links":{"self":[{"href":"https:\/\/dicodusport.fr\/blog\/wp-json\/wp\/v2\/posts\/242504","targetHints":{"allow":["GET"]}}],"collection":[{"href":"https:\/\/dicodusport.fr\/blog\/wp-json\/wp\/v2\/posts"}],"about":[{"href":"https:\/\/dicodusport.fr\/blog\/wp-json\/wp\/v2\/types\/post"}],"author":[{"embeddable":true,"href":"https:\/\/dicodusport.fr\/blog\/wp-json\/wp\/v2\/users\/21"}],"replies":[{"embeddable":true,"href":"https:\/\/dicodusport.fr\/blog\/wp-json\/wp\/v2\/comments?post=242504"}],"version-history":[{"count":0,"href":"https:\/\/dicodusport.fr\/blog\/wp-json\/wp\/v2\/posts\/242504\/revisions"}],"wp:featuredmedia":[{"embeddable":true,"href":"https:\/\/dicodusport.fr\/blog\/wp-json\/wp\/v2\/media\/242550"}],"wp:attachment":[{"href":"https:\/\/dicodusport.fr\/blog\/wp-json\/wp\/v2\/media?parent=242504"}],"wp:term":[{"taxonomy":"category","embeddable":true,"href":"https:\/\/dicodusport.fr\/blog\/wp-json\/wp\/v2\/categories?post=242504"},{"taxonomy":"post_tag","embeddable":true,"href":"https:\/\/dicodusport.fr\/blog\/wp-json\/wp\/v2\/tags?post=242504"}],"curies":[{"name":"wp","href":"https:\/\/api.w.org\/{rel}","templated":true}]}}