{"id":243353,"date":"2022-07-15T14:54:26","date_gmt":"2022-07-15T12:54:26","guid":{"rendered":"https:\/\/dicodusport.fr\/blog\/?p=243353&#038;preview=true&#038;preview_id=243353"},"modified":"2022-07-15T21:39:06","modified_gmt":"2022-07-15T19:39:06","slug":"euro-feminin-2022-clara-mateo-a-la-fete","status":"publish","type":"post","link":"https:\/\/dicodusport.fr\/blog\/euro-feminin-2022-clara-mateo-a-la-fete\/","title":{"rendered":"Euro F\u00e9minin 2022 : Clara Mateo \u00e0 la f\u00eate"},"content":{"rendered":"<p style=\"text-align: justify;\"><b><i><strong><em><a href=\"https:\/\/dicodusport.fr\/blog\/calendrier-et-resultats-euro-feminin-football-2022\/\">EURO F\u00c9MININ DE FOOTBALL 2022<\/a> &#8211;<\/em><\/strong> Apr\u00e8s une victoire contre la Belgique 2-1, les Bleues terminent premi\u00e8res de leur groupe et sont qualifi\u00e9es pour les quarts de finale de l&rsquo;Euro. Mais si la mauvaise nouvelle de la soir\u00e9e \u00e9tait la blessure de Marie-Antoinette Katoto, sur le terrain, la bonne nouvelle \u00e9tait du c\u00f4t\u00e9 de Clara Mateo. Titulaire \u00e0 la place de Sandie Toletti, la Parisienne a impressionn\u00e9.\u00a0<\/i><\/b><\/p>\n<p style=\"text-align: justify;\">Deux matchs, deux victoires, 7 buts marqu\u00e9s, seulement 2 encaiss\u00e9s, une qualification pour les quarts de finale. <a href=\"https:\/\/dicodusport.fr\/blog\/euro-2022-feminin-les-bleues-qualifiees-pour-les-quarts-de-finale\/\">L&rsquo;Euro d\u00e9bute plut\u00f4t bien pour l&rsquo;\u00e9quipe de France f\u00e9minine<\/a>. Un bon bilan compl\u00e9t\u00e9 par des bonnes performances sur le terrain, et des s\u00e9quences collectives parfaites concluent par des buts ou des occasions dangereuses. Mais comme si un malheur frappait les meilleures joueuses europ\u00e9ennes, il fallait que la France soit elle aussi touch\u00e9e par un fait majeur. Apr\u00e8s la grave blessure d&rsquo;<strong>Alexia Putellas<\/strong> pour l&rsquo;Espagne, la contraction du Covid-19 pour <strong>Viviane Miedema <\/strong>(Pays-Bas)\u00a0et<strong> Lea Sch\u00fcller <\/strong>(Allemagne), et l&rsquo;\u00e9pid\u00e9mie de gastro pour huit joueuses de la s\u00e9lections suisse, la France a elle aussi \u00e9t\u00e9 touch\u00e9e par cette mal\u00e9diction.<\/p>\n<h2 style=\"text-align: justify;\"><strong>Katoto out<\/strong><\/h2>\n<p style=\"text-align: justify;\">En effet, apr\u00e8s seulement 13 minutes de jeu, l&rsquo;attaquante du PSG, <strong>Marie-Antoinette Katoto<\/strong> s&rsquo;est bless\u00e9e toute seule au genou droit. Sortie du stade en b\u00e9quilles, c&rsquo;est d\u00e9sormais une course contre-la-montre pour la buteuse, afin d&rsquo;\u00eatre pr\u00eate pour le quart de finale.<\/p>\n<p style=\"text-align: justify;\">Une blessure qui aura chang\u00e9 le d\u00e9roulement de la rencontre. Alors que les Bleues menaient d\u00e9j\u00e0 1-0 au bout de 6 minutes de jeu, la majorit\u00e9 de l&rsquo;\u00e9quipe s&rsquo;est arr\u00eat\u00e9e de jouer, jusqu&rsquo;\u00e0 conc\u00e9der l&rsquo;\u00e9galisation des Belges. Un malheur qui n&rsquo;a pas affect\u00e9<strong> Clara Mateo<\/strong>, titulaire lors des derniers rassemblements des Bleues avant l&rsquo;Euro. Elle avait \u00e9t\u00e9 finalement mise sur le banc par <strong>Corinne Diacre<\/strong> au profit de <strong>Sandie Toletti<\/strong> lors du premier match face \u00e0 l&rsquo;Italie. Finalement, la s\u00e9lectionneuse a d\u00e9cid\u00e9 de lui laisser sa chance face \u00e0 la Belgique lors de ce deuxi\u00e8me match de poule. Une occasion qu&rsquo;elle a parfaitement saisie avec une prestation de haute vol\u00e9e, dans un r\u00f4le qu&rsquo;elle ma\u00eetrise parfaitement.<\/p>\n<div id=\"attachment_243423\" style=\"width: 750px\" class=\"wp-caption aligncenter\"><img loading=\"lazy\" decoding=\"async\" aria-describedby=\"caption-attachment-243423\" class=\"wp-image-243423 size-large\" src=\"https:\/\/dicodusport.fr\/blog\/wp-content\/uploads\/2022\/07\/Clara-Mateo-au-four-et-au-moulin-face-a-la-Belgique-1024x683.jpg\" alt=\"Clara Mateo, au four et au moulin face \u00e0 la Belgique\" width=\"740\" height=\"494\" srcset=\"https:\/\/dicodusport.fr\/blog\/wp-content\/uploads\/2022\/07\/Clara-Mateo-au-four-et-au-moulin-face-a-la-Belgique-1024x683.jpg 1024w, https:\/\/dicodusport.fr\/blog\/wp-content\/uploads\/2022\/07\/Clara-Mateo-au-four-et-au-moulin-face-a-la-Belgique-300x200.jpg 300w, https:\/\/dicodusport.fr\/blog\/wp-content\/uploads\/2022\/07\/Clara-Mateo-au-four-et-au-moulin-face-a-la-Belgique-768x512.jpg 768w, https:\/\/dicodusport.fr\/blog\/wp-content\/uploads\/2022\/07\/Clara-Mateo-au-four-et-au-moulin-face-a-la-Belgique-1536x1024.jpg 1536w, https:\/\/dicodusport.fr\/blog\/wp-content\/uploads\/2022\/07\/Clara-Mateo-au-four-et-au-moulin-face-a-la-Belgique-2048x1365.jpg 2048w\" sizes=\"auto, (max-width: 740px) 100vw, 740px\" \/><p id=\"caption-attachment-243423\" class=\"wp-caption-text\">Clara Mateo, au four et au moulin face \u00e0 la Belgique &#8211; Icon Sport<\/p><\/div>\n<h2 style=\"text-align: justify;\">Au service du collectif<\/h2>\n<p style=\"text-align: justify;\">Num\u00e9ro 10 dans le dos, la joueuse du PFC a r\u00e9cit\u00e9 une partition simple, mais toujours avec efficacit\u00e9. 60 ballons touch\u00e9s, 9 occasions cr\u00e9\u00e9es, 8 duels gagn\u00e9s, 4 ballons r\u00e9cup\u00e9r\u00e9s, et 1 passe d\u00e9cisive. Voil\u00e0 le bilan statistique de la Nantaise d&rsquo;origine. Des statistiques qui se sont traduites sur le terrain par une omnipr\u00e9sence dans l&rsquo;entrejeu. Aux c\u00f4t\u00e9s de <strong>Bilbaut<\/strong> la ratisseuse et <strong>Geyoro<\/strong> la r\u00e9cup\u00e9ratrice, <strong>Clara Mateo<\/strong> \u00e9tait clairement la cr\u00e9atrice de ce collectif. Pr\u00e9cieuse sur les coups de pied arr\u00eat\u00e9s, elle aura parfaitement servi \u00e0 de nombreuses reprises ses co\u00e9quipi\u00e8res comme <strong>Wendie Renard<\/strong> sur corner (18e, 28e, 52e), mais cette derni\u00e8re n&rsquo;\u00e9tait pas dans un bon soir pour convertir les occasions cr\u00e9\u00e9es par sa milieu de terrain.<\/p>\n<blockquote class=\"twitter-tweet\">\n<p dir=\"ltr\" lang=\"en\">Clara Mateo&rsquo;s game by numbers for <a href=\"https:\/\/twitter.com\/hashtag\/FRA?src=hash&amp;ref_src=twsrc%5Etfw\">#FRA<\/a> vs. Belgium:<\/p>\n<p>60 touches<br \/>\n9 chances created<br \/>\n8 duels won<br \/>\n6 tackles<br \/>\n5 accurate crosses<br \/>\n4 ball recoveries<br \/>\n2 take-ons<br \/>\n1 assist<\/p>\n<p>What a performance. &#x1f44f;<a href=\"https:\/\/twitter.com\/hashtag\/WEURO2022?src=hash&amp;ref_src=twsrc%5Etfw\">#WEURO2022<\/a> <a href=\"https:\/\/t.co\/NY4jo0dCAc\">pic.twitter.com\/NY4jo0dCAc<\/a><\/p>\n<p>\u2014 Squawka (@Squawka) <a href=\"https:\/\/twitter.com\/Squawka\/status\/1547680763427991554?ref_src=twsrc%5Etfw\">July 14, 2022<\/a><\/p><\/blockquote>\n<p><script async src=\"https:\/\/platform.twitter.com\/widgets.js\" charset=\"utf-8\"><\/script><\/p>\n<p style=\"text-align: justify;\">Plac\u00e9e sur le c\u00f4t\u00e9\u00a0 gauche du milieu de terrain o\u00f9 elle avait un v\u00e9ritable r\u00f4le d&rsquo;\u00e9lectron libre, la meilleure buteuse du PFC s&rsquo;adapte \u00e0 un r\u00f4le diff\u00e9rent chez les Bleues. Accompagn\u00e9e de <strong>Sakina Karchaoui<\/strong> et <strong>Delphine Cascarino<\/strong>, elles aussi sur le flanc gauche, elles auront su combiner de nombreuses fois pour d\u00e9stabiliser la d\u00e9fense belge. C&rsquo;est d&rsquo;ailleurs sur le c\u00f4t\u00e9 gauche qu&rsquo;est venu le premier but de la rencontre, marqu\u00e9 par Kadidiatou Diani de la t\u00eate (6eme). Elle s&rsquo;est \u00e9galement montr\u00e9e pr\u00e9cieuse en d\u00e9fense comme lors de la perte de balle de <strong>Wendie Renard<\/strong> (9eme), mais aussi importante sur le pressing effectu\u00e9 par son \u00e9quipe.<\/p>\n<h2 style=\"text-align: justify;\">Une place de titulaire acquise ?<\/h2>\n<p style=\"text-align: justify;\">L\u00e0 o\u00f9 elle a le plus impressionn\u00e9, c&rsquo;est dans sa capacit\u00e9 de r\u00e9cup\u00e9ration et de cr\u00e9ation pour ses partenaires. Celle qui a 4 poumons, n&rsquo;h\u00e9site pas \u00e0 courir partout sur le terrain pour proposer une solution. Capable de se placer entre les lignes, elle utilise sa science de la passe pour servir ses co\u00e9quipi\u00e8res. Cette ing\u00e9nieure dans les performances sportives a d\u00e9montr\u00e9 qu&rsquo;elle pouvait d\u00e9bloquer une situation mal partie pour la France. Alors qu&rsquo;elles venaient de subir l&rsquo;\u00e9galisation de la Belgique, la num\u00e9ro 10 a profit\u00e9 d&rsquo;un corner repouss\u00e9 sur elle par<strong> Ouleymata Sarr<\/strong>, sa co\u00e9quipi\u00e8re en club, pour faire un v\u00e9ritable festival. Feinte de corps \u00e0 gauche puis \u00e0 droite, un crochet pied gauche, puis un centre puissant vers <strong>Griedge Mbock<\/strong>, seule au milieu de 4 joueuse belges qui conclut parfaitement d&rsquo;une t\u00eate rageuse. (2-1, 41e)<\/p>\n<blockquote class=\"twitter-tweet\">\n<p dir=\"ltr\" lang=\"fr\">Clara Mat\u00e9o ne veut pas br\u00fbler les \u00e9tapes &#x1f525;<\/p>\n<p>Rendez-vous dimanche pour l&rsquo;entr\u00e9e en lice de nos Bleues dans cet <a href=\"https:\/\/twitter.com\/hashtag\/WEuro2022?src=hash&amp;ref_src=twsrc%5Etfw\">#WEuro2022<\/a> ! &#x1f1eb;&#x1f1f7; <a href=\"https:\/\/t.co\/KIx9I8tSFD\">pic.twitter.com\/KIx9I8tSFD<\/a><\/p>\n<p>\u2014 Canal Football Club (@CanalFootClub) <a href=\"https:\/\/twitter.com\/CanalFootClub\/status\/1544781193836642305?ref_src=twsrc%5Etfw\">July 6, 2022<\/a><\/p><\/blockquote>\n<p><script async src=\"https:\/\/platform.twitter.com\/widgets.js\" charset=\"utf-8\"><\/script><\/p>\n<p style=\"text-align: justify;\">Polyvalente, pouvant jouer au milieu et en attaque, d\u00e9cisive \u00e0 la passe, il manque d\u00e9sormais \u00e0 la Nantaise de convertir ses occasions de but avec les Bleues pour devenir la pi\u00e8ce ma\u00eetresse de l&rsquo;entrejeu de l&rsquo;effectif. Si elle est encore un peu fr\u00eale physiquement et peut-\u00eatre trop tendre aux duels, <strong><a href=\"https:\/\/dicodusport.fr\/blog\/euro-feminin-2022-la-grande-preview-les-bleues-les-favorites-et-les-joueuses-a-suivre\/\">la joueuse de 24 ans pourrait \u00eatre la bonne surprise<\/a> de Corinne Diacre lors de cet Euro.<\/strong> Si elle \u00e9tait annonc\u00e9e comme titulaire lors du match d&rsquo;ouverture face \u00e0 l&rsquo;Italie, elle a parfaitement su saisir sa chance face \u00e0 la Belgique. Une prestation convaincante qui pourrait permettre \u00e0 la s\u00e9lectionneuse de la titulariser lors de la suite de la comp\u00e9tition, dont le match tr\u00e8s attendu face aux Pays-Bas ou la Su\u00e8de en quarts de finale.<\/p>\n","protected":false},"excerpt":{"rendered":"<p>EURO F\u00c9MININ DE FOOTBALL 2022 &#8211; Apr\u00e8s une victoire contre la Belgique 2-1, les Bleues terminent premi\u00e8res de leur groupe et sont qualifi\u00e9es pour les quarts de finale de l&rsquo;Euro. Mais si la mauvaise nouvelle de la soir\u00e9e \u00e9tait la blessure de Marie-Antoinette Katoto, sur le terrain, la bonne nouvelle \u00e9tait du c\u00f4t\u00e9 de Clara Mateo. Titulaire \u00e0 la place de Sandie Toletti, la Parisienne a impressionn\u00e9.\u00a0<\/p>\n","protected":false},"author":73,"featured_media":243421,"comment_status":"open","ping_status":"closed","sticky":false,"template":"","format":"standard","meta":{"_acf_changed":false,"_daextam_enable_autolinks":"","footnotes":""},"categories":[47044],"tags":[25084,3364,24],"class_list":["post-243353","post","type-post","status-publish","format-standard","has-post-thumbnail","hentry","category-euro-de-football","tag-clara-mateo","tag-paris-fc","tag-sport"],"acf":[],"yoast_head":"<!-- This site is optimized with the Yoast SEO Premium plugin v26.7 (Yoast SEO v26.7) - https:\/\/yoast.com\/wordpress\/plugins\/seo\/ -->\n<title>Euro F\u00e9minin 2022 : Clara Mateo \u00e0 la f\u00eate<\/title>\n<meta name=\"description\" content=\"EURO F\u00c9MININ DE FOOTBALL 2022 - Sur le terrain, la bonne nouvelle est venue du c\u00f4t\u00e9 de Clara Mateo, titulaire \u00e0 la place de Sandie Toletti.\" \/>\n<meta name=\"robots\" content=\"index, follow, max-snippet:-1, max-image-preview:large, max-video-preview:-1\" \/>\n<link rel=\"canonical\" href=\"https:\/\/dicodusport.fr\/blog\/euro-feminin-2022-clara-mateo-a-la-fete\/\" \/>\n<meta property=\"og:locale\" content=\"fr_FR\" \/>\n<meta property=\"og:type\" content=\"article\" \/>\n<meta property=\"og:title\" content=\"Euro F\u00e9minin 2022 : Clara Mateo \u00e0 la f\u00eate\" \/>\n<meta property=\"og:description\" content=\"EURO F\u00c9MININ DE FOOTBALL 2022 - Sur le terrain, la bonne nouvelle est venue du c\u00f4t\u00e9 de Clara Mateo, titulaire \u00e0 la place de Sandie Toletti.\" \/>\n<meta property=\"og:url\" content=\"https:\/\/dicodusport.fr\/blog\/euro-feminin-2022-clara-mateo-a-la-fete\/\" \/>\n<meta property=\"og:site_name\" content=\"Dicodusport\" \/>\n<meta property=\"article:publisher\" content=\"https:\/\/www.facebook.com\/dicodusport\" \/>\n<meta property=\"article:published_time\" content=\"2022-07-15T12:54:26+00:00\" \/>\n<meta property=\"article:modified_time\" content=\"2022-07-15T19:39:06+00:00\" \/>\n<meta property=\"og:image\" content=\"https:\/\/dicodusport.fr\/blog\/wp-content\/uploads\/2022\/07\/Euro-Feminin-2022-Clara-Mateo-a-la-fete.png\" \/>\n\t<meta property=\"og:image:width\" content=\"800\" \/>\n\t<meta property=\"og:image:height\" content=\"445\" \/>\n\t<meta property=\"og:image:type\" content=\"image\/png\" \/>\n<meta name=\"author\" content=\"Romain Fiore\" \/>\n<meta name=\"twitter:card\" content=\"summary_large_image\" \/>\n<meta name=\"twitter:title\" content=\"Euro F\u00e9minin 2022 : Clara Mateo \u00e0 la f\u00eate\" \/>\n<meta name=\"twitter:creator\" content=\"@https:\/\/twitter.com\/romain_fiore\" \/>\n<meta name=\"twitter:site\" content=\"@dicodusport\" \/>\n<script type=\"application\/ld+json\" class=\"yoast-schema-graph\">{\"@context\":\"https:\/\/schema.org\",\"@graph\":[{\"@type\":\"NewsArticle\",\"@id\":\"https:\/\/dicodusport.fr\/blog\/euro-feminin-2022-clara-mateo-a-la-fete\/#article\",\"isPartOf\":{\"@id\":\"https:\/\/dicodusport.fr\/blog\/euro-feminin-2022-clara-mateo-a-la-fete\/\"},\"author\":{\"name\":\"Romain Fiore\",\"@id\":\"https:\/\/dicodusport.fr\/blog\/#\/schema\/person\/7ca91cb9956847cfcdf25671708a6e4f\"},\"headline\":\"Euro F\u00e9minin 2022 : Clara Mateo \u00e0 la f\u00eate\",\"datePublished\":\"2022-07-15T12:54:26+00:00\",\"dateModified\":\"2022-07-15T19:39:06+00:00\",\"mainEntityOfPage\":{\"@id\":\"https:\/\/dicodusport.fr\/blog\/euro-feminin-2022-clara-mateo-a-la-fete\/\"},\"wordCount\":1052,\"commentCount\":0,\"publisher\":{\"@id\":\"https:\/\/dicodusport.fr\/blog\/#organization\"},\"image\":{\"@id\":\"https:\/\/dicodusport.fr\/blog\/euro-feminin-2022-clara-mateo-a-la-fete\/#primaryimage\"},\"thumbnailUrl\":\"https:\/\/dicodusport.fr\/blog\/wp-content\/uploads\/2022\/07\/Euro-Feminin-2022-Clara-Mateo-a-la-fete.png\",\"keywords\":[\"Clara Mateo\",\"Paris FC\",\"sport\"],\"articleSection\":[\"Euro de football\"],\"inLanguage\":\"fr-FR\",\"potentialAction\":[{\"@type\":\"CommentAction\",\"name\":\"Comment\",\"target\":[\"https:\/\/dicodusport.fr\/blog\/euro-feminin-2022-clara-mateo-a-la-fete\/#respond\"]}],\"copyrightYear\":\"2022\",\"copyrightHolder\":{\"@id\":\"https:\/\/dicodusport.fr\/blog\/#organization\"}},{\"@type\":\"WebPage\",\"@id\":\"https:\/\/dicodusport.fr\/blog\/euro-feminin-2022-clara-mateo-a-la-fete\/\",\"url\":\"https:\/\/dicodusport.fr\/blog\/euro-feminin-2022-clara-mateo-a-la-fete\/\",\"name\":\"Euro F\u00e9minin 2022 : Clara Mateo \u00e0 la f\u00eate\",\"isPartOf\":{\"@id\":\"https:\/\/dicodusport.fr\/blog\/#website\"},\"primaryImageOfPage\":{\"@id\":\"https:\/\/dicodusport.fr\/blog\/euro-feminin-2022-clara-mateo-a-la-fete\/#primaryimage\"},\"image\":{\"@id\":\"https:\/\/dicodusport.fr\/blog\/euro-feminin-2022-clara-mateo-a-la-fete\/#primaryimage\"},\"thumbnailUrl\":\"https:\/\/dicodusport.fr\/blog\/wp-content\/uploads\/2022\/07\/Euro-Feminin-2022-Clara-Mateo-a-la-fete.png\",\"datePublished\":\"2022-07-15T12:54:26+00:00\",\"dateModified\":\"2022-07-15T19:39:06+00:00\",\"description\":\"EURO F\u00c9MININ DE FOOTBALL 2022 - Sur le terrain, la bonne nouvelle est venue du c\u00f4t\u00e9 de Clara Mateo, titulaire \u00e0 la place de Sandie Toletti.\",\"breadcrumb\":{\"@id\":\"https:\/\/dicodusport.fr\/blog\/euro-feminin-2022-clara-mateo-a-la-fete\/#breadcrumb\"},\"inLanguage\":\"fr-FR\",\"potentialAction\":[{\"@type\":\"ReadAction\",\"target\":[\"https:\/\/dicodusport.fr\/blog\/euro-feminin-2022-clara-mateo-a-la-fete\/\"]}]},{\"@type\":\"ImageObject\",\"inLanguage\":\"fr-FR\",\"@id\":\"https:\/\/dicodusport.fr\/blog\/euro-feminin-2022-clara-mateo-a-la-fete\/#primaryimage\",\"url\":\"https:\/\/dicodusport.fr\/blog\/wp-content\/uploads\/2022\/07\/Euro-Feminin-2022-Clara-Mateo-a-la-fete.png\",\"contentUrl\":\"https:\/\/dicodusport.fr\/blog\/wp-content\/uploads\/2022\/07\/Euro-Feminin-2022-Clara-Mateo-a-la-fete.png\",\"width\":800,\"height\":445,\"caption\":\"Euro F\u00e9minin 2022 Clara Mateo \u00e0 la f\u00eate\"},{\"@type\":\"BreadcrumbList\",\"@id\":\"https:\/\/dicodusport.fr\/blog\/euro-feminin-2022-clara-mateo-a-la-fete\/#breadcrumb\",\"itemListElement\":[{\"@type\":\"ListItem\",\"position\":1,\"name\":\"Accueil\",\"item\":\"https:\/\/dicodusport.fr\/blog\/\"},{\"@type\":\"ListItem\",\"position\":2,\"name\":\"Euro F\u00e9minin 2022 : Clara Mateo \u00e0 la f\u00eate\"}]},{\"@type\":\"WebSite\",\"@id\":\"https:\/\/dicodusport.fr\/blog\/#website\",\"url\":\"https:\/\/dicodusport.fr\/blog\/\",\"name\":\"Dicodusport\",\"description\":\"L&#039;encyclop\u00e9die de l&#039;actualit\u00e9 sportive\",\"publisher\":{\"@id\":\"https:\/\/dicodusport.fr\/blog\/#organization\"},\"potentialAction\":[{\"@type\":\"SearchAction\",\"target\":{\"@type\":\"EntryPoint\",\"urlTemplate\":\"https:\/\/dicodusport.fr\/blog\/?s={search_term_string}\"},\"query-input\":{\"@type\":\"PropertyValueSpecification\",\"valueRequired\":true,\"valueName\":\"search_term_string\"}}],\"inLanguage\":\"fr-FR\"},{\"@type\":\"NewsMediaOrganization\",\"@id\":\"https:\/\/dicodusport.fr\/blog\/#organization\",\"name\":\"Dicodusport\",\"url\":\"https:\/\/dicodusport.fr\/blog\/\",\"logo\":{\"@type\":\"ImageObject\",\"inLanguage\":\"fr-FR\",\"@id\":\"https:\/\/dicodusport.fr\/blog\/#\/schema\/logo\/image\/\",\"url\":\"https:\/\/dicodusport.fr\/blog\/wp-content\/uploads\/2020\/06\/cropped-LOGO-DICODUSPORT-2020-SANS-FOND-SANS-TEXTE.png\",\"contentUrl\":\"https:\/\/dicodusport.fr\/blog\/wp-content\/uploads\/2020\/06\/cropped-LOGO-DICODUSPORT-2020-SANS-FOND-SANS-TEXTE.png\",\"width\":512,\"height\":512,\"caption\":\"Dicodusport\"},\"image\":{\"@id\":\"https:\/\/dicodusport.fr\/blog\/#\/schema\/logo\/image\/\"},\"sameAs\":[\"https:\/\/www.facebook.com\/dicodusport\",\"https:\/\/x.com\/dicodusport\",\"https:\/\/www.instagram.com\/dicodusport\/\",\"https:\/\/www.youtube.com\/channel\/UC7V2KZ5sd3htJivAbA4ZG3w\"],\"description\":\"Dicodusport est l'encyclop\u00e9die de l'actualit\u00e9 sportive.\",\"email\":\"bonjour@dicodusport.fr\",\"legalName\":\"DICODUSPORT\",\"foundingDate\":\"2018-01-14\",\"vatID\":\"FR71834470973\",\"taxID\":\"83447097300043\",\"numberOfEmployees\":{\"@type\":\"QuantitativeValue\",\"minValue\":\"1\",\"maxValue\":\"10\"}},{\"@type\":\"Person\",\"@id\":\"https:\/\/dicodusport.fr\/blog\/#\/schema\/person\/7ca91cb9956847cfcdf25671708a6e4f\",\"name\":\"Romain Fiore\",\"image\":{\"@type\":\"ImageObject\",\"inLanguage\":\"fr-FR\",\"@id\":\"https:\/\/dicodusport.fr\/blog\/#\/schema\/person\/image\/\",\"url\":\"https:\/\/dicodusport.fr\/blog\/wp-content\/uploads\/2022\/06\/IMG_2931-150x150.jpg\",\"contentUrl\":\"https:\/\/dicodusport.fr\/blog\/wp-content\/uploads\/2022\/06\/IMG_2931-150x150.jpg\",\"caption\":\"Romain Fiore\"},\"description\":\"Fan absolu de foot et d'un certain club \u00e0 l'\u00e9toile en bleu et blanc. Amateur de beau jeu et d'Argentins au pied gauche magique. Passionn\u00e9 de sport US (NBA, NFL, MLS) et loyal \u00e0 la Damian Lillard. Je suis l\u00e0 pour vous apporter tout ce que le sport peut nous donner.\",\"sameAs\":[\"https:\/\/www.linkedin.com\/in\/romain-fiore-191a451b6\/\",\"https:\/\/x.com\/https:\/\/twitter.com\/romain_fiore\"],\"url\":\"https:\/\/dicodusport.fr\/blog\/author\/romain-fiore\/\"}]}<\/script>\n<!-- \/ Yoast SEO Premium plugin. -->","yoast_head_json":{"title":"Euro F\u00e9minin 2022 : Clara Mateo \u00e0 la f\u00eate","description":"EURO F\u00c9MININ DE FOOTBALL 2022 - Sur le terrain, la bonne nouvelle est venue du c\u00f4t\u00e9 de Clara Mateo, titulaire \u00e0 la place de Sandie Toletti.","robots":{"index":"index","follow":"follow","max-snippet":"max-snippet:-1","max-image-preview":"max-image-preview:large","max-video-preview":"max-video-preview:-1"},"canonical":"https:\/\/dicodusport.fr\/blog\/euro-feminin-2022-clara-mateo-a-la-fete\/","og_locale":"fr_FR","og_type":"article","og_title":"Euro F\u00e9minin 2022 : Clara Mateo \u00e0 la f\u00eate","og_description":"EURO F\u00c9MININ DE FOOTBALL 2022 - Sur le terrain, la bonne nouvelle est venue du c\u00f4t\u00e9 de Clara Mateo, titulaire \u00e0 la place de Sandie Toletti.","og_url":"https:\/\/dicodusport.fr\/blog\/euro-feminin-2022-clara-mateo-a-la-fete\/","og_site_name":"Dicodusport","article_publisher":"https:\/\/www.facebook.com\/dicodusport","article_published_time":"2022-07-15T12:54:26+00:00","article_modified_time":"2022-07-15T19:39:06+00:00","og_image":[{"width":800,"height":445,"url":"https:\/\/dicodusport.fr\/blog\/wp-content\/uploads\/2022\/07\/Euro-Feminin-2022-Clara-Mateo-a-la-fete.png","type":"image\/png"}],"author":"Romain Fiore","twitter_card":"summary_large_image","twitter_title":"Euro F\u00e9minin 2022 : Clara Mateo \u00e0 la f\u00eate","twitter_creator":"@https:\/\/twitter.com\/romain_fiore","twitter_site":"@dicodusport","schema":{"@context":"https:\/\/schema.org","@graph":[{"@type":"NewsArticle","@id":"https:\/\/dicodusport.fr\/blog\/euro-feminin-2022-clara-mateo-a-la-fete\/#article","isPartOf":{"@id":"https:\/\/dicodusport.fr\/blog\/euro-feminin-2022-clara-mateo-a-la-fete\/"},"author":{"name":"Romain Fiore","@id":"https:\/\/dicodusport.fr\/blog\/#\/schema\/person\/7ca91cb9956847cfcdf25671708a6e4f"},"headline":"Euro F\u00e9minin 2022 : Clara Mateo \u00e0 la f\u00eate","datePublished":"2022-07-15T12:54:26+00:00","dateModified":"2022-07-15T19:39:06+00:00","mainEntityOfPage":{"@id":"https:\/\/dicodusport.fr\/blog\/euro-feminin-2022-clara-mateo-a-la-fete\/"},"wordCount":1052,"commentCount":0,"publisher":{"@id":"https:\/\/dicodusport.fr\/blog\/#organization"},"image":{"@id":"https:\/\/dicodusport.fr\/blog\/euro-feminin-2022-clara-mateo-a-la-fete\/#primaryimage"},"thumbnailUrl":"https:\/\/dicodusport.fr\/blog\/wp-content\/uploads\/2022\/07\/Euro-Feminin-2022-Clara-Mateo-a-la-fete.png","keywords":["Clara Mateo","Paris FC","sport"],"articleSection":["Euro de football"],"inLanguage":"fr-FR","potentialAction":[{"@type":"CommentAction","name":"Comment","target":["https:\/\/dicodusport.fr\/blog\/euro-feminin-2022-clara-mateo-a-la-fete\/#respond"]}],"copyrightYear":"2022","copyrightHolder":{"@id":"https:\/\/dicodusport.fr\/blog\/#organization"}},{"@type":"WebPage","@id":"https:\/\/dicodusport.fr\/blog\/euro-feminin-2022-clara-mateo-a-la-fete\/","url":"https:\/\/dicodusport.fr\/blog\/euro-feminin-2022-clara-mateo-a-la-fete\/","name":"Euro F\u00e9minin 2022 : Clara Mateo \u00e0 la f\u00eate","isPartOf":{"@id":"https:\/\/dicodusport.fr\/blog\/#website"},"primaryImageOfPage":{"@id":"https:\/\/dicodusport.fr\/blog\/euro-feminin-2022-clara-mateo-a-la-fete\/#primaryimage"},"image":{"@id":"https:\/\/dicodusport.fr\/blog\/euro-feminin-2022-clara-mateo-a-la-fete\/#primaryimage"},"thumbnailUrl":"https:\/\/dicodusport.fr\/blog\/wp-content\/uploads\/2022\/07\/Euro-Feminin-2022-Clara-Mateo-a-la-fete.png","datePublished":"2022-07-15T12:54:26+00:00","dateModified":"2022-07-15T19:39:06+00:00","description":"EURO F\u00c9MININ DE FOOTBALL 2022 - Sur le terrain, la bonne nouvelle est venue du c\u00f4t\u00e9 de Clara Mateo, titulaire \u00e0 la place de Sandie Toletti.","breadcrumb":{"@id":"https:\/\/dicodusport.fr\/blog\/euro-feminin-2022-clara-mateo-a-la-fete\/#breadcrumb"},"inLanguage":"fr-FR","potentialAction":[{"@type":"ReadAction","target":["https:\/\/dicodusport.fr\/blog\/euro-feminin-2022-clara-mateo-a-la-fete\/"]}]},{"@type":"ImageObject","inLanguage":"fr-FR","@id":"https:\/\/dicodusport.fr\/blog\/euro-feminin-2022-clara-mateo-a-la-fete\/#primaryimage","url":"https:\/\/dicodusport.fr\/blog\/wp-content\/uploads\/2022\/07\/Euro-Feminin-2022-Clara-Mateo-a-la-fete.png","contentUrl":"https:\/\/dicodusport.fr\/blog\/wp-content\/uploads\/2022\/07\/Euro-Feminin-2022-Clara-Mateo-a-la-fete.png","width":800,"height":445,"caption":"Euro F\u00e9minin 2022 Clara Mateo \u00e0 la f\u00eate"},{"@type":"BreadcrumbList","@id":"https:\/\/dicodusport.fr\/blog\/euro-feminin-2022-clara-mateo-a-la-fete\/#breadcrumb","itemListElement":[{"@type":"ListItem","position":1,"name":"Accueil","item":"https:\/\/dicodusport.fr\/blog\/"},{"@type":"ListItem","position":2,"name":"Euro F\u00e9minin 2022 : Clara Mateo \u00e0 la f\u00eate"}]},{"@type":"WebSite","@id":"https:\/\/dicodusport.fr\/blog\/#website","url":"https:\/\/dicodusport.fr\/blog\/","name":"Dicodusport","description":"L&#039;encyclop\u00e9die de l&#039;actualit\u00e9 sportive","publisher":{"@id":"https:\/\/dicodusport.fr\/blog\/#organization"},"potentialAction":[{"@type":"SearchAction","target":{"@type":"EntryPoint","urlTemplate":"https:\/\/dicodusport.fr\/blog\/?s={search_term_string}"},"query-input":{"@type":"PropertyValueSpecification","valueRequired":true,"valueName":"search_term_string"}}],"inLanguage":"fr-FR"},{"@type":"NewsMediaOrganization","@id":"https:\/\/dicodusport.fr\/blog\/#organization","name":"Dicodusport","url":"https:\/\/dicodusport.fr\/blog\/","logo":{"@type":"ImageObject","inLanguage":"fr-FR","@id":"https:\/\/dicodusport.fr\/blog\/#\/schema\/logo\/image\/","url":"https:\/\/dicodusport.fr\/blog\/wp-content\/uploads\/2020\/06\/cropped-LOGO-DICODUSPORT-2020-SANS-FOND-SANS-TEXTE.png","contentUrl":"https:\/\/dicodusport.fr\/blog\/wp-content\/uploads\/2020\/06\/cropped-LOGO-DICODUSPORT-2020-SANS-FOND-SANS-TEXTE.png","width":512,"height":512,"caption":"Dicodusport"},"image":{"@id":"https:\/\/dicodusport.fr\/blog\/#\/schema\/logo\/image\/"},"sameAs":["https:\/\/www.facebook.com\/dicodusport","https:\/\/x.com\/dicodusport","https:\/\/www.instagram.com\/dicodusport\/","https:\/\/www.youtube.com\/channel\/UC7V2KZ5sd3htJivAbA4ZG3w"],"description":"Dicodusport est l'encyclop\u00e9die de l'actualit\u00e9 sportive.","email":"bonjour@dicodusport.fr","legalName":"DICODUSPORT","foundingDate":"2018-01-14","vatID":"FR71834470973","taxID":"83447097300043","numberOfEmployees":{"@type":"QuantitativeValue","minValue":"1","maxValue":"10"}},{"@type":"Person","@id":"https:\/\/dicodusport.fr\/blog\/#\/schema\/person\/7ca91cb9956847cfcdf25671708a6e4f","name":"Romain Fiore","image":{"@type":"ImageObject","inLanguage":"fr-FR","@id":"https:\/\/dicodusport.fr\/blog\/#\/schema\/person\/image\/","url":"https:\/\/dicodusport.fr\/blog\/wp-content\/uploads\/2022\/06\/IMG_2931-150x150.jpg","contentUrl":"https:\/\/dicodusport.fr\/blog\/wp-content\/uploads\/2022\/06\/IMG_2931-150x150.jpg","caption":"Romain Fiore"},"description":"Fan absolu de foot et d'un certain club \u00e0 l'\u00e9toile en bleu et blanc. Amateur de beau jeu et d'Argentins au pied gauche magique. Passionn\u00e9 de sport US (NBA, NFL, MLS) et loyal \u00e0 la Damian Lillard. Je suis l\u00e0 pour vous apporter tout ce que le sport peut nous donner.","sameAs":["https:\/\/www.linkedin.com\/in\/romain-fiore-191a451b6\/","https:\/\/x.com\/https:\/\/twitter.com\/romain_fiore"],"url":"https:\/\/dicodusport.fr\/blog\/author\/romain-fiore\/"}]}},"_links":{"self":[{"href":"https:\/\/dicodusport.fr\/blog\/wp-json\/wp\/v2\/posts\/243353","targetHints":{"allow":["GET"]}}],"collection":[{"href":"https:\/\/dicodusport.fr\/blog\/wp-json\/wp\/v2\/posts"}],"about":[{"href":"https:\/\/dicodusport.fr\/blog\/wp-json\/wp\/v2\/types\/post"}],"author":[{"embeddable":true,"href":"https:\/\/dicodusport.fr\/blog\/wp-json\/wp\/v2\/users\/73"}],"replies":[{"embeddable":true,"href":"https:\/\/dicodusport.fr\/blog\/wp-json\/wp\/v2\/comments?post=243353"}],"version-history":[{"count":0,"href":"https:\/\/dicodusport.fr\/blog\/wp-json\/wp\/v2\/posts\/243353\/revisions"}],"wp:featuredmedia":[{"embeddable":true,"href":"https:\/\/dicodusport.fr\/blog\/wp-json\/wp\/v2\/media\/243421"}],"wp:attachment":[{"href":"https:\/\/dicodusport.fr\/blog\/wp-json\/wp\/v2\/media?parent=243353"}],"wp:term":[{"taxonomy":"category","embeddable":true,"href":"https:\/\/dicodusport.fr\/blog\/wp-json\/wp\/v2\/categories?post=243353"},{"taxonomy":"post_tag","embeddable":true,"href":"https:\/\/dicodusport.fr\/blog\/wp-json\/wp\/v2\/tags?post=243353"}],"curies":[{"name":"wp","href":"https:\/\/api.w.org\/{rel}","templated":true}]}}