{"id":243670,"date":"2022-07-16T14:45:16","date_gmt":"2022-07-16T12:45:16","guid":{"rendered":"https:\/\/dicodusport.fr\/blog\/?p=243670&#038;preview=true&#038;preview_id=243670"},"modified":"2025-06-10T16:58:43","modified_gmt":"2025-06-10T14:58:43","slug":"jeux-mondiaux-2022-le-ju-jitsu-ramene-quatre-des-cinq-medailles-francaises-de-ce-vendredi","status":"publish","type":"post","link":"https:\/\/dicodusport.fr\/blog\/jeux-mondiaux-2022-le-ju-jitsu-ramene-quatre-des-cinq-medailles-francaises-de-ce-vendredi\/","title":{"rendered":"Jeux Mondiaux 2022 : Le ju-jitsu ram\u00e8ne quatre des cinq m\u00e9dailles fran\u00e7aises de ce vendredi"},"content":{"rendered":"<p style=\"text-align: justify;\"><i><b>JEUX MONDIAUX 2022 &#8211; Le d\u00e9but des finales de ju-jitsu a \u00e9t\u00e9 prolifique pour la France. L&rsquo;art martial a permis aux Bleus de d\u00e9crocher quatre m\u00e9dailles, dont un titre pour Juliana Ferreira.\u00a0<\/b><\/i><\/p>\n<p style=\"text-align: justify;\">Grande dame de la discipline du ju-jitsu<strong>, Juliana Ferreira<\/strong> poss\u00e9dait d\u00e9j\u00e0 les titres europ\u00e9ens et mondiaux \u00e0 son palmar\u00e8s. Elle y a rajout\u00e9 celui des Jeux Mondiaux, au terme d&rsquo;une comp\u00e9tition qu&rsquo;elle aura survol\u00e9e dans la cat\u00e9gorie combat 63 kg. Parfaite toute la journ\u00e9e, elle a an\u00e9anti la Tha\u00eflandaise<strong> Orapa Senatham<\/strong> en finale sur le score de 18-3 ! Grande chance de m\u00e9daille avant la comp\u00e9tition, elle a parfaitement assum\u00e9 son statut de favorite.<\/p>\n<blockquote class=\"twitter-tweet\">\n<p dir=\"ltr\" lang=\"fr\">&#x1f947; M\u00c9DAILLE D&rsquo;OR !<br \/>\nJuliana Ferreira a \u00e9t\u00e9 in-tou-cha-ble en finale avec un score de 18-3 ! &#x1f929;<a href=\"https:\/\/twitter.com\/hashtag\/AllezLesBleus?src=hash&amp;ref_src=twsrc%5Etfw\">#AllezLesBleus<\/a> <a href=\"https:\/\/twitter.com\/hashtag\/Birmingham2022?src=hash&amp;ref_src=twsrc%5Etfw\">#Birmingham2022<\/a> <a href=\"https:\/\/twitter.com\/hashtag\/TWG202?src=hash&amp;ref_src=twsrc%5Etfw\">#TWG202<\/a> <a href=\"https:\/\/t.co\/WS73mubOiK\">pic.twitter.com\/WS73mubOiK<\/a><\/p>\n<p>\u2014 FranceOlympique (@FranceOlympique) <a href=\"https:\/\/twitter.com\/FranceOlympique\/status\/1548077217359441922?ref_src=twsrc%5Etfw\">July 15, 2022<\/a><\/p><\/blockquote>\n<p style=\"text-align: justify;\"><script async src=\"https:\/\/platform.twitter.com\/widgets.js\" charset=\"utf-8\"><\/script><\/p>\n<h2 style=\"text-align: justify;\">La razzia en ju-jitsu<\/h2>\n<p style=\"text-align: justify;\">Ce n&rsquo;est pas la seule tricolore \u00e0 avoir brill\u00e9 dans la discipline. <strong>Chlo\u00e9 Lalande<\/strong> a pris l&rsquo;argent en combat 70 kg. Apr\u00e8s avoir survol\u00e9 sa demi-finale (<strong>14-0<\/strong>), elle n&rsquo;a rien pu faire contre l&rsquo;Allemande <strong>Anna Lena Bauer<\/strong>. Championne d&rsquo;Europe fin mai et championne du monde en 2018, elle aussi fait grossir son palmar\u00e8s.<\/p>\n<blockquote class=\"twitter-tweet\">\n<p dir=\"ltr\" lang=\"fr\">Le ju-jitsu \u00e0 l&rsquo;honneur \u00e0 <a href=\"https:\/\/twitter.com\/hashtag\/Birmingham2022?src=hash&amp;ref_src=twsrc%5Etfw\">#Birmingham2022<\/a> ! Chlo\u00e9 Lalande s&rsquo;est empar\u00e9e de la m\u00e9daille d&rsquo;argent en combat 70kg &#x1f948;<a href=\"https:\/\/twitter.com\/hashtag\/AllezLesBleus?src=hash&amp;ref_src=twsrc%5Etfw\">#AllezLesBleus<\/a> <a href=\"https:\/\/twitter.com\/hashtag\/TWG2022?src=hash&amp;ref_src=twsrc%5Etfw\">#TWG2022<\/a> <a href=\"https:\/\/t.co\/yhoZ2GmOoj\">pic.twitter.com\/yhoZ2GmOoj<\/a><\/p>\n<p>\u2014 FranceOlympique (@FranceOlympique) <a href=\"https:\/\/twitter.com\/FranceOlympique\/status\/1548091929396592647?ref_src=twsrc%5Etfw\">July 15, 2022<\/a><\/p><\/blockquote>\n<p style=\"text-align: justify;\"><script async src=\"https:\/\/platform.twitter.com\/widgets.js\" charset=\"utf-8\"><\/script><\/p>\n<p style=\"text-align: justify;\">Comme aux Championnats d&rsquo;Europe en mai dernier, <strong>Sandra Badie<\/strong> a termin\u00e9 en bronze en combat 48 kg. Laur\u00e9ate en mai, <strong>Laurence Fouillat<\/strong> a elle aussi termin\u00e9 troisi\u00e8me dans la cat\u00e9gorie du ne-waza 57 kg (combat au sol). Deux m\u00e9dailles suppl\u00e9mentaires qui ouvrent de belles perspectives pour la fin de la comp\u00e9tition. La France a \u00e9galement rajout\u00e9 une m\u00e9daille en ski nautique. <strong>Pierre Ballon<\/strong>, en argent lors de la derni\u00e8re \u00e9dition, a cette fois pris le bronze dans l&rsquo;\u00e9preuve des figures. L\u00e0 encore, de belles chances de m\u00e9dailles subsistent dans une discipline qui a souvent souri aux Tricolores par le pass\u00e9.<\/p>\n<blockquote class=\"twitter-tweet\">\n<p dir=\"ltr\" lang=\"fr\">&#x1f30a; Pierre Ballon nous aura tenu en haleine jusqu&rsquo;au bout de la finale : m\u00e9daille de bronze en ski nautique avec un total de 10760 points ! &#x1f949;<a href=\"https:\/\/twitter.com\/hashtag\/AllezLesBleus?src=hash&amp;ref_src=twsrc%5Etfw\">#AllezLesBleus<\/a> <a href=\"https:\/\/twitter.com\/hashtag\/Birmingham2022?src=hash&amp;ref_src=twsrc%5Etfw\">#Birmingham2022<\/a> <a href=\"https:\/\/twitter.com\/hashtag\/TWG2022?src=hash&amp;ref_src=twsrc%5Etfw\">#TWG2022<\/a> <a href=\"https:\/\/t.co\/jS3oIIzoxu\">pic.twitter.com\/jS3oIIzoxu<\/a><\/p>\n<p>\u2014 FranceOlympique (@FranceOlympique) <a href=\"https:\/\/twitter.com\/FranceOlympique\/status\/1548068867049603073?ref_src=twsrc%5Etfw\">July 15, 2022<\/a><\/p><\/blockquote>\n<p style=\"text-align: justify;\"><script async src=\"https:\/\/platform.twitter.com\/widgets.js\" charset=\"utf-8\"><\/script><\/p>\n","protected":false},"excerpt":{"rendered":"<p>JEUX MONDIAUX 2022 &#8211; Le d\u00e9but des finales de ju-jitsu a \u00e9t\u00e9 prolifique pour la France. L&rsquo;art martial a permis aux Bleus de d\u00e9crocher quatre m\u00e9dailles, dont un titre pour Juliana Ferreira.\u00a0<\/p>\n","protected":false},"author":59,"featured_media":243770,"comment_status":"open","ping_status":"closed","sticky":false,"template":"","format":"standard","meta":{"_acf_changed":false,"_daextam_enable_autolinks":"","footnotes":""},"categories":[47033,2366],"tags":[24802],"class_list":["post-243670","post","type-post","status-publish","format-standard","has-post-thumbnail","hentry","category-jeux-mondiaux","category-multisports","tag-jeux-mondiaux"],"acf":[],"yoast_head":"<!-- This site is optimized with the Yoast SEO Premium plugin v26.7 (Yoast SEO v26.7) - https:\/\/yoast.com\/wordpress\/plugins\/seo\/ -->\n<title>Jeux Mondiaux 2022 : Le ju-jitsu ram\u00e8ne quatre des cinq m\u00e9dailles fran\u00e7aises de ce vendredi<\/title>\n<meta name=\"description\" content=\"JEUX MONDIAUX 2022 - Le d\u00e9but des finales de ju-jitsu a permis aux Bleus de d\u00e9crocher quatre m\u00e9dailles, dont un titre pour Juliana Ferreira.\u00a0\" \/>\n<meta name=\"robots\" content=\"index, follow, max-snippet:-1, max-image-preview:large, max-video-preview:-1\" \/>\n<link rel=\"canonical\" href=\"https:\/\/dicodusport.fr\/blog\/jeux-mondiaux-2022-le-ju-jitsu-ramene-quatre-des-cinq-medailles-francaises-de-ce-vendredi\/\" \/>\n<meta property=\"og:locale\" content=\"fr_FR\" \/>\n<meta property=\"og:type\" content=\"article\" \/>\n<meta property=\"og:title\" content=\"Jeux Mondiaux 2022 : Le ju-jitsu ram\u00e8ne quatre des cinq m\u00e9dailles fran\u00e7aises de ce vendredi\" \/>\n<meta property=\"og:description\" content=\"JEUX MONDIAUX 2022 - Le d\u00e9but des finales de ju-jitsu a permis aux Bleus de d\u00e9crocher quatre m\u00e9dailles, dont un titre pour Juliana Ferreira.\u00a0\" \/>\n<meta property=\"og:url\" content=\"https:\/\/dicodusport.fr\/blog\/jeux-mondiaux-2022-le-ju-jitsu-ramene-quatre-des-cinq-medailles-francaises-de-ce-vendredi\/\" \/>\n<meta property=\"og:site_name\" content=\"Dicodusport\" \/>\n<meta property=\"article:publisher\" content=\"https:\/\/www.facebook.com\/dicodusport\" \/>\n<meta property=\"article:author\" content=\"https:\/\/www.facebook.com\/sebastien.gente\/\" \/>\n<meta property=\"article:published_time\" content=\"2022-07-16T12:45:16+00:00\" \/>\n<meta property=\"article:modified_time\" content=\"2025-06-10T14:58:43+00:00\" \/>\n<meta property=\"og:image\" content=\"https:\/\/dicodusport.fr\/blog\/wp-content\/uploads\/2022\/07\/Jeux-Mondiaux-2022-Le-ju-jitsu-ramene-quatre-des-cinq-medailles-francaises-de-ce-vendredi.png\" \/>\n\t<meta property=\"og:image:width\" content=\"800\" \/>\n\t<meta property=\"og:image:height\" content=\"445\" \/>\n\t<meta property=\"og:image:type\" content=\"image\/png\" \/>\n<meta name=\"author\" content=\"S\u00e9bastien Gente\" \/>\n<meta name=\"twitter:card\" content=\"summary_large_image\" \/>\n<meta name=\"twitter:title\" content=\"Jeux Mondiaux 2022 : Le ju-jitsu ram\u00e8ne quatre des cinq m\u00e9dailles fran\u00e7aises de ce vendredi\" \/>\n<meta name=\"twitter:creator\" content=\"@https:\/\/twitter.com\/globulo24\" \/>\n<meta name=\"twitter:site\" content=\"@dicodusport\" \/>\n<script type=\"application\/ld+json\" class=\"yoast-schema-graph\">{\"@context\":\"https:\/\/schema.org\",\"@graph\":[{\"@type\":\"NewsArticle\",\"@id\":\"https:\/\/dicodusport.fr\/blog\/jeux-mondiaux-2022-le-ju-jitsu-ramene-quatre-des-cinq-medailles-francaises-de-ce-vendredi\/#article\",\"isPartOf\":{\"@id\":\"https:\/\/dicodusport.fr\/blog\/jeux-mondiaux-2022-le-ju-jitsu-ramene-quatre-des-cinq-medailles-francaises-de-ce-vendredi\/\"},\"author\":{\"name\":\"S\u00e9bastien Gente\",\"@id\":\"https:\/\/dicodusport.fr\/blog\/#\/schema\/person\/627966a6cde45dbd8c5e36ac85d783da\"},\"headline\":\"Jeux Mondiaux 2022 : Le ju-jitsu ram\u00e8ne quatre des cinq m\u00e9dailles fran\u00e7aises de ce vendredi\",\"datePublished\":\"2022-07-16T12:45:16+00:00\",\"dateModified\":\"2025-06-10T14:58:43+00:00\",\"mainEntityOfPage\":{\"@id\":\"https:\/\/dicodusport.fr\/blog\/jeux-mondiaux-2022-le-ju-jitsu-ramene-quatre-des-cinq-medailles-francaises-de-ce-vendredi\/\"},\"wordCount\":410,\"commentCount\":0,\"publisher\":{\"@id\":\"https:\/\/dicodusport.fr\/blog\/#organization\"},\"image\":{\"@id\":\"https:\/\/dicodusport.fr\/blog\/jeux-mondiaux-2022-le-ju-jitsu-ramene-quatre-des-cinq-medailles-francaises-de-ce-vendredi\/#primaryimage\"},\"thumbnailUrl\":\"https:\/\/dicodusport.fr\/blog\/wp-content\/uploads\/2022\/07\/Jeux-Mondiaux-2022-Le-ju-jitsu-ramene-quatre-des-cinq-medailles-francaises-de-ce-vendredi.png\",\"keywords\":[\"Jeux Mondiaux\"],\"articleSection\":[\"Jeux Mondiaux\",\"Multisports\"],\"inLanguage\":\"fr-FR\",\"potentialAction\":[{\"@type\":\"CommentAction\",\"name\":\"Comment\",\"target\":[\"https:\/\/dicodusport.fr\/blog\/jeux-mondiaux-2022-le-ju-jitsu-ramene-quatre-des-cinq-medailles-francaises-de-ce-vendredi\/#respond\"]}],\"copyrightYear\":\"2022\",\"copyrightHolder\":{\"@id\":\"https:\/\/dicodusport.fr\/blog\/#organization\"}},{\"@type\":\"WebPage\",\"@id\":\"https:\/\/dicodusport.fr\/blog\/jeux-mondiaux-2022-le-ju-jitsu-ramene-quatre-des-cinq-medailles-francaises-de-ce-vendredi\/\",\"url\":\"https:\/\/dicodusport.fr\/blog\/jeux-mondiaux-2022-le-ju-jitsu-ramene-quatre-des-cinq-medailles-francaises-de-ce-vendredi\/\",\"name\":\"Jeux Mondiaux 2022 : Le ju-jitsu ram\u00e8ne quatre des cinq m\u00e9dailles fran\u00e7aises de ce vendredi\",\"isPartOf\":{\"@id\":\"https:\/\/dicodusport.fr\/blog\/#website\"},\"primaryImageOfPage\":{\"@id\":\"https:\/\/dicodusport.fr\/blog\/jeux-mondiaux-2022-le-ju-jitsu-ramene-quatre-des-cinq-medailles-francaises-de-ce-vendredi\/#primaryimage\"},\"image\":{\"@id\":\"https:\/\/dicodusport.fr\/blog\/jeux-mondiaux-2022-le-ju-jitsu-ramene-quatre-des-cinq-medailles-francaises-de-ce-vendredi\/#primaryimage\"},\"thumbnailUrl\":\"https:\/\/dicodusport.fr\/blog\/wp-content\/uploads\/2022\/07\/Jeux-Mondiaux-2022-Le-ju-jitsu-ramene-quatre-des-cinq-medailles-francaises-de-ce-vendredi.png\",\"datePublished\":\"2022-07-16T12:45:16+00:00\",\"dateModified\":\"2025-06-10T14:58:43+00:00\",\"description\":\"JEUX MONDIAUX 2022 - Le d\u00e9but des finales de ju-jitsu a permis aux Bleus de d\u00e9crocher quatre m\u00e9dailles, dont un titre pour Juliana Ferreira.\u00a0\",\"breadcrumb\":{\"@id\":\"https:\/\/dicodusport.fr\/blog\/jeux-mondiaux-2022-le-ju-jitsu-ramene-quatre-des-cinq-medailles-francaises-de-ce-vendredi\/#breadcrumb\"},\"inLanguage\":\"fr-FR\",\"potentialAction\":[{\"@type\":\"ReadAction\",\"target\":[\"https:\/\/dicodusport.fr\/blog\/jeux-mondiaux-2022-le-ju-jitsu-ramene-quatre-des-cinq-medailles-francaises-de-ce-vendredi\/\"]}]},{\"@type\":\"ImageObject\",\"inLanguage\":\"fr-FR\",\"@id\":\"https:\/\/dicodusport.fr\/blog\/jeux-mondiaux-2022-le-ju-jitsu-ramene-quatre-des-cinq-medailles-francaises-de-ce-vendredi\/#primaryimage\",\"url\":\"https:\/\/dicodusport.fr\/blog\/wp-content\/uploads\/2022\/07\/Jeux-Mondiaux-2022-Le-ju-jitsu-ramene-quatre-des-cinq-medailles-francaises-de-ce-vendredi.png\",\"contentUrl\":\"https:\/\/dicodusport.fr\/blog\/wp-content\/uploads\/2022\/07\/Jeux-Mondiaux-2022-Le-ju-jitsu-ramene-quatre-des-cinq-medailles-francaises-de-ce-vendredi.png\",\"width\":800,\"height\":445,\"caption\":\"Jeux Mondiaux 2022 Le ju-jitsu ram\u00e8ne quatre des cinq m\u00e9dailles fran\u00e7aises de ce vendredi\"},{\"@type\":\"BreadcrumbList\",\"@id\":\"https:\/\/dicodusport.fr\/blog\/jeux-mondiaux-2022-le-ju-jitsu-ramene-quatre-des-cinq-medailles-francaises-de-ce-vendredi\/#breadcrumb\",\"itemListElement\":[{\"@type\":\"ListItem\",\"position\":1,\"name\":\"Accueil\",\"item\":\"https:\/\/dicodusport.fr\/blog\/\"},{\"@type\":\"ListItem\",\"position\":2,\"name\":\"Jeux Mondiaux 2022 : Le ju-jitsu ram\u00e8ne quatre des cinq m\u00e9dailles fran\u00e7aises de ce vendredi\"}]},{\"@type\":\"WebSite\",\"@id\":\"https:\/\/dicodusport.fr\/blog\/#website\",\"url\":\"https:\/\/dicodusport.fr\/blog\/\",\"name\":\"Dicodusport\",\"description\":\"L&#039;encyclop\u00e9die de l&#039;actualit\u00e9 sportive\",\"publisher\":{\"@id\":\"https:\/\/dicodusport.fr\/blog\/#organization\"},\"potentialAction\":[{\"@type\":\"SearchAction\",\"target\":{\"@type\":\"EntryPoint\",\"urlTemplate\":\"https:\/\/dicodusport.fr\/blog\/?s={search_term_string}\"},\"query-input\":{\"@type\":\"PropertyValueSpecification\",\"valueRequired\":true,\"valueName\":\"search_term_string\"}}],\"inLanguage\":\"fr-FR\"},{\"@type\":\"NewsMediaOrganization\",\"@id\":\"https:\/\/dicodusport.fr\/blog\/#organization\",\"name\":\"Dicodusport\",\"url\":\"https:\/\/dicodusport.fr\/blog\/\",\"logo\":{\"@type\":\"ImageObject\",\"inLanguage\":\"fr-FR\",\"@id\":\"https:\/\/dicodusport.fr\/blog\/#\/schema\/logo\/image\/\",\"url\":\"https:\/\/dicodusport.fr\/blog\/wp-content\/uploads\/2020\/06\/cropped-LOGO-DICODUSPORT-2020-SANS-FOND-SANS-TEXTE.png\",\"contentUrl\":\"https:\/\/dicodusport.fr\/blog\/wp-content\/uploads\/2020\/06\/cropped-LOGO-DICODUSPORT-2020-SANS-FOND-SANS-TEXTE.png\",\"width\":512,\"height\":512,\"caption\":\"Dicodusport\"},\"image\":{\"@id\":\"https:\/\/dicodusport.fr\/blog\/#\/schema\/logo\/image\/\"},\"sameAs\":[\"https:\/\/www.facebook.com\/dicodusport\",\"https:\/\/x.com\/dicodusport\",\"https:\/\/www.instagram.com\/dicodusport\/\",\"https:\/\/www.youtube.com\/channel\/UC7V2KZ5sd3htJivAbA4ZG3w\"],\"description\":\"Dicodusport est l'encyclop\u00e9die de l'actualit\u00e9 sportive.\",\"email\":\"bonjour@dicodusport.fr\",\"legalName\":\"DICODUSPORT\",\"foundingDate\":\"2018-01-14\",\"vatID\":\"FR71834470973\",\"taxID\":\"83447097300043\",\"numberOfEmployees\":{\"@type\":\"QuantitativeValue\",\"minValue\":\"1\",\"maxValue\":\"10\"}},{\"@type\":\"Person\",\"@id\":\"https:\/\/dicodusport.fr\/blog\/#\/schema\/person\/627966a6cde45dbd8c5e36ac85d783da\",\"name\":\"S\u00e9bastien Gente\",\"image\":{\"@type\":\"ImageObject\",\"inLanguage\":\"fr-FR\",\"@id\":\"https:\/\/dicodusport.fr\/blog\/#\/schema\/person\/image\/\",\"url\":\"https:\/\/dicodusport.fr\/blog\/wp-content\/uploads\/2021\/09\/1510990_10205810251400683_4124423575079401707_n-150x150.jpg\",\"contentUrl\":\"https:\/\/dicodusport.fr\/blog\/wp-content\/uploads\/2021\/09\/1510990_10205810251400683_4124423575079401707_n-150x150.jpg\",\"caption\":\"S\u00e9bastien Gente\"},\"description\":\"John Stockton, Gianni Bugno, Zinedine Zidane, Steffi Graf, Frode Andresen, St\u00e9phane Stoecklin, Davis Kamoga, Primoz Peterka, Werner Schlager et Aur\u00e9lien Rougerie. Point commun entre ces sportifs? Ils m'ont fait r\u00eaver et ont berc\u00e9 mon adolescence. Je suis un fondu de sports et j'essaie de retranscrire ma passion \u00e0 travers mes articles. Originaire du P\u00e9rigord, ma passion pour les Girondins, les Jaunards et les Jazzmen transpire dans mes \u00e9crits. \u00c0 Dicodusport depuis 2021, je d\u00e9niche les sports m\u00e9connus dans lesquels la France brille, et il y en a !\",\"sameAs\":[\"https:\/\/www.facebook.com\/sebastien.gente\/\",\"https:\/\/www.instagram.com\/sebgente\/\",\"https:\/\/www.linkedin.com\/in\/sbastien-gente-a29583169\/\",\"https:\/\/x.com\/https:\/\/twitter.com\/globulo24\",\"SebastienGente\"],\"worksFor\":\"S\u00e9bastien GENTE\",\"url\":\"https:\/\/dicodusport.fr\/blog\/author\/sebastiengente\/\"}]}<\/script>\n<!-- \/ Yoast SEO Premium plugin. -->","yoast_head_json":{"title":"Jeux Mondiaux 2022 : Le ju-jitsu ram\u00e8ne quatre des cinq m\u00e9dailles fran\u00e7aises de ce vendredi","description":"JEUX MONDIAUX 2022 - Le d\u00e9but des finales de ju-jitsu a permis aux Bleus de d\u00e9crocher quatre m\u00e9dailles, dont un titre pour Juliana Ferreira.\u00a0","robots":{"index":"index","follow":"follow","max-snippet":"max-snippet:-1","max-image-preview":"max-image-preview:large","max-video-preview":"max-video-preview:-1"},"canonical":"https:\/\/dicodusport.fr\/blog\/jeux-mondiaux-2022-le-ju-jitsu-ramene-quatre-des-cinq-medailles-francaises-de-ce-vendredi\/","og_locale":"fr_FR","og_type":"article","og_title":"Jeux Mondiaux 2022 : Le ju-jitsu ram\u00e8ne quatre des cinq m\u00e9dailles fran\u00e7aises de ce vendredi","og_description":"JEUX MONDIAUX 2022 - Le d\u00e9but des finales de ju-jitsu a permis aux Bleus de d\u00e9crocher quatre m\u00e9dailles, dont un titre pour Juliana Ferreira.\u00a0","og_url":"https:\/\/dicodusport.fr\/blog\/jeux-mondiaux-2022-le-ju-jitsu-ramene-quatre-des-cinq-medailles-francaises-de-ce-vendredi\/","og_site_name":"Dicodusport","article_publisher":"https:\/\/www.facebook.com\/dicodusport","article_author":"https:\/\/www.facebook.com\/sebastien.gente\/","article_published_time":"2022-07-16T12:45:16+00:00","article_modified_time":"2025-06-10T14:58:43+00:00","og_image":[{"width":800,"height":445,"url":"https:\/\/dicodusport.fr\/blog\/wp-content\/uploads\/2022\/07\/Jeux-Mondiaux-2022-Le-ju-jitsu-ramene-quatre-des-cinq-medailles-francaises-de-ce-vendredi.png","type":"image\/png"}],"author":"S\u00e9bastien Gente","twitter_card":"summary_large_image","twitter_title":"Jeux Mondiaux 2022 : Le ju-jitsu ram\u00e8ne quatre des cinq m\u00e9dailles fran\u00e7aises de ce vendredi","twitter_creator":"@https:\/\/twitter.com\/globulo24","twitter_site":"@dicodusport","schema":{"@context":"https:\/\/schema.org","@graph":[{"@type":"NewsArticle","@id":"https:\/\/dicodusport.fr\/blog\/jeux-mondiaux-2022-le-ju-jitsu-ramene-quatre-des-cinq-medailles-francaises-de-ce-vendredi\/#article","isPartOf":{"@id":"https:\/\/dicodusport.fr\/blog\/jeux-mondiaux-2022-le-ju-jitsu-ramene-quatre-des-cinq-medailles-francaises-de-ce-vendredi\/"},"author":{"name":"S\u00e9bastien Gente","@id":"https:\/\/dicodusport.fr\/blog\/#\/schema\/person\/627966a6cde45dbd8c5e36ac85d783da"},"headline":"Jeux Mondiaux 2022 : Le ju-jitsu ram\u00e8ne quatre des cinq m\u00e9dailles fran\u00e7aises de ce vendredi","datePublished":"2022-07-16T12:45:16+00:00","dateModified":"2025-06-10T14:58:43+00:00","mainEntityOfPage":{"@id":"https:\/\/dicodusport.fr\/blog\/jeux-mondiaux-2022-le-ju-jitsu-ramene-quatre-des-cinq-medailles-francaises-de-ce-vendredi\/"},"wordCount":410,"commentCount":0,"publisher":{"@id":"https:\/\/dicodusport.fr\/blog\/#organization"},"image":{"@id":"https:\/\/dicodusport.fr\/blog\/jeux-mondiaux-2022-le-ju-jitsu-ramene-quatre-des-cinq-medailles-francaises-de-ce-vendredi\/#primaryimage"},"thumbnailUrl":"https:\/\/dicodusport.fr\/blog\/wp-content\/uploads\/2022\/07\/Jeux-Mondiaux-2022-Le-ju-jitsu-ramene-quatre-des-cinq-medailles-francaises-de-ce-vendredi.png","keywords":["Jeux Mondiaux"],"articleSection":["Jeux Mondiaux","Multisports"],"inLanguage":"fr-FR","potentialAction":[{"@type":"CommentAction","name":"Comment","target":["https:\/\/dicodusport.fr\/blog\/jeux-mondiaux-2022-le-ju-jitsu-ramene-quatre-des-cinq-medailles-francaises-de-ce-vendredi\/#respond"]}],"copyrightYear":"2022","copyrightHolder":{"@id":"https:\/\/dicodusport.fr\/blog\/#organization"}},{"@type":"WebPage","@id":"https:\/\/dicodusport.fr\/blog\/jeux-mondiaux-2022-le-ju-jitsu-ramene-quatre-des-cinq-medailles-francaises-de-ce-vendredi\/","url":"https:\/\/dicodusport.fr\/blog\/jeux-mondiaux-2022-le-ju-jitsu-ramene-quatre-des-cinq-medailles-francaises-de-ce-vendredi\/","name":"Jeux Mondiaux 2022 : Le ju-jitsu ram\u00e8ne quatre des cinq m\u00e9dailles fran\u00e7aises de ce vendredi","isPartOf":{"@id":"https:\/\/dicodusport.fr\/blog\/#website"},"primaryImageOfPage":{"@id":"https:\/\/dicodusport.fr\/blog\/jeux-mondiaux-2022-le-ju-jitsu-ramene-quatre-des-cinq-medailles-francaises-de-ce-vendredi\/#primaryimage"},"image":{"@id":"https:\/\/dicodusport.fr\/blog\/jeux-mondiaux-2022-le-ju-jitsu-ramene-quatre-des-cinq-medailles-francaises-de-ce-vendredi\/#primaryimage"},"thumbnailUrl":"https:\/\/dicodusport.fr\/blog\/wp-content\/uploads\/2022\/07\/Jeux-Mondiaux-2022-Le-ju-jitsu-ramene-quatre-des-cinq-medailles-francaises-de-ce-vendredi.png","datePublished":"2022-07-16T12:45:16+00:00","dateModified":"2025-06-10T14:58:43+00:00","description":"JEUX MONDIAUX 2022 - Le d\u00e9but des finales de ju-jitsu a permis aux Bleus de d\u00e9crocher quatre m\u00e9dailles, dont un titre pour Juliana Ferreira.\u00a0","breadcrumb":{"@id":"https:\/\/dicodusport.fr\/blog\/jeux-mondiaux-2022-le-ju-jitsu-ramene-quatre-des-cinq-medailles-francaises-de-ce-vendredi\/#breadcrumb"},"inLanguage":"fr-FR","potentialAction":[{"@type":"ReadAction","target":["https:\/\/dicodusport.fr\/blog\/jeux-mondiaux-2022-le-ju-jitsu-ramene-quatre-des-cinq-medailles-francaises-de-ce-vendredi\/"]}]},{"@type":"ImageObject","inLanguage":"fr-FR","@id":"https:\/\/dicodusport.fr\/blog\/jeux-mondiaux-2022-le-ju-jitsu-ramene-quatre-des-cinq-medailles-francaises-de-ce-vendredi\/#primaryimage","url":"https:\/\/dicodusport.fr\/blog\/wp-content\/uploads\/2022\/07\/Jeux-Mondiaux-2022-Le-ju-jitsu-ramene-quatre-des-cinq-medailles-francaises-de-ce-vendredi.png","contentUrl":"https:\/\/dicodusport.fr\/blog\/wp-content\/uploads\/2022\/07\/Jeux-Mondiaux-2022-Le-ju-jitsu-ramene-quatre-des-cinq-medailles-francaises-de-ce-vendredi.png","width":800,"height":445,"caption":"Jeux Mondiaux 2022 Le ju-jitsu ram\u00e8ne quatre des cinq m\u00e9dailles fran\u00e7aises de ce vendredi"},{"@type":"BreadcrumbList","@id":"https:\/\/dicodusport.fr\/blog\/jeux-mondiaux-2022-le-ju-jitsu-ramene-quatre-des-cinq-medailles-francaises-de-ce-vendredi\/#breadcrumb","itemListElement":[{"@type":"ListItem","position":1,"name":"Accueil","item":"https:\/\/dicodusport.fr\/blog\/"},{"@type":"ListItem","position":2,"name":"Jeux Mondiaux 2022 : Le ju-jitsu ram\u00e8ne quatre des cinq m\u00e9dailles fran\u00e7aises de ce vendredi"}]},{"@type":"WebSite","@id":"https:\/\/dicodusport.fr\/blog\/#website","url":"https:\/\/dicodusport.fr\/blog\/","name":"Dicodusport","description":"L&#039;encyclop\u00e9die de l&#039;actualit\u00e9 sportive","publisher":{"@id":"https:\/\/dicodusport.fr\/blog\/#organization"},"potentialAction":[{"@type":"SearchAction","target":{"@type":"EntryPoint","urlTemplate":"https:\/\/dicodusport.fr\/blog\/?s={search_term_string}"},"query-input":{"@type":"PropertyValueSpecification","valueRequired":true,"valueName":"search_term_string"}}],"inLanguage":"fr-FR"},{"@type":"NewsMediaOrganization","@id":"https:\/\/dicodusport.fr\/blog\/#organization","name":"Dicodusport","url":"https:\/\/dicodusport.fr\/blog\/","logo":{"@type":"ImageObject","inLanguage":"fr-FR","@id":"https:\/\/dicodusport.fr\/blog\/#\/schema\/logo\/image\/","url":"https:\/\/dicodusport.fr\/blog\/wp-content\/uploads\/2020\/06\/cropped-LOGO-DICODUSPORT-2020-SANS-FOND-SANS-TEXTE.png","contentUrl":"https:\/\/dicodusport.fr\/blog\/wp-content\/uploads\/2020\/06\/cropped-LOGO-DICODUSPORT-2020-SANS-FOND-SANS-TEXTE.png","width":512,"height":512,"caption":"Dicodusport"},"image":{"@id":"https:\/\/dicodusport.fr\/blog\/#\/schema\/logo\/image\/"},"sameAs":["https:\/\/www.facebook.com\/dicodusport","https:\/\/x.com\/dicodusport","https:\/\/www.instagram.com\/dicodusport\/","https:\/\/www.youtube.com\/channel\/UC7V2KZ5sd3htJivAbA4ZG3w"],"description":"Dicodusport est l'encyclop\u00e9die de l'actualit\u00e9 sportive.","email":"bonjour@dicodusport.fr","legalName":"DICODUSPORT","foundingDate":"2018-01-14","vatID":"FR71834470973","taxID":"83447097300043","numberOfEmployees":{"@type":"QuantitativeValue","minValue":"1","maxValue":"10"}},{"@type":"Person","@id":"https:\/\/dicodusport.fr\/blog\/#\/schema\/person\/627966a6cde45dbd8c5e36ac85d783da","name":"S\u00e9bastien Gente","image":{"@type":"ImageObject","inLanguage":"fr-FR","@id":"https:\/\/dicodusport.fr\/blog\/#\/schema\/person\/image\/","url":"https:\/\/dicodusport.fr\/blog\/wp-content\/uploads\/2021\/09\/1510990_10205810251400683_4124423575079401707_n-150x150.jpg","contentUrl":"https:\/\/dicodusport.fr\/blog\/wp-content\/uploads\/2021\/09\/1510990_10205810251400683_4124423575079401707_n-150x150.jpg","caption":"S\u00e9bastien Gente"},"description":"John Stockton, Gianni Bugno, Zinedine Zidane, Steffi Graf, Frode Andresen, St\u00e9phane Stoecklin, Davis Kamoga, Primoz Peterka, Werner Schlager et Aur\u00e9lien Rougerie. Point commun entre ces sportifs? Ils m'ont fait r\u00eaver et ont berc\u00e9 mon adolescence. Je suis un fondu de sports et j'essaie de retranscrire ma passion \u00e0 travers mes articles. Originaire du P\u00e9rigord, ma passion pour les Girondins, les Jaunards et les Jazzmen transpire dans mes \u00e9crits. \u00c0 Dicodusport depuis 2021, je d\u00e9niche les sports m\u00e9connus dans lesquels la France brille, et il y en a !","sameAs":["https:\/\/www.facebook.com\/sebastien.gente\/","https:\/\/www.instagram.com\/sebgente\/","https:\/\/www.linkedin.com\/in\/sbastien-gente-a29583169\/","https:\/\/x.com\/https:\/\/twitter.com\/globulo24","SebastienGente"],"worksFor":"S\u00e9bastien GENTE","url":"https:\/\/dicodusport.fr\/blog\/author\/sebastiengente\/"}]}},"_links":{"self":[{"href":"https:\/\/dicodusport.fr\/blog\/wp-json\/wp\/v2\/posts\/243670","targetHints":{"allow":["GET"]}}],"collection":[{"href":"https:\/\/dicodusport.fr\/blog\/wp-json\/wp\/v2\/posts"}],"about":[{"href":"https:\/\/dicodusport.fr\/blog\/wp-json\/wp\/v2\/types\/post"}],"author":[{"embeddable":true,"href":"https:\/\/dicodusport.fr\/blog\/wp-json\/wp\/v2\/users\/59"}],"replies":[{"embeddable":true,"href":"https:\/\/dicodusport.fr\/blog\/wp-json\/wp\/v2\/comments?post=243670"}],"version-history":[{"count":1,"href":"https:\/\/dicodusport.fr\/blog\/wp-json\/wp\/v2\/posts\/243670\/revisions"}],"predecessor-version":[{"id":585779,"href":"https:\/\/dicodusport.fr\/blog\/wp-json\/wp\/v2\/posts\/243670\/revisions\/585779"}],"wp:featuredmedia":[{"embeddable":true,"href":"https:\/\/dicodusport.fr\/blog\/wp-json\/wp\/v2\/media\/243770"}],"wp:attachment":[{"href":"https:\/\/dicodusport.fr\/blog\/wp-json\/wp\/v2\/media?parent=243670"}],"wp:term":[{"taxonomy":"category","embeddable":true,"href":"https:\/\/dicodusport.fr\/blog\/wp-json\/wp\/v2\/categories?post=243670"},{"taxonomy":"post_tag","embeddable":true,"href":"https:\/\/dicodusport.fr\/blog\/wp-json\/wp\/v2\/tags?post=243670"}],"curies":[{"name":"wp","href":"https:\/\/api.w.org\/{rel}","templated":true}]}}