{"id":243745,"date":"2022-07-16T13:47:45","date_gmt":"2022-07-16T11:47:45","guid":{"rendered":"https:\/\/dicodusport.fr\/blog\/?p=243745&#038;preview=true&#038;preview_id=243745"},"modified":"2022-07-16T20:35:52","modified_gmt":"2022-07-16T18:35:52","slug":"mercato-stade-rennais-mathys-tel-est-la-priorite-dun-grand-deurope","status":"publish","type":"post","link":"https:\/\/dicodusport.fr\/blog\/mercato-stade-rennais-mathys-tel-est-la-priorite-dun-grand-deurope\/","title":{"rendered":"Mercato Stade Rennais : Mathys Tel est la priorit\u00e9 d&rsquo;un grand d&rsquo;Europe"},"content":{"rendered":"<p style=\"text-align: justify;\"><i><b>LIGUE 1 2022-2023 \u2013 Selon nos confr\u00e8res de L&rsquo;\u00c9quipe, le Bayern veut absolument recruter Mathys Tel et a d\u00e9j\u00e0 formul\u00e9 deux offres au Stade Rennais.\u00a0<\/b><\/i><\/p>\n<p style=\"text-align: justify;\">\u00c0 seulement 17 ans, le jeune attaquant rennais affole d\u00e9j\u00e0 le march\u00e9 des transferts. Le <strong>Bayern Munich<\/strong>, qui va <a href=\"https:\/\/dicodusport.fr\/blog\/mercato-robert-lewandowski-quitte-le-bayern-munich\/\" target=\"_blank\" rel=\"noopener\">perdre Robert Lewandowski<\/a> cet \u00e9t\u00e9, veut \u00e0 tout prix recruter <strong>Mathys Tel<\/strong>. Le club bavarois a d\u00e9j\u00e0 formul\u00e9 deux offres, mais le <strong>Stade Rennais<\/strong> a pour le moment refus\u00e9 les deux fois. La premi\u00e8re \u00e9tait de 17 millions d&rsquo;euros bonus inclus alors que la deuxi\u00e8me atteignait 22,5 millions d&rsquo;euros. Mais ces deux premiers \u00e9checs ne devraient pas refroidir le <strong>Bayern Munich<\/strong> qui va faire une troisi\u00e8me offre dans les prochaines heures, avec un montant global sup\u00e9rieur \u00e0 25 millions d&rsquo;euros.<\/p>\n<p style=\"text-align: justify;\"><strong>Mathys Tel<\/strong> a lui d\u00e9j\u00e0 fait son choix puisqu&rsquo;il devrait entrer dans la rotation de l&rsquo;\u00e9quipe allemande d\u00e8s cette ann\u00e9e malgr\u00e9 son tr\u00e8s jeune \u00e2ge. \u00c0 court terme, il esp\u00e8re m\u00eame devenir le num\u00e9ro 9 du <strong>Bayern<\/strong>.<\/p>\n<blockquote class=\"twitter-tweet\">\n<p dir=\"ltr\" lang=\"fr\">Le Bayern Munich, qui a d\u00e9j\u00e0 formul\u00e9 deux offres dont la derni\u00e8re au-dessus des 22 M\u20ac (bonus compris) pour recruter le grand espoir rennais Mathys Tel, entend rehausser sa proposition dans les prochaines heures <a href=\"https:\/\/t.co\/MeO8hT0jsw\">https:\/\/t.co\/MeO8hT0jsw<\/a> <a href=\"https:\/\/t.co\/KSxQ6mAMmv\">pic.twitter.com\/KSxQ6mAMmv<\/a><\/p>\n<p>\u2014 L&rsquo;\u00c9QUIPE (@lequipe) <a href=\"https:\/\/twitter.com\/lequipe\/status\/1548254442222260233?ref_src=twsrc%5Etfw\">July 16, 2022<\/a><\/p><\/blockquote>\n<p style=\"text-align: justify;\"><script async src=\"https:\/\/platform.twitter.com\/widgets.js\" charset=\"utf-8\"><\/script><\/p>\n<h2 style=\"text-align: justify;\">\u00c0 lire aussi<\/h2>\n<ul>\n<li style=\"text-align: justify;\"><a href=\"https:\/\/dicodusport.fr\/blog\/mercato-stade-rennais-apres-mandanda-deux-pistes-enfin-conclues-en-defense-centrale\/\" target=\"_blank\" rel=\"noopener\"><strong>Mercato Stade Rennais : Apr\u00e8s Mandanda, deux pistes enfin conclues en d\u00e9fense centrale ?<\/strong><\/a><\/li>\n<\/ul>\n","protected":false},"excerpt":{"rendered":"<p>LIGUE 1 2022-2023 \u2013 Selon nos confr\u00e8res de L&rsquo;\u00c9quipe, le Bayern veut absolument recruter Mathys Tel et a d\u00e9j\u00e0 formul\u00e9 deux offres au Stade Rennais.\u00a0<\/p>\n","protected":false},"author":1,"featured_media":243762,"comment_status":"open","ping_status":"closed","sticky":false,"template":"","format":"standard","meta":{"_acf_changed":false,"_daextam_enable_autolinks":"","footnotes":""},"categories":[2301,47045],"tags":[5895,75,7871,1865,8992],"class_list":["post-243745","post","type-post","status-publish","format-standard","has-post-thumbnail","hentry","category-football","category-ligue-1","tag-bruno-genesio","tag-football","tag-mercato-rennes","tag-stade-rennais","tag-steve-mandanda"],"acf":[],"yoast_head":"<!-- This site is optimized with the Yoast SEO Premium plugin v26.7 (Yoast SEO v26.7) - https:\/\/yoast.com\/wordpress\/plugins\/seo\/ -->\n<title>Mercato Stade Rennais : Mathys Tel est la priorit\u00e9 d&#039;un grand d&#039;Europe<\/title>\n<meta name=\"description\" content=\"LIGUE 1 2022-2023 \u2013 Selon nos confr\u00e8res de L&#039;\u00c9quipe, le Bayern veut absolument recruter Mathys Tel et a d\u00e9j\u00e0 formul\u00e9 deux offres.\" \/>\n<meta name=\"robots\" content=\"index, follow, max-snippet:-1, max-image-preview:large, max-video-preview:-1\" \/>\n<link rel=\"canonical\" href=\"https:\/\/dicodusport.fr\/blog\/mercato-stade-rennais-mathys-tel-est-la-priorite-dun-grand-deurope\/\" \/>\n<meta property=\"og:locale\" content=\"fr_FR\" \/>\n<meta property=\"og:type\" content=\"article\" \/>\n<meta property=\"og:title\" content=\"Mercato Stade Rennais : Mathys Tel est la priorit\u00e9 d&#039;un grand d&#039;Europe\" \/>\n<meta property=\"og:description\" content=\"LIGUE 1 2022-2023 \u2013 Selon nos confr\u00e8res de L&#039;\u00c9quipe, le Bayern veut absolument recruter Mathys Tel et a d\u00e9j\u00e0 formul\u00e9 deux offres.\" \/>\n<meta property=\"og:url\" content=\"https:\/\/dicodusport.fr\/blog\/mercato-stade-rennais-mathys-tel-est-la-priorite-dun-grand-deurope\/\" \/>\n<meta property=\"og:site_name\" content=\"Dicodusport\" \/>\n<meta property=\"article:publisher\" content=\"https:\/\/www.facebook.com\/dicodusport\" \/>\n<meta property=\"article:author\" content=\"https:\/\/www.facebook.com\/dicodusport\" \/>\n<meta property=\"article:published_time\" content=\"2022-07-16T11:47:45+00:00\" \/>\n<meta property=\"article:modified_time\" content=\"2022-07-16T18:35:52+00:00\" \/>\n<meta property=\"og:image\" content=\"https:\/\/dicodusport.fr\/blog\/wp-content\/uploads\/2022\/07\/Stade-Rennais-Mathys-Tel-est-la-priorite\u0301-dun-grand-dEurope.png\" \/>\n\t<meta property=\"og:image:width\" content=\"800\" \/>\n\t<meta property=\"og:image:height\" content=\"445\" \/>\n\t<meta property=\"og:image:type\" content=\"image\/png\" \/>\n<meta name=\"author\" content=\"Nicolas Jacquemard\" \/>\n<meta name=\"twitter:card\" content=\"summary_large_image\" \/>\n<meta name=\"twitter:title\" content=\"Mercato Stade Rennais : Mathys Tel est la priorit\u00e9 d&#039;un grand d&#039;Europe\" \/>\n<meta name=\"twitter:creator\" content=\"@https:\/\/twitter.com\/Nico_Jacquemard\" \/>\n<meta name=\"twitter:site\" content=\"@dicodusport\" \/>\n<script type=\"application\/ld+json\" class=\"yoast-schema-graph\">{\"@context\":\"https:\/\/schema.org\",\"@graph\":[{\"@type\":\"NewsArticle\",\"@id\":\"https:\/\/dicodusport.fr\/blog\/mercato-stade-rennais-mathys-tel-est-la-priorite-dun-grand-deurope\/#article\",\"isPartOf\":{\"@id\":\"https:\/\/dicodusport.fr\/blog\/mercato-stade-rennais-mathys-tel-est-la-priorite-dun-grand-deurope\/\"},\"author\":{\"name\":\"Nicolas Jacquemard\",\"@id\":\"https:\/\/dicodusport.fr\/blog\/#\/schema\/person\/55dcb50ad410894e431ed812bbb70191\"},\"headline\":\"Mercato Stade Rennais : Mathys Tel est la priorit\u00e9 d&rsquo;un grand d&rsquo;Europe\",\"datePublished\":\"2022-07-16T11:47:45+00:00\",\"dateModified\":\"2022-07-16T18:35:52+00:00\",\"mainEntityOfPage\":{\"@id\":\"https:\/\/dicodusport.fr\/blog\/mercato-stade-rennais-mathys-tel-est-la-priorite-dun-grand-deurope\/\"},\"wordCount\":250,\"commentCount\":0,\"publisher\":{\"@id\":\"https:\/\/dicodusport.fr\/blog\/#organization\"},\"image\":{\"@id\":\"https:\/\/dicodusport.fr\/blog\/mercato-stade-rennais-mathys-tel-est-la-priorite-dun-grand-deurope\/#primaryimage\"},\"thumbnailUrl\":\"https:\/\/dicodusport.fr\/blog\/wp-content\/uploads\/2022\/07\/Stade-Rennais-Mathys-Tel-est-la-priorite\u0301-dun-grand-dEurope.png\",\"keywords\":[\"Bruno Genesio\",\"Football\",\"Mercato Rennes\",\"Stade rennais\",\"Steve Mandanda\"],\"articleSection\":[\"Football\",\"Ligue 1\"],\"inLanguage\":\"fr-FR\",\"potentialAction\":[{\"@type\":\"CommentAction\",\"name\":\"Comment\",\"target\":[\"https:\/\/dicodusport.fr\/blog\/mercato-stade-rennais-mathys-tel-est-la-priorite-dun-grand-deurope\/#respond\"]}],\"copyrightYear\":\"2022\",\"copyrightHolder\":{\"@id\":\"https:\/\/dicodusport.fr\/blog\/#organization\"}},{\"@type\":\"WebPage\",\"@id\":\"https:\/\/dicodusport.fr\/blog\/mercato-stade-rennais-mathys-tel-est-la-priorite-dun-grand-deurope\/\",\"url\":\"https:\/\/dicodusport.fr\/blog\/mercato-stade-rennais-mathys-tel-est-la-priorite-dun-grand-deurope\/\",\"name\":\"Mercato Stade Rennais : Mathys Tel est la priorit\u00e9 d'un grand d'Europe\",\"isPartOf\":{\"@id\":\"https:\/\/dicodusport.fr\/blog\/#website\"},\"primaryImageOfPage\":{\"@id\":\"https:\/\/dicodusport.fr\/blog\/mercato-stade-rennais-mathys-tel-est-la-priorite-dun-grand-deurope\/#primaryimage\"},\"image\":{\"@id\":\"https:\/\/dicodusport.fr\/blog\/mercato-stade-rennais-mathys-tel-est-la-priorite-dun-grand-deurope\/#primaryimage\"},\"thumbnailUrl\":\"https:\/\/dicodusport.fr\/blog\/wp-content\/uploads\/2022\/07\/Stade-Rennais-Mathys-Tel-est-la-priorite\u0301-dun-grand-dEurope.png\",\"datePublished\":\"2022-07-16T11:47:45+00:00\",\"dateModified\":\"2022-07-16T18:35:52+00:00\",\"description\":\"LIGUE 1 2022-2023 \u2013 Selon nos confr\u00e8res de L'\u00c9quipe, le Bayern veut absolument recruter Mathys Tel et a d\u00e9j\u00e0 formul\u00e9 deux offres.\",\"breadcrumb\":{\"@id\":\"https:\/\/dicodusport.fr\/blog\/mercato-stade-rennais-mathys-tel-est-la-priorite-dun-grand-deurope\/#breadcrumb\"},\"inLanguage\":\"fr-FR\",\"potentialAction\":[{\"@type\":\"ReadAction\",\"target\":[\"https:\/\/dicodusport.fr\/blog\/mercato-stade-rennais-mathys-tel-est-la-priorite-dun-grand-deurope\/\"]}]},{\"@type\":\"ImageObject\",\"inLanguage\":\"fr-FR\",\"@id\":\"https:\/\/dicodusport.fr\/blog\/mercato-stade-rennais-mathys-tel-est-la-priorite-dun-grand-deurope\/#primaryimage\",\"url\":\"https:\/\/dicodusport.fr\/blog\/wp-content\/uploads\/2022\/07\/Stade-Rennais-Mathys-Tel-est-la-priorite\u0301-dun-grand-dEurope.png\",\"contentUrl\":\"https:\/\/dicodusport.fr\/blog\/wp-content\/uploads\/2022\/07\/Stade-Rennais-Mathys-Tel-est-la-priorite\u0301-dun-grand-dEurope.png\",\"width\":800,\"height\":445},{\"@type\":\"BreadcrumbList\",\"@id\":\"https:\/\/dicodusport.fr\/blog\/mercato-stade-rennais-mathys-tel-est-la-priorite-dun-grand-deurope\/#breadcrumb\",\"itemListElement\":[{\"@type\":\"ListItem\",\"position\":1,\"name\":\"Accueil\",\"item\":\"https:\/\/dicodusport.fr\/blog\/\"},{\"@type\":\"ListItem\",\"position\":2,\"name\":\"Mercato Stade Rennais : Mathys Tel est la priorit\u00e9 d&rsquo;un grand d&rsquo;Europe\"}]},{\"@type\":\"WebSite\",\"@id\":\"https:\/\/dicodusport.fr\/blog\/#website\",\"url\":\"https:\/\/dicodusport.fr\/blog\/\",\"name\":\"Dicodusport\",\"description\":\"L&#039;encyclop\u00e9die de l&#039;actualit\u00e9 sportive\",\"publisher\":{\"@id\":\"https:\/\/dicodusport.fr\/blog\/#organization\"},\"potentialAction\":[{\"@type\":\"SearchAction\",\"target\":{\"@type\":\"EntryPoint\",\"urlTemplate\":\"https:\/\/dicodusport.fr\/blog\/?s={search_term_string}\"},\"query-input\":{\"@type\":\"PropertyValueSpecification\",\"valueRequired\":true,\"valueName\":\"search_term_string\"}}],\"inLanguage\":\"fr-FR\"},{\"@type\":\"NewsMediaOrganization\",\"@id\":\"https:\/\/dicodusport.fr\/blog\/#organization\",\"name\":\"Dicodusport\",\"url\":\"https:\/\/dicodusport.fr\/blog\/\",\"logo\":{\"@type\":\"ImageObject\",\"inLanguage\":\"fr-FR\",\"@id\":\"https:\/\/dicodusport.fr\/blog\/#\/schema\/logo\/image\/\",\"url\":\"https:\/\/dicodusport.fr\/blog\/wp-content\/uploads\/2020\/06\/cropped-LOGO-DICODUSPORT-2020-SANS-FOND-SANS-TEXTE.png\",\"contentUrl\":\"https:\/\/dicodusport.fr\/blog\/wp-content\/uploads\/2020\/06\/cropped-LOGO-DICODUSPORT-2020-SANS-FOND-SANS-TEXTE.png\",\"width\":512,\"height\":512,\"caption\":\"Dicodusport\"},\"image\":{\"@id\":\"https:\/\/dicodusport.fr\/blog\/#\/schema\/logo\/image\/\"},\"sameAs\":[\"https:\/\/www.facebook.com\/dicodusport\",\"https:\/\/x.com\/dicodusport\",\"https:\/\/www.instagram.com\/dicodusport\/\",\"https:\/\/www.youtube.com\/channel\/UC7V2KZ5sd3htJivAbA4ZG3w\"],\"description\":\"Dicodusport est l'encyclop\u00e9die de l'actualit\u00e9 sportive.\",\"email\":\"bonjour@dicodusport.fr\",\"legalName\":\"DICODUSPORT\",\"foundingDate\":\"2018-01-14\",\"vatID\":\"FR71834470973\",\"taxID\":\"83447097300043\",\"numberOfEmployees\":{\"@type\":\"QuantitativeValue\",\"minValue\":\"1\",\"maxValue\":\"10\"}},{\"@type\":\"Person\",\"@id\":\"https:\/\/dicodusport.fr\/blog\/#\/schema\/person\/55dcb50ad410894e431ed812bbb70191\",\"name\":\"Nicolas Jacquemard\",\"image\":{\"@type\":\"ImageObject\",\"inLanguage\":\"fr-FR\",\"@id\":\"https:\/\/dicodusport.fr\/blog\/#\/schema\/person\/image\/\",\"url\":\"https:\/\/dicodusport.fr\/blog\/wp-content\/uploads\/2021\/05\/Nicolas-Jacquemard-150x150.jpeg\",\"contentUrl\":\"https:\/\/dicodusport.fr\/blog\/wp-content\/uploads\/2021\/05\/Nicolas-Jacquemard-150x150.jpeg\",\"caption\":\"Nicolas Jacquemard\"},\"description\":\"Passionn\u00e9 de sport et entrepreneur depuis mes 18 ans, la cr\u00e9ation de Dicodusport m'a sembl\u00e9 \u00e9vidente pour participer \u00e0 la m\u00e9diatisation d'un plus grand nombre de sports. Le chemin est long mais avec une \u00e9quipe des plus motiv\u00e9es et les Jeux Olympiques de Paris 2024 en point de mire, nous y arriverons ! Journaliste dans le monde du sport depuis plus de 5 ans, je traite aussi bien de football, de rugby, de biathlon que de cyclisme.\",\"sameAs\":[\"https:\/\/www.facebook.com\/dicodusport\",\"https:\/\/x.com\/https:\/\/twitter.com\/Nico_Jacquemard\"],\"url\":\"https:\/\/dicodusport.fr\/blog\/author\/dicodusport\/\"}]}<\/script>\n<!-- \/ Yoast SEO Premium plugin. -->","yoast_head_json":{"title":"Mercato Stade Rennais : Mathys Tel est la priorit\u00e9 d'un grand d'Europe","description":"LIGUE 1 2022-2023 \u2013 Selon nos confr\u00e8res de L'\u00c9quipe, le Bayern veut absolument recruter Mathys Tel et a d\u00e9j\u00e0 formul\u00e9 deux offres.","robots":{"index":"index","follow":"follow","max-snippet":"max-snippet:-1","max-image-preview":"max-image-preview:large","max-video-preview":"max-video-preview:-1"},"canonical":"https:\/\/dicodusport.fr\/blog\/mercato-stade-rennais-mathys-tel-est-la-priorite-dun-grand-deurope\/","og_locale":"fr_FR","og_type":"article","og_title":"Mercato Stade Rennais : Mathys Tel est la priorit\u00e9 d'un grand d'Europe","og_description":"LIGUE 1 2022-2023 \u2013 Selon nos confr\u00e8res de L'\u00c9quipe, le Bayern veut absolument recruter Mathys Tel et a d\u00e9j\u00e0 formul\u00e9 deux offres.","og_url":"https:\/\/dicodusport.fr\/blog\/mercato-stade-rennais-mathys-tel-est-la-priorite-dun-grand-deurope\/","og_site_name":"Dicodusport","article_publisher":"https:\/\/www.facebook.com\/dicodusport","article_author":"https:\/\/www.facebook.com\/dicodusport","article_published_time":"2022-07-16T11:47:45+00:00","article_modified_time":"2022-07-16T18:35:52+00:00","og_image":[{"width":800,"height":445,"url":"https:\/\/dicodusport.fr\/blog\/wp-content\/uploads\/2022\/07\/Stade-Rennais-Mathys-Tel-est-la-priorite\u0301-dun-grand-dEurope.png","type":"image\/png"}],"author":"Nicolas Jacquemard","twitter_card":"summary_large_image","twitter_title":"Mercato Stade Rennais : Mathys Tel est la priorit\u00e9 d'un grand d'Europe","twitter_creator":"@https:\/\/twitter.com\/Nico_Jacquemard","twitter_site":"@dicodusport","schema":{"@context":"https:\/\/schema.org","@graph":[{"@type":"NewsArticle","@id":"https:\/\/dicodusport.fr\/blog\/mercato-stade-rennais-mathys-tel-est-la-priorite-dun-grand-deurope\/#article","isPartOf":{"@id":"https:\/\/dicodusport.fr\/blog\/mercato-stade-rennais-mathys-tel-est-la-priorite-dun-grand-deurope\/"},"author":{"name":"Nicolas Jacquemard","@id":"https:\/\/dicodusport.fr\/blog\/#\/schema\/person\/55dcb50ad410894e431ed812bbb70191"},"headline":"Mercato Stade Rennais : Mathys Tel est la priorit\u00e9 d&rsquo;un grand d&rsquo;Europe","datePublished":"2022-07-16T11:47:45+00:00","dateModified":"2022-07-16T18:35:52+00:00","mainEntityOfPage":{"@id":"https:\/\/dicodusport.fr\/blog\/mercato-stade-rennais-mathys-tel-est-la-priorite-dun-grand-deurope\/"},"wordCount":250,"commentCount":0,"publisher":{"@id":"https:\/\/dicodusport.fr\/blog\/#organization"},"image":{"@id":"https:\/\/dicodusport.fr\/blog\/mercato-stade-rennais-mathys-tel-est-la-priorite-dun-grand-deurope\/#primaryimage"},"thumbnailUrl":"https:\/\/dicodusport.fr\/blog\/wp-content\/uploads\/2022\/07\/Stade-Rennais-Mathys-Tel-est-la-priorite\u0301-dun-grand-dEurope.png","keywords":["Bruno Genesio","Football","Mercato Rennes","Stade rennais","Steve Mandanda"],"articleSection":["Football","Ligue 1"],"inLanguage":"fr-FR","potentialAction":[{"@type":"CommentAction","name":"Comment","target":["https:\/\/dicodusport.fr\/blog\/mercato-stade-rennais-mathys-tel-est-la-priorite-dun-grand-deurope\/#respond"]}],"copyrightYear":"2022","copyrightHolder":{"@id":"https:\/\/dicodusport.fr\/blog\/#organization"}},{"@type":"WebPage","@id":"https:\/\/dicodusport.fr\/blog\/mercato-stade-rennais-mathys-tel-est-la-priorite-dun-grand-deurope\/","url":"https:\/\/dicodusport.fr\/blog\/mercato-stade-rennais-mathys-tel-est-la-priorite-dun-grand-deurope\/","name":"Mercato Stade Rennais : Mathys Tel est la priorit\u00e9 d'un grand d'Europe","isPartOf":{"@id":"https:\/\/dicodusport.fr\/blog\/#website"},"primaryImageOfPage":{"@id":"https:\/\/dicodusport.fr\/blog\/mercato-stade-rennais-mathys-tel-est-la-priorite-dun-grand-deurope\/#primaryimage"},"image":{"@id":"https:\/\/dicodusport.fr\/blog\/mercato-stade-rennais-mathys-tel-est-la-priorite-dun-grand-deurope\/#primaryimage"},"thumbnailUrl":"https:\/\/dicodusport.fr\/blog\/wp-content\/uploads\/2022\/07\/Stade-Rennais-Mathys-Tel-est-la-priorite\u0301-dun-grand-dEurope.png","datePublished":"2022-07-16T11:47:45+00:00","dateModified":"2022-07-16T18:35:52+00:00","description":"LIGUE 1 2022-2023 \u2013 Selon nos confr\u00e8res de L'\u00c9quipe, le Bayern veut absolument recruter Mathys Tel et a d\u00e9j\u00e0 formul\u00e9 deux offres.","breadcrumb":{"@id":"https:\/\/dicodusport.fr\/blog\/mercato-stade-rennais-mathys-tel-est-la-priorite-dun-grand-deurope\/#breadcrumb"},"inLanguage":"fr-FR","potentialAction":[{"@type":"ReadAction","target":["https:\/\/dicodusport.fr\/blog\/mercato-stade-rennais-mathys-tel-est-la-priorite-dun-grand-deurope\/"]}]},{"@type":"ImageObject","inLanguage":"fr-FR","@id":"https:\/\/dicodusport.fr\/blog\/mercato-stade-rennais-mathys-tel-est-la-priorite-dun-grand-deurope\/#primaryimage","url":"https:\/\/dicodusport.fr\/blog\/wp-content\/uploads\/2022\/07\/Stade-Rennais-Mathys-Tel-est-la-priorite\u0301-dun-grand-dEurope.png","contentUrl":"https:\/\/dicodusport.fr\/blog\/wp-content\/uploads\/2022\/07\/Stade-Rennais-Mathys-Tel-est-la-priorite\u0301-dun-grand-dEurope.png","width":800,"height":445},{"@type":"BreadcrumbList","@id":"https:\/\/dicodusport.fr\/blog\/mercato-stade-rennais-mathys-tel-est-la-priorite-dun-grand-deurope\/#breadcrumb","itemListElement":[{"@type":"ListItem","position":1,"name":"Accueil","item":"https:\/\/dicodusport.fr\/blog\/"},{"@type":"ListItem","position":2,"name":"Mercato Stade Rennais : Mathys Tel est la priorit\u00e9 d&rsquo;un grand d&rsquo;Europe"}]},{"@type":"WebSite","@id":"https:\/\/dicodusport.fr\/blog\/#website","url":"https:\/\/dicodusport.fr\/blog\/","name":"Dicodusport","description":"L&#039;encyclop\u00e9die de l&#039;actualit\u00e9 sportive","publisher":{"@id":"https:\/\/dicodusport.fr\/blog\/#organization"},"potentialAction":[{"@type":"SearchAction","target":{"@type":"EntryPoint","urlTemplate":"https:\/\/dicodusport.fr\/blog\/?s={search_term_string}"},"query-input":{"@type":"PropertyValueSpecification","valueRequired":true,"valueName":"search_term_string"}}],"inLanguage":"fr-FR"},{"@type":"NewsMediaOrganization","@id":"https:\/\/dicodusport.fr\/blog\/#organization","name":"Dicodusport","url":"https:\/\/dicodusport.fr\/blog\/","logo":{"@type":"ImageObject","inLanguage":"fr-FR","@id":"https:\/\/dicodusport.fr\/blog\/#\/schema\/logo\/image\/","url":"https:\/\/dicodusport.fr\/blog\/wp-content\/uploads\/2020\/06\/cropped-LOGO-DICODUSPORT-2020-SANS-FOND-SANS-TEXTE.png","contentUrl":"https:\/\/dicodusport.fr\/blog\/wp-content\/uploads\/2020\/06\/cropped-LOGO-DICODUSPORT-2020-SANS-FOND-SANS-TEXTE.png","width":512,"height":512,"caption":"Dicodusport"},"image":{"@id":"https:\/\/dicodusport.fr\/blog\/#\/schema\/logo\/image\/"},"sameAs":["https:\/\/www.facebook.com\/dicodusport","https:\/\/x.com\/dicodusport","https:\/\/www.instagram.com\/dicodusport\/","https:\/\/www.youtube.com\/channel\/UC7V2KZ5sd3htJivAbA4ZG3w"],"description":"Dicodusport est l'encyclop\u00e9die de l'actualit\u00e9 sportive.","email":"bonjour@dicodusport.fr","legalName":"DICODUSPORT","foundingDate":"2018-01-14","vatID":"FR71834470973","taxID":"83447097300043","numberOfEmployees":{"@type":"QuantitativeValue","minValue":"1","maxValue":"10"}},{"@type":"Person","@id":"https:\/\/dicodusport.fr\/blog\/#\/schema\/person\/55dcb50ad410894e431ed812bbb70191","name":"Nicolas Jacquemard","image":{"@type":"ImageObject","inLanguage":"fr-FR","@id":"https:\/\/dicodusport.fr\/blog\/#\/schema\/person\/image\/","url":"https:\/\/dicodusport.fr\/blog\/wp-content\/uploads\/2021\/05\/Nicolas-Jacquemard-150x150.jpeg","contentUrl":"https:\/\/dicodusport.fr\/blog\/wp-content\/uploads\/2021\/05\/Nicolas-Jacquemard-150x150.jpeg","caption":"Nicolas Jacquemard"},"description":"Passionn\u00e9 de sport et entrepreneur depuis mes 18 ans, la cr\u00e9ation de Dicodusport m'a sembl\u00e9 \u00e9vidente pour participer \u00e0 la m\u00e9diatisation d'un plus grand nombre de sports. Le chemin est long mais avec une \u00e9quipe des plus motiv\u00e9es et les Jeux Olympiques de Paris 2024 en point de mire, nous y arriverons ! Journaliste dans le monde du sport depuis plus de 5 ans, je traite aussi bien de football, de rugby, de biathlon que de cyclisme.","sameAs":["https:\/\/www.facebook.com\/dicodusport","https:\/\/x.com\/https:\/\/twitter.com\/Nico_Jacquemard"],"url":"https:\/\/dicodusport.fr\/blog\/author\/dicodusport\/"}]}},"_links":{"self":[{"href":"https:\/\/dicodusport.fr\/blog\/wp-json\/wp\/v2\/posts\/243745","targetHints":{"allow":["GET"]}}],"collection":[{"href":"https:\/\/dicodusport.fr\/blog\/wp-json\/wp\/v2\/posts"}],"about":[{"href":"https:\/\/dicodusport.fr\/blog\/wp-json\/wp\/v2\/types\/post"}],"author":[{"embeddable":true,"href":"https:\/\/dicodusport.fr\/blog\/wp-json\/wp\/v2\/users\/1"}],"replies":[{"embeddable":true,"href":"https:\/\/dicodusport.fr\/blog\/wp-json\/wp\/v2\/comments?post=243745"}],"version-history":[{"count":0,"href":"https:\/\/dicodusport.fr\/blog\/wp-json\/wp\/v2\/posts\/243745\/revisions"}],"wp:featuredmedia":[{"embeddable":true,"href":"https:\/\/dicodusport.fr\/blog\/wp-json\/wp\/v2\/media\/243762"}],"wp:attachment":[{"href":"https:\/\/dicodusport.fr\/blog\/wp-json\/wp\/v2\/media?parent=243745"}],"wp:term":[{"taxonomy":"category","embeddable":true,"href":"https:\/\/dicodusport.fr\/blog\/wp-json\/wp\/v2\/categories?post=243745"},{"taxonomy":"post_tag","embeddable":true,"href":"https:\/\/dicodusport.fr\/blog\/wp-json\/wp\/v2\/tags?post=243745"}],"curies":[{"name":"wp","href":"https:\/\/api.w.org\/{rel}","templated":true}]}}