{"id":243800,"date":"2022-07-16T17:19:21","date_gmt":"2022-07-16T15:19:21","guid":{"rendered":"https:\/\/dicodusport.fr\/blog\/?p=243800&#038;preview=true&#038;preview_id=243800"},"modified":"2022-07-16T20:29:21","modified_gmt":"2022-07-16T18:29:21","slug":"tour-de-france-2022-michael-matthews-simpose-a-mende-sur-la-14eme-etape","status":"publish","type":"post","link":"https:\/\/dicodusport.fr\/blog\/tour-de-france-2022-michael-matthews-simpose-a-mende-sur-la-14eme-etape\/","title":{"rendered":"Tour de France 2022 : Michael Matthews s&rsquo;impose \u00e0 Mende sur la 14\u00e8me \u00e9tape"},"content":{"rendered":"<p style=\"text-align: justify;\"><b><i>TOUR DE FRANCE 2022 &#8211; Peu apr\u00e8s le sommet d<strong>e la Croix-Neuve, rebaptis\u00e9e la Mont\u00e9e de Jalabert suite \u00e0 son succ\u00e8s sur le Tour en 1995, Michael Matthews (BikeExchange &#8211; Jayco), pr\u00e9sent dans l&rsquo;\u00e9chapp\u00e9e, a \u00e9t\u00e9 le premier \u00e0 placer une attaque d\u00e9cisive \u00e0 50 km de l&rsquo;arriv\u00e9e. L&rsquo;Australien remporte la 16\u00e8me \u00e9tape de la Grande Boucle apr\u00e8s un duel avec<\/strong><\/i><\/b><i> <\/i><strong><i>Alberto Bettiol (EF Education EasyPost) dans les trois derniers kilom\u00e8tres d&rsquo;ascension. Son quatri\u00e8me succ\u00e8s sur une \u00e9tape du Tour de France.\u00a0<\/i><\/strong><\/p>\n<p style=\"text-align: justify;\"><span style=\"font-weight: 400;\">La <strong>14\u00e8me \u00e9tape du Tour de France<\/strong> au d\u00e9part de Saint-\u00c9tienne pour rallier Mende a livr\u00e9 un suspense insoutenable. Au terme duquel, <strong>Michael Matthews <\/strong>(BikeExchange &#8211; Jayco) s\u2019impose au sommet apr\u00e8s un duel face \u00e0 <strong>Alberto Bettiol <\/strong>(EF Education EasyPost) dans les derniers kilom\u00e8tres.<strong> Thibaut Pinot <\/strong>(Groupama-FDJ) termine sur la troisi\u00e8me marche du podium.\u00a0\u00a0<\/span><\/p>\n<p style=\"text-align: justify;\"><span style=\"font-weight: 400;\">Pour la 27\u00e8me fois de son histoire, Saint-\u00c9tienne \u00e9tait donc le point de d\u00e9part d\u2019une \u00e9tape de la Grande Boucle. Le d\u00e9but d\u2019une \u00e9tape longue de 192,5 km pour relier Mende. D\u00e8s les premiers kilom\u00e8tres, un grand groupe de 18 coureurs se constitue. Parmi eux, on note la pr\u00e9sence de<strong> Valentin Madouas<\/strong>, le coureur breton de la formation Groupama-FDJ est ainsi le mieux class\u00e9 au g\u00e9n\u00e9ral avec sa 14e place. D\u00e8s le premier col r\u00e9pertori\u00e9 du jour,<strong> Tadej Poga\u010dar <\/strong>(UAE Emirates) souhaite mettre<strong> Jonas Vingegaard <\/strong>(Jumbo-Visma), porteur du maillot jaune, en difficult\u00e9.\u00a0<\/span><\/p>\n<p style=\"text-align: justify;\"><span style=\"font-weight: 400;\">La formation Jumbo-Visma vole en \u00e9clats avec <strong>Primo\u017e Rogli\u010d <\/strong>(Jumbo-Visma) qui se retrouve \u00e0 une minute de son co\u00e9quipier dans un groupe o\u00f9 l\u2019on distingue aussi <strong>David Gaudu <\/strong>(Groupama-FDJ) et <strong>Adam Yates<\/strong> (INEOS Grenadiers). Encore plus distanc\u00e9, <strong>Caleb Ewan <\/strong>(Lotto-Soudal) se trouve \u00e0 2&rsquo;46 du groupe maillot jaune. Ses co\u00e9quipiers doivent lui venir en aide.<strong> Wout Van Aert <\/strong>(Jumbo-Visma) opte pour la technique de laisser filer pour retrouver Primo\u017e Rogli\u010d, afin de le laisser rentrer, pour b\u00e9n\u00e9ficier du maximum de soutiens autour de <strong>Jonas Vingegaard <\/strong>(Jumbo-Visma)<strong>.<\/strong><\/span><\/p>\n<h2 style=\"text-align: justify;\"><span style=\"font-weight: 400;\">Une \u00e9chapp\u00e9e tardive avec Trois Fran\u00e7ais<br \/>\n<\/span><\/h2>\n<p style=\"text-align: justify;\"><span style=\"font-weight: 400;\">Dans la c\u00f4te de Ch\u00e2taignier, l\u2019offensive change de camp et c\u2019est d\u00e9sormais <strong>Jonas Vingegaard<\/strong> (Jumbo-Visma) qui attaque<strong> Tadej Poga\u010dar <\/strong>(UAE Emirates). Le porteur du maillot blanc parvient \u00e0 suivre le leader au classement g\u00e9n\u00e9ral. Bien entour\u00e9 avec quatre co\u00e9quipiers \u00e0 151 km de l&rsquo;arriv\u00e9e, le porteur de la tunique jaune est en s\u00e9curit\u00e9 au moment o\u00f9 une nouvelle \u00e9chapp\u00e9e, la bonne, se constitue avec une vingtaine de coureurs. 23 coureurs qui partent faire la course en t\u00eate. \u00c0 143 km, le groupe de <strong>Primo\u017e Rogli\u010d <\/strong>(Jumbo-Visma) fait la jonction avec le peloton principal. Ainsi, toutes les forces sont retrouv\u00e9es du c\u00f4t\u00e9 de la Jumbo-Visma pour pr\u00e9server le maillot jaune. L\u2019\u00e9chapp\u00e9e, qui compte sept minutes sur le peloton, est compos\u00e9e de trois Fran\u00e7ais.\u00a0<\/span><\/p>\n<p style=\"text-align: justify;\"><span style=\"font-weight: 400;\">On note la pr\u00e9sence de <strong>Thibaut Pinot<\/strong> (Groupama-FDJ), <strong>Beno\u00eet Cosnefroy<\/strong> (AG2R Citro\u00ebn) et <strong>Franck Bonnamour <\/strong>(B&amp;B Hotels). <strong>Jakob Fuglsang <\/strong>(Israel-Premier Tech) semble vouloir un groupe plus restreint \u00e0 l&rsquo;avant de la course et tente d&rsquo;acc\u00e9l\u00e9rer. Mais personne ne souhaite vouloir \u00eatre distanc\u00e9 \u00e0 l&rsquo;avant et cela s\u2019accroche pour tenir le rythme. L\u2019avance atteint la barre des 11 minutes \u00e0 63 km de l\u2019arriv\u00e9e au moment d\u2019aborder la C\u00f4te de Grandrieu. Derri\u00e8re, tr\u00e8s loin derri\u00e8re, le groupe de <strong>Caleb Ewan<\/strong> est distanc\u00e9 \u00e0 plus de 20 minutes des 23 coureurs \u00e0 l\u2019avant de la course. De son c\u00f4t\u00e9,<strong>\u00a0Simon Geschke <\/strong>(Cofidis) s\u2019empare des deux points en jeu pour conforter son maillot \u00e0 pois.\u00a0<\/span><\/p>\n<h2 style=\"text-align: justify;\">L\u2019\u00e9chapp\u00e9e se neutralise \u00e0 l&rsquo;initiative de Michael Matthews<\/h2>\n<p style=\"text-align: justify;\"><span style=\"font-weight: 400;\"><strong>Michael Matthews <\/strong>(BikeExchange &#8211; Jayco) creuse l\u2019\u00e9cart avec ses compagnons d\u2019\u00e9chapp\u00e9e \u00e0 50 km de la ligne d\u2019arriv\u00e9e. Sa course en solitaire ne dure que quelques kilom\u00e8tres mais s\u00e8me la zizanie dans le groupe de t\u00eate. Ainsi, un quatuor se forme avec lui puis<strong> Luis Le\u00f3n Sanchez <\/strong>(Bahrain Victorious), <strong>Felix Grossschartner <\/strong>(Bora-Hansgrohe) et <strong>Andreas Kron <\/strong>(Lotto-Soudal). Derri\u00e8re, <strong>Franck Bonnamour <\/strong>(B&amp;B Hotels) part en contre pour devenir le cinqui\u00e8me \u00e9l\u00e9ment. Mais l\u2019acc\u00e9l\u00e9ration s\u2019op\u00e8re aussi du c\u00f4t\u00e9 de Stefan K\u00fcng (Groupama-FDJ) qui souhaite emmener <strong>Thibaut Pinot <\/strong>(Groupama-FDJ) et dynamise ainsi le groupe des poursuivants. <\/span><\/p>\n<p style=\"text-align: justify;\"><span style=\"font-weight: 400;\">Dans le d\u00e9but de la c\u00f4te de la Fage, une attaque de <strong>Rigoberto Ur\u00e1n <\/strong>(EF Education EasyPost) intervient \u00e0 30 km de l\u2019arriv\u00e9e o\u00f9 <strong>Lennard K\u00e4mna <\/strong>(Bora-Hansgrohe) et<strong> Thibaut Pinot <\/strong>(Groupama-FDJ) suivent \u00e0 la trace la roue du Colombien. Puis <strong>Marc Soler <\/strong>(UAE Emirates) s\u2019illustre \u00e0 son tour en emmenant <strong>Lennard K\u00e4mna <\/strong>(Bora-Hansgrohe) et <strong>Alberto Bettiol <\/strong>(EF Education EasyPost). Les coureurs de t\u00eate perdent <strong>Andreas Kron<\/strong> (Lotto-Soudal) suite \u00e0 une crevaison. Neuf coureurs sont alors \u00e0 la poursuite du trio de t\u00eate \u00e0 30 secondes dont <strong>Thibaut Pinot<\/strong> qui incarne une chance de victoire fran\u00e7aise. Le peloton est quant \u00e0 lui rel\u00e9gu\u00e9 \u00e0 13 minutes.\u00a0<\/span><\/p>\n<p style=\"text-align: justify;\"><span style=\"font-weight: 400;\">Le final se joue dans l\u2019ascension de la c\u00f4te de la Croix Neuve rebaptis\u00e9e la Mont\u00e9e Jalabert avec sa victoire en 1995 sur le Tour de France. Un duel s\u2019engage dans les trois derniers kilom\u00e8tres entre <strong>Michael Matthews <\/strong>(BikeExchange &#8211; Jayco) et <strong>Alberto Bettiol <\/strong>(EF Education EasyPost). L\u2019Italien prend de la distance mais l&rsquo;Australien ne dit pas son dernier mot et place \u00e0 une attaque \u00e0 deux kilom\u00e8tres du d\u00e9nouement. Suffisant pour s\u2019offrir son quatri\u00e8me succ\u00e8s sur une \u00e9tape du Tour de France sur la ligne d\u2019arriv\u00e9e \u00e0 Mende. Du c\u00f4t\u00e9 des favoris, <strong>Tadej Pogacar<\/strong> (UAE Team Emirates) a tent\u00e9 de d\u00e9crocher le maillot jaune <strong>Jonas Vingegaard<\/strong> (Jumbo-Visma). En vain. Dimanche, place \u00e0 une \u00e9tape certainement plus tranquille, entre Rodez et Carcassonne.<\/span><\/p>\n<blockquote class=\"twitter-tweet\">\n<p dir=\"ltr\" lang=\"fr\">&#x1f3c6; &#x1f1e6;&#x1f1fa; <a href=\"https:\/\/twitter.com\/blingmatthews?ref_src=twsrc%5Etfw\">@blingmatthews<\/a> wins in Mende!!<\/p>\n<p>&#x1f3c6; &#x1f1e6;&#x1f1fa; <a href=\"https:\/\/twitter.com\/blingmatthews?ref_src=twsrc%5Etfw\">@blingmatthews<\/a> s&rsquo;impose \u00e0 Mende !!!<a href=\"https:\/\/twitter.com\/hashtag\/TDF2022?src=hash&amp;ref_src=twsrc%5Etfw\">#TDF2022<\/a> | <a href=\"https:\/\/twitter.com\/hashtag\/StageWinner?src=hash&amp;ref_src=twsrc%5Etfw\">#StageWinner<\/a> | <a href=\"https:\/\/twitter.com\/Continental_fr?ref_src=twsrc%5Etfw\">@Continental_fr<\/a> <a href=\"https:\/\/t.co\/k1Dfiuy2n5\">pic.twitter.com\/k1Dfiuy2n5<\/a><\/p>\n<p>\u2014 Tour de France&#x2122; (@LeTour) <a href=\"https:\/\/twitter.com\/LeTour\/status\/1548323228291981314?ref_src=twsrc%5Etfw\">July 16, 2022<\/a><\/p><\/blockquote>\n<p><script async src=\"https:\/\/platform.twitter.com\/widgets.js\" charset=\"utf-8\"><\/script><\/p>\n<h2 style=\"text-align: justify;\">\u00c0 lire aussi<\/h2>\n<ul>\n<li style=\"text-align: justify;\"><a href=\"https:\/\/dicodusport.fr\/blog\/tour-de-france-2022-classement-12eme-etape\/\"><strong>Le classement de la 14\u00e8me du Tour de France 2022<\/strong><\/a><\/li>\n<li style=\"text-align: justify;\"><a href=\"https:\/\/dicodusport.fr\/blog\/classement-general-tour-de-france-2022-maillot-jaune\/\"><strong>Le classement g\u00e9n\u00e9ral du Tour de France<\/strong><\/a><\/li>\n<\/ul>\n","protected":false},"excerpt":{"rendered":"<p>TOUR DE FRANCE 2022 &#8211; Peu apr\u00e8s le sommet de la Croix-Neuve, rebaptis\u00e9e la Mont\u00e9e de Jalabert suite \u00e0 son succ\u00e8s sur le Tour en 1995, Michael Matthews (BikeExchange &#8211; Jayco), pr\u00e9sent dans l&rsquo;\u00e9chapp\u00e9e, a \u00e9t\u00e9 le premier \u00e0 placer une attaque d\u00e9cisive \u00e0 50 km de l&rsquo;arriv\u00e9e. L&rsquo;Australien remporte la 16\u00e8me \u00e9tape de la Grande Boucle apr\u00e8s un duel avec Alberto Bettiol (EF Education EasyPost) dans les trois derniers kilom\u00e8tres d&rsquo;ascension. Son quatri\u00e8me succ\u00e8s sur une \u00e9tape du Tour de France.\u00a0<\/p>\n","protected":false},"author":62,"featured_media":243857,"comment_status":"open","ping_status":"closed","sticky":false,"template":"","format":"standard","meta":{"_acf_changed":false,"_daextam_enable_autolinks":"","footnotes":""},"categories":[46995],"tags":[24,1262],"class_list":["post-243800","post","type-post","status-publish","format-standard","has-post-thumbnail","hentry","category-tour-de-france","tag-sport","tag-tour-de-france"],"acf":[],"yoast_head":"<!-- This site is optimized with the Yoast SEO Premium plugin v26.7 (Yoast SEO v26.7) - https:\/\/yoast.com\/wordpress\/plugins\/seo\/ -->\n<title>Tour de France 2022 : Michael Matthews s&#039;impose \u00e0 Mende sur la 14\u00e8me \u00e9tape<\/title>\n<meta name=\"description\" content=\"TOUR DE FRANCE 2022 - Michael Matthews (BikeExchange - Jayco) a remport\u00e9 la 14\u00e8me \u00e9tape du Tour de France \u00e0 Mende, ce samedi.\" \/>\n<meta name=\"robots\" content=\"index, follow, max-snippet:-1, max-image-preview:large, max-video-preview:-1\" \/>\n<link rel=\"canonical\" href=\"https:\/\/dicodusport.fr\/blog\/tour-de-france-2022-michael-matthews-simpose-a-mende-sur-la-14eme-etape\/\" \/>\n<meta property=\"og:locale\" content=\"fr_FR\" \/>\n<meta property=\"og:type\" content=\"article\" \/>\n<meta property=\"og:title\" content=\"Tour de France 2022 : Michael Matthews s&#039;impose \u00e0 Mende sur la 14\u00e8me \u00e9tape\" \/>\n<meta property=\"og:description\" content=\"TOUR DE FRANCE 2022 - Michael Matthews (BikeExchange - Jayco) a remport\u00e9 la 14\u00e8me \u00e9tape du Tour de France \u00e0 Mende, ce samedi.\" \/>\n<meta property=\"og:url\" content=\"https:\/\/dicodusport.fr\/blog\/tour-de-france-2022-michael-matthews-simpose-a-mende-sur-la-14eme-etape\/\" \/>\n<meta property=\"og:site_name\" content=\"Dicodusport\" \/>\n<meta property=\"article:publisher\" content=\"https:\/\/www.facebook.com\/dicodusport\" \/>\n<meta property=\"article:published_time\" content=\"2022-07-16T15:19:21+00:00\" \/>\n<meta property=\"article:modified_time\" content=\"2022-07-16T18:29:21+00:00\" \/>\n<meta property=\"og:image\" content=\"https:\/\/dicodusport.fr\/blog\/wp-content\/uploads\/2022\/07\/Tour-de-France-2022-Michael-Matthews-simpose-a-Mende-sur-la-14eme-etape-1.png\" \/>\n\t<meta property=\"og:image:width\" content=\"800\" \/>\n\t<meta property=\"og:image:height\" content=\"445\" \/>\n\t<meta property=\"og:image:type\" content=\"image\/png\" \/>\n<meta name=\"author\" content=\"Andr\u00e9a Lamy\" \/>\n<meta name=\"twitter:card\" content=\"summary_large_image\" \/>\n<meta name=\"twitter:title\" content=\"Tour de France 2022 : Michael Matthews s&#039;impose \u00e0 Mende sur la 14\u00e8me \u00e9tape\" \/>\n<meta name=\"twitter:creator\" content=\"@dicodusport\" \/>\n<meta name=\"twitter:site\" content=\"@dicodusport\" \/>\n<script type=\"application\/ld+json\" class=\"yoast-schema-graph\">{\"@context\":\"https:\/\/schema.org\",\"@graph\":[{\"@type\":\"NewsArticle\",\"@id\":\"https:\/\/dicodusport.fr\/blog\/tour-de-france-2022-michael-matthews-simpose-a-mende-sur-la-14eme-etape\/#article\",\"isPartOf\":{\"@id\":\"https:\/\/dicodusport.fr\/blog\/tour-de-france-2022-michael-matthews-simpose-a-mende-sur-la-14eme-etape\/\"},\"author\":{\"name\":\"Andr\u00e9a Lamy\",\"@id\":\"https:\/\/dicodusport.fr\/blog\/#\/schema\/person\/5b73f4b55b8683f37e9f75d6dc039f31\"},\"headline\":\"Tour de France 2022 : Michael Matthews s&rsquo;impose \u00e0 Mende sur la 14\u00e8me \u00e9tape\",\"datePublished\":\"2022-07-16T15:19:21+00:00\",\"dateModified\":\"2022-07-16T18:29:21+00:00\",\"mainEntityOfPage\":{\"@id\":\"https:\/\/dicodusport.fr\/blog\/tour-de-france-2022-michael-matthews-simpose-a-mende-sur-la-14eme-etape\/\"},\"wordCount\":1047,\"commentCount\":0,\"publisher\":{\"@id\":\"https:\/\/dicodusport.fr\/blog\/#organization\"},\"image\":{\"@id\":\"https:\/\/dicodusport.fr\/blog\/tour-de-france-2022-michael-matthews-simpose-a-mende-sur-la-14eme-etape\/#primaryimage\"},\"thumbnailUrl\":\"https:\/\/dicodusport.fr\/blog\/wp-content\/uploads\/2022\/07\/Tour-de-France-2022-Michael-Matthews-simpose-a-Mende-sur-la-14eme-etape-1.png\",\"keywords\":[\"sport\",\"Tour de France\"],\"articleSection\":[\"Tour de France\"],\"inLanguage\":\"fr-FR\",\"potentialAction\":[{\"@type\":\"CommentAction\",\"name\":\"Comment\",\"target\":[\"https:\/\/dicodusport.fr\/blog\/tour-de-france-2022-michael-matthews-simpose-a-mende-sur-la-14eme-etape\/#respond\"]}],\"copyrightYear\":\"2022\",\"copyrightHolder\":{\"@id\":\"https:\/\/dicodusport.fr\/blog\/#organization\"}},{\"@type\":\"WebPage\",\"@id\":\"https:\/\/dicodusport.fr\/blog\/tour-de-france-2022-michael-matthews-simpose-a-mende-sur-la-14eme-etape\/\",\"url\":\"https:\/\/dicodusport.fr\/blog\/tour-de-france-2022-michael-matthews-simpose-a-mende-sur-la-14eme-etape\/\",\"name\":\"Tour de France 2022 : Michael Matthews s'impose \u00e0 Mende sur la 14\u00e8me \u00e9tape\",\"isPartOf\":{\"@id\":\"https:\/\/dicodusport.fr\/blog\/#website\"},\"primaryImageOfPage\":{\"@id\":\"https:\/\/dicodusport.fr\/blog\/tour-de-france-2022-michael-matthews-simpose-a-mende-sur-la-14eme-etape\/#primaryimage\"},\"image\":{\"@id\":\"https:\/\/dicodusport.fr\/blog\/tour-de-france-2022-michael-matthews-simpose-a-mende-sur-la-14eme-etape\/#primaryimage\"},\"thumbnailUrl\":\"https:\/\/dicodusport.fr\/blog\/wp-content\/uploads\/2022\/07\/Tour-de-France-2022-Michael-Matthews-simpose-a-Mende-sur-la-14eme-etape-1.png\",\"datePublished\":\"2022-07-16T15:19:21+00:00\",\"dateModified\":\"2022-07-16T18:29:21+00:00\",\"description\":\"TOUR DE FRANCE 2022 - Michael Matthews (BikeExchange - Jayco) a remport\u00e9 la 14\u00e8me \u00e9tape du Tour de France \u00e0 Mende, ce samedi.\",\"breadcrumb\":{\"@id\":\"https:\/\/dicodusport.fr\/blog\/tour-de-france-2022-michael-matthews-simpose-a-mende-sur-la-14eme-etape\/#breadcrumb\"},\"inLanguage\":\"fr-FR\",\"potentialAction\":[{\"@type\":\"ReadAction\",\"target\":[\"https:\/\/dicodusport.fr\/blog\/tour-de-france-2022-michael-matthews-simpose-a-mende-sur-la-14eme-etape\/\"]}]},{\"@type\":\"ImageObject\",\"inLanguage\":\"fr-FR\",\"@id\":\"https:\/\/dicodusport.fr\/blog\/tour-de-france-2022-michael-matthews-simpose-a-mende-sur-la-14eme-etape\/#primaryimage\",\"url\":\"https:\/\/dicodusport.fr\/blog\/wp-content\/uploads\/2022\/07\/Tour-de-France-2022-Michael-Matthews-simpose-a-Mende-sur-la-14eme-etape-1.png\",\"contentUrl\":\"https:\/\/dicodusport.fr\/blog\/wp-content\/uploads\/2022\/07\/Tour-de-France-2022-Michael-Matthews-simpose-a-Mende-sur-la-14eme-etape-1.png\",\"width\":800,\"height\":445,\"caption\":\"Tour de France 2022 Michael Matthews s'impose \u00e0 Mende sur la 14\u00e8me \u00e9tape (1)\"},{\"@type\":\"BreadcrumbList\",\"@id\":\"https:\/\/dicodusport.fr\/blog\/tour-de-france-2022-michael-matthews-simpose-a-mende-sur-la-14eme-etape\/#breadcrumb\",\"itemListElement\":[{\"@type\":\"ListItem\",\"position\":1,\"name\":\"Accueil\",\"item\":\"https:\/\/dicodusport.fr\/blog\/\"},{\"@type\":\"ListItem\",\"position\":2,\"name\":\"Tour de France 2022 : Michael Matthews s&rsquo;impose \u00e0 Mende sur la 14\u00e8me \u00e9tape\"}]},{\"@type\":\"WebSite\",\"@id\":\"https:\/\/dicodusport.fr\/blog\/#website\",\"url\":\"https:\/\/dicodusport.fr\/blog\/\",\"name\":\"Dicodusport\",\"description\":\"L&#039;encyclop\u00e9die de l&#039;actualit\u00e9 sportive\",\"publisher\":{\"@id\":\"https:\/\/dicodusport.fr\/blog\/#organization\"},\"potentialAction\":[{\"@type\":\"SearchAction\",\"target\":{\"@type\":\"EntryPoint\",\"urlTemplate\":\"https:\/\/dicodusport.fr\/blog\/?s={search_term_string}\"},\"query-input\":{\"@type\":\"PropertyValueSpecification\",\"valueRequired\":true,\"valueName\":\"search_term_string\"}}],\"inLanguage\":\"fr-FR\"},{\"@type\":\"NewsMediaOrganization\",\"@id\":\"https:\/\/dicodusport.fr\/blog\/#organization\",\"name\":\"Dicodusport\",\"url\":\"https:\/\/dicodusport.fr\/blog\/\",\"logo\":{\"@type\":\"ImageObject\",\"inLanguage\":\"fr-FR\",\"@id\":\"https:\/\/dicodusport.fr\/blog\/#\/schema\/logo\/image\/\",\"url\":\"https:\/\/dicodusport.fr\/blog\/wp-content\/uploads\/2020\/06\/cropped-LOGO-DICODUSPORT-2020-SANS-FOND-SANS-TEXTE.png\",\"contentUrl\":\"https:\/\/dicodusport.fr\/blog\/wp-content\/uploads\/2020\/06\/cropped-LOGO-DICODUSPORT-2020-SANS-FOND-SANS-TEXTE.png\",\"width\":512,\"height\":512,\"caption\":\"Dicodusport\"},\"image\":{\"@id\":\"https:\/\/dicodusport.fr\/blog\/#\/schema\/logo\/image\/\"},\"sameAs\":[\"https:\/\/www.facebook.com\/dicodusport\",\"https:\/\/x.com\/dicodusport\",\"https:\/\/www.instagram.com\/dicodusport\/\",\"https:\/\/www.youtube.com\/channel\/UC7V2KZ5sd3htJivAbA4ZG3w\"],\"description\":\"Dicodusport est l'encyclop\u00e9die de l'actualit\u00e9 sportive.\",\"email\":\"bonjour@dicodusport.fr\",\"legalName\":\"DICODUSPORT\",\"foundingDate\":\"2018-01-14\",\"vatID\":\"FR71834470973\",\"taxID\":\"83447097300043\",\"numberOfEmployees\":{\"@type\":\"QuantitativeValue\",\"minValue\":\"1\",\"maxValue\":\"10\"}},{\"@type\":\"Person\",\"@id\":\"https:\/\/dicodusport.fr\/blog\/#\/schema\/person\/5b73f4b55b8683f37e9f75d6dc039f31\",\"name\":\"Andr\u00e9a Lamy\",\"image\":{\"@type\":\"ImageObject\",\"inLanguage\":\"fr-FR\",\"@id\":\"https:\/\/dicodusport.fr\/blog\/#\/schema\/person\/image\/\",\"url\":\"https:\/\/dicodusport.fr\/blog\/wp-content\/uploads\/2022\/03\/Andrea-150x150.jpg\",\"contentUrl\":\"https:\/\/dicodusport.fr\/blog\/wp-content\/uploads\/2022\/03\/Andrea-150x150.jpg\",\"caption\":\"Andr\u00e9a Lamy\"},\"url\":\"https:\/\/dicodusport.fr\/blog\/author\/andrea-lamy\/\"}]}<\/script>\n<!-- \/ Yoast SEO Premium plugin. -->","yoast_head_json":{"title":"Tour de France 2022 : Michael Matthews s'impose \u00e0 Mende sur la 14\u00e8me \u00e9tape","description":"TOUR DE FRANCE 2022 - Michael Matthews (BikeExchange - Jayco) a remport\u00e9 la 14\u00e8me \u00e9tape du Tour de France \u00e0 Mende, ce samedi.","robots":{"index":"index","follow":"follow","max-snippet":"max-snippet:-1","max-image-preview":"max-image-preview:large","max-video-preview":"max-video-preview:-1"},"canonical":"https:\/\/dicodusport.fr\/blog\/tour-de-france-2022-michael-matthews-simpose-a-mende-sur-la-14eme-etape\/","og_locale":"fr_FR","og_type":"article","og_title":"Tour de France 2022 : Michael Matthews s'impose \u00e0 Mende sur la 14\u00e8me \u00e9tape","og_description":"TOUR DE FRANCE 2022 - Michael Matthews (BikeExchange - Jayco) a remport\u00e9 la 14\u00e8me \u00e9tape du Tour de France \u00e0 Mende, ce samedi.","og_url":"https:\/\/dicodusport.fr\/blog\/tour-de-france-2022-michael-matthews-simpose-a-mende-sur-la-14eme-etape\/","og_site_name":"Dicodusport","article_publisher":"https:\/\/www.facebook.com\/dicodusport","article_published_time":"2022-07-16T15:19:21+00:00","article_modified_time":"2022-07-16T18:29:21+00:00","og_image":[{"width":800,"height":445,"url":"https:\/\/dicodusport.fr\/blog\/wp-content\/uploads\/2022\/07\/Tour-de-France-2022-Michael-Matthews-simpose-a-Mende-sur-la-14eme-etape-1.png","type":"image\/png"}],"author":"Andr\u00e9a Lamy","twitter_card":"summary_large_image","twitter_title":"Tour de France 2022 : Michael Matthews s'impose \u00e0 Mende sur la 14\u00e8me \u00e9tape","twitter_creator":"@dicodusport","twitter_site":"@dicodusport","schema":{"@context":"https:\/\/schema.org","@graph":[{"@type":"NewsArticle","@id":"https:\/\/dicodusport.fr\/blog\/tour-de-france-2022-michael-matthews-simpose-a-mende-sur-la-14eme-etape\/#article","isPartOf":{"@id":"https:\/\/dicodusport.fr\/blog\/tour-de-france-2022-michael-matthews-simpose-a-mende-sur-la-14eme-etape\/"},"author":{"name":"Andr\u00e9a Lamy","@id":"https:\/\/dicodusport.fr\/blog\/#\/schema\/person\/5b73f4b55b8683f37e9f75d6dc039f31"},"headline":"Tour de France 2022 : Michael Matthews s&rsquo;impose \u00e0 Mende sur la 14\u00e8me \u00e9tape","datePublished":"2022-07-16T15:19:21+00:00","dateModified":"2022-07-16T18:29:21+00:00","mainEntityOfPage":{"@id":"https:\/\/dicodusport.fr\/blog\/tour-de-france-2022-michael-matthews-simpose-a-mende-sur-la-14eme-etape\/"},"wordCount":1047,"commentCount":0,"publisher":{"@id":"https:\/\/dicodusport.fr\/blog\/#organization"},"image":{"@id":"https:\/\/dicodusport.fr\/blog\/tour-de-france-2022-michael-matthews-simpose-a-mende-sur-la-14eme-etape\/#primaryimage"},"thumbnailUrl":"https:\/\/dicodusport.fr\/blog\/wp-content\/uploads\/2022\/07\/Tour-de-France-2022-Michael-Matthews-simpose-a-Mende-sur-la-14eme-etape-1.png","keywords":["sport","Tour de France"],"articleSection":["Tour de France"],"inLanguage":"fr-FR","potentialAction":[{"@type":"CommentAction","name":"Comment","target":["https:\/\/dicodusport.fr\/blog\/tour-de-france-2022-michael-matthews-simpose-a-mende-sur-la-14eme-etape\/#respond"]}],"copyrightYear":"2022","copyrightHolder":{"@id":"https:\/\/dicodusport.fr\/blog\/#organization"}},{"@type":"WebPage","@id":"https:\/\/dicodusport.fr\/blog\/tour-de-france-2022-michael-matthews-simpose-a-mende-sur-la-14eme-etape\/","url":"https:\/\/dicodusport.fr\/blog\/tour-de-france-2022-michael-matthews-simpose-a-mende-sur-la-14eme-etape\/","name":"Tour de France 2022 : Michael Matthews s'impose \u00e0 Mende sur la 14\u00e8me \u00e9tape","isPartOf":{"@id":"https:\/\/dicodusport.fr\/blog\/#website"},"primaryImageOfPage":{"@id":"https:\/\/dicodusport.fr\/blog\/tour-de-france-2022-michael-matthews-simpose-a-mende-sur-la-14eme-etape\/#primaryimage"},"image":{"@id":"https:\/\/dicodusport.fr\/blog\/tour-de-france-2022-michael-matthews-simpose-a-mende-sur-la-14eme-etape\/#primaryimage"},"thumbnailUrl":"https:\/\/dicodusport.fr\/blog\/wp-content\/uploads\/2022\/07\/Tour-de-France-2022-Michael-Matthews-simpose-a-Mende-sur-la-14eme-etape-1.png","datePublished":"2022-07-16T15:19:21+00:00","dateModified":"2022-07-16T18:29:21+00:00","description":"TOUR DE FRANCE 2022 - Michael Matthews (BikeExchange - Jayco) a remport\u00e9 la 14\u00e8me \u00e9tape du Tour de France \u00e0 Mende, ce samedi.","breadcrumb":{"@id":"https:\/\/dicodusport.fr\/blog\/tour-de-france-2022-michael-matthews-simpose-a-mende-sur-la-14eme-etape\/#breadcrumb"},"inLanguage":"fr-FR","potentialAction":[{"@type":"ReadAction","target":["https:\/\/dicodusport.fr\/blog\/tour-de-france-2022-michael-matthews-simpose-a-mende-sur-la-14eme-etape\/"]}]},{"@type":"ImageObject","inLanguage":"fr-FR","@id":"https:\/\/dicodusport.fr\/blog\/tour-de-france-2022-michael-matthews-simpose-a-mende-sur-la-14eme-etape\/#primaryimage","url":"https:\/\/dicodusport.fr\/blog\/wp-content\/uploads\/2022\/07\/Tour-de-France-2022-Michael-Matthews-simpose-a-Mende-sur-la-14eme-etape-1.png","contentUrl":"https:\/\/dicodusport.fr\/blog\/wp-content\/uploads\/2022\/07\/Tour-de-France-2022-Michael-Matthews-simpose-a-Mende-sur-la-14eme-etape-1.png","width":800,"height":445,"caption":"Tour de France 2022 Michael Matthews s'impose \u00e0 Mende sur la 14\u00e8me \u00e9tape (1)"},{"@type":"BreadcrumbList","@id":"https:\/\/dicodusport.fr\/blog\/tour-de-france-2022-michael-matthews-simpose-a-mende-sur-la-14eme-etape\/#breadcrumb","itemListElement":[{"@type":"ListItem","position":1,"name":"Accueil","item":"https:\/\/dicodusport.fr\/blog\/"},{"@type":"ListItem","position":2,"name":"Tour de France 2022 : Michael Matthews s&rsquo;impose \u00e0 Mende sur la 14\u00e8me \u00e9tape"}]},{"@type":"WebSite","@id":"https:\/\/dicodusport.fr\/blog\/#website","url":"https:\/\/dicodusport.fr\/blog\/","name":"Dicodusport","description":"L&#039;encyclop\u00e9die de l&#039;actualit\u00e9 sportive","publisher":{"@id":"https:\/\/dicodusport.fr\/blog\/#organization"},"potentialAction":[{"@type":"SearchAction","target":{"@type":"EntryPoint","urlTemplate":"https:\/\/dicodusport.fr\/blog\/?s={search_term_string}"},"query-input":{"@type":"PropertyValueSpecification","valueRequired":true,"valueName":"search_term_string"}}],"inLanguage":"fr-FR"},{"@type":"NewsMediaOrganization","@id":"https:\/\/dicodusport.fr\/blog\/#organization","name":"Dicodusport","url":"https:\/\/dicodusport.fr\/blog\/","logo":{"@type":"ImageObject","inLanguage":"fr-FR","@id":"https:\/\/dicodusport.fr\/blog\/#\/schema\/logo\/image\/","url":"https:\/\/dicodusport.fr\/blog\/wp-content\/uploads\/2020\/06\/cropped-LOGO-DICODUSPORT-2020-SANS-FOND-SANS-TEXTE.png","contentUrl":"https:\/\/dicodusport.fr\/blog\/wp-content\/uploads\/2020\/06\/cropped-LOGO-DICODUSPORT-2020-SANS-FOND-SANS-TEXTE.png","width":512,"height":512,"caption":"Dicodusport"},"image":{"@id":"https:\/\/dicodusport.fr\/blog\/#\/schema\/logo\/image\/"},"sameAs":["https:\/\/www.facebook.com\/dicodusport","https:\/\/x.com\/dicodusport","https:\/\/www.instagram.com\/dicodusport\/","https:\/\/www.youtube.com\/channel\/UC7V2KZ5sd3htJivAbA4ZG3w"],"description":"Dicodusport est l'encyclop\u00e9die de l'actualit\u00e9 sportive.","email":"bonjour@dicodusport.fr","legalName":"DICODUSPORT","foundingDate":"2018-01-14","vatID":"FR71834470973","taxID":"83447097300043","numberOfEmployees":{"@type":"QuantitativeValue","minValue":"1","maxValue":"10"}},{"@type":"Person","@id":"https:\/\/dicodusport.fr\/blog\/#\/schema\/person\/5b73f4b55b8683f37e9f75d6dc039f31","name":"Andr\u00e9a Lamy","image":{"@type":"ImageObject","inLanguage":"fr-FR","@id":"https:\/\/dicodusport.fr\/blog\/#\/schema\/person\/image\/","url":"https:\/\/dicodusport.fr\/blog\/wp-content\/uploads\/2022\/03\/Andrea-150x150.jpg","contentUrl":"https:\/\/dicodusport.fr\/blog\/wp-content\/uploads\/2022\/03\/Andrea-150x150.jpg","caption":"Andr\u00e9a Lamy"},"url":"https:\/\/dicodusport.fr\/blog\/author\/andrea-lamy\/"}]}},"_links":{"self":[{"href":"https:\/\/dicodusport.fr\/blog\/wp-json\/wp\/v2\/posts\/243800","targetHints":{"allow":["GET"]}}],"collection":[{"href":"https:\/\/dicodusport.fr\/blog\/wp-json\/wp\/v2\/posts"}],"about":[{"href":"https:\/\/dicodusport.fr\/blog\/wp-json\/wp\/v2\/types\/post"}],"author":[{"embeddable":true,"href":"https:\/\/dicodusport.fr\/blog\/wp-json\/wp\/v2\/users\/62"}],"replies":[{"embeddable":true,"href":"https:\/\/dicodusport.fr\/blog\/wp-json\/wp\/v2\/comments?post=243800"}],"version-history":[{"count":0,"href":"https:\/\/dicodusport.fr\/blog\/wp-json\/wp\/v2\/posts\/243800\/revisions"}],"wp:featuredmedia":[{"embeddable":true,"href":"https:\/\/dicodusport.fr\/blog\/wp-json\/wp\/v2\/media\/243857"}],"wp:attachment":[{"href":"https:\/\/dicodusport.fr\/blog\/wp-json\/wp\/v2\/media?parent=243800"}],"wp:term":[{"taxonomy":"category","embeddable":true,"href":"https:\/\/dicodusport.fr\/blog\/wp-json\/wp\/v2\/categories?post=243800"},{"taxonomy":"post_tag","embeddable":true,"href":"https:\/\/dicodusport.fr\/blog\/wp-json\/wp\/v2\/tags?post=243800"}],"curies":[{"name":"wp","href":"https:\/\/api.w.org\/{rel}","templated":true}]}}