{"id":243861,"date":"2022-07-16T18:13:42","date_gmt":"2022-07-16T16:13:42","guid":{"rendered":"https:\/\/dicodusport.fr\/blog\/?p=243861&#038;preview=true&#038;preview_id=243861"},"modified":"2022-07-16T20:32:05","modified_gmt":"2022-07-16T18:32:05","slug":"thibaut-pinot-je-nai-pas-mes-grandes-jambes","status":"publish","type":"post","link":"https:\/\/dicodusport.fr\/blog\/thibaut-pinot-je-nai-pas-mes-grandes-jambes\/","title":{"rendered":"Thibaut Pinot : \u00ab\u00a0Je n&rsquo;ai pas mes grandes jambes\u00a0\u00bb"},"content":{"rendered":"<p style=\"text-align: justify;\"><strong><em><a style=\"font-weight: bold;\" href=\"https:\/\/dicodusport.fr\/blog\/?s=tour+de+france+2022\">TOUR DE FRANCE 2022<\/a> &#8211; Troisi\u00e8me \u00e0 l&rsquo;arriv\u00e9e \u00e0 Mende, Thibaut Pinot (Groupama-FDJ) n&rsquo;avait pas de regrets, alors qu&rsquo;il a conc\u00e9d\u00e9 ne pas avoir de tr\u00e8s bonnes sensations.<\/em><\/strong><\/p>\n<p style=\"text-align: justify;\">Il a mis longtemps \u00e0 embrayer dans la <strong>Mont\u00e9e Jalabert<\/strong> et il s&rsquo;en est expliqu\u00e9 ensuite sur <em>France T\u00e9l\u00e9visions<\/em>. <strong>Thibaut Pinot<\/strong> a confess\u00e9 qu&rsquo;il n&rsquo;avait pas de tr\u00e8s bonnes jambes et qu&rsquo;il avait fait du mieux possible ce samedi.<\/p>\n<blockquote>\n<p style=\"text-align: justify;\">C&rsquo;\u00e9tait une \u00e9tape difficile mais je n&rsquo;ai pas grand-chose \u00e0 regretter. Je n&rsquo;ai pas mes grandes jambes, je fais avec les moyens que j&rsquo;ai. Il m&rsquo;en manquait un peu mais c&rsquo;est quand m\u00eame positif. On verra dans les Pyr\u00e9n\u00e9es.<\/p>\n<\/blockquote>\n<p style=\"text-align: justify;\">Nouvelle place d&rsquo;honneur pour le Franc-Comtois sur ce <strong>Tour de France<\/strong>, apr\u00e8s la quatri\u00e8me place \u00e0 Ch\u00e2tel. Il restera quelques \u00e9tapes dans les <strong>Pyr\u00e9n\u00e9es<\/strong> \u00e0 <strong>Thibaut Pinot<\/strong> pour tenter d&rsquo;accrocher une victoire d&rsquo;\u00e9tape sur cette Grande Boucle 2022.<\/p>\n<blockquote class=\"twitter-tweet\">\n<p dir=\"ltr\" lang=\"fr\">&#x1f399; \u00ab\u00a0J&rsquo;ai pas grand chose \u00e0 regretter&#8230;\u00a0\u00bb<br \/>\nLucide, Thibaut Pinot est d\u00e9\u00e7u de ne pas avoir pu disputer la victoire, mais le Fran\u00e7ais a d\u00e9j\u00e0 l&rsquo;esprit tourn\u00e9 vers les Pyr\u00e9n\u00e9es. <a href=\"https:\/\/twitter.com\/hashtag\/TDF2022?src=hash&amp;ref_src=twsrc%5Etfw\">#TDF2022<\/a><\/p>\n<p>&#x1f7e1; Le DIRECT : <a href=\"https:\/\/t.co\/5ZXULfZ5os\">https:\/\/t.co\/5ZXULfZ5os<\/a> <a href=\"https:\/\/t.co\/1GRVUFpPFP\">pic.twitter.com\/1GRVUFpPFP<\/a><\/p>\n<p>\u2014 francetvsport (@francetvsport) <a href=\"https:\/\/twitter.com\/francetvsport\/status\/1548336080197300224?ref_src=twsrc%5Etfw\">July 16, 2022<\/a><\/p><\/blockquote>\n<p style=\"text-align: justify;\"><script async src=\"https:\/\/platform.twitter.com\/widgets.js\" charset=\"utf-8\"><\/script><\/p>\n<h2 style=\"text-align: justify;\">\u00c0 lire aussi<\/h2>\n<ul>\n<li style=\"text-align: justify;\"><a href=\"https:\/\/dicodusport.fr\/blog\/tour-de-france-2022-classement-12eme-etape\/\"><strong>Le classement de la 14\u00e8me du Tour de France 2022<\/strong><\/a><\/li>\n<li style=\"text-align: justify;\"><a href=\"https:\/\/dicodusport.fr\/blog\/classement-general-tour-de-france-2022-maillot-jaune\/\"><strong>Le classement g\u00e9n\u00e9ral du Tour de France<\/strong><\/a><\/li>\n<\/ul>\n","protected":false},"excerpt":{"rendered":"<p>TOUR DE FRANCE 2022 &#8211; Troisi\u00e8me \u00e0 l&rsquo;arriv\u00e9e \u00e0 Mende, Thibaut Pinot (Groupama-FDJ) n&rsquo;avait pas de regrets, alors qu&rsquo;il a conc\u00e9d\u00e9 ne pas avoir de tr\u00e8s bonnes sensations.<\/p>\n","protected":false},"author":1,"featured_media":243863,"comment_status":"open","ping_status":"closed","sticky":false,"template":"","format":"standard","meta":{"_acf_changed":false,"_daextam_enable_autolinks":"","footnotes":""},"categories":[46995],"tags":[3279,3596,4839],"class_list":["post-243861","post","type-post","status-publish","format-standard","has-post-thumbnail","hentry","category-tour-de-france","tag-groupama-fdj","tag-pinot","tag-thibaut-pinot"],"acf":[],"yoast_head":"<!-- This site is optimized with the Yoast SEO Premium plugin v26.7 (Yoast SEO v26.7) - https:\/\/yoast.com\/wordpress\/plugins\/seo\/ -->\n<title>Thibaut Pinot : &quot;Je n&#039;ai pas mes grandes jambes&quot;<\/title>\n<meta name=\"description\" content=\"TOUR DE FRANCE 2022 - Troisi\u00e8me \u00e0 l&#039;arriv\u00e9e \u00e0 Mende, Thibaut Pinot n&#039;avait pas de regrets alors qu&#039;il a conc\u00e9d\u00e9 ne pas avoir de tr\u00e8s bonnes sensations.\" \/>\n<meta name=\"robots\" content=\"index, follow, max-snippet:-1, max-image-preview:large, max-video-preview:-1\" \/>\n<link rel=\"canonical\" href=\"https:\/\/dicodusport.fr\/blog\/thibaut-pinot-je-nai-pas-mes-grandes-jambes\/\" \/>\n<meta property=\"og:locale\" content=\"fr_FR\" \/>\n<meta property=\"og:type\" content=\"article\" \/>\n<meta property=\"og:title\" content=\"Thibaut Pinot : &quot;Je n&#039;ai pas mes grandes jambes&quot;\" \/>\n<meta property=\"og:description\" content=\"TOUR DE FRANCE 2022 - Troisi\u00e8me \u00e0 l&#039;arriv\u00e9e \u00e0 Mende, Thibaut Pinot n&#039;avait pas de regrets alors qu&#039;il a conc\u00e9d\u00e9 ne pas avoir de tr\u00e8s bonnes sensations.\" \/>\n<meta property=\"og:url\" content=\"https:\/\/dicodusport.fr\/blog\/thibaut-pinot-je-nai-pas-mes-grandes-jambes\/\" \/>\n<meta property=\"og:site_name\" content=\"Dicodusport\" \/>\n<meta property=\"article:publisher\" content=\"https:\/\/www.facebook.com\/dicodusport\" \/>\n<meta property=\"article:author\" content=\"https:\/\/www.facebook.com\/dicodusport\" \/>\n<meta property=\"article:published_time\" content=\"2022-07-16T16:13:42+00:00\" \/>\n<meta property=\"article:modified_time\" content=\"2022-07-16T18:32:05+00:00\" \/>\n<meta property=\"og:image\" content=\"https:\/\/dicodusport.fr\/blog\/wp-content\/uploads\/2022\/07\/Thibaut-Pinot-Je-nai-pas-de-grandes-jambes.png\" \/>\n\t<meta property=\"og:image:width\" content=\"800\" \/>\n\t<meta property=\"og:image:height\" content=\"445\" \/>\n\t<meta property=\"og:image:type\" content=\"image\/png\" \/>\n<meta name=\"author\" content=\"Nicolas Jacquemard\" \/>\n<meta name=\"twitter:card\" content=\"summary_large_image\" \/>\n<meta name=\"twitter:title\" content=\"Thibaut Pinot : &quot;Je n&#039;ai pas mes grandes jambes&quot;\" \/>\n<meta name=\"twitter:creator\" content=\"@https:\/\/twitter.com\/Nico_Jacquemard\" \/>\n<meta name=\"twitter:site\" content=\"@dicodusport\" \/>\n<script type=\"application\/ld+json\" class=\"yoast-schema-graph\">{\"@context\":\"https:\/\/schema.org\",\"@graph\":[{\"@type\":\"NewsArticle\",\"@id\":\"https:\/\/dicodusport.fr\/blog\/thibaut-pinot-je-nai-pas-mes-grandes-jambes\/#article\",\"isPartOf\":{\"@id\":\"https:\/\/dicodusport.fr\/blog\/thibaut-pinot-je-nai-pas-mes-grandes-jambes\/\"},\"author\":{\"name\":\"Nicolas Jacquemard\",\"@id\":\"https:\/\/dicodusport.fr\/blog\/#\/schema\/person\/55dcb50ad410894e431ed812bbb70191\"},\"headline\":\"Thibaut Pinot : \u00ab\u00a0Je n&rsquo;ai pas mes grandes jambes\u00a0\u00bb\",\"datePublished\":\"2022-07-16T16:13:42+00:00\",\"dateModified\":\"2022-07-16T18:32:05+00:00\",\"mainEntityOfPage\":{\"@id\":\"https:\/\/dicodusport.fr\/blog\/thibaut-pinot-je-nai-pas-mes-grandes-jambes\/\"},\"wordCount\":252,\"commentCount\":0,\"publisher\":{\"@id\":\"https:\/\/dicodusport.fr\/blog\/#organization\"},\"image\":{\"@id\":\"https:\/\/dicodusport.fr\/blog\/thibaut-pinot-je-nai-pas-mes-grandes-jambes\/#primaryimage\"},\"thumbnailUrl\":\"https:\/\/dicodusport.fr\/blog\/wp-content\/uploads\/2022\/07\/Thibaut-Pinot-Je-nai-pas-de-grandes-jambes.png\",\"keywords\":[\"Groupama FDJ\",\"Pinot\",\"Thibaut Pinot\"],\"articleSection\":[\"Tour de France\"],\"inLanguage\":\"fr-FR\",\"potentialAction\":[{\"@type\":\"CommentAction\",\"name\":\"Comment\",\"target\":[\"https:\/\/dicodusport.fr\/blog\/thibaut-pinot-je-nai-pas-mes-grandes-jambes\/#respond\"]}],\"copyrightYear\":\"2022\",\"copyrightHolder\":{\"@id\":\"https:\/\/dicodusport.fr\/blog\/#organization\"}},{\"@type\":\"WebPage\",\"@id\":\"https:\/\/dicodusport.fr\/blog\/thibaut-pinot-je-nai-pas-mes-grandes-jambes\/\",\"url\":\"https:\/\/dicodusport.fr\/blog\/thibaut-pinot-je-nai-pas-mes-grandes-jambes\/\",\"name\":\"Thibaut Pinot : \\\"Je n'ai pas mes grandes jambes\\\"\",\"isPartOf\":{\"@id\":\"https:\/\/dicodusport.fr\/blog\/#website\"},\"primaryImageOfPage\":{\"@id\":\"https:\/\/dicodusport.fr\/blog\/thibaut-pinot-je-nai-pas-mes-grandes-jambes\/#primaryimage\"},\"image\":{\"@id\":\"https:\/\/dicodusport.fr\/blog\/thibaut-pinot-je-nai-pas-mes-grandes-jambes\/#primaryimage\"},\"thumbnailUrl\":\"https:\/\/dicodusport.fr\/blog\/wp-content\/uploads\/2022\/07\/Thibaut-Pinot-Je-nai-pas-de-grandes-jambes.png\",\"datePublished\":\"2022-07-16T16:13:42+00:00\",\"dateModified\":\"2022-07-16T18:32:05+00:00\",\"description\":\"TOUR DE FRANCE 2022 - Troisi\u00e8me \u00e0 l'arriv\u00e9e \u00e0 Mende, Thibaut Pinot n'avait pas de regrets alors qu'il a conc\u00e9d\u00e9 ne pas avoir de tr\u00e8s bonnes sensations.\",\"breadcrumb\":{\"@id\":\"https:\/\/dicodusport.fr\/blog\/thibaut-pinot-je-nai-pas-mes-grandes-jambes\/#breadcrumb\"},\"inLanguage\":\"fr-FR\",\"potentialAction\":[{\"@type\":\"ReadAction\",\"target\":[\"https:\/\/dicodusport.fr\/blog\/thibaut-pinot-je-nai-pas-mes-grandes-jambes\/\"]}]},{\"@type\":\"ImageObject\",\"inLanguage\":\"fr-FR\",\"@id\":\"https:\/\/dicodusport.fr\/blog\/thibaut-pinot-je-nai-pas-mes-grandes-jambes\/#primaryimage\",\"url\":\"https:\/\/dicodusport.fr\/blog\/wp-content\/uploads\/2022\/07\/Thibaut-Pinot-Je-nai-pas-de-grandes-jambes.png\",\"contentUrl\":\"https:\/\/dicodusport.fr\/blog\/wp-content\/uploads\/2022\/07\/Thibaut-Pinot-Je-nai-pas-de-grandes-jambes.png\",\"width\":800,\"height\":445},{\"@type\":\"BreadcrumbList\",\"@id\":\"https:\/\/dicodusport.fr\/blog\/thibaut-pinot-je-nai-pas-mes-grandes-jambes\/#breadcrumb\",\"itemListElement\":[{\"@type\":\"ListItem\",\"position\":1,\"name\":\"Accueil\",\"item\":\"https:\/\/dicodusport.fr\/blog\/\"},{\"@type\":\"ListItem\",\"position\":2,\"name\":\"Thibaut Pinot : \u00ab\u00a0Je n&rsquo;ai pas mes grandes jambes\u00a0\u00bb\"}]},{\"@type\":\"WebSite\",\"@id\":\"https:\/\/dicodusport.fr\/blog\/#website\",\"url\":\"https:\/\/dicodusport.fr\/blog\/\",\"name\":\"Dicodusport\",\"description\":\"L&#039;encyclop\u00e9die de l&#039;actualit\u00e9 sportive\",\"publisher\":{\"@id\":\"https:\/\/dicodusport.fr\/blog\/#organization\"},\"potentialAction\":[{\"@type\":\"SearchAction\",\"target\":{\"@type\":\"EntryPoint\",\"urlTemplate\":\"https:\/\/dicodusport.fr\/blog\/?s={search_term_string}\"},\"query-input\":{\"@type\":\"PropertyValueSpecification\",\"valueRequired\":true,\"valueName\":\"search_term_string\"}}],\"inLanguage\":\"fr-FR\"},{\"@type\":\"NewsMediaOrganization\",\"@id\":\"https:\/\/dicodusport.fr\/blog\/#organization\",\"name\":\"Dicodusport\",\"url\":\"https:\/\/dicodusport.fr\/blog\/\",\"logo\":{\"@type\":\"ImageObject\",\"inLanguage\":\"fr-FR\",\"@id\":\"https:\/\/dicodusport.fr\/blog\/#\/schema\/logo\/image\/\",\"url\":\"https:\/\/dicodusport.fr\/blog\/wp-content\/uploads\/2020\/06\/cropped-LOGO-DICODUSPORT-2020-SANS-FOND-SANS-TEXTE.png\",\"contentUrl\":\"https:\/\/dicodusport.fr\/blog\/wp-content\/uploads\/2020\/06\/cropped-LOGO-DICODUSPORT-2020-SANS-FOND-SANS-TEXTE.png\",\"width\":512,\"height\":512,\"caption\":\"Dicodusport\"},\"image\":{\"@id\":\"https:\/\/dicodusport.fr\/blog\/#\/schema\/logo\/image\/\"},\"sameAs\":[\"https:\/\/www.facebook.com\/dicodusport\",\"https:\/\/x.com\/dicodusport\",\"https:\/\/www.instagram.com\/dicodusport\/\",\"https:\/\/www.youtube.com\/channel\/UC7V2KZ5sd3htJivAbA4ZG3w\"],\"description\":\"Dicodusport est l'encyclop\u00e9die de l'actualit\u00e9 sportive.\",\"email\":\"bonjour@dicodusport.fr\",\"legalName\":\"DICODUSPORT\",\"foundingDate\":\"2018-01-14\",\"vatID\":\"FR71834470973\",\"taxID\":\"83447097300043\",\"numberOfEmployees\":{\"@type\":\"QuantitativeValue\",\"minValue\":\"1\",\"maxValue\":\"10\"}},{\"@type\":\"Person\",\"@id\":\"https:\/\/dicodusport.fr\/blog\/#\/schema\/person\/55dcb50ad410894e431ed812bbb70191\",\"name\":\"Nicolas Jacquemard\",\"image\":{\"@type\":\"ImageObject\",\"inLanguage\":\"fr-FR\",\"@id\":\"https:\/\/dicodusport.fr\/blog\/#\/schema\/person\/image\/\",\"url\":\"https:\/\/dicodusport.fr\/blog\/wp-content\/uploads\/2021\/05\/Nicolas-Jacquemard-150x150.jpeg\",\"contentUrl\":\"https:\/\/dicodusport.fr\/blog\/wp-content\/uploads\/2021\/05\/Nicolas-Jacquemard-150x150.jpeg\",\"caption\":\"Nicolas Jacquemard\"},\"description\":\"Passionn\u00e9 de sport et entrepreneur depuis mes 18 ans, la cr\u00e9ation de Dicodusport m'a sembl\u00e9 \u00e9vidente pour participer \u00e0 la m\u00e9diatisation d'un plus grand nombre de sports. Le chemin est long mais avec une \u00e9quipe des plus motiv\u00e9es et les Jeux Olympiques de Paris 2024 en point de mire, nous y arriverons ! Journaliste dans le monde du sport depuis plus de 5 ans, je traite aussi bien de football, de rugby, de biathlon que de cyclisme.\",\"sameAs\":[\"https:\/\/www.facebook.com\/dicodusport\",\"https:\/\/x.com\/https:\/\/twitter.com\/Nico_Jacquemard\"],\"url\":\"https:\/\/dicodusport.fr\/blog\/author\/dicodusport\/\"}]}<\/script>\n<!-- \/ Yoast SEO Premium plugin. -->","yoast_head_json":{"title":"Thibaut Pinot : \"Je n'ai pas mes grandes jambes\"","description":"TOUR DE FRANCE 2022 - Troisi\u00e8me \u00e0 l'arriv\u00e9e \u00e0 Mende, Thibaut Pinot n'avait pas de regrets alors qu'il a conc\u00e9d\u00e9 ne pas avoir de tr\u00e8s bonnes sensations.","robots":{"index":"index","follow":"follow","max-snippet":"max-snippet:-1","max-image-preview":"max-image-preview:large","max-video-preview":"max-video-preview:-1"},"canonical":"https:\/\/dicodusport.fr\/blog\/thibaut-pinot-je-nai-pas-mes-grandes-jambes\/","og_locale":"fr_FR","og_type":"article","og_title":"Thibaut Pinot : \"Je n'ai pas mes grandes jambes\"","og_description":"TOUR DE FRANCE 2022 - Troisi\u00e8me \u00e0 l'arriv\u00e9e \u00e0 Mende, Thibaut Pinot n'avait pas de regrets alors qu'il a conc\u00e9d\u00e9 ne pas avoir de tr\u00e8s bonnes sensations.","og_url":"https:\/\/dicodusport.fr\/blog\/thibaut-pinot-je-nai-pas-mes-grandes-jambes\/","og_site_name":"Dicodusport","article_publisher":"https:\/\/www.facebook.com\/dicodusport","article_author":"https:\/\/www.facebook.com\/dicodusport","article_published_time":"2022-07-16T16:13:42+00:00","article_modified_time":"2022-07-16T18:32:05+00:00","og_image":[{"width":800,"height":445,"url":"https:\/\/dicodusport.fr\/blog\/wp-content\/uploads\/2022\/07\/Thibaut-Pinot-Je-nai-pas-de-grandes-jambes.png","type":"image\/png"}],"author":"Nicolas Jacquemard","twitter_card":"summary_large_image","twitter_title":"Thibaut Pinot : \"Je n'ai pas mes grandes jambes\"","twitter_creator":"@https:\/\/twitter.com\/Nico_Jacquemard","twitter_site":"@dicodusport","schema":{"@context":"https:\/\/schema.org","@graph":[{"@type":"NewsArticle","@id":"https:\/\/dicodusport.fr\/blog\/thibaut-pinot-je-nai-pas-mes-grandes-jambes\/#article","isPartOf":{"@id":"https:\/\/dicodusport.fr\/blog\/thibaut-pinot-je-nai-pas-mes-grandes-jambes\/"},"author":{"name":"Nicolas Jacquemard","@id":"https:\/\/dicodusport.fr\/blog\/#\/schema\/person\/55dcb50ad410894e431ed812bbb70191"},"headline":"Thibaut Pinot : \u00ab\u00a0Je n&rsquo;ai pas mes grandes jambes\u00a0\u00bb","datePublished":"2022-07-16T16:13:42+00:00","dateModified":"2022-07-16T18:32:05+00:00","mainEntityOfPage":{"@id":"https:\/\/dicodusport.fr\/blog\/thibaut-pinot-je-nai-pas-mes-grandes-jambes\/"},"wordCount":252,"commentCount":0,"publisher":{"@id":"https:\/\/dicodusport.fr\/blog\/#organization"},"image":{"@id":"https:\/\/dicodusport.fr\/blog\/thibaut-pinot-je-nai-pas-mes-grandes-jambes\/#primaryimage"},"thumbnailUrl":"https:\/\/dicodusport.fr\/blog\/wp-content\/uploads\/2022\/07\/Thibaut-Pinot-Je-nai-pas-de-grandes-jambes.png","keywords":["Groupama FDJ","Pinot","Thibaut Pinot"],"articleSection":["Tour de France"],"inLanguage":"fr-FR","potentialAction":[{"@type":"CommentAction","name":"Comment","target":["https:\/\/dicodusport.fr\/blog\/thibaut-pinot-je-nai-pas-mes-grandes-jambes\/#respond"]}],"copyrightYear":"2022","copyrightHolder":{"@id":"https:\/\/dicodusport.fr\/blog\/#organization"}},{"@type":"WebPage","@id":"https:\/\/dicodusport.fr\/blog\/thibaut-pinot-je-nai-pas-mes-grandes-jambes\/","url":"https:\/\/dicodusport.fr\/blog\/thibaut-pinot-je-nai-pas-mes-grandes-jambes\/","name":"Thibaut Pinot : \"Je n'ai pas mes grandes jambes\"","isPartOf":{"@id":"https:\/\/dicodusport.fr\/blog\/#website"},"primaryImageOfPage":{"@id":"https:\/\/dicodusport.fr\/blog\/thibaut-pinot-je-nai-pas-mes-grandes-jambes\/#primaryimage"},"image":{"@id":"https:\/\/dicodusport.fr\/blog\/thibaut-pinot-je-nai-pas-mes-grandes-jambes\/#primaryimage"},"thumbnailUrl":"https:\/\/dicodusport.fr\/blog\/wp-content\/uploads\/2022\/07\/Thibaut-Pinot-Je-nai-pas-de-grandes-jambes.png","datePublished":"2022-07-16T16:13:42+00:00","dateModified":"2022-07-16T18:32:05+00:00","description":"TOUR DE FRANCE 2022 - Troisi\u00e8me \u00e0 l'arriv\u00e9e \u00e0 Mende, Thibaut Pinot n'avait pas de regrets alors qu'il a conc\u00e9d\u00e9 ne pas avoir de tr\u00e8s bonnes sensations.","breadcrumb":{"@id":"https:\/\/dicodusport.fr\/blog\/thibaut-pinot-je-nai-pas-mes-grandes-jambes\/#breadcrumb"},"inLanguage":"fr-FR","potentialAction":[{"@type":"ReadAction","target":["https:\/\/dicodusport.fr\/blog\/thibaut-pinot-je-nai-pas-mes-grandes-jambes\/"]}]},{"@type":"ImageObject","inLanguage":"fr-FR","@id":"https:\/\/dicodusport.fr\/blog\/thibaut-pinot-je-nai-pas-mes-grandes-jambes\/#primaryimage","url":"https:\/\/dicodusport.fr\/blog\/wp-content\/uploads\/2022\/07\/Thibaut-Pinot-Je-nai-pas-de-grandes-jambes.png","contentUrl":"https:\/\/dicodusport.fr\/blog\/wp-content\/uploads\/2022\/07\/Thibaut-Pinot-Je-nai-pas-de-grandes-jambes.png","width":800,"height":445},{"@type":"BreadcrumbList","@id":"https:\/\/dicodusport.fr\/blog\/thibaut-pinot-je-nai-pas-mes-grandes-jambes\/#breadcrumb","itemListElement":[{"@type":"ListItem","position":1,"name":"Accueil","item":"https:\/\/dicodusport.fr\/blog\/"},{"@type":"ListItem","position":2,"name":"Thibaut Pinot : \u00ab\u00a0Je n&rsquo;ai pas mes grandes jambes\u00a0\u00bb"}]},{"@type":"WebSite","@id":"https:\/\/dicodusport.fr\/blog\/#website","url":"https:\/\/dicodusport.fr\/blog\/","name":"Dicodusport","description":"L&#039;encyclop\u00e9die de l&#039;actualit\u00e9 sportive","publisher":{"@id":"https:\/\/dicodusport.fr\/blog\/#organization"},"potentialAction":[{"@type":"SearchAction","target":{"@type":"EntryPoint","urlTemplate":"https:\/\/dicodusport.fr\/blog\/?s={search_term_string}"},"query-input":{"@type":"PropertyValueSpecification","valueRequired":true,"valueName":"search_term_string"}}],"inLanguage":"fr-FR"},{"@type":"NewsMediaOrganization","@id":"https:\/\/dicodusport.fr\/blog\/#organization","name":"Dicodusport","url":"https:\/\/dicodusport.fr\/blog\/","logo":{"@type":"ImageObject","inLanguage":"fr-FR","@id":"https:\/\/dicodusport.fr\/blog\/#\/schema\/logo\/image\/","url":"https:\/\/dicodusport.fr\/blog\/wp-content\/uploads\/2020\/06\/cropped-LOGO-DICODUSPORT-2020-SANS-FOND-SANS-TEXTE.png","contentUrl":"https:\/\/dicodusport.fr\/blog\/wp-content\/uploads\/2020\/06\/cropped-LOGO-DICODUSPORT-2020-SANS-FOND-SANS-TEXTE.png","width":512,"height":512,"caption":"Dicodusport"},"image":{"@id":"https:\/\/dicodusport.fr\/blog\/#\/schema\/logo\/image\/"},"sameAs":["https:\/\/www.facebook.com\/dicodusport","https:\/\/x.com\/dicodusport","https:\/\/www.instagram.com\/dicodusport\/","https:\/\/www.youtube.com\/channel\/UC7V2KZ5sd3htJivAbA4ZG3w"],"description":"Dicodusport est l'encyclop\u00e9die de l'actualit\u00e9 sportive.","email":"bonjour@dicodusport.fr","legalName":"DICODUSPORT","foundingDate":"2018-01-14","vatID":"FR71834470973","taxID":"83447097300043","numberOfEmployees":{"@type":"QuantitativeValue","minValue":"1","maxValue":"10"}},{"@type":"Person","@id":"https:\/\/dicodusport.fr\/blog\/#\/schema\/person\/55dcb50ad410894e431ed812bbb70191","name":"Nicolas Jacquemard","image":{"@type":"ImageObject","inLanguage":"fr-FR","@id":"https:\/\/dicodusport.fr\/blog\/#\/schema\/person\/image\/","url":"https:\/\/dicodusport.fr\/blog\/wp-content\/uploads\/2021\/05\/Nicolas-Jacquemard-150x150.jpeg","contentUrl":"https:\/\/dicodusport.fr\/blog\/wp-content\/uploads\/2021\/05\/Nicolas-Jacquemard-150x150.jpeg","caption":"Nicolas Jacquemard"},"description":"Passionn\u00e9 de sport et entrepreneur depuis mes 18 ans, la cr\u00e9ation de Dicodusport m'a sembl\u00e9 \u00e9vidente pour participer \u00e0 la m\u00e9diatisation d'un plus grand nombre de sports. Le chemin est long mais avec une \u00e9quipe des plus motiv\u00e9es et les Jeux Olympiques de Paris 2024 en point de mire, nous y arriverons ! Journaliste dans le monde du sport depuis plus de 5 ans, je traite aussi bien de football, de rugby, de biathlon que de cyclisme.","sameAs":["https:\/\/www.facebook.com\/dicodusport","https:\/\/x.com\/https:\/\/twitter.com\/Nico_Jacquemard"],"url":"https:\/\/dicodusport.fr\/blog\/author\/dicodusport\/"}]}},"_links":{"self":[{"href":"https:\/\/dicodusport.fr\/blog\/wp-json\/wp\/v2\/posts\/243861","targetHints":{"allow":["GET"]}}],"collection":[{"href":"https:\/\/dicodusport.fr\/blog\/wp-json\/wp\/v2\/posts"}],"about":[{"href":"https:\/\/dicodusport.fr\/blog\/wp-json\/wp\/v2\/types\/post"}],"author":[{"embeddable":true,"href":"https:\/\/dicodusport.fr\/blog\/wp-json\/wp\/v2\/users\/1"}],"replies":[{"embeddable":true,"href":"https:\/\/dicodusport.fr\/blog\/wp-json\/wp\/v2\/comments?post=243861"}],"version-history":[{"count":0,"href":"https:\/\/dicodusport.fr\/blog\/wp-json\/wp\/v2\/posts\/243861\/revisions"}],"wp:featuredmedia":[{"embeddable":true,"href":"https:\/\/dicodusport.fr\/blog\/wp-json\/wp\/v2\/media\/243863"}],"wp:attachment":[{"href":"https:\/\/dicodusport.fr\/blog\/wp-json\/wp\/v2\/media?parent=243861"}],"wp:term":[{"taxonomy":"category","embeddable":true,"href":"https:\/\/dicodusport.fr\/blog\/wp-json\/wp\/v2\/categories?post=243861"},{"taxonomy":"post_tag","embeddable":true,"href":"https:\/\/dicodusport.fr\/blog\/wp-json\/wp\/v2\/tags?post=243861"}],"curies":[{"name":"wp","href":"https:\/\/api.w.org\/{rel}","templated":true}]}}