{"id":243862,"date":"2022-07-16T18:56:08","date_gmt":"2022-07-16T16:56:08","guid":{"rendered":"https:\/\/dicodusport.fr\/blog\/?p=243862&#038;preview=true&#038;preview_id=243862"},"modified":"2022-07-17T14:35:48","modified_gmt":"2022-07-17T12:35:48","slug":"judo-grand-prix-de-zagreb-2022-alpha-oumar-djalo-remporte-lor","status":"publish","type":"post","link":"https:\/\/dicodusport.fr\/blog\/judo-grand-prix-de-zagreb-2022-alpha-oumar-djalo-remporte-lor\/","title":{"rendered":"Judo &#8211; Grand Prix de Zagreb 2022 : Alpha Oumar Djalo remporte l&rsquo;or"},"content":{"rendered":"<p style=\"text-align: justify;\"><strong><em><a href=\"https:\/\/dicodusport.fr\/blog\/judo-grand-prix-de-zagreb-2022-le-programme-complet\/\" target=\"_blank\" rel=\"noopener\">GRAND PRIX DE ZAGREB<\/a> &#8211; Journ\u00e9e parfaite pour Alpha Oumar Djalo qui a remport\u00e9 la m\u00e9daille d&rsquo;or face \u00e0 Saeid Mollaei !<br \/>\n<\/em><\/strong><\/p>\n<p style=\"text-align: justify;\">Dispens\u00e9 de premier tour, <strong>Alpha Oumar Djalo<\/strong> (-81 kg) a inscrit un ippon face \u00e0 <strong>Lachlan Moorhead<\/strong>, puis s&rsquo;est impos\u00e9 avec un waza-ari face \u00e0 <strong>Timo Cavelius<\/strong>. En quarts de finale, le Fran\u00e7ais, t\u00eate de s\u00e9rie n\u00b08 de ce Grand Prix, affrontait le num\u00e9ro 1 mondial <strong>Tato Grigalashvili<\/strong>. Et pour leur 3e affrontement apr\u00e8s 2019 et 2020, c&rsquo;est le Fran\u00e7ais qui s&rsquo;est impos\u00e9 pour la premi\u00e8re fois ! Il a inscrit un waza-ari dans la derni\u00e8re minute et a tenu son avantage. Nouvelle victoire avec un waza-ari en demi-finale face \u00e0 <strong>Joao Fernando<\/strong>.<\/p>\n<blockquote class=\"twitter-tweet\">\n<p dir=\"ltr\" lang=\"it\">-81 quarterfinal<br \/>\nGRIGALASHVILI, Tato&#x1f1ec;&#x1f1ea;vs<br \/>\nDJALO, Alpha Oumar&#x1f1eb;&#x1f1f7; <a href=\"https:\/\/t.co\/BZnR0QuAfS\">pic.twitter.com\/BZnR0QuAfS<\/a><\/p>\n<p>\u2014 2022judo (@1974ay1) <a href=\"https:\/\/twitter.com\/1974ay1\/status\/1548277971043360768?ref_src=twsrc%5Etfw\">July 16, 2022<\/a><\/p><\/blockquote>\n<p><script async src=\"https:\/\/platform.twitter.com\/widgets.js\" charset=\"utf-8\"><\/script><\/p>\n<p style=\"text-align: justify;\">En finale, il faisait face \u00e0 <strong>Saeid Mollaei<\/strong>, <strong>vice-champion olympique<\/strong> et m\u00e9daill\u00e9 d&rsquo;argent au Grand Slam de Budapest. Suite \u00e0 un joli sasae \u00e0 30 secondes de la fin du combat, le Fran\u00e7ais a inscrit un waza-ari. Malgr\u00e9 les derni\u00e8res attaques d\u00e9sesp\u00e9r\u00e9es de Mollaei, le Djalo a tenu pour s&rsquo;imposer et remporter la m\u00e9daille d&rsquo;or. C&rsquo;est sa premi\u00e8re m\u00e9daille d&rsquo;or \u00e0 ce niveau. Alors que Lo\u00efc Pietri a \u00e9t\u00e9 \u00e9limin\u00e9 au deuxi\u00e8me tour justement par l&rsquo;Azerba\u00efdjanais, <strong>Alpha Oumar Djalo<\/strong> marque de pr\u00e9cieux points pour une s\u00e9lection aux Mondiaux.<\/p>\n","protected":false},"excerpt":{"rendered":"<p>GRAND PRIX DE ZAGREB &#8211; Journ\u00e9e parfaite pour Alpha Oumar Djalo qui a remport\u00e9 la m\u00e9daille d&rsquo;or face \u00e0 Saeid Mollaei !<\/p>\n","protected":false},"author":12,"featured_media":243887,"comment_status":"open","ping_status":"closed","sticky":false,"template":"","format":"standard","meta":{"_acf_changed":false,"_daextam_enable_autolinks":"","footnotes":""},"categories":[8651],"tags":[16016,12237,68],"class_list":["post-243862","post","type-post","status-publish","format-standard","has-post-thumbnail","hentry","category-judo","tag-alpha-oumar-djalo","tag-equipe-de-france-de-judo","tag-judo"],"acf":[],"yoast_head":"<!-- This site is optimized with the Yoast SEO Premium plugin v26.7 (Yoast SEO v26.7) - https:\/\/yoast.com\/wordpress\/plugins\/seo\/ -->\n<title>Judo - Grand Prix de Zagreb 2022 : Alpha Oumar Djalo remporte l&#039;or<\/title>\n<meta name=\"description\" content=\"GRAND PRIX DE ZAGREB - Journ\u00e9e parfaite pour Alpha Oumar Djalo qui a remport\u00e9 la m\u00e9daille d&#039;or face \u00e0 Saeid Mollaei !\" \/>\n<meta name=\"robots\" content=\"index, follow, max-snippet:-1, max-image-preview:large, max-video-preview:-1\" \/>\n<link rel=\"canonical\" href=\"https:\/\/dicodusport.fr\/blog\/judo-grand-prix-de-zagreb-2022-alpha-oumar-djalo-remporte-lor\/\" \/>\n<meta property=\"og:locale\" content=\"fr_FR\" \/>\n<meta property=\"og:type\" content=\"article\" \/>\n<meta property=\"og:title\" content=\"Judo - Grand Prix de Zagreb 2022 : Alpha Oumar Djalo remporte l&#039;or\" \/>\n<meta property=\"og:description\" content=\"GRAND PRIX DE ZAGREB - Journ\u00e9e parfaite pour Alpha Oumar Djalo qui a remport\u00e9 la m\u00e9daille d&#039;or face \u00e0 Saeid Mollaei !\" \/>\n<meta property=\"og:url\" content=\"https:\/\/dicodusport.fr\/blog\/judo-grand-prix-de-zagreb-2022-alpha-oumar-djalo-remporte-lor\/\" \/>\n<meta property=\"og:site_name\" content=\"Dicodusport\" \/>\n<meta property=\"article:publisher\" content=\"https:\/\/www.facebook.com\/dicodusport\" \/>\n<meta property=\"article:published_time\" content=\"2022-07-16T16:56:08+00:00\" \/>\n<meta property=\"article:modified_time\" content=\"2022-07-17T12:35:48+00:00\" \/>\n<meta property=\"og:image\" content=\"https:\/\/dicodusport.fr\/blog\/wp-content\/uploads\/2022\/07\/Judo-Grand-Prix-de-Zagreb-2022-Alpha-Oumar-Djalo-remporte-lor.jpg\" \/>\n\t<meta property=\"og:image:width\" content=\"800\" \/>\n\t<meta property=\"og:image:height\" content=\"445\" \/>\n\t<meta property=\"og:image:type\" content=\"image\/jpeg\" \/>\n<meta name=\"author\" content=\"Arlette Yeye\" \/>\n<meta name=\"twitter:card\" content=\"summary_large_image\" \/>\n<meta name=\"twitter:title\" content=\"Judo - Grand Prix de Zagreb 2022 : Alpha Oumar Djalo remporte l&#039;or\" \/>\n<meta name=\"twitter:creator\" content=\"@https:\/\/twitter.com\/Shiclette94\" \/>\n<meta name=\"twitter:site\" content=\"@dicodusport\" \/>\n<script type=\"application\/ld+json\" class=\"yoast-schema-graph\">{\"@context\":\"https:\/\/schema.org\",\"@graph\":[{\"@type\":\"NewsArticle\",\"@id\":\"https:\/\/dicodusport.fr\/blog\/judo-grand-prix-de-zagreb-2022-alpha-oumar-djalo-remporte-lor\/#article\",\"isPartOf\":{\"@id\":\"https:\/\/dicodusport.fr\/blog\/judo-grand-prix-de-zagreb-2022-alpha-oumar-djalo-remporte-lor\/\"},\"author\":{\"name\":\"Arlette Yeye\",\"@id\":\"https:\/\/dicodusport.fr\/blog\/#\/schema\/person\/cce96fa88785bd8573e3d43078ac8c79\"},\"headline\":\"Judo &#8211; Grand Prix de Zagreb 2022 : Alpha Oumar Djalo remporte l&rsquo;or\",\"datePublished\":\"2022-07-16T16:56:08+00:00\",\"dateModified\":\"2022-07-17T12:35:48+00:00\",\"mainEntityOfPage\":{\"@id\":\"https:\/\/dicodusport.fr\/blog\/judo-grand-prix-de-zagreb-2022-alpha-oumar-djalo-remporte-lor\/\"},\"wordCount\":263,\"commentCount\":0,\"publisher\":{\"@id\":\"https:\/\/dicodusport.fr\/blog\/#organization\"},\"image\":{\"@id\":\"https:\/\/dicodusport.fr\/blog\/judo-grand-prix-de-zagreb-2022-alpha-oumar-djalo-remporte-lor\/#primaryimage\"},\"thumbnailUrl\":\"https:\/\/dicodusport.fr\/blog\/wp-content\/uploads\/2022\/07\/Judo-Grand-Prix-de-Zagreb-2022-Alpha-Oumar-Djalo-remporte-lor.jpg\",\"keywords\":[\"Alpha Oumar Djalo\",\"\u00e9quipe de France de judo\",\"Judo\"],\"articleSection\":[\"Judo\"],\"inLanguage\":\"fr-FR\",\"potentialAction\":[{\"@type\":\"CommentAction\",\"name\":\"Comment\",\"target\":[\"https:\/\/dicodusport.fr\/blog\/judo-grand-prix-de-zagreb-2022-alpha-oumar-djalo-remporte-lor\/#respond\"]}],\"copyrightYear\":\"2022\",\"copyrightHolder\":{\"@id\":\"https:\/\/dicodusport.fr\/blog\/#organization\"}},{\"@type\":\"WebPage\",\"@id\":\"https:\/\/dicodusport.fr\/blog\/judo-grand-prix-de-zagreb-2022-alpha-oumar-djalo-remporte-lor\/\",\"url\":\"https:\/\/dicodusport.fr\/blog\/judo-grand-prix-de-zagreb-2022-alpha-oumar-djalo-remporte-lor\/\",\"name\":\"Judo - Grand Prix de Zagreb 2022 : Alpha Oumar Djalo remporte l'or\",\"isPartOf\":{\"@id\":\"https:\/\/dicodusport.fr\/blog\/#website\"},\"primaryImageOfPage\":{\"@id\":\"https:\/\/dicodusport.fr\/blog\/judo-grand-prix-de-zagreb-2022-alpha-oumar-djalo-remporte-lor\/#primaryimage\"},\"image\":{\"@id\":\"https:\/\/dicodusport.fr\/blog\/judo-grand-prix-de-zagreb-2022-alpha-oumar-djalo-remporte-lor\/#primaryimage\"},\"thumbnailUrl\":\"https:\/\/dicodusport.fr\/blog\/wp-content\/uploads\/2022\/07\/Judo-Grand-Prix-de-Zagreb-2022-Alpha-Oumar-Djalo-remporte-lor.jpg\",\"datePublished\":\"2022-07-16T16:56:08+00:00\",\"dateModified\":\"2022-07-17T12:35:48+00:00\",\"description\":\"GRAND PRIX DE ZAGREB - Journ\u00e9e parfaite pour Alpha Oumar Djalo qui a remport\u00e9 la m\u00e9daille d'or face \u00e0 Saeid Mollaei !\",\"breadcrumb\":{\"@id\":\"https:\/\/dicodusport.fr\/blog\/judo-grand-prix-de-zagreb-2022-alpha-oumar-djalo-remporte-lor\/#breadcrumb\"},\"inLanguage\":\"fr-FR\",\"potentialAction\":[{\"@type\":\"ReadAction\",\"target\":[\"https:\/\/dicodusport.fr\/blog\/judo-grand-prix-de-zagreb-2022-alpha-oumar-djalo-remporte-lor\/\"]}]},{\"@type\":\"ImageObject\",\"inLanguage\":\"fr-FR\",\"@id\":\"https:\/\/dicodusport.fr\/blog\/judo-grand-prix-de-zagreb-2022-alpha-oumar-djalo-remporte-lor\/#primaryimage\",\"url\":\"https:\/\/dicodusport.fr\/blog\/wp-content\/uploads\/2022\/07\/Judo-Grand-Prix-de-Zagreb-2022-Alpha-Oumar-Djalo-remporte-lor.jpg\",\"contentUrl\":\"https:\/\/dicodusport.fr\/blog\/wp-content\/uploads\/2022\/07\/Judo-Grand-Prix-de-Zagreb-2022-Alpha-Oumar-Djalo-remporte-lor.jpg\",\"width\":800,\"height\":445,\"caption\":\"Judo - Grand Prix de Zagreb 2022 Alpha Oumar Djalo remporte l'or\"},{\"@type\":\"BreadcrumbList\",\"@id\":\"https:\/\/dicodusport.fr\/blog\/judo-grand-prix-de-zagreb-2022-alpha-oumar-djalo-remporte-lor\/#breadcrumb\",\"itemListElement\":[{\"@type\":\"ListItem\",\"position\":1,\"name\":\"Accueil\",\"item\":\"https:\/\/dicodusport.fr\/blog\/\"},{\"@type\":\"ListItem\",\"position\":2,\"name\":\"Judo &#8211; Grand Prix de Zagreb 2022 : Alpha Oumar Djalo remporte l&rsquo;or\"}]},{\"@type\":\"WebSite\",\"@id\":\"https:\/\/dicodusport.fr\/blog\/#website\",\"url\":\"https:\/\/dicodusport.fr\/blog\/\",\"name\":\"Dicodusport\",\"description\":\"L&#039;encyclop\u00e9die de l&#039;actualit\u00e9 sportive\",\"publisher\":{\"@id\":\"https:\/\/dicodusport.fr\/blog\/#organization\"},\"potentialAction\":[{\"@type\":\"SearchAction\",\"target\":{\"@type\":\"EntryPoint\",\"urlTemplate\":\"https:\/\/dicodusport.fr\/blog\/?s={search_term_string}\"},\"query-input\":{\"@type\":\"PropertyValueSpecification\",\"valueRequired\":true,\"valueName\":\"search_term_string\"}}],\"inLanguage\":\"fr-FR\"},{\"@type\":\"NewsMediaOrganization\",\"@id\":\"https:\/\/dicodusport.fr\/blog\/#organization\",\"name\":\"Dicodusport\",\"url\":\"https:\/\/dicodusport.fr\/blog\/\",\"logo\":{\"@type\":\"ImageObject\",\"inLanguage\":\"fr-FR\",\"@id\":\"https:\/\/dicodusport.fr\/blog\/#\/schema\/logo\/image\/\",\"url\":\"https:\/\/dicodusport.fr\/blog\/wp-content\/uploads\/2020\/06\/cropped-LOGO-DICODUSPORT-2020-SANS-FOND-SANS-TEXTE.png\",\"contentUrl\":\"https:\/\/dicodusport.fr\/blog\/wp-content\/uploads\/2020\/06\/cropped-LOGO-DICODUSPORT-2020-SANS-FOND-SANS-TEXTE.png\",\"width\":512,\"height\":512,\"caption\":\"Dicodusport\"},\"image\":{\"@id\":\"https:\/\/dicodusport.fr\/blog\/#\/schema\/logo\/image\/\"},\"sameAs\":[\"https:\/\/www.facebook.com\/dicodusport\",\"https:\/\/x.com\/dicodusport\",\"https:\/\/www.instagram.com\/dicodusport\/\",\"https:\/\/www.youtube.com\/channel\/UC7V2KZ5sd3htJivAbA4ZG3w\"],\"description\":\"Dicodusport est l'encyclop\u00e9die de l'actualit\u00e9 sportive.\",\"email\":\"bonjour@dicodusport.fr\",\"legalName\":\"DICODUSPORT\",\"foundingDate\":\"2018-01-14\",\"vatID\":\"FR71834470973\",\"taxID\":\"83447097300043\",\"numberOfEmployees\":{\"@type\":\"QuantitativeValue\",\"minValue\":\"1\",\"maxValue\":\"10\"}},{\"@type\":\"Person\",\"@id\":\"https:\/\/dicodusport.fr\/blog\/#\/schema\/person\/cce96fa88785bd8573e3d43078ac8c79\",\"name\":\"Arlette Yeye\",\"image\":{\"@type\":\"ImageObject\",\"inLanguage\":\"fr-FR\",\"@id\":\"https:\/\/dicodusport.fr\/blog\/#\/schema\/person\/image\/\",\"url\":\"https:\/\/secure.gravatar.com\/avatar\/dca4a6239e6d708e46c45d60e160de6c?s=96&d=wp_user_avatar&r=g\",\"contentUrl\":\"https:\/\/secure.gravatar.com\/avatar\/dca4a6239e6d708e46c45d60e160de6c?s=96&d=wp_user_avatar&r=g\",\"caption\":\"Arlette Yeye\"},\"description\":\"Journaliste\/r\u00e9dactrice depuis septembre 2015 - Supportrice de Chelsea, j'ai pour sports de pr\u00e9dilection le handball, l'athl\u00e9tisme et le tennis. Si je tweete plus vite que mon ombre, vous pouvez aussi me retrouver les week-ends sur les playgrounds de Bruxelles pour un petit foot ou basket entre potes. Parcourir la France, l'Europe et plus si affinit\u00e9s pour suivre mes sportifs pr\u00e9f\u00e9r\u00e9s ? Mon kif ! Et c'est avec plaisir que je partage les r\u00e9sultats des sports populaires mais \u00e9galement plus confidentiels pour Dicodusport.\",\"sameAs\":[\"https:\/\/x.com\/https:\/\/twitter.com\/Shiclette94\"],\"url\":\"https:\/\/dicodusport.fr\/blog\/author\/arlette\/\"}]}<\/script>\n<!-- \/ Yoast SEO Premium plugin. -->","yoast_head_json":{"title":"Judo - Grand Prix de Zagreb 2022 : Alpha Oumar Djalo remporte l'or","description":"GRAND PRIX DE ZAGREB - Journ\u00e9e parfaite pour Alpha Oumar Djalo qui a remport\u00e9 la m\u00e9daille d'or face \u00e0 Saeid Mollaei !","robots":{"index":"index","follow":"follow","max-snippet":"max-snippet:-1","max-image-preview":"max-image-preview:large","max-video-preview":"max-video-preview:-1"},"canonical":"https:\/\/dicodusport.fr\/blog\/judo-grand-prix-de-zagreb-2022-alpha-oumar-djalo-remporte-lor\/","og_locale":"fr_FR","og_type":"article","og_title":"Judo - Grand Prix de Zagreb 2022 : Alpha Oumar Djalo remporte l'or","og_description":"GRAND PRIX DE ZAGREB - Journ\u00e9e parfaite pour Alpha Oumar Djalo qui a remport\u00e9 la m\u00e9daille d'or face \u00e0 Saeid Mollaei !","og_url":"https:\/\/dicodusport.fr\/blog\/judo-grand-prix-de-zagreb-2022-alpha-oumar-djalo-remporte-lor\/","og_site_name":"Dicodusport","article_publisher":"https:\/\/www.facebook.com\/dicodusport","article_published_time":"2022-07-16T16:56:08+00:00","article_modified_time":"2022-07-17T12:35:48+00:00","og_image":[{"width":800,"height":445,"url":"https:\/\/dicodusport.fr\/blog\/wp-content\/uploads\/2022\/07\/Judo-Grand-Prix-de-Zagreb-2022-Alpha-Oumar-Djalo-remporte-lor.jpg","type":"image\/jpeg"}],"author":"Arlette Yeye","twitter_card":"summary_large_image","twitter_title":"Judo - Grand Prix de Zagreb 2022 : Alpha Oumar Djalo remporte l'or","twitter_creator":"@https:\/\/twitter.com\/Shiclette94","twitter_site":"@dicodusport","schema":{"@context":"https:\/\/schema.org","@graph":[{"@type":"NewsArticle","@id":"https:\/\/dicodusport.fr\/blog\/judo-grand-prix-de-zagreb-2022-alpha-oumar-djalo-remporte-lor\/#article","isPartOf":{"@id":"https:\/\/dicodusport.fr\/blog\/judo-grand-prix-de-zagreb-2022-alpha-oumar-djalo-remporte-lor\/"},"author":{"name":"Arlette Yeye","@id":"https:\/\/dicodusport.fr\/blog\/#\/schema\/person\/cce96fa88785bd8573e3d43078ac8c79"},"headline":"Judo &#8211; Grand Prix de Zagreb 2022 : Alpha Oumar Djalo remporte l&rsquo;or","datePublished":"2022-07-16T16:56:08+00:00","dateModified":"2022-07-17T12:35:48+00:00","mainEntityOfPage":{"@id":"https:\/\/dicodusport.fr\/blog\/judo-grand-prix-de-zagreb-2022-alpha-oumar-djalo-remporte-lor\/"},"wordCount":263,"commentCount":0,"publisher":{"@id":"https:\/\/dicodusport.fr\/blog\/#organization"},"image":{"@id":"https:\/\/dicodusport.fr\/blog\/judo-grand-prix-de-zagreb-2022-alpha-oumar-djalo-remporte-lor\/#primaryimage"},"thumbnailUrl":"https:\/\/dicodusport.fr\/blog\/wp-content\/uploads\/2022\/07\/Judo-Grand-Prix-de-Zagreb-2022-Alpha-Oumar-Djalo-remporte-lor.jpg","keywords":["Alpha Oumar Djalo","\u00e9quipe de France de judo","Judo"],"articleSection":["Judo"],"inLanguage":"fr-FR","potentialAction":[{"@type":"CommentAction","name":"Comment","target":["https:\/\/dicodusport.fr\/blog\/judo-grand-prix-de-zagreb-2022-alpha-oumar-djalo-remporte-lor\/#respond"]}],"copyrightYear":"2022","copyrightHolder":{"@id":"https:\/\/dicodusport.fr\/blog\/#organization"}},{"@type":"WebPage","@id":"https:\/\/dicodusport.fr\/blog\/judo-grand-prix-de-zagreb-2022-alpha-oumar-djalo-remporte-lor\/","url":"https:\/\/dicodusport.fr\/blog\/judo-grand-prix-de-zagreb-2022-alpha-oumar-djalo-remporte-lor\/","name":"Judo - Grand Prix de Zagreb 2022 : Alpha Oumar Djalo remporte l'or","isPartOf":{"@id":"https:\/\/dicodusport.fr\/blog\/#website"},"primaryImageOfPage":{"@id":"https:\/\/dicodusport.fr\/blog\/judo-grand-prix-de-zagreb-2022-alpha-oumar-djalo-remporte-lor\/#primaryimage"},"image":{"@id":"https:\/\/dicodusport.fr\/blog\/judo-grand-prix-de-zagreb-2022-alpha-oumar-djalo-remporte-lor\/#primaryimage"},"thumbnailUrl":"https:\/\/dicodusport.fr\/blog\/wp-content\/uploads\/2022\/07\/Judo-Grand-Prix-de-Zagreb-2022-Alpha-Oumar-Djalo-remporte-lor.jpg","datePublished":"2022-07-16T16:56:08+00:00","dateModified":"2022-07-17T12:35:48+00:00","description":"GRAND PRIX DE ZAGREB - Journ\u00e9e parfaite pour Alpha Oumar Djalo qui a remport\u00e9 la m\u00e9daille d'or face \u00e0 Saeid Mollaei !","breadcrumb":{"@id":"https:\/\/dicodusport.fr\/blog\/judo-grand-prix-de-zagreb-2022-alpha-oumar-djalo-remporte-lor\/#breadcrumb"},"inLanguage":"fr-FR","potentialAction":[{"@type":"ReadAction","target":["https:\/\/dicodusport.fr\/blog\/judo-grand-prix-de-zagreb-2022-alpha-oumar-djalo-remporte-lor\/"]}]},{"@type":"ImageObject","inLanguage":"fr-FR","@id":"https:\/\/dicodusport.fr\/blog\/judo-grand-prix-de-zagreb-2022-alpha-oumar-djalo-remporte-lor\/#primaryimage","url":"https:\/\/dicodusport.fr\/blog\/wp-content\/uploads\/2022\/07\/Judo-Grand-Prix-de-Zagreb-2022-Alpha-Oumar-Djalo-remporte-lor.jpg","contentUrl":"https:\/\/dicodusport.fr\/blog\/wp-content\/uploads\/2022\/07\/Judo-Grand-Prix-de-Zagreb-2022-Alpha-Oumar-Djalo-remporte-lor.jpg","width":800,"height":445,"caption":"Judo - Grand Prix de Zagreb 2022 Alpha Oumar Djalo remporte l'or"},{"@type":"BreadcrumbList","@id":"https:\/\/dicodusport.fr\/blog\/judo-grand-prix-de-zagreb-2022-alpha-oumar-djalo-remporte-lor\/#breadcrumb","itemListElement":[{"@type":"ListItem","position":1,"name":"Accueil","item":"https:\/\/dicodusport.fr\/blog\/"},{"@type":"ListItem","position":2,"name":"Judo &#8211; Grand Prix de Zagreb 2022 : Alpha Oumar Djalo remporte l&rsquo;or"}]},{"@type":"WebSite","@id":"https:\/\/dicodusport.fr\/blog\/#website","url":"https:\/\/dicodusport.fr\/blog\/","name":"Dicodusport","description":"L&#039;encyclop\u00e9die de l&#039;actualit\u00e9 sportive","publisher":{"@id":"https:\/\/dicodusport.fr\/blog\/#organization"},"potentialAction":[{"@type":"SearchAction","target":{"@type":"EntryPoint","urlTemplate":"https:\/\/dicodusport.fr\/blog\/?s={search_term_string}"},"query-input":{"@type":"PropertyValueSpecification","valueRequired":true,"valueName":"search_term_string"}}],"inLanguage":"fr-FR"},{"@type":"NewsMediaOrganization","@id":"https:\/\/dicodusport.fr\/blog\/#organization","name":"Dicodusport","url":"https:\/\/dicodusport.fr\/blog\/","logo":{"@type":"ImageObject","inLanguage":"fr-FR","@id":"https:\/\/dicodusport.fr\/blog\/#\/schema\/logo\/image\/","url":"https:\/\/dicodusport.fr\/blog\/wp-content\/uploads\/2020\/06\/cropped-LOGO-DICODUSPORT-2020-SANS-FOND-SANS-TEXTE.png","contentUrl":"https:\/\/dicodusport.fr\/blog\/wp-content\/uploads\/2020\/06\/cropped-LOGO-DICODUSPORT-2020-SANS-FOND-SANS-TEXTE.png","width":512,"height":512,"caption":"Dicodusport"},"image":{"@id":"https:\/\/dicodusport.fr\/blog\/#\/schema\/logo\/image\/"},"sameAs":["https:\/\/www.facebook.com\/dicodusport","https:\/\/x.com\/dicodusport","https:\/\/www.instagram.com\/dicodusport\/","https:\/\/www.youtube.com\/channel\/UC7V2KZ5sd3htJivAbA4ZG3w"],"description":"Dicodusport est l'encyclop\u00e9die de l'actualit\u00e9 sportive.","email":"bonjour@dicodusport.fr","legalName":"DICODUSPORT","foundingDate":"2018-01-14","vatID":"FR71834470973","taxID":"83447097300043","numberOfEmployees":{"@type":"QuantitativeValue","minValue":"1","maxValue":"10"}},{"@type":"Person","@id":"https:\/\/dicodusport.fr\/blog\/#\/schema\/person\/cce96fa88785bd8573e3d43078ac8c79","name":"Arlette Yeye","image":{"@type":"ImageObject","inLanguage":"fr-FR","@id":"https:\/\/dicodusport.fr\/blog\/#\/schema\/person\/image\/","url":"https:\/\/secure.gravatar.com\/avatar\/dca4a6239e6d708e46c45d60e160de6c?s=96&d=wp_user_avatar&r=g","contentUrl":"https:\/\/secure.gravatar.com\/avatar\/dca4a6239e6d708e46c45d60e160de6c?s=96&d=wp_user_avatar&r=g","caption":"Arlette Yeye"},"description":"Journaliste\/r\u00e9dactrice depuis septembre 2015 - Supportrice de Chelsea, j'ai pour sports de pr\u00e9dilection le handball, l'athl\u00e9tisme et le tennis. Si je tweete plus vite que mon ombre, vous pouvez aussi me retrouver les week-ends sur les playgrounds de Bruxelles pour un petit foot ou basket entre potes. Parcourir la France, l'Europe et plus si affinit\u00e9s pour suivre mes sportifs pr\u00e9f\u00e9r\u00e9s ? Mon kif ! Et c'est avec plaisir que je partage les r\u00e9sultats des sports populaires mais \u00e9galement plus confidentiels pour Dicodusport.","sameAs":["https:\/\/x.com\/https:\/\/twitter.com\/Shiclette94"],"url":"https:\/\/dicodusport.fr\/blog\/author\/arlette\/"}]}},"_links":{"self":[{"href":"https:\/\/dicodusport.fr\/blog\/wp-json\/wp\/v2\/posts\/243862","targetHints":{"allow":["GET"]}}],"collection":[{"href":"https:\/\/dicodusport.fr\/blog\/wp-json\/wp\/v2\/posts"}],"about":[{"href":"https:\/\/dicodusport.fr\/blog\/wp-json\/wp\/v2\/types\/post"}],"author":[{"embeddable":true,"href":"https:\/\/dicodusport.fr\/blog\/wp-json\/wp\/v2\/users\/12"}],"replies":[{"embeddable":true,"href":"https:\/\/dicodusport.fr\/blog\/wp-json\/wp\/v2\/comments?post=243862"}],"version-history":[{"count":0,"href":"https:\/\/dicodusport.fr\/blog\/wp-json\/wp\/v2\/posts\/243862\/revisions"}],"wp:featuredmedia":[{"embeddable":true,"href":"https:\/\/dicodusport.fr\/blog\/wp-json\/wp\/v2\/media\/243887"}],"wp:attachment":[{"href":"https:\/\/dicodusport.fr\/blog\/wp-json\/wp\/v2\/media?parent=243862"}],"wp:term":[{"taxonomy":"category","embeddable":true,"href":"https:\/\/dicodusport.fr\/blog\/wp-json\/wp\/v2\/categories?post=243862"},{"taxonomy":"post_tag","embeddable":true,"href":"https:\/\/dicodusport.fr\/blog\/wp-json\/wp\/v2\/tags?post=243862"}],"curies":[{"name":"wp","href":"https:\/\/api.w.org\/{rel}","templated":true}]}}