{"id":244020,"date":"2022-07-18T08:00:29","date_gmt":"2022-07-18T06:00:29","guid":{"rendered":"https:\/\/dicodusport.fr\/blog\/?p=244020&#038;preview=true&#038;preview_id=244020"},"modified":"2022-07-18T15:56:09","modified_gmt":"2022-07-18T13:56:09","slug":"mondiaux-dathletisme-2022-heptathlon-nafissatou-thiam-en-tete-apres-4-epreuves","status":"publish","type":"post","link":"https:\/\/dicodusport.fr\/blog\/mondiaux-dathletisme-2022-heptathlon-nafissatou-thiam-en-tete-apres-4-epreuves\/","title":{"rendered":"Mondiaux d&rsquo;athl\u00e9tisme 2022 &#8211; Heptathlon : Nafissatou Thiam en t\u00eate apr\u00e8s 4 \u00e9preuves"},"content":{"rendered":"<p style=\"text-align: justify;\"><strong><em><a style=\"font-weight: bold;\" href=\"https:\/\/dicodusport.fr\/blog\/actualites\/athletisme\/championnats-du-monde-athletisme-2022\/\" target=\"_blank\" rel=\"noopener\">MONDIAUX D&rsquo;ATHL\u00c9TISME 2022<\/a> &#8211; Les \u00e9preuves de l&rsquo;heptathlon ont d\u00e9but\u00e9 \u00e0 Eugene. Et sans surprise, Nafissatou Thiam fait la course en t\u00eate.<br \/>\n<\/em><\/strong><\/p>\n<h2 style=\"text-align: justify;\">100 m haies<\/h2>\n<p style=\"text-align: justify;\"><strong>Nafissatou Thiam<\/strong> a tout de suite frapp\u00e9 fort. Dans la s\u00e9rie la plus lente, elle s&rsquo;est impos\u00e9e en battant son record personnel de 13 centi\u00e8mes : 13.21. Elle s&rsquo;impose devant Emma Oosterwegel (13.44) et Ashtin Zamzow-Mahler (13.47). <strong>Katarina Johnson-Thompson<\/strong> termine 5e en 13.55.<\/p>\n<p style=\"text-align: justify;\">Dans la deuxi\u00e8me s\u00e9rie, c&rsquo;est la locale <strong>Michelle Atherley<\/strong> qui s&rsquo;est impos\u00e9e en 13.12 devant Annik Kalin (13.17, record personnel) et l&rsquo;autre Am\u00e9ricaine Anna Hall (13.20). <strong>Noor Vidts<\/strong>, <a title=\"Pentathlon : Noor Vidts championne du monde en salle, L\u00e9onie Cambours 7e\" href=\"https:\/\/dicodusport.fr\/blog\/pentathlon-noor-vidts-championne-du-monde-en-salle-leonie-cambours-7e\/\" target=\"_blank\" rel=\"noopener\">championne du monde en salle<\/a> termine 4e en 13.20 devant Adrianna Sulek (13.28) et Anouk Vetter (13.30). Championne du monde junior du 100 m haies ici-m\u00eame en 2014, <strong>Kendell Williams<\/strong> a termin\u00e9 derni\u00e8re en 13.54, loin de ses standards habituels.<\/p>\n<h2 style=\"text-align: justify;\">Saut en hauteur<\/h2>\n<p style=\"text-align: justify;\">Dans sa discipline de pr\u00e9dilection, <strong>Nafi Thiam<\/strong> a fait \u00e9tal de tout son talent. Toujours aussi gracieuse, elle a franchi 1.80 m, 1.83 m, 1.86 m et 1.89 m \u00e0 son premier essai. Son premier \u00e9chec est intervenu \u00e0 <strong>1.92 m<\/strong>, avec son mollet qui a touch\u00e9 la barre. Elle \u00e9tait seule \u00e0 cette barre avec la Polonaise <strong>Adrianna Sulek<\/strong>. Apr\u00e8s le talon, elle a franchi la barre \u00e0 son 3e essai, \u00e9galant sa meilleure marque de la saison. Sulek ayant \u00e9chou\u00e9, la Belge \u00e9tait toute seule dans le concours, comme d&rsquo;habitude. Son entra\u00eeneur <strong>Roger Lespagnard<\/strong> avait annonc\u00e9 viser <strong>1.95 m<\/strong> et elle a franchi la barre d\u00e8s son premier essai, \u00e9galant le <strong>record des championnats<\/strong> ! Elle s&rsquo;est alors attaqu\u00e9e \u00e0 une barre qu&rsquo;elle n&rsquo;avait pas essay\u00e9 depuis longtemps : 1.98 m. Sans succ\u00e8s.<\/p>\n<p style=\"text-align: justify;\">De son c\u00f4t\u00e9, apr\u00e8s avoir franchi 1.68 m \u00e0 son 1er essai, <strong>Noor Vidts<\/strong> a \u00e0 chaque fois eu besoin d&rsquo;un essai avant de franchir les barres de 1.71 m \u00e0 1.83 m. Elle s&rsquo;attaquait ensuite \u00e0 1.86 m, soit 2 cm de plus que son record personnel. C&rsquo;est \u00e0 cette barre que son concours s&rsquo;est arr\u00eat\u00e9, pour qu&rsquo;elle termine 6e, juste derri\u00e8re <strong>Katarina Johnson-Thompson<\/strong>.<\/p>\n<p style=\"text-align: justify;\">Dans le 2e groupe, <strong>Anouk Vetter<\/strong> s&rsquo;est impos\u00e9e avec une barre \u00e0 1.80 m devant sa compatriote Emma Oosterwegel (1.77 m). Michelle Atherley et Kendell Williams se sont arr\u00eat\u00e9es \u00e0 1.71 m.<\/p>\n<p style=\"text-align: justify;\">Apr\u00e8s 2 \u00e9preuves, <strong>Nafissatou Thiam<\/strong> a pris <strong>88 points d&rsquo;avance<\/strong> sur <strong>Adrianna Sulek<\/strong> et 116 sur <strong>Anna Hall<\/strong>.<\/p>\n<h2 style=\"text-align: justify;\">Lancer du poids<\/h2>\n<p style=\"text-align: justify;\">Apr\u00e8s avoir lanc\u00e9 \u00e0 14.73 m, <strong>Anouk Vetter<\/strong> a tu\u00e9 le concours avec 16.25 m \u00e0 son deuxi\u00e8me essai, record personnel am\u00e9lior\u00e9 de 25 cm ! Elle a remport\u00e9 son groupe devant <strong>Nafi Thiam<\/strong> qui a lanc\u00e9 \u00e0 15.03 m \u00e0 son dernier essai. <strong>Noor Vidts<\/strong> a termin\u00e9 3e de ce groupe avec son record personnel am\u00e9lior\u00e9 de 10 cm (14.43 m).<\/p>\n<p style=\"text-align: justify;\">Dans l&rsquo;autre groupe, c&rsquo;est <strong>Adrianna Sulek<\/strong> qui s&rsquo;est impos\u00e9e avec 14.13 m, record personnel am\u00e9lior\u00e9 de 34 cm. <strong>Anna Hall<\/strong> (13.67 cm) est deuxi\u00e8me avec un record am\u00e9lior\u00e9 de 13 cm.<\/p>\n<p style=\"text-align: justify;\">La Belge a accru son avance avec 124 points sur Anouk Vetter qui a pris la 2e place et 148 sur Adrianna Sulek.<\/p>\n<h2 style=\"text-align: justify;\">200 m<\/h2>\n<p style=\"text-align: justify;\"><strong>Annik K\u00e4lin<\/strong> a remport\u00e9 sa s\u00e9rie en 24.05 devant <strong>Nafissatou Thiam<\/strong> (24.39). Dans la deuxi\u00e8me s\u00e9rie, c&rsquo;est <strong>Anna Hall<\/strong> qui s&rsquo;est impos\u00e9e (23.08) en r\u00e9alisant son record personnel, devant <strong>KJT<\/strong> (23.62). L&rsquo;Am\u00e9ricaine Hall s&rsquo;est ainsi replac\u00e9e \u00e0 la 3e place de l&rsquo;heptathlon derri\u00e8re Thiam &amp; Vetter.<\/p>\n<p style=\"text-align: justify;\">\u00c0 l&rsquo;issue de la premi\u00e8re journ\u00e9e, <strong>Nafissatou Thiam<\/strong> (4071 pts) a <strong>61 points d&rsquo;avance<\/strong> sur <strong>Anouk Vetter<\/strong> (4010 pts) et <strong>80<\/strong> sur <strong>Anna Hall <\/strong>(3991 pts). Sulek (3982 pts), Vidts (3982 pts) et Johnson-Thompson (3798 pts) sont en embuscade. La Belge est bien partie pour r\u00e9cup\u00e9rer son titre puisque les deux \u00e9preuves \u00e0 venir sont le <strong>saut en longueur<\/strong> et le <strong>lancer du javelot<\/strong>, disciplines dans lesquelles elle fait partie des meilleures engag\u00e9es, avant la finale du 800 m.<\/p>\n","protected":false},"excerpt":{"rendered":"<p>MONDIAUX D&rsquo;ATHL\u00c9TISME 2022 &#8211; Les \u00e9preuves de l&rsquo;heptathlon ont d\u00e9but\u00e9 \u00e0 Eugene. Et sans surprise, Nafissatou Thiam fait la course en t\u00eate.<\/p>\n","protected":false},"author":12,"featured_media":244412,"comment_status":"open","ping_status":"closed","sticky":false,"template":"","format":"standard","meta":{"_acf_changed":false,"_daextam_enable_autolinks":"","footnotes":""},"categories":[46997],"tags":[22425,18426,6691,8934,8775,18427],"class_list":["post-244020","post","type-post","status-publish","format-standard","has-post-thumbnail","hentry","category-championnats-du-monde-athletisme","tag-adrianna-sulek","tag-anouk-vetter","tag-heptathlon","tag-katarina-johnson-thompson","tag-nafissatou-thiam","tag-noor-vidts"],"acf":[],"yoast_head":"<!-- This site is optimized with the Yoast SEO Premium plugin v26.7 (Yoast SEO v26.7) - https:\/\/yoast.com\/wordpress\/plugins\/seo\/ -->\n<title>Mondiaux d&#039;athl\u00e9tisme 2022 - Heptathlon : Nafissatou Thiam en t\u00eate apr\u00e8s 4 \u00e9preuves<\/title>\n<meta name=\"description\" content=\"MONDIAUX D&#039;ATHL\u00c9TISME 2022 - Les \u00e9preuves de l&#039;heptathlon ont d\u00e9but\u00e9 \u00e0 Eugene. Et sans surprise, Nafissatou Thiam fait la course en t\u00eate.\" \/>\n<meta name=\"robots\" content=\"index, follow, max-snippet:-1, max-image-preview:large, max-video-preview:-1\" \/>\n<link rel=\"canonical\" href=\"https:\/\/dicodusport.fr\/blog\/mondiaux-dathletisme-2022-heptathlon-nafissatou-thiam-en-tete-apres-4-epreuves\/\" \/>\n<meta property=\"og:locale\" content=\"fr_FR\" \/>\n<meta property=\"og:type\" content=\"article\" \/>\n<meta property=\"og:title\" content=\"Mondiaux d&#039;athl\u00e9tisme 2022 - Heptathlon : Nafissatou Thiam en t\u00eate apr\u00e8s 4 \u00e9preuves\" \/>\n<meta property=\"og:description\" content=\"MONDIAUX D&#039;ATHL\u00c9TISME 2022 - Les \u00e9preuves de l&#039;heptathlon ont d\u00e9but\u00e9 \u00e0 Eugene. Et sans surprise, Nafissatou Thiam fait la course en t\u00eate.\" \/>\n<meta property=\"og:url\" content=\"https:\/\/dicodusport.fr\/blog\/mondiaux-dathletisme-2022-heptathlon-nafissatou-thiam-en-tete-apres-4-epreuves\/\" \/>\n<meta property=\"og:site_name\" content=\"Dicodusport\" \/>\n<meta property=\"article:publisher\" content=\"https:\/\/www.facebook.com\/dicodusport\" \/>\n<meta property=\"article:published_time\" content=\"2022-07-18T06:00:29+00:00\" \/>\n<meta property=\"article:modified_time\" content=\"2022-07-18T13:56:09+00:00\" \/>\n<meta property=\"og:image\" content=\"https:\/\/dicodusport.fr\/blog\/wp-content\/uploads\/2022\/07\/Mondiaux-dathletisme-2022-Heptathlon-Nafissatou-Thiam-en-tete-apres-4-epreuves.jpg\" \/>\n\t<meta property=\"og:image:width\" content=\"800\" \/>\n\t<meta property=\"og:image:height\" content=\"445\" \/>\n\t<meta property=\"og:image:type\" content=\"image\/jpeg\" \/>\n<meta name=\"author\" content=\"Arlette Yeye\" \/>\n<meta name=\"twitter:card\" content=\"summary_large_image\" \/>\n<meta name=\"twitter:title\" content=\"Mondiaux d&#039;athl\u00e9tisme 2022 - Heptathlon : Nafissatou Thiam en t\u00eate apr\u00e8s 4 \u00e9preuves\" \/>\n<meta name=\"twitter:creator\" content=\"@https:\/\/twitter.com\/Shiclette94\" \/>\n<meta name=\"twitter:site\" content=\"@dicodusport\" \/>\n<script type=\"application\/ld+json\" class=\"yoast-schema-graph\">{\"@context\":\"https:\/\/schema.org\",\"@graph\":[{\"@type\":\"NewsArticle\",\"@id\":\"https:\/\/dicodusport.fr\/blog\/mondiaux-dathletisme-2022-heptathlon-nafissatou-thiam-en-tete-apres-4-epreuves\/#article\",\"isPartOf\":{\"@id\":\"https:\/\/dicodusport.fr\/blog\/mondiaux-dathletisme-2022-heptathlon-nafissatou-thiam-en-tete-apres-4-epreuves\/\"},\"author\":{\"name\":\"Arlette Yeye\",\"@id\":\"https:\/\/dicodusport.fr\/blog\/#\/schema\/person\/cce96fa88785bd8573e3d43078ac8c79\"},\"headline\":\"Mondiaux d&rsquo;athl\u00e9tisme 2022 &#8211; Heptathlon : Nafissatou Thiam en t\u00eate apr\u00e8s 4 \u00e9preuves\",\"datePublished\":\"2022-07-18T06:00:29+00:00\",\"dateModified\":\"2022-07-18T13:56:09+00:00\",\"mainEntityOfPage\":{\"@id\":\"https:\/\/dicodusport.fr\/blog\/mondiaux-dathletisme-2022-heptathlon-nafissatou-thiam-en-tete-apres-4-epreuves\/\"},\"wordCount\":641,\"commentCount\":0,\"publisher\":{\"@id\":\"https:\/\/dicodusport.fr\/blog\/#organization\"},\"image\":{\"@id\":\"https:\/\/dicodusport.fr\/blog\/mondiaux-dathletisme-2022-heptathlon-nafissatou-thiam-en-tete-apres-4-epreuves\/#primaryimage\"},\"thumbnailUrl\":\"https:\/\/dicodusport.fr\/blog\/wp-content\/uploads\/2022\/07\/Mondiaux-dathletisme-2022-Heptathlon-Nafissatou-Thiam-en-tete-apres-4-epreuves.jpg\",\"keywords\":[\"Adrianna Sulek\",\"Anouk Vetter\",\"Heptathlon\",\"Katarina Johnson-Thompson\",\"Nafissatou Thiam\",\"Noor Vidts\"],\"articleSection\":[\"Championnats du monde d'athl\u00e9tisme\"],\"inLanguage\":\"fr-FR\",\"potentialAction\":[{\"@type\":\"CommentAction\",\"name\":\"Comment\",\"target\":[\"https:\/\/dicodusport.fr\/blog\/mondiaux-dathletisme-2022-heptathlon-nafissatou-thiam-en-tete-apres-4-epreuves\/#respond\"]}],\"copyrightYear\":\"2022\",\"copyrightHolder\":{\"@id\":\"https:\/\/dicodusport.fr\/blog\/#organization\"}},{\"@type\":\"WebPage\",\"@id\":\"https:\/\/dicodusport.fr\/blog\/mondiaux-dathletisme-2022-heptathlon-nafissatou-thiam-en-tete-apres-4-epreuves\/\",\"url\":\"https:\/\/dicodusport.fr\/blog\/mondiaux-dathletisme-2022-heptathlon-nafissatou-thiam-en-tete-apres-4-epreuves\/\",\"name\":\"Mondiaux d'athl\u00e9tisme 2022 - Heptathlon : Nafissatou Thiam en t\u00eate apr\u00e8s 4 \u00e9preuves\",\"isPartOf\":{\"@id\":\"https:\/\/dicodusport.fr\/blog\/#website\"},\"primaryImageOfPage\":{\"@id\":\"https:\/\/dicodusport.fr\/blog\/mondiaux-dathletisme-2022-heptathlon-nafissatou-thiam-en-tete-apres-4-epreuves\/#primaryimage\"},\"image\":{\"@id\":\"https:\/\/dicodusport.fr\/blog\/mondiaux-dathletisme-2022-heptathlon-nafissatou-thiam-en-tete-apres-4-epreuves\/#primaryimage\"},\"thumbnailUrl\":\"https:\/\/dicodusport.fr\/blog\/wp-content\/uploads\/2022\/07\/Mondiaux-dathletisme-2022-Heptathlon-Nafissatou-Thiam-en-tete-apres-4-epreuves.jpg\",\"datePublished\":\"2022-07-18T06:00:29+00:00\",\"dateModified\":\"2022-07-18T13:56:09+00:00\",\"description\":\"MONDIAUX D'ATHL\u00c9TISME 2022 - Les \u00e9preuves de l'heptathlon ont d\u00e9but\u00e9 \u00e0 Eugene. Et sans surprise, Nafissatou Thiam fait la course en t\u00eate.\",\"breadcrumb\":{\"@id\":\"https:\/\/dicodusport.fr\/blog\/mondiaux-dathletisme-2022-heptathlon-nafissatou-thiam-en-tete-apres-4-epreuves\/#breadcrumb\"},\"inLanguage\":\"fr-FR\",\"potentialAction\":[{\"@type\":\"ReadAction\",\"target\":[\"https:\/\/dicodusport.fr\/blog\/mondiaux-dathletisme-2022-heptathlon-nafissatou-thiam-en-tete-apres-4-epreuves\/\"]}]},{\"@type\":\"ImageObject\",\"inLanguage\":\"fr-FR\",\"@id\":\"https:\/\/dicodusport.fr\/blog\/mondiaux-dathletisme-2022-heptathlon-nafissatou-thiam-en-tete-apres-4-epreuves\/#primaryimage\",\"url\":\"https:\/\/dicodusport.fr\/blog\/wp-content\/uploads\/2022\/07\/Mondiaux-dathletisme-2022-Heptathlon-Nafissatou-Thiam-en-tete-apres-4-epreuves.jpg\",\"contentUrl\":\"https:\/\/dicodusport.fr\/blog\/wp-content\/uploads\/2022\/07\/Mondiaux-dathletisme-2022-Heptathlon-Nafissatou-Thiam-en-tete-apres-4-epreuves.jpg\",\"width\":800,\"height\":445,\"caption\":\"Mondiaux d'athl\u00e9tisme 2022 - Heptathlon Nafissatou Thiam en t\u00eate apr\u00e8s 4 \u00e9preuves\"},{\"@type\":\"BreadcrumbList\",\"@id\":\"https:\/\/dicodusport.fr\/blog\/mondiaux-dathletisme-2022-heptathlon-nafissatou-thiam-en-tete-apres-4-epreuves\/#breadcrumb\",\"itemListElement\":[{\"@type\":\"ListItem\",\"position\":1,\"name\":\"Accueil\",\"item\":\"https:\/\/dicodusport.fr\/blog\/\"},{\"@type\":\"ListItem\",\"position\":2,\"name\":\"Mondiaux d&rsquo;athl\u00e9tisme 2022 &#8211; Heptathlon : Nafissatou Thiam en t\u00eate apr\u00e8s 4 \u00e9preuves\"}]},{\"@type\":\"WebSite\",\"@id\":\"https:\/\/dicodusport.fr\/blog\/#website\",\"url\":\"https:\/\/dicodusport.fr\/blog\/\",\"name\":\"Dicodusport\",\"description\":\"L&#039;encyclop\u00e9die de l&#039;actualit\u00e9 sportive\",\"publisher\":{\"@id\":\"https:\/\/dicodusport.fr\/blog\/#organization\"},\"potentialAction\":[{\"@type\":\"SearchAction\",\"target\":{\"@type\":\"EntryPoint\",\"urlTemplate\":\"https:\/\/dicodusport.fr\/blog\/?s={search_term_string}\"},\"query-input\":{\"@type\":\"PropertyValueSpecification\",\"valueRequired\":true,\"valueName\":\"search_term_string\"}}],\"inLanguage\":\"fr-FR\"},{\"@type\":\"NewsMediaOrganization\",\"@id\":\"https:\/\/dicodusport.fr\/blog\/#organization\",\"name\":\"Dicodusport\",\"url\":\"https:\/\/dicodusport.fr\/blog\/\",\"logo\":{\"@type\":\"ImageObject\",\"inLanguage\":\"fr-FR\",\"@id\":\"https:\/\/dicodusport.fr\/blog\/#\/schema\/logo\/image\/\",\"url\":\"https:\/\/dicodusport.fr\/blog\/wp-content\/uploads\/2020\/06\/cropped-LOGO-DICODUSPORT-2020-SANS-FOND-SANS-TEXTE.png\",\"contentUrl\":\"https:\/\/dicodusport.fr\/blog\/wp-content\/uploads\/2020\/06\/cropped-LOGO-DICODUSPORT-2020-SANS-FOND-SANS-TEXTE.png\",\"width\":512,\"height\":512,\"caption\":\"Dicodusport\"},\"image\":{\"@id\":\"https:\/\/dicodusport.fr\/blog\/#\/schema\/logo\/image\/\"},\"sameAs\":[\"https:\/\/www.facebook.com\/dicodusport\",\"https:\/\/x.com\/dicodusport\",\"https:\/\/www.instagram.com\/dicodusport\/\",\"https:\/\/www.youtube.com\/channel\/UC7V2KZ5sd3htJivAbA4ZG3w\"],\"description\":\"Dicodusport est l'encyclop\u00e9die de l'actualit\u00e9 sportive.\",\"email\":\"bonjour@dicodusport.fr\",\"legalName\":\"DICODUSPORT\",\"foundingDate\":\"2018-01-14\",\"vatID\":\"FR71834470973\",\"taxID\":\"83447097300043\",\"numberOfEmployees\":{\"@type\":\"QuantitativeValue\",\"minValue\":\"1\",\"maxValue\":\"10\"}},{\"@type\":\"Person\",\"@id\":\"https:\/\/dicodusport.fr\/blog\/#\/schema\/person\/cce96fa88785bd8573e3d43078ac8c79\",\"name\":\"Arlette Yeye\",\"image\":{\"@type\":\"ImageObject\",\"inLanguage\":\"fr-FR\",\"@id\":\"https:\/\/dicodusport.fr\/blog\/#\/schema\/person\/image\/\",\"url\":\"https:\/\/secure.gravatar.com\/avatar\/dca4a6239e6d708e46c45d60e160de6c?s=96&d=wp_user_avatar&r=g\",\"contentUrl\":\"https:\/\/secure.gravatar.com\/avatar\/dca4a6239e6d708e46c45d60e160de6c?s=96&d=wp_user_avatar&r=g\",\"caption\":\"Arlette Yeye\"},\"description\":\"Journaliste\/r\u00e9dactrice depuis septembre 2015 - Supportrice de Chelsea, j'ai pour sports de pr\u00e9dilection le handball, l'athl\u00e9tisme et le tennis. Si je tweete plus vite que mon ombre, vous pouvez aussi me retrouver les week-ends sur les playgrounds de Bruxelles pour un petit foot ou basket entre potes. Parcourir la France, l'Europe et plus si affinit\u00e9s pour suivre mes sportifs pr\u00e9f\u00e9r\u00e9s ? Mon kif ! Et c'est avec plaisir que je partage les r\u00e9sultats des sports populaires mais \u00e9galement plus confidentiels pour Dicodusport.\",\"sameAs\":[\"https:\/\/x.com\/https:\/\/twitter.com\/Shiclette94\"],\"url\":\"https:\/\/dicodusport.fr\/blog\/author\/arlette\/\"}]}<\/script>\n<!-- \/ Yoast SEO Premium plugin. -->","yoast_head_json":{"title":"Mondiaux d'athl\u00e9tisme 2022 - Heptathlon : Nafissatou Thiam en t\u00eate apr\u00e8s 4 \u00e9preuves","description":"MONDIAUX D'ATHL\u00c9TISME 2022 - Les \u00e9preuves de l'heptathlon ont d\u00e9but\u00e9 \u00e0 Eugene. Et sans surprise, Nafissatou Thiam fait la course en t\u00eate.","robots":{"index":"index","follow":"follow","max-snippet":"max-snippet:-1","max-image-preview":"max-image-preview:large","max-video-preview":"max-video-preview:-1"},"canonical":"https:\/\/dicodusport.fr\/blog\/mondiaux-dathletisme-2022-heptathlon-nafissatou-thiam-en-tete-apres-4-epreuves\/","og_locale":"fr_FR","og_type":"article","og_title":"Mondiaux d'athl\u00e9tisme 2022 - Heptathlon : Nafissatou Thiam en t\u00eate apr\u00e8s 4 \u00e9preuves","og_description":"MONDIAUX D'ATHL\u00c9TISME 2022 - Les \u00e9preuves de l'heptathlon ont d\u00e9but\u00e9 \u00e0 Eugene. Et sans surprise, Nafissatou Thiam fait la course en t\u00eate.","og_url":"https:\/\/dicodusport.fr\/blog\/mondiaux-dathletisme-2022-heptathlon-nafissatou-thiam-en-tete-apres-4-epreuves\/","og_site_name":"Dicodusport","article_publisher":"https:\/\/www.facebook.com\/dicodusport","article_published_time":"2022-07-18T06:00:29+00:00","article_modified_time":"2022-07-18T13:56:09+00:00","og_image":[{"width":800,"height":445,"url":"https:\/\/dicodusport.fr\/blog\/wp-content\/uploads\/2022\/07\/Mondiaux-dathletisme-2022-Heptathlon-Nafissatou-Thiam-en-tete-apres-4-epreuves.jpg","type":"image\/jpeg"}],"author":"Arlette Yeye","twitter_card":"summary_large_image","twitter_title":"Mondiaux d'athl\u00e9tisme 2022 - Heptathlon : Nafissatou Thiam en t\u00eate apr\u00e8s 4 \u00e9preuves","twitter_creator":"@https:\/\/twitter.com\/Shiclette94","twitter_site":"@dicodusport","schema":{"@context":"https:\/\/schema.org","@graph":[{"@type":"NewsArticle","@id":"https:\/\/dicodusport.fr\/blog\/mondiaux-dathletisme-2022-heptathlon-nafissatou-thiam-en-tete-apres-4-epreuves\/#article","isPartOf":{"@id":"https:\/\/dicodusport.fr\/blog\/mondiaux-dathletisme-2022-heptathlon-nafissatou-thiam-en-tete-apres-4-epreuves\/"},"author":{"name":"Arlette Yeye","@id":"https:\/\/dicodusport.fr\/blog\/#\/schema\/person\/cce96fa88785bd8573e3d43078ac8c79"},"headline":"Mondiaux d&rsquo;athl\u00e9tisme 2022 &#8211; Heptathlon : Nafissatou Thiam en t\u00eate apr\u00e8s 4 \u00e9preuves","datePublished":"2022-07-18T06:00:29+00:00","dateModified":"2022-07-18T13:56:09+00:00","mainEntityOfPage":{"@id":"https:\/\/dicodusport.fr\/blog\/mondiaux-dathletisme-2022-heptathlon-nafissatou-thiam-en-tete-apres-4-epreuves\/"},"wordCount":641,"commentCount":0,"publisher":{"@id":"https:\/\/dicodusport.fr\/blog\/#organization"},"image":{"@id":"https:\/\/dicodusport.fr\/blog\/mondiaux-dathletisme-2022-heptathlon-nafissatou-thiam-en-tete-apres-4-epreuves\/#primaryimage"},"thumbnailUrl":"https:\/\/dicodusport.fr\/blog\/wp-content\/uploads\/2022\/07\/Mondiaux-dathletisme-2022-Heptathlon-Nafissatou-Thiam-en-tete-apres-4-epreuves.jpg","keywords":["Adrianna Sulek","Anouk Vetter","Heptathlon","Katarina Johnson-Thompson","Nafissatou Thiam","Noor Vidts"],"articleSection":["Championnats du monde d'athl\u00e9tisme"],"inLanguage":"fr-FR","potentialAction":[{"@type":"CommentAction","name":"Comment","target":["https:\/\/dicodusport.fr\/blog\/mondiaux-dathletisme-2022-heptathlon-nafissatou-thiam-en-tete-apres-4-epreuves\/#respond"]}],"copyrightYear":"2022","copyrightHolder":{"@id":"https:\/\/dicodusport.fr\/blog\/#organization"}},{"@type":"WebPage","@id":"https:\/\/dicodusport.fr\/blog\/mondiaux-dathletisme-2022-heptathlon-nafissatou-thiam-en-tete-apres-4-epreuves\/","url":"https:\/\/dicodusport.fr\/blog\/mondiaux-dathletisme-2022-heptathlon-nafissatou-thiam-en-tete-apres-4-epreuves\/","name":"Mondiaux d'athl\u00e9tisme 2022 - Heptathlon : Nafissatou Thiam en t\u00eate apr\u00e8s 4 \u00e9preuves","isPartOf":{"@id":"https:\/\/dicodusport.fr\/blog\/#website"},"primaryImageOfPage":{"@id":"https:\/\/dicodusport.fr\/blog\/mondiaux-dathletisme-2022-heptathlon-nafissatou-thiam-en-tete-apres-4-epreuves\/#primaryimage"},"image":{"@id":"https:\/\/dicodusport.fr\/blog\/mondiaux-dathletisme-2022-heptathlon-nafissatou-thiam-en-tete-apres-4-epreuves\/#primaryimage"},"thumbnailUrl":"https:\/\/dicodusport.fr\/blog\/wp-content\/uploads\/2022\/07\/Mondiaux-dathletisme-2022-Heptathlon-Nafissatou-Thiam-en-tete-apres-4-epreuves.jpg","datePublished":"2022-07-18T06:00:29+00:00","dateModified":"2022-07-18T13:56:09+00:00","description":"MONDIAUX D'ATHL\u00c9TISME 2022 - Les \u00e9preuves de l'heptathlon ont d\u00e9but\u00e9 \u00e0 Eugene. Et sans surprise, Nafissatou Thiam fait la course en t\u00eate.","breadcrumb":{"@id":"https:\/\/dicodusport.fr\/blog\/mondiaux-dathletisme-2022-heptathlon-nafissatou-thiam-en-tete-apres-4-epreuves\/#breadcrumb"},"inLanguage":"fr-FR","potentialAction":[{"@type":"ReadAction","target":["https:\/\/dicodusport.fr\/blog\/mondiaux-dathletisme-2022-heptathlon-nafissatou-thiam-en-tete-apres-4-epreuves\/"]}]},{"@type":"ImageObject","inLanguage":"fr-FR","@id":"https:\/\/dicodusport.fr\/blog\/mondiaux-dathletisme-2022-heptathlon-nafissatou-thiam-en-tete-apres-4-epreuves\/#primaryimage","url":"https:\/\/dicodusport.fr\/blog\/wp-content\/uploads\/2022\/07\/Mondiaux-dathletisme-2022-Heptathlon-Nafissatou-Thiam-en-tete-apres-4-epreuves.jpg","contentUrl":"https:\/\/dicodusport.fr\/blog\/wp-content\/uploads\/2022\/07\/Mondiaux-dathletisme-2022-Heptathlon-Nafissatou-Thiam-en-tete-apres-4-epreuves.jpg","width":800,"height":445,"caption":"Mondiaux d'athl\u00e9tisme 2022 - Heptathlon Nafissatou Thiam en t\u00eate apr\u00e8s 4 \u00e9preuves"},{"@type":"BreadcrumbList","@id":"https:\/\/dicodusport.fr\/blog\/mondiaux-dathletisme-2022-heptathlon-nafissatou-thiam-en-tete-apres-4-epreuves\/#breadcrumb","itemListElement":[{"@type":"ListItem","position":1,"name":"Accueil","item":"https:\/\/dicodusport.fr\/blog\/"},{"@type":"ListItem","position":2,"name":"Mondiaux d&rsquo;athl\u00e9tisme 2022 &#8211; Heptathlon : Nafissatou Thiam en t\u00eate apr\u00e8s 4 \u00e9preuves"}]},{"@type":"WebSite","@id":"https:\/\/dicodusport.fr\/blog\/#website","url":"https:\/\/dicodusport.fr\/blog\/","name":"Dicodusport","description":"L&#039;encyclop\u00e9die de l&#039;actualit\u00e9 sportive","publisher":{"@id":"https:\/\/dicodusport.fr\/blog\/#organization"},"potentialAction":[{"@type":"SearchAction","target":{"@type":"EntryPoint","urlTemplate":"https:\/\/dicodusport.fr\/blog\/?s={search_term_string}"},"query-input":{"@type":"PropertyValueSpecification","valueRequired":true,"valueName":"search_term_string"}}],"inLanguage":"fr-FR"},{"@type":"NewsMediaOrganization","@id":"https:\/\/dicodusport.fr\/blog\/#organization","name":"Dicodusport","url":"https:\/\/dicodusport.fr\/blog\/","logo":{"@type":"ImageObject","inLanguage":"fr-FR","@id":"https:\/\/dicodusport.fr\/blog\/#\/schema\/logo\/image\/","url":"https:\/\/dicodusport.fr\/blog\/wp-content\/uploads\/2020\/06\/cropped-LOGO-DICODUSPORT-2020-SANS-FOND-SANS-TEXTE.png","contentUrl":"https:\/\/dicodusport.fr\/blog\/wp-content\/uploads\/2020\/06\/cropped-LOGO-DICODUSPORT-2020-SANS-FOND-SANS-TEXTE.png","width":512,"height":512,"caption":"Dicodusport"},"image":{"@id":"https:\/\/dicodusport.fr\/blog\/#\/schema\/logo\/image\/"},"sameAs":["https:\/\/www.facebook.com\/dicodusport","https:\/\/x.com\/dicodusport","https:\/\/www.instagram.com\/dicodusport\/","https:\/\/www.youtube.com\/channel\/UC7V2KZ5sd3htJivAbA4ZG3w"],"description":"Dicodusport est l'encyclop\u00e9die de l'actualit\u00e9 sportive.","email":"bonjour@dicodusport.fr","legalName":"DICODUSPORT","foundingDate":"2018-01-14","vatID":"FR71834470973","taxID":"83447097300043","numberOfEmployees":{"@type":"QuantitativeValue","minValue":"1","maxValue":"10"}},{"@type":"Person","@id":"https:\/\/dicodusport.fr\/blog\/#\/schema\/person\/cce96fa88785bd8573e3d43078ac8c79","name":"Arlette Yeye","image":{"@type":"ImageObject","inLanguage":"fr-FR","@id":"https:\/\/dicodusport.fr\/blog\/#\/schema\/person\/image\/","url":"https:\/\/secure.gravatar.com\/avatar\/dca4a6239e6d708e46c45d60e160de6c?s=96&d=wp_user_avatar&r=g","contentUrl":"https:\/\/secure.gravatar.com\/avatar\/dca4a6239e6d708e46c45d60e160de6c?s=96&d=wp_user_avatar&r=g","caption":"Arlette Yeye"},"description":"Journaliste\/r\u00e9dactrice depuis septembre 2015 - Supportrice de Chelsea, j'ai pour sports de pr\u00e9dilection le handball, l'athl\u00e9tisme et le tennis. Si je tweete plus vite que mon ombre, vous pouvez aussi me retrouver les week-ends sur les playgrounds de Bruxelles pour un petit foot ou basket entre potes. Parcourir la France, l'Europe et plus si affinit\u00e9s pour suivre mes sportifs pr\u00e9f\u00e9r\u00e9s ? Mon kif ! Et c'est avec plaisir que je partage les r\u00e9sultats des sports populaires mais \u00e9galement plus confidentiels pour Dicodusport.","sameAs":["https:\/\/x.com\/https:\/\/twitter.com\/Shiclette94"],"url":"https:\/\/dicodusport.fr\/blog\/author\/arlette\/"}]}},"_links":{"self":[{"href":"https:\/\/dicodusport.fr\/blog\/wp-json\/wp\/v2\/posts\/244020","targetHints":{"allow":["GET"]}}],"collection":[{"href":"https:\/\/dicodusport.fr\/blog\/wp-json\/wp\/v2\/posts"}],"about":[{"href":"https:\/\/dicodusport.fr\/blog\/wp-json\/wp\/v2\/types\/post"}],"author":[{"embeddable":true,"href":"https:\/\/dicodusport.fr\/blog\/wp-json\/wp\/v2\/users\/12"}],"replies":[{"embeddable":true,"href":"https:\/\/dicodusport.fr\/blog\/wp-json\/wp\/v2\/comments?post=244020"}],"version-history":[{"count":0,"href":"https:\/\/dicodusport.fr\/blog\/wp-json\/wp\/v2\/posts\/244020\/revisions"}],"wp:featuredmedia":[{"embeddable":true,"href":"https:\/\/dicodusport.fr\/blog\/wp-json\/wp\/v2\/media\/244412"}],"wp:attachment":[{"href":"https:\/\/dicodusport.fr\/blog\/wp-json\/wp\/v2\/media?parent=244020"}],"wp:term":[{"taxonomy":"category","embeddable":true,"href":"https:\/\/dicodusport.fr\/blog\/wp-json\/wp\/v2\/categories?post=244020"},{"taxonomy":"post_tag","embeddable":true,"href":"https:\/\/dicodusport.fr\/blog\/wp-json\/wp\/v2\/tags?post=244020"}],"curies":[{"name":"wp","href":"https:\/\/api.w.org\/{rel}","templated":true}]}}