{"id":244033,"date":"2022-07-17T08:35:29","date_gmt":"2022-07-17T06:35:29","guid":{"rendered":"https:\/\/dicodusport.fr\/blog\/?p=244033&#038;preview=true&#038;preview_id=244033"},"modified":"2022-07-17T09:19:16","modified_gmt":"2022-07-17T07:19:16","slug":"mondiaux-athletisme-2022-bigot-triple-americain-recapitulatif-2eme-journee","status":"publish","type":"post","link":"https:\/\/dicodusport.fr\/blog\/mondiaux-athletisme-2022-bigot-triple-americain-recapitulatif-2eme-journee\/","title":{"rendered":"Mondiaux d&rsquo;athl\u00e9tisme 2022 : Bigot, Finot, tripl\u00e9 am\u00e9ricain, le r\u00e9capitulatif de la 2\u00e8me journ\u00e9e"},"content":{"rendered":"<p style=\"text-align: justify;\"><em><strong><a href=\"https:\/\/dicodusport.fr\/blog\/calendrier-et-resultats-championnats-du-monde-athletisme-2022\/\">ATHL\u00c9TISME &#8211; CHAMPIONNATS DU MONDE 2022<\/a> &#8211; Kerley sur le toit du monde, Bigot trop juste, un saut qui vaut de l&rsquo;or : voici le r\u00e9cap de la deuxi\u00e8me journ\u00e9e des mondiaux de Eugene.\u00a0<\/strong><\/em><\/p>\n<h2 style=\"text-align: justify;\">Quentin Bigot rate le podium de peu, Fajdek ajoute une cinqui\u00e8me couronne mondiale<\/h2>\n<p style=\"text-align: justify;\"><strong>Quentin Bigot<\/strong> aura r\u00e9alis\u00e9 un beau concours mais, malheureusement, cela n&rsquo;aura pas suffi pour retrouver un podium mondial, trois ans apr\u00e8s Doha. Le lanceur fran\u00e7ais a envoy\u00e9 tous ses marteaux \u00e0 plus de 78.86 m, avec une meilleure marque \u00e0 80.24 m, r\u00e9alis\u00e9e au troisi\u00e8me essai. Toutefois, le Norv\u00e9gien <strong>Eivind Henriksen<\/strong> a plac\u00e9 la barre \u00e0 80.87 m, pour la m\u00e9daille de bronze. Devant, une explication attendue a eu lieu entre les deux Polonais <strong>Pawel Fajdek<\/strong> et <strong>Wojciech Nowicki<\/strong>. Celle-ci a tourn\u00e9 en faveur du premier, qui ajoute un cinqui\u00e8me titre mondial \u00e0 son incroyable palmar\u00e8s (81.98 m).<\/p>\n<blockquote class=\"twitter-tweet\">\n<p dir=\"ltr\" lang=\"fr\">&#x1f4a5; Quel concours !<\/p>\n<p>&#x1f1eb;&#x1f1f7; Quentin Bigot 4e de la finale du lancer du marteau avec 80,24 m aux <a href=\"https:\/\/twitter.com\/hashtag\/WorldAthleticsChamps?src=hash&amp;ref_src=twsrc%5Etfw\">#WorldAthleticsChamps<\/a> !<\/p>\n<p>&#x1f4aa; Il n\u2019a pas manqu\u00e9 grand-chose au Messin, qui a tout donn\u00e9 et fait preuve d\u2019une belle r\u00e9gularit\u00e9 : 79,52 m \/ 78.86 m \/ 80,24 m \/ 79,94 m \/ 79,85 m \/ 79,38 m. <a href=\"https:\/\/t.co\/AJbBE1WCUZ\">pic.twitter.com\/AJbBE1WCUZ<\/a><\/p>\n<p>\u2014 FFAthl\u00e9tisme (@FFAthletisme) <a href=\"https:\/\/twitter.com\/FFAthletisme\/status\/1548427475742384128?ref_src=twsrc%5Etfw\">July 16, 2022<\/a><\/p><\/blockquote>\n<p><script async src=\"https:\/\/platform.twitter.com\/widgets.js\" charset=\"utf-8\"><\/script><\/p>\n<h2 style=\"text-align: justify;\">Un premier titre mondial pour Letesenbet Gidey<\/h2>\n<p style=\"text-align: justify;\">Recordwoman du 10 000 m, <strong>Letesenbet Gidey<\/strong> n&rsquo;\u00e9tait pas encore parvenue \u00e0 d\u00e9rocher un titre d&rsquo;envergure mondiale. D\u00e9sormais, apr\u00e8s cette seconde journ\u00e9e des championnats du monde de Eugene, c&rsquo;est chose faite ! L&rsquo;\u00c9thiopienne s&rsquo;est impos\u00e9e en 30:09.94, devant les deux K\u00e9nyanes <strong>Hellen Obiri<\/strong> (30:10.02) et <strong>Margaret Chelimo Kipkemboi<\/strong> (30:10.07). Derri\u00e8re ces dames, la championne du monde en titre jusqu&rsquo;alors, la N\u00e9erlandaise <strong>Sifan Hassan<\/strong>, a fini en quatri\u00e8me position.<\/p>\n<h2 style=\"text-align: justify;\">Les Fran\u00e7ais assurent sur les s\u00e9ries<\/h2>\n<p style=\"text-align: justify;\">Comme lors de la veille, les Fran\u00e7ais ont plut\u00f4t fait bonne figure lors des s\u00e9ries et des qualifications. Sur le demi-fond, <strong>Alice Finot<\/strong> a remport\u00e9 sa course de 3 000 m steeple, en battant le record de France au passage (9:14.34). La finale l&rsquo;attend jeudi prochain. Ensuite, sur le 110 m haies, sp\u00e9cialit\u00e9 fran\u00e7aise, les trois Fran\u00e7ais en lice ont pass\u00e9 les s\u00e9ries avec succ\u00e8s. En effet, <strong>Pascal Martinot-Lagarde<\/strong> (13.49), <strong>Sasha Zoya<\/strong> (13.48) et <strong>Just Kwaou-Mathey<\/strong> (13.32) participeront aux demi-finales, qui auront lieu demain.<\/p>\n<h2 style=\"text-align: justify;\">Pas d&rsquo;accrocs pour les favorites sur 100 m<\/h2>\n<p style=\"text-align: justify;\">Les sprinteuses ont fait leur entr\u00e9e en lice ce samedi. Sur 100 m\u00e8tres, la Britannique <strong>Dina Asher-Smith<\/strong> a remport\u00e9 sa course et r\u00e9alis\u00e9 le meilleur temps des s\u00e9ries (10.84). Derri\u00e8re, les Jama\u00efcaines <strong>Elaine Thompson-Herah<\/strong> (11.15), <strong>Kemba Nelson<\/strong> (11.10),<strong> Shericka Jackson<\/strong> (11.02) et <strong>Shelly-Ann Fraser-Pryce<\/strong> (10.92) ont \u00e9galement assur\u00e9. Ce fut aussi le cas de l&rsquo;Am\u00e9ricaine<strong> Twanisha Terry<\/strong> (10.95), de l&rsquo;Ivoirienne <strong>Marie Jos\u00e9e Ta-Lou<\/strong> (10.92) ou encore de la Suissesse <strong>Mujinga Kambundji<\/strong> (10.97). Les demi-finales et la finale se joueront demain et l&rsquo;identit\u00e9 de la prochaine championne du monde semble difficile \u00e0 deviner tant la densit\u00e9 est importante au sein de la discipline.<\/p>\n<h2 style=\"text-align: justify;\">Chase Ealey d\u00e9bloque le compteur des locaux<\/h2>\n<p style=\"text-align: justify;\">Apr\u00e8s la d\u00e9ception sur 4&#215;400 m hier, les espoirs des Am\u00e9ricains \u00e9taient port\u00e9s sur la lanceuse de poids <strong>Chase Ealey<\/strong>, afin de d\u00e9bloquer enfin le compteur de m\u00e9dailles d&rsquo;or des locaux. Cette fois-ci, \u00e7a n&rsquo;a pas loup\u00e9. L&rsquo;Am\u00e9ricaine s&rsquo;est impos\u00e9e gr\u00e2ce \u00e0 un jet \u00e0 20.49 m, r\u00e9ussi d\u00e8s le premier essai. C&rsquo;est la Chinoise <strong>Lijiao Gong<\/strong> qui s&rsquo;est empar\u00e9e de l&rsquo;argent, ajoutant une dixi\u00e8me m\u00e9daille lors de grands championnats \u00e0 son palmar\u00e8s ! La N\u00e9erlandaise <strong>Jessica Schilder<\/strong> compl\u00e8te le podium avec un nouveau record national \u00e0 la cl\u00e9 (19.77 m).<\/p>\n<blockquote class=\"twitter-tweet\">\n<p dir=\"ltr\" lang=\"en\">WORLD CHAMPION AT HOME &#x203c;&#xfe0f;<a href=\"https:\/\/twitter.com\/ealey_chase?ref_src=twsrc%5Etfw\">@ealey_chase<\/a> &#x1f1fa;&#x1f1f8; gives the host nation its first gold medal with a 20.49m shot put victory &#x1f4aa;<\/p>\n<p>She defeats Olympic champion and two-time world champion Lijiao Gong &#x1f1e8;&#x1f1f3; in the process!<a href=\"https:\/\/twitter.com\/hashtag\/WorldAthleticsChamps?src=hash&amp;ref_src=twsrc%5Etfw\">#WorldAthleticsChamps<\/a> <a href=\"https:\/\/twitter.com\/usatf?ref_src=twsrc%5Etfw\">@usatf<\/a> <a href=\"https:\/\/t.co\/gatyLjRQqQ\">pic.twitter.com\/gatyLjRQqQ<\/a><\/p>\n<p>\u2014 World Athletics (@WorldAthletics) <a href=\"https:\/\/twitter.com\/WorldAthletics\/status\/1548496500447006720?ref_src=twsrc%5Etfw\">July 17, 2022<\/a><\/p><\/blockquote>\n<p><script async src=\"https:\/\/platform.twitter.com\/widgets.js\" charset=\"utf-8\"><\/script><\/p>\n<h2 style=\"text-align: justify;\">Wang s&rsquo;impose sur le fil<\/h2>\n<p style=\"text-align: justify;\">Le concours de la longueur a offert une petite surprise. En effet, avec ses cinq sauts entre 8.20 et 8.32 m dans le m\u00eame concours, le champion olympique en titre <strong>Miltiadis Tentoglou<\/strong> semblait se diriger vers son premier sacre en championnats du monde. C&rsquo;\u00e9tait sans compter sur l&rsquo;incroyable dernier essai du Chinois <strong>Jianan Wang<\/strong>, qui a atterri \u00e0 8.36 m. Un saut qui vaut de l&rsquo;or. Le Suisse <strong>Simon Ehammer<\/strong> compl\u00e8te le podium avec une meilleure marque \u00e0 8.16 m.<\/p>\n<blockquote class=\"twitter-tweet\">\n<p dir=\"ltr\" lang=\"fr\"><a href=\"https:\/\/twitter.com\/hashtag\/WCHOregon22?src=hash&amp;ref_src=twsrc%5Etfw\">#WCHOregon22<\/a> &#8211; SAUT EN LONGUEUR<br \/>\n&#x1f947; Wang Jinan &#x1f1e8;&#x1f1f3; 8.36M SB (+0.5)<br \/>\n&#x1f948; Miltiadis Tentoglou &#x1f1ec;&#x1f1f7; 8.32M (+0.5)<br \/>\n&#x1f949; Simon Ehammer &#x1f1e8;&#x1f1ed; 8.16M (+0.5)<\/p>\n<p>C\u2019est le premier chinois champion du monde de la longueur ! &#x1f44f;<a href=\"https:\/\/twitter.com\/hashtag\/Oregon2022?src=hash&amp;ref_src=twsrc%5Etfw\">#Oregon2022<\/a> <a href=\"https:\/\/t.co\/nzBCSHgTGI\">pic.twitter.com\/nzBCSHgTGI<\/a><\/p>\n<p>\u2014 MR.CARTER (@NelsonCarterJr) <a href=\"https:\/\/twitter.com\/NelsonCarterJr\/status\/1548504481653919747?ref_src=twsrc%5Etfw\">July 17, 2022<\/a><\/p><\/blockquote>\n<p><script async src=\"https:\/\/platform.twitter.com\/widgets.js\" charset=\"utf-8\"><\/script><\/p>\n<h2 style=\"text-align: justify;\">Kerley et les Am\u00e9ricains dominent le 100 m<\/h2>\n<p style=\"text-align: justify;\">Apr\u00e8s le r\u00e8gne sans partage d&rsquo;<strong>Usain Bolt<\/strong>, la domination des Am\u00e9ricains se poursuit. Apr\u00e8s les titres de <strong>Justin Gatlin<\/strong> en 2017 et de <strong>Christian Coleman<\/strong> en 2019, c&rsquo;est <strong>Fred Kerley<\/strong> qui grave son nom dans l&rsquo;histoire des championnats du monde d&rsquo;athl\u00e9tisme. Le vainqueur a mis du temps \u00e0 se dessiner entre le trio de t\u00eate, compos\u00e9 de trois Am\u00e9ricains. Kerley s&rsquo;est finalement impos\u00e9 gr\u00e2ce \u00e0 un meilleur finish en 9.86. Juste derri\u00e8re, <strong>Marvin Bracy<\/strong> s&rsquo;est empar\u00e9 de la m\u00e9daille d&rsquo;argent (9.88) tandis que <strong>Trayvon Bromell<\/strong> a fini troisi\u00e8me (9.88).<\/p>\n<blockquote class=\"twitter-tweet\">\n<p dir=\"ltr\" lang=\"en\">WORLD CHAMPION &#x203c;&#xfe0f;<a href=\"https:\/\/twitter.com\/fkerley99?ref_src=twsrc%5Etfw\">@fkerley99<\/a> &#x1f1fa;&#x1f1f8; storms to 9.86 to strike 100m &#x1f947; in front of a roaring home crowd &#x1f44f;<\/p>\n<p>&#x1f948; <a href=\"https:\/\/twitter.com\/_BraceYaself?ref_src=twsrc%5Etfw\">@_BraceYaself<\/a> &#x1f1fa;&#x1f1f8; 9.88 (.874)<br \/>\n&#x1f949; <a href=\"https:\/\/twitter.com\/TrayvonBromell?ref_src=twsrc%5Etfw\">@TrayvonBromell<\/a> &#x1f1fa;&#x1f1f8; 9.88 (.876)<\/p>\n<p>USA GOES 1-2-3! HISTORY!<a href=\"https:\/\/twitter.com\/hashtag\/WorldAthleticsChamps?src=hash&amp;ref_src=twsrc%5Etfw\">#WorldAthleticsChamps<\/a> <a href=\"https:\/\/twitter.com\/usatf?ref_src=twsrc%5Etfw\">@usatf<\/a> <a href=\"https:\/\/t.co\/zfVcnFwnZl\">pic.twitter.com\/zfVcnFwnZl<\/a><\/p>\n<p>\u2014 World Athletics (@WorldAthletics) <a href=\"https:\/\/twitter.com\/WorldAthletics\/status\/1548501602683666435?ref_src=twsrc%5Etfw\">July 17, 2022<\/a><\/p><\/blockquote>\n<p><script async src=\"https:\/\/platform.twitter.com\/widgets.js\" charset=\"utf-8\"><\/script><\/p>\n<ul>\n<li style=\"text-align: justify;\"><strong>\u00c0 lire aussi &#8211; <a href=\"https:\/\/dicodusport.fr\/blog\/tableaux-des-medailles-championnats-du-monde-athletisme-2022\/\">Le tableau des m\u00e9dailles des Mondiaux d&rsquo;athl\u00e9tisme<\/a><\/strong><\/li>\n<\/ul>\n","protected":false},"excerpt":{"rendered":"<p>ATHL\u00c9TISME &#8211; CHAMPIONNATS DU MONDE 2022 &#8211; Kerley sur le toit du monde, Bigot trop juste, un saut qui vaut de l&rsquo;or : voici le r\u00e9cap de la deuxi\u00e8me journ\u00e9e des mondiaux de Eugene.\u00a0<\/p>\n","protected":false},"author":45,"featured_media":244054,"comment_status":"open","ping_status":"closed","sticky":false,"template":"","format":"standard","meta":{"_acf_changed":false,"_daextam_enable_autolinks":"","footnotes":""},"categories":[46997],"tags":[143,25099],"class_list":["post-244033","post","type-post","status-publish","format-standard","has-post-thumbnail","hentry","category-championnats-du-monde-athletisme","tag-athletisme","tag-recapitulatif"],"acf":[],"yoast_head":"<!-- This site is optimized with the Yoast SEO Premium plugin v26.7 (Yoast SEO v26.7) - https:\/\/yoast.com\/wordpress\/plugins\/seo\/ -->\n<title>Mondiaux d&#039;athl\u00e9tisme 2022 : Bigot, Finot, tripl\u00e9 am\u00e9ricain, le r\u00e9capitulatif de la 2\u00e8me journ\u00e9e<\/title>\n<meta name=\"description\" content=\"Kerley sur le toit du monde, Bigot trop juste, un saut qui vaut de l&#039;or ... voici le r\u00e9cap de la deuxi\u00e8me journ\u00e9e des Mondiaux de Eugene.\u00a0\" \/>\n<meta name=\"robots\" content=\"index, follow, max-snippet:-1, max-image-preview:large, max-video-preview:-1\" \/>\n<link rel=\"canonical\" href=\"https:\/\/dicodusport.fr\/blog\/mondiaux-athletisme-2022-bigot-triple-americain-recapitulatif-2eme-journee\/\" \/>\n<meta property=\"og:locale\" content=\"fr_FR\" \/>\n<meta property=\"og:type\" content=\"article\" \/>\n<meta property=\"og:title\" content=\"Mondiaux d&#039;athl\u00e9tisme 2022 : Bigot, Finot, tripl\u00e9 am\u00e9ricain, le r\u00e9capitulatif de la 2\u00e8me journ\u00e9e\" \/>\n<meta property=\"og:description\" content=\"Kerley sur le toit du monde, Bigot trop juste, un saut qui vaut de l&#039;or ... voici le r\u00e9cap de la deuxi\u00e8me journ\u00e9e des Mondiaux de Eugene.\u00a0\" \/>\n<meta property=\"og:url\" content=\"https:\/\/dicodusport.fr\/blog\/mondiaux-athletisme-2022-bigot-triple-americain-recapitulatif-2eme-journee\/\" \/>\n<meta property=\"og:site_name\" content=\"Dicodusport\" \/>\n<meta property=\"article:publisher\" content=\"https:\/\/www.facebook.com\/dicodusport\" \/>\n<meta property=\"article:author\" content=\"https:\/\/www.facebook.com\/alexandre.jeffroy.3\/\" \/>\n<meta property=\"article:published_time\" content=\"2022-07-17T06:35:29+00:00\" \/>\n<meta property=\"article:modified_time\" content=\"2022-07-17T07:19:16+00:00\" \/>\n<meta property=\"og:image\" content=\"https:\/\/dicodusport.fr\/blog\/wp-content\/uploads\/2022\/07\/Mondiaux-dathletisme-2022-Bigot-Finot-triple-americain-le-recapitulatif-de-la-2eme-journee.png\" \/>\n\t<meta property=\"og:image:width\" content=\"800\" \/>\n\t<meta property=\"og:image:height\" content=\"445\" \/>\n\t<meta property=\"og:image:type\" content=\"image\/png\" \/>\n<meta name=\"author\" content=\"Alexandre Jeffroy\" \/>\n<meta name=\"twitter:card\" content=\"summary_large_image\" \/>\n<meta name=\"twitter:title\" content=\"Mondiaux d&#039;athl\u00e9tisme 2022 : Bigot, Finot, tripl\u00e9 am\u00e9ricain, le r\u00e9capitulatif de la 2\u00e8me journ\u00e9e\" \/>\n<meta name=\"twitter:creator\" content=\"@https:\/\/twitter.com\/smokinalexjoe\" \/>\n<meta name=\"twitter:site\" content=\"@dicodusport\" \/>\n<script type=\"application\/ld+json\" class=\"yoast-schema-graph\">{\"@context\":\"https:\/\/schema.org\",\"@graph\":[{\"@type\":\"NewsArticle\",\"@id\":\"https:\/\/dicodusport.fr\/blog\/mondiaux-athletisme-2022-bigot-triple-americain-recapitulatif-2eme-journee\/#article\",\"isPartOf\":{\"@id\":\"https:\/\/dicodusport.fr\/blog\/mondiaux-athletisme-2022-bigot-triple-americain-recapitulatif-2eme-journee\/\"},\"author\":{\"name\":\"Alexandre Jeffroy\",\"@id\":\"https:\/\/dicodusport.fr\/blog\/#\/schema\/person\/0e50be5ee9a0e6705846ac950257c4a0\"},\"headline\":\"Mondiaux d&rsquo;athl\u00e9tisme 2022 : Bigot, Finot, tripl\u00e9 am\u00e9ricain, le r\u00e9capitulatif de la 2\u00e8me journ\u00e9e\",\"datePublished\":\"2022-07-17T06:35:29+00:00\",\"dateModified\":\"2022-07-17T07:19:16+00:00\",\"mainEntityOfPage\":{\"@id\":\"https:\/\/dicodusport.fr\/blog\/mondiaux-athletisme-2022-bigot-triple-americain-recapitulatif-2eme-journee\/\"},\"wordCount\":1029,\"commentCount\":0,\"publisher\":{\"@id\":\"https:\/\/dicodusport.fr\/blog\/#organization\"},\"image\":{\"@id\":\"https:\/\/dicodusport.fr\/blog\/mondiaux-athletisme-2022-bigot-triple-americain-recapitulatif-2eme-journee\/#primaryimage\"},\"thumbnailUrl\":\"https:\/\/dicodusport.fr\/blog\/wp-content\/uploads\/2022\/07\/Mondiaux-dathletisme-2022-Bigot-Finot-triple-americain-le-recapitulatif-de-la-2eme-journee.png\",\"keywords\":[\"Athl\u00e9tisme\",\"r\u00e9capitulatif\"],\"articleSection\":[\"Championnats du monde d'athl\u00e9tisme\"],\"inLanguage\":\"fr-FR\",\"potentialAction\":[{\"@type\":\"CommentAction\",\"name\":\"Comment\",\"target\":[\"https:\/\/dicodusport.fr\/blog\/mondiaux-athletisme-2022-bigot-triple-americain-recapitulatif-2eme-journee\/#respond\"]}],\"copyrightYear\":\"2022\",\"copyrightHolder\":{\"@id\":\"https:\/\/dicodusport.fr\/blog\/#organization\"}},{\"@type\":\"WebPage\",\"@id\":\"https:\/\/dicodusport.fr\/blog\/mondiaux-athletisme-2022-bigot-triple-americain-recapitulatif-2eme-journee\/\",\"url\":\"https:\/\/dicodusport.fr\/blog\/mondiaux-athletisme-2022-bigot-triple-americain-recapitulatif-2eme-journee\/\",\"name\":\"Mondiaux d'athl\u00e9tisme 2022 : Bigot, Finot, tripl\u00e9 am\u00e9ricain, le r\u00e9capitulatif de la 2\u00e8me journ\u00e9e\",\"isPartOf\":{\"@id\":\"https:\/\/dicodusport.fr\/blog\/#website\"},\"primaryImageOfPage\":{\"@id\":\"https:\/\/dicodusport.fr\/blog\/mondiaux-athletisme-2022-bigot-triple-americain-recapitulatif-2eme-journee\/#primaryimage\"},\"image\":{\"@id\":\"https:\/\/dicodusport.fr\/blog\/mondiaux-athletisme-2022-bigot-triple-americain-recapitulatif-2eme-journee\/#primaryimage\"},\"thumbnailUrl\":\"https:\/\/dicodusport.fr\/blog\/wp-content\/uploads\/2022\/07\/Mondiaux-dathletisme-2022-Bigot-Finot-triple-americain-le-recapitulatif-de-la-2eme-journee.png\",\"datePublished\":\"2022-07-17T06:35:29+00:00\",\"dateModified\":\"2022-07-17T07:19:16+00:00\",\"description\":\"Kerley sur le toit du monde, Bigot trop juste, un saut qui vaut de l'or ... voici le r\u00e9cap de la deuxi\u00e8me journ\u00e9e des Mondiaux de Eugene.\u00a0\",\"breadcrumb\":{\"@id\":\"https:\/\/dicodusport.fr\/blog\/mondiaux-athletisme-2022-bigot-triple-americain-recapitulatif-2eme-journee\/#breadcrumb\"},\"inLanguage\":\"fr-FR\",\"potentialAction\":[{\"@type\":\"ReadAction\",\"target\":[\"https:\/\/dicodusport.fr\/blog\/mondiaux-athletisme-2022-bigot-triple-americain-recapitulatif-2eme-journee\/\"]}]},{\"@type\":\"ImageObject\",\"inLanguage\":\"fr-FR\",\"@id\":\"https:\/\/dicodusport.fr\/blog\/mondiaux-athletisme-2022-bigot-triple-americain-recapitulatif-2eme-journee\/#primaryimage\",\"url\":\"https:\/\/dicodusport.fr\/blog\/wp-content\/uploads\/2022\/07\/Mondiaux-dathletisme-2022-Bigot-Finot-triple-americain-le-recapitulatif-de-la-2eme-journee.png\",\"contentUrl\":\"https:\/\/dicodusport.fr\/blog\/wp-content\/uploads\/2022\/07\/Mondiaux-dathletisme-2022-Bigot-Finot-triple-americain-le-recapitulatif-de-la-2eme-journee.png\",\"width\":800,\"height\":445,\"caption\":\"Mondiaux d'athl\u00e9tisme 2022 Bigot, Finot, tripl\u00e9 am\u00e9ricain, le r\u00e9capitulatif de la 2\u00e8me journ\u00e9e\"},{\"@type\":\"BreadcrumbList\",\"@id\":\"https:\/\/dicodusport.fr\/blog\/mondiaux-athletisme-2022-bigot-triple-americain-recapitulatif-2eme-journee\/#breadcrumb\",\"itemListElement\":[{\"@type\":\"ListItem\",\"position\":1,\"name\":\"Accueil\",\"item\":\"https:\/\/dicodusport.fr\/blog\/\"},{\"@type\":\"ListItem\",\"position\":2,\"name\":\"Mondiaux d&rsquo;athl\u00e9tisme 2022 : Bigot, Finot, tripl\u00e9 am\u00e9ricain, le r\u00e9capitulatif de la 2\u00e8me journ\u00e9e\"}]},{\"@type\":\"WebSite\",\"@id\":\"https:\/\/dicodusport.fr\/blog\/#website\",\"url\":\"https:\/\/dicodusport.fr\/blog\/\",\"name\":\"Dicodusport\",\"description\":\"L&#039;encyclop\u00e9die de l&#039;actualit\u00e9 sportive\",\"publisher\":{\"@id\":\"https:\/\/dicodusport.fr\/blog\/#organization\"},\"potentialAction\":[{\"@type\":\"SearchAction\",\"target\":{\"@type\":\"EntryPoint\",\"urlTemplate\":\"https:\/\/dicodusport.fr\/blog\/?s={search_term_string}\"},\"query-input\":{\"@type\":\"PropertyValueSpecification\",\"valueRequired\":true,\"valueName\":\"search_term_string\"}}],\"inLanguage\":\"fr-FR\"},{\"@type\":\"NewsMediaOrganization\",\"@id\":\"https:\/\/dicodusport.fr\/blog\/#organization\",\"name\":\"Dicodusport\",\"url\":\"https:\/\/dicodusport.fr\/blog\/\",\"logo\":{\"@type\":\"ImageObject\",\"inLanguage\":\"fr-FR\",\"@id\":\"https:\/\/dicodusport.fr\/blog\/#\/schema\/logo\/image\/\",\"url\":\"https:\/\/dicodusport.fr\/blog\/wp-content\/uploads\/2020\/06\/cropped-LOGO-DICODUSPORT-2020-SANS-FOND-SANS-TEXTE.png\",\"contentUrl\":\"https:\/\/dicodusport.fr\/blog\/wp-content\/uploads\/2020\/06\/cropped-LOGO-DICODUSPORT-2020-SANS-FOND-SANS-TEXTE.png\",\"width\":512,\"height\":512,\"caption\":\"Dicodusport\"},\"image\":{\"@id\":\"https:\/\/dicodusport.fr\/blog\/#\/schema\/logo\/image\/\"},\"sameAs\":[\"https:\/\/www.facebook.com\/dicodusport\",\"https:\/\/x.com\/dicodusport\",\"https:\/\/www.instagram.com\/dicodusport\/\",\"https:\/\/www.youtube.com\/channel\/UC7V2KZ5sd3htJivAbA4ZG3w\"],\"description\":\"Dicodusport est l'encyclop\u00e9die de l'actualit\u00e9 sportive.\",\"email\":\"bonjour@dicodusport.fr\",\"legalName\":\"DICODUSPORT\",\"foundingDate\":\"2018-01-14\",\"vatID\":\"FR71834470973\",\"taxID\":\"83447097300043\",\"numberOfEmployees\":{\"@type\":\"QuantitativeValue\",\"minValue\":\"1\",\"maxValue\":\"10\"}},{\"@type\":\"Person\",\"@id\":\"https:\/\/dicodusport.fr\/blog\/#\/schema\/person\/0e50be5ee9a0e6705846ac950257c4a0\",\"name\":\"Alexandre Jeffroy\",\"image\":{\"@type\":\"ImageObject\",\"inLanguage\":\"fr-FR\",\"@id\":\"https:\/\/dicodusport.fr\/blog\/#\/schema\/person\/image\/\",\"url\":\"https:\/\/dicodusport.fr\/blog\/wp-content\/uploads\/2021\/05\/Alexandre-Jeffroy-150x150.jpg\",\"contentUrl\":\"https:\/\/dicodusport.fr\/blog\/wp-content\/uploads\/2021\/05\/Alexandre-Jeffroy-150x150.jpg\",\"caption\":\"Alexandre Jeffroy\"},\"description\":\"Journaliste\/R\u00e9dacteur depuis octobre 2020 - Bolt qui foudroie le record du monde du 100 m\u00e8tres, les derniers essais de Dominici, les premi\u00e8res charges d\u00e9vastatrices de Bastarocket... de beaux souvenirs pour une grande passion, celle du sport. L\u2019histoire du sport aussi. Comprendre le r\u00f4le qu\u2019il a eu, celui qu\u2019il a et celui qu\u2019il aura dans notre soci\u00e9t\u00e9. Le sport au pass\u00e9, au pr\u00e9sent, au futur. Le sport tous les jours, matin, midi et soir. A d\u00e9faut d\u2019\u00eatre un grand sportif, je suis et je raconte l\u2019actualit\u00e9 et l\u2019histoire des championnes et des champions qui savent se d\u00e9passer pour accomplir des merveilles.\",\"sameAs\":[\"https:\/\/www.facebook.com\/alexandre.jeffroy.3\/\",\"https:\/\/x.com\/https:\/\/twitter.com\/smokinalexjoe\"],\"url\":\"https:\/\/dicodusport.fr\/blog\/author\/alexandrejeffroy\/\"}]}<\/script>\n<!-- \/ Yoast SEO Premium plugin. -->","yoast_head_json":{"title":"Mondiaux d'athl\u00e9tisme 2022 : Bigot, Finot, tripl\u00e9 am\u00e9ricain, le r\u00e9capitulatif de la 2\u00e8me journ\u00e9e","description":"Kerley sur le toit du monde, Bigot trop juste, un saut qui vaut de l'or ... voici le r\u00e9cap de la deuxi\u00e8me journ\u00e9e des Mondiaux de Eugene.\u00a0","robots":{"index":"index","follow":"follow","max-snippet":"max-snippet:-1","max-image-preview":"max-image-preview:large","max-video-preview":"max-video-preview:-1"},"canonical":"https:\/\/dicodusport.fr\/blog\/mondiaux-athletisme-2022-bigot-triple-americain-recapitulatif-2eme-journee\/","og_locale":"fr_FR","og_type":"article","og_title":"Mondiaux d'athl\u00e9tisme 2022 : Bigot, Finot, tripl\u00e9 am\u00e9ricain, le r\u00e9capitulatif de la 2\u00e8me journ\u00e9e","og_description":"Kerley sur le toit du monde, Bigot trop juste, un saut qui vaut de l'or ... voici le r\u00e9cap de la deuxi\u00e8me journ\u00e9e des Mondiaux de Eugene.\u00a0","og_url":"https:\/\/dicodusport.fr\/blog\/mondiaux-athletisme-2022-bigot-triple-americain-recapitulatif-2eme-journee\/","og_site_name":"Dicodusport","article_publisher":"https:\/\/www.facebook.com\/dicodusport","article_author":"https:\/\/www.facebook.com\/alexandre.jeffroy.3\/","article_published_time":"2022-07-17T06:35:29+00:00","article_modified_time":"2022-07-17T07:19:16+00:00","og_image":[{"width":800,"height":445,"url":"https:\/\/dicodusport.fr\/blog\/wp-content\/uploads\/2022\/07\/Mondiaux-dathletisme-2022-Bigot-Finot-triple-americain-le-recapitulatif-de-la-2eme-journee.png","type":"image\/png"}],"author":"Alexandre Jeffroy","twitter_card":"summary_large_image","twitter_title":"Mondiaux d'athl\u00e9tisme 2022 : Bigot, Finot, tripl\u00e9 am\u00e9ricain, le r\u00e9capitulatif de la 2\u00e8me journ\u00e9e","twitter_creator":"@https:\/\/twitter.com\/smokinalexjoe","twitter_site":"@dicodusport","schema":{"@context":"https:\/\/schema.org","@graph":[{"@type":"NewsArticle","@id":"https:\/\/dicodusport.fr\/blog\/mondiaux-athletisme-2022-bigot-triple-americain-recapitulatif-2eme-journee\/#article","isPartOf":{"@id":"https:\/\/dicodusport.fr\/blog\/mondiaux-athletisme-2022-bigot-triple-americain-recapitulatif-2eme-journee\/"},"author":{"name":"Alexandre Jeffroy","@id":"https:\/\/dicodusport.fr\/blog\/#\/schema\/person\/0e50be5ee9a0e6705846ac950257c4a0"},"headline":"Mondiaux d&rsquo;athl\u00e9tisme 2022 : Bigot, Finot, tripl\u00e9 am\u00e9ricain, le r\u00e9capitulatif de la 2\u00e8me journ\u00e9e","datePublished":"2022-07-17T06:35:29+00:00","dateModified":"2022-07-17T07:19:16+00:00","mainEntityOfPage":{"@id":"https:\/\/dicodusport.fr\/blog\/mondiaux-athletisme-2022-bigot-triple-americain-recapitulatif-2eme-journee\/"},"wordCount":1029,"commentCount":0,"publisher":{"@id":"https:\/\/dicodusport.fr\/blog\/#organization"},"image":{"@id":"https:\/\/dicodusport.fr\/blog\/mondiaux-athletisme-2022-bigot-triple-americain-recapitulatif-2eme-journee\/#primaryimage"},"thumbnailUrl":"https:\/\/dicodusport.fr\/blog\/wp-content\/uploads\/2022\/07\/Mondiaux-dathletisme-2022-Bigot-Finot-triple-americain-le-recapitulatif-de-la-2eme-journee.png","keywords":["Athl\u00e9tisme","r\u00e9capitulatif"],"articleSection":["Championnats du monde d'athl\u00e9tisme"],"inLanguage":"fr-FR","potentialAction":[{"@type":"CommentAction","name":"Comment","target":["https:\/\/dicodusport.fr\/blog\/mondiaux-athletisme-2022-bigot-triple-americain-recapitulatif-2eme-journee\/#respond"]}],"copyrightYear":"2022","copyrightHolder":{"@id":"https:\/\/dicodusport.fr\/blog\/#organization"}},{"@type":"WebPage","@id":"https:\/\/dicodusport.fr\/blog\/mondiaux-athletisme-2022-bigot-triple-americain-recapitulatif-2eme-journee\/","url":"https:\/\/dicodusport.fr\/blog\/mondiaux-athletisme-2022-bigot-triple-americain-recapitulatif-2eme-journee\/","name":"Mondiaux d'athl\u00e9tisme 2022 : Bigot, Finot, tripl\u00e9 am\u00e9ricain, le r\u00e9capitulatif de la 2\u00e8me journ\u00e9e","isPartOf":{"@id":"https:\/\/dicodusport.fr\/blog\/#website"},"primaryImageOfPage":{"@id":"https:\/\/dicodusport.fr\/blog\/mondiaux-athletisme-2022-bigot-triple-americain-recapitulatif-2eme-journee\/#primaryimage"},"image":{"@id":"https:\/\/dicodusport.fr\/blog\/mondiaux-athletisme-2022-bigot-triple-americain-recapitulatif-2eme-journee\/#primaryimage"},"thumbnailUrl":"https:\/\/dicodusport.fr\/blog\/wp-content\/uploads\/2022\/07\/Mondiaux-dathletisme-2022-Bigot-Finot-triple-americain-le-recapitulatif-de-la-2eme-journee.png","datePublished":"2022-07-17T06:35:29+00:00","dateModified":"2022-07-17T07:19:16+00:00","description":"Kerley sur le toit du monde, Bigot trop juste, un saut qui vaut de l'or ... voici le r\u00e9cap de la deuxi\u00e8me journ\u00e9e des Mondiaux de Eugene.\u00a0","breadcrumb":{"@id":"https:\/\/dicodusport.fr\/blog\/mondiaux-athletisme-2022-bigot-triple-americain-recapitulatif-2eme-journee\/#breadcrumb"},"inLanguage":"fr-FR","potentialAction":[{"@type":"ReadAction","target":["https:\/\/dicodusport.fr\/blog\/mondiaux-athletisme-2022-bigot-triple-americain-recapitulatif-2eme-journee\/"]}]},{"@type":"ImageObject","inLanguage":"fr-FR","@id":"https:\/\/dicodusport.fr\/blog\/mondiaux-athletisme-2022-bigot-triple-americain-recapitulatif-2eme-journee\/#primaryimage","url":"https:\/\/dicodusport.fr\/blog\/wp-content\/uploads\/2022\/07\/Mondiaux-dathletisme-2022-Bigot-Finot-triple-americain-le-recapitulatif-de-la-2eme-journee.png","contentUrl":"https:\/\/dicodusport.fr\/blog\/wp-content\/uploads\/2022\/07\/Mondiaux-dathletisme-2022-Bigot-Finot-triple-americain-le-recapitulatif-de-la-2eme-journee.png","width":800,"height":445,"caption":"Mondiaux d'athl\u00e9tisme 2022 Bigot, Finot, tripl\u00e9 am\u00e9ricain, le r\u00e9capitulatif de la 2\u00e8me journ\u00e9e"},{"@type":"BreadcrumbList","@id":"https:\/\/dicodusport.fr\/blog\/mondiaux-athletisme-2022-bigot-triple-americain-recapitulatif-2eme-journee\/#breadcrumb","itemListElement":[{"@type":"ListItem","position":1,"name":"Accueil","item":"https:\/\/dicodusport.fr\/blog\/"},{"@type":"ListItem","position":2,"name":"Mondiaux d&rsquo;athl\u00e9tisme 2022 : Bigot, Finot, tripl\u00e9 am\u00e9ricain, le r\u00e9capitulatif de la 2\u00e8me journ\u00e9e"}]},{"@type":"WebSite","@id":"https:\/\/dicodusport.fr\/blog\/#website","url":"https:\/\/dicodusport.fr\/blog\/","name":"Dicodusport","description":"L&#039;encyclop\u00e9die de l&#039;actualit\u00e9 sportive","publisher":{"@id":"https:\/\/dicodusport.fr\/blog\/#organization"},"potentialAction":[{"@type":"SearchAction","target":{"@type":"EntryPoint","urlTemplate":"https:\/\/dicodusport.fr\/blog\/?s={search_term_string}"},"query-input":{"@type":"PropertyValueSpecification","valueRequired":true,"valueName":"search_term_string"}}],"inLanguage":"fr-FR"},{"@type":"NewsMediaOrganization","@id":"https:\/\/dicodusport.fr\/blog\/#organization","name":"Dicodusport","url":"https:\/\/dicodusport.fr\/blog\/","logo":{"@type":"ImageObject","inLanguage":"fr-FR","@id":"https:\/\/dicodusport.fr\/blog\/#\/schema\/logo\/image\/","url":"https:\/\/dicodusport.fr\/blog\/wp-content\/uploads\/2020\/06\/cropped-LOGO-DICODUSPORT-2020-SANS-FOND-SANS-TEXTE.png","contentUrl":"https:\/\/dicodusport.fr\/blog\/wp-content\/uploads\/2020\/06\/cropped-LOGO-DICODUSPORT-2020-SANS-FOND-SANS-TEXTE.png","width":512,"height":512,"caption":"Dicodusport"},"image":{"@id":"https:\/\/dicodusport.fr\/blog\/#\/schema\/logo\/image\/"},"sameAs":["https:\/\/www.facebook.com\/dicodusport","https:\/\/x.com\/dicodusport","https:\/\/www.instagram.com\/dicodusport\/","https:\/\/www.youtube.com\/channel\/UC7V2KZ5sd3htJivAbA4ZG3w"],"description":"Dicodusport est l'encyclop\u00e9die de l'actualit\u00e9 sportive.","email":"bonjour@dicodusport.fr","legalName":"DICODUSPORT","foundingDate":"2018-01-14","vatID":"FR71834470973","taxID":"83447097300043","numberOfEmployees":{"@type":"QuantitativeValue","minValue":"1","maxValue":"10"}},{"@type":"Person","@id":"https:\/\/dicodusport.fr\/blog\/#\/schema\/person\/0e50be5ee9a0e6705846ac950257c4a0","name":"Alexandre Jeffroy","image":{"@type":"ImageObject","inLanguage":"fr-FR","@id":"https:\/\/dicodusport.fr\/blog\/#\/schema\/person\/image\/","url":"https:\/\/dicodusport.fr\/blog\/wp-content\/uploads\/2021\/05\/Alexandre-Jeffroy-150x150.jpg","contentUrl":"https:\/\/dicodusport.fr\/blog\/wp-content\/uploads\/2021\/05\/Alexandre-Jeffroy-150x150.jpg","caption":"Alexandre Jeffroy"},"description":"Journaliste\/R\u00e9dacteur depuis octobre 2020 - Bolt qui foudroie le record du monde du 100 m\u00e8tres, les derniers essais de Dominici, les premi\u00e8res charges d\u00e9vastatrices de Bastarocket... de beaux souvenirs pour une grande passion, celle du sport. L\u2019histoire du sport aussi. Comprendre le r\u00f4le qu\u2019il a eu, celui qu\u2019il a et celui qu\u2019il aura dans notre soci\u00e9t\u00e9. Le sport au pass\u00e9, au pr\u00e9sent, au futur. Le sport tous les jours, matin, midi et soir. A d\u00e9faut d\u2019\u00eatre un grand sportif, je suis et je raconte l\u2019actualit\u00e9 et l\u2019histoire des championnes et des champions qui savent se d\u00e9passer pour accomplir des merveilles.","sameAs":["https:\/\/www.facebook.com\/alexandre.jeffroy.3\/","https:\/\/x.com\/https:\/\/twitter.com\/smokinalexjoe"],"url":"https:\/\/dicodusport.fr\/blog\/author\/alexandrejeffroy\/"}]}},"_links":{"self":[{"href":"https:\/\/dicodusport.fr\/blog\/wp-json\/wp\/v2\/posts\/244033","targetHints":{"allow":["GET"]}}],"collection":[{"href":"https:\/\/dicodusport.fr\/blog\/wp-json\/wp\/v2\/posts"}],"about":[{"href":"https:\/\/dicodusport.fr\/blog\/wp-json\/wp\/v2\/types\/post"}],"author":[{"embeddable":true,"href":"https:\/\/dicodusport.fr\/blog\/wp-json\/wp\/v2\/users\/45"}],"replies":[{"embeddable":true,"href":"https:\/\/dicodusport.fr\/blog\/wp-json\/wp\/v2\/comments?post=244033"}],"version-history":[{"count":0,"href":"https:\/\/dicodusport.fr\/blog\/wp-json\/wp\/v2\/posts\/244033\/revisions"}],"wp:featuredmedia":[{"embeddable":true,"href":"https:\/\/dicodusport.fr\/blog\/wp-json\/wp\/v2\/media\/244054"}],"wp:attachment":[{"href":"https:\/\/dicodusport.fr\/blog\/wp-json\/wp\/v2\/media?parent=244033"}],"wp:term":[{"taxonomy":"category","embeddable":true,"href":"https:\/\/dicodusport.fr\/blog\/wp-json\/wp\/v2\/categories?post=244033"},{"taxonomy":"post_tag","embeddable":true,"href":"https:\/\/dicodusport.fr\/blog\/wp-json\/wp\/v2\/tags?post=244033"}],"curies":[{"name":"wp","href":"https:\/\/api.w.org\/{rel}","templated":true}]}}