{"id":244206,"date":"2022-07-18T08:36:33","date_gmt":"2022-07-18T06:36:33","guid":{"rendered":"https:\/\/dicodusport.fr\/blog\/?p=244206&#038;preview=true&#038;preview_id=244206"},"modified":"2022-07-18T10:54:12","modified_gmt":"2022-07-18T08:54:12","slug":"circuit-challenger-itf-deux-titres-en-simple-et-deux-en-double-pour-les-francais","status":"publish","type":"post","link":"https:\/\/dicodusport.fr\/blog\/circuit-challenger-itf-deux-titres-en-simple-et-deux-en-double-pour-les-francais\/","title":{"rendered":"Circuit Challenger \/ ITF : Deux titres en simple et deux en double pour les Fran\u00e7ais"},"content":{"rendered":"<p style=\"text-align: justify;\"><strong><em>TENNIS &#8211; CIRCUIT CHALLENGER \/ ITF &#8211; Dimanche brillant pour les Tricolores avec deux titres pour Ugo Blanchet et Jaimee Floyd Angele, en plus de deux sacres en double pour parachever la r\u00e9ussite fran\u00e7aise.<\/em><\/strong><\/p>\n<p style=\"text-align: justify;\">Dans une finale 100% tricolore lors du M25 d&rsquo;Uriage, c&rsquo;est <strong>Ugo Blanchet<\/strong> qui a \u00e9merg\u00e9 en vainqueur. Face \u00e0 <strong>Giovanni Mpetshi Perricard,<\/strong> l&rsquo;Is\u00e9rois a largement domin\u00e9 la rencontre, s&rsquo;imposant<strong> 6-2, 6-3.<\/strong> La conclusion d&rsquo;une belle semaine o\u00f9 il n&rsquo;aura perdu qu&rsquo;une manche (contre <strong>Gabriel Debru<\/strong>). La confirmation, surtout, qu&rsquo;il est dans une superbe forme. Il reste en effet sur 10 victoires cons\u00e9cutives, apr\u00e8s <a href=\"https:\/\/dicodusport.fr\/blog\/circuit-itf-un-titre-pour-terence-atmane-manon-leonard-et-ugo-blanchet\/\">son succ\u00e8s \u00e0 Bourg-en-Bresse voil\u00e0 deux semaines<\/a>.<\/p>\n<blockquote class=\"twitter-tweet\">\n<p dir=\"ltr\" lang=\"fr\">Ugo Blanchet remporte le Future d&rsquo;<a href=\"https:\/\/twitter.com\/hashtag\/Uriage?src=hash&amp;ref_src=twsrc%5Etfw\">#Uriage<\/a> &#x1f1eb;&#x1f1f7; en battant en finale <a href=\"https:\/\/twitter.com\/MpetshiG?ref_src=twsrc%5Etfw\">@MpetshiG<\/a> 6\/2 6\/3.<br \/>\nC&rsquo;est son 2\u00e8 titre cons\u00e9cutif apr\u00e8s Bourg-en-Bresse, le 3\u00e8 en 2022 et le 4\u00e8 de sa carri\u00e8re.<br \/>\nAvec ce titre, il devrait rentrer dans les 350 premiers mondiaux.<\/p>\n<p>\u2014 FrenchiesTennis (@FrenchiesTennis) <a href=\"https:\/\/twitter.com\/FrenchiesTennis\/status\/1548673914984972289?ref_src=twsrc%5Etfw\">July 17, 2022<\/a><\/p><\/blockquote>\n<p style=\"text-align: justify;\"><script async src=\"https:\/\/platform.twitter.com\/widgets.js\" charset=\"utf-8\"><\/script><\/p>\n<p style=\"text-align: justify;\"><strong>Jaimee Floyd Angele<\/strong>, lui, progresse pas \u00e0 pas. En soir\u00e9e, il a d\u00e9croch\u00e9 son deuxi\u00e8me titre ITF, lors du M15 de Lakewood, en Californie. En finale, il a \u00e9cart\u00e9 le local <strong>Nathan Ponwith<\/strong>, <strong>6-2, 7-5<\/strong>. Il appr\u00e9cie d\u00e9cid\u00e9ment l&rsquo;Am\u00e9rique du Nord, puisqu&rsquo;il avait remport\u00e9 son premier titre l&rsquo;an pass\u00e9 \u00e0 Cancun. Les Fran\u00e7ais sont pass\u00e9s proches d&rsquo;un troisi\u00e8me titre, mais <strong>Chlo\u00e9 Paquet<\/strong> a c\u00e9d\u00e9 en finale du W60 de Rome contre la Croate <strong>Tara Wurth, 6-3, 6-4<\/strong>.<\/p>\n<h2 style=\"text-align: justify;\">La France brille en doubles<\/h2>\n<p style=\"text-align: justify;\">Sur le circuit Challenger, les Bleus se sont illustr\u00e9s cette semaine en doubles. Hier soir, c&rsquo;est <strong>Enzo Couacaud,<\/strong> brillant r\u00e9cemment \u00e0 Wimbledon, qui a empoch\u00e9 le titre \u00e0 Rome, associ\u00e9 \u00e0 l&rsquo;Australien <strong>Andrew Harris.<\/strong> Ils ont facilement domin\u00e9 la paire <strong>Gonzales-Stalder 6-4, 6-2.<\/strong> Il n&rsquo;avait plus gagn\u00e9 dans cette sp\u00e9cialit\u00e9 depuis mars 2021. Aujourd&rsquo;hui, il a \u00e9t\u00e9 imit\u00e9 par <strong>Geoffrey Blancaneaux.<\/strong> En compagnie de l&rsquo;Argentin <strong>Renzo Olivo,<\/strong> il a domin\u00e9 d&rsquo;extr\u00eame justesse le duo<strong> Hidalgo-Rodriguez<\/strong> au super tie-break. Il avait d\u00e9j\u00e0 triomph\u00e9 dans cette discipline en avril dernier, associ\u00e9 cette fois \u00e0 un autre Fran\u00e7ais, <strong>Alexandre M\u00fcller<\/strong>.<\/p>\n<blockquote class=\"twitter-tweet\">\n<p dir=\"ltr\" lang=\"es\">ATP CH100 Iasi &#8211; Clay (Final)<br \/>\nG. Blancaneaux\/R. Olivo (FRA\/ARG) def. D. Hidalgo\/C. Rodriguez (ECU\/COL)<br \/>\n6-4 2-6 10-6<\/p>\n<p>\u2014 TENIPO &#8211; Tennis Livescore (@TENIPOcom) <a href=\"https:\/\/twitter.com\/TENIPOcom\/status\/1548632068158099456?ref_src=twsrc%5Etfw\">July 17, 2022<\/a><\/p><\/blockquote>\n<p style=\"text-align: justify;\"><script async src=\"https:\/\/platform.twitter.com\/widgets.js\" charset=\"utf-8\"><\/script><\/p>\n","protected":false},"excerpt":{"rendered":"<p>TENNIS &#8211; CIRCUIT CHALLENGER \/ ITF &#8211; Dimanche brillant pour les Tricolores avec deux titres pour Ugo Blanchet et Jaimee Floyd Angele, en plus de deux sacres en double pour parachever la r\u00e9ussite fran\u00e7aise.<\/p>\n","protected":false},"author":59,"featured_media":244396,"comment_status":"open","ping_status":"closed","sticky":false,"template":"","format":"standard","meta":{"_acf_changed":false,"_daextam_enable_autolinks":"","footnotes":""},"categories":[2302],"tags":[7927,1461,4792,25148],"class_list":["post-244206","post","type-post","status-publish","format-standard","has-post-thumbnail","hentry","category-tennis","tag-enzo-couacaud","tag-geoffrey-blancaneaux","tag-tennis-francais","tag-ugo-blanchet"],"acf":[],"yoast_head":"<!-- This site is optimized with the Yoast SEO Premium plugin v26.7 (Yoast SEO v26.7) - https:\/\/yoast.com\/wordpress\/plugins\/seo\/ -->\n<title>Circuit Challenger \/ ITF : Deux titres en simple et deux en double pour les Fran\u00e7ais<\/title>\n<meta name=\"description\" content=\"TENNIS - CIRCUIT CHALLENGER \/ ITF - Dimanche brillant pour les Tricolores avec deux titres pour Ugo Blanchet et Jaimee Floyd Angele.\" \/>\n<meta name=\"robots\" content=\"index, follow, max-snippet:-1, max-image-preview:large, max-video-preview:-1\" \/>\n<link rel=\"canonical\" href=\"https:\/\/dicodusport.fr\/blog\/circuit-challenger-itf-deux-titres-en-simple-et-deux-en-double-pour-les-francais\/\" \/>\n<meta property=\"og:locale\" content=\"fr_FR\" \/>\n<meta property=\"og:type\" content=\"article\" \/>\n<meta property=\"og:title\" content=\"Circuit Challenger \/ ITF : Deux titres en simple et deux en double pour les Fran\u00e7ais\" \/>\n<meta property=\"og:description\" content=\"TENNIS - CIRCUIT CHALLENGER \/ ITF - Dimanche brillant pour les Tricolores avec deux titres pour Ugo Blanchet et Jaimee Floyd Angele.\" \/>\n<meta property=\"og:url\" content=\"https:\/\/dicodusport.fr\/blog\/circuit-challenger-itf-deux-titres-en-simple-et-deux-en-double-pour-les-francais\/\" \/>\n<meta property=\"og:site_name\" content=\"Dicodusport\" \/>\n<meta property=\"article:publisher\" content=\"https:\/\/www.facebook.com\/dicodusport\" \/>\n<meta property=\"article:author\" content=\"https:\/\/www.facebook.com\/sebastien.gente\/\" \/>\n<meta property=\"article:published_time\" content=\"2022-07-18T06:36:33+00:00\" \/>\n<meta property=\"article:modified_time\" content=\"2022-07-18T08:54:12+00:00\" \/>\n<meta property=\"og:image\" content=\"https:\/\/dicodusport.fr\/blog\/wp-content\/uploads\/2022\/07\/Circuit-Challenger-ITF-Deux-titres-en-simple-et-deux-en-double-pour-les-Francais.png\" \/>\n\t<meta property=\"og:image:width\" content=\"800\" \/>\n\t<meta property=\"og:image:height\" content=\"445\" \/>\n\t<meta property=\"og:image:type\" content=\"image\/png\" \/>\n<meta name=\"author\" content=\"S\u00e9bastien Gente\" \/>\n<meta name=\"twitter:card\" content=\"summary_large_image\" \/>\n<meta name=\"twitter:title\" content=\"Circuit Challenger \/ ITF : Deux titres en simple et deux en double pour les Fran\u00e7ais\" \/>\n<meta name=\"twitter:creator\" content=\"@https:\/\/twitter.com\/globulo24\" \/>\n<meta name=\"twitter:site\" content=\"@dicodusport\" \/>\n<script type=\"application\/ld+json\" class=\"yoast-schema-graph\">{\"@context\":\"https:\/\/schema.org\",\"@graph\":[{\"@type\":\"NewsArticle\",\"@id\":\"https:\/\/dicodusport.fr\/blog\/circuit-challenger-itf-deux-titres-en-simple-et-deux-en-double-pour-les-francais\/#article\",\"isPartOf\":{\"@id\":\"https:\/\/dicodusport.fr\/blog\/circuit-challenger-itf-deux-titres-en-simple-et-deux-en-double-pour-les-francais\/\"},\"author\":{\"name\":\"S\u00e9bastien Gente\",\"@id\":\"https:\/\/dicodusport.fr\/blog\/#\/schema\/person\/627966a6cde45dbd8c5e36ac85d783da\"},\"headline\":\"Circuit Challenger \/ ITF : Deux titres en simple et deux en double pour les Fran\u00e7ais\",\"datePublished\":\"2022-07-18T06:36:33+00:00\",\"dateModified\":\"2022-07-18T08:54:12+00:00\",\"mainEntityOfPage\":{\"@id\":\"https:\/\/dicodusport.fr\/blog\/circuit-challenger-itf-deux-titres-en-simple-et-deux-en-double-pour-les-francais\/\"},\"wordCount\":404,\"commentCount\":0,\"publisher\":{\"@id\":\"https:\/\/dicodusport.fr\/blog\/#organization\"},\"image\":{\"@id\":\"https:\/\/dicodusport.fr\/blog\/circuit-challenger-itf-deux-titres-en-simple-et-deux-en-double-pour-les-francais\/#primaryimage\"},\"thumbnailUrl\":\"https:\/\/dicodusport.fr\/blog\/wp-content\/uploads\/2022\/07\/Circuit-Challenger-ITF-Deux-titres-en-simple-et-deux-en-double-pour-les-Francais.png\",\"keywords\":[\"Enzo Couacaud\",\"Geoffrey Blancaneaux\",\"Tennis fran\u00e7ais\",\"Ugo blanchet\"],\"articleSection\":[\"Tennis\"],\"inLanguage\":\"fr-FR\",\"potentialAction\":[{\"@type\":\"CommentAction\",\"name\":\"Comment\",\"target\":[\"https:\/\/dicodusport.fr\/blog\/circuit-challenger-itf-deux-titres-en-simple-et-deux-en-double-pour-les-francais\/#respond\"]}],\"copyrightYear\":\"2022\",\"copyrightHolder\":{\"@id\":\"https:\/\/dicodusport.fr\/blog\/#organization\"}},{\"@type\":\"WebPage\",\"@id\":\"https:\/\/dicodusport.fr\/blog\/circuit-challenger-itf-deux-titres-en-simple-et-deux-en-double-pour-les-francais\/\",\"url\":\"https:\/\/dicodusport.fr\/blog\/circuit-challenger-itf-deux-titres-en-simple-et-deux-en-double-pour-les-francais\/\",\"name\":\"Circuit Challenger \/ ITF : Deux titres en simple et deux en double pour les Fran\u00e7ais\",\"isPartOf\":{\"@id\":\"https:\/\/dicodusport.fr\/blog\/#website\"},\"primaryImageOfPage\":{\"@id\":\"https:\/\/dicodusport.fr\/blog\/circuit-challenger-itf-deux-titres-en-simple-et-deux-en-double-pour-les-francais\/#primaryimage\"},\"image\":{\"@id\":\"https:\/\/dicodusport.fr\/blog\/circuit-challenger-itf-deux-titres-en-simple-et-deux-en-double-pour-les-francais\/#primaryimage\"},\"thumbnailUrl\":\"https:\/\/dicodusport.fr\/blog\/wp-content\/uploads\/2022\/07\/Circuit-Challenger-ITF-Deux-titres-en-simple-et-deux-en-double-pour-les-Francais.png\",\"datePublished\":\"2022-07-18T06:36:33+00:00\",\"dateModified\":\"2022-07-18T08:54:12+00:00\",\"description\":\"TENNIS - CIRCUIT CHALLENGER \/ ITF - Dimanche brillant pour les Tricolores avec deux titres pour Ugo Blanchet et Jaimee Floyd Angele.\",\"breadcrumb\":{\"@id\":\"https:\/\/dicodusport.fr\/blog\/circuit-challenger-itf-deux-titres-en-simple-et-deux-en-double-pour-les-francais\/#breadcrumb\"},\"inLanguage\":\"fr-FR\",\"potentialAction\":[{\"@type\":\"ReadAction\",\"target\":[\"https:\/\/dicodusport.fr\/blog\/circuit-challenger-itf-deux-titres-en-simple-et-deux-en-double-pour-les-francais\/\"]}]},{\"@type\":\"ImageObject\",\"inLanguage\":\"fr-FR\",\"@id\":\"https:\/\/dicodusport.fr\/blog\/circuit-challenger-itf-deux-titres-en-simple-et-deux-en-double-pour-les-francais\/#primaryimage\",\"url\":\"https:\/\/dicodusport.fr\/blog\/wp-content\/uploads\/2022\/07\/Circuit-Challenger-ITF-Deux-titres-en-simple-et-deux-en-double-pour-les-Francais.png\",\"contentUrl\":\"https:\/\/dicodusport.fr\/blog\/wp-content\/uploads\/2022\/07\/Circuit-Challenger-ITF-Deux-titres-en-simple-et-deux-en-double-pour-les-Francais.png\",\"width\":800,\"height\":445,\"caption\":\"Circuit ITF Deuxi\u00e8me titre cette saison pour Jaimee Floyd Angele\"},{\"@type\":\"BreadcrumbList\",\"@id\":\"https:\/\/dicodusport.fr\/blog\/circuit-challenger-itf-deux-titres-en-simple-et-deux-en-double-pour-les-francais\/#breadcrumb\",\"itemListElement\":[{\"@type\":\"ListItem\",\"position\":1,\"name\":\"Accueil\",\"item\":\"https:\/\/dicodusport.fr\/blog\/\"},{\"@type\":\"ListItem\",\"position\":2,\"name\":\"Circuit Challenger \/ ITF : Deux titres en simple et deux en double pour les Fran\u00e7ais\"}]},{\"@type\":\"WebSite\",\"@id\":\"https:\/\/dicodusport.fr\/blog\/#website\",\"url\":\"https:\/\/dicodusport.fr\/blog\/\",\"name\":\"Dicodusport\",\"description\":\"L&#039;encyclop\u00e9die de l&#039;actualit\u00e9 sportive\",\"publisher\":{\"@id\":\"https:\/\/dicodusport.fr\/blog\/#organization\"},\"potentialAction\":[{\"@type\":\"SearchAction\",\"target\":{\"@type\":\"EntryPoint\",\"urlTemplate\":\"https:\/\/dicodusport.fr\/blog\/?s={search_term_string}\"},\"query-input\":{\"@type\":\"PropertyValueSpecification\",\"valueRequired\":true,\"valueName\":\"search_term_string\"}}],\"inLanguage\":\"fr-FR\"},{\"@type\":\"NewsMediaOrganization\",\"@id\":\"https:\/\/dicodusport.fr\/blog\/#organization\",\"name\":\"Dicodusport\",\"url\":\"https:\/\/dicodusport.fr\/blog\/\",\"logo\":{\"@type\":\"ImageObject\",\"inLanguage\":\"fr-FR\",\"@id\":\"https:\/\/dicodusport.fr\/blog\/#\/schema\/logo\/image\/\",\"url\":\"https:\/\/dicodusport.fr\/blog\/wp-content\/uploads\/2020\/06\/cropped-LOGO-DICODUSPORT-2020-SANS-FOND-SANS-TEXTE.png\",\"contentUrl\":\"https:\/\/dicodusport.fr\/blog\/wp-content\/uploads\/2020\/06\/cropped-LOGO-DICODUSPORT-2020-SANS-FOND-SANS-TEXTE.png\",\"width\":512,\"height\":512,\"caption\":\"Dicodusport\"},\"image\":{\"@id\":\"https:\/\/dicodusport.fr\/blog\/#\/schema\/logo\/image\/\"},\"sameAs\":[\"https:\/\/www.facebook.com\/dicodusport\",\"https:\/\/x.com\/dicodusport\",\"https:\/\/www.instagram.com\/dicodusport\/\",\"https:\/\/www.youtube.com\/channel\/UC7V2KZ5sd3htJivAbA4ZG3w\"],\"description\":\"Dicodusport est l'encyclop\u00e9die de l'actualit\u00e9 sportive.\",\"email\":\"bonjour@dicodusport.fr\",\"legalName\":\"DICODUSPORT\",\"foundingDate\":\"2018-01-14\",\"vatID\":\"FR71834470973\",\"taxID\":\"83447097300043\",\"numberOfEmployees\":{\"@type\":\"QuantitativeValue\",\"minValue\":\"1\",\"maxValue\":\"10\"}},{\"@type\":\"Person\",\"@id\":\"https:\/\/dicodusport.fr\/blog\/#\/schema\/person\/627966a6cde45dbd8c5e36ac85d783da\",\"name\":\"S\u00e9bastien Gente\",\"image\":{\"@type\":\"ImageObject\",\"inLanguage\":\"fr-FR\",\"@id\":\"https:\/\/dicodusport.fr\/blog\/#\/schema\/person\/image\/\",\"url\":\"https:\/\/dicodusport.fr\/blog\/wp-content\/uploads\/2021\/09\/1510990_10205810251400683_4124423575079401707_n-150x150.jpg\",\"contentUrl\":\"https:\/\/dicodusport.fr\/blog\/wp-content\/uploads\/2021\/09\/1510990_10205810251400683_4124423575079401707_n-150x150.jpg\",\"caption\":\"S\u00e9bastien Gente\"},\"description\":\"John Stockton, Gianni Bugno, Zinedine Zidane, Steffi Graf, Frode Andresen, St\u00e9phane Stoecklin, Davis Kamoga, Primoz Peterka, Werner Schlager et Aur\u00e9lien Rougerie. Point commun entre ces sportifs? Ils m'ont fait r\u00eaver et ont berc\u00e9 mon adolescence. Je suis un fondu de sports et j'essaie de retranscrire ma passion \u00e0 travers mes articles. Originaire du P\u00e9rigord, ma passion pour les Girondins, les Jaunards et les Jazzmen transpire dans mes \u00e9crits. \u00c0 Dicodusport depuis 2021, je d\u00e9niche les sports m\u00e9connus dans lesquels la France brille, et il y en a !\",\"sameAs\":[\"https:\/\/www.facebook.com\/sebastien.gente\/\",\"https:\/\/www.instagram.com\/sebgente\/\",\"https:\/\/www.linkedin.com\/in\/sbastien-gente-a29583169\/\",\"https:\/\/x.com\/https:\/\/twitter.com\/globulo24\",\"SebastienGente\"],\"worksFor\":\"S\u00e9bastien GENTE\",\"url\":\"https:\/\/dicodusport.fr\/blog\/author\/sebastiengente\/\"}]}<\/script>\n<!-- \/ Yoast SEO Premium plugin. -->","yoast_head_json":{"title":"Circuit Challenger \/ ITF : Deux titres en simple et deux en double pour les Fran\u00e7ais","description":"TENNIS - CIRCUIT CHALLENGER \/ ITF - Dimanche brillant pour les Tricolores avec deux titres pour Ugo Blanchet et Jaimee Floyd Angele.","robots":{"index":"index","follow":"follow","max-snippet":"max-snippet:-1","max-image-preview":"max-image-preview:large","max-video-preview":"max-video-preview:-1"},"canonical":"https:\/\/dicodusport.fr\/blog\/circuit-challenger-itf-deux-titres-en-simple-et-deux-en-double-pour-les-francais\/","og_locale":"fr_FR","og_type":"article","og_title":"Circuit Challenger \/ ITF : Deux titres en simple et deux en double pour les Fran\u00e7ais","og_description":"TENNIS - CIRCUIT CHALLENGER \/ ITF - Dimanche brillant pour les Tricolores avec deux titres pour Ugo Blanchet et Jaimee Floyd Angele.","og_url":"https:\/\/dicodusport.fr\/blog\/circuit-challenger-itf-deux-titres-en-simple-et-deux-en-double-pour-les-francais\/","og_site_name":"Dicodusport","article_publisher":"https:\/\/www.facebook.com\/dicodusport","article_author":"https:\/\/www.facebook.com\/sebastien.gente\/","article_published_time":"2022-07-18T06:36:33+00:00","article_modified_time":"2022-07-18T08:54:12+00:00","og_image":[{"width":800,"height":445,"url":"https:\/\/dicodusport.fr\/blog\/wp-content\/uploads\/2022\/07\/Circuit-Challenger-ITF-Deux-titres-en-simple-et-deux-en-double-pour-les-Francais.png","type":"image\/png"}],"author":"S\u00e9bastien Gente","twitter_card":"summary_large_image","twitter_title":"Circuit Challenger \/ ITF : Deux titres en simple et deux en double pour les Fran\u00e7ais","twitter_creator":"@https:\/\/twitter.com\/globulo24","twitter_site":"@dicodusport","schema":{"@context":"https:\/\/schema.org","@graph":[{"@type":"NewsArticle","@id":"https:\/\/dicodusport.fr\/blog\/circuit-challenger-itf-deux-titres-en-simple-et-deux-en-double-pour-les-francais\/#article","isPartOf":{"@id":"https:\/\/dicodusport.fr\/blog\/circuit-challenger-itf-deux-titres-en-simple-et-deux-en-double-pour-les-francais\/"},"author":{"name":"S\u00e9bastien Gente","@id":"https:\/\/dicodusport.fr\/blog\/#\/schema\/person\/627966a6cde45dbd8c5e36ac85d783da"},"headline":"Circuit Challenger \/ ITF : Deux titres en simple et deux en double pour les Fran\u00e7ais","datePublished":"2022-07-18T06:36:33+00:00","dateModified":"2022-07-18T08:54:12+00:00","mainEntityOfPage":{"@id":"https:\/\/dicodusport.fr\/blog\/circuit-challenger-itf-deux-titres-en-simple-et-deux-en-double-pour-les-francais\/"},"wordCount":404,"commentCount":0,"publisher":{"@id":"https:\/\/dicodusport.fr\/blog\/#organization"},"image":{"@id":"https:\/\/dicodusport.fr\/blog\/circuit-challenger-itf-deux-titres-en-simple-et-deux-en-double-pour-les-francais\/#primaryimage"},"thumbnailUrl":"https:\/\/dicodusport.fr\/blog\/wp-content\/uploads\/2022\/07\/Circuit-Challenger-ITF-Deux-titres-en-simple-et-deux-en-double-pour-les-Francais.png","keywords":["Enzo Couacaud","Geoffrey Blancaneaux","Tennis fran\u00e7ais","Ugo blanchet"],"articleSection":["Tennis"],"inLanguage":"fr-FR","potentialAction":[{"@type":"CommentAction","name":"Comment","target":["https:\/\/dicodusport.fr\/blog\/circuit-challenger-itf-deux-titres-en-simple-et-deux-en-double-pour-les-francais\/#respond"]}],"copyrightYear":"2022","copyrightHolder":{"@id":"https:\/\/dicodusport.fr\/blog\/#organization"}},{"@type":"WebPage","@id":"https:\/\/dicodusport.fr\/blog\/circuit-challenger-itf-deux-titres-en-simple-et-deux-en-double-pour-les-francais\/","url":"https:\/\/dicodusport.fr\/blog\/circuit-challenger-itf-deux-titres-en-simple-et-deux-en-double-pour-les-francais\/","name":"Circuit Challenger \/ ITF : Deux titres en simple et deux en double pour les Fran\u00e7ais","isPartOf":{"@id":"https:\/\/dicodusport.fr\/blog\/#website"},"primaryImageOfPage":{"@id":"https:\/\/dicodusport.fr\/blog\/circuit-challenger-itf-deux-titres-en-simple-et-deux-en-double-pour-les-francais\/#primaryimage"},"image":{"@id":"https:\/\/dicodusport.fr\/blog\/circuit-challenger-itf-deux-titres-en-simple-et-deux-en-double-pour-les-francais\/#primaryimage"},"thumbnailUrl":"https:\/\/dicodusport.fr\/blog\/wp-content\/uploads\/2022\/07\/Circuit-Challenger-ITF-Deux-titres-en-simple-et-deux-en-double-pour-les-Francais.png","datePublished":"2022-07-18T06:36:33+00:00","dateModified":"2022-07-18T08:54:12+00:00","description":"TENNIS - CIRCUIT CHALLENGER \/ ITF - Dimanche brillant pour les Tricolores avec deux titres pour Ugo Blanchet et Jaimee Floyd Angele.","breadcrumb":{"@id":"https:\/\/dicodusport.fr\/blog\/circuit-challenger-itf-deux-titres-en-simple-et-deux-en-double-pour-les-francais\/#breadcrumb"},"inLanguage":"fr-FR","potentialAction":[{"@type":"ReadAction","target":["https:\/\/dicodusport.fr\/blog\/circuit-challenger-itf-deux-titres-en-simple-et-deux-en-double-pour-les-francais\/"]}]},{"@type":"ImageObject","inLanguage":"fr-FR","@id":"https:\/\/dicodusport.fr\/blog\/circuit-challenger-itf-deux-titres-en-simple-et-deux-en-double-pour-les-francais\/#primaryimage","url":"https:\/\/dicodusport.fr\/blog\/wp-content\/uploads\/2022\/07\/Circuit-Challenger-ITF-Deux-titres-en-simple-et-deux-en-double-pour-les-Francais.png","contentUrl":"https:\/\/dicodusport.fr\/blog\/wp-content\/uploads\/2022\/07\/Circuit-Challenger-ITF-Deux-titres-en-simple-et-deux-en-double-pour-les-Francais.png","width":800,"height":445,"caption":"Circuit ITF Deuxi\u00e8me titre cette saison pour Jaimee Floyd Angele"},{"@type":"BreadcrumbList","@id":"https:\/\/dicodusport.fr\/blog\/circuit-challenger-itf-deux-titres-en-simple-et-deux-en-double-pour-les-francais\/#breadcrumb","itemListElement":[{"@type":"ListItem","position":1,"name":"Accueil","item":"https:\/\/dicodusport.fr\/blog\/"},{"@type":"ListItem","position":2,"name":"Circuit Challenger \/ ITF : Deux titres en simple et deux en double pour les Fran\u00e7ais"}]},{"@type":"WebSite","@id":"https:\/\/dicodusport.fr\/blog\/#website","url":"https:\/\/dicodusport.fr\/blog\/","name":"Dicodusport","description":"L&#039;encyclop\u00e9die de l&#039;actualit\u00e9 sportive","publisher":{"@id":"https:\/\/dicodusport.fr\/blog\/#organization"},"potentialAction":[{"@type":"SearchAction","target":{"@type":"EntryPoint","urlTemplate":"https:\/\/dicodusport.fr\/blog\/?s={search_term_string}"},"query-input":{"@type":"PropertyValueSpecification","valueRequired":true,"valueName":"search_term_string"}}],"inLanguage":"fr-FR"},{"@type":"NewsMediaOrganization","@id":"https:\/\/dicodusport.fr\/blog\/#organization","name":"Dicodusport","url":"https:\/\/dicodusport.fr\/blog\/","logo":{"@type":"ImageObject","inLanguage":"fr-FR","@id":"https:\/\/dicodusport.fr\/blog\/#\/schema\/logo\/image\/","url":"https:\/\/dicodusport.fr\/blog\/wp-content\/uploads\/2020\/06\/cropped-LOGO-DICODUSPORT-2020-SANS-FOND-SANS-TEXTE.png","contentUrl":"https:\/\/dicodusport.fr\/blog\/wp-content\/uploads\/2020\/06\/cropped-LOGO-DICODUSPORT-2020-SANS-FOND-SANS-TEXTE.png","width":512,"height":512,"caption":"Dicodusport"},"image":{"@id":"https:\/\/dicodusport.fr\/blog\/#\/schema\/logo\/image\/"},"sameAs":["https:\/\/www.facebook.com\/dicodusport","https:\/\/x.com\/dicodusport","https:\/\/www.instagram.com\/dicodusport\/","https:\/\/www.youtube.com\/channel\/UC7V2KZ5sd3htJivAbA4ZG3w"],"description":"Dicodusport est l'encyclop\u00e9die de l'actualit\u00e9 sportive.","email":"bonjour@dicodusport.fr","legalName":"DICODUSPORT","foundingDate":"2018-01-14","vatID":"FR71834470973","taxID":"83447097300043","numberOfEmployees":{"@type":"QuantitativeValue","minValue":"1","maxValue":"10"}},{"@type":"Person","@id":"https:\/\/dicodusport.fr\/blog\/#\/schema\/person\/627966a6cde45dbd8c5e36ac85d783da","name":"S\u00e9bastien Gente","image":{"@type":"ImageObject","inLanguage":"fr-FR","@id":"https:\/\/dicodusport.fr\/blog\/#\/schema\/person\/image\/","url":"https:\/\/dicodusport.fr\/blog\/wp-content\/uploads\/2021\/09\/1510990_10205810251400683_4124423575079401707_n-150x150.jpg","contentUrl":"https:\/\/dicodusport.fr\/blog\/wp-content\/uploads\/2021\/09\/1510990_10205810251400683_4124423575079401707_n-150x150.jpg","caption":"S\u00e9bastien Gente"},"description":"John Stockton, Gianni Bugno, Zinedine Zidane, Steffi Graf, Frode Andresen, St\u00e9phane Stoecklin, Davis Kamoga, Primoz Peterka, Werner Schlager et Aur\u00e9lien Rougerie. Point commun entre ces sportifs? Ils m'ont fait r\u00eaver et ont berc\u00e9 mon adolescence. Je suis un fondu de sports et j'essaie de retranscrire ma passion \u00e0 travers mes articles. Originaire du P\u00e9rigord, ma passion pour les Girondins, les Jaunards et les Jazzmen transpire dans mes \u00e9crits. \u00c0 Dicodusport depuis 2021, je d\u00e9niche les sports m\u00e9connus dans lesquels la France brille, et il y en a !","sameAs":["https:\/\/www.facebook.com\/sebastien.gente\/","https:\/\/www.instagram.com\/sebgente\/","https:\/\/www.linkedin.com\/in\/sbastien-gente-a29583169\/","https:\/\/x.com\/https:\/\/twitter.com\/globulo24","SebastienGente"],"worksFor":"S\u00e9bastien GENTE","url":"https:\/\/dicodusport.fr\/blog\/author\/sebastiengente\/"}]}},"_links":{"self":[{"href":"https:\/\/dicodusport.fr\/blog\/wp-json\/wp\/v2\/posts\/244206","targetHints":{"allow":["GET"]}}],"collection":[{"href":"https:\/\/dicodusport.fr\/blog\/wp-json\/wp\/v2\/posts"}],"about":[{"href":"https:\/\/dicodusport.fr\/blog\/wp-json\/wp\/v2\/types\/post"}],"author":[{"embeddable":true,"href":"https:\/\/dicodusport.fr\/blog\/wp-json\/wp\/v2\/users\/59"}],"replies":[{"embeddable":true,"href":"https:\/\/dicodusport.fr\/blog\/wp-json\/wp\/v2\/comments?post=244206"}],"version-history":[{"count":0,"href":"https:\/\/dicodusport.fr\/blog\/wp-json\/wp\/v2\/posts\/244206\/revisions"}],"wp:featuredmedia":[{"embeddable":true,"href":"https:\/\/dicodusport.fr\/blog\/wp-json\/wp\/v2\/media\/244396"}],"wp:attachment":[{"href":"https:\/\/dicodusport.fr\/blog\/wp-json\/wp\/v2\/media?parent=244206"}],"wp:term":[{"taxonomy":"category","embeddable":true,"href":"https:\/\/dicodusport.fr\/blog\/wp-json\/wp\/v2\/categories?post=244206"},{"taxonomy":"post_tag","embeddable":true,"href":"https:\/\/dicodusport.fr\/blog\/wp-json\/wp\/v2\/tags?post=244206"}],"curies":[{"name":"wp","href":"https:\/\/api.w.org\/{rel}","templated":true}]}}