{"id":244605,"date":"2022-07-19T04:24:20","date_gmt":"2022-07-19T02:24:20","guid":{"rendered":"https:\/\/dicodusport.fr\/blog\/?p=244605&#038;preview=true&#038;preview_id=244605"},"modified":"2022-08-18T13:06:10","modified_gmt":"2022-08-18T11:06:10","slug":"mondiaux-dathletisme-2022-heptathlon-deuxieme-titre-mondial-pour-nafissatou-thiam","status":"publish","type":"post","link":"https:\/\/dicodusport.fr\/blog\/mondiaux-dathletisme-2022-heptathlon-deuxieme-titre-mondial-pour-nafissatou-thiam\/","title":{"rendered":"Mondiaux d&rsquo;athl\u00e9tisme 2022 &#8211; Heptathlon : Deuxi\u00e8me titre mondial pour Nafissatou Thiam !"},"content":{"rendered":"<p style=\"text-align: justify;\"><strong><em><a style=\"font-weight: bold;\" href=\"https:\/\/dicodusport.fr\/blog\/actualites\/athletisme\/championnats-du-monde-athletisme-2022\/\" target=\"_blank\" rel=\"noopener\">MONDIAUX D&rsquo;ATHL\u00c9TISME 2022<\/a> &#8211; Pouss\u00e9e dans ses retranchements par Anouk Vetter, Nafissatou Thiam s&rsquo;est impos\u00e9e avec la mani\u00e8re pour remporter un deuxi\u00e8me titre mondial apr\u00e8s 2017.<br \/>\n<\/em><\/strong><\/p>\n<p style=\"text-align: justify;\">Apr\u00e8s une <a title=\"Mondiaux d\u2019athl\u00e9tisme 2022 \u2013 Heptathlon : Nafissatou Thiam en t\u00eate apr\u00e8s 4 \u00e9preuves\" href=\"https:\/\/dicodusport.fr\/blog\/mondiaux-dathletisme-2022-heptathlon-nafissatou-thiam-en-tete-apres-4-epreuves\/\" target=\"_blank\" rel=\"noopener\">tr\u00e8s bonne premi\u00e8re journ\u00e9e<\/a>, <strong>Nafissatou Thiam<\/strong> a vu la N\u00e9erlandaise <strong>Anouk Vetter<\/strong> lui passer devant avant la derni\u00e8re \u00e9preuve.<\/p>\n<h2 style=\"text-align: justify;\">Saut en longueur<\/h2>\n<p style=\"text-align: justify;\">La Belge a assur\u00e9 son premier saut avec 6.49 m. <strong>Adrianna Sulek<\/strong> a saut\u00e9 \u00e0 6.07 m alors qu&rsquo;Anouk Vetter a mordu son premier essai tout comme <strong>Kendell Williams<\/strong>. Timide, <strong>Noor Vidts<\/strong> a saut\u00e9 \u00e0 6.07 m. En troisi\u00e8me position de cet hepta et pr\u00eate \u00e0 cr\u00e9er une surprise, <strong>Anna Hall<\/strong> a saut\u00e9 \u00e0 6.31 m \u00e0 son 2e essai. Le coach de <strong>Kendell Williams<\/strong> a confi\u00e9 \u00e0 la TV allemande que son athl\u00e8te \u00e9tait de retour \u00e0 l&rsquo;entrainement seulement depuis quelques jours. Ce qui explique sa performance jusqu&rsquo;\u00e0 pr\u00e9sent. Et effectivement, elle a saut\u00e9 \u00e0 5.59 m.<\/p>\n<p style=\"text-align: justify;\">Tr\u00e8s loin de la planche pour assurer au moins un saut, <strong>Anouk Vetter<\/strong> a saut\u00e9 \u00e0 6.17 m. <strong>Noor Vidts<\/strong> s&rsquo;est rapproch\u00e9e de ses standards en sautant \u00e0 6.33 m. <strong>Anna Hall<\/strong> a repris sa 3e place avec 6.39 m. Tout de suite apr\u00e8s, <strong>Nafi Thiam<\/strong> a r\u00e9alis\u00e9 un super saut pour atteindre les 6.59 m avec un vent de face (-1.8) et prendre la premi\u00e8re place du groupe. La Suissesse <strong>Annik K\u00e4lin<\/strong> termine 2e du groupe A avec son premier saut mesur\u00e9 \u00e0 6.56 m. 9e avant cette journ\u00e9e, l&rsquo;Allemande <strong>Sophie Weissenberg<\/strong> n&rsquo;a malheureusement pas pu mesurer un saut. Pour son dernier essai, <strong>Adrianna Sulek<\/strong> a battu son record personnel en sautant \u00e0 6.43 m. Tr\u00e8s bon dernier saut \u00e9galement pour <strong>Anouk Vetter<\/strong> avec 6.52 m et un nouveau record personnel.<\/p>\n<p style=\"text-align: justify;\">Dans l&rsquo;autre groupe, <strong>Katarina Johnson-Thompson<\/strong> s&rsquo;est impos\u00e9e avec 6.28 m pour marquer 937 points.<\/p>\n<p style=\"text-align: justify;\"><strong>Nafi Thiam<\/strong> (5107 pts) avait donc 83 points d&rsquo;avance sur <strong>Anouk Vetter<\/strong> apr\u00e8s cette \u00e9preuve tandis qu&rsquo;<strong>Adrianna Sulek<\/strong> avait pris la 3e place \u00e0 <strong>Anna Hall<\/strong> pour 4 petits points (4967 points).<\/p>\n<h2 style=\"text-align: justify;\">Lancer du javelot<\/h2>\n<p style=\"text-align: justify;\">Dans le premier groupe, c&rsquo;est la m\u00e9daille de bronze qui se jouait avec notamment Anna Hall, Adrianna Sulek et Noor Vidts. Et apr\u00e8s un essai \u00e0 42.85 m, <strong>Anna Hall<\/strong> a battu son record personnel de 63 cm pour lancer \u00e0 45.75 m et prendre la t\u00eate. <strong>Kendell Williams<\/strong> a lanc\u00e9 \u00e0 43.80 m \u00e0 son dernier essai. <strong>Adrianna Sulek<\/strong> a \u00e0 chaque fois am\u00e9lior\u00e9 sa marque, malgr\u00e9 des jets perfectibles. Elle termine \u00e0 41.63 m. Le 2e lancer de <strong>Noor Vidts<\/strong> a \u00e9t\u00e9 mesur\u00e9 \u00e0 41.62 m. C&rsquo;est all\u00e9 assez vite : Sophie Weissenberg ayant abandonn\u00e9, elles n&rsquo;\u00e9taient que 6.<\/p>\n<p style=\"text-align: justify;\">Avec une pr\u00e9paration limit\u00e9e en raison d&rsquo;une blessure aux ischio-jambiers, <strong>Noor Vidts<\/strong> n&rsquo;\u00e9tait pas au meilleur de sa forme. Si le podium n&rsquo;\u00e9tait plus possible, la Belge s&rsquo;est rassur\u00e9e en vue des Championnats d&rsquo;Europe.<\/p>\n<p style=\"text-align: justify;\">Dans le deuxi\u00e8me groupe, Nafi Thiam et Anouk Vetter ont assur\u00e9 le podium avec un premier essai \u00e0 51.22 m et 53.89 m. Dans sa discipline de pr\u00e9dilection, <strong>Anouk Vetter<\/strong> avait l&rsquo;occasion de combler ses 83 points de retard sur la Belge. Et elle a fait mieux en lan\u00e7ant \u00e0 <strong>58.29 m<\/strong> \u00e0 son deuxi\u00e8me essai ! La Belge, qui avait donc des points de retard, a am\u00e9lior\u00e9 sa marque avec <strong>53.01 m<\/strong>.<\/p>\n<p style=\"text-align: justify;\">Avant le 800 m, Anouk Vetter est donc pass\u00e9e devant avec 6045 points et 19 points d&rsquo;avance sur Nafi Thiam et 304 sur Anna Hall. Pour ne pas laisser \u00e9chapper un second titre cons\u00e9cutif, la Belge avait donc besoin de s&rsquo;imposer avec environ 1 seconde et demie d&rsquo;avance sur son adversaire.<\/p>\n<h2 style=\"text-align: justify;\">800 m<\/h2>\n<p style=\"text-align: justify;\">C&rsquo;est all\u00e9 vite. Nafi Thiam a dans un premier temps suivi le rythme de Katharina Johnson-Thompson. Anna Hall et Adrianna Sulek se sont disput\u00e9es la m\u00e9daille de bronze et c&rsquo;est l&rsquo;Am\u00e9ricaine qui s&rsquo;est impos\u00e9e en 2:06.67 devant la Polonaise qui a am\u00e9lior\u00e9 son record personnel en 2:07.18. Noor Vidts a pris la 3e place avec \u00e9galement son record personnel (2:08.50). Mais la course dans la course \u00e9tait bien entre la Belge et la N\u00e9erlandaise. Et <strong>Nafi Thiam<\/strong> s&rsquo;est d\u00e9pass\u00e9e pour am\u00e9liorer son <strong>record personnel<\/strong> de 2 secondes : elle termine 5e en 2:13.00. De son c\u00f4t\u00e9, <strong>Anouk Vetter<\/strong> \u00e9tait d\u00e9pass\u00e9e apr\u00e8s 400 m et n&rsquo;est pas parvenue \u00e0 tenir la cadence. Elle termine avant-derni\u00e8re en 2:20.09.<\/p>\n<p style=\"text-align: justify;\"><strong>Nafi Thiam<\/strong> totalise donc 6947 points et remporte la m\u00e9daille d&rsquo;or ! C&rsquo;est sa deuxi\u00e8me meilleure performance personnelle apr\u00e8s ses 7013 points aux JO de Tokyo. C&rsquo;est sa troisi\u00e8me m\u00e9daille mondiale en plein air, la deuxi\u00e8me en or. Elle a fait r\u00e9sonner la Braban\u00e7onne pour la deuxi\u00e8me lors de Mondiaux.<\/p>\n<p style=\"text-align: justify;\"><strong>Anouk Vetter<\/strong> termine avec 6867 points et am\u00e9liore son <strong>record personnel<\/strong> et le <strong>record des Pays-Bas<\/strong> d&rsquo;un peu moins de 200 points. L&rsquo;Am\u00e9ricaine\u00a0<strong>Anna Hall<\/strong> termine \u00e0 la 3e place avec 6755 points. C&rsquo;est le troisi\u00e8me meilleur total \u00e0 l&rsquo;heptathlon pour une athl\u00e8te am\u00e9ricaine derri\u00e8re Jackie Joyner-Kersee et Jane Frederick. Elle am\u00e9liore son record personnel de 300 points et \u00e0 21 ans, elle va encore progresser et faire les beaux jours des \u00c9tats-Unis.<\/p>\n<p style=\"text-align: justify;\">Au pied du podium, <strong>Adrianna Sulek<\/strong> bat \u00e9galement son record personnel de 200 points avec 6672 points.<\/p>\n<blockquote class=\"twitter-tweet\">\n<p dir=\"ltr\" lang=\"en\">Queen Nafi! &#x1f451;<\/p>\n<p>Nafissatou Thiam &#x1f1e7;&#x1f1ea; wins her second heptathlon title at the <a href=\"https:\/\/twitter.com\/hashtag\/WorldAthleticsChamps?src=hash&amp;ref_src=twsrc%5Etfw\">#WorldAthleticsChamps<\/a>. &#x1f947;<\/p>\n<p>&#x1f4ca; And her score of 6947 is the second highest total of her career! <a href=\"https:\/\/t.co\/q5x1gL1EDq\">pic.twitter.com\/q5x1gL1EDq<\/a><\/p>\n<p>\u2014 European Athletics (@EuroAthletics) <a href=\"https:\/\/twitter.com\/EuroAthletics\/status\/1549215895460921345?ref_src=twsrc%5Etfw\">July 19, 2022<\/a><\/p><\/blockquote>\n<p><script async src=\"https:\/\/platform.twitter.com\/widgets.js\" charset=\"utf-8\"><\/script><\/p>\n","protected":false},"excerpt":{"rendered":"<p>MONDIAUX D&rsquo;ATHL\u00c9TISME 2022 &#8211; Pouss\u00e9e dans ses retranchements par Anouk Vetter, Nafissatou Thiam s&rsquo;est impos\u00e9e avec la mani\u00e8re pour remporter un deuxi\u00e8me titre mondial apr\u00e8s 2017.<\/p>\n","protected":false},"author":12,"featured_media":244682,"comment_status":"open","ping_status":"closed","sticky":false,"template":"","format":"standard","meta":{"_acf_changed":false,"_daextam_enable_autolinks":"","footnotes":""},"categories":[46997],"tags":[22425,25160,18426,6691,8775,18427],"class_list":["post-244605","post","type-post","status-publish","format-standard","has-post-thumbnail","hentry","category-championnats-du-monde-athletisme","tag-adrianna-sulek","tag-anna-hall","tag-anouk-vetter","tag-heptathlon","tag-nafissatou-thiam","tag-noor-vidts"],"acf":[],"yoast_head":"<!-- This site is optimized with the Yoast SEO Premium plugin v26.7 (Yoast SEO v26.7) - https:\/\/yoast.com\/wordpress\/plugins\/seo\/ -->\n<title>Mondiaux d&#039;athl\u00e9tisme 2022 - Heptathlon : Deuxi\u00e8me titre mondial pour Nafissatou Thiam !<\/title>\n<meta name=\"description\" content=\"Pouss\u00e9e dans ses retranchements par Anouk Vetter, Nafissatou Thiam s&#039;est impos\u00e9e avec la mani\u00e8re pour remporter un 2\u00e8me titre mondial.\" \/>\n<meta name=\"robots\" content=\"index, follow, max-snippet:-1, max-image-preview:large, max-video-preview:-1\" \/>\n<link rel=\"canonical\" href=\"https:\/\/dicodusport.fr\/blog\/mondiaux-dathletisme-2022-heptathlon-deuxieme-titre-mondial-pour-nafissatou-thiam\/\" \/>\n<meta property=\"og:locale\" content=\"fr_FR\" \/>\n<meta property=\"og:type\" content=\"article\" \/>\n<meta property=\"og:title\" content=\"Mondiaux d&#039;athl\u00e9tisme 2022 - Heptathlon : Deuxi\u00e8me titre mondial pour Nafissatou Thiam !\" \/>\n<meta property=\"og:description\" content=\"Pouss\u00e9e dans ses retranchements par Anouk Vetter, Nafissatou Thiam s&#039;est impos\u00e9e avec la mani\u00e8re pour remporter un 2\u00e8me titre mondial.\" \/>\n<meta property=\"og:url\" content=\"https:\/\/dicodusport.fr\/blog\/mondiaux-dathletisme-2022-heptathlon-deuxieme-titre-mondial-pour-nafissatou-thiam\/\" \/>\n<meta property=\"og:site_name\" content=\"Dicodusport\" \/>\n<meta property=\"article:publisher\" content=\"https:\/\/www.facebook.com\/dicodusport\" \/>\n<meta property=\"article:published_time\" content=\"2022-07-19T02:24:20+00:00\" \/>\n<meta property=\"article:modified_time\" content=\"2022-08-18T11:06:10+00:00\" \/>\n<meta property=\"og:image\" content=\"https:\/\/dicodusport.fr\/blog\/wp-content\/uploads\/2022\/07\/Mondiaux-dathletisme-2022-Heptathlon-Nafissatou-Thiam-remporte-son-deuxieme-titre-mondial-.jpg\" \/>\n\t<meta property=\"og:image:width\" content=\"800\" \/>\n\t<meta property=\"og:image:height\" content=\"445\" \/>\n\t<meta property=\"og:image:type\" content=\"image\/jpeg\" \/>\n<meta name=\"author\" content=\"Arlette Yeye\" \/>\n<meta name=\"twitter:card\" content=\"summary_large_image\" \/>\n<meta name=\"twitter:title\" content=\"Mondiaux d&#039;athl\u00e9tisme 2022 - Heptathlon : Deuxi\u00e8me titre mondial pour Nafissatou Thiam !\" \/>\n<meta name=\"twitter:creator\" content=\"@https:\/\/twitter.com\/Shiclette94\" \/>\n<meta name=\"twitter:site\" content=\"@dicodusport\" \/>\n<script type=\"application\/ld+json\" class=\"yoast-schema-graph\">{\"@context\":\"https:\/\/schema.org\",\"@graph\":[{\"@type\":\"NewsArticle\",\"@id\":\"https:\/\/dicodusport.fr\/blog\/mondiaux-dathletisme-2022-heptathlon-deuxieme-titre-mondial-pour-nafissatou-thiam\/#article\",\"isPartOf\":{\"@id\":\"https:\/\/dicodusport.fr\/blog\/mondiaux-dathletisme-2022-heptathlon-deuxieme-titre-mondial-pour-nafissatou-thiam\/\"},\"author\":{\"name\":\"Arlette Yeye\",\"@id\":\"https:\/\/dicodusport.fr\/blog\/#\/schema\/person\/cce96fa88785bd8573e3d43078ac8c79\"},\"headline\":\"Mondiaux d&rsquo;athl\u00e9tisme 2022 &#8211; Heptathlon : Deuxi\u00e8me titre mondial pour Nafissatou Thiam !\",\"datePublished\":\"2022-07-19T02:24:20+00:00\",\"dateModified\":\"2022-08-18T11:06:10+00:00\",\"mainEntityOfPage\":{\"@id\":\"https:\/\/dicodusport.fr\/blog\/mondiaux-dathletisme-2022-heptathlon-deuxieme-titre-mondial-pour-nafissatou-thiam\/\"},\"wordCount\":929,\"commentCount\":0,\"publisher\":{\"@id\":\"https:\/\/dicodusport.fr\/blog\/#organization\"},\"image\":{\"@id\":\"https:\/\/dicodusport.fr\/blog\/mondiaux-dathletisme-2022-heptathlon-deuxieme-titre-mondial-pour-nafissatou-thiam\/#primaryimage\"},\"thumbnailUrl\":\"https:\/\/dicodusport.fr\/blog\/wp-content\/uploads\/2022\/07\/Mondiaux-dathletisme-2022-Heptathlon-Nafissatou-Thiam-remporte-son-deuxieme-titre-mondial-.jpg\",\"keywords\":[\"Adrianna Sulek\",\"Anna Hall\",\"Anouk Vetter\",\"Heptathlon\",\"Nafissatou Thiam\",\"Noor Vidts\"],\"articleSection\":[\"Championnats du monde d'athl\u00e9tisme\"],\"inLanguage\":\"fr-FR\",\"potentialAction\":[{\"@type\":\"CommentAction\",\"name\":\"Comment\",\"target\":[\"https:\/\/dicodusport.fr\/blog\/mondiaux-dathletisme-2022-heptathlon-deuxieme-titre-mondial-pour-nafissatou-thiam\/#respond\"]}],\"copyrightYear\":\"2022\",\"copyrightHolder\":{\"@id\":\"https:\/\/dicodusport.fr\/blog\/#organization\"}},{\"@type\":\"WebPage\",\"@id\":\"https:\/\/dicodusport.fr\/blog\/mondiaux-dathletisme-2022-heptathlon-deuxieme-titre-mondial-pour-nafissatou-thiam\/\",\"url\":\"https:\/\/dicodusport.fr\/blog\/mondiaux-dathletisme-2022-heptathlon-deuxieme-titre-mondial-pour-nafissatou-thiam\/\",\"name\":\"Mondiaux d'athl\u00e9tisme 2022 - Heptathlon : Deuxi\u00e8me titre mondial pour Nafissatou Thiam !\",\"isPartOf\":{\"@id\":\"https:\/\/dicodusport.fr\/blog\/#website\"},\"primaryImageOfPage\":{\"@id\":\"https:\/\/dicodusport.fr\/blog\/mondiaux-dathletisme-2022-heptathlon-deuxieme-titre-mondial-pour-nafissatou-thiam\/#primaryimage\"},\"image\":{\"@id\":\"https:\/\/dicodusport.fr\/blog\/mondiaux-dathletisme-2022-heptathlon-deuxieme-titre-mondial-pour-nafissatou-thiam\/#primaryimage\"},\"thumbnailUrl\":\"https:\/\/dicodusport.fr\/blog\/wp-content\/uploads\/2022\/07\/Mondiaux-dathletisme-2022-Heptathlon-Nafissatou-Thiam-remporte-son-deuxieme-titre-mondial-.jpg\",\"datePublished\":\"2022-07-19T02:24:20+00:00\",\"dateModified\":\"2022-08-18T11:06:10+00:00\",\"description\":\"Pouss\u00e9e dans ses retranchements par Anouk Vetter, Nafissatou Thiam s'est impos\u00e9e avec la mani\u00e8re pour remporter un 2\u00e8me titre mondial.\",\"breadcrumb\":{\"@id\":\"https:\/\/dicodusport.fr\/blog\/mondiaux-dathletisme-2022-heptathlon-deuxieme-titre-mondial-pour-nafissatou-thiam\/#breadcrumb\"},\"inLanguage\":\"fr-FR\",\"potentialAction\":[{\"@type\":\"ReadAction\",\"target\":[\"https:\/\/dicodusport.fr\/blog\/mondiaux-dathletisme-2022-heptathlon-deuxieme-titre-mondial-pour-nafissatou-thiam\/\"]}]},{\"@type\":\"ImageObject\",\"inLanguage\":\"fr-FR\",\"@id\":\"https:\/\/dicodusport.fr\/blog\/mondiaux-dathletisme-2022-heptathlon-deuxieme-titre-mondial-pour-nafissatou-thiam\/#primaryimage\",\"url\":\"https:\/\/dicodusport.fr\/blog\/wp-content\/uploads\/2022\/07\/Mondiaux-dathletisme-2022-Heptathlon-Nafissatou-Thiam-remporte-son-deuxieme-titre-mondial-.jpg\",\"contentUrl\":\"https:\/\/dicodusport.fr\/blog\/wp-content\/uploads\/2022\/07\/Mondiaux-dathletisme-2022-Heptathlon-Nafissatou-Thiam-remporte-son-deuxieme-titre-mondial-.jpg\",\"width\":800,\"height\":445,\"caption\":\"Mondiaux d'athl\u00e9tisme 2022 - Heptathlon Nafissatou Thiam remporte son deuxi\u00e8me titre mondial !\"},{\"@type\":\"BreadcrumbList\",\"@id\":\"https:\/\/dicodusport.fr\/blog\/mondiaux-dathletisme-2022-heptathlon-deuxieme-titre-mondial-pour-nafissatou-thiam\/#breadcrumb\",\"itemListElement\":[{\"@type\":\"ListItem\",\"position\":1,\"name\":\"Accueil\",\"item\":\"https:\/\/dicodusport.fr\/blog\/\"},{\"@type\":\"ListItem\",\"position\":2,\"name\":\"Mondiaux d&rsquo;athl\u00e9tisme 2022 &#8211; Heptathlon : Deuxi\u00e8me titre mondial pour Nafissatou Thiam !\"}]},{\"@type\":\"WebSite\",\"@id\":\"https:\/\/dicodusport.fr\/blog\/#website\",\"url\":\"https:\/\/dicodusport.fr\/blog\/\",\"name\":\"Dicodusport\",\"description\":\"L&#039;encyclop\u00e9die de l&#039;actualit\u00e9 sportive\",\"publisher\":{\"@id\":\"https:\/\/dicodusport.fr\/blog\/#organization\"},\"potentialAction\":[{\"@type\":\"SearchAction\",\"target\":{\"@type\":\"EntryPoint\",\"urlTemplate\":\"https:\/\/dicodusport.fr\/blog\/?s={search_term_string}\"},\"query-input\":{\"@type\":\"PropertyValueSpecification\",\"valueRequired\":true,\"valueName\":\"search_term_string\"}}],\"inLanguage\":\"fr-FR\"},{\"@type\":\"NewsMediaOrganization\",\"@id\":\"https:\/\/dicodusport.fr\/blog\/#organization\",\"name\":\"Dicodusport\",\"url\":\"https:\/\/dicodusport.fr\/blog\/\",\"logo\":{\"@type\":\"ImageObject\",\"inLanguage\":\"fr-FR\",\"@id\":\"https:\/\/dicodusport.fr\/blog\/#\/schema\/logo\/image\/\",\"url\":\"https:\/\/dicodusport.fr\/blog\/wp-content\/uploads\/2020\/06\/cropped-LOGO-DICODUSPORT-2020-SANS-FOND-SANS-TEXTE.png\",\"contentUrl\":\"https:\/\/dicodusport.fr\/blog\/wp-content\/uploads\/2020\/06\/cropped-LOGO-DICODUSPORT-2020-SANS-FOND-SANS-TEXTE.png\",\"width\":512,\"height\":512,\"caption\":\"Dicodusport\"},\"image\":{\"@id\":\"https:\/\/dicodusport.fr\/blog\/#\/schema\/logo\/image\/\"},\"sameAs\":[\"https:\/\/www.facebook.com\/dicodusport\",\"https:\/\/x.com\/dicodusport\",\"https:\/\/www.instagram.com\/dicodusport\/\",\"https:\/\/www.youtube.com\/channel\/UC7V2KZ5sd3htJivAbA4ZG3w\"],\"description\":\"Dicodusport est l'encyclop\u00e9die de l'actualit\u00e9 sportive.\",\"email\":\"bonjour@dicodusport.fr\",\"legalName\":\"DICODUSPORT\",\"foundingDate\":\"2018-01-14\",\"vatID\":\"FR71834470973\",\"taxID\":\"83447097300043\",\"numberOfEmployees\":{\"@type\":\"QuantitativeValue\",\"minValue\":\"1\",\"maxValue\":\"10\"}},{\"@type\":\"Person\",\"@id\":\"https:\/\/dicodusport.fr\/blog\/#\/schema\/person\/cce96fa88785bd8573e3d43078ac8c79\",\"name\":\"Arlette Yeye\",\"image\":{\"@type\":\"ImageObject\",\"inLanguage\":\"fr-FR\",\"@id\":\"https:\/\/dicodusport.fr\/blog\/#\/schema\/person\/image\/\",\"url\":\"https:\/\/secure.gravatar.com\/avatar\/dca4a6239e6d708e46c45d60e160de6c?s=96&d=wp_user_avatar&r=g\",\"contentUrl\":\"https:\/\/secure.gravatar.com\/avatar\/dca4a6239e6d708e46c45d60e160de6c?s=96&d=wp_user_avatar&r=g\",\"caption\":\"Arlette Yeye\"},\"description\":\"Journaliste\/r\u00e9dactrice depuis septembre 2015 - Supportrice de Chelsea, j'ai pour sports de pr\u00e9dilection le handball, l'athl\u00e9tisme et le tennis. Si je tweete plus vite que mon ombre, vous pouvez aussi me retrouver les week-ends sur les playgrounds de Bruxelles pour un petit foot ou basket entre potes. Parcourir la France, l'Europe et plus si affinit\u00e9s pour suivre mes sportifs pr\u00e9f\u00e9r\u00e9s ? Mon kif ! Et c'est avec plaisir que je partage les r\u00e9sultats des sports populaires mais \u00e9galement plus confidentiels pour Dicodusport.\",\"sameAs\":[\"https:\/\/x.com\/https:\/\/twitter.com\/Shiclette94\"],\"url\":\"https:\/\/dicodusport.fr\/blog\/author\/arlette\/\"}]}<\/script>\n<!-- \/ Yoast SEO Premium plugin. -->","yoast_head_json":{"title":"Mondiaux d'athl\u00e9tisme 2022 - Heptathlon : Deuxi\u00e8me titre mondial pour Nafissatou Thiam !","description":"Pouss\u00e9e dans ses retranchements par Anouk Vetter, Nafissatou Thiam s'est impos\u00e9e avec la mani\u00e8re pour remporter un 2\u00e8me titre mondial.","robots":{"index":"index","follow":"follow","max-snippet":"max-snippet:-1","max-image-preview":"max-image-preview:large","max-video-preview":"max-video-preview:-1"},"canonical":"https:\/\/dicodusport.fr\/blog\/mondiaux-dathletisme-2022-heptathlon-deuxieme-titre-mondial-pour-nafissatou-thiam\/","og_locale":"fr_FR","og_type":"article","og_title":"Mondiaux d'athl\u00e9tisme 2022 - Heptathlon : Deuxi\u00e8me titre mondial pour Nafissatou Thiam !","og_description":"Pouss\u00e9e dans ses retranchements par Anouk Vetter, Nafissatou Thiam s'est impos\u00e9e avec la mani\u00e8re pour remporter un 2\u00e8me titre mondial.","og_url":"https:\/\/dicodusport.fr\/blog\/mondiaux-dathletisme-2022-heptathlon-deuxieme-titre-mondial-pour-nafissatou-thiam\/","og_site_name":"Dicodusport","article_publisher":"https:\/\/www.facebook.com\/dicodusport","article_published_time":"2022-07-19T02:24:20+00:00","article_modified_time":"2022-08-18T11:06:10+00:00","og_image":[{"width":800,"height":445,"url":"https:\/\/dicodusport.fr\/blog\/wp-content\/uploads\/2022\/07\/Mondiaux-dathletisme-2022-Heptathlon-Nafissatou-Thiam-remporte-son-deuxieme-titre-mondial-.jpg","type":"image\/jpeg"}],"author":"Arlette Yeye","twitter_card":"summary_large_image","twitter_title":"Mondiaux d'athl\u00e9tisme 2022 - Heptathlon : Deuxi\u00e8me titre mondial pour Nafissatou Thiam !","twitter_creator":"@https:\/\/twitter.com\/Shiclette94","twitter_site":"@dicodusport","schema":{"@context":"https:\/\/schema.org","@graph":[{"@type":"NewsArticle","@id":"https:\/\/dicodusport.fr\/blog\/mondiaux-dathletisme-2022-heptathlon-deuxieme-titre-mondial-pour-nafissatou-thiam\/#article","isPartOf":{"@id":"https:\/\/dicodusport.fr\/blog\/mondiaux-dathletisme-2022-heptathlon-deuxieme-titre-mondial-pour-nafissatou-thiam\/"},"author":{"name":"Arlette Yeye","@id":"https:\/\/dicodusport.fr\/blog\/#\/schema\/person\/cce96fa88785bd8573e3d43078ac8c79"},"headline":"Mondiaux d&rsquo;athl\u00e9tisme 2022 &#8211; Heptathlon : Deuxi\u00e8me titre mondial pour Nafissatou Thiam !","datePublished":"2022-07-19T02:24:20+00:00","dateModified":"2022-08-18T11:06:10+00:00","mainEntityOfPage":{"@id":"https:\/\/dicodusport.fr\/blog\/mondiaux-dathletisme-2022-heptathlon-deuxieme-titre-mondial-pour-nafissatou-thiam\/"},"wordCount":929,"commentCount":0,"publisher":{"@id":"https:\/\/dicodusport.fr\/blog\/#organization"},"image":{"@id":"https:\/\/dicodusport.fr\/blog\/mondiaux-dathletisme-2022-heptathlon-deuxieme-titre-mondial-pour-nafissatou-thiam\/#primaryimage"},"thumbnailUrl":"https:\/\/dicodusport.fr\/blog\/wp-content\/uploads\/2022\/07\/Mondiaux-dathletisme-2022-Heptathlon-Nafissatou-Thiam-remporte-son-deuxieme-titre-mondial-.jpg","keywords":["Adrianna Sulek","Anna Hall","Anouk Vetter","Heptathlon","Nafissatou Thiam","Noor Vidts"],"articleSection":["Championnats du monde d'athl\u00e9tisme"],"inLanguage":"fr-FR","potentialAction":[{"@type":"CommentAction","name":"Comment","target":["https:\/\/dicodusport.fr\/blog\/mondiaux-dathletisme-2022-heptathlon-deuxieme-titre-mondial-pour-nafissatou-thiam\/#respond"]}],"copyrightYear":"2022","copyrightHolder":{"@id":"https:\/\/dicodusport.fr\/blog\/#organization"}},{"@type":"WebPage","@id":"https:\/\/dicodusport.fr\/blog\/mondiaux-dathletisme-2022-heptathlon-deuxieme-titre-mondial-pour-nafissatou-thiam\/","url":"https:\/\/dicodusport.fr\/blog\/mondiaux-dathletisme-2022-heptathlon-deuxieme-titre-mondial-pour-nafissatou-thiam\/","name":"Mondiaux d'athl\u00e9tisme 2022 - Heptathlon : Deuxi\u00e8me titre mondial pour Nafissatou Thiam !","isPartOf":{"@id":"https:\/\/dicodusport.fr\/blog\/#website"},"primaryImageOfPage":{"@id":"https:\/\/dicodusport.fr\/blog\/mondiaux-dathletisme-2022-heptathlon-deuxieme-titre-mondial-pour-nafissatou-thiam\/#primaryimage"},"image":{"@id":"https:\/\/dicodusport.fr\/blog\/mondiaux-dathletisme-2022-heptathlon-deuxieme-titre-mondial-pour-nafissatou-thiam\/#primaryimage"},"thumbnailUrl":"https:\/\/dicodusport.fr\/blog\/wp-content\/uploads\/2022\/07\/Mondiaux-dathletisme-2022-Heptathlon-Nafissatou-Thiam-remporte-son-deuxieme-titre-mondial-.jpg","datePublished":"2022-07-19T02:24:20+00:00","dateModified":"2022-08-18T11:06:10+00:00","description":"Pouss\u00e9e dans ses retranchements par Anouk Vetter, Nafissatou Thiam s'est impos\u00e9e avec la mani\u00e8re pour remporter un 2\u00e8me titre mondial.","breadcrumb":{"@id":"https:\/\/dicodusport.fr\/blog\/mondiaux-dathletisme-2022-heptathlon-deuxieme-titre-mondial-pour-nafissatou-thiam\/#breadcrumb"},"inLanguage":"fr-FR","potentialAction":[{"@type":"ReadAction","target":["https:\/\/dicodusport.fr\/blog\/mondiaux-dathletisme-2022-heptathlon-deuxieme-titre-mondial-pour-nafissatou-thiam\/"]}]},{"@type":"ImageObject","inLanguage":"fr-FR","@id":"https:\/\/dicodusport.fr\/blog\/mondiaux-dathletisme-2022-heptathlon-deuxieme-titre-mondial-pour-nafissatou-thiam\/#primaryimage","url":"https:\/\/dicodusport.fr\/blog\/wp-content\/uploads\/2022\/07\/Mondiaux-dathletisme-2022-Heptathlon-Nafissatou-Thiam-remporte-son-deuxieme-titre-mondial-.jpg","contentUrl":"https:\/\/dicodusport.fr\/blog\/wp-content\/uploads\/2022\/07\/Mondiaux-dathletisme-2022-Heptathlon-Nafissatou-Thiam-remporte-son-deuxieme-titre-mondial-.jpg","width":800,"height":445,"caption":"Mondiaux d'athl\u00e9tisme 2022 - Heptathlon Nafissatou Thiam remporte son deuxi\u00e8me titre mondial !"},{"@type":"BreadcrumbList","@id":"https:\/\/dicodusport.fr\/blog\/mondiaux-dathletisme-2022-heptathlon-deuxieme-titre-mondial-pour-nafissatou-thiam\/#breadcrumb","itemListElement":[{"@type":"ListItem","position":1,"name":"Accueil","item":"https:\/\/dicodusport.fr\/blog\/"},{"@type":"ListItem","position":2,"name":"Mondiaux d&rsquo;athl\u00e9tisme 2022 &#8211; Heptathlon : Deuxi\u00e8me titre mondial pour Nafissatou Thiam !"}]},{"@type":"WebSite","@id":"https:\/\/dicodusport.fr\/blog\/#website","url":"https:\/\/dicodusport.fr\/blog\/","name":"Dicodusport","description":"L&#039;encyclop\u00e9die de l&#039;actualit\u00e9 sportive","publisher":{"@id":"https:\/\/dicodusport.fr\/blog\/#organization"},"potentialAction":[{"@type":"SearchAction","target":{"@type":"EntryPoint","urlTemplate":"https:\/\/dicodusport.fr\/blog\/?s={search_term_string}"},"query-input":{"@type":"PropertyValueSpecification","valueRequired":true,"valueName":"search_term_string"}}],"inLanguage":"fr-FR"},{"@type":"NewsMediaOrganization","@id":"https:\/\/dicodusport.fr\/blog\/#organization","name":"Dicodusport","url":"https:\/\/dicodusport.fr\/blog\/","logo":{"@type":"ImageObject","inLanguage":"fr-FR","@id":"https:\/\/dicodusport.fr\/blog\/#\/schema\/logo\/image\/","url":"https:\/\/dicodusport.fr\/blog\/wp-content\/uploads\/2020\/06\/cropped-LOGO-DICODUSPORT-2020-SANS-FOND-SANS-TEXTE.png","contentUrl":"https:\/\/dicodusport.fr\/blog\/wp-content\/uploads\/2020\/06\/cropped-LOGO-DICODUSPORT-2020-SANS-FOND-SANS-TEXTE.png","width":512,"height":512,"caption":"Dicodusport"},"image":{"@id":"https:\/\/dicodusport.fr\/blog\/#\/schema\/logo\/image\/"},"sameAs":["https:\/\/www.facebook.com\/dicodusport","https:\/\/x.com\/dicodusport","https:\/\/www.instagram.com\/dicodusport\/","https:\/\/www.youtube.com\/channel\/UC7V2KZ5sd3htJivAbA4ZG3w"],"description":"Dicodusport est l'encyclop\u00e9die de l'actualit\u00e9 sportive.","email":"bonjour@dicodusport.fr","legalName":"DICODUSPORT","foundingDate":"2018-01-14","vatID":"FR71834470973","taxID":"83447097300043","numberOfEmployees":{"@type":"QuantitativeValue","minValue":"1","maxValue":"10"}},{"@type":"Person","@id":"https:\/\/dicodusport.fr\/blog\/#\/schema\/person\/cce96fa88785bd8573e3d43078ac8c79","name":"Arlette Yeye","image":{"@type":"ImageObject","inLanguage":"fr-FR","@id":"https:\/\/dicodusport.fr\/blog\/#\/schema\/person\/image\/","url":"https:\/\/secure.gravatar.com\/avatar\/dca4a6239e6d708e46c45d60e160de6c?s=96&d=wp_user_avatar&r=g","contentUrl":"https:\/\/secure.gravatar.com\/avatar\/dca4a6239e6d708e46c45d60e160de6c?s=96&d=wp_user_avatar&r=g","caption":"Arlette Yeye"},"description":"Journaliste\/r\u00e9dactrice depuis septembre 2015 - Supportrice de Chelsea, j'ai pour sports de pr\u00e9dilection le handball, l'athl\u00e9tisme et le tennis. Si je tweete plus vite que mon ombre, vous pouvez aussi me retrouver les week-ends sur les playgrounds de Bruxelles pour un petit foot ou basket entre potes. Parcourir la France, l'Europe et plus si affinit\u00e9s pour suivre mes sportifs pr\u00e9f\u00e9r\u00e9s ? Mon kif ! Et c'est avec plaisir que je partage les r\u00e9sultats des sports populaires mais \u00e9galement plus confidentiels pour Dicodusport.","sameAs":["https:\/\/x.com\/https:\/\/twitter.com\/Shiclette94"],"url":"https:\/\/dicodusport.fr\/blog\/author\/arlette\/"}]}},"_links":{"self":[{"href":"https:\/\/dicodusport.fr\/blog\/wp-json\/wp\/v2\/posts\/244605","targetHints":{"allow":["GET"]}}],"collection":[{"href":"https:\/\/dicodusport.fr\/blog\/wp-json\/wp\/v2\/posts"}],"about":[{"href":"https:\/\/dicodusport.fr\/blog\/wp-json\/wp\/v2\/types\/post"}],"author":[{"embeddable":true,"href":"https:\/\/dicodusport.fr\/blog\/wp-json\/wp\/v2\/users\/12"}],"replies":[{"embeddable":true,"href":"https:\/\/dicodusport.fr\/blog\/wp-json\/wp\/v2\/comments?post=244605"}],"version-history":[{"count":0,"href":"https:\/\/dicodusport.fr\/blog\/wp-json\/wp\/v2\/posts\/244605\/revisions"}],"wp:featuredmedia":[{"embeddable":true,"href":"https:\/\/dicodusport.fr\/blog\/wp-json\/wp\/v2\/media\/244682"}],"wp:attachment":[{"href":"https:\/\/dicodusport.fr\/blog\/wp-json\/wp\/v2\/media?parent=244605"}],"wp:term":[{"taxonomy":"category","embeddable":true,"href":"https:\/\/dicodusport.fr\/blog\/wp-json\/wp\/v2\/categories?post=244605"},{"taxonomy":"post_tag","embeddable":true,"href":"https:\/\/dicodusport.fr\/blog\/wp-json\/wp\/v2\/tags?post=244605"}],"curies":[{"name":"wp","href":"https:\/\/api.w.org\/{rel}","templated":true}]}}