{"id":244613,"date":"2022-07-19T10:46:28","date_gmt":"2022-07-19T08:46:28","guid":{"rendered":"https:\/\/dicodusport.fr\/blog\/?p=244613"},"modified":"2022-07-19T11:09:58","modified_gmt":"2022-07-19T09:09:58","slug":"jeux-europeens-de-sport-adapte-26-medailles-dont-8-titres-apres-la-premiere-journee","status":"publish","type":"post","link":"https:\/\/dicodusport.fr\/blog\/jeux-europeens-de-sport-adapte-26-medailles-dont-8-titres-apres-la-premiere-journee\/","title":{"rendered":"Jeux Europ\u00e9ens de sport adapt\u00e9 : 26 m\u00e9dailles dont 8 titres apr\u00e8s la premi\u00e8re journ\u00e9e"},"content":{"rendered":"<p style=\"text-align: justify;\"><em><strong>JEUX EUROP\u00c9ENS DE SPORT ADAPT\u00c9 &#8211; Excellente entr\u00e9e en mati\u00e8re pour l&rsquo;\u00e9quipe de France. Apr\u00e8s deux jours d&rsquo;entra\u00eenements, les Bleus sont partis \u00e0 la chasse aux m\u00e9dailles le couteau entre les dents. Ce sont pas moins de 26 podiums r\u00e9colt\u00e9s par les Fran\u00e7ais en natation et en aviron.<\/strong><\/em><\/p>\n<h2 style=\"text-align: justify;\">8 titres pour d\u00e9buter<\/h2>\n<p style=\"text-align: justify;\">Deuxi\u00e8me \u00e9dition de cette comp\u00e9tition. La premi\u00e8re fois, elle avait eu lieu dans l&rsquo;Hexagone, en 2018. Un rendez-vous qui a son importance puisque dans moins d&rsquo;un an maintenant, les Global Games (m\u00eame comp\u00e9tition au niveau mondial), se d\u00e9rouleront \u00e0 Vichy ! Seules la natation et l&rsquo;aviron d\u00e9cernaient les premi\u00e8res m\u00e9dailles ce lundi. C&rsquo;est <strong>Assia Maurin Espiau<\/strong> qui a eu l&rsquo;honneur de d\u00e9bloquer le compteur en remportant l&rsquo;argent du 800 m\u00e8tres nage libre II1. Suivie par bon nombre de ses compatriotes par la suite, c&rsquo;est <strong>Axel Parisot<\/strong> qui fera retentir la premi\u00e8re Marseillaise \u00e0 Cracovie (Pologne). Ce mardi, suite des \u00e9preuves de natation et d&rsquo;aviron, et d\u00e9but, entre autres, de l&rsquo;athl\u00e9tisme. R\u00e9capitulatif complet des m\u00e9daill\u00e9s.<\/p>\n<p style=\"text-align: justify;\"><span style=\"text-decoration: underline;\"><strong>Natation<\/strong><\/span><\/p>\n<ul style=\"text-align: justify;\">\n<li><strong>Assia Maurin Espiau<\/strong> &#8211; 800 m NL II1 \/ argent<\/li>\n<li><strong>Cl\u00e9ment Collomby<\/strong> &#8211; 800 m NL II2 \/ argent<\/li>\n<li><strong>Axel Parisot<\/strong> &#8211; 800 m NL II3 \/ or<\/li>\n<li><strong>Assia Maurin Espiau<\/strong> &#8211; 100 m brasse II1 \/ argent<\/li>\n<li><strong>Marie Graftiaux<\/strong> &#8211; 100 m brasse II2 \/ or<\/li>\n<li><strong>Carla Rapicano<\/strong> &#8211; 100 m brasse II2 \/ bronze<\/li>\n<li><strong>Simon Blaise<\/strong> &#8211; 100 m brasse II1 \/ bronze<\/li>\n<li><strong>Amaury L\u00e9pine<\/strong> &#8211; 100 m brasse II2 \/ argent<\/li>\n<li><strong>Cl\u00e9o Renou<\/strong> &#8211; 50 m papillon II2 \/ or<\/li>\n<li><strong>Manon Etringer<\/strong> &#8211; 50 m papillon II3 \/ argent<\/li>\n<li><strong>Nathan Maillet<\/strong> &#8211; 50 m papillon II1 \/ bronze<\/li>\n<li><strong>Axel Belig<\/strong> &#8211; 50 m papillon II2 \/ argent<\/li>\n<li><strong>Assia Maurin Espiau<\/strong> \/ <strong>Jordan Meny<\/strong> \/ <strong>Ma\u00ebly Chevallier<\/strong> \/ <strong>Nathan Maillet<\/strong> &#8211; 4&#215;100 m NL mixte II1 \/ argent<\/li>\n<li><strong>Axel Belig<\/strong> \/ <strong>C\u00e9dric Matilla<\/strong> \/ <strong>Marie Graftiaux<\/strong> \/ <strong>Cl\u00e9o Renou<\/strong> &#8211; 4&#215;100 m NL mixte II2 \/ argent<\/li>\n<li><strong>Rapha\u00ebl Dutay<\/strong> \/ <strong>Amaury L\u00e9pine<\/strong> \/ <strong>Axel Belig<\/strong> \/ <strong>C\u00e9dric Matilla<\/strong> &#8211; 4&#215;50 m 4 nages II2 \/ argent<\/li>\n<li><strong>Marie Graftiaux<\/strong> \/ <strong>Margaux Josse<\/strong> \/ <strong>Cl\u00e9o Renou<\/strong> \/ <strong>Carla Rapicano<\/strong> &#8211; 4&#215;50 m 4 nages II2 \/ or<\/li>\n<\/ul>\n<p style=\"text-align: justify;\"><span style=\"text-decoration: underline;\"><strong>Aviron<\/strong><\/span><\/p>\n<ul>\n<li style=\"text-align: justify;\"><strong>Etienne Kollialis<\/strong> \/ <strong>Estelle Geyssely<\/strong> \/ <strong>Cl\u00e9mence Wattecamps<\/strong> \/ <strong>Damien Touchagues<\/strong> &#8211; par \u00e9quipes II-1 \/ or<\/li>\n<li style=\"text-align: justify;\"><strong>Florent Coqueugniot<\/strong> &#8211; 1000 m II-3 \/ or<\/li>\n<li style=\"text-align: justify;\"><strong>Apolline Mongin<\/strong> &#8211; 1000 m II-3 \/ or<\/li>\n<li style=\"text-align: justify;\"><strong>Cl\u00e9mence Wattecamps<\/strong> &#8211; 1000 m II-1 \/ argent<\/li>\n<li style=\"text-align: justify;\"><strong>Estelle Geyssely<\/strong> &#8211; 1000 m II-1 \/ bronze<\/li>\n<li style=\"text-align: justify;\"><strong>In\u00e8s Arregui<\/strong> &#8211; 1000 m II-2 \/ or<\/li>\n<li style=\"text-align: justify;\"><strong>Nad\u00e8ge Dathy<\/strong> &#8211; 1000 m II-2 \/ argent<\/li>\n<li style=\"text-align: justify;\"><strong>Damien Touchagues<\/strong> &#8211; 1000 m II-1 \/ argent<\/li>\n<li style=\"text-align: justify;\"><strong>Etienne Kollialis<\/strong> &#8211; 1000 m II-1 \/ bronze<\/li>\n<\/ul>\n","protected":false},"excerpt":{"rendered":"<p>JEUX EUROP\u00c9ENS DE SPORT ADAPT\u00c9 &#8211; Excellente entr\u00e9e en mati\u00e8re pour l&rsquo;\u00e9quipe de France. Apr\u00e8s deux jours d&rsquo;entra\u00eenements, les Bleus sont partis \u00e0 la chasse aux m\u00e9dailles le couteau entre les dents. Ce ne sont pas moins de 26 podiums r\u00e9colt\u00e9s par les Fran\u00e7ais en natation et en aviron.<\/p>\n","protected":false},"author":43,"featured_media":244753,"comment_status":"open","ping_status":"closed","sticky":false,"template":"","format":"standard","meta":{"_acf_changed":false,"_daextam_enable_autolinks":"","footnotes":""},"categories":[5753,2366],"tags":[1265,8137,1539],"class_list":["post-244613","post","type-post","status-publish","format-standard","has-post-thumbnail","hentry","category-handisport","category-multisports","tag-handisport","tag-jeux-europeens","tag-sport-adapte"],"acf":[],"yoast_head":"<!-- This site is optimized with the Yoast SEO Premium plugin v26.7 (Yoast SEO v26.7) - https:\/\/yoast.com\/wordpress\/plugins\/seo\/ -->\n<title>Jeux Europ\u00e9ens de sport adapt\u00e9 : 26 m\u00e9dailles dont 8 titres apr\u00e8s la premi\u00e8re journ\u00e9e<\/title>\n<meta name=\"description\" content=\"Tr\u00e8s grosse premi\u00e8re journ\u00e9e au Jeux Europ\u00e9ens de sport adapt\u00e9s \u00e0 Cracovie, la France remporte 26 m\u00e9dailles dont 8 en or.\" \/>\n<meta name=\"robots\" content=\"index, follow, max-snippet:-1, max-image-preview:large, max-video-preview:-1\" \/>\n<link rel=\"canonical\" href=\"https:\/\/dicodusport.fr\/blog\/jeux-europeens-de-sport-adapte-26-medailles-dont-8-titres-apres-la-premiere-journee\/\" \/>\n<meta property=\"og:locale\" content=\"fr_FR\" \/>\n<meta property=\"og:type\" content=\"article\" \/>\n<meta property=\"og:title\" content=\"Jeux Europ\u00e9ens de sport adapt\u00e9 : 26 m\u00e9dailles dont 8 titres apr\u00e8s la premi\u00e8re journ\u00e9e\" \/>\n<meta property=\"og:description\" content=\"Tr\u00e8s grosse premi\u00e8re journ\u00e9e au Jeux Europ\u00e9ens de sport adapt\u00e9s \u00e0 Cracovie, la France remporte 26 m\u00e9dailles dont 8 en or.\" \/>\n<meta property=\"og:url\" content=\"https:\/\/dicodusport.fr\/blog\/jeux-europeens-de-sport-adapte-26-medailles-dont-8-titres-apres-la-premiere-journee\/\" \/>\n<meta property=\"og:site_name\" content=\"Dicodusport\" \/>\n<meta property=\"article:publisher\" content=\"https:\/\/www.facebook.com\/dicodusport\" \/>\n<meta property=\"article:author\" content=\"https:\/\/www.facebook.com\/Max.Bld2\/\" \/>\n<meta property=\"article:published_time\" content=\"2022-07-19T08:46:28+00:00\" \/>\n<meta property=\"article:modified_time\" content=\"2022-07-19T09:09:58+00:00\" \/>\n<meta property=\"og:image\" content=\"https:\/\/dicodusport.fr\/blog\/wp-content\/uploads\/2022\/07\/Jeux-Europeens-de-sport-adapte-26-medailles-dont-8-titres-apres-la-premiere-journee.png\" \/>\n\t<meta property=\"og:image:width\" content=\"800\" \/>\n\t<meta property=\"og:image:height\" content=\"445\" \/>\n\t<meta property=\"og:image:type\" content=\"image\/png\" \/>\n<meta name=\"author\" content=\"Maxime Boulard\" \/>\n<meta name=\"twitter:card\" content=\"summary_large_image\" \/>\n<meta name=\"twitter:title\" content=\"Jeux Europ\u00e9ens de sport adapt\u00e9 : 26 m\u00e9dailles dont 8 titres apr\u00e8s la premi\u00e8re journ\u00e9e\" \/>\n<meta name=\"twitter:creator\" content=\"@https:\/\/twitter.com\/MaximeB_2\" \/>\n<meta name=\"twitter:site\" content=\"@dicodusport\" \/>\n<script type=\"application\/ld+json\" class=\"yoast-schema-graph\">{\"@context\":\"https:\/\/schema.org\",\"@graph\":[{\"@type\":\"NewsArticle\",\"@id\":\"https:\/\/dicodusport.fr\/blog\/jeux-europeens-de-sport-adapte-26-medailles-dont-8-titres-apres-la-premiere-journee\/#article\",\"isPartOf\":{\"@id\":\"https:\/\/dicodusport.fr\/blog\/jeux-europeens-de-sport-adapte-26-medailles-dont-8-titres-apres-la-premiere-journee\/\"},\"author\":{\"name\":\"Maxime Boulard\",\"@id\":\"https:\/\/dicodusport.fr\/blog\/#\/schema\/person\/5aab10ee856e86ac63e9819a9da34784\"},\"headline\":\"Jeux Europ\u00e9ens de sport adapt\u00e9 : 26 m\u00e9dailles dont 8 titres apr\u00e8s la premi\u00e8re journ\u00e9e\",\"datePublished\":\"2022-07-19T08:46:28+00:00\",\"dateModified\":\"2022-07-19T09:09:58+00:00\",\"mainEntityOfPage\":{\"@id\":\"https:\/\/dicodusport.fr\/blog\/jeux-europeens-de-sport-adapte-26-medailles-dont-8-titres-apres-la-premiere-journee\/\"},\"wordCount\":435,\"commentCount\":0,\"publisher\":{\"@id\":\"https:\/\/dicodusport.fr\/blog\/#organization\"},\"image\":{\"@id\":\"https:\/\/dicodusport.fr\/blog\/jeux-europeens-de-sport-adapte-26-medailles-dont-8-titres-apres-la-premiere-journee\/#primaryimage\"},\"thumbnailUrl\":\"https:\/\/dicodusport.fr\/blog\/wp-content\/uploads\/2022\/07\/Jeux-Europeens-de-sport-adapte-26-medailles-dont-8-titres-apres-la-premiere-journee.png\",\"keywords\":[\"handisport\",\"Jeux Europ\u00e9ens\",\"Sport Adapt\u00e9\"],\"articleSection\":[\"Handisport\",\"Multisports\"],\"inLanguage\":\"fr-FR\",\"potentialAction\":[{\"@type\":\"CommentAction\",\"name\":\"Comment\",\"target\":[\"https:\/\/dicodusport.fr\/blog\/jeux-europeens-de-sport-adapte-26-medailles-dont-8-titres-apres-la-premiere-journee\/#respond\"]}],\"copyrightYear\":\"2022\",\"copyrightHolder\":{\"@id\":\"https:\/\/dicodusport.fr\/blog\/#organization\"}},{\"@type\":\"WebPage\",\"@id\":\"https:\/\/dicodusport.fr\/blog\/jeux-europeens-de-sport-adapte-26-medailles-dont-8-titres-apres-la-premiere-journee\/\",\"url\":\"https:\/\/dicodusport.fr\/blog\/jeux-europeens-de-sport-adapte-26-medailles-dont-8-titres-apres-la-premiere-journee\/\",\"name\":\"Jeux Europ\u00e9ens de sport adapt\u00e9 : 26 m\u00e9dailles dont 8 titres apr\u00e8s la premi\u00e8re journ\u00e9e\",\"isPartOf\":{\"@id\":\"https:\/\/dicodusport.fr\/blog\/#website\"},\"primaryImageOfPage\":{\"@id\":\"https:\/\/dicodusport.fr\/blog\/jeux-europeens-de-sport-adapte-26-medailles-dont-8-titres-apres-la-premiere-journee\/#primaryimage\"},\"image\":{\"@id\":\"https:\/\/dicodusport.fr\/blog\/jeux-europeens-de-sport-adapte-26-medailles-dont-8-titres-apres-la-premiere-journee\/#primaryimage\"},\"thumbnailUrl\":\"https:\/\/dicodusport.fr\/blog\/wp-content\/uploads\/2022\/07\/Jeux-Europeens-de-sport-adapte-26-medailles-dont-8-titres-apres-la-premiere-journee.png\",\"datePublished\":\"2022-07-19T08:46:28+00:00\",\"dateModified\":\"2022-07-19T09:09:58+00:00\",\"description\":\"Tr\u00e8s grosse premi\u00e8re journ\u00e9e au Jeux Europ\u00e9ens de sport adapt\u00e9s \u00e0 Cracovie, la France remporte 26 m\u00e9dailles dont 8 en or.\",\"breadcrumb\":{\"@id\":\"https:\/\/dicodusport.fr\/blog\/jeux-europeens-de-sport-adapte-26-medailles-dont-8-titres-apres-la-premiere-journee\/#breadcrumb\"},\"inLanguage\":\"fr-FR\",\"potentialAction\":[{\"@type\":\"ReadAction\",\"target\":[\"https:\/\/dicodusport.fr\/blog\/jeux-europeens-de-sport-adapte-26-medailles-dont-8-titres-apres-la-premiere-journee\/\"]}]},{\"@type\":\"ImageObject\",\"inLanguage\":\"fr-FR\",\"@id\":\"https:\/\/dicodusport.fr\/blog\/jeux-europeens-de-sport-adapte-26-medailles-dont-8-titres-apres-la-premiere-journee\/#primaryimage\",\"url\":\"https:\/\/dicodusport.fr\/blog\/wp-content\/uploads\/2022\/07\/Jeux-Europeens-de-sport-adapte-26-medailles-dont-8-titres-apres-la-premiere-journee.png\",\"contentUrl\":\"https:\/\/dicodusport.fr\/blog\/wp-content\/uploads\/2022\/07\/Jeux-Europeens-de-sport-adapte-26-medailles-dont-8-titres-apres-la-premiere-journee.png\",\"width\":800,\"height\":445,\"caption\":\"Jeux Europ\u00e9ens de sport adapt\u00e9 26 m\u00e9dailles dont 8 titres apr\u00e8s la premi\u00e8re journ\u00e9e\"},{\"@type\":\"BreadcrumbList\",\"@id\":\"https:\/\/dicodusport.fr\/blog\/jeux-europeens-de-sport-adapte-26-medailles-dont-8-titres-apres-la-premiere-journee\/#breadcrumb\",\"itemListElement\":[{\"@type\":\"ListItem\",\"position\":1,\"name\":\"Accueil\",\"item\":\"https:\/\/dicodusport.fr\/blog\/\"},{\"@type\":\"ListItem\",\"position\":2,\"name\":\"Jeux Europ\u00e9ens de sport adapt\u00e9 : 26 m\u00e9dailles dont 8 titres apr\u00e8s la premi\u00e8re journ\u00e9e\"}]},{\"@type\":\"WebSite\",\"@id\":\"https:\/\/dicodusport.fr\/blog\/#website\",\"url\":\"https:\/\/dicodusport.fr\/blog\/\",\"name\":\"Dicodusport\",\"description\":\"L&#039;encyclop\u00e9die de l&#039;actualit\u00e9 sportive\",\"publisher\":{\"@id\":\"https:\/\/dicodusport.fr\/blog\/#organization\"},\"potentialAction\":[{\"@type\":\"SearchAction\",\"target\":{\"@type\":\"EntryPoint\",\"urlTemplate\":\"https:\/\/dicodusport.fr\/blog\/?s={search_term_string}\"},\"query-input\":{\"@type\":\"PropertyValueSpecification\",\"valueRequired\":true,\"valueName\":\"search_term_string\"}}],\"inLanguage\":\"fr-FR\"},{\"@type\":\"NewsMediaOrganization\",\"@id\":\"https:\/\/dicodusport.fr\/blog\/#organization\",\"name\":\"Dicodusport\",\"url\":\"https:\/\/dicodusport.fr\/blog\/\",\"logo\":{\"@type\":\"ImageObject\",\"inLanguage\":\"fr-FR\",\"@id\":\"https:\/\/dicodusport.fr\/blog\/#\/schema\/logo\/image\/\",\"url\":\"https:\/\/dicodusport.fr\/blog\/wp-content\/uploads\/2020\/06\/cropped-LOGO-DICODUSPORT-2020-SANS-FOND-SANS-TEXTE.png\",\"contentUrl\":\"https:\/\/dicodusport.fr\/blog\/wp-content\/uploads\/2020\/06\/cropped-LOGO-DICODUSPORT-2020-SANS-FOND-SANS-TEXTE.png\",\"width\":512,\"height\":512,\"caption\":\"Dicodusport\"},\"image\":{\"@id\":\"https:\/\/dicodusport.fr\/blog\/#\/schema\/logo\/image\/\"},\"sameAs\":[\"https:\/\/www.facebook.com\/dicodusport\",\"https:\/\/x.com\/dicodusport\",\"https:\/\/www.instagram.com\/dicodusport\/\",\"https:\/\/www.youtube.com\/channel\/UC7V2KZ5sd3htJivAbA4ZG3w\"],\"description\":\"Dicodusport est l'encyclop\u00e9die de l'actualit\u00e9 sportive.\",\"email\":\"bonjour@dicodusport.fr\",\"legalName\":\"DICODUSPORT\",\"foundingDate\":\"2018-01-14\",\"vatID\":\"FR71834470973\",\"taxID\":\"83447097300043\",\"numberOfEmployees\":{\"@type\":\"QuantitativeValue\",\"minValue\":\"1\",\"maxValue\":\"10\"}},{\"@type\":\"Person\",\"@id\":\"https:\/\/dicodusport.fr\/blog\/#\/schema\/person\/5aab10ee856e86ac63e9819a9da34784\",\"name\":\"Maxime Boulard\",\"image\":{\"@type\":\"ImageObject\",\"inLanguage\":\"fr-FR\",\"@id\":\"https:\/\/dicodusport.fr\/blog\/#\/schema\/person\/image\/\",\"url\":\"https:\/\/dicodusport.fr\/blog\/wp-content\/uploads\/2021\/05\/Maxime-Boulard-150x150.jpg\",\"contentUrl\":\"https:\/\/dicodusport.fr\/blog\/wp-content\/uploads\/2021\/05\/Maxime-Boulard-150x150.jpg\",\"caption\":\"Maxime Boulard\"},\"description\":\"Journaliste\/r\u00e9dacteur depuis octobre 2020 - Si mon plus vieux souvenir de sport aurait pu m'en d\u00e9go\u00fbter, la finale de la Coupe du monde 2006 a \u00e9t\u00e9 tout le contraire. V\u00e9ritable d\u00e9clencheur d'une passion qui aujourd'hui ne fait que grandir avec le temps, mon leitmotiv est la France qui brille ! Je relate les exploits pass\u00e9s et pr\u00e9sents du sport bleu-blanc-rouge sans m\u00e9nagement depuis octobre 2020. Sport valide ou handisport, aucune diff\u00e9rence, il n'y a que du sport et plusieurs fa\u00e7ons de le pratiquer.\",\"sameAs\":[\"https:\/\/www.facebook.com\/Max.Bld2\/\",\"https:\/\/x.com\/https:\/\/twitter.com\/MaximeB_2\"],\"url\":\"https:\/\/dicodusport.fr\/blog\/author\/maxime-b\/\"}]}<\/script>\n<!-- \/ Yoast SEO Premium plugin. -->","yoast_head_json":{"title":"Jeux Europ\u00e9ens de sport adapt\u00e9 : 26 m\u00e9dailles dont 8 titres apr\u00e8s la premi\u00e8re journ\u00e9e","description":"Tr\u00e8s grosse premi\u00e8re journ\u00e9e au Jeux Europ\u00e9ens de sport adapt\u00e9s \u00e0 Cracovie, la France remporte 26 m\u00e9dailles dont 8 en or.","robots":{"index":"index","follow":"follow","max-snippet":"max-snippet:-1","max-image-preview":"max-image-preview:large","max-video-preview":"max-video-preview:-1"},"canonical":"https:\/\/dicodusport.fr\/blog\/jeux-europeens-de-sport-adapte-26-medailles-dont-8-titres-apres-la-premiere-journee\/","og_locale":"fr_FR","og_type":"article","og_title":"Jeux Europ\u00e9ens de sport adapt\u00e9 : 26 m\u00e9dailles dont 8 titres apr\u00e8s la premi\u00e8re journ\u00e9e","og_description":"Tr\u00e8s grosse premi\u00e8re journ\u00e9e au Jeux Europ\u00e9ens de sport adapt\u00e9s \u00e0 Cracovie, la France remporte 26 m\u00e9dailles dont 8 en or.","og_url":"https:\/\/dicodusport.fr\/blog\/jeux-europeens-de-sport-adapte-26-medailles-dont-8-titres-apres-la-premiere-journee\/","og_site_name":"Dicodusport","article_publisher":"https:\/\/www.facebook.com\/dicodusport","article_author":"https:\/\/www.facebook.com\/Max.Bld2\/","article_published_time":"2022-07-19T08:46:28+00:00","article_modified_time":"2022-07-19T09:09:58+00:00","og_image":[{"width":800,"height":445,"url":"https:\/\/dicodusport.fr\/blog\/wp-content\/uploads\/2022\/07\/Jeux-Europeens-de-sport-adapte-26-medailles-dont-8-titres-apres-la-premiere-journee.png","type":"image\/png"}],"author":"Maxime Boulard","twitter_card":"summary_large_image","twitter_title":"Jeux Europ\u00e9ens de sport adapt\u00e9 : 26 m\u00e9dailles dont 8 titres apr\u00e8s la premi\u00e8re journ\u00e9e","twitter_creator":"@https:\/\/twitter.com\/MaximeB_2","twitter_site":"@dicodusport","schema":{"@context":"https:\/\/schema.org","@graph":[{"@type":"NewsArticle","@id":"https:\/\/dicodusport.fr\/blog\/jeux-europeens-de-sport-adapte-26-medailles-dont-8-titres-apres-la-premiere-journee\/#article","isPartOf":{"@id":"https:\/\/dicodusport.fr\/blog\/jeux-europeens-de-sport-adapte-26-medailles-dont-8-titres-apres-la-premiere-journee\/"},"author":{"name":"Maxime Boulard","@id":"https:\/\/dicodusport.fr\/blog\/#\/schema\/person\/5aab10ee856e86ac63e9819a9da34784"},"headline":"Jeux Europ\u00e9ens de sport adapt\u00e9 : 26 m\u00e9dailles dont 8 titres apr\u00e8s la premi\u00e8re journ\u00e9e","datePublished":"2022-07-19T08:46:28+00:00","dateModified":"2022-07-19T09:09:58+00:00","mainEntityOfPage":{"@id":"https:\/\/dicodusport.fr\/blog\/jeux-europeens-de-sport-adapte-26-medailles-dont-8-titres-apres-la-premiere-journee\/"},"wordCount":435,"commentCount":0,"publisher":{"@id":"https:\/\/dicodusport.fr\/blog\/#organization"},"image":{"@id":"https:\/\/dicodusport.fr\/blog\/jeux-europeens-de-sport-adapte-26-medailles-dont-8-titres-apres-la-premiere-journee\/#primaryimage"},"thumbnailUrl":"https:\/\/dicodusport.fr\/blog\/wp-content\/uploads\/2022\/07\/Jeux-Europeens-de-sport-adapte-26-medailles-dont-8-titres-apres-la-premiere-journee.png","keywords":["handisport","Jeux Europ\u00e9ens","Sport Adapt\u00e9"],"articleSection":["Handisport","Multisports"],"inLanguage":"fr-FR","potentialAction":[{"@type":"CommentAction","name":"Comment","target":["https:\/\/dicodusport.fr\/blog\/jeux-europeens-de-sport-adapte-26-medailles-dont-8-titres-apres-la-premiere-journee\/#respond"]}],"copyrightYear":"2022","copyrightHolder":{"@id":"https:\/\/dicodusport.fr\/blog\/#organization"}},{"@type":"WebPage","@id":"https:\/\/dicodusport.fr\/blog\/jeux-europeens-de-sport-adapte-26-medailles-dont-8-titres-apres-la-premiere-journee\/","url":"https:\/\/dicodusport.fr\/blog\/jeux-europeens-de-sport-adapte-26-medailles-dont-8-titres-apres-la-premiere-journee\/","name":"Jeux Europ\u00e9ens de sport adapt\u00e9 : 26 m\u00e9dailles dont 8 titres apr\u00e8s la premi\u00e8re journ\u00e9e","isPartOf":{"@id":"https:\/\/dicodusport.fr\/blog\/#website"},"primaryImageOfPage":{"@id":"https:\/\/dicodusport.fr\/blog\/jeux-europeens-de-sport-adapte-26-medailles-dont-8-titres-apres-la-premiere-journee\/#primaryimage"},"image":{"@id":"https:\/\/dicodusport.fr\/blog\/jeux-europeens-de-sport-adapte-26-medailles-dont-8-titres-apres-la-premiere-journee\/#primaryimage"},"thumbnailUrl":"https:\/\/dicodusport.fr\/blog\/wp-content\/uploads\/2022\/07\/Jeux-Europeens-de-sport-adapte-26-medailles-dont-8-titres-apres-la-premiere-journee.png","datePublished":"2022-07-19T08:46:28+00:00","dateModified":"2022-07-19T09:09:58+00:00","description":"Tr\u00e8s grosse premi\u00e8re journ\u00e9e au Jeux Europ\u00e9ens de sport adapt\u00e9s \u00e0 Cracovie, la France remporte 26 m\u00e9dailles dont 8 en or.","breadcrumb":{"@id":"https:\/\/dicodusport.fr\/blog\/jeux-europeens-de-sport-adapte-26-medailles-dont-8-titres-apres-la-premiere-journee\/#breadcrumb"},"inLanguage":"fr-FR","potentialAction":[{"@type":"ReadAction","target":["https:\/\/dicodusport.fr\/blog\/jeux-europeens-de-sport-adapte-26-medailles-dont-8-titres-apres-la-premiere-journee\/"]}]},{"@type":"ImageObject","inLanguage":"fr-FR","@id":"https:\/\/dicodusport.fr\/blog\/jeux-europeens-de-sport-adapte-26-medailles-dont-8-titres-apres-la-premiere-journee\/#primaryimage","url":"https:\/\/dicodusport.fr\/blog\/wp-content\/uploads\/2022\/07\/Jeux-Europeens-de-sport-adapte-26-medailles-dont-8-titres-apres-la-premiere-journee.png","contentUrl":"https:\/\/dicodusport.fr\/blog\/wp-content\/uploads\/2022\/07\/Jeux-Europeens-de-sport-adapte-26-medailles-dont-8-titres-apres-la-premiere-journee.png","width":800,"height":445,"caption":"Jeux Europ\u00e9ens de sport adapt\u00e9 26 m\u00e9dailles dont 8 titres apr\u00e8s la premi\u00e8re journ\u00e9e"},{"@type":"BreadcrumbList","@id":"https:\/\/dicodusport.fr\/blog\/jeux-europeens-de-sport-adapte-26-medailles-dont-8-titres-apres-la-premiere-journee\/#breadcrumb","itemListElement":[{"@type":"ListItem","position":1,"name":"Accueil","item":"https:\/\/dicodusport.fr\/blog\/"},{"@type":"ListItem","position":2,"name":"Jeux Europ\u00e9ens de sport adapt\u00e9 : 26 m\u00e9dailles dont 8 titres apr\u00e8s la premi\u00e8re journ\u00e9e"}]},{"@type":"WebSite","@id":"https:\/\/dicodusport.fr\/blog\/#website","url":"https:\/\/dicodusport.fr\/blog\/","name":"Dicodusport","description":"L&#039;encyclop\u00e9die de l&#039;actualit\u00e9 sportive","publisher":{"@id":"https:\/\/dicodusport.fr\/blog\/#organization"},"potentialAction":[{"@type":"SearchAction","target":{"@type":"EntryPoint","urlTemplate":"https:\/\/dicodusport.fr\/blog\/?s={search_term_string}"},"query-input":{"@type":"PropertyValueSpecification","valueRequired":true,"valueName":"search_term_string"}}],"inLanguage":"fr-FR"},{"@type":"NewsMediaOrganization","@id":"https:\/\/dicodusport.fr\/blog\/#organization","name":"Dicodusport","url":"https:\/\/dicodusport.fr\/blog\/","logo":{"@type":"ImageObject","inLanguage":"fr-FR","@id":"https:\/\/dicodusport.fr\/blog\/#\/schema\/logo\/image\/","url":"https:\/\/dicodusport.fr\/blog\/wp-content\/uploads\/2020\/06\/cropped-LOGO-DICODUSPORT-2020-SANS-FOND-SANS-TEXTE.png","contentUrl":"https:\/\/dicodusport.fr\/blog\/wp-content\/uploads\/2020\/06\/cropped-LOGO-DICODUSPORT-2020-SANS-FOND-SANS-TEXTE.png","width":512,"height":512,"caption":"Dicodusport"},"image":{"@id":"https:\/\/dicodusport.fr\/blog\/#\/schema\/logo\/image\/"},"sameAs":["https:\/\/www.facebook.com\/dicodusport","https:\/\/x.com\/dicodusport","https:\/\/www.instagram.com\/dicodusport\/","https:\/\/www.youtube.com\/channel\/UC7V2KZ5sd3htJivAbA4ZG3w"],"description":"Dicodusport est l'encyclop\u00e9die de l'actualit\u00e9 sportive.","email":"bonjour@dicodusport.fr","legalName":"DICODUSPORT","foundingDate":"2018-01-14","vatID":"FR71834470973","taxID":"83447097300043","numberOfEmployees":{"@type":"QuantitativeValue","minValue":"1","maxValue":"10"}},{"@type":"Person","@id":"https:\/\/dicodusport.fr\/blog\/#\/schema\/person\/5aab10ee856e86ac63e9819a9da34784","name":"Maxime Boulard","image":{"@type":"ImageObject","inLanguage":"fr-FR","@id":"https:\/\/dicodusport.fr\/blog\/#\/schema\/person\/image\/","url":"https:\/\/dicodusport.fr\/blog\/wp-content\/uploads\/2021\/05\/Maxime-Boulard-150x150.jpg","contentUrl":"https:\/\/dicodusport.fr\/blog\/wp-content\/uploads\/2021\/05\/Maxime-Boulard-150x150.jpg","caption":"Maxime Boulard"},"description":"Journaliste\/r\u00e9dacteur depuis octobre 2020 - Si mon plus vieux souvenir de sport aurait pu m'en d\u00e9go\u00fbter, la finale de la Coupe du monde 2006 a \u00e9t\u00e9 tout le contraire. V\u00e9ritable d\u00e9clencheur d'une passion qui aujourd'hui ne fait que grandir avec le temps, mon leitmotiv est la France qui brille ! Je relate les exploits pass\u00e9s et pr\u00e9sents du sport bleu-blanc-rouge sans m\u00e9nagement depuis octobre 2020. Sport valide ou handisport, aucune diff\u00e9rence, il n'y a que du sport et plusieurs fa\u00e7ons de le pratiquer.","sameAs":["https:\/\/www.facebook.com\/Max.Bld2\/","https:\/\/x.com\/https:\/\/twitter.com\/MaximeB_2"],"url":"https:\/\/dicodusport.fr\/blog\/author\/maxime-b\/"}]}},"_links":{"self":[{"href":"https:\/\/dicodusport.fr\/blog\/wp-json\/wp\/v2\/posts\/244613","targetHints":{"allow":["GET"]}}],"collection":[{"href":"https:\/\/dicodusport.fr\/blog\/wp-json\/wp\/v2\/posts"}],"about":[{"href":"https:\/\/dicodusport.fr\/blog\/wp-json\/wp\/v2\/types\/post"}],"author":[{"embeddable":true,"href":"https:\/\/dicodusport.fr\/blog\/wp-json\/wp\/v2\/users\/43"}],"replies":[{"embeddable":true,"href":"https:\/\/dicodusport.fr\/blog\/wp-json\/wp\/v2\/comments?post=244613"}],"version-history":[{"count":0,"href":"https:\/\/dicodusport.fr\/blog\/wp-json\/wp\/v2\/posts\/244613\/revisions"}],"wp:featuredmedia":[{"embeddable":true,"href":"https:\/\/dicodusport.fr\/blog\/wp-json\/wp\/v2\/media\/244753"}],"wp:attachment":[{"href":"https:\/\/dicodusport.fr\/blog\/wp-json\/wp\/v2\/media?parent=244613"}],"wp:term":[{"taxonomy":"category","embeddable":true,"href":"https:\/\/dicodusport.fr\/blog\/wp-json\/wp\/v2\/categories?post=244613"},{"taxonomy":"post_tag","embeddable":true,"href":"https:\/\/dicodusport.fr\/blog\/wp-json\/wp\/v2\/tags?post=244613"}],"curies":[{"name":"wp","href":"https:\/\/api.w.org\/{rel}","templated":true}]}}