{"id":244803,"date":"2022-07-19T15:07:39","date_gmt":"2022-07-19T13:07:39","guid":{"rendered":"https:\/\/dicodusport.fr\/blog\/?p=244803&#038;preview=true&#038;preview_id=244803"},"modified":"2022-07-19T16:46:51","modified_gmt":"2022-07-19T14:46:51","slug":"mercato-psg-le-bayern-munich-ferme-la-porte-pour-lucas-hernandez","status":"publish","type":"post","link":"https:\/\/dicodusport.fr\/blog\/mercato-psg-le-bayern-munich-ferme-la-porte-pour-lucas-hernandez\/","title":{"rendered":"Mercato PSG : Le Bayern Munich ferme la porte pour Lucas Hernandez"},"content":{"rendered":"<p style=\"text-align: justify;\"><b><i>LIGUE 1 2022-2023 &#8211; Selon Christian Falk, le PSG pense \u00e0 recruter Lucas Hernandez, mais le Bayern Munich ferme la porte.<\/i><\/b><\/p>\n<p style=\"text-align: justify;\">Avec le <a href=\"https:\/\/dicodusport.fr\/blog\/mercato-psg-un-deuxieme-club-veut-presnel-kimpembe\/\" target=\"_blank\" rel=\"noopener\">possible d\u00e9part de <strong>Presnel Kimpembe<\/strong><\/a>, notamment courtis\u00e9 par <strong>Chelsea<\/strong>, le <strong>PSG<\/strong> commence \u00e0 chercher un d\u00e9fenseur central c\u00f4t\u00e9 gauche. Le club de la capitale pense \u00e0 un autre international fran\u00e7ais, <strong>Lucas Hernandez<\/strong>, qui est encore sous contrat deux ans avec le <strong>Bayern Munich<\/strong>. Mais malgr\u00e9 l&rsquo;arriv\u00e9e de <strong>Matthijs de Ligt<\/strong>, le club bavarois ne serait pas vendeur et aurait d&rsquo;ores et d\u00e9j\u00e0 ferm\u00e9 la porte \u00e0 un d\u00e9part. <strong>Paris<\/strong> va donc devoir chercher ailleurs pour trouver un rempla\u00e7ant \u00e0 Presnel Kimpembe, si un d\u00e9part se confirme dans les prochains jours.<\/p>\n<blockquote class=\"twitter-tweet\">\n<p dir=\"ltr\" lang=\"fr\">Le PSG est bien int\u00e9ress\u00e9 par Lucas Hernandez &#x1f1eb;&#x1f1f7;.<\/p>\n<p>Mais le Fran\u00e7ais est consid\u00e9r\u00e9 comme invendable.<\/p>\n<p>(<a href=\"https:\/\/twitter.com\/cfbayern?ref_src=twsrc%5Etfw\">@cfbayern<\/a>) <a href=\"https:\/\/t.co\/JIyhURbPYu\">pic.twitter.com\/JIyhURbPYu<\/a><\/p>\n<p>\u2014 Actu Foot (@ActuFoot_) <a href=\"https:\/\/twitter.com\/ActuFoot_\/status\/1549118785013129217?ref_src=twsrc%5Etfw\">July 18, 2022<\/a><\/p><\/blockquote>\n<p><script async src=\"https:\/\/platform.twitter.com\/widgets.js\" charset=\"utf-8\"><\/script><\/p>\n<ul>\n<li><strong>\u00c0 lire aussi &#8211; <a href=\"https:\/\/dicodusport.fr\/blog\/mercato-psg-tableau-des-transferts-2022-2023\/\">Le tableau du mercato pour le PSG<\/a><\/strong><\/li>\n<\/ul>\n","protected":false},"excerpt":{"rendered":"<p>LIGUE 1 2022-2023 &#8211; Selon Christian Falk, le PSG pense \u00e0 recruter Lucas Hernandez, mais le Bayern Munich ferme la porte.<\/p>\n","protected":false},"author":1,"featured_media":244812,"comment_status":"open","ping_status":"closed","sticky":false,"template":"","format":"standard","meta":{"_acf_changed":false,"_daextam_enable_autolinks":"","footnotes":""},"categories":[2301,47045],"tags":[4484,75,4261,910],"class_list":["post-244803","post","type-post","status-publish","format-standard","has-post-thumbnail","hentry","category-football","category-ligue-1","tag-bayern-munich","tag-football","tag-lucas-hernandez","tag-psg"],"acf":[],"yoast_head":"<!-- This site is optimized with the Yoast SEO Premium plugin v26.7 (Yoast SEO v26.7) - https:\/\/yoast.com\/wordpress\/plugins\/seo\/ -->\n<title>Mercato PSG : Le Bayern Munich ferme la porte pour Lucas Hernandez<\/title>\n<meta name=\"description\" content=\"LIGUE 1 2022-2023 - Selon Christian Falk, le PSG pense \u00e0 recruter Lucas Hernandez mais le Bayern Munich ferme la porte.\" \/>\n<meta name=\"robots\" content=\"index, follow, max-snippet:-1, max-image-preview:large, max-video-preview:-1\" \/>\n<link rel=\"canonical\" href=\"https:\/\/dicodusport.fr\/blog\/mercato-psg-le-bayern-munich-ferme-la-porte-pour-lucas-hernandez\/\" \/>\n<meta property=\"og:locale\" content=\"fr_FR\" \/>\n<meta property=\"og:type\" content=\"article\" \/>\n<meta property=\"og:title\" content=\"Mercato PSG : Le Bayern Munich ferme la porte pour Lucas Hernandez\" \/>\n<meta property=\"og:description\" content=\"LIGUE 1 2022-2023 - Selon Christian Falk, le PSG pense \u00e0 recruter Lucas Hernandez mais le Bayern Munich ferme la porte.\" \/>\n<meta property=\"og:url\" content=\"https:\/\/dicodusport.fr\/blog\/mercato-psg-le-bayern-munich-ferme-la-porte-pour-lucas-hernandez\/\" \/>\n<meta property=\"og:site_name\" content=\"Dicodusport\" \/>\n<meta property=\"article:publisher\" content=\"https:\/\/www.facebook.com\/dicodusport\" \/>\n<meta property=\"article:author\" content=\"https:\/\/www.facebook.com\/dicodusport\" \/>\n<meta property=\"article:published_time\" content=\"2022-07-19T13:07:39+00:00\" \/>\n<meta property=\"article:modified_time\" content=\"2022-07-19T14:46:51+00:00\" \/>\n<meta property=\"og:image\" content=\"https:\/\/dicodusport.fr\/blog\/wp-content\/uploads\/2022\/07\/Mercato-PSG-Le-Bayern-Munich-ferme-la-porte-pour-Lucas-Hernandez.png\" \/>\n\t<meta property=\"og:image:width\" content=\"800\" \/>\n\t<meta property=\"og:image:height\" content=\"445\" \/>\n\t<meta property=\"og:image:type\" content=\"image\/png\" \/>\n<meta name=\"author\" content=\"Nicolas Jacquemard\" \/>\n<meta name=\"twitter:card\" content=\"summary_large_image\" \/>\n<meta name=\"twitter:title\" content=\"Mercato PSG : Le Bayern Munich ferme la porte pour Lucas Hernandez\" \/>\n<meta name=\"twitter:creator\" content=\"@https:\/\/twitter.com\/Nico_Jacquemard\" \/>\n<meta name=\"twitter:site\" content=\"@dicodusport\" \/>\n<script type=\"application\/ld+json\" class=\"yoast-schema-graph\">{\"@context\":\"https:\/\/schema.org\",\"@graph\":[{\"@type\":\"NewsArticle\",\"@id\":\"https:\/\/dicodusport.fr\/blog\/mercato-psg-le-bayern-munich-ferme-la-porte-pour-lucas-hernandez\/#article\",\"isPartOf\":{\"@id\":\"https:\/\/dicodusport.fr\/blog\/mercato-psg-le-bayern-munich-ferme-la-porte-pour-lucas-hernandez\/\"},\"author\":{\"name\":\"Nicolas Jacquemard\",\"@id\":\"https:\/\/dicodusport.fr\/blog\/#\/schema\/person\/55dcb50ad410894e431ed812bbb70191\"},\"headline\":\"Mercato PSG : Le Bayern Munich ferme la porte pour Lucas Hernandez\",\"datePublished\":\"2022-07-19T13:07:39+00:00\",\"dateModified\":\"2022-07-19T14:46:51+00:00\",\"mainEntityOfPage\":{\"@id\":\"https:\/\/dicodusport.fr\/blog\/mercato-psg-le-bayern-munich-ferme-la-porte-pour-lucas-hernandez\/\"},\"wordCount\":172,\"commentCount\":0,\"publisher\":{\"@id\":\"https:\/\/dicodusport.fr\/blog\/#organization\"},\"image\":{\"@id\":\"https:\/\/dicodusport.fr\/blog\/mercato-psg-le-bayern-munich-ferme-la-porte-pour-lucas-hernandez\/#primaryimage\"},\"thumbnailUrl\":\"https:\/\/dicodusport.fr\/blog\/wp-content\/uploads\/2022\/07\/Mercato-PSG-Le-Bayern-Munich-ferme-la-porte-pour-Lucas-Hernandez.png\",\"keywords\":[\"Bayern Munich\",\"Football\",\"Lucas Hernandez\",\"PSG\"],\"articleSection\":[\"Football\",\"Ligue 1\"],\"inLanguage\":\"fr-FR\",\"potentialAction\":[{\"@type\":\"CommentAction\",\"name\":\"Comment\",\"target\":[\"https:\/\/dicodusport.fr\/blog\/mercato-psg-le-bayern-munich-ferme-la-porte-pour-lucas-hernandez\/#respond\"]}],\"copyrightYear\":\"2022\",\"copyrightHolder\":{\"@id\":\"https:\/\/dicodusport.fr\/blog\/#organization\"}},{\"@type\":\"WebPage\",\"@id\":\"https:\/\/dicodusport.fr\/blog\/mercato-psg-le-bayern-munich-ferme-la-porte-pour-lucas-hernandez\/\",\"url\":\"https:\/\/dicodusport.fr\/blog\/mercato-psg-le-bayern-munich-ferme-la-porte-pour-lucas-hernandez\/\",\"name\":\"Mercato PSG : Le Bayern Munich ferme la porte pour Lucas Hernandez\",\"isPartOf\":{\"@id\":\"https:\/\/dicodusport.fr\/blog\/#website\"},\"primaryImageOfPage\":{\"@id\":\"https:\/\/dicodusport.fr\/blog\/mercato-psg-le-bayern-munich-ferme-la-porte-pour-lucas-hernandez\/#primaryimage\"},\"image\":{\"@id\":\"https:\/\/dicodusport.fr\/blog\/mercato-psg-le-bayern-munich-ferme-la-porte-pour-lucas-hernandez\/#primaryimage\"},\"thumbnailUrl\":\"https:\/\/dicodusport.fr\/blog\/wp-content\/uploads\/2022\/07\/Mercato-PSG-Le-Bayern-Munich-ferme-la-porte-pour-Lucas-Hernandez.png\",\"datePublished\":\"2022-07-19T13:07:39+00:00\",\"dateModified\":\"2022-07-19T14:46:51+00:00\",\"description\":\"LIGUE 1 2022-2023 - Selon Christian Falk, le PSG pense \u00e0 recruter Lucas Hernandez mais le Bayern Munich ferme la porte.\",\"breadcrumb\":{\"@id\":\"https:\/\/dicodusport.fr\/blog\/mercato-psg-le-bayern-munich-ferme-la-porte-pour-lucas-hernandez\/#breadcrumb\"},\"inLanguage\":\"fr-FR\",\"potentialAction\":[{\"@type\":\"ReadAction\",\"target\":[\"https:\/\/dicodusport.fr\/blog\/mercato-psg-le-bayern-munich-ferme-la-porte-pour-lucas-hernandez\/\"]}]},{\"@type\":\"ImageObject\",\"inLanguage\":\"fr-FR\",\"@id\":\"https:\/\/dicodusport.fr\/blog\/mercato-psg-le-bayern-munich-ferme-la-porte-pour-lucas-hernandez\/#primaryimage\",\"url\":\"https:\/\/dicodusport.fr\/blog\/wp-content\/uploads\/2022\/07\/Mercato-PSG-Le-Bayern-Munich-ferme-la-porte-pour-Lucas-Hernandez.png\",\"contentUrl\":\"https:\/\/dicodusport.fr\/blog\/wp-content\/uploads\/2022\/07\/Mercato-PSG-Le-Bayern-Munich-ferme-la-porte-pour-Lucas-Hernandez.png\",\"width\":800,\"height\":445},{\"@type\":\"BreadcrumbList\",\"@id\":\"https:\/\/dicodusport.fr\/blog\/mercato-psg-le-bayern-munich-ferme-la-porte-pour-lucas-hernandez\/#breadcrumb\",\"itemListElement\":[{\"@type\":\"ListItem\",\"position\":1,\"name\":\"Accueil\",\"item\":\"https:\/\/dicodusport.fr\/blog\/\"},{\"@type\":\"ListItem\",\"position\":2,\"name\":\"Mercato PSG : Le Bayern Munich ferme la porte pour Lucas Hernandez\"}]},{\"@type\":\"WebSite\",\"@id\":\"https:\/\/dicodusport.fr\/blog\/#website\",\"url\":\"https:\/\/dicodusport.fr\/blog\/\",\"name\":\"Dicodusport\",\"description\":\"L&#039;encyclop\u00e9die de l&#039;actualit\u00e9 sportive\",\"publisher\":{\"@id\":\"https:\/\/dicodusport.fr\/blog\/#organization\"},\"potentialAction\":[{\"@type\":\"SearchAction\",\"target\":{\"@type\":\"EntryPoint\",\"urlTemplate\":\"https:\/\/dicodusport.fr\/blog\/?s={search_term_string}\"},\"query-input\":{\"@type\":\"PropertyValueSpecification\",\"valueRequired\":true,\"valueName\":\"search_term_string\"}}],\"inLanguage\":\"fr-FR\"},{\"@type\":\"NewsMediaOrganization\",\"@id\":\"https:\/\/dicodusport.fr\/blog\/#organization\",\"name\":\"Dicodusport\",\"url\":\"https:\/\/dicodusport.fr\/blog\/\",\"logo\":{\"@type\":\"ImageObject\",\"inLanguage\":\"fr-FR\",\"@id\":\"https:\/\/dicodusport.fr\/blog\/#\/schema\/logo\/image\/\",\"url\":\"https:\/\/dicodusport.fr\/blog\/wp-content\/uploads\/2020\/06\/cropped-LOGO-DICODUSPORT-2020-SANS-FOND-SANS-TEXTE.png\",\"contentUrl\":\"https:\/\/dicodusport.fr\/blog\/wp-content\/uploads\/2020\/06\/cropped-LOGO-DICODUSPORT-2020-SANS-FOND-SANS-TEXTE.png\",\"width\":512,\"height\":512,\"caption\":\"Dicodusport\"},\"image\":{\"@id\":\"https:\/\/dicodusport.fr\/blog\/#\/schema\/logo\/image\/\"},\"sameAs\":[\"https:\/\/www.facebook.com\/dicodusport\",\"https:\/\/x.com\/dicodusport\",\"https:\/\/www.instagram.com\/dicodusport\/\",\"https:\/\/www.youtube.com\/channel\/UC7V2KZ5sd3htJivAbA4ZG3w\"],\"description\":\"Dicodusport est l'encyclop\u00e9die de l'actualit\u00e9 sportive.\",\"email\":\"bonjour@dicodusport.fr\",\"legalName\":\"DICODUSPORT\",\"foundingDate\":\"2018-01-14\",\"vatID\":\"FR71834470973\",\"taxID\":\"83447097300043\",\"numberOfEmployees\":{\"@type\":\"QuantitativeValue\",\"minValue\":\"1\",\"maxValue\":\"10\"}},{\"@type\":\"Person\",\"@id\":\"https:\/\/dicodusport.fr\/blog\/#\/schema\/person\/55dcb50ad410894e431ed812bbb70191\",\"name\":\"Nicolas Jacquemard\",\"image\":{\"@type\":\"ImageObject\",\"inLanguage\":\"fr-FR\",\"@id\":\"https:\/\/dicodusport.fr\/blog\/#\/schema\/person\/image\/\",\"url\":\"https:\/\/dicodusport.fr\/blog\/wp-content\/uploads\/2021\/05\/Nicolas-Jacquemard-150x150.jpeg\",\"contentUrl\":\"https:\/\/dicodusport.fr\/blog\/wp-content\/uploads\/2021\/05\/Nicolas-Jacquemard-150x150.jpeg\",\"caption\":\"Nicolas Jacquemard\"},\"description\":\"Passionn\u00e9 de sport et entrepreneur depuis mes 18 ans, la cr\u00e9ation de Dicodusport m'a sembl\u00e9 \u00e9vidente pour participer \u00e0 la m\u00e9diatisation d'un plus grand nombre de sports. Le chemin est long mais avec une \u00e9quipe des plus motiv\u00e9es et les Jeux Olympiques de Paris 2024 en point de mire, nous y arriverons ! Journaliste dans le monde du sport depuis plus de 5 ans, je traite aussi bien de football, de rugby, de biathlon que de cyclisme.\",\"sameAs\":[\"https:\/\/www.facebook.com\/dicodusport\",\"https:\/\/x.com\/https:\/\/twitter.com\/Nico_Jacquemard\"],\"url\":\"https:\/\/dicodusport.fr\/blog\/author\/dicodusport\/\"}]}<\/script>\n<!-- \/ Yoast SEO Premium plugin. -->","yoast_head_json":{"title":"Mercato PSG : Le Bayern Munich ferme la porte pour Lucas Hernandez","description":"LIGUE 1 2022-2023 - Selon Christian Falk, le PSG pense \u00e0 recruter Lucas Hernandez mais le Bayern Munich ferme la porte.","robots":{"index":"index","follow":"follow","max-snippet":"max-snippet:-1","max-image-preview":"max-image-preview:large","max-video-preview":"max-video-preview:-1"},"canonical":"https:\/\/dicodusport.fr\/blog\/mercato-psg-le-bayern-munich-ferme-la-porte-pour-lucas-hernandez\/","og_locale":"fr_FR","og_type":"article","og_title":"Mercato PSG : Le Bayern Munich ferme la porte pour Lucas Hernandez","og_description":"LIGUE 1 2022-2023 - Selon Christian Falk, le PSG pense \u00e0 recruter Lucas Hernandez mais le Bayern Munich ferme la porte.","og_url":"https:\/\/dicodusport.fr\/blog\/mercato-psg-le-bayern-munich-ferme-la-porte-pour-lucas-hernandez\/","og_site_name":"Dicodusport","article_publisher":"https:\/\/www.facebook.com\/dicodusport","article_author":"https:\/\/www.facebook.com\/dicodusport","article_published_time":"2022-07-19T13:07:39+00:00","article_modified_time":"2022-07-19T14:46:51+00:00","og_image":[{"width":800,"height":445,"url":"https:\/\/dicodusport.fr\/blog\/wp-content\/uploads\/2022\/07\/Mercato-PSG-Le-Bayern-Munich-ferme-la-porte-pour-Lucas-Hernandez.png","type":"image\/png"}],"author":"Nicolas Jacquemard","twitter_card":"summary_large_image","twitter_title":"Mercato PSG : Le Bayern Munich ferme la porte pour Lucas Hernandez","twitter_creator":"@https:\/\/twitter.com\/Nico_Jacquemard","twitter_site":"@dicodusport","schema":{"@context":"https:\/\/schema.org","@graph":[{"@type":"NewsArticle","@id":"https:\/\/dicodusport.fr\/blog\/mercato-psg-le-bayern-munich-ferme-la-porte-pour-lucas-hernandez\/#article","isPartOf":{"@id":"https:\/\/dicodusport.fr\/blog\/mercato-psg-le-bayern-munich-ferme-la-porte-pour-lucas-hernandez\/"},"author":{"name":"Nicolas Jacquemard","@id":"https:\/\/dicodusport.fr\/blog\/#\/schema\/person\/55dcb50ad410894e431ed812bbb70191"},"headline":"Mercato PSG : Le Bayern Munich ferme la porte pour Lucas Hernandez","datePublished":"2022-07-19T13:07:39+00:00","dateModified":"2022-07-19T14:46:51+00:00","mainEntityOfPage":{"@id":"https:\/\/dicodusport.fr\/blog\/mercato-psg-le-bayern-munich-ferme-la-porte-pour-lucas-hernandez\/"},"wordCount":172,"commentCount":0,"publisher":{"@id":"https:\/\/dicodusport.fr\/blog\/#organization"},"image":{"@id":"https:\/\/dicodusport.fr\/blog\/mercato-psg-le-bayern-munich-ferme-la-porte-pour-lucas-hernandez\/#primaryimage"},"thumbnailUrl":"https:\/\/dicodusport.fr\/blog\/wp-content\/uploads\/2022\/07\/Mercato-PSG-Le-Bayern-Munich-ferme-la-porte-pour-Lucas-Hernandez.png","keywords":["Bayern Munich","Football","Lucas Hernandez","PSG"],"articleSection":["Football","Ligue 1"],"inLanguage":"fr-FR","potentialAction":[{"@type":"CommentAction","name":"Comment","target":["https:\/\/dicodusport.fr\/blog\/mercato-psg-le-bayern-munich-ferme-la-porte-pour-lucas-hernandez\/#respond"]}],"copyrightYear":"2022","copyrightHolder":{"@id":"https:\/\/dicodusport.fr\/blog\/#organization"}},{"@type":"WebPage","@id":"https:\/\/dicodusport.fr\/blog\/mercato-psg-le-bayern-munich-ferme-la-porte-pour-lucas-hernandez\/","url":"https:\/\/dicodusport.fr\/blog\/mercato-psg-le-bayern-munich-ferme-la-porte-pour-lucas-hernandez\/","name":"Mercato PSG : Le Bayern Munich ferme la porte pour Lucas Hernandez","isPartOf":{"@id":"https:\/\/dicodusport.fr\/blog\/#website"},"primaryImageOfPage":{"@id":"https:\/\/dicodusport.fr\/blog\/mercato-psg-le-bayern-munich-ferme-la-porte-pour-lucas-hernandez\/#primaryimage"},"image":{"@id":"https:\/\/dicodusport.fr\/blog\/mercato-psg-le-bayern-munich-ferme-la-porte-pour-lucas-hernandez\/#primaryimage"},"thumbnailUrl":"https:\/\/dicodusport.fr\/blog\/wp-content\/uploads\/2022\/07\/Mercato-PSG-Le-Bayern-Munich-ferme-la-porte-pour-Lucas-Hernandez.png","datePublished":"2022-07-19T13:07:39+00:00","dateModified":"2022-07-19T14:46:51+00:00","description":"LIGUE 1 2022-2023 - Selon Christian Falk, le PSG pense \u00e0 recruter Lucas Hernandez mais le Bayern Munich ferme la porte.","breadcrumb":{"@id":"https:\/\/dicodusport.fr\/blog\/mercato-psg-le-bayern-munich-ferme-la-porte-pour-lucas-hernandez\/#breadcrumb"},"inLanguage":"fr-FR","potentialAction":[{"@type":"ReadAction","target":["https:\/\/dicodusport.fr\/blog\/mercato-psg-le-bayern-munich-ferme-la-porte-pour-lucas-hernandez\/"]}]},{"@type":"ImageObject","inLanguage":"fr-FR","@id":"https:\/\/dicodusport.fr\/blog\/mercato-psg-le-bayern-munich-ferme-la-porte-pour-lucas-hernandez\/#primaryimage","url":"https:\/\/dicodusport.fr\/blog\/wp-content\/uploads\/2022\/07\/Mercato-PSG-Le-Bayern-Munich-ferme-la-porte-pour-Lucas-Hernandez.png","contentUrl":"https:\/\/dicodusport.fr\/blog\/wp-content\/uploads\/2022\/07\/Mercato-PSG-Le-Bayern-Munich-ferme-la-porte-pour-Lucas-Hernandez.png","width":800,"height":445},{"@type":"BreadcrumbList","@id":"https:\/\/dicodusport.fr\/blog\/mercato-psg-le-bayern-munich-ferme-la-porte-pour-lucas-hernandez\/#breadcrumb","itemListElement":[{"@type":"ListItem","position":1,"name":"Accueil","item":"https:\/\/dicodusport.fr\/blog\/"},{"@type":"ListItem","position":2,"name":"Mercato PSG : Le Bayern Munich ferme la porte pour Lucas Hernandez"}]},{"@type":"WebSite","@id":"https:\/\/dicodusport.fr\/blog\/#website","url":"https:\/\/dicodusport.fr\/blog\/","name":"Dicodusport","description":"L&#039;encyclop\u00e9die de l&#039;actualit\u00e9 sportive","publisher":{"@id":"https:\/\/dicodusport.fr\/blog\/#organization"},"potentialAction":[{"@type":"SearchAction","target":{"@type":"EntryPoint","urlTemplate":"https:\/\/dicodusport.fr\/blog\/?s={search_term_string}"},"query-input":{"@type":"PropertyValueSpecification","valueRequired":true,"valueName":"search_term_string"}}],"inLanguage":"fr-FR"},{"@type":"NewsMediaOrganization","@id":"https:\/\/dicodusport.fr\/blog\/#organization","name":"Dicodusport","url":"https:\/\/dicodusport.fr\/blog\/","logo":{"@type":"ImageObject","inLanguage":"fr-FR","@id":"https:\/\/dicodusport.fr\/blog\/#\/schema\/logo\/image\/","url":"https:\/\/dicodusport.fr\/blog\/wp-content\/uploads\/2020\/06\/cropped-LOGO-DICODUSPORT-2020-SANS-FOND-SANS-TEXTE.png","contentUrl":"https:\/\/dicodusport.fr\/blog\/wp-content\/uploads\/2020\/06\/cropped-LOGO-DICODUSPORT-2020-SANS-FOND-SANS-TEXTE.png","width":512,"height":512,"caption":"Dicodusport"},"image":{"@id":"https:\/\/dicodusport.fr\/blog\/#\/schema\/logo\/image\/"},"sameAs":["https:\/\/www.facebook.com\/dicodusport","https:\/\/x.com\/dicodusport","https:\/\/www.instagram.com\/dicodusport\/","https:\/\/www.youtube.com\/channel\/UC7V2KZ5sd3htJivAbA4ZG3w"],"description":"Dicodusport est l'encyclop\u00e9die de l'actualit\u00e9 sportive.","email":"bonjour@dicodusport.fr","legalName":"DICODUSPORT","foundingDate":"2018-01-14","vatID":"FR71834470973","taxID":"83447097300043","numberOfEmployees":{"@type":"QuantitativeValue","minValue":"1","maxValue":"10"}},{"@type":"Person","@id":"https:\/\/dicodusport.fr\/blog\/#\/schema\/person\/55dcb50ad410894e431ed812bbb70191","name":"Nicolas Jacquemard","image":{"@type":"ImageObject","inLanguage":"fr-FR","@id":"https:\/\/dicodusport.fr\/blog\/#\/schema\/person\/image\/","url":"https:\/\/dicodusport.fr\/blog\/wp-content\/uploads\/2021\/05\/Nicolas-Jacquemard-150x150.jpeg","contentUrl":"https:\/\/dicodusport.fr\/blog\/wp-content\/uploads\/2021\/05\/Nicolas-Jacquemard-150x150.jpeg","caption":"Nicolas Jacquemard"},"description":"Passionn\u00e9 de sport et entrepreneur depuis mes 18 ans, la cr\u00e9ation de Dicodusport m'a sembl\u00e9 \u00e9vidente pour participer \u00e0 la m\u00e9diatisation d'un plus grand nombre de sports. Le chemin est long mais avec une \u00e9quipe des plus motiv\u00e9es et les Jeux Olympiques de Paris 2024 en point de mire, nous y arriverons ! Journaliste dans le monde du sport depuis plus de 5 ans, je traite aussi bien de football, de rugby, de biathlon que de cyclisme.","sameAs":["https:\/\/www.facebook.com\/dicodusport","https:\/\/x.com\/https:\/\/twitter.com\/Nico_Jacquemard"],"url":"https:\/\/dicodusport.fr\/blog\/author\/dicodusport\/"}]}},"_links":{"self":[{"href":"https:\/\/dicodusport.fr\/blog\/wp-json\/wp\/v2\/posts\/244803","targetHints":{"allow":["GET"]}}],"collection":[{"href":"https:\/\/dicodusport.fr\/blog\/wp-json\/wp\/v2\/posts"}],"about":[{"href":"https:\/\/dicodusport.fr\/blog\/wp-json\/wp\/v2\/types\/post"}],"author":[{"embeddable":true,"href":"https:\/\/dicodusport.fr\/blog\/wp-json\/wp\/v2\/users\/1"}],"replies":[{"embeddable":true,"href":"https:\/\/dicodusport.fr\/blog\/wp-json\/wp\/v2\/comments?post=244803"}],"version-history":[{"count":0,"href":"https:\/\/dicodusport.fr\/blog\/wp-json\/wp\/v2\/posts\/244803\/revisions"}],"wp:featuredmedia":[{"embeddable":true,"href":"https:\/\/dicodusport.fr\/blog\/wp-json\/wp\/v2\/media\/244812"}],"wp:attachment":[{"href":"https:\/\/dicodusport.fr\/blog\/wp-json\/wp\/v2\/media?parent=244803"}],"wp:term":[{"taxonomy":"category","embeddable":true,"href":"https:\/\/dicodusport.fr\/blog\/wp-json\/wp\/v2\/categories?post=244803"},{"taxonomy":"post_tag","embeddable":true,"href":"https:\/\/dicodusport.fr\/blog\/wp-json\/wp\/v2\/tags?post=244803"}],"curies":[{"name":"wp","href":"https:\/\/api.w.org\/{rel}","templated":true}]}}