{"id":244973,"date":"2022-07-20T09:27:53","date_gmt":"2022-07-20T07:27:53","guid":{"rendered":"https:\/\/dicodusport.fr\/blog\/?p=244973&#038;preview=true&#038;preview_id=244973"},"modified":"2022-07-20T10:30:15","modified_gmt":"2022-07-20T08:30:15","slug":"romain-bardet-vraiment-une-des-pires-journees-que-jai-connues-depuis-un-moment","status":"publish","type":"post","link":"https:\/\/dicodusport.fr\/blog\/romain-bardet-vraiment-une-des-pires-journees-que-jai-connues-depuis-un-moment\/","title":{"rendered":"Romain Bardet : \u00ab\u00a0Vraiment une des pires journ\u00e9es que j&rsquo;ai connues depuis un moment\u00a0\u00bb"},"content":{"rendered":"<p style=\"text-align: justify;\"><b><i><em><strong><a href=\"https:\/\/dicodusport.fr\/blog\/actualites\/cyclisme\/cyclisme-sur-route-2022\/tour-de-france-2022\/\" target=\"_blank\" rel=\"noopener\">TOUR DE FRANCE 2022<\/a><\/strong><\/em> &#8211; Romain Bardet (Team DSM) a perdu tr\u00e8s gros sur la 16\u00e8me \u00e9tape du Tour de France, en d\u00e9crochant une premi\u00e8re fois d\u00e8s le Port de Lers.<\/i><\/b><\/p>\n<p style=\"text-align: justify;\"><strong>Romain Bardet<\/strong> a probablement fait une croix sur le podium du <strong>Tour de France<\/strong> apr\u00e8s une journ\u00e9e sans, lors de la premi\u00e8re \u00e9tape pyr\u00e9n\u00e9enne remport\u00e9e par <strong>Hugo Houle<\/strong> (Israel Premier Tech). \u00c0 l&rsquo;arriv\u00e9e, le grimpeur fran\u00e7ais a conc\u00e9d\u00e9 3&rsquo;36 aux autres leaders, et est d\u00e9sormais repouss\u00e9 \u00e0 la 9\u00e8me place au g\u00e9n\u00e9ral, \u00e0 pr\u00e8s de 4 minutes du podium. L&rsquo;Auvergnat expliquait sa d\u00e9faillance du jour au micro de <em>France T\u00e9l\u00e9visions<\/em>.<\/p>\n<blockquote>\n<p style=\"text-align: justify;\">J&rsquo;\u00e9tais super f\u00e9brile, j&rsquo;avais du mal \u00e0 acc\u00e9l\u00e9rer, j&rsquo;avais des maux de t\u00eate&#8230; Vraiment une des pires journ\u00e9es que j&rsquo;ai connues depuis un moment. C&rsquo;\u00e9tait un calvaire. Je tire un grand coup de chapeau \u00e0 mes \u00e9quipiers qui ont \u00e9t\u00e9 l\u00e0 du d\u00e9but \u00e0 la fin parce que sans eux je ne finissais pas l&rsquo;\u00e9tape. Je ne sais pas d&rsquo;o\u00f9 \u00e7a vient&#8230; J&rsquo;avais des frissons. Vraiment un jour terrible.<\/p>\n<\/blockquote>\n<p style=\"text-align: justify;\">Il reste deux \u00e9tapes dans les <strong>Pyr\u00e9n\u00e9es<\/strong> \u00e0 <strong>Romain Bardet<\/strong> pour essayer de conserver sa place au g\u00e9n\u00e9ral, ou de lever les bras et d&rsquo;obtenir le premier succ\u00e8s fran\u00e7ais de cette <strong>Grande Boucle 2022<\/strong>. \u00c0 condition qu&rsquo;il ait r\u00e9cup\u00e9r\u00e9 de sa sale journ\u00e9e.<\/p>\n<blockquote class=\"twitter-tweet\">\n<p dir=\"ltr\" lang=\"fr\"><a href=\"https:\/\/twitter.com\/hashtag\/TDF2022?src=hash&amp;ref_src=twsrc%5Etfw\">#TDF2022<\/a> \/ &#x1f399; D\u00e9cla<br \/>\n&#x1f1eb;&#x1f1f7; <a href=\"https:\/\/twitter.com\/romainbardet?ref_src=twsrc%5Etfw\">@romainbardet<\/a> (DSM) : \u00ab\u00a0Dans P\u00e9gu\u00e8re, je faisais piti\u00e9 \u00e0 voir, \u00e0 monter \u00e0 5 km\/h. C&rsquo;est comme \u00e7a, j&rsquo;ai essay\u00e9 de ne pas l\u00e2cher mais je n&rsquo;arrivais pas \u00e0 tenir un rythme constant et \u00e9lev\u00e9.\u00a0\u00bb<\/p>\n<p>(&#x1f4f7; : ASO) <a href=\"https:\/\/t.co\/di4r4aqFvN\">pic.twitter.com\/di4r4aqFvN<\/a><\/p>\n<p>\u2014 Renaud Breban (@RenaudB31) <a href=\"https:\/\/twitter.com\/RenaudB31\/status\/1549505105644232704?ref_src=twsrc%5Etfw\">July 19, 2022<\/a><\/p><\/blockquote>\n<p style=\"text-align: justify;\"><script async src=\"https:\/\/platform.twitter.com\/widgets.js\" charset=\"utf-8\"><\/script><\/p>\n<h2 style=\"text-align: justify;\">\u00c0 lire aussi<\/h2>\n<ul>\n<li style=\"text-align: justify;\"><a href=\"https:\/\/dicodusport.fr\/blog\/tour-de-france-2022-classement-16eme-etape\/\"><strong>Le classement de la 16\u00e8me du Tour de France 2022<\/strong><\/a><\/li>\n<li style=\"text-align: justify;\"><a href=\"https:\/\/dicodusport.fr\/blog\/classement-general-tour-de-france-2022-maillot-jaune\/\"><strong>Le classement g\u00e9n\u00e9ral du Tour de France<\/strong><\/a><\/li>\n<\/ul>\n","protected":false},"excerpt":{"rendered":"<p>TOUR DE FRANCE 2022 &#8211; Romain Bardet (Team DSM) a perdu tr\u00e8s gros sur la 16\u00e8me \u00e9tape du Tour de France, en d\u00e9crochant une premi\u00e8re fois d\u00e8s le Port de Lers.<\/p>\n","protected":false},"author":1,"featured_media":244986,"comment_status":"open","ping_status":"closed","sticky":false,"template":"","format":"standard","meta":{"_acf_changed":false,"_daextam_enable_autolinks":"","footnotes":""},"categories":[46995],"tags":[1446,3646],"class_list":["post-244973","post","type-post","status-publish","format-standard","has-post-thumbnail","hentry","category-tour-de-france","tag-bardet","tag-romain-bardet"],"acf":[],"yoast_head":"<!-- This site is optimized with the Yoast SEO Premium plugin v26.7 (Yoast SEO v26.7) - https:\/\/yoast.com\/wordpress\/plugins\/seo\/ -->\n<title>Romain Bardet : &quot;Vraiment une des pires journ\u00e9es que j&#039;ai connues depuis un moment&quot;<\/title>\n<meta name=\"description\" content=\"TOUR DE FRANCE 2022 - Romain Bardet (Team DSM) a perdu tr\u00e8s gros sur la 16\u00e8me \u00e9tape du Tour de France, ce lundi, vers Foix.\" \/>\n<meta name=\"robots\" content=\"index, follow, max-snippet:-1, max-image-preview:large, max-video-preview:-1\" \/>\n<link rel=\"canonical\" href=\"https:\/\/dicodusport.fr\/blog\/romain-bardet-vraiment-une-des-pires-journees-que-jai-connues-depuis-un-moment\/\" \/>\n<meta property=\"og:locale\" content=\"fr_FR\" \/>\n<meta property=\"og:type\" content=\"article\" \/>\n<meta property=\"og:title\" content=\"Romain Bardet : &quot;Vraiment une des pires journ\u00e9es que j&#039;ai connues depuis un moment&quot;\" \/>\n<meta property=\"og:description\" content=\"TOUR DE FRANCE 2022 - Romain Bardet (Team DSM) a perdu tr\u00e8s gros sur la 16\u00e8me \u00e9tape du Tour de France, ce lundi, vers Foix.\" \/>\n<meta property=\"og:url\" content=\"https:\/\/dicodusport.fr\/blog\/romain-bardet-vraiment-une-des-pires-journees-que-jai-connues-depuis-un-moment\/\" \/>\n<meta property=\"og:site_name\" content=\"Dicodusport\" \/>\n<meta property=\"article:publisher\" content=\"https:\/\/www.facebook.com\/dicodusport\" \/>\n<meta property=\"article:author\" content=\"https:\/\/www.facebook.com\/dicodusport\" \/>\n<meta property=\"article:published_time\" content=\"2022-07-20T07:27:53+00:00\" \/>\n<meta property=\"article:modified_time\" content=\"2022-07-20T08:30:15+00:00\" \/>\n<meta property=\"og:image\" content=\"https:\/\/dicodusport.fr\/blog\/wp-content\/uploads\/2022\/07\/Romain-Bardet-Vraiment-une-des-pires-journe\u0301es-que-jai-connues-depuis-un-moment.png\" \/>\n\t<meta property=\"og:image:width\" content=\"800\" \/>\n\t<meta property=\"og:image:height\" content=\"445\" \/>\n\t<meta property=\"og:image:type\" content=\"image\/png\" \/>\n<meta name=\"author\" content=\"Nicolas Jacquemard\" \/>\n<meta name=\"twitter:card\" content=\"summary_large_image\" \/>\n<meta name=\"twitter:title\" content=\"Romain Bardet : &quot;Vraiment une des pires journ\u00e9es que j&#039;ai connues depuis un moment&quot;\" \/>\n<meta name=\"twitter:creator\" content=\"@https:\/\/twitter.com\/Nico_Jacquemard\" \/>\n<meta name=\"twitter:site\" content=\"@dicodusport\" \/>\n<script type=\"application\/ld+json\" class=\"yoast-schema-graph\">{\"@context\":\"https:\/\/schema.org\",\"@graph\":[{\"@type\":\"NewsArticle\",\"@id\":\"https:\/\/dicodusport.fr\/blog\/romain-bardet-vraiment-une-des-pires-journees-que-jai-connues-depuis-un-moment\/#article\",\"isPartOf\":{\"@id\":\"https:\/\/dicodusport.fr\/blog\/romain-bardet-vraiment-une-des-pires-journees-que-jai-connues-depuis-un-moment\/\"},\"author\":{\"name\":\"Nicolas Jacquemard\",\"@id\":\"https:\/\/dicodusport.fr\/blog\/#\/schema\/person\/55dcb50ad410894e431ed812bbb70191\"},\"headline\":\"Romain Bardet : \u00ab\u00a0Vraiment une des pires journ\u00e9es que j&rsquo;ai connues depuis un moment\u00a0\u00bb\",\"datePublished\":\"2022-07-20T07:27:53+00:00\",\"dateModified\":\"2022-07-20T08:30:15+00:00\",\"mainEntityOfPage\":{\"@id\":\"https:\/\/dicodusport.fr\/blog\/romain-bardet-vraiment-une-des-pires-journees-que-jai-connues-depuis-un-moment\/\"},\"wordCount\":344,\"commentCount\":0,\"publisher\":{\"@id\":\"https:\/\/dicodusport.fr\/blog\/#organization\"},\"image\":{\"@id\":\"https:\/\/dicodusport.fr\/blog\/romain-bardet-vraiment-une-des-pires-journees-que-jai-connues-depuis-un-moment\/#primaryimage\"},\"thumbnailUrl\":\"https:\/\/dicodusport.fr\/blog\/wp-content\/uploads\/2022\/07\/Romain-Bardet-Vraiment-une-des-pires-journe\u0301es-que-jai-connues-depuis-un-moment.png\",\"keywords\":[\"bardet\",\"Romain Bardet\"],\"articleSection\":[\"Tour de France\"],\"inLanguage\":\"fr-FR\",\"potentialAction\":[{\"@type\":\"CommentAction\",\"name\":\"Comment\",\"target\":[\"https:\/\/dicodusport.fr\/blog\/romain-bardet-vraiment-une-des-pires-journees-que-jai-connues-depuis-un-moment\/#respond\"]}],\"copyrightYear\":\"2022\",\"copyrightHolder\":{\"@id\":\"https:\/\/dicodusport.fr\/blog\/#organization\"}},{\"@type\":\"WebPage\",\"@id\":\"https:\/\/dicodusport.fr\/blog\/romain-bardet-vraiment-une-des-pires-journees-que-jai-connues-depuis-un-moment\/\",\"url\":\"https:\/\/dicodusport.fr\/blog\/romain-bardet-vraiment-une-des-pires-journees-que-jai-connues-depuis-un-moment\/\",\"name\":\"Romain Bardet : \\\"Vraiment une des pires journ\u00e9es que j'ai connues depuis un moment\\\"\",\"isPartOf\":{\"@id\":\"https:\/\/dicodusport.fr\/blog\/#website\"},\"primaryImageOfPage\":{\"@id\":\"https:\/\/dicodusport.fr\/blog\/romain-bardet-vraiment-une-des-pires-journees-que-jai-connues-depuis-un-moment\/#primaryimage\"},\"image\":{\"@id\":\"https:\/\/dicodusport.fr\/blog\/romain-bardet-vraiment-une-des-pires-journees-que-jai-connues-depuis-un-moment\/#primaryimage\"},\"thumbnailUrl\":\"https:\/\/dicodusport.fr\/blog\/wp-content\/uploads\/2022\/07\/Romain-Bardet-Vraiment-une-des-pires-journe\u0301es-que-jai-connues-depuis-un-moment.png\",\"datePublished\":\"2022-07-20T07:27:53+00:00\",\"dateModified\":\"2022-07-20T08:30:15+00:00\",\"description\":\"TOUR DE FRANCE 2022 - Romain Bardet (Team DSM) a perdu tr\u00e8s gros sur la 16\u00e8me \u00e9tape du Tour de France, ce lundi, vers Foix.\",\"breadcrumb\":{\"@id\":\"https:\/\/dicodusport.fr\/blog\/romain-bardet-vraiment-une-des-pires-journees-que-jai-connues-depuis-un-moment\/#breadcrumb\"},\"inLanguage\":\"fr-FR\",\"potentialAction\":[{\"@type\":\"ReadAction\",\"target\":[\"https:\/\/dicodusport.fr\/blog\/romain-bardet-vraiment-une-des-pires-journees-que-jai-connues-depuis-un-moment\/\"]}]},{\"@type\":\"ImageObject\",\"inLanguage\":\"fr-FR\",\"@id\":\"https:\/\/dicodusport.fr\/blog\/romain-bardet-vraiment-une-des-pires-journees-que-jai-connues-depuis-un-moment\/#primaryimage\",\"url\":\"https:\/\/dicodusport.fr\/blog\/wp-content\/uploads\/2022\/07\/Romain-Bardet-Vraiment-une-des-pires-journe\u0301es-que-jai-connues-depuis-un-moment.png\",\"contentUrl\":\"https:\/\/dicodusport.fr\/blog\/wp-content\/uploads\/2022\/07\/Romain-Bardet-Vraiment-une-des-pires-journe\u0301es-que-jai-connues-depuis-un-moment.png\",\"width\":800,\"height\":445},{\"@type\":\"BreadcrumbList\",\"@id\":\"https:\/\/dicodusport.fr\/blog\/romain-bardet-vraiment-une-des-pires-journees-que-jai-connues-depuis-un-moment\/#breadcrumb\",\"itemListElement\":[{\"@type\":\"ListItem\",\"position\":1,\"name\":\"Accueil\",\"item\":\"https:\/\/dicodusport.fr\/blog\/\"},{\"@type\":\"ListItem\",\"position\":2,\"name\":\"Romain Bardet : \u00ab\u00a0Vraiment une des pires journ\u00e9es que j&rsquo;ai connues depuis un moment\u00a0\u00bb\"}]},{\"@type\":\"WebSite\",\"@id\":\"https:\/\/dicodusport.fr\/blog\/#website\",\"url\":\"https:\/\/dicodusport.fr\/blog\/\",\"name\":\"Dicodusport\",\"description\":\"L&#039;encyclop\u00e9die de l&#039;actualit\u00e9 sportive\",\"publisher\":{\"@id\":\"https:\/\/dicodusport.fr\/blog\/#organization\"},\"potentialAction\":[{\"@type\":\"SearchAction\",\"target\":{\"@type\":\"EntryPoint\",\"urlTemplate\":\"https:\/\/dicodusport.fr\/blog\/?s={search_term_string}\"},\"query-input\":{\"@type\":\"PropertyValueSpecification\",\"valueRequired\":true,\"valueName\":\"search_term_string\"}}],\"inLanguage\":\"fr-FR\"},{\"@type\":\"NewsMediaOrganization\",\"@id\":\"https:\/\/dicodusport.fr\/blog\/#organization\",\"name\":\"Dicodusport\",\"url\":\"https:\/\/dicodusport.fr\/blog\/\",\"logo\":{\"@type\":\"ImageObject\",\"inLanguage\":\"fr-FR\",\"@id\":\"https:\/\/dicodusport.fr\/blog\/#\/schema\/logo\/image\/\",\"url\":\"https:\/\/dicodusport.fr\/blog\/wp-content\/uploads\/2020\/06\/cropped-LOGO-DICODUSPORT-2020-SANS-FOND-SANS-TEXTE.png\",\"contentUrl\":\"https:\/\/dicodusport.fr\/blog\/wp-content\/uploads\/2020\/06\/cropped-LOGO-DICODUSPORT-2020-SANS-FOND-SANS-TEXTE.png\",\"width\":512,\"height\":512,\"caption\":\"Dicodusport\"},\"image\":{\"@id\":\"https:\/\/dicodusport.fr\/blog\/#\/schema\/logo\/image\/\"},\"sameAs\":[\"https:\/\/www.facebook.com\/dicodusport\",\"https:\/\/x.com\/dicodusport\",\"https:\/\/www.instagram.com\/dicodusport\/\",\"https:\/\/www.youtube.com\/channel\/UC7V2KZ5sd3htJivAbA4ZG3w\"],\"description\":\"Dicodusport est l'encyclop\u00e9die de l'actualit\u00e9 sportive.\",\"email\":\"bonjour@dicodusport.fr\",\"legalName\":\"DICODUSPORT\",\"foundingDate\":\"2018-01-14\",\"vatID\":\"FR71834470973\",\"taxID\":\"83447097300043\",\"numberOfEmployees\":{\"@type\":\"QuantitativeValue\",\"minValue\":\"1\",\"maxValue\":\"10\"}},{\"@type\":\"Person\",\"@id\":\"https:\/\/dicodusport.fr\/blog\/#\/schema\/person\/55dcb50ad410894e431ed812bbb70191\",\"name\":\"Nicolas Jacquemard\",\"image\":{\"@type\":\"ImageObject\",\"inLanguage\":\"fr-FR\",\"@id\":\"https:\/\/dicodusport.fr\/blog\/#\/schema\/person\/image\/\",\"url\":\"https:\/\/dicodusport.fr\/blog\/wp-content\/uploads\/2021\/05\/Nicolas-Jacquemard-150x150.jpeg\",\"contentUrl\":\"https:\/\/dicodusport.fr\/blog\/wp-content\/uploads\/2021\/05\/Nicolas-Jacquemard-150x150.jpeg\",\"caption\":\"Nicolas Jacquemard\"},\"description\":\"Passionn\u00e9 de sport et entrepreneur depuis mes 18 ans, la cr\u00e9ation de Dicodusport m'a sembl\u00e9 \u00e9vidente pour participer \u00e0 la m\u00e9diatisation d'un plus grand nombre de sports. Le chemin est long mais avec une \u00e9quipe des plus motiv\u00e9es et les Jeux Olympiques de Paris 2024 en point de mire, nous y arriverons ! Journaliste dans le monde du sport depuis plus de 5 ans, je traite aussi bien de football, de rugby, de biathlon que de cyclisme.\",\"sameAs\":[\"https:\/\/www.facebook.com\/dicodusport\",\"https:\/\/x.com\/https:\/\/twitter.com\/Nico_Jacquemard\"],\"url\":\"https:\/\/dicodusport.fr\/blog\/author\/dicodusport\/\"}]}<\/script>\n<!-- \/ Yoast SEO Premium plugin. -->","yoast_head_json":{"title":"Romain Bardet : \"Vraiment une des pires journ\u00e9es que j'ai connues depuis un moment\"","description":"TOUR DE FRANCE 2022 - Romain Bardet (Team DSM) a perdu tr\u00e8s gros sur la 16\u00e8me \u00e9tape du Tour de France, ce lundi, vers Foix.","robots":{"index":"index","follow":"follow","max-snippet":"max-snippet:-1","max-image-preview":"max-image-preview:large","max-video-preview":"max-video-preview:-1"},"canonical":"https:\/\/dicodusport.fr\/blog\/romain-bardet-vraiment-une-des-pires-journees-que-jai-connues-depuis-un-moment\/","og_locale":"fr_FR","og_type":"article","og_title":"Romain Bardet : \"Vraiment une des pires journ\u00e9es que j'ai connues depuis un moment\"","og_description":"TOUR DE FRANCE 2022 - Romain Bardet (Team DSM) a perdu tr\u00e8s gros sur la 16\u00e8me \u00e9tape du Tour de France, ce lundi, vers Foix.","og_url":"https:\/\/dicodusport.fr\/blog\/romain-bardet-vraiment-une-des-pires-journees-que-jai-connues-depuis-un-moment\/","og_site_name":"Dicodusport","article_publisher":"https:\/\/www.facebook.com\/dicodusport","article_author":"https:\/\/www.facebook.com\/dicodusport","article_published_time":"2022-07-20T07:27:53+00:00","article_modified_time":"2022-07-20T08:30:15+00:00","og_image":[{"width":800,"height":445,"url":"https:\/\/dicodusport.fr\/blog\/wp-content\/uploads\/2022\/07\/Romain-Bardet-Vraiment-une-des-pires-journe\u0301es-que-jai-connues-depuis-un-moment.png","type":"image\/png"}],"author":"Nicolas Jacquemard","twitter_card":"summary_large_image","twitter_title":"Romain Bardet : \"Vraiment une des pires journ\u00e9es que j'ai connues depuis un moment\"","twitter_creator":"@https:\/\/twitter.com\/Nico_Jacquemard","twitter_site":"@dicodusport","schema":{"@context":"https:\/\/schema.org","@graph":[{"@type":"NewsArticle","@id":"https:\/\/dicodusport.fr\/blog\/romain-bardet-vraiment-une-des-pires-journees-que-jai-connues-depuis-un-moment\/#article","isPartOf":{"@id":"https:\/\/dicodusport.fr\/blog\/romain-bardet-vraiment-une-des-pires-journees-que-jai-connues-depuis-un-moment\/"},"author":{"name":"Nicolas Jacquemard","@id":"https:\/\/dicodusport.fr\/blog\/#\/schema\/person\/55dcb50ad410894e431ed812bbb70191"},"headline":"Romain Bardet : \u00ab\u00a0Vraiment une des pires journ\u00e9es que j&rsquo;ai connues depuis un moment\u00a0\u00bb","datePublished":"2022-07-20T07:27:53+00:00","dateModified":"2022-07-20T08:30:15+00:00","mainEntityOfPage":{"@id":"https:\/\/dicodusport.fr\/blog\/romain-bardet-vraiment-une-des-pires-journees-que-jai-connues-depuis-un-moment\/"},"wordCount":344,"commentCount":0,"publisher":{"@id":"https:\/\/dicodusport.fr\/blog\/#organization"},"image":{"@id":"https:\/\/dicodusport.fr\/blog\/romain-bardet-vraiment-une-des-pires-journees-que-jai-connues-depuis-un-moment\/#primaryimage"},"thumbnailUrl":"https:\/\/dicodusport.fr\/blog\/wp-content\/uploads\/2022\/07\/Romain-Bardet-Vraiment-une-des-pires-journe\u0301es-que-jai-connues-depuis-un-moment.png","keywords":["bardet","Romain Bardet"],"articleSection":["Tour de France"],"inLanguage":"fr-FR","potentialAction":[{"@type":"CommentAction","name":"Comment","target":["https:\/\/dicodusport.fr\/blog\/romain-bardet-vraiment-une-des-pires-journees-que-jai-connues-depuis-un-moment\/#respond"]}],"copyrightYear":"2022","copyrightHolder":{"@id":"https:\/\/dicodusport.fr\/blog\/#organization"}},{"@type":"WebPage","@id":"https:\/\/dicodusport.fr\/blog\/romain-bardet-vraiment-une-des-pires-journees-que-jai-connues-depuis-un-moment\/","url":"https:\/\/dicodusport.fr\/blog\/romain-bardet-vraiment-une-des-pires-journees-que-jai-connues-depuis-un-moment\/","name":"Romain Bardet : \"Vraiment une des pires journ\u00e9es que j'ai connues depuis un moment\"","isPartOf":{"@id":"https:\/\/dicodusport.fr\/blog\/#website"},"primaryImageOfPage":{"@id":"https:\/\/dicodusport.fr\/blog\/romain-bardet-vraiment-une-des-pires-journees-que-jai-connues-depuis-un-moment\/#primaryimage"},"image":{"@id":"https:\/\/dicodusport.fr\/blog\/romain-bardet-vraiment-une-des-pires-journees-que-jai-connues-depuis-un-moment\/#primaryimage"},"thumbnailUrl":"https:\/\/dicodusport.fr\/blog\/wp-content\/uploads\/2022\/07\/Romain-Bardet-Vraiment-une-des-pires-journe\u0301es-que-jai-connues-depuis-un-moment.png","datePublished":"2022-07-20T07:27:53+00:00","dateModified":"2022-07-20T08:30:15+00:00","description":"TOUR DE FRANCE 2022 - Romain Bardet (Team DSM) a perdu tr\u00e8s gros sur la 16\u00e8me \u00e9tape du Tour de France, ce lundi, vers Foix.","breadcrumb":{"@id":"https:\/\/dicodusport.fr\/blog\/romain-bardet-vraiment-une-des-pires-journees-que-jai-connues-depuis-un-moment\/#breadcrumb"},"inLanguage":"fr-FR","potentialAction":[{"@type":"ReadAction","target":["https:\/\/dicodusport.fr\/blog\/romain-bardet-vraiment-une-des-pires-journees-que-jai-connues-depuis-un-moment\/"]}]},{"@type":"ImageObject","inLanguage":"fr-FR","@id":"https:\/\/dicodusport.fr\/blog\/romain-bardet-vraiment-une-des-pires-journees-que-jai-connues-depuis-un-moment\/#primaryimage","url":"https:\/\/dicodusport.fr\/blog\/wp-content\/uploads\/2022\/07\/Romain-Bardet-Vraiment-une-des-pires-journe\u0301es-que-jai-connues-depuis-un-moment.png","contentUrl":"https:\/\/dicodusport.fr\/blog\/wp-content\/uploads\/2022\/07\/Romain-Bardet-Vraiment-une-des-pires-journe\u0301es-que-jai-connues-depuis-un-moment.png","width":800,"height":445},{"@type":"BreadcrumbList","@id":"https:\/\/dicodusport.fr\/blog\/romain-bardet-vraiment-une-des-pires-journees-que-jai-connues-depuis-un-moment\/#breadcrumb","itemListElement":[{"@type":"ListItem","position":1,"name":"Accueil","item":"https:\/\/dicodusport.fr\/blog\/"},{"@type":"ListItem","position":2,"name":"Romain Bardet : \u00ab\u00a0Vraiment une des pires journ\u00e9es que j&rsquo;ai connues depuis un moment\u00a0\u00bb"}]},{"@type":"WebSite","@id":"https:\/\/dicodusport.fr\/blog\/#website","url":"https:\/\/dicodusport.fr\/blog\/","name":"Dicodusport","description":"L&#039;encyclop\u00e9die de l&#039;actualit\u00e9 sportive","publisher":{"@id":"https:\/\/dicodusport.fr\/blog\/#organization"},"potentialAction":[{"@type":"SearchAction","target":{"@type":"EntryPoint","urlTemplate":"https:\/\/dicodusport.fr\/blog\/?s={search_term_string}"},"query-input":{"@type":"PropertyValueSpecification","valueRequired":true,"valueName":"search_term_string"}}],"inLanguage":"fr-FR"},{"@type":"NewsMediaOrganization","@id":"https:\/\/dicodusport.fr\/blog\/#organization","name":"Dicodusport","url":"https:\/\/dicodusport.fr\/blog\/","logo":{"@type":"ImageObject","inLanguage":"fr-FR","@id":"https:\/\/dicodusport.fr\/blog\/#\/schema\/logo\/image\/","url":"https:\/\/dicodusport.fr\/blog\/wp-content\/uploads\/2020\/06\/cropped-LOGO-DICODUSPORT-2020-SANS-FOND-SANS-TEXTE.png","contentUrl":"https:\/\/dicodusport.fr\/blog\/wp-content\/uploads\/2020\/06\/cropped-LOGO-DICODUSPORT-2020-SANS-FOND-SANS-TEXTE.png","width":512,"height":512,"caption":"Dicodusport"},"image":{"@id":"https:\/\/dicodusport.fr\/blog\/#\/schema\/logo\/image\/"},"sameAs":["https:\/\/www.facebook.com\/dicodusport","https:\/\/x.com\/dicodusport","https:\/\/www.instagram.com\/dicodusport\/","https:\/\/www.youtube.com\/channel\/UC7V2KZ5sd3htJivAbA4ZG3w"],"description":"Dicodusport est l'encyclop\u00e9die de l'actualit\u00e9 sportive.","email":"bonjour@dicodusport.fr","legalName":"DICODUSPORT","foundingDate":"2018-01-14","vatID":"FR71834470973","taxID":"83447097300043","numberOfEmployees":{"@type":"QuantitativeValue","minValue":"1","maxValue":"10"}},{"@type":"Person","@id":"https:\/\/dicodusport.fr\/blog\/#\/schema\/person\/55dcb50ad410894e431ed812bbb70191","name":"Nicolas Jacquemard","image":{"@type":"ImageObject","inLanguage":"fr-FR","@id":"https:\/\/dicodusport.fr\/blog\/#\/schema\/person\/image\/","url":"https:\/\/dicodusport.fr\/blog\/wp-content\/uploads\/2021\/05\/Nicolas-Jacquemard-150x150.jpeg","contentUrl":"https:\/\/dicodusport.fr\/blog\/wp-content\/uploads\/2021\/05\/Nicolas-Jacquemard-150x150.jpeg","caption":"Nicolas Jacquemard"},"description":"Passionn\u00e9 de sport et entrepreneur depuis mes 18 ans, la cr\u00e9ation de Dicodusport m'a sembl\u00e9 \u00e9vidente pour participer \u00e0 la m\u00e9diatisation d'un plus grand nombre de sports. Le chemin est long mais avec une \u00e9quipe des plus motiv\u00e9es et les Jeux Olympiques de Paris 2024 en point de mire, nous y arriverons ! Journaliste dans le monde du sport depuis plus de 5 ans, je traite aussi bien de football, de rugby, de biathlon que de cyclisme.","sameAs":["https:\/\/www.facebook.com\/dicodusport","https:\/\/x.com\/https:\/\/twitter.com\/Nico_Jacquemard"],"url":"https:\/\/dicodusport.fr\/blog\/author\/dicodusport\/"}]}},"_links":{"self":[{"href":"https:\/\/dicodusport.fr\/blog\/wp-json\/wp\/v2\/posts\/244973","targetHints":{"allow":["GET"]}}],"collection":[{"href":"https:\/\/dicodusport.fr\/blog\/wp-json\/wp\/v2\/posts"}],"about":[{"href":"https:\/\/dicodusport.fr\/blog\/wp-json\/wp\/v2\/types\/post"}],"author":[{"embeddable":true,"href":"https:\/\/dicodusport.fr\/blog\/wp-json\/wp\/v2\/users\/1"}],"replies":[{"embeddable":true,"href":"https:\/\/dicodusport.fr\/blog\/wp-json\/wp\/v2\/comments?post=244973"}],"version-history":[{"count":0,"href":"https:\/\/dicodusport.fr\/blog\/wp-json\/wp\/v2\/posts\/244973\/revisions"}],"wp:featuredmedia":[{"embeddable":true,"href":"https:\/\/dicodusport.fr\/blog\/wp-json\/wp\/v2\/media\/244986"}],"wp:attachment":[{"href":"https:\/\/dicodusport.fr\/blog\/wp-json\/wp\/v2\/media?parent=244973"}],"wp:term":[{"taxonomy":"category","embeddable":true,"href":"https:\/\/dicodusport.fr\/blog\/wp-json\/wp\/v2\/categories?post=244973"},{"taxonomy":"post_tag","embeddable":true,"href":"https:\/\/dicodusport.fr\/blog\/wp-json\/wp\/v2\/tags?post=244973"}],"curies":[{"name":"wp","href":"https:\/\/api.w.org\/{rel}","templated":true}]}}