{"id":245017,"date":"2022-07-23T07:00:08","date_gmt":"2022-07-23T05:00:08","guid":{"rendered":"https:\/\/dicodusport.fr\/blog\/?p=245017&#038;preview=true&#038;preview_id=245017"},"modified":"2022-07-24T05:33:20","modified_gmt":"2022-07-24T03:33:20","slug":"mondiaux-dathletisme-2022-le-programme-des-francais-pour-le-24-juillet","status":"publish","type":"post","link":"https:\/\/dicodusport.fr\/blog\/mondiaux-dathletisme-2022-le-programme-des-francais-pour-le-24-juillet\/","title":{"rendered":"Mondiaux d&rsquo;athl\u00e9tisme 2022 : Le programme des Fran\u00e7ais pour le 24 juillet"},"content":{"rendered":"<p style=\"text-align: justify;\"><strong><em><a style=\"font-weight: bold;\" href=\"https:\/\/dicodusport.fr\/blog\/actualites\/athletisme\/championnats-du-monde-athletisme-2022\/\" target=\"_blank\" rel=\"noopener\">MONDIAUX D&rsquo;ATHL\u00c9TISME 2022<\/a> &#8211; Avant-dernier jour de comp\u00e9tition avec des Tricolores engag\u00e9s dans de nombreuses \u00e9preuves. Voici le programme des Fran\u00e7ais pour le dimanche 24 juillet.<br \/>\n<\/em><\/strong><\/p>\n<h2 style=\"text-align: justify;\">Les Fran\u00e7ais en lice le 24 juillet<\/h2>\n<p><strong>1h10 &#8211; D\u00e9cathlon (Saut en hauteur) :<\/strong> Kevin Mayer (groupe B)<\/p>\n<p style=\"text-align: justify;\"><strong>2h10 &#8211; Relais 4X400 m (femmes) : <\/strong>S\u00e9rie avec l&rsquo;\u00e9quipe de France<\/p>\n<p><strong>2h52 &#8211; Relais 4X400 m (hommes) : <\/strong>S\u00e9rie avec l&rsquo;\u00e9quipe de France<\/p>\n<p style=\"text-align: justify;\"><strong>3h &#8211; Triple saut (hommes) : Finale avec Jean-Marc Pontvianne<\/strong><\/p>\n<p><strong>3h10 &#8211; 800 m (hommes) : Finale avec Gabriel Tual<\/strong><span style=\"color: #ff00ff;\"><strong><br \/>\n<\/strong><\/span><\/p>\n<p><strong>4h03 &#8211; D\u00e9cathlon (400 m) :<\/strong> Kevin Mayer<\/p>\n<p style=\"text-align: justify;\"><strong>4h50 &#8211; 4X100 m (hommes) : Finale avec l&rsquo;\u00e9quipe de France<br \/>\n<\/strong><\/p>\n<p>&nbsp;<\/p>\n<p><strong>15h15 &#8211; 35 km marche : Finale avec Aur\u00e9lien Quinion<\/strong><\/p>\n<p>&nbsp;<\/p>\n<p><strong>18h51 &#8211; D\u00e9cathlon (110 m haies) :<\/strong> Kevin Mayer<\/p>\n<p><strong>19h30 &#8211; D\u00e9cathlon (Lancer du disque) :<\/strong> Kevin Mayer (groupe A)<\/p>\n<p><strong>21h15 &#8211; D\u00e9cathlon (Saut \u00e0 la perche) :<\/strong> Kevin Mayer (groupe A)<\/p>\n<p>&nbsp;<\/p>\n<ul>\n<li style=\"text-align: justify;\"><strong>\u00c0 lire aussi &#8211; <a href=\"https:\/\/dicodusport.fr\/blog\/calendrier-et-resultats-championnats-du-monde-athletisme-2022\/\" target=\"_blank\" rel=\"noopener\">Le programme complet des Mondiaux d&rsquo;athl\u00e9tisme 2022<\/a><\/strong><\/li>\n<\/ul>\n","protected":false},"excerpt":{"rendered":"<p>MONDIAUX D&rsquo;ATHL\u00c9TISME 2022 &#8211; Avant-dernier jour de comp\u00e9tition avec des Tricolores engag\u00e9s dans de nombreuses \u00e9preuves. Voici le programme des Fran\u00e7ais pour le dimanche 24 juillet.<\/p>\n","protected":false},"author":12,"featured_media":245473,"comment_status":"open","ping_status":"closed","sticky":false,"template":"","format":"standard","meta":{"_acf_changed":false,"_daextam_enable_autolinks":"","footnotes":""},"categories":[46997],"tags":[],"class_list":["post-245017","post","type-post","status-publish","format-standard","has-post-thumbnail","hentry","category-championnats-du-monde-athletisme"],"acf":[],"yoast_head":"<!-- This site is optimized with the Yoast SEO Premium plugin v26.7 (Yoast SEO v26.7) - https:\/\/yoast.com\/wordpress\/plugins\/seo\/ -->\n<title>Mondiaux d&#039;athl\u00e9tisme 2022 : Le programme des Fran\u00e7ais pour le 24 juillet<\/title>\n<meta name=\"description\" content=\"Avant-dernier jour de comp\u00e9tition avec des Tricolores engag\u00e9s dans de nombreuses \u00e9preuves. Voici le programme des Fran\u00e7ais pour le dimanche 24 juillet.\" \/>\n<meta name=\"robots\" content=\"index, follow, max-snippet:-1, max-image-preview:large, max-video-preview:-1\" \/>\n<link rel=\"canonical\" href=\"https:\/\/dicodusport.fr\/blog\/mondiaux-dathletisme-2022-le-programme-des-francais-pour-le-24-juillet\/\" \/>\n<meta property=\"og:locale\" content=\"fr_FR\" \/>\n<meta property=\"og:type\" content=\"article\" \/>\n<meta property=\"og:title\" content=\"Mondiaux d&#039;athl\u00e9tisme 2022 : Le programme des Fran\u00e7ais pour le 24 juillet\" \/>\n<meta property=\"og:description\" content=\"Avant-dernier jour de comp\u00e9tition avec des Tricolores engag\u00e9s dans de nombreuses \u00e9preuves. Voici le programme des Fran\u00e7ais pour le dimanche 24 juillet.\" \/>\n<meta property=\"og:url\" content=\"https:\/\/dicodusport.fr\/blog\/mondiaux-dathletisme-2022-le-programme-des-francais-pour-le-24-juillet\/\" \/>\n<meta property=\"og:site_name\" content=\"Dicodusport\" \/>\n<meta property=\"article:publisher\" content=\"https:\/\/www.facebook.com\/dicodusport\" \/>\n<meta property=\"article:published_time\" content=\"2022-07-23T05:00:08+00:00\" \/>\n<meta property=\"article:modified_time\" content=\"2022-07-24T03:33:20+00:00\" \/>\n<meta property=\"og:image\" content=\"https:\/\/dicodusport.fr\/blog\/wp-content\/uploads\/2022\/07\/Mondiaux-dathletisme-2022-Le-programme-des-Francais-pour-le-24-juillet.jpg\" \/>\n\t<meta property=\"og:image:width\" content=\"800\" \/>\n\t<meta property=\"og:image:height\" content=\"445\" \/>\n\t<meta property=\"og:image:type\" content=\"image\/jpeg\" \/>\n<meta name=\"author\" content=\"Arlette Yeye\" \/>\n<meta name=\"twitter:card\" content=\"summary_large_image\" \/>\n<meta name=\"twitter:title\" content=\"Mondiaux d&#039;athl\u00e9tisme 2022 : Le programme des Fran\u00e7ais pour le 24 juillet\" \/>\n<meta name=\"twitter:creator\" content=\"@https:\/\/twitter.com\/Shiclette94\" \/>\n<meta name=\"twitter:site\" content=\"@dicodusport\" \/>\n<script type=\"application\/ld+json\" class=\"yoast-schema-graph\">{\"@context\":\"https:\/\/schema.org\",\"@graph\":[{\"@type\":\"NewsArticle\",\"@id\":\"https:\/\/dicodusport.fr\/blog\/mondiaux-dathletisme-2022-le-programme-des-francais-pour-le-24-juillet\/#article\",\"isPartOf\":{\"@id\":\"https:\/\/dicodusport.fr\/blog\/mondiaux-dathletisme-2022-le-programme-des-francais-pour-le-24-juillet\/\"},\"author\":{\"name\":\"Arlette Yeye\",\"@id\":\"https:\/\/dicodusport.fr\/blog\/#\/schema\/person\/cce96fa88785bd8573e3d43078ac8c79\"},\"headline\":\"Mondiaux d&rsquo;athl\u00e9tisme 2022 : Le programme des Fran\u00e7ais pour le 24 juillet\",\"datePublished\":\"2022-07-23T05:00:08+00:00\",\"dateModified\":\"2022-07-24T03:33:20+00:00\",\"mainEntityOfPage\":{\"@id\":\"https:\/\/dicodusport.fr\/blog\/mondiaux-dathletisme-2022-le-programme-des-francais-pour-le-24-juillet\/\"},\"wordCount\":173,\"commentCount\":0,\"publisher\":{\"@id\":\"https:\/\/dicodusport.fr\/blog\/#organization\"},\"image\":{\"@id\":\"https:\/\/dicodusport.fr\/blog\/mondiaux-dathletisme-2022-le-programme-des-francais-pour-le-24-juillet\/#primaryimage\"},\"thumbnailUrl\":\"https:\/\/dicodusport.fr\/blog\/wp-content\/uploads\/2022\/07\/Mondiaux-dathletisme-2022-Le-programme-des-Francais-pour-le-24-juillet.jpg\",\"articleSection\":[\"Championnats du monde d'athl\u00e9tisme\"],\"inLanguage\":\"fr-FR\",\"potentialAction\":[{\"@type\":\"CommentAction\",\"name\":\"Comment\",\"target\":[\"https:\/\/dicodusport.fr\/blog\/mondiaux-dathletisme-2022-le-programme-des-francais-pour-le-24-juillet\/#respond\"]}],\"copyrightYear\":\"2022\",\"copyrightHolder\":{\"@id\":\"https:\/\/dicodusport.fr\/blog\/#organization\"}},{\"@type\":\"WebPage\",\"@id\":\"https:\/\/dicodusport.fr\/blog\/mondiaux-dathletisme-2022-le-programme-des-francais-pour-le-24-juillet\/\",\"url\":\"https:\/\/dicodusport.fr\/blog\/mondiaux-dathletisme-2022-le-programme-des-francais-pour-le-24-juillet\/\",\"name\":\"Mondiaux d'athl\u00e9tisme 2022 : Le programme des Fran\u00e7ais pour le 24 juillet\",\"isPartOf\":{\"@id\":\"https:\/\/dicodusport.fr\/blog\/#website\"},\"primaryImageOfPage\":{\"@id\":\"https:\/\/dicodusport.fr\/blog\/mondiaux-dathletisme-2022-le-programme-des-francais-pour-le-24-juillet\/#primaryimage\"},\"image\":{\"@id\":\"https:\/\/dicodusport.fr\/blog\/mondiaux-dathletisme-2022-le-programme-des-francais-pour-le-24-juillet\/#primaryimage\"},\"thumbnailUrl\":\"https:\/\/dicodusport.fr\/blog\/wp-content\/uploads\/2022\/07\/Mondiaux-dathletisme-2022-Le-programme-des-Francais-pour-le-24-juillet.jpg\",\"datePublished\":\"2022-07-23T05:00:08+00:00\",\"dateModified\":\"2022-07-24T03:33:20+00:00\",\"description\":\"Avant-dernier jour de comp\u00e9tition avec des Tricolores engag\u00e9s dans de nombreuses \u00e9preuves. Voici le programme des Fran\u00e7ais pour le dimanche 24 juillet.\",\"breadcrumb\":{\"@id\":\"https:\/\/dicodusport.fr\/blog\/mondiaux-dathletisme-2022-le-programme-des-francais-pour-le-24-juillet\/#breadcrumb\"},\"inLanguage\":\"fr-FR\",\"potentialAction\":[{\"@type\":\"ReadAction\",\"target\":[\"https:\/\/dicodusport.fr\/blog\/mondiaux-dathletisme-2022-le-programme-des-francais-pour-le-24-juillet\/\"]}]},{\"@type\":\"ImageObject\",\"inLanguage\":\"fr-FR\",\"@id\":\"https:\/\/dicodusport.fr\/blog\/mondiaux-dathletisme-2022-le-programme-des-francais-pour-le-24-juillet\/#primaryimage\",\"url\":\"https:\/\/dicodusport.fr\/blog\/wp-content\/uploads\/2022\/07\/Mondiaux-dathletisme-2022-Le-programme-des-Francais-pour-le-24-juillet.jpg\",\"contentUrl\":\"https:\/\/dicodusport.fr\/blog\/wp-content\/uploads\/2022\/07\/Mondiaux-dathletisme-2022-Le-programme-des-Francais-pour-le-24-juillet.jpg\",\"width\":800,\"height\":445,\"caption\":\"Mondiaux d'athl\u00e9tisme 2022 Le programme des Fran\u00e7ais pour le 24 juillet\"},{\"@type\":\"BreadcrumbList\",\"@id\":\"https:\/\/dicodusport.fr\/blog\/mondiaux-dathletisme-2022-le-programme-des-francais-pour-le-24-juillet\/#breadcrumb\",\"itemListElement\":[{\"@type\":\"ListItem\",\"position\":1,\"name\":\"Accueil\",\"item\":\"https:\/\/dicodusport.fr\/blog\/\"},{\"@type\":\"ListItem\",\"position\":2,\"name\":\"Mondiaux d&rsquo;athl\u00e9tisme 2022 : Le programme des Fran\u00e7ais pour le 24 juillet\"}]},{\"@type\":\"WebSite\",\"@id\":\"https:\/\/dicodusport.fr\/blog\/#website\",\"url\":\"https:\/\/dicodusport.fr\/blog\/\",\"name\":\"Dicodusport\",\"description\":\"L&#039;encyclop\u00e9die de l&#039;actualit\u00e9 sportive\",\"publisher\":{\"@id\":\"https:\/\/dicodusport.fr\/blog\/#organization\"},\"potentialAction\":[{\"@type\":\"SearchAction\",\"target\":{\"@type\":\"EntryPoint\",\"urlTemplate\":\"https:\/\/dicodusport.fr\/blog\/?s={search_term_string}\"},\"query-input\":{\"@type\":\"PropertyValueSpecification\",\"valueRequired\":true,\"valueName\":\"search_term_string\"}}],\"inLanguage\":\"fr-FR\"},{\"@type\":\"NewsMediaOrganization\",\"@id\":\"https:\/\/dicodusport.fr\/blog\/#organization\",\"name\":\"Dicodusport\",\"url\":\"https:\/\/dicodusport.fr\/blog\/\",\"logo\":{\"@type\":\"ImageObject\",\"inLanguage\":\"fr-FR\",\"@id\":\"https:\/\/dicodusport.fr\/blog\/#\/schema\/logo\/image\/\",\"url\":\"https:\/\/dicodusport.fr\/blog\/wp-content\/uploads\/2020\/06\/cropped-LOGO-DICODUSPORT-2020-SANS-FOND-SANS-TEXTE.png\",\"contentUrl\":\"https:\/\/dicodusport.fr\/blog\/wp-content\/uploads\/2020\/06\/cropped-LOGO-DICODUSPORT-2020-SANS-FOND-SANS-TEXTE.png\",\"width\":512,\"height\":512,\"caption\":\"Dicodusport\"},\"image\":{\"@id\":\"https:\/\/dicodusport.fr\/blog\/#\/schema\/logo\/image\/\"},\"sameAs\":[\"https:\/\/www.facebook.com\/dicodusport\",\"https:\/\/x.com\/dicodusport\",\"https:\/\/www.instagram.com\/dicodusport\/\",\"https:\/\/www.youtube.com\/channel\/UC7V2KZ5sd3htJivAbA4ZG3w\"],\"description\":\"Dicodusport est l'encyclop\u00e9die de l'actualit\u00e9 sportive.\",\"email\":\"bonjour@dicodusport.fr\",\"legalName\":\"DICODUSPORT\",\"foundingDate\":\"2018-01-14\",\"vatID\":\"FR71834470973\",\"taxID\":\"83447097300043\",\"numberOfEmployees\":{\"@type\":\"QuantitativeValue\",\"minValue\":\"1\",\"maxValue\":\"10\"}},{\"@type\":\"Person\",\"@id\":\"https:\/\/dicodusport.fr\/blog\/#\/schema\/person\/cce96fa88785bd8573e3d43078ac8c79\",\"name\":\"Arlette Yeye\",\"image\":{\"@type\":\"ImageObject\",\"inLanguage\":\"fr-FR\",\"@id\":\"https:\/\/dicodusport.fr\/blog\/#\/schema\/person\/image\/\",\"url\":\"https:\/\/secure.gravatar.com\/avatar\/dca4a6239e6d708e46c45d60e160de6c?s=96&d=wp_user_avatar&r=g\",\"contentUrl\":\"https:\/\/secure.gravatar.com\/avatar\/dca4a6239e6d708e46c45d60e160de6c?s=96&d=wp_user_avatar&r=g\",\"caption\":\"Arlette Yeye\"},\"description\":\"Journaliste\/r\u00e9dactrice depuis septembre 2015 - Supportrice de Chelsea, j'ai pour sports de pr\u00e9dilection le handball, l'athl\u00e9tisme et le tennis. Si je tweete plus vite que mon ombre, vous pouvez aussi me retrouver les week-ends sur les playgrounds de Bruxelles pour un petit foot ou basket entre potes. Parcourir la France, l'Europe et plus si affinit\u00e9s pour suivre mes sportifs pr\u00e9f\u00e9r\u00e9s ? Mon kif ! Et c'est avec plaisir que je partage les r\u00e9sultats des sports populaires mais \u00e9galement plus confidentiels pour Dicodusport.\",\"sameAs\":[\"https:\/\/x.com\/https:\/\/twitter.com\/Shiclette94\"],\"url\":\"https:\/\/dicodusport.fr\/blog\/author\/arlette\/\"}]}<\/script>\n<!-- \/ Yoast SEO Premium plugin. -->","yoast_head_json":{"title":"Mondiaux d'athl\u00e9tisme 2022 : Le programme des Fran\u00e7ais pour le 24 juillet","description":"Avant-dernier jour de comp\u00e9tition avec des Tricolores engag\u00e9s dans de nombreuses \u00e9preuves. Voici le programme des Fran\u00e7ais pour le dimanche 24 juillet.","robots":{"index":"index","follow":"follow","max-snippet":"max-snippet:-1","max-image-preview":"max-image-preview:large","max-video-preview":"max-video-preview:-1"},"canonical":"https:\/\/dicodusport.fr\/blog\/mondiaux-dathletisme-2022-le-programme-des-francais-pour-le-24-juillet\/","og_locale":"fr_FR","og_type":"article","og_title":"Mondiaux d'athl\u00e9tisme 2022 : Le programme des Fran\u00e7ais pour le 24 juillet","og_description":"Avant-dernier jour de comp\u00e9tition avec des Tricolores engag\u00e9s dans de nombreuses \u00e9preuves. Voici le programme des Fran\u00e7ais pour le dimanche 24 juillet.","og_url":"https:\/\/dicodusport.fr\/blog\/mondiaux-dathletisme-2022-le-programme-des-francais-pour-le-24-juillet\/","og_site_name":"Dicodusport","article_publisher":"https:\/\/www.facebook.com\/dicodusport","article_published_time":"2022-07-23T05:00:08+00:00","article_modified_time":"2022-07-24T03:33:20+00:00","og_image":[{"width":800,"height":445,"url":"https:\/\/dicodusport.fr\/blog\/wp-content\/uploads\/2022\/07\/Mondiaux-dathletisme-2022-Le-programme-des-Francais-pour-le-24-juillet.jpg","type":"image\/jpeg"}],"author":"Arlette Yeye","twitter_card":"summary_large_image","twitter_title":"Mondiaux d'athl\u00e9tisme 2022 : Le programme des Fran\u00e7ais pour le 24 juillet","twitter_creator":"@https:\/\/twitter.com\/Shiclette94","twitter_site":"@dicodusport","schema":{"@context":"https:\/\/schema.org","@graph":[{"@type":"NewsArticle","@id":"https:\/\/dicodusport.fr\/blog\/mondiaux-dathletisme-2022-le-programme-des-francais-pour-le-24-juillet\/#article","isPartOf":{"@id":"https:\/\/dicodusport.fr\/blog\/mondiaux-dathletisme-2022-le-programme-des-francais-pour-le-24-juillet\/"},"author":{"name":"Arlette Yeye","@id":"https:\/\/dicodusport.fr\/blog\/#\/schema\/person\/cce96fa88785bd8573e3d43078ac8c79"},"headline":"Mondiaux d&rsquo;athl\u00e9tisme 2022 : Le programme des Fran\u00e7ais pour le 24 juillet","datePublished":"2022-07-23T05:00:08+00:00","dateModified":"2022-07-24T03:33:20+00:00","mainEntityOfPage":{"@id":"https:\/\/dicodusport.fr\/blog\/mondiaux-dathletisme-2022-le-programme-des-francais-pour-le-24-juillet\/"},"wordCount":173,"commentCount":0,"publisher":{"@id":"https:\/\/dicodusport.fr\/blog\/#organization"},"image":{"@id":"https:\/\/dicodusport.fr\/blog\/mondiaux-dathletisme-2022-le-programme-des-francais-pour-le-24-juillet\/#primaryimage"},"thumbnailUrl":"https:\/\/dicodusport.fr\/blog\/wp-content\/uploads\/2022\/07\/Mondiaux-dathletisme-2022-Le-programme-des-Francais-pour-le-24-juillet.jpg","articleSection":["Championnats du monde d'athl\u00e9tisme"],"inLanguage":"fr-FR","potentialAction":[{"@type":"CommentAction","name":"Comment","target":["https:\/\/dicodusport.fr\/blog\/mondiaux-dathletisme-2022-le-programme-des-francais-pour-le-24-juillet\/#respond"]}],"copyrightYear":"2022","copyrightHolder":{"@id":"https:\/\/dicodusport.fr\/blog\/#organization"}},{"@type":"WebPage","@id":"https:\/\/dicodusport.fr\/blog\/mondiaux-dathletisme-2022-le-programme-des-francais-pour-le-24-juillet\/","url":"https:\/\/dicodusport.fr\/blog\/mondiaux-dathletisme-2022-le-programme-des-francais-pour-le-24-juillet\/","name":"Mondiaux d'athl\u00e9tisme 2022 : Le programme des Fran\u00e7ais pour le 24 juillet","isPartOf":{"@id":"https:\/\/dicodusport.fr\/blog\/#website"},"primaryImageOfPage":{"@id":"https:\/\/dicodusport.fr\/blog\/mondiaux-dathletisme-2022-le-programme-des-francais-pour-le-24-juillet\/#primaryimage"},"image":{"@id":"https:\/\/dicodusport.fr\/blog\/mondiaux-dathletisme-2022-le-programme-des-francais-pour-le-24-juillet\/#primaryimage"},"thumbnailUrl":"https:\/\/dicodusport.fr\/blog\/wp-content\/uploads\/2022\/07\/Mondiaux-dathletisme-2022-Le-programme-des-Francais-pour-le-24-juillet.jpg","datePublished":"2022-07-23T05:00:08+00:00","dateModified":"2022-07-24T03:33:20+00:00","description":"Avant-dernier jour de comp\u00e9tition avec des Tricolores engag\u00e9s dans de nombreuses \u00e9preuves. Voici le programme des Fran\u00e7ais pour le dimanche 24 juillet.","breadcrumb":{"@id":"https:\/\/dicodusport.fr\/blog\/mondiaux-dathletisme-2022-le-programme-des-francais-pour-le-24-juillet\/#breadcrumb"},"inLanguage":"fr-FR","potentialAction":[{"@type":"ReadAction","target":["https:\/\/dicodusport.fr\/blog\/mondiaux-dathletisme-2022-le-programme-des-francais-pour-le-24-juillet\/"]}]},{"@type":"ImageObject","inLanguage":"fr-FR","@id":"https:\/\/dicodusport.fr\/blog\/mondiaux-dathletisme-2022-le-programme-des-francais-pour-le-24-juillet\/#primaryimage","url":"https:\/\/dicodusport.fr\/blog\/wp-content\/uploads\/2022\/07\/Mondiaux-dathletisme-2022-Le-programme-des-Francais-pour-le-24-juillet.jpg","contentUrl":"https:\/\/dicodusport.fr\/blog\/wp-content\/uploads\/2022\/07\/Mondiaux-dathletisme-2022-Le-programme-des-Francais-pour-le-24-juillet.jpg","width":800,"height":445,"caption":"Mondiaux d'athl\u00e9tisme 2022 Le programme des Fran\u00e7ais pour le 24 juillet"},{"@type":"BreadcrumbList","@id":"https:\/\/dicodusport.fr\/blog\/mondiaux-dathletisme-2022-le-programme-des-francais-pour-le-24-juillet\/#breadcrumb","itemListElement":[{"@type":"ListItem","position":1,"name":"Accueil","item":"https:\/\/dicodusport.fr\/blog\/"},{"@type":"ListItem","position":2,"name":"Mondiaux d&rsquo;athl\u00e9tisme 2022 : Le programme des Fran\u00e7ais pour le 24 juillet"}]},{"@type":"WebSite","@id":"https:\/\/dicodusport.fr\/blog\/#website","url":"https:\/\/dicodusport.fr\/blog\/","name":"Dicodusport","description":"L&#039;encyclop\u00e9die de l&#039;actualit\u00e9 sportive","publisher":{"@id":"https:\/\/dicodusport.fr\/blog\/#organization"},"potentialAction":[{"@type":"SearchAction","target":{"@type":"EntryPoint","urlTemplate":"https:\/\/dicodusport.fr\/blog\/?s={search_term_string}"},"query-input":{"@type":"PropertyValueSpecification","valueRequired":true,"valueName":"search_term_string"}}],"inLanguage":"fr-FR"},{"@type":"NewsMediaOrganization","@id":"https:\/\/dicodusport.fr\/blog\/#organization","name":"Dicodusport","url":"https:\/\/dicodusport.fr\/blog\/","logo":{"@type":"ImageObject","inLanguage":"fr-FR","@id":"https:\/\/dicodusport.fr\/blog\/#\/schema\/logo\/image\/","url":"https:\/\/dicodusport.fr\/blog\/wp-content\/uploads\/2020\/06\/cropped-LOGO-DICODUSPORT-2020-SANS-FOND-SANS-TEXTE.png","contentUrl":"https:\/\/dicodusport.fr\/blog\/wp-content\/uploads\/2020\/06\/cropped-LOGO-DICODUSPORT-2020-SANS-FOND-SANS-TEXTE.png","width":512,"height":512,"caption":"Dicodusport"},"image":{"@id":"https:\/\/dicodusport.fr\/blog\/#\/schema\/logo\/image\/"},"sameAs":["https:\/\/www.facebook.com\/dicodusport","https:\/\/x.com\/dicodusport","https:\/\/www.instagram.com\/dicodusport\/","https:\/\/www.youtube.com\/channel\/UC7V2KZ5sd3htJivAbA4ZG3w"],"description":"Dicodusport est l'encyclop\u00e9die de l'actualit\u00e9 sportive.","email":"bonjour@dicodusport.fr","legalName":"DICODUSPORT","foundingDate":"2018-01-14","vatID":"FR71834470973","taxID":"83447097300043","numberOfEmployees":{"@type":"QuantitativeValue","minValue":"1","maxValue":"10"}},{"@type":"Person","@id":"https:\/\/dicodusport.fr\/blog\/#\/schema\/person\/cce96fa88785bd8573e3d43078ac8c79","name":"Arlette Yeye","image":{"@type":"ImageObject","inLanguage":"fr-FR","@id":"https:\/\/dicodusport.fr\/blog\/#\/schema\/person\/image\/","url":"https:\/\/secure.gravatar.com\/avatar\/dca4a6239e6d708e46c45d60e160de6c?s=96&d=wp_user_avatar&r=g","contentUrl":"https:\/\/secure.gravatar.com\/avatar\/dca4a6239e6d708e46c45d60e160de6c?s=96&d=wp_user_avatar&r=g","caption":"Arlette Yeye"},"description":"Journaliste\/r\u00e9dactrice depuis septembre 2015 - Supportrice de Chelsea, j'ai pour sports de pr\u00e9dilection le handball, l'athl\u00e9tisme et le tennis. Si je tweete plus vite que mon ombre, vous pouvez aussi me retrouver les week-ends sur les playgrounds de Bruxelles pour un petit foot ou basket entre potes. Parcourir la France, l'Europe et plus si affinit\u00e9s pour suivre mes sportifs pr\u00e9f\u00e9r\u00e9s ? Mon kif ! Et c'est avec plaisir que je partage les r\u00e9sultats des sports populaires mais \u00e9galement plus confidentiels pour Dicodusport.","sameAs":["https:\/\/x.com\/https:\/\/twitter.com\/Shiclette94"],"url":"https:\/\/dicodusport.fr\/blog\/author\/arlette\/"}]}},"_links":{"self":[{"href":"https:\/\/dicodusport.fr\/blog\/wp-json\/wp\/v2\/posts\/245017","targetHints":{"allow":["GET"]}}],"collection":[{"href":"https:\/\/dicodusport.fr\/blog\/wp-json\/wp\/v2\/posts"}],"about":[{"href":"https:\/\/dicodusport.fr\/blog\/wp-json\/wp\/v2\/types\/post"}],"author":[{"embeddable":true,"href":"https:\/\/dicodusport.fr\/blog\/wp-json\/wp\/v2\/users\/12"}],"replies":[{"embeddable":true,"href":"https:\/\/dicodusport.fr\/blog\/wp-json\/wp\/v2\/comments?post=245017"}],"version-history":[{"count":0,"href":"https:\/\/dicodusport.fr\/blog\/wp-json\/wp\/v2\/posts\/245017\/revisions"}],"wp:featuredmedia":[{"embeddable":true,"href":"https:\/\/dicodusport.fr\/blog\/wp-json\/wp\/v2\/media\/245473"}],"wp:attachment":[{"href":"https:\/\/dicodusport.fr\/blog\/wp-json\/wp\/v2\/media?parent=245017"}],"wp:term":[{"taxonomy":"category","embeddable":true,"href":"https:\/\/dicodusport.fr\/blog\/wp-json\/wp\/v2\/categories?post=245017"},{"taxonomy":"post_tag","embeddable":true,"href":"https:\/\/dicodusport.fr\/blog\/wp-json\/wp\/v2\/tags?post=245017"}],"curies":[{"name":"wp","href":"https:\/\/api.w.org\/{rel}","templated":true}]}}