{"id":245245,"date":"2022-07-21T08:13:39","date_gmt":"2022-07-21T06:13:39","guid":{"rendered":"https:\/\/dicodusport.fr\/blog\/?p=245245&#038;preview=true&#038;preview_id=245245"},"modified":"2022-07-21T11:31:29","modified_gmt":"2022-07-21T09:31:29","slug":"mondiaux-d-athletisme-2022-feng-jeruto-miller-uibo-le-recapitulatif-de-la-6eme-journee","status":"publish","type":"post","link":"https:\/\/dicodusport.fr\/blog\/mondiaux-d-athletisme-2022-feng-jeruto-miller-uibo-le-recapitulatif-de-la-6eme-journee\/","title":{"rendered":"Mondiaux d&rsquo;athl\u00e9tisme 2022 : Feng, Jeruto, Miller-Uibo, le r\u00e9capitulatif de la 6\u00e8me journ\u00e9e"},"content":{"rendered":"<p style=\"text-align: justify;\"><em><strong><b><a href=\"https:\/\/dicodusport.fr\/blog\/calendrier-et-resultats-championnats-du-monde-athletisme-2022\/\">ATHL\u00c9TISME &#8211; CHAMPIONNATS DU MONDE 2022<\/a> &#8211;<\/b> Feng et Jeruto en or, Tual et Robert en demies&#8230; Voici le r\u00e9capitulatif de la sixi\u00e8me journ\u00e9e des mondiaux de Eugene.<\/strong><\/em><\/p>\n<h2 style=\"text-align: justify;\">Bin Feng surprend les favorites, M\u00e9lina Robert-Michon termine dixi\u00e8me<\/h2>\n<p style=\"text-align: justify;\">La Chinoise <strong>Bin Feng<\/strong> n&rsquo;a pas tard\u00e9 pour envoyer un message aux favorites lors de cette finale du lancer du disque. En effet, d\u00e8s son premier essai, elle a envoy\u00e9 le disque \u00e0 69.12 m afin de battre son record personnel. Derri\u00e8re, <strong>Sandra Perkovic<\/strong> et<strong> Valarie Allman<\/strong>, que l&rsquo;on voyait s&rsquo;expliquer entre elles pour l&rsquo;or, n&rsquo;ont rien pu faire. D&rsquo;une part, la Croate a r\u00e9alis\u00e9 le meilleur jet de sa saison avec 68.45 m atteint, ce qui lui a assur\u00e9 une m\u00e9daille d&rsquo;argent satisfaisante. D&rsquo;autre part, l&rsquo;Am\u00e9ricaine, championne olympique en titre et meilleure performeuse de la saison a lanc\u00e9 \u00e0 68.30 m. C&rsquo;est une m\u00e9daille de bronze, plut\u00f4t d\u00e9cevante, qu&rsquo;elle a gagn\u00e9e. Enfin, la doyenne de l&rsquo;\u00e9quipe de France, <strong>M\u00e9lina Robert-Michon<\/strong>, a lanc\u00e9 \u00e0 60.36 m au deuxi\u00e8me essai, ce qui ne lui a pas permis d&rsquo;acc\u00e9der aux trois essais suppl\u00e9mentaires. Elle termine dixi\u00e8me du concours.<\/p>\n<blockquote class=\"twitter-tweet\">\n<p dir=\"ltr\" lang=\"en\">WORLD CHAMPION &#x203c;&#xfe0f;<\/p>\n<p>Feng Bin &#x1f1e8;&#x1f1f3; throws a huge personal best of 69.12m to become the women\u2019s discus world champion!<a href=\"https:\/\/twitter.com\/hashtag\/WorldAthleticsChamps?src=hash&amp;ref_src=twsrc%5Etfw\">#WorldAthleticsChamps<\/a> <a href=\"https:\/\/t.co\/5WTuzv5k2A\">pic.twitter.com\/5WTuzv5k2A<\/a><\/p>\n<p>\u2014 World Athletics (@WorldAthletics) <a href=\"https:\/\/twitter.com\/WorldAthletics\/status\/1549978597296812033?ref_src=twsrc%5Etfw\">July 21, 2022<\/a><\/p><\/blockquote>\n<p><script async src=\"https:\/\/platform.twitter.com\/widgets.js\" charset=\"utf-8\"><\/script><\/p>\n<h2 style=\"text-align: justify;\">Robert et Tual passent les s\u00e9ries sur 800 m\u00e8tres<\/h2>\n<p style=\"text-align: justify;\">Les Fran\u00e7ais ont assur\u00e9 l&rsquo;essentiel, \u00e0 savoir se qualifier pour les demies du 800 m. D&rsquo;un c\u00f4t\u00e9, <strong>Gabriel Tual<\/strong> a termin\u00e9 deuxi\u00e8me de sa s\u00e9rie, qu&rsquo;il a couru en 1:46.34, ce qui lui a permis de se qualifier directement. De l&rsquo;autre, <strong>Benjamin Robert<\/strong> a d\u00fb patienter puisqu&rsquo;il a obtenu son billet au temps. Quatri\u00e8me de sa s\u00e9rie, ce fut le tout dernier qualifi\u00e9 au chrono lors de ces s\u00e9ries (1:45.94). Les demi-finales se joueront demain.<\/p>\n<h2>Des finales qui s&rsquo;annoncent intenses sur 400 m<\/h2>\n<p style=\"text-align: justify;\">Cet apr\u00e8s-midi, \u00e0 Eugene, se sont d\u00e9roul\u00e9es les demi-finales du 400 m, chez les dames, comme chez les messieurs. Chez les femmes, la Baham\u00e9enne<strong> Shaunae Miller-Uibo<\/strong> s&rsquo;est qualifi\u00e9e en r\u00e9alisant le meilleur temps (49.55). La double championne olympique sera la favorite pour conqu\u00e9rir son premier titre mondial. Toutefois, la concurrence sera de taille avec les Dominicaines <strong>Marileidy Paulino<\/strong> et <strong>Fiordaliza Cofil<\/strong>, championnes du monde du relais 4&#215;400 m mixte, ou encore les Jama\u00efcaines <strong>Candice McLeod<\/strong> et <strong>Stephanie Ann McPherson<\/strong>. La N\u00e9erlandaise <strong>Lieke Klaver<\/strong> aura \u00e9galement une carte \u00e0 jouer. Chez les hommes, le favori <strong>Michael Norman<\/strong> s&rsquo;est qualifi\u00e9 avec le meilleur temps en 44.30. En l&rsquo;absence du champion olympique et champion du monde Steven Gardiner, <strong>Kirani James<\/strong>, <strong>Wayde Van Niekerk<\/strong> ou encore <strong>Champion Allison<\/strong> auront leur chance.<\/p>\n<h2 style=\"text-align: justify;\">Le steeple pour une Jeruto monstrueuse, Finot dixi\u00e8me<\/h2>\n<p style=\"text-align: justify;\">Pour clore cette sixi\u00e8me journ\u00e9e, les coureuses de 3 000 m steeple n&rsquo;ont pas cherch\u00e9 \u00e0 blaguer. En effet, la finale a \u00e9t\u00e9 men\u00e9e sur un rythme infernal, en partie impuls\u00e9 par une femme. Menant le train sur la quasi-totalit\u00e9 de la course, la Kazakhe, d&rsquo;origine k\u00e9nyane, <strong>Norah Jeruto<\/strong> a \u00e9c\u0153ur\u00e9 la concurrence. D&rsquo;ailleurs, elle s&rsquo;est impos\u00e9e en battant le record des championnats du monde (8:53.02). Derri\u00e8re, ce sont deux \u00c9thiopiennes qui ont obtenu le reste des m\u00e9dailles. <strong>Werkuha Getachew<\/strong> a fini en argent (8:54.61), tandis que <strong>Mekides Abebe<\/strong> s&rsquo;est empar\u00e9e du bronze (8:56.08). Pour finir, la Fran\u00e7aise <strong>Alice Finot<\/strong> a termin\u00e9 dixi\u00e8me en r\u00e9alisant un chrono en 9:21.40, et ce malgr\u00e9 une chute.<\/p>\n<blockquote class=\"twitter-tweet\">\n<p dir=\"ltr\" lang=\"en\">WHAT A RACE &#x1f92f;<\/p>\n<p>Four national records, first time three women finish inside 9 minutes.<\/p>\n<p>And the world title in a championship record time in 8:53.02 for Norah Jeruto &#x1f1f0;&#x1f1ff;!<a href=\"https:\/\/twitter.com\/hashtag\/WorldAthleticsChamps?src=hash&amp;ref_src=twsrc%5Etfw\">#WorldAthleticsChamps<\/a> <a href=\"https:\/\/t.co\/YWGYo5bYaW\">pic.twitter.com\/YWGYo5bYaW<\/a><\/p>\n<p>\u2014 World Athletics (@WorldAthletics) <a href=\"https:\/\/twitter.com\/WorldAthletics\/status\/1549977127709077504?ref_src=twsrc%5Etfw\">July 21, 2022<\/a><\/p><\/blockquote>\n<p><script async src=\"https:\/\/platform.twitter.com\/widgets.js\" charset=\"utf-8\"><\/script><\/p>\n<ul>\n<li style=\"text-align: justify;\"><strong>\u00c0 lire aussi &#8211; <a href=\"https:\/\/dicodusport.fr\/blog\/tableaux-des-medailles-championnats-du-monde-athletisme-2022\/\">Le tableau des m\u00e9dailles des Mondiaux d&rsquo;athl\u00e9tisme<\/a><\/strong><\/li>\n<\/ul>\n","protected":false},"excerpt":{"rendered":"<p>ATHL\u00c9TISME &#8211; CHAMPIONNATS DU MONDE 2022 &#8211; Feng et Jeruto en or, Tual et Robert en demies&#8230; Voici le r\u00e9capitulatif de la sixi\u00e8me journ\u00e9e des mondiaux de Eugene.<\/p>\n","protected":false},"author":45,"featured_media":245250,"comment_status":"open","ping_status":"closed","sticky":false,"template":"","format":"standard","meta":{"_acf_changed":false,"_daextam_enable_autolinks":"","footnotes":""},"categories":[46997],"tags":[143,25099],"class_list":["post-245245","post","type-post","status-publish","format-standard","has-post-thumbnail","hentry","category-championnats-du-monde-athletisme","tag-athletisme","tag-recapitulatif"],"acf":[],"yoast_head":"<!-- This site is optimized with the Yoast SEO Premium plugin v26.7 (Yoast SEO v26.7) - https:\/\/yoast.com\/wordpress\/plugins\/seo\/ -->\n<title>Mondiaux d&#039;athl\u00e9tisme 2022 : Feng, Jeruto, Miller-Uibo, le r\u00e9capitulatif de la 6\u00e8me journ\u00e9e<\/title>\n<meta name=\"description\" content=\"Feng et Jeruto en or, Tual et Robert en demies... Voici le r\u00e9capitulatif de la sixi\u00e8me journ\u00e9e des mondiaux de Eugene.\" \/>\n<meta name=\"robots\" content=\"index, follow, max-snippet:-1, max-image-preview:large, max-video-preview:-1\" \/>\n<link rel=\"canonical\" href=\"https:\/\/dicodusport.fr\/blog\/mondiaux-d-athletisme-2022-feng-jeruto-miller-uibo-le-recapitulatif-de-la-6eme-journee\/\" \/>\n<meta property=\"og:locale\" content=\"fr_FR\" \/>\n<meta property=\"og:type\" content=\"article\" \/>\n<meta property=\"og:title\" content=\"Mondiaux d&#039;athl\u00e9tisme 2022 : Feng, Jeruto, Miller-Uibo, le r\u00e9capitulatif de la 6\u00e8me journ\u00e9e\" \/>\n<meta property=\"og:description\" content=\"Feng et Jeruto en or, Tual et Robert en demies... Voici le r\u00e9capitulatif de la sixi\u00e8me journ\u00e9e des mondiaux de Eugene.\" \/>\n<meta property=\"og:url\" content=\"https:\/\/dicodusport.fr\/blog\/mondiaux-d-athletisme-2022-feng-jeruto-miller-uibo-le-recapitulatif-de-la-6eme-journee\/\" \/>\n<meta property=\"og:site_name\" content=\"Dicodusport\" \/>\n<meta property=\"article:publisher\" content=\"https:\/\/www.facebook.com\/dicodusport\" \/>\n<meta property=\"article:author\" content=\"https:\/\/www.facebook.com\/alexandre.jeffroy.3\/\" \/>\n<meta property=\"article:published_time\" content=\"2022-07-21T06:13:39+00:00\" \/>\n<meta property=\"article:modified_time\" content=\"2022-07-21T09:31:29+00:00\" \/>\n<meta property=\"og:image\" content=\"https:\/\/dicodusport.fr\/blog\/wp-content\/uploads\/2022\/07\/Mondiaux-dathletisme-2022-Feng-Jeruto-Miller-Uibo-le-recapitulatif-de-la-6eme-journee.png\" \/>\n\t<meta property=\"og:image:width\" content=\"800\" \/>\n\t<meta property=\"og:image:height\" content=\"445\" \/>\n\t<meta property=\"og:image:type\" content=\"image\/png\" \/>\n<meta name=\"author\" content=\"Alexandre Jeffroy\" \/>\n<meta name=\"twitter:card\" content=\"summary_large_image\" \/>\n<meta name=\"twitter:title\" content=\"Mondiaux d&#039;athl\u00e9tisme 2022 : Feng, Jeruto, Miller-Uibo, le r\u00e9capitulatif de la 6\u00e8me journ\u00e9e\" \/>\n<meta name=\"twitter:creator\" content=\"@https:\/\/twitter.com\/smokinalexjoe\" \/>\n<meta name=\"twitter:site\" content=\"@dicodusport\" \/>\n<script type=\"application\/ld+json\" class=\"yoast-schema-graph\">{\"@context\":\"https:\/\/schema.org\",\"@graph\":[{\"@type\":\"NewsArticle\",\"@id\":\"https:\/\/dicodusport.fr\/blog\/mondiaux-d-athletisme-2022-feng-jeruto-miller-uibo-le-recapitulatif-de-la-6eme-journee\/#article\",\"isPartOf\":{\"@id\":\"https:\/\/dicodusport.fr\/blog\/mondiaux-d-athletisme-2022-feng-jeruto-miller-uibo-le-recapitulatif-de-la-6eme-journee\/\"},\"author\":{\"name\":\"Alexandre Jeffroy\",\"@id\":\"https:\/\/dicodusport.fr\/blog\/#\/schema\/person\/0e50be5ee9a0e6705846ac950257c4a0\"},\"headline\":\"Mondiaux d&rsquo;athl\u00e9tisme 2022 : Feng, Jeruto, Miller-Uibo, le r\u00e9capitulatif de la 6\u00e8me journ\u00e9e\",\"datePublished\":\"2022-07-21T06:13:39+00:00\",\"dateModified\":\"2022-07-21T09:31:29+00:00\",\"mainEntityOfPage\":{\"@id\":\"https:\/\/dicodusport.fr\/blog\/mondiaux-d-athletisme-2022-feng-jeruto-miller-uibo-le-recapitulatif-de-la-6eme-journee\/\"},\"wordCount\":689,\"commentCount\":0,\"publisher\":{\"@id\":\"https:\/\/dicodusport.fr\/blog\/#organization\"},\"image\":{\"@id\":\"https:\/\/dicodusport.fr\/blog\/mondiaux-d-athletisme-2022-feng-jeruto-miller-uibo-le-recapitulatif-de-la-6eme-journee\/#primaryimage\"},\"thumbnailUrl\":\"https:\/\/dicodusport.fr\/blog\/wp-content\/uploads\/2022\/07\/Mondiaux-dathletisme-2022-Feng-Jeruto-Miller-Uibo-le-recapitulatif-de-la-6eme-journee.png\",\"keywords\":[\"Athl\u00e9tisme\",\"r\u00e9capitulatif\"],\"articleSection\":[\"Championnats du monde d'athl\u00e9tisme\"],\"inLanguage\":\"fr-FR\",\"potentialAction\":[{\"@type\":\"CommentAction\",\"name\":\"Comment\",\"target\":[\"https:\/\/dicodusport.fr\/blog\/mondiaux-d-athletisme-2022-feng-jeruto-miller-uibo-le-recapitulatif-de-la-6eme-journee\/#respond\"]}],\"copyrightYear\":\"2022\",\"copyrightHolder\":{\"@id\":\"https:\/\/dicodusport.fr\/blog\/#organization\"}},{\"@type\":\"WebPage\",\"@id\":\"https:\/\/dicodusport.fr\/blog\/mondiaux-d-athletisme-2022-feng-jeruto-miller-uibo-le-recapitulatif-de-la-6eme-journee\/\",\"url\":\"https:\/\/dicodusport.fr\/blog\/mondiaux-d-athletisme-2022-feng-jeruto-miller-uibo-le-recapitulatif-de-la-6eme-journee\/\",\"name\":\"Mondiaux d'athl\u00e9tisme 2022 : Feng, Jeruto, Miller-Uibo, le r\u00e9capitulatif de la 6\u00e8me journ\u00e9e\",\"isPartOf\":{\"@id\":\"https:\/\/dicodusport.fr\/blog\/#website\"},\"primaryImageOfPage\":{\"@id\":\"https:\/\/dicodusport.fr\/blog\/mondiaux-d-athletisme-2022-feng-jeruto-miller-uibo-le-recapitulatif-de-la-6eme-journee\/#primaryimage\"},\"image\":{\"@id\":\"https:\/\/dicodusport.fr\/blog\/mondiaux-d-athletisme-2022-feng-jeruto-miller-uibo-le-recapitulatif-de-la-6eme-journee\/#primaryimage\"},\"thumbnailUrl\":\"https:\/\/dicodusport.fr\/blog\/wp-content\/uploads\/2022\/07\/Mondiaux-dathletisme-2022-Feng-Jeruto-Miller-Uibo-le-recapitulatif-de-la-6eme-journee.png\",\"datePublished\":\"2022-07-21T06:13:39+00:00\",\"dateModified\":\"2022-07-21T09:31:29+00:00\",\"description\":\"Feng et Jeruto en or, Tual et Robert en demies... Voici le r\u00e9capitulatif de la sixi\u00e8me journ\u00e9e des mondiaux de Eugene.\",\"breadcrumb\":{\"@id\":\"https:\/\/dicodusport.fr\/blog\/mondiaux-d-athletisme-2022-feng-jeruto-miller-uibo-le-recapitulatif-de-la-6eme-journee\/#breadcrumb\"},\"inLanguage\":\"fr-FR\",\"potentialAction\":[{\"@type\":\"ReadAction\",\"target\":[\"https:\/\/dicodusport.fr\/blog\/mondiaux-d-athletisme-2022-feng-jeruto-miller-uibo-le-recapitulatif-de-la-6eme-journee\/\"]}]},{\"@type\":\"ImageObject\",\"inLanguage\":\"fr-FR\",\"@id\":\"https:\/\/dicodusport.fr\/blog\/mondiaux-d-athletisme-2022-feng-jeruto-miller-uibo-le-recapitulatif-de-la-6eme-journee\/#primaryimage\",\"url\":\"https:\/\/dicodusport.fr\/blog\/wp-content\/uploads\/2022\/07\/Mondiaux-dathletisme-2022-Feng-Jeruto-Miller-Uibo-le-recapitulatif-de-la-6eme-journee.png\",\"contentUrl\":\"https:\/\/dicodusport.fr\/blog\/wp-content\/uploads\/2022\/07\/Mondiaux-dathletisme-2022-Feng-Jeruto-Miller-Uibo-le-recapitulatif-de-la-6eme-journee.png\",\"width\":800,\"height\":445,\"caption\":\"Mondiaux d'athl\u00e9tisme 2022 Feng, Jeruto, Miller-Uibo, le r\u00e9capitulatif de la 6\u00e8me journ\u00e9e\"},{\"@type\":\"BreadcrumbList\",\"@id\":\"https:\/\/dicodusport.fr\/blog\/mondiaux-d-athletisme-2022-feng-jeruto-miller-uibo-le-recapitulatif-de-la-6eme-journee\/#breadcrumb\",\"itemListElement\":[{\"@type\":\"ListItem\",\"position\":1,\"name\":\"Accueil\",\"item\":\"https:\/\/dicodusport.fr\/blog\/\"},{\"@type\":\"ListItem\",\"position\":2,\"name\":\"Mondiaux d&rsquo;athl\u00e9tisme 2022 : Feng, Jeruto, Miller-Uibo, le r\u00e9capitulatif de la 6\u00e8me journ\u00e9e\"}]},{\"@type\":\"WebSite\",\"@id\":\"https:\/\/dicodusport.fr\/blog\/#website\",\"url\":\"https:\/\/dicodusport.fr\/blog\/\",\"name\":\"Dicodusport\",\"description\":\"L&#039;encyclop\u00e9die de l&#039;actualit\u00e9 sportive\",\"publisher\":{\"@id\":\"https:\/\/dicodusport.fr\/blog\/#organization\"},\"potentialAction\":[{\"@type\":\"SearchAction\",\"target\":{\"@type\":\"EntryPoint\",\"urlTemplate\":\"https:\/\/dicodusport.fr\/blog\/?s={search_term_string}\"},\"query-input\":{\"@type\":\"PropertyValueSpecification\",\"valueRequired\":true,\"valueName\":\"search_term_string\"}}],\"inLanguage\":\"fr-FR\"},{\"@type\":\"NewsMediaOrganization\",\"@id\":\"https:\/\/dicodusport.fr\/blog\/#organization\",\"name\":\"Dicodusport\",\"url\":\"https:\/\/dicodusport.fr\/blog\/\",\"logo\":{\"@type\":\"ImageObject\",\"inLanguage\":\"fr-FR\",\"@id\":\"https:\/\/dicodusport.fr\/blog\/#\/schema\/logo\/image\/\",\"url\":\"https:\/\/dicodusport.fr\/blog\/wp-content\/uploads\/2020\/06\/cropped-LOGO-DICODUSPORT-2020-SANS-FOND-SANS-TEXTE.png\",\"contentUrl\":\"https:\/\/dicodusport.fr\/blog\/wp-content\/uploads\/2020\/06\/cropped-LOGO-DICODUSPORT-2020-SANS-FOND-SANS-TEXTE.png\",\"width\":512,\"height\":512,\"caption\":\"Dicodusport\"},\"image\":{\"@id\":\"https:\/\/dicodusport.fr\/blog\/#\/schema\/logo\/image\/\"},\"sameAs\":[\"https:\/\/www.facebook.com\/dicodusport\",\"https:\/\/x.com\/dicodusport\",\"https:\/\/www.instagram.com\/dicodusport\/\",\"https:\/\/www.youtube.com\/channel\/UC7V2KZ5sd3htJivAbA4ZG3w\"],\"description\":\"Dicodusport est l'encyclop\u00e9die de l'actualit\u00e9 sportive.\",\"email\":\"bonjour@dicodusport.fr\",\"legalName\":\"DICODUSPORT\",\"foundingDate\":\"2018-01-14\",\"vatID\":\"FR71834470973\",\"taxID\":\"83447097300043\",\"numberOfEmployees\":{\"@type\":\"QuantitativeValue\",\"minValue\":\"1\",\"maxValue\":\"10\"}},{\"@type\":\"Person\",\"@id\":\"https:\/\/dicodusport.fr\/blog\/#\/schema\/person\/0e50be5ee9a0e6705846ac950257c4a0\",\"name\":\"Alexandre Jeffroy\",\"image\":{\"@type\":\"ImageObject\",\"inLanguage\":\"fr-FR\",\"@id\":\"https:\/\/dicodusport.fr\/blog\/#\/schema\/person\/image\/\",\"url\":\"https:\/\/dicodusport.fr\/blog\/wp-content\/uploads\/2021\/05\/Alexandre-Jeffroy-150x150.jpg\",\"contentUrl\":\"https:\/\/dicodusport.fr\/blog\/wp-content\/uploads\/2021\/05\/Alexandre-Jeffroy-150x150.jpg\",\"caption\":\"Alexandre Jeffroy\"},\"description\":\"Journaliste\/R\u00e9dacteur depuis octobre 2020 - Bolt qui foudroie le record du monde du 100 m\u00e8tres, les derniers essais de Dominici, les premi\u00e8res charges d\u00e9vastatrices de Bastarocket... de beaux souvenirs pour une grande passion, celle du sport. L\u2019histoire du sport aussi. Comprendre le r\u00f4le qu\u2019il a eu, celui qu\u2019il a et celui qu\u2019il aura dans notre soci\u00e9t\u00e9. Le sport au pass\u00e9, au pr\u00e9sent, au futur. Le sport tous les jours, matin, midi et soir. A d\u00e9faut d\u2019\u00eatre un grand sportif, je suis et je raconte l\u2019actualit\u00e9 et l\u2019histoire des championnes et des champions qui savent se d\u00e9passer pour accomplir des merveilles.\",\"sameAs\":[\"https:\/\/www.facebook.com\/alexandre.jeffroy.3\/\",\"https:\/\/x.com\/https:\/\/twitter.com\/smokinalexjoe\"],\"url\":\"https:\/\/dicodusport.fr\/blog\/author\/alexandrejeffroy\/\"}]}<\/script>\n<!-- \/ Yoast SEO Premium plugin. -->","yoast_head_json":{"title":"Mondiaux d'athl\u00e9tisme 2022 : Feng, Jeruto, Miller-Uibo, le r\u00e9capitulatif de la 6\u00e8me journ\u00e9e","description":"Feng et Jeruto en or, Tual et Robert en demies... Voici le r\u00e9capitulatif de la sixi\u00e8me journ\u00e9e des mondiaux de Eugene.","robots":{"index":"index","follow":"follow","max-snippet":"max-snippet:-1","max-image-preview":"max-image-preview:large","max-video-preview":"max-video-preview:-1"},"canonical":"https:\/\/dicodusport.fr\/blog\/mondiaux-d-athletisme-2022-feng-jeruto-miller-uibo-le-recapitulatif-de-la-6eme-journee\/","og_locale":"fr_FR","og_type":"article","og_title":"Mondiaux d'athl\u00e9tisme 2022 : Feng, Jeruto, Miller-Uibo, le r\u00e9capitulatif de la 6\u00e8me journ\u00e9e","og_description":"Feng et Jeruto en or, Tual et Robert en demies... Voici le r\u00e9capitulatif de la sixi\u00e8me journ\u00e9e des mondiaux de Eugene.","og_url":"https:\/\/dicodusport.fr\/blog\/mondiaux-d-athletisme-2022-feng-jeruto-miller-uibo-le-recapitulatif-de-la-6eme-journee\/","og_site_name":"Dicodusport","article_publisher":"https:\/\/www.facebook.com\/dicodusport","article_author":"https:\/\/www.facebook.com\/alexandre.jeffroy.3\/","article_published_time":"2022-07-21T06:13:39+00:00","article_modified_time":"2022-07-21T09:31:29+00:00","og_image":[{"width":800,"height":445,"url":"https:\/\/dicodusport.fr\/blog\/wp-content\/uploads\/2022\/07\/Mondiaux-dathletisme-2022-Feng-Jeruto-Miller-Uibo-le-recapitulatif-de-la-6eme-journee.png","type":"image\/png"}],"author":"Alexandre Jeffroy","twitter_card":"summary_large_image","twitter_title":"Mondiaux d'athl\u00e9tisme 2022 : Feng, Jeruto, Miller-Uibo, le r\u00e9capitulatif de la 6\u00e8me journ\u00e9e","twitter_creator":"@https:\/\/twitter.com\/smokinalexjoe","twitter_site":"@dicodusport","schema":{"@context":"https:\/\/schema.org","@graph":[{"@type":"NewsArticle","@id":"https:\/\/dicodusport.fr\/blog\/mondiaux-d-athletisme-2022-feng-jeruto-miller-uibo-le-recapitulatif-de-la-6eme-journee\/#article","isPartOf":{"@id":"https:\/\/dicodusport.fr\/blog\/mondiaux-d-athletisme-2022-feng-jeruto-miller-uibo-le-recapitulatif-de-la-6eme-journee\/"},"author":{"name":"Alexandre Jeffroy","@id":"https:\/\/dicodusport.fr\/blog\/#\/schema\/person\/0e50be5ee9a0e6705846ac950257c4a0"},"headline":"Mondiaux d&rsquo;athl\u00e9tisme 2022 : Feng, Jeruto, Miller-Uibo, le r\u00e9capitulatif de la 6\u00e8me journ\u00e9e","datePublished":"2022-07-21T06:13:39+00:00","dateModified":"2022-07-21T09:31:29+00:00","mainEntityOfPage":{"@id":"https:\/\/dicodusport.fr\/blog\/mondiaux-d-athletisme-2022-feng-jeruto-miller-uibo-le-recapitulatif-de-la-6eme-journee\/"},"wordCount":689,"commentCount":0,"publisher":{"@id":"https:\/\/dicodusport.fr\/blog\/#organization"},"image":{"@id":"https:\/\/dicodusport.fr\/blog\/mondiaux-d-athletisme-2022-feng-jeruto-miller-uibo-le-recapitulatif-de-la-6eme-journee\/#primaryimage"},"thumbnailUrl":"https:\/\/dicodusport.fr\/blog\/wp-content\/uploads\/2022\/07\/Mondiaux-dathletisme-2022-Feng-Jeruto-Miller-Uibo-le-recapitulatif-de-la-6eme-journee.png","keywords":["Athl\u00e9tisme","r\u00e9capitulatif"],"articleSection":["Championnats du monde d'athl\u00e9tisme"],"inLanguage":"fr-FR","potentialAction":[{"@type":"CommentAction","name":"Comment","target":["https:\/\/dicodusport.fr\/blog\/mondiaux-d-athletisme-2022-feng-jeruto-miller-uibo-le-recapitulatif-de-la-6eme-journee\/#respond"]}],"copyrightYear":"2022","copyrightHolder":{"@id":"https:\/\/dicodusport.fr\/blog\/#organization"}},{"@type":"WebPage","@id":"https:\/\/dicodusport.fr\/blog\/mondiaux-d-athletisme-2022-feng-jeruto-miller-uibo-le-recapitulatif-de-la-6eme-journee\/","url":"https:\/\/dicodusport.fr\/blog\/mondiaux-d-athletisme-2022-feng-jeruto-miller-uibo-le-recapitulatif-de-la-6eme-journee\/","name":"Mondiaux d'athl\u00e9tisme 2022 : Feng, Jeruto, Miller-Uibo, le r\u00e9capitulatif de la 6\u00e8me journ\u00e9e","isPartOf":{"@id":"https:\/\/dicodusport.fr\/blog\/#website"},"primaryImageOfPage":{"@id":"https:\/\/dicodusport.fr\/blog\/mondiaux-d-athletisme-2022-feng-jeruto-miller-uibo-le-recapitulatif-de-la-6eme-journee\/#primaryimage"},"image":{"@id":"https:\/\/dicodusport.fr\/blog\/mondiaux-d-athletisme-2022-feng-jeruto-miller-uibo-le-recapitulatif-de-la-6eme-journee\/#primaryimage"},"thumbnailUrl":"https:\/\/dicodusport.fr\/blog\/wp-content\/uploads\/2022\/07\/Mondiaux-dathletisme-2022-Feng-Jeruto-Miller-Uibo-le-recapitulatif-de-la-6eme-journee.png","datePublished":"2022-07-21T06:13:39+00:00","dateModified":"2022-07-21T09:31:29+00:00","description":"Feng et Jeruto en or, Tual et Robert en demies... Voici le r\u00e9capitulatif de la sixi\u00e8me journ\u00e9e des mondiaux de Eugene.","breadcrumb":{"@id":"https:\/\/dicodusport.fr\/blog\/mondiaux-d-athletisme-2022-feng-jeruto-miller-uibo-le-recapitulatif-de-la-6eme-journee\/#breadcrumb"},"inLanguage":"fr-FR","potentialAction":[{"@type":"ReadAction","target":["https:\/\/dicodusport.fr\/blog\/mondiaux-d-athletisme-2022-feng-jeruto-miller-uibo-le-recapitulatif-de-la-6eme-journee\/"]}]},{"@type":"ImageObject","inLanguage":"fr-FR","@id":"https:\/\/dicodusport.fr\/blog\/mondiaux-d-athletisme-2022-feng-jeruto-miller-uibo-le-recapitulatif-de-la-6eme-journee\/#primaryimage","url":"https:\/\/dicodusport.fr\/blog\/wp-content\/uploads\/2022\/07\/Mondiaux-dathletisme-2022-Feng-Jeruto-Miller-Uibo-le-recapitulatif-de-la-6eme-journee.png","contentUrl":"https:\/\/dicodusport.fr\/blog\/wp-content\/uploads\/2022\/07\/Mondiaux-dathletisme-2022-Feng-Jeruto-Miller-Uibo-le-recapitulatif-de-la-6eme-journee.png","width":800,"height":445,"caption":"Mondiaux d'athl\u00e9tisme 2022 Feng, Jeruto, Miller-Uibo, le r\u00e9capitulatif de la 6\u00e8me journ\u00e9e"},{"@type":"BreadcrumbList","@id":"https:\/\/dicodusport.fr\/blog\/mondiaux-d-athletisme-2022-feng-jeruto-miller-uibo-le-recapitulatif-de-la-6eme-journee\/#breadcrumb","itemListElement":[{"@type":"ListItem","position":1,"name":"Accueil","item":"https:\/\/dicodusport.fr\/blog\/"},{"@type":"ListItem","position":2,"name":"Mondiaux d&rsquo;athl\u00e9tisme 2022 : Feng, Jeruto, Miller-Uibo, le r\u00e9capitulatif de la 6\u00e8me journ\u00e9e"}]},{"@type":"WebSite","@id":"https:\/\/dicodusport.fr\/blog\/#website","url":"https:\/\/dicodusport.fr\/blog\/","name":"Dicodusport","description":"L&#039;encyclop\u00e9die de l&#039;actualit\u00e9 sportive","publisher":{"@id":"https:\/\/dicodusport.fr\/blog\/#organization"},"potentialAction":[{"@type":"SearchAction","target":{"@type":"EntryPoint","urlTemplate":"https:\/\/dicodusport.fr\/blog\/?s={search_term_string}"},"query-input":{"@type":"PropertyValueSpecification","valueRequired":true,"valueName":"search_term_string"}}],"inLanguage":"fr-FR"},{"@type":"NewsMediaOrganization","@id":"https:\/\/dicodusport.fr\/blog\/#organization","name":"Dicodusport","url":"https:\/\/dicodusport.fr\/blog\/","logo":{"@type":"ImageObject","inLanguage":"fr-FR","@id":"https:\/\/dicodusport.fr\/blog\/#\/schema\/logo\/image\/","url":"https:\/\/dicodusport.fr\/blog\/wp-content\/uploads\/2020\/06\/cropped-LOGO-DICODUSPORT-2020-SANS-FOND-SANS-TEXTE.png","contentUrl":"https:\/\/dicodusport.fr\/blog\/wp-content\/uploads\/2020\/06\/cropped-LOGO-DICODUSPORT-2020-SANS-FOND-SANS-TEXTE.png","width":512,"height":512,"caption":"Dicodusport"},"image":{"@id":"https:\/\/dicodusport.fr\/blog\/#\/schema\/logo\/image\/"},"sameAs":["https:\/\/www.facebook.com\/dicodusport","https:\/\/x.com\/dicodusport","https:\/\/www.instagram.com\/dicodusport\/","https:\/\/www.youtube.com\/channel\/UC7V2KZ5sd3htJivAbA4ZG3w"],"description":"Dicodusport est l'encyclop\u00e9die de l'actualit\u00e9 sportive.","email":"bonjour@dicodusport.fr","legalName":"DICODUSPORT","foundingDate":"2018-01-14","vatID":"FR71834470973","taxID":"83447097300043","numberOfEmployees":{"@type":"QuantitativeValue","minValue":"1","maxValue":"10"}},{"@type":"Person","@id":"https:\/\/dicodusport.fr\/blog\/#\/schema\/person\/0e50be5ee9a0e6705846ac950257c4a0","name":"Alexandre Jeffroy","image":{"@type":"ImageObject","inLanguage":"fr-FR","@id":"https:\/\/dicodusport.fr\/blog\/#\/schema\/person\/image\/","url":"https:\/\/dicodusport.fr\/blog\/wp-content\/uploads\/2021\/05\/Alexandre-Jeffroy-150x150.jpg","contentUrl":"https:\/\/dicodusport.fr\/blog\/wp-content\/uploads\/2021\/05\/Alexandre-Jeffroy-150x150.jpg","caption":"Alexandre Jeffroy"},"description":"Journaliste\/R\u00e9dacteur depuis octobre 2020 - Bolt qui foudroie le record du monde du 100 m\u00e8tres, les derniers essais de Dominici, les premi\u00e8res charges d\u00e9vastatrices de Bastarocket... de beaux souvenirs pour une grande passion, celle du sport. L\u2019histoire du sport aussi. Comprendre le r\u00f4le qu\u2019il a eu, celui qu\u2019il a et celui qu\u2019il aura dans notre soci\u00e9t\u00e9. Le sport au pass\u00e9, au pr\u00e9sent, au futur. Le sport tous les jours, matin, midi et soir. A d\u00e9faut d\u2019\u00eatre un grand sportif, je suis et je raconte l\u2019actualit\u00e9 et l\u2019histoire des championnes et des champions qui savent se d\u00e9passer pour accomplir des merveilles.","sameAs":["https:\/\/www.facebook.com\/alexandre.jeffroy.3\/","https:\/\/x.com\/https:\/\/twitter.com\/smokinalexjoe"],"url":"https:\/\/dicodusport.fr\/blog\/author\/alexandrejeffroy\/"}]}},"_links":{"self":[{"href":"https:\/\/dicodusport.fr\/blog\/wp-json\/wp\/v2\/posts\/245245","targetHints":{"allow":["GET"]}}],"collection":[{"href":"https:\/\/dicodusport.fr\/blog\/wp-json\/wp\/v2\/posts"}],"about":[{"href":"https:\/\/dicodusport.fr\/blog\/wp-json\/wp\/v2\/types\/post"}],"author":[{"embeddable":true,"href":"https:\/\/dicodusport.fr\/blog\/wp-json\/wp\/v2\/users\/45"}],"replies":[{"embeddable":true,"href":"https:\/\/dicodusport.fr\/blog\/wp-json\/wp\/v2\/comments?post=245245"}],"version-history":[{"count":0,"href":"https:\/\/dicodusport.fr\/blog\/wp-json\/wp\/v2\/posts\/245245\/revisions"}],"wp:featuredmedia":[{"embeddable":true,"href":"https:\/\/dicodusport.fr\/blog\/wp-json\/wp\/v2\/media\/245250"}],"wp:attachment":[{"href":"https:\/\/dicodusport.fr\/blog\/wp-json\/wp\/v2\/media?parent=245245"}],"wp:term":[{"taxonomy":"category","embeddable":true,"href":"https:\/\/dicodusport.fr\/blog\/wp-json\/wp\/v2\/categories?post=245245"},{"taxonomy":"post_tag","embeddable":true,"href":"https:\/\/dicodusport.fr\/blog\/wp-json\/wp\/v2\/tags?post=245245"}],"curies":[{"name":"wp","href":"https:\/\/api.w.org\/{rel}","templated":true}]}}