{"id":245482,"date":"2022-07-22T08:22:53","date_gmt":"2022-07-22T06:22:53","guid":{"rendered":"https:\/\/dicodusport.fr\/blog\/?p=245482&#038;preview=true&#038;preview_id=245482"},"modified":"2022-07-22T13:38:28","modified_gmt":"2022-07-22T11:38:28","slug":"mondiaux-athletisme-2022-jackson-lyles-tual-le-recapitulatif-de-la-7eme-journee","status":"publish","type":"post","link":"https:\/\/dicodusport.fr\/blog\/mondiaux-athletisme-2022-jackson-lyles-tual-le-recapitulatif-de-la-7eme-journee\/","title":{"rendered":"Mondiaux d&rsquo;athl\u00e9tisme 2022 : Jackson, Lyles, Tual, le r\u00e9capitulatif de la 7\u00e8me journ\u00e9e"},"content":{"rendered":"<p style=\"text-align: justify;\"><em><strong><b><a href=\"https:\/\/dicodusport.fr\/blog\/calendrier-et-resultats-championnats-du-monde-athletisme-2022\/\">ATHL\u00c9TISME &#8211; CHAMPIONNATS DU MONDE 2022<\/a> &#8211;<\/b> Jackson et Lyles en mode fus\u00e9e, Lamotte impressionne en s\u00e9rie, Tual en finale&#8230; Voici le r\u00e9capitulatif de la septi\u00e8me journ\u00e9e des mondiaux de Eugene.\u00a0<\/strong><\/em><\/p>\n<h2 style=\"text-align: justify;\">R\u00e9nelle Lamotte tranquille sur les s\u00e9ries<\/h2>\n<p style=\"text-align: justify;\">Ce jeudi, \u00e0 Eugene, <strong>R\u00e9nelle Lamotte<\/strong> a r\u00e9alis\u00e9 une course tr\u00e8s solide. Sur 800 m, la Fran\u00e7aise \u00e9tait plac\u00e9e dans une s\u00e9rie plut\u00f4t relev\u00e9e, aux c\u00f4t\u00e9s de l&rsquo;Am\u00e9ricaine <strong>Ajee Wilson<\/strong> ou encore de l\u2019\u00c9thiopienne <strong>Freweyni Hailu<\/strong>. Toujours aux avant-postes, la coureuse tricolore a domin\u00e9 le finish pour s&rsquo;assurer la premi\u00e8re place en 2:00.71. Les demi-finales se d\u00e9rouleront demain.<\/p>\n<h2 style=\"text-align: justify;\">Une finale du triple saut avec un seul Fran\u00e7ais<\/h2>\n<p style=\"text-align: justify;\">Trois Fran\u00e7ais \u00e9taient engag\u00e9s pour les qualifications du triple saut masculin, qui ont eu lieu aujourd&rsquo;hui. Seulement, un seul est parvenu \u00e0 se qualifier pour la finale. Il s&rsquo;agit de <strong>Jean-Marc Pontvianne<\/strong>, qui a r\u00e9alis\u00e9 16.95 m, sixi\u00e8me meilleure performance de la session. Derri\u00e8re, ce sont donc <strong>Enzo Hodebar<\/strong> (16.64 m) et <strong>Benjamin Campaor\u00e9<\/strong> (16.03 m) qui sont pass\u00e9s \u00e0 la trappe. Rendez-vous dans la nuit de samedi \u00e0 dimanche pour la finale.<\/p>\n<h2 style=\"text-align: justify;\">Tual en finale, pas Robert<\/h2>\n<p style=\"text-align: justify;\">Les demi-finales du 800 m \u00e9taient attendues, avec notamment deux Fran\u00e7ais. Sur la deuxi\u00e8me s\u00e9rie, <strong>Gabriel Tual<\/strong> a parfaitement fait le job en terminant deuxi\u00e8me de sa course, en 1:45.53, ce qui lui a permis de se qualifier directement pour la finale. Pour <strong>Benjamin Robert<\/strong>, malheureusement, l&rsquo;issue fut bien diff\u00e9rente. Quatri\u00e8me de la troisi\u00e8me s\u00e9rie, il a r\u00e9alis\u00e9 le neuvi\u00e8me temps des demies (1:45.67), \u00e0 seulement 9 centi\u00e8mes du dernier qualifi\u00e9 au temps !<\/p>\n<blockquote class=\"twitter-tweet\">\n<p dir=\"ltr\" lang=\"fr\">&#x1f44a; Qualifi\u00e9 sans trembler !<\/p>\n<p>&#x1f1eb;&#x1f1f7; Gabriel Tual prend la 2e place de sa demie du 800 m en 1&rsquo;45\u00a0\u00bb53 et d\u00e9croche son billet pour la finale !<\/p>\n<p>&#x1f4dd; Rendez-vous est pris pour dimanche \u00e0 03h10 !<\/p>\n<p>&#x1f4fa; Les <a href=\"https:\/\/twitter.com\/hashtag\/WorldAthleticsChamps?src=hash&amp;ref_src=twsrc%5Etfw\">#WorldAthleticsChamps<\/a> sont \u00e0 suivre sur <a href=\"https:\/\/twitter.com\/francetvsport?ref_src=twsrc%5Etfw\">@francetvsport<\/a>.<\/p>\n<p>\u2014 FFAthl\u00e9tisme (@FFAthletisme) <a href=\"https:\/\/twitter.com\/FFAthletisme\/status\/1550303620456820736?ref_src=twsrc%5Etfw\">July 22, 2022<\/a><\/p><\/blockquote>\n<p><script async src=\"https:\/\/platform.twitter.com\/widgets.js\" charset=\"utf-8\"><\/script><\/p>\n<h2 style=\"text-align: justify;\">La fus\u00e9e Shericka Jackson remporte le 200 m<\/h2>\n<p style=\"text-align: justify;\">Elle \u00e9tait encore dans l&rsquo;ombre de ses compatriotes<strong> Shelly-Ann Fraser-Pryce<\/strong> et <strong>Elaine Thompson-Herah<\/strong>. Mais cette fois-ci, <strong>Shericka Jackson<\/strong> a toute la lumi\u00e8re pour elle. \u00c0 28 ans, elle a mis tout le monde d&rsquo;accord sur la finale du 200 m dames. La Jama\u00efcaine n&rsquo;a pas seulement remport\u00e9 la course et le titre mondial, elle a \u00e9galement \u00e9t\u00e9 l&rsquo;auteure d&rsquo;un chrono stratosph\u00e9rique. En effet, avec une prestation en 21.45, elle a battu le record des championnats du monde et r\u00e9alis\u00e9 la seconde meilleure performance de l&rsquo;histoire ! Derri\u00e8re, la championne du monde du 100 m, <strong>Shelly-Ann Fraser-Pryce<\/strong> a ajout\u00e9 une nouvelle m\u00e9daille d&rsquo;argent \u00e0 son incroyable palmar\u00e8s (21.85). Enfin, la championne du monde sortante, la Britannique <strong>Dina Asher-Smith<\/strong>, a termin\u00e9 troisi\u00e8me (22.02).<\/p>\n<blockquote class=\"twitter-tweet\">\n<p dir=\"ltr\" lang=\"en\">SHERICKAAAAAAAAA &#x203c;&#xfe0f;&#x1f947;<a href=\"https:\/\/twitter.com\/sherickajacko?ref_src=twsrc%5Etfw\">@sherickajacko<\/a> &#x1f1ef;&#x1f1f2; runs 21.45 to break the championship record and strikes 200m gold!<\/p>\n<p>HER FIRST INDIVIDUAL WORLD TITLE!<a href=\"https:\/\/twitter.com\/hashtag\/WorldAthleticsChamps?src=hash&amp;ref_src=twsrc%5Etfw\">#WorldAthleticsChamps<\/a> <a href=\"https:\/\/t.co\/pjycx0qGbc\">pic.twitter.com\/pjycx0qGbc<\/a><\/p>\n<p>\u2014 World Athletics (@WorldAthletics) <a href=\"https:\/\/twitter.com\/WorldAthletics\/status\/1550309315126255616?ref_src=twsrc%5Etfw\">July 22, 2022<\/a><\/p><\/blockquote>\n<p><script async src=\"https:\/\/platform.twitter.com\/widgets.js\" charset=\"utf-8\"><\/script><\/p>\n<h2 style=\"text-align: justify;\">Noah Lyles surdomine le 200 m, nouveau tripl\u00e9 am\u00e9ricain<\/h2>\n<p style=\"text-align: justify;\">On peut comparer la course de <strong>Noah Lyles<\/strong> \u00e0 celle de <strong>Shericka Jackson<\/strong>, r\u00e9alis\u00e9e quelques minutes plus t\u00f4t, tant elle fut \u00e9poustouflante. Sur cette finale du 200 m messieurs, l&rsquo;Am\u00e9ricain n&rsquo;a pas trembl\u00e9 et a mis ses rivaux loin derri\u00e8re lui pour garder son titre mondial. Aussi, il a \u00e9t\u00e9 l&rsquo;auteur d&rsquo;un chrono remarquable : 19.31, ce qui fait de lui le troisi\u00e8me meilleur performeur de tous les temps derri\u00e8re <strong>Usain Bolt<\/strong> et <strong>Yohan Blake<\/strong>. Comme sur le 100 m, les Am\u00e9ricains ont r\u00e9alis\u00e9 un beau tripl\u00e9 \u00e0 domicile puisque <strong>Kenneth Bednarek<\/strong> (19.77) et <strong>Erriyon Knighton<\/strong> (19.80) sont tous les deux all\u00e9s chercher une m\u00e9daille.<\/p>\n<blockquote class=\"twitter-tweet\">\n<p dir=\"ltr\" lang=\"fr\">Noah Lyles 19.31!!!! <a href=\"https:\/\/twitter.com\/hashtag\/WorldAthleticsChamps?src=hash&amp;ref_src=twsrc%5Etfw\">#WorldAthleticsChamps<\/a> Men\u2019s 200m Final <a href=\"https:\/\/twitter.com\/LsabreAvenger?ref_src=twsrc%5Etfw\">@LsabreAvenger<\/a> <a href=\"https:\/\/t.co\/qwT2bBFrVQ\">pic.twitter.com\/qwT2bBFrVQ<\/a><\/p>\n<p>\u2014 bryce stricker (@brycestricker) <a href=\"https:\/\/twitter.com\/brycestricker\/status\/1550313169666527232?ref_src=twsrc%5Etfw\">July 22, 2022<\/a><\/p><\/blockquote>\n<p><script async src=\"https:\/\/platform.twitter.com\/widgets.js\" charset=\"utf-8\"><\/script><\/p>\n<ul>\n<li style=\"text-align: justify;\"><strong>\u00c0 lire aussi &#8211; <a href=\"https:\/\/dicodusport.fr\/blog\/tableaux-des-medailles-championnats-du-monde-athletisme-2022\/\">Le tableau des m\u00e9dailles des Mondiaux d&rsquo;athl\u00e9tisme<\/a><\/strong><\/li>\n<\/ul>\n","protected":false},"excerpt":{"rendered":"<p>ATHL\u00c9TISME &#8211; CHAMPIONNATS DU MONDE 2022 &#8211; Jackson et Lyles en mode fus\u00e9e, Lamotte impressionne en s\u00e9rie, Tual en finale&#8230; Voici le r\u00e9capitulatif de la septi\u00e8me journ\u00e9e des mondiaux de Eugene.\u00a0<\/p>\n","protected":false},"author":45,"featured_media":245492,"comment_status":"open","ping_status":"closed","sticky":false,"template":"","format":"standard","meta":{"_acf_changed":false,"_daextam_enable_autolinks":"","footnotes":""},"categories":[46997],"tags":[143,25099],"class_list":["post-245482","post","type-post","status-publish","format-standard","has-post-thumbnail","hentry","category-championnats-du-monde-athletisme","tag-athletisme","tag-recapitulatif"],"acf":[],"yoast_head":"<!-- This site is optimized with the Yoast SEO Premium plugin v26.7 (Yoast SEO v26.7) - https:\/\/yoast.com\/wordpress\/plugins\/seo\/ -->\n<title>Mondiaux d&#039;athl\u00e9tisme 2022 : Jackson, Lyles, Tual, le r\u00e9capitulatif de la 7\u00e8me journ\u00e9e<\/title>\n<meta name=\"description\" content=\"Jackson et Lyles en mode fus\u00e9e, Lamotte impressionne en demie... Voici le r\u00e9capitulatif de la septi\u00e8me journ\u00e9e des Mondiaux de Eugene.\u00a0\" \/>\n<meta name=\"robots\" content=\"index, follow, max-snippet:-1, max-image-preview:large, max-video-preview:-1\" \/>\n<link rel=\"canonical\" href=\"https:\/\/dicodusport.fr\/blog\/mondiaux-athletisme-2022-jackson-lyles-tual-le-recapitulatif-de-la-7eme-journee\/\" \/>\n<meta property=\"og:locale\" content=\"fr_FR\" \/>\n<meta property=\"og:type\" content=\"article\" \/>\n<meta property=\"og:title\" content=\"Mondiaux d&#039;athl\u00e9tisme 2022 : Jackson, Lyles, Tual, le r\u00e9capitulatif de la 7\u00e8me journ\u00e9e\" \/>\n<meta property=\"og:description\" content=\"Jackson et Lyles en mode fus\u00e9e, Lamotte impressionne en demie... Voici le r\u00e9capitulatif de la septi\u00e8me journ\u00e9e des Mondiaux de Eugene.\u00a0\" \/>\n<meta property=\"og:url\" content=\"https:\/\/dicodusport.fr\/blog\/mondiaux-athletisme-2022-jackson-lyles-tual-le-recapitulatif-de-la-7eme-journee\/\" \/>\n<meta property=\"og:site_name\" content=\"Dicodusport\" \/>\n<meta property=\"article:publisher\" content=\"https:\/\/www.facebook.com\/dicodusport\" \/>\n<meta property=\"article:author\" content=\"https:\/\/www.facebook.com\/alexandre.jeffroy.3\/\" \/>\n<meta property=\"article:published_time\" content=\"2022-07-22T06:22:53+00:00\" \/>\n<meta property=\"article:modified_time\" content=\"2022-07-22T11:38:28+00:00\" \/>\n<meta property=\"og:image\" content=\"https:\/\/dicodusport.fr\/blog\/wp-content\/uploads\/2022\/07\/Mondiaux-dathletisme-2022-Jackson-Lyles-Tual-le-recapitulatif-de-la-7eme-journee.png\" \/>\n\t<meta property=\"og:image:width\" content=\"800\" \/>\n\t<meta property=\"og:image:height\" content=\"445\" \/>\n\t<meta property=\"og:image:type\" content=\"image\/png\" \/>\n<meta name=\"author\" content=\"Alexandre Jeffroy\" \/>\n<meta name=\"twitter:card\" content=\"summary_large_image\" \/>\n<meta name=\"twitter:title\" content=\"Mondiaux d&#039;athl\u00e9tisme 2022 : Jackson, Lyles, Tual, le r\u00e9capitulatif de la 7\u00e8me journ\u00e9e\" \/>\n<meta name=\"twitter:creator\" content=\"@https:\/\/twitter.com\/smokinalexjoe\" \/>\n<meta name=\"twitter:site\" content=\"@dicodusport\" \/>\n<script type=\"application\/ld+json\" class=\"yoast-schema-graph\">{\"@context\":\"https:\/\/schema.org\",\"@graph\":[{\"@type\":\"NewsArticle\",\"@id\":\"https:\/\/dicodusport.fr\/blog\/mondiaux-athletisme-2022-jackson-lyles-tual-le-recapitulatif-de-la-7eme-journee\/#article\",\"isPartOf\":{\"@id\":\"https:\/\/dicodusport.fr\/blog\/mondiaux-athletisme-2022-jackson-lyles-tual-le-recapitulatif-de-la-7eme-journee\/\"},\"author\":{\"name\":\"Alexandre Jeffroy\",\"@id\":\"https:\/\/dicodusport.fr\/blog\/#\/schema\/person\/0e50be5ee9a0e6705846ac950257c4a0\"},\"headline\":\"Mondiaux d&rsquo;athl\u00e9tisme 2022 : Jackson, Lyles, Tual, le r\u00e9capitulatif de la 7\u00e8me journ\u00e9e\",\"datePublished\":\"2022-07-22T06:22:53+00:00\",\"dateModified\":\"2022-07-22T11:38:28+00:00\",\"mainEntityOfPage\":{\"@id\":\"https:\/\/dicodusport.fr\/blog\/mondiaux-athletisme-2022-jackson-lyles-tual-le-recapitulatif-de-la-7eme-journee\/\"},\"wordCount\":679,\"commentCount\":0,\"publisher\":{\"@id\":\"https:\/\/dicodusport.fr\/blog\/#organization\"},\"image\":{\"@id\":\"https:\/\/dicodusport.fr\/blog\/mondiaux-athletisme-2022-jackson-lyles-tual-le-recapitulatif-de-la-7eme-journee\/#primaryimage\"},\"thumbnailUrl\":\"https:\/\/dicodusport.fr\/blog\/wp-content\/uploads\/2022\/07\/Mondiaux-dathletisme-2022-Jackson-Lyles-Tual-le-recapitulatif-de-la-7eme-journee.png\",\"keywords\":[\"Athl\u00e9tisme\",\"r\u00e9capitulatif\"],\"articleSection\":[\"Championnats du monde d'athl\u00e9tisme\"],\"inLanguage\":\"fr-FR\",\"potentialAction\":[{\"@type\":\"CommentAction\",\"name\":\"Comment\",\"target\":[\"https:\/\/dicodusport.fr\/blog\/mondiaux-athletisme-2022-jackson-lyles-tual-le-recapitulatif-de-la-7eme-journee\/#respond\"]}],\"copyrightYear\":\"2022\",\"copyrightHolder\":{\"@id\":\"https:\/\/dicodusport.fr\/blog\/#organization\"}},{\"@type\":\"WebPage\",\"@id\":\"https:\/\/dicodusport.fr\/blog\/mondiaux-athletisme-2022-jackson-lyles-tual-le-recapitulatif-de-la-7eme-journee\/\",\"url\":\"https:\/\/dicodusport.fr\/blog\/mondiaux-athletisme-2022-jackson-lyles-tual-le-recapitulatif-de-la-7eme-journee\/\",\"name\":\"Mondiaux d'athl\u00e9tisme 2022 : Jackson, Lyles, Tual, le r\u00e9capitulatif de la 7\u00e8me journ\u00e9e\",\"isPartOf\":{\"@id\":\"https:\/\/dicodusport.fr\/blog\/#website\"},\"primaryImageOfPage\":{\"@id\":\"https:\/\/dicodusport.fr\/blog\/mondiaux-athletisme-2022-jackson-lyles-tual-le-recapitulatif-de-la-7eme-journee\/#primaryimage\"},\"image\":{\"@id\":\"https:\/\/dicodusport.fr\/blog\/mondiaux-athletisme-2022-jackson-lyles-tual-le-recapitulatif-de-la-7eme-journee\/#primaryimage\"},\"thumbnailUrl\":\"https:\/\/dicodusport.fr\/blog\/wp-content\/uploads\/2022\/07\/Mondiaux-dathletisme-2022-Jackson-Lyles-Tual-le-recapitulatif-de-la-7eme-journee.png\",\"datePublished\":\"2022-07-22T06:22:53+00:00\",\"dateModified\":\"2022-07-22T11:38:28+00:00\",\"description\":\"Jackson et Lyles en mode fus\u00e9e, Lamotte impressionne en demie... Voici le r\u00e9capitulatif de la septi\u00e8me journ\u00e9e des Mondiaux de Eugene.\u00a0\",\"breadcrumb\":{\"@id\":\"https:\/\/dicodusport.fr\/blog\/mondiaux-athletisme-2022-jackson-lyles-tual-le-recapitulatif-de-la-7eme-journee\/#breadcrumb\"},\"inLanguage\":\"fr-FR\",\"potentialAction\":[{\"@type\":\"ReadAction\",\"target\":[\"https:\/\/dicodusport.fr\/blog\/mondiaux-athletisme-2022-jackson-lyles-tual-le-recapitulatif-de-la-7eme-journee\/\"]}]},{\"@type\":\"ImageObject\",\"inLanguage\":\"fr-FR\",\"@id\":\"https:\/\/dicodusport.fr\/blog\/mondiaux-athletisme-2022-jackson-lyles-tual-le-recapitulatif-de-la-7eme-journee\/#primaryimage\",\"url\":\"https:\/\/dicodusport.fr\/blog\/wp-content\/uploads\/2022\/07\/Mondiaux-dathletisme-2022-Jackson-Lyles-Tual-le-recapitulatif-de-la-7eme-journee.png\",\"contentUrl\":\"https:\/\/dicodusport.fr\/blog\/wp-content\/uploads\/2022\/07\/Mondiaux-dathletisme-2022-Jackson-Lyles-Tual-le-recapitulatif-de-la-7eme-journee.png\",\"width\":800,\"height\":445,\"caption\":\"Gabriel Tual aux Mondiaux d'athl\u00e9tisme 2022, \u00e0 Eugene (USA) - Photo Icon Sport\"},{\"@type\":\"BreadcrumbList\",\"@id\":\"https:\/\/dicodusport.fr\/blog\/mondiaux-athletisme-2022-jackson-lyles-tual-le-recapitulatif-de-la-7eme-journee\/#breadcrumb\",\"itemListElement\":[{\"@type\":\"ListItem\",\"position\":1,\"name\":\"Accueil\",\"item\":\"https:\/\/dicodusport.fr\/blog\/\"},{\"@type\":\"ListItem\",\"position\":2,\"name\":\"Mondiaux d&rsquo;athl\u00e9tisme 2022 : Jackson, Lyles, Tual, le r\u00e9capitulatif de la 7\u00e8me journ\u00e9e\"}]},{\"@type\":\"WebSite\",\"@id\":\"https:\/\/dicodusport.fr\/blog\/#website\",\"url\":\"https:\/\/dicodusport.fr\/blog\/\",\"name\":\"Dicodusport\",\"description\":\"L&#039;encyclop\u00e9die de l&#039;actualit\u00e9 sportive\",\"publisher\":{\"@id\":\"https:\/\/dicodusport.fr\/blog\/#organization\"},\"potentialAction\":[{\"@type\":\"SearchAction\",\"target\":{\"@type\":\"EntryPoint\",\"urlTemplate\":\"https:\/\/dicodusport.fr\/blog\/?s={search_term_string}\"},\"query-input\":{\"@type\":\"PropertyValueSpecification\",\"valueRequired\":true,\"valueName\":\"search_term_string\"}}],\"inLanguage\":\"fr-FR\"},{\"@type\":\"NewsMediaOrganization\",\"@id\":\"https:\/\/dicodusport.fr\/blog\/#organization\",\"name\":\"Dicodusport\",\"url\":\"https:\/\/dicodusport.fr\/blog\/\",\"logo\":{\"@type\":\"ImageObject\",\"inLanguage\":\"fr-FR\",\"@id\":\"https:\/\/dicodusport.fr\/blog\/#\/schema\/logo\/image\/\",\"url\":\"https:\/\/dicodusport.fr\/blog\/wp-content\/uploads\/2020\/06\/cropped-LOGO-DICODUSPORT-2020-SANS-FOND-SANS-TEXTE.png\",\"contentUrl\":\"https:\/\/dicodusport.fr\/blog\/wp-content\/uploads\/2020\/06\/cropped-LOGO-DICODUSPORT-2020-SANS-FOND-SANS-TEXTE.png\",\"width\":512,\"height\":512,\"caption\":\"Dicodusport\"},\"image\":{\"@id\":\"https:\/\/dicodusport.fr\/blog\/#\/schema\/logo\/image\/\"},\"sameAs\":[\"https:\/\/www.facebook.com\/dicodusport\",\"https:\/\/x.com\/dicodusport\",\"https:\/\/www.instagram.com\/dicodusport\/\",\"https:\/\/www.youtube.com\/channel\/UC7V2KZ5sd3htJivAbA4ZG3w\"],\"description\":\"Dicodusport est l'encyclop\u00e9die de l'actualit\u00e9 sportive.\",\"email\":\"bonjour@dicodusport.fr\",\"legalName\":\"DICODUSPORT\",\"foundingDate\":\"2018-01-14\",\"vatID\":\"FR71834470973\",\"taxID\":\"83447097300043\",\"numberOfEmployees\":{\"@type\":\"QuantitativeValue\",\"minValue\":\"1\",\"maxValue\":\"10\"}},{\"@type\":\"Person\",\"@id\":\"https:\/\/dicodusport.fr\/blog\/#\/schema\/person\/0e50be5ee9a0e6705846ac950257c4a0\",\"name\":\"Alexandre Jeffroy\",\"image\":{\"@type\":\"ImageObject\",\"inLanguage\":\"fr-FR\",\"@id\":\"https:\/\/dicodusport.fr\/blog\/#\/schema\/person\/image\/\",\"url\":\"https:\/\/dicodusport.fr\/blog\/wp-content\/uploads\/2021\/05\/Alexandre-Jeffroy-150x150.jpg\",\"contentUrl\":\"https:\/\/dicodusport.fr\/blog\/wp-content\/uploads\/2021\/05\/Alexandre-Jeffroy-150x150.jpg\",\"caption\":\"Alexandre Jeffroy\"},\"description\":\"Journaliste\/R\u00e9dacteur depuis octobre 2020 - Bolt qui foudroie le record du monde du 100 m\u00e8tres, les derniers essais de Dominici, les premi\u00e8res charges d\u00e9vastatrices de Bastarocket... de beaux souvenirs pour une grande passion, celle du sport. L\u2019histoire du sport aussi. Comprendre le r\u00f4le qu\u2019il a eu, celui qu\u2019il a et celui qu\u2019il aura dans notre soci\u00e9t\u00e9. Le sport au pass\u00e9, au pr\u00e9sent, au futur. Le sport tous les jours, matin, midi et soir. A d\u00e9faut d\u2019\u00eatre un grand sportif, je suis et je raconte l\u2019actualit\u00e9 et l\u2019histoire des championnes et des champions qui savent se d\u00e9passer pour accomplir des merveilles.\",\"sameAs\":[\"https:\/\/www.facebook.com\/alexandre.jeffroy.3\/\",\"https:\/\/x.com\/https:\/\/twitter.com\/smokinalexjoe\"],\"url\":\"https:\/\/dicodusport.fr\/blog\/author\/alexandrejeffroy\/\"}]}<\/script>\n<!-- \/ Yoast SEO Premium plugin. -->","yoast_head_json":{"title":"Mondiaux d'athl\u00e9tisme 2022 : Jackson, Lyles, Tual, le r\u00e9capitulatif de la 7\u00e8me journ\u00e9e","description":"Jackson et Lyles en mode fus\u00e9e, Lamotte impressionne en demie... Voici le r\u00e9capitulatif de la septi\u00e8me journ\u00e9e des Mondiaux de Eugene.\u00a0","robots":{"index":"index","follow":"follow","max-snippet":"max-snippet:-1","max-image-preview":"max-image-preview:large","max-video-preview":"max-video-preview:-1"},"canonical":"https:\/\/dicodusport.fr\/blog\/mondiaux-athletisme-2022-jackson-lyles-tual-le-recapitulatif-de-la-7eme-journee\/","og_locale":"fr_FR","og_type":"article","og_title":"Mondiaux d'athl\u00e9tisme 2022 : Jackson, Lyles, Tual, le r\u00e9capitulatif de la 7\u00e8me journ\u00e9e","og_description":"Jackson et Lyles en mode fus\u00e9e, Lamotte impressionne en demie... Voici le r\u00e9capitulatif de la septi\u00e8me journ\u00e9e des Mondiaux de Eugene.\u00a0","og_url":"https:\/\/dicodusport.fr\/blog\/mondiaux-athletisme-2022-jackson-lyles-tual-le-recapitulatif-de-la-7eme-journee\/","og_site_name":"Dicodusport","article_publisher":"https:\/\/www.facebook.com\/dicodusport","article_author":"https:\/\/www.facebook.com\/alexandre.jeffroy.3\/","article_published_time":"2022-07-22T06:22:53+00:00","article_modified_time":"2022-07-22T11:38:28+00:00","og_image":[{"width":800,"height":445,"url":"https:\/\/dicodusport.fr\/blog\/wp-content\/uploads\/2022\/07\/Mondiaux-dathletisme-2022-Jackson-Lyles-Tual-le-recapitulatif-de-la-7eme-journee.png","type":"image\/png"}],"author":"Alexandre Jeffroy","twitter_card":"summary_large_image","twitter_title":"Mondiaux d'athl\u00e9tisme 2022 : Jackson, Lyles, Tual, le r\u00e9capitulatif de la 7\u00e8me journ\u00e9e","twitter_creator":"@https:\/\/twitter.com\/smokinalexjoe","twitter_site":"@dicodusport","schema":{"@context":"https:\/\/schema.org","@graph":[{"@type":"NewsArticle","@id":"https:\/\/dicodusport.fr\/blog\/mondiaux-athletisme-2022-jackson-lyles-tual-le-recapitulatif-de-la-7eme-journee\/#article","isPartOf":{"@id":"https:\/\/dicodusport.fr\/blog\/mondiaux-athletisme-2022-jackson-lyles-tual-le-recapitulatif-de-la-7eme-journee\/"},"author":{"name":"Alexandre Jeffroy","@id":"https:\/\/dicodusport.fr\/blog\/#\/schema\/person\/0e50be5ee9a0e6705846ac950257c4a0"},"headline":"Mondiaux d&rsquo;athl\u00e9tisme 2022 : Jackson, Lyles, Tual, le r\u00e9capitulatif de la 7\u00e8me journ\u00e9e","datePublished":"2022-07-22T06:22:53+00:00","dateModified":"2022-07-22T11:38:28+00:00","mainEntityOfPage":{"@id":"https:\/\/dicodusport.fr\/blog\/mondiaux-athletisme-2022-jackson-lyles-tual-le-recapitulatif-de-la-7eme-journee\/"},"wordCount":679,"commentCount":0,"publisher":{"@id":"https:\/\/dicodusport.fr\/blog\/#organization"},"image":{"@id":"https:\/\/dicodusport.fr\/blog\/mondiaux-athletisme-2022-jackson-lyles-tual-le-recapitulatif-de-la-7eme-journee\/#primaryimage"},"thumbnailUrl":"https:\/\/dicodusport.fr\/blog\/wp-content\/uploads\/2022\/07\/Mondiaux-dathletisme-2022-Jackson-Lyles-Tual-le-recapitulatif-de-la-7eme-journee.png","keywords":["Athl\u00e9tisme","r\u00e9capitulatif"],"articleSection":["Championnats du monde d'athl\u00e9tisme"],"inLanguage":"fr-FR","potentialAction":[{"@type":"CommentAction","name":"Comment","target":["https:\/\/dicodusport.fr\/blog\/mondiaux-athletisme-2022-jackson-lyles-tual-le-recapitulatif-de-la-7eme-journee\/#respond"]}],"copyrightYear":"2022","copyrightHolder":{"@id":"https:\/\/dicodusport.fr\/blog\/#organization"}},{"@type":"WebPage","@id":"https:\/\/dicodusport.fr\/blog\/mondiaux-athletisme-2022-jackson-lyles-tual-le-recapitulatif-de-la-7eme-journee\/","url":"https:\/\/dicodusport.fr\/blog\/mondiaux-athletisme-2022-jackson-lyles-tual-le-recapitulatif-de-la-7eme-journee\/","name":"Mondiaux d'athl\u00e9tisme 2022 : Jackson, Lyles, Tual, le r\u00e9capitulatif de la 7\u00e8me journ\u00e9e","isPartOf":{"@id":"https:\/\/dicodusport.fr\/blog\/#website"},"primaryImageOfPage":{"@id":"https:\/\/dicodusport.fr\/blog\/mondiaux-athletisme-2022-jackson-lyles-tual-le-recapitulatif-de-la-7eme-journee\/#primaryimage"},"image":{"@id":"https:\/\/dicodusport.fr\/blog\/mondiaux-athletisme-2022-jackson-lyles-tual-le-recapitulatif-de-la-7eme-journee\/#primaryimage"},"thumbnailUrl":"https:\/\/dicodusport.fr\/blog\/wp-content\/uploads\/2022\/07\/Mondiaux-dathletisme-2022-Jackson-Lyles-Tual-le-recapitulatif-de-la-7eme-journee.png","datePublished":"2022-07-22T06:22:53+00:00","dateModified":"2022-07-22T11:38:28+00:00","description":"Jackson et Lyles en mode fus\u00e9e, Lamotte impressionne en demie... Voici le r\u00e9capitulatif de la septi\u00e8me journ\u00e9e des Mondiaux de Eugene.\u00a0","breadcrumb":{"@id":"https:\/\/dicodusport.fr\/blog\/mondiaux-athletisme-2022-jackson-lyles-tual-le-recapitulatif-de-la-7eme-journee\/#breadcrumb"},"inLanguage":"fr-FR","potentialAction":[{"@type":"ReadAction","target":["https:\/\/dicodusport.fr\/blog\/mondiaux-athletisme-2022-jackson-lyles-tual-le-recapitulatif-de-la-7eme-journee\/"]}]},{"@type":"ImageObject","inLanguage":"fr-FR","@id":"https:\/\/dicodusport.fr\/blog\/mondiaux-athletisme-2022-jackson-lyles-tual-le-recapitulatif-de-la-7eme-journee\/#primaryimage","url":"https:\/\/dicodusport.fr\/blog\/wp-content\/uploads\/2022\/07\/Mondiaux-dathletisme-2022-Jackson-Lyles-Tual-le-recapitulatif-de-la-7eme-journee.png","contentUrl":"https:\/\/dicodusport.fr\/blog\/wp-content\/uploads\/2022\/07\/Mondiaux-dathletisme-2022-Jackson-Lyles-Tual-le-recapitulatif-de-la-7eme-journee.png","width":800,"height":445,"caption":"Gabriel Tual aux Mondiaux d'athl\u00e9tisme 2022, \u00e0 Eugene (USA) - Photo Icon Sport"},{"@type":"BreadcrumbList","@id":"https:\/\/dicodusport.fr\/blog\/mondiaux-athletisme-2022-jackson-lyles-tual-le-recapitulatif-de-la-7eme-journee\/#breadcrumb","itemListElement":[{"@type":"ListItem","position":1,"name":"Accueil","item":"https:\/\/dicodusport.fr\/blog\/"},{"@type":"ListItem","position":2,"name":"Mondiaux d&rsquo;athl\u00e9tisme 2022 : Jackson, Lyles, Tual, le r\u00e9capitulatif de la 7\u00e8me journ\u00e9e"}]},{"@type":"WebSite","@id":"https:\/\/dicodusport.fr\/blog\/#website","url":"https:\/\/dicodusport.fr\/blog\/","name":"Dicodusport","description":"L&#039;encyclop\u00e9die de l&#039;actualit\u00e9 sportive","publisher":{"@id":"https:\/\/dicodusport.fr\/blog\/#organization"},"potentialAction":[{"@type":"SearchAction","target":{"@type":"EntryPoint","urlTemplate":"https:\/\/dicodusport.fr\/blog\/?s={search_term_string}"},"query-input":{"@type":"PropertyValueSpecification","valueRequired":true,"valueName":"search_term_string"}}],"inLanguage":"fr-FR"},{"@type":"NewsMediaOrganization","@id":"https:\/\/dicodusport.fr\/blog\/#organization","name":"Dicodusport","url":"https:\/\/dicodusport.fr\/blog\/","logo":{"@type":"ImageObject","inLanguage":"fr-FR","@id":"https:\/\/dicodusport.fr\/blog\/#\/schema\/logo\/image\/","url":"https:\/\/dicodusport.fr\/blog\/wp-content\/uploads\/2020\/06\/cropped-LOGO-DICODUSPORT-2020-SANS-FOND-SANS-TEXTE.png","contentUrl":"https:\/\/dicodusport.fr\/blog\/wp-content\/uploads\/2020\/06\/cropped-LOGO-DICODUSPORT-2020-SANS-FOND-SANS-TEXTE.png","width":512,"height":512,"caption":"Dicodusport"},"image":{"@id":"https:\/\/dicodusport.fr\/blog\/#\/schema\/logo\/image\/"},"sameAs":["https:\/\/www.facebook.com\/dicodusport","https:\/\/x.com\/dicodusport","https:\/\/www.instagram.com\/dicodusport\/","https:\/\/www.youtube.com\/channel\/UC7V2KZ5sd3htJivAbA4ZG3w"],"description":"Dicodusport est l'encyclop\u00e9die de l'actualit\u00e9 sportive.","email":"bonjour@dicodusport.fr","legalName":"DICODUSPORT","foundingDate":"2018-01-14","vatID":"FR71834470973","taxID":"83447097300043","numberOfEmployees":{"@type":"QuantitativeValue","minValue":"1","maxValue":"10"}},{"@type":"Person","@id":"https:\/\/dicodusport.fr\/blog\/#\/schema\/person\/0e50be5ee9a0e6705846ac950257c4a0","name":"Alexandre Jeffroy","image":{"@type":"ImageObject","inLanguage":"fr-FR","@id":"https:\/\/dicodusport.fr\/blog\/#\/schema\/person\/image\/","url":"https:\/\/dicodusport.fr\/blog\/wp-content\/uploads\/2021\/05\/Alexandre-Jeffroy-150x150.jpg","contentUrl":"https:\/\/dicodusport.fr\/blog\/wp-content\/uploads\/2021\/05\/Alexandre-Jeffroy-150x150.jpg","caption":"Alexandre Jeffroy"},"description":"Journaliste\/R\u00e9dacteur depuis octobre 2020 - Bolt qui foudroie le record du monde du 100 m\u00e8tres, les derniers essais de Dominici, les premi\u00e8res charges d\u00e9vastatrices de Bastarocket... de beaux souvenirs pour une grande passion, celle du sport. L\u2019histoire du sport aussi. Comprendre le r\u00f4le qu\u2019il a eu, celui qu\u2019il a et celui qu\u2019il aura dans notre soci\u00e9t\u00e9. Le sport au pass\u00e9, au pr\u00e9sent, au futur. Le sport tous les jours, matin, midi et soir. A d\u00e9faut d\u2019\u00eatre un grand sportif, je suis et je raconte l\u2019actualit\u00e9 et l\u2019histoire des championnes et des champions qui savent se d\u00e9passer pour accomplir des merveilles.","sameAs":["https:\/\/www.facebook.com\/alexandre.jeffroy.3\/","https:\/\/x.com\/https:\/\/twitter.com\/smokinalexjoe"],"url":"https:\/\/dicodusport.fr\/blog\/author\/alexandrejeffroy\/"}]}},"_links":{"self":[{"href":"https:\/\/dicodusport.fr\/blog\/wp-json\/wp\/v2\/posts\/245482","targetHints":{"allow":["GET"]}}],"collection":[{"href":"https:\/\/dicodusport.fr\/blog\/wp-json\/wp\/v2\/posts"}],"about":[{"href":"https:\/\/dicodusport.fr\/blog\/wp-json\/wp\/v2\/types\/post"}],"author":[{"embeddable":true,"href":"https:\/\/dicodusport.fr\/blog\/wp-json\/wp\/v2\/users\/45"}],"replies":[{"embeddable":true,"href":"https:\/\/dicodusport.fr\/blog\/wp-json\/wp\/v2\/comments?post=245482"}],"version-history":[{"count":0,"href":"https:\/\/dicodusport.fr\/blog\/wp-json\/wp\/v2\/posts\/245482\/revisions"}],"wp:featuredmedia":[{"embeddable":true,"href":"https:\/\/dicodusport.fr\/blog\/wp-json\/wp\/v2\/media\/245492"}],"wp:attachment":[{"href":"https:\/\/dicodusport.fr\/blog\/wp-json\/wp\/v2\/media?parent=245482"}],"wp:term":[{"taxonomy":"category","embeddable":true,"href":"https:\/\/dicodusport.fr\/blog\/wp-json\/wp\/v2\/categories?post=245482"},{"taxonomy":"post_tag","embeddable":true,"href":"https:\/\/dicodusport.fr\/blog\/wp-json\/wp\/v2\/tags?post=245482"}],"curies":[{"name":"wp","href":"https:\/\/api.w.org\/{rel}","templated":true}]}}