{"id":245735,"date":"2022-07-23T08:12:58","date_gmt":"2022-07-23T06:12:58","guid":{"rendered":"https:\/\/dicodusport.fr\/blog\/?p=245735&#038;preview=true&#038;preview_id=245735"},"modified":"2022-07-23T11:33:50","modified_gmt":"2022-07-23T09:33:50","slug":"mondiaux-athletisme-2022-mclaughlin-miller-uibo-garcia-leon-le-recapitulatif-de-la-8eme-journee","status":"publish","type":"post","link":"https:\/\/dicodusport.fr\/blog\/mondiaux-athletisme-2022-mclaughlin-miller-uibo-garcia-leon-le-recapitulatif-de-la-8eme-journee\/","title":{"rendered":"Mondiaux d&rsquo;athl\u00e9tisme 2022 : McLaughlin, Miller-Uibo, Garcia Leon, le r\u00e9capitulatif de la 8\u00e8me journ\u00e9e"},"content":{"rendered":"<p style=\"text-align: justify;\"><em><strong><b><a href=\"https:\/\/dicodusport.fr\/blog\/calendrier-et-resultats-championnats-du-monde-athletisme-2022\/\">ATHL\u00c9TISME \u2013 CHAMPIONNATS DU MONDE 2022<\/a>\u00a0\u2013<\/b> La performance stratosph\u00e9rique de McLaughlin, le titre mondial enfin obtenu par Miller-Uibo&#8230; Voici le r\u00e9capitulatif de la 8\u00e8me journ\u00e9e des Mondiaux de Eugene.\u00a0<\/strong><\/em><\/p>\n<h2 style=\"text-align: justify;\">Nouveau titre pour Garcia Leon et le P\u00e9rou<\/h2>\n<p style=\"text-align: justify;\">D\u00e9cid\u00e9ment, apr\u00e8s avoir remport\u00e9 le 20 km marche en d\u00e9but de championnats, la P\u00e9ruvienne <strong>Kimberly Garcia Leon<\/strong> a r\u00e9cidiv\u00e9 aujourd&rsquo;hui en enlevant le 35 km. C&rsquo;est un nouveau titre mondial pour le P\u00e9rou, le deuxi\u00e8me de son histoire. Pour conqu\u00e9rir ce second titre, la Sud-Am\u00e9ricaine est all\u00e9e chercher le record des championnats du monde en 2h39:16. Derri\u00e8re elle, l&rsquo;argent est revenu \u00e0 la Polonaise <strong>Katarzyna Zdzieblo<\/strong> (2h40:03) et le bronze \u00e0 la Chinoise <strong>Shijie Qieyang<\/strong> (2h40:37).<\/p>\n<blockquote class=\"twitter-tweet\">\n<p dir=\"ltr\" lang=\"en\">HISTORIA PARA EL PER\u00da<\/p>\n<p>Kimberly Garc\u00eda Le\u00f3n strikes world 35km race walk gold only one week after her 20k title.<\/p>\n<p>Peru, which had never won any world medal up until this year, is now 5th on the medal table!<a href=\"https:\/\/twitter.com\/hashtag\/WorldAthleticsChamps?src=hash&amp;ref_src=twsrc%5Etfw\">#WorldAthleticsChamps<\/a> <a href=\"https:\/\/t.co\/pq56xyLUS5\">pic.twitter.com\/pq56xyLUS5<\/a><\/p>\n<p>\u2014 World Athletics (@WorldAthletics) <a href=\"https:\/\/twitter.com\/WorldAthletics\/status\/1550558671909765120?ref_src=twsrc%5Etfw\">July 22, 2022<\/a><\/p><\/blockquote>\n<p><script async src=\"https:\/\/platform.twitter.com\/widgets.js\" charset=\"utf-8\"><\/script><\/p>\n<h2 style=\"text-align: justify;\">Renaud Lavillenie, seul rescap\u00e9 tricolore des qualifs&rsquo;<\/h2>\n<p style=\"text-align: justify;\"><strong>Renaud Lavillenie<\/strong> a eu tr\u00e8s chaud lors de ces qualifications du saut \u00e0 la perche ! Bloqu\u00e9 \u00e0 5.65 m sur ses deux premiers essais, il est pass\u00e9 au troisi\u00e8me saut. Ensuite, il a effac\u00e9 5.75 m \u00e0 la deuxi\u00e8me tentative, lui assurant ainsi une place en finale. Malheureusement, \u00e7a a \u00e9t\u00e9 plus compliqu\u00e9 pour son fr\u00e8re Valentin, \u00e9limin\u00e9 sans effacer aucune barre. Enfin, <strong>Thibaut Collet<\/strong>, quant \u00e0 lui, s&rsquo;est arr\u00eat\u00e9 \u00e0 5.65 m et n&rsquo;a pas obtenu son billet pour la finale.<\/p>\n<h2 style=\"text-align: justify;\">Le relais fran\u00e7ais remporte sa s\u00e9rie et se qualifie en finale<\/h2>\n<p style=\"text-align: justify;\">Tr\u00e8s beau travail du relais masculin fran\u00e7ais sur 4&#215;100 m. En effet, sur la deuxi\u00e8me s\u00e9rie, les Fran\u00e7ais (<strong>M\u00e9ba-Micka\u00ebl Zeze, Pablo Mateo, Ryan Zeze et Jimmy Vicault<\/strong>) l&rsquo;ont emport\u00e9 en 38.09. Pour le reste, les Am\u00e9ricains et les Canadiens ont facilement obtenu leur qualification. C&rsquo;est pass\u00e9 de peu pour les Jama\u00efcains, qui ont obtenu leur ticket au temps. En revanche, les Italiens, champions olympiques en titre mais priv\u00e9s de <strong>Lamont Marcell Jacobs<\/strong>, ont \u00e9t\u00e9 \u00e9limin\u00e9s. Chez les femmes, pas de grosses surprises. On notera juste la qualification facile des trois favorites : la Grande-Bretagne, la Jama\u00efque et les Etats-Unis.<\/p>\n<h2 style=\"text-align: justify;\">\u00c7a ne passe pas pour R\u00e9nelle Lamote<\/h2>\n<p style=\"text-align: justify;\">Apr\u00e8s une belle prestation en s\u00e9rie, <strong>R\u00e9nelle Lamote<\/strong> n&rsquo;a pas r\u00e9ussi \u00e0 r\u00e9cidiver en demi-finale du 800 m. A 200 m de l&rsquo;arriv\u00e9e, la Fran\u00e7aise n&rsquo;a pas pu r\u00e9agir aux d\u00e9passements de ses concurrentes. Elle a termin\u00e9 sa course en 2:00.86. Grosse d\u00e9sillusion pour la Fran\u00e7aise.<\/p>\n<h2 style=\"text-align: justify;\">Shaunae Miller-Uibo enfin championne du monde<\/h2>\n<p style=\"text-align: justify;\">C&rsquo;\u00e9tait le titre majeur qui lui manquait encore ! Cette fois-ci, la double championne olympique est all\u00e9e chercher cette m\u00e9daille d&rsquo;or manquante \u00e0 son beau palmar\u00e8s. \u00c0 28 ans, la Baham\u00e9enne <strong>Shaunae Miller-Uibo<\/strong> est donc championne du monde du 400 m et s&rsquo;est impos\u00e9e avec un chrono en 49.11. Deux autres athl\u00e8tes carib\u00e9ennes compl\u00e8tent le podium : la Dominicaine <strong>Marileidy Paulino<\/strong> a fini deuxi\u00e8me (49.60) devant la Barbadienne <strong>Sada Williams<\/strong> (49.75).<\/p>\n<blockquote class=\"twitter-tweet\">\n<p dir=\"ltr\" lang=\"en\">THE 400M QUEEN<\/p>\n<p>Olympic champion<br \/>\nWorld indoor champion<br \/>\n<a href=\"https:\/\/twitter.com\/Hey_ItsShaunae?ref_src=twsrc%5Etfw\">@Hey_ItsShaunae<\/a> finally claims the only global title she was missing!<a href=\"https:\/\/twitter.com\/hashtag\/WorldAthleticsChamps?src=hash&amp;ref_src=twsrc%5Etfw\">#WorldAthleticsChamps<\/a> <a href=\"https:\/\/t.co\/c9X3gMukpY\">pic.twitter.com\/c9X3gMukpY<\/a><\/p>\n<p>\u2014 World Athletics (@WorldAthletics) <a href=\"https:\/\/twitter.com\/WorldAthletics\/status\/1550715063954055168?ref_src=twsrc%5Etfw\">July 23, 2022<\/a><\/p><\/blockquote>\n<p><script async src=\"https:\/\/platform.twitter.com\/widgets.js\" charset=\"utf-8\"><\/script><\/p>\n<h2 style=\"text-align: justify;\">Kelsey-Lee Barber de nouveau championne du monde<\/h2>\n<p style=\"text-align: justify;\">Ce vendredi, \u00e0 Eugene, l&rsquo;Australienne<strong> Kelsey-Lee Barber<\/strong> est parvenue \u00e0 conserver son titre au lancer du javelot. Lors de son troisi\u00e8me essai, elle a envoy\u00e9 le javelot \u00e0 66.91 m, lui assurant une certaine tranquillit\u00e9 pour le reste de la finale. Apr\u00e8s elle, l&rsquo;Am\u00e9ricaine <strong>Kara Winger<\/strong> (64.05 m) et la Japonaise <strong>Haruka Kitaguchi<\/strong> (63.27 m) ont r\u00e9ussi \u00e0 se faire une place sur le podium gr\u00e2ce \u00e0 leurs derni\u00e8res tentatives.<\/p>\n<h2 style=\"text-align: justify;\">Norman d\u00e9cor\u00e9 sur 400 m<\/h2>\n<p style=\"text-align: justify;\">En l&rsquo;absence de <strong>Steven Gardiner<\/strong>, il y avait une place \u00e0 prendre sur le 400 m masculin. Celle-ci a donc \u00e9t\u00e9 prise par l&rsquo;Am\u00e9ricain<strong> Michael Norman<\/strong>, qui \u00e9tait l&rsquo;un des grands favoris. Avec le Grenadin <strong>Kirani James<\/strong>, il aura d\u00fb lutter jusqu&rsquo;au bout pour enlever cette finale et ce titre mondial, \u00e0 domicile (44.30). Le champion olympique de Londres a, quant \u00e0 lui, termin\u00e9 deuxi\u00e8me (44.48), devant le Britannique <strong>Matthew Hudson-Smith<\/strong> (44.66).<\/p>\n<blockquote class=\"twitter-tweet\">\n<p dir=\"ltr\" lang=\"en\">World champion. At home. <a href=\"https:\/\/twitter.com\/Mike_Norman22?ref_src=twsrc%5Etfw\">@Mike_Norman22<\/a> storms to 44.29 victory to claim world 400m gold!<a href=\"https:\/\/twitter.com\/hashtag\/WorldAthleticsChamps?src=hash&amp;ref_src=twsrc%5Etfw\">#WorldAthleticsChamps<\/a> <a href=\"https:\/\/t.co\/GSca66qh5h\">pic.twitter.com\/GSca66qh5h<\/a><\/p>\n<p>\u2014 World Athletics (@WorldAthletics) <a href=\"https:\/\/twitter.com\/WorldAthletics\/status\/1550719119393112064?ref_src=twsrc%5Etfw\">July 23, 2022<\/a><\/p><\/blockquote>\n<p><script async src=\"https:\/\/platform.twitter.com\/widgets.js\" charset=\"utf-8\"><\/script><\/p>\n<h2 style=\"text-align: justify;\">Sydney McLaughlin pulv\u00e9rise son record du monde !<\/h2>\n<p style=\"text-align: justify;\">Il a fallu attendre le huiti\u00e8me jour de comp\u00e9tition pour enfin voir un record du monde tomber ! En m\u00eame temps, tout \u00e9tait r\u00e9uni pour que \u00e7a se passe sur le 400 m haies f\u00e9minin. En effet, <strong>Sydney McLaughlin<\/strong>, la championne olympique en titre et recordwoman du monde, \u00e9tait dans une tr\u00e8s grande forme avant d&rsquo;attaquer les championnats du monde \u00e0 domicile. Aujourd&rsquo;hui, en finale, on aurait dit qu&rsquo;elle \u00e9tait en mission, pour marquer encore plus profond\u00e9ment l&rsquo;histoire de son empreinte. Avec une course remarquable, elle a torpill\u00e9 son pr\u00e9c\u00e9dent record du monde (51.41) en lui enlevant pr\u00e8s de 7 dixi\u00e8mes (50.68) ! Ses concurrentes n&rsquo;ont \u00e9videmment rien pu faire malgr\u00e9 de belles performances r\u00e9alis\u00e9es par la N\u00e9erlandaise <strong>Femke Bol<\/strong> (52.27), d\u00e9cor\u00e9e d&rsquo;argent, et l&rsquo;Am\u00e9ricaine <strong>Dalilah Muhammad<\/strong> (53.13), par\u00e9e de bronze.<\/p>\n<blockquote class=\"twitter-tweet\">\n<p dir=\"ltr\" lang=\"en\">WORLD CHAMPION &#x203c;&#xfe0f; WORLD RECORD &#x203c;&#xfe0f; SYDNEY MCLAUGHLIN<\/p>\n<p>OLYMPIC CHAMPION <a href=\"https:\/\/twitter.com\/GoSydGo?ref_src=twsrc%5Etfw\">@GoSydGo<\/a> DESTROYS HER OWN WORLD RECORD IN 5&#x20e3;0&#x20e3;.6&#x20e3;8&#x20e3; TO CLAIM WORLD 400M HURDLES GOLD <a href=\"https:\/\/twitter.com\/hashtag\/WorldAthleticsChamps?src=hash&amp;ref_src=twsrc%5Etfw\">#WorldAthleticsChamps<\/a> <a href=\"https:\/\/t.co\/Ilay0XwVz1\">pic.twitter.com\/Ilay0XwVz1<\/a><\/p>\n<p>\u2014 World Athletics (@WorldAthletics) <a href=\"https:\/\/twitter.com\/WorldAthletics\/status\/1550676063889473538?ref_src=twsrc%5Etfw\">July 23, 2022<\/a><\/p><\/blockquote>\n<p><script async src=\"https:\/\/platform.twitter.com\/widgets.js\" charset=\"utf-8\"><\/script><\/p>\n<ul>\n<li style=\"text-align: justify;\"><strong>\u00c0 lire aussi &#8211; <a href=\"https:\/\/dicodusport.fr\/blog\/tableaux-des-medailles-championnats-du-monde-athletisme-2022\/\">Le tableau des m\u00e9dailles des Mondiaux d&rsquo;athl\u00e9tisme<\/a><\/strong><\/li>\n<\/ul>\n","protected":false},"excerpt":{"rendered":"<p>ATHL\u00c9TISME \u2013 CHAMPIONNATS DU MONDE 2022\u00a0\u2013 La performance stratosph\u00e9rique de McLaughlin, le titre mondial enfin obtenu par Miller-Uibo&#8230; Voici le r\u00e9capitulatif de la 8\u00e8me journ\u00e9e des Mondiaux de Eugene.\u00a0<\/p>\n","protected":false},"author":45,"featured_media":245744,"comment_status":"open","ping_status":"closed","sticky":false,"template":"","format":"standard","meta":{"_acf_changed":false,"_daextam_enable_autolinks":"","footnotes":""},"categories":[46997],"tags":[143,25099],"class_list":["post-245735","post","type-post","status-publish","format-standard","has-post-thumbnail","hentry","category-championnats-du-monde-athletisme","tag-athletisme","tag-recapitulatif"],"acf":[],"yoast_head":"<!-- This site is optimized with the Yoast SEO Premium plugin v26.7 (Yoast SEO v26.7) - https:\/\/yoast.com\/wordpress\/plugins\/seo\/ -->\n<title>Mondiaux d&#039;athl\u00e9tisme 2022 : McLaughlin, Miller-Uibo, Garcia Leon, le r\u00e9capitulatif de la 8\u00e8me journ\u00e9e<\/title>\n<meta name=\"description\" content=\"La performance stratosph\u00e9rique de McLaughlin, Miller-Uibo enfin en or... Voici le r\u00e9capitulatif de la 8\u00e8me journ\u00e9e des Mondiaux de Eugene.\" \/>\n<meta name=\"robots\" content=\"index, follow, max-snippet:-1, max-image-preview:large, max-video-preview:-1\" \/>\n<link rel=\"canonical\" href=\"https:\/\/dicodusport.fr\/blog\/mondiaux-athletisme-2022-mclaughlin-miller-uibo-garcia-leon-le-recapitulatif-de-la-8eme-journee\/\" \/>\n<meta property=\"og:locale\" content=\"fr_FR\" \/>\n<meta property=\"og:type\" content=\"article\" \/>\n<meta property=\"og:title\" content=\"Mondiaux d&#039;athl\u00e9tisme 2022 : McLaughlin, Miller-Uibo, Garcia Leon, le r\u00e9capitulatif de la 8\u00e8me journ\u00e9e\" \/>\n<meta property=\"og:description\" content=\"La performance stratosph\u00e9rique de McLaughlin, Miller-Uibo enfin en or... Voici le r\u00e9capitulatif de la 8\u00e8me journ\u00e9e des Mondiaux de Eugene.\" \/>\n<meta property=\"og:url\" content=\"https:\/\/dicodusport.fr\/blog\/mondiaux-athletisme-2022-mclaughlin-miller-uibo-garcia-leon-le-recapitulatif-de-la-8eme-journee\/\" \/>\n<meta property=\"og:site_name\" content=\"Dicodusport\" \/>\n<meta property=\"article:publisher\" content=\"https:\/\/www.facebook.com\/dicodusport\" \/>\n<meta property=\"article:author\" content=\"https:\/\/www.facebook.com\/alexandre.jeffroy.3\/\" \/>\n<meta property=\"article:published_time\" content=\"2022-07-23T06:12:58+00:00\" \/>\n<meta property=\"article:modified_time\" content=\"2022-07-23T09:33:50+00:00\" \/>\n<meta property=\"og:image\" content=\"https:\/\/dicodusport.fr\/blog\/wp-content\/uploads\/2022\/07\/Mondiaux-dathletisme-2022-McLaughlin-Miller-Uibo-Garcia-Leon-le-recapitulatif-de-la-8eme-journee.png\" \/>\n\t<meta property=\"og:image:width\" content=\"800\" \/>\n\t<meta property=\"og:image:height\" content=\"445\" \/>\n\t<meta property=\"og:image:type\" content=\"image\/png\" \/>\n<meta name=\"author\" content=\"Alexandre Jeffroy\" \/>\n<meta name=\"twitter:card\" content=\"summary_large_image\" \/>\n<meta name=\"twitter:title\" content=\"Mondiaux d&#039;athl\u00e9tisme 2022 : McLaughlin, Miller-Uibo, Garcia Leon, le r\u00e9capitulatif de la 8\u00e8me journ\u00e9e\" \/>\n<meta name=\"twitter:creator\" content=\"@https:\/\/twitter.com\/smokinalexjoe\" \/>\n<meta name=\"twitter:site\" content=\"@dicodusport\" \/>\n<script type=\"application\/ld+json\" class=\"yoast-schema-graph\">{\"@context\":\"https:\/\/schema.org\",\"@graph\":[{\"@type\":\"NewsArticle\",\"@id\":\"https:\/\/dicodusport.fr\/blog\/mondiaux-athletisme-2022-mclaughlin-miller-uibo-garcia-leon-le-recapitulatif-de-la-8eme-journee\/#article\",\"isPartOf\":{\"@id\":\"https:\/\/dicodusport.fr\/blog\/mondiaux-athletisme-2022-mclaughlin-miller-uibo-garcia-leon-le-recapitulatif-de-la-8eme-journee\/\"},\"author\":{\"name\":\"Alexandre Jeffroy\",\"@id\":\"https:\/\/dicodusport.fr\/blog\/#\/schema\/person\/0e50be5ee9a0e6705846ac950257c4a0\"},\"headline\":\"Mondiaux d&rsquo;athl\u00e9tisme 2022 : McLaughlin, Miller-Uibo, Garcia Leon, le r\u00e9capitulatif de la 8\u00e8me journ\u00e9e\",\"datePublished\":\"2022-07-23T06:12:58+00:00\",\"dateModified\":\"2022-07-23T09:33:50+00:00\",\"mainEntityOfPage\":{\"@id\":\"https:\/\/dicodusport.fr\/blog\/mondiaux-athletisme-2022-mclaughlin-miller-uibo-garcia-leon-le-recapitulatif-de-la-8eme-journee\/\"},\"wordCount\":973,\"commentCount\":0,\"publisher\":{\"@id\":\"https:\/\/dicodusport.fr\/blog\/#organization\"},\"image\":{\"@id\":\"https:\/\/dicodusport.fr\/blog\/mondiaux-athletisme-2022-mclaughlin-miller-uibo-garcia-leon-le-recapitulatif-de-la-8eme-journee\/#primaryimage\"},\"thumbnailUrl\":\"https:\/\/dicodusport.fr\/blog\/wp-content\/uploads\/2022\/07\/Mondiaux-dathletisme-2022-McLaughlin-Miller-Uibo-Garcia-Leon-le-recapitulatif-de-la-8eme-journee.png\",\"keywords\":[\"Athl\u00e9tisme\",\"r\u00e9capitulatif\"],\"articleSection\":[\"Championnats du monde d'athl\u00e9tisme\"],\"inLanguage\":\"fr-FR\",\"potentialAction\":[{\"@type\":\"CommentAction\",\"name\":\"Comment\",\"target\":[\"https:\/\/dicodusport.fr\/blog\/mondiaux-athletisme-2022-mclaughlin-miller-uibo-garcia-leon-le-recapitulatif-de-la-8eme-journee\/#respond\"]}],\"copyrightYear\":\"2022\",\"copyrightHolder\":{\"@id\":\"https:\/\/dicodusport.fr\/blog\/#organization\"}},{\"@type\":\"WebPage\",\"@id\":\"https:\/\/dicodusport.fr\/blog\/mondiaux-athletisme-2022-mclaughlin-miller-uibo-garcia-leon-le-recapitulatif-de-la-8eme-journee\/\",\"url\":\"https:\/\/dicodusport.fr\/blog\/mondiaux-athletisme-2022-mclaughlin-miller-uibo-garcia-leon-le-recapitulatif-de-la-8eme-journee\/\",\"name\":\"Mondiaux d'athl\u00e9tisme 2022 : McLaughlin, Miller-Uibo, Garcia Leon, le r\u00e9capitulatif de la 8\u00e8me journ\u00e9e\",\"isPartOf\":{\"@id\":\"https:\/\/dicodusport.fr\/blog\/#website\"},\"primaryImageOfPage\":{\"@id\":\"https:\/\/dicodusport.fr\/blog\/mondiaux-athletisme-2022-mclaughlin-miller-uibo-garcia-leon-le-recapitulatif-de-la-8eme-journee\/#primaryimage\"},\"image\":{\"@id\":\"https:\/\/dicodusport.fr\/blog\/mondiaux-athletisme-2022-mclaughlin-miller-uibo-garcia-leon-le-recapitulatif-de-la-8eme-journee\/#primaryimage\"},\"thumbnailUrl\":\"https:\/\/dicodusport.fr\/blog\/wp-content\/uploads\/2022\/07\/Mondiaux-dathletisme-2022-McLaughlin-Miller-Uibo-Garcia-Leon-le-recapitulatif-de-la-8eme-journee.png\",\"datePublished\":\"2022-07-23T06:12:58+00:00\",\"dateModified\":\"2022-07-23T09:33:50+00:00\",\"description\":\"La performance stratosph\u00e9rique de McLaughlin, Miller-Uibo enfin en or... Voici le r\u00e9capitulatif de la 8\u00e8me journ\u00e9e des Mondiaux de Eugene.\",\"breadcrumb\":{\"@id\":\"https:\/\/dicodusport.fr\/blog\/mondiaux-athletisme-2022-mclaughlin-miller-uibo-garcia-leon-le-recapitulatif-de-la-8eme-journee\/#breadcrumb\"},\"inLanguage\":\"fr-FR\",\"potentialAction\":[{\"@type\":\"ReadAction\",\"target\":[\"https:\/\/dicodusport.fr\/blog\/mondiaux-athletisme-2022-mclaughlin-miller-uibo-garcia-leon-le-recapitulatif-de-la-8eme-journee\/\"]}]},{\"@type\":\"ImageObject\",\"inLanguage\":\"fr-FR\",\"@id\":\"https:\/\/dicodusport.fr\/blog\/mondiaux-athletisme-2022-mclaughlin-miller-uibo-garcia-leon-le-recapitulatif-de-la-8eme-journee\/#primaryimage\",\"url\":\"https:\/\/dicodusport.fr\/blog\/wp-content\/uploads\/2022\/07\/Mondiaux-dathletisme-2022-McLaughlin-Miller-Uibo-Garcia-Leon-le-recapitulatif-de-la-8eme-journee.png\",\"contentUrl\":\"https:\/\/dicodusport.fr\/blog\/wp-content\/uploads\/2022\/07\/Mondiaux-dathletisme-2022-McLaughlin-Miller-Uibo-Garcia-Leon-le-recapitulatif-de-la-8eme-journee.png\",\"width\":800,\"height\":445,\"caption\":\"Mondiaux d'athl\u00e9tisme 2022 McLaughlin, Miller-Uibo, Garcia Leon, le r\u00e9capitulatif de la 8\u00e8me journ\u00e9e\"},{\"@type\":\"BreadcrumbList\",\"@id\":\"https:\/\/dicodusport.fr\/blog\/mondiaux-athletisme-2022-mclaughlin-miller-uibo-garcia-leon-le-recapitulatif-de-la-8eme-journee\/#breadcrumb\",\"itemListElement\":[{\"@type\":\"ListItem\",\"position\":1,\"name\":\"Accueil\",\"item\":\"https:\/\/dicodusport.fr\/blog\/\"},{\"@type\":\"ListItem\",\"position\":2,\"name\":\"Mondiaux d&rsquo;athl\u00e9tisme 2022 : McLaughlin, Miller-Uibo, Garcia Leon, le r\u00e9capitulatif de la 8\u00e8me journ\u00e9e\"}]},{\"@type\":\"WebSite\",\"@id\":\"https:\/\/dicodusport.fr\/blog\/#website\",\"url\":\"https:\/\/dicodusport.fr\/blog\/\",\"name\":\"Dicodusport\",\"description\":\"L&#039;encyclop\u00e9die de l&#039;actualit\u00e9 sportive\",\"publisher\":{\"@id\":\"https:\/\/dicodusport.fr\/blog\/#organization\"},\"potentialAction\":[{\"@type\":\"SearchAction\",\"target\":{\"@type\":\"EntryPoint\",\"urlTemplate\":\"https:\/\/dicodusport.fr\/blog\/?s={search_term_string}\"},\"query-input\":{\"@type\":\"PropertyValueSpecification\",\"valueRequired\":true,\"valueName\":\"search_term_string\"}}],\"inLanguage\":\"fr-FR\"},{\"@type\":\"NewsMediaOrganization\",\"@id\":\"https:\/\/dicodusport.fr\/blog\/#organization\",\"name\":\"Dicodusport\",\"url\":\"https:\/\/dicodusport.fr\/blog\/\",\"logo\":{\"@type\":\"ImageObject\",\"inLanguage\":\"fr-FR\",\"@id\":\"https:\/\/dicodusport.fr\/blog\/#\/schema\/logo\/image\/\",\"url\":\"https:\/\/dicodusport.fr\/blog\/wp-content\/uploads\/2020\/06\/cropped-LOGO-DICODUSPORT-2020-SANS-FOND-SANS-TEXTE.png\",\"contentUrl\":\"https:\/\/dicodusport.fr\/blog\/wp-content\/uploads\/2020\/06\/cropped-LOGO-DICODUSPORT-2020-SANS-FOND-SANS-TEXTE.png\",\"width\":512,\"height\":512,\"caption\":\"Dicodusport\"},\"image\":{\"@id\":\"https:\/\/dicodusport.fr\/blog\/#\/schema\/logo\/image\/\"},\"sameAs\":[\"https:\/\/www.facebook.com\/dicodusport\",\"https:\/\/x.com\/dicodusport\",\"https:\/\/www.instagram.com\/dicodusport\/\",\"https:\/\/www.youtube.com\/channel\/UC7V2KZ5sd3htJivAbA4ZG3w\"],\"description\":\"Dicodusport est l'encyclop\u00e9die de l'actualit\u00e9 sportive.\",\"email\":\"bonjour@dicodusport.fr\",\"legalName\":\"DICODUSPORT\",\"foundingDate\":\"2018-01-14\",\"vatID\":\"FR71834470973\",\"taxID\":\"83447097300043\",\"numberOfEmployees\":{\"@type\":\"QuantitativeValue\",\"minValue\":\"1\",\"maxValue\":\"10\"}},{\"@type\":\"Person\",\"@id\":\"https:\/\/dicodusport.fr\/blog\/#\/schema\/person\/0e50be5ee9a0e6705846ac950257c4a0\",\"name\":\"Alexandre Jeffroy\",\"image\":{\"@type\":\"ImageObject\",\"inLanguage\":\"fr-FR\",\"@id\":\"https:\/\/dicodusport.fr\/blog\/#\/schema\/person\/image\/\",\"url\":\"https:\/\/dicodusport.fr\/blog\/wp-content\/uploads\/2021\/05\/Alexandre-Jeffroy-150x150.jpg\",\"contentUrl\":\"https:\/\/dicodusport.fr\/blog\/wp-content\/uploads\/2021\/05\/Alexandre-Jeffroy-150x150.jpg\",\"caption\":\"Alexandre Jeffroy\"},\"description\":\"Journaliste\/R\u00e9dacteur depuis octobre 2020 - Bolt qui foudroie le record du monde du 100 m\u00e8tres, les derniers essais de Dominici, les premi\u00e8res charges d\u00e9vastatrices de Bastarocket... de beaux souvenirs pour une grande passion, celle du sport. L\u2019histoire du sport aussi. Comprendre le r\u00f4le qu\u2019il a eu, celui qu\u2019il a et celui qu\u2019il aura dans notre soci\u00e9t\u00e9. Le sport au pass\u00e9, au pr\u00e9sent, au futur. Le sport tous les jours, matin, midi et soir. A d\u00e9faut d\u2019\u00eatre un grand sportif, je suis et je raconte l\u2019actualit\u00e9 et l\u2019histoire des championnes et des champions qui savent se d\u00e9passer pour accomplir des merveilles.\",\"sameAs\":[\"https:\/\/www.facebook.com\/alexandre.jeffroy.3\/\",\"https:\/\/x.com\/https:\/\/twitter.com\/smokinalexjoe\"],\"url\":\"https:\/\/dicodusport.fr\/blog\/author\/alexandrejeffroy\/\"}]}<\/script>\n<!-- \/ Yoast SEO Premium plugin. -->","yoast_head_json":{"title":"Mondiaux d'athl\u00e9tisme 2022 : McLaughlin, Miller-Uibo, Garcia Leon, le r\u00e9capitulatif de la 8\u00e8me journ\u00e9e","description":"La performance stratosph\u00e9rique de McLaughlin, Miller-Uibo enfin en or... Voici le r\u00e9capitulatif de la 8\u00e8me journ\u00e9e des Mondiaux de Eugene.","robots":{"index":"index","follow":"follow","max-snippet":"max-snippet:-1","max-image-preview":"max-image-preview:large","max-video-preview":"max-video-preview:-1"},"canonical":"https:\/\/dicodusport.fr\/blog\/mondiaux-athletisme-2022-mclaughlin-miller-uibo-garcia-leon-le-recapitulatif-de-la-8eme-journee\/","og_locale":"fr_FR","og_type":"article","og_title":"Mondiaux d'athl\u00e9tisme 2022 : McLaughlin, Miller-Uibo, Garcia Leon, le r\u00e9capitulatif de la 8\u00e8me journ\u00e9e","og_description":"La performance stratosph\u00e9rique de McLaughlin, Miller-Uibo enfin en or... Voici le r\u00e9capitulatif de la 8\u00e8me journ\u00e9e des Mondiaux de Eugene.","og_url":"https:\/\/dicodusport.fr\/blog\/mondiaux-athletisme-2022-mclaughlin-miller-uibo-garcia-leon-le-recapitulatif-de-la-8eme-journee\/","og_site_name":"Dicodusport","article_publisher":"https:\/\/www.facebook.com\/dicodusport","article_author":"https:\/\/www.facebook.com\/alexandre.jeffroy.3\/","article_published_time":"2022-07-23T06:12:58+00:00","article_modified_time":"2022-07-23T09:33:50+00:00","og_image":[{"width":800,"height":445,"url":"https:\/\/dicodusport.fr\/blog\/wp-content\/uploads\/2022\/07\/Mondiaux-dathletisme-2022-McLaughlin-Miller-Uibo-Garcia-Leon-le-recapitulatif-de-la-8eme-journee.png","type":"image\/png"}],"author":"Alexandre Jeffroy","twitter_card":"summary_large_image","twitter_title":"Mondiaux d'athl\u00e9tisme 2022 : McLaughlin, Miller-Uibo, Garcia Leon, le r\u00e9capitulatif de la 8\u00e8me journ\u00e9e","twitter_creator":"@https:\/\/twitter.com\/smokinalexjoe","twitter_site":"@dicodusport","schema":{"@context":"https:\/\/schema.org","@graph":[{"@type":"NewsArticle","@id":"https:\/\/dicodusport.fr\/blog\/mondiaux-athletisme-2022-mclaughlin-miller-uibo-garcia-leon-le-recapitulatif-de-la-8eme-journee\/#article","isPartOf":{"@id":"https:\/\/dicodusport.fr\/blog\/mondiaux-athletisme-2022-mclaughlin-miller-uibo-garcia-leon-le-recapitulatif-de-la-8eme-journee\/"},"author":{"name":"Alexandre Jeffroy","@id":"https:\/\/dicodusport.fr\/blog\/#\/schema\/person\/0e50be5ee9a0e6705846ac950257c4a0"},"headline":"Mondiaux d&rsquo;athl\u00e9tisme 2022 : McLaughlin, Miller-Uibo, Garcia Leon, le r\u00e9capitulatif de la 8\u00e8me journ\u00e9e","datePublished":"2022-07-23T06:12:58+00:00","dateModified":"2022-07-23T09:33:50+00:00","mainEntityOfPage":{"@id":"https:\/\/dicodusport.fr\/blog\/mondiaux-athletisme-2022-mclaughlin-miller-uibo-garcia-leon-le-recapitulatif-de-la-8eme-journee\/"},"wordCount":973,"commentCount":0,"publisher":{"@id":"https:\/\/dicodusport.fr\/blog\/#organization"},"image":{"@id":"https:\/\/dicodusport.fr\/blog\/mondiaux-athletisme-2022-mclaughlin-miller-uibo-garcia-leon-le-recapitulatif-de-la-8eme-journee\/#primaryimage"},"thumbnailUrl":"https:\/\/dicodusport.fr\/blog\/wp-content\/uploads\/2022\/07\/Mondiaux-dathletisme-2022-McLaughlin-Miller-Uibo-Garcia-Leon-le-recapitulatif-de-la-8eme-journee.png","keywords":["Athl\u00e9tisme","r\u00e9capitulatif"],"articleSection":["Championnats du monde d'athl\u00e9tisme"],"inLanguage":"fr-FR","potentialAction":[{"@type":"CommentAction","name":"Comment","target":["https:\/\/dicodusport.fr\/blog\/mondiaux-athletisme-2022-mclaughlin-miller-uibo-garcia-leon-le-recapitulatif-de-la-8eme-journee\/#respond"]}],"copyrightYear":"2022","copyrightHolder":{"@id":"https:\/\/dicodusport.fr\/blog\/#organization"}},{"@type":"WebPage","@id":"https:\/\/dicodusport.fr\/blog\/mondiaux-athletisme-2022-mclaughlin-miller-uibo-garcia-leon-le-recapitulatif-de-la-8eme-journee\/","url":"https:\/\/dicodusport.fr\/blog\/mondiaux-athletisme-2022-mclaughlin-miller-uibo-garcia-leon-le-recapitulatif-de-la-8eme-journee\/","name":"Mondiaux d'athl\u00e9tisme 2022 : McLaughlin, Miller-Uibo, Garcia Leon, le r\u00e9capitulatif de la 8\u00e8me journ\u00e9e","isPartOf":{"@id":"https:\/\/dicodusport.fr\/blog\/#website"},"primaryImageOfPage":{"@id":"https:\/\/dicodusport.fr\/blog\/mondiaux-athletisme-2022-mclaughlin-miller-uibo-garcia-leon-le-recapitulatif-de-la-8eme-journee\/#primaryimage"},"image":{"@id":"https:\/\/dicodusport.fr\/blog\/mondiaux-athletisme-2022-mclaughlin-miller-uibo-garcia-leon-le-recapitulatif-de-la-8eme-journee\/#primaryimage"},"thumbnailUrl":"https:\/\/dicodusport.fr\/blog\/wp-content\/uploads\/2022\/07\/Mondiaux-dathletisme-2022-McLaughlin-Miller-Uibo-Garcia-Leon-le-recapitulatif-de-la-8eme-journee.png","datePublished":"2022-07-23T06:12:58+00:00","dateModified":"2022-07-23T09:33:50+00:00","description":"La performance stratosph\u00e9rique de McLaughlin, Miller-Uibo enfin en or... Voici le r\u00e9capitulatif de la 8\u00e8me journ\u00e9e des Mondiaux de Eugene.","breadcrumb":{"@id":"https:\/\/dicodusport.fr\/blog\/mondiaux-athletisme-2022-mclaughlin-miller-uibo-garcia-leon-le-recapitulatif-de-la-8eme-journee\/#breadcrumb"},"inLanguage":"fr-FR","potentialAction":[{"@type":"ReadAction","target":["https:\/\/dicodusport.fr\/blog\/mondiaux-athletisme-2022-mclaughlin-miller-uibo-garcia-leon-le-recapitulatif-de-la-8eme-journee\/"]}]},{"@type":"ImageObject","inLanguage":"fr-FR","@id":"https:\/\/dicodusport.fr\/blog\/mondiaux-athletisme-2022-mclaughlin-miller-uibo-garcia-leon-le-recapitulatif-de-la-8eme-journee\/#primaryimage","url":"https:\/\/dicodusport.fr\/blog\/wp-content\/uploads\/2022\/07\/Mondiaux-dathletisme-2022-McLaughlin-Miller-Uibo-Garcia-Leon-le-recapitulatif-de-la-8eme-journee.png","contentUrl":"https:\/\/dicodusport.fr\/blog\/wp-content\/uploads\/2022\/07\/Mondiaux-dathletisme-2022-McLaughlin-Miller-Uibo-Garcia-Leon-le-recapitulatif-de-la-8eme-journee.png","width":800,"height":445,"caption":"Mondiaux d'athl\u00e9tisme 2022 McLaughlin, Miller-Uibo, Garcia Leon, le r\u00e9capitulatif de la 8\u00e8me journ\u00e9e"},{"@type":"BreadcrumbList","@id":"https:\/\/dicodusport.fr\/blog\/mondiaux-athletisme-2022-mclaughlin-miller-uibo-garcia-leon-le-recapitulatif-de-la-8eme-journee\/#breadcrumb","itemListElement":[{"@type":"ListItem","position":1,"name":"Accueil","item":"https:\/\/dicodusport.fr\/blog\/"},{"@type":"ListItem","position":2,"name":"Mondiaux d&rsquo;athl\u00e9tisme 2022 : McLaughlin, Miller-Uibo, Garcia Leon, le r\u00e9capitulatif de la 8\u00e8me journ\u00e9e"}]},{"@type":"WebSite","@id":"https:\/\/dicodusport.fr\/blog\/#website","url":"https:\/\/dicodusport.fr\/blog\/","name":"Dicodusport","description":"L&#039;encyclop\u00e9die de l&#039;actualit\u00e9 sportive","publisher":{"@id":"https:\/\/dicodusport.fr\/blog\/#organization"},"potentialAction":[{"@type":"SearchAction","target":{"@type":"EntryPoint","urlTemplate":"https:\/\/dicodusport.fr\/blog\/?s={search_term_string}"},"query-input":{"@type":"PropertyValueSpecification","valueRequired":true,"valueName":"search_term_string"}}],"inLanguage":"fr-FR"},{"@type":"NewsMediaOrganization","@id":"https:\/\/dicodusport.fr\/blog\/#organization","name":"Dicodusport","url":"https:\/\/dicodusport.fr\/blog\/","logo":{"@type":"ImageObject","inLanguage":"fr-FR","@id":"https:\/\/dicodusport.fr\/blog\/#\/schema\/logo\/image\/","url":"https:\/\/dicodusport.fr\/blog\/wp-content\/uploads\/2020\/06\/cropped-LOGO-DICODUSPORT-2020-SANS-FOND-SANS-TEXTE.png","contentUrl":"https:\/\/dicodusport.fr\/blog\/wp-content\/uploads\/2020\/06\/cropped-LOGO-DICODUSPORT-2020-SANS-FOND-SANS-TEXTE.png","width":512,"height":512,"caption":"Dicodusport"},"image":{"@id":"https:\/\/dicodusport.fr\/blog\/#\/schema\/logo\/image\/"},"sameAs":["https:\/\/www.facebook.com\/dicodusport","https:\/\/x.com\/dicodusport","https:\/\/www.instagram.com\/dicodusport\/","https:\/\/www.youtube.com\/channel\/UC7V2KZ5sd3htJivAbA4ZG3w"],"description":"Dicodusport est l'encyclop\u00e9die de l'actualit\u00e9 sportive.","email":"bonjour@dicodusport.fr","legalName":"DICODUSPORT","foundingDate":"2018-01-14","vatID":"FR71834470973","taxID":"83447097300043","numberOfEmployees":{"@type":"QuantitativeValue","minValue":"1","maxValue":"10"}},{"@type":"Person","@id":"https:\/\/dicodusport.fr\/blog\/#\/schema\/person\/0e50be5ee9a0e6705846ac950257c4a0","name":"Alexandre Jeffroy","image":{"@type":"ImageObject","inLanguage":"fr-FR","@id":"https:\/\/dicodusport.fr\/blog\/#\/schema\/person\/image\/","url":"https:\/\/dicodusport.fr\/blog\/wp-content\/uploads\/2021\/05\/Alexandre-Jeffroy-150x150.jpg","contentUrl":"https:\/\/dicodusport.fr\/blog\/wp-content\/uploads\/2021\/05\/Alexandre-Jeffroy-150x150.jpg","caption":"Alexandre Jeffroy"},"description":"Journaliste\/R\u00e9dacteur depuis octobre 2020 - Bolt qui foudroie le record du monde du 100 m\u00e8tres, les derniers essais de Dominici, les premi\u00e8res charges d\u00e9vastatrices de Bastarocket... de beaux souvenirs pour une grande passion, celle du sport. L\u2019histoire du sport aussi. Comprendre le r\u00f4le qu\u2019il a eu, celui qu\u2019il a et celui qu\u2019il aura dans notre soci\u00e9t\u00e9. Le sport au pass\u00e9, au pr\u00e9sent, au futur. Le sport tous les jours, matin, midi et soir. A d\u00e9faut d\u2019\u00eatre un grand sportif, je suis et je raconte l\u2019actualit\u00e9 et l\u2019histoire des championnes et des champions qui savent se d\u00e9passer pour accomplir des merveilles.","sameAs":["https:\/\/www.facebook.com\/alexandre.jeffroy.3\/","https:\/\/x.com\/https:\/\/twitter.com\/smokinalexjoe"],"url":"https:\/\/dicodusport.fr\/blog\/author\/alexandrejeffroy\/"}]}},"_links":{"self":[{"href":"https:\/\/dicodusport.fr\/blog\/wp-json\/wp\/v2\/posts\/245735","targetHints":{"allow":["GET"]}}],"collection":[{"href":"https:\/\/dicodusport.fr\/blog\/wp-json\/wp\/v2\/posts"}],"about":[{"href":"https:\/\/dicodusport.fr\/blog\/wp-json\/wp\/v2\/types\/post"}],"author":[{"embeddable":true,"href":"https:\/\/dicodusport.fr\/blog\/wp-json\/wp\/v2\/users\/45"}],"replies":[{"embeddable":true,"href":"https:\/\/dicodusport.fr\/blog\/wp-json\/wp\/v2\/comments?post=245735"}],"version-history":[{"count":0,"href":"https:\/\/dicodusport.fr\/blog\/wp-json\/wp\/v2\/posts\/245735\/revisions"}],"wp:featuredmedia":[{"embeddable":true,"href":"https:\/\/dicodusport.fr\/blog\/wp-json\/wp\/v2\/media\/245744"}],"wp:attachment":[{"href":"https:\/\/dicodusport.fr\/blog\/wp-json\/wp\/v2\/media?parent=245735"}],"wp:term":[{"taxonomy":"category","embeddable":true,"href":"https:\/\/dicodusport.fr\/blog\/wp-json\/wp\/v2\/categories?post=245735"},{"taxonomy":"post_tag","embeddable":true,"href":"https:\/\/dicodusport.fr\/blog\/wp-json\/wp\/v2\/tags?post=245735"}],"curies":[{"name":"wp","href":"https:\/\/api.w.org\/{rel}","templated":true}]}}