{"id":246093,"date":"2022-07-24T08:57:15","date_gmt":"2022-07-24T06:57:15","guid":{"rendered":"https:\/\/dicodusport.fr\/blog\/?p=246093&#038;preview=true&#038;preview_id=246093"},"modified":"2022-07-24T10:05:10","modified_gmt":"2022-07-24T08:05:10","slug":"mondiaux-dathletisme-2022-relais-mayer-pichardo-le-recapitulatif-de-la-9eme-journee","status":"publish","type":"post","link":"https:\/\/dicodusport.fr\/blog\/mondiaux-dathletisme-2022-relais-mayer-pichardo-le-recapitulatif-de-la-9eme-journee\/","title":{"rendered":"Mondiaux d&rsquo;athl\u00e9tisme 2022 : Relais, Mayer, Pichardo, le r\u00e9capitulatif de la 9\u00e8me journ\u00e9e"},"content":{"rendered":"<p style=\"text-align: justify;\"><em><strong><b><a href=\"https:\/\/dicodusport.fr\/blog\/calendrier-et-resultats-championnats-du-monde-athletisme-2022\/\">ATHL\u00c9TISME &#8211; CHAMPIONNATS DU MONDE 2022<\/a> &#8211;<\/b> Des favoris battus sur les relais, Mayer sixi\u00e8me avant la deuxi\u00e8me journ\u00e9e&#8230; Voici le r\u00e9capitulatif de la neuvi\u00e8me journ\u00e9e des Mondiaux de Eugene.\u00a0<\/strong><\/em><\/p>\n<h2 style=\"text-align: justify;\">Les deux 4&#215;400 fran\u00e7ais en finale, qualifications mitig\u00e9es sur le 100 m haies<\/h2>\n<p style=\"text-align: justify;\">Les qualifications du 100 m haies ont eu lieu dans la matin\u00e9e, \u00e0 Eugene. Tr\u00e8s attendue apr\u00e8s son titre de championne du monde en salle, cet hiver, <strong>Cyr\u00e9na Samba-Mayela<\/strong> a \u00e9t\u00e9 \u00e9limin\u00e9e d\u00e8s les s\u00e9ries (13.15). En revanche,<strong> La\u00ebticia Bapt\u00e9<\/strong>, est parvenue \u00e0 se qualifier au temps apr\u00e8s une cinqui\u00e8me place dans sa s\u00e9rie (13.03). Les bonnes nouvelles sont surtout venues des relais 4&#215;400 fran\u00e7ais. En effet, d&rsquo;un c\u00f4t\u00e9, les femmes sont parvenues \u00e0 finir troisi\u00e8mes de leur s\u00e9rie, avec un chrono en 3:28.89, ce qui les a propuls\u00e9es directement en finale. De l&rsquo;autre, les hommes ont fini quatri\u00e8mes de leur demie mais se sont qualifi\u00e9s gr\u00e2ce au temps (3:03.13).<\/p>\n<h2 style=\"text-align: justify;\">Pedro Pablo Pichardo domine le triple saut<\/h2>\n<p style=\"text-align: justify;\">Apr\u00e8s son sacre aux Jeux Olympiques de Tokyo l&rsquo;ann\u00e9e pass\u00e9e, le voil\u00e0 couronn\u00e9 champion du monde du triple saut. Le Portugais <strong>Pedro Pablo Pichardo<\/strong> a domin\u00e9 les d\u00e9bats \u00e0 Eugene. Ce dernier a frapp\u00e9 un grand coup d\u00e8s le d\u00e9but du concours avec un premier saut \u00e0 17.95 m. Le Burkinab\u00e9 <strong>Hugues Fabrice Zambo<\/strong> a r\u00e9alis\u00e9 17.55, lui permettant de remporter la m\u00e9daille d&rsquo;argent, tandis que le Chinois<strong> Yaming Zhu<\/strong> a fini troisi\u00e8me (17.31 m). De son c\u00f4t\u00e9, le Fran\u00e7ais <strong>Jean-Marc Pontvianne<\/strong> n&rsquo;est pas all\u00e9 au del\u00e0 de 16.86 m et s&rsquo;est donc class\u00e9 huiti\u00e8me sur cette finale.<\/p>\n<h2 style=\"text-align: justify;\">Korir champion du monde sur 800 m, Tual sixi\u00e8me<\/h2>\n<p style=\"text-align: justify;\">La finale du 800 m masculin a \u00e9t\u00e9 domin\u00e9e par <strong>Emmanuel Korir<\/strong>, le favori de l&rsquo;\u00e9preuve. Le K\u00e9nyan s&rsquo;est impos\u00e9 en 1:43.71. Il a devanc\u00e9 l&rsquo;Alg\u00e9rien <strong>Djamel Sedjati<\/strong> (1:44.14) et le Canadien <strong>Marco Arop<\/strong> (1:44.28). Aux avant-postes durant la majeure partie de la course, le Fran\u00e7ais <strong>Gabriel Tual<\/strong> a craqu\u00e9 sur la derni\u00e8re ligne droite et s&rsquo;est finalement class\u00e9 en sixi\u00e8me position (1:45.49).<\/p>\n<blockquote class=\"twitter-tweet\">\n<p dir=\"ltr\" lang=\"en\">So much control &#x1f624;<\/p>\n<p>Emmanuel Korir &#x1f1f0;&#x1f1ea; confirms his 800m dominance and runs 1:43.71 to add a world title to his Olympic gold medal!<a href=\"https:\/\/twitter.com\/hashtag\/WorldAthleticsChamps?src=hash&amp;ref_src=twsrc%5Etfw\">#WorldAthleticsChamps<\/a> <a href=\"https:\/\/t.co\/7kTJrMkz68\">pic.twitter.com\/7kTJrMkz68<\/a><\/p>\n<p>\u2014 World Athletics (@WorldAthletics) <a href=\"https:\/\/twitter.com\/WorldAthletics\/status\/1551052977665765383?ref_src=twsrc%5Etfw\">July 24, 2022<\/a><\/p><\/blockquote>\n<p><script async src=\"https:\/\/platform.twitter.com\/widgets.js\" charset=\"utf-8\"><\/script><\/p>\n<h2 style=\"text-align: justify;\">Le 5 000 pour Tsegay<\/h2>\n<p style=\"text-align: justify;\">\u00c0 Eugene, c&rsquo;est l&rsquo;Ethiopienne <strong>Gudaf Tsegay<\/strong> qui est all\u00e9e chercher le titre mondial sur 5000 m. Sur le dernier tour, six femmes \u00e9taient encore regroup\u00e9es en t\u00eate de la course. Finalement, sur la derni\u00e8re ligne droite, c&rsquo;est la vice-championne du monde du 1 500 qui a fini le plus fort (14:46.29). La K\u00e9nyane <strong>Beatrice Chebet<\/strong> a pris la m\u00e9daille d&rsquo;argent (14:46.75) et l&rsquo;Ethiopienne <strong>Dawit Seyaum<\/strong> la m\u00e9daille de bronze (14:47.36).<\/p>\n<blockquote class=\"twitter-tweet\">\n<p dir=\"ltr\" lang=\"en\">Doha &rsquo;19 &#x1f949; (1500m)<br \/>\nOregon &rsquo;22 &#x1f948; (1500m)<br \/>\nOregon &rsquo;22 &#x1f947; (5000m)<\/p>\n<p>Gudaf Tsegay &#x1f1ea;&#x1f1f9; finally strikes world gold!<a href=\"https:\/\/twitter.com\/hashtag\/WorldAthleticsChamps?src=hash&amp;ref_src=twsrc%5Etfw\">#WorldAthleticsChamps<\/a> <a href=\"https:\/\/t.co\/TqcpAaAYah\">pic.twitter.com\/TqcpAaAYah<\/a><\/p>\n<p>\u2014 World Athletics (@WorldAthletics) <a href=\"https:\/\/twitter.com\/WorldAthletics\/status\/1551063316616732678?ref_src=twsrc%5Etfw\">July 24, 2022<\/a><\/p><\/blockquote>\n<p><script async src=\"https:\/\/platform.twitter.com\/widgets.js\" charset=\"utf-8\"><\/script><\/p>\n<h2 style=\"text-align: justify;\">Anderson Peters reste champion du monde<\/h2>\n<p style=\"text-align: justify;\">C&rsquo;\u00e9tait l&rsquo;homme le plus r\u00e9gulier cette saison. C&rsquo;\u00e9tait \u00e9galement le champion du monde en titre. Sur la finale du lancer du javelot, le Grenadin <strong>Anderson Peters<\/strong> est parvenu \u00e0 conserver son bien. Cette victoire est totalement m\u00e9rit\u00e9e dans la mesure o\u00f9 il a lanc\u00e9 son javelot \u00e0 plus de 90 m \u00e0 trois reprises dans le concours, tandis que les autres concurrents n&rsquo;ont pas d\u00e9pass\u00e9 89 m. Le meilleur jet du Grenadin a \u00e9t\u00e9 mesur\u00e9 \u00e0 90.54 m. Derri\u00e8re, c&rsquo;est le champion olympique <strong>Neeraj Chopra<\/strong> qui le talonne avec un meilleur lancer \u00e0 88.13 m. Enfin, le Tch\u00e8que <strong>Jakub Vadlejch<\/strong> a termin\u00e9 troisi\u00e8me du concours (88.09 m).<\/p>\n<blockquote class=\"twitter-tweet\">\n<p dir=\"ltr\" lang=\"en\">ANDERSON FOR THE REPEAT &#x1f947;&#x1f947;<a href=\"https:\/\/twitter.com\/peters_oly?ref_src=twsrc%5Etfw\">@peters_oly<\/a> &#x1f1ec;&#x1f1e9; throws a huge 90.54m to successfully defend his world javelin title!<a href=\"https:\/\/twitter.com\/hashtag\/WorldAthleticsChamps?src=hash&amp;ref_src=twsrc%5Etfw\">#WorldAthleticsChamps<\/a> <a href=\"https:\/\/t.co\/3r0TROWHml\">pic.twitter.com\/3r0TROWHml<\/a><\/p>\n<p>\u2014 World Athletics (@WorldAthletics) <a href=\"https:\/\/twitter.com\/WorldAthletics\/status\/1551039889205972994?ref_src=twsrc%5Etfw\">July 24, 2022<\/a><\/p><\/blockquote>\n<p><script async src=\"https:\/\/platform.twitter.com\/widgets.js\" charset=\"utf-8\"><\/script><\/p>\n<h2 style=\"text-align: justify;\">Mayer sixi\u00e8me \u00e0 la fin de la premi\u00e8re journ\u00e9e<\/h2>\n<p style=\"text-align: justify;\">Le d\u00e9cathlon a commenc\u00e9 ce samedi. Le Fran\u00e7ais <strong>Kevin Mayer<\/strong> a r\u00e9alis\u00e9 <a href=\"https:\/\/dicodusport.fr\/blog\/mondiaux-athletisme-2022-decathlon-kevin-mayer-6e-premiere-journee-damian-warner-blesse\/\">une premi\u00e8re journ\u00e9e plut\u00f4t convenable<\/a>, sans \u00eatre grandiose. Dans le top 7 \u00e0 chaque fois sur les quatre premi\u00e8res \u00e9preuves, il a eu plus de difficult\u00e9s sur le 400 m. Ainsi, il se classe sixi\u00e8me \u00e0 mi-comp\u00e9tition, avec 4 372 points. Il lui faudra effectuer une tr\u00e8s grande seconde journ\u00e9e pour combler le retard accumul\u00e9 sur le Portoricain <strong>Ayden Owens-Delerme<\/strong>, premier et qui culmine \u00e0 4606 points. Premier du d\u00e9cathlon avant le 400 m, le Canadien <strong>Damian Warner<\/strong> s&rsquo;est bless\u00e9 lors de la derni\u00e8re \u00e9preuve de la journ\u00e9e.<\/p>\n<blockquote class=\"twitter-tweet\">\n<p dir=\"ltr\" lang=\"fr\">&#x1f1eb;&#x1f1f7; Kevin Mayer conclut la premi\u00e8re journ\u00e9e de son d\u00e9cathlon en 49\u00a0\u00bb40 sur 400 m !<\/p>\n<p>&#x1f4a5; Coup de th\u00e9\u00e2tre : Le leader et favori &#x1f1e8;&#x1f1e6; Damian Warner a stopp\u00e9 sa course apr\u00e8s 120 m\u00e8tres en se tenant l&rsquo;arri\u00e8re de la cuisse !<\/p>\n<p>&#x1f4fa; Les <a href=\"https:\/\/twitter.com\/hashtag\/WorldAthleticsChamps?src=hash&amp;ref_src=twsrc%5Etfw\">#WorldAthleticsChamps<\/a> sont \u00e0 suivre sur <a href=\"https:\/\/twitter.com\/francetvsport?ref_src=twsrc%5Etfw\">@francetvsport<\/a>.<\/p>\n<p>\u2014 FFAthl\u00e9tisme (@FFAthletisme) <a href=\"https:\/\/twitter.com\/FFAthletisme\/status\/1551028929565057024?ref_src=twsrc%5Etfw\">July 24, 2022<\/a><\/p><\/blockquote>\n<p><script async src=\"https:\/\/platform.twitter.com\/widgets.js\" charset=\"utf-8\"><\/script><\/p>\n<h2 style=\"text-align: justify;\">Les Am\u00e9ricaines surprennent les favorites sur le relais 4&#215;100<\/h2>\n<p style=\"text-align: justify;\">Avec leur quatuor cinq \u00e9toiles, on attendait la victoire des <strong>Jama\u00efcaines<\/strong> sur la finale du relais 4&#215;100 m dames. Finalement, ce sont les <strong>Am\u00e9ricaines<\/strong> qui ont remport\u00e9 la course, devant leur public (41.14). Alors que les locales sont sorties largement en t\u00eate au dernier virage, <strong>Twanisha Terry<\/strong> n&rsquo;a pu \u00eatre rattrap\u00e9e par <strong>Shericka Jackson<\/strong> sur le dernier relais. La Jama\u00efque finit donc deuxi\u00e8me (41.18), alors que l&rsquo;<strong>Allemagne<\/strong> compl\u00e8te le podium (42.03).<\/p>\n<blockquote class=\"twitter-tweet\">\n<p dir=\"ltr\" lang=\"en\">Still not over this finish &#x1f92f;<\/p>\n<p>Melissa Jefferson &#x1f1fa;&#x1f1f8;, <a href=\"https:\/\/twitter.com\/abbysteiner1?ref_src=twsrc%5Etfw\">@abbysteiner1<\/a> &#x1f1fa;&#x1f1f8;, <a href=\"https:\/\/twitter.com\/J_Prandini?ref_src=twsrc%5Etfw\">@J_Prandini<\/a> &#x1f1fa;&#x1f1f8; and <a href=\"https:\/\/twitter.com\/TeeTeeTerry_?ref_src=twsrc%5Etfw\">@TeeTeeTerry_<\/a> &#x1f1fa;&#x1f1f8; make the home crowd go crazy and strike women&rsquo;s 4x100m gold for the USA!<a href=\"https:\/\/twitter.com\/hashtag\/WorldAthleticsChamps?src=hash&amp;ref_src=twsrc%5Etfw\">#WorldAthleticsChamps<\/a> <a href=\"https:\/\/t.co\/H9BGofdiIu\">pic.twitter.com\/H9BGofdiIu<\/a><\/p>\n<p>\u2014 World Athletics (@WorldAthletics) <a href=\"https:\/\/twitter.com\/WorldAthletics\/status\/1551076638305112064?ref_src=twsrc%5Etfw\">July 24, 2022<\/a><\/p><\/blockquote>\n<p><script async src=\"https:\/\/platform.twitter.com\/widgets.js\" charset=\"utf-8\"><\/script><\/p>\n<h2 style=\"text-align: justify;\">Le Canada s&rsquo;impose sur le relais masculin<\/h2>\n<p style=\"text-align: justify;\">Apr\u00e8s la petite surprise sur le relais f\u00e9minin, il y a eu un r\u00e9sultat \u00e9galement surprenant sur le relais masculin. Comme les Jama\u00efcaines, les <strong>Am\u00e9ricains<\/strong> \u00e9taient les grands favoris de la course. Cependant, ce statut ne leur a pas garanti le titre puisque ce sont les <strong>Canadiens<\/strong> qui se sont impos\u00e9s. <strong>Andr\u00e9 de Grasse<\/strong> a r\u00e9alis\u00e9 un gros boulot sur le dernier relais pour permettre \u00e0 son \u00e9quipe de conqu\u00e9rir le titre mondial (37.48). Les Am\u00e9ricains prennent donc la m\u00e9daille d&rsquo;argent (37.55) et la <strong>Grande-Bretagne<\/strong> la m\u00e9daille de bronze (37.83). De leur c\u00f4t\u00e9, les <strong>Fran\u00e7ais<\/strong> ont \u00e9t\u00e9 disqualifi\u00e9s pour un mauvais passage de t\u00e9moin.<\/p>\n<ul>\n<li style=\"text-align: justify;\"><strong>\u00c0 lire aussi &#8211; <a href=\"https:\/\/dicodusport.fr\/blog\/tableaux-des-medailles-championnats-du-monde-athletisme-2022\/\">Le tableau des m\u00e9dailles des Mondiaux d&rsquo;athl\u00e9tisme<\/a><\/strong><\/li>\n<\/ul>\n<p>&nbsp;<\/p>\n","protected":false},"excerpt":{"rendered":"<p>ATHL\u00c9TISME &#8211; CHAMPIONNATS DU MONDE 2022 &#8211; Des favoris battus sur les relais, Mayer sixi\u00e8me avant la deuxi\u00e8me journ\u00e9e&#8230; Voici le r\u00e9capitulatif de la neuvi\u00e8me journ\u00e9e des Mondiaux de Eugene.\u00a0<\/p>\n","protected":false},"author":45,"featured_media":246117,"comment_status":"open","ping_status":"closed","sticky":false,"template":"","format":"standard","meta":{"_acf_changed":false,"_daextam_enable_autolinks":"","footnotes":""},"categories":[46997],"tags":[143,25099],"class_list":["post-246093","post","type-post","status-publish","format-standard","has-post-thumbnail","hentry","category-championnats-du-monde-athletisme","tag-athletisme","tag-recapitulatif"],"acf":[],"yoast_head":"<!-- This site is optimized with the Yoast SEO Premium plugin v26.7 (Yoast SEO v26.7) - https:\/\/yoast.com\/wordpress\/plugins\/seo\/ -->\n<title>Mondiaux d&#039;athl\u00e9tisme 2022 : Relais, Mayer, Pichardo, le r\u00e9capitulatif de la 9\u00e8me journ\u00e9e<\/title>\n<meta name=\"description\" content=\"Des favoris battus sur les relais, Mayer sixi\u00e8me \u00e0 mi-comp\u00e9tition... Voici le r\u00e9capitulatif de la neuvi\u00e8me journ\u00e9e des Mondiaux de Eugene.\" \/>\n<meta name=\"robots\" content=\"index, follow, max-snippet:-1, max-image-preview:large, max-video-preview:-1\" \/>\n<link rel=\"canonical\" href=\"https:\/\/dicodusport.fr\/blog\/mondiaux-dathletisme-2022-relais-mayer-pichardo-le-recapitulatif-de-la-9eme-journee\/\" \/>\n<meta property=\"og:locale\" content=\"fr_FR\" \/>\n<meta property=\"og:type\" content=\"article\" \/>\n<meta property=\"og:title\" content=\"Mondiaux d&#039;athl\u00e9tisme 2022 : Relais, Mayer, Pichardo, le r\u00e9capitulatif de la 9\u00e8me journ\u00e9e\" \/>\n<meta property=\"og:description\" content=\"Des favoris battus sur les relais, Mayer sixi\u00e8me \u00e0 mi-comp\u00e9tition... Voici le r\u00e9capitulatif de la neuvi\u00e8me journ\u00e9e des Mondiaux de Eugene.\" \/>\n<meta property=\"og:url\" content=\"https:\/\/dicodusport.fr\/blog\/mondiaux-dathletisme-2022-relais-mayer-pichardo-le-recapitulatif-de-la-9eme-journee\/\" \/>\n<meta property=\"og:site_name\" content=\"Dicodusport\" \/>\n<meta property=\"article:publisher\" content=\"https:\/\/www.facebook.com\/dicodusport\" \/>\n<meta property=\"article:author\" content=\"https:\/\/www.facebook.com\/alexandre.jeffroy.3\/\" \/>\n<meta property=\"article:published_time\" content=\"2022-07-24T06:57:15+00:00\" \/>\n<meta property=\"article:modified_time\" content=\"2022-07-24T08:05:10+00:00\" \/>\n<meta property=\"og:image\" content=\"https:\/\/dicodusport.fr\/blog\/wp-content\/uploads\/2022\/07\/Mondiaux-dathletisme-2022-Relais-Mayer-Pichardo-le-recapitulatif-de-la-9eme-journee.png\" \/>\n\t<meta property=\"og:image:width\" content=\"800\" \/>\n\t<meta property=\"og:image:height\" content=\"445\" \/>\n\t<meta property=\"og:image:type\" content=\"image\/png\" \/>\n<meta name=\"author\" content=\"Alexandre Jeffroy\" \/>\n<meta name=\"twitter:card\" content=\"summary_large_image\" \/>\n<meta name=\"twitter:title\" content=\"Mondiaux d&#039;athl\u00e9tisme 2022 : Relais, Mayer, Pichardo, le r\u00e9capitulatif de la 9\u00e8me journ\u00e9e\" \/>\n<meta name=\"twitter:creator\" content=\"@https:\/\/twitter.com\/smokinalexjoe\" \/>\n<meta name=\"twitter:site\" content=\"@dicodusport\" \/>\n<script type=\"application\/ld+json\" class=\"yoast-schema-graph\">{\"@context\":\"https:\/\/schema.org\",\"@graph\":[{\"@type\":\"NewsArticle\",\"@id\":\"https:\/\/dicodusport.fr\/blog\/mondiaux-dathletisme-2022-relais-mayer-pichardo-le-recapitulatif-de-la-9eme-journee\/#article\",\"isPartOf\":{\"@id\":\"https:\/\/dicodusport.fr\/blog\/mondiaux-dathletisme-2022-relais-mayer-pichardo-le-recapitulatif-de-la-9eme-journee\/\"},\"author\":{\"name\":\"Alexandre Jeffroy\",\"@id\":\"https:\/\/dicodusport.fr\/blog\/#\/schema\/person\/0e50be5ee9a0e6705846ac950257c4a0\"},\"headline\":\"Mondiaux d&rsquo;athl\u00e9tisme 2022 : Relais, Mayer, Pichardo, le r\u00e9capitulatif de la 9\u00e8me journ\u00e9e\",\"datePublished\":\"2022-07-24T06:57:15+00:00\",\"dateModified\":\"2022-07-24T08:05:10+00:00\",\"mainEntityOfPage\":{\"@id\":\"https:\/\/dicodusport.fr\/blog\/mondiaux-dathletisme-2022-relais-mayer-pichardo-le-recapitulatif-de-la-9eme-journee\/\"},\"wordCount\":1159,\"commentCount\":0,\"publisher\":{\"@id\":\"https:\/\/dicodusport.fr\/blog\/#organization\"},\"image\":{\"@id\":\"https:\/\/dicodusport.fr\/blog\/mondiaux-dathletisme-2022-relais-mayer-pichardo-le-recapitulatif-de-la-9eme-journee\/#primaryimage\"},\"thumbnailUrl\":\"https:\/\/dicodusport.fr\/blog\/wp-content\/uploads\/2022\/07\/Mondiaux-dathletisme-2022-Relais-Mayer-Pichardo-le-recapitulatif-de-la-9eme-journee.png\",\"keywords\":[\"Athl\u00e9tisme\",\"r\u00e9capitulatif\"],\"articleSection\":[\"Championnats du monde d'athl\u00e9tisme\"],\"inLanguage\":\"fr-FR\",\"potentialAction\":[{\"@type\":\"CommentAction\",\"name\":\"Comment\",\"target\":[\"https:\/\/dicodusport.fr\/blog\/mondiaux-dathletisme-2022-relais-mayer-pichardo-le-recapitulatif-de-la-9eme-journee\/#respond\"]}],\"copyrightYear\":\"2022\",\"copyrightHolder\":{\"@id\":\"https:\/\/dicodusport.fr\/blog\/#organization\"}},{\"@type\":\"WebPage\",\"@id\":\"https:\/\/dicodusport.fr\/blog\/mondiaux-dathletisme-2022-relais-mayer-pichardo-le-recapitulatif-de-la-9eme-journee\/\",\"url\":\"https:\/\/dicodusport.fr\/blog\/mondiaux-dathletisme-2022-relais-mayer-pichardo-le-recapitulatif-de-la-9eme-journee\/\",\"name\":\"Mondiaux d'athl\u00e9tisme 2022 : Relais, Mayer, Pichardo, le r\u00e9capitulatif de la 9\u00e8me journ\u00e9e\",\"isPartOf\":{\"@id\":\"https:\/\/dicodusport.fr\/blog\/#website\"},\"primaryImageOfPage\":{\"@id\":\"https:\/\/dicodusport.fr\/blog\/mondiaux-dathletisme-2022-relais-mayer-pichardo-le-recapitulatif-de-la-9eme-journee\/#primaryimage\"},\"image\":{\"@id\":\"https:\/\/dicodusport.fr\/blog\/mondiaux-dathletisme-2022-relais-mayer-pichardo-le-recapitulatif-de-la-9eme-journee\/#primaryimage\"},\"thumbnailUrl\":\"https:\/\/dicodusport.fr\/blog\/wp-content\/uploads\/2022\/07\/Mondiaux-dathletisme-2022-Relais-Mayer-Pichardo-le-recapitulatif-de-la-9eme-journee.png\",\"datePublished\":\"2022-07-24T06:57:15+00:00\",\"dateModified\":\"2022-07-24T08:05:10+00:00\",\"description\":\"Des favoris battus sur les relais, Mayer sixi\u00e8me \u00e0 mi-comp\u00e9tition... Voici le r\u00e9capitulatif de la neuvi\u00e8me journ\u00e9e des Mondiaux de Eugene.\",\"breadcrumb\":{\"@id\":\"https:\/\/dicodusport.fr\/blog\/mondiaux-dathletisme-2022-relais-mayer-pichardo-le-recapitulatif-de-la-9eme-journee\/#breadcrumb\"},\"inLanguage\":\"fr-FR\",\"potentialAction\":[{\"@type\":\"ReadAction\",\"target\":[\"https:\/\/dicodusport.fr\/blog\/mondiaux-dathletisme-2022-relais-mayer-pichardo-le-recapitulatif-de-la-9eme-journee\/\"]}]},{\"@type\":\"ImageObject\",\"inLanguage\":\"fr-FR\",\"@id\":\"https:\/\/dicodusport.fr\/blog\/mondiaux-dathletisme-2022-relais-mayer-pichardo-le-recapitulatif-de-la-9eme-journee\/#primaryimage\",\"url\":\"https:\/\/dicodusport.fr\/blog\/wp-content\/uploads\/2022\/07\/Mondiaux-dathletisme-2022-Relais-Mayer-Pichardo-le-recapitulatif-de-la-9eme-journee.png\",\"contentUrl\":\"https:\/\/dicodusport.fr\/blog\/wp-content\/uploads\/2022\/07\/Mondiaux-dathletisme-2022-Relais-Mayer-Pichardo-le-recapitulatif-de-la-9eme-journee.png\",\"width\":800,\"height\":445,\"caption\":\"Mondiaux d'athl\u00e9tisme 2022 Relais, Mayer, Pichardo, le r\u00e9capitulatif de la 9\u00e8me journ\u00e9e\"},{\"@type\":\"BreadcrumbList\",\"@id\":\"https:\/\/dicodusport.fr\/blog\/mondiaux-dathletisme-2022-relais-mayer-pichardo-le-recapitulatif-de-la-9eme-journee\/#breadcrumb\",\"itemListElement\":[{\"@type\":\"ListItem\",\"position\":1,\"name\":\"Accueil\",\"item\":\"https:\/\/dicodusport.fr\/blog\/\"},{\"@type\":\"ListItem\",\"position\":2,\"name\":\"Mondiaux d&rsquo;athl\u00e9tisme 2022 : Relais, Mayer, Pichardo, le r\u00e9capitulatif de la 9\u00e8me journ\u00e9e\"}]},{\"@type\":\"WebSite\",\"@id\":\"https:\/\/dicodusport.fr\/blog\/#website\",\"url\":\"https:\/\/dicodusport.fr\/blog\/\",\"name\":\"Dicodusport\",\"description\":\"L&#039;encyclop\u00e9die de l&#039;actualit\u00e9 sportive\",\"publisher\":{\"@id\":\"https:\/\/dicodusport.fr\/blog\/#organization\"},\"potentialAction\":[{\"@type\":\"SearchAction\",\"target\":{\"@type\":\"EntryPoint\",\"urlTemplate\":\"https:\/\/dicodusport.fr\/blog\/?s={search_term_string}\"},\"query-input\":{\"@type\":\"PropertyValueSpecification\",\"valueRequired\":true,\"valueName\":\"search_term_string\"}}],\"inLanguage\":\"fr-FR\"},{\"@type\":\"NewsMediaOrganization\",\"@id\":\"https:\/\/dicodusport.fr\/blog\/#organization\",\"name\":\"Dicodusport\",\"url\":\"https:\/\/dicodusport.fr\/blog\/\",\"logo\":{\"@type\":\"ImageObject\",\"inLanguage\":\"fr-FR\",\"@id\":\"https:\/\/dicodusport.fr\/blog\/#\/schema\/logo\/image\/\",\"url\":\"https:\/\/dicodusport.fr\/blog\/wp-content\/uploads\/2020\/06\/cropped-LOGO-DICODUSPORT-2020-SANS-FOND-SANS-TEXTE.png\",\"contentUrl\":\"https:\/\/dicodusport.fr\/blog\/wp-content\/uploads\/2020\/06\/cropped-LOGO-DICODUSPORT-2020-SANS-FOND-SANS-TEXTE.png\",\"width\":512,\"height\":512,\"caption\":\"Dicodusport\"},\"image\":{\"@id\":\"https:\/\/dicodusport.fr\/blog\/#\/schema\/logo\/image\/\"},\"sameAs\":[\"https:\/\/www.facebook.com\/dicodusport\",\"https:\/\/x.com\/dicodusport\",\"https:\/\/www.instagram.com\/dicodusport\/\",\"https:\/\/www.youtube.com\/channel\/UC7V2KZ5sd3htJivAbA4ZG3w\"],\"description\":\"Dicodusport est l'encyclop\u00e9die de l'actualit\u00e9 sportive.\",\"email\":\"bonjour@dicodusport.fr\",\"legalName\":\"DICODUSPORT\",\"foundingDate\":\"2018-01-14\",\"vatID\":\"FR71834470973\",\"taxID\":\"83447097300043\",\"numberOfEmployees\":{\"@type\":\"QuantitativeValue\",\"minValue\":\"1\",\"maxValue\":\"10\"}},{\"@type\":\"Person\",\"@id\":\"https:\/\/dicodusport.fr\/blog\/#\/schema\/person\/0e50be5ee9a0e6705846ac950257c4a0\",\"name\":\"Alexandre Jeffroy\",\"image\":{\"@type\":\"ImageObject\",\"inLanguage\":\"fr-FR\",\"@id\":\"https:\/\/dicodusport.fr\/blog\/#\/schema\/person\/image\/\",\"url\":\"https:\/\/dicodusport.fr\/blog\/wp-content\/uploads\/2021\/05\/Alexandre-Jeffroy-150x150.jpg\",\"contentUrl\":\"https:\/\/dicodusport.fr\/blog\/wp-content\/uploads\/2021\/05\/Alexandre-Jeffroy-150x150.jpg\",\"caption\":\"Alexandre Jeffroy\"},\"description\":\"Journaliste\/R\u00e9dacteur depuis octobre 2020 - Bolt qui foudroie le record du monde du 100 m\u00e8tres, les derniers essais de Dominici, les premi\u00e8res charges d\u00e9vastatrices de Bastarocket... de beaux souvenirs pour une grande passion, celle du sport. L\u2019histoire du sport aussi. Comprendre le r\u00f4le qu\u2019il a eu, celui qu\u2019il a et celui qu\u2019il aura dans notre soci\u00e9t\u00e9. Le sport au pass\u00e9, au pr\u00e9sent, au futur. Le sport tous les jours, matin, midi et soir. A d\u00e9faut d\u2019\u00eatre un grand sportif, je suis et je raconte l\u2019actualit\u00e9 et l\u2019histoire des championnes et des champions qui savent se d\u00e9passer pour accomplir des merveilles.\",\"sameAs\":[\"https:\/\/www.facebook.com\/alexandre.jeffroy.3\/\",\"https:\/\/x.com\/https:\/\/twitter.com\/smokinalexjoe\"],\"url\":\"https:\/\/dicodusport.fr\/blog\/author\/alexandrejeffroy\/\"}]}<\/script>\n<!-- \/ Yoast SEO Premium plugin. -->","yoast_head_json":{"title":"Mondiaux d'athl\u00e9tisme 2022 : Relais, Mayer, Pichardo, le r\u00e9capitulatif de la 9\u00e8me journ\u00e9e","description":"Des favoris battus sur les relais, Mayer sixi\u00e8me \u00e0 mi-comp\u00e9tition... Voici le r\u00e9capitulatif de la neuvi\u00e8me journ\u00e9e des Mondiaux de Eugene.","robots":{"index":"index","follow":"follow","max-snippet":"max-snippet:-1","max-image-preview":"max-image-preview:large","max-video-preview":"max-video-preview:-1"},"canonical":"https:\/\/dicodusport.fr\/blog\/mondiaux-dathletisme-2022-relais-mayer-pichardo-le-recapitulatif-de-la-9eme-journee\/","og_locale":"fr_FR","og_type":"article","og_title":"Mondiaux d'athl\u00e9tisme 2022 : Relais, Mayer, Pichardo, le r\u00e9capitulatif de la 9\u00e8me journ\u00e9e","og_description":"Des favoris battus sur les relais, Mayer sixi\u00e8me \u00e0 mi-comp\u00e9tition... Voici le r\u00e9capitulatif de la neuvi\u00e8me journ\u00e9e des Mondiaux de Eugene.","og_url":"https:\/\/dicodusport.fr\/blog\/mondiaux-dathletisme-2022-relais-mayer-pichardo-le-recapitulatif-de-la-9eme-journee\/","og_site_name":"Dicodusport","article_publisher":"https:\/\/www.facebook.com\/dicodusport","article_author":"https:\/\/www.facebook.com\/alexandre.jeffroy.3\/","article_published_time":"2022-07-24T06:57:15+00:00","article_modified_time":"2022-07-24T08:05:10+00:00","og_image":[{"width":800,"height":445,"url":"https:\/\/dicodusport.fr\/blog\/wp-content\/uploads\/2022\/07\/Mondiaux-dathletisme-2022-Relais-Mayer-Pichardo-le-recapitulatif-de-la-9eme-journee.png","type":"image\/png"}],"author":"Alexandre Jeffroy","twitter_card":"summary_large_image","twitter_title":"Mondiaux d'athl\u00e9tisme 2022 : Relais, Mayer, Pichardo, le r\u00e9capitulatif de la 9\u00e8me journ\u00e9e","twitter_creator":"@https:\/\/twitter.com\/smokinalexjoe","twitter_site":"@dicodusport","schema":{"@context":"https:\/\/schema.org","@graph":[{"@type":"NewsArticle","@id":"https:\/\/dicodusport.fr\/blog\/mondiaux-dathletisme-2022-relais-mayer-pichardo-le-recapitulatif-de-la-9eme-journee\/#article","isPartOf":{"@id":"https:\/\/dicodusport.fr\/blog\/mondiaux-dathletisme-2022-relais-mayer-pichardo-le-recapitulatif-de-la-9eme-journee\/"},"author":{"name":"Alexandre Jeffroy","@id":"https:\/\/dicodusport.fr\/blog\/#\/schema\/person\/0e50be5ee9a0e6705846ac950257c4a0"},"headline":"Mondiaux d&rsquo;athl\u00e9tisme 2022 : Relais, Mayer, Pichardo, le r\u00e9capitulatif de la 9\u00e8me journ\u00e9e","datePublished":"2022-07-24T06:57:15+00:00","dateModified":"2022-07-24T08:05:10+00:00","mainEntityOfPage":{"@id":"https:\/\/dicodusport.fr\/blog\/mondiaux-dathletisme-2022-relais-mayer-pichardo-le-recapitulatif-de-la-9eme-journee\/"},"wordCount":1159,"commentCount":0,"publisher":{"@id":"https:\/\/dicodusport.fr\/blog\/#organization"},"image":{"@id":"https:\/\/dicodusport.fr\/blog\/mondiaux-dathletisme-2022-relais-mayer-pichardo-le-recapitulatif-de-la-9eme-journee\/#primaryimage"},"thumbnailUrl":"https:\/\/dicodusport.fr\/blog\/wp-content\/uploads\/2022\/07\/Mondiaux-dathletisme-2022-Relais-Mayer-Pichardo-le-recapitulatif-de-la-9eme-journee.png","keywords":["Athl\u00e9tisme","r\u00e9capitulatif"],"articleSection":["Championnats du monde d'athl\u00e9tisme"],"inLanguage":"fr-FR","potentialAction":[{"@type":"CommentAction","name":"Comment","target":["https:\/\/dicodusport.fr\/blog\/mondiaux-dathletisme-2022-relais-mayer-pichardo-le-recapitulatif-de-la-9eme-journee\/#respond"]}],"copyrightYear":"2022","copyrightHolder":{"@id":"https:\/\/dicodusport.fr\/blog\/#organization"}},{"@type":"WebPage","@id":"https:\/\/dicodusport.fr\/blog\/mondiaux-dathletisme-2022-relais-mayer-pichardo-le-recapitulatif-de-la-9eme-journee\/","url":"https:\/\/dicodusport.fr\/blog\/mondiaux-dathletisme-2022-relais-mayer-pichardo-le-recapitulatif-de-la-9eme-journee\/","name":"Mondiaux d'athl\u00e9tisme 2022 : Relais, Mayer, Pichardo, le r\u00e9capitulatif de la 9\u00e8me journ\u00e9e","isPartOf":{"@id":"https:\/\/dicodusport.fr\/blog\/#website"},"primaryImageOfPage":{"@id":"https:\/\/dicodusport.fr\/blog\/mondiaux-dathletisme-2022-relais-mayer-pichardo-le-recapitulatif-de-la-9eme-journee\/#primaryimage"},"image":{"@id":"https:\/\/dicodusport.fr\/blog\/mondiaux-dathletisme-2022-relais-mayer-pichardo-le-recapitulatif-de-la-9eme-journee\/#primaryimage"},"thumbnailUrl":"https:\/\/dicodusport.fr\/blog\/wp-content\/uploads\/2022\/07\/Mondiaux-dathletisme-2022-Relais-Mayer-Pichardo-le-recapitulatif-de-la-9eme-journee.png","datePublished":"2022-07-24T06:57:15+00:00","dateModified":"2022-07-24T08:05:10+00:00","description":"Des favoris battus sur les relais, Mayer sixi\u00e8me \u00e0 mi-comp\u00e9tition... Voici le r\u00e9capitulatif de la neuvi\u00e8me journ\u00e9e des Mondiaux de Eugene.","breadcrumb":{"@id":"https:\/\/dicodusport.fr\/blog\/mondiaux-dathletisme-2022-relais-mayer-pichardo-le-recapitulatif-de-la-9eme-journee\/#breadcrumb"},"inLanguage":"fr-FR","potentialAction":[{"@type":"ReadAction","target":["https:\/\/dicodusport.fr\/blog\/mondiaux-dathletisme-2022-relais-mayer-pichardo-le-recapitulatif-de-la-9eme-journee\/"]}]},{"@type":"ImageObject","inLanguage":"fr-FR","@id":"https:\/\/dicodusport.fr\/blog\/mondiaux-dathletisme-2022-relais-mayer-pichardo-le-recapitulatif-de-la-9eme-journee\/#primaryimage","url":"https:\/\/dicodusport.fr\/blog\/wp-content\/uploads\/2022\/07\/Mondiaux-dathletisme-2022-Relais-Mayer-Pichardo-le-recapitulatif-de-la-9eme-journee.png","contentUrl":"https:\/\/dicodusport.fr\/blog\/wp-content\/uploads\/2022\/07\/Mondiaux-dathletisme-2022-Relais-Mayer-Pichardo-le-recapitulatif-de-la-9eme-journee.png","width":800,"height":445,"caption":"Mondiaux d'athl\u00e9tisme 2022 Relais, Mayer, Pichardo, le r\u00e9capitulatif de la 9\u00e8me journ\u00e9e"},{"@type":"BreadcrumbList","@id":"https:\/\/dicodusport.fr\/blog\/mondiaux-dathletisme-2022-relais-mayer-pichardo-le-recapitulatif-de-la-9eme-journee\/#breadcrumb","itemListElement":[{"@type":"ListItem","position":1,"name":"Accueil","item":"https:\/\/dicodusport.fr\/blog\/"},{"@type":"ListItem","position":2,"name":"Mondiaux d&rsquo;athl\u00e9tisme 2022 : Relais, Mayer, Pichardo, le r\u00e9capitulatif de la 9\u00e8me journ\u00e9e"}]},{"@type":"WebSite","@id":"https:\/\/dicodusport.fr\/blog\/#website","url":"https:\/\/dicodusport.fr\/blog\/","name":"Dicodusport","description":"L&#039;encyclop\u00e9die de l&#039;actualit\u00e9 sportive","publisher":{"@id":"https:\/\/dicodusport.fr\/blog\/#organization"},"potentialAction":[{"@type":"SearchAction","target":{"@type":"EntryPoint","urlTemplate":"https:\/\/dicodusport.fr\/blog\/?s={search_term_string}"},"query-input":{"@type":"PropertyValueSpecification","valueRequired":true,"valueName":"search_term_string"}}],"inLanguage":"fr-FR"},{"@type":"NewsMediaOrganization","@id":"https:\/\/dicodusport.fr\/blog\/#organization","name":"Dicodusport","url":"https:\/\/dicodusport.fr\/blog\/","logo":{"@type":"ImageObject","inLanguage":"fr-FR","@id":"https:\/\/dicodusport.fr\/blog\/#\/schema\/logo\/image\/","url":"https:\/\/dicodusport.fr\/blog\/wp-content\/uploads\/2020\/06\/cropped-LOGO-DICODUSPORT-2020-SANS-FOND-SANS-TEXTE.png","contentUrl":"https:\/\/dicodusport.fr\/blog\/wp-content\/uploads\/2020\/06\/cropped-LOGO-DICODUSPORT-2020-SANS-FOND-SANS-TEXTE.png","width":512,"height":512,"caption":"Dicodusport"},"image":{"@id":"https:\/\/dicodusport.fr\/blog\/#\/schema\/logo\/image\/"},"sameAs":["https:\/\/www.facebook.com\/dicodusport","https:\/\/x.com\/dicodusport","https:\/\/www.instagram.com\/dicodusport\/","https:\/\/www.youtube.com\/channel\/UC7V2KZ5sd3htJivAbA4ZG3w"],"description":"Dicodusport est l'encyclop\u00e9die de l'actualit\u00e9 sportive.","email":"bonjour@dicodusport.fr","legalName":"DICODUSPORT","foundingDate":"2018-01-14","vatID":"FR71834470973","taxID":"83447097300043","numberOfEmployees":{"@type":"QuantitativeValue","minValue":"1","maxValue":"10"}},{"@type":"Person","@id":"https:\/\/dicodusport.fr\/blog\/#\/schema\/person\/0e50be5ee9a0e6705846ac950257c4a0","name":"Alexandre Jeffroy","image":{"@type":"ImageObject","inLanguage":"fr-FR","@id":"https:\/\/dicodusport.fr\/blog\/#\/schema\/person\/image\/","url":"https:\/\/dicodusport.fr\/blog\/wp-content\/uploads\/2021\/05\/Alexandre-Jeffroy-150x150.jpg","contentUrl":"https:\/\/dicodusport.fr\/blog\/wp-content\/uploads\/2021\/05\/Alexandre-Jeffroy-150x150.jpg","caption":"Alexandre Jeffroy"},"description":"Journaliste\/R\u00e9dacteur depuis octobre 2020 - Bolt qui foudroie le record du monde du 100 m\u00e8tres, les derniers essais de Dominici, les premi\u00e8res charges d\u00e9vastatrices de Bastarocket... de beaux souvenirs pour une grande passion, celle du sport. L\u2019histoire du sport aussi. Comprendre le r\u00f4le qu\u2019il a eu, celui qu\u2019il a et celui qu\u2019il aura dans notre soci\u00e9t\u00e9. Le sport au pass\u00e9, au pr\u00e9sent, au futur. Le sport tous les jours, matin, midi et soir. A d\u00e9faut d\u2019\u00eatre un grand sportif, je suis et je raconte l\u2019actualit\u00e9 et l\u2019histoire des championnes et des champions qui savent se d\u00e9passer pour accomplir des merveilles.","sameAs":["https:\/\/www.facebook.com\/alexandre.jeffroy.3\/","https:\/\/x.com\/https:\/\/twitter.com\/smokinalexjoe"],"url":"https:\/\/dicodusport.fr\/blog\/author\/alexandrejeffroy\/"}]}},"_links":{"self":[{"href":"https:\/\/dicodusport.fr\/blog\/wp-json\/wp\/v2\/posts\/246093","targetHints":{"allow":["GET"]}}],"collection":[{"href":"https:\/\/dicodusport.fr\/blog\/wp-json\/wp\/v2\/posts"}],"about":[{"href":"https:\/\/dicodusport.fr\/blog\/wp-json\/wp\/v2\/types\/post"}],"author":[{"embeddable":true,"href":"https:\/\/dicodusport.fr\/blog\/wp-json\/wp\/v2\/users\/45"}],"replies":[{"embeddable":true,"href":"https:\/\/dicodusport.fr\/blog\/wp-json\/wp\/v2\/comments?post=246093"}],"version-history":[{"count":0,"href":"https:\/\/dicodusport.fr\/blog\/wp-json\/wp\/v2\/posts\/246093\/revisions"}],"wp:featuredmedia":[{"embeddable":true,"href":"https:\/\/dicodusport.fr\/blog\/wp-json\/wp\/v2\/media\/246117"}],"wp:attachment":[{"href":"https:\/\/dicodusport.fr\/blog\/wp-json\/wp\/v2\/media?parent=246093"}],"wp:term":[{"taxonomy":"category","embeddable":true,"href":"https:\/\/dicodusport.fr\/blog\/wp-json\/wp\/v2\/categories?post=246093"},{"taxonomy":"post_tag","embeddable":true,"href":"https:\/\/dicodusport.fr\/blog\/wp-json\/wp\/v2\/tags?post=246093"}],"curies":[{"name":"wp","href":"https:\/\/api.w.org\/{rel}","templated":true}]}}