{"id":246108,"date":"2022-07-24T09:00:19","date_gmt":"2022-07-24T07:00:19","guid":{"rendered":"https:\/\/dicodusport.fr\/blog\/?p=246108&#038;preview=true&#038;preview_id=246108"},"modified":"2022-07-24T20:25:21","modified_gmt":"2022-07-24T18:25:21","slug":"la-ville-de-paris-sassocie-a-la-bb-hotels","status":"publish","type":"post","link":"https:\/\/dicodusport.fr\/blog\/la-ville-de-paris-sassocie-a-la-bb-hotels\/","title":{"rendered":"La Ville de Paris s&rsquo;associe \u00e0 la B&#038;B H\u00f4tels"},"content":{"rendered":"<p style=\"text-align: justify;\"><b><i>CYCLISME SUR ROUTE 2022 &#8211; Selon nos confr\u00e8res de L&rsquo;\u00c9quipe, la Ville de Paris va associer son nom \u00e0 B&amp;B H\u00f4tels, la formation manag\u00e9e par J\u00e9r\u00f4me Pineau, \u00e0 partir de la saison prochaine.<\/i><\/b><\/p>\n<p style=\"text-align: justify;\">L&rsquo;\u00e9quipe de <strong>J\u00e9r\u00f4me Pineau<\/strong> va vraiment faire sa r\u00e9volution en 2023. Apr\u00e8s des premi\u00e8res saisons compliqu\u00e9es, l&rsquo;\u00e9quipe fran\u00e7aise va changer de dimension dans quelques mois. En plus d&rsquo;un nouveau gros sponsor qui devrait \u00eatre d\u00e9voil\u00e9 tr\u00e8s prochainement, <strong>J\u00e9r\u00f4me Pineau<\/strong> a obtenu un partenariat avec le <strong>Ville de Paris<\/strong>. <strong>Didier Quillot<\/strong>, ancien pr\u00e9sident de la LFP, est \u00e0 l&rsquo;origine de cet accord et a expliqu\u00e9 que la <strong>Ville de Paris<\/strong> n&rsquo;allait pas d\u00e9bourser d&rsquo;argent pour ce partenariat, comme il l&rsquo;a expliqu\u00e9 \u00e0 nos confr\u00e8res de <em>L&rsquo;\u00c9quipe<\/em>.<\/p>\n<blockquote><p>Avec la Ville de Paris, nous avons une convention marketing et une mise \u00e0 disposition de la marque Paris. Nous n&rsquo;avons demand\u00e9 aucun financement, et aucun denier public ne sera d\u00e9pens\u00e9 par la Ville de Paris.<\/p><\/blockquote>\n<p style=\"text-align: justify;\">Fort de ces nouvelles ressources, <strong>J\u00e9r\u00f4me Pineau<\/strong> va tenter de faire un gros recrutement pour que son \u00e9quipe puisse rapidement acc\u00e9der au <strong>World Tour<\/strong>. Les noms de <strong>Mark Cavendish<\/strong> et <strong>Michael Matthews<\/strong> circulent toujours comme de possibles recrues. Le si\u00e8ge de la structure sera situ\u00e9 \u00e0 Paris alors que l&rsquo;acad\u00e9mie restera elle en Bretagne, comme Didier Quillot l&rsquo;a confirm\u00e9, alors que l&rsquo;on retrouvera sur le futur maillot le nom <strong>\u00ab<\/strong> <strong>Paris Cycling Club \u00bb<\/strong>.<\/p>\n<blockquote class=\"twitter-tweet\">\n<p dir=\"ltr\" lang=\"fr\">L&rsquo;\u00c9quipe rev\u00e8le que la ville de Paris deviendra en 2023 le partenaire principal de la structure de J\u00e9r\u00f4me Pineau, actuellement B&amp;B H\u00f4tels. Une \u00e9quipe f\u00e9minine verra le jour dans un projet qui aura aussi une Acad\u00e9mie de jeunes coureurs. <a href=\"https:\/\/t.co\/ST1219IvK5\">https:\/\/t.co\/ST1219IvK5<\/a><\/p>\n<p>\u2014 Le Gruppetto (@LeGruppetto) <a href=\"https:\/\/twitter.com\/LeGruppetto\/status\/1550966135767588865?ref_src=twsrc%5Etfw\">July 23, 2022<\/a><\/p><\/blockquote>\n<p style=\"text-align: justify;\"><script async src=\"https:\/\/platform.twitter.com\/widgets.js\" charset=\"utf-8\"><\/script><\/p>\n<p style=\"text-align: justify;\">\n","protected":false},"excerpt":{"rendered":"<p>CYCLISME SUR ROUTE 2022 &#8211; Selon nos confr\u00e8res de L&rsquo;\u00c9quipe, la Ville de Paris va associer son nom \u00e0 B&#038;B H\u00f4tels, la formation manag\u00e9e par J\u00e9r\u00f4me Pineau, \u00e0 partir de la saison prochaine.<\/p>\n","protected":false},"author":1,"featured_media":246110,"comment_status":"open","ping_status":"closed","sticky":false,"template":"","format":"standard","meta":{"_acf_changed":false,"_daextam_enable_autolinks":"","footnotes":""},"categories":[46994],"tags":[12691,5851],"class_list":["post-246108","post","type-post","status-publish","format-standard","has-post-thumbnail","hentry","category-cyclisme-sur-route","tag-bb-hotels","tag-jerome-pineau"],"acf":[],"yoast_head":"<!-- This site is optimized with the Yoast SEO Premium plugin v26.7 (Yoast SEO v26.7) - https:\/\/yoast.com\/wordpress\/plugins\/seo\/ -->\n<title>La Ville de Paris s&#039;associe \u00e0 la B&amp;B H\u00f4tels<\/title>\n<meta name=\"description\" content=\"CYCLISME SUR ROUTE 2022 - Selon L&#039;\u00c9quipe, la Ville de Paris va associer son nom \u00e0 B&amp;B H\u00f4tels \u00e0 partir de la saison prochaine.\" \/>\n<meta name=\"robots\" content=\"index, follow, max-snippet:-1, max-image-preview:large, max-video-preview:-1\" \/>\n<link rel=\"canonical\" href=\"https:\/\/dicodusport.fr\/blog\/la-ville-de-paris-sassocie-a-la-bb-hotels\/\" \/>\n<meta property=\"og:locale\" content=\"fr_FR\" \/>\n<meta property=\"og:type\" content=\"article\" \/>\n<meta property=\"og:title\" content=\"La Ville de Paris s&#039;associe \u00e0 la B&amp;B H\u00f4tels\" \/>\n<meta property=\"og:description\" content=\"CYCLISME SUR ROUTE 2022 - Selon L&#039;\u00c9quipe, la Ville de Paris va associer son nom \u00e0 B&amp;B H\u00f4tels \u00e0 partir de la saison prochaine.\" \/>\n<meta property=\"og:url\" content=\"https:\/\/dicodusport.fr\/blog\/la-ville-de-paris-sassocie-a-la-bb-hotels\/\" \/>\n<meta property=\"og:site_name\" content=\"Dicodusport\" \/>\n<meta property=\"article:publisher\" content=\"https:\/\/www.facebook.com\/dicodusport\" \/>\n<meta property=\"article:author\" content=\"https:\/\/www.facebook.com\/dicodusport\" \/>\n<meta property=\"article:published_time\" content=\"2022-07-24T07:00:19+00:00\" \/>\n<meta property=\"article:modified_time\" content=\"2022-07-24T18:25:21+00:00\" \/>\n<meta property=\"og:image\" content=\"https:\/\/dicodusport.fr\/blog\/wp-content\/uploads\/2022\/07\/La-Ville-de-Paris-sassocie-a\u0300-la-BB-Ho\u0302tels.png\" \/>\n\t<meta property=\"og:image:width\" content=\"800\" \/>\n\t<meta property=\"og:image:height\" content=\"445\" \/>\n\t<meta property=\"og:image:type\" content=\"image\/png\" \/>\n<meta name=\"author\" content=\"Nicolas Jacquemard\" \/>\n<meta name=\"twitter:card\" content=\"summary_large_image\" \/>\n<meta name=\"twitter:title\" content=\"La Ville de Paris s&#039;associe \u00e0 la B&amp;B H\u00f4tels\" \/>\n<meta name=\"twitter:creator\" content=\"@https:\/\/twitter.com\/Nico_Jacquemard\" \/>\n<meta name=\"twitter:site\" content=\"@dicodusport\" \/>\n<script type=\"application\/ld+json\" class=\"yoast-schema-graph\">{\"@context\":\"https:\/\/schema.org\",\"@graph\":[{\"@type\":\"NewsArticle\",\"@id\":\"https:\/\/dicodusport.fr\/blog\/la-ville-de-paris-sassocie-a-la-bb-hotels\/#article\",\"isPartOf\":{\"@id\":\"https:\/\/dicodusport.fr\/blog\/la-ville-de-paris-sassocie-a-la-bb-hotels\/\"},\"author\":{\"name\":\"Nicolas Jacquemard\",\"@id\":\"https:\/\/dicodusport.fr\/blog\/#\/schema\/person\/55dcb50ad410894e431ed812bbb70191\"},\"headline\":\"La Ville de Paris s&rsquo;associe \u00e0 la B&#038;B H\u00f4tels\",\"datePublished\":\"2022-07-24T07:00:19+00:00\",\"dateModified\":\"2022-07-24T18:25:21+00:00\",\"mainEntityOfPage\":{\"@id\":\"https:\/\/dicodusport.fr\/blog\/la-ville-de-paris-sassocie-a-la-bb-hotels\/\"},\"wordCount\":325,\"commentCount\":0,\"publisher\":{\"@id\":\"https:\/\/dicodusport.fr\/blog\/#organization\"},\"image\":{\"@id\":\"https:\/\/dicodusport.fr\/blog\/la-ville-de-paris-sassocie-a-la-bb-hotels\/#primaryimage\"},\"thumbnailUrl\":\"https:\/\/dicodusport.fr\/blog\/wp-content\/uploads\/2022\/07\/La-Ville-de-Paris-sassocie-a\u0300-la-BB-Ho\u0302tels.png\",\"keywords\":[\"B&amp;B H\u00f4tels\",\"J\u00e9r\u00f4me Pineau\"],\"articleSection\":[\"Cyclisme sur route\"],\"inLanguage\":\"fr-FR\",\"potentialAction\":[{\"@type\":\"CommentAction\",\"name\":\"Comment\",\"target\":[\"https:\/\/dicodusport.fr\/blog\/la-ville-de-paris-sassocie-a-la-bb-hotels\/#respond\"]}],\"copyrightYear\":\"2022\",\"copyrightHolder\":{\"@id\":\"https:\/\/dicodusport.fr\/blog\/#organization\"}},{\"@type\":\"WebPage\",\"@id\":\"https:\/\/dicodusport.fr\/blog\/la-ville-de-paris-sassocie-a-la-bb-hotels\/\",\"url\":\"https:\/\/dicodusport.fr\/blog\/la-ville-de-paris-sassocie-a-la-bb-hotels\/\",\"name\":\"La Ville de Paris s'associe \u00e0 la B&B H\u00f4tels\",\"isPartOf\":{\"@id\":\"https:\/\/dicodusport.fr\/blog\/#website\"},\"primaryImageOfPage\":{\"@id\":\"https:\/\/dicodusport.fr\/blog\/la-ville-de-paris-sassocie-a-la-bb-hotels\/#primaryimage\"},\"image\":{\"@id\":\"https:\/\/dicodusport.fr\/blog\/la-ville-de-paris-sassocie-a-la-bb-hotels\/#primaryimage\"},\"thumbnailUrl\":\"https:\/\/dicodusport.fr\/blog\/wp-content\/uploads\/2022\/07\/La-Ville-de-Paris-sassocie-a\u0300-la-BB-Ho\u0302tels.png\",\"datePublished\":\"2022-07-24T07:00:19+00:00\",\"dateModified\":\"2022-07-24T18:25:21+00:00\",\"description\":\"CYCLISME SUR ROUTE 2022 - Selon L'\u00c9quipe, la Ville de Paris va associer son nom \u00e0 B&B H\u00f4tels \u00e0 partir de la saison prochaine.\",\"breadcrumb\":{\"@id\":\"https:\/\/dicodusport.fr\/blog\/la-ville-de-paris-sassocie-a-la-bb-hotels\/#breadcrumb\"},\"inLanguage\":\"fr-FR\",\"potentialAction\":[{\"@type\":\"ReadAction\",\"target\":[\"https:\/\/dicodusport.fr\/blog\/la-ville-de-paris-sassocie-a-la-bb-hotels\/\"]}]},{\"@type\":\"ImageObject\",\"inLanguage\":\"fr-FR\",\"@id\":\"https:\/\/dicodusport.fr\/blog\/la-ville-de-paris-sassocie-a-la-bb-hotels\/#primaryimage\",\"url\":\"https:\/\/dicodusport.fr\/blog\/wp-content\/uploads\/2022\/07\/La-Ville-de-Paris-sassocie-a\u0300-la-BB-Ho\u0302tels.png\",\"contentUrl\":\"https:\/\/dicodusport.fr\/blog\/wp-content\/uploads\/2022\/07\/La-Ville-de-Paris-sassocie-a\u0300-la-BB-Ho\u0302tels.png\",\"width\":800,\"height\":445},{\"@type\":\"BreadcrumbList\",\"@id\":\"https:\/\/dicodusport.fr\/blog\/la-ville-de-paris-sassocie-a-la-bb-hotels\/#breadcrumb\",\"itemListElement\":[{\"@type\":\"ListItem\",\"position\":1,\"name\":\"Accueil\",\"item\":\"https:\/\/dicodusport.fr\/blog\/\"},{\"@type\":\"ListItem\",\"position\":2,\"name\":\"La Ville de Paris s&rsquo;associe \u00e0 la B&#038;B H\u00f4tels\"}]},{\"@type\":\"WebSite\",\"@id\":\"https:\/\/dicodusport.fr\/blog\/#website\",\"url\":\"https:\/\/dicodusport.fr\/blog\/\",\"name\":\"Dicodusport\",\"description\":\"L&#039;encyclop\u00e9die de l&#039;actualit\u00e9 sportive\",\"publisher\":{\"@id\":\"https:\/\/dicodusport.fr\/blog\/#organization\"},\"potentialAction\":[{\"@type\":\"SearchAction\",\"target\":{\"@type\":\"EntryPoint\",\"urlTemplate\":\"https:\/\/dicodusport.fr\/blog\/?s={search_term_string}\"},\"query-input\":{\"@type\":\"PropertyValueSpecification\",\"valueRequired\":true,\"valueName\":\"search_term_string\"}}],\"inLanguage\":\"fr-FR\"},{\"@type\":\"NewsMediaOrganization\",\"@id\":\"https:\/\/dicodusport.fr\/blog\/#organization\",\"name\":\"Dicodusport\",\"url\":\"https:\/\/dicodusport.fr\/blog\/\",\"logo\":{\"@type\":\"ImageObject\",\"inLanguage\":\"fr-FR\",\"@id\":\"https:\/\/dicodusport.fr\/blog\/#\/schema\/logo\/image\/\",\"url\":\"https:\/\/dicodusport.fr\/blog\/wp-content\/uploads\/2020\/06\/cropped-LOGO-DICODUSPORT-2020-SANS-FOND-SANS-TEXTE.png\",\"contentUrl\":\"https:\/\/dicodusport.fr\/blog\/wp-content\/uploads\/2020\/06\/cropped-LOGO-DICODUSPORT-2020-SANS-FOND-SANS-TEXTE.png\",\"width\":512,\"height\":512,\"caption\":\"Dicodusport\"},\"image\":{\"@id\":\"https:\/\/dicodusport.fr\/blog\/#\/schema\/logo\/image\/\"},\"sameAs\":[\"https:\/\/www.facebook.com\/dicodusport\",\"https:\/\/x.com\/dicodusport\",\"https:\/\/www.instagram.com\/dicodusport\/\",\"https:\/\/www.youtube.com\/channel\/UC7V2KZ5sd3htJivAbA4ZG3w\"],\"description\":\"Dicodusport est l'encyclop\u00e9die de l'actualit\u00e9 sportive.\",\"email\":\"bonjour@dicodusport.fr\",\"legalName\":\"DICODUSPORT\",\"foundingDate\":\"2018-01-14\",\"vatID\":\"FR71834470973\",\"taxID\":\"83447097300043\",\"numberOfEmployees\":{\"@type\":\"QuantitativeValue\",\"minValue\":\"1\",\"maxValue\":\"10\"}},{\"@type\":\"Person\",\"@id\":\"https:\/\/dicodusport.fr\/blog\/#\/schema\/person\/55dcb50ad410894e431ed812bbb70191\",\"name\":\"Nicolas Jacquemard\",\"image\":{\"@type\":\"ImageObject\",\"inLanguage\":\"fr-FR\",\"@id\":\"https:\/\/dicodusport.fr\/blog\/#\/schema\/person\/image\/\",\"url\":\"https:\/\/dicodusport.fr\/blog\/wp-content\/uploads\/2021\/05\/Nicolas-Jacquemard-150x150.jpeg\",\"contentUrl\":\"https:\/\/dicodusport.fr\/blog\/wp-content\/uploads\/2021\/05\/Nicolas-Jacquemard-150x150.jpeg\",\"caption\":\"Nicolas Jacquemard\"},\"description\":\"Passionn\u00e9 de sport et entrepreneur depuis mes 18 ans, la cr\u00e9ation de Dicodusport m'a sembl\u00e9 \u00e9vidente pour participer \u00e0 la m\u00e9diatisation d'un plus grand nombre de sports. Le chemin est long mais avec une \u00e9quipe des plus motiv\u00e9es et les Jeux Olympiques de Paris 2024 en point de mire, nous y arriverons ! Journaliste dans le monde du sport depuis plus de 5 ans, je traite aussi bien de football, de rugby, de biathlon que de cyclisme.\",\"sameAs\":[\"https:\/\/www.facebook.com\/dicodusport\",\"https:\/\/x.com\/https:\/\/twitter.com\/Nico_Jacquemard\"],\"url\":\"https:\/\/dicodusport.fr\/blog\/author\/dicodusport\/\"}]}<\/script>\n<!-- \/ Yoast SEO Premium plugin. -->","yoast_head_json":{"title":"La Ville de Paris s'associe \u00e0 la B&B H\u00f4tels","description":"CYCLISME SUR ROUTE 2022 - Selon L'\u00c9quipe, la Ville de Paris va associer son nom \u00e0 B&B H\u00f4tels \u00e0 partir de la saison prochaine.","robots":{"index":"index","follow":"follow","max-snippet":"max-snippet:-1","max-image-preview":"max-image-preview:large","max-video-preview":"max-video-preview:-1"},"canonical":"https:\/\/dicodusport.fr\/blog\/la-ville-de-paris-sassocie-a-la-bb-hotels\/","og_locale":"fr_FR","og_type":"article","og_title":"La Ville de Paris s'associe \u00e0 la B&B H\u00f4tels","og_description":"CYCLISME SUR ROUTE 2022 - Selon L'\u00c9quipe, la Ville de Paris va associer son nom \u00e0 B&B H\u00f4tels \u00e0 partir de la saison prochaine.","og_url":"https:\/\/dicodusport.fr\/blog\/la-ville-de-paris-sassocie-a-la-bb-hotels\/","og_site_name":"Dicodusport","article_publisher":"https:\/\/www.facebook.com\/dicodusport","article_author":"https:\/\/www.facebook.com\/dicodusport","article_published_time":"2022-07-24T07:00:19+00:00","article_modified_time":"2022-07-24T18:25:21+00:00","og_image":[{"width":800,"height":445,"url":"https:\/\/dicodusport.fr\/blog\/wp-content\/uploads\/2022\/07\/La-Ville-de-Paris-sassocie-a\u0300-la-BB-Ho\u0302tels.png","type":"image\/png"}],"author":"Nicolas Jacquemard","twitter_card":"summary_large_image","twitter_title":"La Ville de Paris s'associe \u00e0 la B&B H\u00f4tels","twitter_creator":"@https:\/\/twitter.com\/Nico_Jacquemard","twitter_site":"@dicodusport","schema":{"@context":"https:\/\/schema.org","@graph":[{"@type":"NewsArticle","@id":"https:\/\/dicodusport.fr\/blog\/la-ville-de-paris-sassocie-a-la-bb-hotels\/#article","isPartOf":{"@id":"https:\/\/dicodusport.fr\/blog\/la-ville-de-paris-sassocie-a-la-bb-hotels\/"},"author":{"name":"Nicolas Jacquemard","@id":"https:\/\/dicodusport.fr\/blog\/#\/schema\/person\/55dcb50ad410894e431ed812bbb70191"},"headline":"La Ville de Paris s&rsquo;associe \u00e0 la B&#038;B H\u00f4tels","datePublished":"2022-07-24T07:00:19+00:00","dateModified":"2022-07-24T18:25:21+00:00","mainEntityOfPage":{"@id":"https:\/\/dicodusport.fr\/blog\/la-ville-de-paris-sassocie-a-la-bb-hotels\/"},"wordCount":325,"commentCount":0,"publisher":{"@id":"https:\/\/dicodusport.fr\/blog\/#organization"},"image":{"@id":"https:\/\/dicodusport.fr\/blog\/la-ville-de-paris-sassocie-a-la-bb-hotels\/#primaryimage"},"thumbnailUrl":"https:\/\/dicodusport.fr\/blog\/wp-content\/uploads\/2022\/07\/La-Ville-de-Paris-sassocie-a\u0300-la-BB-Ho\u0302tels.png","keywords":["B&amp;B H\u00f4tels","J\u00e9r\u00f4me Pineau"],"articleSection":["Cyclisme sur route"],"inLanguage":"fr-FR","potentialAction":[{"@type":"CommentAction","name":"Comment","target":["https:\/\/dicodusport.fr\/blog\/la-ville-de-paris-sassocie-a-la-bb-hotels\/#respond"]}],"copyrightYear":"2022","copyrightHolder":{"@id":"https:\/\/dicodusport.fr\/blog\/#organization"}},{"@type":"WebPage","@id":"https:\/\/dicodusport.fr\/blog\/la-ville-de-paris-sassocie-a-la-bb-hotels\/","url":"https:\/\/dicodusport.fr\/blog\/la-ville-de-paris-sassocie-a-la-bb-hotels\/","name":"La Ville de Paris s'associe \u00e0 la B&B H\u00f4tels","isPartOf":{"@id":"https:\/\/dicodusport.fr\/blog\/#website"},"primaryImageOfPage":{"@id":"https:\/\/dicodusport.fr\/blog\/la-ville-de-paris-sassocie-a-la-bb-hotels\/#primaryimage"},"image":{"@id":"https:\/\/dicodusport.fr\/blog\/la-ville-de-paris-sassocie-a-la-bb-hotels\/#primaryimage"},"thumbnailUrl":"https:\/\/dicodusport.fr\/blog\/wp-content\/uploads\/2022\/07\/La-Ville-de-Paris-sassocie-a\u0300-la-BB-Ho\u0302tels.png","datePublished":"2022-07-24T07:00:19+00:00","dateModified":"2022-07-24T18:25:21+00:00","description":"CYCLISME SUR ROUTE 2022 - Selon L'\u00c9quipe, la Ville de Paris va associer son nom \u00e0 B&B H\u00f4tels \u00e0 partir de la saison prochaine.","breadcrumb":{"@id":"https:\/\/dicodusport.fr\/blog\/la-ville-de-paris-sassocie-a-la-bb-hotels\/#breadcrumb"},"inLanguage":"fr-FR","potentialAction":[{"@type":"ReadAction","target":["https:\/\/dicodusport.fr\/blog\/la-ville-de-paris-sassocie-a-la-bb-hotels\/"]}]},{"@type":"ImageObject","inLanguage":"fr-FR","@id":"https:\/\/dicodusport.fr\/blog\/la-ville-de-paris-sassocie-a-la-bb-hotels\/#primaryimage","url":"https:\/\/dicodusport.fr\/blog\/wp-content\/uploads\/2022\/07\/La-Ville-de-Paris-sassocie-a\u0300-la-BB-Ho\u0302tels.png","contentUrl":"https:\/\/dicodusport.fr\/blog\/wp-content\/uploads\/2022\/07\/La-Ville-de-Paris-sassocie-a\u0300-la-BB-Ho\u0302tels.png","width":800,"height":445},{"@type":"BreadcrumbList","@id":"https:\/\/dicodusport.fr\/blog\/la-ville-de-paris-sassocie-a-la-bb-hotels\/#breadcrumb","itemListElement":[{"@type":"ListItem","position":1,"name":"Accueil","item":"https:\/\/dicodusport.fr\/blog\/"},{"@type":"ListItem","position":2,"name":"La Ville de Paris s&rsquo;associe \u00e0 la B&#038;B H\u00f4tels"}]},{"@type":"WebSite","@id":"https:\/\/dicodusport.fr\/blog\/#website","url":"https:\/\/dicodusport.fr\/blog\/","name":"Dicodusport","description":"L&#039;encyclop\u00e9die de l&#039;actualit\u00e9 sportive","publisher":{"@id":"https:\/\/dicodusport.fr\/blog\/#organization"},"potentialAction":[{"@type":"SearchAction","target":{"@type":"EntryPoint","urlTemplate":"https:\/\/dicodusport.fr\/blog\/?s={search_term_string}"},"query-input":{"@type":"PropertyValueSpecification","valueRequired":true,"valueName":"search_term_string"}}],"inLanguage":"fr-FR"},{"@type":"NewsMediaOrganization","@id":"https:\/\/dicodusport.fr\/blog\/#organization","name":"Dicodusport","url":"https:\/\/dicodusport.fr\/blog\/","logo":{"@type":"ImageObject","inLanguage":"fr-FR","@id":"https:\/\/dicodusport.fr\/blog\/#\/schema\/logo\/image\/","url":"https:\/\/dicodusport.fr\/blog\/wp-content\/uploads\/2020\/06\/cropped-LOGO-DICODUSPORT-2020-SANS-FOND-SANS-TEXTE.png","contentUrl":"https:\/\/dicodusport.fr\/blog\/wp-content\/uploads\/2020\/06\/cropped-LOGO-DICODUSPORT-2020-SANS-FOND-SANS-TEXTE.png","width":512,"height":512,"caption":"Dicodusport"},"image":{"@id":"https:\/\/dicodusport.fr\/blog\/#\/schema\/logo\/image\/"},"sameAs":["https:\/\/www.facebook.com\/dicodusport","https:\/\/x.com\/dicodusport","https:\/\/www.instagram.com\/dicodusport\/","https:\/\/www.youtube.com\/channel\/UC7V2KZ5sd3htJivAbA4ZG3w"],"description":"Dicodusport est l'encyclop\u00e9die de l'actualit\u00e9 sportive.","email":"bonjour@dicodusport.fr","legalName":"DICODUSPORT","foundingDate":"2018-01-14","vatID":"FR71834470973","taxID":"83447097300043","numberOfEmployees":{"@type":"QuantitativeValue","minValue":"1","maxValue":"10"}},{"@type":"Person","@id":"https:\/\/dicodusport.fr\/blog\/#\/schema\/person\/55dcb50ad410894e431ed812bbb70191","name":"Nicolas Jacquemard","image":{"@type":"ImageObject","inLanguage":"fr-FR","@id":"https:\/\/dicodusport.fr\/blog\/#\/schema\/person\/image\/","url":"https:\/\/dicodusport.fr\/blog\/wp-content\/uploads\/2021\/05\/Nicolas-Jacquemard-150x150.jpeg","contentUrl":"https:\/\/dicodusport.fr\/blog\/wp-content\/uploads\/2021\/05\/Nicolas-Jacquemard-150x150.jpeg","caption":"Nicolas Jacquemard"},"description":"Passionn\u00e9 de sport et entrepreneur depuis mes 18 ans, la cr\u00e9ation de Dicodusport m'a sembl\u00e9 \u00e9vidente pour participer \u00e0 la m\u00e9diatisation d'un plus grand nombre de sports. Le chemin est long mais avec une \u00e9quipe des plus motiv\u00e9es et les Jeux Olympiques de Paris 2024 en point de mire, nous y arriverons ! Journaliste dans le monde du sport depuis plus de 5 ans, je traite aussi bien de football, de rugby, de biathlon que de cyclisme.","sameAs":["https:\/\/www.facebook.com\/dicodusport","https:\/\/x.com\/https:\/\/twitter.com\/Nico_Jacquemard"],"url":"https:\/\/dicodusport.fr\/blog\/author\/dicodusport\/"}]}},"_links":{"self":[{"href":"https:\/\/dicodusport.fr\/blog\/wp-json\/wp\/v2\/posts\/246108","targetHints":{"allow":["GET"]}}],"collection":[{"href":"https:\/\/dicodusport.fr\/blog\/wp-json\/wp\/v2\/posts"}],"about":[{"href":"https:\/\/dicodusport.fr\/blog\/wp-json\/wp\/v2\/types\/post"}],"author":[{"embeddable":true,"href":"https:\/\/dicodusport.fr\/blog\/wp-json\/wp\/v2\/users\/1"}],"replies":[{"embeddable":true,"href":"https:\/\/dicodusport.fr\/blog\/wp-json\/wp\/v2\/comments?post=246108"}],"version-history":[{"count":0,"href":"https:\/\/dicodusport.fr\/blog\/wp-json\/wp\/v2\/posts\/246108\/revisions"}],"wp:featuredmedia":[{"embeddable":true,"href":"https:\/\/dicodusport.fr\/blog\/wp-json\/wp\/v2\/media\/246110"}],"wp:attachment":[{"href":"https:\/\/dicodusport.fr\/blog\/wp-json\/wp\/v2\/media?parent=246108"}],"wp:term":[{"taxonomy":"category","embeddable":true,"href":"https:\/\/dicodusport.fr\/blog\/wp-json\/wp\/v2\/categories?post=246108"},{"taxonomy":"post_tag","embeddable":true,"href":"https:\/\/dicodusport.fr\/blog\/wp-json\/wp\/v2\/tags?post=246108"}],"curies":[{"name":"wp","href":"https:\/\/api.w.org\/{rel}","templated":true}]}}