{"id":246315,"date":"2022-07-26T10:00:25","date_gmt":"2022-07-26T08:00:25","guid":{"rendered":"https:\/\/dicodusport.fr\/blog\/?p=246315&#038;preview=true&#038;preview_id=246315"},"modified":"2025-09-16T08:57:53","modified_gmt":"2025-09-16T06:57:53","slug":"fabien-ourega-lobjectif-devenir-le-premier-club-lituanien-en-phase-de-groupes-en-coupe-deurope","status":"publish","type":"post","link":"https:\/\/dicodusport.fr\/blog\/fabien-ourega-lobjectif-devenir-le-premier-club-lituanien-en-phase-de-groupes-en-coupe-deurope\/","title":{"rendered":"Fabien Ourega\u00a0: \u00ab\u00a0L\u2019objectif ? Devenir le premier club lituanien en phase de groupes en Coupe d\u2019Europe\u00a0\u00bb"},"content":{"rendered":"<p align=\"justify\"><i><b><a href=\"https:\/\/dicodusport.fr\/blog\/?s=ligue+des+champions\">Ligue des Champions 2022-2023<\/a> \u2013 Pendant que les cadors europ\u00e9ens patientent sagement pour faire leur entr\u00e9e dans la comp\u00e9tition, la Ligue des Champions a officiellement d\u00e9but\u00e9 depuis pr\u00e8s d\u2019un mois. Les tours pr\u00e9liminaires font rage entre les diff\u00e9rents champions nationaux des \u00ab petites \u00bb nations. Apr\u00e8s avoir pass\u00e9 le FC Balkani (Kosovo), le Zalgiris Vilnius a r\u00e9alis\u00e9 un v\u00e9ritable exploit en s\u2019offrant \u00e0 domicile Malm\u00f6 (1-0) au match aller du 2\u00e8me tour pr\u00e9liminaire. Unique buteur, le Fran\u00e7ais Fabien Ourega a \u00e9t\u00e9 le h\u00e9ros de la rencontre. Avant d\u2019aborder le retour en Su\u00e8de, l\u2019ailier de 29 ans revient sur ce premier but marquant dans la reine des comp\u00e9titions, et l\u2019environnement du championnat lituanien qu\u2019il a rejoint l\u2019hiver dernier apr\u00e8s des ann\u00e9es entre Ligue 2 et National 1. <\/b><\/i><\/p>\n<h3 style=\"text-align: justify;\" align=\"justify\">Cette semaine, tu as inscrit l\u2019unique but dans la victoire surprise du Zalgiris sur Malm\u00f6 au 2\u00e8me tour pr\u00e9liminaire de Ligue des Champions. Comment as-tu v\u00e9cu ce premier but dans la plus grande des comp\u00e9titions ? \u00c7a doit \u00eatre un moment particulier non ?<\/h3>\n<p align=\"justify\">Oui, en effet, j\u2019ai marqu\u00e9 mon premier but dans cette comp\u00e9tition qui, selon moi, est la meilleure au monde. \u00c7a restera vraiment un moment inoubliable au vu de l\u2019enjeu du match et devant notre public, qui a mis un ambiance formidable. Surtout, il est tr\u00e8s beau et offre la victoire. C\u2019\u00e9tait vraiment un moment particulier parce que je d\u00e9couvre cette comp\u00e9tition m\u00eame si \u00e7a reste les tours de qualification, mais \u00e7a me permet de me confronter aux meilleures \u00e9quipes de plusieurs championnats europ\u00e9ens. <b>Ce but restera <\/b><b>g<\/b><b>rav\u00e9 \u00e0 jamais dans ma m\u00e9moire.<\/b><\/p>\n<p><span class=\"Si0Lv9xFVfuEYtaCHq574mJjKseUnN\"><iframe loading=\"lazy\" title=\"\u012evartis | Ourega | \u017dalgiris - Malmo | Goal\" width=\"740\" height=\"416\" src=\"https:\/\/www.youtube.com\/embed\/NncF2syCkZY?feature=oembed\" frameborder=\"0\" allow=\"accelerometer; autoplay; clipboard-write; encrypted-media; gyroscope; picture-in-picture; web-share\" allowfullscreen><\/iframe><\/span><\/p>\n<h3 style=\"text-align: justify;\" align=\"justify\">Vous avez battu le champion du Kosovo au tour pr\u00e9c\u00e9dent, et vous \u00eates en ballottage favorable avant de vous d\u00e9placer en Su\u00e8de. Passer au 3\u00e8me tour serait une \u00e9norme performance, est-ce qu\u2019il y a une attente ou une pression particuli\u00e8re qui s\u2019installe avant le match retour ?<\/h3>\n<p align=\"justify\">Pour le moment, on a l\u2019avantage, mais rien n\u2019est jou\u00e9. Il y a le match retour l\u00e0-bas, et on s\u2019y pr\u00e9pare parce que ce sera un autre match devant leur public. On conna\u00eet l\u2019atmosph\u00e8re \u00e0 <b>Malm\u00f6<\/b> mais on est des professionnels, et c\u2019est le genre de match que tout le monde a envie de jouer. Il n\u2019y a pas de pression particuli\u00e8re, ni pour l\u2019\u00e9quipe, ni pour moi-m\u00eame. \u00c7a reste du bonus. On fera le d\u00e9placement avec la m\u00eame envie et la m\u00eame d\u00e9termination que l\u2019on a \u00e0 chaque match.<\/p>\n<h3 style=\"text-align: justify;\" align=\"justify\">Avec les reversements d\u2019une comp\u00e9tition europ\u00e9enne \u00e0 une autre, est-ce que le fait de d\u00e9crocher une possible place en phase de groupes d\u2019une des trois comp\u00e9titions est un objectif pour le club ?<\/h3>\n<p align=\"justify\">C\u2019est clairement un objectif. Nous sommes des comp\u00e9titeurs. <b>A<\/b><b>ucune <\/b><b>\u00e9<\/b><b>quipe du championnat lituanien <\/b><b>n\u2019a <\/b><b>particip<\/b><b>\u00e9<\/b><b> aux phases de groupe <\/b><b>d\u2019une<\/b><b> <\/b><b>C<\/b><b>oupe d\u2019Europe<\/b>, donc on a vraiment l\u2019occasion de marquer l\u2019histoire du club, et du pays. Nous n&rsquo;en sommes pas loin. \u00c0 nous de mouiller le maillot car participer \u00e0 une Coupe d\u2019Europe peut changer nos vies.<\/p>\n<blockquote class=\"twitter-tweet\">\n<p dir=\"ltr\" lang=\"en\">Third qualifying round draw &#x2714;&#xfe0f;<\/p>\n<p>&#x1f449; games on 2\/3 &amp; 9 August<br \/>\n&#x1f5d3;&#xfe0f; Play-offs: 16\/17 &amp; 23\/24 August <a href=\"https:\/\/twitter.com\/hashtag\/UCL?src=hash&amp;ref_src=twsrc%5Etfw\">#UCL<\/a> <a href=\"https:\/\/t.co\/YD14rKrzLj\">pic.twitter.com\/YD14rKrzLj<\/a><\/p>\n<p>\u2014 UEFA Champions League (@ChampionsLeague) <a href=\"https:\/\/twitter.com\/ChampionsLeague\/status\/1548988534400368640?ref_src=twsrc%5Etfw\">July 18, 2022<\/a><\/p><\/blockquote>\n<p><script async src=\"https:\/\/platform.twitter.com\/widgets.js\" charset=\"utf-8\"><\/script><\/p>\n<h3 style=\"text-align: justify;\" align=\"justify\">Cela fait d\u00e9sormais six mois que tu \u00e9volues en Lituanie. Comment s\u2019est pass\u00e9e l\u2019adaptation dans un pays totalement diff\u00e9rent en termes de culture ou de langue dans la vie quotidienne ? Est-ce qu\u2019il y a des \u00e9l\u00e9ments qui t\u2019ont surpris ?<\/h3>\n<p align=\"justify\">Franchement, je me suis vite adapt\u00e9 parce que c\u2019est un pays tr\u00e8s accueillant. Les gens sont chaleureux et respectueux. Ce qui m\u2019a surpris est le fait que la plupart des habitants parle anglais en plus de leur langue locale, donc cela a rendu mon adaptation plus rapide. Je suis dans la capitale \u00e0 <b>Vilnius<\/b>. C\u2019est une tr\u00e8s belle ville o\u00f9 il y a beaucoup de choses \u00e0 faire donc je me sens vraiment \u00e0 l\u2019aise. Ce qui m\u2019a vraiment surpris ici, c\u2019est le froid ! Quand je suis arriv\u00e9, je n\u2019avais jamais connu \u00e7a.<\/p>\n<blockquote class=\"twitter-tweet\">\n<p dir=\"ltr\" lang=\"en\">Former Sochaux <a href=\"https:\/\/twitter.com\/FCSM_officiel?ref_src=twsrc%5Etfw\">@FCSM_officiel<\/a> winger <a href=\"https:\/\/twitter.com\/OuregaF?ref_src=twsrc%5Etfw\">@OuregaF<\/a> has agreed a deal to sign for \u017dalgiris &#x270d;&#xfe0f;<\/p>\n<p>Bienvenue, Fabien &#x1f1eb;&#x1f1f7; <a href=\"https:\/\/t.co\/Dhm13LPzI6\">pic.twitter.com\/Dhm13LPzI6<\/a><\/p>\n<p>\u2014 FK \u017dalgiris Vilnius (@fkzalgiris) <a href=\"https:\/\/twitter.com\/fkzalgiris\/status\/1487064230708842507?ref_src=twsrc%5Etfw\">January 28, 2022<\/a><\/p><\/blockquote>\n<p><script async src=\"https:\/\/platform.twitter.com\/widgets.js\" charset=\"utf-8\"><\/script><\/p>\n<h3 style=\"text-align: justify;\" align=\"justify\">En termes d\u2019entra\u00eenement et d\u2019infrastructures, comment juges-tu le cadre du club de Vilnius en comparaison aux diff\u00e9rents clubs pros fran\u00e7ais que tu as fr\u00e9quent\u00e9s (Orl\u00e9ans, Paris FC, Sochaux, Le Havre) ?<\/h3>\n<p align=\"justify\">Je suis dans le meilleur club du pays donc en termes d\u2019infrastructures, c\u2019est beaucoup mieux que certains clubs en France, mais \u00e7a ne change pas trop de ce que j\u2019ai pu conna\u00eetre dans mes clubs pr\u00e9c\u00e9dents. \u00c0 l\u2019exception de quelques d\u00e9tails comme les stades, mais en g\u00e9n\u00e9ral, c\u2019est un peu similaire.<\/p>\n<h3 style=\"text-align: justify;\" align=\"justify\">Sur le terrain, vous \u00eates actuellement en t\u00eate du championnat, est-ce que tu peux nous indiquer quel est selon toi le niveau global de ce championnat, et les principales qualit\u00e9s des \u00e9quipes lituaniennes ?<\/h3>\n<p align=\"justify\">On est en t\u00eate du championnat avec des matchs en retard. Le niveau est en-dessous de ce que j\u2019ai pu conna\u00eetre en France, mais \u00e7a reste une comp\u00e9tition o\u00f9 les \u00e9quipes sont tr\u00e8s fortes physiquement et engag\u00e9es. Il y a \u00e9norm\u00e9ment de duels. Le championnat se d\u00e9veloppe petit \u00e0 petit mais poss\u00e8de un bon niveau.<\/p>\n<p><span class=\"p0ncZKPrBXaHOTYDmSsVw4FWx7hjoJiNbRdUAz2ytGCf3l1L58\"><iframe loading=\"lazy\" title=\"\u0160E\u0160\u0116LI\u0172 VALDOVAS | \u017dalgiris - Ballkani (CL Q1)\" width=\"740\" height=\"416\" src=\"https:\/\/www.youtube.com\/embed\/khRKWK5hezE?feature=oembed\" frameborder=\"0\" allow=\"accelerometer; autoplay; clipboard-write; encrypted-media; gyroscope; picture-in-picture; web-share\" allowfullscreen><\/iframe><\/span><\/p>\n<p align=\"justify\">\n","protected":false},"excerpt":{"rendered":"<p>Ligue des Champions 2022-2023 \u2013 Pendant que les cadors europ\u00e9ens patientent sagement pour faire leur entr\u00e9e dans la comp\u00e9tition, la Ligue des Champions a officiellement d\u00e9but\u00e9 depuis pr\u00e8s d\u2019un mois. Les tours pr\u00e9liminaires font rage entre les diff\u00e9rents champions nationaux des \u00ab petites \u00bb nations. Apr\u00e8s avoir pass\u00e9 le FC Balkani (Kosovo), le Zalgiris Vilnius a r\u00e9alis\u00e9 un v\u00e9ritable exploit en s\u2019offrant \u00e0 domicile Malm\u00f6 (1-0) au match aller du 2\u00e8me Tour Pr\u00e9liminaire. Unique buteur, le Fran\u00e7ais Fabien Ourega a \u00e9t\u00e9 le h\u00e9ros de la rencontre. Avant d\u2019aborder le retour en Su\u00e8de, l\u2019ailier de 29 ans revient sur ce premier but marquant dans la reine des comp\u00e9titions, et l\u2019environnement du championnat lituanien qu\u2019il a rejoint l\u2019hiver dernier apr\u00e8s des ann\u00e9es entre Ligue 2 et National 1.<\/p>\n","protected":false},"author":55,"featured_media":246733,"comment_status":"open","ping_status":"closed","sticky":false,"template":"","format":"standard","meta":{"_acf_changed":false,"_daextam_enable_autolinks":"","footnotes":""},"categories":[47250],"tags":[75,419,8719],"class_list":["post-246315","post","type-post","status-publish","format-standard","has-post-thumbnail","hentry","category-ligue-des-champions-de-football","tag-football","tag-ligue-des-champions","tag-lituanie"],"acf":[],"yoast_head":"<!-- This site is optimized with the Yoast SEO Premium plugin v26.7 (Yoast SEO v26.7) - https:\/\/yoast.com\/wordpress\/plugins\/seo\/ -->\n<title>Fabien Ourega\u00a0: \u00ab\u00a0L\u2019objectif ? Devenir le premier club lituanien en phase de groupes en Coupe d\u2019Europe\u00a0\u00bb<\/title>\n<meta name=\"description\" content=\"Buteur du Zalgiris Vilnius face \u00e0 Malm\u00f6 au 2\u00e8 Tour Pr\u00e9liminaire de Ligue des Champions, Fabien Ourega nous parle de son aventure lituanienne\" \/>\n<meta name=\"robots\" content=\"index, follow, max-snippet:-1, max-image-preview:large, max-video-preview:-1\" \/>\n<link rel=\"canonical\" href=\"https:\/\/dicodusport.fr\/blog\/fabien-ourega-lobjectif-devenir-le-premier-club-lituanien-en-phase-de-groupes-en-coupe-deurope\/\" \/>\n<meta property=\"og:locale\" content=\"fr_FR\" \/>\n<meta property=\"og:type\" content=\"article\" \/>\n<meta property=\"og:title\" content=\"Fabien Ourega\u00a0: \u00ab\u00a0L\u2019objectif ? Devenir le premier club lituanien en phase de groupes en Coupe d\u2019Europe\u00a0\u00bb\" \/>\n<meta property=\"og:description\" content=\"Buteur du Zalgiris Vilnius face \u00e0 Malm\u00f6 au 2\u00e8 Tour Pr\u00e9liminaire de Ligue des Champions, Fabien Ourega nous parle de son aventure lituanienne\" \/>\n<meta property=\"og:url\" content=\"https:\/\/dicodusport.fr\/blog\/fabien-ourega-lobjectif-devenir-le-premier-club-lituanien-en-phase-de-groupes-en-coupe-deurope\/\" \/>\n<meta property=\"og:site_name\" content=\"Dicodusport\" \/>\n<meta property=\"article:publisher\" content=\"https:\/\/www.facebook.com\/dicodusport\" \/>\n<meta property=\"article:published_time\" content=\"2022-07-26T08:00:25+00:00\" \/>\n<meta property=\"article:modified_time\" content=\"2025-09-16T06:57:53+00:00\" \/>\n<meta property=\"og:image\" content=\"https:\/\/dicodusport.fr\/blog\/wp-content\/uploads\/2022\/07\/Fabien-Ourega-Lobjectif-Devenir-le-premier-club-lituanien-en-phase-de-groupes-en-Coupe-dEurope-.png\" \/>\n\t<meta property=\"og:image:width\" content=\"800\" \/>\n\t<meta property=\"og:image:height\" content=\"445\" \/>\n\t<meta property=\"og:image:type\" content=\"image\/png\" \/>\n<meta name=\"author\" content=\"Maxime Cazenave\" \/>\n<meta name=\"twitter:card\" content=\"summary_large_image\" \/>\n<meta name=\"twitter:title\" content=\"Fabien Ourega\u00a0: \u00ab\u00a0L\u2019objectif ? Devenir le premier club lituanien en phase de groupes en Coupe d\u2019Europe\u00a0\u00bb\" \/>\n<meta name=\"twitter:creator\" content=\"@https:\/\/twitter.com\/Maxime_Caze\" \/>\n<meta name=\"twitter:site\" content=\"@dicodusport\" \/>\n<script type=\"application\/ld+json\" class=\"yoast-schema-graph\">{\"@context\":\"https:\/\/schema.org\",\"@graph\":[{\"@type\":\"NewsArticle\",\"@id\":\"https:\/\/dicodusport.fr\/blog\/fabien-ourega-lobjectif-devenir-le-premier-club-lituanien-en-phase-de-groupes-en-coupe-deurope\/#article\",\"isPartOf\":{\"@id\":\"https:\/\/dicodusport.fr\/blog\/fabien-ourega-lobjectif-devenir-le-premier-club-lituanien-en-phase-de-groupes-en-coupe-deurope\/\"},\"author\":{\"name\":\"Maxime Cazenave\",\"@id\":\"https:\/\/dicodusport.fr\/blog\/#\/schema\/person\/37def232098a7a5cbab3974a3690abb0\"},\"headline\":\"Fabien Ourega\u00a0: \u00ab\u00a0L\u2019objectif ? Devenir le premier club lituanien en phase de groupes en Coupe d\u2019Europe\u00a0\u00bb\",\"datePublished\":\"2022-07-26T08:00:25+00:00\",\"dateModified\":\"2025-09-16T06:57:53+00:00\",\"mainEntityOfPage\":{\"@id\":\"https:\/\/dicodusport.fr\/blog\/fabien-ourega-lobjectif-devenir-le-premier-club-lituanien-en-phase-de-groupes-en-coupe-deurope\/\"},\"wordCount\":1007,\"commentCount\":0,\"publisher\":{\"@id\":\"https:\/\/dicodusport.fr\/blog\/#organization\"},\"image\":{\"@id\":\"https:\/\/dicodusport.fr\/blog\/fabien-ourega-lobjectif-devenir-le-premier-club-lituanien-en-phase-de-groupes-en-coupe-deurope\/#primaryimage\"},\"thumbnailUrl\":\"https:\/\/dicodusport.fr\/blog\/wp-content\/uploads\/2022\/07\/Fabien-Ourega-Lobjectif-Devenir-le-premier-club-lituanien-en-phase-de-groupes-en-Coupe-dEurope-.png\",\"keywords\":[\"Football\",\"Ligue des champions\",\"Lituanie\"],\"articleSection\":[\"Ligue des Champions de football\"],\"inLanguage\":\"fr-FR\",\"potentialAction\":[{\"@type\":\"CommentAction\",\"name\":\"Comment\",\"target\":[\"https:\/\/dicodusport.fr\/blog\/fabien-ourega-lobjectif-devenir-le-premier-club-lituanien-en-phase-de-groupes-en-coupe-deurope\/#respond\"]}],\"copyrightYear\":\"2022\",\"copyrightHolder\":{\"@id\":\"https:\/\/dicodusport.fr\/blog\/#organization\"}},{\"@type\":\"WebPage\",\"@id\":\"https:\/\/dicodusport.fr\/blog\/fabien-ourega-lobjectif-devenir-le-premier-club-lituanien-en-phase-de-groupes-en-coupe-deurope\/\",\"url\":\"https:\/\/dicodusport.fr\/blog\/fabien-ourega-lobjectif-devenir-le-premier-club-lituanien-en-phase-de-groupes-en-coupe-deurope\/\",\"name\":\"Fabien Ourega\u00a0: \u00ab\u00a0L\u2019objectif ? Devenir le premier club lituanien en phase de groupes en Coupe d\u2019Europe\u00a0\u00bb\",\"isPartOf\":{\"@id\":\"https:\/\/dicodusport.fr\/blog\/#website\"},\"primaryImageOfPage\":{\"@id\":\"https:\/\/dicodusport.fr\/blog\/fabien-ourega-lobjectif-devenir-le-premier-club-lituanien-en-phase-de-groupes-en-coupe-deurope\/#primaryimage\"},\"image\":{\"@id\":\"https:\/\/dicodusport.fr\/blog\/fabien-ourega-lobjectif-devenir-le-premier-club-lituanien-en-phase-de-groupes-en-coupe-deurope\/#primaryimage\"},\"thumbnailUrl\":\"https:\/\/dicodusport.fr\/blog\/wp-content\/uploads\/2022\/07\/Fabien-Ourega-Lobjectif-Devenir-le-premier-club-lituanien-en-phase-de-groupes-en-Coupe-dEurope-.png\",\"datePublished\":\"2022-07-26T08:00:25+00:00\",\"dateModified\":\"2025-09-16T06:57:53+00:00\",\"description\":\"Buteur du Zalgiris Vilnius face \u00e0 Malm\u00f6 au 2\u00e8 Tour Pr\u00e9liminaire de Ligue des Champions, Fabien Ourega nous parle de son aventure lituanienne\",\"breadcrumb\":{\"@id\":\"https:\/\/dicodusport.fr\/blog\/fabien-ourega-lobjectif-devenir-le-premier-club-lituanien-en-phase-de-groupes-en-coupe-deurope\/#breadcrumb\"},\"inLanguage\":\"fr-FR\",\"potentialAction\":[{\"@type\":\"ReadAction\",\"target\":[\"https:\/\/dicodusport.fr\/blog\/fabien-ourega-lobjectif-devenir-le-premier-club-lituanien-en-phase-de-groupes-en-coupe-deurope\/\"]}]},{\"@type\":\"ImageObject\",\"inLanguage\":\"fr-FR\",\"@id\":\"https:\/\/dicodusport.fr\/blog\/fabien-ourega-lobjectif-devenir-le-premier-club-lituanien-en-phase-de-groupes-en-coupe-deurope\/#primaryimage\",\"url\":\"https:\/\/dicodusport.fr\/blog\/wp-content\/uploads\/2022\/07\/Fabien-Ourega-Lobjectif-Devenir-le-premier-club-lituanien-en-phase-de-groupes-en-Coupe-dEurope-.png\",\"contentUrl\":\"https:\/\/dicodusport.fr\/blog\/wp-content\/uploads\/2022\/07\/Fabien-Ourega-Lobjectif-Devenir-le-premier-club-lituanien-en-phase-de-groupes-en-Coupe-dEurope-.png\",\"width\":800,\"height\":445,\"caption\":\"Fabien Ourega\u00a0 \u00ab\u00a0L\u2019objectif Devenir le premier club lituanien en phase de groupes en Coupe d\u2019Europe\u00a0\u00bb\"},{\"@type\":\"BreadcrumbList\",\"@id\":\"https:\/\/dicodusport.fr\/blog\/fabien-ourega-lobjectif-devenir-le-premier-club-lituanien-en-phase-de-groupes-en-coupe-deurope\/#breadcrumb\",\"itemListElement\":[{\"@type\":\"ListItem\",\"position\":1,\"name\":\"Accueil\",\"item\":\"https:\/\/dicodusport.fr\/blog\/\"},{\"@type\":\"ListItem\",\"position\":2,\"name\":\"Fabien Ourega\u00a0: \u00ab\u00a0L\u2019objectif ? Devenir le premier club lituanien en phase de groupes en Coupe d\u2019Europe\u00a0\u00bb\"}]},{\"@type\":\"WebSite\",\"@id\":\"https:\/\/dicodusport.fr\/blog\/#website\",\"url\":\"https:\/\/dicodusport.fr\/blog\/\",\"name\":\"Dicodusport\",\"description\":\"L&#039;encyclop\u00e9die de l&#039;actualit\u00e9 sportive\",\"publisher\":{\"@id\":\"https:\/\/dicodusport.fr\/blog\/#organization\"},\"potentialAction\":[{\"@type\":\"SearchAction\",\"target\":{\"@type\":\"EntryPoint\",\"urlTemplate\":\"https:\/\/dicodusport.fr\/blog\/?s={search_term_string}\"},\"query-input\":{\"@type\":\"PropertyValueSpecification\",\"valueRequired\":true,\"valueName\":\"search_term_string\"}}],\"inLanguage\":\"fr-FR\"},{\"@type\":\"NewsMediaOrganization\",\"@id\":\"https:\/\/dicodusport.fr\/blog\/#organization\",\"name\":\"Dicodusport\",\"url\":\"https:\/\/dicodusport.fr\/blog\/\",\"logo\":{\"@type\":\"ImageObject\",\"inLanguage\":\"fr-FR\",\"@id\":\"https:\/\/dicodusport.fr\/blog\/#\/schema\/logo\/image\/\",\"url\":\"https:\/\/dicodusport.fr\/blog\/wp-content\/uploads\/2020\/06\/cropped-LOGO-DICODUSPORT-2020-SANS-FOND-SANS-TEXTE.png\",\"contentUrl\":\"https:\/\/dicodusport.fr\/blog\/wp-content\/uploads\/2020\/06\/cropped-LOGO-DICODUSPORT-2020-SANS-FOND-SANS-TEXTE.png\",\"width\":512,\"height\":512,\"caption\":\"Dicodusport\"},\"image\":{\"@id\":\"https:\/\/dicodusport.fr\/blog\/#\/schema\/logo\/image\/\"},\"sameAs\":[\"https:\/\/www.facebook.com\/dicodusport\",\"https:\/\/x.com\/dicodusport\",\"https:\/\/www.instagram.com\/dicodusport\/\",\"https:\/\/www.youtube.com\/channel\/UC7V2KZ5sd3htJivAbA4ZG3w\"],\"description\":\"Dicodusport est l'encyclop\u00e9die de l'actualit\u00e9 sportive.\",\"email\":\"bonjour@dicodusport.fr\",\"legalName\":\"DICODUSPORT\",\"foundingDate\":\"2018-01-14\",\"vatID\":\"FR71834470973\",\"taxID\":\"83447097300043\",\"numberOfEmployees\":{\"@type\":\"QuantitativeValue\",\"minValue\":\"1\",\"maxValue\":\"10\"}},{\"@type\":\"Person\",\"@id\":\"https:\/\/dicodusport.fr\/blog\/#\/schema\/person\/37def232098a7a5cbab3974a3690abb0\",\"name\":\"Maxime Cazenave\",\"image\":{\"@type\":\"ImageObject\",\"inLanguage\":\"fr-FR\",\"@id\":\"https:\/\/dicodusport.fr\/blog\/#\/schema\/person\/image\/\",\"url\":\"https:\/\/dicodusport.fr\/blog\/wp-content\/uploads\/2021\/05\/Maxime-Cazenave-150x150.jpg\",\"contentUrl\":\"https:\/\/dicodusport.fr\/blog\/wp-content\/uploads\/2021\/05\/Maxime-Cazenave-150x150.jpg\",\"caption\":\"Maxime Cazenave\"},\"description\":\"Journaliste\/R\u00e9dacteur depuis 2012 - Berc\u00e9 par l\u2019amour des Girondins de Bordeaux, les \u00e9checs de Christophe Moreau sur le Tour de France sous l'\u00e8re Lance Armstrong et le fade-away l\u00e9tal de Dirk Nowitzki, ma passion d\u00e9vorante pour le sport a toujours \u00e9t\u00e9 un pan incontournable de ma vie. Transmettre ma passion \u00e0 l\u2019\u00e9crit a \u00e9t\u00e9 une transition naturelle. Suiveur assidu de basket et de hockey sur glace, je garde toujours un peu de place pour suivre le cyclisme, le football et le maximum de performances fran\u00e7aises.\",\"sameAs\":[\"https:\/\/x.com\/https:\/\/twitter.com\/Maxime_Caze\"],\"url\":\"https:\/\/dicodusport.fr\/blog\/author\/maximec\/\"}]}<\/script>\n<!-- \/ Yoast SEO Premium plugin. -->","yoast_head_json":{"title":"Fabien Ourega\u00a0: \u00ab\u00a0L\u2019objectif ? Devenir le premier club lituanien en phase de groupes en Coupe d\u2019Europe\u00a0\u00bb","description":"Buteur du Zalgiris Vilnius face \u00e0 Malm\u00f6 au 2\u00e8 Tour Pr\u00e9liminaire de Ligue des Champions, Fabien Ourega nous parle de son aventure lituanienne","robots":{"index":"index","follow":"follow","max-snippet":"max-snippet:-1","max-image-preview":"max-image-preview:large","max-video-preview":"max-video-preview:-1"},"canonical":"https:\/\/dicodusport.fr\/blog\/fabien-ourega-lobjectif-devenir-le-premier-club-lituanien-en-phase-de-groupes-en-coupe-deurope\/","og_locale":"fr_FR","og_type":"article","og_title":"Fabien Ourega\u00a0: \u00ab\u00a0L\u2019objectif ? Devenir le premier club lituanien en phase de groupes en Coupe d\u2019Europe\u00a0\u00bb","og_description":"Buteur du Zalgiris Vilnius face \u00e0 Malm\u00f6 au 2\u00e8 Tour Pr\u00e9liminaire de Ligue des Champions, Fabien Ourega nous parle de son aventure lituanienne","og_url":"https:\/\/dicodusport.fr\/blog\/fabien-ourega-lobjectif-devenir-le-premier-club-lituanien-en-phase-de-groupes-en-coupe-deurope\/","og_site_name":"Dicodusport","article_publisher":"https:\/\/www.facebook.com\/dicodusport","article_published_time":"2022-07-26T08:00:25+00:00","article_modified_time":"2025-09-16T06:57:53+00:00","og_image":[{"width":800,"height":445,"url":"https:\/\/dicodusport.fr\/blog\/wp-content\/uploads\/2022\/07\/Fabien-Ourega-Lobjectif-Devenir-le-premier-club-lituanien-en-phase-de-groupes-en-Coupe-dEurope-.png","type":"image\/png"}],"author":"Maxime Cazenave","twitter_card":"summary_large_image","twitter_title":"Fabien Ourega\u00a0: \u00ab\u00a0L\u2019objectif ? Devenir le premier club lituanien en phase de groupes en Coupe d\u2019Europe\u00a0\u00bb","twitter_creator":"@https:\/\/twitter.com\/Maxime_Caze","twitter_site":"@dicodusport","schema":{"@context":"https:\/\/schema.org","@graph":[{"@type":"NewsArticle","@id":"https:\/\/dicodusport.fr\/blog\/fabien-ourega-lobjectif-devenir-le-premier-club-lituanien-en-phase-de-groupes-en-coupe-deurope\/#article","isPartOf":{"@id":"https:\/\/dicodusport.fr\/blog\/fabien-ourega-lobjectif-devenir-le-premier-club-lituanien-en-phase-de-groupes-en-coupe-deurope\/"},"author":{"name":"Maxime Cazenave","@id":"https:\/\/dicodusport.fr\/blog\/#\/schema\/person\/37def232098a7a5cbab3974a3690abb0"},"headline":"Fabien Ourega\u00a0: \u00ab\u00a0L\u2019objectif ? Devenir le premier club lituanien en phase de groupes en Coupe d\u2019Europe\u00a0\u00bb","datePublished":"2022-07-26T08:00:25+00:00","dateModified":"2025-09-16T06:57:53+00:00","mainEntityOfPage":{"@id":"https:\/\/dicodusport.fr\/blog\/fabien-ourega-lobjectif-devenir-le-premier-club-lituanien-en-phase-de-groupes-en-coupe-deurope\/"},"wordCount":1007,"commentCount":0,"publisher":{"@id":"https:\/\/dicodusport.fr\/blog\/#organization"},"image":{"@id":"https:\/\/dicodusport.fr\/blog\/fabien-ourega-lobjectif-devenir-le-premier-club-lituanien-en-phase-de-groupes-en-coupe-deurope\/#primaryimage"},"thumbnailUrl":"https:\/\/dicodusport.fr\/blog\/wp-content\/uploads\/2022\/07\/Fabien-Ourega-Lobjectif-Devenir-le-premier-club-lituanien-en-phase-de-groupes-en-Coupe-dEurope-.png","keywords":["Football","Ligue des champions","Lituanie"],"articleSection":["Ligue des Champions de football"],"inLanguage":"fr-FR","potentialAction":[{"@type":"CommentAction","name":"Comment","target":["https:\/\/dicodusport.fr\/blog\/fabien-ourega-lobjectif-devenir-le-premier-club-lituanien-en-phase-de-groupes-en-coupe-deurope\/#respond"]}],"copyrightYear":"2022","copyrightHolder":{"@id":"https:\/\/dicodusport.fr\/blog\/#organization"}},{"@type":"WebPage","@id":"https:\/\/dicodusport.fr\/blog\/fabien-ourega-lobjectif-devenir-le-premier-club-lituanien-en-phase-de-groupes-en-coupe-deurope\/","url":"https:\/\/dicodusport.fr\/blog\/fabien-ourega-lobjectif-devenir-le-premier-club-lituanien-en-phase-de-groupes-en-coupe-deurope\/","name":"Fabien Ourega\u00a0: \u00ab\u00a0L\u2019objectif ? Devenir le premier club lituanien en phase de groupes en Coupe d\u2019Europe\u00a0\u00bb","isPartOf":{"@id":"https:\/\/dicodusport.fr\/blog\/#website"},"primaryImageOfPage":{"@id":"https:\/\/dicodusport.fr\/blog\/fabien-ourega-lobjectif-devenir-le-premier-club-lituanien-en-phase-de-groupes-en-coupe-deurope\/#primaryimage"},"image":{"@id":"https:\/\/dicodusport.fr\/blog\/fabien-ourega-lobjectif-devenir-le-premier-club-lituanien-en-phase-de-groupes-en-coupe-deurope\/#primaryimage"},"thumbnailUrl":"https:\/\/dicodusport.fr\/blog\/wp-content\/uploads\/2022\/07\/Fabien-Ourega-Lobjectif-Devenir-le-premier-club-lituanien-en-phase-de-groupes-en-Coupe-dEurope-.png","datePublished":"2022-07-26T08:00:25+00:00","dateModified":"2025-09-16T06:57:53+00:00","description":"Buteur du Zalgiris Vilnius face \u00e0 Malm\u00f6 au 2\u00e8 Tour Pr\u00e9liminaire de Ligue des Champions, Fabien Ourega nous parle de son aventure lituanienne","breadcrumb":{"@id":"https:\/\/dicodusport.fr\/blog\/fabien-ourega-lobjectif-devenir-le-premier-club-lituanien-en-phase-de-groupes-en-coupe-deurope\/#breadcrumb"},"inLanguage":"fr-FR","potentialAction":[{"@type":"ReadAction","target":["https:\/\/dicodusport.fr\/blog\/fabien-ourega-lobjectif-devenir-le-premier-club-lituanien-en-phase-de-groupes-en-coupe-deurope\/"]}]},{"@type":"ImageObject","inLanguage":"fr-FR","@id":"https:\/\/dicodusport.fr\/blog\/fabien-ourega-lobjectif-devenir-le-premier-club-lituanien-en-phase-de-groupes-en-coupe-deurope\/#primaryimage","url":"https:\/\/dicodusport.fr\/blog\/wp-content\/uploads\/2022\/07\/Fabien-Ourega-Lobjectif-Devenir-le-premier-club-lituanien-en-phase-de-groupes-en-Coupe-dEurope-.png","contentUrl":"https:\/\/dicodusport.fr\/blog\/wp-content\/uploads\/2022\/07\/Fabien-Ourega-Lobjectif-Devenir-le-premier-club-lituanien-en-phase-de-groupes-en-Coupe-dEurope-.png","width":800,"height":445,"caption":"Fabien Ourega\u00a0 \u00ab\u00a0L\u2019objectif Devenir le premier club lituanien en phase de groupes en Coupe d\u2019Europe\u00a0\u00bb"},{"@type":"BreadcrumbList","@id":"https:\/\/dicodusport.fr\/blog\/fabien-ourega-lobjectif-devenir-le-premier-club-lituanien-en-phase-de-groupes-en-coupe-deurope\/#breadcrumb","itemListElement":[{"@type":"ListItem","position":1,"name":"Accueil","item":"https:\/\/dicodusport.fr\/blog\/"},{"@type":"ListItem","position":2,"name":"Fabien Ourega\u00a0: \u00ab\u00a0L\u2019objectif ? Devenir le premier club lituanien en phase de groupes en Coupe d\u2019Europe\u00a0\u00bb"}]},{"@type":"WebSite","@id":"https:\/\/dicodusport.fr\/blog\/#website","url":"https:\/\/dicodusport.fr\/blog\/","name":"Dicodusport","description":"L&#039;encyclop\u00e9die de l&#039;actualit\u00e9 sportive","publisher":{"@id":"https:\/\/dicodusport.fr\/blog\/#organization"},"potentialAction":[{"@type":"SearchAction","target":{"@type":"EntryPoint","urlTemplate":"https:\/\/dicodusport.fr\/blog\/?s={search_term_string}"},"query-input":{"@type":"PropertyValueSpecification","valueRequired":true,"valueName":"search_term_string"}}],"inLanguage":"fr-FR"},{"@type":"NewsMediaOrganization","@id":"https:\/\/dicodusport.fr\/blog\/#organization","name":"Dicodusport","url":"https:\/\/dicodusport.fr\/blog\/","logo":{"@type":"ImageObject","inLanguage":"fr-FR","@id":"https:\/\/dicodusport.fr\/blog\/#\/schema\/logo\/image\/","url":"https:\/\/dicodusport.fr\/blog\/wp-content\/uploads\/2020\/06\/cropped-LOGO-DICODUSPORT-2020-SANS-FOND-SANS-TEXTE.png","contentUrl":"https:\/\/dicodusport.fr\/blog\/wp-content\/uploads\/2020\/06\/cropped-LOGO-DICODUSPORT-2020-SANS-FOND-SANS-TEXTE.png","width":512,"height":512,"caption":"Dicodusport"},"image":{"@id":"https:\/\/dicodusport.fr\/blog\/#\/schema\/logo\/image\/"},"sameAs":["https:\/\/www.facebook.com\/dicodusport","https:\/\/x.com\/dicodusport","https:\/\/www.instagram.com\/dicodusport\/","https:\/\/www.youtube.com\/channel\/UC7V2KZ5sd3htJivAbA4ZG3w"],"description":"Dicodusport est l'encyclop\u00e9die de l'actualit\u00e9 sportive.","email":"bonjour@dicodusport.fr","legalName":"DICODUSPORT","foundingDate":"2018-01-14","vatID":"FR71834470973","taxID":"83447097300043","numberOfEmployees":{"@type":"QuantitativeValue","minValue":"1","maxValue":"10"}},{"@type":"Person","@id":"https:\/\/dicodusport.fr\/blog\/#\/schema\/person\/37def232098a7a5cbab3974a3690abb0","name":"Maxime Cazenave","image":{"@type":"ImageObject","inLanguage":"fr-FR","@id":"https:\/\/dicodusport.fr\/blog\/#\/schema\/person\/image\/","url":"https:\/\/dicodusport.fr\/blog\/wp-content\/uploads\/2021\/05\/Maxime-Cazenave-150x150.jpg","contentUrl":"https:\/\/dicodusport.fr\/blog\/wp-content\/uploads\/2021\/05\/Maxime-Cazenave-150x150.jpg","caption":"Maxime Cazenave"},"description":"Journaliste\/R\u00e9dacteur depuis 2012 - Berc\u00e9 par l\u2019amour des Girondins de Bordeaux, les \u00e9checs de Christophe Moreau sur le Tour de France sous l'\u00e8re Lance Armstrong et le fade-away l\u00e9tal de Dirk Nowitzki, ma passion d\u00e9vorante pour le sport a toujours \u00e9t\u00e9 un pan incontournable de ma vie. Transmettre ma passion \u00e0 l\u2019\u00e9crit a \u00e9t\u00e9 une transition naturelle. Suiveur assidu de basket et de hockey sur glace, je garde toujours un peu de place pour suivre le cyclisme, le football et le maximum de performances fran\u00e7aises.","sameAs":["https:\/\/x.com\/https:\/\/twitter.com\/Maxime_Caze"],"url":"https:\/\/dicodusport.fr\/blog\/author\/maximec\/"}]}},"_links":{"self":[{"href":"https:\/\/dicodusport.fr\/blog\/wp-json\/wp\/v2\/posts\/246315","targetHints":{"allow":["GET"]}}],"collection":[{"href":"https:\/\/dicodusport.fr\/blog\/wp-json\/wp\/v2\/posts"}],"about":[{"href":"https:\/\/dicodusport.fr\/blog\/wp-json\/wp\/v2\/types\/post"}],"author":[{"embeddable":true,"href":"https:\/\/dicodusport.fr\/blog\/wp-json\/wp\/v2\/users\/55"}],"replies":[{"embeddable":true,"href":"https:\/\/dicodusport.fr\/blog\/wp-json\/wp\/v2\/comments?post=246315"}],"version-history":[{"count":1,"href":"https:\/\/dicodusport.fr\/blog\/wp-json\/wp\/v2\/posts\/246315\/revisions"}],"predecessor-version":[{"id":611450,"href":"https:\/\/dicodusport.fr\/blog\/wp-json\/wp\/v2\/posts\/246315\/revisions\/611450"}],"wp:featuredmedia":[{"embeddable":true,"href":"https:\/\/dicodusport.fr\/blog\/wp-json\/wp\/v2\/media\/246733"}],"wp:attachment":[{"href":"https:\/\/dicodusport.fr\/blog\/wp-json\/wp\/v2\/media?parent=246315"}],"wp:term":[{"taxonomy":"category","embeddable":true,"href":"https:\/\/dicodusport.fr\/blog\/wp-json\/wp\/v2\/categories?post=246315"},{"taxonomy":"post_tag","embeddable":true,"href":"https:\/\/dicodusport.fr\/blog\/wp-json\/wp\/v2\/tags?post=246315"}],"curies":[{"name":"wp","href":"https:\/\/api.w.org\/{rel}","templated":true}]}}