{"id":246553,"date":"2022-07-25T14:29:42","date_gmt":"2022-07-25T12:29:42","guid":{"rendered":"https:\/\/dicodusport.fr\/blog\/?p=246553&#038;preview=true&#038;preview_id=246553"},"modified":"2022-07-25T18:25:04","modified_gmt":"2022-07-25T16:25:04","slug":"tour-de-france-2022-les-tops-et-les-flops-du-cyclisme-francais","status":"publish","type":"post","link":"https:\/\/dicodusport.fr\/blog\/tour-de-france-2022-les-tops-et-les-flops-du-cyclisme-francais\/","title":{"rendered":"Tour de France 2022 : Les tops et les flops du cyclisme fran\u00e7ais"},"content":{"rendered":"<p style=\"text-align: justify;\"><b><i><a href=\"https:\/\/dicodusport.fr\/blog\/actualites\/cyclisme\/cyclisme-sur-route-2022\/tour-de-france-2022\/\">TOUR DE FRANCE 2022<\/a> &#8211; Comme chaque ann\u00e9e, le peuple fran\u00e7ais \u00e9tait au rendez-vous, que ce soit au bord des routes ou devant son t\u00e9l\u00e9viseur, pour esp\u00e9rer que les coureurs fran\u00e7ais brillent sur cette 109\u00e8me \u00e9dition de la Grande Boucle. David Gaudu, Valentin Madouas, B&amp;B H\u00f4tels, Beno\u00eet Cosnefroy, voici nos tops et nos flops des Fran\u00e7ais sur ce Tour de France 2022.\u00a0 <\/i><\/b><\/p>\n<h2 style=\"text-align: justify;\"><span style=\"color: #339966;\">Les tops\u00a0<\/span><\/h2>\n<h3 style=\"text-align: justify;\">David Gaudu<\/h3>\n<p style=\"text-align: justify;\">Leader incontest\u00e9 de la Groupama-FDJ sur ce Tour, le Finist\u00e9rien a r\u00e9pondu pr\u00e9sent avec cette quatri\u00e8me place au classement g\u00e9n\u00e9ral. Fut un temps, le double vainqueur d&rsquo;\u00e9tape sur la Vuelta en 2020 \u00e9tait davantage destin\u00e9 \u00e0 une carri\u00e8re de puncheur, capable de briller sur les classiques catalogu\u00e9es pour ce type de coureurs, comme les Ardennaises ou la Clasica San Sebastian. <strong>David Gaudu<\/strong> a beaucoup appris sur ce Tour de France. Il a parfois \u00e9t\u00e9 d\u00e9pass\u00e9 dans la haute montagne, mais le Fran\u00e7ais n&rsquo;a jamais voulu se cramer et suivre le rythme des deux mastodontes que sont <strong>Jonas Vingegaard<\/strong> et <strong>Tadej Pogacar<\/strong>.<\/p>\n<p style=\"text-align: justify;\">Tout comme un certain <strong>Geraint Thomas<\/strong>, il a pr\u00e9f\u00e9r\u00e9 g\u00e9rer son tempo dans les cols en mode curseur 80 sur PCM, avec comme exemples sa mont\u00e9e du Col du Granon ou celle vers Hautacam. Du haut de ses 25 ans, celui qui aime streamer sur Twitch a confirm\u00e9 tout son potentiel de coureur par \u00e9tapes et se pose comme un s\u00e9rieux client pour un podium, dans les ann\u00e9es futures.<\/p>\n<blockquote class=\"twitter-tweet\">\n<p dir=\"ltr\" lang=\"fr\">Vu le niveau de ce Tour, et la pr\u00e9sence de deux gars intouchables aux deux premi\u00e8res places, la 4e place de David Gaudu est vraiment exceptionnelle pour moi. Pas loin de penser que c&rsquo;est la plus grosse perf&rsquo; au g\u00e9n\u00e9ral d&rsquo;un Fran\u00e7ais au XXIe si\u00e8cle, m\u00eame. Avec Bardet 2e en 2016.<\/p>\n<p>\u2014 Laurent Vergne (@LaurentVergne) <a href=\"https:\/\/twitter.com\/LaurentVergne\/status\/1550914161114333185?ref_src=twsrc%5Etfw\">July 23, 2022<\/a><\/p><\/blockquote>\n<p><script async src=\"https:\/\/platform.twitter.com\/widgets.js\" charset=\"utf-8\"><\/script><\/p>\n<h3 style=\"text-align: justify;\">Valentin Madouas<\/h3>\n<p style=\"text-align: justify;\">Si son co\u00e9quipier et ancien rival chez les jeunes a termin\u00e9 4\u00e8me, <strong>Valentin Madouas<\/strong> y est pour beaucoup. Durant 21 \u00e9tapes, le 4&#215;4 tout terrain de Brest a \u00e9t\u00e9 l&rsquo;ange gardien de <strong>David Gaudu<\/strong>. On le savait \u00e0 l&rsquo;aise sur plusieurs terrains, en attestent ses performances en d\u00e9but de saison (4\u1d49 du Tour des Alpes-Maritimes et du Var, <a href=\"https:\/\/dicodusport.fr\/blog\/tour-des-flandres-2022-classement\/\">3\u1d49 du Tour des Flandres<\/a>), mais il a impressionn\u00e9 par sa facult\u00e9 \u00e0 tenir en haute-montagne. En dernier ressort, le Breton termine dans les quinze premiers du g\u00e9n\u00e9ral (11\u00e8me), prouvant la qualit\u00e9 de son Tour de France. Notre seul regret est de ne pas l&rsquo;avoir vu lev\u00e9 les bras lors de l&rsquo;\u00e9tape du Mur de P\u00e9gu\u00e8re, ce qui l&rsquo;aurait fait franchir un nouveau cap. Notre <strong>Wout Van Aert<\/strong> fran\u00e7ais ? Certains Twittos le voient comme un candidat potentiel \u00e0 un Top 10 sur le Tour un jour, voire mieux, et honn\u00eatement, on partage plus ou moins cette id\u00e9e.<\/p>\n<h3 style=\"text-align: justify;\">Christophe Laporte<\/h3>\n<p style=\"text-align: justify;\">On ne va pas se le cacher, \u00e0 la sortie des Pyr\u00e9n\u00e9es, on ne voyait pas comment un coureur fran\u00e7ais pouvait remporter une \u00e9tape jusqu&rsquo;\u00e0 la fin du Tour. Deux \u00e9tapes propices aux sprinteurs et un chrono, on se dit alors que <strong>Van Aert<\/strong> va faire le tripl\u00e9. Mais \u00e0 Cahors, le Varois de naissance est sorti de sa bo\u00eete en <a href=\"https:\/\/dicodusport.fr\/blog\/cocorico-christophe-laporte-s-offre-la-19eme-etape-du-tour-de-france-2022\/\">remportant la 19\u00e8me \u00e9tape du Tour<\/a> et la premi\u00e8re victoire fran\u00e7aise sur cette \u00e9dition. Le final de l&rsquo;\u00e9tape ? Une <em>masterclass<\/em> de la part du coureur de la Jumbo-Visma. Le flair pour suivre les bonnes roues et pour anticiper l&rsquo;affrontement entre les purs sprinteurs. <strong>Wout Van Aert<\/strong> lui avait dit que c&rsquo;\u00e9tait pour lui et<strong> Christophe Laporte<\/strong> a vis\u00e9 juste.<\/p>\n<p style=\"text-align: justify;\">Outre sa victoire d&rsquo;\u00e9tape, il a \u00e9t\u00e9 le principal lieutenant de <strong>Wout Van Aert<\/strong> dans la qu\u00eate du maillot vert, que ce soit dans les sprints interm\u00e9diaires et dans les arriv\u00e9es au sprint. Puis, parfois, il a roul\u00e9 sur le plat en d\u00e9but d&rsquo;\u00e9tape pour son \u00e9quipe et a su prendre les bonnes roues en \u00e9chapp\u00e9e. Un pion important dans le sacre de <strong>Vingegaard<\/strong>.<\/p>\n<blockquote class=\"twitter-tweet\">\n<p dir=\"ltr\" lang=\"fr\">! Elle est l\u00e0, la premi\u00e8re victoire fran\u00e7aise sur ce <a href=\"https:\/\/twitter.com\/hashtag\/TDF2022?src=hash&amp;ref_src=twsrc%5Etfw\">#TDF2022<\/a> : Christophe Laporte s&rsquo;impose au sprint et remporte la 19e \u00e9tape ! <a href=\"https:\/\/twitter.com\/hashtag\/LesRP?src=hash&amp;ref_src=twsrc%5Etfw\">#LesRP<\/a> <a href=\"https:\/\/t.co\/aCOkNlojn2\">pic.twitter.com\/aCOkNlojn2<\/a><\/p>\n<p>\u2014 Eurosport France (@Eurosport_FR) <a href=\"https:\/\/twitter.com\/Eurosport_FR\/status\/1550498333680193547?ref_src=twsrc%5Etfw\">July 22, 2022<\/a><\/p><\/blockquote>\n<p><script async src=\"https:\/\/platform.twitter.com\/widgets.js\" charset=\"utf-8\"><\/script><\/p>\n<h3 style=\"text-align: justify;\">Benjamin Thomas<\/h3>\n<p style=\"text-align: justify;\">Ah cette \u00e9tape de Carcassonne\u2026 Le pistard en gardera un souvenir amer, puisqu&rsquo;il \u00e9tait \u00e0 400 m de remporter sa premi\u00e8re victoire d&rsquo;\u00e9tape sur le Tour. Son \u00e9quipe, la Cofidis de <strong>C\u00e9dric Vasseur<\/strong>, a eu un coup dur apr\u00e8s le retrait de <strong>Guillaume Martin<\/strong> t\u00f4t dans la course. Suite \u00e0 \u00e7a, l&rsquo;objectif \u00e9tait de rapporter le maillot \u00e0 pois \u00e0 Paris et de briller sur les \u00e9chapp\u00e9es. Dans ce deuxi\u00e8me secteur, <strong>Benjamin Thomas<\/strong> a r\u00e9pondu pr\u00e9sent pour son premier Tour de France. Lors des deux chronos qui arrivaient \u00e0 Copenhague et \u00e0 Rocamadour, il a \u00e9t\u00e9 le premier Fran\u00e7ais sur ces deux \u00e9tapes. De plus, il r\u00e9colte deux Tops 10 sur ce Tour, notamment \u00e0 Lausanne o\u00f9 il a jou\u00e9 sa carte personnelle en \u00e9tant capable de suivre le rythme des plus forts. Une Grande Boucle totalement r\u00e9ussie pour le double champion du monde de l&rsquo;omnium, qui fut l&rsquo;un des Fran\u00e7ais les plus en vue sur ce Tour.<\/p>\n<p style=\"text-align: center;\"><a href=\"http:\/\/dicodusport.fr\/blog\/tour-de-france-2022-les-tops-et-les-flops-du-cyclisme-francais\/2\/#flops\" class=\"su-button su-button-style-flat\" style=\"color:#FFFFFF;background-color:#0057ae;border-color:#00468c;border-radius:4px\" target=\"_self\"><span style=\"color:#FFFFFF;padding:0px 26px;font-size:20px;line-height:40px;border-color:#4d8ac7;border-radius:4px;text-shadow:none\"> Les flops<\/span><\/a>\n<p><!--nextpage--><a id=\"flops\"><\/a><\/p>\n<p style=\"text-align: justify;\"><strong><em>TOUR DE FRANCE 2022 &#8211; Quinze \u00e9tapes ont \u00e9t\u00e9 disput\u00e9es sur cette Grande Boucle 2022. L&rsquo;occasion, au cours de cette derni\u00e8re journ\u00e9e de repos, de s&rsquo;attarder sur les tops et flops de la 2\u00e8me semaine de course.<\/em><\/strong><\/p>\n<h2 style=\"text-align: justify;\"><span style=\"color: #ff0000;\">Les flops\u00a0<\/span><\/h2>\n<h3 style=\"text-align: justify;\">B&amp;B H\u00f4tels<\/h3>\n<p style=\"text-align: justify;\">La formation de <strong>J\u00e9r\u00f4me Pineau<\/strong>, <a href=\"https:\/\/dicodusport.fr\/blog\/la-ville-de-paris-sassocie-a-la-bb-hotels\/\">qui est \u00e0 un tournant suite \u00e0 son engagement avec la ville de Paris<\/a>, a \u00e9t\u00e9 tr\u00e8s peu en vue sur ces trois semaines. Par le pass\u00e9, on se souvient de <strong>Pierre Rolland<\/strong>, capable de prendre les \u00e9chapp\u00e9es ou de <strong>Franck Bonnamour<\/strong>, \u00e9lu super-combatif du Tour l&rsquo;an dernier. Sur cette \u00e9dition o\u00f9 la bagarre \u00e9tait terrible pour prendre l&rsquo;\u00e9chapp\u00e9e matinale, la formation bretonne n&rsquo;a pas pu peser sur la course et l&rsquo;\u00e9cart \u00e9tait beaucoup trop important avec les meilleurs coureurs. Tout de m\u00eame, il y a quelques \u00e9l\u00e9ments positifs. <strong>Alexis Gougeard<\/strong> a tent\u00e9 sa chance \u00e0 plusieurs reprises, il \u00e9tait avec <strong>Benjamin Thomas<\/strong> lors de leur folle \u00e9pop\u00e9e sur l&rsquo;\u00e9tape de Carcassonne, tandis que <strong>Luca Mozzato<\/strong>, principale cartouche de l&rsquo;\u00e9quipe sur les arriv\u00e9es au sprint, a r\u00e9colt\u00e9 quatre tops 10.<\/p>\n<h3 style=\"text-align: justify;\">TotalEnergies<\/h3>\n<p style=\"text-align: justify;\">La formation de <strong>Jean-Ren\u00e9 Bernaudeau<\/strong> nous avait montr\u00e9 un tr\u00e8s bon niveau sur les courses pr\u00e9paratoires au Tour de France (deux victoires sur le Dauphin\u00e9 avec <strong>Vuillermoz<\/strong> et <strong>Ferron<\/strong>, une en Suisse avec <strong>Peter Sagan<\/strong>). Mais sur ce Tour, l&rsquo;ensemble de l&rsquo;\u00e9quipe n&rsquo;a pas \u00e9t\u00e9 au niveau. On attendait <strong>Anthony Turgis<\/strong>, notamment sur l&rsquo;\u00e9tape des pav\u00e9s, mais il a v\u00e9cu trois semaines d\u00e9licates, entre chutes et coups de chaud. <strong>Peter Sagan<\/strong>, sept fois vainqueur du maillot vert, n&rsquo;a pas pu briller sur les sprints. Cinq tops 10 pour le triple champion du monde, mais dans son registre, le Slovaque a \u00e9t\u00e9 d\u00e9pass\u00e9 par des <strong>Pedersen, Phillipsen<\/strong> ou <strong>Van Aert<\/strong>.<\/p>\n<p style=\"text-align: justify;\">Enfin, <strong>Pierre Latour<\/strong> a tent\u00e9 sa chance \u00e0 plusieurs reprises, a jou\u00e9 le maillot \u00e0 pois \u00e0 un moment sans finalement poursuivre son effort. Pourtant, le Tour aurait pu \u00eatre parfait pour TotalEnergies si <strong>Edvald Boasson Hagen<\/strong> avait mieux g\u00e9r\u00e9 son sprint sur l&rsquo;\u00e9tape qui arrivait \u00e0 Arenberg.<\/p>\n<blockquote class=\"twitter-tweet\">\n<p dir=\"ltr\" lang=\"fr\">Une 5e place de Peter Sagan pour conclure ce <a href=\"https:\/\/twitter.com\/hashtag\/TDF2022?src=hash&amp;ref_src=twsrc%5Etfw\">#TDF2022<\/a>. <a href=\"https:\/\/t.co\/WCCKtVDZ3v\">pic.twitter.com\/WCCKtVDZ3v<\/a><\/p>\n<p>\u2014 Team TotalEnergies (@TeamTotalEnrg) <a href=\"https:\/\/twitter.com\/TeamTotalEnrg\/status\/1551283387809267719?ref_src=twsrc%5Etfw\">July 24, 2022<\/a><\/p><\/blockquote>\n<p><script async src=\"https:\/\/platform.twitter.com\/widgets.js\" charset=\"utf-8\"><\/script><\/p>\n<h3 style=\"text-align: justify;\">Beno\u00eet Cosnefroy<\/h3>\n<p style=\"text-align: justify;\">Apr\u00e8s un d\u00e9but de saison satisfaisant et en l&rsquo;absence de <strong>Julian Alaphilippe<\/strong> (et non pas Alain Philippe), le Normand \u00e9tait une des principales chances de victoires d&rsquo;\u00e9tapes tricolores, avec des arriv\u00e9es \u00e0 Longwy ou \u00e0 Lausanne qui correspondaient \u00e0 ses qualit\u00e9s de puncheur. Finalement, le coureur d&rsquo;AG2R Citro\u00ebn a tr\u00e8s peu pes\u00e9 sur la course. Il a pu prendre quelques \u00e9chapp\u00e9es sans jamais r\u00e9ellement montrer qu&rsquo;il avait les jambes pour en claquer une. De plus, son \u00e9quipe a \u00e9t\u00e9 d\u00e9cim\u00e9e par la Covid-19, ils n&rsquo;\u00e9taient en effet que trois \u00e0 passer la ligne d&rsquo;arriv\u00e9e sur les Champs (<strong>Jungels<\/strong> et <strong>Dewulf<\/strong>). On sait que le Manchois est capable de claquer de grosses performances, et on est forc\u00e9ment d\u00e9\u00e7us de voir qu&rsquo;il n&rsquo;a pas pu se mettre en \u00e9vidence, \u00e0 son top niveau.<\/p>\n<p style=\"text-align: center;\"><a href=\"http:\/\/dicodusport.fr\/blog\/tour-de-france-2022-les-tops-et-les-flops-du-cyclisme-francais\/\" class=\"su-button su-button-style-flat\" style=\"color:#FFFFFF;background-color:#0057ae;border-color:#00468c;border-radius:4px\" target=\"_self\"><span style=\"color:#FFFFFF;padding:0px 26px;font-size:20px;line-height:40px;border-color:#4d8ac7;border-radius:4px;text-shadow:none\"> Revenir aux tops<\/span><\/a>\n<h2 style=\"text-align: justify;\">\u00c0 lire aussi<\/h2>\n<ul>\n<li style=\"text-align: justify;\"><a href=\"https:\/\/dicodusport.fr\/blog\/classement-general-tour-de-france-2022-maillot-jaune\/\"><strong>Classement g\u00e9n\u00e9ral du Tour de France 2022<\/strong><\/a><\/li>\n<li style=\"text-align: justify;\"><a href=\"https:\/\/dicodusport.fr\/blog\/toute-lactualite-du-tour-de-france-2022\/\"><strong>Toute l\u2019actualit\u00e9 du Tour de France 2022<\/strong><\/a><\/li>\n<\/ul>\n","protected":false},"excerpt":{"rendered":"<p>TOUR DE FRANCE 2022 &#8211; Comme chaque ann\u00e9e, le peuple fran\u00e7ais \u00e9tait au rendez-vous, que ce soit au bord des routes ou devant son t\u00e9l\u00e9viseur, pour esp\u00e9rer que les coureurs fran\u00e7ais brillent sur cette 109\u00e8me \u00e9dition de la Grande Boucle. David Gaudu, Valentin Madouas, B&#038;B H\u00f4tels, Beno\u00eet Cosnefroy, voici nos tops et nos flops des Fran\u00e7ais sur ce Tour de France 2022.\u00a0<\/p>\n","protected":false},"author":42,"featured_media":246596,"comment_status":"open","ping_status":"closed","sticky":false,"template":"","format":"standard","meta":{"_acf_changed":false,"_daextam_enable_autolinks":"","footnotes":""},"categories":[46995],"tags":[2182,8140,5172,3113,24,1262,3215],"class_list":["post-246553","post","type-post","status-publish","format-standard","has-post-thumbnail","hentry","category-tour-de-france","tag-benjamin-thomas","tag-benoit-cosnefroy","tag-christophe-laporte","tag-david-gaudu","tag-sport","tag-tour-de-france","tag-valentin-madouas"],"acf":[],"yoast_head":"<!-- This site is optimized with the Yoast SEO Premium plugin v26.7 (Yoast SEO v26.7) - https:\/\/yoast.com\/wordpress\/plugins\/seo\/ -->\n<title>Tour de France 2022 : Les tops et les flops du cyclisme fran\u00e7ais<\/title>\n<meta name=\"description\" content=\"TOUR DE FRANCE 2022 - Retrouvez nos tops et nos flops du cyclisme fran\u00e7ais sur la 109\u00e8me \u00e9dition de la Grande Boucle.\" \/>\n<meta name=\"robots\" content=\"index, follow, max-snippet:-1, max-image-preview:large, max-video-preview:-1\" \/>\n<link rel=\"canonical\" href=\"https:\/\/dicodusport.fr\/blog\/tour-de-france-2022-les-tops-et-les-flops-du-cyclisme-francais\/\" \/>\n<link rel=\"next\" href=\"https:\/\/dicodusport.fr\/blog\/tour-de-france-2022-les-tops-et-les-flops-du-cyclisme-francais\/2\/\" \/>\n<meta property=\"og:locale\" content=\"fr_FR\" \/>\n<meta property=\"og:type\" content=\"article\" \/>\n<meta property=\"og:title\" content=\"Tour de France 2022 : Les tops et les flops du cyclisme fran\u00e7ais\" \/>\n<meta property=\"og:description\" content=\"TOUR DE FRANCE 2022 - Retrouvez nos tops et nos flops du cyclisme fran\u00e7ais sur la 109\u00e8me \u00e9dition de la Grande Boucle.\" \/>\n<meta property=\"og:url\" content=\"https:\/\/dicodusport.fr\/blog\/tour-de-france-2022-les-tops-et-les-flops-du-cyclisme-francais\/\" \/>\n<meta property=\"og:site_name\" content=\"Dicodusport\" \/>\n<meta property=\"article:publisher\" content=\"https:\/\/www.facebook.com\/dicodusport\" \/>\n<meta property=\"article:published_time\" content=\"2022-07-25T12:29:42+00:00\" \/>\n<meta property=\"article:modified_time\" content=\"2022-07-25T16:25:04+00:00\" \/>\n<meta property=\"og:image\" content=\"https:\/\/dicodusport.fr\/blog\/wp-content\/uploads\/2022\/07\/Tour-de-France-2022-Les-tops-et-les-flops-du-cyclisme-francais.png\" \/>\n\t<meta property=\"og:image:width\" content=\"800\" \/>\n\t<meta property=\"og:image:height\" content=\"445\" \/>\n\t<meta property=\"og:image:type\" content=\"image\/png\" \/>\n<meta name=\"author\" content=\"Nicolas Mezine\" \/>\n<meta name=\"twitter:card\" content=\"summary_large_image\" \/>\n<meta name=\"twitter:title\" content=\"Tour de France 2022 : Les tops et les flops du cyclisme fran\u00e7ais\" \/>\n<meta name=\"twitter:creator\" content=\"@https:\/\/twitter.com\/Lbiji13\" \/>\n<meta name=\"twitter:site\" content=\"@dicodusport\" \/>\n<script type=\"application\/ld+json\" class=\"yoast-schema-graph\">{\"@context\":\"https:\/\/schema.org\",\"@graph\":[{\"@type\":\"NewsArticle\",\"@id\":\"https:\/\/dicodusport.fr\/blog\/tour-de-france-2022-les-tops-et-les-flops-du-cyclisme-francais\/#article\",\"isPartOf\":{\"@id\":\"https:\/\/dicodusport.fr\/blog\/tour-de-france-2022-les-tops-et-les-flops-du-cyclisme-francais\/\"},\"author\":{\"name\":\"Nicolas Mezine\",\"@id\":\"https:\/\/dicodusport.fr\/blog\/#\/schema\/person\/99fcf31b3ee0d51fed53ade78139bbbf\"},\"headline\":\"Tour de France 2022 : Les tops et les flops du cyclisme fran\u00e7ais\",\"datePublished\":\"2022-07-25T12:29:42+00:00\",\"dateModified\":\"2022-07-25T16:25:04+00:00\",\"mainEntityOfPage\":{\"@id\":\"https:\/\/dicodusport.fr\/blog\/tour-de-france-2022-les-tops-et-les-flops-du-cyclisme-francais\/\"},\"wordCount\":1486,\"commentCount\":0,\"publisher\":{\"@id\":\"https:\/\/dicodusport.fr\/blog\/#organization\"},\"image\":{\"@id\":\"https:\/\/dicodusport.fr\/blog\/tour-de-france-2022-les-tops-et-les-flops-du-cyclisme-francais\/#primaryimage\"},\"thumbnailUrl\":\"https:\/\/dicodusport.fr\/blog\/wp-content\/uploads\/2022\/07\/Tour-de-France-2022-Les-tops-et-les-flops-du-cyclisme-francais.png\",\"keywords\":[\"Benjamin Thomas\",\"Beno\u00eet Cosnefroy\",\"Christophe Laporte\",\"David Gaudu\",\"sport\",\"Tour de France\",\"Valentin Madouas\"],\"articleSection\":[\"Tour de France\"],\"inLanguage\":\"fr-FR\",\"potentialAction\":[{\"@type\":\"CommentAction\",\"name\":\"Comment\",\"target\":[\"https:\/\/dicodusport.fr\/blog\/tour-de-france-2022-les-tops-et-les-flops-du-cyclisme-francais\/#respond\"]}],\"copyrightYear\":\"2022\",\"copyrightHolder\":{\"@id\":\"https:\/\/dicodusport.fr\/blog\/#organization\"}},{\"@type\":\"WebPage\",\"@id\":\"https:\/\/dicodusport.fr\/blog\/tour-de-france-2022-les-tops-et-les-flops-du-cyclisme-francais\/\",\"url\":\"https:\/\/dicodusport.fr\/blog\/tour-de-france-2022-les-tops-et-les-flops-du-cyclisme-francais\/\",\"name\":\"Tour de France 2022 : Les tops et les flops du cyclisme fran\u00e7ais\",\"isPartOf\":{\"@id\":\"https:\/\/dicodusport.fr\/blog\/#website\"},\"primaryImageOfPage\":{\"@id\":\"https:\/\/dicodusport.fr\/blog\/tour-de-france-2022-les-tops-et-les-flops-du-cyclisme-francais\/#primaryimage\"},\"image\":{\"@id\":\"https:\/\/dicodusport.fr\/blog\/tour-de-france-2022-les-tops-et-les-flops-du-cyclisme-francais\/#primaryimage\"},\"thumbnailUrl\":\"https:\/\/dicodusport.fr\/blog\/wp-content\/uploads\/2022\/07\/Tour-de-France-2022-Les-tops-et-les-flops-du-cyclisme-francais.png\",\"datePublished\":\"2022-07-25T12:29:42+00:00\",\"dateModified\":\"2022-07-25T16:25:04+00:00\",\"description\":\"TOUR DE FRANCE 2022 - Retrouvez nos tops et nos flops du cyclisme fran\u00e7ais sur la 109\u00e8me \u00e9dition de la Grande Boucle.\",\"inLanguage\":\"fr-FR\",\"potentialAction\":[{\"@type\":\"ReadAction\",\"target\":[\"https:\/\/dicodusport.fr\/blog\/tour-de-france-2022-les-tops-et-les-flops-du-cyclisme-francais\/\"]}]},{\"@type\":\"ImageObject\",\"inLanguage\":\"fr-FR\",\"@id\":\"https:\/\/dicodusport.fr\/blog\/tour-de-france-2022-les-tops-et-les-flops-du-cyclisme-francais\/#primaryimage\",\"url\":\"https:\/\/dicodusport.fr\/blog\/wp-content\/uploads\/2022\/07\/Tour-de-France-2022-Les-tops-et-les-flops-du-cyclisme-francais.png\",\"contentUrl\":\"https:\/\/dicodusport.fr\/blog\/wp-content\/uploads\/2022\/07\/Tour-de-France-2022-Les-tops-et-les-flops-du-cyclisme-francais.png\",\"width\":800,\"height\":445,\"caption\":\"Tour de France 2022 Les tops et les flops du cyclisme fran\u00e7ais\"},{\"@type\":\"WebSite\",\"@id\":\"https:\/\/dicodusport.fr\/blog\/#website\",\"url\":\"https:\/\/dicodusport.fr\/blog\/\",\"name\":\"Dicodusport\",\"description\":\"L&#039;encyclop\u00e9die de l&#039;actualit\u00e9 sportive\",\"publisher\":{\"@id\":\"https:\/\/dicodusport.fr\/blog\/#organization\"},\"potentialAction\":[{\"@type\":\"SearchAction\",\"target\":{\"@type\":\"EntryPoint\",\"urlTemplate\":\"https:\/\/dicodusport.fr\/blog\/?s={search_term_string}\"},\"query-input\":{\"@type\":\"PropertyValueSpecification\",\"valueRequired\":true,\"valueName\":\"search_term_string\"}}],\"inLanguage\":\"fr-FR\"},{\"@type\":\"NewsMediaOrganization\",\"@id\":\"https:\/\/dicodusport.fr\/blog\/#organization\",\"name\":\"Dicodusport\",\"url\":\"https:\/\/dicodusport.fr\/blog\/\",\"logo\":{\"@type\":\"ImageObject\",\"inLanguage\":\"fr-FR\",\"@id\":\"https:\/\/dicodusport.fr\/blog\/#\/schema\/logo\/image\/\",\"url\":\"https:\/\/dicodusport.fr\/blog\/wp-content\/uploads\/2020\/06\/cropped-LOGO-DICODUSPORT-2020-SANS-FOND-SANS-TEXTE.png\",\"contentUrl\":\"https:\/\/dicodusport.fr\/blog\/wp-content\/uploads\/2020\/06\/cropped-LOGO-DICODUSPORT-2020-SANS-FOND-SANS-TEXTE.png\",\"width\":512,\"height\":512,\"caption\":\"Dicodusport\"},\"image\":{\"@id\":\"https:\/\/dicodusport.fr\/blog\/#\/schema\/logo\/image\/\"},\"sameAs\":[\"https:\/\/www.facebook.com\/dicodusport\",\"https:\/\/x.com\/dicodusport\",\"https:\/\/www.instagram.com\/dicodusport\/\",\"https:\/\/www.youtube.com\/channel\/UC7V2KZ5sd3htJivAbA4ZG3w\"],\"description\":\"Dicodusport est l'encyclop\u00e9die de l'actualit\u00e9 sportive.\",\"email\":\"bonjour@dicodusport.fr\",\"legalName\":\"DICODUSPORT\",\"foundingDate\":\"2018-01-14\",\"vatID\":\"FR71834470973\",\"taxID\":\"83447097300043\",\"numberOfEmployees\":{\"@type\":\"QuantitativeValue\",\"minValue\":\"1\",\"maxValue\":\"10\"}},{\"@type\":\"Person\",\"@id\":\"https:\/\/dicodusport.fr\/blog\/#\/schema\/person\/99fcf31b3ee0d51fed53ade78139bbbf\",\"name\":\"Nicolas Mezine\",\"image\":{\"@type\":\"ImageObject\",\"inLanguage\":\"fr-FR\",\"@id\":\"https:\/\/dicodusport.fr\/blog\/#\/schema\/person\/image\/\",\"url\":\"https:\/\/dicodusport.fr\/blog\/wp-content\/uploads\/2021\/09\/IMG_4655-e1631787111223-150x150.jpg\",\"contentUrl\":\"https:\/\/dicodusport.fr\/blog\/wp-content\/uploads\/2021\/09\/IMG_4655-e1631787111223-150x150.jpg\",\"caption\":\"Nicolas Mezine\"},\"description\":\"Passionn\u00e9 de sport, notamment de rugby dans toutes ses variantes (XV, XIII et VII). Fan du RC Toulon et de l'Olympique de Marseille.\",\"sameAs\":[\"https:\/\/www.linkedin.com\/in\/nicolas-mezine-521380160\/\",\"https:\/\/x.com\/https:\/\/twitter.com\/Lbiji13\"],\"url\":\"https:\/\/dicodusport.fr\/blog\/author\/nicolas-m\/\"}]}<\/script>\n<!-- \/ Yoast SEO Premium plugin. -->","yoast_head_json":{"title":"Tour de France 2022 : Les tops et les flops du cyclisme fran\u00e7ais","description":"TOUR DE FRANCE 2022 - Retrouvez nos tops et nos flops du cyclisme fran\u00e7ais sur la 109\u00e8me \u00e9dition de la Grande Boucle.","robots":{"index":"index","follow":"follow","max-snippet":"max-snippet:-1","max-image-preview":"max-image-preview:large","max-video-preview":"max-video-preview:-1"},"canonical":"https:\/\/dicodusport.fr\/blog\/tour-de-france-2022-les-tops-et-les-flops-du-cyclisme-francais\/","next":"https:\/\/dicodusport.fr\/blog\/tour-de-france-2022-les-tops-et-les-flops-du-cyclisme-francais\/2\/","og_locale":"fr_FR","og_type":"article","og_title":"Tour de France 2022 : Les tops et les flops du cyclisme fran\u00e7ais","og_description":"TOUR DE FRANCE 2022 - Retrouvez nos tops et nos flops du cyclisme fran\u00e7ais sur la 109\u00e8me \u00e9dition de la Grande Boucle.","og_url":"https:\/\/dicodusport.fr\/blog\/tour-de-france-2022-les-tops-et-les-flops-du-cyclisme-francais\/","og_site_name":"Dicodusport","article_publisher":"https:\/\/www.facebook.com\/dicodusport","article_published_time":"2022-07-25T12:29:42+00:00","article_modified_time":"2022-07-25T16:25:04+00:00","og_image":[{"width":800,"height":445,"url":"https:\/\/dicodusport.fr\/blog\/wp-content\/uploads\/2022\/07\/Tour-de-France-2022-Les-tops-et-les-flops-du-cyclisme-francais.png","type":"image\/png"}],"author":"Nicolas Mezine","twitter_card":"summary_large_image","twitter_title":"Tour de France 2022 : Les tops et les flops du cyclisme fran\u00e7ais","twitter_creator":"@https:\/\/twitter.com\/Lbiji13","twitter_site":"@dicodusport","schema":{"@context":"https:\/\/schema.org","@graph":[{"@type":"NewsArticle","@id":"https:\/\/dicodusport.fr\/blog\/tour-de-france-2022-les-tops-et-les-flops-du-cyclisme-francais\/#article","isPartOf":{"@id":"https:\/\/dicodusport.fr\/blog\/tour-de-france-2022-les-tops-et-les-flops-du-cyclisme-francais\/"},"author":{"name":"Nicolas Mezine","@id":"https:\/\/dicodusport.fr\/blog\/#\/schema\/person\/99fcf31b3ee0d51fed53ade78139bbbf"},"headline":"Tour de France 2022 : Les tops et les flops du cyclisme fran\u00e7ais","datePublished":"2022-07-25T12:29:42+00:00","dateModified":"2022-07-25T16:25:04+00:00","mainEntityOfPage":{"@id":"https:\/\/dicodusport.fr\/blog\/tour-de-france-2022-les-tops-et-les-flops-du-cyclisme-francais\/"},"wordCount":1486,"commentCount":0,"publisher":{"@id":"https:\/\/dicodusport.fr\/blog\/#organization"},"image":{"@id":"https:\/\/dicodusport.fr\/blog\/tour-de-france-2022-les-tops-et-les-flops-du-cyclisme-francais\/#primaryimage"},"thumbnailUrl":"https:\/\/dicodusport.fr\/blog\/wp-content\/uploads\/2022\/07\/Tour-de-France-2022-Les-tops-et-les-flops-du-cyclisme-francais.png","keywords":["Benjamin Thomas","Beno\u00eet Cosnefroy","Christophe Laporte","David Gaudu","sport","Tour de France","Valentin Madouas"],"articleSection":["Tour de France"],"inLanguage":"fr-FR","potentialAction":[{"@type":"CommentAction","name":"Comment","target":["https:\/\/dicodusport.fr\/blog\/tour-de-france-2022-les-tops-et-les-flops-du-cyclisme-francais\/#respond"]}],"copyrightYear":"2022","copyrightHolder":{"@id":"https:\/\/dicodusport.fr\/blog\/#organization"}},{"@type":"WebPage","@id":"https:\/\/dicodusport.fr\/blog\/tour-de-france-2022-les-tops-et-les-flops-du-cyclisme-francais\/","url":"https:\/\/dicodusport.fr\/blog\/tour-de-france-2022-les-tops-et-les-flops-du-cyclisme-francais\/","name":"Tour de France 2022 : Les tops et les flops du cyclisme fran\u00e7ais","isPartOf":{"@id":"https:\/\/dicodusport.fr\/blog\/#website"},"primaryImageOfPage":{"@id":"https:\/\/dicodusport.fr\/blog\/tour-de-france-2022-les-tops-et-les-flops-du-cyclisme-francais\/#primaryimage"},"image":{"@id":"https:\/\/dicodusport.fr\/blog\/tour-de-france-2022-les-tops-et-les-flops-du-cyclisme-francais\/#primaryimage"},"thumbnailUrl":"https:\/\/dicodusport.fr\/blog\/wp-content\/uploads\/2022\/07\/Tour-de-France-2022-Les-tops-et-les-flops-du-cyclisme-francais.png","datePublished":"2022-07-25T12:29:42+00:00","dateModified":"2022-07-25T16:25:04+00:00","description":"TOUR DE FRANCE 2022 - Retrouvez nos tops et nos flops du cyclisme fran\u00e7ais sur la 109\u00e8me \u00e9dition de la Grande Boucle.","inLanguage":"fr-FR","potentialAction":[{"@type":"ReadAction","target":["https:\/\/dicodusport.fr\/blog\/tour-de-france-2022-les-tops-et-les-flops-du-cyclisme-francais\/"]}]},{"@type":"ImageObject","inLanguage":"fr-FR","@id":"https:\/\/dicodusport.fr\/blog\/tour-de-france-2022-les-tops-et-les-flops-du-cyclisme-francais\/#primaryimage","url":"https:\/\/dicodusport.fr\/blog\/wp-content\/uploads\/2022\/07\/Tour-de-France-2022-Les-tops-et-les-flops-du-cyclisme-francais.png","contentUrl":"https:\/\/dicodusport.fr\/blog\/wp-content\/uploads\/2022\/07\/Tour-de-France-2022-Les-tops-et-les-flops-du-cyclisme-francais.png","width":800,"height":445,"caption":"Tour de France 2022 Les tops et les flops du cyclisme fran\u00e7ais"},{"@type":"WebSite","@id":"https:\/\/dicodusport.fr\/blog\/#website","url":"https:\/\/dicodusport.fr\/blog\/","name":"Dicodusport","description":"L&#039;encyclop\u00e9die de l&#039;actualit\u00e9 sportive","publisher":{"@id":"https:\/\/dicodusport.fr\/blog\/#organization"},"potentialAction":[{"@type":"SearchAction","target":{"@type":"EntryPoint","urlTemplate":"https:\/\/dicodusport.fr\/blog\/?s={search_term_string}"},"query-input":{"@type":"PropertyValueSpecification","valueRequired":true,"valueName":"search_term_string"}}],"inLanguage":"fr-FR"},{"@type":"NewsMediaOrganization","@id":"https:\/\/dicodusport.fr\/blog\/#organization","name":"Dicodusport","url":"https:\/\/dicodusport.fr\/blog\/","logo":{"@type":"ImageObject","inLanguage":"fr-FR","@id":"https:\/\/dicodusport.fr\/blog\/#\/schema\/logo\/image\/","url":"https:\/\/dicodusport.fr\/blog\/wp-content\/uploads\/2020\/06\/cropped-LOGO-DICODUSPORT-2020-SANS-FOND-SANS-TEXTE.png","contentUrl":"https:\/\/dicodusport.fr\/blog\/wp-content\/uploads\/2020\/06\/cropped-LOGO-DICODUSPORT-2020-SANS-FOND-SANS-TEXTE.png","width":512,"height":512,"caption":"Dicodusport"},"image":{"@id":"https:\/\/dicodusport.fr\/blog\/#\/schema\/logo\/image\/"},"sameAs":["https:\/\/www.facebook.com\/dicodusport","https:\/\/x.com\/dicodusport","https:\/\/www.instagram.com\/dicodusport\/","https:\/\/www.youtube.com\/channel\/UC7V2KZ5sd3htJivAbA4ZG3w"],"description":"Dicodusport est l'encyclop\u00e9die de l'actualit\u00e9 sportive.","email":"bonjour@dicodusport.fr","legalName":"DICODUSPORT","foundingDate":"2018-01-14","vatID":"FR71834470973","taxID":"83447097300043","numberOfEmployees":{"@type":"QuantitativeValue","minValue":"1","maxValue":"10"}},{"@type":"Person","@id":"https:\/\/dicodusport.fr\/blog\/#\/schema\/person\/99fcf31b3ee0d51fed53ade78139bbbf","name":"Nicolas Mezine","image":{"@type":"ImageObject","inLanguage":"fr-FR","@id":"https:\/\/dicodusport.fr\/blog\/#\/schema\/person\/image\/","url":"https:\/\/dicodusport.fr\/blog\/wp-content\/uploads\/2021\/09\/IMG_4655-e1631787111223-150x150.jpg","contentUrl":"https:\/\/dicodusport.fr\/blog\/wp-content\/uploads\/2021\/09\/IMG_4655-e1631787111223-150x150.jpg","caption":"Nicolas Mezine"},"description":"Passionn\u00e9 de sport, notamment de rugby dans toutes ses variantes (XV, XIII et VII). Fan du RC Toulon et de l'Olympique de Marseille.","sameAs":["https:\/\/www.linkedin.com\/in\/nicolas-mezine-521380160\/","https:\/\/x.com\/https:\/\/twitter.com\/Lbiji13"],"url":"https:\/\/dicodusport.fr\/blog\/author\/nicolas-m\/"}]}},"_links":{"self":[{"href":"https:\/\/dicodusport.fr\/blog\/wp-json\/wp\/v2\/posts\/246553","targetHints":{"allow":["GET"]}}],"collection":[{"href":"https:\/\/dicodusport.fr\/blog\/wp-json\/wp\/v2\/posts"}],"about":[{"href":"https:\/\/dicodusport.fr\/blog\/wp-json\/wp\/v2\/types\/post"}],"author":[{"embeddable":true,"href":"https:\/\/dicodusport.fr\/blog\/wp-json\/wp\/v2\/users\/42"}],"replies":[{"embeddable":true,"href":"https:\/\/dicodusport.fr\/blog\/wp-json\/wp\/v2\/comments?post=246553"}],"version-history":[{"count":0,"href":"https:\/\/dicodusport.fr\/blog\/wp-json\/wp\/v2\/posts\/246553\/revisions"}],"wp:featuredmedia":[{"embeddable":true,"href":"https:\/\/dicodusport.fr\/blog\/wp-json\/wp\/v2\/media\/246596"}],"wp:attachment":[{"href":"https:\/\/dicodusport.fr\/blog\/wp-json\/wp\/v2\/media?parent=246553"}],"wp:term":[{"taxonomy":"category","embeddable":true,"href":"https:\/\/dicodusport.fr\/blog\/wp-json\/wp\/v2\/categories?post=246553"},{"taxonomy":"post_tag","embeddable":true,"href":"https:\/\/dicodusport.fr\/blog\/wp-json\/wp\/v2\/tags?post=246553"}],"curies":[{"name":"wp","href":"https:\/\/api.w.org\/{rel}","templated":true}]}}