{"id":246980,"date":"2022-07-27T11:57:30","date_gmt":"2022-07-27T09:57:30","guid":{"rendered":"https:\/\/dicodusport.fr\/blog\/?p=246980&#038;preview=true&#038;preview_id=246980"},"modified":"2022-07-27T12:15:18","modified_gmt":"2022-07-27T10:15:18","slug":"jean-rene-bernaudeau-le-pari-sagan-est-deja-gagne","status":"publish","type":"post","link":"https:\/\/dicodusport.fr\/blog\/jean-rene-bernaudeau-le-pari-sagan-est-deja-gagne\/","title":{"rendered":"Jean-Ren\u00e9 Bernaudeau : \u00ab\u00a0Le pari Sagan est d\u00e9j\u00e0 gagn\u00e9\u00a0\u00bb"},"content":{"rendered":"<p style=\"text-align: justify;\"><b><i>CYCLISME SUR ROUTE 2022 &#8211; Jean-Ren\u00e9 Bernaudeau a dress\u00e9 le bilan du <a href=\"https:\/\/dicodusport.fr\/blog\/actualites\/cyclisme\/cyclisme-sur-route-2022\/tour-de-france-2022\/\">Tour de France 2022<\/a> de son \u00e9quipe, au micro de Cyclism&rsquo;Actu.\u00a0<\/i><\/b><\/p>\n<p style=\"text-align: justify;\">M\u00eame s&rsquo;il n&rsquo;y a pas eu de victoire d&rsquo;\u00e9tape pour le <strong>Slovaque<\/strong> mais seulement des places d&rsquo;honneur, le patron de la <strong>TotalEnergies<\/strong>,<strong> Jean-Ren\u00e9 Bernaudeau,<\/strong>\u00a0affirme que le recrutement de <strong>Peter Sagan<\/strong> est d\u00e9j\u00e0 r\u00e9ussi.<\/p>\n<blockquote>\n<p style=\"text-align: justify;\">Le pari est d\u00e9j\u00e0 gagn\u00e9. Il a apport\u00e9 une dimension, de l&rsquo;envie, de la fiert\u00e9. C&rsquo;est une tr\u00e8s, tr\u00e8s belle d\u00e9couverte pour nous, et il n&rsquo;y rien \u00e0 jeter, c&rsquo;est quelqu&rsquo;un de bien.<\/p>\n<\/blockquote>\n<p style=\"text-align: justify;\">Pour le bilan plus global de l&rsquo;\u00e9quipe, <strong>Jean-Ren\u00e9 Bernaudeau<\/strong> est satisfait de la performance de ses troupes, malgr\u00e9 de nombreuses chutes.<\/p>\n<blockquote><p>Il y a un peu de frustration, m\u00eame si on peut dire que le devoir est accompli. On s&rsquo;est bien battus, avec l&rsquo;envie de r\u00e9ussir malgr\u00e9 la malchance et les chutes de plusieurs coureurs.<\/p><\/blockquote>\n<blockquote class=\"twitter-tweet\">\n<p dir=\"ltr\" lang=\"fr\">Tour de France : Jean-Ren\u00e9 Bernaudeau : \u00ab\u00a0Le pari Sagan est d\u00e9j\u00e0 gagn\u00e9 !\u00a0\u00bb <a href=\"https:\/\/twitter.com\/hashtag\/TDF2022?src=hash&amp;ref_src=twsrc%5Etfw\">#TDF2022<\/a> <a href=\"https:\/\/twitter.com\/hashtag\/Bernaudeau?src=hash&amp;ref_src=twsrc%5Etfw\">#Bernaudeau<\/a> <a href=\"https:\/\/twitter.com\/hashtag\/Sagan?src=hash&amp;ref_src=twsrc%5Etfw\">#Sagan<\/a> <a href=\"https:\/\/twitter.com\/hashtag\/Latour?src=hash&amp;ref_src=twsrc%5Etfw\">#Latour<\/a> <a href=\"https:\/\/twitter.com\/hashtag\/Turgis?src=hash&amp;ref_src=twsrc%5Etfw\">#Turgis<\/a> <a href=\"https:\/\/t.co\/UrHTVL9rhL\">https:\/\/t.co\/UrHTVL9rhL<\/a><\/p>\n<p>\u2014 Cyclism&rsquo;Actu (@cyclismactu) <a href=\"https:\/\/twitter.com\/cyclismactu\/status\/1551620361619398658?ref_src=twsrc%5Etfw\">July 25, 2022<\/a><\/p><\/blockquote>\n<p style=\"text-align: justify;\"><script async src=\"https:\/\/platform.twitter.com\/widgets.js\" charset=\"utf-8\"><\/script><\/p>\n","protected":false},"excerpt":{"rendered":"<p>CYCLISME SUR ROUTE 2022 &#8211; Jean-Ren\u00e9 Bernaudeau a dress\u00e9 le bilan du Tour de France de son \u00e9quipe au micro de Cyclism&rsquo;Actu.\u00a0<\/p>\n","protected":false},"author":1,"featured_media":246984,"comment_status":"open","ping_status":"closed","sticky":false,"template":"","format":"standard","meta":{"_acf_changed":false,"_daextam_enable_autolinks":"","footnotes":""},"categories":[46994],"tags":[4284,18418],"class_list":["post-246980","post","type-post","status-publish","format-standard","has-post-thumbnail","hentry","category-cyclisme-sur-route","tag-peter-sagan","tag-totalenergies"],"acf":[],"yoast_head":"<!-- This site is optimized with the Yoast SEO Premium plugin v26.7 (Yoast SEO v26.7) - https:\/\/yoast.com\/wordpress\/plugins\/seo\/ -->\n<title>Jean-Ren\u00e9 Bernaudeau : &quot;Le pari Sagan est d\u00e9j\u00e0 gagn\u00e9&quot;<\/title>\n<meta name=\"description\" content=\"CYCLISME SUR ROUTE 2022 - Jean-Ren\u00e9 Bernaudeau a dress\u00e9 le bilan du Tour de France de son \u00e9quipe au micro de Cyclism&#039;Actu.\u00a0\" \/>\n<meta name=\"robots\" content=\"index, follow, max-snippet:-1, max-image-preview:large, max-video-preview:-1\" \/>\n<link rel=\"canonical\" href=\"https:\/\/dicodusport.fr\/blog\/jean-rene-bernaudeau-le-pari-sagan-est-deja-gagne\/\" \/>\n<meta property=\"og:locale\" content=\"fr_FR\" \/>\n<meta property=\"og:type\" content=\"article\" \/>\n<meta property=\"og:title\" content=\"Jean-Ren\u00e9 Bernaudeau : &quot;Le pari Sagan est d\u00e9j\u00e0 gagn\u00e9&quot;\" \/>\n<meta property=\"og:description\" content=\"CYCLISME SUR ROUTE 2022 - Jean-Ren\u00e9 Bernaudeau a dress\u00e9 le bilan du Tour de France de son \u00e9quipe au micro de Cyclism&#039;Actu.\u00a0\" \/>\n<meta property=\"og:url\" content=\"https:\/\/dicodusport.fr\/blog\/jean-rene-bernaudeau-le-pari-sagan-est-deja-gagne\/\" \/>\n<meta property=\"og:site_name\" content=\"Dicodusport\" \/>\n<meta property=\"article:publisher\" content=\"https:\/\/www.facebook.com\/dicodusport\" \/>\n<meta property=\"article:author\" content=\"https:\/\/www.facebook.com\/dicodusport\" \/>\n<meta property=\"article:published_time\" content=\"2022-07-27T09:57:30+00:00\" \/>\n<meta property=\"article:modified_time\" content=\"2022-07-27T10:15:18+00:00\" \/>\n<meta property=\"og:image\" content=\"https:\/\/dicodusport.fr\/blog\/wp-content\/uploads\/2022\/07\/Jean-Rene\u0301-Bernaudeau-Le-pari-Sagan-est-de\u0301ja\u0300-gagne\u0301.png\" \/>\n\t<meta property=\"og:image:width\" content=\"800\" \/>\n\t<meta property=\"og:image:height\" content=\"445\" \/>\n\t<meta property=\"og:image:type\" content=\"image\/png\" \/>\n<meta name=\"author\" content=\"Nicolas Jacquemard\" \/>\n<meta name=\"twitter:card\" content=\"summary_large_image\" \/>\n<meta name=\"twitter:title\" content=\"Jean-Ren\u00e9 Bernaudeau : &quot;Le pari Sagan est d\u00e9j\u00e0 gagn\u00e9&quot;\" \/>\n<meta name=\"twitter:creator\" content=\"@https:\/\/twitter.com\/Nico_Jacquemard\" \/>\n<meta name=\"twitter:site\" content=\"@dicodusport\" \/>\n<script type=\"application\/ld+json\" class=\"yoast-schema-graph\">{\"@context\":\"https:\/\/schema.org\",\"@graph\":[{\"@type\":\"NewsArticle\",\"@id\":\"https:\/\/dicodusport.fr\/blog\/jean-rene-bernaudeau-le-pari-sagan-est-deja-gagne\/#article\",\"isPartOf\":{\"@id\":\"https:\/\/dicodusport.fr\/blog\/jean-rene-bernaudeau-le-pari-sagan-est-deja-gagne\/\"},\"author\":{\"name\":\"Nicolas Jacquemard\",\"@id\":\"https:\/\/dicodusport.fr\/blog\/#\/schema\/person\/55dcb50ad410894e431ed812bbb70191\"},\"headline\":\"Jean-Ren\u00e9 Bernaudeau : \u00ab\u00a0Le pari Sagan est d\u00e9j\u00e0 gagn\u00e9\u00a0\u00bb\",\"datePublished\":\"2022-07-27T09:57:30+00:00\",\"dateModified\":\"2022-07-27T10:15:18+00:00\",\"mainEntityOfPage\":{\"@id\":\"https:\/\/dicodusport.fr\/blog\/jean-rene-bernaudeau-le-pari-sagan-est-deja-gagne\/\"},\"wordCount\":199,\"commentCount\":0,\"publisher\":{\"@id\":\"https:\/\/dicodusport.fr\/blog\/#organization\"},\"image\":{\"@id\":\"https:\/\/dicodusport.fr\/blog\/jean-rene-bernaudeau-le-pari-sagan-est-deja-gagne\/#primaryimage\"},\"thumbnailUrl\":\"https:\/\/dicodusport.fr\/blog\/wp-content\/uploads\/2022\/07\/Jean-Rene\u0301-Bernaudeau-Le-pari-Sagan-est-de\u0301ja\u0300-gagne\u0301.png\",\"keywords\":[\"Peter Sagan\",\"TotalEnergies\"],\"articleSection\":[\"Cyclisme sur route\"],\"inLanguage\":\"fr-FR\",\"potentialAction\":[{\"@type\":\"CommentAction\",\"name\":\"Comment\",\"target\":[\"https:\/\/dicodusport.fr\/blog\/jean-rene-bernaudeau-le-pari-sagan-est-deja-gagne\/#respond\"]}],\"copyrightYear\":\"2022\",\"copyrightHolder\":{\"@id\":\"https:\/\/dicodusport.fr\/blog\/#organization\"}},{\"@type\":\"WebPage\",\"@id\":\"https:\/\/dicodusport.fr\/blog\/jean-rene-bernaudeau-le-pari-sagan-est-deja-gagne\/\",\"url\":\"https:\/\/dicodusport.fr\/blog\/jean-rene-bernaudeau-le-pari-sagan-est-deja-gagne\/\",\"name\":\"Jean-Ren\u00e9 Bernaudeau : \\\"Le pari Sagan est d\u00e9j\u00e0 gagn\u00e9\\\"\",\"isPartOf\":{\"@id\":\"https:\/\/dicodusport.fr\/blog\/#website\"},\"primaryImageOfPage\":{\"@id\":\"https:\/\/dicodusport.fr\/blog\/jean-rene-bernaudeau-le-pari-sagan-est-deja-gagne\/#primaryimage\"},\"image\":{\"@id\":\"https:\/\/dicodusport.fr\/blog\/jean-rene-bernaudeau-le-pari-sagan-est-deja-gagne\/#primaryimage\"},\"thumbnailUrl\":\"https:\/\/dicodusport.fr\/blog\/wp-content\/uploads\/2022\/07\/Jean-Rene\u0301-Bernaudeau-Le-pari-Sagan-est-de\u0301ja\u0300-gagne\u0301.png\",\"datePublished\":\"2022-07-27T09:57:30+00:00\",\"dateModified\":\"2022-07-27T10:15:18+00:00\",\"description\":\"CYCLISME SUR ROUTE 2022 - Jean-Ren\u00e9 Bernaudeau a dress\u00e9 le bilan du Tour de France de son \u00e9quipe au micro de Cyclism'Actu.\u00a0\",\"breadcrumb\":{\"@id\":\"https:\/\/dicodusport.fr\/blog\/jean-rene-bernaudeau-le-pari-sagan-est-deja-gagne\/#breadcrumb\"},\"inLanguage\":\"fr-FR\",\"potentialAction\":[{\"@type\":\"ReadAction\",\"target\":[\"https:\/\/dicodusport.fr\/blog\/jean-rene-bernaudeau-le-pari-sagan-est-deja-gagne\/\"]}]},{\"@type\":\"ImageObject\",\"inLanguage\":\"fr-FR\",\"@id\":\"https:\/\/dicodusport.fr\/blog\/jean-rene-bernaudeau-le-pari-sagan-est-deja-gagne\/#primaryimage\",\"url\":\"https:\/\/dicodusport.fr\/blog\/wp-content\/uploads\/2022\/07\/Jean-Rene\u0301-Bernaudeau-Le-pari-Sagan-est-de\u0301ja\u0300-gagne\u0301.png\",\"contentUrl\":\"https:\/\/dicodusport.fr\/blog\/wp-content\/uploads\/2022\/07\/Jean-Rene\u0301-Bernaudeau-Le-pari-Sagan-est-de\u0301ja\u0300-gagne\u0301.png\",\"width\":800,\"height\":445},{\"@type\":\"BreadcrumbList\",\"@id\":\"https:\/\/dicodusport.fr\/blog\/jean-rene-bernaudeau-le-pari-sagan-est-deja-gagne\/#breadcrumb\",\"itemListElement\":[{\"@type\":\"ListItem\",\"position\":1,\"name\":\"Accueil\",\"item\":\"https:\/\/dicodusport.fr\/blog\/\"},{\"@type\":\"ListItem\",\"position\":2,\"name\":\"Jean-Ren\u00e9 Bernaudeau : \u00ab\u00a0Le pari Sagan est d\u00e9j\u00e0 gagn\u00e9\u00a0\u00bb\"}]},{\"@type\":\"WebSite\",\"@id\":\"https:\/\/dicodusport.fr\/blog\/#website\",\"url\":\"https:\/\/dicodusport.fr\/blog\/\",\"name\":\"Dicodusport\",\"description\":\"L&#039;encyclop\u00e9die de l&#039;actualit\u00e9 sportive\",\"publisher\":{\"@id\":\"https:\/\/dicodusport.fr\/blog\/#organization\"},\"potentialAction\":[{\"@type\":\"SearchAction\",\"target\":{\"@type\":\"EntryPoint\",\"urlTemplate\":\"https:\/\/dicodusport.fr\/blog\/?s={search_term_string}\"},\"query-input\":{\"@type\":\"PropertyValueSpecification\",\"valueRequired\":true,\"valueName\":\"search_term_string\"}}],\"inLanguage\":\"fr-FR\"},{\"@type\":\"NewsMediaOrganization\",\"@id\":\"https:\/\/dicodusport.fr\/blog\/#organization\",\"name\":\"Dicodusport\",\"url\":\"https:\/\/dicodusport.fr\/blog\/\",\"logo\":{\"@type\":\"ImageObject\",\"inLanguage\":\"fr-FR\",\"@id\":\"https:\/\/dicodusport.fr\/blog\/#\/schema\/logo\/image\/\",\"url\":\"https:\/\/dicodusport.fr\/blog\/wp-content\/uploads\/2020\/06\/cropped-LOGO-DICODUSPORT-2020-SANS-FOND-SANS-TEXTE.png\",\"contentUrl\":\"https:\/\/dicodusport.fr\/blog\/wp-content\/uploads\/2020\/06\/cropped-LOGO-DICODUSPORT-2020-SANS-FOND-SANS-TEXTE.png\",\"width\":512,\"height\":512,\"caption\":\"Dicodusport\"},\"image\":{\"@id\":\"https:\/\/dicodusport.fr\/blog\/#\/schema\/logo\/image\/\"},\"sameAs\":[\"https:\/\/www.facebook.com\/dicodusport\",\"https:\/\/x.com\/dicodusport\",\"https:\/\/www.instagram.com\/dicodusport\/\",\"https:\/\/www.youtube.com\/channel\/UC7V2KZ5sd3htJivAbA4ZG3w\"],\"description\":\"Dicodusport est l'encyclop\u00e9die de l'actualit\u00e9 sportive.\",\"email\":\"bonjour@dicodusport.fr\",\"legalName\":\"DICODUSPORT\",\"foundingDate\":\"2018-01-14\",\"vatID\":\"FR71834470973\",\"taxID\":\"83447097300043\",\"numberOfEmployees\":{\"@type\":\"QuantitativeValue\",\"minValue\":\"1\",\"maxValue\":\"10\"}},{\"@type\":\"Person\",\"@id\":\"https:\/\/dicodusport.fr\/blog\/#\/schema\/person\/55dcb50ad410894e431ed812bbb70191\",\"name\":\"Nicolas Jacquemard\",\"image\":{\"@type\":\"ImageObject\",\"inLanguage\":\"fr-FR\",\"@id\":\"https:\/\/dicodusport.fr\/blog\/#\/schema\/person\/image\/\",\"url\":\"https:\/\/dicodusport.fr\/blog\/wp-content\/uploads\/2021\/05\/Nicolas-Jacquemard-150x150.jpeg\",\"contentUrl\":\"https:\/\/dicodusport.fr\/blog\/wp-content\/uploads\/2021\/05\/Nicolas-Jacquemard-150x150.jpeg\",\"caption\":\"Nicolas Jacquemard\"},\"description\":\"Passionn\u00e9 de sport et entrepreneur depuis mes 18 ans, la cr\u00e9ation de Dicodusport m'a sembl\u00e9 \u00e9vidente pour participer \u00e0 la m\u00e9diatisation d'un plus grand nombre de sports. Le chemin est long mais avec une \u00e9quipe des plus motiv\u00e9es et les Jeux Olympiques de Paris 2024 en point de mire, nous y arriverons ! Journaliste dans le monde du sport depuis plus de 5 ans, je traite aussi bien de football, de rugby, de biathlon que de cyclisme.\",\"sameAs\":[\"https:\/\/www.facebook.com\/dicodusport\",\"https:\/\/x.com\/https:\/\/twitter.com\/Nico_Jacquemard\"],\"url\":\"https:\/\/dicodusport.fr\/blog\/author\/dicodusport\/\"}]}<\/script>\n<!-- \/ Yoast SEO Premium plugin. -->","yoast_head_json":{"title":"Jean-Ren\u00e9 Bernaudeau : \"Le pari Sagan est d\u00e9j\u00e0 gagn\u00e9\"","description":"CYCLISME SUR ROUTE 2022 - Jean-Ren\u00e9 Bernaudeau a dress\u00e9 le bilan du Tour de France de son \u00e9quipe au micro de Cyclism'Actu.\u00a0","robots":{"index":"index","follow":"follow","max-snippet":"max-snippet:-1","max-image-preview":"max-image-preview:large","max-video-preview":"max-video-preview:-1"},"canonical":"https:\/\/dicodusport.fr\/blog\/jean-rene-bernaudeau-le-pari-sagan-est-deja-gagne\/","og_locale":"fr_FR","og_type":"article","og_title":"Jean-Ren\u00e9 Bernaudeau : \"Le pari Sagan est d\u00e9j\u00e0 gagn\u00e9\"","og_description":"CYCLISME SUR ROUTE 2022 - Jean-Ren\u00e9 Bernaudeau a dress\u00e9 le bilan du Tour de France de son \u00e9quipe au micro de Cyclism'Actu.\u00a0","og_url":"https:\/\/dicodusport.fr\/blog\/jean-rene-bernaudeau-le-pari-sagan-est-deja-gagne\/","og_site_name":"Dicodusport","article_publisher":"https:\/\/www.facebook.com\/dicodusport","article_author":"https:\/\/www.facebook.com\/dicodusport","article_published_time":"2022-07-27T09:57:30+00:00","article_modified_time":"2022-07-27T10:15:18+00:00","og_image":[{"width":800,"height":445,"url":"https:\/\/dicodusport.fr\/blog\/wp-content\/uploads\/2022\/07\/Jean-Rene\u0301-Bernaudeau-Le-pari-Sagan-est-de\u0301ja\u0300-gagne\u0301.png","type":"image\/png"}],"author":"Nicolas Jacquemard","twitter_card":"summary_large_image","twitter_title":"Jean-Ren\u00e9 Bernaudeau : \"Le pari Sagan est d\u00e9j\u00e0 gagn\u00e9\"","twitter_creator":"@https:\/\/twitter.com\/Nico_Jacquemard","twitter_site":"@dicodusport","schema":{"@context":"https:\/\/schema.org","@graph":[{"@type":"NewsArticle","@id":"https:\/\/dicodusport.fr\/blog\/jean-rene-bernaudeau-le-pari-sagan-est-deja-gagne\/#article","isPartOf":{"@id":"https:\/\/dicodusport.fr\/blog\/jean-rene-bernaudeau-le-pari-sagan-est-deja-gagne\/"},"author":{"name":"Nicolas Jacquemard","@id":"https:\/\/dicodusport.fr\/blog\/#\/schema\/person\/55dcb50ad410894e431ed812bbb70191"},"headline":"Jean-Ren\u00e9 Bernaudeau : \u00ab\u00a0Le pari Sagan est d\u00e9j\u00e0 gagn\u00e9\u00a0\u00bb","datePublished":"2022-07-27T09:57:30+00:00","dateModified":"2022-07-27T10:15:18+00:00","mainEntityOfPage":{"@id":"https:\/\/dicodusport.fr\/blog\/jean-rene-bernaudeau-le-pari-sagan-est-deja-gagne\/"},"wordCount":199,"commentCount":0,"publisher":{"@id":"https:\/\/dicodusport.fr\/blog\/#organization"},"image":{"@id":"https:\/\/dicodusport.fr\/blog\/jean-rene-bernaudeau-le-pari-sagan-est-deja-gagne\/#primaryimage"},"thumbnailUrl":"https:\/\/dicodusport.fr\/blog\/wp-content\/uploads\/2022\/07\/Jean-Rene\u0301-Bernaudeau-Le-pari-Sagan-est-de\u0301ja\u0300-gagne\u0301.png","keywords":["Peter Sagan","TotalEnergies"],"articleSection":["Cyclisme sur route"],"inLanguage":"fr-FR","potentialAction":[{"@type":"CommentAction","name":"Comment","target":["https:\/\/dicodusport.fr\/blog\/jean-rene-bernaudeau-le-pari-sagan-est-deja-gagne\/#respond"]}],"copyrightYear":"2022","copyrightHolder":{"@id":"https:\/\/dicodusport.fr\/blog\/#organization"}},{"@type":"WebPage","@id":"https:\/\/dicodusport.fr\/blog\/jean-rene-bernaudeau-le-pari-sagan-est-deja-gagne\/","url":"https:\/\/dicodusport.fr\/blog\/jean-rene-bernaudeau-le-pari-sagan-est-deja-gagne\/","name":"Jean-Ren\u00e9 Bernaudeau : \"Le pari Sagan est d\u00e9j\u00e0 gagn\u00e9\"","isPartOf":{"@id":"https:\/\/dicodusport.fr\/blog\/#website"},"primaryImageOfPage":{"@id":"https:\/\/dicodusport.fr\/blog\/jean-rene-bernaudeau-le-pari-sagan-est-deja-gagne\/#primaryimage"},"image":{"@id":"https:\/\/dicodusport.fr\/blog\/jean-rene-bernaudeau-le-pari-sagan-est-deja-gagne\/#primaryimage"},"thumbnailUrl":"https:\/\/dicodusport.fr\/blog\/wp-content\/uploads\/2022\/07\/Jean-Rene\u0301-Bernaudeau-Le-pari-Sagan-est-de\u0301ja\u0300-gagne\u0301.png","datePublished":"2022-07-27T09:57:30+00:00","dateModified":"2022-07-27T10:15:18+00:00","description":"CYCLISME SUR ROUTE 2022 - Jean-Ren\u00e9 Bernaudeau a dress\u00e9 le bilan du Tour de France de son \u00e9quipe au micro de Cyclism'Actu.\u00a0","breadcrumb":{"@id":"https:\/\/dicodusport.fr\/blog\/jean-rene-bernaudeau-le-pari-sagan-est-deja-gagne\/#breadcrumb"},"inLanguage":"fr-FR","potentialAction":[{"@type":"ReadAction","target":["https:\/\/dicodusport.fr\/blog\/jean-rene-bernaudeau-le-pari-sagan-est-deja-gagne\/"]}]},{"@type":"ImageObject","inLanguage":"fr-FR","@id":"https:\/\/dicodusport.fr\/blog\/jean-rene-bernaudeau-le-pari-sagan-est-deja-gagne\/#primaryimage","url":"https:\/\/dicodusport.fr\/blog\/wp-content\/uploads\/2022\/07\/Jean-Rene\u0301-Bernaudeau-Le-pari-Sagan-est-de\u0301ja\u0300-gagne\u0301.png","contentUrl":"https:\/\/dicodusport.fr\/blog\/wp-content\/uploads\/2022\/07\/Jean-Rene\u0301-Bernaudeau-Le-pari-Sagan-est-de\u0301ja\u0300-gagne\u0301.png","width":800,"height":445},{"@type":"BreadcrumbList","@id":"https:\/\/dicodusport.fr\/blog\/jean-rene-bernaudeau-le-pari-sagan-est-deja-gagne\/#breadcrumb","itemListElement":[{"@type":"ListItem","position":1,"name":"Accueil","item":"https:\/\/dicodusport.fr\/blog\/"},{"@type":"ListItem","position":2,"name":"Jean-Ren\u00e9 Bernaudeau : \u00ab\u00a0Le pari Sagan est d\u00e9j\u00e0 gagn\u00e9\u00a0\u00bb"}]},{"@type":"WebSite","@id":"https:\/\/dicodusport.fr\/blog\/#website","url":"https:\/\/dicodusport.fr\/blog\/","name":"Dicodusport","description":"L&#039;encyclop\u00e9die de l&#039;actualit\u00e9 sportive","publisher":{"@id":"https:\/\/dicodusport.fr\/blog\/#organization"},"potentialAction":[{"@type":"SearchAction","target":{"@type":"EntryPoint","urlTemplate":"https:\/\/dicodusport.fr\/blog\/?s={search_term_string}"},"query-input":{"@type":"PropertyValueSpecification","valueRequired":true,"valueName":"search_term_string"}}],"inLanguage":"fr-FR"},{"@type":"NewsMediaOrganization","@id":"https:\/\/dicodusport.fr\/blog\/#organization","name":"Dicodusport","url":"https:\/\/dicodusport.fr\/blog\/","logo":{"@type":"ImageObject","inLanguage":"fr-FR","@id":"https:\/\/dicodusport.fr\/blog\/#\/schema\/logo\/image\/","url":"https:\/\/dicodusport.fr\/blog\/wp-content\/uploads\/2020\/06\/cropped-LOGO-DICODUSPORT-2020-SANS-FOND-SANS-TEXTE.png","contentUrl":"https:\/\/dicodusport.fr\/blog\/wp-content\/uploads\/2020\/06\/cropped-LOGO-DICODUSPORT-2020-SANS-FOND-SANS-TEXTE.png","width":512,"height":512,"caption":"Dicodusport"},"image":{"@id":"https:\/\/dicodusport.fr\/blog\/#\/schema\/logo\/image\/"},"sameAs":["https:\/\/www.facebook.com\/dicodusport","https:\/\/x.com\/dicodusport","https:\/\/www.instagram.com\/dicodusport\/","https:\/\/www.youtube.com\/channel\/UC7V2KZ5sd3htJivAbA4ZG3w"],"description":"Dicodusport est l'encyclop\u00e9die de l'actualit\u00e9 sportive.","email":"bonjour@dicodusport.fr","legalName":"DICODUSPORT","foundingDate":"2018-01-14","vatID":"FR71834470973","taxID":"83447097300043","numberOfEmployees":{"@type":"QuantitativeValue","minValue":"1","maxValue":"10"}},{"@type":"Person","@id":"https:\/\/dicodusport.fr\/blog\/#\/schema\/person\/55dcb50ad410894e431ed812bbb70191","name":"Nicolas Jacquemard","image":{"@type":"ImageObject","inLanguage":"fr-FR","@id":"https:\/\/dicodusport.fr\/blog\/#\/schema\/person\/image\/","url":"https:\/\/dicodusport.fr\/blog\/wp-content\/uploads\/2021\/05\/Nicolas-Jacquemard-150x150.jpeg","contentUrl":"https:\/\/dicodusport.fr\/blog\/wp-content\/uploads\/2021\/05\/Nicolas-Jacquemard-150x150.jpeg","caption":"Nicolas Jacquemard"},"description":"Passionn\u00e9 de sport et entrepreneur depuis mes 18 ans, la cr\u00e9ation de Dicodusport m'a sembl\u00e9 \u00e9vidente pour participer \u00e0 la m\u00e9diatisation d'un plus grand nombre de sports. Le chemin est long mais avec une \u00e9quipe des plus motiv\u00e9es et les Jeux Olympiques de Paris 2024 en point de mire, nous y arriverons ! Journaliste dans le monde du sport depuis plus de 5 ans, je traite aussi bien de football, de rugby, de biathlon que de cyclisme.","sameAs":["https:\/\/www.facebook.com\/dicodusport","https:\/\/x.com\/https:\/\/twitter.com\/Nico_Jacquemard"],"url":"https:\/\/dicodusport.fr\/blog\/author\/dicodusport\/"}]}},"_links":{"self":[{"href":"https:\/\/dicodusport.fr\/blog\/wp-json\/wp\/v2\/posts\/246980","targetHints":{"allow":["GET"]}}],"collection":[{"href":"https:\/\/dicodusport.fr\/blog\/wp-json\/wp\/v2\/posts"}],"about":[{"href":"https:\/\/dicodusport.fr\/blog\/wp-json\/wp\/v2\/types\/post"}],"author":[{"embeddable":true,"href":"https:\/\/dicodusport.fr\/blog\/wp-json\/wp\/v2\/users\/1"}],"replies":[{"embeddable":true,"href":"https:\/\/dicodusport.fr\/blog\/wp-json\/wp\/v2\/comments?post=246980"}],"version-history":[{"count":0,"href":"https:\/\/dicodusport.fr\/blog\/wp-json\/wp\/v2\/posts\/246980\/revisions"}],"wp:featuredmedia":[{"embeddable":true,"href":"https:\/\/dicodusport.fr\/blog\/wp-json\/wp\/v2\/media\/246984"}],"wp:attachment":[{"href":"https:\/\/dicodusport.fr\/blog\/wp-json\/wp\/v2\/media?parent=246980"}],"wp:term":[{"taxonomy":"category","embeddable":true,"href":"https:\/\/dicodusport.fr\/blog\/wp-json\/wp\/v2\/categories?post=246980"},{"taxonomy":"post_tag","embeddable":true,"href":"https:\/\/dicodusport.fr\/blog\/wp-json\/wp\/v2\/tags?post=246980"}],"curies":[{"name":"wp","href":"https:\/\/api.w.org\/{rel}","templated":true}]}}