{"id":247167,"date":"2022-07-28T09:04:03","date_gmt":"2022-07-28T07:04:03","guid":{"rendered":"https:\/\/dicodusport.fr\/blog\/?p=247167&#038;preview=true&#038;preview_id=247167"},"modified":"2022-07-28T09:31:58","modified_gmt":"2022-07-28T07:31:58","slug":"mercato-om-bamba-dieng-pousse-vers-la-sortie","status":"publish","type":"post","link":"https:\/\/dicodusport.fr\/blog\/mercato-om-bamba-dieng-pousse-vers-la-sortie\/","title":{"rendered":"Mercato OM : Bamba Dieng pouss\u00e9 vers la sortie"},"content":{"rendered":"<p style=\"text-align: justify;\"><i><b>LIGUE 1 2022-2023 &#8211; Selon La Provence, l&rsquo;Olympique de Marseille veut vendre Bamba Dieng cet \u00e9t\u00e9 pour r\u00e9cup\u00e9rer un joli pactole.\u00a0<\/b><\/i><\/p>\n<p style=\"text-align: justify;\">Pour la deuxi\u00e8me fois de suite, <strong>Bamba Dieng<\/strong> n&rsquo;est pas entr\u00e9 en jeu en match amical avec l&rsquo;<strong>OM<\/strong>. Le jeune attaquant serait pouss\u00e9 vers la sortie par son club, et les propos d&rsquo;<strong>Igor Tudor<\/strong> apr\u00e8s la rencontre face au Betis S\u00e9ville vont dans ce sens.<\/p>\n<blockquote>\n<p style=\"text-align: justify;\">En ce moment, malheureusement, et je suis d\u00e9sol\u00e9 pour cela, nous avons cinq joueurs pour la fa\u00e7on dont on joue, puisque Dimitri est aussi un deuxi\u00e8me attaquant. C&rsquo;est difficile de lui donner des minutes. Parfois cela arrive dans le football.<\/p>\n<\/blockquote>\n<p style=\"text-align: justify;\"><strong>Bamba Dieng<\/strong> serait cinqui\u00e8me dans la hi\u00e9rarchie derri\u00e8re <strong>Arkadiusz Milik<\/strong>,<strong> Luis Suarez, C\u00e9dric Bakambu<\/strong> et <strong>Dimitri Payet<\/strong>. La d\u00e9cision pourrait venir de plus haut que le nouvel entra\u00eeneur de l&rsquo;OM. Le club peine \u00e0 vendre pour remplir les caisses, et le jeune attaquant est un des joueurs avec la plus grosse valeur marchande. Des clubs anglais et allemands seraient sur le coup pour recruter <strong>Bamba Dieng.<\/strong> Sa valeur marchande se situerait entre 12 et 15 millions d&rsquo;euros<strong>.<\/strong><\/p>\n<blockquote class=\"twitter-tweet\">\n<p dir=\"ltr\" lang=\"fr\">&#x1f535; Selon La Provence, l&rsquo;OM souhaiterait vendre Dieng, consid\u00e9r\u00e9 comme 5e dans la hi\u00e9rarchie des attaquants par Tudor.<a href=\"https:\/\/t.co\/G6oa9VdPBQ\">https:\/\/t.co\/G6oa9VdPBQ<\/a><\/p>\n<p>\u2014 RMC Sport (@RMCsport) <a href=\"https:\/\/twitter.com\/RMCsport\/status\/1552530730881794049?ref_src=twsrc%5Etfw\">July 28, 2022<\/a><\/p><\/blockquote>\n<p style=\"text-align: justify;\"><script async src=\"https:\/\/platform.twitter.com\/widgets.js\" charset=\"utf-8\"><\/script><\/p>\n<ul style=\"text-align: justify;\">\n<li><strong>\u00c0 lire aussi &#8211; <a href=\"https:\/\/dicodusport.fr\/blog\/mercato-om-tableau-des-transferts-2022-2023\/\">Le tableau du mercato de l&rsquo;OM<\/a><\/strong><\/li>\n<\/ul>\n<p style=\"text-align: justify;\">\n","protected":false},"excerpt":{"rendered":"<p>LIGUE 1 2022-2023 &#8211; Selon La Provence, l&rsquo;Olympique de Marseille veut vendre Bamba Dieng cet \u00e9t\u00e9 pour r\u00e9cup\u00e9rer un joli pactole.\u00a0<\/p>\n","protected":false},"author":1,"featured_media":247176,"comment_status":"open","ping_status":"closed","sticky":false,"template":"","format":"standard","meta":{"_acf_changed":false,"_daextam_enable_autolinks":"","footnotes":""},"categories":[2301,47045],"tags":[25354,25355,75,446,1889],"class_list":["post-247167","post","type-post","status-publish","format-standard","has-post-thumbnail","hentry","category-football","category-ligue-1","tag-bamba-dieng","tag-dieng","tag-football","tag-marseille","tag-om"],"acf":[],"yoast_head":"<!-- This site is optimized with the Yoast SEO Premium plugin v26.7 (Yoast SEO v26.7) - https:\/\/yoast.com\/wordpress\/plugins\/seo\/ -->\n<title>Mercato OM : Bamba Dieng pouss\u00e9 vers la sortie<\/title>\n<meta name=\"description\" content=\"LIGUE 1 2022-2023 - Selon La Provence, l&#039;Olympique de Marseille veut vendre Bamba Dieng cet \u00e9t\u00e9 pour r\u00e9cup\u00e9rer un joli pactole.\u00a0\" \/>\n<meta name=\"robots\" content=\"index, follow, max-snippet:-1, max-image-preview:large, max-video-preview:-1\" \/>\n<link rel=\"canonical\" href=\"https:\/\/dicodusport.fr\/blog\/mercato-om-bamba-dieng-pousse-vers-la-sortie\/\" \/>\n<meta property=\"og:locale\" content=\"fr_FR\" \/>\n<meta property=\"og:type\" content=\"article\" \/>\n<meta property=\"og:title\" content=\"Mercato OM : Bamba Dieng pouss\u00e9 vers la sortie\" \/>\n<meta property=\"og:description\" content=\"LIGUE 1 2022-2023 - Selon La Provence, l&#039;Olympique de Marseille veut vendre Bamba Dieng cet \u00e9t\u00e9 pour r\u00e9cup\u00e9rer un joli pactole.\u00a0\" \/>\n<meta property=\"og:url\" content=\"https:\/\/dicodusport.fr\/blog\/mercato-om-bamba-dieng-pousse-vers-la-sortie\/\" \/>\n<meta property=\"og:site_name\" content=\"Dicodusport\" \/>\n<meta property=\"article:publisher\" content=\"https:\/\/www.facebook.com\/dicodusport\" \/>\n<meta property=\"article:author\" content=\"https:\/\/www.facebook.com\/dicodusport\" \/>\n<meta property=\"article:published_time\" content=\"2022-07-28T07:04:03+00:00\" \/>\n<meta property=\"article:modified_time\" content=\"2022-07-28T07:31:58+00:00\" \/>\n<meta property=\"og:image\" content=\"https:\/\/dicodusport.fr\/blog\/wp-content\/uploads\/2022\/07\/Mercato-OM-Bamba-Dieng-pousse\u0301-vers-la-sortie.png\" \/>\n\t<meta property=\"og:image:width\" content=\"800\" \/>\n\t<meta property=\"og:image:height\" content=\"445\" \/>\n\t<meta property=\"og:image:type\" content=\"image\/png\" \/>\n<meta name=\"author\" content=\"Nicolas Jacquemard\" \/>\n<meta name=\"twitter:card\" content=\"summary_large_image\" \/>\n<meta name=\"twitter:title\" content=\"Mercato OM : Bamba Dieng pouss\u00e9 vers la sortie\" \/>\n<meta name=\"twitter:creator\" content=\"@https:\/\/twitter.com\/Nico_Jacquemard\" \/>\n<meta name=\"twitter:site\" content=\"@dicodusport\" \/>\n<script type=\"application\/ld+json\" class=\"yoast-schema-graph\">{\"@context\":\"https:\/\/schema.org\",\"@graph\":[{\"@type\":\"NewsArticle\",\"@id\":\"https:\/\/dicodusport.fr\/blog\/mercato-om-bamba-dieng-pousse-vers-la-sortie\/#article\",\"isPartOf\":{\"@id\":\"https:\/\/dicodusport.fr\/blog\/mercato-om-bamba-dieng-pousse-vers-la-sortie\/\"},\"author\":{\"name\":\"Nicolas Jacquemard\",\"@id\":\"https:\/\/dicodusport.fr\/blog\/#\/schema\/person\/55dcb50ad410894e431ed812bbb70191\"},\"headline\":\"Mercato OM : Bamba Dieng pouss\u00e9 vers la sortie\",\"datePublished\":\"2022-07-28T07:04:03+00:00\",\"dateModified\":\"2022-07-28T07:31:58+00:00\",\"mainEntityOfPage\":{\"@id\":\"https:\/\/dicodusport.fr\/blog\/mercato-om-bamba-dieng-pousse-vers-la-sortie\/\"},\"wordCount\":250,\"commentCount\":0,\"publisher\":{\"@id\":\"https:\/\/dicodusport.fr\/blog\/#organization\"},\"image\":{\"@id\":\"https:\/\/dicodusport.fr\/blog\/mercato-om-bamba-dieng-pousse-vers-la-sortie\/#primaryimage\"},\"thumbnailUrl\":\"https:\/\/dicodusport.fr\/blog\/wp-content\/uploads\/2022\/07\/Mercato-OM-Bamba-Dieng-pousse\u0301-vers-la-sortie.png\",\"keywords\":[\"Bamba Dieng\",\"Dieng\",\"Football\",\"Marseille\",\"OM\"],\"articleSection\":[\"Football\",\"Ligue 1\"],\"inLanguage\":\"fr-FR\",\"potentialAction\":[{\"@type\":\"CommentAction\",\"name\":\"Comment\",\"target\":[\"https:\/\/dicodusport.fr\/blog\/mercato-om-bamba-dieng-pousse-vers-la-sortie\/#respond\"]}],\"copyrightYear\":\"2022\",\"copyrightHolder\":{\"@id\":\"https:\/\/dicodusport.fr\/blog\/#organization\"}},{\"@type\":\"WebPage\",\"@id\":\"https:\/\/dicodusport.fr\/blog\/mercato-om-bamba-dieng-pousse-vers-la-sortie\/\",\"url\":\"https:\/\/dicodusport.fr\/blog\/mercato-om-bamba-dieng-pousse-vers-la-sortie\/\",\"name\":\"Mercato OM : Bamba Dieng pouss\u00e9 vers la sortie\",\"isPartOf\":{\"@id\":\"https:\/\/dicodusport.fr\/blog\/#website\"},\"primaryImageOfPage\":{\"@id\":\"https:\/\/dicodusport.fr\/blog\/mercato-om-bamba-dieng-pousse-vers-la-sortie\/#primaryimage\"},\"image\":{\"@id\":\"https:\/\/dicodusport.fr\/blog\/mercato-om-bamba-dieng-pousse-vers-la-sortie\/#primaryimage\"},\"thumbnailUrl\":\"https:\/\/dicodusport.fr\/blog\/wp-content\/uploads\/2022\/07\/Mercato-OM-Bamba-Dieng-pousse\u0301-vers-la-sortie.png\",\"datePublished\":\"2022-07-28T07:04:03+00:00\",\"dateModified\":\"2022-07-28T07:31:58+00:00\",\"description\":\"LIGUE 1 2022-2023 - Selon La Provence, l'Olympique de Marseille veut vendre Bamba Dieng cet \u00e9t\u00e9 pour r\u00e9cup\u00e9rer un joli pactole.\u00a0\",\"breadcrumb\":{\"@id\":\"https:\/\/dicodusport.fr\/blog\/mercato-om-bamba-dieng-pousse-vers-la-sortie\/#breadcrumb\"},\"inLanguage\":\"fr-FR\",\"potentialAction\":[{\"@type\":\"ReadAction\",\"target\":[\"https:\/\/dicodusport.fr\/blog\/mercato-om-bamba-dieng-pousse-vers-la-sortie\/\"]}]},{\"@type\":\"ImageObject\",\"inLanguage\":\"fr-FR\",\"@id\":\"https:\/\/dicodusport.fr\/blog\/mercato-om-bamba-dieng-pousse-vers-la-sortie\/#primaryimage\",\"url\":\"https:\/\/dicodusport.fr\/blog\/wp-content\/uploads\/2022\/07\/Mercato-OM-Bamba-Dieng-pousse\u0301-vers-la-sortie.png\",\"contentUrl\":\"https:\/\/dicodusport.fr\/blog\/wp-content\/uploads\/2022\/07\/Mercato-OM-Bamba-Dieng-pousse\u0301-vers-la-sortie.png\",\"width\":800,\"height\":445},{\"@type\":\"BreadcrumbList\",\"@id\":\"https:\/\/dicodusport.fr\/blog\/mercato-om-bamba-dieng-pousse-vers-la-sortie\/#breadcrumb\",\"itemListElement\":[{\"@type\":\"ListItem\",\"position\":1,\"name\":\"Accueil\",\"item\":\"https:\/\/dicodusport.fr\/blog\/\"},{\"@type\":\"ListItem\",\"position\":2,\"name\":\"Mercato OM : Bamba Dieng pouss\u00e9 vers la sortie\"}]},{\"@type\":\"WebSite\",\"@id\":\"https:\/\/dicodusport.fr\/blog\/#website\",\"url\":\"https:\/\/dicodusport.fr\/blog\/\",\"name\":\"Dicodusport\",\"description\":\"L&#039;encyclop\u00e9die de l&#039;actualit\u00e9 sportive\",\"publisher\":{\"@id\":\"https:\/\/dicodusport.fr\/blog\/#organization\"},\"potentialAction\":[{\"@type\":\"SearchAction\",\"target\":{\"@type\":\"EntryPoint\",\"urlTemplate\":\"https:\/\/dicodusport.fr\/blog\/?s={search_term_string}\"},\"query-input\":{\"@type\":\"PropertyValueSpecification\",\"valueRequired\":true,\"valueName\":\"search_term_string\"}}],\"inLanguage\":\"fr-FR\"},{\"@type\":\"NewsMediaOrganization\",\"@id\":\"https:\/\/dicodusport.fr\/blog\/#organization\",\"name\":\"Dicodusport\",\"url\":\"https:\/\/dicodusport.fr\/blog\/\",\"logo\":{\"@type\":\"ImageObject\",\"inLanguage\":\"fr-FR\",\"@id\":\"https:\/\/dicodusport.fr\/blog\/#\/schema\/logo\/image\/\",\"url\":\"https:\/\/dicodusport.fr\/blog\/wp-content\/uploads\/2020\/06\/cropped-LOGO-DICODUSPORT-2020-SANS-FOND-SANS-TEXTE.png\",\"contentUrl\":\"https:\/\/dicodusport.fr\/blog\/wp-content\/uploads\/2020\/06\/cropped-LOGO-DICODUSPORT-2020-SANS-FOND-SANS-TEXTE.png\",\"width\":512,\"height\":512,\"caption\":\"Dicodusport\"},\"image\":{\"@id\":\"https:\/\/dicodusport.fr\/blog\/#\/schema\/logo\/image\/\"},\"sameAs\":[\"https:\/\/www.facebook.com\/dicodusport\",\"https:\/\/x.com\/dicodusport\",\"https:\/\/www.instagram.com\/dicodusport\/\",\"https:\/\/www.youtube.com\/channel\/UC7V2KZ5sd3htJivAbA4ZG3w\"],\"description\":\"Dicodusport est l'encyclop\u00e9die de l'actualit\u00e9 sportive.\",\"email\":\"bonjour@dicodusport.fr\",\"legalName\":\"DICODUSPORT\",\"foundingDate\":\"2018-01-14\",\"vatID\":\"FR71834470973\",\"taxID\":\"83447097300043\",\"numberOfEmployees\":{\"@type\":\"QuantitativeValue\",\"minValue\":\"1\",\"maxValue\":\"10\"}},{\"@type\":\"Person\",\"@id\":\"https:\/\/dicodusport.fr\/blog\/#\/schema\/person\/55dcb50ad410894e431ed812bbb70191\",\"name\":\"Nicolas Jacquemard\",\"image\":{\"@type\":\"ImageObject\",\"inLanguage\":\"fr-FR\",\"@id\":\"https:\/\/dicodusport.fr\/blog\/#\/schema\/person\/image\/\",\"url\":\"https:\/\/dicodusport.fr\/blog\/wp-content\/uploads\/2021\/05\/Nicolas-Jacquemard-150x150.jpeg\",\"contentUrl\":\"https:\/\/dicodusport.fr\/blog\/wp-content\/uploads\/2021\/05\/Nicolas-Jacquemard-150x150.jpeg\",\"caption\":\"Nicolas Jacquemard\"},\"description\":\"Passionn\u00e9 de sport et entrepreneur depuis mes 18 ans, la cr\u00e9ation de Dicodusport m'a sembl\u00e9 \u00e9vidente pour participer \u00e0 la m\u00e9diatisation d'un plus grand nombre de sports. Le chemin est long mais avec une \u00e9quipe des plus motiv\u00e9es et les Jeux Olympiques de Paris 2024 en point de mire, nous y arriverons ! Journaliste dans le monde du sport depuis plus de 5 ans, je traite aussi bien de football, de rugby, de biathlon que de cyclisme.\",\"sameAs\":[\"https:\/\/www.facebook.com\/dicodusport\",\"https:\/\/x.com\/https:\/\/twitter.com\/Nico_Jacquemard\"],\"url\":\"https:\/\/dicodusport.fr\/blog\/author\/dicodusport\/\"}]}<\/script>\n<!-- \/ Yoast SEO Premium plugin. -->","yoast_head_json":{"title":"Mercato OM : Bamba Dieng pouss\u00e9 vers la sortie","description":"LIGUE 1 2022-2023 - Selon La Provence, l'Olympique de Marseille veut vendre Bamba Dieng cet \u00e9t\u00e9 pour r\u00e9cup\u00e9rer un joli pactole.\u00a0","robots":{"index":"index","follow":"follow","max-snippet":"max-snippet:-1","max-image-preview":"max-image-preview:large","max-video-preview":"max-video-preview:-1"},"canonical":"https:\/\/dicodusport.fr\/blog\/mercato-om-bamba-dieng-pousse-vers-la-sortie\/","og_locale":"fr_FR","og_type":"article","og_title":"Mercato OM : Bamba Dieng pouss\u00e9 vers la sortie","og_description":"LIGUE 1 2022-2023 - Selon La Provence, l'Olympique de Marseille veut vendre Bamba Dieng cet \u00e9t\u00e9 pour r\u00e9cup\u00e9rer un joli pactole.\u00a0","og_url":"https:\/\/dicodusport.fr\/blog\/mercato-om-bamba-dieng-pousse-vers-la-sortie\/","og_site_name":"Dicodusport","article_publisher":"https:\/\/www.facebook.com\/dicodusport","article_author":"https:\/\/www.facebook.com\/dicodusport","article_published_time":"2022-07-28T07:04:03+00:00","article_modified_time":"2022-07-28T07:31:58+00:00","og_image":[{"width":800,"height":445,"url":"https:\/\/dicodusport.fr\/blog\/wp-content\/uploads\/2022\/07\/Mercato-OM-Bamba-Dieng-pousse\u0301-vers-la-sortie.png","type":"image\/png"}],"author":"Nicolas Jacquemard","twitter_card":"summary_large_image","twitter_title":"Mercato OM : Bamba Dieng pouss\u00e9 vers la sortie","twitter_creator":"@https:\/\/twitter.com\/Nico_Jacquemard","twitter_site":"@dicodusport","schema":{"@context":"https:\/\/schema.org","@graph":[{"@type":"NewsArticle","@id":"https:\/\/dicodusport.fr\/blog\/mercato-om-bamba-dieng-pousse-vers-la-sortie\/#article","isPartOf":{"@id":"https:\/\/dicodusport.fr\/blog\/mercato-om-bamba-dieng-pousse-vers-la-sortie\/"},"author":{"name":"Nicolas Jacquemard","@id":"https:\/\/dicodusport.fr\/blog\/#\/schema\/person\/55dcb50ad410894e431ed812bbb70191"},"headline":"Mercato OM : Bamba Dieng pouss\u00e9 vers la sortie","datePublished":"2022-07-28T07:04:03+00:00","dateModified":"2022-07-28T07:31:58+00:00","mainEntityOfPage":{"@id":"https:\/\/dicodusport.fr\/blog\/mercato-om-bamba-dieng-pousse-vers-la-sortie\/"},"wordCount":250,"commentCount":0,"publisher":{"@id":"https:\/\/dicodusport.fr\/blog\/#organization"},"image":{"@id":"https:\/\/dicodusport.fr\/blog\/mercato-om-bamba-dieng-pousse-vers-la-sortie\/#primaryimage"},"thumbnailUrl":"https:\/\/dicodusport.fr\/blog\/wp-content\/uploads\/2022\/07\/Mercato-OM-Bamba-Dieng-pousse\u0301-vers-la-sortie.png","keywords":["Bamba Dieng","Dieng","Football","Marseille","OM"],"articleSection":["Football","Ligue 1"],"inLanguage":"fr-FR","potentialAction":[{"@type":"CommentAction","name":"Comment","target":["https:\/\/dicodusport.fr\/blog\/mercato-om-bamba-dieng-pousse-vers-la-sortie\/#respond"]}],"copyrightYear":"2022","copyrightHolder":{"@id":"https:\/\/dicodusport.fr\/blog\/#organization"}},{"@type":"WebPage","@id":"https:\/\/dicodusport.fr\/blog\/mercato-om-bamba-dieng-pousse-vers-la-sortie\/","url":"https:\/\/dicodusport.fr\/blog\/mercato-om-bamba-dieng-pousse-vers-la-sortie\/","name":"Mercato OM : Bamba Dieng pouss\u00e9 vers la sortie","isPartOf":{"@id":"https:\/\/dicodusport.fr\/blog\/#website"},"primaryImageOfPage":{"@id":"https:\/\/dicodusport.fr\/blog\/mercato-om-bamba-dieng-pousse-vers-la-sortie\/#primaryimage"},"image":{"@id":"https:\/\/dicodusport.fr\/blog\/mercato-om-bamba-dieng-pousse-vers-la-sortie\/#primaryimage"},"thumbnailUrl":"https:\/\/dicodusport.fr\/blog\/wp-content\/uploads\/2022\/07\/Mercato-OM-Bamba-Dieng-pousse\u0301-vers-la-sortie.png","datePublished":"2022-07-28T07:04:03+00:00","dateModified":"2022-07-28T07:31:58+00:00","description":"LIGUE 1 2022-2023 - Selon La Provence, l'Olympique de Marseille veut vendre Bamba Dieng cet \u00e9t\u00e9 pour r\u00e9cup\u00e9rer un joli pactole.\u00a0","breadcrumb":{"@id":"https:\/\/dicodusport.fr\/blog\/mercato-om-bamba-dieng-pousse-vers-la-sortie\/#breadcrumb"},"inLanguage":"fr-FR","potentialAction":[{"@type":"ReadAction","target":["https:\/\/dicodusport.fr\/blog\/mercato-om-bamba-dieng-pousse-vers-la-sortie\/"]}]},{"@type":"ImageObject","inLanguage":"fr-FR","@id":"https:\/\/dicodusport.fr\/blog\/mercato-om-bamba-dieng-pousse-vers-la-sortie\/#primaryimage","url":"https:\/\/dicodusport.fr\/blog\/wp-content\/uploads\/2022\/07\/Mercato-OM-Bamba-Dieng-pousse\u0301-vers-la-sortie.png","contentUrl":"https:\/\/dicodusport.fr\/blog\/wp-content\/uploads\/2022\/07\/Mercato-OM-Bamba-Dieng-pousse\u0301-vers-la-sortie.png","width":800,"height":445},{"@type":"BreadcrumbList","@id":"https:\/\/dicodusport.fr\/blog\/mercato-om-bamba-dieng-pousse-vers-la-sortie\/#breadcrumb","itemListElement":[{"@type":"ListItem","position":1,"name":"Accueil","item":"https:\/\/dicodusport.fr\/blog\/"},{"@type":"ListItem","position":2,"name":"Mercato OM : Bamba Dieng pouss\u00e9 vers la sortie"}]},{"@type":"WebSite","@id":"https:\/\/dicodusport.fr\/blog\/#website","url":"https:\/\/dicodusport.fr\/blog\/","name":"Dicodusport","description":"L&#039;encyclop\u00e9die de l&#039;actualit\u00e9 sportive","publisher":{"@id":"https:\/\/dicodusport.fr\/blog\/#organization"},"potentialAction":[{"@type":"SearchAction","target":{"@type":"EntryPoint","urlTemplate":"https:\/\/dicodusport.fr\/blog\/?s={search_term_string}"},"query-input":{"@type":"PropertyValueSpecification","valueRequired":true,"valueName":"search_term_string"}}],"inLanguage":"fr-FR"},{"@type":"NewsMediaOrganization","@id":"https:\/\/dicodusport.fr\/blog\/#organization","name":"Dicodusport","url":"https:\/\/dicodusport.fr\/blog\/","logo":{"@type":"ImageObject","inLanguage":"fr-FR","@id":"https:\/\/dicodusport.fr\/blog\/#\/schema\/logo\/image\/","url":"https:\/\/dicodusport.fr\/blog\/wp-content\/uploads\/2020\/06\/cropped-LOGO-DICODUSPORT-2020-SANS-FOND-SANS-TEXTE.png","contentUrl":"https:\/\/dicodusport.fr\/blog\/wp-content\/uploads\/2020\/06\/cropped-LOGO-DICODUSPORT-2020-SANS-FOND-SANS-TEXTE.png","width":512,"height":512,"caption":"Dicodusport"},"image":{"@id":"https:\/\/dicodusport.fr\/blog\/#\/schema\/logo\/image\/"},"sameAs":["https:\/\/www.facebook.com\/dicodusport","https:\/\/x.com\/dicodusport","https:\/\/www.instagram.com\/dicodusport\/","https:\/\/www.youtube.com\/channel\/UC7V2KZ5sd3htJivAbA4ZG3w"],"description":"Dicodusport est l'encyclop\u00e9die de l'actualit\u00e9 sportive.","email":"bonjour@dicodusport.fr","legalName":"DICODUSPORT","foundingDate":"2018-01-14","vatID":"FR71834470973","taxID":"83447097300043","numberOfEmployees":{"@type":"QuantitativeValue","minValue":"1","maxValue":"10"}},{"@type":"Person","@id":"https:\/\/dicodusport.fr\/blog\/#\/schema\/person\/55dcb50ad410894e431ed812bbb70191","name":"Nicolas Jacquemard","image":{"@type":"ImageObject","inLanguage":"fr-FR","@id":"https:\/\/dicodusport.fr\/blog\/#\/schema\/person\/image\/","url":"https:\/\/dicodusport.fr\/blog\/wp-content\/uploads\/2021\/05\/Nicolas-Jacquemard-150x150.jpeg","contentUrl":"https:\/\/dicodusport.fr\/blog\/wp-content\/uploads\/2021\/05\/Nicolas-Jacquemard-150x150.jpeg","caption":"Nicolas Jacquemard"},"description":"Passionn\u00e9 de sport et entrepreneur depuis mes 18 ans, la cr\u00e9ation de Dicodusport m'a sembl\u00e9 \u00e9vidente pour participer \u00e0 la m\u00e9diatisation d'un plus grand nombre de sports. Le chemin est long mais avec une \u00e9quipe des plus motiv\u00e9es et les Jeux Olympiques de Paris 2024 en point de mire, nous y arriverons ! Journaliste dans le monde du sport depuis plus de 5 ans, je traite aussi bien de football, de rugby, de biathlon que de cyclisme.","sameAs":["https:\/\/www.facebook.com\/dicodusport","https:\/\/x.com\/https:\/\/twitter.com\/Nico_Jacquemard"],"url":"https:\/\/dicodusport.fr\/blog\/author\/dicodusport\/"}]}},"_links":{"self":[{"href":"https:\/\/dicodusport.fr\/blog\/wp-json\/wp\/v2\/posts\/247167","targetHints":{"allow":["GET"]}}],"collection":[{"href":"https:\/\/dicodusport.fr\/blog\/wp-json\/wp\/v2\/posts"}],"about":[{"href":"https:\/\/dicodusport.fr\/blog\/wp-json\/wp\/v2\/types\/post"}],"author":[{"embeddable":true,"href":"https:\/\/dicodusport.fr\/blog\/wp-json\/wp\/v2\/users\/1"}],"replies":[{"embeddable":true,"href":"https:\/\/dicodusport.fr\/blog\/wp-json\/wp\/v2\/comments?post=247167"}],"version-history":[{"count":0,"href":"https:\/\/dicodusport.fr\/blog\/wp-json\/wp\/v2\/posts\/247167\/revisions"}],"wp:featuredmedia":[{"embeddable":true,"href":"https:\/\/dicodusport.fr\/blog\/wp-json\/wp\/v2\/media\/247176"}],"wp:attachment":[{"href":"https:\/\/dicodusport.fr\/blog\/wp-json\/wp\/v2\/media?parent=247167"}],"wp:term":[{"taxonomy":"category","embeddable":true,"href":"https:\/\/dicodusport.fr\/blog\/wp-json\/wp\/v2\/categories?post=247167"},{"taxonomy":"post_tag","embeddable":true,"href":"https:\/\/dicodusport.fr\/blog\/wp-json\/wp\/v2\/tags?post=247167"}],"curies":[{"name":"wp","href":"https:\/\/api.w.org\/{rel}","templated":true}]}}