{"id":247216,"date":"2022-07-28T12:30:53","date_gmt":"2022-07-28T10:30:53","guid":{"rendered":"https:\/\/dicodusport.fr\/blog\/?p=247216&#038;preview=true&#038;preview_id=247216"},"modified":"2022-07-28T13:18:08","modified_gmt":"2022-07-28T11:18:08","slug":"f1-sebastian-vettel-prendra-sa-retraite-a-la-fin-de-la-saison-2022","status":"publish","type":"post","link":"https:\/\/dicodusport.fr\/blog\/f1-sebastian-vettel-prendra-sa-retraite-a-la-fin-de-la-saison-2022\/","title":{"rendered":"F1 &#8211; Sebastian Vettel prendra sa retraite \u00e0 la fin de la saison 2022"},"content":{"rendered":"<p style=\"text-align: justify;\"><em><a style=\"font-weight: bold;\" href=\"https:\/\/dicodusport.fr\/blog\/actualites\/sports-mecaniques\/formule-1\/f1-2022\/\">F1 2022<\/a><b> &#8211; \u00a0Le quadruple champion du monde de Formule 1, Sebastian Vettel, a annonc\u00e9 qu&rsquo;il quitterait la Formule 1 \u00e0 la fin de la saison 2022<\/b><b>. Apr\u00e8s 17 saisons et 4 titres (2010 \u00e0 2013) avec Red Bull, le pilote allemand aura marqu\u00e9 la discipline. \u00c0 travers une vid\u00e9o sur ses r\u00e9seaux sociaux, il remercie et dit au revoir \u00e0 ses nombreux fans.\u00a0<\/b><\/em><\/p>\n<p style=\"text-align: justify;\">Une ic\u00f4ne de la F1 quittera la discipline \u00e0 la fin de la saison. En effet, le pilote allemand <strong>Sebastian Vettel<\/strong> est arriv\u00e9 dans l\u2019\u00e9curie Toro Rosso (ancien nom d&rsquo;Alpha Tauri) en 2007. Depuis, il est pass\u00e9 par Red Bull o\u00f9 il a acquis 4 titres de champion du monde cons\u00e9cutifs, entre 2010 et 2013. D\u2019ailleurs, il devient \u00e0 23 ans et 4 mois le plus jeune \u00e0 remporter ce titre. Ensuite, il a rejoint la mythique Scuderia Ferrari pour 6 saison entre 2015 et 2020. Enfin, il fait partie depuis deux ans du line-up de l\u2019\u00e9curie Aston Martin. \u00c0 35 ans, il d\u00e9cide donc d\u2019arr\u00eater de concourir en F1 \u00e0 la fin de la saison 2022.<\/p>\n<blockquote class=\"twitter-tweet\">\n<p dir=\"ltr\" lang=\"fr\">OFFICIEL !<\/p>\n<p>Sebastian Vettel quittera la F1 \u00e0 l&rsquo;issue de la saison 2022 !<\/p>\n<p>Qui succ\u00e8dera au Quadruple Champion du Monde ?<\/p>\n<p>Je vous ai parl\u00e9 r\u00e9cemment de Mick Schumacher&#8230; Voyons si cela se confirme ou non.<\/p>\n<p>Triste pour Seb. Quelqu&rsquo;un de vraiment tr\u00e8s bien humainement.<\/p>\n<p>\u2014 Julien FEBREAU (@Julien_FEBREAU) <a href=\"https:\/\/twitter.com\/Julien_FEBREAU\/status\/1552596029274480648?ref_src=twsrc%5Etfw\">July 28, 2022<\/a><\/p><\/blockquote>\n<p><script async src=\"https:\/\/platform.twitter.com\/widgets.js\" charset=\"utf-8\"><\/script><\/p>\n<h2 style=\"text-align: justify;\">Sebastian Vettel en chiffres<\/h2>\n<h3 style=\"text-align: justify;\">En carri\u00e8re\u00a0(\u00e0 date) :<\/h3>\n<ul>\n<li style=\"text-align: justify;\">4 titres de champion du monde<\/li>\n<li style=\"text-align: justify;\">17 saisons en Formule 1<\/li>\n<li style=\"text-align: justify;\">289 Grand Prix disput\u00e9s<\/li>\n<li style=\"text-align: justify;\">53 victoires<\/li>\n<li style=\"text-align: justify;\">57 pole positions<\/li>\n<li style=\"text-align: justify;\">122 podiums<\/li>\n<li style=\"text-align: justify;\">3070 points<\/li>\n<li style=\"text-align: justify;\">3499 tours de course en t\u00eate<\/li>\n<\/ul>\n<h3 style=\"text-align: justify;\">Avec Toro Rosso\u00a0:<\/h3>\n<ul>\n<li style=\"text-align: justify;\">25 Grands Prix (1 saison et demi)<\/li>\n<li style=\"text-align: justify;\">1 victoire ( Monza 2008)<\/li>\n<li style=\"text-align: justify;\">1 pole position (Monza 2008)<\/li>\n<li style=\"text-align: justify;\">41 points<\/li>\n<\/ul>\n<h3 style=\"text-align: justify;\">Avec Red Bull\u00a0:<\/h3>\n<ul>\n<li style=\"text-align: justify;\">113 Grand Prix (6 saisons)<\/li>\n<li style=\"text-align: justify;\">4 titres<\/li>\n<li style=\"text-align: justify;\">38 victoires<\/li>\n<li style=\"text-align: justify;\">44 poles position<\/li>\n<li style=\"text-align: justify;\">65 podiums<\/li>\n<li style=\"text-align: justify;\">1577 points<\/li>\n<\/ul>\n<h3 style=\"text-align: justify;\">Avec Ferrari\u00a0:<\/h3>\n<ul>\n<li style=\"text-align: justify;\">118 Grands Prix (6 saisons)<\/li>\n<li style=\"text-align: justify;\">14 victoires<\/li>\n<li style=\"text-align: justify;\">55 podiums<\/li>\n<li style=\"text-align: justify;\">12 poles position<\/li>\n<li style=\"text-align: justify;\">1400 points<\/li>\n<\/ul>\n<h3 style=\"text-align: justify;\">Avec Aston Martin\u00a0(\u00e0 date) :<\/h3>\n<ul>\n<li style=\"text-align: justify;\">32 Grands Prix (2 saisons)<\/li>\n<li style=\"text-align: justify;\">1 podium (Bakou 2021)<\/li>\n<li style=\"text-align: justify;\">58 points<\/li>\n<\/ul>\n<h2 style=\"text-align: justify;\">\u00c0 lire aussi<\/h2>\n<ul>\n<li style=\"text-align: justify;\"><a href=\"https:\/\/dicodusport.fr\/blog\/f1-2022-calendrier-complet-et-resultats\/\"><strong>Calendrier et r\u00e9sultats de la saison 2022 de Formule 1<\/strong><\/a><\/li>\n<li><strong><a href=\"https:\/\/dicodusport.fr\/blog\/f1-classement-championnat-du-monde-pilotes-2022\/\">Classement du championnat du monde des pilotes 2022<\/a><\/strong><\/li>\n<li><a href=\"https:\/\/dicodusport.fr\/blog\/f1-classement-championnats-du-monde-constructeurs-2022\/\"><strong>Classement du championnat du monde des constructeurs 2022<\/strong><\/a><\/li>\n<li style=\"text-align: justify;\"><a href=\"https:\/\/dicodusport.fr\/blog\/salaires-pilotes-f1-2022\/\"><strong>Les salaires des pilotes de F1 en 2022<\/strong><\/a><\/li>\n<\/ul>\n","protected":false},"excerpt":{"rendered":"<p>F1 2022 &#8211; \u00a0Le quadruple champion du monde de Formule 1, Sebastian Vettel, a annonc\u00e9 qu&rsquo;il quitterait la Formule 1 \u00e0 la fin de la saison 2022. Apr\u00e8s 17 saisons et 4 titres (2010 \u00e0 2013) avec Red Bull, le pilote allemand aura marqu\u00e9 la discipline. \u00c0 travers une vid\u00e9o sur ses r\u00e9seaux sociaux, il remercie et dit au revoir \u00e0 ses nombreux fans.\u00a0<\/p>\n","protected":false},"author":54,"featured_media":247219,"comment_status":"open","ping_status":"closed","sticky":false,"template":"","format":"standard","meta":{"_acf_changed":false,"_daextam_enable_autolinks":"","footnotes":""},"categories":[8653],"tags":[11634,18298,2065,7445,3043,5596,24],"class_list":["post-247216","post","type-post","status-publish","format-standard","has-post-thumbnail","hentry","category-formule-1","tag-aston-martin","tag-f1-hongrie","tag-formule-1","tag-red-bull","tag-retraite","tag-sebastian-vettel","tag-sport"],"acf":[],"yoast_head":"<!-- This site is optimized with the Yoast SEO Premium plugin v26.7 (Yoast SEO v26.7) - https:\/\/yoast.com\/wordpress\/plugins\/seo\/ -->\n<title>F1 - Sebastian Vettel prendra sa retraite \u00e0 la fin de la saison 2022<\/title>\n<meta name=\"description\" content=\"F1 - Le quadruple champion du monde allemand Sebastian Vettel vient d&#039;annoncer qu&#039;il quittera la Formule 1 \u00e0 la fin de la saison 2022.\" \/>\n<meta name=\"robots\" content=\"index, follow, max-snippet:-1, max-image-preview:large, max-video-preview:-1\" \/>\n<link rel=\"canonical\" href=\"https:\/\/dicodusport.fr\/blog\/f1-sebastian-vettel-prendra-sa-retraite-a-la-fin-de-la-saison-2022\/\" \/>\n<meta property=\"og:locale\" content=\"fr_FR\" \/>\n<meta property=\"og:type\" content=\"article\" \/>\n<meta property=\"og:title\" content=\"F1 - Sebastian Vettel prendra sa retraite \u00e0 la fin de la saison 2022\" \/>\n<meta property=\"og:description\" content=\"F1 - Le quadruple champion du monde allemand Sebastian Vettel vient d&#039;annoncer qu&#039;il quittera la Formule 1 \u00e0 la fin de la saison 2022.\" \/>\n<meta property=\"og:url\" content=\"https:\/\/dicodusport.fr\/blog\/f1-sebastian-vettel-prendra-sa-retraite-a-la-fin-de-la-saison-2022\/\" \/>\n<meta property=\"og:site_name\" content=\"Dicodusport\" \/>\n<meta property=\"article:publisher\" content=\"https:\/\/www.facebook.com\/dicodusport\" \/>\n<meta property=\"article:author\" content=\"https:\/\/www.facebook.com\/roxane.lecacher\" \/>\n<meta property=\"article:published_time\" content=\"2022-07-28T10:30:53+00:00\" \/>\n<meta property=\"article:modified_time\" content=\"2022-07-28T11:18:08+00:00\" \/>\n<meta property=\"og:image\" content=\"https:\/\/dicodusport.fr\/blog\/wp-content\/uploads\/2022\/07\/F1-Sebastian-Vettel-prendra-sa-retraite-a-la-fin-de-la-saison-2022.png\" \/>\n\t<meta property=\"og:image:width\" content=\"800\" \/>\n\t<meta property=\"og:image:height\" content=\"445\" \/>\n\t<meta property=\"og:image:type\" content=\"image\/png\" \/>\n<meta name=\"author\" content=\"Roxane Lecacher\" \/>\n<meta name=\"twitter:card\" content=\"summary_large_image\" \/>\n<meta name=\"twitter:title\" content=\"F1 - Sebastian Vettel prendra sa retraite \u00e0 la fin de la saison 2022\" \/>\n<meta name=\"twitter:creator\" content=\"@dicodusport\" \/>\n<meta name=\"twitter:site\" content=\"@dicodusport\" \/>\n<script type=\"application\/ld+json\" class=\"yoast-schema-graph\">{\"@context\":\"https:\/\/schema.org\",\"@graph\":[{\"@type\":\"NewsArticle\",\"@id\":\"https:\/\/dicodusport.fr\/blog\/f1-sebastian-vettel-prendra-sa-retraite-a-la-fin-de-la-saison-2022\/#article\",\"isPartOf\":{\"@id\":\"https:\/\/dicodusport.fr\/blog\/f1-sebastian-vettel-prendra-sa-retraite-a-la-fin-de-la-saison-2022\/\"},\"author\":{\"name\":\"Roxane Lecacher\",\"@id\":\"https:\/\/dicodusport.fr\/blog\/#\/schema\/person\/819fb2545dd2715bd7c0580d6d4b411a\"},\"headline\":\"F1 &#8211; Sebastian Vettel prendra sa retraite \u00e0 la fin de la saison 2022\",\"datePublished\":\"2022-07-28T10:30:53+00:00\",\"dateModified\":\"2022-07-28T11:18:08+00:00\",\"mainEntityOfPage\":{\"@id\":\"https:\/\/dicodusport.fr\/blog\/f1-sebastian-vettel-prendra-sa-retraite-a-la-fin-de-la-saison-2022\/\"},\"wordCount\":338,\"commentCount\":0,\"publisher\":{\"@id\":\"https:\/\/dicodusport.fr\/blog\/#organization\"},\"image\":{\"@id\":\"https:\/\/dicodusport.fr\/blog\/f1-sebastian-vettel-prendra-sa-retraite-a-la-fin-de-la-saison-2022\/#primaryimage\"},\"thumbnailUrl\":\"https:\/\/dicodusport.fr\/blog\/wp-content\/uploads\/2022\/07\/F1-Sebastian-Vettel-prendra-sa-retraite-a-la-fin-de-la-saison-2022.png\",\"keywords\":[\"Aston Martin\",\"F1 Hongrie\",\"Formule 1\",\"Red Bull\",\"retraite\",\"Sebastian Vettel\",\"sport\"],\"articleSection\":[\"Formule 1\"],\"inLanguage\":\"fr-FR\",\"potentialAction\":[{\"@type\":\"CommentAction\",\"name\":\"Comment\",\"target\":[\"https:\/\/dicodusport.fr\/blog\/f1-sebastian-vettel-prendra-sa-retraite-a-la-fin-de-la-saison-2022\/#respond\"]}],\"copyrightYear\":\"2022\",\"copyrightHolder\":{\"@id\":\"https:\/\/dicodusport.fr\/blog\/#organization\"}},{\"@type\":\"WebPage\",\"@id\":\"https:\/\/dicodusport.fr\/blog\/f1-sebastian-vettel-prendra-sa-retraite-a-la-fin-de-la-saison-2022\/\",\"url\":\"https:\/\/dicodusport.fr\/blog\/f1-sebastian-vettel-prendra-sa-retraite-a-la-fin-de-la-saison-2022\/\",\"name\":\"F1 - Sebastian Vettel prendra sa retraite \u00e0 la fin de la saison 2022\",\"isPartOf\":{\"@id\":\"https:\/\/dicodusport.fr\/blog\/#website\"},\"primaryImageOfPage\":{\"@id\":\"https:\/\/dicodusport.fr\/blog\/f1-sebastian-vettel-prendra-sa-retraite-a-la-fin-de-la-saison-2022\/#primaryimage\"},\"image\":{\"@id\":\"https:\/\/dicodusport.fr\/blog\/f1-sebastian-vettel-prendra-sa-retraite-a-la-fin-de-la-saison-2022\/#primaryimage\"},\"thumbnailUrl\":\"https:\/\/dicodusport.fr\/blog\/wp-content\/uploads\/2022\/07\/F1-Sebastian-Vettel-prendra-sa-retraite-a-la-fin-de-la-saison-2022.png\",\"datePublished\":\"2022-07-28T10:30:53+00:00\",\"dateModified\":\"2022-07-28T11:18:08+00:00\",\"description\":\"F1 - Le quadruple champion du monde allemand Sebastian Vettel vient d'annoncer qu'il quittera la Formule 1 \u00e0 la fin de la saison 2022.\",\"breadcrumb\":{\"@id\":\"https:\/\/dicodusport.fr\/blog\/f1-sebastian-vettel-prendra-sa-retraite-a-la-fin-de-la-saison-2022\/#breadcrumb\"},\"inLanguage\":\"fr-FR\",\"potentialAction\":[{\"@type\":\"ReadAction\",\"target\":[\"https:\/\/dicodusport.fr\/blog\/f1-sebastian-vettel-prendra-sa-retraite-a-la-fin-de-la-saison-2022\/\"]}]},{\"@type\":\"ImageObject\",\"inLanguage\":\"fr-FR\",\"@id\":\"https:\/\/dicodusport.fr\/blog\/f1-sebastian-vettel-prendra-sa-retraite-a-la-fin-de-la-saison-2022\/#primaryimage\",\"url\":\"https:\/\/dicodusport.fr\/blog\/wp-content\/uploads\/2022\/07\/F1-Sebastian-Vettel-prendra-sa-retraite-a-la-fin-de-la-saison-2022.png\",\"contentUrl\":\"https:\/\/dicodusport.fr\/blog\/wp-content\/uploads\/2022\/07\/F1-Sebastian-Vettel-prendra-sa-retraite-a-la-fin-de-la-saison-2022.png\",\"width\":800,\"height\":445,\"caption\":\"F1 - Sebastian Vettel prendra sa retraite \u00e0 la fin de la saison 2022\"},{\"@type\":\"BreadcrumbList\",\"@id\":\"https:\/\/dicodusport.fr\/blog\/f1-sebastian-vettel-prendra-sa-retraite-a-la-fin-de-la-saison-2022\/#breadcrumb\",\"itemListElement\":[{\"@type\":\"ListItem\",\"position\":1,\"name\":\"Accueil\",\"item\":\"https:\/\/dicodusport.fr\/blog\/\"},{\"@type\":\"ListItem\",\"position\":2,\"name\":\"F1 &#8211; Sebastian Vettel prendra sa retraite \u00e0 la fin de la saison 2022\"}]},{\"@type\":\"WebSite\",\"@id\":\"https:\/\/dicodusport.fr\/blog\/#website\",\"url\":\"https:\/\/dicodusport.fr\/blog\/\",\"name\":\"Dicodusport\",\"description\":\"L&#039;encyclop\u00e9die de l&#039;actualit\u00e9 sportive\",\"publisher\":{\"@id\":\"https:\/\/dicodusport.fr\/blog\/#organization\"},\"potentialAction\":[{\"@type\":\"SearchAction\",\"target\":{\"@type\":\"EntryPoint\",\"urlTemplate\":\"https:\/\/dicodusport.fr\/blog\/?s={search_term_string}\"},\"query-input\":{\"@type\":\"PropertyValueSpecification\",\"valueRequired\":true,\"valueName\":\"search_term_string\"}}],\"inLanguage\":\"fr-FR\"},{\"@type\":\"NewsMediaOrganization\",\"@id\":\"https:\/\/dicodusport.fr\/blog\/#organization\",\"name\":\"Dicodusport\",\"url\":\"https:\/\/dicodusport.fr\/blog\/\",\"logo\":{\"@type\":\"ImageObject\",\"inLanguage\":\"fr-FR\",\"@id\":\"https:\/\/dicodusport.fr\/blog\/#\/schema\/logo\/image\/\",\"url\":\"https:\/\/dicodusport.fr\/blog\/wp-content\/uploads\/2020\/06\/cropped-LOGO-DICODUSPORT-2020-SANS-FOND-SANS-TEXTE.png\",\"contentUrl\":\"https:\/\/dicodusport.fr\/blog\/wp-content\/uploads\/2020\/06\/cropped-LOGO-DICODUSPORT-2020-SANS-FOND-SANS-TEXTE.png\",\"width\":512,\"height\":512,\"caption\":\"Dicodusport\"},\"image\":{\"@id\":\"https:\/\/dicodusport.fr\/blog\/#\/schema\/logo\/image\/\"},\"sameAs\":[\"https:\/\/www.facebook.com\/dicodusport\",\"https:\/\/x.com\/dicodusport\",\"https:\/\/www.instagram.com\/dicodusport\/\",\"https:\/\/www.youtube.com\/channel\/UC7V2KZ5sd3htJivAbA4ZG3w\"],\"description\":\"Dicodusport est l'encyclop\u00e9die de l'actualit\u00e9 sportive.\",\"email\":\"bonjour@dicodusport.fr\",\"legalName\":\"DICODUSPORT\",\"foundingDate\":\"2018-01-14\",\"vatID\":\"FR71834470973\",\"taxID\":\"83447097300043\",\"numberOfEmployees\":{\"@type\":\"QuantitativeValue\",\"minValue\":\"1\",\"maxValue\":\"10\"}},{\"@type\":\"Person\",\"@id\":\"https:\/\/dicodusport.fr\/blog\/#\/schema\/person\/819fb2545dd2715bd7c0580d6d4b411a\",\"name\":\"Roxane Lecacher\",\"image\":{\"@type\":\"ImageObject\",\"inLanguage\":\"fr-FR\",\"@id\":\"https:\/\/dicodusport.fr\/blog\/#\/schema\/person\/image\/\",\"url\":\"https:\/\/dicodusport.fr\/blog\/wp-content\/uploads\/2021\/05\/Roxane-Lecacher-150x150.jpg\",\"contentUrl\":\"https:\/\/dicodusport.fr\/blog\/wp-content\/uploads\/2021\/05\/Roxane-Lecacher-150x150.jpg\",\"caption\":\"Roxane Lecacher\"},\"description\":\"Journaliste\/r\u00e9dactrice depuis janvier 2021 - N\u00e9e quelques jours avant la premi\u00e8re \u00e9toile des Bleus, je baigne dans une famille tr\u00e8s sportive. Je n\u2019ai eu d\u2019autres choix que de me passionner pour le sujet. Pratiquante de l\u2019athl\u00e9tisme depuis toute petite, j\u2019ai aussi un attrait tout particulier pour la Formule 1, le biathlon et le foot. Pendant les grands \u00e9v\u00e9nements, il est impossible de d\u00e9crocher de ma t\u00e9l\u00e9. C\u2019est \u00e0 travers Dicodusport que j\u2019aime d\u00e9sormais vous transmettre mes \u00e9motions et ma passion.\",\"sameAs\":[\"https:\/\/www.facebook.com\/roxane.lecacher\",\"https:\/\/fr.linkedin.com\/in\/roxane-lecacher-23368313b\"],\"url\":\"https:\/\/dicodusport.fr\/blog\/author\/roxanel\/\"}]}<\/script>\n<!-- \/ Yoast SEO Premium plugin. -->","yoast_head_json":{"title":"F1 - Sebastian Vettel prendra sa retraite \u00e0 la fin de la saison 2022","description":"F1 - Le quadruple champion du monde allemand Sebastian Vettel vient d'annoncer qu'il quittera la Formule 1 \u00e0 la fin de la saison 2022.","robots":{"index":"index","follow":"follow","max-snippet":"max-snippet:-1","max-image-preview":"max-image-preview:large","max-video-preview":"max-video-preview:-1"},"canonical":"https:\/\/dicodusport.fr\/blog\/f1-sebastian-vettel-prendra-sa-retraite-a-la-fin-de-la-saison-2022\/","og_locale":"fr_FR","og_type":"article","og_title":"F1 - Sebastian Vettel prendra sa retraite \u00e0 la fin de la saison 2022","og_description":"F1 - Le quadruple champion du monde allemand Sebastian Vettel vient d'annoncer qu'il quittera la Formule 1 \u00e0 la fin de la saison 2022.","og_url":"https:\/\/dicodusport.fr\/blog\/f1-sebastian-vettel-prendra-sa-retraite-a-la-fin-de-la-saison-2022\/","og_site_name":"Dicodusport","article_publisher":"https:\/\/www.facebook.com\/dicodusport","article_author":"https:\/\/www.facebook.com\/roxane.lecacher","article_published_time":"2022-07-28T10:30:53+00:00","article_modified_time":"2022-07-28T11:18:08+00:00","og_image":[{"width":800,"height":445,"url":"https:\/\/dicodusport.fr\/blog\/wp-content\/uploads\/2022\/07\/F1-Sebastian-Vettel-prendra-sa-retraite-a-la-fin-de-la-saison-2022.png","type":"image\/png"}],"author":"Roxane Lecacher","twitter_card":"summary_large_image","twitter_title":"F1 - Sebastian Vettel prendra sa retraite \u00e0 la fin de la saison 2022","twitter_creator":"@dicodusport","twitter_site":"@dicodusport","schema":{"@context":"https:\/\/schema.org","@graph":[{"@type":"NewsArticle","@id":"https:\/\/dicodusport.fr\/blog\/f1-sebastian-vettel-prendra-sa-retraite-a-la-fin-de-la-saison-2022\/#article","isPartOf":{"@id":"https:\/\/dicodusport.fr\/blog\/f1-sebastian-vettel-prendra-sa-retraite-a-la-fin-de-la-saison-2022\/"},"author":{"name":"Roxane Lecacher","@id":"https:\/\/dicodusport.fr\/blog\/#\/schema\/person\/819fb2545dd2715bd7c0580d6d4b411a"},"headline":"F1 &#8211; Sebastian Vettel prendra sa retraite \u00e0 la fin de la saison 2022","datePublished":"2022-07-28T10:30:53+00:00","dateModified":"2022-07-28T11:18:08+00:00","mainEntityOfPage":{"@id":"https:\/\/dicodusport.fr\/blog\/f1-sebastian-vettel-prendra-sa-retraite-a-la-fin-de-la-saison-2022\/"},"wordCount":338,"commentCount":0,"publisher":{"@id":"https:\/\/dicodusport.fr\/blog\/#organization"},"image":{"@id":"https:\/\/dicodusport.fr\/blog\/f1-sebastian-vettel-prendra-sa-retraite-a-la-fin-de-la-saison-2022\/#primaryimage"},"thumbnailUrl":"https:\/\/dicodusport.fr\/blog\/wp-content\/uploads\/2022\/07\/F1-Sebastian-Vettel-prendra-sa-retraite-a-la-fin-de-la-saison-2022.png","keywords":["Aston Martin","F1 Hongrie","Formule 1","Red Bull","retraite","Sebastian Vettel","sport"],"articleSection":["Formule 1"],"inLanguage":"fr-FR","potentialAction":[{"@type":"CommentAction","name":"Comment","target":["https:\/\/dicodusport.fr\/blog\/f1-sebastian-vettel-prendra-sa-retraite-a-la-fin-de-la-saison-2022\/#respond"]}],"copyrightYear":"2022","copyrightHolder":{"@id":"https:\/\/dicodusport.fr\/blog\/#organization"}},{"@type":"WebPage","@id":"https:\/\/dicodusport.fr\/blog\/f1-sebastian-vettel-prendra-sa-retraite-a-la-fin-de-la-saison-2022\/","url":"https:\/\/dicodusport.fr\/blog\/f1-sebastian-vettel-prendra-sa-retraite-a-la-fin-de-la-saison-2022\/","name":"F1 - Sebastian Vettel prendra sa retraite \u00e0 la fin de la saison 2022","isPartOf":{"@id":"https:\/\/dicodusport.fr\/blog\/#website"},"primaryImageOfPage":{"@id":"https:\/\/dicodusport.fr\/blog\/f1-sebastian-vettel-prendra-sa-retraite-a-la-fin-de-la-saison-2022\/#primaryimage"},"image":{"@id":"https:\/\/dicodusport.fr\/blog\/f1-sebastian-vettel-prendra-sa-retraite-a-la-fin-de-la-saison-2022\/#primaryimage"},"thumbnailUrl":"https:\/\/dicodusport.fr\/blog\/wp-content\/uploads\/2022\/07\/F1-Sebastian-Vettel-prendra-sa-retraite-a-la-fin-de-la-saison-2022.png","datePublished":"2022-07-28T10:30:53+00:00","dateModified":"2022-07-28T11:18:08+00:00","description":"F1 - Le quadruple champion du monde allemand Sebastian Vettel vient d'annoncer qu'il quittera la Formule 1 \u00e0 la fin de la saison 2022.","breadcrumb":{"@id":"https:\/\/dicodusport.fr\/blog\/f1-sebastian-vettel-prendra-sa-retraite-a-la-fin-de-la-saison-2022\/#breadcrumb"},"inLanguage":"fr-FR","potentialAction":[{"@type":"ReadAction","target":["https:\/\/dicodusport.fr\/blog\/f1-sebastian-vettel-prendra-sa-retraite-a-la-fin-de-la-saison-2022\/"]}]},{"@type":"ImageObject","inLanguage":"fr-FR","@id":"https:\/\/dicodusport.fr\/blog\/f1-sebastian-vettel-prendra-sa-retraite-a-la-fin-de-la-saison-2022\/#primaryimage","url":"https:\/\/dicodusport.fr\/blog\/wp-content\/uploads\/2022\/07\/F1-Sebastian-Vettel-prendra-sa-retraite-a-la-fin-de-la-saison-2022.png","contentUrl":"https:\/\/dicodusport.fr\/blog\/wp-content\/uploads\/2022\/07\/F1-Sebastian-Vettel-prendra-sa-retraite-a-la-fin-de-la-saison-2022.png","width":800,"height":445,"caption":"F1 - Sebastian Vettel prendra sa retraite \u00e0 la fin de la saison 2022"},{"@type":"BreadcrumbList","@id":"https:\/\/dicodusport.fr\/blog\/f1-sebastian-vettel-prendra-sa-retraite-a-la-fin-de-la-saison-2022\/#breadcrumb","itemListElement":[{"@type":"ListItem","position":1,"name":"Accueil","item":"https:\/\/dicodusport.fr\/blog\/"},{"@type":"ListItem","position":2,"name":"F1 &#8211; Sebastian Vettel prendra sa retraite \u00e0 la fin de la saison 2022"}]},{"@type":"WebSite","@id":"https:\/\/dicodusport.fr\/blog\/#website","url":"https:\/\/dicodusport.fr\/blog\/","name":"Dicodusport","description":"L&#039;encyclop\u00e9die de l&#039;actualit\u00e9 sportive","publisher":{"@id":"https:\/\/dicodusport.fr\/blog\/#organization"},"potentialAction":[{"@type":"SearchAction","target":{"@type":"EntryPoint","urlTemplate":"https:\/\/dicodusport.fr\/blog\/?s={search_term_string}"},"query-input":{"@type":"PropertyValueSpecification","valueRequired":true,"valueName":"search_term_string"}}],"inLanguage":"fr-FR"},{"@type":"NewsMediaOrganization","@id":"https:\/\/dicodusport.fr\/blog\/#organization","name":"Dicodusport","url":"https:\/\/dicodusport.fr\/blog\/","logo":{"@type":"ImageObject","inLanguage":"fr-FR","@id":"https:\/\/dicodusport.fr\/blog\/#\/schema\/logo\/image\/","url":"https:\/\/dicodusport.fr\/blog\/wp-content\/uploads\/2020\/06\/cropped-LOGO-DICODUSPORT-2020-SANS-FOND-SANS-TEXTE.png","contentUrl":"https:\/\/dicodusport.fr\/blog\/wp-content\/uploads\/2020\/06\/cropped-LOGO-DICODUSPORT-2020-SANS-FOND-SANS-TEXTE.png","width":512,"height":512,"caption":"Dicodusport"},"image":{"@id":"https:\/\/dicodusport.fr\/blog\/#\/schema\/logo\/image\/"},"sameAs":["https:\/\/www.facebook.com\/dicodusport","https:\/\/x.com\/dicodusport","https:\/\/www.instagram.com\/dicodusport\/","https:\/\/www.youtube.com\/channel\/UC7V2KZ5sd3htJivAbA4ZG3w"],"description":"Dicodusport est l'encyclop\u00e9die de l'actualit\u00e9 sportive.","email":"bonjour@dicodusport.fr","legalName":"DICODUSPORT","foundingDate":"2018-01-14","vatID":"FR71834470973","taxID":"83447097300043","numberOfEmployees":{"@type":"QuantitativeValue","minValue":"1","maxValue":"10"}},{"@type":"Person","@id":"https:\/\/dicodusport.fr\/blog\/#\/schema\/person\/819fb2545dd2715bd7c0580d6d4b411a","name":"Roxane Lecacher","image":{"@type":"ImageObject","inLanguage":"fr-FR","@id":"https:\/\/dicodusport.fr\/blog\/#\/schema\/person\/image\/","url":"https:\/\/dicodusport.fr\/blog\/wp-content\/uploads\/2021\/05\/Roxane-Lecacher-150x150.jpg","contentUrl":"https:\/\/dicodusport.fr\/blog\/wp-content\/uploads\/2021\/05\/Roxane-Lecacher-150x150.jpg","caption":"Roxane Lecacher"},"description":"Journaliste\/r\u00e9dactrice depuis janvier 2021 - N\u00e9e quelques jours avant la premi\u00e8re \u00e9toile des Bleus, je baigne dans une famille tr\u00e8s sportive. Je n\u2019ai eu d\u2019autres choix que de me passionner pour le sujet. Pratiquante de l\u2019athl\u00e9tisme depuis toute petite, j\u2019ai aussi un attrait tout particulier pour la Formule 1, le biathlon et le foot. Pendant les grands \u00e9v\u00e9nements, il est impossible de d\u00e9crocher de ma t\u00e9l\u00e9. C\u2019est \u00e0 travers Dicodusport que j\u2019aime d\u00e9sormais vous transmettre mes \u00e9motions et ma passion.","sameAs":["https:\/\/www.facebook.com\/roxane.lecacher","https:\/\/fr.linkedin.com\/in\/roxane-lecacher-23368313b"],"url":"https:\/\/dicodusport.fr\/blog\/author\/roxanel\/"}]}},"_links":{"self":[{"href":"https:\/\/dicodusport.fr\/blog\/wp-json\/wp\/v2\/posts\/247216","targetHints":{"allow":["GET"]}}],"collection":[{"href":"https:\/\/dicodusport.fr\/blog\/wp-json\/wp\/v2\/posts"}],"about":[{"href":"https:\/\/dicodusport.fr\/blog\/wp-json\/wp\/v2\/types\/post"}],"author":[{"embeddable":true,"href":"https:\/\/dicodusport.fr\/blog\/wp-json\/wp\/v2\/users\/54"}],"replies":[{"embeddable":true,"href":"https:\/\/dicodusport.fr\/blog\/wp-json\/wp\/v2\/comments?post=247216"}],"version-history":[{"count":0,"href":"https:\/\/dicodusport.fr\/blog\/wp-json\/wp\/v2\/posts\/247216\/revisions"}],"wp:featuredmedia":[{"embeddable":true,"href":"https:\/\/dicodusport.fr\/blog\/wp-json\/wp\/v2\/media\/247219"}],"wp:attachment":[{"href":"https:\/\/dicodusport.fr\/blog\/wp-json\/wp\/v2\/media?parent=247216"}],"wp:term":[{"taxonomy":"category","embeddable":true,"href":"https:\/\/dicodusport.fr\/blog\/wp-json\/wp\/v2\/categories?post=247216"},{"taxonomy":"post_tag","embeddable":true,"href":"https:\/\/dicodusport.fr\/blog\/wp-json\/wp\/v2\/tags?post=247216"}],"curies":[{"name":"wp","href":"https:\/\/api.w.org\/{rel}","templated":true}]}}