{"id":247255,"date":"2022-07-29T10:43:59","date_gmt":"2022-07-29T08:43:59","guid":{"rendered":"https:\/\/dicodusport.fr\/blog\/?p=247255&#038;preview=true&#038;preview_id=247255"},"modified":"2022-07-29T15:02:41","modified_gmt":"2022-07-29T13:02:41","slug":"qui-pour-remplacer-sebastian-vettel-chez-aston-martin-lannee-prochaine","status":"publish","type":"post","link":"https:\/\/dicodusport.fr\/blog\/qui-pour-remplacer-sebastian-vettel-chez-aston-martin-lannee-prochaine\/","title":{"rendered":"F1 2023 : Qui pour remplacer Sebastian Vettel chez Aston Martin ?"},"content":{"rendered":"<p style=\"text-align: justify;\"><b><i>F1 2023\u00a0 &#8211; Une page va se tourner dans l&rsquo;histoire de la Formule 1. <a href=\"https:\/\/dicodusport.fr\/blog\/f1-sebastian-vettel-prendra-sa-retraite-a-la-fin-de-la-saison-2022\/\">Sebastian Vettel a annonc\u00e9 ce jeudi qu&rsquo;il prendrait sa retraite \u00e0 la fin de la saison 2022<\/a>. Mais alors, qui pourra remplacer le quadruple champion du monde chez Aston Martin l&rsquo;an prochain ?\u00a0<\/i><\/b><\/p>\n<p style=\"text-align: justify;\">17 saisons en Formule 1, quatre titres de champion du monde, 289 Grands Prix disput\u00e9s et 53 victoires. Voil\u00e0 le palmar\u00e8s hallucinant de <strong>Sebastian<\/strong> <strong>Vettel<\/strong>, LE pilote de la premi\u00e8re moiti\u00e9 de la derni\u00e8re d\u00e9cennie 2010-2020. Rayonnant chez Red Bull, combatif chez Ferrari, le pilote allemand, apr\u00e8s deux ans chez Aston Martin, a d\u00e9cid\u00e9 de prendre sa retraite \u00e0 la fin de la saison. S\u00fbrement moins motiv\u00e9 par la course avec une voiture peu performante, le pilote a souhait\u00e9 se recentrer sur sa vie de famille avec ses trois enfants, mais aussi ses luttes \u00e9cologiques pour lesquelles il se bat ces derniers temps.<\/p>\n<p style=\"text-align: justify;\">Si on n&rsquo;est pas sp\u00e9cialement surpris de cette retraite, un casse-t\u00eate se pose actuellement chez Aston Martin : qui pourra le remplacer l&rsquo;an prochain ? Au sein de la r\u00e9daction, quatre jeunes pilotes se d\u00e9tachent des autres, m\u00eame si la F1 peut r\u00e9server son lot de surprises. Une chose est s\u00fbre, Ferrari devrait s\u00fbrement avoir son mot \u00e0 dire sur la d\u00e9cision finale.<\/p>\n<h2 style=\"text-align: justify;\">Mick Schumacher, le plus \u00e9voqu\u00e9<\/h2>\n<p style=\"text-align: justify;\">Quoi de plus logique que de remplacer le mentor par son apprenti ? Le fils de <strong>Michael Schumacher<\/strong> est un grand ami de <strong>Sebastian Vettel<\/strong>, Allemand comme lui. Il l&rsquo;a c\u00f4toy\u00e9 depuis le plus jeune \u00e2ge dans les paddocks. Pris sous son aile depuis son arriv\u00e9e en F1 par <strong>Vettel<\/strong>, <strong>Mick Schumacher<\/strong> a beaucoup appris \u00e0 ses c\u00f4t\u00e9s, en atteste le message touchant qu&rsquo;il a laiss\u00e9 envers son ain\u00e9 sur Twitter. <em>\u00ab<\/em> <em>Merci pour tout ce que tu as apport\u00e9 \u00e0 ce sport que nous aimons tous les deux, j&rsquo;ai h\u00e2te pour nos derni\u00e8res courses ensemble. Merci, Seb &#8211; tu es une source d&rsquo;inspiration \u00bb<\/em>.<\/p>\n<blockquote class=\"twitter-tweet\">\n<p dir=\"ltr\" lang=\"en\">Thank you for everything you\u2019ve contributed to the sport we both love, I can\u2019t wait for our last races together. Thank you, Seb &#8211; you\u2019re an inspiration <a href=\"https:\/\/t.co\/oGEN4YLwHX\">pic.twitter.com\/oGEN4YLwHX<\/a><\/p>\n<p>\u2014 Mick Schumacher (@SchumacherMick) <a href=\"https:\/\/twitter.com\/SchumacherMick\/status\/1552621805843714048?ref_src=twsrc%5Etfw\">July 28, 2022<\/a><\/p><\/blockquote>\n<p><script async src=\"https:\/\/platform.twitter.com\/widgets.js\" charset=\"utf-8\"><\/script><\/p>\n<p style=\"text-align: justify;\">Pilote de l&rsquo;acad\u00e9mie Ferrari depuis ses d\u00e9buts chez les plus jeunes, le pilote Haas pourrait partir chez Aston Martin l&rsquo;an prochain et tenter de passer un cap. C&rsquo;est en tout cas une hypoth\u00e8se \u00e9voqu\u00e9e par <strong>Julien F\u00e9breau<\/strong> sur les r\u00e9seaux sociaux. Mais une hypoth\u00e8se qui para\u00eet plus que probable. <a href=\"https:\/\/auto-live.fr\/f1-mick-schumacher-chez-aston-martin-en-2023\/\">Quand on regarde la situation du pilote allemand et de l&rsquo;\u00e9curie<strong>,<\/strong><\/a> tout porte \u00e0 croire que cela peut-\u00eatre une bonne id\u00e9e.<\/p>\n<p style=\"text-align: justify;\">En pleine progression cette saison, avec une voiture enfin performante, <strong>Mick Schumacher<\/strong> a inscrit ses premiers points en F1 r\u00e9cemment, lors du Grand Prix de Grande-Bretagne \u00e0 Silverstone, avant de r\u00e9cidiver en Autriche. Avec un niveau \u00e9quivalent actuellement \u00e0 <strong>Lance Stroll<\/strong>, l&rsquo;Allemand pourrait cependant rapidement d\u00e9passer le Canadien s&rsquo;il confirme le potentiel vu en piste. De ce fait, Ferrari utiliserait le baquet libre de Haas pour peut-\u00eatre placer <strong>Pietro Fittipaldi<\/strong>, actuellement pilote r\u00e9serve de l&rsquo;\u00e9curie am\u00e9ricaine. Pour que cela se r\u00e9alise, il va falloir cependant qu&rsquo;Aston Martin rach\u00e8te le contrat de <strong>Schumacher<\/strong> \u00e0 Ferrari. Mais pas s\u00fbr que l&rsquo;\u00e9curie italienne l\u00e2che aussi facilement le fils de son ancienne l\u00e9gende, en qui elle place beaucoup d&rsquo;espoirs, et qui esp\u00e8re l&rsquo;aligner dans les ann\u00e9es \u00e0 venir aux c\u00f4t\u00e9s de <strong>Charles Leclerc.<\/strong><\/p>\n<p style=\"text-align: justify;\">De son c\u00f4t\u00e9,<strong> Sebastian Vettel<\/strong> a d\u00e9j\u00e0 sa pr\u00e9f\u00e9rence. Il a lui-m\u00eame indiqu\u00e9 en conf\u00e9rence de presse apr\u00e8s son annonce de d\u00e9part en retraite que <strong>Mick Schumacher<\/strong> avait tout pour obtenir ce baquet chez Aston Martin.<\/p>\n<blockquote>\n<p style=\"text-align: justify;\">Je pense tr\u00e8s fort \u00e0 Mick. Je ne suis pas tout \u00e0 fait objectif car je suis tr\u00e8s proche de lui. Mais je pense que c&rsquo;est un excellent pilote et qu&rsquo;il apprend. Il continue d&rsquo;apprendre quand les autres ralentissent ou cessent de progresser. Il a des qualit\u00e9s mais il est aussi encore tr\u00e8s jeune, il n&rsquo;a pas beaucoup d&rsquo;exp\u00e9rience.<\/p>\n<\/blockquote>\n<h2 style=\"text-align: justify;\">Th\u00e9o Pourchaire, la surprise fran\u00e7aise<\/h2>\n<p style=\"text-align: justify;\">Partout o\u00f9 il passe, <strong>Th\u00e9o Pourchaire<\/strong> est le plus jeune de sa cat\u00e9gorie. Le natif de Grasse n&rsquo;a que 18 ans et pourtant, il fait partie des meilleurs de Formule 2. Lui qui se place comme \u00e9tant l&rsquo;un des plus gros espoirs fran\u00e7ais ces derni\u00e8res ann\u00e9es court en F2 depuis la fin d&rsquo;ann\u00e9e 2020. Il est actuellement l&rsquo;un des favoris pour le titre, avec pour le moment, une deuxi\u00e8me place au classement. Sous contrat avec Sauber qui g\u00e8re Alfa Romeo en Formule 1, le pilote fran\u00e7ais a m\u00eame d\u00e9croch\u00e9 un r\u00f4le de r\u00e9serviste pour la cat\u00e9gorie reine depuis la fin de saison derni\u00e8re. On l&rsquo;a d&rsquo;ailleurs vu effectuer des essais libres sur l&rsquo;Alfa Romeo C38 l&rsquo;an dernier, au Grand Prix de Hongrie.<\/p>\n<blockquote class=\"twitter-tweet\">\n<p dir=\"ltr\" lang=\"fr\">OFFICIEL !<\/p>\n<p>Sebastian Vettel quittera la F1 \u00e0 l&rsquo;issue de la saison 2022 !<\/p>\n<p>Qui succ\u00e8dera au Quadruple Champion du Monde ?<\/p>\n<p>Je vous ai parl\u00e9 r\u00e9cemment de Mick Schumacher&#8230; Voyons si cela se confirme ou non.<\/p>\n<p>Triste pour Seb. Quelqu&rsquo;un de vraiment tr\u00e8s bien humainement.<\/p>\n<p>\u2014 Julien FEBREAU (@Julien_FEBREAU) <a href=\"https:\/\/twitter.com\/Julien_FEBREAU\/status\/1552596029274480648?ref_src=twsrc%5Etfw\">July 28, 2022<\/a><\/p><\/blockquote>\n<p><script async src=\"https:\/\/platform.twitter.com\/widgets.js\" charset=\"utf-8\"><\/script><\/p>\n<p style=\"text-align: justify;\">Extr\u00eamement performant depuis son jeune \u00e2ge, il avait cette saison comme objectif de remporter le championnat de Formule 2. S&rsquo;il \u00e9tait bien parti, le retour de <strong>Felipe Drugovich<\/strong> contrarie les plans du Fran\u00e7ais. Cependant, s&rsquo;il parvient \u00e0 renverser la situation et gagner le titre de champion \u00e0 18 ans, le Fran\u00e7ais pourrait alors pr\u00e9tendre \u00e0 une place en Formule 1. M\u00eame s&rsquo;il est sous contrat Sauber, c&rsquo;est Ferrari qui pourrait avoir le dernier mot sur sa situation, car l&rsquo;\u00e9curie motorise Alfa Romeo, mais aussi Haas. Les Transalpins pourraient alors utiliser le d\u00e9part de <strong>Schumacher<\/strong> chez Aston Martin pour placer <strong>Pourchaire<\/strong> chez Haas. Ou alors laisser <strong>Schumacher<\/strong> dans son \u00e9curie am\u00e9ricaine, et placer le jeune Fran\u00e7ais chez Aston Martin.<\/p>\n<p style=\"text-align: justify;\">Au regard des r\u00e9sultats probants pour sa premi\u00e8re saison en tant que rookie, <strong>Fr\u00e9d\u00e9ric Vasseur<\/strong>, patron de l&rsquo;\u00e9curie Alfa Romeo, devrait garder <strong>Zhou<\/strong> en tant que pilote la saison prochaine, aux c\u00f4t\u00e9s de l&rsquo;exp\u00e9riment\u00e9 <strong>Valtteri Bottas<\/strong>. Ce qui laisse moins d&rsquo;opportunit\u00e9s \u00e0 <strong>Pourchaire<\/strong> d&rsquo;int\u00e9grer la Formule 1, et qui devrait pousser les dirigeants \u00e0 le laisser une ann\u00e9e de plus en Formule 2, et lui permettre d&rsquo;engranger de l&rsquo;exp\u00e9rience, pour ne pas sauter le pas trop t\u00f4t.<\/p>\n<h2 style=\"text-align: justify;\">Oscar Piastri, enfin son heure ?<\/h2>\n<p style=\"text-align: justify;\">Pilote r\u00e9serve de l&rsquo;\u00e9curie Alpine cette ann\u00e9e, champion de Formule 2 l&rsquo;an dernier, <strong>Oscar Piastri<\/strong> attend son heure pour int\u00e9grer la Formule 1. Un pilote unique qui fait partie du cercle ferm\u00e9 de ceux ayant gagn\u00e9 la F2 et la F3 cons\u00e9cutivement, comme <strong>Hamilton, H\u00fclkenberg, Leclerc <\/strong>et<strong> Russell.\u00a0<\/strong>Toujours performant dans les cat\u00e9gories jeunes, l&rsquo;Australien a subi la dure loi de la concurrence et des sponsors l&rsquo;an dernier. Avec un gros changement du r\u00e8glement et des monoplaces en 2022, de nombreuses \u00e9curies ont voulu privil\u00e9gier la continuit\u00e9 et l&rsquo;exp\u00e9rience en gardant leurs pilotes, sauf chez Alfa Romeo, qui a r\u00e9cup\u00e9r\u00e9 <strong>Guanyu Zhou.\u00a0<\/strong>Le Chinois devenant le premier pilote de son pays \u00e0 int\u00e9grer la Formule 1, a attir\u00e9 de nombreux sponsors pour son \u00e9curie.<\/p>\n<blockquote class=\"twitter-tweet\">\n<p dir=\"ltr\" lang=\"fr\">&#x1f534; Quadruple champion du monde, Sebastian Vettel quittera la F1 \u00e0 l&rsquo;issue de cette saison ! <a href=\"https:\/\/t.co\/AVneKk7bny\">https:\/\/t.co\/AVneKk7bny<\/a><\/p>\n<p>\u2014 Dicodusport &#x2b50;&#x2b50; (@dicodusport) <a href=\"https:\/\/twitter.com\/dicodusport\/status\/1552607985158995968?ref_src=twsrc%5Etfw\">July 28, 2022<\/a><\/p><\/blockquote>\n<p><script async src=\"https:\/\/platform.twitter.com\/widgets.js\" charset=\"utf-8\"><\/script><\/p>\n<p style=\"text-align: justify;\">Devenant pilote r\u00e9serve pour Alpine, <strong>Piastri<\/strong> esp\u00e8re bien d\u00e9crocher un baquet la saison prochaine. Puisque <strong>Fernando<\/strong> <strong>Alonso<\/strong> devrait rester une saison de plus chez Alpine, pourquoi pas d\u00e9barquer chez Williams pour remplacer <strong>Latifi<\/strong>, ou chez Aston Martin pour r\u00e9cup\u00e9rer la place de <strong>Vettel <\/strong>? Il a le potentiel, et il pourrait \u00eatre amen\u00e9 \u00e0 devenir tr\u00e8s performant aux c\u00f4t\u00e9s de <strong>Stroll<\/strong>. Avec une \u00e9curie en d\u00e9veloppement, dont une nouvelle usine qui devrait voir le jour en fin d&rsquo;ann\u00e9e, Aston Martin pourrait \u00eatre amen\u00e9 \u00e0 faire partie des meilleurs dans les ann\u00e9es \u00e0 venir. <strong>Oscar Piastri<\/strong> pourrait alors \u00eatre l&rsquo;une des t\u00eates d&rsquo;affiche du projet britannique, \u00e0 moins que McLaren ne rafle la mise sur le pilote.<\/p>\n<h2 style=\"text-align: justify;\">Nyck de Vries, le plus improbable<\/h2>\n<p style=\"text-align: justify;\">Le champion de Formule 2 2019 est le plus exp\u00e9riment\u00e9 parmi les pilotes \u00e9voqu\u00e9s. \u00c0 27 ans, le pilote r\u00e9serve de Mercedes n&rsquo;a toujours pas go\u00fbt\u00e9 \u00e0 la Formule 1 en course. Le Batave est pass\u00e9 en Formule E chez l&rsquo;\u00e9curie allemande, tout en disputant les 24 Heures du Mans depuis quatre ans. Sans jamais avoir eu l&rsquo;occasion d&rsquo;entrer dans la cat\u00e9gorie reine pour disputer un Grand Prix, le pilote n\u00e9erlandais, champion de Formule E, pourrait faire partie des hypoth\u00e9tiques pilotes pour remplacer <strong>Vettel<\/strong>.<\/p>\n<blockquote class=\"twitter-tweet\">\n<p dir=\"ltr\" lang=\"ht\">La F1 a Max Verstappen, la FE a Nyck de Vries ! &#x1f1f3;&#x1f1f1; <a href=\"https:\/\/twitter.com\/hashtag\/DiriyahEPrix?src=hash&amp;ref_src=twsrc%5Etfw\">#DiriyahEPrix<\/a><a href=\"https:\/\/t.co\/yW6aDLZ4XA\">https:\/\/t.co\/yW6aDLZ4XA<\/a><\/p>\n<p>\u2014 Dicodusport &#x2b50;&#x2b50; (@dicodusport) <a href=\"https:\/\/twitter.com\/dicodusport\/status\/1487133285755109376?ref_src=twsrc%5Etfw\">January 28, 2022<\/a><\/p><\/blockquote>\n<p><script async src=\"https:\/\/platform.twitter.com\/widgets.js\" charset=\"utf-8\"><\/script><\/p>\n<p style=\"text-align: justify;\">Cependant, pour cela, il faudrait qu&rsquo;Aston Martin rach\u00e8te le contrat de<strong> Nyck de Vries<\/strong> \u00e0 Mercedes. Une chose pas encore ais\u00e9e, puisque l&rsquo;\u00e9curie allemande souhaite utiliser le pilote n\u00e9erlandais dans les nombreuses cat\u00e9gories o\u00f9 elle est engag\u00e9e. Mais avec son \u00e2ge et son exp\u00e9rience, ainsi que sa facilit\u00e9 d&rsquo;adaptation, <strong>de Vries<\/strong> pourrait tr\u00e8s vite \u00eatre performant en Formule 1. Surtout, il pourrait apporter beaucoup de conseils pour tenter d\u2019am\u00e9liorer la voiture.<\/p>\n<h2 style=\"text-align: justify;\">Le pilote surprise ?<\/h2>\n<p style=\"text-align: justify;\">Et si au lieu de r\u00e9cup\u00e9rer des jeunes pilotes, Aston Martin faisait confiance \u00e0 un pilote tr\u00e8s exp\u00e9riment\u00e9, qui a d\u00e9j\u00e0 gagn\u00e9 en Formule 1 ? Malmen\u00e9 depuis son arriv\u00e9e chez McLaren, <strong>Daniel Ricciardo<\/strong> pourrait tr\u00e8s bien se faire remplacer. Le pilote australien, qui a d\u00e9clar\u00e9 il y a quelques semaines qu&rsquo;il <a href=\"https:\/\/dicodusport.fr\/blog\/formule-1-daniel-ricciardo-dement-les-rumeurs-de-depart\/\">souhaitait rester chez McLaren en Formule 1 l&rsquo;an prochain<\/a>, n&rsquo;a pas les r\u00e9sultats attendus par son \u00e9curie. Seulement 12\u00e8me au classement des pilotes, devant <strong>Sebastian Vettel<\/strong> pour quatre petits points, l&rsquo;\u00e9curie britannique souhaiterait concurrencer<strong> Lando Norris<\/strong> avec un pilote capable de faire des meilleurs r\u00e9sultats, dans le but, notamment, de rester la quatri\u00e8me force du plateau face \u00e0 Alpine.<\/p>\n<blockquote class=\"twitter-tweet\">\n<p dir=\"ltr\" lang=\"fr\">&#x1f3c1; Malgr\u00e9 une grosse pression en interne, Daniel Ricciardo persiste et signe : il sera encore en <a href=\"https:\/\/twitter.com\/hashtag\/F1?src=hash&amp;ref_src=twsrc%5Etfw\">#F1<\/a> chez McLaren la saison prochaine &#x1f447; <a href=\"https:\/\/t.co\/5ZE3lRZWrB\">https:\/\/t.co\/5ZE3lRZWrB<\/a><\/p>\n<p>\u2014 Dicodusport &#x2b50;&#x2b50; (@dicodusport) <a href=\"https:\/\/twitter.com\/dicodusport\/status\/1547497978390364160?ref_src=twsrc%5Etfw\">July 14, 2022<\/a><\/p><\/blockquote>\n<p><script async src=\"https:\/\/platform.twitter.com\/widgets.js\" charset=\"utf-8\"><\/script><\/p>\n<p style=\"text-align: justify;\">Avec son exp\u00e9rience, il pourrait d\u00e9velopper la voiture d&rsquo;Aston Martin, aider les ing\u00e9nieurs pour am\u00e9liorer la monoplace avec ses diff\u00e9rentes \u00e9curies qu&rsquo;il a connues, et puis apporter sa science de la victoire. Certes, il n&rsquo;a jamais gagn\u00e9 de championnat du monde comme <strong>Vettel<\/strong>, mais il a d\u00e9j\u00e0 gagn\u00e9 des Grands Prix, et pas plus tard que la saison derri\u00e8re en Italie, o\u00f9 il s&rsquo;est empar\u00e9 de la premi\u00e8re place devant son co\u00e9quipier. Cela serait donc le parfait compromis pour McLaren de trouver un nouveau visage, et pour Aston Martin de continuer \u00e0 \u00e9pauler<strong> Lance Stroll<\/strong>, en difficult\u00e9 cette saison.<\/p>\n","protected":false},"excerpt":{"rendered":"<p>F1 2023\u00a0 &#8211; Une page va se tourner dans l&rsquo;histoire de la Formule 1. Sebastian Vettel a annonc\u00e9 ce jeudi qu&rsquo;il prendrait sa retraite \u00e0 la fin de la saison 2022. Mais alors, qui pourra remplacer le quadruple champion du monde chez Aston Martin l&rsquo;an prochain ?\u00a0<\/p>\n","protected":false},"author":73,"featured_media":247396,"comment_status":"open","ping_status":"closed","sticky":false,"template":"","format":"standard","meta":{"_acf_changed":false,"_daextam_enable_autolinks":"","footnotes":""},"categories":[8653],"tags":[4976,2065,6269,18627,19723,5596,24,11090],"class_list":["post-247255","post","type-post","status-publish","format-standard","has-post-thumbnail","hentry","category-formule-1","tag-daniel-ricciardo","tag-formule-1","tag-mick-schumacher","tag-nyck-de-vries","tag-oscar-piastri","tag-sebastian-vettel","tag-sport","tag-theo-pourchaire"],"acf":[],"yoast_head":"<!-- This site is optimized with the Yoast SEO Premium plugin v26.7 (Yoast SEO v26.7) - https:\/\/yoast.com\/wordpress\/plugins\/seo\/ -->\n<title>F1 2023 : Qui pour remplacer Sebastian Vettel chez Aston Martin ?<\/title>\n<meta name=\"description\" content=\"F1 2023\u00a0 - Sebastian Vettel a annonc\u00e9 ce jeudi qu&#039;il prendrait sa retraite. Quel pilote pour remplacer l&#039;Allemand chez Aston Martin ?\" \/>\n<meta name=\"robots\" content=\"index, follow, max-snippet:-1, max-image-preview:large, max-video-preview:-1\" \/>\n<link rel=\"canonical\" href=\"https:\/\/dicodusport.fr\/blog\/qui-pour-remplacer-sebastian-vettel-chez-aston-martin-lannee-prochaine\/\" \/>\n<meta property=\"og:locale\" content=\"fr_FR\" \/>\n<meta property=\"og:type\" content=\"article\" \/>\n<meta property=\"og:title\" content=\"F1 2023 : Qui pour remplacer Sebastian Vettel chez Aston Martin ?\" \/>\n<meta property=\"og:description\" content=\"F1 2023\u00a0 - Sebastian Vettel a annonc\u00e9 ce jeudi qu&#039;il prendrait sa retraite. Quel pilote pour remplacer l&#039;Allemand chez Aston Martin ?\" \/>\n<meta property=\"og:url\" content=\"https:\/\/dicodusport.fr\/blog\/qui-pour-remplacer-sebastian-vettel-chez-aston-martin-lannee-prochaine\/\" \/>\n<meta property=\"og:site_name\" content=\"Dicodusport\" \/>\n<meta property=\"article:publisher\" content=\"https:\/\/www.facebook.com\/dicodusport\" \/>\n<meta property=\"article:published_time\" content=\"2022-07-29T08:43:59+00:00\" \/>\n<meta property=\"article:modified_time\" content=\"2022-07-29T13:02:41+00:00\" \/>\n<meta property=\"og:image\" content=\"https:\/\/dicodusport.fr\/blog\/wp-content\/uploads\/2022\/07\/F1-2023-Qui-pour-remplacer-Sebastian-Vettel-chez-Aston-Martin-.png\" \/>\n\t<meta property=\"og:image:width\" content=\"800\" \/>\n\t<meta property=\"og:image:height\" content=\"445\" \/>\n\t<meta property=\"og:image:type\" content=\"image\/png\" \/>\n<meta name=\"author\" content=\"Romain Fiore\" \/>\n<meta name=\"twitter:card\" content=\"summary_large_image\" \/>\n<meta name=\"twitter:title\" content=\"F1 2023 : Qui pour remplacer Sebastian Vettel chez Aston Martin ?\" \/>\n<meta name=\"twitter:creator\" content=\"@https:\/\/twitter.com\/romain_fiore\" \/>\n<meta name=\"twitter:site\" content=\"@dicodusport\" \/>\n<script type=\"application\/ld+json\" class=\"yoast-schema-graph\">{\"@context\":\"https:\/\/schema.org\",\"@graph\":[{\"@type\":\"NewsArticle\",\"@id\":\"https:\/\/dicodusport.fr\/blog\/qui-pour-remplacer-sebastian-vettel-chez-aston-martin-lannee-prochaine\/#article\",\"isPartOf\":{\"@id\":\"https:\/\/dicodusport.fr\/blog\/qui-pour-remplacer-sebastian-vettel-chez-aston-martin-lannee-prochaine\/\"},\"author\":{\"name\":\"Romain Fiore\",\"@id\":\"https:\/\/dicodusport.fr\/blog\/#\/schema\/person\/7ca91cb9956847cfcdf25671708a6e4f\"},\"headline\":\"F1 2023 : Qui pour remplacer Sebastian Vettel chez Aston Martin ?\",\"datePublished\":\"2022-07-29T08:43:59+00:00\",\"dateModified\":\"2022-07-29T13:02:41+00:00\",\"mainEntityOfPage\":{\"@id\":\"https:\/\/dicodusport.fr\/blog\/qui-pour-remplacer-sebastian-vettel-chez-aston-martin-lannee-prochaine\/\"},\"wordCount\":1916,\"commentCount\":0,\"publisher\":{\"@id\":\"https:\/\/dicodusport.fr\/blog\/#organization\"},\"image\":{\"@id\":\"https:\/\/dicodusport.fr\/blog\/qui-pour-remplacer-sebastian-vettel-chez-aston-martin-lannee-prochaine\/#primaryimage\"},\"thumbnailUrl\":\"https:\/\/dicodusport.fr\/blog\/wp-content\/uploads\/2022\/07\/F1-2023-Qui-pour-remplacer-Sebastian-Vettel-chez-Aston-Martin-.png\",\"keywords\":[\"Daniel Ricciardo\",\"Formule 1\",\"Mick Schumacher\",\"Nyck De Vries\",\"Oscar Piastri\",\"Sebastian Vettel\",\"sport\",\"Th\u00e9o Pourchaire\"],\"articleSection\":[\"Formule 1\"],\"inLanguage\":\"fr-FR\",\"potentialAction\":[{\"@type\":\"CommentAction\",\"name\":\"Comment\",\"target\":[\"https:\/\/dicodusport.fr\/blog\/qui-pour-remplacer-sebastian-vettel-chez-aston-martin-lannee-prochaine\/#respond\"]}],\"copyrightYear\":\"2022\",\"copyrightHolder\":{\"@id\":\"https:\/\/dicodusport.fr\/blog\/#organization\"}},{\"@type\":\"WebPage\",\"@id\":\"https:\/\/dicodusport.fr\/blog\/qui-pour-remplacer-sebastian-vettel-chez-aston-martin-lannee-prochaine\/\",\"url\":\"https:\/\/dicodusport.fr\/blog\/qui-pour-remplacer-sebastian-vettel-chez-aston-martin-lannee-prochaine\/\",\"name\":\"F1 2023 : Qui pour remplacer Sebastian Vettel chez Aston Martin ?\",\"isPartOf\":{\"@id\":\"https:\/\/dicodusport.fr\/blog\/#website\"},\"primaryImageOfPage\":{\"@id\":\"https:\/\/dicodusport.fr\/blog\/qui-pour-remplacer-sebastian-vettel-chez-aston-martin-lannee-prochaine\/#primaryimage\"},\"image\":{\"@id\":\"https:\/\/dicodusport.fr\/blog\/qui-pour-remplacer-sebastian-vettel-chez-aston-martin-lannee-prochaine\/#primaryimage\"},\"thumbnailUrl\":\"https:\/\/dicodusport.fr\/blog\/wp-content\/uploads\/2022\/07\/F1-2023-Qui-pour-remplacer-Sebastian-Vettel-chez-Aston-Martin-.png\",\"datePublished\":\"2022-07-29T08:43:59+00:00\",\"dateModified\":\"2022-07-29T13:02:41+00:00\",\"description\":\"F1 2023\u00a0 - Sebastian Vettel a annonc\u00e9 ce jeudi qu'il prendrait sa retraite. Quel pilote pour remplacer l'Allemand chez Aston Martin ?\",\"breadcrumb\":{\"@id\":\"https:\/\/dicodusport.fr\/blog\/qui-pour-remplacer-sebastian-vettel-chez-aston-martin-lannee-prochaine\/#breadcrumb\"},\"inLanguage\":\"fr-FR\",\"potentialAction\":[{\"@type\":\"ReadAction\",\"target\":[\"https:\/\/dicodusport.fr\/blog\/qui-pour-remplacer-sebastian-vettel-chez-aston-martin-lannee-prochaine\/\"]}]},{\"@type\":\"ImageObject\",\"inLanguage\":\"fr-FR\",\"@id\":\"https:\/\/dicodusport.fr\/blog\/qui-pour-remplacer-sebastian-vettel-chez-aston-martin-lannee-prochaine\/#primaryimage\",\"url\":\"https:\/\/dicodusport.fr\/blog\/wp-content\/uploads\/2022\/07\/F1-2023-Qui-pour-remplacer-Sebastian-Vettel-chez-Aston-Martin-.png\",\"contentUrl\":\"https:\/\/dicodusport.fr\/blog\/wp-content\/uploads\/2022\/07\/F1-2023-Qui-pour-remplacer-Sebastian-Vettel-chez-Aston-Martin-.png\",\"width\":800,\"height\":445,\"caption\":\"F1 2023 Qui pour remplacer Sebastian Vettel chez Aston Martin\"},{\"@type\":\"BreadcrumbList\",\"@id\":\"https:\/\/dicodusport.fr\/blog\/qui-pour-remplacer-sebastian-vettel-chez-aston-martin-lannee-prochaine\/#breadcrumb\",\"itemListElement\":[{\"@type\":\"ListItem\",\"position\":1,\"name\":\"Accueil\",\"item\":\"https:\/\/dicodusport.fr\/blog\/\"},{\"@type\":\"ListItem\",\"position\":2,\"name\":\"F1 2023 : Qui pour remplacer Sebastian Vettel chez Aston Martin ?\"}]},{\"@type\":\"WebSite\",\"@id\":\"https:\/\/dicodusport.fr\/blog\/#website\",\"url\":\"https:\/\/dicodusport.fr\/blog\/\",\"name\":\"Dicodusport\",\"description\":\"L&#039;encyclop\u00e9die de l&#039;actualit\u00e9 sportive\",\"publisher\":{\"@id\":\"https:\/\/dicodusport.fr\/blog\/#organization\"},\"potentialAction\":[{\"@type\":\"SearchAction\",\"target\":{\"@type\":\"EntryPoint\",\"urlTemplate\":\"https:\/\/dicodusport.fr\/blog\/?s={search_term_string}\"},\"query-input\":{\"@type\":\"PropertyValueSpecification\",\"valueRequired\":true,\"valueName\":\"search_term_string\"}}],\"inLanguage\":\"fr-FR\"},{\"@type\":\"NewsMediaOrganization\",\"@id\":\"https:\/\/dicodusport.fr\/blog\/#organization\",\"name\":\"Dicodusport\",\"url\":\"https:\/\/dicodusport.fr\/blog\/\",\"logo\":{\"@type\":\"ImageObject\",\"inLanguage\":\"fr-FR\",\"@id\":\"https:\/\/dicodusport.fr\/blog\/#\/schema\/logo\/image\/\",\"url\":\"https:\/\/dicodusport.fr\/blog\/wp-content\/uploads\/2020\/06\/cropped-LOGO-DICODUSPORT-2020-SANS-FOND-SANS-TEXTE.png\",\"contentUrl\":\"https:\/\/dicodusport.fr\/blog\/wp-content\/uploads\/2020\/06\/cropped-LOGO-DICODUSPORT-2020-SANS-FOND-SANS-TEXTE.png\",\"width\":512,\"height\":512,\"caption\":\"Dicodusport\"},\"image\":{\"@id\":\"https:\/\/dicodusport.fr\/blog\/#\/schema\/logo\/image\/\"},\"sameAs\":[\"https:\/\/www.facebook.com\/dicodusport\",\"https:\/\/x.com\/dicodusport\",\"https:\/\/www.instagram.com\/dicodusport\/\",\"https:\/\/www.youtube.com\/channel\/UC7V2KZ5sd3htJivAbA4ZG3w\"],\"description\":\"Dicodusport est l'encyclop\u00e9die de l'actualit\u00e9 sportive.\",\"email\":\"bonjour@dicodusport.fr\",\"legalName\":\"DICODUSPORT\",\"foundingDate\":\"2018-01-14\",\"vatID\":\"FR71834470973\",\"taxID\":\"83447097300043\",\"numberOfEmployees\":{\"@type\":\"QuantitativeValue\",\"minValue\":\"1\",\"maxValue\":\"10\"}},{\"@type\":\"Person\",\"@id\":\"https:\/\/dicodusport.fr\/blog\/#\/schema\/person\/7ca91cb9956847cfcdf25671708a6e4f\",\"name\":\"Romain Fiore\",\"image\":{\"@type\":\"ImageObject\",\"inLanguage\":\"fr-FR\",\"@id\":\"https:\/\/dicodusport.fr\/blog\/#\/schema\/person\/image\/\",\"url\":\"https:\/\/dicodusport.fr\/blog\/wp-content\/uploads\/2022\/06\/IMG_2931-150x150.jpg\",\"contentUrl\":\"https:\/\/dicodusport.fr\/blog\/wp-content\/uploads\/2022\/06\/IMG_2931-150x150.jpg\",\"caption\":\"Romain Fiore\"},\"description\":\"Fan absolu de foot et d'un certain club \u00e0 l'\u00e9toile en bleu et blanc. Amateur de beau jeu et d'Argentins au pied gauche magique. Passionn\u00e9 de sport US (NBA, NFL, MLS) et loyal \u00e0 la Damian Lillard. Je suis l\u00e0 pour vous apporter tout ce que le sport peut nous donner.\",\"sameAs\":[\"https:\/\/www.linkedin.com\/in\/romain-fiore-191a451b6\/\",\"https:\/\/x.com\/https:\/\/twitter.com\/romain_fiore\"],\"url\":\"https:\/\/dicodusport.fr\/blog\/author\/romain-fiore\/\"}]}<\/script>\n<!-- \/ Yoast SEO Premium plugin. -->","yoast_head_json":{"title":"F1 2023 : Qui pour remplacer Sebastian Vettel chez Aston Martin ?","description":"F1 2023\u00a0 - Sebastian Vettel a annonc\u00e9 ce jeudi qu'il prendrait sa retraite. Quel pilote pour remplacer l'Allemand chez Aston Martin ?","robots":{"index":"index","follow":"follow","max-snippet":"max-snippet:-1","max-image-preview":"max-image-preview:large","max-video-preview":"max-video-preview:-1"},"canonical":"https:\/\/dicodusport.fr\/blog\/qui-pour-remplacer-sebastian-vettel-chez-aston-martin-lannee-prochaine\/","og_locale":"fr_FR","og_type":"article","og_title":"F1 2023 : Qui pour remplacer Sebastian Vettel chez Aston Martin ?","og_description":"F1 2023\u00a0 - Sebastian Vettel a annonc\u00e9 ce jeudi qu'il prendrait sa retraite. Quel pilote pour remplacer l'Allemand chez Aston Martin ?","og_url":"https:\/\/dicodusport.fr\/blog\/qui-pour-remplacer-sebastian-vettel-chez-aston-martin-lannee-prochaine\/","og_site_name":"Dicodusport","article_publisher":"https:\/\/www.facebook.com\/dicodusport","article_published_time":"2022-07-29T08:43:59+00:00","article_modified_time":"2022-07-29T13:02:41+00:00","og_image":[{"width":800,"height":445,"url":"https:\/\/dicodusport.fr\/blog\/wp-content\/uploads\/2022\/07\/F1-2023-Qui-pour-remplacer-Sebastian-Vettel-chez-Aston-Martin-.png","type":"image\/png"}],"author":"Romain Fiore","twitter_card":"summary_large_image","twitter_title":"F1 2023 : Qui pour remplacer Sebastian Vettel chez Aston Martin ?","twitter_creator":"@https:\/\/twitter.com\/romain_fiore","twitter_site":"@dicodusport","schema":{"@context":"https:\/\/schema.org","@graph":[{"@type":"NewsArticle","@id":"https:\/\/dicodusport.fr\/blog\/qui-pour-remplacer-sebastian-vettel-chez-aston-martin-lannee-prochaine\/#article","isPartOf":{"@id":"https:\/\/dicodusport.fr\/blog\/qui-pour-remplacer-sebastian-vettel-chez-aston-martin-lannee-prochaine\/"},"author":{"name":"Romain Fiore","@id":"https:\/\/dicodusport.fr\/blog\/#\/schema\/person\/7ca91cb9956847cfcdf25671708a6e4f"},"headline":"F1 2023 : Qui pour remplacer Sebastian Vettel chez Aston Martin ?","datePublished":"2022-07-29T08:43:59+00:00","dateModified":"2022-07-29T13:02:41+00:00","mainEntityOfPage":{"@id":"https:\/\/dicodusport.fr\/blog\/qui-pour-remplacer-sebastian-vettel-chez-aston-martin-lannee-prochaine\/"},"wordCount":1916,"commentCount":0,"publisher":{"@id":"https:\/\/dicodusport.fr\/blog\/#organization"},"image":{"@id":"https:\/\/dicodusport.fr\/blog\/qui-pour-remplacer-sebastian-vettel-chez-aston-martin-lannee-prochaine\/#primaryimage"},"thumbnailUrl":"https:\/\/dicodusport.fr\/blog\/wp-content\/uploads\/2022\/07\/F1-2023-Qui-pour-remplacer-Sebastian-Vettel-chez-Aston-Martin-.png","keywords":["Daniel Ricciardo","Formule 1","Mick Schumacher","Nyck De Vries","Oscar Piastri","Sebastian Vettel","sport","Th\u00e9o Pourchaire"],"articleSection":["Formule 1"],"inLanguage":"fr-FR","potentialAction":[{"@type":"CommentAction","name":"Comment","target":["https:\/\/dicodusport.fr\/blog\/qui-pour-remplacer-sebastian-vettel-chez-aston-martin-lannee-prochaine\/#respond"]}],"copyrightYear":"2022","copyrightHolder":{"@id":"https:\/\/dicodusport.fr\/blog\/#organization"}},{"@type":"WebPage","@id":"https:\/\/dicodusport.fr\/blog\/qui-pour-remplacer-sebastian-vettel-chez-aston-martin-lannee-prochaine\/","url":"https:\/\/dicodusport.fr\/blog\/qui-pour-remplacer-sebastian-vettel-chez-aston-martin-lannee-prochaine\/","name":"F1 2023 : Qui pour remplacer Sebastian Vettel chez Aston Martin ?","isPartOf":{"@id":"https:\/\/dicodusport.fr\/blog\/#website"},"primaryImageOfPage":{"@id":"https:\/\/dicodusport.fr\/blog\/qui-pour-remplacer-sebastian-vettel-chez-aston-martin-lannee-prochaine\/#primaryimage"},"image":{"@id":"https:\/\/dicodusport.fr\/blog\/qui-pour-remplacer-sebastian-vettel-chez-aston-martin-lannee-prochaine\/#primaryimage"},"thumbnailUrl":"https:\/\/dicodusport.fr\/blog\/wp-content\/uploads\/2022\/07\/F1-2023-Qui-pour-remplacer-Sebastian-Vettel-chez-Aston-Martin-.png","datePublished":"2022-07-29T08:43:59+00:00","dateModified":"2022-07-29T13:02:41+00:00","description":"F1 2023\u00a0 - Sebastian Vettel a annonc\u00e9 ce jeudi qu'il prendrait sa retraite. Quel pilote pour remplacer l'Allemand chez Aston Martin ?","breadcrumb":{"@id":"https:\/\/dicodusport.fr\/blog\/qui-pour-remplacer-sebastian-vettel-chez-aston-martin-lannee-prochaine\/#breadcrumb"},"inLanguage":"fr-FR","potentialAction":[{"@type":"ReadAction","target":["https:\/\/dicodusport.fr\/blog\/qui-pour-remplacer-sebastian-vettel-chez-aston-martin-lannee-prochaine\/"]}]},{"@type":"ImageObject","inLanguage":"fr-FR","@id":"https:\/\/dicodusport.fr\/blog\/qui-pour-remplacer-sebastian-vettel-chez-aston-martin-lannee-prochaine\/#primaryimage","url":"https:\/\/dicodusport.fr\/blog\/wp-content\/uploads\/2022\/07\/F1-2023-Qui-pour-remplacer-Sebastian-Vettel-chez-Aston-Martin-.png","contentUrl":"https:\/\/dicodusport.fr\/blog\/wp-content\/uploads\/2022\/07\/F1-2023-Qui-pour-remplacer-Sebastian-Vettel-chez-Aston-Martin-.png","width":800,"height":445,"caption":"F1 2023 Qui pour remplacer Sebastian Vettel chez Aston Martin"},{"@type":"BreadcrumbList","@id":"https:\/\/dicodusport.fr\/blog\/qui-pour-remplacer-sebastian-vettel-chez-aston-martin-lannee-prochaine\/#breadcrumb","itemListElement":[{"@type":"ListItem","position":1,"name":"Accueil","item":"https:\/\/dicodusport.fr\/blog\/"},{"@type":"ListItem","position":2,"name":"F1 2023 : Qui pour remplacer Sebastian Vettel chez Aston Martin ?"}]},{"@type":"WebSite","@id":"https:\/\/dicodusport.fr\/blog\/#website","url":"https:\/\/dicodusport.fr\/blog\/","name":"Dicodusport","description":"L&#039;encyclop\u00e9die de l&#039;actualit\u00e9 sportive","publisher":{"@id":"https:\/\/dicodusport.fr\/blog\/#organization"},"potentialAction":[{"@type":"SearchAction","target":{"@type":"EntryPoint","urlTemplate":"https:\/\/dicodusport.fr\/blog\/?s={search_term_string}"},"query-input":{"@type":"PropertyValueSpecification","valueRequired":true,"valueName":"search_term_string"}}],"inLanguage":"fr-FR"},{"@type":"NewsMediaOrganization","@id":"https:\/\/dicodusport.fr\/blog\/#organization","name":"Dicodusport","url":"https:\/\/dicodusport.fr\/blog\/","logo":{"@type":"ImageObject","inLanguage":"fr-FR","@id":"https:\/\/dicodusport.fr\/blog\/#\/schema\/logo\/image\/","url":"https:\/\/dicodusport.fr\/blog\/wp-content\/uploads\/2020\/06\/cropped-LOGO-DICODUSPORT-2020-SANS-FOND-SANS-TEXTE.png","contentUrl":"https:\/\/dicodusport.fr\/blog\/wp-content\/uploads\/2020\/06\/cropped-LOGO-DICODUSPORT-2020-SANS-FOND-SANS-TEXTE.png","width":512,"height":512,"caption":"Dicodusport"},"image":{"@id":"https:\/\/dicodusport.fr\/blog\/#\/schema\/logo\/image\/"},"sameAs":["https:\/\/www.facebook.com\/dicodusport","https:\/\/x.com\/dicodusport","https:\/\/www.instagram.com\/dicodusport\/","https:\/\/www.youtube.com\/channel\/UC7V2KZ5sd3htJivAbA4ZG3w"],"description":"Dicodusport est l'encyclop\u00e9die de l'actualit\u00e9 sportive.","email":"bonjour@dicodusport.fr","legalName":"DICODUSPORT","foundingDate":"2018-01-14","vatID":"FR71834470973","taxID":"83447097300043","numberOfEmployees":{"@type":"QuantitativeValue","minValue":"1","maxValue":"10"}},{"@type":"Person","@id":"https:\/\/dicodusport.fr\/blog\/#\/schema\/person\/7ca91cb9956847cfcdf25671708a6e4f","name":"Romain Fiore","image":{"@type":"ImageObject","inLanguage":"fr-FR","@id":"https:\/\/dicodusport.fr\/blog\/#\/schema\/person\/image\/","url":"https:\/\/dicodusport.fr\/blog\/wp-content\/uploads\/2022\/06\/IMG_2931-150x150.jpg","contentUrl":"https:\/\/dicodusport.fr\/blog\/wp-content\/uploads\/2022\/06\/IMG_2931-150x150.jpg","caption":"Romain Fiore"},"description":"Fan absolu de foot et d'un certain club \u00e0 l'\u00e9toile en bleu et blanc. Amateur de beau jeu et d'Argentins au pied gauche magique. Passionn\u00e9 de sport US (NBA, NFL, MLS) et loyal \u00e0 la Damian Lillard. Je suis l\u00e0 pour vous apporter tout ce que le sport peut nous donner.","sameAs":["https:\/\/www.linkedin.com\/in\/romain-fiore-191a451b6\/","https:\/\/x.com\/https:\/\/twitter.com\/romain_fiore"],"url":"https:\/\/dicodusport.fr\/blog\/author\/romain-fiore\/"}]}},"_links":{"self":[{"href":"https:\/\/dicodusport.fr\/blog\/wp-json\/wp\/v2\/posts\/247255","targetHints":{"allow":["GET"]}}],"collection":[{"href":"https:\/\/dicodusport.fr\/blog\/wp-json\/wp\/v2\/posts"}],"about":[{"href":"https:\/\/dicodusport.fr\/blog\/wp-json\/wp\/v2\/types\/post"}],"author":[{"embeddable":true,"href":"https:\/\/dicodusport.fr\/blog\/wp-json\/wp\/v2\/users\/73"}],"replies":[{"embeddable":true,"href":"https:\/\/dicodusport.fr\/blog\/wp-json\/wp\/v2\/comments?post=247255"}],"version-history":[{"count":0,"href":"https:\/\/dicodusport.fr\/blog\/wp-json\/wp\/v2\/posts\/247255\/revisions"}],"wp:featuredmedia":[{"embeddable":true,"href":"https:\/\/dicodusport.fr\/blog\/wp-json\/wp\/v2\/media\/247396"}],"wp:attachment":[{"href":"https:\/\/dicodusport.fr\/blog\/wp-json\/wp\/v2\/media?parent=247255"}],"wp:term":[{"taxonomy":"category","embeddable":true,"href":"https:\/\/dicodusport.fr\/blog\/wp-json\/wp\/v2\/categories?post=247255"},{"taxonomy":"post_tag","embeddable":true,"href":"https:\/\/dicodusport.fr\/blog\/wp-json\/wp\/v2\/tags?post=247255"}],"curies":[{"name":"wp","href":"https:\/\/api.w.org\/{rel}","templated":true}]}}